{"id":79366,"date":"2024-03-13T16:45:40","date_gmt":"2024-03-13T15:45:40","guid":{"rendered":"https:\/\/aktuelles.uni-frankfurt.de\/?p=79366"},"modified":"2024-03-13T17:47:57","modified_gmt":"2024-03-13T16:47:57","slug":"inklusives-konzept-schuelerlabor-farben-der-goethe-universitaet-ausgezeichnet","status":"publish","type":"post","link":"https:\/\/aktuelles.uni-frankfurt.de\/en\/forschung\/inklusives-konzept-schuelerlabor-farben-der-goethe-universitaet-ausgezeichnet\/","title":{"rendered":"Inklusives Konzept: Sch\u00fclerlabor \u201eFarben\u201c der Goethe-Universit\u00e4t ausgezeichnet"},"content":{"rendered":"<p><strong>F\u00fcr die Entwicklung und Umsetzung des Konzepts eines Sch\u00fclerlabors zum Thema \u201eFarben\u201c, das in besonders gelungener Weise Sch\u00fcler*innen mit sonderp\u00e4dagogischem F\u00f6rderbedarf einbezieht, ist jetzt ein Team der Goethe-Universit\u00e4t ausgezeichnet worden. Der Verband \u201eLernortLabor \u2013 Bundesverband der Sch\u00fclerlabore e.V.\u201c (kurz: Lela) zeichnete das Frankfurter \u201eInklusive Sch\u00fclerlabor Farben\u201c mit einem zweiten Platz in der Kategorie \u201ePreis der Vielfalt\u201c aus. Der Preis ist mit 3.000 Euro dotiert und wurde auf der Lela-Jahrestagung in Heilbronn \u00fcberreicht, die gestern zu Ende ging.<\/strong><\/p>\n\n\n\n<figure class=\"wp-block-image aligncenter size-full\"><img fetchpriority=\"high\" decoding=\"async\" width=\"650\" height=\"450\" src=\"https:\/\/aktuelles.uni-frankfurt.de\/wp-content\/uploads\/2024\/03\/beitragsbild_Schuelerlabor_Farben_c_LeaMeikeBurkhardt.jpg\" alt=\"\" class=\"wp-image-79375\" srcset=\"https:\/\/aktuelles.uni-frankfurt.de\/wp-content\/uploads\/2024\/03\/beitragsbild_Schuelerlabor_Farben_c_LeaMeikeBurkhardt.jpg 650w, https:\/\/aktuelles.uni-frankfurt.de\/wp-content\/uploads\/2024\/03\/beitragsbild_Schuelerlabor_Farben_c_LeaMeikeBurkhardt-300x208.jpg 300w, https:\/\/aktuelles.uni-frankfurt.de\/wp-content\/uploads\/2024\/03\/beitragsbild_Schuelerlabor_Farben_c_LeaMeikeBurkhardt-500x346.jpg 500w, https:\/\/aktuelles.uni-frankfurt.de\/wp-content\/uploads\/2024\/03\/beitragsbild_Schuelerlabor_Farben_c_LeaMeikeBurkhardt-18x12.jpg 18w\" sizes=\"(max-width: 650px) 100vw, 650px\" \/><figcaption class=\"wp-element-caption\">Spa\u00df am bunten Lernen: Inklusives Sch\u00fclerlabor zum Thema \u201eFarben\u201c der Goethe-Universit\u00e4t erh\u00e4lt Preis vom Bundesverband LernortLabor. Foto: Lea Meike Burkhardt <\/figcaption><\/figure>\n\n\n\n<div style=\"height:20px\" aria-hidden=\"true\" class=\"wp-block-spacer\"><\/div>\n\n\n\n<p>Einen Vormittag lang k\u00f6nnen sich Sch\u00fcler*innen der f\u00fcnften und sechsten Klassen aller Schulformen im Sch\u00fclerlabor der Goethe-Universit\u00e4t dem Thema Farben aus der Perspektive der Biowissenschaften, der Chemie und der Physik widmen. Je eine Vierergruppe erh\u00e4lt eine \u201eForscherbox\u201c mit vier Experimenten, sodass jede Sch\u00fclerin und jeder Sch\u00fcler ein Experiment eigenst\u00e4ndig bearbeiten, sich aber gleichzeitig in der Gruppe austauschen kann. Danach erhalten die Gruppen eine gemeinsame Aufgabe und dokumentieren ihre Ergebnisse in einem Gruppenplakat. Ein angeleitetes Plenum schlie\u00dft den Vormittag ab.<\/p>\n\n\n\n<p>Das Besondere: Je nach Lernvoraussetzungen erhalten die Sch\u00fclerinnen und Sch\u00fcler eine Experimentieranleitung in einfachen S\u00e4tzen, ein Anleitungsvideo, Hilfekarten oder auch anspruchsvollere Zusatzaufgaben.<\/p>\n\n\n\n<p>Entwickelt und evaluiert wurde das Sch\u00fclerlabor \u201eFarben\u201c von einem Projektteam der Goethe-Universit\u00e4t, zu dem der Biowissenschaftsdidaktiker Prof. Volker Wenzel, der Chemiedidaktiker Prof. Arnim L\u00fchken, der Physikdidaktiker Prof. Thomas Wilhelm und Prof. Dieter Katzenbach, Sonderp\u00e4dagogik, z\u00e4hlten sowie insbesondere Lea Meike Burkhardt, Giulia Pantiri und Fatime Beka, die zudem das Sch\u00fclerlabor betreuen.<\/p>\n\n\n\n<p>Prof. Thomas Wilhelm freut sich sehr \u00fcber den Preis: \u201eDie Auszeichnung hilft uns, unser Konzept breiter bekannt zu machen.\u201c Berichte von Lehrkr\u00e4ften h\u00e4tten deutlich gemacht, dass sich in inklusiven Klassen die leistungsschw\u00e4cheren Sch\u00fcler*innen wenig beteiligten, da die leistungsst\u00e4rkeren Sch\u00fcler*innen oft schneller seien. \u201eWeil jeder Sch\u00fclerin und jeder Sch\u00fcler im Sch\u00fclerlabor \u201aFarben\u2018 ein eigenes Experiment macht, ist er daf\u00fcr Expertin oder Experte. Dies f\u00fchrt, so konnten wir beobachten, zu einer guten Selbstwirksamkeitserfahrung. Gleichzeitig unterst\u00fctzen wir in der Gruppenphase die Arbeit im Team.\u201c Auch die Vernetzung der drei Naturwissenschaften w\u00fcrde seitens der Lehrkr\u00e4fte gesch\u00e4tzt, so Wilhelm. \u201eUnser Konzept l\u00e4sst sich nicht nur \u00fcberall in Deutschland durchf\u00fchren, da wir alle Lernmaterialien ver\u00f6ffentlichen\u201c, ist Wilhelm \u00fcberzeugt. \u201eUnser didaktisch-methodisches Konzept ist empirisch gut abgesichert und l\u00e4sst sich daher gut auf andere Inhalte oder auf andere Jahrgangsstufen \u00fcbertragen.\u201c Derzeit arbeitete das Team zum Beispiel am Themenbereich \u201eHaften und Kleben\u201c, so der Physikdidaktiker, das Thema \u201eFarben\u201c wurde zudem bereits bei Grundschulklassen und reine F\u00f6rderschulklassen eingesetzt und wird aktuell im regul\u00e4ren Schulunterricht getestet.<\/p>\n\n\n\n<div style=\"height:20px\" aria-hidden=\"true\" class=\"wp-block-spacer\"><\/div>\n\n\n\n<div class=\"wp-block-columns is-layout-flex wp-container-core-columns-is-layout-28f84493 wp-block-columns-is-layout-flex\">\n<div class=\"wp-block-column is-layout-flow wp-block-column-is-layout-flow\" style=\"flex-basis:100%\">\n<p class=\"has-background\" style=\"background-color:#eeeeee\"><strong>Weitere Informationen:<\/strong><br><a href=\"http:\/\/www.thomas-wilhelm.net\/Schuelerlabor_inklusiv.htm\" target=\"_blank\" rel=\"noreferrer noopener\">Das Sch\u00fclerlabor Farben der Goethe-Universit\u00e4t<\/a><br><a href=\"https:\/\/youtu.be\/qTEI4QIkaHs?si=ONN8nITT-W9tsCew\" target=\"_blank\" rel=\"noreferrer noopener\">Video zum Sch\u00fclerlabor Farben<\/a><br><a href=\"https:\/\/www.lernortlabor.de\/LernortLabor\/LeLa-Preis\" target=\"_blank\" rel=\"noreferrer noopener\">Lela-Preis<\/a><\/p>\n<\/div>\n<\/div>","protected":false},"excerpt":{"rendered":"<p>F\u00fcr die Entwicklung und Umsetzung des Konzepts eines Sch\u00fclerlabors zum Thema \u201eFarben\u201c, das in besonders gelungener Weise Sch\u00fcler*innen mit sonderp\u00e4dagogischem F\u00f6rderbedarf einbezieht, ist jetzt ein Team der Goethe-Universit\u00e4t ausgezeichnet worden. [&hellip;]<\/p>\n","protected":false},"author":23,"featured_media":79375,"comment_status":"closed","ping_status":"closed","sticky":false,"template":"","format":"standard","meta":{"_eb_attr":"","_price":"","_stock":"","_tribe_ticket_header":"","_tribe_default_ticket_provider":"","_ticket_start_date":"","_ticket_end_date":"","_tribe_ticket_show_description":"","_tribe_ticket_show_not_going":false,"_tribe_ticket_use_global_stock":"","_tribe_ticket_global_stock_level":"","_global_stock_mode":"","_global_stock_cap":"","_tribe_rsvp_for_event":"","_tribe_ticket_going_count":"","_tribe_ticket_not_going_count":"","_tribe_tickets_list":"[]","_tribe_ticket_has_attendee_info_fields":false,"footnotes":""},"categories":[3,91],"tags":[141,99,330],"post_folder":[],"class_list":["post-79366","post","type-post","status-publish","format-standard","has-post-thumbnail","hentry","category-forschung","category-zticky","tag-inklusion","tag-schueler","tag-schuelerlabor"],"yoast_head":"<!-- This site is optimized with the Yoast SEO plugin v27.5 - https:\/\/yoast.com\/product\/yoast-seo-wordpress\/ -->\n<title>Inklusives Konzept: Sch\u00fclerlabor \u201eFarben\u201c der Goethe-Universit\u00e4t ausgezeichnet | Aktuelles aus der Goethe-Universit\u00e4t Frankfurt<\/title>\n<meta name=\"robots\" content=\"index, follow, max-snippet:-1, max-image-preview:large, max-video-preview:-1\" \/>\n<link rel=\"canonical\" href=\"https:\/\/aktuelles.uni-frankfurt.de\/en\/forschung\/inklusives-konzept-schuelerlabor-farben-der-goethe-universitaet-ausgezeichnet\/\" \/>\n<meta property=\"og:locale\" content=\"en_GB\" \/>\n<meta property=\"og:type\" content=\"article\" \/>\n<meta property=\"og:title\" content=\"Inklusives Konzept: Sch\u00fclerlabor \u201eFarben\u201c der Goethe-Universit\u00e4t ausgezeichnet | Aktuelles aus der Goethe-Universit\u00e4t Frankfurt\" \/>\n<meta property=\"og:description\" content=\"F\u00fcr die Entwicklung und Umsetzung des Konzepts eines Sch\u00fclerlabors zum Thema \u201eFarben\u201c, das in besonders gelungener Weise Sch\u00fcler*innen mit sonderp\u00e4dagogischem F\u00f6rderbedarf einbezieht, ist jetzt ein Team der Goethe-Universit\u00e4t ausgezeichnet worden. [&hellip;]\" \/>\n<meta property=\"og:url\" content=\"https:\/\/aktuelles.uni-frankfurt.de\/en\/forschung\/inklusives-konzept-schuelerlabor-farben-der-goethe-universitaet-ausgezeichnet\/\" \/>\n<meta property=\"og:site_name\" content=\"Aktuelles aus der Goethe-Universit\u00e4t Frankfurt\" \/>\n<meta property=\"article:published_time\" content=\"2024-03-13T15:45:40+00:00\" \/>\n<meta property=\"article:modified_time\" content=\"2024-03-13T16:47:57+00:00\" \/>\n<meta property=\"og:image\" content=\"https:\/\/aktuelles.uni-frankfurt.de\/wp-content\/uploads\/2024\/03\/beitragsbild_Schuelerlabor_Farben_c_LeaMeikeBurkhardt.jpg\" \/>\n\t<meta property=\"og:image:width\" content=\"650\" \/>\n\t<meta property=\"og:image:height\" content=\"450\" \/>\n\t<meta property=\"og:image:type\" content=\"image\/jpeg\" \/>\n<meta name=\"author\" content=\"Dr. Markus Bernards\" \/>\n<meta name=\"twitter:card\" content=\"summary_large_image\" \/>\n<meta name=\"twitter:label1\" content=\"Written by\" \/>\n\t<meta name=\"twitter:data1\" content=\"Dr. Markus Bernards\" \/>\n\t<meta name=\"twitter:label2\" content=\"Estimated reading time\" \/>\n\t<meta name=\"twitter:data2\" content=\"2 minutes\" \/>\n<script type=\"application\/ld+json\" class=\"yoast-schema-graph\">{\"@context\":\"https:\\\/\\\/schema.org\",\"@graph\":[{\"@type\":\"Article\",\"@id\":\"https:\\\/\\\/aktuelles.uni-frankfurt.de\\\/forschung\\\/inklusives-konzept-schuelerlabor-farben-der-goethe-universitaet-ausgezeichnet\\\/#article\",\"isPartOf\":{\"@id\":\"https:\\\/\\\/aktuelles.uni-frankfurt.de\\\/forschung\\\/inklusives-konzept-schuelerlabor-farben-der-goethe-universitaet-ausgezeichnet\\\/\"},\"author\":{\"name\":\"Dr. Markus Bernards\",\"@id\":\"https:\\\/\\\/aktuelles.uni-frankfurt.de\\\/#\\\/schema\\\/person\\\/47afd8b2c02023a0f1eee09d035f73e8\"},\"headline\":\"Inklusives Konzept: Sch\u00fclerlabor \u201eFarben\u201c der Goethe-Universit\u00e4t ausgezeichnet\",\"datePublished\":\"2024-03-13T15:45:40+00:00\",\"dateModified\":\"2024-03-13T16:47:57+00:00\",\"mainEntityOfPage\":{\"@id\":\"https:\\\/\\\/aktuelles.uni-frankfurt.de\\\/forschung\\\/inklusives-konzept-schuelerlabor-farben-der-goethe-universitaet-ausgezeichnet\\\/\"},\"wordCount\":491,\"publisher\":{\"@id\":\"https:\\\/\\\/aktuelles.uni-frankfurt.de\\\/#organization\"},\"image\":{\"@id\":\"https:\\\/\\\/aktuelles.uni-frankfurt.de\\\/forschung\\\/inklusives-konzept-schuelerlabor-farben-der-goethe-universitaet-ausgezeichnet\\\/#primaryimage\"},\"thumbnailUrl\":\"https:\\\/\\\/aktuelles.uni-frankfurt.de\\\/wp-content\\\/uploads\\\/2024\\\/03\\\/beitragsbild_Schuelerlabor_Farben_c_LeaMeikeBurkhardt.jpg\",\"keywords\":[\"Inklusion\",\"Sch\u00fcler\",\"Sch\u00fclerlabor\"],\"articleSection\":[\"Forschung\",\"Zticky\"],\"inLanguage\":\"en-GB\"},{\"@type\":\"WebPage\",\"@id\":\"https:\\\/\\\/aktuelles.uni-frankfurt.de\\\/forschung\\\/inklusives-konzept-schuelerlabor-farben-der-goethe-universitaet-ausgezeichnet\\\/\",\"url\":\"https:\\\/\\\/aktuelles.uni-frankfurt.de\\\/forschung\\\/inklusives-konzept-schuelerlabor-farben-der-goethe-universitaet-ausgezeichnet\\\/\",\"name\":\"Inklusives Konzept: Sch\u00fclerlabor \u201eFarben\u201c der Goethe-Universit\u00e4t ausgezeichnet | Aktuelles aus der Goethe-Universit\u00e4t Frankfurt\",\"isPartOf\":{\"@id\":\"https:\\\/\\\/aktuelles.uni-frankfurt.de\\\/#website\"},\"primaryImageOfPage\":{\"@id\":\"https:\\\/\\\/aktuelles.uni-frankfurt.de\\\/forschung\\\/inklusives-konzept-schuelerlabor-farben-der-goethe-universitaet-ausgezeichnet\\\/#primaryimage\"},\"image\":{\"@id\":\"https:\\\/\\\/aktuelles.uni-frankfurt.de\\\/forschung\\\/inklusives-konzept-schuelerlabor-farben-der-goethe-universitaet-ausgezeichnet\\\/#primaryimage\"},\"thumbnailUrl\":\"https:\\\/\\\/aktuelles.uni-frankfurt.de\\\/wp-content\\\/uploads\\\/2024\\\/03\\\/beitragsbild_Schuelerlabor_Farben_c_LeaMeikeBurkhardt.jpg\",\"datePublished\":\"2024-03-13T15:45:40+00:00\",\"dateModified\":\"2024-03-13T16:47:57+00:00\",\"breadcrumb\":{\"@id\":\"https:\\\/\\\/aktuelles.uni-frankfurt.de\\\/forschung\\\/inklusives-konzept-schuelerlabor-farben-der-goethe-universitaet-ausgezeichnet\\\/#breadcrumb\"},\"inLanguage\":\"en-GB\",\"potentialAction\":[{\"@type\":\"ReadAction\",\"target\":[\"https:\\\/\\\/aktuelles.uni-frankfurt.de\\\/forschung\\\/inklusives-konzept-schuelerlabor-farben-der-goethe-universitaet-ausgezeichnet\\\/\"]}]},{\"@type\":\"ImageObject\",\"inLanguage\":\"en-GB\",\"@id\":\"https:\\\/\\\/aktuelles.uni-frankfurt.de\\\/forschung\\\/inklusives-konzept-schuelerlabor-farben-der-goethe-universitaet-ausgezeichnet\\\/#primaryimage\",\"url\":\"https:\\\/\\\/aktuelles.uni-frankfurt.de\\\/wp-content\\\/uploads\\\/2024\\\/03\\\/beitragsbild_Schuelerlabor_Farben_c_LeaMeikeBurkhardt.jpg\",\"contentUrl\":\"https:\\\/\\\/aktuelles.uni-frankfurt.de\\\/wp-content\\\/uploads\\\/2024\\\/03\\\/beitragsbild_Schuelerlabor_Farben_c_LeaMeikeBurkhardt.jpg\",\"width\":650,\"height\":450,\"caption\":\"Spa\u00df am bunten Lernen: Inklusives Sch\u00fclerlabor zum Thema \u201eFarben\u201c der Goethe-Universit\u00e4t erh\u00e4lt Preis vom Bundesverband LernortLabor. Foto: Lea Meike Burkhardt\"},{\"@type\":\"BreadcrumbList\",\"@id\":\"https:\\\/\\\/aktuelles.uni-frankfurt.de\\\/forschung\\\/inklusives-konzept-schuelerlabor-farben-der-goethe-universitaet-ausgezeichnet\\\/#breadcrumb\",\"itemListElement\":[{\"@type\":\"ListItem\",\"position\":1,\"name\":\"Startseite\",\"item\":\"https:\\\/\\\/aktuelles.uni-frankfurt.de\\\/\"},{\"@type\":\"ListItem\",\"position\":2,\"name\":\"Inklusives Konzept: Sch\u00fclerlabor \u201eFarben\u201c der Goethe-Universit\u00e4t ausgezeichnet\"}]},{\"@type\":\"WebSite\",\"@id\":\"https:\\\/\\\/aktuelles.uni-frankfurt.de\\\/#website\",\"url\":\"https:\\\/\\\/aktuelles.uni-frankfurt.de\\\/\",\"name\":\"Aktuelles aus der Goethe-Universit\u00e4t Frankfurt\",\"description\":\"Aktuelles aus der Goethe-Universit\u00e4t | Neues aus Forschung, Lehre, Studium\",\"publisher\":{\"@id\":\"https:\\\/\\\/aktuelles.uni-frankfurt.de\\\/#organization\"},\"potentialAction\":[{\"@type\":\"SearchAction\",\"target\":{\"@type\":\"EntryPoint\",\"urlTemplate\":\"https:\\\/\\\/aktuelles.uni-frankfurt.de\\\/?s={search_term_string}\"},\"query-input\":{\"@type\":\"PropertyValueSpecification\",\"valueRequired\":true,\"valueName\":\"search_term_string\"}}],\"inLanguage\":\"en-GB\"},{\"@type\":\"Organization\",\"@id\":\"https:\\\/\\\/aktuelles.uni-frankfurt.de\\\/#organization\",\"name\":\"Goethe-Universit\u00e4t\",\"url\":\"https:\\\/\\\/aktuelles.uni-frankfurt.de\\\/\",\"logo\":{\"@type\":\"ImageObject\",\"inLanguage\":\"en-GB\",\"@id\":\"https:\\\/\\\/aktuelles.uni-frankfurt.de\\\/#\\\/schema\\\/logo\\\/image\\\/\",\"url\":\"https:\\\/\\\/aktuelles.uni-frankfurt.de\\\/wp-content\\\/uploads\\\/2022\\\/03\\\/800px-Goethe-Logo.png\",\"contentUrl\":\"https:\\\/\\\/aktuelles.uni-frankfurt.de\\\/wp-content\\\/uploads\\\/2022\\\/03\\\/800px-Goethe-Logo.png\",\"width\":800,\"height\":436,\"caption\":\"Goethe-Universit\u00e4t\"},\"image\":{\"@id\":\"https:\\\/\\\/aktuelles.uni-frankfurt.de\\\/#\\\/schema\\\/logo\\\/image\\\/\"}},{\"@type\":\"Person\",\"@id\":\"https:\\\/\\\/aktuelles.uni-frankfurt.de\\\/#\\\/schema\\\/person\\\/47afd8b2c02023a0f1eee09d035f73e8\",\"name\":\"Dr. Markus Bernards\",\"url\":\"https:\\\/\\\/aktuelles.uni-frankfurt.de\\\/en\\\/author\\\/markus-bernards\\\/\"}]}<\/script>\n<!-- \/ Yoast SEO plugin. -->","yoast_head_json":{"title":"Inklusives Konzept: Sch\u00fclerlabor \u201eFarben\u201c der Goethe-Universit\u00e4t ausgezeichnet | Aktuelles aus der Goethe-Universit\u00e4t Frankfurt","robots":{"index":"index","follow":"follow","max-snippet":"max-snippet:-1","max-image-preview":"max-image-preview:large","max-video-preview":"max-video-preview:-1"},"canonical":"https:\/\/aktuelles.uni-frankfurt.de\/en\/forschung\/inklusives-konzept-schuelerlabor-farben-der-goethe-universitaet-ausgezeichnet\/","og_locale":"en_GB","og_type":"article","og_title":"Inklusives Konzept: Sch\u00fclerlabor \u201eFarben\u201c der Goethe-Universit\u00e4t ausgezeichnet | Aktuelles aus der Goethe-Universit\u00e4t Frankfurt","og_description":"F\u00fcr die Entwicklung und Umsetzung des Konzepts eines Sch\u00fclerlabors zum Thema \u201eFarben\u201c, das in besonders gelungener Weise Sch\u00fcler*innen mit sonderp\u00e4dagogischem F\u00f6rderbedarf einbezieht, ist jetzt ein Team der Goethe-Universit\u00e4t ausgezeichnet worden. [&hellip;]","og_url":"https:\/\/aktuelles.uni-frankfurt.de\/en\/forschung\/inklusives-konzept-schuelerlabor-farben-der-goethe-universitaet-ausgezeichnet\/","og_site_name":"Aktuelles aus der Goethe-Universit\u00e4t Frankfurt","article_published_time":"2024-03-13T15:45:40+00:00","article_modified_time":"2024-03-13T16:47:57+00:00","og_image":[{"width":650,"height":450,"url":"https:\/\/aktuelles.uni-frankfurt.de\/wp-content\/uploads\/2024\/03\/beitragsbild_Schuelerlabor_Farben_c_LeaMeikeBurkhardt.jpg","type":"image\/jpeg"}],"author":"Dr. Markus Bernards","twitter_card":"summary_large_image","twitter_misc":{"Written by":"Dr. Markus Bernards","Estimated reading time":"2 minutes"},"schema":{"@context":"https:\/\/schema.org","@graph":[{"@type":"Article","@id":"https:\/\/aktuelles.uni-frankfurt.de\/forschung\/inklusives-konzept-schuelerlabor-farben-der-goethe-universitaet-ausgezeichnet\/#article","isPartOf":{"@id":"https:\/\/aktuelles.uni-frankfurt.de\/forschung\/inklusives-konzept-schuelerlabor-farben-der-goethe-universitaet-ausgezeichnet\/"},"author":{"name":"Dr. Markus Bernards","@id":"https:\/\/aktuelles.uni-frankfurt.de\/#\/schema\/person\/47afd8b2c02023a0f1eee09d035f73e8"},"headline":"Inklusives Konzept: Sch\u00fclerlabor \u201eFarben\u201c der Goethe-Universit\u00e4t ausgezeichnet","datePublished":"2024-03-13T15:45:40+00:00","dateModified":"2024-03-13T16:47:57+00:00","mainEntityOfPage":{"@id":"https:\/\/aktuelles.uni-frankfurt.de\/forschung\/inklusives-konzept-schuelerlabor-farben-der-goethe-universitaet-ausgezeichnet\/"},"wordCount":491,"publisher":{"@id":"https:\/\/aktuelles.uni-frankfurt.de\/#organization"},"image":{"@id":"https:\/\/aktuelles.uni-frankfurt.de\/forschung\/inklusives-konzept-schuelerlabor-farben-der-goethe-universitaet-ausgezeichnet\/#primaryimage"},"thumbnailUrl":"https:\/\/aktuelles.uni-frankfurt.de\/wp-content\/uploads\/2024\/03\/beitragsbild_Schuelerlabor_Farben_c_LeaMeikeBurkhardt.jpg","keywords":["Inklusion","Sch\u00fcler","Sch\u00fclerlabor"],"articleSection":["Forschung","Zticky"],"inLanguage":"en-GB"},{"@type":"WebPage","@id":"https:\/\/aktuelles.uni-frankfurt.de\/forschung\/inklusives-konzept-schuelerlabor-farben-der-goethe-universitaet-ausgezeichnet\/","url":"https:\/\/aktuelles.uni-frankfurt.de\/forschung\/inklusives-konzept-schuelerlabor-farben-der-goethe-universitaet-ausgezeichnet\/","name":"Inklusives Konzept: Sch\u00fclerlabor \u201eFarben\u201c der Goethe-Universit\u00e4t ausgezeichnet | Aktuelles aus der Goethe-Universit\u00e4t Frankfurt","isPartOf":{"@id":"https:\/\/aktuelles.uni-frankfurt.de\/#website"},"primaryImageOfPage":{"@id":"https:\/\/aktuelles.uni-frankfurt.de\/forschung\/inklusives-konzept-schuelerlabor-farben-der-goethe-universitaet-ausgezeichnet\/#primaryimage"},"image":{"@id":"https:\/\/aktuelles.uni-frankfurt.de\/forschung\/inklusives-konzept-schuelerlabor-farben-der-goethe-universitaet-ausgezeichnet\/#primaryimage"},"thumbnailUrl":"https:\/\/aktuelles.uni-frankfurt.de\/wp-content\/uploads\/2024\/03\/beitragsbild_Schuelerlabor_Farben_c_LeaMeikeBurkhardt.jpg","datePublished":"2024-03-13T15:45:40+00:00","dateModified":"2024-03-13T16:47:57+00:00","breadcrumb":{"@id":"https:\/\/aktuelles.uni-frankfurt.de\/forschung\/inklusives-konzept-schuelerlabor-farben-der-goethe-universitaet-ausgezeichnet\/#breadcrumb"},"inLanguage":"en-GB","potentialAction":[{"@type":"ReadAction","target":["https:\/\/aktuelles.uni-frankfurt.de\/forschung\/inklusives-konzept-schuelerlabor-farben-der-goethe-universitaet-ausgezeichnet\/"]}]},{"@type":"ImageObject","inLanguage":"en-GB","@id":"https:\/\/aktuelles.uni-frankfurt.de\/forschung\/inklusives-konzept-schuelerlabor-farben-der-goethe-universitaet-ausgezeichnet\/#primaryimage","url":"https:\/\/aktuelles.uni-frankfurt.de\/wp-content\/uploads\/2024\/03\/beitragsbild_Schuelerlabor_Farben_c_LeaMeikeBurkhardt.jpg","contentUrl":"https:\/\/aktuelles.uni-frankfurt.de\/wp-content\/uploads\/2024\/03\/beitragsbild_Schuelerlabor_Farben_c_LeaMeikeBurkhardt.jpg","width":650,"height":450,"caption":"Spa\u00df am bunten Lernen: Inklusives Sch\u00fclerlabor zum Thema \u201eFarben\u201c der Goethe-Universit\u00e4t erh\u00e4lt Preis vom Bundesverband LernortLabor. Foto: Lea Meike Burkhardt"},{"@type":"BreadcrumbList","@id":"https:\/\/aktuelles.uni-frankfurt.de\/forschung\/inklusives-konzept-schuelerlabor-farben-der-goethe-universitaet-ausgezeichnet\/#breadcrumb","itemListElement":[{"@type":"ListItem","position":1,"name":"Startseite","item":"https:\/\/aktuelles.uni-frankfurt.de\/"},{"@type":"ListItem","position":2,"name":"Inklusives Konzept: Sch\u00fclerlabor \u201eFarben\u201c der Goethe-Universit\u00e4t ausgezeichnet"}]},{"@type":"WebSite","@id":"https:\/\/aktuelles.uni-frankfurt.de\/#website","url":"https:\/\/aktuelles.uni-frankfurt.de\/","name":"Aktuelles aus der Goethe-Universit\u00e4t Frankfurt","description":"Aktuelles aus der Goethe-Universit\u00e4t | Neues aus Forschung, Lehre, Studium","publisher":{"@id":"https:\/\/aktuelles.uni-frankfurt.de\/#organization"},"potentialAction":[{"@type":"SearchAction","target":{"@type":"EntryPoint","urlTemplate":"https:\/\/aktuelles.uni-frankfurt.de\/?s={search_term_string}"},"query-input":{"@type":"PropertyValueSpecification","valueRequired":true,"valueName":"search_term_string"}}],"inLanguage":"en-GB"},{"@type":"Organization","@id":"https:\/\/aktuelles.uni-frankfurt.de\/#organization","name":"Goethe University Frankfurt","url":"https:\/\/aktuelles.uni-frankfurt.de\/","logo":{"@type":"ImageObject","inLanguage":"en-GB","@id":"https:\/\/aktuelles.uni-frankfurt.de\/#\/schema\/logo\/image\/","url":"https:\/\/aktuelles.uni-frankfurt.de\/wp-content\/uploads\/2022\/03\/800px-Goethe-Logo.png","contentUrl":"https:\/\/aktuelles.uni-frankfurt.de\/wp-content\/uploads\/2022\/03\/800px-Goethe-Logo.png","width":800,"height":436,"caption":"Goethe-Universit\u00e4t"},"image":{"@id":"https:\/\/aktuelles.uni-frankfurt.de\/#\/schema\/logo\/image\/"}},{"@type":"Person","@id":"https:\/\/aktuelles.uni-frankfurt.de\/#\/schema\/person\/47afd8b2c02023a0f1eee09d035f73e8","name":"Dr. Markus Bernards","url":"https:\/\/aktuelles.uni-frankfurt.de\/en\/author\/markus-bernards\/"}]}},"_links":{"self":[{"href":"https:\/\/aktuelles.uni-frankfurt.de\/en\/wp-json\/wp\/v2\/posts\/79366","targetHints":{"allow":["GET"]}}],"collection":[{"href":"https:\/\/aktuelles.uni-frankfurt.de\/en\/wp-json\/wp\/v2\/posts"}],"about":[{"href":"https:\/\/aktuelles.uni-frankfurt.de\/en\/wp-json\/wp\/v2\/types\/post"}],"author":[{"embeddable":true,"href":"https:\/\/aktuelles.uni-frankfurt.de\/en\/wp-json\/wp\/v2\/users\/23"}],"replies":[{"embeddable":true,"href":"https:\/\/aktuelles.uni-frankfurt.de\/en\/wp-json\/wp\/v2\/comments?post=79366"}],"version-history":[{"count":0,"href":"https:\/\/aktuelles.uni-frankfurt.de\/en\/wp-json\/wp\/v2\/posts\/79366\/revisions"}],"wp:featuredmedia":[{"embeddable":true,"href":"https:\/\/aktuelles.uni-frankfurt.de\/en\/wp-json\/wp\/v2\/media\/79375"}],"wp:attachment":[{"href":"https:\/\/aktuelles.uni-frankfurt.de\/en\/wp-json\/wp\/v2\/media?parent=79366"}],"wp:term":[{"taxonomy":"category","embeddable":true,"href":"https:\/\/aktuelles.uni-frankfurt.de\/en\/wp-json\/wp\/v2\/categories?post=79366"},{"taxonomy":"post_tag","embeddable":true,"href":"https:\/\/aktuelles.uni-frankfurt.de\/en\/wp-json\/wp\/v2\/tags?post=79366"},{"taxonomy":"post_folder","embeddable":true,"href":"https:\/\/aktuelles.uni-frankfurt.de\/en\/wp-json\/wp\/v2\/post_folder?post=79366"}],"curies":[{"name":"wp","href":"https:\/\/api.w.org\/{rel}","templated":true}]}}