{"id":79517,"date":"2024-04-10T08:49:22","date_gmt":"2024-04-10T06:49:22","guid":{"rendered":"https:\/\/aktuelles.uni-frankfurt.de\/?p=79517"},"modified":"2024-12-11T14:10:12","modified_gmt":"2024-12-11T13:10:12","slug":"unistart-am-11-april-goethe-uni-die-neuen-studierenden-auf-dem-campus-westend","status":"publish","type":"post","link":"https:\/\/aktuelles.uni-frankfurt.de\/en\/studium\/unistart-am-11-april-goethe-uni-die-neuen-studierenden-auf-dem-campus-westend\/","title":{"rendered":"unistart am 11. April \/ Goethe-Uni die neuen Studierenden auf dem Campus Westend"},"content":{"rendered":"<p>Das Sommersemester an der Goethe-Universit\u00e4t beginnt traditionell wieder mit der \u201eunistart\u201c, der gro\u00dfen Begr\u00fc\u00dfungsveranstaltung im H\u00f6rsaalzentrum auf dem Campus Westend. Zentrale Einrichtungen der Goethe-Universit\u00e4t sowie studentische Initiativen und Hochschulgruppen stellen sich im Rahmen der Messe vor. Alle \u201eErstis\u201c k\u00f6nnen sich dort informieren, austauschen und Kontakte kn\u00fcpfen. \u00dcber 2.600 Studierende haben sich f\u00fcr das 1. Fachsemester eingeschrieben.<\/p>\n\n\n\n<figure class=\"wp-block-image aligncenter size-large\"><img decoding=\"async\" src=\"https:\/\/www.uni-frankfurt.de\/147435129.jpg\" alt=\"\"\/><\/figure>\n\n\n\n<p>Ab 14.00 Uhr werden die Studierenden im H\u00f6rsaal HZ 2 des H\u00f6rsaalzentrums begr\u00fc\u00dft: von der Vizepr\u00e4sidentin f\u00fcr Lehre und Studium, Prof. Dr. Viera Pirker, der B\u00fcrgermeisterin, Frau Nargess Eskandari-Gr\u00fcnberg, und dem AStA-Vorstand, Emma Scholz und Bleta Berisha. Im 3. Stock des H\u00f6rsaalzentrums finden ab 13.00 Uhr interessante Vortr\u00e4ge sowie Q&amp;A-Sessions statt: So stellt sich unter anderem das Museum Giersch der Goethe-Universit\u00e4t vor, das Schreibzentrum informiert \u00fcber seine Angebote und auch das Hochschulrechenzentrum (HRZ) erl\u00e4utert seine IT-Services f\u00fcr Studierende. Als kleines Willkommensgeschenk erhalten die neuen Studierenden den unistart-Begr\u00fc\u00dfungsbeutel, der an den St\u00e4nden mit Materialien gef\u00fcllt werden kann.<\/p>\n\n\n\n<p><strong>unistart Sommersemester 2024<br>Donnerstag, 11. April, von 11.30 bis 16.00 Uhr<\/strong><br><strong>Campus Westend, H\u00f6rsaalzentrum,<\/strong><br><strong>Theodor-W.-Adorno-Platz 5,<\/strong> <strong>60323 Frankfurt<\/strong><\/p>\n\n\n\n<p>Der regul\u00e4re Vorlesungs- und Seminarbetrieb f\u00fcr alle Studierenden beginnt ab dem kommenden Montag. Insgesamt werden ca. 40.000 Studierende im Sommersemester an der Goethe-Universit\u00e4t erwartet.<\/p>\n\n\n\n<div style=\"height:20px\" aria-hidden=\"true\" class=\"wp-block-spacer\"><\/div>\n\n\n\n<p class=\"has-background\" style=\"background-color:#eeeeee\"><strong>Weitere Infos:<\/strong> <a href=\"https:\/\/www.unistart.uni-frankfurt.de\/\">www.unistart.uni-frankfurt.de\/<\/a><\/p>","protected":false},"excerpt":{"rendered":"<p>Das Sommersemester an der Goethe-Universit\u00e4t beginnt traditionell wieder mit der \u201eunistart\u201c, der gro\u00dfen Begr\u00fc\u00dfungsveranstaltung im H\u00f6rsaalzentrum auf dem Campus Westend. Zentrale Einrichtungen der Goethe-Universit\u00e4t sowie studentische Initiativen und Hochschulgruppen stellen [&hellip;]<\/p>\n","protected":false},"author":8,"featured_media":79518,"comment_status":"closed","ping_status":"closed","sticky":false,"template":"","format":"standard","meta":{"_eb_attr":"","_price":"","_stock":"","_tribe_ticket_header":"","_tribe_default_ticket_provider":"","_ticket_start_date":"","_ticket_end_date":"","_tribe_ticket_show_description":"","_tribe_ticket_show_not_going":false,"_tribe_ticket_use_global_stock":"","_tribe_ticket_global_stock_level":"","_global_stock_mode":"","_global_stock_cap":"","_tribe_rsvp_for_event":"","_tribe_ticket_going_count":"","_tribe_ticket_not_going_count":"","_tribe_tickets_list":"[]","_tribe_ticket_has_attendee_info_fields":false,"footnotes":""},"categories":[9],"tags":[394],"post_folder":[],"class_list":["post-79517","post","type-post","status-publish","format-standard","has-post-thumbnail","hentry","category-studium","tag-digitalisierung"],"yoast_head":"<!-- This site is optimized with the Yoast SEO plugin v27.5 - https:\/\/yoast.com\/product\/yoast-seo-wordpress\/ -->\n<title>unistart am 11. April \/ Goethe-Uni die neuen Studierenden auf dem Campus Westend | Aktuelles aus der Goethe-Universit\u00e4t Frankfurt<\/title>\n<meta name=\"robots\" content=\"index, follow, max-snippet:-1, max-image-preview:large, max-video-preview:-1\" \/>\n<link rel=\"canonical\" href=\"https:\/\/aktuelles.uni-frankfurt.de\/en\/studium\/unistart-am-11-april-goethe-uni-die-neuen-studierenden-auf-dem-campus-westend\/\" \/>\n<meta property=\"og:locale\" content=\"en_GB\" \/>\n<meta property=\"og:type\" content=\"article\" \/>\n<meta property=\"og:title\" content=\"unistart am 11. April \/ Goethe-Uni die neuen Studierenden auf dem Campus Westend | Aktuelles aus der Goethe-Universit\u00e4t Frankfurt\" \/>\n<meta property=\"og:description\" content=\"Das Sommersemester an der Goethe-Universit\u00e4t beginnt traditionell wieder mit der \u201eunistart\u201c, der gro\u00dfen Begr\u00fc\u00dfungsveranstaltung im H\u00f6rsaalzentrum auf dem Campus Westend. Zentrale Einrichtungen der Goethe-Universit\u00e4t sowie studentische Initiativen und Hochschulgruppen stellen [&hellip;]\" \/>\n<meta property=\"og:url\" content=\"https:\/\/aktuelles.uni-frankfurt.de\/en\/studium\/unistart-am-11-april-goethe-uni-die-neuen-studierenden-auf-dem-campus-westend\/\" \/>\n<meta property=\"og:site_name\" content=\"Aktuelles aus der Goethe-Universit\u00e4t Frankfurt\" \/>\n<meta property=\"article:published_time\" content=\"2024-04-10T06:49:22+00:00\" \/>\n<meta property=\"article:modified_time\" content=\"2024-12-11T13:10:12+00:00\" \/>\n<meta property=\"og:image\" content=\"https:\/\/aktuelles.uni-frankfurt.de\/wp-content\/uploads\/2024\/04\/beitragsbild_unistart-SoSe24.jpg\" \/>\n\t<meta property=\"og:image:width\" content=\"650\" \/>\n\t<meta property=\"og:image:height\" content=\"450\" \/>\n\t<meta property=\"og:image:type\" content=\"image\/jpeg\" \/>\n<meta name=\"author\" content=\"-\" \/>\n<meta name=\"twitter:card\" content=\"summary_large_image\" \/>\n<meta name=\"twitter:label1\" content=\"Written by\" \/>\n\t<meta name=\"twitter:data1\" content=\"-\" \/>\n\t<meta name=\"twitter:label2\" content=\"Estimated reading time\" \/>\n\t<meta name=\"twitter:data2\" content=\"1 minute\" \/>\n<script type=\"application\/ld+json\" class=\"yoast-schema-graph\">{\"@context\":\"https:\\\/\\\/schema.org\",\"@graph\":[{\"@type\":\"Article\",\"@id\":\"https:\\\/\\\/aktuelles.uni-frankfurt.de\\\/studium\\\/unistart-am-11-april-goethe-uni-die-neuen-studierenden-auf-dem-campus-westend\\\/#article\",\"isPartOf\":{\"@id\":\"https:\\\/\\\/aktuelles.uni-frankfurt.de\\\/studium\\\/unistart-am-11-april-goethe-uni-die-neuen-studierenden-auf-dem-campus-westend\\\/\"},\"author\":{\"name\":\"-\",\"@id\":\"https:\\\/\\\/aktuelles.uni-frankfurt.de\\\/#\\\/schema\\\/person\\\/8e55ea338fb65d1ce87a91565d1f1739\"},\"headline\":\"unistart am 11. April \\\/ Goethe-Uni die neuen Studierenden auf dem Campus Westend\",\"datePublished\":\"2024-04-10T06:49:22+00:00\",\"dateModified\":\"2024-12-11T13:10:12+00:00\",\"mainEntityOfPage\":{\"@id\":\"https:\\\/\\\/aktuelles.uni-frankfurt.de\\\/studium\\\/unistart-am-11-april-goethe-uni-die-neuen-studierenden-auf-dem-campus-westend\\\/\"},\"wordCount\":228,\"publisher\":{\"@id\":\"https:\\\/\\\/aktuelles.uni-frankfurt.de\\\/#organization\"},\"image\":{\"@id\":\"https:\\\/\\\/aktuelles.uni-frankfurt.de\\\/studium\\\/unistart-am-11-april-goethe-uni-die-neuen-studierenden-auf-dem-campus-westend\\\/#primaryimage\"},\"thumbnailUrl\":\"https:\\\/\\\/aktuelles.uni-frankfurt.de\\\/wp-content\\\/uploads\\\/2024\\\/04\\\/beitragsbild_unistart-SoSe24.jpg\",\"keywords\":[\"Digitalisierung\"],\"articleSection\":[\"Studium\"],\"inLanguage\":\"en-GB\"},{\"@type\":\"WebPage\",\"@id\":\"https:\\\/\\\/aktuelles.uni-frankfurt.de\\\/studium\\\/unistart-am-11-april-goethe-uni-die-neuen-studierenden-auf-dem-campus-westend\\\/\",\"url\":\"https:\\\/\\\/aktuelles.uni-frankfurt.de\\\/studium\\\/unistart-am-11-april-goethe-uni-die-neuen-studierenden-auf-dem-campus-westend\\\/\",\"name\":\"unistart am 11. April \\\/ Goethe-Uni die neuen Studierenden auf dem Campus Westend | Aktuelles aus der Goethe-Universit\u00e4t Frankfurt\",\"isPartOf\":{\"@id\":\"https:\\\/\\\/aktuelles.uni-frankfurt.de\\\/#website\"},\"primaryImageOfPage\":{\"@id\":\"https:\\\/\\\/aktuelles.uni-frankfurt.de\\\/studium\\\/unistart-am-11-april-goethe-uni-die-neuen-studierenden-auf-dem-campus-westend\\\/#primaryimage\"},\"image\":{\"@id\":\"https:\\\/\\\/aktuelles.uni-frankfurt.de\\\/studium\\\/unistart-am-11-april-goethe-uni-die-neuen-studierenden-auf-dem-campus-westend\\\/#primaryimage\"},\"thumbnailUrl\":\"https:\\\/\\\/aktuelles.uni-frankfurt.de\\\/wp-content\\\/uploads\\\/2024\\\/04\\\/beitragsbild_unistart-SoSe24.jpg\",\"datePublished\":\"2024-04-10T06:49:22+00:00\",\"dateModified\":\"2024-12-11T13:10:12+00:00\",\"breadcrumb\":{\"@id\":\"https:\\\/\\\/aktuelles.uni-frankfurt.de\\\/studium\\\/unistart-am-11-april-goethe-uni-die-neuen-studierenden-auf-dem-campus-westend\\\/#breadcrumb\"},\"inLanguage\":\"en-GB\",\"potentialAction\":[{\"@type\":\"ReadAction\",\"target\":[\"https:\\\/\\\/aktuelles.uni-frankfurt.de\\\/studium\\\/unistart-am-11-april-goethe-uni-die-neuen-studierenden-auf-dem-campus-westend\\\/\"]}]},{\"@type\":\"ImageObject\",\"inLanguage\":\"en-GB\",\"@id\":\"https:\\\/\\\/aktuelles.uni-frankfurt.de\\\/studium\\\/unistart-am-11-april-goethe-uni-die-neuen-studierenden-auf-dem-campus-westend\\\/#primaryimage\",\"url\":\"https:\\\/\\\/aktuelles.uni-frankfurt.de\\\/wp-content\\\/uploads\\\/2024\\\/04\\\/beitragsbild_unistart-SoSe24.jpg\",\"contentUrl\":\"https:\\\/\\\/aktuelles.uni-frankfurt.de\\\/wp-content\\\/uploads\\\/2024\\\/04\\\/beitragsbild_unistart-SoSe24.jpg\",\"width\":650,\"height\":450},{\"@type\":\"BreadcrumbList\",\"@id\":\"https:\\\/\\\/aktuelles.uni-frankfurt.de\\\/studium\\\/unistart-am-11-april-goethe-uni-die-neuen-studierenden-auf-dem-campus-westend\\\/#breadcrumb\",\"itemListElement\":[{\"@type\":\"ListItem\",\"position\":1,\"name\":\"Startseite\",\"item\":\"https:\\\/\\\/aktuelles.uni-frankfurt.de\\\/\"},{\"@type\":\"ListItem\",\"position\":2,\"name\":\"unistart am 11. April \\\/ Goethe-Uni die neuen Studierenden auf dem Campus Westend\"}]},{\"@type\":\"WebSite\",\"@id\":\"https:\\\/\\\/aktuelles.uni-frankfurt.de\\\/#website\",\"url\":\"https:\\\/\\\/aktuelles.uni-frankfurt.de\\\/\",\"name\":\"Aktuelles aus der Goethe-Universit\u00e4t Frankfurt\",\"description\":\"Aktuelles aus der Goethe-Universit\u00e4t | Neues aus Forschung, Lehre, Studium\",\"publisher\":{\"@id\":\"https:\\\/\\\/aktuelles.uni-frankfurt.de\\\/#organization\"},\"potentialAction\":[{\"@type\":\"SearchAction\",\"target\":{\"@type\":\"EntryPoint\",\"urlTemplate\":\"https:\\\/\\\/aktuelles.uni-frankfurt.de\\\/?s={search_term_string}\"},\"query-input\":{\"@type\":\"PropertyValueSpecification\",\"valueRequired\":true,\"valueName\":\"search_term_string\"}}],\"inLanguage\":\"en-GB\"},{\"@type\":\"Organization\",\"@id\":\"https:\\\/\\\/aktuelles.uni-frankfurt.de\\\/#organization\",\"name\":\"Goethe-Universit\u00e4t\",\"url\":\"https:\\\/\\\/aktuelles.uni-frankfurt.de\\\/\",\"logo\":{\"@type\":\"ImageObject\",\"inLanguage\":\"en-GB\",\"@id\":\"https:\\\/\\\/aktuelles.uni-frankfurt.de\\\/#\\\/schema\\\/logo\\\/image\\\/\",\"url\":\"https:\\\/\\\/aktuelles.uni-frankfurt.de\\\/wp-content\\\/uploads\\\/2022\\\/03\\\/800px-Goethe-Logo.png\",\"contentUrl\":\"https:\\\/\\\/aktuelles.uni-frankfurt.de\\\/wp-content\\\/uploads\\\/2022\\\/03\\\/800px-Goethe-Logo.png\",\"width\":800,\"height\":436,\"caption\":\"Goethe-Universit\u00e4t\"},\"image\":{\"@id\":\"https:\\\/\\\/aktuelles.uni-frankfurt.de\\\/#\\\/schema\\\/logo\\\/image\\\/\"}},{\"@type\":\"Person\",\"@id\":\"https:\\\/\\\/aktuelles.uni-frankfurt.de\\\/#\\\/schema\\\/person\\\/8e55ea338fb65d1ce87a91565d1f1739\",\"name\":\"-\",\"description\":\"Dieser Beitrag wurde von der Online-Redaktion ver\u00f6ffentlicht. Wenn der Beitrag von einem Gastautoren verfasst wurde, findet sich dieser Hinweis am Ende des jeweiligen Artikels.\",\"sameAs\":[\"http:\\\/\\\/aktuelles.uni-frankfurt.de\\\/autoren\"],\"url\":\"https:\\\/\\\/aktuelles.uni-frankfurt.de\\\/en\\\/author\\\/redaktion\\\/\"}]}<\/script>\n<!-- \/ Yoast SEO plugin. -->","yoast_head_json":{"title":"unistart am 11. April \/ Goethe-Uni die neuen Studierenden auf dem Campus Westend | Aktuelles aus der Goethe-Universit\u00e4t Frankfurt","robots":{"index":"index","follow":"follow","max-snippet":"max-snippet:-1","max-image-preview":"max-image-preview:large","max-video-preview":"max-video-preview:-1"},"canonical":"https:\/\/aktuelles.uni-frankfurt.de\/en\/studium\/unistart-am-11-april-goethe-uni-die-neuen-studierenden-auf-dem-campus-westend\/","og_locale":"en_GB","og_type":"article","og_title":"unistart am 11. April \/ Goethe-Uni die neuen Studierenden auf dem Campus Westend | Aktuelles aus der Goethe-Universit\u00e4t Frankfurt","og_description":"Das Sommersemester an der Goethe-Universit\u00e4t beginnt traditionell wieder mit der \u201eunistart\u201c, der gro\u00dfen Begr\u00fc\u00dfungsveranstaltung im H\u00f6rsaalzentrum auf dem Campus Westend. Zentrale Einrichtungen der Goethe-Universit\u00e4t sowie studentische Initiativen und Hochschulgruppen stellen [&hellip;]","og_url":"https:\/\/aktuelles.uni-frankfurt.de\/en\/studium\/unistart-am-11-april-goethe-uni-die-neuen-studierenden-auf-dem-campus-westend\/","og_site_name":"Aktuelles aus der Goethe-Universit\u00e4t Frankfurt","article_published_time":"2024-04-10T06:49:22+00:00","article_modified_time":"2024-12-11T13:10:12+00:00","og_image":[{"width":650,"height":450,"url":"https:\/\/aktuelles.uni-frankfurt.de\/wp-content\/uploads\/2024\/04\/beitragsbild_unistart-SoSe24.jpg","type":"image\/jpeg"}],"author":"-","twitter_card":"summary_large_image","twitter_misc":{"Written by":"-","Estimated reading time":"1 minute"},"schema":{"@context":"https:\/\/schema.org","@graph":[{"@type":"Article","@id":"https:\/\/aktuelles.uni-frankfurt.de\/studium\/unistart-am-11-april-goethe-uni-die-neuen-studierenden-auf-dem-campus-westend\/#article","isPartOf":{"@id":"https:\/\/aktuelles.uni-frankfurt.de\/studium\/unistart-am-11-april-goethe-uni-die-neuen-studierenden-auf-dem-campus-westend\/"},"author":{"name":"-","@id":"https:\/\/aktuelles.uni-frankfurt.de\/#\/schema\/person\/8e55ea338fb65d1ce87a91565d1f1739"},"headline":"unistart am 11. April \/ Goethe-Uni die neuen Studierenden auf dem Campus Westend","datePublished":"2024-04-10T06:49:22+00:00","dateModified":"2024-12-11T13:10:12+00:00","mainEntityOfPage":{"@id":"https:\/\/aktuelles.uni-frankfurt.de\/studium\/unistart-am-11-april-goethe-uni-die-neuen-studierenden-auf-dem-campus-westend\/"},"wordCount":228,"publisher":{"@id":"https:\/\/aktuelles.uni-frankfurt.de\/#organization"},"image":{"@id":"https:\/\/aktuelles.uni-frankfurt.de\/studium\/unistart-am-11-april-goethe-uni-die-neuen-studierenden-auf-dem-campus-westend\/#primaryimage"},"thumbnailUrl":"https:\/\/aktuelles.uni-frankfurt.de\/wp-content\/uploads\/2024\/04\/beitragsbild_unistart-SoSe24.jpg","keywords":["Digitalisierung"],"articleSection":["Studium"],"inLanguage":"en-GB"},{"@type":"WebPage","@id":"https:\/\/aktuelles.uni-frankfurt.de\/studium\/unistart-am-11-april-goethe-uni-die-neuen-studierenden-auf-dem-campus-westend\/","url":"https:\/\/aktuelles.uni-frankfurt.de\/studium\/unistart-am-11-april-goethe-uni-die-neuen-studierenden-auf-dem-campus-westend\/","name":"unistart am 11. April \/ Goethe-Uni die neuen Studierenden auf dem Campus Westend | Aktuelles aus der Goethe-Universit\u00e4t Frankfurt","isPartOf":{"@id":"https:\/\/aktuelles.uni-frankfurt.de\/#website"},"primaryImageOfPage":{"@id":"https:\/\/aktuelles.uni-frankfurt.de\/studium\/unistart-am-11-april-goethe-uni-die-neuen-studierenden-auf-dem-campus-westend\/#primaryimage"},"image":{"@id":"https:\/\/aktuelles.uni-frankfurt.de\/studium\/unistart-am-11-april-goethe-uni-die-neuen-studierenden-auf-dem-campus-westend\/#primaryimage"},"thumbnailUrl":"https:\/\/aktuelles.uni-frankfurt.de\/wp-content\/uploads\/2024\/04\/beitragsbild_unistart-SoSe24.jpg","datePublished":"2024-04-10T06:49:22+00:00","dateModified":"2024-12-11T13:10:12+00:00","breadcrumb":{"@id":"https:\/\/aktuelles.uni-frankfurt.de\/studium\/unistart-am-11-april-goethe-uni-die-neuen-studierenden-auf-dem-campus-westend\/#breadcrumb"},"inLanguage":"en-GB","potentialAction":[{"@type":"ReadAction","target":["https:\/\/aktuelles.uni-frankfurt.de\/studium\/unistart-am-11-april-goethe-uni-die-neuen-studierenden-auf-dem-campus-westend\/"]}]},{"@type":"ImageObject","inLanguage":"en-GB","@id":"https:\/\/aktuelles.uni-frankfurt.de\/studium\/unistart-am-11-april-goethe-uni-die-neuen-studierenden-auf-dem-campus-westend\/#primaryimage","url":"https:\/\/aktuelles.uni-frankfurt.de\/wp-content\/uploads\/2024\/04\/beitragsbild_unistart-SoSe24.jpg","contentUrl":"https:\/\/aktuelles.uni-frankfurt.de\/wp-content\/uploads\/2024\/04\/beitragsbild_unistart-SoSe24.jpg","width":650,"height":450},{"@type":"BreadcrumbList","@id":"https:\/\/aktuelles.uni-frankfurt.de\/studium\/unistart-am-11-april-goethe-uni-die-neuen-studierenden-auf-dem-campus-westend\/#breadcrumb","itemListElement":[{"@type":"ListItem","position":1,"name":"Startseite","item":"https:\/\/aktuelles.uni-frankfurt.de\/"},{"@type":"ListItem","position":2,"name":"unistart am 11. April \/ Goethe-Uni die neuen Studierenden auf dem Campus Westend"}]},{"@type":"WebSite","@id":"https:\/\/aktuelles.uni-frankfurt.de\/#website","url":"https:\/\/aktuelles.uni-frankfurt.de\/","name":"Aktuelles aus der Goethe-Universit\u00e4t Frankfurt","description":"Aktuelles aus der Goethe-Universit\u00e4t | Neues aus Forschung, Lehre, Studium","publisher":{"@id":"https:\/\/aktuelles.uni-frankfurt.de\/#organization"},"potentialAction":[{"@type":"SearchAction","target":{"@type":"EntryPoint","urlTemplate":"https:\/\/aktuelles.uni-frankfurt.de\/?s={search_term_string}"},"query-input":{"@type":"PropertyValueSpecification","valueRequired":true,"valueName":"search_term_string"}}],"inLanguage":"en-GB"},{"@type":"Organization","@id":"https:\/\/aktuelles.uni-frankfurt.de\/#organization","name":"Goethe University Frankfurt","url":"https:\/\/aktuelles.uni-frankfurt.de\/","logo":{"@type":"ImageObject","inLanguage":"en-GB","@id":"https:\/\/aktuelles.uni-frankfurt.de\/#\/schema\/logo\/image\/","url":"https:\/\/aktuelles.uni-frankfurt.de\/wp-content\/uploads\/2022\/03\/800px-Goethe-Logo.png","contentUrl":"https:\/\/aktuelles.uni-frankfurt.de\/wp-content\/uploads\/2022\/03\/800px-Goethe-Logo.png","width":800,"height":436,"caption":"Goethe-Universit\u00e4t"},"image":{"@id":"https:\/\/aktuelles.uni-frankfurt.de\/#\/schema\/logo\/image\/"}},{"@type":"Person","@id":"https:\/\/aktuelles.uni-frankfurt.de\/#\/schema\/person\/8e55ea338fb65d1ce87a91565d1f1739","name":"-","description":"Dieser Beitrag wurde von der Online-Redaktion ver\u00f6ffentlicht. Wenn der Beitrag von einem Gastautoren verfasst wurde, findet sich dieser Hinweis am Ende des jeweiligen Artikels.","sameAs":["http:\/\/aktuelles.uni-frankfurt.de\/autoren"],"url":"https:\/\/aktuelles.uni-frankfurt.de\/en\/author\/redaktion\/"}]}},"_links":{"self":[{"href":"https:\/\/aktuelles.uni-frankfurt.de\/en\/wp-json\/wp\/v2\/posts\/79517","targetHints":{"allow":["GET"]}}],"collection":[{"href":"https:\/\/aktuelles.uni-frankfurt.de\/en\/wp-json\/wp\/v2\/posts"}],"about":[{"href":"https:\/\/aktuelles.uni-frankfurt.de\/en\/wp-json\/wp\/v2\/types\/post"}],"author":[{"embeddable":true,"href":"https:\/\/aktuelles.uni-frankfurt.de\/en\/wp-json\/wp\/v2\/users\/8"}],"replies":[{"embeddable":true,"href":"https:\/\/aktuelles.uni-frankfurt.de\/en\/wp-json\/wp\/v2\/comments?post=79517"}],"version-history":[{"count":0,"href":"https:\/\/aktuelles.uni-frankfurt.de\/en\/wp-json\/wp\/v2\/posts\/79517\/revisions"}],"wp:featuredmedia":[{"embeddable":true,"href":"https:\/\/aktuelles.uni-frankfurt.de\/en\/wp-json\/wp\/v2\/media\/79518"}],"wp:attachment":[{"href":"https:\/\/aktuelles.uni-frankfurt.de\/en\/wp-json\/wp\/v2\/media?parent=79517"}],"wp:term":[{"taxonomy":"category","embeddable":true,"href":"https:\/\/aktuelles.uni-frankfurt.de\/en\/wp-json\/wp\/v2\/categories?post=79517"},{"taxonomy":"post_tag","embeddable":true,"href":"https:\/\/aktuelles.uni-frankfurt.de\/en\/wp-json\/wp\/v2\/tags?post=79517"},{"taxonomy":"post_folder","embeddable":true,"href":"https:\/\/aktuelles.uni-frankfurt.de\/en\/wp-json\/wp\/v2\/post_folder?post=79517"}],"curies":[{"name":"wp","href":"https:\/\/api.w.org\/{rel}","templated":true}]}}