{"id":79694,"date":"2024-04-19T12:07:15","date_gmt":"2024-04-19T10:07:15","guid":{"rendered":"https:\/\/aktuelles.uni-frankfurt.de\/?p=79694"},"modified":"2024-04-19T13:39:26","modified_gmt":"2024-04-19T11:39:26","slug":"es-gibt-nicht-nur-die-eine-zukunft","status":"publish","type":"post","link":"https:\/\/aktuelles.uni-frankfurt.de\/en\/unireport\/es-gibt-nicht-nur-die-eine-zukunft\/","title":{"rendered":"Es gibt nicht nur die \u201eeine\u201c Zukunft"},"content":{"rendered":"<h4 class=\"wp-block-heading\">Julia Schubert und Steven Gonzalez forschen als Postdocs im interdisziplin\u00e4ren Graduiertenkolleg \u201eFixing Futures\u201c und fragen: Was machen Zukunftsvisionen mit dem Jetzt?<\/h4>\n\n\n\n<figure class=\"wp-block-image aligncenter size-full\"><img fetchpriority=\"high\" decoding=\"async\" width=\"650\" height=\"450\" src=\"https:\/\/aktuelles.uni-frankfurt.de\/wp-content\/uploads\/2024\/04\/07_Es_gibt_nicht_nur_die-_eine_-Zukunft_650x450px.jpg\" alt=\"\" class=\"wp-image-79695\" srcset=\"https:\/\/aktuelles.uni-frankfurt.de\/wp-content\/uploads\/2024\/04\/07_Es_gibt_nicht_nur_die-_eine_-Zukunft_650x450px.jpg 650w, https:\/\/aktuelles.uni-frankfurt.de\/wp-content\/uploads\/2024\/04\/07_Es_gibt_nicht_nur_die-_eine_-Zukunft_650x450px-300x208.jpg 300w, https:\/\/aktuelles.uni-frankfurt.de\/wp-content\/uploads\/2024\/04\/07_Es_gibt_nicht_nur_die-_eine_-Zukunft_650x450px-500x346.jpg 500w, https:\/\/aktuelles.uni-frankfurt.de\/wp-content\/uploads\/2024\/04\/07_Es_gibt_nicht_nur_die-_eine_-Zukunft_650x450px-18x12.jpg 18w\" sizes=\"(max-width: 650px) 100vw, 650px\" \/><figcaption class=\"wp-element-caption\">Auch Adorno hat \u00fcber die Zukunft spekuliert: Julia Schubert (r.) und Steven Gonzalez am Schreibtisch des ber\u00fchmten Frankfurters.<\/figcaption><\/figure>\n\n\n\n<p>Wie wird die Zukunft? Angesichts einer Vielzahl an Krisen, Konflikten und Unw\u00e4gbarkeiten wird die Frage, wie die Welt in 50 oder 100 Jahren aussieht, zunehmend virulent. K\u00f6nnen neue Technologien die Welt sicherer und stabiler machen, wie ist es dann um das globale Klima bestellt, hat man den geeigneten Punkt des Gegensteuerns bereits verpasst? L\u00e4sst sich die Zukunft \u00fcberhaupt vorhersagen angesichts der Vielzahl und Dynamik an Einflussfaktoren? Das 2023 gestartete Graduiertenkolleg \u201eFixing Futures: Technologies of Anticipation in Contemporary Societies\u201c, angesiedelt am Institut f\u00fcr Soziologie und von der Deutschen Forschungsgemeinschaft (DFG) gef\u00f6rdert, befasst sich damit, wie Zukunft gedacht und modelliert, somit \u201eantizipiert\u201c wird. Zehn Doktoranden, zwei Postdocs und acht Principal Investigators (PIs) sind Teil der Forschungsgruppe.<\/p>\n\n\n\n<p>\u201eWir interessieren uns f\u00fcr Zukunftskonzeptionen, wie sie vor allem in ganz unterschiedlichen wissenschaftlichen Disziplinen entwickelt werden\u201c, erkl\u00e4rt Dr. Steven Gonzalez, als Postdoc gemeinsam mit seiner Kollegin Dr. Julia Schubert im Graduiertenkolleg gleicherma\u00dfen forschend t\u00e4tig. \u201eWir erheben dabei nicht den Anspruch, selbst die Zukunft antizipieren zu k\u00f6nnen, sondern treten vielmehr einen Schritt zur\u00fcck und betrachten Vorstellungen \u00fcber die Zukunft als Diskurse, Praktiken oder Performances, die ihre eigene Wirksamkeit entfalten: Jede Zukunftskonzeption gibt in gewisser Weise den Zielpunkt vor, auf den die Welt zusteuert. Das sehen wir kritisch, da es nach unserer Ansicht nicht nur <em>eine <\/em>Zukunft gibt.\u201c Stattdessen versteht das \u201eFixing Futures\u201c-Kolleg die Zukunft als eine sehr dynamische Angelegenheit, die es historisch und empirisch zu erforschen gilt. Julia Schubert erg\u00e4nzt: \u201eDie Zukunft zu antizipieren, auch im Rahmen eines wissenschaftlichen Projektes, ist immer auch ein politisches Unterfangen. Daher schauen wir, wie dieses Wissen \u00fcber Zukunft generiert und vermittelt wird und wie es die Zukunft selbst gestaltet.\u201c Man k\u00f6nnte auf den ersten Blick vermuten, dass \u201eFixing Futures\u201c sehr theorielastig angelegt ist. Das sehen die beiden Postdocs nicht so: \u201eNat\u00fcrlich besch\u00e4ftigen wir uns in unseren Workshops auch mit wichtigen Theorien der Philosophie und der Sozialwissenschaft, aber unser Graduiertenkolleg versteht sich als dezidiert empirisch: Wir wollen uns die Zukunft und ihre Modellierungen gewisserma\u00dfen \u201ain action\u2018 ansehen, gerade weil wir von einer Vielzahl an m\u00f6glichen Zuk\u00fcnften ausgehen, die nicht unbedingt auf einer linearen Zeitachse angeordnet sind.\u201c&nbsp;<\/p>\n\n\n\n<div style=\"height:20px\" aria-hidden=\"true\" class=\"wp-block-spacer\"><\/div>\n\n\n\n<h4 class=\"wp-block-heading\">Beobachten und lernen<\/h4>\n\n\n\n<p>Steven Gonzalez erl\u00e4utert den methodischen Ansatz anhand seiner Forschung: Im Rahmen seines Dissertationsprojektes \u201eCloud Ecologies\u201c am Massachusetts Institute of Technology (MIT) hat er Rechenzentren und ihre \u00f6kologischen und politischen Auswirkungen untersucht. Dabei musste er sich zum einen ganz praktisch mit den recht anspruchsvollen Speichertechnologien besch\u00e4ftigen, zum anderen war er an der menschlichen Dimension interessiert:&nbsp; Was lernen wir \u00fcber Rechenzentren, wenn wir die allt\u00e4glichen Praktiken derer beobachten, die diese Zentren instand halten? \u201eMan kann die Forschungsmethode im Sinne der Anthropologie und Ethnologie als teilnehmende Beobachtung beschreiben, bei der die\/der Forschende in das Eigenleben seines\/ihres Forschungsgegenstands eintaucht\u201c, erl\u00e4utert Gonzalez. Wichtig sei es, betont er, sich dabei mit viel Geduld und Offenheit dem Untersuchungsgegenstand zu n\u00e4hern. \u201eMan muss wirklich zuh\u00f6ren und sich auch mal in eine komplexe technische Bedienungsanleitung vertiefen k\u00f6nnen.\u201c An der Goethe-Universit\u00e4t besch\u00e4ftigt er sich unter anderem mit den \u00f6kologischen Sch\u00e4den, die Rechenzentren verursachen. \u201eDatenspeicherung ist f\u00fcr mich eine Technologie f\u00fcr die Zukunft, da man davon ausgeht, dass unsere heutigen Daten irgendwann mal gebraucht werden, ohne genau sagen zu k\u00f6nnen, <em>wof\u00fcr<\/em>. Es zeichnen sich technologische Alternativen zu siliziumbasierten Computersystemen ab, die einen deutlich geringeren \u00f6kologischen Fu\u00dfabdruck und eine weitaus bessere Medienbest\u00e4ndigkeit versprechen\u201c, erkl\u00e4rt er.<\/p>\n\n\n\n<p>Julia Schubert ist Wissenschaftssoziologin und vor allem im Bereich der Klimaforschung unterwegs. Aktuell erforscht sie das Feld der sogenannten Attributionsforschung: Klimaforscher versuchen dabei, individuelle extreme Wetterph\u00e4nomene auf den menschengemachten Klimawandel zur\u00fcckzuf\u00fchren. Schubert interessiert vor allem, wie dieses junge Forschungsfeld den Klimawandel greifbar macht und welchen Einfluss das auf aktuelle Klimapolitik hat: \u201eIn meiner Dissertation hatte ich mich mit Ma\u00dfnahmen des sogenannten Climate Engineering besch\u00e4ftigt. Diese Ma\u00dfnahmen adressieren den Klimawandel als globales Ph\u00e4nomen. Sie zielen also zum Beispiel darauf ab, die Sonneneinstrahlung auf der Erde zu minimieren oder das globale Carbon Budget durch Negativemissionen zu vergr\u00f6\u00dfern. Jetzt befasse ich mich quasi mit der gegens\u00e4tzlichen Perspektive. Bei der Attribution von Extremereignissen wird das Klima im Wetter gesucht. Die Folgen des Klimawandels sollen in Bezug auf ganz konkrete Wetterereignisse wie Hochwasser oder Hitzewellen isoliert werden. Das geht teilweise so weit, dass der Beitrag einzelner L\u00e4nder oder sogar Unternehmen zu konkreten Hitzewellen quantifiziert werden soll. Mich interessiert dabei vor allem, wie dieses Forschungsfeld entstanden ist und wie sich hier wissenschaftliche Fragen mit politischen Herausforderungen verkn\u00fcpfen.\u201c K\u00fcrzlich erst konnte Schubert ihre Arbeit mit f\u00fchrenden Klimaforschern diskutieren. Sehen diese den soziologischen Blick auf ihre Arbeit kritisch? \u201eDer Austausch war sehr positiv; die Forscher sind sich der politischen Brisanz ihrer Arbeit sehr bewusst und wissen nat\u00fcrlich um die Komplexit\u00e4t des Verh\u00e4ltnisses von Wissenschaft und Politik.\u201c Gerade<br>die Naturwissenschaften, so die Erfahrungen von Steven Gonzalez und Julia Schubert, sind auch an einem Austausch zu den gesellschaftspolitischen Implikationen ihrer Arbeit interessiert.&nbsp;<\/p>\n\n\n\n<div style=\"height:20px\" aria-hidden=\"true\" class=\"wp-block-spacer\"><\/div>\n\n\n\n<h4 class=\"wp-block-heading\">Gelebte Vielfalt: Von Science Fiction bis zur UNESCO<\/h4>\n\n\n\n<p>Inter- oder Multidisziplinarit\u00e4t wird bei \u201eFixing Futures\u201c gro\u00df geschrieben: So kommen die jungen Forschenden aus der Humangeographie, Anthropologie und Soziologie. Julia Schubert gef\u00e4llt, wie Interdisziplinarit\u00e4t im Graduiertenkolleg gelebt wird: \u201eDie Doktoranden haben die M\u00f6glichkeit, in den Workshops, Labs und Vorlesungsreihen andere disziplin\u00e4re Forschungszug\u00e4nge kennenzulernen, ohne dass die eigene disziplin\u00e4re Identit\u00e4t in den Hintergrund r\u00fcckt oder Differenzen unsichtbar w\u00fcrden.\u201c<\/p>\n\n\n\n<p>Die Familie von Steven Gonzalez kommt aus Puerto Rico: \u201eMein Schreiben und Forschen ist sicherlich auch sehr stark beeinflusst von meiner Herkunft und Identit\u00e4t. Ich bin zu Forschungszwecken \u00f6fter vor Ort und unterersuche, wie IT-Infrastrukturen lokale Ungerechtigkeiten und Ungleichheiten reproduzieren. In Puerto Rico und anderen Orten, die oft als \u201eglobaler S\u00fcden\u201c bezeichnet werden, verst\u00e4rken technische Infrastrukturen h\u00e4ufig historisch gewachsene und aktuelle koloniale Machtstrukturen. Gonzalez nutzt auch die Literatur als Medium f\u00fcr seine wissenschaftlichen Ideen und Erkenntnisse. Das Spekulative der Literatur stellt f\u00fcr ihn durchaus eine Methode dar. \u201e\u00dcber die Potenziale von Fiction denken mittlerweile auch viele Naturwissenschaftler nach. Wenn die Zukunftsvorstellungen von Wissenschaftlern und Politikern gesellschaftlich relevant sind, sollten die Visionen von Schriftstellern auch geh\u00f6rt\/ernstgenommen werden.\u201c<\/p>\n\n\n\n<p>Auch Julia Schubert bringt ihre Forschung in au\u00dferwissenschaftliche Kontexte ein. 2022 wurde sie in die UNESCO-Weltkommission f\u00fcr Wissenschaftsethik (COMEST) berufen. Anlass war die Befassung der Kommission mit Climate Engineering, Schuberts Spezialgebiet. P\u00fcnktlich zur letzten Weltklimakonferenz wurde der Bericht zu den umstrittenen m\u00f6glichen Folgen und ethischen Herausforderungen der gezielten Klimaintervention abgeschlossen und den UN-Mitgliedstaaten vorgelegt. Als n\u00e4chstes Thema steht nun die menschliche Expansion in den Weltraum auf dem Programm. Bei \u201eFixing Futures\u201c m\u00f6chte man mit den Ergebnissen der Forschung, aber auch mit offenen Fragen in den Diskurs mit anderen Disziplinen und \u00d6ffentlichkeiten eintreten. \u201eIch verstehe mich als public scholar\u201c, unterstreicht Steven Gonzalez; das eigene Wissen f\u00fcr verschiedene Zielgruppen aufzubereiten, sei zwar durchaus herausfordernd, aber auch notwendig, damit die eigene Forschung einen pragmatischen und n\u00fctzlichen Aspekt hat und nicht nur in Fachzeitschriften stattfindet. Erste fruchtbare Gespr\u00e4che beispielsweise mit dem Museum Giersch der Goethe-Universit\u00e4t bez\u00fcglich einer Ausstellung haben bereits stattgefunden. \u201e\u00dcber die Zukunft machen sich alle, vor allem auch jenseits der Universit\u00e4t, irgendwie Gedanken. Diese unterschiedlichen Perspektiven, Motive und Interessen sind f\u00fcr uns und vor allem f\u00fcr unsere Forschung eine gro\u00dfe Bereicherung\u201c, unterstreicht Julia Schubert.<\/p>\n\n\n\n<p class=\"has-background\" style=\"background-color:#eeeeee\"><strong>Website <\/strong>zu \u201eFixing Futures\u201c <a href=\"https:\/\/fixingfutures.eu\">https:\/\/fixingfutures.eu<\/a><\/p>","protected":false},"excerpt":{"rendered":"<p>Julia Schubert und Steven Gonzalez forschen als Postdocs im interdisziplin\u00e4ren Graduiertenkolleg \u201eFixing Futures\u201c und fragen: Was machen Zukunftsvisionen mit dem Jetzt? Wie wird die Zukunft? Angesichts einer Vielzahl an Krisen, [&hellip;]<\/p>\n","protected":false},"author":8,"featured_media":79695,"comment_status":"closed","ping_status":"closed","sticky":false,"template":"","format":"standard","meta":{"_eb_attr":"","_price":"","_stock":"","_tribe_ticket_header":"","_tribe_default_ticket_provider":"","_ticket_start_date":"","_ticket_end_date":"","_tribe_ticket_show_description":"","_tribe_ticket_show_not_going":false,"_tribe_ticket_use_global_stock":"","_tribe_ticket_global_stock_level":"","_global_stock_mode":"","_global_stock_cap":"","_tribe_rsvp_for_event":"","_tribe_ticket_going_count":"","_tribe_ticket_not_going_count":"","_tribe_tickets_list":"[]","_tribe_ticket_has_attendee_info_fields":false,"footnotes":""},"categories":[173],"tags":[48,332],"post_folder":[],"class_list":["post-79694","post","type-post","status-publish","format-standard","has-post-thumbnail","hentry","category-unireport","tag-gesellschaftswissenschaften","tag-unireport-2-24"],"yoast_head":"<!-- This site is optimized with the Yoast SEO plugin v27.5 - https:\/\/yoast.com\/product\/yoast-seo-wordpress\/ -->\n<title>Es gibt nicht nur die \u201eeine\u201c Zukunft | Aktuelles aus der Goethe-Universit\u00e4t Frankfurt<\/title>\n<meta name=\"robots\" content=\"index, follow, max-snippet:-1, max-image-preview:large, max-video-preview:-1\" \/>\n<link rel=\"canonical\" href=\"https:\/\/aktuelles.uni-frankfurt.de\/en\/unireport\/es-gibt-nicht-nur-die-eine-zukunft\/\" \/>\n<meta property=\"og:locale\" content=\"en_GB\" \/>\n<meta property=\"og:type\" content=\"article\" \/>\n<meta property=\"og:title\" content=\"Es gibt nicht nur die \u201eeine\u201c Zukunft | Aktuelles aus der Goethe-Universit\u00e4t Frankfurt\" \/>\n<meta property=\"og:description\" content=\"Julia Schubert und Steven Gonzalez forschen als Postdocs im interdisziplin\u00e4ren Graduiertenkolleg \u201eFixing Futures\u201c und fragen: Was machen Zukunftsvisionen mit dem Jetzt? Wie wird die Zukunft? Angesichts einer Vielzahl an Krisen, [&hellip;]\" \/>\n<meta property=\"og:url\" content=\"https:\/\/aktuelles.uni-frankfurt.de\/en\/unireport\/es-gibt-nicht-nur-die-eine-zukunft\/\" \/>\n<meta property=\"og:site_name\" content=\"Aktuelles aus der Goethe-Universit\u00e4t Frankfurt\" \/>\n<meta property=\"article:published_time\" content=\"2024-04-19T10:07:15+00:00\" \/>\n<meta property=\"article:modified_time\" content=\"2024-04-19T11:39:26+00:00\" \/>\n<meta property=\"og:image\" content=\"https:\/\/aktuelles.uni-frankfurt.de\/wp-content\/uploads\/2024\/04\/07_Es_gibt_nicht_nur_die-_eine_-Zukunft_650x450px.jpg\" \/>\n\t<meta property=\"og:image:width\" content=\"650\" \/>\n\t<meta property=\"og:image:height\" content=\"450\" \/>\n\t<meta property=\"og:image:type\" content=\"image\/jpeg\" \/>\n<meta name=\"author\" content=\"-\" \/>\n<meta name=\"twitter:card\" content=\"summary_large_image\" \/>\n<meta name=\"twitter:label1\" content=\"Written by\" \/>\n\t<meta name=\"twitter:data1\" content=\"-\" \/>\n\t<meta name=\"twitter:label2\" content=\"Estimated reading time\" \/>\n\t<meta name=\"twitter:data2\" content=\"6 minutes\" \/>\n<script type=\"application\/ld+json\" class=\"yoast-schema-graph\">{\"@context\":\"https:\\\/\\\/schema.org\",\"@graph\":[{\"@type\":\"Article\",\"@id\":\"https:\\\/\\\/aktuelles.uni-frankfurt.de\\\/unireport\\\/es-gibt-nicht-nur-die-eine-zukunft\\\/#article\",\"isPartOf\":{\"@id\":\"https:\\\/\\\/aktuelles.uni-frankfurt.de\\\/unireport\\\/es-gibt-nicht-nur-die-eine-zukunft\\\/\"},\"author\":{\"name\":\"-\",\"@id\":\"https:\\\/\\\/aktuelles.uni-frankfurt.de\\\/#\\\/schema\\\/person\\\/8e55ea338fb65d1ce87a91565d1f1739\"},\"headline\":\"Es gibt nicht nur die \u201eeine\u201c Zukunft\",\"datePublished\":\"2024-04-19T10:07:15+00:00\",\"dateModified\":\"2024-04-19T11:39:26+00:00\",\"mainEntityOfPage\":{\"@id\":\"https:\\\/\\\/aktuelles.uni-frankfurt.de\\\/unireport\\\/es-gibt-nicht-nur-die-eine-zukunft\\\/\"},\"wordCount\":1286,\"publisher\":{\"@id\":\"https:\\\/\\\/aktuelles.uni-frankfurt.de\\\/#organization\"},\"image\":{\"@id\":\"https:\\\/\\\/aktuelles.uni-frankfurt.de\\\/unireport\\\/es-gibt-nicht-nur-die-eine-zukunft\\\/#primaryimage\"},\"thumbnailUrl\":\"https:\\\/\\\/aktuelles.uni-frankfurt.de\\\/wp-content\\\/uploads\\\/2024\\\/04\\\/07_Es_gibt_nicht_nur_die-_eine_-Zukunft_650x450px.jpg\",\"keywords\":[\"Gesellschaftswissenschaften\",\"UniReport 2.24\"],\"articleSection\":[\"UniReport\"],\"inLanguage\":\"en-GB\"},{\"@type\":\"WebPage\",\"@id\":\"https:\\\/\\\/aktuelles.uni-frankfurt.de\\\/unireport\\\/es-gibt-nicht-nur-die-eine-zukunft\\\/\",\"url\":\"https:\\\/\\\/aktuelles.uni-frankfurt.de\\\/unireport\\\/es-gibt-nicht-nur-die-eine-zukunft\\\/\",\"name\":\"Es gibt nicht nur die \u201eeine\u201c Zukunft | Aktuelles aus der Goethe-Universit\u00e4t Frankfurt\",\"isPartOf\":{\"@id\":\"https:\\\/\\\/aktuelles.uni-frankfurt.de\\\/#website\"},\"primaryImageOfPage\":{\"@id\":\"https:\\\/\\\/aktuelles.uni-frankfurt.de\\\/unireport\\\/es-gibt-nicht-nur-die-eine-zukunft\\\/#primaryimage\"},\"image\":{\"@id\":\"https:\\\/\\\/aktuelles.uni-frankfurt.de\\\/unireport\\\/es-gibt-nicht-nur-die-eine-zukunft\\\/#primaryimage\"},\"thumbnailUrl\":\"https:\\\/\\\/aktuelles.uni-frankfurt.de\\\/wp-content\\\/uploads\\\/2024\\\/04\\\/07_Es_gibt_nicht_nur_die-_eine_-Zukunft_650x450px.jpg\",\"datePublished\":\"2024-04-19T10:07:15+00:00\",\"dateModified\":\"2024-04-19T11:39:26+00:00\",\"breadcrumb\":{\"@id\":\"https:\\\/\\\/aktuelles.uni-frankfurt.de\\\/unireport\\\/es-gibt-nicht-nur-die-eine-zukunft\\\/#breadcrumb\"},\"inLanguage\":\"en-GB\",\"potentialAction\":[{\"@type\":\"ReadAction\",\"target\":[\"https:\\\/\\\/aktuelles.uni-frankfurt.de\\\/unireport\\\/es-gibt-nicht-nur-die-eine-zukunft\\\/\"]}]},{\"@type\":\"ImageObject\",\"inLanguage\":\"en-GB\",\"@id\":\"https:\\\/\\\/aktuelles.uni-frankfurt.de\\\/unireport\\\/es-gibt-nicht-nur-die-eine-zukunft\\\/#primaryimage\",\"url\":\"https:\\\/\\\/aktuelles.uni-frankfurt.de\\\/wp-content\\\/uploads\\\/2024\\\/04\\\/07_Es_gibt_nicht_nur_die-_eine_-Zukunft_650x450px.jpg\",\"contentUrl\":\"https:\\\/\\\/aktuelles.uni-frankfurt.de\\\/wp-content\\\/uploads\\\/2024\\\/04\\\/07_Es_gibt_nicht_nur_die-_eine_-Zukunft_650x450px.jpg\",\"width\":650,\"height\":450,\"caption\":\"Auch Adorno hat \u00fcber die Zukunft spekuliert: Julia Schubert (r.) und Steven Gonzalez am Schreibtisch des ber\u00fchmten Frankfurters.\"},{\"@type\":\"BreadcrumbList\",\"@id\":\"https:\\\/\\\/aktuelles.uni-frankfurt.de\\\/unireport\\\/es-gibt-nicht-nur-die-eine-zukunft\\\/#breadcrumb\",\"itemListElement\":[{\"@type\":\"ListItem\",\"position\":1,\"name\":\"Startseite\",\"item\":\"https:\\\/\\\/aktuelles.uni-frankfurt.de\\\/\"},{\"@type\":\"ListItem\",\"position\":2,\"name\":\"Es gibt nicht nur die \u201eeine\u201c Zukunft\"}]},{\"@type\":\"WebSite\",\"@id\":\"https:\\\/\\\/aktuelles.uni-frankfurt.de\\\/#website\",\"url\":\"https:\\\/\\\/aktuelles.uni-frankfurt.de\\\/\",\"name\":\"Aktuelles aus der Goethe-Universit\u00e4t Frankfurt\",\"description\":\"Aktuelles aus der Goethe-Universit\u00e4t | Neues aus Forschung, Lehre, Studium\",\"publisher\":{\"@id\":\"https:\\\/\\\/aktuelles.uni-frankfurt.de\\\/#organization\"},\"potentialAction\":[{\"@type\":\"SearchAction\",\"target\":{\"@type\":\"EntryPoint\",\"urlTemplate\":\"https:\\\/\\\/aktuelles.uni-frankfurt.de\\\/?s={search_term_string}\"},\"query-input\":{\"@type\":\"PropertyValueSpecification\",\"valueRequired\":true,\"valueName\":\"search_term_string\"}}],\"inLanguage\":\"en-GB\"},{\"@type\":\"Organization\",\"@id\":\"https:\\\/\\\/aktuelles.uni-frankfurt.de\\\/#organization\",\"name\":\"Goethe-Universit\u00e4t\",\"url\":\"https:\\\/\\\/aktuelles.uni-frankfurt.de\\\/\",\"logo\":{\"@type\":\"ImageObject\",\"inLanguage\":\"en-GB\",\"@id\":\"https:\\\/\\\/aktuelles.uni-frankfurt.de\\\/#\\\/schema\\\/logo\\\/image\\\/\",\"url\":\"https:\\\/\\\/aktuelles.uni-frankfurt.de\\\/wp-content\\\/uploads\\\/2022\\\/03\\\/800px-Goethe-Logo.png\",\"contentUrl\":\"https:\\\/\\\/aktuelles.uni-frankfurt.de\\\/wp-content\\\/uploads\\\/2022\\\/03\\\/800px-Goethe-Logo.png\",\"width\":800,\"height\":436,\"caption\":\"Goethe-Universit\u00e4t\"},\"image\":{\"@id\":\"https:\\\/\\\/aktuelles.uni-frankfurt.de\\\/#\\\/schema\\\/logo\\\/image\\\/\"}},{\"@type\":\"Person\",\"@id\":\"https:\\\/\\\/aktuelles.uni-frankfurt.de\\\/#\\\/schema\\\/person\\\/8e55ea338fb65d1ce87a91565d1f1739\",\"name\":\"-\",\"description\":\"Dieser Beitrag wurde von der Online-Redaktion ver\u00f6ffentlicht. Wenn der Beitrag von einem Gastautoren verfasst wurde, findet sich dieser Hinweis am Ende des jeweiligen Artikels.\",\"sameAs\":[\"http:\\\/\\\/aktuelles.uni-frankfurt.de\\\/autoren\"],\"url\":\"https:\\\/\\\/aktuelles.uni-frankfurt.de\\\/en\\\/author\\\/redaktion\\\/\"}]}<\/script>\n<!-- \/ Yoast SEO plugin. -->","yoast_head_json":{"title":"Es gibt nicht nur die \u201eeine\u201c Zukunft | Aktuelles aus der Goethe-Universit\u00e4t Frankfurt","robots":{"index":"index","follow":"follow","max-snippet":"max-snippet:-1","max-image-preview":"max-image-preview:large","max-video-preview":"max-video-preview:-1"},"canonical":"https:\/\/aktuelles.uni-frankfurt.de\/en\/unireport\/es-gibt-nicht-nur-die-eine-zukunft\/","og_locale":"en_GB","og_type":"article","og_title":"Es gibt nicht nur die \u201eeine\u201c Zukunft | Aktuelles aus der Goethe-Universit\u00e4t Frankfurt","og_description":"Julia Schubert und Steven Gonzalez forschen als Postdocs im interdisziplin\u00e4ren Graduiertenkolleg \u201eFixing Futures\u201c und fragen: Was machen Zukunftsvisionen mit dem Jetzt? Wie wird die Zukunft? Angesichts einer Vielzahl an Krisen, [&hellip;]","og_url":"https:\/\/aktuelles.uni-frankfurt.de\/en\/unireport\/es-gibt-nicht-nur-die-eine-zukunft\/","og_site_name":"Aktuelles aus der Goethe-Universit\u00e4t Frankfurt","article_published_time":"2024-04-19T10:07:15+00:00","article_modified_time":"2024-04-19T11:39:26+00:00","og_image":[{"width":650,"height":450,"url":"https:\/\/aktuelles.uni-frankfurt.de\/wp-content\/uploads\/2024\/04\/07_Es_gibt_nicht_nur_die-_eine_-Zukunft_650x450px.jpg","type":"image\/jpeg"}],"author":"-","twitter_card":"summary_large_image","twitter_misc":{"Written by":"-","Estimated reading time":"6 minutes"},"schema":{"@context":"https:\/\/schema.org","@graph":[{"@type":"Article","@id":"https:\/\/aktuelles.uni-frankfurt.de\/unireport\/es-gibt-nicht-nur-die-eine-zukunft\/#article","isPartOf":{"@id":"https:\/\/aktuelles.uni-frankfurt.de\/unireport\/es-gibt-nicht-nur-die-eine-zukunft\/"},"author":{"name":"-","@id":"https:\/\/aktuelles.uni-frankfurt.de\/#\/schema\/person\/8e55ea338fb65d1ce87a91565d1f1739"},"headline":"Es gibt nicht nur die \u201eeine\u201c Zukunft","datePublished":"2024-04-19T10:07:15+00:00","dateModified":"2024-04-19T11:39:26+00:00","mainEntityOfPage":{"@id":"https:\/\/aktuelles.uni-frankfurt.de\/unireport\/es-gibt-nicht-nur-die-eine-zukunft\/"},"wordCount":1286,"publisher":{"@id":"https:\/\/aktuelles.uni-frankfurt.de\/#organization"},"image":{"@id":"https:\/\/aktuelles.uni-frankfurt.de\/unireport\/es-gibt-nicht-nur-die-eine-zukunft\/#primaryimage"},"thumbnailUrl":"https:\/\/aktuelles.uni-frankfurt.de\/wp-content\/uploads\/2024\/04\/07_Es_gibt_nicht_nur_die-_eine_-Zukunft_650x450px.jpg","keywords":["Gesellschaftswissenschaften","UniReport 2.24"],"articleSection":["UniReport"],"inLanguage":"en-GB"},{"@type":"WebPage","@id":"https:\/\/aktuelles.uni-frankfurt.de\/unireport\/es-gibt-nicht-nur-die-eine-zukunft\/","url":"https:\/\/aktuelles.uni-frankfurt.de\/unireport\/es-gibt-nicht-nur-die-eine-zukunft\/","name":"Es gibt nicht nur die \u201eeine\u201c Zukunft | Aktuelles aus der Goethe-Universit\u00e4t Frankfurt","isPartOf":{"@id":"https:\/\/aktuelles.uni-frankfurt.de\/#website"},"primaryImageOfPage":{"@id":"https:\/\/aktuelles.uni-frankfurt.de\/unireport\/es-gibt-nicht-nur-die-eine-zukunft\/#primaryimage"},"image":{"@id":"https:\/\/aktuelles.uni-frankfurt.de\/unireport\/es-gibt-nicht-nur-die-eine-zukunft\/#primaryimage"},"thumbnailUrl":"https:\/\/aktuelles.uni-frankfurt.de\/wp-content\/uploads\/2024\/04\/07_Es_gibt_nicht_nur_die-_eine_-Zukunft_650x450px.jpg","datePublished":"2024-04-19T10:07:15+00:00","dateModified":"2024-04-19T11:39:26+00:00","breadcrumb":{"@id":"https:\/\/aktuelles.uni-frankfurt.de\/unireport\/es-gibt-nicht-nur-die-eine-zukunft\/#breadcrumb"},"inLanguage":"en-GB","potentialAction":[{"@type":"ReadAction","target":["https:\/\/aktuelles.uni-frankfurt.de\/unireport\/es-gibt-nicht-nur-die-eine-zukunft\/"]}]},{"@type":"ImageObject","inLanguage":"en-GB","@id":"https:\/\/aktuelles.uni-frankfurt.de\/unireport\/es-gibt-nicht-nur-die-eine-zukunft\/#primaryimage","url":"https:\/\/aktuelles.uni-frankfurt.de\/wp-content\/uploads\/2024\/04\/07_Es_gibt_nicht_nur_die-_eine_-Zukunft_650x450px.jpg","contentUrl":"https:\/\/aktuelles.uni-frankfurt.de\/wp-content\/uploads\/2024\/04\/07_Es_gibt_nicht_nur_die-_eine_-Zukunft_650x450px.jpg","width":650,"height":450,"caption":"Auch Adorno hat \u00fcber die Zukunft spekuliert: Julia Schubert (r.) und Steven Gonzalez am Schreibtisch des ber\u00fchmten Frankfurters."},{"@type":"BreadcrumbList","@id":"https:\/\/aktuelles.uni-frankfurt.de\/unireport\/es-gibt-nicht-nur-die-eine-zukunft\/#breadcrumb","itemListElement":[{"@type":"ListItem","position":1,"name":"Startseite","item":"https:\/\/aktuelles.uni-frankfurt.de\/"},{"@type":"ListItem","position":2,"name":"Es gibt nicht nur die \u201eeine\u201c Zukunft"}]},{"@type":"WebSite","@id":"https:\/\/aktuelles.uni-frankfurt.de\/#website","url":"https:\/\/aktuelles.uni-frankfurt.de\/","name":"Aktuelles aus der Goethe-Universit\u00e4t Frankfurt","description":"Aktuelles aus der Goethe-Universit\u00e4t | Neues aus Forschung, Lehre, Studium","publisher":{"@id":"https:\/\/aktuelles.uni-frankfurt.de\/#organization"},"potentialAction":[{"@type":"SearchAction","target":{"@type":"EntryPoint","urlTemplate":"https:\/\/aktuelles.uni-frankfurt.de\/?s={search_term_string}"},"query-input":{"@type":"PropertyValueSpecification","valueRequired":true,"valueName":"search_term_string"}}],"inLanguage":"en-GB"},{"@type":"Organization","@id":"https:\/\/aktuelles.uni-frankfurt.de\/#organization","name":"Goethe University Frankfurt","url":"https:\/\/aktuelles.uni-frankfurt.de\/","logo":{"@type":"ImageObject","inLanguage":"en-GB","@id":"https:\/\/aktuelles.uni-frankfurt.de\/#\/schema\/logo\/image\/","url":"https:\/\/aktuelles.uni-frankfurt.de\/wp-content\/uploads\/2022\/03\/800px-Goethe-Logo.png","contentUrl":"https:\/\/aktuelles.uni-frankfurt.de\/wp-content\/uploads\/2022\/03\/800px-Goethe-Logo.png","width":800,"height":436,"caption":"Goethe-Universit\u00e4t"},"image":{"@id":"https:\/\/aktuelles.uni-frankfurt.de\/#\/schema\/logo\/image\/"}},{"@type":"Person","@id":"https:\/\/aktuelles.uni-frankfurt.de\/#\/schema\/person\/8e55ea338fb65d1ce87a91565d1f1739","name":"-","description":"Dieser Beitrag wurde von der Online-Redaktion ver\u00f6ffentlicht. Wenn der Beitrag von einem Gastautoren verfasst wurde, findet sich dieser Hinweis am Ende des jeweiligen Artikels.","sameAs":["http:\/\/aktuelles.uni-frankfurt.de\/autoren"],"url":"https:\/\/aktuelles.uni-frankfurt.de\/en\/author\/redaktion\/"}]}},"_links":{"self":[{"href":"https:\/\/aktuelles.uni-frankfurt.de\/en\/wp-json\/wp\/v2\/posts\/79694","targetHints":{"allow":["GET"]}}],"collection":[{"href":"https:\/\/aktuelles.uni-frankfurt.de\/en\/wp-json\/wp\/v2\/posts"}],"about":[{"href":"https:\/\/aktuelles.uni-frankfurt.de\/en\/wp-json\/wp\/v2\/types\/post"}],"author":[{"embeddable":true,"href":"https:\/\/aktuelles.uni-frankfurt.de\/en\/wp-json\/wp\/v2\/users\/8"}],"replies":[{"embeddable":true,"href":"https:\/\/aktuelles.uni-frankfurt.de\/en\/wp-json\/wp\/v2\/comments?post=79694"}],"version-history":[{"count":0,"href":"https:\/\/aktuelles.uni-frankfurt.de\/en\/wp-json\/wp\/v2\/posts\/79694\/revisions"}],"wp:featuredmedia":[{"embeddable":true,"href":"https:\/\/aktuelles.uni-frankfurt.de\/en\/wp-json\/wp\/v2\/media\/79695"}],"wp:attachment":[{"href":"https:\/\/aktuelles.uni-frankfurt.de\/en\/wp-json\/wp\/v2\/media?parent=79694"}],"wp:term":[{"taxonomy":"category","embeddable":true,"href":"https:\/\/aktuelles.uni-frankfurt.de\/en\/wp-json\/wp\/v2\/categories?post=79694"},{"taxonomy":"post_tag","embeddable":true,"href":"https:\/\/aktuelles.uni-frankfurt.de\/en\/wp-json\/wp\/v2\/tags?post=79694"},{"taxonomy":"post_folder","embeddable":true,"href":"https:\/\/aktuelles.uni-frankfurt.de\/en\/wp-json\/wp\/v2\/post_folder?post=79694"}],"curies":[{"name":"wp","href":"https:\/\/api.w.org\/{rel}","templated":true}]}}