{"id":79778,"date":"2024-05-03T09:55:58","date_gmt":"2024-05-03T07:55:58","guid":{"rendered":"https:\/\/aktuelles.uni-frankfurt.de\/?p=79778"},"modified":"2024-05-03T09:55:59","modified_gmt":"2024-05-03T07:55:59","slug":"aris-fioretos-wird-neuer-frankfurter-poetikdozent","status":"publish","type":"post","link":"https:\/\/aktuelles.uni-frankfurt.de\/en\/unireport\/aris-fioretos-wird-neuer-frankfurter-poetikdozent\/","title":{"rendered":"Aris Fioretos wird neuer Frankfurter Poetikdozent"},"content":{"rendered":"<figure class=\"wp-block-image alignleft size-large is-resized\"><img fetchpriority=\"high\" decoding=\"async\" width=\"500\" height=\"346\" src=\"https:\/\/aktuelles.uni-frankfurt.de\/wp-content\/uploads\/2024\/05\/beitragsbild_Ueber_einen_Schriftsteller_und_seinen_Koerper-500x346.jpg\" alt=\"\" class=\"wp-image-79785\" style=\"width:420px;height:auto\" srcset=\"https:\/\/aktuelles.uni-frankfurt.de\/wp-content\/uploads\/2024\/05\/beitragsbild_Ueber_einen_Schriftsteller_und_seinen_Koerper-500x346.jpg 500w, https:\/\/aktuelles.uni-frankfurt.de\/wp-content\/uploads\/2024\/05\/beitragsbild_Ueber_einen_Schriftsteller_und_seinen_Koerper-300x208.jpg 300w, https:\/\/aktuelles.uni-frankfurt.de\/wp-content\/uploads\/2024\/05\/beitragsbild_Ueber_einen_Schriftsteller_und_seinen_Koerper-18x12.jpg 18w, https:\/\/aktuelles.uni-frankfurt.de\/wp-content\/uploads\/2024\/05\/beitragsbild_Ueber_einen_Schriftsteller_und_seinen_Koerper.jpg 650w\" sizes=\"(max-width: 500px) 100vw, 500px\" \/><\/figure>\n\n\n\n<p>Der Solarplexus ist ein komplexes, strahlenf\u00f6rmiges Netzwerk im K\u00f6rper. Zwischen Magen und Aorta liegend, werden \u00fcber das sogenannte Sonnengeflecht Informationen zwischen Gehirn und Organen ausgetauscht. \u00c4ltere Schriften verorten hier sogar einen Teil der Seele. Was zun\u00e4chst nach einer Anatomievorlesung des medizinischen Fachbereiches klingen mag, ist das Thema der diesj\u00e4hrigen Frankfurter Poetikvorlesungen von Aris Fioretos. Schon in seinen Fallgeschichten <em>Atlas<\/em> (dt. 2020) vermisst er die Grenzbereiche zwischen K\u00f6rper und Seele und vermischt dabei Erkenntnisse der Medizin um 1900 mit der fiktionalen Geschichte der Romanfigur Nelly B. Das Buch wurde, wie die meisten des schwedischen Autors mit griechisch-\u00f6sterreichischen Wurzeln, von Paul Berf ins Deutsche \u00fcbersetzt.<\/p>\n\n\n\n<p>Der 1960 in G\u00f6teborg geborene Aris Fioretos ist gegenw\u00e4rtig einer der vielseitigsten europ\u00e4ischen Intellektuellen. Neben Romanen wie unter anderem <em>Der letzte Grieche <\/em>(dt. 2011), <em>Nelly B.s Herz<\/em> (dt. 2020) oder <em>Die d\u00fcnnen G\u00f6tter<\/em> (dt. 2024) hat er Essays wie <em>Das Ma\u00df eines Fu\u00dfes<\/em> (dt. 2008) publiziert, aber auch die erste Werkausgabe von Nelly Sachs (2010\/11) herausgegeben und zu Friedrich H\u00f6lderlin, Walter Benjamin und Paul Celan literaturwissenschaftlich gearbeitet. Seit 2010 lehrt er als Professor f\u00fcr \u00c4sthetik an der Hochschule S\u00f6dert\u00f6rn bei Stockholm. Dar\u00fcber hinaus ist er auch als \u00dcbersetzer ins Schwedische, unter anderem von Paul Auster, Vladimir Nabokov und Jan Wagner, in Erscheinung getreten. F\u00fcr sein bisheriges Werk wurde Aris Fioretos vielfach ausgezeichnet: unter anderem. mit dem Literaturpreis der SWR-Bestenliste (2011), dem Jeanette Schocken Preis der Stadt Bremerhaven (2017). Au\u00dferdem erhielt er 2020 das Bundesverdienstkreuz.<\/p>\n\n\n\n<p>Aris Fioretos\u2018 Poetikvorlesungen an der Goethe-Universit\u00e4t werden in deutscher Sprache gehalten. Ein wissenschaftlicher Workshop sowie die abschlie\u00dfende Lesung im Frankfurter Literaturhaus rahmen die Vorlesungen.<\/p>\n\n\n\n<p class=\"has-text-align-right\"><em>Autor: Maximilian Koch<\/em><\/p>","protected":false},"excerpt":{"rendered":"<p>Der Solarplexus ist ein komplexes, strahlenf\u00f6rmiges Netzwerk im K\u00f6rper. Zwischen Magen und Aorta liegend, werden \u00fcber das sogenannte Sonnengeflecht Informationen zwischen Gehirn und Organen ausgetauscht. \u00c4ltere Schriften verorten hier sogar [&hellip;]<\/p>\n","protected":false},"author":8,"featured_media":79785,"comment_status":"closed","ping_status":"closed","sticky":false,"template":"","format":"standard","meta":{"_eb_attr":"","_price":"","_stock":"","_tribe_ticket_header":"","_tribe_default_ticket_provider":"","_ticket_start_date":"","_ticket_end_date":"","_tribe_ticket_show_description":"","_tribe_ticket_show_not_going":false,"_tribe_ticket_use_global_stock":"","_tribe_ticket_global_stock_level":"","_global_stock_mode":"","_global_stock_cap":"","_tribe_rsvp_for_event":"","_tribe_ticket_going_count":"","_tribe_ticket_not_going_count":"","_tribe_tickets_list":"[]","_tribe_ticket_has_attendee_info_fields":false,"footnotes":""},"categories":[173],"tags":[67,332],"post_folder":[],"class_list":["post-79778","post","type-post","status-publish","format-standard","has-post-thumbnail","hentry","category-unireport","tag-poetikvorlesung","tag-unireport-2-24"],"yoast_head":"<!-- This site is optimized with the Yoast SEO plugin v27.5 - https:\/\/yoast.com\/product\/yoast-seo-wordpress\/ -->\n<title>Aris Fioretos wird neuer Frankfurter Poetikdozent | Aktuelles aus der Goethe-Universit\u00e4t Frankfurt<\/title>\n<meta name=\"robots\" content=\"index, follow, max-snippet:-1, max-image-preview:large, max-video-preview:-1\" \/>\n<link rel=\"canonical\" href=\"https:\/\/aktuelles.uni-frankfurt.de\/en\/unireport\/aris-fioretos-wird-neuer-frankfurter-poetikdozent\/\" \/>\n<meta property=\"og:locale\" content=\"en_GB\" \/>\n<meta property=\"og:type\" content=\"article\" \/>\n<meta property=\"og:title\" content=\"Aris Fioretos wird neuer Frankfurter Poetikdozent | Aktuelles aus der Goethe-Universit\u00e4t Frankfurt\" \/>\n<meta property=\"og:description\" content=\"Der Solarplexus ist ein komplexes, strahlenf\u00f6rmiges Netzwerk im K\u00f6rper. Zwischen Magen und Aorta liegend, werden \u00fcber das sogenannte Sonnengeflecht Informationen zwischen Gehirn und Organen ausgetauscht. \u00c4ltere Schriften verorten hier sogar [&hellip;]\" \/>\n<meta property=\"og:url\" content=\"https:\/\/aktuelles.uni-frankfurt.de\/en\/unireport\/aris-fioretos-wird-neuer-frankfurter-poetikdozent\/\" \/>\n<meta property=\"og:site_name\" content=\"Aktuelles aus der Goethe-Universit\u00e4t Frankfurt\" \/>\n<meta property=\"article:published_time\" content=\"2024-05-03T07:55:58+00:00\" \/>\n<meta property=\"article:modified_time\" content=\"2024-05-03T07:55:59+00:00\" \/>\n<meta property=\"og:image\" content=\"https:\/\/aktuelles.uni-frankfurt.de\/wp-content\/uploads\/2024\/05\/beitragsbild_Ueber_einen_Schriftsteller_und_seinen_Koerper.jpg\" \/>\n\t<meta property=\"og:image:width\" content=\"650\" \/>\n\t<meta property=\"og:image:height\" content=\"450\" \/>\n\t<meta property=\"og:image:type\" content=\"image\/jpeg\" \/>\n<meta name=\"author\" content=\"-\" \/>\n<meta name=\"twitter:card\" content=\"summary_large_image\" \/>\n<meta name=\"twitter:label1\" content=\"Written by\" \/>\n\t<meta name=\"twitter:data1\" content=\"-\" \/>\n\t<meta name=\"twitter:label2\" content=\"Estimated reading time\" \/>\n\t<meta name=\"twitter:data2\" content=\"1 minute\" \/>\n<script type=\"application\/ld+json\" class=\"yoast-schema-graph\">{\"@context\":\"https:\\\/\\\/schema.org\",\"@graph\":[{\"@type\":\"Article\",\"@id\":\"https:\\\/\\\/aktuelles.uni-frankfurt.de\\\/unireport\\\/aris-fioretos-wird-neuer-frankfurter-poetikdozent\\\/#article\",\"isPartOf\":{\"@id\":\"https:\\\/\\\/aktuelles.uni-frankfurt.de\\\/unireport\\\/aris-fioretos-wird-neuer-frankfurter-poetikdozent\\\/\"},\"author\":{\"name\":\"-\",\"@id\":\"https:\\\/\\\/aktuelles.uni-frankfurt.de\\\/#\\\/schema\\\/person\\\/8e55ea338fb65d1ce87a91565d1f1739\"},\"headline\":\"Aris Fioretos wird neuer Frankfurter Poetikdozent\",\"datePublished\":\"2024-05-03T07:55:58+00:00\",\"dateModified\":\"2024-05-03T07:55:59+00:00\",\"mainEntityOfPage\":{\"@id\":\"https:\\\/\\\/aktuelles.uni-frankfurt.de\\\/unireport\\\/aris-fioretos-wird-neuer-frankfurter-poetikdozent\\\/\"},\"wordCount\":280,\"publisher\":{\"@id\":\"https:\\\/\\\/aktuelles.uni-frankfurt.de\\\/#organization\"},\"image\":{\"@id\":\"https:\\\/\\\/aktuelles.uni-frankfurt.de\\\/unireport\\\/aris-fioretos-wird-neuer-frankfurter-poetikdozent\\\/#primaryimage\"},\"thumbnailUrl\":\"https:\\\/\\\/aktuelles.uni-frankfurt.de\\\/wp-content\\\/uploads\\\/2024\\\/05\\\/beitragsbild_Ueber_einen_Schriftsteller_und_seinen_Koerper.jpg\",\"keywords\":[\"Poetikvorlesung\",\"UniReport 2.24\"],\"articleSection\":[\"UniReport\"],\"inLanguage\":\"en-GB\"},{\"@type\":\"WebPage\",\"@id\":\"https:\\\/\\\/aktuelles.uni-frankfurt.de\\\/unireport\\\/aris-fioretos-wird-neuer-frankfurter-poetikdozent\\\/\",\"url\":\"https:\\\/\\\/aktuelles.uni-frankfurt.de\\\/unireport\\\/aris-fioretos-wird-neuer-frankfurter-poetikdozent\\\/\",\"name\":\"Aris Fioretos wird neuer Frankfurter Poetikdozent | Aktuelles aus der Goethe-Universit\u00e4t Frankfurt\",\"isPartOf\":{\"@id\":\"https:\\\/\\\/aktuelles.uni-frankfurt.de\\\/#website\"},\"primaryImageOfPage\":{\"@id\":\"https:\\\/\\\/aktuelles.uni-frankfurt.de\\\/unireport\\\/aris-fioretos-wird-neuer-frankfurter-poetikdozent\\\/#primaryimage\"},\"image\":{\"@id\":\"https:\\\/\\\/aktuelles.uni-frankfurt.de\\\/unireport\\\/aris-fioretos-wird-neuer-frankfurter-poetikdozent\\\/#primaryimage\"},\"thumbnailUrl\":\"https:\\\/\\\/aktuelles.uni-frankfurt.de\\\/wp-content\\\/uploads\\\/2024\\\/05\\\/beitragsbild_Ueber_einen_Schriftsteller_und_seinen_Koerper.jpg\",\"datePublished\":\"2024-05-03T07:55:58+00:00\",\"dateModified\":\"2024-05-03T07:55:59+00:00\",\"breadcrumb\":{\"@id\":\"https:\\\/\\\/aktuelles.uni-frankfurt.de\\\/unireport\\\/aris-fioretos-wird-neuer-frankfurter-poetikdozent\\\/#breadcrumb\"},\"inLanguage\":\"en-GB\",\"potentialAction\":[{\"@type\":\"ReadAction\",\"target\":[\"https:\\\/\\\/aktuelles.uni-frankfurt.de\\\/unireport\\\/aris-fioretos-wird-neuer-frankfurter-poetikdozent\\\/\"]}]},{\"@type\":\"ImageObject\",\"inLanguage\":\"en-GB\",\"@id\":\"https:\\\/\\\/aktuelles.uni-frankfurt.de\\\/unireport\\\/aris-fioretos-wird-neuer-frankfurter-poetikdozent\\\/#primaryimage\",\"url\":\"https:\\\/\\\/aktuelles.uni-frankfurt.de\\\/wp-content\\\/uploads\\\/2024\\\/05\\\/beitragsbild_Ueber_einen_Schriftsteller_und_seinen_Koerper.jpg\",\"contentUrl\":\"https:\\\/\\\/aktuelles.uni-frankfurt.de\\\/wp-content\\\/uploads\\\/2024\\\/05\\\/beitragsbild_Ueber_einen_Schriftsteller_und_seinen_Koerper.jpg\",\"width\":650,\"height\":450},{\"@type\":\"BreadcrumbList\",\"@id\":\"https:\\\/\\\/aktuelles.uni-frankfurt.de\\\/unireport\\\/aris-fioretos-wird-neuer-frankfurter-poetikdozent\\\/#breadcrumb\",\"itemListElement\":[{\"@type\":\"ListItem\",\"position\":1,\"name\":\"Startseite\",\"item\":\"https:\\\/\\\/aktuelles.uni-frankfurt.de\\\/\"},{\"@type\":\"ListItem\",\"position\":2,\"name\":\"Aris Fioretos wird neuer Frankfurter Poetikdozent\"}]},{\"@type\":\"WebSite\",\"@id\":\"https:\\\/\\\/aktuelles.uni-frankfurt.de\\\/#website\",\"url\":\"https:\\\/\\\/aktuelles.uni-frankfurt.de\\\/\",\"name\":\"Aktuelles aus der Goethe-Universit\u00e4t Frankfurt\",\"description\":\"Aktuelles aus der Goethe-Universit\u00e4t | Neues aus Forschung, Lehre, Studium\",\"publisher\":{\"@id\":\"https:\\\/\\\/aktuelles.uni-frankfurt.de\\\/#organization\"},\"potentialAction\":[{\"@type\":\"SearchAction\",\"target\":{\"@type\":\"EntryPoint\",\"urlTemplate\":\"https:\\\/\\\/aktuelles.uni-frankfurt.de\\\/?s={search_term_string}\"},\"query-input\":{\"@type\":\"PropertyValueSpecification\",\"valueRequired\":true,\"valueName\":\"search_term_string\"}}],\"inLanguage\":\"en-GB\"},{\"@type\":\"Organization\",\"@id\":\"https:\\\/\\\/aktuelles.uni-frankfurt.de\\\/#organization\",\"name\":\"Goethe-Universit\u00e4t\",\"url\":\"https:\\\/\\\/aktuelles.uni-frankfurt.de\\\/\",\"logo\":{\"@type\":\"ImageObject\",\"inLanguage\":\"en-GB\",\"@id\":\"https:\\\/\\\/aktuelles.uni-frankfurt.de\\\/#\\\/schema\\\/logo\\\/image\\\/\",\"url\":\"https:\\\/\\\/aktuelles.uni-frankfurt.de\\\/wp-content\\\/uploads\\\/2022\\\/03\\\/800px-Goethe-Logo.png\",\"contentUrl\":\"https:\\\/\\\/aktuelles.uni-frankfurt.de\\\/wp-content\\\/uploads\\\/2022\\\/03\\\/800px-Goethe-Logo.png\",\"width\":800,\"height\":436,\"caption\":\"Goethe-Universit\u00e4t\"},\"image\":{\"@id\":\"https:\\\/\\\/aktuelles.uni-frankfurt.de\\\/#\\\/schema\\\/logo\\\/image\\\/\"}},{\"@type\":\"Person\",\"@id\":\"https:\\\/\\\/aktuelles.uni-frankfurt.de\\\/#\\\/schema\\\/person\\\/8e55ea338fb65d1ce87a91565d1f1739\",\"name\":\"-\",\"description\":\"Dieser Beitrag wurde von der Online-Redaktion ver\u00f6ffentlicht. Wenn der Beitrag von einem Gastautoren verfasst wurde, findet sich dieser Hinweis am Ende des jeweiligen Artikels.\",\"sameAs\":[\"http:\\\/\\\/aktuelles.uni-frankfurt.de\\\/autoren\"],\"url\":\"https:\\\/\\\/aktuelles.uni-frankfurt.de\\\/en\\\/author\\\/redaktion\\\/\"}]}<\/script>\n<!-- \/ Yoast SEO plugin. -->","yoast_head_json":{"title":"Aris Fioretos wird neuer Frankfurter Poetikdozent | Aktuelles aus der Goethe-Universit\u00e4t Frankfurt","robots":{"index":"index","follow":"follow","max-snippet":"max-snippet:-1","max-image-preview":"max-image-preview:large","max-video-preview":"max-video-preview:-1"},"canonical":"https:\/\/aktuelles.uni-frankfurt.de\/en\/unireport\/aris-fioretos-wird-neuer-frankfurter-poetikdozent\/","og_locale":"en_GB","og_type":"article","og_title":"Aris Fioretos wird neuer Frankfurter Poetikdozent | Aktuelles aus der Goethe-Universit\u00e4t Frankfurt","og_description":"Der Solarplexus ist ein komplexes, strahlenf\u00f6rmiges Netzwerk im K\u00f6rper. Zwischen Magen und Aorta liegend, werden \u00fcber das sogenannte Sonnengeflecht Informationen zwischen Gehirn und Organen ausgetauscht. \u00c4ltere Schriften verorten hier sogar [&hellip;]","og_url":"https:\/\/aktuelles.uni-frankfurt.de\/en\/unireport\/aris-fioretos-wird-neuer-frankfurter-poetikdozent\/","og_site_name":"Aktuelles aus der Goethe-Universit\u00e4t Frankfurt","article_published_time":"2024-05-03T07:55:58+00:00","article_modified_time":"2024-05-03T07:55:59+00:00","og_image":[{"width":650,"height":450,"url":"https:\/\/aktuelles.uni-frankfurt.de\/wp-content\/uploads\/2024\/05\/beitragsbild_Ueber_einen_Schriftsteller_und_seinen_Koerper.jpg","type":"image\/jpeg"}],"author":"-","twitter_card":"summary_large_image","twitter_misc":{"Written by":"-","Estimated reading time":"1 minute"},"schema":{"@context":"https:\/\/schema.org","@graph":[{"@type":"Article","@id":"https:\/\/aktuelles.uni-frankfurt.de\/unireport\/aris-fioretos-wird-neuer-frankfurter-poetikdozent\/#article","isPartOf":{"@id":"https:\/\/aktuelles.uni-frankfurt.de\/unireport\/aris-fioretos-wird-neuer-frankfurter-poetikdozent\/"},"author":{"name":"-","@id":"https:\/\/aktuelles.uni-frankfurt.de\/#\/schema\/person\/8e55ea338fb65d1ce87a91565d1f1739"},"headline":"Aris Fioretos wird neuer Frankfurter Poetikdozent","datePublished":"2024-05-03T07:55:58+00:00","dateModified":"2024-05-03T07:55:59+00:00","mainEntityOfPage":{"@id":"https:\/\/aktuelles.uni-frankfurt.de\/unireport\/aris-fioretos-wird-neuer-frankfurter-poetikdozent\/"},"wordCount":280,"publisher":{"@id":"https:\/\/aktuelles.uni-frankfurt.de\/#organization"},"image":{"@id":"https:\/\/aktuelles.uni-frankfurt.de\/unireport\/aris-fioretos-wird-neuer-frankfurter-poetikdozent\/#primaryimage"},"thumbnailUrl":"https:\/\/aktuelles.uni-frankfurt.de\/wp-content\/uploads\/2024\/05\/beitragsbild_Ueber_einen_Schriftsteller_und_seinen_Koerper.jpg","keywords":["Poetikvorlesung","UniReport 2.24"],"articleSection":["UniReport"],"inLanguage":"en-GB"},{"@type":"WebPage","@id":"https:\/\/aktuelles.uni-frankfurt.de\/unireport\/aris-fioretos-wird-neuer-frankfurter-poetikdozent\/","url":"https:\/\/aktuelles.uni-frankfurt.de\/unireport\/aris-fioretos-wird-neuer-frankfurter-poetikdozent\/","name":"Aris Fioretos wird neuer Frankfurter Poetikdozent | Aktuelles aus der Goethe-Universit\u00e4t Frankfurt","isPartOf":{"@id":"https:\/\/aktuelles.uni-frankfurt.de\/#website"},"primaryImageOfPage":{"@id":"https:\/\/aktuelles.uni-frankfurt.de\/unireport\/aris-fioretos-wird-neuer-frankfurter-poetikdozent\/#primaryimage"},"image":{"@id":"https:\/\/aktuelles.uni-frankfurt.de\/unireport\/aris-fioretos-wird-neuer-frankfurter-poetikdozent\/#primaryimage"},"thumbnailUrl":"https:\/\/aktuelles.uni-frankfurt.de\/wp-content\/uploads\/2024\/05\/beitragsbild_Ueber_einen_Schriftsteller_und_seinen_Koerper.jpg","datePublished":"2024-05-03T07:55:58+00:00","dateModified":"2024-05-03T07:55:59+00:00","breadcrumb":{"@id":"https:\/\/aktuelles.uni-frankfurt.de\/unireport\/aris-fioretos-wird-neuer-frankfurter-poetikdozent\/#breadcrumb"},"inLanguage":"en-GB","potentialAction":[{"@type":"ReadAction","target":["https:\/\/aktuelles.uni-frankfurt.de\/unireport\/aris-fioretos-wird-neuer-frankfurter-poetikdozent\/"]}]},{"@type":"ImageObject","inLanguage":"en-GB","@id":"https:\/\/aktuelles.uni-frankfurt.de\/unireport\/aris-fioretos-wird-neuer-frankfurter-poetikdozent\/#primaryimage","url":"https:\/\/aktuelles.uni-frankfurt.de\/wp-content\/uploads\/2024\/05\/beitragsbild_Ueber_einen_Schriftsteller_und_seinen_Koerper.jpg","contentUrl":"https:\/\/aktuelles.uni-frankfurt.de\/wp-content\/uploads\/2024\/05\/beitragsbild_Ueber_einen_Schriftsteller_und_seinen_Koerper.jpg","width":650,"height":450},{"@type":"BreadcrumbList","@id":"https:\/\/aktuelles.uni-frankfurt.de\/unireport\/aris-fioretos-wird-neuer-frankfurter-poetikdozent\/#breadcrumb","itemListElement":[{"@type":"ListItem","position":1,"name":"Startseite","item":"https:\/\/aktuelles.uni-frankfurt.de\/"},{"@type":"ListItem","position":2,"name":"Aris Fioretos wird neuer Frankfurter Poetikdozent"}]},{"@type":"WebSite","@id":"https:\/\/aktuelles.uni-frankfurt.de\/#website","url":"https:\/\/aktuelles.uni-frankfurt.de\/","name":"Aktuelles aus der Goethe-Universit\u00e4t Frankfurt","description":"Aktuelles aus der Goethe-Universit\u00e4t | Neues aus Forschung, Lehre, Studium","publisher":{"@id":"https:\/\/aktuelles.uni-frankfurt.de\/#organization"},"potentialAction":[{"@type":"SearchAction","target":{"@type":"EntryPoint","urlTemplate":"https:\/\/aktuelles.uni-frankfurt.de\/?s={search_term_string}"},"query-input":{"@type":"PropertyValueSpecification","valueRequired":true,"valueName":"search_term_string"}}],"inLanguage":"en-GB"},{"@type":"Organization","@id":"https:\/\/aktuelles.uni-frankfurt.de\/#organization","name":"Goethe University Frankfurt","url":"https:\/\/aktuelles.uni-frankfurt.de\/","logo":{"@type":"ImageObject","inLanguage":"en-GB","@id":"https:\/\/aktuelles.uni-frankfurt.de\/#\/schema\/logo\/image\/","url":"https:\/\/aktuelles.uni-frankfurt.de\/wp-content\/uploads\/2022\/03\/800px-Goethe-Logo.png","contentUrl":"https:\/\/aktuelles.uni-frankfurt.de\/wp-content\/uploads\/2022\/03\/800px-Goethe-Logo.png","width":800,"height":436,"caption":"Goethe-Universit\u00e4t"},"image":{"@id":"https:\/\/aktuelles.uni-frankfurt.de\/#\/schema\/logo\/image\/"}},{"@type":"Person","@id":"https:\/\/aktuelles.uni-frankfurt.de\/#\/schema\/person\/8e55ea338fb65d1ce87a91565d1f1739","name":"-","description":"Dieser Beitrag wurde von der Online-Redaktion ver\u00f6ffentlicht. Wenn der Beitrag von einem Gastautoren verfasst wurde, findet sich dieser Hinweis am Ende des jeweiligen Artikels.","sameAs":["http:\/\/aktuelles.uni-frankfurt.de\/autoren"],"url":"https:\/\/aktuelles.uni-frankfurt.de\/en\/author\/redaktion\/"}]}},"_links":{"self":[{"href":"https:\/\/aktuelles.uni-frankfurt.de\/en\/wp-json\/wp\/v2\/posts\/79778","targetHints":{"allow":["GET"]}}],"collection":[{"href":"https:\/\/aktuelles.uni-frankfurt.de\/en\/wp-json\/wp\/v2\/posts"}],"about":[{"href":"https:\/\/aktuelles.uni-frankfurt.de\/en\/wp-json\/wp\/v2\/types\/post"}],"author":[{"embeddable":true,"href":"https:\/\/aktuelles.uni-frankfurt.de\/en\/wp-json\/wp\/v2\/users\/8"}],"replies":[{"embeddable":true,"href":"https:\/\/aktuelles.uni-frankfurt.de\/en\/wp-json\/wp\/v2\/comments?post=79778"}],"version-history":[{"count":0,"href":"https:\/\/aktuelles.uni-frankfurt.de\/en\/wp-json\/wp\/v2\/posts\/79778\/revisions"}],"wp:featuredmedia":[{"embeddable":true,"href":"https:\/\/aktuelles.uni-frankfurt.de\/en\/wp-json\/wp\/v2\/media\/79785"}],"wp:attachment":[{"href":"https:\/\/aktuelles.uni-frankfurt.de\/en\/wp-json\/wp\/v2\/media?parent=79778"}],"wp:term":[{"taxonomy":"category","embeddable":true,"href":"https:\/\/aktuelles.uni-frankfurt.de\/en\/wp-json\/wp\/v2\/categories?post=79778"},{"taxonomy":"post_tag","embeddable":true,"href":"https:\/\/aktuelles.uni-frankfurt.de\/en\/wp-json\/wp\/v2\/tags?post=79778"},{"taxonomy":"post_folder","embeddable":true,"href":"https:\/\/aktuelles.uni-frankfurt.de\/en\/wp-json\/wp\/v2\/post_folder?post=79778"}],"curies":[{"name":"wp","href":"https:\/\/api.w.org\/{rel}","templated":true}]}}