{"id":80061,"date":"2024-06-21T08:46:26","date_gmt":"2024-06-21T06:46:26","guid":{"rendered":"https:\/\/aktuelles.uni-frankfurt.de\/?p=80061"},"modified":"2024-06-21T08:46:27","modified_gmt":"2024-06-21T06:46:27","slug":"ich-habe-mich-auf-die-rueckkehr-in-forschung-und-lehre-gefreut","status":"publish","type":"post","link":"https:\/\/aktuelles.uni-frankfurt.de\/en\/unireport\/ich-habe-mich-auf-die-rueckkehr-in-forschung-und-lehre-gefreut\/","title":{"rendered":"\u00bbIch habe mich auf die R\u00fcckkehr in Forschung und Lehre gefreut\u00ab"},"content":{"rendered":"<p><em>Gabriele Britz, Richterin des Bundesverfassungsgerichts a.D., lehrt seit diesem Sommersemester \u00f6ffentliches Recht an der Goethe-Universit\u00e4t.<\/em><\/p>\n\n\n\n<div style=\"height:20px\" aria-hidden=\"true\" class=\"wp-block-spacer\"><\/div>\n\n\n\n<figure class=\"wp-block-image aligncenter size-full\"><img fetchpriority=\"high\" decoding=\"async\" width=\"650\" height=\"450\" src=\"https:\/\/aktuelles.uni-frankfurt.de\/wp-content\/uploads\/2024\/06\/S8_Ich_habe_mich_auf_650x450px.jpg\" alt=\"\" class=\"wp-image-80062\" srcset=\"https:\/\/aktuelles.uni-frankfurt.de\/wp-content\/uploads\/2024\/06\/S8_Ich_habe_mich_auf_650x450px.jpg 650w, https:\/\/aktuelles.uni-frankfurt.de\/wp-content\/uploads\/2024\/06\/S8_Ich_habe_mich_auf_650x450px-300x208.jpg 300w, https:\/\/aktuelles.uni-frankfurt.de\/wp-content\/uploads\/2024\/06\/S8_Ich_habe_mich_auf_650x450px-500x346.jpg 500w, https:\/\/aktuelles.uni-frankfurt.de\/wp-content\/uploads\/2024\/06\/S8_Ich_habe_mich_auf_650x450px-18x12.jpg 18w\" sizes=\"(max-width: 650px) 100vw, 650px\" \/><figcaption class=\"wp-element-caption\">Mit einem spannenden Vortrag im Casino-Festsaal hat Gabriele Britz das Grundgesetz zu dessen 75. Geburtstag gew\u00fcrdigt. Die 55-j\u00e4hrige ehemalige Bundesverfassungsrichterin forscht und lehrt seit diesem Sommersemester an der Goethe-Universit\u00e4t.<\/figcaption><\/figure>\n\n\n\n<div style=\"height:20px\" aria-hidden=\"true\" class=\"wp-block-spacer\"><\/div>\n\n\n\n<p><strong>UniReport: Frau Britz, Sie waren 33 Jahre jung, als Sie Professorin wurden, mit 42 Jahren wurden Sie ans Bundesverfassungsgericht berufen. Haben Sie es immer so eilig?<\/strong><\/p>\n\n\n\n<p><em>Gabriele Britz:<\/em> Eile trifft es nicht ganz. Wenn mich etwas interessiert, gehe ich sicherlich zupackend zur Sache und bin dann schnell. Aber auf die Wahl zum Bundesverfassungsgericht hatte ich selbst ja \u00fcberhaupt keinen Einfluss. Allenfalls dadurch, dass ich eben fr\u00fch Professorin geworden war. Dass ich mit 42 schon jahrelang vor gro\u00dfen H\u00f6rs\u00e4len gestanden hatte, wissenschaftliches Standing hatte, drei Jahre Dekanin und Studiendekanin und auch sonst Mitglied verschiedener Gremien gewesen war, waren vermutlich Gr\u00fcnde daf\u00fcr, dass mir das Amt jung zugetraut wurde.<\/p>\n\n\n\n<div style=\"height:20px\" aria-hidden=\"true\" class=\"wp-block-spacer\"><\/div>\n\n\n\n<p><strong>Warum haben Sie Jura studiert?<\/strong><\/p>\n\n\n\n<p>Weil ich mich f\u00fcr ganz unterschiedliche Dinge interessiert habe und den Eindruck hatte, dass sich davon einiges im Jurastudium kombinieren l\u00e4sst. Vieles, was ich interessant fand, galt damals als brotlos, zum Beispiel&nbsp; Politikwissenschaft, Philosophie oder Geschichte. Mit Jura konnte ich dem nachgehen und hatte trotzdem das Gef\u00fchl, damit sp\u00e4ter meine Br\u00f6tchen selbst verdienen zu k\u00f6nnen.<\/p>\n\n\n\n<div style=\"height:20px\" aria-hidden=\"true\" class=\"wp-block-spacer\"><\/div>\n\n\n\n<p><strong>Wie schwer ist Ihnen nach zw\u00f6lf Jahren der Abschied vom Bundesverfassungsgericht gefallen?<\/strong><\/p>\n\n\n\n<p>Nicht sehr schwer. Ich habe das Amt vom ersten bis zum letzten Tag gerne und intensiv ausge\u00fcbt. Aber man wei\u00df ja von Anfang an, dass es nach zw\u00f6lf Jahren endet. Wiederwahl geht nicht. Ich halte das f\u00fcr richtig, und darauf stellt man sich ein. Zudem ist die T\u00e4tigkeit wirklich fordernd, sodass es auch eine Erleichterung ist, wenn sie endet.<\/p>\n\n\n\n<div style=\"height:20px\" aria-hidden=\"true\" class=\"wp-block-spacer\"><\/div>\n\n\n\n<p><strong>Sie sind dann nahtlos auf Ihre Professur in Gie\u00dfen zur\u00fcckgekehrt und hatten nicht das Gef\u00fchl eines Verlusts?<\/strong><\/p>\n\n\n\n<p>Es ist wirklich einzigartig, an diesem Gericht zu arbeiten. Das ist eine bedeutende Aufgabe. Au\u00dferdem war und bin ich Verfassungsrechtswissenschaftlerin und hatte \u00fcber Verfassung schon viel nachgedacht, sodass es faszinierend war, f\u00fcr eine Zeit selbst aktiver Teil des Verfassungsgeschehens zu sein. Aber ich habe mich auch auf die R\u00fcckkehr in Forschung und Lehre gefreut.<\/p>\n\n\n\n<div style=\"height:20px\" aria-hidden=\"true\" class=\"wp-block-spacer\"><\/div>\n\n\n\n<p><strong>Schafft man es, als Richterin auch zu lehren?<\/strong><\/p>\n\n\n\n<p>Im Minimalumfang. Man beh\u00e4lt seine Professur, ist aber von der Lehre freigestellt. Ich habe im Wintersemester regelm\u00e4\u00dfig eine Verfassungsrechtsvorlesung gehalten, gemeinsam mit einer Verwaltungsrichterin und einem Verwaltungsrichter.<\/p>\n\n\n\n<div style=\"height:20px\" aria-hidden=\"true\" class=\"wp-block-spacer\"><\/div>\n\n\n\n<p><strong>Am Bundesverfassungsgericht waren Sie an wichtigen Entscheidungen beteiligt. Was hatte die gr\u00f6\u00dfte Tragweite, was bekam die gr\u00f6\u00dfte Aufmerksamkeit \u2013 was ja nicht unbedingt in eins fallen muss?<\/strong><strong><\/strong><\/p>\n\n\n\n<p>Bei den Entscheidungen, f\u00fcr die ich Berichterstatterin war, stehen mir da aus den ersten sieben Jahren die zum Familien- und Personenstandsrecht und zum Eltern- und Erziehungsgeld noch sehr lebhaft vor Augen. Da war zum Beispiel das sehr umstrittene Betreuungsgeld dabei, das wir mangels Gesetzgebungskompetenz f\u00fcr verfassungswidrig gehalten haben. Viele andere Entscheidungen betrafen Kinderschutzverfahren. Diese Verfahren erregen die Gem\u00fcter oft sehr. Wir haben da von den Familiengerichten genauere Begr\u00fcndungen daf\u00fcr verlangt, warum Kinder von ihren Eltern getrennt wurden \u2013 oder trotz Anhaltspunkten f\u00fcr Kindeswohlgefahren nicht getrennt wurden. In diese Zeit fielen auch die Entscheidungen zur Adoptionsm\u00f6glichkeit f\u00fcr Gleichgeschlechtliche, die auf viel Begeisterung, aber auch auf viel Ablehnung gesto\u00dfen sind. Genau wie die Entscheidung zum sogenannten dritten Geschlecht, zur \u201edritten Option\u201c.&nbsp;<\/p>\n\n\n\n<div style=\"height:20px\" aria-hidden=\"true\" class=\"wp-block-spacer\"><\/div>\n\n\n\n<p><strong>Dass es beim standesamtlichen Eintrag neben \u00bbm\u00e4nnlich\u00ab und \u00bbweiblich\u00ab noch eine dritte M\u00f6glichkeit gibt.<\/strong><\/p>\n\n\n\n<p>Ja, genau. Dann haben meine Zust\u00e4ndigkeiten gewechselt und ich wurde auch Berichterstatterin f\u00fcrs Umweltrecht. Aus dieser Zeit hat sicher der Klimabeschluss die gr\u00f6\u00dfte Aufmerksamkeit bekommen, aber es gab auch andere wichtige Entscheidungen, zu Windenergienutzung und zum Rechtsschutz im Umweltrecht. Dann habe ich noch die Zust\u00e4ndigkeit f\u00fcr Teile des Datenschutzrechts \u00fcbernommen. Da waren zum Beispiel die Urteile zum Bayerischen Verfassungsschutz und zur automatisierten Datenanalyse in Hessen dabei.<\/p>\n\n\n\n<div style=\"height:20px\" aria-hidden=\"true\" class=\"wp-block-spacer\"><\/div>\n\n\n\n<p><strong>Ist man f\u00fcr die Themen zust\u00e4ndig, f\u00fcr die man eine Expertise schon mitbringt?<\/strong><\/p>\n\n\n\n<p>Nein. Ich habe einfach die Zust\u00e4ndigkeit meiner Vorg\u00e4ngerin \u00fcbernommen. Deshalb war ich in den ersten Jahren f\u00fcrs Familienrecht zust\u00e4ndig, obwohl ich nie zuvor mit Familienrecht zu tun gehabt hatte.<\/p>\n\n\n\n<div style=\"height:20px\" aria-hidden=\"true\" class=\"wp-block-spacer\"><\/div>\n\n\n\n<p><strong>Frauen sind ja immer f\u00fcr Familienthemen zust\u00e4ndig.<\/strong><\/p>\n\n\n\n<p>Ja, es gab am Bundesverfassungsgericht jahrzehntelang \u00fcberhaupt nur f\u00fcrs Familienrecht eine Richterin, alle anderen Mitglieder des Gerichts waren M\u00e4nner. Derzeit ist das Familienrecht aber in m\u00e4nnlicher Hand.<\/p>\n\n\n\n<div style=\"height:20px\" aria-hidden=\"true\" class=\"wp-block-spacer\"><\/div>\n\n\n\n<p><strong>Sch\u00f6n. Das bildet ja aber auch nur ab, wie sich die Gesellschaft inzwischen ver\u00e4ndert hat. Besch\u00e4ftigten Sie manche Dinge auch \u00fcber den Tag hinaus?<\/strong><\/p>\n\n\n\n<p>Ja, auf ganz unterschiedliche Weise. Die vielen Kinderschutzverfahren haben mich sehr besch\u00e4ftigt, weil das individuelle menschliche Leid so greifbar war. Da sind nicht nur die Kinder die Leidtragenden, das ist f\u00fcr alle Beteiligten schlimm. Andere Entscheidungen haben mich wegen ihrer gesamtgesellschaftlichen Tragweite stark besch\u00e4ftigt, Fragen zum Verfassungsschutz etwa oder zu den Befugnissen der Polizeibeh\u00f6rden. Solche Entscheidungen m\u00fcssen dem Schutz der Freiheit vor staatlicher \u00dcberwachung auf der einen Seite und dem Schutz etwa vor terroristischen Anschl\u00e4gen auf der anderen Seite gerecht werden. An der Verantwortung f\u00fcr solche Entscheidungen tr\u00e4gt man schon schwer.<\/p>\n\n\n\n<div style=\"height:20px\" aria-hidden=\"true\" class=\"wp-block-spacer\"><\/div>\n\n\n\n<p><strong>Lehrt man anders, wenn man Richterin am Bundesverfassungsgericht war?<\/strong><\/p>\n\n\n\n<p>Vermutlich schon. Meine Verfassungsrechtsvorlesung hat sich sicherlich etwas ver\u00e4ndert. Wenn man so viele Jahre erlebt hat und daran mitgewirkt hat, wie Verfassungsrecht in der Gerichtspraxis funktioniert und wie sich das Grundgesetz dort konkret weiterentwickelt, bekommt man noch einmal einen anderen Blick auf die Verfassung. Ich bem\u00fche mich, davon etwas weiterzugeben.<\/p>\n\n\n\n<div style=\"height:20px\" aria-hidden=\"true\" class=\"wp-block-spacer\"><\/div>\n\n\n\n<p><strong>Muss das Bundesverfassungsgericht besser vor Eingriffen gesch\u00fctzt werden?<\/strong><\/p>\n\n\n\n<p>Nach meiner Einsch\u00e4tzung w\u00e4ren gewisse kleine \u00c4nderungen sehr sinnvoll. Das betrifft zum einen die Wahl der 16 Richterinnen und Richter. Diese Wahl erfolgt mit Zweidrittelmehrheit, so steht es im Bundesverfassungsgerichtsgesetz. Das Zweidrittelerfordernis sorgt daf\u00fcr, dass das Bundesverfassungsgericht seit Jahrzehnten ausgewogen und nicht einseitig nach den Regierungsfarben besetzt wird und dass die Personen, die da hineingew\u00e4hlt sind, breit vermittelbar sind.<\/p>\n\n\n\n<div style=\"height:20px\" aria-hidden=\"true\" class=\"wp-block-spacer\"><\/div>\n\n\n\n<p><strong>Und das funktioniert nicht mehr?<\/strong><\/p>\n\n\n\n<p>Doch. Aber es ist nicht auszuschlie\u00dfen, dass es bei der Wahl von Richterinnen und Richtern zu einer dauerhaften Blockade kommt. Wenn bestimmte Parteien oder Fraktionen, die insgesamt mehr als ein Drittel ausmachen, nicht an der Verteilung der Vorschlagsrechte f\u00fcr Richterpositionen beteiligt werden, k\u00f6nnten sie sich revanchieren, indem sie mit ihrer Sperrminorit\u00e4t die Richterwahl blockieren. Der Gesetzgeber ger\u00e4t dann in Versuchung, die Blockade zu l\u00f6sen, indem er das Zweidrittelerfordernis abschafft. Weil das nicht im Grundgesetz steht, k\u00f6nnte er es mit einfacher Mehrheit abschaffen.<\/p>\n\n\n\n<div style=\"height:20px\" aria-hidden=\"true\" class=\"wp-block-spacer\"><\/div>\n\n\n\n<p><strong>Aber das w\u00e4re keine gute L\u00f6sung?<\/strong><\/p>\n\n\n\n<p>Nein! Das Zweidrittelerfordernis ist wirklich essenziell daf\u00fcr, dass das Bundesverfassungsgericht personell nicht von Regierungen vereinnahmt werden kann, dass es objektiv besonders unabh\u00e4ngig ist und dass es auch entsprechend wahrgenommen und gesch\u00e4tzt wird.<\/p>\n\n\n\n<div style=\"height:20px\" aria-hidden=\"true\" class=\"wp-block-spacer\"><\/div>\n\n\n\n<p><strong>Wie k\u00f6nnte man das besser regeln?<\/strong><\/p>\n\n\n\n<p>Eine L\u00f6sung kann nur \u00fcber das Grundgesetz erfolgen. Man m\u00fcsste das Zweidrittelerfordernis f\u00fcr die Richterwahl dort festschreiben und eine Regelung aufnehmen, wie eine Blockade zu l\u00f6sen ist, ohne das Zweidrittelerfordernis aufzugeben. Da die Richterinnen und Richter nach dem Grundgesetz zur H\u00e4lfte vom Bundestag und zur H\u00e4lfte vom Bundesrat gew\u00e4hlt werden, w\u00e4re insofern eine besonders einfache L\u00f6sung, bei dauerhafter Blockade in einem Organ, das andere Organ mit Zweidrittelmehrheit w\u00e4hlen zu lassen. Aber es gibt noch eine ganze Reihe anderer M\u00f6glichkeiten.<\/p>\n\n\n\n<div style=\"height:20px\" aria-hidden=\"true\" class=\"wp-block-spacer\"><\/div>\n\n\n\n<p><strong>Gibt es weitere Probleme?<\/strong><\/p>\n\n\n\n<p>Ja. Eine einfache Mehrheit im Bundestag k\u00f6nnte das Bundesverfassungsgericht ziemlich leicht schw\u00e4chen und sich damit von den Fesseln der Verfassung zu befreien. Das Verfahren und die Organisation des Bundesverfassungsgerichts sind insgesamt nicht im Grundgesetz selbst geregelt und abgesichert, sondern im einfachen Gesetz, das man leichter \u00e4ndern kann. Eine akute Gefahr, dass der Gesetzgeber das Bundesverfassungsgericht durch dysfunktionale Verfahrensregeln lahmlegen wollte, sehe ich zwar nicht. Aber in Polen und zum Beispiel auch in Ungarn hat sich gezeigt, dass das sehr schnell gehen kann und nur schwer zur\u00fcckzudrehen ist. Da sollte man jetzt mit breiter verfassungs\u00e4ndernder Mehrheit eine verfassungsrechtliche Sicherung einbauen, damit das hier nicht passieren kann.<\/p>\n\n\n\n<div style=\"height:20px\" aria-hidden=\"true\" class=\"wp-block-spacer\"><\/div>\n\n\n\n<p><strong>Wie k\u00f6nnte man diese Gefahr bannen?<\/strong><\/p>\n\n\n\n<p>Eigentlich w\u00e4re das einfach m\u00f6glich. Ein simpler, aber wirksamer Weg w\u00e4re, \u00c4nderungen der Verfahrensregeln f\u00fcr das Bundesverfassungsgericht von der Zustimmung des Bundesrats abh\u00e4ngig zu machen. So k\u00f6nnte es kaum zu Regeln kommen, die das Bundesverfassungsgericht ausschalten sollen. Das ist ja ein Vorteil unseres F\u00f6deralismus: Dass Bundestag und Bundesrat gleichzeitig kippen, ist nicht sehr wahrscheinlich. Bislang ist der Bundestag aber alleine f\u00fcr das Bundesverfassungsgerichtsgesetz zust\u00e4ndig.<\/p>\n\n\n\n<div style=\"height:20px\" aria-hidden=\"true\" class=\"wp-block-spacer\"><\/div>\n\n\n\n<p><strong>Was macht die Goethe-Universit\u00e4t heute f\u00fcr Sie attraktiv?<\/strong><\/p>\n\n\n\n<p>Der Fachbereich Rechtswissenschaft ist ein gro\u00dfer Fachbereich mit breitem und interessantem Lehrangebot und Forschungsprofil und guten Verbindungen zu anderen Fachbereichen und Zentren. Dabei sagt mir auch die nach wie vor starke Grundlagenorientierung der Frankfurter Rechtswissenschaft zu. Der Westend-Campus ist besonders sch\u00f6n, und es ist ein Vorteil, dass die Gesellschafts- und Geisteswissenschaften hier alle auf einem Campus versammelt sind. Au\u00dferdem gef\u00e4llt mir die Internationalit\u00e4t Frankfurts, die auch auf dem Campus sehr pr\u00e4sent ist.<\/p>\n\n\n\n<div style=\"height:20px\" aria-hidden=\"true\" class=\"wp-block-spacer\"><\/div>\n\n\n\n<p class=\"has-text-align-right\"><em>Fragen: Anke Sauter<\/em><\/p>","protected":false},"excerpt":{"rendered":"<p>Gabriele Britz, Richterin des Bundesverfassungsgerichts a.D., lehrt seit diesem Sommersemester \u00f6ffentliches Recht an der Goethe-Universit\u00e4t. UniReport: Frau Britz, Sie waren 33 Jahre jung, als Sie Professorin wurden, mit 42 Jahren [&hellip;]<\/p>\n","protected":false},"author":5,"featured_media":80062,"comment_status":"closed","ping_status":"closed","sticky":false,"template":"","format":"standard","meta":{"_eb_attr":"","_price":"","_stock":"","_tribe_ticket_header":"","_tribe_default_ticket_provider":"","_ticket_start_date":"","_ticket_end_date":"","_tribe_ticket_show_description":"","_tribe_ticket_show_not_going":false,"_tribe_ticket_use_global_stock":"","_tribe_ticket_global_stock_level":"","_global_stock_mode":"","_global_stock_cap":"","_tribe_rsvp_for_event":"","_tribe_ticket_going_count":"","_tribe_ticket_not_going_count":"","_tribe_tickets_list":"[]","_tribe_ticket_has_attendee_info_fields":false,"footnotes":""},"categories":[4,6,173],"tags":[25,37,338],"post_folder":[],"class_list":["post-80061","post","type-post","status-publish","format-standard","has-post-thumbnail","hentry","category-gesellschaft","category-menschen","category-unireport","tag-interview","tag-rechtswissenschaft","tag-unireport-3-24"],"yoast_head":"<!-- This site is optimized with the Yoast SEO plugin v27.5 - https:\/\/yoast.com\/product\/yoast-seo-wordpress\/ -->\n<title>\u00bbIch habe mich auf die R\u00fcckkehr in Forschung und Lehre gefreut\u00ab | Aktuelles aus der Goethe-Universit\u00e4t Frankfurt<\/title>\n<meta name=\"robots\" content=\"index, follow, max-snippet:-1, max-image-preview:large, max-video-preview:-1\" \/>\n<link rel=\"canonical\" href=\"https:\/\/aktuelles.uni-frankfurt.de\/en\/unireport\/ich-habe-mich-auf-die-rueckkehr-in-forschung-und-lehre-gefreut\/\" \/>\n<meta property=\"og:locale\" content=\"en_GB\" \/>\n<meta property=\"og:type\" content=\"article\" \/>\n<meta property=\"og:title\" content=\"\u00bbIch habe mich auf die R\u00fcckkehr in Forschung und Lehre gefreut\u00ab | Aktuelles aus der Goethe-Universit\u00e4t Frankfurt\" \/>\n<meta property=\"og:description\" content=\"Gabriele Britz, Richterin des Bundesverfassungsgerichts a.D., lehrt seit diesem Sommersemester \u00f6ffentliches Recht an der Goethe-Universit\u00e4t. UniReport: Frau Britz, Sie waren 33 Jahre jung, als Sie Professorin wurden, mit 42 Jahren [&hellip;]\" \/>\n<meta property=\"og:url\" content=\"https:\/\/aktuelles.uni-frankfurt.de\/en\/unireport\/ich-habe-mich-auf-die-rueckkehr-in-forschung-und-lehre-gefreut\/\" \/>\n<meta property=\"og:site_name\" content=\"Aktuelles aus der Goethe-Universit\u00e4t Frankfurt\" \/>\n<meta property=\"article:published_time\" content=\"2024-06-21T06:46:26+00:00\" \/>\n<meta property=\"article:modified_time\" content=\"2024-06-21T06:46:27+00:00\" \/>\n<meta property=\"og:image\" content=\"https:\/\/aktuelles.uni-frankfurt.de\/wp-content\/uploads\/2024\/06\/S8_Ich_habe_mich_auf_650x450px.jpg\" \/>\n\t<meta property=\"og:image:width\" content=\"650\" \/>\n\t<meta property=\"og:image:height\" content=\"450\" \/>\n\t<meta property=\"og:image:type\" content=\"image\/jpeg\" \/>\n<meta name=\"author\" content=\"Dr. Anke Sauter\" \/>\n<meta name=\"twitter:card\" content=\"summary_large_image\" \/>\n<meta name=\"twitter:label1\" content=\"Written by\" \/>\n\t<meta name=\"twitter:data1\" content=\"Dr. Anke Sauter\" \/>\n\t<meta name=\"twitter:label2\" content=\"Estimated reading time\" \/>\n\t<meta name=\"twitter:data2\" content=\"8 minutes\" \/>\n<script type=\"application\/ld+json\" class=\"yoast-schema-graph\">{\"@context\":\"https:\\\/\\\/schema.org\",\"@graph\":[{\"@type\":\"Article\",\"@id\":\"https:\\\/\\\/aktuelles.uni-frankfurt.de\\\/unireport\\\/ich-habe-mich-auf-die-rueckkehr-in-forschung-und-lehre-gefreut\\\/#article\",\"isPartOf\":{\"@id\":\"https:\\\/\\\/aktuelles.uni-frankfurt.de\\\/unireport\\\/ich-habe-mich-auf-die-rueckkehr-in-forschung-und-lehre-gefreut\\\/\"},\"author\":{\"name\":\"Dr. Anke Sauter\",\"@id\":\"https:\\\/\\\/aktuelles.uni-frankfurt.de\\\/#\\\/schema\\\/person\\\/1b9eb6fa6c6aed90031661dd4e37970d\"},\"headline\":\"\u00bbIch habe mich auf die R\u00fcckkehr in Forschung und Lehre gefreut\u00ab\",\"datePublished\":\"2024-06-21T06:46:26+00:00\",\"dateModified\":\"2024-06-21T06:46:27+00:00\",\"mainEntityOfPage\":{\"@id\":\"https:\\\/\\\/aktuelles.uni-frankfurt.de\\\/unireport\\\/ich-habe-mich-auf-die-rueckkehr-in-forschung-und-lehre-gefreut\\\/\"},\"wordCount\":1534,\"publisher\":{\"@id\":\"https:\\\/\\\/aktuelles.uni-frankfurt.de\\\/#organization\"},\"image\":{\"@id\":\"https:\\\/\\\/aktuelles.uni-frankfurt.de\\\/unireport\\\/ich-habe-mich-auf-die-rueckkehr-in-forschung-und-lehre-gefreut\\\/#primaryimage\"},\"thumbnailUrl\":\"https:\\\/\\\/aktuelles.uni-frankfurt.de\\\/wp-content\\\/uploads\\\/2024\\\/06\\\/S8_Ich_habe_mich_auf_650x450px.jpg\",\"keywords\":[\"Interview\",\"Rechtswissenschaft\",\"UniReport 3.24\"],\"articleSection\":[\"Gesellschaft\",\"Menschen\",\"UniReport\"],\"inLanguage\":\"en-GB\"},{\"@type\":\"WebPage\",\"@id\":\"https:\\\/\\\/aktuelles.uni-frankfurt.de\\\/unireport\\\/ich-habe-mich-auf-die-rueckkehr-in-forschung-und-lehre-gefreut\\\/\",\"url\":\"https:\\\/\\\/aktuelles.uni-frankfurt.de\\\/unireport\\\/ich-habe-mich-auf-die-rueckkehr-in-forschung-und-lehre-gefreut\\\/\",\"name\":\"\u00bbIch habe mich auf die R\u00fcckkehr in Forschung und Lehre gefreut\u00ab | Aktuelles aus der Goethe-Universit\u00e4t Frankfurt\",\"isPartOf\":{\"@id\":\"https:\\\/\\\/aktuelles.uni-frankfurt.de\\\/#website\"},\"primaryImageOfPage\":{\"@id\":\"https:\\\/\\\/aktuelles.uni-frankfurt.de\\\/unireport\\\/ich-habe-mich-auf-die-rueckkehr-in-forschung-und-lehre-gefreut\\\/#primaryimage\"},\"image\":{\"@id\":\"https:\\\/\\\/aktuelles.uni-frankfurt.de\\\/unireport\\\/ich-habe-mich-auf-die-rueckkehr-in-forschung-und-lehre-gefreut\\\/#primaryimage\"},\"thumbnailUrl\":\"https:\\\/\\\/aktuelles.uni-frankfurt.de\\\/wp-content\\\/uploads\\\/2024\\\/06\\\/S8_Ich_habe_mich_auf_650x450px.jpg\",\"datePublished\":\"2024-06-21T06:46:26+00:00\",\"dateModified\":\"2024-06-21T06:46:27+00:00\",\"breadcrumb\":{\"@id\":\"https:\\\/\\\/aktuelles.uni-frankfurt.de\\\/unireport\\\/ich-habe-mich-auf-die-rueckkehr-in-forschung-und-lehre-gefreut\\\/#breadcrumb\"},\"inLanguage\":\"en-GB\",\"potentialAction\":[{\"@type\":\"ReadAction\",\"target\":[\"https:\\\/\\\/aktuelles.uni-frankfurt.de\\\/unireport\\\/ich-habe-mich-auf-die-rueckkehr-in-forschung-und-lehre-gefreut\\\/\"]}]},{\"@type\":\"ImageObject\",\"inLanguage\":\"en-GB\",\"@id\":\"https:\\\/\\\/aktuelles.uni-frankfurt.de\\\/unireport\\\/ich-habe-mich-auf-die-rueckkehr-in-forschung-und-lehre-gefreut\\\/#primaryimage\",\"url\":\"https:\\\/\\\/aktuelles.uni-frankfurt.de\\\/wp-content\\\/uploads\\\/2024\\\/06\\\/S8_Ich_habe_mich_auf_650x450px.jpg\",\"contentUrl\":\"https:\\\/\\\/aktuelles.uni-frankfurt.de\\\/wp-content\\\/uploads\\\/2024\\\/06\\\/S8_Ich_habe_mich_auf_650x450px.jpg\",\"width\":650,\"height\":450},{\"@type\":\"BreadcrumbList\",\"@id\":\"https:\\\/\\\/aktuelles.uni-frankfurt.de\\\/unireport\\\/ich-habe-mich-auf-die-rueckkehr-in-forschung-und-lehre-gefreut\\\/#breadcrumb\",\"itemListElement\":[{\"@type\":\"ListItem\",\"position\":1,\"name\":\"Startseite\",\"item\":\"https:\\\/\\\/aktuelles.uni-frankfurt.de\\\/\"},{\"@type\":\"ListItem\",\"position\":2,\"name\":\"\u00bbIch habe mich auf die R\u00fcckkehr in Forschung und Lehre gefreut\u00ab\"}]},{\"@type\":\"WebSite\",\"@id\":\"https:\\\/\\\/aktuelles.uni-frankfurt.de\\\/#website\",\"url\":\"https:\\\/\\\/aktuelles.uni-frankfurt.de\\\/\",\"name\":\"Aktuelles aus der Goethe-Universit\u00e4t Frankfurt\",\"description\":\"Aktuelles aus der Goethe-Universit\u00e4t | Neues aus Forschung, Lehre, Studium\",\"publisher\":{\"@id\":\"https:\\\/\\\/aktuelles.uni-frankfurt.de\\\/#organization\"},\"potentialAction\":[{\"@type\":\"SearchAction\",\"target\":{\"@type\":\"EntryPoint\",\"urlTemplate\":\"https:\\\/\\\/aktuelles.uni-frankfurt.de\\\/?s={search_term_string}\"},\"query-input\":{\"@type\":\"PropertyValueSpecification\",\"valueRequired\":true,\"valueName\":\"search_term_string\"}}],\"inLanguage\":\"en-GB\"},{\"@type\":\"Organization\",\"@id\":\"https:\\\/\\\/aktuelles.uni-frankfurt.de\\\/#organization\",\"name\":\"Goethe-Universit\u00e4t\",\"url\":\"https:\\\/\\\/aktuelles.uni-frankfurt.de\\\/\",\"logo\":{\"@type\":\"ImageObject\",\"inLanguage\":\"en-GB\",\"@id\":\"https:\\\/\\\/aktuelles.uni-frankfurt.de\\\/#\\\/schema\\\/logo\\\/image\\\/\",\"url\":\"https:\\\/\\\/aktuelles.uni-frankfurt.de\\\/wp-content\\\/uploads\\\/2022\\\/03\\\/800px-Goethe-Logo.png\",\"contentUrl\":\"https:\\\/\\\/aktuelles.uni-frankfurt.de\\\/wp-content\\\/uploads\\\/2022\\\/03\\\/800px-Goethe-Logo.png\",\"width\":800,\"height\":436,\"caption\":\"Goethe-Universit\u00e4t\"},\"image\":{\"@id\":\"https:\\\/\\\/aktuelles.uni-frankfurt.de\\\/#\\\/schema\\\/logo\\\/image\\\/\"}},{\"@type\":\"Person\",\"@id\":\"https:\\\/\\\/aktuelles.uni-frankfurt.de\\\/#\\\/schema\\\/person\\\/1b9eb6fa6c6aed90031661dd4e37970d\",\"name\":\"Dr. Anke Sauter\",\"description\":\"Dr. Anke Sauter hat in Bamberg Germanistik, Journalistik und Geografie studiert, mit einer Dissertation \u00fcber den Sprachlehrer und Fremdwortpuristen Eduard Engel wurde sie promoviert. Sie arbeitet als Wissenschaftsredakteurin in der Abteilung Marketing und Kommunikation der Goethe-Universit\u00e4t.\",\"sameAs\":[\"http:\\\/\\\/aktuelles.uni-frankfurt.de\\\/\"],\"url\":\"https:\\\/\\\/aktuelles.uni-frankfurt.de\\\/en\\\/author\\\/dr-ankesauter\\\/\"}]}<\/script>\n<!-- \/ Yoast SEO plugin. -->","yoast_head_json":{"title":"\u00bbIch habe mich auf die R\u00fcckkehr in Forschung und Lehre gefreut\u00ab | Aktuelles aus der Goethe-Universit\u00e4t Frankfurt","robots":{"index":"index","follow":"follow","max-snippet":"max-snippet:-1","max-image-preview":"max-image-preview:large","max-video-preview":"max-video-preview:-1"},"canonical":"https:\/\/aktuelles.uni-frankfurt.de\/en\/unireport\/ich-habe-mich-auf-die-rueckkehr-in-forschung-und-lehre-gefreut\/","og_locale":"en_GB","og_type":"article","og_title":"\u00bbIch habe mich auf die R\u00fcckkehr in Forschung und Lehre gefreut\u00ab | Aktuelles aus der Goethe-Universit\u00e4t Frankfurt","og_description":"Gabriele Britz, Richterin des Bundesverfassungsgerichts a.D., lehrt seit diesem Sommersemester \u00f6ffentliches Recht an der Goethe-Universit\u00e4t. UniReport: Frau Britz, Sie waren 33 Jahre jung, als Sie Professorin wurden, mit 42 Jahren [&hellip;]","og_url":"https:\/\/aktuelles.uni-frankfurt.de\/en\/unireport\/ich-habe-mich-auf-die-rueckkehr-in-forschung-und-lehre-gefreut\/","og_site_name":"Aktuelles aus der Goethe-Universit\u00e4t Frankfurt","article_published_time":"2024-06-21T06:46:26+00:00","article_modified_time":"2024-06-21T06:46:27+00:00","og_image":[{"width":650,"height":450,"url":"https:\/\/aktuelles.uni-frankfurt.de\/wp-content\/uploads\/2024\/06\/S8_Ich_habe_mich_auf_650x450px.jpg","type":"image\/jpeg"}],"author":"Dr. Anke Sauter","twitter_card":"summary_large_image","twitter_misc":{"Written by":"Dr. Anke Sauter","Estimated reading time":"8 minutes"},"schema":{"@context":"https:\/\/schema.org","@graph":[{"@type":"Article","@id":"https:\/\/aktuelles.uni-frankfurt.de\/unireport\/ich-habe-mich-auf-die-rueckkehr-in-forschung-und-lehre-gefreut\/#article","isPartOf":{"@id":"https:\/\/aktuelles.uni-frankfurt.de\/unireport\/ich-habe-mich-auf-die-rueckkehr-in-forschung-und-lehre-gefreut\/"},"author":{"name":"Dr. Anke Sauter","@id":"https:\/\/aktuelles.uni-frankfurt.de\/#\/schema\/person\/1b9eb6fa6c6aed90031661dd4e37970d"},"headline":"\u00bbIch habe mich auf die R\u00fcckkehr in Forschung und Lehre gefreut\u00ab","datePublished":"2024-06-21T06:46:26+00:00","dateModified":"2024-06-21T06:46:27+00:00","mainEntityOfPage":{"@id":"https:\/\/aktuelles.uni-frankfurt.de\/unireport\/ich-habe-mich-auf-die-rueckkehr-in-forschung-und-lehre-gefreut\/"},"wordCount":1534,"publisher":{"@id":"https:\/\/aktuelles.uni-frankfurt.de\/#organization"},"image":{"@id":"https:\/\/aktuelles.uni-frankfurt.de\/unireport\/ich-habe-mich-auf-die-rueckkehr-in-forschung-und-lehre-gefreut\/#primaryimage"},"thumbnailUrl":"https:\/\/aktuelles.uni-frankfurt.de\/wp-content\/uploads\/2024\/06\/S8_Ich_habe_mich_auf_650x450px.jpg","keywords":["Interview","Rechtswissenschaft","UniReport 3.24"],"articleSection":["Gesellschaft","Menschen","UniReport"],"inLanguage":"en-GB"},{"@type":"WebPage","@id":"https:\/\/aktuelles.uni-frankfurt.de\/unireport\/ich-habe-mich-auf-die-rueckkehr-in-forschung-und-lehre-gefreut\/","url":"https:\/\/aktuelles.uni-frankfurt.de\/unireport\/ich-habe-mich-auf-die-rueckkehr-in-forschung-und-lehre-gefreut\/","name":"\u00bbIch habe mich auf die R\u00fcckkehr in Forschung und Lehre gefreut\u00ab | Aktuelles aus der Goethe-Universit\u00e4t Frankfurt","isPartOf":{"@id":"https:\/\/aktuelles.uni-frankfurt.de\/#website"},"primaryImageOfPage":{"@id":"https:\/\/aktuelles.uni-frankfurt.de\/unireport\/ich-habe-mich-auf-die-rueckkehr-in-forschung-und-lehre-gefreut\/#primaryimage"},"image":{"@id":"https:\/\/aktuelles.uni-frankfurt.de\/unireport\/ich-habe-mich-auf-die-rueckkehr-in-forschung-und-lehre-gefreut\/#primaryimage"},"thumbnailUrl":"https:\/\/aktuelles.uni-frankfurt.de\/wp-content\/uploads\/2024\/06\/S8_Ich_habe_mich_auf_650x450px.jpg","datePublished":"2024-06-21T06:46:26+00:00","dateModified":"2024-06-21T06:46:27+00:00","breadcrumb":{"@id":"https:\/\/aktuelles.uni-frankfurt.de\/unireport\/ich-habe-mich-auf-die-rueckkehr-in-forschung-und-lehre-gefreut\/#breadcrumb"},"inLanguage":"en-GB","potentialAction":[{"@type":"ReadAction","target":["https:\/\/aktuelles.uni-frankfurt.de\/unireport\/ich-habe-mich-auf-die-rueckkehr-in-forschung-und-lehre-gefreut\/"]}]},{"@type":"ImageObject","inLanguage":"en-GB","@id":"https:\/\/aktuelles.uni-frankfurt.de\/unireport\/ich-habe-mich-auf-die-rueckkehr-in-forschung-und-lehre-gefreut\/#primaryimage","url":"https:\/\/aktuelles.uni-frankfurt.de\/wp-content\/uploads\/2024\/06\/S8_Ich_habe_mich_auf_650x450px.jpg","contentUrl":"https:\/\/aktuelles.uni-frankfurt.de\/wp-content\/uploads\/2024\/06\/S8_Ich_habe_mich_auf_650x450px.jpg","width":650,"height":450},{"@type":"BreadcrumbList","@id":"https:\/\/aktuelles.uni-frankfurt.de\/unireport\/ich-habe-mich-auf-die-rueckkehr-in-forschung-und-lehre-gefreut\/#breadcrumb","itemListElement":[{"@type":"ListItem","position":1,"name":"Startseite","item":"https:\/\/aktuelles.uni-frankfurt.de\/"},{"@type":"ListItem","position":2,"name":"\u00bbIch habe mich auf die R\u00fcckkehr in Forschung und Lehre gefreut\u00ab"}]},{"@type":"WebSite","@id":"https:\/\/aktuelles.uni-frankfurt.de\/#website","url":"https:\/\/aktuelles.uni-frankfurt.de\/","name":"Aktuelles aus der Goethe-Universit\u00e4t Frankfurt","description":"Aktuelles aus der Goethe-Universit\u00e4t | Neues aus Forschung, Lehre, Studium","publisher":{"@id":"https:\/\/aktuelles.uni-frankfurt.de\/#organization"},"potentialAction":[{"@type":"SearchAction","target":{"@type":"EntryPoint","urlTemplate":"https:\/\/aktuelles.uni-frankfurt.de\/?s={search_term_string}"},"query-input":{"@type":"PropertyValueSpecification","valueRequired":true,"valueName":"search_term_string"}}],"inLanguage":"en-GB"},{"@type":"Organization","@id":"https:\/\/aktuelles.uni-frankfurt.de\/#organization","name":"Goethe University Frankfurt","url":"https:\/\/aktuelles.uni-frankfurt.de\/","logo":{"@type":"ImageObject","inLanguage":"en-GB","@id":"https:\/\/aktuelles.uni-frankfurt.de\/#\/schema\/logo\/image\/","url":"https:\/\/aktuelles.uni-frankfurt.de\/wp-content\/uploads\/2022\/03\/800px-Goethe-Logo.png","contentUrl":"https:\/\/aktuelles.uni-frankfurt.de\/wp-content\/uploads\/2022\/03\/800px-Goethe-Logo.png","width":800,"height":436,"caption":"Goethe-Universit\u00e4t"},"image":{"@id":"https:\/\/aktuelles.uni-frankfurt.de\/#\/schema\/logo\/image\/"}},{"@type":"Person","@id":"https:\/\/aktuelles.uni-frankfurt.de\/#\/schema\/person\/1b9eb6fa6c6aed90031661dd4e37970d","name":"Dr. Anke Sauter","description":"Dr. Anke Sauter hat in Bamberg Germanistik, Journalistik und Geografie studiert, mit einer Dissertation \u00fcber den Sprachlehrer und Fremdwortpuristen Eduard Engel wurde sie promoviert. Sie arbeitet als Wissenschaftsredakteurin in der Abteilung Marketing und Kommunikation der Goethe-Universit\u00e4t.","sameAs":["http:\/\/aktuelles.uni-frankfurt.de\/"],"url":"https:\/\/aktuelles.uni-frankfurt.de\/en\/author\/dr-ankesauter\/"}]}},"_links":{"self":[{"href":"https:\/\/aktuelles.uni-frankfurt.de\/en\/wp-json\/wp\/v2\/posts\/80061","targetHints":{"allow":["GET"]}}],"collection":[{"href":"https:\/\/aktuelles.uni-frankfurt.de\/en\/wp-json\/wp\/v2\/posts"}],"about":[{"href":"https:\/\/aktuelles.uni-frankfurt.de\/en\/wp-json\/wp\/v2\/types\/post"}],"author":[{"embeddable":true,"href":"https:\/\/aktuelles.uni-frankfurt.de\/en\/wp-json\/wp\/v2\/users\/5"}],"replies":[{"embeddable":true,"href":"https:\/\/aktuelles.uni-frankfurt.de\/en\/wp-json\/wp\/v2\/comments?post=80061"}],"version-history":[{"count":0,"href":"https:\/\/aktuelles.uni-frankfurt.de\/en\/wp-json\/wp\/v2\/posts\/80061\/revisions"}],"wp:featuredmedia":[{"embeddable":true,"href":"https:\/\/aktuelles.uni-frankfurt.de\/en\/wp-json\/wp\/v2\/media\/80062"}],"wp:attachment":[{"href":"https:\/\/aktuelles.uni-frankfurt.de\/en\/wp-json\/wp\/v2\/media?parent=80061"}],"wp:term":[{"taxonomy":"category","embeddable":true,"href":"https:\/\/aktuelles.uni-frankfurt.de\/en\/wp-json\/wp\/v2\/categories?post=80061"},{"taxonomy":"post_tag","embeddable":true,"href":"https:\/\/aktuelles.uni-frankfurt.de\/en\/wp-json\/wp\/v2\/tags?post=80061"},{"taxonomy":"post_folder","embeddable":true,"href":"https:\/\/aktuelles.uni-frankfurt.de\/en\/wp-json\/wp\/v2\/post_folder?post=80061"}],"curies":[{"name":"wp","href":"https:\/\/api.w.org\/{rel}","templated":true}]}}