{"id":80092,"date":"2024-06-12T11:49:41","date_gmt":"2024-06-12T09:49:41","guid":{"rendered":"https:\/\/aktuelles.uni-frankfurt.de\/?p=80092"},"modified":"2024-06-14T11:27:12","modified_gmt":"2024-06-14T09:27:12","slug":"1822-universitaetspreis-geht-in-diesem-jahr-an-eine-physikerin-eine-sprachwissenschaftlerin-und-einen-biochemiker","status":"publish","type":"post","link":"https:\/\/aktuelles.uni-frankfurt.de\/en\/hochschule\/1822-universitaetspreis-geht-in-diesem-jahr-an-eine-physikerin-eine-sprachwissenschaftlerin-und-einen-biochemiker\/","title":{"rendered":"1822-Universit\u00e4tspreis geht in diesem Jahr an eine Physikerin, eine Sprachwissenschaftlerin und einen Biochemiker"},"content":{"rendered":"<p><strong>Die Physikerin Prof. Laura Sagunski, die Sprachwissenschaftlerin Dr. Mariam Kamarauli und der Biochemiker PD. Dr. Rupert Abele erhalten in diesem Jahr den begehrten 1822-Universit\u00e4tspreis f\u00fcr exzellente Lehre, den die Goethe-Universit\u00e4t zum 23. Mal gemeinsam mit der Stiftung der Frankfurter Sparkasse verleiht. &nbsp;<\/strong><\/p>\n\n\n\n<figure class=\"wp-block-image aligncenter size-full\"><img fetchpriority=\"high\" decoding=\"async\" width=\"1200\" height=\"550\" src=\"https:\/\/aktuelles.uni-frankfurt.de\/wp-content\/uploads\/2024\/06\/bm_06_1822_2024_jpg.jpg\" alt=\"\" class=\"wp-image-80102\" srcset=\"https:\/\/aktuelles.uni-frankfurt.de\/wp-content\/uploads\/2024\/06\/bm_06_1822_2024_jpg.jpg 1200w, https:\/\/aktuelles.uni-frankfurt.de\/wp-content\/uploads\/2024\/06\/bm_06_1822_2024_jpg-300x138.jpg 300w, https:\/\/aktuelles.uni-frankfurt.de\/wp-content\/uploads\/2024\/06\/bm_06_1822_2024_jpg-500x229.jpg 500w, https:\/\/aktuelles.uni-frankfurt.de\/wp-content\/uploads\/2024\/06\/bm_06_1822_2024_jpg-768x352.jpg 768w, https:\/\/aktuelles.uni-frankfurt.de\/wp-content\/uploads\/2024\/06\/bm_06_1822_2024_jpg-18x8.jpg 18w\" sizes=\"(max-width: 1200px) 100vw, 1200px\" \/><figcaption class=\"wp-element-caption\">Der 1822-Universit\u00e4tspreis f\u00fcr exzellente Lehre ist am Dienstag zum 23. Mal verliehen worden: Dr. Ingo Wiedemeier (von links), der Vorstandsvorsitzende der Frankfurter Sparkasse, Sprachwissenschaftlerin Dr. Mariam Kamarauli (2. Preis), Professorin Laura Sagunski (1. Preis), PD Dr. Rupert Abele (3. Preis), Festrednerin Saba-Nur Cheema und Prof. Viera Pirker, Vizepr\u00e4sidentin der Goethe-Universit\u00e4t, f\u00fcr Studium und Lehre. (Foto: Uwe Dettmar)<\/figcaption><\/figure>\n\n\n\n<div style=\"height:20px\" aria-hidden=\"true\" class=\"wp-block-spacer\"><\/div>\n\n\n\n<p>\u201eDie Lehre bildet das Herzst\u00fcck unserer Universit\u00e4t\u201c, betonte Prof. Viera Pirker, Vizepr\u00e4sidentin f\u00fcr Studium und Lehre an der Goethe-Universit\u00e4t, bei der Verleihung des 1822-Preises im Renate von Metzler-Saal auf dem Campus Westend. Pirker verwies auf das k\u00fcrzlich verabschiedete Leitbild Lehre und Studium, das sich bewusst am Humboldt\u00b4schen Ideal der Einheit von Forschung und Lehre im Sinne einer \u201eBildung durch Wissenschaft\u201c orientiere.<\/p>\n\n\n\n<p>\u201eUniversit\u00e4re Lehre ist essentieller Bestandteil unserer demokratischen Kultur und tr\u00e4gt dazu bei, die Werte der Aufkl\u00e4rung \u2013 Vernunft, Freiheit und Humanit\u00e4t \u2013 in die Zukunft zu tragen. Um \u201aBildung zur Wissenschaft\u2018 als Grundlage des Handelns zu implementieren, braucht es auf Seiten der Lehrenden vor allem Begeisterung. Wer f\u00fcr sein Fach, f\u00fcr sein Thema \u201abrennt\u2018, kann dieses Brennen auch in anderen Menschen entfachen. Diese Gabe eint alle unsere Nominierten, und das freut mich ganz au\u00dferordentlich.\u201c Pirker erinnerte auch an das vorbildliche Engagement von Prof. David K\u00e4bisch, der im vorigen Jahr ausgezeichnet wurde. Der evangelische Religionsp\u00e4dagoge, der vor kurzem verstorben ist, habe sich besonders f\u00fcr religi\u00f6se Bildung als Grundlage f\u00fcr interreligi\u00f6sen Dialog in der Demokratie eingesetzt.<\/p>\n\n\n\n<p>Dr. Ingo Wiedemeier, der Vorstandsvorsitzende der Frankfurter Sparkasse: \u201eDie Stiftung der Frankfurter Sparkasse hatte schon vor 23 Jahren den Wunsch, die Bedeutung der universit\u00e4ren Lehre hervorzuheben und hat deshalb gemeinsam mit der Goethe-Universit\u00e4t den 1822-Preis f\u00fcr exzellente Lehre ins Leben gerufen. Wer sich in der Ausbildung junger Menschen besonders engagiert und sie f\u00fcr eine wissensbasierte Gesellschaft begeistert, hat h\u00f6chste Anerkennung verdient \u2013 gerade in der heutigen Zeit. Die Liste der Nominierten zeigt jedes Jahr aufs Neue, welches Potenzial es an der Goethe-Universit\u00e4t gibt. Das erf\u00fcllt mich mit gro\u00dfer Freude, und ich bin stolz, dass wir mit dem Preis diesem Engagement den verdienten Glanz verleihen k\u00f6nnen.\u201c<\/p>\n\n\n\n<p>2001 haben die Goethe-Universit\u00e4t und die Stiftung der Frankfurter Sparkasse erstmals den 1822-Universit\u00e4tspreis f\u00fcr exzellente Lehre verliehen, um das Bewusstsein f\u00fcr die Bedeutung innovativer Hochschullehre zu sch\u00e4rfen und das Engagement herausragender Lehrender sichtbar zu machen. Den ersten und dritten Preis f\u00f6rdert die Stiftung der Frankfurter Sparkasse mit insgesamt 20.000 Euro, der 2. Preis in H\u00f6he von 10.000 Euro wird von der Goethe-Universit\u00e4t finanziert. Der Preis wird j\u00e4hrlich vergeben, in diesem Jahr zum 23. Mal.<\/p>\n\n\n\n<p>Die Nominierung f\u00fcr den 1822-Universit\u00e4tspreis f\u00fcr exzellente Lehre obliegt ausschlie\u00dflich den Studierenden der Fachbereiche. Die Entscheidung dar\u00fcber, wer den Preis erh\u00e4lt, verantwortet dann eine eigens hierf\u00fcr gebildete Kommission, der auf Seiten der Goethe-Universit\u00e4t sowohl Studierende als auch wissenschaftliche Mitarbeitende, Professoren und Professorinnen angeh\u00f6ren, au\u00dferdem stimmberechtigt ist die Gesch\u00e4ftsf\u00fchrung der Stiftung der Frankfurter Sparkasse. Kriterien f\u00fcr die Vergabe sind Innovation in der Lehre, besondere Qualit\u00e4t der Lehrveranstaltungen sowie au\u00dfergew\u00f6hnliches Engagement bei der Betreuung von Studierenden. Auch Aspekte wie Forschungsorientierung, Vernetzung von Theorie und Praxis, Einsatz w\u00e4hrend der Studieneingangsphase sowie Interdisziplinarit\u00e4t oder Diversity spielen eine Rolle.<\/p>\n\n\n\n<p>Die Bedeutung von Wissensvermittlung f\u00fcr die Demokratie \u2013 und damit die der wissenschaftlichen Lehre f\u00fcr das gesellschaftspolitische Klima \u2013 stand im Mittelpunkt des Impulsvortrags von Saba-Nur Cheema. Die geb\u00fcrtige Frankfurterin, Tochter von pakistanischen Fl\u00fcchtlingen, hat an der Goethe-Universit\u00e4t Politikwissenschaft, Geschichte und Volkswirtschaftslehre studiert. Von 2015 bis 2021 war sie p\u00e4dagogische Leiterin der Bildungsst\u00e4tte Anne Frank in Frankfurt, seit 2020 geh\u00f6rt sie dem Unabh\u00e4ngigen Expertenkreis der Bundesregierung zu Muslimfeindlichkeit an. Saba- Nur Cheema ist wissenschaftliche Mitarbeiterin am Institut f\u00fcr Allgemeine Erziehungswissenschaften und forscht zu Antisemitismus in der Kindheit. Monatlich erscheint im Feuilleton der FAZ ihre Kolumne \u201eMuslimisch-J\u00fcdisches Abendbrot\u201c, die sie gemeinsam mit Meron Mendel schreibt.<\/p>\n\n\n\n<p>Moderiert wurde die Veranstaltung von Jana Jehle und Can Payasli. F\u00fcr den klanglichen Rahmen sorgte Cat Woywod. Durch intermediale und multisensorische Sound-, Licht- und PerformanceArbeiten stellt Cat Woywod, eine non-bin\u00e4re Person, die Wahrnehmungsgewohnheiten des Publikums in Frage. 2023 erhielt Cat den Kasseler Kunstpreis der Wolfgang-Zippel-Stiftung f\u00fcr Intermediale Kunst.<\/p>\n\n\n\n<p>Den <strong>1. Preis<\/strong>, der mit 15.000 Euro dotiert ist, erhielt Professorin <strong>Laura Sagunski<\/strong> aus dem Fachbereich 13 (Physik). Nominiert wurde Laura Sagunski u.a. f\u00fcr innovative Lehrformate in der Astroteilchenphysik wie das Projekt \u201eEXPLORE\u201c, das internationale Forschungskollaborationen f\u00fcr Studierende erm\u00f6glicht. In kleinen Teams arbeiten die Studierenden an aktuellen Themen und kn\u00fcpfen internationale Kontakte. Um den pers\u00f6nlichen Austausch zu erm\u00f6glichen, organisiert Sagunski j\u00e4hrlich eine Sommerschule und Workshops. Insbesondere Sagunskis zwischenmenschlichen F\u00e4higkeiten werden von den Studierenden gelobt. Sie nehme Feedback ernst und arbeite kontinuierlich an der Weiterentwicklung ihrer Lehrpraxis. Als weibliche Professorin setze sie sich aktiv f\u00fcr Gleichstellung und Diversity ein, etwa durch die &#8222;WOW Physics!&#8220;-Konferenz und die Teilnahme am Girls Day.<\/p>\n\n\n\n<p><strong>Dr. Mariam Kamarauli<\/strong> aus dem Fachbereich 09 (Sprach- und Kulturwissenschaften) wurde mit dem <strong>2. Preis<\/strong> ausgezeichnet, der mit 10.000 Euro dotiert ist. Die Studierenden hoben besonders Kamaraulis innovative Lehrmethoden hervor, die digitale Geisteswissenschaften mit traditionellen Ans\u00e4tzen verbinden. Ihre Lehrinhalte seien aktuell und kontrovers, ihre Veranstaltungen klar strukturiert. Sie stehe immer f\u00fcr Fragen zur Verf\u00fcgung und f\u00f6rdere in besonderem Ma\u00dfe eigenverantwortliches Lernen. \u00dcber die eigentlichen Lehrveranstaltungen hinaus unterst\u00fctze sie die Studierenden auch hinsichtlich von Praktika und Auslandsaufenthalten. Mit ihrem Einsatz f\u00f6rdere sie die Begeisterung f\u00fcr Sprachwissenschaft.<\/p>\n\n\n\n<p>Der <strong>3. Preis<\/strong>, dotiert mit 5000 Euro, ging an <strong>PD Dr. Rupert Abele<\/strong> vom Fachbereich 14 (Biochemie, Chemie und Pharmazie). Rupert Abele wurde vor allem aufgrund seiner innovativen Lehrmethoden und seines Engagements f\u00fcr die praktische Ausbildung der Biochemiestudenten im Bachelor- und Masterstudium nominiert. Er integriere aktuelle Forschung in seine Lehrveranstaltungen und arbeite st\u00e4ndig an der Weiterentwicklung der von ihm angebotenen Praktika. Um die Lernm\u00f6glichkeiten zu erweitern, biete er verfilmte Praktika an. Auf pers\u00f6nliche Anwesenheit legt Abele gro\u00dfen Wert, um Feedback einzuholen und Unterst\u00fctzung zu bieten. Er unterst\u00fctzt die Studierenden beim \u00dcbergang vom Bachelor- zum Masterstudium und er\u00f6ffnet berufliche Perspektiven, indem er in seine Seminare G\u00e4sten aus der Wirtschaft einl\u00e4dt.<\/p>\n\n\n\n<p><strong>Alle Nominierungen 2024<\/strong><\/p>\n\n\n\n<p>PD Dr. Rupert Abele \u2013 FB14 Biochemie, Chemie und Pharmazie<br>Prof. Dr. Harry Harun Behr \u2013 FB04 Erziehungswissenschaften<br>Dr. Johannes F. Diehl \u2013 FB06 Evangelische Theologie<br>Prof. Dr. Andreas Karl Otto Fahrmeir \u2013 FB08 Philosphie und Geschichtswissenschaften<br>Prof. Dr. Frederike Felcht \u2013 FB10 Neuere Philologien<br>Dr. Karen Genschow \u2013 FB10 Neuere Philologien<br>Dr. Rainer Hegger \u2013 FB14 Biochemie, Chemie und Pharmazie<br>Prof. Dr. Elisabeth Hollender \u2013 FB09 Sprach- und Kulturwissenschaften<br>Prof. Dr. Roland I\u00dfler \u2013 FB10 Neuere Philologien<br>Dr. Elodie Kalb \u2013&nbsp; FB09 Sprach- und Kulturwissenschaften \/ FB10 Neuere Philologien<br>Dr. Mariam Kamarauli \u2013 FB09 Sprach- und Kulturwissenschaften<br>Prof. Dr. Bettina Kleiner \u2013&nbsp; FB04 Erziehungswissenschaften<br>Prof. Dr. Antje Krause-Wahl \u2013 FB09 Sprach- und Kulturwissenschaften<br>Nicole Kreckel \u2013 FB09 Sprach- und Kulturwissenschaften<br>Prof\u00b4in. Dr. Annette Langner-Pitschmann \u2013 FB07-Katholische Theologie<br>Stefanie Niepceron \u2013&nbsp; FB10 Neuere Philologien<br>Dr. Joanna Olchawa \u2013 FB09 Sprach- und Kulturwissenschaften<br>Prof. Dr. Meike Piepenbring \u2013 FB15 Biowissenschaften<br>Johannes Preissner \u2013 FB10 Neuere Philologien<br>Prof. Dr. Laura Sagunski \u2013 FB 13 Physik<br>Prof. Leunora Salihu \u2013 FB09 Sprach- und Kulturwissenschaften<br>Marvin Schr\u00f6der \u2013 FB05 Psychologie<br>Dr. rer. nat. Bernd Sorg \u2013 FB14 Biochemie, Chemie und Pharmazie<br>PD Dr. med. habil. Jasmina Sterz \u2013 FB16 Medizin<br>Prof. Dr. Claudius Wagemann \u2013 FB03 Gesellschaftwissenschaft<br>Dr. Nadine Weber \u2013 FB04 Erziehungswissenschaften<br>Dr. Dr. Johanna Wilmes &amp; Dr. Tatjana Dietz \u2013 FB04 Erziehungswissenschaften<br>Prof. Dr. Markus Wriedt \u2013 FB06 Evangelische Theologie<\/p>","protected":false},"excerpt":{"rendered":"<p>Die Physikerin Prof. Laura Sagunski, die Sprachwissenschaftlerin Dr. Mariam Kamarauli und der Biochemiker PD. Dr. Rupert Abele erhalten in diesem Jahr den begehrten 1822-Universit\u00e4tspreis f\u00fcr exzellente Lehre, den die Goethe-Universit\u00e4t [&hellip;]<\/p>\n","protected":false},"author":8,"featured_media":80093,"comment_status":"closed","ping_status":"closed","sticky":false,"template":"","format":"standard","meta":{"_eb_attr":"","_price":"","_stock":"","_tribe_ticket_header":"","_tribe_default_ticket_provider":"","_ticket_start_date":"","_ticket_end_date":"","_tribe_ticket_show_description":"","_tribe_ticket_show_not_going":false,"_tribe_ticket_use_global_stock":"","_tribe_ticket_global_stock_level":"","_global_stock_mode":"","_global_stock_cap":"","_tribe_rsvp_for_event":"","_tribe_ticket_going_count":"","_tribe_ticket_not_going_count":"","_tribe_tickets_list":"[]","_tribe_ticket_has_attendee_info_fields":false,"footnotes":""},"categories":[8],"tags":[47,23,64,40,44],"post_folder":[],"class_list":["post-80092","post","type-post","status-publish","format-standard","has-post-thumbnail","hentry","category-hochschule","tag-biochemie","tag-physik","tag-preis","tag-preistraeger","tag-sprach-und-kulturwissenschaften"],"yoast_head":"<!-- This site is optimized with the Yoast SEO plugin v27.5 - https:\/\/yoast.com\/product\/yoast-seo-wordpress\/ -->\n<title>1822-Universit\u00e4tspreis geht in diesem Jahr an eine Physikerin, eine Sprachwissenschaftlerin und einen Biochemiker | Aktuelles aus der Goethe-Universit\u00e4t Frankfurt<\/title>\n<meta name=\"robots\" content=\"index, follow, max-snippet:-1, max-image-preview:large, max-video-preview:-1\" \/>\n<link rel=\"canonical\" href=\"https:\/\/aktuelles.uni-frankfurt.de\/en\/hochschule\/1822-universitaetspreis-geht-in-diesem-jahr-an-eine-physikerin-eine-sprachwissenschaftlerin-und-einen-biochemiker\/\" \/>\n<meta property=\"og:locale\" content=\"en_GB\" \/>\n<meta property=\"og:type\" content=\"article\" \/>\n<meta property=\"og:title\" content=\"1822-Universit\u00e4tspreis geht in diesem Jahr an eine Physikerin, eine Sprachwissenschaftlerin und einen Biochemiker | Aktuelles aus der Goethe-Universit\u00e4t Frankfurt\" \/>\n<meta property=\"og:description\" content=\"Die Physikerin Prof. Laura Sagunski, die Sprachwissenschaftlerin Dr. Mariam Kamarauli und der Biochemiker PD. Dr. Rupert Abele erhalten in diesem Jahr den begehrten 1822-Universit\u00e4tspreis f\u00fcr exzellente Lehre, den die Goethe-Universit\u00e4t [&hellip;]\" \/>\n<meta property=\"og:url\" content=\"https:\/\/aktuelles.uni-frankfurt.de\/en\/hochschule\/1822-universitaetspreis-geht-in-diesem-jahr-an-eine-physikerin-eine-sprachwissenschaftlerin-und-einen-biochemiker\/\" \/>\n<meta property=\"og:site_name\" content=\"Aktuelles aus der Goethe-Universit\u00e4t Frankfurt\" \/>\n<meta property=\"article:published_time\" content=\"2024-06-12T09:49:41+00:00\" \/>\n<meta property=\"article:modified_time\" content=\"2024-06-14T09:27:12+00:00\" \/>\n<meta property=\"og:image\" content=\"https:\/\/aktuelles.uni-frankfurt.de\/wp-content\/uploads\/2024\/06\/beitragsbild_1822-2024.jpg\" \/>\n\t<meta property=\"og:image:width\" content=\"650\" \/>\n\t<meta property=\"og:image:height\" content=\"450\" \/>\n\t<meta property=\"og:image:type\" content=\"image\/jpeg\" \/>\n<meta name=\"author\" content=\"-\" \/>\n<meta name=\"twitter:card\" content=\"summary_large_image\" \/>\n<meta name=\"twitter:label1\" content=\"Written by\" \/>\n\t<meta name=\"twitter:data1\" content=\"-\" \/>\n\t<meta name=\"twitter:label2\" content=\"Estimated reading time\" \/>\n\t<meta name=\"twitter:data2\" content=\"6 minutes\" \/>\n<script type=\"application\/ld+json\" class=\"yoast-schema-graph\">{\"@context\":\"https:\\\/\\\/schema.org\",\"@graph\":[{\"@type\":\"Article\",\"@id\":\"https:\\\/\\\/aktuelles.uni-frankfurt.de\\\/hochschule\\\/1822-universitaetspreis-geht-in-diesem-jahr-an-eine-physikerin-eine-sprachwissenschaftlerin-und-einen-biochemiker\\\/#article\",\"isPartOf\":{\"@id\":\"https:\\\/\\\/aktuelles.uni-frankfurt.de\\\/hochschule\\\/1822-universitaetspreis-geht-in-diesem-jahr-an-eine-physikerin-eine-sprachwissenschaftlerin-und-einen-biochemiker\\\/\"},\"author\":{\"name\":\"-\",\"@id\":\"https:\\\/\\\/aktuelles.uni-frankfurt.de\\\/#\\\/schema\\\/person\\\/8e55ea338fb65d1ce87a91565d1f1739\"},\"headline\":\"1822-Universit\u00e4tspreis geht in diesem Jahr an eine Physikerin, eine Sprachwissenschaftlerin und einen Biochemiker\",\"datePublished\":\"2024-06-12T09:49:41+00:00\",\"dateModified\":\"2024-06-14T09:27:12+00:00\",\"mainEntityOfPage\":{\"@id\":\"https:\\\/\\\/aktuelles.uni-frankfurt.de\\\/hochschule\\\/1822-universitaetspreis-geht-in-diesem-jahr-an-eine-physikerin-eine-sprachwissenschaftlerin-und-einen-biochemiker\\\/\"},\"wordCount\":1274,\"publisher\":{\"@id\":\"https:\\\/\\\/aktuelles.uni-frankfurt.de\\\/#organization\"},\"image\":{\"@id\":\"https:\\\/\\\/aktuelles.uni-frankfurt.de\\\/hochschule\\\/1822-universitaetspreis-geht-in-diesem-jahr-an-eine-physikerin-eine-sprachwissenschaftlerin-und-einen-biochemiker\\\/#primaryimage\"},\"thumbnailUrl\":\"https:\\\/\\\/aktuelles.uni-frankfurt.de\\\/wp-content\\\/uploads\\\/2024\\\/06\\\/beitragsbild_1822-2024.jpg\",\"keywords\":[\"Biochemie\",\"Physik\",\"Preis\",\"Preistr\u00e4ger\",\"Sprach- und Kulturwissenschaften\"],\"articleSection\":[\"Hochschule\"],\"inLanguage\":\"en-GB\"},{\"@type\":\"WebPage\",\"@id\":\"https:\\\/\\\/aktuelles.uni-frankfurt.de\\\/hochschule\\\/1822-universitaetspreis-geht-in-diesem-jahr-an-eine-physikerin-eine-sprachwissenschaftlerin-und-einen-biochemiker\\\/\",\"url\":\"https:\\\/\\\/aktuelles.uni-frankfurt.de\\\/hochschule\\\/1822-universitaetspreis-geht-in-diesem-jahr-an-eine-physikerin-eine-sprachwissenschaftlerin-und-einen-biochemiker\\\/\",\"name\":\"1822-Universit\u00e4tspreis geht in diesem Jahr an eine Physikerin, eine Sprachwissenschaftlerin und einen Biochemiker | Aktuelles aus der Goethe-Universit\u00e4t Frankfurt\",\"isPartOf\":{\"@id\":\"https:\\\/\\\/aktuelles.uni-frankfurt.de\\\/#website\"},\"primaryImageOfPage\":{\"@id\":\"https:\\\/\\\/aktuelles.uni-frankfurt.de\\\/hochschule\\\/1822-universitaetspreis-geht-in-diesem-jahr-an-eine-physikerin-eine-sprachwissenschaftlerin-und-einen-biochemiker\\\/#primaryimage\"},\"image\":{\"@id\":\"https:\\\/\\\/aktuelles.uni-frankfurt.de\\\/hochschule\\\/1822-universitaetspreis-geht-in-diesem-jahr-an-eine-physikerin-eine-sprachwissenschaftlerin-und-einen-biochemiker\\\/#primaryimage\"},\"thumbnailUrl\":\"https:\\\/\\\/aktuelles.uni-frankfurt.de\\\/wp-content\\\/uploads\\\/2024\\\/06\\\/beitragsbild_1822-2024.jpg\",\"datePublished\":\"2024-06-12T09:49:41+00:00\",\"dateModified\":\"2024-06-14T09:27:12+00:00\",\"breadcrumb\":{\"@id\":\"https:\\\/\\\/aktuelles.uni-frankfurt.de\\\/hochschule\\\/1822-universitaetspreis-geht-in-diesem-jahr-an-eine-physikerin-eine-sprachwissenschaftlerin-und-einen-biochemiker\\\/#breadcrumb\"},\"inLanguage\":\"en-GB\",\"potentialAction\":[{\"@type\":\"ReadAction\",\"target\":[\"https:\\\/\\\/aktuelles.uni-frankfurt.de\\\/hochschule\\\/1822-universitaetspreis-geht-in-diesem-jahr-an-eine-physikerin-eine-sprachwissenschaftlerin-und-einen-biochemiker\\\/\"]}]},{\"@type\":\"ImageObject\",\"inLanguage\":\"en-GB\",\"@id\":\"https:\\\/\\\/aktuelles.uni-frankfurt.de\\\/hochschule\\\/1822-universitaetspreis-geht-in-diesem-jahr-an-eine-physikerin-eine-sprachwissenschaftlerin-und-einen-biochemiker\\\/#primaryimage\",\"url\":\"https:\\\/\\\/aktuelles.uni-frankfurt.de\\\/wp-content\\\/uploads\\\/2024\\\/06\\\/beitragsbild_1822-2024.jpg\",\"contentUrl\":\"https:\\\/\\\/aktuelles.uni-frankfurt.de\\\/wp-content\\\/uploads\\\/2024\\\/06\\\/beitragsbild_1822-2024.jpg\",\"width\":650,\"height\":450,\"caption\":\"Der 1822-Universit\u00e4tspreis f\u00fcr exzellente Lehre ist am Dienstag zum 23. Mal verliehen worden: Dr. Ingo Wiedemeier (von links), der Vorstandsvorsitzende der Frankfurter Sparkasse, Sprachwissenschaftlerin Dr. Mariam Kamarauli (2. Preis), Professorin Laura Sagunski (1. Preis), PD Dr. Rupert Abele (3. Preis), Festrednerin Saba-Nur Cheema und Prof. Viera Pirker, Vizepr\u00e4sidentin der Goethe-Universit\u00e4t, f\u00fcr Studium und Lehre. (Foto: Uwe Dettmar)Bild 2: Dr. Ingo Wiedemeier (von links), der Vorstandsvorsitzende der Frankfurter Sparkasse, Sprachwissenschaftlerin Dr. Mariam Kamarauli (2. Preis), Professorin Laura Sagunski (1. Preis), PD Dr. Rupert Abele (3. Preis) und Prof. Viera Pirker, Vizepr\u00e4sidentin der Goethe-Universit\u00e4t, f\u00fcr Studium und Lehre. (Foto: Uwe Dettmar)\"},{\"@type\":\"BreadcrumbList\",\"@id\":\"https:\\\/\\\/aktuelles.uni-frankfurt.de\\\/hochschule\\\/1822-universitaetspreis-geht-in-diesem-jahr-an-eine-physikerin-eine-sprachwissenschaftlerin-und-einen-biochemiker\\\/#breadcrumb\",\"itemListElement\":[{\"@type\":\"ListItem\",\"position\":1,\"name\":\"Startseite\",\"item\":\"https:\\\/\\\/aktuelles.uni-frankfurt.de\\\/\"},{\"@type\":\"ListItem\",\"position\":2,\"name\":\"1822-Universit\u00e4tspreis geht in diesem Jahr an eine Physikerin, eine Sprachwissenschaftlerin und einen Biochemiker\"}]},{\"@type\":\"WebSite\",\"@id\":\"https:\\\/\\\/aktuelles.uni-frankfurt.de\\\/#website\",\"url\":\"https:\\\/\\\/aktuelles.uni-frankfurt.de\\\/\",\"name\":\"Aktuelles aus der Goethe-Universit\u00e4t Frankfurt\",\"description\":\"Aktuelles aus der Goethe-Universit\u00e4t | Neues aus Forschung, Lehre, Studium\",\"publisher\":{\"@id\":\"https:\\\/\\\/aktuelles.uni-frankfurt.de\\\/#organization\"},\"potentialAction\":[{\"@type\":\"SearchAction\",\"target\":{\"@type\":\"EntryPoint\",\"urlTemplate\":\"https:\\\/\\\/aktuelles.uni-frankfurt.de\\\/?s={search_term_string}\"},\"query-input\":{\"@type\":\"PropertyValueSpecification\",\"valueRequired\":true,\"valueName\":\"search_term_string\"}}],\"inLanguage\":\"en-GB\"},{\"@type\":\"Organization\",\"@id\":\"https:\\\/\\\/aktuelles.uni-frankfurt.de\\\/#organization\",\"name\":\"Goethe-Universit\u00e4t\",\"url\":\"https:\\\/\\\/aktuelles.uni-frankfurt.de\\\/\",\"logo\":{\"@type\":\"ImageObject\",\"inLanguage\":\"en-GB\",\"@id\":\"https:\\\/\\\/aktuelles.uni-frankfurt.de\\\/#\\\/schema\\\/logo\\\/image\\\/\",\"url\":\"https:\\\/\\\/aktuelles.uni-frankfurt.de\\\/wp-content\\\/uploads\\\/2022\\\/03\\\/800px-Goethe-Logo.png\",\"contentUrl\":\"https:\\\/\\\/aktuelles.uni-frankfurt.de\\\/wp-content\\\/uploads\\\/2022\\\/03\\\/800px-Goethe-Logo.png\",\"width\":800,\"height\":436,\"caption\":\"Goethe-Universit\u00e4t\"},\"image\":{\"@id\":\"https:\\\/\\\/aktuelles.uni-frankfurt.de\\\/#\\\/schema\\\/logo\\\/image\\\/\"}},{\"@type\":\"Person\",\"@id\":\"https:\\\/\\\/aktuelles.uni-frankfurt.de\\\/#\\\/schema\\\/person\\\/8e55ea338fb65d1ce87a91565d1f1739\",\"name\":\"-\",\"description\":\"Dieser Beitrag wurde von der Online-Redaktion ver\u00f6ffentlicht. Wenn der Beitrag von einem Gastautoren verfasst wurde, findet sich dieser Hinweis am Ende des jeweiligen Artikels.\",\"sameAs\":[\"http:\\\/\\\/aktuelles.uni-frankfurt.de\\\/autoren\"],\"url\":\"https:\\\/\\\/aktuelles.uni-frankfurt.de\\\/en\\\/author\\\/redaktion\\\/\"}]}<\/script>\n<!-- \/ Yoast SEO plugin. -->","yoast_head_json":{"title":"1822-Universit\u00e4tspreis geht in diesem Jahr an eine Physikerin, eine Sprachwissenschaftlerin und einen Biochemiker | Aktuelles aus der Goethe-Universit\u00e4t Frankfurt","robots":{"index":"index","follow":"follow","max-snippet":"max-snippet:-1","max-image-preview":"max-image-preview:large","max-video-preview":"max-video-preview:-1"},"canonical":"https:\/\/aktuelles.uni-frankfurt.de\/en\/hochschule\/1822-universitaetspreis-geht-in-diesem-jahr-an-eine-physikerin-eine-sprachwissenschaftlerin-und-einen-biochemiker\/","og_locale":"en_GB","og_type":"article","og_title":"1822-Universit\u00e4tspreis geht in diesem Jahr an eine Physikerin, eine Sprachwissenschaftlerin und einen Biochemiker | Aktuelles aus der Goethe-Universit\u00e4t Frankfurt","og_description":"Die Physikerin Prof. Laura Sagunski, die Sprachwissenschaftlerin Dr. Mariam Kamarauli und der Biochemiker PD. Dr. Rupert Abele erhalten in diesem Jahr den begehrten 1822-Universit\u00e4tspreis f\u00fcr exzellente Lehre, den die Goethe-Universit\u00e4t [&hellip;]","og_url":"https:\/\/aktuelles.uni-frankfurt.de\/en\/hochschule\/1822-universitaetspreis-geht-in-diesem-jahr-an-eine-physikerin-eine-sprachwissenschaftlerin-und-einen-biochemiker\/","og_site_name":"Aktuelles aus der Goethe-Universit\u00e4t Frankfurt","article_published_time":"2024-06-12T09:49:41+00:00","article_modified_time":"2024-06-14T09:27:12+00:00","og_image":[{"width":650,"height":450,"url":"https:\/\/aktuelles.uni-frankfurt.de\/wp-content\/uploads\/2024\/06\/beitragsbild_1822-2024.jpg","type":"image\/jpeg"}],"author":"-","twitter_card":"summary_large_image","twitter_misc":{"Written by":"-","Estimated reading time":"6 minutes"},"schema":{"@context":"https:\/\/schema.org","@graph":[{"@type":"Article","@id":"https:\/\/aktuelles.uni-frankfurt.de\/hochschule\/1822-universitaetspreis-geht-in-diesem-jahr-an-eine-physikerin-eine-sprachwissenschaftlerin-und-einen-biochemiker\/#article","isPartOf":{"@id":"https:\/\/aktuelles.uni-frankfurt.de\/hochschule\/1822-universitaetspreis-geht-in-diesem-jahr-an-eine-physikerin-eine-sprachwissenschaftlerin-und-einen-biochemiker\/"},"author":{"name":"-","@id":"https:\/\/aktuelles.uni-frankfurt.de\/#\/schema\/person\/8e55ea338fb65d1ce87a91565d1f1739"},"headline":"1822-Universit\u00e4tspreis geht in diesem Jahr an eine Physikerin, eine Sprachwissenschaftlerin und einen Biochemiker","datePublished":"2024-06-12T09:49:41+00:00","dateModified":"2024-06-14T09:27:12+00:00","mainEntityOfPage":{"@id":"https:\/\/aktuelles.uni-frankfurt.de\/hochschule\/1822-universitaetspreis-geht-in-diesem-jahr-an-eine-physikerin-eine-sprachwissenschaftlerin-und-einen-biochemiker\/"},"wordCount":1274,"publisher":{"@id":"https:\/\/aktuelles.uni-frankfurt.de\/#organization"},"image":{"@id":"https:\/\/aktuelles.uni-frankfurt.de\/hochschule\/1822-universitaetspreis-geht-in-diesem-jahr-an-eine-physikerin-eine-sprachwissenschaftlerin-und-einen-biochemiker\/#primaryimage"},"thumbnailUrl":"https:\/\/aktuelles.uni-frankfurt.de\/wp-content\/uploads\/2024\/06\/beitragsbild_1822-2024.jpg","keywords":["Biochemie","Physik","Preis","Preistr\u00e4ger","Sprach- und Kulturwissenschaften"],"articleSection":["Hochschule"],"inLanguage":"en-GB"},{"@type":"WebPage","@id":"https:\/\/aktuelles.uni-frankfurt.de\/hochschule\/1822-universitaetspreis-geht-in-diesem-jahr-an-eine-physikerin-eine-sprachwissenschaftlerin-und-einen-biochemiker\/","url":"https:\/\/aktuelles.uni-frankfurt.de\/hochschule\/1822-universitaetspreis-geht-in-diesem-jahr-an-eine-physikerin-eine-sprachwissenschaftlerin-und-einen-biochemiker\/","name":"1822-Universit\u00e4tspreis geht in diesem Jahr an eine Physikerin, eine Sprachwissenschaftlerin und einen Biochemiker | Aktuelles aus der Goethe-Universit\u00e4t Frankfurt","isPartOf":{"@id":"https:\/\/aktuelles.uni-frankfurt.de\/#website"},"primaryImageOfPage":{"@id":"https:\/\/aktuelles.uni-frankfurt.de\/hochschule\/1822-universitaetspreis-geht-in-diesem-jahr-an-eine-physikerin-eine-sprachwissenschaftlerin-und-einen-biochemiker\/#primaryimage"},"image":{"@id":"https:\/\/aktuelles.uni-frankfurt.de\/hochschule\/1822-universitaetspreis-geht-in-diesem-jahr-an-eine-physikerin-eine-sprachwissenschaftlerin-und-einen-biochemiker\/#primaryimage"},"thumbnailUrl":"https:\/\/aktuelles.uni-frankfurt.de\/wp-content\/uploads\/2024\/06\/beitragsbild_1822-2024.jpg","datePublished":"2024-06-12T09:49:41+00:00","dateModified":"2024-06-14T09:27:12+00:00","breadcrumb":{"@id":"https:\/\/aktuelles.uni-frankfurt.de\/hochschule\/1822-universitaetspreis-geht-in-diesem-jahr-an-eine-physikerin-eine-sprachwissenschaftlerin-und-einen-biochemiker\/#breadcrumb"},"inLanguage":"en-GB","potentialAction":[{"@type":"ReadAction","target":["https:\/\/aktuelles.uni-frankfurt.de\/hochschule\/1822-universitaetspreis-geht-in-diesem-jahr-an-eine-physikerin-eine-sprachwissenschaftlerin-und-einen-biochemiker\/"]}]},{"@type":"ImageObject","inLanguage":"en-GB","@id":"https:\/\/aktuelles.uni-frankfurt.de\/hochschule\/1822-universitaetspreis-geht-in-diesem-jahr-an-eine-physikerin-eine-sprachwissenschaftlerin-und-einen-biochemiker\/#primaryimage","url":"https:\/\/aktuelles.uni-frankfurt.de\/wp-content\/uploads\/2024\/06\/beitragsbild_1822-2024.jpg","contentUrl":"https:\/\/aktuelles.uni-frankfurt.de\/wp-content\/uploads\/2024\/06\/beitragsbild_1822-2024.jpg","width":650,"height":450,"caption":"Der 1822-Universit\u00e4tspreis f\u00fcr exzellente Lehre ist am Dienstag zum 23. Mal verliehen worden: Dr. Ingo Wiedemeier (von links), der Vorstandsvorsitzende der Frankfurter Sparkasse, Sprachwissenschaftlerin Dr. Mariam Kamarauli (2. Preis), Professorin Laura Sagunski (1. Preis), PD Dr. Rupert Abele (3. Preis), Festrednerin Saba-Nur Cheema und Prof. Viera Pirker, Vizepr\u00e4sidentin der Goethe-Universit\u00e4t, f\u00fcr Studium und Lehre. (Foto: Uwe Dettmar)Bild 2: Dr. Ingo Wiedemeier (von links), der Vorstandsvorsitzende der Frankfurter Sparkasse, Sprachwissenschaftlerin Dr. Mariam Kamarauli (2. Preis), Professorin Laura Sagunski (1. Preis), PD Dr. Rupert Abele (3. Preis) und Prof. Viera Pirker, Vizepr\u00e4sidentin der Goethe-Universit\u00e4t, f\u00fcr Studium und Lehre. (Foto: Uwe Dettmar)"},{"@type":"BreadcrumbList","@id":"https:\/\/aktuelles.uni-frankfurt.de\/hochschule\/1822-universitaetspreis-geht-in-diesem-jahr-an-eine-physikerin-eine-sprachwissenschaftlerin-und-einen-biochemiker\/#breadcrumb","itemListElement":[{"@type":"ListItem","position":1,"name":"Startseite","item":"https:\/\/aktuelles.uni-frankfurt.de\/"},{"@type":"ListItem","position":2,"name":"1822-Universit\u00e4tspreis geht in diesem Jahr an eine Physikerin, eine Sprachwissenschaftlerin und einen Biochemiker"}]},{"@type":"WebSite","@id":"https:\/\/aktuelles.uni-frankfurt.de\/#website","url":"https:\/\/aktuelles.uni-frankfurt.de\/","name":"Aktuelles aus der Goethe-Universit\u00e4t Frankfurt","description":"Aktuelles aus der Goethe-Universit\u00e4t | Neues aus Forschung, Lehre, Studium","publisher":{"@id":"https:\/\/aktuelles.uni-frankfurt.de\/#organization"},"potentialAction":[{"@type":"SearchAction","target":{"@type":"EntryPoint","urlTemplate":"https:\/\/aktuelles.uni-frankfurt.de\/?s={search_term_string}"},"query-input":{"@type":"PropertyValueSpecification","valueRequired":true,"valueName":"search_term_string"}}],"inLanguage":"en-GB"},{"@type":"Organization","@id":"https:\/\/aktuelles.uni-frankfurt.de\/#organization","name":"Goethe University Frankfurt","url":"https:\/\/aktuelles.uni-frankfurt.de\/","logo":{"@type":"ImageObject","inLanguage":"en-GB","@id":"https:\/\/aktuelles.uni-frankfurt.de\/#\/schema\/logo\/image\/","url":"https:\/\/aktuelles.uni-frankfurt.de\/wp-content\/uploads\/2022\/03\/800px-Goethe-Logo.png","contentUrl":"https:\/\/aktuelles.uni-frankfurt.de\/wp-content\/uploads\/2022\/03\/800px-Goethe-Logo.png","width":800,"height":436,"caption":"Goethe-Universit\u00e4t"},"image":{"@id":"https:\/\/aktuelles.uni-frankfurt.de\/#\/schema\/logo\/image\/"}},{"@type":"Person","@id":"https:\/\/aktuelles.uni-frankfurt.de\/#\/schema\/person\/8e55ea338fb65d1ce87a91565d1f1739","name":"-","description":"Dieser Beitrag wurde von der Online-Redaktion ver\u00f6ffentlicht. Wenn der Beitrag von einem Gastautoren verfasst wurde, findet sich dieser Hinweis am Ende des jeweiligen Artikels.","sameAs":["http:\/\/aktuelles.uni-frankfurt.de\/autoren"],"url":"https:\/\/aktuelles.uni-frankfurt.de\/en\/author\/redaktion\/"}]}},"_links":{"self":[{"href":"https:\/\/aktuelles.uni-frankfurt.de\/en\/wp-json\/wp\/v2\/posts\/80092","targetHints":{"allow":["GET"]}}],"collection":[{"href":"https:\/\/aktuelles.uni-frankfurt.de\/en\/wp-json\/wp\/v2\/posts"}],"about":[{"href":"https:\/\/aktuelles.uni-frankfurt.de\/en\/wp-json\/wp\/v2\/types\/post"}],"author":[{"embeddable":true,"href":"https:\/\/aktuelles.uni-frankfurt.de\/en\/wp-json\/wp\/v2\/users\/8"}],"replies":[{"embeddable":true,"href":"https:\/\/aktuelles.uni-frankfurt.de\/en\/wp-json\/wp\/v2\/comments?post=80092"}],"version-history":[{"count":0,"href":"https:\/\/aktuelles.uni-frankfurt.de\/en\/wp-json\/wp\/v2\/posts\/80092\/revisions"}],"wp:featuredmedia":[{"embeddable":true,"href":"https:\/\/aktuelles.uni-frankfurt.de\/en\/wp-json\/wp\/v2\/media\/80093"}],"wp:attachment":[{"href":"https:\/\/aktuelles.uni-frankfurt.de\/en\/wp-json\/wp\/v2\/media?parent=80092"}],"wp:term":[{"taxonomy":"category","embeddable":true,"href":"https:\/\/aktuelles.uni-frankfurt.de\/en\/wp-json\/wp\/v2\/categories?post=80092"},{"taxonomy":"post_tag","embeddable":true,"href":"https:\/\/aktuelles.uni-frankfurt.de\/en\/wp-json\/wp\/v2\/tags?post=80092"},{"taxonomy":"post_folder","embeddable":true,"href":"https:\/\/aktuelles.uni-frankfurt.de\/en\/wp-json\/wp\/v2\/post_folder?post=80092"}],"curies":[{"name":"wp","href":"https:\/\/api.w.org\/{rel}","templated":true}]}}