{"id":80298,"date":"2024-07-18T08:02:12","date_gmt":"2024-07-18T06:02:12","guid":{"rendered":"https:\/\/aktuelles.uni-frankfurt.de\/?p=80298"},"modified":"2024-07-18T08:02:13","modified_gmt":"2024-07-18T06:02:13","slug":"ein-grosses-geschenk-fuer-die-goethe-universitaet","status":"publish","type":"post","link":"https:\/\/aktuelles.uni-frankfurt.de\/en\/einblick\/ein-grosses-geschenk-fuer-die-goethe-universitaet\/","title":{"rendered":"Ein gro\u00dfes Geschenk f\u00fcr die Goethe-Universit\u00e4t"},"content":{"rendered":"<h2 class=\"wp-block-heading\">Stifter Dr. Elmar Reiss zum Ehrensenator ernannt<\/h2>\n\n\n\n<div style=\"height:20px\" aria-hidden=\"true\" class=\"wp-block-spacer\"><\/div>\n\n\n\n<p><strong>Mit der Ehrensenatorenw\u00fcrde ehrt der Senat auf Vorschlag des Pr\u00e4sidiums herausragende Pers\u00f6nlichkeiten, die durch ihr Engagement zur Weiterentwicklung und F\u00f6rderung der Stiftungsuniversit\u00e4t beitragen. Dies hat der Jurist Dr. Elmar Reiss auf au\u00dfergew\u00f6hnliche Weise getan. Als Gr\u00fcnder der \u00bbDr. Elmar und Ellis Reiss Stiftung\u00ab, die in treuh\u00e4nderischer Verwaltung der Vereinigung von Freunden und F\u00f6rderern liegt, erhielt er nun diese Auszeichnung f\u00fcr sein langj\u00e4hriges und herausragendes Engagement f\u00fcr wissenschaftliche Forschungsvorhaben, soziale und Bildungsprojekte an der Goethe-Universit\u00e4t.<\/strong><\/p>\n\n\n\n<div style=\"height:20px\" aria-hidden=\"true\" class=\"wp-block-spacer\"><\/div>\n\n\n\n<figure class=\"wp-block-image alignleft size-large\"><img fetchpriority=\"high\" decoding=\"async\" width=\"470\" height=\"500\" src=\"https:\/\/aktuelles.uni-frankfurt.de\/wp-content\/uploads\/2024\/07\/pm_04_ehrensenator_Reiss-470x500.jpg\" alt=\"\" class=\"wp-image-80299\" srcset=\"https:\/\/aktuelles.uni-frankfurt.de\/wp-content\/uploads\/2024\/07\/pm_04_ehrensenator_Reiss-470x500.jpg 470w, https:\/\/aktuelles.uni-frankfurt.de\/wp-content\/uploads\/2024\/07\/pm_04_ehrensenator_Reiss-282x300.jpg 282w, https:\/\/aktuelles.uni-frankfurt.de\/wp-content\/uploads\/2024\/07\/pm_04_ehrensenator_Reiss-11x12.jpg 11w, https:\/\/aktuelles.uni-frankfurt.de\/wp-content\/uploads\/2024\/07\/pm_04_ehrensenator_Reiss.jpg 650w\" sizes=\"(max-width: 470px) 100vw, 470px\" \/><figcaption class=\"wp-element-caption\">Dr. Elmar Reiss<\/figcaption><\/figure>\n\n\n\n<p>Keine gro\u00dfe Feier mit vielen G\u00e4sten, Musik und Reden: Dr. Elmar Reiss nahm die h\u00f6chste Auszeichnung der Goethe-Universit\u00e4t lieber im kleinen Kreis mit seiner Frau Ellis entgegen. Nur zwei Mitglieder seines Stiftungsbeirates, Edmund Konrad und Nike von Wersebe, waren dabei, als Pr\u00e4sident Enrico Schleiff ihm die Urkunde \u00fcberreichte. \u00bbEs geh\u00f6rt zum Selbstverst\u00e4ndnis der Goethe-Universit\u00e4t, dass wir eng mit der Stadtgesellschaft vernetzt sind, dass wir unser Wissen, unsere Forschungsergebnisse und unsere Leistungen an die Frankfurter B\u00fcrgerinnen und B\u00fcrger weitergeben und auch gemeinsam mit ihnen neues Wissen erarbeiten\u00ab, so Prof. Enrico Schleiff. \u00bbDazu geh\u00f6rt auch, dass sich die Frankfurter B\u00fcrger f\u00fcr ihre Universit\u00e4t und deren Weiterentwicklung engagieren. Dr. Elmar Reiss tut dies nicht nur mit erheblichen finanziellen Mitteln, sondern begleitet die Universit\u00e4t dar\u00fcber hinaus als Freund und Inspirator, der mit einem besonderen Gesp\u00fcr f\u00fcr gesellschaftlich hoch relevante Themen, insbesondere zu Fragen der psychischen Gesundheit, Impulse gibt.\u00ab<\/p>\n\n\n\n<p>Angesichts des beispielhaften Gemeinsinns und des au\u00dfergew\u00f6hnlichen Engagements des Ehepaars Reiss w\u00e4re ein gro\u00dfer festlicher Rahmen f\u00fcr diese hohe Auszeichnung durchaus angemessen gewesen. Doch gerade zu Elmar Reiss w\u00fcrde das nicht passen. In seiner Bescheidenheit w\u00fcnschte er sich einen privaten und kleinen Rahmen f\u00fcr die Ehrung. Sein uneigenn\u00fctziger Einsatz f\u00fcr Gesellschaft und Wissenschaft entspricht vielmehr seinem Selbstverst\u00e4ndnis von b\u00fcrgerschaftlichem Engagement.<\/p>\n\n\n\n<div style=\"height:20px\" aria-hidden=\"true\" class=\"wp-block-spacer\"><\/div>\n\n\n\n<h2 class=\"wp-block-heading\"><strong>Lebendige Biografie<\/strong><\/h2>\n\n\n\n<p>Dr. Elmar Reiss wurde am 15. April 1943 in Stuttgart geboren und wuchs zun\u00e4chst in Oberursel auf. Sp\u00e4ter zog die Familie nach Frankfurt am Main. Zuerst in der Myliusstra\u00dfe, danach in der Grillparzerstra\u00dfe verbrachte er gemeinsam mit seinen Br\u00fcdern Kindheit und Jugend. In den Wirren des Nachkriegsdeutschland aufgewachsen, verinnerlichte Elmar Reiss von klein auf die Bedeutung von Wiederaufbau und Gemeinsinn. Sein famili\u00e4res Umfeld, gepr\u00e4gt durch die medizinischen Berufe seiner Eltern \u2013 der Vater HNO-Arzt und Zahnarzt, die Mutter Zahn\u00e4rztin \u2013, mag die Wiege gewesen sein f\u00fcr seine sp\u00e4tere Verbundenheit mit dem Gesundheitswesen. Nach dem Besuch des Goethe-Gymnasiums in Frankfurt begann Dr. Reiss zun\u00e4chst ein Medizinstudium, wechselte aber bald zur Rechtswissenschaft. Sein akademischer Weg f\u00fchrte ihn an die renommierten Universit\u00e4ten T\u00fcbingen, W\u00fcrzburg und an die Goethe-Universit\u00e4t Frankfurt. Am Oberlandesgericht Frankfurt absolvierte er sein zweites Staatsexamen, am Oberlandesgericht Wiesbaden die m\u00fcndliche Pr\u00fcfung. Seine akademische Ausbildung kr\u00f6nte er mit einer Promotion. 1973 heiratete er seine Frau Elsbeth \u2013 Ellis \u2013 Reiss.<\/p>\n\n\n\n<div style=\"height:20px\" aria-hidden=\"true\" class=\"wp-block-spacer\"><\/div>\n\n\n\n<h2 class=\"wp-block-heading\"><strong>Karriere als Unternehmer und Investor<\/strong><\/h2>\n\n\n\n<p>Der Jurist und Investor blickt auf eine beeindruckende und vielseitige berufliche Laufbahn zur\u00fcck, die von vision\u00e4rem Denken und einem ausgepr\u00e4gten Gesp\u00fcr f\u00fcr profitable Gesch\u00e4ftsm\u00f6glichkeiten gepr\u00e4gt ist. Er begann seine berufliche Laufbahn 1973 als Gesch\u00e4ftsf\u00fchrer einer Investment- und Managementgesellschaft in Frankfurt. Diese fr\u00fche Position sch\u00e4rfte sein Talent f\u00fcr Kapitalmanagement und Unternehmensf\u00fchrung \u2013 F\u00e4higkeiten, die f\u00fcr seinen sp\u00e4teren Erfolg entscheidend sein sollten. 1975 zog es Dr. Reiss ins Ausland.<\/p>\n\n\n\n<p>Er wurde Gr\u00fcnder und Teilhaber mehrerer Unternehmen f\u00fcr die Exploration von Bodensch\u00e4tzen in Nordamerika mit Sitz in Calgary, Kanada. Diese Initiative bewies seinen Mut, in gro\u00dfen Dimensionen zu denken und sich in anspruchsvollen M\u00e4rkten zu engagieren. Im Jahr 1981 diversifizierte Elmar Reiss seine Aktivit\u00e4ten weiter und er\u00f6ffnete ein weiteres B\u00fcro in Denver, Colorado, das sich mit Immobilieninvestitionen und Grundst\u00fccksk\u00e4ufen in den USA befasste. Diese strategische Expansion unterstreicht sein Profil als vorausschauender Unternehmer, der stets auf der Suche nach neuen Investitionsm\u00f6glichkeiten ist. Zur\u00fcck in Frankfurt wirkt er seit 2001 als privater Investor und M\u00e4zen. Neben seinen beruflichen Verpflichtungen und seinem philanthropischen Anliegen hat Dr. Reiss immer auch Zeit f\u00fcr seine pers\u00f6nlichen Interessen gefunden. Kunst, Musik, fr\u00fcher auch Reiten und Golf, geh\u00f6ren zu den Leidenschaften, die sein Leben bereichern und ihm Ausgleich verschaffen.<\/p>\n\n\n\n<div style=\"height:20px\" aria-hidden=\"true\" class=\"wp-block-spacer\"><\/div>\n\n\n\n<figure class=\"wp-block-image aligncenter size-full\"><img decoding=\"async\" width=\"675\" height=\"450\" src=\"https:\/\/aktuelles.uni-frankfurt.de\/wp-content\/uploads\/2024\/07\/Ehrensenatorwu\u2560erde_Elmar_Reiss.jpg\" alt=\"\" class=\"wp-image-80300\" srcset=\"https:\/\/aktuelles.uni-frankfurt.de\/wp-content\/uploads\/2024\/07\/Ehrensenatorwu\u2560erde_Elmar_Reiss.jpg 675w, https:\/\/aktuelles.uni-frankfurt.de\/wp-content\/uploads\/2024\/07\/Ehrensenatorwu\u2560erde_Elmar_Reiss-300x200.jpg 300w, https:\/\/aktuelles.uni-frankfurt.de\/wp-content\/uploads\/2024\/07\/Ehrensenatorwu\u2560erde_Elmar_Reiss-500x333.jpg 500w, https:\/\/aktuelles.uni-frankfurt.de\/wp-content\/uploads\/2024\/07\/Ehrensenatorwu\u2560erde_Elmar_Reiss-18x12.jpg 18w\" sizes=\"(max-width: 675px) 100vw, 675px\" \/><figcaption class=\"wp-element-caption\"><em>Pr\u00e4sident Prof. Enrico Schleiff und Dr. Elmar Reiss w\u00e4hrend der Ernennungsfeier zum Ehrensenator der Goethe-Universit\u00e4t.<\/em><\/figcaption><\/figure>\n\n\n\n<div style=\"height:20px\" aria-hidden=\"true\" class=\"wp-block-spacer\"><\/div>\n\n\n\n<h2 class=\"wp-block-heading\"><strong>Soziales Engagement<\/strong><\/h2>\n\n\n\n<p>Elmar Reiss nutzte schon fr\u00fch sein umfangreiches Wissen und seine Erfahrung, um sich f\u00fcr die Gesellschaft und das Gemeinwohl einzusetzen. So gr\u00fcndete er 1988 in T\u00fcbingen das \u00bbStiftungswerk T\u00fcbinger Studenten\u00ab, um in Not geratene Studierende oder deren Angeh\u00f6rige zu unterst\u00fctzen. Im Jahr 2010 f\u00f6rderte Elmar Reiss erstmals ein international viel beachtetes Forschungsprojekt der Psychiatrischen Universit\u00e4tsklinik Z\u00fcrich. Die Themen Psychotherapie, Psychiatrie und Psychosomatik wurden zu seinen zentralen Anliegen. Um Wissenschaft und Forschung im Bereich der psychischen Gesundheit nachhaltig zu st\u00e4rken, gr\u00fcndete er 2018 gemeinsam mit seiner Frau die \u00bbDr. Elmar und Ellis Reiss Stiftung\u00ab. Dank des herausragenden Engagements von Dr. Elmar Reiss als Stifter und M\u00e4zen k\u00f6nnen seitdem wichtige Forschungsprojekte an der Goethe- Universit\u00e4t realisiert werden. Mit seinem Beitrag zur F\u00f6rderung von Bildung und Forschung, sozialen und kulturellen Projekten beweist Elmar Reiss eine tiefe Verbundenheit mit seiner Heimatstadt und seinen Gemeinsinn.<\/p>\n\n\n\n<div style=\"height:20px\" aria-hidden=\"true\" class=\"wp-block-spacer\"><\/div>\n\n\n\n<p class=\"has-text-align-center has-background\" style=\"background-color:#f0f0f0\">Der Frankfurter Jurist und erfolgreiche Investor Dr. Elmar Reiss ist der Goethe-Universit\u00e4t seit vielen Jahren als Mitglied der Vereinigung von Freunden und F\u00f6rderern (VFF) verbunden. 2018 gr\u00fcndete er gemeinsam mit seiner Frau Ellis die \u00bbDr. Elmar und Ellis Reiss Stiftung\u00ab, um Forschung zu f\u00f6rdern, die psychisch kranken Menschen helfen und ihr Leid lindern kann. 2020 legten sie die Stiftung in die treuh\u00e4nderische Verwaltung der Vereinigung von Freunden und F\u00f6rderern (VFF); seither kommen Ertr\u00e4ge und F\u00f6rdermittel aus dem Stiftungskapital der gr\u00f6\u00dften von der VFF verwalteten Stiftung ausschlie\u00dflich der Goethe-Universit\u00e4t zugute. Die Stiftung f\u00f6rdert heute Wissenschaft und Forschung in den Bereichen Psychotherapie, Psychiatrie, Psychosomatik einschlie\u00dflich allgemeiner neuropsychiatrischer Erkrankungen und Erkrankungen mit erheblicher psychosozialer Belastung sowie in den Bereichen Neurologie und seltene Erkrankungen. Dabei m\u00f6chte die Stiftung insbesondere junge Wissenschaftlerinnen und Wissenschaftler auf ihrem Weg unterst\u00fctzen. Die Goethe-Universit\u00e4t verdankt Reiss die M\u00f6glichkeit, eine Vielzahl wichtiger Forschungs- und sozialer Vorhaben durchf\u00fchren zu k\u00f6nnen, zum Beispiel die dauerhafte Unterst\u00fctzung der Frankfurter Suizid-Hotline, Forschung zu Kindern mit Autismus-Spektrum-St\u00f6rungen sowie zu Kindern und Jugendlichen mit Depressionen und St\u00f6rungen des Sozialverhaltens oder eine Stiftungsprofessur \u00fcber f\u00fcnf Jahre zur P\u00e4diatrischen Epileptologie. Reiss erhielt f\u00fcr sein au\u00dferordentliches Engagement als Stifter und Spender f\u00fcr die Frankfurter Universit\u00e4tsmedizin vor wenigen Monaten die Theodor Stern-Medaille. In Anerkennung seines herausragenden Engagements ist Dr. Elmar Reiss nun mit der Ehrensenatorenw\u00fcrde der Goethe-Universit\u00e4t ausgezeichnet worden.<\/p>\n\n\n\n<div style=\"height:20px\" aria-hidden=\"true\" class=\"wp-block-spacer\"><\/div>\n\n\n\n<p class=\"has-text-align-right\"><em>Autorin: Heike J\u00fcngst<\/em><\/p>","protected":false},"excerpt":{"rendered":"<p>Stifter Dr. Elmar Reiss zum Ehrensenator ernannt Mit der Ehrensenatorenw\u00fcrde ehrt der Senat auf Vorschlag des Pr\u00e4sidiums herausragende Pers\u00f6nlichkeiten, die durch ihr Engagement zur Weiterentwicklung und F\u00f6rderung der Stiftungsuniversit\u00e4t beitragen. [&hellip;]<\/p>\n","protected":false},"author":8,"featured_media":80385,"comment_status":"closed","ping_status":"closed","sticky":false,"template":"","format":"standard","meta":{"_eb_attr":"","_price":"","_stock":"","_tribe_ticket_header":"","_tribe_default_ticket_provider":"","_ticket_start_date":"","_ticket_end_date":"","_tribe_ticket_show_description":"","_tribe_ticket_show_not_going":false,"_tribe_ticket_use_global_stock":"","_tribe_ticket_global_stock_level":"","_global_stock_mode":"","_global_stock_cap":"","_tribe_rsvp_for_event":"","_tribe_ticket_going_count":"","_tribe_ticket_not_going_count":"","_tribe_tickets_list":"[]","_tribe_ticket_has_attendee_info_fields":false,"footnotes":""},"categories":[266],"tags":[80,344,93],"post_folder":[],"class_list":["post-80298","post","type-post","status-publish","format-standard","has-post-thumbnail","hentry","category-einblick","tag-alumni","tag-einblick-57","tag-freunde-und-foerderer"],"yoast_head":"<!-- This site is optimized with the Yoast SEO plugin v27.5 - https:\/\/yoast.com\/product\/yoast-seo-wordpress\/ -->\n<title>Ein gro\u00dfes Geschenk f\u00fcr die Goethe-Universit\u00e4t | Aktuelles aus der Goethe-Universit\u00e4t Frankfurt<\/title>\n<meta name=\"robots\" content=\"index, follow, max-snippet:-1, max-image-preview:large, max-video-preview:-1\" \/>\n<link rel=\"canonical\" href=\"https:\/\/aktuelles.uni-frankfurt.de\/en\/einblick\/ein-grosses-geschenk-fuer-die-goethe-universitaet\/\" \/>\n<meta property=\"og:locale\" content=\"en_GB\" \/>\n<meta property=\"og:type\" content=\"article\" \/>\n<meta property=\"og:title\" content=\"Ein gro\u00dfes Geschenk f\u00fcr die Goethe-Universit\u00e4t | Aktuelles aus der Goethe-Universit\u00e4t Frankfurt\" \/>\n<meta property=\"og:description\" content=\"Stifter Dr. Elmar Reiss zum Ehrensenator ernannt Mit der Ehrensenatorenw\u00fcrde ehrt der Senat auf Vorschlag des Pr\u00e4sidiums herausragende Pers\u00f6nlichkeiten, die durch ihr Engagement zur Weiterentwicklung und F\u00f6rderung der Stiftungsuniversit\u00e4t beitragen. [&hellip;]\" \/>\n<meta property=\"og:url\" content=\"https:\/\/aktuelles.uni-frankfurt.de\/en\/einblick\/ein-grosses-geschenk-fuer-die-goethe-universitaet\/\" \/>\n<meta property=\"og:site_name\" content=\"Aktuelles aus der Goethe-Universit\u00e4t Frankfurt\" \/>\n<meta property=\"article:published_time\" content=\"2024-07-18T06:02:12+00:00\" \/>\n<meta property=\"article:modified_time\" content=\"2024-07-18T06:02:13+00:00\" \/>\n<meta property=\"og:image\" content=\"https:\/\/aktuelles.uni-frankfurt.de\/wp-content\/uploads\/2024\/07\/Einblick57_Ein-grosses-Geschenk_650x450px.jpg\" \/>\n\t<meta property=\"og:image:width\" content=\"650\" \/>\n\t<meta property=\"og:image:height\" content=\"450\" \/>\n\t<meta property=\"og:image:type\" content=\"image\/jpeg\" \/>\n<meta name=\"author\" content=\"-\" \/>\n<meta name=\"twitter:card\" content=\"summary_large_image\" \/>\n<meta name=\"twitter:label1\" content=\"Written by\" \/>\n\t<meta name=\"twitter:data1\" content=\"-\" \/>\n\t<meta name=\"twitter:label2\" content=\"Estimated reading time\" \/>\n\t<meta name=\"twitter:data2\" content=\"6 minutes\" \/>\n<script type=\"application\/ld+json\" class=\"yoast-schema-graph\">{\"@context\":\"https:\\\/\\\/schema.org\",\"@graph\":[{\"@type\":\"Article\",\"@id\":\"https:\\\/\\\/aktuelles.uni-frankfurt.de\\\/einblick\\\/ein-grosses-geschenk-fuer-die-goethe-universitaet\\\/#article\",\"isPartOf\":{\"@id\":\"https:\\\/\\\/aktuelles.uni-frankfurt.de\\\/einblick\\\/ein-grosses-geschenk-fuer-die-goethe-universitaet\\\/\"},\"author\":{\"name\":\"-\",\"@id\":\"https:\\\/\\\/aktuelles.uni-frankfurt.de\\\/#\\\/schema\\\/person\\\/8e55ea338fb65d1ce87a91565d1f1739\"},\"headline\":\"Ein gro\u00dfes Geschenk f\u00fcr die Goethe-Universit\u00e4t\",\"datePublished\":\"2024-07-18T06:02:12+00:00\",\"dateModified\":\"2024-07-18T06:02:13+00:00\",\"mainEntityOfPage\":{\"@id\":\"https:\\\/\\\/aktuelles.uni-frankfurt.de\\\/einblick\\\/ein-grosses-geschenk-fuer-die-goethe-universitaet\\\/\"},\"wordCount\":1169,\"publisher\":{\"@id\":\"https:\\\/\\\/aktuelles.uni-frankfurt.de\\\/#organization\"},\"image\":{\"@id\":\"https:\\\/\\\/aktuelles.uni-frankfurt.de\\\/einblick\\\/ein-grosses-geschenk-fuer-die-goethe-universitaet\\\/#primaryimage\"},\"thumbnailUrl\":\"https:\\\/\\\/aktuelles.uni-frankfurt.de\\\/wp-content\\\/uploads\\\/2024\\\/07\\\/Einblick57_Ein-grosses-Geschenk_650x450px.jpg\",\"keywords\":[\"Alumni\",\"Einblick 57\",\"Freunde und F\u00f6rderer\"],\"articleSection\":[\"EinBlick\"],\"inLanguage\":\"en-GB\"},{\"@type\":\"WebPage\",\"@id\":\"https:\\\/\\\/aktuelles.uni-frankfurt.de\\\/einblick\\\/ein-grosses-geschenk-fuer-die-goethe-universitaet\\\/\",\"url\":\"https:\\\/\\\/aktuelles.uni-frankfurt.de\\\/einblick\\\/ein-grosses-geschenk-fuer-die-goethe-universitaet\\\/\",\"name\":\"Ein gro\u00dfes Geschenk f\u00fcr die Goethe-Universit\u00e4t | Aktuelles aus der Goethe-Universit\u00e4t Frankfurt\",\"isPartOf\":{\"@id\":\"https:\\\/\\\/aktuelles.uni-frankfurt.de\\\/#website\"},\"primaryImageOfPage\":{\"@id\":\"https:\\\/\\\/aktuelles.uni-frankfurt.de\\\/einblick\\\/ein-grosses-geschenk-fuer-die-goethe-universitaet\\\/#primaryimage\"},\"image\":{\"@id\":\"https:\\\/\\\/aktuelles.uni-frankfurt.de\\\/einblick\\\/ein-grosses-geschenk-fuer-die-goethe-universitaet\\\/#primaryimage\"},\"thumbnailUrl\":\"https:\\\/\\\/aktuelles.uni-frankfurt.de\\\/wp-content\\\/uploads\\\/2024\\\/07\\\/Einblick57_Ein-grosses-Geschenk_650x450px.jpg\",\"datePublished\":\"2024-07-18T06:02:12+00:00\",\"dateModified\":\"2024-07-18T06:02:13+00:00\",\"breadcrumb\":{\"@id\":\"https:\\\/\\\/aktuelles.uni-frankfurt.de\\\/einblick\\\/ein-grosses-geschenk-fuer-die-goethe-universitaet\\\/#breadcrumb\"},\"inLanguage\":\"en-GB\",\"potentialAction\":[{\"@type\":\"ReadAction\",\"target\":[\"https:\\\/\\\/aktuelles.uni-frankfurt.de\\\/einblick\\\/ein-grosses-geschenk-fuer-die-goethe-universitaet\\\/\"]}]},{\"@type\":\"ImageObject\",\"inLanguage\":\"en-GB\",\"@id\":\"https:\\\/\\\/aktuelles.uni-frankfurt.de\\\/einblick\\\/ein-grosses-geschenk-fuer-die-goethe-universitaet\\\/#primaryimage\",\"url\":\"https:\\\/\\\/aktuelles.uni-frankfurt.de\\\/wp-content\\\/uploads\\\/2024\\\/07\\\/Einblick57_Ein-grosses-Geschenk_650x450px.jpg\",\"contentUrl\":\"https:\\\/\\\/aktuelles.uni-frankfurt.de\\\/wp-content\\\/uploads\\\/2024\\\/07\\\/Einblick57_Ein-grosses-Geschenk_650x450px.jpg\",\"width\":650,\"height\":450},{\"@type\":\"BreadcrumbList\",\"@id\":\"https:\\\/\\\/aktuelles.uni-frankfurt.de\\\/einblick\\\/ein-grosses-geschenk-fuer-die-goethe-universitaet\\\/#breadcrumb\",\"itemListElement\":[{\"@type\":\"ListItem\",\"position\":1,\"name\":\"Startseite\",\"item\":\"https:\\\/\\\/aktuelles.uni-frankfurt.de\\\/\"},{\"@type\":\"ListItem\",\"position\":2,\"name\":\"Ein gro\u00dfes Geschenk f\u00fcr die Goethe-Universit\u00e4t\"}]},{\"@type\":\"WebSite\",\"@id\":\"https:\\\/\\\/aktuelles.uni-frankfurt.de\\\/#website\",\"url\":\"https:\\\/\\\/aktuelles.uni-frankfurt.de\\\/\",\"name\":\"Aktuelles aus der Goethe-Universit\u00e4t Frankfurt\",\"description\":\"Aktuelles aus der Goethe-Universit\u00e4t | Neues aus Forschung, Lehre, Studium\",\"publisher\":{\"@id\":\"https:\\\/\\\/aktuelles.uni-frankfurt.de\\\/#organization\"},\"potentialAction\":[{\"@type\":\"SearchAction\",\"target\":{\"@type\":\"EntryPoint\",\"urlTemplate\":\"https:\\\/\\\/aktuelles.uni-frankfurt.de\\\/?s={search_term_string}\"},\"query-input\":{\"@type\":\"PropertyValueSpecification\",\"valueRequired\":true,\"valueName\":\"search_term_string\"}}],\"inLanguage\":\"en-GB\"},{\"@type\":\"Organization\",\"@id\":\"https:\\\/\\\/aktuelles.uni-frankfurt.de\\\/#organization\",\"name\":\"Goethe-Universit\u00e4t\",\"url\":\"https:\\\/\\\/aktuelles.uni-frankfurt.de\\\/\",\"logo\":{\"@type\":\"ImageObject\",\"inLanguage\":\"en-GB\",\"@id\":\"https:\\\/\\\/aktuelles.uni-frankfurt.de\\\/#\\\/schema\\\/logo\\\/image\\\/\",\"url\":\"https:\\\/\\\/aktuelles.uni-frankfurt.de\\\/wp-content\\\/uploads\\\/2022\\\/03\\\/800px-Goethe-Logo.png\",\"contentUrl\":\"https:\\\/\\\/aktuelles.uni-frankfurt.de\\\/wp-content\\\/uploads\\\/2022\\\/03\\\/800px-Goethe-Logo.png\",\"width\":800,\"height\":436,\"caption\":\"Goethe-Universit\u00e4t\"},\"image\":{\"@id\":\"https:\\\/\\\/aktuelles.uni-frankfurt.de\\\/#\\\/schema\\\/logo\\\/image\\\/\"}},{\"@type\":\"Person\",\"@id\":\"https:\\\/\\\/aktuelles.uni-frankfurt.de\\\/#\\\/schema\\\/person\\\/8e55ea338fb65d1ce87a91565d1f1739\",\"name\":\"-\",\"description\":\"Dieser Beitrag wurde von der Online-Redaktion ver\u00f6ffentlicht. Wenn der Beitrag von einem Gastautoren verfasst wurde, findet sich dieser Hinweis am Ende des jeweiligen Artikels.\",\"sameAs\":[\"http:\\\/\\\/aktuelles.uni-frankfurt.de\\\/autoren\"],\"url\":\"https:\\\/\\\/aktuelles.uni-frankfurt.de\\\/en\\\/author\\\/redaktion\\\/\"}]}<\/script>\n<!-- \/ Yoast SEO plugin. -->","yoast_head_json":{"title":"Ein gro\u00dfes Geschenk f\u00fcr die Goethe-Universit\u00e4t | Aktuelles aus der Goethe-Universit\u00e4t Frankfurt","robots":{"index":"index","follow":"follow","max-snippet":"max-snippet:-1","max-image-preview":"max-image-preview:large","max-video-preview":"max-video-preview:-1"},"canonical":"https:\/\/aktuelles.uni-frankfurt.de\/en\/einblick\/ein-grosses-geschenk-fuer-die-goethe-universitaet\/","og_locale":"en_GB","og_type":"article","og_title":"Ein gro\u00dfes Geschenk f\u00fcr die Goethe-Universit\u00e4t | Aktuelles aus der Goethe-Universit\u00e4t Frankfurt","og_description":"Stifter Dr. Elmar Reiss zum Ehrensenator ernannt Mit der Ehrensenatorenw\u00fcrde ehrt der Senat auf Vorschlag des Pr\u00e4sidiums herausragende Pers\u00f6nlichkeiten, die durch ihr Engagement zur Weiterentwicklung und F\u00f6rderung der Stiftungsuniversit\u00e4t beitragen. [&hellip;]","og_url":"https:\/\/aktuelles.uni-frankfurt.de\/en\/einblick\/ein-grosses-geschenk-fuer-die-goethe-universitaet\/","og_site_name":"Aktuelles aus der Goethe-Universit\u00e4t Frankfurt","article_published_time":"2024-07-18T06:02:12+00:00","article_modified_time":"2024-07-18T06:02:13+00:00","og_image":[{"width":650,"height":450,"url":"https:\/\/aktuelles.uni-frankfurt.de\/wp-content\/uploads\/2024\/07\/Einblick57_Ein-grosses-Geschenk_650x450px.jpg","type":"image\/jpeg"}],"author":"-","twitter_card":"summary_large_image","twitter_misc":{"Written by":"-","Estimated reading time":"6 minutes"},"schema":{"@context":"https:\/\/schema.org","@graph":[{"@type":"Article","@id":"https:\/\/aktuelles.uni-frankfurt.de\/einblick\/ein-grosses-geschenk-fuer-die-goethe-universitaet\/#article","isPartOf":{"@id":"https:\/\/aktuelles.uni-frankfurt.de\/einblick\/ein-grosses-geschenk-fuer-die-goethe-universitaet\/"},"author":{"name":"-","@id":"https:\/\/aktuelles.uni-frankfurt.de\/#\/schema\/person\/8e55ea338fb65d1ce87a91565d1f1739"},"headline":"Ein gro\u00dfes Geschenk f\u00fcr die Goethe-Universit\u00e4t","datePublished":"2024-07-18T06:02:12+00:00","dateModified":"2024-07-18T06:02:13+00:00","mainEntityOfPage":{"@id":"https:\/\/aktuelles.uni-frankfurt.de\/einblick\/ein-grosses-geschenk-fuer-die-goethe-universitaet\/"},"wordCount":1169,"publisher":{"@id":"https:\/\/aktuelles.uni-frankfurt.de\/#organization"},"image":{"@id":"https:\/\/aktuelles.uni-frankfurt.de\/einblick\/ein-grosses-geschenk-fuer-die-goethe-universitaet\/#primaryimage"},"thumbnailUrl":"https:\/\/aktuelles.uni-frankfurt.de\/wp-content\/uploads\/2024\/07\/Einblick57_Ein-grosses-Geschenk_650x450px.jpg","keywords":["Alumni","Einblick 57","Freunde und F\u00f6rderer"],"articleSection":["EinBlick"],"inLanguage":"en-GB"},{"@type":"WebPage","@id":"https:\/\/aktuelles.uni-frankfurt.de\/einblick\/ein-grosses-geschenk-fuer-die-goethe-universitaet\/","url":"https:\/\/aktuelles.uni-frankfurt.de\/einblick\/ein-grosses-geschenk-fuer-die-goethe-universitaet\/","name":"Ein gro\u00dfes Geschenk f\u00fcr die Goethe-Universit\u00e4t | Aktuelles aus der Goethe-Universit\u00e4t Frankfurt","isPartOf":{"@id":"https:\/\/aktuelles.uni-frankfurt.de\/#website"},"primaryImageOfPage":{"@id":"https:\/\/aktuelles.uni-frankfurt.de\/einblick\/ein-grosses-geschenk-fuer-die-goethe-universitaet\/#primaryimage"},"image":{"@id":"https:\/\/aktuelles.uni-frankfurt.de\/einblick\/ein-grosses-geschenk-fuer-die-goethe-universitaet\/#primaryimage"},"thumbnailUrl":"https:\/\/aktuelles.uni-frankfurt.de\/wp-content\/uploads\/2024\/07\/Einblick57_Ein-grosses-Geschenk_650x450px.jpg","datePublished":"2024-07-18T06:02:12+00:00","dateModified":"2024-07-18T06:02:13+00:00","breadcrumb":{"@id":"https:\/\/aktuelles.uni-frankfurt.de\/einblick\/ein-grosses-geschenk-fuer-die-goethe-universitaet\/#breadcrumb"},"inLanguage":"en-GB","potentialAction":[{"@type":"ReadAction","target":["https:\/\/aktuelles.uni-frankfurt.de\/einblick\/ein-grosses-geschenk-fuer-die-goethe-universitaet\/"]}]},{"@type":"ImageObject","inLanguage":"en-GB","@id":"https:\/\/aktuelles.uni-frankfurt.de\/einblick\/ein-grosses-geschenk-fuer-die-goethe-universitaet\/#primaryimage","url":"https:\/\/aktuelles.uni-frankfurt.de\/wp-content\/uploads\/2024\/07\/Einblick57_Ein-grosses-Geschenk_650x450px.jpg","contentUrl":"https:\/\/aktuelles.uni-frankfurt.de\/wp-content\/uploads\/2024\/07\/Einblick57_Ein-grosses-Geschenk_650x450px.jpg","width":650,"height":450},{"@type":"BreadcrumbList","@id":"https:\/\/aktuelles.uni-frankfurt.de\/einblick\/ein-grosses-geschenk-fuer-die-goethe-universitaet\/#breadcrumb","itemListElement":[{"@type":"ListItem","position":1,"name":"Startseite","item":"https:\/\/aktuelles.uni-frankfurt.de\/"},{"@type":"ListItem","position":2,"name":"Ein gro\u00dfes Geschenk f\u00fcr die Goethe-Universit\u00e4t"}]},{"@type":"WebSite","@id":"https:\/\/aktuelles.uni-frankfurt.de\/#website","url":"https:\/\/aktuelles.uni-frankfurt.de\/","name":"Aktuelles aus der Goethe-Universit\u00e4t Frankfurt","description":"Aktuelles aus der Goethe-Universit\u00e4t | Neues aus Forschung, Lehre, Studium","publisher":{"@id":"https:\/\/aktuelles.uni-frankfurt.de\/#organization"},"potentialAction":[{"@type":"SearchAction","target":{"@type":"EntryPoint","urlTemplate":"https:\/\/aktuelles.uni-frankfurt.de\/?s={search_term_string}"},"query-input":{"@type":"PropertyValueSpecification","valueRequired":true,"valueName":"search_term_string"}}],"inLanguage":"en-GB"},{"@type":"Organization","@id":"https:\/\/aktuelles.uni-frankfurt.de\/#organization","name":"Goethe University Frankfurt","url":"https:\/\/aktuelles.uni-frankfurt.de\/","logo":{"@type":"ImageObject","inLanguage":"en-GB","@id":"https:\/\/aktuelles.uni-frankfurt.de\/#\/schema\/logo\/image\/","url":"https:\/\/aktuelles.uni-frankfurt.de\/wp-content\/uploads\/2022\/03\/800px-Goethe-Logo.png","contentUrl":"https:\/\/aktuelles.uni-frankfurt.de\/wp-content\/uploads\/2022\/03\/800px-Goethe-Logo.png","width":800,"height":436,"caption":"Goethe-Universit\u00e4t"},"image":{"@id":"https:\/\/aktuelles.uni-frankfurt.de\/#\/schema\/logo\/image\/"}},{"@type":"Person","@id":"https:\/\/aktuelles.uni-frankfurt.de\/#\/schema\/person\/8e55ea338fb65d1ce87a91565d1f1739","name":"-","description":"Dieser Beitrag wurde von der Online-Redaktion ver\u00f6ffentlicht. Wenn der Beitrag von einem Gastautoren verfasst wurde, findet sich dieser Hinweis am Ende des jeweiligen Artikels.","sameAs":["http:\/\/aktuelles.uni-frankfurt.de\/autoren"],"url":"https:\/\/aktuelles.uni-frankfurt.de\/en\/author\/redaktion\/"}]}},"_links":{"self":[{"href":"https:\/\/aktuelles.uni-frankfurt.de\/en\/wp-json\/wp\/v2\/posts\/80298","targetHints":{"allow":["GET"]}}],"collection":[{"href":"https:\/\/aktuelles.uni-frankfurt.de\/en\/wp-json\/wp\/v2\/posts"}],"about":[{"href":"https:\/\/aktuelles.uni-frankfurt.de\/en\/wp-json\/wp\/v2\/types\/post"}],"author":[{"embeddable":true,"href":"https:\/\/aktuelles.uni-frankfurt.de\/en\/wp-json\/wp\/v2\/users\/8"}],"replies":[{"embeddable":true,"href":"https:\/\/aktuelles.uni-frankfurt.de\/en\/wp-json\/wp\/v2\/comments?post=80298"}],"version-history":[{"count":0,"href":"https:\/\/aktuelles.uni-frankfurt.de\/en\/wp-json\/wp\/v2\/posts\/80298\/revisions"}],"wp:featuredmedia":[{"embeddable":true,"href":"https:\/\/aktuelles.uni-frankfurt.de\/en\/wp-json\/wp\/v2\/media\/80385"}],"wp:attachment":[{"href":"https:\/\/aktuelles.uni-frankfurt.de\/en\/wp-json\/wp\/v2\/media?parent=80298"}],"wp:term":[{"taxonomy":"category","embeddable":true,"href":"https:\/\/aktuelles.uni-frankfurt.de\/en\/wp-json\/wp\/v2\/categories?post=80298"},{"taxonomy":"post_tag","embeddable":true,"href":"https:\/\/aktuelles.uni-frankfurt.de\/en\/wp-json\/wp\/v2\/tags?post=80298"},{"taxonomy":"post_folder","embeddable":true,"href":"https:\/\/aktuelles.uni-frankfurt.de\/en\/wp-json\/wp\/v2\/post_folder?post=80298"}],"curies":[{"name":"wp","href":"https:\/\/api.w.org\/{rel}","templated":true}]}}