{"id":80433,"date":"2024-08-15T11:38:13","date_gmt":"2024-08-15T09:38:13","guid":{"rendered":"https:\/\/aktuelles.uni-frankfurt.de\/?p=80433"},"modified":"2024-08-27T08:46:56","modified_gmt":"2024-08-27T06:46:56","slug":"zehn-jahre-mitmenschlichkeit","status":"publish","type":"post","link":"https:\/\/aktuelles.uni-frankfurt.de\/en\/unireport\/zehn-jahre-mitmenschlichkeit\/","title":{"rendered":"Zehn Jahre Mitmenschlichkeit"},"content":{"rendered":"<p><strong>Die Studentische Poliklinik der Goethe-Universit\u00e4t im Gesundheitsamt der Stadt Frankfurt hat im Juni ihr zehnj\u00e4hriges Bestehen gefeiert. Bei der Jubil\u00e4umsfeier wurde deutlich: Diese Initiative hat vielen Menschen geholfen \u2013 sowohl den Patienten als auch den angehenden Medizinerinnen und Medizinern.<\/strong><\/p>\n\n\n\n<div style=\"height:20px\" aria-hidden=\"true\" class=\"wp-block-spacer\"><\/div>\n\n\n\n<figure class=\"wp-block-image aligncenter size-full\"><img fetchpriority=\"high\" decoding=\"async\" width=\"650\" height=\"450\" src=\"https:\/\/aktuelles.uni-frankfurt.de\/wp-content\/uploads\/2024\/07\/15_Studentische-Poliklinik_650x450px.jpg\" alt=\"\" class=\"wp-image-80434\" srcset=\"https:\/\/aktuelles.uni-frankfurt.de\/wp-content\/uploads\/2024\/07\/15_Studentische-Poliklinik_650x450px.jpg 650w, https:\/\/aktuelles.uni-frankfurt.de\/wp-content\/uploads\/2024\/07\/15_Studentische-Poliklinik_650x450px-300x208.jpg 300w, https:\/\/aktuelles.uni-frankfurt.de\/wp-content\/uploads\/2024\/07\/15_Studentische-Poliklinik_650x450px-500x346.jpg 500w, https:\/\/aktuelles.uni-frankfurt.de\/wp-content\/uploads\/2024\/07\/15_Studentische-Poliklinik_650x450px-18x12.jpg 18w\" sizes=\"(max-width: 650px) 100vw, 650px\" \/><figcaption class=\"wp-element-caption\">Arbeiten gemeinsam in der Studentischen Poliklinik: Marius Moniak (von links), Celina Steinwald, Antonia Kerner, Dr. Petra Tiarks-Jungk, Rebekka Roberts, Ramona Brinkmann und Felix Luft. | Foto: Gesundheitsamt Frankfurt<\/figcaption><\/figure>\n\n\n\n<div style=\"height:20px\" aria-hidden=\"true\" class=\"wp-block-spacer\"><\/div>\n\n\n\n<p>Ein solches Wahlpflichtfach h\u00e4tte sich Prof. Robert Sader als Student auch gew\u00fcnscht: \u201eZu meiner Studienzeit vor 40 Jahren war die medizinische Lehre extrem theorielastig, und richtigen Patientenkontakt hatten wir erst im Praktischen Jahr\u201c, erinnert sich der Direktor der Klinik f\u00fcr Mund-, Kiefer- und Plastische Gesichtschirurgie am Universit\u00e4tsklinikum Frankfurt in einem Interview zum Jubil\u00e4um. Die Idee, dass der Fachbereich Medizin sich in die Versorgung Bed\u00fcrftiger einbringen k\u00f6nnte, hatte der Frankfurter Anatom Prof. Helmut Wicht. Sader, damals Studiendekan, griff sie auf und entwickelte sie gemeinsam mit Studierenden weiter. Nachdem \u2013 auch mithilfe des Frankfurter Gesundheitsamtes \u2013 so manche H\u00fcrde beseitigt werden konnte, ging die Studentische Poliklinik am 17. Juni 2014 als bundesweit erstes Angebot dieser Art in Betrieb. Seither wurde hier vielen Patientinnen und Patienten geholfen, die mangels Krankenversicherung nur im Akutfall Anspruch auf \u00e4rztliche Versorgung haben. F\u00fcr die Studierenden bietet die StuPoli die M\u00f6glichkeit, sich schon im Studium unter Aufsicht \u00e4rztlich bet\u00e4tigen zu k\u00f6nnen. Eine besondere Best\u00e4tigung f\u00fcr das Projekt: 2017 zeichnete Boris Rhein, damals Wissenschaftsminister, die StuPoli mit dem Hessischen Hochschulpreis f\u00fcr Exzellenz in der Lehre aus, der mit 60 000 Euro dotiert war.<\/p>\n\n\n\n<div style=\"height:20px\" aria-hidden=\"true\" class=\"wp-block-spacer\"><\/div>\n\n\n\n<h2 class=\"wp-block-heading\">Wertvoller Perspektivwechsel<\/h2>\n\n\n\n<p>\u201eDiese Erfahrung sollte eigentlich jeder angehende Mediziner machen\u201c, sagte Studiendekanin Prof. Miriam R\u00fcsseler bei der Jubil\u00e4umsfeier im Gesundheitsministerium. Als Professorin f\u00fcr Medizindidaktik und klinische Simulation sehe sie im Angebot der StuPoli einen \u201eunglaublichen Schritt, der das Studium enorm ver\u00e4ndert\u201c habe. Der hier erfahrbare Perspektivwechsel sei besonders wertvoll: Die Studierenden erlebten nicht nur das Bewusstsein eigenverantwortlichen Arbeitens, sondern auch sich selbst in einer ungewohnten Umgebung.<\/p>\n\n\n\n<p>\u201eDass die Studentinnen und Studenten bereits w\u00e4hrend des Medizinstudiums viele unterschiedliche praktische Erfahrungen sammeln k\u00f6nnen, ist ein Gewinn f\u00fcr die Menschen in Frankfurt, f\u00fcr die Patientinnen und Patienten sowie nat\u00fcrlich f\u00fcr die Studenten und Studentinnen. Vielen Dank f\u00fcr zehn Jahre Stupoli. Es ist ein bemerkenswertes Projekt\u201c, w\u00fcrdigte PD Dr. Peter Tinnemann, Amtsleiter des Gesundheitsamtes Frankfurt, die studentische Einrichtung. Elke Voitl, Frankfurts Dezernentin f\u00fcr Soziales und Gesundheit, stellte die Studentische Poliklinik in einen gesamtgesellschaftlichen Zusammenhang: Gesundheit sei die Voraussetzung f\u00fcr Teilhabe. Indem die StuPoli sich \u2013 ebenso wie die Humanit\u00e4re Sprechstunde der Stadt Frankfurt \u2013 um Menschen ohne Krankenversicherung k\u00fcmmere, leiste sie einen wichtigen Beitrag zur Demokratie. \u201eOhne diese Angebote w\u00e4re unsere Stadt weniger human\u201c, so Voitl.<\/p>\n\n\n\n<div style=\"height:20px\" aria-hidden=\"true\" class=\"wp-block-spacer\"><\/div>\n\n\n\n<h2 class=\"wp-block-heading\">Student-run Free Clinics als Vorbild<\/h2>\n\n\n\n<p>In einer von den Studierenden PetraSporerova und L\u00e9on L\u00fcck charmant moderierten Talkrunde blickte man gemeinsam zur\u00fcck in die Gr\u00fcndungszeit. Dr. Dr. Lukas Seifert, einer der studentischen Initiatoren, erinnerte sich an zahlreiche Treffen im Apfelweinlokal, wie sie bis heute Tradition sind. Hier sei die Idee f\u00fcr eine b\u00fcrgernahe Sprechstunde entstanden. In Europa habe es damals nichts Vergleichbares gegeben. Die amerikanischen Student-run Free Clinics dienten als Vorbild, eine studentische Delegation machte sich u.a. in Harvard ein Bild von Ablauf und Organisation. Auf dem Weg zur Realisierung der StuPoli habe es vor allem zwei H\u00fcrden gegeben, schilderte Prof. Sader, der im Jahr 2004 von Basel nach Frankfurt gewechselt war: Zum einen die versicherungsrechtliche Problematik \u2013 sie sei gel\u00f6st worden, indem das Gesundheitsamt zur akademischen Lehreinrichtung der Universit\u00e4t akkreditiert, das klinische Wahlfach der StuPoli entwickelt und im Studium implementiert wurde. Zum anderen gestaltete sich die Suche nach R\u00e4umlichkeiten schwierig, aber auch dieses Problem wurde mithilfe des Gesundheitsamtes gel\u00f6st. Sader betonte die Bedeutung der StuPoli f\u00fcr die Pers\u00f6nlichkeitsentwicklung der k\u00fcnftigen \u00c4rztinnen und \u00c4rzte. Es sei nicht wahr, dass die Generation Z faul und f\u00fcr nichts zu begeistern sei: \u201eManchmal braucht es nur ein kleines Streichholz f\u00fcr ein gro\u00dfes Feuer.\u201c Nach und nach, so berichtete Ex-Student Lukas Seifert, habe man auch andere Bereiche einbezogen wie Studierende der Sozialen Arbeit und Psychotherapeuten. Er selbst arbeite zwar inzwischen als Chirurg, die Menschlichkeit habe er aber aus der StuPoli mitgenommen.<\/p>\n\n\n\n<div style=\"height:20px\" aria-hidden=\"true\" class=\"wp-block-spacer\"><\/div>\n\n\n\n<h2 class=\"wp-block-heading\">\u00c4rztliche Begleiterin der 1. Stunde<\/h2>\n\n\n\n<p>Von Beginn an als \u00e4rztliche Supervisorin dabei ist Dr. Petra Tiarks-Jungk. Sie leitete die Humanit\u00e4re Sprechstunde und gab den ersten StuPoli-Studierenden die Gelegenheit, dort zu hospitieren. Ihre Skepsis in Bezug auf die Qualit\u00e4t der studentischen Medizinkenntnisse sei rasch verflogen, berichtete sie im Gespr\u00e4ch mit L\u00fcck und Sporerova: Von deren Engagement und Versiertheit sei sie \u201ehellauf begeistert\u201c gewesen. Deshalb habe sie die StuPoli gern als \u00e4rztliche Supervisorin unterst\u00fctzt und tue das auch heute noch \u2013 nach dem aktiven Berufsleben. \u201eFrau Dr. Tiarks-Jungk hat mir die Angst genommen, dass ich etwas falsch machen k\u00f6nnte\u201c, bescheinigte ihr Studentin Sporerova, die schon ganz zu Beginn ihres Studiums in der StuPoli mithalf.<\/p>\n\n\n\n<p>Dort treffen die Studierenden nicht unvorbereitet auf Patienten. Erst nach einem Semester und einem erfolgreich absolvierten Untersuchungskurs und Fallseminaren k\u00f6nnen sie praktisch in der StuPoli arbeiten \u2013 begleitet von einem \u201eSenior\u201c, also einem \u00e4lteren Semester, und unter \u00e4rztlicher Supervision. Die Sprechstunden der Studentischen Poliklinik finden dienstags von 17 bis 19 Uhr und mittwochs von 18 bis 20 Uhr statt. Jeweils zwei Teams aus zwei Studierenden \u2013 ein Junior und ein Senior \u2013 untersuchen die Patienten, stellen die Anamnese, nehmen Blut ab oder machen einen Ultraschall. Oft geht es um akute Leiden, aber auch chronische Erkrankungen wie Diabetes und Bluthochdruck kommen vor. Robert Sader zufolge haben sich nicht wenige StuPoli-Engagierte f\u00fcr eine T\u00e4tigkeit in einer Hausarztpraxis entschieden. \u201eDurch meine Mitarbeit in der StuPoli ist mein Interesse an der Allgemeinmedizin gest\u00e4rkt worden\u201c, best\u00e4tigt Petra Sporerova vom aktuellen StuPoli-Team. \u201eEs macht viel Freude, den Patienten helfen zu k\u00f6nnen. Man erh\u00e4lt so viel Dankbarkeit zur\u00fcck\u201c, so die Medizinstudentin.<\/p>\n\n\n\n<div style=\"height:20px\" aria-hidden=\"true\" class=\"wp-block-spacer\"><\/div>\n\n\n\n<p class=\"has-text-align-right\"><em>Anke Sauter<\/em><\/p>","protected":false},"excerpt":{"rendered":"<p>Die Studentische Poliklinik der Goethe-Universit\u00e4t im Gesundheitsamt der Stadt Frankfurt hat im Juni ihr zehnj\u00e4hriges Bestehen gefeiert. Bei der Jubil\u00e4umsfeier wurde deutlich: Diese Initiative hat vielen Menschen geholfen \u2013 sowohl [&hellip;]<\/p>\n","protected":false},"author":5,"featured_media":80434,"comment_status":"closed","ping_status":"closed","sticky":false,"template":"","format":"standard","meta":{"_eb_attr":"","_price":"","_stock":"","_tribe_ticket_header":"","_tribe_default_ticket_provider":"","_ticket_start_date":"","_ticket_end_date":"","_tribe_ticket_show_description":"","_tribe_ticket_show_not_going":false,"_tribe_ticket_use_global_stock":"","_tribe_ticket_global_stock_level":"","_global_stock_mode":"","_global_stock_cap":"","_tribe_rsvp_for_event":"","_tribe_ticket_going_count":"","_tribe_ticket_not_going_count":"","_tribe_tickets_list":"[]","_tribe_ticket_has_attendee_info_fields":false,"footnotes":""},"categories":[5,4,9,173,91],"tags":[17,49,343],"post_folder":[],"class_list":["post-80433","post","type-post","status-publish","format-standard","has-post-thumbnail","hentry","category-campus","category-gesellschaft","category-studium","category-unireport","category-zticky","tag-campus-westend","tag-medizin","tag-unireport-4-24"],"yoast_head":"<!-- This site is optimized with the Yoast SEO plugin v27.5 - https:\/\/yoast.com\/product\/yoast-seo-wordpress\/ -->\n<title>Zehn Jahre Mitmenschlichkeit | Aktuelles aus der Goethe-Universit\u00e4t Frankfurt<\/title>\n<meta name=\"robots\" content=\"index, follow, max-snippet:-1, max-image-preview:large, max-video-preview:-1\" \/>\n<link rel=\"canonical\" href=\"https:\/\/aktuelles.uni-frankfurt.de\/en\/unireport\/zehn-jahre-mitmenschlichkeit\/\" \/>\n<meta property=\"og:locale\" content=\"en_GB\" \/>\n<meta property=\"og:type\" content=\"article\" \/>\n<meta property=\"og:title\" content=\"Zehn Jahre Mitmenschlichkeit | Aktuelles aus der Goethe-Universit\u00e4t Frankfurt\" \/>\n<meta property=\"og:description\" content=\"Die Studentische Poliklinik der Goethe-Universit\u00e4t im Gesundheitsamt der Stadt Frankfurt hat im Juni ihr zehnj\u00e4hriges Bestehen gefeiert. Bei der Jubil\u00e4umsfeier wurde deutlich: Diese Initiative hat vielen Menschen geholfen \u2013 sowohl [&hellip;]\" \/>\n<meta property=\"og:url\" content=\"https:\/\/aktuelles.uni-frankfurt.de\/en\/unireport\/zehn-jahre-mitmenschlichkeit\/\" \/>\n<meta property=\"og:site_name\" content=\"Aktuelles aus der Goethe-Universit\u00e4t Frankfurt\" \/>\n<meta property=\"article:published_time\" content=\"2024-08-15T09:38:13+00:00\" \/>\n<meta property=\"article:modified_time\" content=\"2024-08-27T06:46:56+00:00\" \/>\n<meta property=\"og:image\" content=\"https:\/\/aktuelles.uni-frankfurt.de\/wp-content\/uploads\/2024\/07\/15_Studentische-Poliklinik_650x450px.jpg\" \/>\n\t<meta property=\"og:image:width\" content=\"650\" \/>\n\t<meta property=\"og:image:height\" content=\"450\" \/>\n\t<meta property=\"og:image:type\" content=\"image\/jpeg\" \/>\n<meta name=\"author\" content=\"Dr. Anke Sauter\" \/>\n<meta name=\"twitter:card\" content=\"summary_large_image\" \/>\n<meta name=\"twitter:label1\" content=\"Written by\" \/>\n\t<meta name=\"twitter:data1\" content=\"Dr. Anke Sauter\" \/>\n\t<meta name=\"twitter:label2\" content=\"Estimated reading time\" \/>\n\t<meta name=\"twitter:data2\" content=\"5 minutes\" \/>\n<script type=\"application\/ld+json\" class=\"yoast-schema-graph\">{\"@context\":\"https:\\\/\\\/schema.org\",\"@graph\":[{\"@type\":\"Article\",\"@id\":\"https:\\\/\\\/aktuelles.uni-frankfurt.de\\\/unireport\\\/zehn-jahre-mitmenschlichkeit\\\/#article\",\"isPartOf\":{\"@id\":\"https:\\\/\\\/aktuelles.uni-frankfurt.de\\\/unireport\\\/zehn-jahre-mitmenschlichkeit\\\/\"},\"author\":{\"name\":\"Dr. Anke Sauter\",\"@id\":\"https:\\\/\\\/aktuelles.uni-frankfurt.de\\\/#\\\/schema\\\/person\\\/1b9eb6fa6c6aed90031661dd4e37970d\"},\"headline\":\"Zehn Jahre Mitmenschlichkeit\",\"datePublished\":\"2024-08-15T09:38:13+00:00\",\"dateModified\":\"2024-08-27T06:46:56+00:00\",\"mainEntityOfPage\":{\"@id\":\"https:\\\/\\\/aktuelles.uni-frankfurt.de\\\/unireport\\\/zehn-jahre-mitmenschlichkeit\\\/\"},\"wordCount\":984,\"publisher\":{\"@id\":\"https:\\\/\\\/aktuelles.uni-frankfurt.de\\\/#organization\"},\"image\":{\"@id\":\"https:\\\/\\\/aktuelles.uni-frankfurt.de\\\/unireport\\\/zehn-jahre-mitmenschlichkeit\\\/#primaryimage\"},\"thumbnailUrl\":\"https:\\\/\\\/aktuelles.uni-frankfurt.de\\\/wp-content\\\/uploads\\\/2024\\\/07\\\/15_Studentische-Poliklinik_650x450px.jpg\",\"keywords\":[\"Campus Westend\",\"Medizin\",\"UniReport 4.24\"],\"articleSection\":[\"Campus\",\"Gesellschaft\",\"Studium\",\"UniReport\",\"Zticky\"],\"inLanguage\":\"en-GB\"},{\"@type\":\"WebPage\",\"@id\":\"https:\\\/\\\/aktuelles.uni-frankfurt.de\\\/unireport\\\/zehn-jahre-mitmenschlichkeit\\\/\",\"url\":\"https:\\\/\\\/aktuelles.uni-frankfurt.de\\\/unireport\\\/zehn-jahre-mitmenschlichkeit\\\/\",\"name\":\"Zehn Jahre Mitmenschlichkeit | Aktuelles aus der Goethe-Universit\u00e4t Frankfurt\",\"isPartOf\":{\"@id\":\"https:\\\/\\\/aktuelles.uni-frankfurt.de\\\/#website\"},\"primaryImageOfPage\":{\"@id\":\"https:\\\/\\\/aktuelles.uni-frankfurt.de\\\/unireport\\\/zehn-jahre-mitmenschlichkeit\\\/#primaryimage\"},\"image\":{\"@id\":\"https:\\\/\\\/aktuelles.uni-frankfurt.de\\\/unireport\\\/zehn-jahre-mitmenschlichkeit\\\/#primaryimage\"},\"thumbnailUrl\":\"https:\\\/\\\/aktuelles.uni-frankfurt.de\\\/wp-content\\\/uploads\\\/2024\\\/07\\\/15_Studentische-Poliklinik_650x450px.jpg\",\"datePublished\":\"2024-08-15T09:38:13+00:00\",\"dateModified\":\"2024-08-27T06:46:56+00:00\",\"breadcrumb\":{\"@id\":\"https:\\\/\\\/aktuelles.uni-frankfurt.de\\\/unireport\\\/zehn-jahre-mitmenschlichkeit\\\/#breadcrumb\"},\"inLanguage\":\"en-GB\",\"potentialAction\":[{\"@type\":\"ReadAction\",\"target\":[\"https:\\\/\\\/aktuelles.uni-frankfurt.de\\\/unireport\\\/zehn-jahre-mitmenschlichkeit\\\/\"]}]},{\"@type\":\"ImageObject\",\"inLanguage\":\"en-GB\",\"@id\":\"https:\\\/\\\/aktuelles.uni-frankfurt.de\\\/unireport\\\/zehn-jahre-mitmenschlichkeit\\\/#primaryimage\",\"url\":\"https:\\\/\\\/aktuelles.uni-frankfurt.de\\\/wp-content\\\/uploads\\\/2024\\\/07\\\/15_Studentische-Poliklinik_650x450px.jpg\",\"contentUrl\":\"https:\\\/\\\/aktuelles.uni-frankfurt.de\\\/wp-content\\\/uploads\\\/2024\\\/07\\\/15_Studentische-Poliklinik_650x450px.jpg\",\"width\":650,\"height\":450},{\"@type\":\"BreadcrumbList\",\"@id\":\"https:\\\/\\\/aktuelles.uni-frankfurt.de\\\/unireport\\\/zehn-jahre-mitmenschlichkeit\\\/#breadcrumb\",\"itemListElement\":[{\"@type\":\"ListItem\",\"position\":1,\"name\":\"Startseite\",\"item\":\"https:\\\/\\\/aktuelles.uni-frankfurt.de\\\/\"},{\"@type\":\"ListItem\",\"position\":2,\"name\":\"Zehn Jahre Mitmenschlichkeit\"}]},{\"@type\":\"WebSite\",\"@id\":\"https:\\\/\\\/aktuelles.uni-frankfurt.de\\\/#website\",\"url\":\"https:\\\/\\\/aktuelles.uni-frankfurt.de\\\/\",\"name\":\"Aktuelles aus der Goethe-Universit\u00e4t Frankfurt\",\"description\":\"Aktuelles aus der Goethe-Universit\u00e4t | Neues aus Forschung, Lehre, Studium\",\"publisher\":{\"@id\":\"https:\\\/\\\/aktuelles.uni-frankfurt.de\\\/#organization\"},\"potentialAction\":[{\"@type\":\"SearchAction\",\"target\":{\"@type\":\"EntryPoint\",\"urlTemplate\":\"https:\\\/\\\/aktuelles.uni-frankfurt.de\\\/?s={search_term_string}\"},\"query-input\":{\"@type\":\"PropertyValueSpecification\",\"valueRequired\":true,\"valueName\":\"search_term_string\"}}],\"inLanguage\":\"en-GB\"},{\"@type\":\"Organization\",\"@id\":\"https:\\\/\\\/aktuelles.uni-frankfurt.de\\\/#organization\",\"name\":\"Goethe-Universit\u00e4t\",\"url\":\"https:\\\/\\\/aktuelles.uni-frankfurt.de\\\/\",\"logo\":{\"@type\":\"ImageObject\",\"inLanguage\":\"en-GB\",\"@id\":\"https:\\\/\\\/aktuelles.uni-frankfurt.de\\\/#\\\/schema\\\/logo\\\/image\\\/\",\"url\":\"https:\\\/\\\/aktuelles.uni-frankfurt.de\\\/wp-content\\\/uploads\\\/2022\\\/03\\\/800px-Goethe-Logo.png\",\"contentUrl\":\"https:\\\/\\\/aktuelles.uni-frankfurt.de\\\/wp-content\\\/uploads\\\/2022\\\/03\\\/800px-Goethe-Logo.png\",\"width\":800,\"height\":436,\"caption\":\"Goethe-Universit\u00e4t\"},\"image\":{\"@id\":\"https:\\\/\\\/aktuelles.uni-frankfurt.de\\\/#\\\/schema\\\/logo\\\/image\\\/\"}},{\"@type\":\"Person\",\"@id\":\"https:\\\/\\\/aktuelles.uni-frankfurt.de\\\/#\\\/schema\\\/person\\\/1b9eb6fa6c6aed90031661dd4e37970d\",\"name\":\"Dr. Anke Sauter\",\"description\":\"Dr. Anke Sauter hat in Bamberg Germanistik, Journalistik und Geografie studiert, mit einer Dissertation \u00fcber den Sprachlehrer und Fremdwortpuristen Eduard Engel wurde sie promoviert. Sie arbeitet als Wissenschaftsredakteurin in der Abteilung Marketing und Kommunikation der Goethe-Universit\u00e4t.\",\"sameAs\":[\"http:\\\/\\\/aktuelles.uni-frankfurt.de\\\/\"],\"url\":\"https:\\\/\\\/aktuelles.uni-frankfurt.de\\\/en\\\/author\\\/dr-ankesauter\\\/\"}]}<\/script>\n<!-- \/ Yoast SEO plugin. -->","yoast_head_json":{"title":"Zehn Jahre Mitmenschlichkeit | Aktuelles aus der Goethe-Universit\u00e4t Frankfurt","robots":{"index":"index","follow":"follow","max-snippet":"max-snippet:-1","max-image-preview":"max-image-preview:large","max-video-preview":"max-video-preview:-1"},"canonical":"https:\/\/aktuelles.uni-frankfurt.de\/en\/unireport\/zehn-jahre-mitmenschlichkeit\/","og_locale":"en_GB","og_type":"article","og_title":"Zehn Jahre Mitmenschlichkeit | Aktuelles aus der Goethe-Universit\u00e4t Frankfurt","og_description":"Die Studentische Poliklinik der Goethe-Universit\u00e4t im Gesundheitsamt der Stadt Frankfurt hat im Juni ihr zehnj\u00e4hriges Bestehen gefeiert. Bei der Jubil\u00e4umsfeier wurde deutlich: Diese Initiative hat vielen Menschen geholfen \u2013 sowohl [&hellip;]","og_url":"https:\/\/aktuelles.uni-frankfurt.de\/en\/unireport\/zehn-jahre-mitmenschlichkeit\/","og_site_name":"Aktuelles aus der Goethe-Universit\u00e4t Frankfurt","article_published_time":"2024-08-15T09:38:13+00:00","article_modified_time":"2024-08-27T06:46:56+00:00","og_image":[{"width":650,"height":450,"url":"https:\/\/aktuelles.uni-frankfurt.de\/wp-content\/uploads\/2024\/07\/15_Studentische-Poliklinik_650x450px.jpg","type":"image\/jpeg"}],"author":"Dr. Anke Sauter","twitter_card":"summary_large_image","twitter_misc":{"Written by":"Dr. Anke Sauter","Estimated reading time":"5 minutes"},"schema":{"@context":"https:\/\/schema.org","@graph":[{"@type":"Article","@id":"https:\/\/aktuelles.uni-frankfurt.de\/unireport\/zehn-jahre-mitmenschlichkeit\/#article","isPartOf":{"@id":"https:\/\/aktuelles.uni-frankfurt.de\/unireport\/zehn-jahre-mitmenschlichkeit\/"},"author":{"name":"Dr. Anke Sauter","@id":"https:\/\/aktuelles.uni-frankfurt.de\/#\/schema\/person\/1b9eb6fa6c6aed90031661dd4e37970d"},"headline":"Zehn Jahre Mitmenschlichkeit","datePublished":"2024-08-15T09:38:13+00:00","dateModified":"2024-08-27T06:46:56+00:00","mainEntityOfPage":{"@id":"https:\/\/aktuelles.uni-frankfurt.de\/unireport\/zehn-jahre-mitmenschlichkeit\/"},"wordCount":984,"publisher":{"@id":"https:\/\/aktuelles.uni-frankfurt.de\/#organization"},"image":{"@id":"https:\/\/aktuelles.uni-frankfurt.de\/unireport\/zehn-jahre-mitmenschlichkeit\/#primaryimage"},"thumbnailUrl":"https:\/\/aktuelles.uni-frankfurt.de\/wp-content\/uploads\/2024\/07\/15_Studentische-Poliklinik_650x450px.jpg","keywords":["Campus Westend","Medizin","UniReport 4.24"],"articleSection":["Campus","Gesellschaft","Studium","UniReport","Zticky"],"inLanguage":"en-GB"},{"@type":"WebPage","@id":"https:\/\/aktuelles.uni-frankfurt.de\/unireport\/zehn-jahre-mitmenschlichkeit\/","url":"https:\/\/aktuelles.uni-frankfurt.de\/unireport\/zehn-jahre-mitmenschlichkeit\/","name":"Zehn Jahre Mitmenschlichkeit | Aktuelles aus der Goethe-Universit\u00e4t Frankfurt","isPartOf":{"@id":"https:\/\/aktuelles.uni-frankfurt.de\/#website"},"primaryImageOfPage":{"@id":"https:\/\/aktuelles.uni-frankfurt.de\/unireport\/zehn-jahre-mitmenschlichkeit\/#primaryimage"},"image":{"@id":"https:\/\/aktuelles.uni-frankfurt.de\/unireport\/zehn-jahre-mitmenschlichkeit\/#primaryimage"},"thumbnailUrl":"https:\/\/aktuelles.uni-frankfurt.de\/wp-content\/uploads\/2024\/07\/15_Studentische-Poliklinik_650x450px.jpg","datePublished":"2024-08-15T09:38:13+00:00","dateModified":"2024-08-27T06:46:56+00:00","breadcrumb":{"@id":"https:\/\/aktuelles.uni-frankfurt.de\/unireport\/zehn-jahre-mitmenschlichkeit\/#breadcrumb"},"inLanguage":"en-GB","potentialAction":[{"@type":"ReadAction","target":["https:\/\/aktuelles.uni-frankfurt.de\/unireport\/zehn-jahre-mitmenschlichkeit\/"]}]},{"@type":"ImageObject","inLanguage":"en-GB","@id":"https:\/\/aktuelles.uni-frankfurt.de\/unireport\/zehn-jahre-mitmenschlichkeit\/#primaryimage","url":"https:\/\/aktuelles.uni-frankfurt.de\/wp-content\/uploads\/2024\/07\/15_Studentische-Poliklinik_650x450px.jpg","contentUrl":"https:\/\/aktuelles.uni-frankfurt.de\/wp-content\/uploads\/2024\/07\/15_Studentische-Poliklinik_650x450px.jpg","width":650,"height":450},{"@type":"BreadcrumbList","@id":"https:\/\/aktuelles.uni-frankfurt.de\/unireport\/zehn-jahre-mitmenschlichkeit\/#breadcrumb","itemListElement":[{"@type":"ListItem","position":1,"name":"Startseite","item":"https:\/\/aktuelles.uni-frankfurt.de\/"},{"@type":"ListItem","position":2,"name":"Zehn Jahre Mitmenschlichkeit"}]},{"@type":"WebSite","@id":"https:\/\/aktuelles.uni-frankfurt.de\/#website","url":"https:\/\/aktuelles.uni-frankfurt.de\/","name":"Aktuelles aus der Goethe-Universit\u00e4t Frankfurt","description":"Aktuelles aus der Goethe-Universit\u00e4t | Neues aus Forschung, Lehre, Studium","publisher":{"@id":"https:\/\/aktuelles.uni-frankfurt.de\/#organization"},"potentialAction":[{"@type":"SearchAction","target":{"@type":"EntryPoint","urlTemplate":"https:\/\/aktuelles.uni-frankfurt.de\/?s={search_term_string}"},"query-input":{"@type":"PropertyValueSpecification","valueRequired":true,"valueName":"search_term_string"}}],"inLanguage":"en-GB"},{"@type":"Organization","@id":"https:\/\/aktuelles.uni-frankfurt.de\/#organization","name":"Goethe University Frankfurt","url":"https:\/\/aktuelles.uni-frankfurt.de\/","logo":{"@type":"ImageObject","inLanguage":"en-GB","@id":"https:\/\/aktuelles.uni-frankfurt.de\/#\/schema\/logo\/image\/","url":"https:\/\/aktuelles.uni-frankfurt.de\/wp-content\/uploads\/2022\/03\/800px-Goethe-Logo.png","contentUrl":"https:\/\/aktuelles.uni-frankfurt.de\/wp-content\/uploads\/2022\/03\/800px-Goethe-Logo.png","width":800,"height":436,"caption":"Goethe-Universit\u00e4t"},"image":{"@id":"https:\/\/aktuelles.uni-frankfurt.de\/#\/schema\/logo\/image\/"}},{"@type":"Person","@id":"https:\/\/aktuelles.uni-frankfurt.de\/#\/schema\/person\/1b9eb6fa6c6aed90031661dd4e37970d","name":"Dr. Anke Sauter","description":"Dr. Anke Sauter hat in Bamberg Germanistik, Journalistik und Geografie studiert, mit einer Dissertation \u00fcber den Sprachlehrer und Fremdwortpuristen Eduard Engel wurde sie promoviert. Sie arbeitet als Wissenschaftsredakteurin in der Abteilung Marketing und Kommunikation der Goethe-Universit\u00e4t.","sameAs":["http:\/\/aktuelles.uni-frankfurt.de\/"],"url":"https:\/\/aktuelles.uni-frankfurt.de\/en\/author\/dr-ankesauter\/"}]}},"_links":{"self":[{"href":"https:\/\/aktuelles.uni-frankfurt.de\/en\/wp-json\/wp\/v2\/posts\/80433","targetHints":{"allow":["GET"]}}],"collection":[{"href":"https:\/\/aktuelles.uni-frankfurt.de\/en\/wp-json\/wp\/v2\/posts"}],"about":[{"href":"https:\/\/aktuelles.uni-frankfurt.de\/en\/wp-json\/wp\/v2\/types\/post"}],"author":[{"embeddable":true,"href":"https:\/\/aktuelles.uni-frankfurt.de\/en\/wp-json\/wp\/v2\/users\/5"}],"replies":[{"embeddable":true,"href":"https:\/\/aktuelles.uni-frankfurt.de\/en\/wp-json\/wp\/v2\/comments?post=80433"}],"version-history":[{"count":0,"href":"https:\/\/aktuelles.uni-frankfurt.de\/en\/wp-json\/wp\/v2\/posts\/80433\/revisions"}],"wp:featuredmedia":[{"embeddable":true,"href":"https:\/\/aktuelles.uni-frankfurt.de\/en\/wp-json\/wp\/v2\/media\/80434"}],"wp:attachment":[{"href":"https:\/\/aktuelles.uni-frankfurt.de\/en\/wp-json\/wp\/v2\/media?parent=80433"}],"wp:term":[{"taxonomy":"category","embeddable":true,"href":"https:\/\/aktuelles.uni-frankfurt.de\/en\/wp-json\/wp\/v2\/categories?post=80433"},{"taxonomy":"post_tag","embeddable":true,"href":"https:\/\/aktuelles.uni-frankfurt.de\/en\/wp-json\/wp\/v2\/tags?post=80433"},{"taxonomy":"post_folder","embeddable":true,"href":"https:\/\/aktuelles.uni-frankfurt.de\/en\/wp-json\/wp\/v2\/post_folder?post=80433"}],"curies":[{"name":"wp","href":"https:\/\/api.w.org\/{rel}","templated":true}]}}