{"id":80439,"date":"2024-08-19T08:30:14","date_gmt":"2024-08-19T06:30:14","guid":{"rendered":"https:\/\/aktuelles.uni-frankfurt.de\/?p=80439"},"modified":"2024-11-15T14:11:47","modified_gmt":"2024-11-15T13:11:47","slug":"grosser-historiker-mit-breiter-wirkung-wir-trauern-um-lothar-gall","status":"publish","type":"post","link":"https:\/\/aktuelles.uni-frankfurt.de\/en\/unireport\/grosser-historiker-mit-breiter-wirkung-wir-trauern-um-lothar-gall\/","title":{"rendered":"Gro\u00dfer Historiker mit breiter Wirkung: Wir trauern um Lothar Gall"},"content":{"rendered":"<figure class=\"wp-block-image alignleft size-large\"><img fetchpriority=\"high\" decoding=\"async\" width=\"500\" height=\"346\" src=\"https:\/\/aktuelles.uni-frankfurt.de\/wp-content\/uploads\/2024\/07\/17_Lothar-Gall_650x450-500x346.jpg\" alt=\"\" class=\"wp-image-80440\" srcset=\"https:\/\/aktuelles.uni-frankfurt.de\/wp-content\/uploads\/2024\/07\/17_Lothar-Gall_650x450-500x346.jpg 500w, https:\/\/aktuelles.uni-frankfurt.de\/wp-content\/uploads\/2024\/07\/17_Lothar-Gall_650x450-300x208.jpg 300w, https:\/\/aktuelles.uni-frankfurt.de\/wp-content\/uploads\/2024\/07\/17_Lothar-Gall_650x450-18x12.jpg 18w, https:\/\/aktuelles.uni-frankfurt.de\/wp-content\/uploads\/2024\/07\/17_Lothar-Gall_650x450.jpg 650w\" sizes=\"(max-width: 500px) 100vw, 500px\" \/><figcaption class=\"wp-element-caption\">Historiker Lothar Gall * 3. November 1937\u00a0 \u2020 22. Mai 2024 | Foto: Uwe Dettmar<\/figcaption><\/figure>\n\n\n\n<p>Die Goethe-Universit\u00e4t trauert um Prof. Dr. Lothar Gall, der am 20. Juni 2024 nach langer, schwerer Krankheit verstorben ist. Nach der Promotion in M\u00fcnchen und der Habilitation in K\u00f6ln folgte er zun\u00e4chst Rufen nach Gie\u00dfen und Berlin, bevor er 1975 auf den Lehrstuhl f\u00fcr Neuere Geschichte in Frankfurt wechselte, den er 30 Jahre lang innehatte. In Frankfurt fand er ein kongeniales Umfeld, das er selbst in entscheidender Weise pr\u00e4gte. Durch strenge Arbeitsdisziplin und gro\u00dfes Organisationstalent gelang es ihm scheinbar m\u00fchelos, zwischen den sich immer weiter auseinanderentwickelnden Sph\u00e4ren der Spitzenforschung, der akademischen Lehre und des Transfers zu wechseln und in allen h\u00f6chste Meriten zu erwerben.<\/p>\n\n\n\n<p>In der Forschung ergr\u00fcndete Gall die l\u00e4ngerfristigen historischen Ursachen des Nationalsozialismus, indem er danach fragte, weshalb sich Alternativen nicht durchsetzen konnten. Dabei interessierte ihn besonders die Wechselwirkung zwischen politischen Strukturen und individuellen Handlungsoptionen, die er in Verbundforschungen wie dem aus Mitteln des Gottfried Wilhelm Leibniz-Preises finanzierten Projekt \u201eStadt und B\u00fcrgertum im 19. Jahrhundert\u201c ebenso bearbeitete wie in international \u00fcberaus erfolgreichen Biographien, die \u00fcber die Fachwelt hinaus ein breites Publikum fanden. \u201eBismarck: Der wei\u00dfe Revolution\u00e4r\u201c (1980) f\u00fchrte den \u201aeisernen Kanzler\u2018 als \u201eZauberlehrling\u201c vor, der mit dem kleindeutschen Reich eine politische Struktur geschaffen hatte, deren Folgen er nicht zu beherrschen vermochte. \u201eB\u00fcrgertum in Deutschland\u201c (1989) verfolgte am Beispiel von Mitgliedern der Familie Bassermann den Weg vom \u00f6konomischen Aufstieg im \u00dcbergang von der Standes- zur Klassengesellschaft \u00fcber den Verfassungskampf 1848, die konservative Wende im Kaiserreich bis zum Exil im Nationalsozialismus. Im Laufe der Zeit wuchs Galls Interesse an der Rolle von Unternehmern im 20. Jahrhundert, etwa der von Hermann Josef Abs. Eine seiner letzten Publikationen, ein Aufsatz in der seit 1975 von ihm herausgegebenen \u201eHistorischen Zeitschrift\u201c, widmete sich 2014 der Elitenkontinuit\u00e4t zwischen Nationalsozialismus und Bundesrepublik anhand zweier Beispiele aus Wissenschaft und Wirtschaft.<\/p>\n\n\n\n<p>Gall war in zahlreichen wissenschaftlichen Organisationen aktiv; sein besonderes Engagement galt Ausstellungen und Museen. Zwischen 1971 und 1994 wurde die Ausstellung \u201eFragen an die deutsche Geschichte\u201c im Reichstagsgeb\u00e4ude von rund 17 Millionen Menschen besucht. 1998 kuratierte er in Frankfurt zur Erinnerung an die Revolution von 1848 \u201eAufbruch zur Freiheit\u201c. Auch an der Gr\u00fcndung des Hauses der Geschichte der Bundesrepublik in Bonn und des Deutschen Historischen Museums in Berlin hatte er entscheidenden Anteil.<\/p>\n\n\n\n<p>Gall war Tr\u00e4ger des Gro\u00dfen Verdienstkreuzes mit Stern der Bundesrepublik Deutschland, des Hessischen Verdienstordens sowie des Balzan-Preises, der u.a. an herausragende Wissenschaftler aus den Geistes- und Naturwissenschaften verliehen wird. Zur weiteren F\u00f6rderung der Geschichtsforschung an der Goethe-Universit\u00e4t stiftete er gemeinsam mit seiner Frau, Prof. Claudia Eder, den gro\u00dfz\u00fcgig dotierten Lothar Gall-Preis. <\/p>\n\n\n\n<div style=\"height:20px\" aria-hidden=\"true\" class=\"wp-block-spacer\"><\/div>\n\n\n\n<p class=\"has-text-align-right\"><em>Andreas Fahrmeir <\/em><\/p>\n\n\n\n<div style=\"height:20px\" aria-hidden=\"true\" class=\"wp-block-spacer\"><\/div>\n\n\n\n<p class=\"has-text-align-center has-background\" style=\"background-color:#eeeeee\"><strong>Professor Dr. Andreas Fahrmeir<\/strong> forscht und lehrt am Historischen Seminar der Goethe-Universit\u00e4t, sein Forschungsgebiet ist Neuere Geschichte unter besonderer Ber\u00fccksichtigung des 19. Jahrhunderts.<\/p>","protected":false},"excerpt":{"rendered":"<p>Die Goethe-Universit\u00e4t trauert um Prof. Dr. Lothar Gall, der am 20. Juni 2024 nach langer, schwerer Krankheit verstorben ist. Nach der Promotion in M\u00fcnchen und der Habilitation in K\u00f6ln folgte [&hellip;]<\/p>\n","protected":false},"author":8,"featured_media":80440,"comment_status":"closed","ping_status":"closed","sticky":false,"template":"","format":"standard","meta":{"_eb_attr":"","_price":"","_stock":"","_tribe_ticket_header":"","_tribe_default_ticket_provider":"","_ticket_start_date":"","_ticket_end_date":"","_tribe_ticket_show_description":"","_tribe_ticket_show_not_going":false,"_tribe_ticket_use_global_stock":"","_tribe_ticket_global_stock_level":"","_global_stock_mode":"","_global_stock_cap":"","_tribe_rsvp_for_event":"","_tribe_ticket_going_count":"","_tribe_ticket_not_going_count":"","_tribe_tickets_list":"[]","_tribe_ticket_has_attendee_info_fields":false,"footnotes":""},"categories":[5,4,6,173],"tags":[17,152,108,390,343],"post_folder":[],"class_list":["post-80439","post","type-post","status-publish","format-standard","has-post-thumbnail","hentry","category-campus","category-gesellschaft","category-menschen","category-unireport","tag-campus-westend","tag-geschichte","tag-geschichtswissenschaften","tag-nachruf","tag-unireport-4-24"],"yoast_head":"<!-- This site is optimized with the Yoast SEO plugin v27.5 - https:\/\/yoast.com\/product\/yoast-seo-wordpress\/ -->\n<title>Gro\u00dfer Historiker mit breiter Wirkung: Wir trauern um Lothar Gall | Aktuelles aus der Goethe-Universit\u00e4t Frankfurt<\/title>\n<meta name=\"robots\" content=\"index, follow, max-snippet:-1, max-image-preview:large, max-video-preview:-1\" \/>\n<link rel=\"canonical\" href=\"https:\/\/aktuelles.uni-frankfurt.de\/en\/unireport\/grosser-historiker-mit-breiter-wirkung-wir-trauern-um-lothar-gall\/\" \/>\n<meta property=\"og:locale\" content=\"en_GB\" \/>\n<meta property=\"og:type\" content=\"article\" \/>\n<meta property=\"og:title\" content=\"Gro\u00dfer Historiker mit breiter Wirkung: Wir trauern um Lothar Gall | Aktuelles aus der Goethe-Universit\u00e4t Frankfurt\" \/>\n<meta property=\"og:description\" content=\"Die Goethe-Universit\u00e4t trauert um Prof. Dr. Lothar Gall, der am 20. Juni 2024 nach langer, schwerer Krankheit verstorben ist. Nach der Promotion in M\u00fcnchen und der Habilitation in K\u00f6ln folgte [&hellip;]\" \/>\n<meta property=\"og:url\" content=\"https:\/\/aktuelles.uni-frankfurt.de\/en\/unireport\/grosser-historiker-mit-breiter-wirkung-wir-trauern-um-lothar-gall\/\" \/>\n<meta property=\"og:site_name\" content=\"Aktuelles aus der Goethe-Universit\u00e4t Frankfurt\" \/>\n<meta property=\"article:published_time\" content=\"2024-08-19T06:30:14+00:00\" \/>\n<meta property=\"article:modified_time\" content=\"2024-11-15T13:11:47+00:00\" \/>\n<meta property=\"og:image\" content=\"https:\/\/aktuelles.uni-frankfurt.de\/wp-content\/uploads\/2024\/07\/17_Lothar-Gall_650x450.jpg\" \/>\n\t<meta property=\"og:image:width\" content=\"650\" \/>\n\t<meta property=\"og:image:height\" content=\"450\" \/>\n\t<meta property=\"og:image:type\" content=\"image\/jpeg\" \/>\n<meta name=\"author\" content=\"-\" \/>\n<meta name=\"twitter:card\" content=\"summary_large_image\" \/>\n<meta name=\"twitter:label1\" content=\"Written by\" \/>\n\t<meta name=\"twitter:data1\" content=\"-\" \/>\n\t<meta name=\"twitter:label2\" content=\"Estimated reading time\" \/>\n\t<meta name=\"twitter:data2\" content=\"2 minutes\" \/>\n<script type=\"application\/ld+json\" class=\"yoast-schema-graph\">{\"@context\":\"https:\\\/\\\/schema.org\",\"@graph\":[{\"@type\":\"Article\",\"@id\":\"https:\\\/\\\/aktuelles.uni-frankfurt.de\\\/unireport\\\/grosser-historiker-mit-breiter-wirkung-wir-trauern-um-lothar-gall\\\/#article\",\"isPartOf\":{\"@id\":\"https:\\\/\\\/aktuelles.uni-frankfurt.de\\\/unireport\\\/grosser-historiker-mit-breiter-wirkung-wir-trauern-um-lothar-gall\\\/\"},\"author\":{\"name\":\"-\",\"@id\":\"https:\\\/\\\/aktuelles.uni-frankfurt.de\\\/#\\\/schema\\\/person\\\/8e55ea338fb65d1ce87a91565d1f1739\"},\"headline\":\"Gro\u00dfer Historiker mit breiter Wirkung: Wir trauern um Lothar Gall\",\"datePublished\":\"2024-08-19T06:30:14+00:00\",\"dateModified\":\"2024-11-15T13:11:47+00:00\",\"mainEntityOfPage\":{\"@id\":\"https:\\\/\\\/aktuelles.uni-frankfurt.de\\\/unireport\\\/grosser-historiker-mit-breiter-wirkung-wir-trauern-um-lothar-gall\\\/\"},\"wordCount\":473,\"publisher\":{\"@id\":\"https:\\\/\\\/aktuelles.uni-frankfurt.de\\\/#organization\"},\"image\":{\"@id\":\"https:\\\/\\\/aktuelles.uni-frankfurt.de\\\/unireport\\\/grosser-historiker-mit-breiter-wirkung-wir-trauern-um-lothar-gall\\\/#primaryimage\"},\"thumbnailUrl\":\"https:\\\/\\\/aktuelles.uni-frankfurt.de\\\/wp-content\\\/uploads\\\/2024\\\/07\\\/17_Lothar-Gall_650x450.jpg\",\"keywords\":[\"Campus Westend\",\"Geschichte\",\"Geschichtswissenschaften\",\"Nachruf\",\"UniReport 4.24\"],\"articleSection\":[\"Campus\",\"Gesellschaft\",\"Menschen\",\"UniReport\"],\"inLanguage\":\"en-GB\"},{\"@type\":\"WebPage\",\"@id\":\"https:\\\/\\\/aktuelles.uni-frankfurt.de\\\/unireport\\\/grosser-historiker-mit-breiter-wirkung-wir-trauern-um-lothar-gall\\\/\",\"url\":\"https:\\\/\\\/aktuelles.uni-frankfurt.de\\\/unireport\\\/grosser-historiker-mit-breiter-wirkung-wir-trauern-um-lothar-gall\\\/\",\"name\":\"Gro\u00dfer Historiker mit breiter Wirkung: Wir trauern um Lothar Gall | Aktuelles aus der Goethe-Universit\u00e4t Frankfurt\",\"isPartOf\":{\"@id\":\"https:\\\/\\\/aktuelles.uni-frankfurt.de\\\/#website\"},\"primaryImageOfPage\":{\"@id\":\"https:\\\/\\\/aktuelles.uni-frankfurt.de\\\/unireport\\\/grosser-historiker-mit-breiter-wirkung-wir-trauern-um-lothar-gall\\\/#primaryimage\"},\"image\":{\"@id\":\"https:\\\/\\\/aktuelles.uni-frankfurt.de\\\/unireport\\\/grosser-historiker-mit-breiter-wirkung-wir-trauern-um-lothar-gall\\\/#primaryimage\"},\"thumbnailUrl\":\"https:\\\/\\\/aktuelles.uni-frankfurt.de\\\/wp-content\\\/uploads\\\/2024\\\/07\\\/17_Lothar-Gall_650x450.jpg\",\"datePublished\":\"2024-08-19T06:30:14+00:00\",\"dateModified\":\"2024-11-15T13:11:47+00:00\",\"breadcrumb\":{\"@id\":\"https:\\\/\\\/aktuelles.uni-frankfurt.de\\\/unireport\\\/grosser-historiker-mit-breiter-wirkung-wir-trauern-um-lothar-gall\\\/#breadcrumb\"},\"inLanguage\":\"en-GB\",\"potentialAction\":[{\"@type\":\"ReadAction\",\"target\":[\"https:\\\/\\\/aktuelles.uni-frankfurt.de\\\/unireport\\\/grosser-historiker-mit-breiter-wirkung-wir-trauern-um-lothar-gall\\\/\"]}]},{\"@type\":\"ImageObject\",\"inLanguage\":\"en-GB\",\"@id\":\"https:\\\/\\\/aktuelles.uni-frankfurt.de\\\/unireport\\\/grosser-historiker-mit-breiter-wirkung-wir-trauern-um-lothar-gall\\\/#primaryimage\",\"url\":\"https:\\\/\\\/aktuelles.uni-frankfurt.de\\\/wp-content\\\/uploads\\\/2024\\\/07\\\/17_Lothar-Gall_650x450.jpg\",\"contentUrl\":\"https:\\\/\\\/aktuelles.uni-frankfurt.de\\\/wp-content\\\/uploads\\\/2024\\\/07\\\/17_Lothar-Gall_650x450.jpg\",\"width\":650,\"height\":450},{\"@type\":\"BreadcrumbList\",\"@id\":\"https:\\\/\\\/aktuelles.uni-frankfurt.de\\\/unireport\\\/grosser-historiker-mit-breiter-wirkung-wir-trauern-um-lothar-gall\\\/#breadcrumb\",\"itemListElement\":[{\"@type\":\"ListItem\",\"position\":1,\"name\":\"Startseite\",\"item\":\"https:\\\/\\\/aktuelles.uni-frankfurt.de\\\/\"},{\"@type\":\"ListItem\",\"position\":2,\"name\":\"Gro\u00dfer Historiker mit breiter Wirkung: Wir trauern um Lothar Gall\"}]},{\"@type\":\"WebSite\",\"@id\":\"https:\\\/\\\/aktuelles.uni-frankfurt.de\\\/#website\",\"url\":\"https:\\\/\\\/aktuelles.uni-frankfurt.de\\\/\",\"name\":\"Aktuelles aus der Goethe-Universit\u00e4t Frankfurt\",\"description\":\"Aktuelles aus der Goethe-Universit\u00e4t | Neues aus Forschung, Lehre, Studium\",\"publisher\":{\"@id\":\"https:\\\/\\\/aktuelles.uni-frankfurt.de\\\/#organization\"},\"potentialAction\":[{\"@type\":\"SearchAction\",\"target\":{\"@type\":\"EntryPoint\",\"urlTemplate\":\"https:\\\/\\\/aktuelles.uni-frankfurt.de\\\/?s={search_term_string}\"},\"query-input\":{\"@type\":\"PropertyValueSpecification\",\"valueRequired\":true,\"valueName\":\"search_term_string\"}}],\"inLanguage\":\"en-GB\"},{\"@type\":\"Organization\",\"@id\":\"https:\\\/\\\/aktuelles.uni-frankfurt.de\\\/#organization\",\"name\":\"Goethe-Universit\u00e4t\",\"url\":\"https:\\\/\\\/aktuelles.uni-frankfurt.de\\\/\",\"logo\":{\"@type\":\"ImageObject\",\"inLanguage\":\"en-GB\",\"@id\":\"https:\\\/\\\/aktuelles.uni-frankfurt.de\\\/#\\\/schema\\\/logo\\\/image\\\/\",\"url\":\"https:\\\/\\\/aktuelles.uni-frankfurt.de\\\/wp-content\\\/uploads\\\/2022\\\/03\\\/800px-Goethe-Logo.png\",\"contentUrl\":\"https:\\\/\\\/aktuelles.uni-frankfurt.de\\\/wp-content\\\/uploads\\\/2022\\\/03\\\/800px-Goethe-Logo.png\",\"width\":800,\"height\":436,\"caption\":\"Goethe-Universit\u00e4t\"},\"image\":{\"@id\":\"https:\\\/\\\/aktuelles.uni-frankfurt.de\\\/#\\\/schema\\\/logo\\\/image\\\/\"}},{\"@type\":\"Person\",\"@id\":\"https:\\\/\\\/aktuelles.uni-frankfurt.de\\\/#\\\/schema\\\/person\\\/8e55ea338fb65d1ce87a91565d1f1739\",\"name\":\"-\",\"description\":\"Dieser Beitrag wurde von der Online-Redaktion ver\u00f6ffentlicht. Wenn der Beitrag von einem Gastautoren verfasst wurde, findet sich dieser Hinweis am Ende des jeweiligen Artikels.\",\"sameAs\":[\"http:\\\/\\\/aktuelles.uni-frankfurt.de\\\/autoren\"],\"url\":\"https:\\\/\\\/aktuelles.uni-frankfurt.de\\\/en\\\/author\\\/redaktion\\\/\"}]}<\/script>\n<!-- \/ Yoast SEO plugin. -->","yoast_head_json":{"title":"Gro\u00dfer Historiker mit breiter Wirkung: Wir trauern um Lothar Gall | Aktuelles aus der Goethe-Universit\u00e4t Frankfurt","robots":{"index":"index","follow":"follow","max-snippet":"max-snippet:-1","max-image-preview":"max-image-preview:large","max-video-preview":"max-video-preview:-1"},"canonical":"https:\/\/aktuelles.uni-frankfurt.de\/en\/unireport\/grosser-historiker-mit-breiter-wirkung-wir-trauern-um-lothar-gall\/","og_locale":"en_GB","og_type":"article","og_title":"Gro\u00dfer Historiker mit breiter Wirkung: Wir trauern um Lothar Gall | Aktuelles aus der Goethe-Universit\u00e4t Frankfurt","og_description":"Die Goethe-Universit\u00e4t trauert um Prof. Dr. Lothar Gall, der am 20. Juni 2024 nach langer, schwerer Krankheit verstorben ist. Nach der Promotion in M\u00fcnchen und der Habilitation in K\u00f6ln folgte [&hellip;]","og_url":"https:\/\/aktuelles.uni-frankfurt.de\/en\/unireport\/grosser-historiker-mit-breiter-wirkung-wir-trauern-um-lothar-gall\/","og_site_name":"Aktuelles aus der Goethe-Universit\u00e4t Frankfurt","article_published_time":"2024-08-19T06:30:14+00:00","article_modified_time":"2024-11-15T13:11:47+00:00","og_image":[{"width":650,"height":450,"url":"https:\/\/aktuelles.uni-frankfurt.de\/wp-content\/uploads\/2024\/07\/17_Lothar-Gall_650x450.jpg","type":"image\/jpeg"}],"author":"-","twitter_card":"summary_large_image","twitter_misc":{"Written by":"-","Estimated reading time":"2 minutes"},"schema":{"@context":"https:\/\/schema.org","@graph":[{"@type":"Article","@id":"https:\/\/aktuelles.uni-frankfurt.de\/unireport\/grosser-historiker-mit-breiter-wirkung-wir-trauern-um-lothar-gall\/#article","isPartOf":{"@id":"https:\/\/aktuelles.uni-frankfurt.de\/unireport\/grosser-historiker-mit-breiter-wirkung-wir-trauern-um-lothar-gall\/"},"author":{"name":"-","@id":"https:\/\/aktuelles.uni-frankfurt.de\/#\/schema\/person\/8e55ea338fb65d1ce87a91565d1f1739"},"headline":"Gro\u00dfer Historiker mit breiter Wirkung: Wir trauern um Lothar Gall","datePublished":"2024-08-19T06:30:14+00:00","dateModified":"2024-11-15T13:11:47+00:00","mainEntityOfPage":{"@id":"https:\/\/aktuelles.uni-frankfurt.de\/unireport\/grosser-historiker-mit-breiter-wirkung-wir-trauern-um-lothar-gall\/"},"wordCount":473,"publisher":{"@id":"https:\/\/aktuelles.uni-frankfurt.de\/#organization"},"image":{"@id":"https:\/\/aktuelles.uni-frankfurt.de\/unireport\/grosser-historiker-mit-breiter-wirkung-wir-trauern-um-lothar-gall\/#primaryimage"},"thumbnailUrl":"https:\/\/aktuelles.uni-frankfurt.de\/wp-content\/uploads\/2024\/07\/17_Lothar-Gall_650x450.jpg","keywords":["Campus Westend","Geschichte","Geschichtswissenschaften","Nachruf","UniReport 4.24"],"articleSection":["Campus","Gesellschaft","Menschen","UniReport"],"inLanguage":"en-GB"},{"@type":"WebPage","@id":"https:\/\/aktuelles.uni-frankfurt.de\/unireport\/grosser-historiker-mit-breiter-wirkung-wir-trauern-um-lothar-gall\/","url":"https:\/\/aktuelles.uni-frankfurt.de\/unireport\/grosser-historiker-mit-breiter-wirkung-wir-trauern-um-lothar-gall\/","name":"Gro\u00dfer Historiker mit breiter Wirkung: Wir trauern um Lothar Gall | Aktuelles aus der Goethe-Universit\u00e4t Frankfurt","isPartOf":{"@id":"https:\/\/aktuelles.uni-frankfurt.de\/#website"},"primaryImageOfPage":{"@id":"https:\/\/aktuelles.uni-frankfurt.de\/unireport\/grosser-historiker-mit-breiter-wirkung-wir-trauern-um-lothar-gall\/#primaryimage"},"image":{"@id":"https:\/\/aktuelles.uni-frankfurt.de\/unireport\/grosser-historiker-mit-breiter-wirkung-wir-trauern-um-lothar-gall\/#primaryimage"},"thumbnailUrl":"https:\/\/aktuelles.uni-frankfurt.de\/wp-content\/uploads\/2024\/07\/17_Lothar-Gall_650x450.jpg","datePublished":"2024-08-19T06:30:14+00:00","dateModified":"2024-11-15T13:11:47+00:00","breadcrumb":{"@id":"https:\/\/aktuelles.uni-frankfurt.de\/unireport\/grosser-historiker-mit-breiter-wirkung-wir-trauern-um-lothar-gall\/#breadcrumb"},"inLanguage":"en-GB","potentialAction":[{"@type":"ReadAction","target":["https:\/\/aktuelles.uni-frankfurt.de\/unireport\/grosser-historiker-mit-breiter-wirkung-wir-trauern-um-lothar-gall\/"]}]},{"@type":"ImageObject","inLanguage":"en-GB","@id":"https:\/\/aktuelles.uni-frankfurt.de\/unireport\/grosser-historiker-mit-breiter-wirkung-wir-trauern-um-lothar-gall\/#primaryimage","url":"https:\/\/aktuelles.uni-frankfurt.de\/wp-content\/uploads\/2024\/07\/17_Lothar-Gall_650x450.jpg","contentUrl":"https:\/\/aktuelles.uni-frankfurt.de\/wp-content\/uploads\/2024\/07\/17_Lothar-Gall_650x450.jpg","width":650,"height":450},{"@type":"BreadcrumbList","@id":"https:\/\/aktuelles.uni-frankfurt.de\/unireport\/grosser-historiker-mit-breiter-wirkung-wir-trauern-um-lothar-gall\/#breadcrumb","itemListElement":[{"@type":"ListItem","position":1,"name":"Startseite","item":"https:\/\/aktuelles.uni-frankfurt.de\/"},{"@type":"ListItem","position":2,"name":"Gro\u00dfer Historiker mit breiter Wirkung: Wir trauern um Lothar Gall"}]},{"@type":"WebSite","@id":"https:\/\/aktuelles.uni-frankfurt.de\/#website","url":"https:\/\/aktuelles.uni-frankfurt.de\/","name":"Aktuelles aus der Goethe-Universit\u00e4t Frankfurt","description":"Aktuelles aus der Goethe-Universit\u00e4t | Neues aus Forschung, Lehre, Studium","publisher":{"@id":"https:\/\/aktuelles.uni-frankfurt.de\/#organization"},"potentialAction":[{"@type":"SearchAction","target":{"@type":"EntryPoint","urlTemplate":"https:\/\/aktuelles.uni-frankfurt.de\/?s={search_term_string}"},"query-input":{"@type":"PropertyValueSpecification","valueRequired":true,"valueName":"search_term_string"}}],"inLanguage":"en-GB"},{"@type":"Organization","@id":"https:\/\/aktuelles.uni-frankfurt.de\/#organization","name":"Goethe University Frankfurt","url":"https:\/\/aktuelles.uni-frankfurt.de\/","logo":{"@type":"ImageObject","inLanguage":"en-GB","@id":"https:\/\/aktuelles.uni-frankfurt.de\/#\/schema\/logo\/image\/","url":"https:\/\/aktuelles.uni-frankfurt.de\/wp-content\/uploads\/2022\/03\/800px-Goethe-Logo.png","contentUrl":"https:\/\/aktuelles.uni-frankfurt.de\/wp-content\/uploads\/2022\/03\/800px-Goethe-Logo.png","width":800,"height":436,"caption":"Goethe-Universit\u00e4t"},"image":{"@id":"https:\/\/aktuelles.uni-frankfurt.de\/#\/schema\/logo\/image\/"}},{"@type":"Person","@id":"https:\/\/aktuelles.uni-frankfurt.de\/#\/schema\/person\/8e55ea338fb65d1ce87a91565d1f1739","name":"-","description":"Dieser Beitrag wurde von der Online-Redaktion ver\u00f6ffentlicht. Wenn der Beitrag von einem Gastautoren verfasst wurde, findet sich dieser Hinweis am Ende des jeweiligen Artikels.","sameAs":["http:\/\/aktuelles.uni-frankfurt.de\/autoren"],"url":"https:\/\/aktuelles.uni-frankfurt.de\/en\/author\/redaktion\/"}]}},"_links":{"self":[{"href":"https:\/\/aktuelles.uni-frankfurt.de\/en\/wp-json\/wp\/v2\/posts\/80439","targetHints":{"allow":["GET"]}}],"collection":[{"href":"https:\/\/aktuelles.uni-frankfurt.de\/en\/wp-json\/wp\/v2\/posts"}],"about":[{"href":"https:\/\/aktuelles.uni-frankfurt.de\/en\/wp-json\/wp\/v2\/types\/post"}],"author":[{"embeddable":true,"href":"https:\/\/aktuelles.uni-frankfurt.de\/en\/wp-json\/wp\/v2\/users\/8"}],"replies":[{"embeddable":true,"href":"https:\/\/aktuelles.uni-frankfurt.de\/en\/wp-json\/wp\/v2\/comments?post=80439"}],"version-history":[{"count":0,"href":"https:\/\/aktuelles.uni-frankfurt.de\/en\/wp-json\/wp\/v2\/posts\/80439\/revisions"}],"wp:featuredmedia":[{"embeddable":true,"href":"https:\/\/aktuelles.uni-frankfurt.de\/en\/wp-json\/wp\/v2\/media\/80440"}],"wp:attachment":[{"href":"https:\/\/aktuelles.uni-frankfurt.de\/en\/wp-json\/wp\/v2\/media?parent=80439"}],"wp:term":[{"taxonomy":"category","embeddable":true,"href":"https:\/\/aktuelles.uni-frankfurt.de\/en\/wp-json\/wp\/v2\/categories?post=80439"},{"taxonomy":"post_tag","embeddable":true,"href":"https:\/\/aktuelles.uni-frankfurt.de\/en\/wp-json\/wp\/v2\/tags?post=80439"},{"taxonomy":"post_folder","embeddable":true,"href":"https:\/\/aktuelles.uni-frankfurt.de\/en\/wp-json\/wp\/v2\/post_folder?post=80439"}],"curies":[{"name":"wp","href":"https:\/\/api.w.org\/{rel}","templated":true}]}}