{"id":80540,"date":"2024-08-01T08:36:49","date_gmt":"2024-08-01T06:36:49","guid":{"rendered":"https:\/\/aktuelles.uni-frankfurt.de\/?p=80540"},"modified":"2024-08-05T11:04:49","modified_gmt":"2024-08-05T09:04:49","slug":"multilingual-poetics-lectures-in-german","status":"publish","type":"post","link":"https:\/\/aktuelles.uni-frankfurt.de\/en\/english\/multilingual-poetics-lectures-in-german\/","title":{"rendered":"Multilingual poetics lectures in German"},"content":{"rendered":"\n<p><em>Review of the lectures delivered by writer and translator Aris Fioretos.<\/em><\/p>\n\n\n\n<figure class=\"wp-block-image aligncenter size-full\"><img fetchpriority=\"high\" decoding=\"async\" width=\"650\" height=\"450\" src=\"https:\/\/aktuelles.uni-frankfurt.de\/wp-content\/uploads\/2024\/07\/05_Poetikvorlesung_650x450px.jpg\" alt=\"\" class=\"wp-image-80414\" srcset=\"https:\/\/aktuelles.uni-frankfurt.de\/wp-content\/uploads\/2024\/07\/05_Poetikvorlesung_650x450px.jpg 650w, https:\/\/aktuelles.uni-frankfurt.de\/wp-content\/uploads\/2024\/07\/05_Poetikvorlesung_650x450px-300x208.jpg 300w, https:\/\/aktuelles.uni-frankfurt.de\/wp-content\/uploads\/2024\/07\/05_Poetikvorlesung_650x450px-500x346.jpg 500w, https:\/\/aktuelles.uni-frankfurt.de\/wp-content\/uploads\/2024\/07\/05_Poetikvorlesung_650x450px-18x12.jpg 18w\" sizes=\"(max-width: 650px) 100vw, 650px\" \/><\/figure>\n\n\n\n<div style=\"height:20px\" aria-hidden=\"true\" class=\"wp-block-spacer\"><\/div>\n\n\n\n<p><strong>This was a first at the Frankfurt Poetics Lectures: a writer who does not write his script in German, but delivers his lectures in German. Unsurprisingly, this was one of the aspects discussed at the accompanying workshop, which Fioretos himself attended.<\/strong><\/p>\n\n\n\n<p>Aris Fioretos is known for being multilingual. German was his first language, which he learned from his Austrian mother; he grew up in Sweden, but his roots on his father\u2019s side are Greek. In addition to having taught and conducted research in several countries, including the US, he also translates into Swedish. \u201cEven if I don\u2019t really feel as though I have a geographical home, I\u2019m at home in many places,\u201d Fioretos said in a recent interview with UniReport. He delivered his three lectures at Goethe University Frankfurt, which bore the title \u201cSolar plexus \u2013 <a>on a writer and his body<\/a>,\u201d with hardly a trace of an accent. He pursued an associative yet easy-to-follow stream of thought about the physical nature of writing. His reference point was the solar plexus, which is located in the chest and forms part of the vegetative nervous system. Fioretos, who was born in <a>Gothenburg<\/a> in 1960 and who writes, translates and likes tackling poetology questions, referred to some famous artworks in his lectures, including Rembrandt\u2019s \u201c<a>Anatomy Lesson of Dr.&nbsp;Nicolaes Tulp<\/a>\u201d, using them to offer interesting observations as asides before speaking about himself. As such, the dead man in Rembrandt\u2019s painting is also called Aris. The sensuality of names fascinates Fioretos, who was born in a country where boys were traditionally called Bj\u00f6rn or Sven \u2013 and not Aris. After the first lecture on \u201cyearning,\u201d he dedicated the second one to \u201chunger\u201d and the third and last to \u201celectricity.\u201d The inspiration for his latest novel, <em>The Thin Gods<\/em>, which was published in German translation early this year, came from the American band Television. Fioretos explains that its head man, the recently deceased charismatic guitarist and singer Tom Verlaine, wanted to create with his music something different than many artists who were playing the rock music that became mainstream in the 1970s. To illustrate the band\u2019s special status, Fioretos played his audience their very first song, the rather jazzy <em>Little Johnny Jewel<\/em>, to convey to the audience the impact the song had on his 16-year-old self. Fioretos did not specify whether the hero in <em>The Thin Gods<\/em>, Ache Middler, is a literary revenant of the real Tom Verlaine. Middler\u2019s ecstasies play out more in his head; his inventor describes him as an innovator of music who transcends borders and would prefer to vanish into the background behind his work. A poetological principle of his creator is definitely at work here: Aris Fioretos is highly suspicious of literary biographism, i.e. the increasing tendency in today\u2019s literature to equate creators and their works.<\/p>\n\n\n\n<div style=\"height:20px\" aria-hidden=\"true\" class=\"wp-block-spacer\"><\/div>\n\n\n\n<h2 class=\"wp-block-heading\"><strong>Durs Gr\u00fcnbein at the workshop<\/strong><\/h2>\n\n\n\n<p>Hosting the workshop accompanying the Poetics Lectures was comparatist Achim Geisenhansl\u00fcke (Goethe University Frankfurt). Following lectures by Barbara Naumann (Zurich) and Christian Metz (Aachen), the workshop ended with a discussion between translators and writers, which was also joined by Fioretos\u2019 friend and colleague Durs Gr\u00fcnbein, who himself was Goethe University\u2019s poetics lecturer in the 2009-2010 winter semester.<\/p>\n\n\n\n<p>Achim Geisenhansl\u00fcke opened the workshop by asking Paul Berf, who has translated numerous texts by Fioretos into German, what he found so special about the work of this particular Swedish author. \u201cHe makes it easy for the translator because he writes well. Even if his books have very different tonalities, you don\u2019t have to guess at what he wants to say or how he wants to say it,\u201d Berf stressed. Geisenhansl\u00fcke followed up by asking Fioretos whether his being a translator makes the interaction with his own translator unusual. \u201cFor me Paul Berf is a <em>verus amicus<\/em>, a true friend, with whom I can have very fruitful discussions. I only translate texts that I would have liked to write myself. So for me translation is not an occupation in the normal sense.\u201d<\/p>\n\n\n\n<p>Fioretos and his poet friend Durs Gr\u00fcnbein share a keen interest in poetological questions. Together they have produced a book called <em>Verabredungen<\/em> [<em>Appointments]<\/em>, with texts detailing recorded discussions that took place at a wide variety of locations. Some of the dialogs are also based on asynchronous communication by postcard. \u201cFor me, Aris Fioretos is a multilingual person,\u201d Gr\u00fcnbein emphasized, adding that this says both too much and too little in the opinion of his subject. \u201cMaybe this experience of difference is the nucleus of my work,\u201d Fioretos said, adding that literary language is not exhausted in semantics, but also appeals to the senses, can sometimes be positively \u201csmelled,\u201d and has a certain appearance and color.<\/p>\n\n\n\n<p>Translator, editor and publisher Hans J\u00fcrgen Balmes sees Fioretos as a \u201cbetter friend of German literature\u201d because he regards German literature with less bias and less prejudice, in a manner that is very close and loving. His prose pieces demonstrate the kind of refinement that might earlier have been created by an author like Alain Robbe-Grillet. Achim Geisenhansl\u00fcke then brought the discussion to an important aspect of the current poetics lectureship, pointing out that a lecturer who does not write in German but still delivers his lectures in German is truly special. Many observers had the impression that Fioretos\u2019 literary multilingualism was definitely a stroke of luck for the Frankfurt Poetics Lectures.&nbsp;&nbsp;<\/p>\n\n\n\n<div style=\"height:20px\" aria-hidden=\"true\" class=\"wp-block-spacer\"><\/div>\n\n\n\n<p class=\"has-background\" style=\"background-color:#eeeeee\"><strong>Judith Schalansky<\/strong> will deliver the Frankfurt Poetics Lectures<br>in the 2025 summer semester. More information is available from https:\/\/tinygu.de\/LYdYe.<\/p>\n\n\n\n<p>&nbsp;&nbsp;&nbsp;&nbsp;&nbsp;<\/p>\n","protected":false},"excerpt":{"rendered":"<p>Review of the lectures delivered by writer and translator Aris Fioretos. This was a first at the Frankfurt Poetics Lectures: a writer who does not write his script in German, [&hellip;]<\/p>\n","protected":false},"author":4,"featured_media":80414,"comment_status":"closed","ping_status":"closed","sticky":false,"template":"","format":"standard","meta":{"_eb_attr":"","_price":"","_stock":"","_tribe_ticket_header":"","_tribe_default_ticket_provider":"","_ticket_start_date":"","_ticket_end_date":"","_tribe_ticket_show_description":"","_tribe_ticket_show_not_going":false,"_tribe_ticket_use_global_stock":"","_tribe_ticket_global_stock_level":"","_global_stock_mode":"","_global_stock_cap":"","_tribe_rsvp_for_event":"","_tribe_ticket_going_count":"","_tribe_ticket_not_going_count":"","_tribe_tickets_list":"[]","_tribe_ticket_has_attendee_info_fields":false,"footnotes":""},"categories":[126,260],"tags":[238,67,343],"post_folder":[],"class_list":["post-80540","post","type-post","status-publish","format-standard","has-post-thumbnail","hentry","category-english","category-events","tag-modern-languages","tag-poetikvorlesung","tag-unireport-4-24"],"yoast_head":"<!-- This site is optimized with the Yoast SEO plugin v27.5 - https:\/\/yoast.com\/product\/yoast-seo-wordpress\/ -->\n<title>Multilingual poetics lectures in German | Aktuelles aus der Goethe-Universit\u00e4t Frankfurt<\/title>\n<meta name=\"robots\" content=\"index, follow, max-snippet:-1, max-image-preview:large, max-video-preview:-1\" \/>\n<link rel=\"canonical\" href=\"https:\/\/aktuelles.uni-frankfurt.de\/en\/english\/multilingual-poetics-lectures-in-german\/\" \/>\n<meta property=\"og:locale\" content=\"en_GB\" \/>\n<meta property=\"og:type\" content=\"article\" \/>\n<meta property=\"og:title\" content=\"Multilingual poetics lectures in German | Aktuelles aus der Goethe-Universit\u00e4t Frankfurt\" \/>\n<meta property=\"og:description\" content=\"Review of the lectures delivered by writer and translator Aris Fioretos. This was a first at the Frankfurt Poetics Lectures: a writer who does not write his script in German, [&hellip;]\" \/>\n<meta property=\"og:url\" content=\"https:\/\/aktuelles.uni-frankfurt.de\/en\/english\/multilingual-poetics-lectures-in-german\/\" \/>\n<meta property=\"og:site_name\" content=\"Aktuelles aus der Goethe-Universit\u00e4t Frankfurt\" \/>\n<meta property=\"article:published_time\" content=\"2024-08-01T06:36:49+00:00\" \/>\n<meta property=\"article:modified_time\" content=\"2024-08-05T09:04:49+00:00\" \/>\n<meta property=\"og:image\" content=\"https:\/\/aktuelles.uni-frankfurt.de\/wp-content\/uploads\/2024\/07\/05_Poetikvorlesung_650x450px.jpg\" \/>\n\t<meta property=\"og:image:width\" content=\"650\" \/>\n\t<meta property=\"og:image:height\" content=\"450\" \/>\n\t<meta property=\"og:image:type\" content=\"image\/jpeg\" \/>\n<meta name=\"author\" content=\"Dr. Dirk Frank\" \/>\n<meta name=\"twitter:card\" content=\"summary_large_image\" \/>\n<meta name=\"twitter:label1\" content=\"Written by\" \/>\n\t<meta name=\"twitter:data1\" content=\"Dr. Dirk Frank\" \/>\n\t<meta name=\"twitter:label2\" content=\"Estimated reading time\" \/>\n\t<meta name=\"twitter:data2\" content=\"5 minutes\" \/>\n<script type=\"application\/ld+json\" class=\"yoast-schema-graph\">{\"@context\":\"https:\\\/\\\/schema.org\",\"@graph\":[{\"@type\":\"Article\",\"@id\":\"https:\\\/\\\/aktuelles.uni-frankfurt.de\\\/english\\\/multilingual-poetics-lectures-in-german\\\/#article\",\"isPartOf\":{\"@id\":\"https:\\\/\\\/aktuelles.uni-frankfurt.de\\\/english\\\/multilingual-poetics-lectures-in-german\\\/\"},\"author\":{\"name\":\"Dr. Dirk Frank\",\"@id\":\"https:\\\/\\\/aktuelles.uni-frankfurt.de\\\/#\\\/schema\\\/person\\\/370c4588b49f66f89d917e8bd01f72b0\"},\"headline\":\"Multilingual poetics lectures in German\",\"datePublished\":\"2024-08-01T06:36:49+00:00\",\"dateModified\":\"2024-08-05T09:04:49+00:00\",\"mainEntityOfPage\":{\"@id\":\"https:\\\/\\\/aktuelles.uni-frankfurt.de\\\/english\\\/multilingual-poetics-lectures-in-german\\\/\"},\"wordCount\":950,\"publisher\":{\"@id\":\"https:\\\/\\\/aktuelles.uni-frankfurt.de\\\/#organization\"},\"image\":{\"@id\":\"https:\\\/\\\/aktuelles.uni-frankfurt.de\\\/english\\\/multilingual-poetics-lectures-in-german\\\/#primaryimage\"},\"thumbnailUrl\":\"https:\\\/\\\/aktuelles.uni-frankfurt.de\\\/wp-content\\\/uploads\\\/2024\\\/07\\\/05_Poetikvorlesung_650x450px.jpg\",\"keywords\":[\"Modern Languages\",\"Poetikvorlesung\",\"UniReport 4.24\"],\"articleSection\":[\"English\",\"Events\"],\"inLanguage\":\"en-GB\"},{\"@type\":\"WebPage\",\"@id\":\"https:\\\/\\\/aktuelles.uni-frankfurt.de\\\/english\\\/multilingual-poetics-lectures-in-german\\\/\",\"url\":\"https:\\\/\\\/aktuelles.uni-frankfurt.de\\\/english\\\/multilingual-poetics-lectures-in-german\\\/\",\"name\":\"Multilingual poetics lectures in German | Aktuelles aus der Goethe-Universit\u00e4t Frankfurt\",\"isPartOf\":{\"@id\":\"https:\\\/\\\/aktuelles.uni-frankfurt.de\\\/#website\"},\"primaryImageOfPage\":{\"@id\":\"https:\\\/\\\/aktuelles.uni-frankfurt.de\\\/english\\\/multilingual-poetics-lectures-in-german\\\/#primaryimage\"},\"image\":{\"@id\":\"https:\\\/\\\/aktuelles.uni-frankfurt.de\\\/english\\\/multilingual-poetics-lectures-in-german\\\/#primaryimage\"},\"thumbnailUrl\":\"https:\\\/\\\/aktuelles.uni-frankfurt.de\\\/wp-content\\\/uploads\\\/2024\\\/07\\\/05_Poetikvorlesung_650x450px.jpg\",\"datePublished\":\"2024-08-01T06:36:49+00:00\",\"dateModified\":\"2024-08-05T09:04:49+00:00\",\"breadcrumb\":{\"@id\":\"https:\\\/\\\/aktuelles.uni-frankfurt.de\\\/english\\\/multilingual-poetics-lectures-in-german\\\/#breadcrumb\"},\"inLanguage\":\"en-GB\",\"potentialAction\":[{\"@type\":\"ReadAction\",\"target\":[\"https:\\\/\\\/aktuelles.uni-frankfurt.de\\\/english\\\/multilingual-poetics-lectures-in-german\\\/\"]}]},{\"@type\":\"ImageObject\",\"inLanguage\":\"en-GB\",\"@id\":\"https:\\\/\\\/aktuelles.uni-frankfurt.de\\\/english\\\/multilingual-poetics-lectures-in-german\\\/#primaryimage\",\"url\":\"https:\\\/\\\/aktuelles.uni-frankfurt.de\\\/wp-content\\\/uploads\\\/2024\\\/07\\\/05_Poetikvorlesung_650x450px.jpg\",\"contentUrl\":\"https:\\\/\\\/aktuelles.uni-frankfurt.de\\\/wp-content\\\/uploads\\\/2024\\\/07\\\/05_Poetikvorlesung_650x450px.jpg\",\"width\":650,\"height\":450},{\"@type\":\"BreadcrumbList\",\"@id\":\"https:\\\/\\\/aktuelles.uni-frankfurt.de\\\/english\\\/multilingual-poetics-lectures-in-german\\\/#breadcrumb\",\"itemListElement\":[{\"@type\":\"ListItem\",\"position\":1,\"name\":\"Startseite\",\"item\":\"https:\\\/\\\/aktuelles.uni-frankfurt.de\\\/\"},{\"@type\":\"ListItem\",\"position\":2,\"name\":\"Multilingual poetics lectures in German\"}]},{\"@type\":\"WebSite\",\"@id\":\"https:\\\/\\\/aktuelles.uni-frankfurt.de\\\/#website\",\"url\":\"https:\\\/\\\/aktuelles.uni-frankfurt.de\\\/\",\"name\":\"Aktuelles aus der Goethe-Universit\u00e4t Frankfurt\",\"description\":\"Aktuelles aus der Goethe-Universit\u00e4t | Neues aus Forschung, Lehre, Studium\",\"publisher\":{\"@id\":\"https:\\\/\\\/aktuelles.uni-frankfurt.de\\\/#organization\"},\"potentialAction\":[{\"@type\":\"SearchAction\",\"target\":{\"@type\":\"EntryPoint\",\"urlTemplate\":\"https:\\\/\\\/aktuelles.uni-frankfurt.de\\\/?s={search_term_string}\"},\"query-input\":{\"@type\":\"PropertyValueSpecification\",\"valueRequired\":true,\"valueName\":\"search_term_string\"}}],\"inLanguage\":\"en-GB\"},{\"@type\":\"Organization\",\"@id\":\"https:\\\/\\\/aktuelles.uni-frankfurt.de\\\/#organization\",\"name\":\"Goethe-Universit\u00e4t\",\"url\":\"https:\\\/\\\/aktuelles.uni-frankfurt.de\\\/\",\"logo\":{\"@type\":\"ImageObject\",\"inLanguage\":\"en-GB\",\"@id\":\"https:\\\/\\\/aktuelles.uni-frankfurt.de\\\/#\\\/schema\\\/logo\\\/image\\\/\",\"url\":\"https:\\\/\\\/aktuelles.uni-frankfurt.de\\\/wp-content\\\/uploads\\\/2022\\\/03\\\/800px-Goethe-Logo.png\",\"contentUrl\":\"https:\\\/\\\/aktuelles.uni-frankfurt.de\\\/wp-content\\\/uploads\\\/2022\\\/03\\\/800px-Goethe-Logo.png\",\"width\":800,\"height\":436,\"caption\":\"Goethe-Universit\u00e4t\"},\"image\":{\"@id\":\"https:\\\/\\\/aktuelles.uni-frankfurt.de\\\/#\\\/schema\\\/logo\\\/image\\\/\"}},{\"@type\":\"Person\",\"@id\":\"https:\\\/\\\/aktuelles.uni-frankfurt.de\\\/#\\\/schema\\\/person\\\/370c4588b49f66f89d917e8bd01f72b0\",\"name\":\"Dr. Dirk Frank\",\"description\":\"Dr. Dirk Frank, 49, ist seit 2012 Pressereferent an der Goethe-Universit\u00e4t. Der promovierte Literaturwissenschaftler ist stellvertretender Leiter der Abteilung Marketing und Kommunikation und f\u00fcr die Redaktion des UniReport zust\u00e4ndig.\",\"sameAs\":[\"http:\\\/\\\/aktuelles.uni-frankfurt.de\\\/\"],\"url\":\"https:\\\/\\\/aktuelles.uni-frankfurt.de\\\/en\\\/author\\\/dr-dirkfrank\\\/\"}]}<\/script>\n<!-- \/ Yoast SEO plugin. -->","yoast_head_json":{"title":"Multilingual poetics lectures in German | Aktuelles aus der Goethe-Universit\u00e4t Frankfurt","robots":{"index":"index","follow":"follow","max-snippet":"max-snippet:-1","max-image-preview":"max-image-preview:large","max-video-preview":"max-video-preview:-1"},"canonical":"https:\/\/aktuelles.uni-frankfurt.de\/en\/english\/multilingual-poetics-lectures-in-german\/","og_locale":"en_GB","og_type":"article","og_title":"Multilingual poetics lectures in German | Aktuelles aus der Goethe-Universit\u00e4t Frankfurt","og_description":"Review of the lectures delivered by writer and translator Aris Fioretos. This was a first at the Frankfurt Poetics Lectures: a writer who does not write his script in German, [&hellip;]","og_url":"https:\/\/aktuelles.uni-frankfurt.de\/en\/english\/multilingual-poetics-lectures-in-german\/","og_site_name":"Aktuelles aus der Goethe-Universit\u00e4t Frankfurt","article_published_time":"2024-08-01T06:36:49+00:00","article_modified_time":"2024-08-05T09:04:49+00:00","og_image":[{"width":650,"height":450,"url":"https:\/\/aktuelles.uni-frankfurt.de\/wp-content\/uploads\/2024\/07\/05_Poetikvorlesung_650x450px.jpg","type":"image\/jpeg"}],"author":"Dr. Dirk Frank","twitter_card":"summary_large_image","twitter_misc":{"Written by":"Dr. Dirk Frank","Estimated reading time":"5 minutes"},"schema":{"@context":"https:\/\/schema.org","@graph":[{"@type":"Article","@id":"https:\/\/aktuelles.uni-frankfurt.de\/english\/multilingual-poetics-lectures-in-german\/#article","isPartOf":{"@id":"https:\/\/aktuelles.uni-frankfurt.de\/english\/multilingual-poetics-lectures-in-german\/"},"author":{"name":"Dr. Dirk Frank","@id":"https:\/\/aktuelles.uni-frankfurt.de\/#\/schema\/person\/370c4588b49f66f89d917e8bd01f72b0"},"headline":"Multilingual poetics lectures in German","datePublished":"2024-08-01T06:36:49+00:00","dateModified":"2024-08-05T09:04:49+00:00","mainEntityOfPage":{"@id":"https:\/\/aktuelles.uni-frankfurt.de\/english\/multilingual-poetics-lectures-in-german\/"},"wordCount":950,"publisher":{"@id":"https:\/\/aktuelles.uni-frankfurt.de\/#organization"},"image":{"@id":"https:\/\/aktuelles.uni-frankfurt.de\/english\/multilingual-poetics-lectures-in-german\/#primaryimage"},"thumbnailUrl":"https:\/\/aktuelles.uni-frankfurt.de\/wp-content\/uploads\/2024\/07\/05_Poetikvorlesung_650x450px.jpg","keywords":["Modern Languages","Poetikvorlesung","UniReport 4.24"],"articleSection":["English","Events"],"inLanguage":"en-GB"},{"@type":"WebPage","@id":"https:\/\/aktuelles.uni-frankfurt.de\/english\/multilingual-poetics-lectures-in-german\/","url":"https:\/\/aktuelles.uni-frankfurt.de\/english\/multilingual-poetics-lectures-in-german\/","name":"Multilingual poetics lectures in German | Aktuelles aus der Goethe-Universit\u00e4t Frankfurt","isPartOf":{"@id":"https:\/\/aktuelles.uni-frankfurt.de\/#website"},"primaryImageOfPage":{"@id":"https:\/\/aktuelles.uni-frankfurt.de\/english\/multilingual-poetics-lectures-in-german\/#primaryimage"},"image":{"@id":"https:\/\/aktuelles.uni-frankfurt.de\/english\/multilingual-poetics-lectures-in-german\/#primaryimage"},"thumbnailUrl":"https:\/\/aktuelles.uni-frankfurt.de\/wp-content\/uploads\/2024\/07\/05_Poetikvorlesung_650x450px.jpg","datePublished":"2024-08-01T06:36:49+00:00","dateModified":"2024-08-05T09:04:49+00:00","breadcrumb":{"@id":"https:\/\/aktuelles.uni-frankfurt.de\/english\/multilingual-poetics-lectures-in-german\/#breadcrumb"},"inLanguage":"en-GB","potentialAction":[{"@type":"ReadAction","target":["https:\/\/aktuelles.uni-frankfurt.de\/english\/multilingual-poetics-lectures-in-german\/"]}]},{"@type":"ImageObject","inLanguage":"en-GB","@id":"https:\/\/aktuelles.uni-frankfurt.de\/english\/multilingual-poetics-lectures-in-german\/#primaryimage","url":"https:\/\/aktuelles.uni-frankfurt.de\/wp-content\/uploads\/2024\/07\/05_Poetikvorlesung_650x450px.jpg","contentUrl":"https:\/\/aktuelles.uni-frankfurt.de\/wp-content\/uploads\/2024\/07\/05_Poetikvorlesung_650x450px.jpg","width":650,"height":450},{"@type":"BreadcrumbList","@id":"https:\/\/aktuelles.uni-frankfurt.de\/english\/multilingual-poetics-lectures-in-german\/#breadcrumb","itemListElement":[{"@type":"ListItem","position":1,"name":"Startseite","item":"https:\/\/aktuelles.uni-frankfurt.de\/"},{"@type":"ListItem","position":2,"name":"Multilingual poetics lectures in German"}]},{"@type":"WebSite","@id":"https:\/\/aktuelles.uni-frankfurt.de\/#website","url":"https:\/\/aktuelles.uni-frankfurt.de\/","name":"Aktuelles aus der Goethe-Universit\u00e4t Frankfurt","description":"Aktuelles aus der Goethe-Universit\u00e4t | Neues aus Forschung, Lehre, Studium","publisher":{"@id":"https:\/\/aktuelles.uni-frankfurt.de\/#organization"},"potentialAction":[{"@type":"SearchAction","target":{"@type":"EntryPoint","urlTemplate":"https:\/\/aktuelles.uni-frankfurt.de\/?s={search_term_string}"},"query-input":{"@type":"PropertyValueSpecification","valueRequired":true,"valueName":"search_term_string"}}],"inLanguage":"en-GB"},{"@type":"Organization","@id":"https:\/\/aktuelles.uni-frankfurt.de\/#organization","name":"Goethe University Frankfurt","url":"https:\/\/aktuelles.uni-frankfurt.de\/","logo":{"@type":"ImageObject","inLanguage":"en-GB","@id":"https:\/\/aktuelles.uni-frankfurt.de\/#\/schema\/logo\/image\/","url":"https:\/\/aktuelles.uni-frankfurt.de\/wp-content\/uploads\/2022\/03\/800px-Goethe-Logo.png","contentUrl":"https:\/\/aktuelles.uni-frankfurt.de\/wp-content\/uploads\/2022\/03\/800px-Goethe-Logo.png","width":800,"height":436,"caption":"Goethe-Universit\u00e4t"},"image":{"@id":"https:\/\/aktuelles.uni-frankfurt.de\/#\/schema\/logo\/image\/"}},{"@type":"Person","@id":"https:\/\/aktuelles.uni-frankfurt.de\/#\/schema\/person\/370c4588b49f66f89d917e8bd01f72b0","name":"Dr. Dirk Frank","description":"Dr. Dirk Frank, 49, ist seit 2012 Pressereferent an der Goethe-Universit\u00e4t. Der promovierte Literaturwissenschaftler ist stellvertretender Leiter der Abteilung Marketing und Kommunikation und f\u00fcr die Redaktion des UniReport zust\u00e4ndig.","sameAs":["http:\/\/aktuelles.uni-frankfurt.de\/"],"url":"https:\/\/aktuelles.uni-frankfurt.de\/en\/author\/dr-dirkfrank\/"}]}},"_links":{"self":[{"href":"https:\/\/aktuelles.uni-frankfurt.de\/en\/wp-json\/wp\/v2\/posts\/80540","targetHints":{"allow":["GET"]}}],"collection":[{"href":"https:\/\/aktuelles.uni-frankfurt.de\/en\/wp-json\/wp\/v2\/posts"}],"about":[{"href":"https:\/\/aktuelles.uni-frankfurt.de\/en\/wp-json\/wp\/v2\/types\/post"}],"author":[{"embeddable":true,"href":"https:\/\/aktuelles.uni-frankfurt.de\/en\/wp-json\/wp\/v2\/users\/4"}],"replies":[{"embeddable":true,"href":"https:\/\/aktuelles.uni-frankfurt.de\/en\/wp-json\/wp\/v2\/comments?post=80540"}],"version-history":[{"count":0,"href":"https:\/\/aktuelles.uni-frankfurt.de\/en\/wp-json\/wp\/v2\/posts\/80540\/revisions"}],"wp:featuredmedia":[{"embeddable":true,"href":"https:\/\/aktuelles.uni-frankfurt.de\/en\/wp-json\/wp\/v2\/media\/80414"}],"wp:attachment":[{"href":"https:\/\/aktuelles.uni-frankfurt.de\/en\/wp-json\/wp\/v2\/media?parent=80540"}],"wp:term":[{"taxonomy":"category","embeddable":true,"href":"https:\/\/aktuelles.uni-frankfurt.de\/en\/wp-json\/wp\/v2\/categories?post=80540"},{"taxonomy":"post_tag","embeddable":true,"href":"https:\/\/aktuelles.uni-frankfurt.de\/en\/wp-json\/wp\/v2\/tags?post=80540"},{"taxonomy":"post_folder","embeddable":true,"href":"https:\/\/aktuelles.uni-frankfurt.de\/en\/wp-json\/wp\/v2\/post_folder?post=80540"}],"curies":[{"name":"wp","href":"https:\/\/api.w.org\/{rel}","templated":true}]}}