{"id":80768,"date":"2024-08-22T12:31:20","date_gmt":"2024-08-22T10:31:20","guid":{"rendered":"https:\/\/aktuelles.uni-frankfurt.de\/?p=80768"},"modified":"2024-08-27T08:47:43","modified_gmt":"2024-08-27T06:47:43","slug":"mehr-teilhabe-fuer-aeltere-erwachsene","status":"publish","type":"post","link":"https:\/\/aktuelles.uni-frankfurt.de\/en\/forschung\/mehr-teilhabe-fuer-aeltere-erwachsene\/","title":{"rendered":"Mehr Teilhabe f\u00fcr \u00e4ltere Erwachsene"},"content":{"rendered":"<p><strong>Goethe-Universit\u00e4t pr\u00e4sentiert partizipative Ans\u00e4tze in Forschung und Zusammenleben<\/strong><\/p>\n\n\n\n<div style=\"height:20px\" aria-hidden=\"true\" class=\"wp-block-spacer\"><\/div>\n\n\n\n<figure class=\"wp-block-image aligncenter size-full\"><img fetchpriority=\"high\" decoding=\"async\" width=\"1732\" height=\"1155\" src=\"https:\/\/aktuelles.uni-frankfurt.de\/wp-content\/uploads\/2024\/08\/PM_Seniorenteilhabe_1732x1155px.jpg\" alt=\"\" class=\"wp-image-80770\" srcset=\"https:\/\/aktuelles.uni-frankfurt.de\/wp-content\/uploads\/2024\/08\/PM_Seniorenteilhabe_1732x1155px.jpg 1732w, https:\/\/aktuelles.uni-frankfurt.de\/wp-content\/uploads\/2024\/08\/PM_Seniorenteilhabe_1732x1155px-300x200.jpg 300w, https:\/\/aktuelles.uni-frankfurt.de\/wp-content\/uploads\/2024\/08\/PM_Seniorenteilhabe_1732x1155px-500x333.jpg 500w, https:\/\/aktuelles.uni-frankfurt.de\/wp-content\/uploads\/2024\/08\/PM_Seniorenteilhabe_1732x1155px-768x512.jpg 768w, https:\/\/aktuelles.uni-frankfurt.de\/wp-content\/uploads\/2024\/08\/PM_Seniorenteilhabe_1732x1155px-1536x1024.jpg 1536w, https:\/\/aktuelles.uni-frankfurt.de\/wp-content\/uploads\/2024\/08\/PM_Seniorenteilhabe_1732x1155px-18x12.jpg 18w\" sizes=\"(max-width: 1732px) 100vw, 1732px\" \/><figcaption class=\"wp-element-caption\">Wie k\u00f6nnen sich \u00e4ltere Erwachsene aktiv in Forschung, Praxis und Politik einbringen? Darum geht es beim Knowledge Exchange Event am 6. September.<\/figcaption><\/figure>\n\n\n\n<div style=\"height:20px\" aria-hidden=\"true\" class=\"wp-block-spacer\"><\/div>\n\n\n\n<p>Viele \u00e4ltere Menschen in unserer Gesellschaft haben das Gef\u00fchl, dass ihre Stimmen nicht mehr richtig geh\u00f6rt werden, f\u00fchlen sich an den Rand gedr\u00e4ngt und unsichtbar. Dabei haben sie mit ihrer Lebenserfahrung und ihrem Wissen immens viel in die Gesellschaft einzubringen. Dieses Potenzial gilt es, zu erkennen und auszusch\u00f6pfen. Doch wie gelingt es, dass sich \u00e4ltere Menschen aktiver in Forschung, Praxis und Politik einbringen k\u00f6nnen? Wie k\u00f6nnen wir Barrieren zum aktiven Engagement abmildern, wie die Kommunikation zwischen den verschiedenen Beteiligten \u2013 Forschenden, Menschen aus Praxis und Politik und \u00e4lteren Menschen selbst \u2013 verbessern und damit zu einem guten Zusammenleben der Generationen beitragen? Um Fragen wie diese geht es beim internationalen \u201eKnowledge Exchange Event\u201c<\/p>\n\n\n\n<div style=\"height:20px\" aria-hidden=\"true\" class=\"wp-block-spacer\"><\/div>\n\n\n\n<p class=\"has-text-align-center\"><strong>am Freitag, 6. September, von 9:30 bis 15 Uhr<br>im PEG-Geb\u00e4ude, Raum 1.G 191<br>auf dem Campus Westend der Goethe-Universit\u00e4t.<\/strong><\/p>\n\n\n\n<div style=\"height:20px\" aria-hidden=\"true\" class=\"wp-block-spacer\"><\/div>\n\n\n\n<p>Bei der Veranstaltung werden partizipative Ans\u00e4tze mit \u00e4lteren Erwachsenen im Kontext von Forschung, Praxis und Politik vorgestellt. Insbesondere geht es um die drei Schl\u00fcsselbereiche \u201eKulturelle Benachteiligung \/ Alter(n) und Migration&#8220;, \u201eSoziale Inklusion \/ Altersarmut\u201c und \u201eAltersfreundliche St\u00e4dte und Gemeinden\u201c. Zentrale und aktuelle Probleme in jedem dieser Bereiche werden von eigens gebildeten Duos oder Trios aus Forschung, Praxis und Politik diskutiert und L\u00f6sungsans\u00e4tze von \u00e4lteren Erwachsenen selbst kommentiert.<\/p>\n\n\n\n<p>Die Veranstaltung findet im Rahmen der EU-finanzierten COST-Initiative PAAR-Net statt. COST (European Cooperation in Science &amp; Technology) f\u00f6rdert die Vernetzung von wissenschaftlichen und technologischen Forschungsaktivit\u00e4ten in Europa. PAAR-Net wurde 2023 gestartet und soll die Neugestaltung und Weiterentwicklung partizipativer Ans\u00e4tze mit \u00e4lteren Erwachsenen ab 65 Jahren voranbringen. Die Initiative zielt darauf ab, integrative soziale Innovationen zu f\u00f6rdern, indem das Wissen und die Erfahrungen \u00e4lterer Erwachsener, insbesondere derjenigen, die von sozialer Ausgrenzung bedroht sind, genutzt werden, um die komplexen Herausforderungen einer alternden Gesellschaft anzugehen. Als Netzwerkrahmen bringt es Wissenschaftler und Wissenschaftlerinnen sowie alte und junge Innovatoren aus ganz Europa und der ganzen Welt zusammen. Die Veranstaltung ist eingebettet in das zweite gr\u00f6\u00dfere Treffen der 2023 gestarteten Initiative PAARNet: <a href=\"https:\/\/paar-net.eu\/\">https:\/\/paar-net.eu\/<\/a>.<\/p>\n\n\n\n<p>Die Veranstaltung ist kostenlos und kann ohne vorherige Anmeldung besucht werden.<\/p>\n\n\n\n<div style=\"height:20px\" aria-hidden=\"true\" class=\"wp-block-spacer\"><\/div>\n\n\n\n<p class=\"has-text-align-center has-background\" style=\"background-color:#eeeeee\"><strong>Informationen<\/strong><br>Dr. Anna Wanka<br>Institut f\u00fcr Sozialp\u00e4dagogik und Erwachsenenbildung<br>Goethe University Frankfurt<br>Telefon: 069 798-36411<br>E-Mail: <a href=\"mailto:Wanka@em.uni-frankfurt.de\">Wanka@em.uni-frankfurt.de<\/a><br><br><a href=\"https:\/\/paar-net.eu\">https:\/\/paar-net.eu<\/a><\/p>","protected":false},"excerpt":{"rendered":"<p>Goethe-Universit\u00e4t pr\u00e4sentiert partizipative Ans\u00e4tze in Forschung und Zusammenleben Viele \u00e4ltere Menschen in unserer Gesellschaft haben das Gef\u00fchl, dass ihre Stimmen nicht mehr richtig geh\u00f6rt werden, f\u00fchlen sich an den Rand [&hellip;]<\/p>\n","protected":false},"author":5,"featured_media":80769,"comment_status":"closed","ping_status":"closed","sticky":false,"template":"","format":"standard","meta":{"_eb_attr":"","_price":"","_stock":"","_tribe_ticket_header":"","_tribe_default_ticket_provider":"","_ticket_start_date":"","_ticket_end_date":"","_tribe_ticket_show_description":"","_tribe_ticket_show_not_going":false,"_tribe_ticket_use_global_stock":"","_tribe_ticket_global_stock_level":"","_global_stock_mode":"","_global_stock_cap":"","_tribe_rsvp_for_event":"","_tribe_ticket_going_count":"","_tribe_ticket_not_going_count":"","_tribe_tickets_list":"[]","_tribe_ticket_has_attendee_info_fields":false,"footnotes":""},"categories":[3,4,6,12,91],"tags":[48,141,103,356],"post_folder":[],"class_list":["post-80768","post","type-post","status-publish","format-standard","has-post-thumbnail","hentry","category-forschung","category-gesellschaft","category-menschen","category-veranstaltungen","category-zticky","tag-gesellschaftswissenschaften","tag-inklusion","tag-sozialwissenschaften","tag-universitaet"],"yoast_head":"<!-- This site is optimized with the Yoast SEO plugin v27.5 - https:\/\/yoast.com\/product\/yoast-seo-wordpress\/ -->\n<title>Mehr Teilhabe f\u00fcr \u00e4ltere Erwachsene | Aktuelles aus der Goethe-Universit\u00e4t Frankfurt<\/title>\n<meta name=\"robots\" content=\"index, follow, max-snippet:-1, max-image-preview:large, max-video-preview:-1\" \/>\n<link rel=\"canonical\" href=\"https:\/\/aktuelles.uni-frankfurt.de\/en\/forschung\/mehr-teilhabe-fuer-aeltere-erwachsene\/\" \/>\n<meta property=\"og:locale\" content=\"en_GB\" \/>\n<meta property=\"og:type\" content=\"article\" \/>\n<meta property=\"og:title\" content=\"Mehr Teilhabe f\u00fcr \u00e4ltere Erwachsene | Aktuelles aus der Goethe-Universit\u00e4t Frankfurt\" \/>\n<meta property=\"og:description\" content=\"Goethe-Universit\u00e4t pr\u00e4sentiert partizipative Ans\u00e4tze in Forschung und Zusammenleben Viele \u00e4ltere Menschen in unserer Gesellschaft haben das Gef\u00fchl, dass ihre Stimmen nicht mehr richtig geh\u00f6rt werden, f\u00fchlen sich an den Rand [&hellip;]\" \/>\n<meta property=\"og:url\" content=\"https:\/\/aktuelles.uni-frankfurt.de\/en\/forschung\/mehr-teilhabe-fuer-aeltere-erwachsene\/\" \/>\n<meta property=\"og:site_name\" content=\"Aktuelles aus der Goethe-Universit\u00e4t Frankfurt\" \/>\n<meta property=\"article:published_time\" content=\"2024-08-22T10:31:20+00:00\" \/>\n<meta property=\"article:modified_time\" content=\"2024-08-27T06:47:43+00:00\" \/>\n<meta property=\"og:image\" content=\"https:\/\/aktuelles.uni-frankfurt.de\/wp-content\/uploads\/2024\/08\/PM_Seniorenteilhabe_650x450px.jpg\" \/>\n\t<meta property=\"og:image:width\" content=\"650\" \/>\n\t<meta property=\"og:image:height\" content=\"450\" \/>\n\t<meta property=\"og:image:type\" content=\"image\/jpeg\" \/>\n<meta name=\"author\" content=\"Dr. Anke Sauter\" \/>\n<meta name=\"twitter:card\" content=\"summary_large_image\" \/>\n<meta name=\"twitter:label1\" content=\"Written by\" \/>\n\t<meta name=\"twitter:data1\" content=\"Dr. Anke Sauter\" \/>\n\t<meta name=\"twitter:label2\" content=\"Estimated reading time\" \/>\n\t<meta name=\"twitter:data2\" content=\"2 minutes\" \/>\n<script type=\"application\/ld+json\" class=\"yoast-schema-graph\">{\"@context\":\"https:\\\/\\\/schema.org\",\"@graph\":[{\"@type\":\"Article\",\"@id\":\"https:\\\/\\\/aktuelles.uni-frankfurt.de\\\/forschung\\\/mehr-teilhabe-fuer-aeltere-erwachsene\\\/#article\",\"isPartOf\":{\"@id\":\"https:\\\/\\\/aktuelles.uni-frankfurt.de\\\/forschung\\\/mehr-teilhabe-fuer-aeltere-erwachsene\\\/\"},\"author\":{\"name\":\"Dr. Anke Sauter\",\"@id\":\"https:\\\/\\\/aktuelles.uni-frankfurt.de\\\/#\\\/schema\\\/person\\\/1b9eb6fa6c6aed90031661dd4e37970d\"},\"headline\":\"Mehr Teilhabe f\u00fcr \u00e4ltere Erwachsene\",\"datePublished\":\"2024-08-22T10:31:20+00:00\",\"dateModified\":\"2024-08-27T06:47:43+00:00\",\"mainEntityOfPage\":{\"@id\":\"https:\\\/\\\/aktuelles.uni-frankfurt.de\\\/forschung\\\/mehr-teilhabe-fuer-aeltere-erwachsene\\\/\"},\"wordCount\":396,\"publisher\":{\"@id\":\"https:\\\/\\\/aktuelles.uni-frankfurt.de\\\/#organization\"},\"image\":{\"@id\":\"https:\\\/\\\/aktuelles.uni-frankfurt.de\\\/forschung\\\/mehr-teilhabe-fuer-aeltere-erwachsene\\\/#primaryimage\"},\"thumbnailUrl\":\"https:\\\/\\\/aktuelles.uni-frankfurt.de\\\/wp-content\\\/uploads\\\/2024\\\/08\\\/PM_Seniorenteilhabe_650x450px.jpg\",\"keywords\":[\"Gesellschaftswissenschaften\",\"Inklusion\",\"Sozialwissenschaften\",\"Universit\u00e4t\"],\"articleSection\":[\"Forschung\",\"Gesellschaft\",\"Menschen\",\"Veranstaltungen\",\"Zticky\"],\"inLanguage\":\"en-GB\"},{\"@type\":\"WebPage\",\"@id\":\"https:\\\/\\\/aktuelles.uni-frankfurt.de\\\/forschung\\\/mehr-teilhabe-fuer-aeltere-erwachsene\\\/\",\"url\":\"https:\\\/\\\/aktuelles.uni-frankfurt.de\\\/forschung\\\/mehr-teilhabe-fuer-aeltere-erwachsene\\\/\",\"name\":\"Mehr Teilhabe f\u00fcr \u00e4ltere Erwachsene | Aktuelles aus der Goethe-Universit\u00e4t Frankfurt\",\"isPartOf\":{\"@id\":\"https:\\\/\\\/aktuelles.uni-frankfurt.de\\\/#website\"},\"primaryImageOfPage\":{\"@id\":\"https:\\\/\\\/aktuelles.uni-frankfurt.de\\\/forschung\\\/mehr-teilhabe-fuer-aeltere-erwachsene\\\/#primaryimage\"},\"image\":{\"@id\":\"https:\\\/\\\/aktuelles.uni-frankfurt.de\\\/forschung\\\/mehr-teilhabe-fuer-aeltere-erwachsene\\\/#primaryimage\"},\"thumbnailUrl\":\"https:\\\/\\\/aktuelles.uni-frankfurt.de\\\/wp-content\\\/uploads\\\/2024\\\/08\\\/PM_Seniorenteilhabe_650x450px.jpg\",\"datePublished\":\"2024-08-22T10:31:20+00:00\",\"dateModified\":\"2024-08-27T06:47:43+00:00\",\"breadcrumb\":{\"@id\":\"https:\\\/\\\/aktuelles.uni-frankfurt.de\\\/forschung\\\/mehr-teilhabe-fuer-aeltere-erwachsene\\\/#breadcrumb\"},\"inLanguage\":\"en-GB\",\"potentialAction\":[{\"@type\":\"ReadAction\",\"target\":[\"https:\\\/\\\/aktuelles.uni-frankfurt.de\\\/forschung\\\/mehr-teilhabe-fuer-aeltere-erwachsene\\\/\"]}]},{\"@type\":\"ImageObject\",\"inLanguage\":\"en-GB\",\"@id\":\"https:\\\/\\\/aktuelles.uni-frankfurt.de\\\/forschung\\\/mehr-teilhabe-fuer-aeltere-erwachsene\\\/#primaryimage\",\"url\":\"https:\\\/\\\/aktuelles.uni-frankfurt.de\\\/wp-content\\\/uploads\\\/2024\\\/08\\\/PM_Seniorenteilhabe_650x450px.jpg\",\"contentUrl\":\"https:\\\/\\\/aktuelles.uni-frankfurt.de\\\/wp-content\\\/uploads\\\/2024\\\/08\\\/PM_Seniorenteilhabe_650x450px.jpg\",\"width\":650,\"height\":450},{\"@type\":\"BreadcrumbList\",\"@id\":\"https:\\\/\\\/aktuelles.uni-frankfurt.de\\\/forschung\\\/mehr-teilhabe-fuer-aeltere-erwachsene\\\/#breadcrumb\",\"itemListElement\":[{\"@type\":\"ListItem\",\"position\":1,\"name\":\"Startseite\",\"item\":\"https:\\\/\\\/aktuelles.uni-frankfurt.de\\\/\"},{\"@type\":\"ListItem\",\"position\":2,\"name\":\"Mehr Teilhabe f\u00fcr \u00e4ltere Erwachsene\"}]},{\"@type\":\"WebSite\",\"@id\":\"https:\\\/\\\/aktuelles.uni-frankfurt.de\\\/#website\",\"url\":\"https:\\\/\\\/aktuelles.uni-frankfurt.de\\\/\",\"name\":\"Aktuelles aus der Goethe-Universit\u00e4t Frankfurt\",\"description\":\"Aktuelles aus der Goethe-Universit\u00e4t | Neues aus Forschung, Lehre, Studium\",\"publisher\":{\"@id\":\"https:\\\/\\\/aktuelles.uni-frankfurt.de\\\/#organization\"},\"potentialAction\":[{\"@type\":\"SearchAction\",\"target\":{\"@type\":\"EntryPoint\",\"urlTemplate\":\"https:\\\/\\\/aktuelles.uni-frankfurt.de\\\/?s={search_term_string}\"},\"query-input\":{\"@type\":\"PropertyValueSpecification\",\"valueRequired\":true,\"valueName\":\"search_term_string\"}}],\"inLanguage\":\"en-GB\"},{\"@type\":\"Organization\",\"@id\":\"https:\\\/\\\/aktuelles.uni-frankfurt.de\\\/#organization\",\"name\":\"Goethe-Universit\u00e4t\",\"url\":\"https:\\\/\\\/aktuelles.uni-frankfurt.de\\\/\",\"logo\":{\"@type\":\"ImageObject\",\"inLanguage\":\"en-GB\",\"@id\":\"https:\\\/\\\/aktuelles.uni-frankfurt.de\\\/#\\\/schema\\\/logo\\\/image\\\/\",\"url\":\"https:\\\/\\\/aktuelles.uni-frankfurt.de\\\/wp-content\\\/uploads\\\/2022\\\/03\\\/800px-Goethe-Logo.png\",\"contentUrl\":\"https:\\\/\\\/aktuelles.uni-frankfurt.de\\\/wp-content\\\/uploads\\\/2022\\\/03\\\/800px-Goethe-Logo.png\",\"width\":800,\"height\":436,\"caption\":\"Goethe-Universit\u00e4t\"},\"image\":{\"@id\":\"https:\\\/\\\/aktuelles.uni-frankfurt.de\\\/#\\\/schema\\\/logo\\\/image\\\/\"}},{\"@type\":\"Person\",\"@id\":\"https:\\\/\\\/aktuelles.uni-frankfurt.de\\\/#\\\/schema\\\/person\\\/1b9eb6fa6c6aed90031661dd4e37970d\",\"name\":\"Dr. Anke Sauter\",\"description\":\"Dr. Anke Sauter hat in Bamberg Germanistik, Journalistik und Geografie studiert, mit einer Dissertation \u00fcber den Sprachlehrer und Fremdwortpuristen Eduard Engel wurde sie promoviert. Sie arbeitet als Wissenschaftsredakteurin in der Abteilung Marketing und Kommunikation der Goethe-Universit\u00e4t.\",\"sameAs\":[\"http:\\\/\\\/aktuelles.uni-frankfurt.de\\\/\"],\"url\":\"https:\\\/\\\/aktuelles.uni-frankfurt.de\\\/en\\\/author\\\/dr-ankesauter\\\/\"}]}<\/script>\n<!-- \/ Yoast SEO plugin. -->","yoast_head_json":{"title":"Mehr Teilhabe f\u00fcr \u00e4ltere Erwachsene | Aktuelles aus der Goethe-Universit\u00e4t Frankfurt","robots":{"index":"index","follow":"follow","max-snippet":"max-snippet:-1","max-image-preview":"max-image-preview:large","max-video-preview":"max-video-preview:-1"},"canonical":"https:\/\/aktuelles.uni-frankfurt.de\/en\/forschung\/mehr-teilhabe-fuer-aeltere-erwachsene\/","og_locale":"en_GB","og_type":"article","og_title":"Mehr Teilhabe f\u00fcr \u00e4ltere Erwachsene | Aktuelles aus der Goethe-Universit\u00e4t Frankfurt","og_description":"Goethe-Universit\u00e4t pr\u00e4sentiert partizipative Ans\u00e4tze in Forschung und Zusammenleben Viele \u00e4ltere Menschen in unserer Gesellschaft haben das Gef\u00fchl, dass ihre Stimmen nicht mehr richtig geh\u00f6rt werden, f\u00fchlen sich an den Rand [&hellip;]","og_url":"https:\/\/aktuelles.uni-frankfurt.de\/en\/forschung\/mehr-teilhabe-fuer-aeltere-erwachsene\/","og_site_name":"Aktuelles aus der Goethe-Universit\u00e4t Frankfurt","article_published_time":"2024-08-22T10:31:20+00:00","article_modified_time":"2024-08-27T06:47:43+00:00","og_image":[{"width":650,"height":450,"url":"https:\/\/aktuelles.uni-frankfurt.de\/wp-content\/uploads\/2024\/08\/PM_Seniorenteilhabe_650x450px.jpg","type":"image\/jpeg"}],"author":"Dr. Anke Sauter","twitter_card":"summary_large_image","twitter_misc":{"Written by":"Dr. Anke Sauter","Estimated reading time":"2 minutes"},"schema":{"@context":"https:\/\/schema.org","@graph":[{"@type":"Article","@id":"https:\/\/aktuelles.uni-frankfurt.de\/forschung\/mehr-teilhabe-fuer-aeltere-erwachsene\/#article","isPartOf":{"@id":"https:\/\/aktuelles.uni-frankfurt.de\/forschung\/mehr-teilhabe-fuer-aeltere-erwachsene\/"},"author":{"name":"Dr. Anke Sauter","@id":"https:\/\/aktuelles.uni-frankfurt.de\/#\/schema\/person\/1b9eb6fa6c6aed90031661dd4e37970d"},"headline":"Mehr Teilhabe f\u00fcr \u00e4ltere Erwachsene","datePublished":"2024-08-22T10:31:20+00:00","dateModified":"2024-08-27T06:47:43+00:00","mainEntityOfPage":{"@id":"https:\/\/aktuelles.uni-frankfurt.de\/forschung\/mehr-teilhabe-fuer-aeltere-erwachsene\/"},"wordCount":396,"publisher":{"@id":"https:\/\/aktuelles.uni-frankfurt.de\/#organization"},"image":{"@id":"https:\/\/aktuelles.uni-frankfurt.de\/forschung\/mehr-teilhabe-fuer-aeltere-erwachsene\/#primaryimage"},"thumbnailUrl":"https:\/\/aktuelles.uni-frankfurt.de\/wp-content\/uploads\/2024\/08\/PM_Seniorenteilhabe_650x450px.jpg","keywords":["Gesellschaftswissenschaften","Inklusion","Sozialwissenschaften","Universit\u00e4t"],"articleSection":["Forschung","Gesellschaft","Menschen","Veranstaltungen","Zticky"],"inLanguage":"en-GB"},{"@type":"WebPage","@id":"https:\/\/aktuelles.uni-frankfurt.de\/forschung\/mehr-teilhabe-fuer-aeltere-erwachsene\/","url":"https:\/\/aktuelles.uni-frankfurt.de\/forschung\/mehr-teilhabe-fuer-aeltere-erwachsene\/","name":"Mehr Teilhabe f\u00fcr \u00e4ltere Erwachsene | Aktuelles aus der Goethe-Universit\u00e4t Frankfurt","isPartOf":{"@id":"https:\/\/aktuelles.uni-frankfurt.de\/#website"},"primaryImageOfPage":{"@id":"https:\/\/aktuelles.uni-frankfurt.de\/forschung\/mehr-teilhabe-fuer-aeltere-erwachsene\/#primaryimage"},"image":{"@id":"https:\/\/aktuelles.uni-frankfurt.de\/forschung\/mehr-teilhabe-fuer-aeltere-erwachsene\/#primaryimage"},"thumbnailUrl":"https:\/\/aktuelles.uni-frankfurt.de\/wp-content\/uploads\/2024\/08\/PM_Seniorenteilhabe_650x450px.jpg","datePublished":"2024-08-22T10:31:20+00:00","dateModified":"2024-08-27T06:47:43+00:00","breadcrumb":{"@id":"https:\/\/aktuelles.uni-frankfurt.de\/forschung\/mehr-teilhabe-fuer-aeltere-erwachsene\/#breadcrumb"},"inLanguage":"en-GB","potentialAction":[{"@type":"ReadAction","target":["https:\/\/aktuelles.uni-frankfurt.de\/forschung\/mehr-teilhabe-fuer-aeltere-erwachsene\/"]}]},{"@type":"ImageObject","inLanguage":"en-GB","@id":"https:\/\/aktuelles.uni-frankfurt.de\/forschung\/mehr-teilhabe-fuer-aeltere-erwachsene\/#primaryimage","url":"https:\/\/aktuelles.uni-frankfurt.de\/wp-content\/uploads\/2024\/08\/PM_Seniorenteilhabe_650x450px.jpg","contentUrl":"https:\/\/aktuelles.uni-frankfurt.de\/wp-content\/uploads\/2024\/08\/PM_Seniorenteilhabe_650x450px.jpg","width":650,"height":450},{"@type":"BreadcrumbList","@id":"https:\/\/aktuelles.uni-frankfurt.de\/forschung\/mehr-teilhabe-fuer-aeltere-erwachsene\/#breadcrumb","itemListElement":[{"@type":"ListItem","position":1,"name":"Startseite","item":"https:\/\/aktuelles.uni-frankfurt.de\/"},{"@type":"ListItem","position":2,"name":"Mehr Teilhabe f\u00fcr \u00e4ltere Erwachsene"}]},{"@type":"WebSite","@id":"https:\/\/aktuelles.uni-frankfurt.de\/#website","url":"https:\/\/aktuelles.uni-frankfurt.de\/","name":"Aktuelles aus der Goethe-Universit\u00e4t Frankfurt","description":"Aktuelles aus der Goethe-Universit\u00e4t | Neues aus Forschung, Lehre, Studium","publisher":{"@id":"https:\/\/aktuelles.uni-frankfurt.de\/#organization"},"potentialAction":[{"@type":"SearchAction","target":{"@type":"EntryPoint","urlTemplate":"https:\/\/aktuelles.uni-frankfurt.de\/?s={search_term_string}"},"query-input":{"@type":"PropertyValueSpecification","valueRequired":true,"valueName":"search_term_string"}}],"inLanguage":"en-GB"},{"@type":"Organization","@id":"https:\/\/aktuelles.uni-frankfurt.de\/#organization","name":"Goethe University Frankfurt","url":"https:\/\/aktuelles.uni-frankfurt.de\/","logo":{"@type":"ImageObject","inLanguage":"en-GB","@id":"https:\/\/aktuelles.uni-frankfurt.de\/#\/schema\/logo\/image\/","url":"https:\/\/aktuelles.uni-frankfurt.de\/wp-content\/uploads\/2022\/03\/800px-Goethe-Logo.png","contentUrl":"https:\/\/aktuelles.uni-frankfurt.de\/wp-content\/uploads\/2022\/03\/800px-Goethe-Logo.png","width":800,"height":436,"caption":"Goethe-Universit\u00e4t"},"image":{"@id":"https:\/\/aktuelles.uni-frankfurt.de\/#\/schema\/logo\/image\/"}},{"@type":"Person","@id":"https:\/\/aktuelles.uni-frankfurt.de\/#\/schema\/person\/1b9eb6fa6c6aed90031661dd4e37970d","name":"Dr. Anke Sauter","description":"Dr. Anke Sauter hat in Bamberg Germanistik, Journalistik und Geografie studiert, mit einer Dissertation \u00fcber den Sprachlehrer und Fremdwortpuristen Eduard Engel wurde sie promoviert. Sie arbeitet als Wissenschaftsredakteurin in der Abteilung Marketing und Kommunikation der Goethe-Universit\u00e4t.","sameAs":["http:\/\/aktuelles.uni-frankfurt.de\/"],"url":"https:\/\/aktuelles.uni-frankfurt.de\/en\/author\/dr-ankesauter\/"}]}},"_links":{"self":[{"href":"https:\/\/aktuelles.uni-frankfurt.de\/en\/wp-json\/wp\/v2\/posts\/80768","targetHints":{"allow":["GET"]}}],"collection":[{"href":"https:\/\/aktuelles.uni-frankfurt.de\/en\/wp-json\/wp\/v2\/posts"}],"about":[{"href":"https:\/\/aktuelles.uni-frankfurt.de\/en\/wp-json\/wp\/v2\/types\/post"}],"author":[{"embeddable":true,"href":"https:\/\/aktuelles.uni-frankfurt.de\/en\/wp-json\/wp\/v2\/users\/5"}],"replies":[{"embeddable":true,"href":"https:\/\/aktuelles.uni-frankfurt.de\/en\/wp-json\/wp\/v2\/comments?post=80768"}],"version-history":[{"count":0,"href":"https:\/\/aktuelles.uni-frankfurt.de\/en\/wp-json\/wp\/v2\/posts\/80768\/revisions"}],"wp:featuredmedia":[{"embeddable":true,"href":"https:\/\/aktuelles.uni-frankfurt.de\/en\/wp-json\/wp\/v2\/media\/80769"}],"wp:attachment":[{"href":"https:\/\/aktuelles.uni-frankfurt.de\/en\/wp-json\/wp\/v2\/media?parent=80768"}],"wp:term":[{"taxonomy":"category","embeddable":true,"href":"https:\/\/aktuelles.uni-frankfurt.de\/en\/wp-json\/wp\/v2\/categories?post=80768"},{"taxonomy":"post_tag","embeddable":true,"href":"https:\/\/aktuelles.uni-frankfurt.de\/en\/wp-json\/wp\/v2\/tags?post=80768"},{"taxonomy":"post_folder","embeddable":true,"href":"https:\/\/aktuelles.uni-frankfurt.de\/en\/wp-json\/wp\/v2\/post_folder?post=80768"}],"curies":[{"name":"wp","href":"https:\/\/api.w.org\/{rel}","templated":true}]}}