{"id":80797,"date":"2024-08-27T11:15:15","date_gmt":"2024-08-27T09:15:15","guid":{"rendered":"https:\/\/aktuelles.uni-frankfurt.de\/?p=80797"},"modified":"2024-08-27T11:18:06","modified_gmt":"2024-08-27T09:18:06","slug":"endlich-schluesselindustrie-und-nun","status":"publish","type":"post","link":"https:\/\/aktuelles.uni-frankfurt.de\/en\/forschung\/endlich-schluesselindustrie-und-nun\/","title":{"rendered":"Endlich Schl\u00fcsselindustrie \u2013 und nun?"},"content":{"rendered":"<p><strong>13. Jahrestagung des House of Pharma and Healthcare diskutiert Inhalte und Umsetzung der Pharmastrategie der Bundesregierung<\/strong><\/p>\n\n\n\n<div style=\"height:20px\" aria-hidden=\"true\" class=\"wp-block-spacer\"><\/div>\n\n\n\n<figure class=\"wp-block-image aligncenter size-full\"><img fetchpriority=\"high\" decoding=\"async\" width=\"1258\" height=\"772\" src=\"https:\/\/aktuelles.uni-frankfurt.de\/wp-content\/uploads\/2024\/08\/13Jahrestagung_house-of-pharma_2024.png\" alt=\"\" class=\"wp-image-80795\" srcset=\"https:\/\/aktuelles.uni-frankfurt.de\/wp-content\/uploads\/2024\/08\/13Jahrestagung_house-of-pharma_2024.png 1258w, https:\/\/aktuelles.uni-frankfurt.de\/wp-content\/uploads\/2024\/08\/13Jahrestagung_house-of-pharma_2024-300x184.png 300w, https:\/\/aktuelles.uni-frankfurt.de\/wp-content\/uploads\/2024\/08\/13Jahrestagung_house-of-pharma_2024-500x307.png 500w, https:\/\/aktuelles.uni-frankfurt.de\/wp-content\/uploads\/2024\/08\/13Jahrestagung_house-of-pharma_2024-768x471.png 768w, https:\/\/aktuelles.uni-frankfurt.de\/wp-content\/uploads\/2024\/08\/13Jahrestagung_house-of-pharma_2024-18x12.png 18w\" sizes=\"(max-width: 1258px) 100vw, 1258px\" \/><\/figure>\n\n\n\n<div style=\"height:20px\" aria-hidden=\"true\" class=\"wp-block-spacer\"><\/div>\n\n\n\n<p>\u201eDie pharmazeutische Industrie ist ein Schl\u00fcsselsektor und eine Leitindustrie der deutschen Volkswirtschaft. Eine langfristig starke pharmazeutische Industrie ist f\u00fcr die Gesundheitsversorgung und den Wirtschaftsstandort von gro\u00dfer Bedeutung.\u201c Diese S\u00e4tze entstammen keiner Branchen-PR, sondern der im Dezember 2023 verabschiedeten Pharmastrategie der Bundesregierung. Endlich erf\u00e4hrt die pharmazeutische Industrie also auf h\u00f6chster politischer Ebene die Anerkennung, die ihr jahrzehntelang versagt wurde. Dass es der Politik damit ernst ist, zeigen beispielsweise das Gesundheitsdatennutzungs- und das Medizinforschungsgesetz. <\/p>\n\n\n\n<p>Werden diese Regelwerke medizinische Innovation in und aus Deutschland befl\u00fcgeln? K\u00f6nnen sie wie versprochen verkrustete Prozesse beschleunigen, digitalisieren und entb\u00fcrokratisieren? Reichen sie aus, um dem Pharma-Standort den Schwung zu geben, den er braucht, um wieder Weltspitze zu werden? Welche Rolle kommt dabei der Biotechnologie zu? Solche Fragen stehen im Mittelpunkt der diesj\u00e4hrigen Jahrestagung, zu der wir Sie herzlich einladen.<\/p>\n\n\n\n<p><strong>13. Jahrestagung House of Pharma &amp; Healthcare<\/strong><br><strong>Wann?<\/strong> Montag, 2. September, 17.30 Uhr, und Dienstag, 3. September, 9 bis 17 Uhr<br><strong>Wo?<\/strong> Casino, Campus Westend, Goethe-Universit\u00e4t Frankfurt am Main<br><strong>Programm und Anmeldung:<\/strong> <a href=\"https:\/\/studiozx.de\/events\/13-house-of-pharma\/\">https:\/\/studiozx.de\/events\/13-house-of-pharma\/<\/a><\/p>\n\n\n\n<p>Mit dem traditionellen Vorabendempfang auf Einladung der Hessischen Landesregierung beginnt die Jahrestagung am 2. September. Die Europachefin des internationalen Future Today Institute stellt dabei unter dem Stichwort \u201ePharma 2034\u201c Zukunftsszenarien vor. <\/p>\n\n\n\n<p>Der Konferenztag am 3. September startet in Anwesenheit des Hessischen Wirtschaftsministers Kaweh Mansoori mit einer Keynote von Abteilungsleiter Thomas M\u00fcller aus dem Bundesgesundheitsministerium \u00fcber den \u201eneuen Rahmen f\u00fcr Arzneimittel\u201c. Zwei namhaft besetzte Podiumsdiskussionen thematisieren einerseits die Digitalisierung des deutschen Gesundheitssystems, andererseits optimale Wege zur Umsetzung der Pharmastrategie. \u00dcber die Podiumsdiskussionen, Einzelgespr\u00e4che und Keynotes hinaus bietet die Jahrestagung wieder zwei Sessions mit parallelen Workshops an, die von Sponsoren aus der Wirtschaft ausgerichtet werden.<\/p>\n\n\n\n<div style=\"height:20px\" aria-hidden=\"true\" class=\"wp-block-spacer\"><\/div>\n\n\n\n<p class=\"has-text-align-center has-background\" style=\"background-color:#eeeeee\">Joachim Pietzsch<br>Pressestelle des House of Pharma &amp; Healthcare e.V.<br>Tel. 069 36007188<br><a href=\"mailto:presse@houseofpharma.de\">presse@houseofpharma.de<\/a><\/p>","protected":false},"excerpt":{"rendered":"<p>13. Jahrestagung des House of Pharma and Healthcare diskutiert Inhalte und Umsetzung der Pharmastrategie der Bundesregierung \u201eDie pharmazeutische Industrie ist ein Schl\u00fcsselsektor und eine Leitindustrie der deutschen Volkswirtschaft. Eine langfristig [&hellip;]<\/p>\n","protected":false},"author":8,"featured_media":80799,"comment_status":"closed","ping_status":"closed","sticky":false,"template":"","format":"standard","meta":{"_eb_attr":"","_price":"","_stock":"","_tribe_ticket_header":"","_tribe_default_ticket_provider":"","_ticket_start_date":"","_ticket_end_date":"","_tribe_ticket_show_description":"","_tribe_ticket_show_not_going":false,"_tribe_ticket_use_global_stock":"","_tribe_ticket_global_stock_level":"","_global_stock_mode":"","_global_stock_cap":"","_tribe_rsvp_for_event":"","_tribe_ticket_going_count":"","_tribe_ticket_not_going_count":"","_tribe_tickets_list":"[]","_tribe_ticket_has_attendee_info_fields":false,"footnotes":""},"categories":[3,4,12,91],"tags":[49,63],"post_folder":[],"class_list":["post-80797","post","type-post","status-publish","format-standard","has-post-thumbnail","hentry","category-forschung","category-gesellschaft","category-veranstaltungen","category-zticky","tag-medizin","tag-pharmazie"],"yoast_head":"<!-- This site is optimized with the Yoast SEO plugin v27.5 - https:\/\/yoast.com\/product\/yoast-seo-wordpress\/ -->\n<title>Endlich Schl\u00fcsselindustrie \u2013 und nun? | Aktuelles aus der Goethe-Universit\u00e4t Frankfurt<\/title>\n<meta name=\"robots\" content=\"index, follow, max-snippet:-1, max-image-preview:large, max-video-preview:-1\" \/>\n<link rel=\"canonical\" href=\"https:\/\/aktuelles.uni-frankfurt.de\/en\/forschung\/endlich-schluesselindustrie-und-nun\/\" \/>\n<meta property=\"og:locale\" content=\"en_GB\" \/>\n<meta property=\"og:type\" content=\"article\" \/>\n<meta property=\"og:title\" content=\"Endlich Schl\u00fcsselindustrie \u2013 und nun? | Aktuelles aus der Goethe-Universit\u00e4t Frankfurt\" \/>\n<meta property=\"og:description\" content=\"13. Jahrestagung des House of Pharma and Healthcare diskutiert Inhalte und Umsetzung der Pharmastrategie der Bundesregierung \u201eDie pharmazeutische Industrie ist ein Schl\u00fcsselsektor und eine Leitindustrie der deutschen Volkswirtschaft. Eine langfristig [&hellip;]\" \/>\n<meta property=\"og:url\" content=\"https:\/\/aktuelles.uni-frankfurt.de\/en\/forschung\/endlich-schluesselindustrie-und-nun\/\" \/>\n<meta property=\"og:site_name\" content=\"Aktuelles aus der Goethe-Universit\u00e4t Frankfurt\" \/>\n<meta property=\"article:published_time\" content=\"2024-08-27T09:15:15+00:00\" \/>\n<meta property=\"article:modified_time\" content=\"2024-08-27T09:18:06+00:00\" \/>\n<meta property=\"og:image\" content=\"https:\/\/aktuelles.uni-frankfurt.de\/wp-content\/uploads\/2024\/08\/13Jahrestagung_house-of-pharma_2024_650x450px-1.jpg\" \/>\n\t<meta property=\"og:image:width\" content=\"650\" \/>\n\t<meta property=\"og:image:height\" content=\"450\" \/>\n\t<meta property=\"og:image:type\" content=\"image\/jpeg\" \/>\n<meta name=\"author\" content=\"-\" \/>\n<meta name=\"twitter:card\" content=\"summary_large_image\" \/>\n<meta name=\"twitter:label1\" content=\"Written by\" \/>\n\t<meta name=\"twitter:data1\" content=\"-\" \/>\n\t<meta name=\"twitter:label2\" content=\"Estimated reading time\" \/>\n\t<meta name=\"twitter:data2\" content=\"2 minutes\" \/>\n<script type=\"application\/ld+json\" class=\"yoast-schema-graph\">{\"@context\":\"https:\\\/\\\/schema.org\",\"@graph\":[{\"@type\":\"Article\",\"@id\":\"https:\\\/\\\/aktuelles.uni-frankfurt.de\\\/forschung\\\/endlich-schluesselindustrie-und-nun\\\/#article\",\"isPartOf\":{\"@id\":\"https:\\\/\\\/aktuelles.uni-frankfurt.de\\\/forschung\\\/endlich-schluesselindustrie-und-nun\\\/\"},\"author\":{\"name\":\"-\",\"@id\":\"https:\\\/\\\/aktuelles.uni-frankfurt.de\\\/#\\\/schema\\\/person\\\/8e55ea338fb65d1ce87a91565d1f1739\"},\"headline\":\"Endlich Schl\u00fcsselindustrie \u2013 und nun?\",\"datePublished\":\"2024-08-27T09:15:15+00:00\",\"dateModified\":\"2024-08-27T09:18:06+00:00\",\"mainEntityOfPage\":{\"@id\":\"https:\\\/\\\/aktuelles.uni-frankfurt.de\\\/forschung\\\/endlich-schluesselindustrie-und-nun\\\/\"},\"wordCount\":309,\"publisher\":{\"@id\":\"https:\\\/\\\/aktuelles.uni-frankfurt.de\\\/#organization\"},\"image\":{\"@id\":\"https:\\\/\\\/aktuelles.uni-frankfurt.de\\\/forschung\\\/endlich-schluesselindustrie-und-nun\\\/#primaryimage\"},\"thumbnailUrl\":\"https:\\\/\\\/aktuelles.uni-frankfurt.de\\\/wp-content\\\/uploads\\\/2024\\\/08\\\/13Jahrestagung_house-of-pharma_2024_650x450px-1.jpg\",\"keywords\":[\"Medizin\",\"Pharmazie\"],\"articleSection\":[\"Forschung\",\"Gesellschaft\",\"Veranstaltungen\",\"Zticky\"],\"inLanguage\":\"en-GB\"},{\"@type\":\"WebPage\",\"@id\":\"https:\\\/\\\/aktuelles.uni-frankfurt.de\\\/forschung\\\/endlich-schluesselindustrie-und-nun\\\/\",\"url\":\"https:\\\/\\\/aktuelles.uni-frankfurt.de\\\/forschung\\\/endlich-schluesselindustrie-und-nun\\\/\",\"name\":\"Endlich Schl\u00fcsselindustrie \u2013 und nun? | Aktuelles aus der Goethe-Universit\u00e4t Frankfurt\",\"isPartOf\":{\"@id\":\"https:\\\/\\\/aktuelles.uni-frankfurt.de\\\/#website\"},\"primaryImageOfPage\":{\"@id\":\"https:\\\/\\\/aktuelles.uni-frankfurt.de\\\/forschung\\\/endlich-schluesselindustrie-und-nun\\\/#primaryimage\"},\"image\":{\"@id\":\"https:\\\/\\\/aktuelles.uni-frankfurt.de\\\/forschung\\\/endlich-schluesselindustrie-und-nun\\\/#primaryimage\"},\"thumbnailUrl\":\"https:\\\/\\\/aktuelles.uni-frankfurt.de\\\/wp-content\\\/uploads\\\/2024\\\/08\\\/13Jahrestagung_house-of-pharma_2024_650x450px-1.jpg\",\"datePublished\":\"2024-08-27T09:15:15+00:00\",\"dateModified\":\"2024-08-27T09:18:06+00:00\",\"breadcrumb\":{\"@id\":\"https:\\\/\\\/aktuelles.uni-frankfurt.de\\\/forschung\\\/endlich-schluesselindustrie-und-nun\\\/#breadcrumb\"},\"inLanguage\":\"en-GB\",\"potentialAction\":[{\"@type\":\"ReadAction\",\"target\":[\"https:\\\/\\\/aktuelles.uni-frankfurt.de\\\/forschung\\\/endlich-schluesselindustrie-und-nun\\\/\"]}]},{\"@type\":\"ImageObject\",\"inLanguage\":\"en-GB\",\"@id\":\"https:\\\/\\\/aktuelles.uni-frankfurt.de\\\/forschung\\\/endlich-schluesselindustrie-und-nun\\\/#primaryimage\",\"url\":\"https:\\\/\\\/aktuelles.uni-frankfurt.de\\\/wp-content\\\/uploads\\\/2024\\\/08\\\/13Jahrestagung_house-of-pharma_2024_650x450px-1.jpg\",\"contentUrl\":\"https:\\\/\\\/aktuelles.uni-frankfurt.de\\\/wp-content\\\/uploads\\\/2024\\\/08\\\/13Jahrestagung_house-of-pharma_2024_650x450px-1.jpg\",\"width\":650,\"height\":450},{\"@type\":\"BreadcrumbList\",\"@id\":\"https:\\\/\\\/aktuelles.uni-frankfurt.de\\\/forschung\\\/endlich-schluesselindustrie-und-nun\\\/#breadcrumb\",\"itemListElement\":[{\"@type\":\"ListItem\",\"position\":1,\"name\":\"Startseite\",\"item\":\"https:\\\/\\\/aktuelles.uni-frankfurt.de\\\/\"},{\"@type\":\"ListItem\",\"position\":2,\"name\":\"Endlich Schl\u00fcsselindustrie \u2013 und nun?\"}]},{\"@type\":\"WebSite\",\"@id\":\"https:\\\/\\\/aktuelles.uni-frankfurt.de\\\/#website\",\"url\":\"https:\\\/\\\/aktuelles.uni-frankfurt.de\\\/\",\"name\":\"Aktuelles aus der Goethe-Universit\u00e4t Frankfurt\",\"description\":\"Aktuelles aus der Goethe-Universit\u00e4t | Neues aus Forschung, Lehre, Studium\",\"publisher\":{\"@id\":\"https:\\\/\\\/aktuelles.uni-frankfurt.de\\\/#organization\"},\"potentialAction\":[{\"@type\":\"SearchAction\",\"target\":{\"@type\":\"EntryPoint\",\"urlTemplate\":\"https:\\\/\\\/aktuelles.uni-frankfurt.de\\\/?s={search_term_string}\"},\"query-input\":{\"@type\":\"PropertyValueSpecification\",\"valueRequired\":true,\"valueName\":\"search_term_string\"}}],\"inLanguage\":\"en-GB\"},{\"@type\":\"Organization\",\"@id\":\"https:\\\/\\\/aktuelles.uni-frankfurt.de\\\/#organization\",\"name\":\"Goethe-Universit\u00e4t\",\"url\":\"https:\\\/\\\/aktuelles.uni-frankfurt.de\\\/\",\"logo\":{\"@type\":\"ImageObject\",\"inLanguage\":\"en-GB\",\"@id\":\"https:\\\/\\\/aktuelles.uni-frankfurt.de\\\/#\\\/schema\\\/logo\\\/image\\\/\",\"url\":\"https:\\\/\\\/aktuelles.uni-frankfurt.de\\\/wp-content\\\/uploads\\\/2022\\\/03\\\/800px-Goethe-Logo.png\",\"contentUrl\":\"https:\\\/\\\/aktuelles.uni-frankfurt.de\\\/wp-content\\\/uploads\\\/2022\\\/03\\\/800px-Goethe-Logo.png\",\"width\":800,\"height\":436,\"caption\":\"Goethe-Universit\u00e4t\"},\"image\":{\"@id\":\"https:\\\/\\\/aktuelles.uni-frankfurt.de\\\/#\\\/schema\\\/logo\\\/image\\\/\"}},{\"@type\":\"Person\",\"@id\":\"https:\\\/\\\/aktuelles.uni-frankfurt.de\\\/#\\\/schema\\\/person\\\/8e55ea338fb65d1ce87a91565d1f1739\",\"name\":\"-\",\"description\":\"Dieser Beitrag wurde von der Online-Redaktion ver\u00f6ffentlicht. Wenn der Beitrag von einem Gastautoren verfasst wurde, findet sich dieser Hinweis am Ende des jeweiligen Artikels.\",\"sameAs\":[\"http:\\\/\\\/aktuelles.uni-frankfurt.de\\\/autoren\"],\"url\":\"https:\\\/\\\/aktuelles.uni-frankfurt.de\\\/en\\\/author\\\/redaktion\\\/\"}]}<\/script>\n<!-- \/ Yoast SEO plugin. -->","yoast_head_json":{"title":"Endlich Schl\u00fcsselindustrie \u2013 und nun? | Aktuelles aus der Goethe-Universit\u00e4t Frankfurt","robots":{"index":"index","follow":"follow","max-snippet":"max-snippet:-1","max-image-preview":"max-image-preview:large","max-video-preview":"max-video-preview:-1"},"canonical":"https:\/\/aktuelles.uni-frankfurt.de\/en\/forschung\/endlich-schluesselindustrie-und-nun\/","og_locale":"en_GB","og_type":"article","og_title":"Endlich Schl\u00fcsselindustrie \u2013 und nun? | Aktuelles aus der Goethe-Universit\u00e4t Frankfurt","og_description":"13. Jahrestagung des House of Pharma and Healthcare diskutiert Inhalte und Umsetzung der Pharmastrategie der Bundesregierung \u201eDie pharmazeutische Industrie ist ein Schl\u00fcsselsektor und eine Leitindustrie der deutschen Volkswirtschaft. Eine langfristig [&hellip;]","og_url":"https:\/\/aktuelles.uni-frankfurt.de\/en\/forschung\/endlich-schluesselindustrie-und-nun\/","og_site_name":"Aktuelles aus der Goethe-Universit\u00e4t Frankfurt","article_published_time":"2024-08-27T09:15:15+00:00","article_modified_time":"2024-08-27T09:18:06+00:00","og_image":[{"width":650,"height":450,"url":"https:\/\/aktuelles.uni-frankfurt.de\/wp-content\/uploads\/2024\/08\/13Jahrestagung_house-of-pharma_2024_650x450px-1.jpg","type":"image\/jpeg"}],"author":"-","twitter_card":"summary_large_image","twitter_misc":{"Written by":"-","Estimated reading time":"2 minutes"},"schema":{"@context":"https:\/\/schema.org","@graph":[{"@type":"Article","@id":"https:\/\/aktuelles.uni-frankfurt.de\/forschung\/endlich-schluesselindustrie-und-nun\/#article","isPartOf":{"@id":"https:\/\/aktuelles.uni-frankfurt.de\/forschung\/endlich-schluesselindustrie-und-nun\/"},"author":{"name":"-","@id":"https:\/\/aktuelles.uni-frankfurt.de\/#\/schema\/person\/8e55ea338fb65d1ce87a91565d1f1739"},"headline":"Endlich Schl\u00fcsselindustrie \u2013 und nun?","datePublished":"2024-08-27T09:15:15+00:00","dateModified":"2024-08-27T09:18:06+00:00","mainEntityOfPage":{"@id":"https:\/\/aktuelles.uni-frankfurt.de\/forschung\/endlich-schluesselindustrie-und-nun\/"},"wordCount":309,"publisher":{"@id":"https:\/\/aktuelles.uni-frankfurt.de\/#organization"},"image":{"@id":"https:\/\/aktuelles.uni-frankfurt.de\/forschung\/endlich-schluesselindustrie-und-nun\/#primaryimage"},"thumbnailUrl":"https:\/\/aktuelles.uni-frankfurt.de\/wp-content\/uploads\/2024\/08\/13Jahrestagung_house-of-pharma_2024_650x450px-1.jpg","keywords":["Medizin","Pharmazie"],"articleSection":["Forschung","Gesellschaft","Veranstaltungen","Zticky"],"inLanguage":"en-GB"},{"@type":"WebPage","@id":"https:\/\/aktuelles.uni-frankfurt.de\/forschung\/endlich-schluesselindustrie-und-nun\/","url":"https:\/\/aktuelles.uni-frankfurt.de\/forschung\/endlich-schluesselindustrie-und-nun\/","name":"Endlich Schl\u00fcsselindustrie \u2013 und nun? | Aktuelles aus der Goethe-Universit\u00e4t Frankfurt","isPartOf":{"@id":"https:\/\/aktuelles.uni-frankfurt.de\/#website"},"primaryImageOfPage":{"@id":"https:\/\/aktuelles.uni-frankfurt.de\/forschung\/endlich-schluesselindustrie-und-nun\/#primaryimage"},"image":{"@id":"https:\/\/aktuelles.uni-frankfurt.de\/forschung\/endlich-schluesselindustrie-und-nun\/#primaryimage"},"thumbnailUrl":"https:\/\/aktuelles.uni-frankfurt.de\/wp-content\/uploads\/2024\/08\/13Jahrestagung_house-of-pharma_2024_650x450px-1.jpg","datePublished":"2024-08-27T09:15:15+00:00","dateModified":"2024-08-27T09:18:06+00:00","breadcrumb":{"@id":"https:\/\/aktuelles.uni-frankfurt.de\/forschung\/endlich-schluesselindustrie-und-nun\/#breadcrumb"},"inLanguage":"en-GB","potentialAction":[{"@type":"ReadAction","target":["https:\/\/aktuelles.uni-frankfurt.de\/forschung\/endlich-schluesselindustrie-und-nun\/"]}]},{"@type":"ImageObject","inLanguage":"en-GB","@id":"https:\/\/aktuelles.uni-frankfurt.de\/forschung\/endlich-schluesselindustrie-und-nun\/#primaryimage","url":"https:\/\/aktuelles.uni-frankfurt.de\/wp-content\/uploads\/2024\/08\/13Jahrestagung_house-of-pharma_2024_650x450px-1.jpg","contentUrl":"https:\/\/aktuelles.uni-frankfurt.de\/wp-content\/uploads\/2024\/08\/13Jahrestagung_house-of-pharma_2024_650x450px-1.jpg","width":650,"height":450},{"@type":"BreadcrumbList","@id":"https:\/\/aktuelles.uni-frankfurt.de\/forschung\/endlich-schluesselindustrie-und-nun\/#breadcrumb","itemListElement":[{"@type":"ListItem","position":1,"name":"Startseite","item":"https:\/\/aktuelles.uni-frankfurt.de\/"},{"@type":"ListItem","position":2,"name":"Endlich Schl\u00fcsselindustrie \u2013 und nun?"}]},{"@type":"WebSite","@id":"https:\/\/aktuelles.uni-frankfurt.de\/#website","url":"https:\/\/aktuelles.uni-frankfurt.de\/","name":"Aktuelles aus der Goethe-Universit\u00e4t Frankfurt","description":"Aktuelles aus der Goethe-Universit\u00e4t | Neues aus Forschung, Lehre, Studium","publisher":{"@id":"https:\/\/aktuelles.uni-frankfurt.de\/#organization"},"potentialAction":[{"@type":"SearchAction","target":{"@type":"EntryPoint","urlTemplate":"https:\/\/aktuelles.uni-frankfurt.de\/?s={search_term_string}"},"query-input":{"@type":"PropertyValueSpecification","valueRequired":true,"valueName":"search_term_string"}}],"inLanguage":"en-GB"},{"@type":"Organization","@id":"https:\/\/aktuelles.uni-frankfurt.de\/#organization","name":"Goethe University Frankfurt","url":"https:\/\/aktuelles.uni-frankfurt.de\/","logo":{"@type":"ImageObject","inLanguage":"en-GB","@id":"https:\/\/aktuelles.uni-frankfurt.de\/#\/schema\/logo\/image\/","url":"https:\/\/aktuelles.uni-frankfurt.de\/wp-content\/uploads\/2022\/03\/800px-Goethe-Logo.png","contentUrl":"https:\/\/aktuelles.uni-frankfurt.de\/wp-content\/uploads\/2022\/03\/800px-Goethe-Logo.png","width":800,"height":436,"caption":"Goethe-Universit\u00e4t"},"image":{"@id":"https:\/\/aktuelles.uni-frankfurt.de\/#\/schema\/logo\/image\/"}},{"@type":"Person","@id":"https:\/\/aktuelles.uni-frankfurt.de\/#\/schema\/person\/8e55ea338fb65d1ce87a91565d1f1739","name":"-","description":"Dieser Beitrag wurde von der Online-Redaktion ver\u00f6ffentlicht. Wenn der Beitrag von einem Gastautoren verfasst wurde, findet sich dieser Hinweis am Ende des jeweiligen Artikels.","sameAs":["http:\/\/aktuelles.uni-frankfurt.de\/autoren"],"url":"https:\/\/aktuelles.uni-frankfurt.de\/en\/author\/redaktion\/"}]}},"_links":{"self":[{"href":"https:\/\/aktuelles.uni-frankfurt.de\/en\/wp-json\/wp\/v2\/posts\/80797","targetHints":{"allow":["GET"]}}],"collection":[{"href":"https:\/\/aktuelles.uni-frankfurt.de\/en\/wp-json\/wp\/v2\/posts"}],"about":[{"href":"https:\/\/aktuelles.uni-frankfurt.de\/en\/wp-json\/wp\/v2\/types\/post"}],"author":[{"embeddable":true,"href":"https:\/\/aktuelles.uni-frankfurt.de\/en\/wp-json\/wp\/v2\/users\/8"}],"replies":[{"embeddable":true,"href":"https:\/\/aktuelles.uni-frankfurt.de\/en\/wp-json\/wp\/v2\/comments?post=80797"}],"version-history":[{"count":0,"href":"https:\/\/aktuelles.uni-frankfurt.de\/en\/wp-json\/wp\/v2\/posts\/80797\/revisions"}],"wp:featuredmedia":[{"embeddable":true,"href":"https:\/\/aktuelles.uni-frankfurt.de\/en\/wp-json\/wp\/v2\/media\/80799"}],"wp:attachment":[{"href":"https:\/\/aktuelles.uni-frankfurt.de\/en\/wp-json\/wp\/v2\/media?parent=80797"}],"wp:term":[{"taxonomy":"category","embeddable":true,"href":"https:\/\/aktuelles.uni-frankfurt.de\/en\/wp-json\/wp\/v2\/categories?post=80797"},{"taxonomy":"post_tag","embeddable":true,"href":"https:\/\/aktuelles.uni-frankfurt.de\/en\/wp-json\/wp\/v2\/tags?post=80797"},{"taxonomy":"post_folder","embeddable":true,"href":"https:\/\/aktuelles.uni-frankfurt.de\/en\/wp-json\/wp\/v2\/post_folder?post=80797"}],"curies":[{"name":"wp","href":"https:\/\/api.w.org\/{rel}","templated":true}]}}