{"id":80833,"date":"2024-09-04T13:35:42","date_gmt":"2024-09-04T11:35:42","guid":{"rendered":"https:\/\/aktuelles.uni-frankfurt.de\/?p=80833"},"modified":"2024-09-04T13:42:32","modified_gmt":"2024-09-04T11:42:32","slug":"post-covid-syndrom-bmbf-gefoerderte-medikamentenstudie-startet","status":"publish","type":"post","link":"https:\/\/aktuelles.uni-frankfurt.de\/en\/forschung\/post-covid-syndrom-bmbf-gefoerderte-medikamentenstudie-startet\/","title":{"rendered":"Post-COVID-Syndrom: BMBF-gef\u00f6rderte Medikamentenstudie startet"},"content":{"rendered":"<p><em>Linderung der Langzeitfolgen einer SARS-CoV-2-Infektion<\/em><\/p>\n\n\n\n<p><strong>Unter Leitung der Infektiologie des Universit\u00e4tsklinikum Frankfurt nimmt eine innovative Studie zur Behandlung des Post-COVID-Syndroms (PCS) ihre Arbeit auf. Das vom Bundesministerium f\u00fcr Bildung und Forschung finanzierte Forschungsprojekt untersucht neue Wege zur Linderung der Langzeitfolgen von COVID-19, wie M\u00fcdigkeit und kognitive Beeintr\u00e4chtigungen. Der erste Patient wurde in dieser Woche in die Studie eingeschlossen.<\/strong><\/p>\n\n\n\n<div style=\"height:20px\" aria-hidden=\"true\" class=\"wp-block-spacer\"><\/div>\n\n\n\n<figure class=\"wp-block-image aligncenter size-full\"><img fetchpriority=\"high\" decoding=\"async\" width=\"650\" height=\"450\" src=\"https:\/\/aktuelles.uni-frankfurt.de\/wp-content\/uploads\/2024\/09\/PM_PostCovid_650x450px.jpg\" alt=\"\" class=\"wp-image-80834\" srcset=\"https:\/\/aktuelles.uni-frankfurt.de\/wp-content\/uploads\/2024\/09\/PM_PostCovid_650x450px.jpg 650w, https:\/\/aktuelles.uni-frankfurt.de\/wp-content\/uploads\/2024\/09\/PM_PostCovid_650x450px-300x208.jpg 300w, https:\/\/aktuelles.uni-frankfurt.de\/wp-content\/uploads\/2024\/09\/PM_PostCovid_650x450px-500x346.jpg 500w, https:\/\/aktuelles.uni-frankfurt.de\/wp-content\/uploads\/2024\/09\/PM_PostCovid_650x450px-18x12.jpg 18w\" sizes=\"(max-width: 650px) 100vw, 650px\" \/><\/figure>\n\n\n\n<div style=\"height:20px\" aria-hidden=\"true\" class=\"wp-block-spacer\"><\/div>\n\n\n\n<p>\u201eNach wie vor besteht ein dringender Bedarf f\u00fcr die Behandlung des Post-COVID-Syndroms und der damit verbundenen Symptome\u201c, erkl\u00e4rt Prof. Dr. Maria Vehreschild, Leiterin der Studie und Leiterin des Schwerpunkts Infektiologie am Universit\u00e4tsklinikum Frankfurt. \u201eWir freuen uns deshalb, mit RAPID_REVIVE die erste adaptive \u2013 also anpassungsf\u00e4hige \u2013 klinische Studie im Rahmen des Netzwerks Universit\u00e4tsmedizin durchzuf\u00fchren.\u201c Das Netzwerk Universit\u00e4tsmedizin (NUM) wurde 2020 als Teil des Krisenmanagements gegen die COVID-19-Pandemie gegr\u00fcndet, um die klinische COVID-19-Forschung der Universit\u00e4tsklinika zu koordinieren.<\/p>\n\n\n\n<p>RAPID_REVIVE (Randomized Adaptive Assessment of Post COVID Syndrome Treatments_Reducing Inflammatory Activity in Patients with Post COVID Syndrome) ist eine adaptive, randomisierte, placebokontrollierte und doppelblinde Studie der klinischen Phase 2 unter Sponsorschaft der Goethe Universit\u00e4t und finanziert durch das Bundesministerium f\u00fcr Bildung und Forschung (BMBF) im Rahmen des Netzwerks Universit\u00e4tsmedizin. Die strukturellen Voraussetzungen f\u00fcr den Studienstart wurden im Rahmen des NUM-Projekts \u201eNAPKON Therapeutische Interventionsplattform\u201c (NAPKON-TIP) geschaffen. Insgesamt sollen 376 Patientinnen und Patienten an elf verschiedenen NAPKON-Standorten in die Studie eingeschlossen werden.<\/p>\n\n\n\n<div style=\"height:20px\" aria-hidden=\"true\" class=\"wp-block-spacer\"><\/div>\n\n\n\n<h2 class=\"wp-block-heading\">Das Post-COVID-Syndrom<\/h2>\n\n\n\n<p>Laut Sch\u00e4tzungen der Weltgesundheitsorganisation (WHO) erholen sich die meisten Menschen, die an COVID-19 erkrankt sind, vollst\u00e4ndig. Eine Untergruppe der Betroffenen leidet jedoch nach einer durchlebten Infektion unter Langzeitfolgen, dem sogenannten Post-COVID-Syndrom (PCS). Von einem PCS spricht man, wenn mindestens drei Monate nach dem Auftreten von COVID-19 Symptome bestehen, diese mindestens zwei Monate andauern und nicht durch eine andere Diagnose erkl\u00e4rt werden k\u00f6nnen. Die Symptome sind vielf\u00e4ltig, h\u00e4ufig leiden PCS-Betroffene jedoch an ausgepr\u00e4gter M\u00fcdigkeit (Fatigue), Kurzatmigkeit sowie kognitiven Beeintr\u00e4chtigungen.<\/p>\n\n\n\n<p>Im Rahmen von RAPID_REVIVE wird die Ver\u00e4nderung der k\u00f6rperlichen Funktionen der Teilnehmenden untersucht, die mithilfe von Frageb\u00f6gen und Tests zu unterschiedlichen Zeitpunkten erfasst wird. Dar\u00fcber hinaus betrachtet die Studie die allgemeine geistige und k\u00f6rperliche Gesundheit, M\u00fcdigkeit, kognitive Funktionen, den Schweregrad psychischer Beeintr\u00e4chtigungen, Atemnot sowie die k\u00f6rperliche Belastbarkeit der Betroffenen. Die Studie zielt zudem darauf ab, prognostische Biomarker zu identifizieren, die Aufschluss \u00fcber den individuellen Verlauf der PCS-Erkrankung geben. Dies soll es erm\u00f6glichen, eine auf die einzelnen Patientinnen und Patienten abgestimmte Behandlungsstrategie zu w\u00e4hlen.<\/p>\n\n\n\n<div style=\"height:20px\" aria-hidden=\"true\" class=\"wp-block-spacer\"><\/div>\n\n\n\n<h2 class=\"wp-block-heading\">Vielversprechender Kandidat: Medikament Vidofludimus Calcium wird getestet<\/h2>\n\n\n\n<p>Die Teilnehmerinnen und Teilnehmer erhalten entweder das Medikament Vidofludimus Calcium (IMU-838) oder ein Placebo. Wer welches Pr\u00e4parat bekommt, entscheidet das Zufallsprinzip (verblindete 1:1 Randomisierung). Sobald 150 Patientinnen und Patienten aufgenommen sind, wird die Zuteilung je nach Zwischenauswertungen der Studie angepasst. Vidofludimus Calcium ist ein neues Medikament, das den neuroprotektiven Transkriptionsfaktor Nurr1 aktiviert, ein neuartiges Zielmolek\u00fcl bei neurodegenerativen Erkrankungen. Zudem hemmt das Medikament ein Enzym namens DHODH und blockiert dadurch die Herstellung von Pyrimidinen, die Zellen vor allem f\u00fcr die RNA-Synthese ben\u00f6tigen. Es wirkt besonders auf hochaktivierte Immunzellen und virusinfizierte Zellen, die einen hohen Bedarf an Pyrimidinen haben. Vidofludimus Calcium hilft auch bei chronischen Entz\u00fcndungs- und Autoimmunkrankheiten, indem es \u00fcberschie\u00dfende Entz\u00fcndungen reduziert und Virusinfektion und -reaktivierung verhindert.<br>In einer fr\u00fcheren Studie mit COVID-19-Patientinnen und -Patienten zeigte Vidofludimus Calcium vielversprechende Ergebnisse: Patienten, die Vidofludimus Calcium erhielten, erholten sich schneller und litten weniger unter Langzeitm\u00fcdigkeit im Vergleich zu denjenigen, die ein Placebo erhielten. Die Behandlung war gut vertr\u00e4glich und verursachte kaum Nebenwirkungen. Vidofludimus Calcium k\u00f6nnte somit nicht nur bei der akuten Behandlung von COVID-19 helfen, sondern auch langfristige Symptome lindern.<\/p>\n\n\n\n<p>\u201eWir hoffen, dass die RAPID_REVIVE-Studie einen bedeutenden Fortschritt in der Behandlung des Post-COVID-Syndroms darstellt. Die erfolgreiche Umsetzung innerhalb der NAPKON-TIP-Strukturen soll es erm\u00f6glichen, dass diese Plattform als etablierte Struktur dem NUM und externen Parteien f\u00fcr zuk\u00fcnftige adaptive Studien zur Verf\u00fcgung steht. Dadurch k\u00f6nnen wir flexibel auf neue Erkenntnisse reagieren und die bestm\u00f6gliche Versorgung der Patientinnen und Patienten sicherstellen\u201c, so Prof. Dr. Maria Vehreschild. \u201eWir sind gespannt auf die Ergebnisse dieser wegweisenden Studie und deren potenziellen Einfluss auf zuk\u00fcnftige therapeutische Ans\u00e4tze.\u201c<\/p>\n\n\n\n<div style=\"height:20px\" aria-hidden=\"true\" class=\"wp-block-spacer\"><\/div>\n\n\n\n<h2 class=\"wp-block-heading\">Links<\/h2>\n\n\n\n<p>Webseite der Studie beim Netzwerks Universit\u00e4tsmedizin:<br><a href=\"https:\/\/www.netzwerk-universitaetsmedizin.de\/projekte\/napkon-tip\/studie-rapid-revive\">https:\/\/www.netzwerk-universitaetsmedizin.de\/projekte\/napkon-tip\/studie-rapid-revive<\/a><\/p>\n\n\n\n<p>Mehr zum Netzwerks Universit\u00e4tsmedizin:<br><a href=\"https:\/\/www.netzwerk-universitaetsmedizin.de\/\">https:\/\/www.netzwerk-universitaetsmedizin.de\/<\/a><\/p>\n\n\n\n<p>Informationen der Weltgesundheitsorganisation WHO zu Post-COVID:<br><a href=\"https:\/\/www.who.int\/europe\/news-room\/fact-sheets\/item\/post-covid-19-condition\">https:\/\/www.who.int\/europe\/news-room\/fact-sheets\/item\/post-covid-19-condition<\/a><\/p>\n\n\n\n<div style=\"height:20px\" aria-hidden=\"true\" class=\"wp-block-spacer\"><\/div>\n\n\n\n<p class=\"has-text-align-center has-background\" style=\"background-color:#eeeeee\"><strong>F\u00fcr weitere Informationen:<\/strong><br>Prof. Dr. Maria Vehreschild | Medizinische Klinik 2 | Leitung des Schwerpunkts Infektiologie | Universit\u00e4tsklinikum Frankfurt | Telefon: +49 69 63 01 \u2013 66 08 | E-Mail: <a href=\"mailto:maria.vehreschild@ukffm.de\">maria.vehreschild@ukffm.de<\/a><\/p>","protected":false},"excerpt":{"rendered":"<p>Linderung der Langzeitfolgen einer SARS-CoV-2-Infektion Unter Leitung der Infektiologie des Universit\u00e4tsklinikum Frankfurt nimmt eine innovative Studie zur Behandlung des Post-COVID-Syndroms (PCS) ihre Arbeit auf. Das vom Bundesministerium f\u00fcr Bildung und [&hellip;]<\/p>\n","protected":false},"author":8,"featured_media":80834,"comment_status":"closed","ping_status":"closed","sticky":false,"template":"","format":"standard","meta":{"_eb_attr":"","_price":"","_stock":"","_tribe_ticket_header":"","_tribe_default_ticket_provider":"","_ticket_start_date":"","_ticket_end_date":"","_tribe_ticket_show_description":"","_tribe_ticket_show_not_going":false,"_tribe_ticket_use_global_stock":"","_tribe_ticket_global_stock_level":"","_global_stock_mode":"","_global_stock_cap":"","_tribe_rsvp_for_event":"","_tribe_ticket_going_count":"","_tribe_ticket_not_going_count":"","_tribe_tickets_list":"[]","_tribe_ticket_has_attendee_info_fields":false,"footnotes":""},"categories":[3,4,91],"tags":[160,49],"post_folder":[],"class_list":["post-80833","post","type-post","status-publish","format-standard","has-post-thumbnail","hentry","category-forschung","category-gesellschaft","category-zticky","tag-corona","tag-medizin"],"yoast_head":"<!-- This site is optimized with the Yoast SEO plugin v27.5 - https:\/\/yoast.com\/product\/yoast-seo-wordpress\/ -->\n<title>Post-COVID-Syndrom: BMBF-gef\u00f6rderte Medikamentenstudie startet | Aktuelles aus der Goethe-Universit\u00e4t Frankfurt<\/title>\n<meta name=\"robots\" content=\"index, follow, max-snippet:-1, max-image-preview:large, max-video-preview:-1\" \/>\n<link rel=\"canonical\" href=\"https:\/\/aktuelles.uni-frankfurt.de\/en\/forschung\/post-covid-syndrom-bmbf-gefoerderte-medikamentenstudie-startet\/\" \/>\n<meta property=\"og:locale\" content=\"en_GB\" \/>\n<meta property=\"og:type\" content=\"article\" \/>\n<meta property=\"og:title\" content=\"Post-COVID-Syndrom: BMBF-gef\u00f6rderte Medikamentenstudie startet | Aktuelles aus der Goethe-Universit\u00e4t Frankfurt\" \/>\n<meta property=\"og:description\" content=\"Linderung der Langzeitfolgen einer SARS-CoV-2-Infektion Unter Leitung der Infektiologie des Universit\u00e4tsklinikum Frankfurt nimmt eine innovative Studie zur Behandlung des Post-COVID-Syndroms (PCS) ihre Arbeit auf. Das vom Bundesministerium f\u00fcr Bildung und [&hellip;]\" \/>\n<meta property=\"og:url\" content=\"https:\/\/aktuelles.uni-frankfurt.de\/en\/forschung\/post-covid-syndrom-bmbf-gefoerderte-medikamentenstudie-startet\/\" \/>\n<meta property=\"og:site_name\" content=\"Aktuelles aus der Goethe-Universit\u00e4t Frankfurt\" \/>\n<meta property=\"article:published_time\" content=\"2024-09-04T11:35:42+00:00\" \/>\n<meta property=\"article:modified_time\" content=\"2024-09-04T11:42:32+00:00\" \/>\n<meta property=\"og:image\" content=\"https:\/\/aktuelles.uni-frankfurt.de\/wp-content\/uploads\/2024\/09\/PM_PostCovid_650x450px.jpg\" \/>\n\t<meta property=\"og:image:width\" content=\"650\" \/>\n\t<meta property=\"og:image:height\" content=\"450\" \/>\n\t<meta property=\"og:image:type\" content=\"image\/jpeg\" \/>\n<meta name=\"author\" content=\"-\" \/>\n<meta name=\"twitter:card\" content=\"summary_large_image\" \/>\n<meta name=\"twitter:label1\" content=\"Written by\" \/>\n\t<meta name=\"twitter:data1\" content=\"-\" \/>\n\t<meta name=\"twitter:label2\" content=\"Estimated reading time\" \/>\n\t<meta name=\"twitter:data2\" content=\"4 minutes\" \/>\n<script type=\"application\/ld+json\" class=\"yoast-schema-graph\">{\"@context\":\"https:\\\/\\\/schema.org\",\"@graph\":[{\"@type\":\"Article\",\"@id\":\"https:\\\/\\\/aktuelles.uni-frankfurt.de\\\/forschung\\\/post-covid-syndrom-bmbf-gefoerderte-medikamentenstudie-startet\\\/#article\",\"isPartOf\":{\"@id\":\"https:\\\/\\\/aktuelles.uni-frankfurt.de\\\/forschung\\\/post-covid-syndrom-bmbf-gefoerderte-medikamentenstudie-startet\\\/\"},\"author\":{\"name\":\"-\",\"@id\":\"https:\\\/\\\/aktuelles.uni-frankfurt.de\\\/#\\\/schema\\\/person\\\/8e55ea338fb65d1ce87a91565d1f1739\"},\"headline\":\"Post-COVID-Syndrom: BMBF-gef\u00f6rderte Medikamentenstudie startet\",\"datePublished\":\"2024-09-04T11:35:42+00:00\",\"dateModified\":\"2024-09-04T11:42:32+00:00\",\"mainEntityOfPage\":{\"@id\":\"https:\\\/\\\/aktuelles.uni-frankfurt.de\\\/forschung\\\/post-covid-syndrom-bmbf-gefoerderte-medikamentenstudie-startet\\\/\"},\"wordCount\":766,\"publisher\":{\"@id\":\"https:\\\/\\\/aktuelles.uni-frankfurt.de\\\/#organization\"},\"image\":{\"@id\":\"https:\\\/\\\/aktuelles.uni-frankfurt.de\\\/forschung\\\/post-covid-syndrom-bmbf-gefoerderte-medikamentenstudie-startet\\\/#primaryimage\"},\"thumbnailUrl\":\"https:\\\/\\\/aktuelles.uni-frankfurt.de\\\/wp-content\\\/uploads\\\/2024\\\/09\\\/PM_PostCovid_650x450px.jpg\",\"keywords\":[\"Corona\",\"Medizin\"],\"articleSection\":[\"Forschung\",\"Gesellschaft\",\"Zticky\"],\"inLanguage\":\"en-GB\"},{\"@type\":\"WebPage\",\"@id\":\"https:\\\/\\\/aktuelles.uni-frankfurt.de\\\/forschung\\\/post-covid-syndrom-bmbf-gefoerderte-medikamentenstudie-startet\\\/\",\"url\":\"https:\\\/\\\/aktuelles.uni-frankfurt.de\\\/forschung\\\/post-covid-syndrom-bmbf-gefoerderte-medikamentenstudie-startet\\\/\",\"name\":\"Post-COVID-Syndrom: BMBF-gef\u00f6rderte Medikamentenstudie startet | Aktuelles aus der Goethe-Universit\u00e4t Frankfurt\",\"isPartOf\":{\"@id\":\"https:\\\/\\\/aktuelles.uni-frankfurt.de\\\/#website\"},\"primaryImageOfPage\":{\"@id\":\"https:\\\/\\\/aktuelles.uni-frankfurt.de\\\/forschung\\\/post-covid-syndrom-bmbf-gefoerderte-medikamentenstudie-startet\\\/#primaryimage\"},\"image\":{\"@id\":\"https:\\\/\\\/aktuelles.uni-frankfurt.de\\\/forschung\\\/post-covid-syndrom-bmbf-gefoerderte-medikamentenstudie-startet\\\/#primaryimage\"},\"thumbnailUrl\":\"https:\\\/\\\/aktuelles.uni-frankfurt.de\\\/wp-content\\\/uploads\\\/2024\\\/09\\\/PM_PostCovid_650x450px.jpg\",\"datePublished\":\"2024-09-04T11:35:42+00:00\",\"dateModified\":\"2024-09-04T11:42:32+00:00\",\"breadcrumb\":{\"@id\":\"https:\\\/\\\/aktuelles.uni-frankfurt.de\\\/forschung\\\/post-covid-syndrom-bmbf-gefoerderte-medikamentenstudie-startet\\\/#breadcrumb\"},\"inLanguage\":\"en-GB\",\"potentialAction\":[{\"@type\":\"ReadAction\",\"target\":[\"https:\\\/\\\/aktuelles.uni-frankfurt.de\\\/forschung\\\/post-covid-syndrom-bmbf-gefoerderte-medikamentenstudie-startet\\\/\"]}]},{\"@type\":\"ImageObject\",\"inLanguage\":\"en-GB\",\"@id\":\"https:\\\/\\\/aktuelles.uni-frankfurt.de\\\/forschung\\\/post-covid-syndrom-bmbf-gefoerderte-medikamentenstudie-startet\\\/#primaryimage\",\"url\":\"https:\\\/\\\/aktuelles.uni-frankfurt.de\\\/wp-content\\\/uploads\\\/2024\\\/09\\\/PM_PostCovid_650x450px.jpg\",\"contentUrl\":\"https:\\\/\\\/aktuelles.uni-frankfurt.de\\\/wp-content\\\/uploads\\\/2024\\\/09\\\/PM_PostCovid_650x450px.jpg\",\"width\":650,\"height\":450},{\"@type\":\"BreadcrumbList\",\"@id\":\"https:\\\/\\\/aktuelles.uni-frankfurt.de\\\/forschung\\\/post-covid-syndrom-bmbf-gefoerderte-medikamentenstudie-startet\\\/#breadcrumb\",\"itemListElement\":[{\"@type\":\"ListItem\",\"position\":1,\"name\":\"Startseite\",\"item\":\"https:\\\/\\\/aktuelles.uni-frankfurt.de\\\/\"},{\"@type\":\"ListItem\",\"position\":2,\"name\":\"Post-COVID-Syndrom: BMBF-gef\u00f6rderte Medikamentenstudie startet\"}]},{\"@type\":\"WebSite\",\"@id\":\"https:\\\/\\\/aktuelles.uni-frankfurt.de\\\/#website\",\"url\":\"https:\\\/\\\/aktuelles.uni-frankfurt.de\\\/\",\"name\":\"Aktuelles aus der Goethe-Universit\u00e4t Frankfurt\",\"description\":\"Aktuelles aus der Goethe-Universit\u00e4t | Neues aus Forschung, Lehre, Studium\",\"publisher\":{\"@id\":\"https:\\\/\\\/aktuelles.uni-frankfurt.de\\\/#organization\"},\"potentialAction\":[{\"@type\":\"SearchAction\",\"target\":{\"@type\":\"EntryPoint\",\"urlTemplate\":\"https:\\\/\\\/aktuelles.uni-frankfurt.de\\\/?s={search_term_string}\"},\"query-input\":{\"@type\":\"PropertyValueSpecification\",\"valueRequired\":true,\"valueName\":\"search_term_string\"}}],\"inLanguage\":\"en-GB\"},{\"@type\":\"Organization\",\"@id\":\"https:\\\/\\\/aktuelles.uni-frankfurt.de\\\/#organization\",\"name\":\"Goethe-Universit\u00e4t\",\"url\":\"https:\\\/\\\/aktuelles.uni-frankfurt.de\\\/\",\"logo\":{\"@type\":\"ImageObject\",\"inLanguage\":\"en-GB\",\"@id\":\"https:\\\/\\\/aktuelles.uni-frankfurt.de\\\/#\\\/schema\\\/logo\\\/image\\\/\",\"url\":\"https:\\\/\\\/aktuelles.uni-frankfurt.de\\\/wp-content\\\/uploads\\\/2022\\\/03\\\/800px-Goethe-Logo.png\",\"contentUrl\":\"https:\\\/\\\/aktuelles.uni-frankfurt.de\\\/wp-content\\\/uploads\\\/2022\\\/03\\\/800px-Goethe-Logo.png\",\"width\":800,\"height\":436,\"caption\":\"Goethe-Universit\u00e4t\"},\"image\":{\"@id\":\"https:\\\/\\\/aktuelles.uni-frankfurt.de\\\/#\\\/schema\\\/logo\\\/image\\\/\"}},{\"@type\":\"Person\",\"@id\":\"https:\\\/\\\/aktuelles.uni-frankfurt.de\\\/#\\\/schema\\\/person\\\/8e55ea338fb65d1ce87a91565d1f1739\",\"name\":\"-\",\"description\":\"Dieser Beitrag wurde von der Online-Redaktion ver\u00f6ffentlicht. Wenn der Beitrag von einem Gastautoren verfasst wurde, findet sich dieser Hinweis am Ende des jeweiligen Artikels.\",\"sameAs\":[\"http:\\\/\\\/aktuelles.uni-frankfurt.de\\\/autoren\"],\"url\":\"https:\\\/\\\/aktuelles.uni-frankfurt.de\\\/en\\\/author\\\/redaktion\\\/\"}]}<\/script>\n<!-- \/ Yoast SEO plugin. -->","yoast_head_json":{"title":"Post-COVID-Syndrom: BMBF-gef\u00f6rderte Medikamentenstudie startet | Aktuelles aus der Goethe-Universit\u00e4t Frankfurt","robots":{"index":"index","follow":"follow","max-snippet":"max-snippet:-1","max-image-preview":"max-image-preview:large","max-video-preview":"max-video-preview:-1"},"canonical":"https:\/\/aktuelles.uni-frankfurt.de\/en\/forschung\/post-covid-syndrom-bmbf-gefoerderte-medikamentenstudie-startet\/","og_locale":"en_GB","og_type":"article","og_title":"Post-COVID-Syndrom: BMBF-gef\u00f6rderte Medikamentenstudie startet | Aktuelles aus der Goethe-Universit\u00e4t Frankfurt","og_description":"Linderung der Langzeitfolgen einer SARS-CoV-2-Infektion Unter Leitung der Infektiologie des Universit\u00e4tsklinikum Frankfurt nimmt eine innovative Studie zur Behandlung des Post-COVID-Syndroms (PCS) ihre Arbeit auf. Das vom Bundesministerium f\u00fcr Bildung und [&hellip;]","og_url":"https:\/\/aktuelles.uni-frankfurt.de\/en\/forschung\/post-covid-syndrom-bmbf-gefoerderte-medikamentenstudie-startet\/","og_site_name":"Aktuelles aus der Goethe-Universit\u00e4t Frankfurt","article_published_time":"2024-09-04T11:35:42+00:00","article_modified_time":"2024-09-04T11:42:32+00:00","og_image":[{"width":650,"height":450,"url":"https:\/\/aktuelles.uni-frankfurt.de\/wp-content\/uploads\/2024\/09\/PM_PostCovid_650x450px.jpg","type":"image\/jpeg"}],"author":"-","twitter_card":"summary_large_image","twitter_misc":{"Written by":"-","Estimated reading time":"4 minutes"},"schema":{"@context":"https:\/\/schema.org","@graph":[{"@type":"Article","@id":"https:\/\/aktuelles.uni-frankfurt.de\/forschung\/post-covid-syndrom-bmbf-gefoerderte-medikamentenstudie-startet\/#article","isPartOf":{"@id":"https:\/\/aktuelles.uni-frankfurt.de\/forschung\/post-covid-syndrom-bmbf-gefoerderte-medikamentenstudie-startet\/"},"author":{"name":"-","@id":"https:\/\/aktuelles.uni-frankfurt.de\/#\/schema\/person\/8e55ea338fb65d1ce87a91565d1f1739"},"headline":"Post-COVID-Syndrom: BMBF-gef\u00f6rderte Medikamentenstudie startet","datePublished":"2024-09-04T11:35:42+00:00","dateModified":"2024-09-04T11:42:32+00:00","mainEntityOfPage":{"@id":"https:\/\/aktuelles.uni-frankfurt.de\/forschung\/post-covid-syndrom-bmbf-gefoerderte-medikamentenstudie-startet\/"},"wordCount":766,"publisher":{"@id":"https:\/\/aktuelles.uni-frankfurt.de\/#organization"},"image":{"@id":"https:\/\/aktuelles.uni-frankfurt.de\/forschung\/post-covid-syndrom-bmbf-gefoerderte-medikamentenstudie-startet\/#primaryimage"},"thumbnailUrl":"https:\/\/aktuelles.uni-frankfurt.de\/wp-content\/uploads\/2024\/09\/PM_PostCovid_650x450px.jpg","keywords":["Corona","Medizin"],"articleSection":["Forschung","Gesellschaft","Zticky"],"inLanguage":"en-GB"},{"@type":"WebPage","@id":"https:\/\/aktuelles.uni-frankfurt.de\/forschung\/post-covid-syndrom-bmbf-gefoerderte-medikamentenstudie-startet\/","url":"https:\/\/aktuelles.uni-frankfurt.de\/forschung\/post-covid-syndrom-bmbf-gefoerderte-medikamentenstudie-startet\/","name":"Post-COVID-Syndrom: BMBF-gef\u00f6rderte Medikamentenstudie startet | Aktuelles aus der Goethe-Universit\u00e4t Frankfurt","isPartOf":{"@id":"https:\/\/aktuelles.uni-frankfurt.de\/#website"},"primaryImageOfPage":{"@id":"https:\/\/aktuelles.uni-frankfurt.de\/forschung\/post-covid-syndrom-bmbf-gefoerderte-medikamentenstudie-startet\/#primaryimage"},"image":{"@id":"https:\/\/aktuelles.uni-frankfurt.de\/forschung\/post-covid-syndrom-bmbf-gefoerderte-medikamentenstudie-startet\/#primaryimage"},"thumbnailUrl":"https:\/\/aktuelles.uni-frankfurt.de\/wp-content\/uploads\/2024\/09\/PM_PostCovid_650x450px.jpg","datePublished":"2024-09-04T11:35:42+00:00","dateModified":"2024-09-04T11:42:32+00:00","breadcrumb":{"@id":"https:\/\/aktuelles.uni-frankfurt.de\/forschung\/post-covid-syndrom-bmbf-gefoerderte-medikamentenstudie-startet\/#breadcrumb"},"inLanguage":"en-GB","potentialAction":[{"@type":"ReadAction","target":["https:\/\/aktuelles.uni-frankfurt.de\/forschung\/post-covid-syndrom-bmbf-gefoerderte-medikamentenstudie-startet\/"]}]},{"@type":"ImageObject","inLanguage":"en-GB","@id":"https:\/\/aktuelles.uni-frankfurt.de\/forschung\/post-covid-syndrom-bmbf-gefoerderte-medikamentenstudie-startet\/#primaryimage","url":"https:\/\/aktuelles.uni-frankfurt.de\/wp-content\/uploads\/2024\/09\/PM_PostCovid_650x450px.jpg","contentUrl":"https:\/\/aktuelles.uni-frankfurt.de\/wp-content\/uploads\/2024\/09\/PM_PostCovid_650x450px.jpg","width":650,"height":450},{"@type":"BreadcrumbList","@id":"https:\/\/aktuelles.uni-frankfurt.de\/forschung\/post-covid-syndrom-bmbf-gefoerderte-medikamentenstudie-startet\/#breadcrumb","itemListElement":[{"@type":"ListItem","position":1,"name":"Startseite","item":"https:\/\/aktuelles.uni-frankfurt.de\/"},{"@type":"ListItem","position":2,"name":"Post-COVID-Syndrom: BMBF-gef\u00f6rderte Medikamentenstudie startet"}]},{"@type":"WebSite","@id":"https:\/\/aktuelles.uni-frankfurt.de\/#website","url":"https:\/\/aktuelles.uni-frankfurt.de\/","name":"Aktuelles aus der Goethe-Universit\u00e4t Frankfurt","description":"Aktuelles aus der Goethe-Universit\u00e4t | Neues aus Forschung, Lehre, Studium","publisher":{"@id":"https:\/\/aktuelles.uni-frankfurt.de\/#organization"},"potentialAction":[{"@type":"SearchAction","target":{"@type":"EntryPoint","urlTemplate":"https:\/\/aktuelles.uni-frankfurt.de\/?s={search_term_string}"},"query-input":{"@type":"PropertyValueSpecification","valueRequired":true,"valueName":"search_term_string"}}],"inLanguage":"en-GB"},{"@type":"Organization","@id":"https:\/\/aktuelles.uni-frankfurt.de\/#organization","name":"Goethe University Frankfurt","url":"https:\/\/aktuelles.uni-frankfurt.de\/","logo":{"@type":"ImageObject","inLanguage":"en-GB","@id":"https:\/\/aktuelles.uni-frankfurt.de\/#\/schema\/logo\/image\/","url":"https:\/\/aktuelles.uni-frankfurt.de\/wp-content\/uploads\/2022\/03\/800px-Goethe-Logo.png","contentUrl":"https:\/\/aktuelles.uni-frankfurt.de\/wp-content\/uploads\/2022\/03\/800px-Goethe-Logo.png","width":800,"height":436,"caption":"Goethe-Universit\u00e4t"},"image":{"@id":"https:\/\/aktuelles.uni-frankfurt.de\/#\/schema\/logo\/image\/"}},{"@type":"Person","@id":"https:\/\/aktuelles.uni-frankfurt.de\/#\/schema\/person\/8e55ea338fb65d1ce87a91565d1f1739","name":"-","description":"Dieser Beitrag wurde von der Online-Redaktion ver\u00f6ffentlicht. Wenn der Beitrag von einem Gastautoren verfasst wurde, findet sich dieser Hinweis am Ende des jeweiligen Artikels.","sameAs":["http:\/\/aktuelles.uni-frankfurt.de\/autoren"],"url":"https:\/\/aktuelles.uni-frankfurt.de\/en\/author\/redaktion\/"}]}},"_links":{"self":[{"href":"https:\/\/aktuelles.uni-frankfurt.de\/en\/wp-json\/wp\/v2\/posts\/80833","targetHints":{"allow":["GET"]}}],"collection":[{"href":"https:\/\/aktuelles.uni-frankfurt.de\/en\/wp-json\/wp\/v2\/posts"}],"about":[{"href":"https:\/\/aktuelles.uni-frankfurt.de\/en\/wp-json\/wp\/v2\/types\/post"}],"author":[{"embeddable":true,"href":"https:\/\/aktuelles.uni-frankfurt.de\/en\/wp-json\/wp\/v2\/users\/8"}],"replies":[{"embeddable":true,"href":"https:\/\/aktuelles.uni-frankfurt.de\/en\/wp-json\/wp\/v2\/comments?post=80833"}],"version-history":[{"count":0,"href":"https:\/\/aktuelles.uni-frankfurt.de\/en\/wp-json\/wp\/v2\/posts\/80833\/revisions"}],"wp:featuredmedia":[{"embeddable":true,"href":"https:\/\/aktuelles.uni-frankfurt.de\/en\/wp-json\/wp\/v2\/media\/80834"}],"wp:attachment":[{"href":"https:\/\/aktuelles.uni-frankfurt.de\/en\/wp-json\/wp\/v2\/media?parent=80833"}],"wp:term":[{"taxonomy":"category","embeddable":true,"href":"https:\/\/aktuelles.uni-frankfurt.de\/en\/wp-json\/wp\/v2\/categories?post=80833"},{"taxonomy":"post_tag","embeddable":true,"href":"https:\/\/aktuelles.uni-frankfurt.de\/en\/wp-json\/wp\/v2\/tags?post=80833"},{"taxonomy":"post_folder","embeddable":true,"href":"https:\/\/aktuelles.uni-frankfurt.de\/en\/wp-json\/wp\/v2\/post_folder?post=80833"}],"curies":[{"name":"wp","href":"https:\/\/api.w.org\/{rel}","templated":true}]}}