{"id":80910,"date":"2024-09-19T18:02:37","date_gmt":"2024-09-19T16:02:37","guid":{"rendered":"https:\/\/aktuelles.uni-frankfurt.de\/?p=80910"},"modified":"2025-01-24T13:56:52","modified_gmt":"2025-01-24T12:56:52","slug":"schreib-peer-tutorinnen-konferenz-am-schreibzentrum-der-goethe-universitaet","status":"publish","type":"post","link":"https:\/\/aktuelles.uni-frankfurt.de\/en\/veranstaltungen\/schreib-peer-tutorinnen-konferenz-am-schreibzentrum-der-goethe-universitaet\/","title":{"rendered":"Schreib-Peer-Tutor*innen-Konferenz am Schreibzentrum der Goethe-Universit\u00e4t"},"content":{"rendered":"<p>\u201eDiversit\u00e4t im Schreibzentrumskontext\u201c \u2013 unter diesem Titel l\u00e4dt das Schreibzentrum der Goethe-Universit\u00e4t zur diesj\u00e4hrigen Schreib-Peer-Tutor*innen-Konferenz (SPTK), die von Mittwoch, 25. September, bis Freitag, 27. September, im Nebengeb\u00e4ude des IG-Farbenhauses (Campus Westend),  Norbert-Wollheim-Platz 1, 60323 Frankfurt am Main stattfindet. <\/p>\n\n\n\n<p>Die Konferenz wird seit 2008 jedes Jahr von einem Schreibzentrum an einer deutschen Hochschule speziell von und f\u00fcr dort t\u00e4tige Schreib-Peer-Tutorinnen und -Tutoren ausgerichtet. Diese sind schreibdidaktisch ausgebildete Studierende, die in Schreibzentren Schreibberatung und Workshops anbieten und fachliche Lehrveranstaltungen schreibdidaktisch unterst\u00fctzen. Die SPTK bietet ihnen die M\u00f6glichkeit zum interdisziplin\u00e4ren Austausch und zur bundesweiten Vernetzung und wird von der Gesellschaft f\u00fcr Schreibdidaktik und Schreibforschung (gefsus) unterst\u00fctzt. Als rein studentische Tagung mit Praxis- und Forschungsbeitr\u00e4gen von Tutorinnen und Tutoren aus Schreibzentren in ganz Deutschland stellt sie im deutschen Hochschulsystem eine Besonderheit dar.<\/p>\n\n\n\n<p>Schon zum zweiten Mal richtet das Schreibzentrum der Goethe-Universit\u00e4t die SPTK aus: Bereits 2014 fand die Konferenz in Frankfurt statt. W\u00e4hrend bisherige SPTKs den Schwerpunkt auf die Peer-Tutorinnen und -Tutoren, deren Arbeit und deren Sonderstellung im universit\u00e4ren Kontext gelegt haben \u2013 selbst noch Studierende, gleichzeitig aber auch schon Beratende und Lehrende \u2013, richtet die diesj\u00e4hrige SPTK den Fokus auf die Diversit\u00e4t der Studierenden, die Schreibzentren aufsuchen.<\/p>\n\n\n\n<p>Die in Schreibzentren engagierten Kommilitoninnen und Kommilitonen begegnen in ihrer Arbeit \u201etagt\u00e4glich einer Vielzahl von Studierenden mit den unterschiedlichsten Pers\u00f6nlichkeiten und Bed\u00fcrfnissen. Dies ist eine der gro\u00dfen Chancen unserer Arbeit, bringt gleichzeitig aber auch Herausforderungen mit sich\u201c, so Tutorin Iris Schultheis. Sonja Bopp, ebenfalls Tutorin am Frankfurter Schreibzentrum, erg\u00e4nzt: \u201eUm dieser Diversit\u00e4t gerecht zu werden, braucht es Verst\u00e4ndnis f\u00fcr die individuellen Perspektiven sowie f\u00fcr die jeweiligen Lebensumst\u00e4nde.\u201c Wie angesichts dieser Vielfalt R\u00e4ume gestalten werden k\u00f6nnen, in denen sich das Schreiben im Studium f\u00fcr m\u00f6glichst viele Studierende besser realisieren l\u00e4sst, ist eines der Themen, die auf der diesj\u00e4hrigen SPTK diskutiert werden.&nbsp;Angeboten werden etwa Workshops zum Schreiben mit Lese-Rechtschreib-Schw\u00e4che oder AD(H)S, zum Schreiben mit Mehrsprachigkeit und vielem mehr.<\/p>\n\n\n\n<p>Die Konferenz er\u00f6ffnet den Teilnehmenden einen ersten Einblick in den wissenschaftlichen Diskurs ihres Arbeitsfeldes und damit neue fachliche Perspektiven. F\u00fcr manche ist sie ein Schritt in eine bestehende Forschungsgemeinschaft, wie Tutorin Hanna G\u00f6bel erz\u00e4hlt: \u201eDie SPTK 2023 in Bochum war f\u00fcr mich die erste Konferenzerfahrung. Es war sehr spannend, in den wissenschaftlichen Austausch hineinzuschnuppern. Ich freue mich, diese Veranstaltung nun selbst in Frankfurt mitgestalten zu k\u00f6nnen.\u201c<\/p>\n\n\n\n<p>Medienvertreter sind herzlich eingeladen, nach Voranmeldung \u00fcber die \u201eSchreib-Peer-Tutor*innen-Konferenz\u201c zu berichten.<\/p>\n\n\n\n<p><\/p>","protected":false},"excerpt":{"rendered":"<p>\u201eDiversit\u00e4t im Schreibzentrumskontext\u201c \u2013 unter diesem Titel l\u00e4dt das Schreibzentrum der Goethe-Universit\u00e4t zur diesj\u00e4hrigen Schreib-Peer-Tutor*innen-Konferenz (SPTK), die von Mittwoch, 25. September, bis Freitag, 27. September, im Nebengeb\u00e4ude des IG-Farbenhauses (Campus [&hellip;]<\/p>\n","protected":false},"author":8,"featured_media":80911,"comment_status":"closed","ping_status":"closed","sticky":false,"template":"","format":"standard","meta":{"_eb_attr":"","_price":"","_stock":"","_tribe_ticket_header":"","_tribe_default_ticket_provider":"","_ticket_start_date":"","_ticket_end_date":"","_tribe_ticket_show_description":"","_tribe_ticket_show_not_going":false,"_tribe_ticket_use_global_stock":"","_tribe_ticket_global_stock_level":"","_global_stock_mode":"","_global_stock_cap":"","_tribe_rsvp_for_event":"","_tribe_ticket_going_count":"","_tribe_ticket_not_going_count":"","_tribe_tickets_list":"[]","_tribe_ticket_has_attendee_info_fields":false,"footnotes":""},"categories":[12],"tags":[55],"post_folder":[],"class_list":["post-80910","post","type-post","status-publish","format-standard","has-post-thumbnail","hentry","category-veranstaltungen","tag-lehre"],"yoast_head":"<!-- This site is optimized with the Yoast SEO plugin v27.5 - https:\/\/yoast.com\/product\/yoast-seo-wordpress\/ -->\n<title>Schreib-Peer-Tutor*innen-Konferenz am Schreibzentrum der Goethe-Universit\u00e4t | Aktuelles aus der Goethe-Universit\u00e4t Frankfurt<\/title>\n<meta name=\"robots\" content=\"index, follow, max-snippet:-1, max-image-preview:large, max-video-preview:-1\" \/>\n<link rel=\"canonical\" href=\"https:\/\/aktuelles.uni-frankfurt.de\/en\/veranstaltungen\/schreib-peer-tutorinnen-konferenz-am-schreibzentrum-der-goethe-universitaet\/\" \/>\n<meta property=\"og:locale\" content=\"en_GB\" \/>\n<meta property=\"og:type\" content=\"article\" \/>\n<meta property=\"og:title\" content=\"Schreib-Peer-Tutor*innen-Konferenz am Schreibzentrum der Goethe-Universit\u00e4t | Aktuelles aus der Goethe-Universit\u00e4t Frankfurt\" \/>\n<meta property=\"og:description\" content=\"\u201eDiversit\u00e4t im Schreibzentrumskontext\u201c \u2013 unter diesem Titel l\u00e4dt das Schreibzentrum der Goethe-Universit\u00e4t zur diesj\u00e4hrigen Schreib-Peer-Tutor*innen-Konferenz (SPTK), die von Mittwoch, 25. September, bis Freitag, 27. September, im Nebengeb\u00e4ude des IG-Farbenhauses (Campus [&hellip;]\" \/>\n<meta property=\"og:url\" content=\"https:\/\/aktuelles.uni-frankfurt.de\/en\/veranstaltungen\/schreib-peer-tutorinnen-konferenz-am-schreibzentrum-der-goethe-universitaet\/\" \/>\n<meta property=\"og:site_name\" content=\"Aktuelles aus der Goethe-Universit\u00e4t Frankfurt\" \/>\n<meta property=\"article:published_time\" content=\"2024-09-19T16:02:37+00:00\" \/>\n<meta property=\"article:modified_time\" content=\"2025-01-24T12:56:52+00:00\" \/>\n<meta property=\"og:image\" content=\"https:\/\/aktuelles.uni-frankfurt.de\/wp-content\/uploads\/2024\/09\/beitragsbild_Schreibzentrum_Konferenz.jpg\" \/>\n\t<meta property=\"og:image:width\" content=\"650\" \/>\n\t<meta property=\"og:image:height\" content=\"450\" \/>\n\t<meta property=\"og:image:type\" content=\"image\/jpeg\" \/>\n<meta name=\"author\" content=\"-\" \/>\n<meta name=\"twitter:card\" content=\"summary_large_image\" \/>\n<meta name=\"twitter:label1\" content=\"Written by\" \/>\n\t<meta name=\"twitter:data1\" content=\"-\" \/>\n\t<meta name=\"twitter:label2\" content=\"Estimated reading time\" \/>\n\t<meta name=\"twitter:data2\" content=\"2 minutes\" \/>\n<script type=\"application\/ld+json\" class=\"yoast-schema-graph\">{\"@context\":\"https:\\\/\\\/schema.org\",\"@graph\":[{\"@type\":\"Article\",\"@id\":\"https:\\\/\\\/aktuelles.uni-frankfurt.de\\\/veranstaltungen\\\/schreib-peer-tutorinnen-konferenz-am-schreibzentrum-der-goethe-universitaet\\\/#article\",\"isPartOf\":{\"@id\":\"https:\\\/\\\/aktuelles.uni-frankfurt.de\\\/veranstaltungen\\\/schreib-peer-tutorinnen-konferenz-am-schreibzentrum-der-goethe-universitaet\\\/\"},\"author\":{\"name\":\"-\",\"@id\":\"https:\\\/\\\/aktuelles.uni-frankfurt.de\\\/#\\\/schema\\\/person\\\/8e55ea338fb65d1ce87a91565d1f1739\"},\"headline\":\"Schreib-Peer-Tutor*innen-Konferenz am Schreibzentrum der Goethe-Universit\u00e4t\",\"datePublished\":\"2024-09-19T16:02:37+00:00\",\"dateModified\":\"2025-01-24T12:56:52+00:00\",\"mainEntityOfPage\":{\"@id\":\"https:\\\/\\\/aktuelles.uni-frankfurt.de\\\/veranstaltungen\\\/schreib-peer-tutorinnen-konferenz-am-schreibzentrum-der-goethe-universitaet\\\/\"},\"wordCount\":431,\"publisher\":{\"@id\":\"https:\\\/\\\/aktuelles.uni-frankfurt.de\\\/#organization\"},\"image\":{\"@id\":\"https:\\\/\\\/aktuelles.uni-frankfurt.de\\\/veranstaltungen\\\/schreib-peer-tutorinnen-konferenz-am-schreibzentrum-der-goethe-universitaet\\\/#primaryimage\"},\"thumbnailUrl\":\"https:\\\/\\\/aktuelles.uni-frankfurt.de\\\/wp-content\\\/uploads\\\/2024\\\/09\\\/beitragsbild_Schreibzentrum_Konferenz.jpg\",\"keywords\":[\"Lehre\"],\"articleSection\":[\"Veranstaltungen\"],\"inLanguage\":\"en-GB\"},{\"@type\":\"WebPage\",\"@id\":\"https:\\\/\\\/aktuelles.uni-frankfurt.de\\\/veranstaltungen\\\/schreib-peer-tutorinnen-konferenz-am-schreibzentrum-der-goethe-universitaet\\\/\",\"url\":\"https:\\\/\\\/aktuelles.uni-frankfurt.de\\\/veranstaltungen\\\/schreib-peer-tutorinnen-konferenz-am-schreibzentrum-der-goethe-universitaet\\\/\",\"name\":\"Schreib-Peer-Tutor*innen-Konferenz am Schreibzentrum der Goethe-Universit\u00e4t | Aktuelles aus der Goethe-Universit\u00e4t Frankfurt\",\"isPartOf\":{\"@id\":\"https:\\\/\\\/aktuelles.uni-frankfurt.de\\\/#website\"},\"primaryImageOfPage\":{\"@id\":\"https:\\\/\\\/aktuelles.uni-frankfurt.de\\\/veranstaltungen\\\/schreib-peer-tutorinnen-konferenz-am-schreibzentrum-der-goethe-universitaet\\\/#primaryimage\"},\"image\":{\"@id\":\"https:\\\/\\\/aktuelles.uni-frankfurt.de\\\/veranstaltungen\\\/schreib-peer-tutorinnen-konferenz-am-schreibzentrum-der-goethe-universitaet\\\/#primaryimage\"},\"thumbnailUrl\":\"https:\\\/\\\/aktuelles.uni-frankfurt.de\\\/wp-content\\\/uploads\\\/2024\\\/09\\\/beitragsbild_Schreibzentrum_Konferenz.jpg\",\"datePublished\":\"2024-09-19T16:02:37+00:00\",\"dateModified\":\"2025-01-24T12:56:52+00:00\",\"breadcrumb\":{\"@id\":\"https:\\\/\\\/aktuelles.uni-frankfurt.de\\\/veranstaltungen\\\/schreib-peer-tutorinnen-konferenz-am-schreibzentrum-der-goethe-universitaet\\\/#breadcrumb\"},\"inLanguage\":\"en-GB\",\"potentialAction\":[{\"@type\":\"ReadAction\",\"target\":[\"https:\\\/\\\/aktuelles.uni-frankfurt.de\\\/veranstaltungen\\\/schreib-peer-tutorinnen-konferenz-am-schreibzentrum-der-goethe-universitaet\\\/\"]}]},{\"@type\":\"ImageObject\",\"inLanguage\":\"en-GB\",\"@id\":\"https:\\\/\\\/aktuelles.uni-frankfurt.de\\\/veranstaltungen\\\/schreib-peer-tutorinnen-konferenz-am-schreibzentrum-der-goethe-universitaet\\\/#primaryimage\",\"url\":\"https:\\\/\\\/aktuelles.uni-frankfurt.de\\\/wp-content\\\/uploads\\\/2024\\\/09\\\/beitragsbild_Schreibzentrum_Konferenz.jpg\",\"contentUrl\":\"https:\\\/\\\/aktuelles.uni-frankfurt.de\\\/wp-content\\\/uploads\\\/2024\\\/09\\\/beitragsbild_Schreibzentrum_Konferenz.jpg\",\"width\":650,\"height\":450},{\"@type\":\"BreadcrumbList\",\"@id\":\"https:\\\/\\\/aktuelles.uni-frankfurt.de\\\/veranstaltungen\\\/schreib-peer-tutorinnen-konferenz-am-schreibzentrum-der-goethe-universitaet\\\/#breadcrumb\",\"itemListElement\":[{\"@type\":\"ListItem\",\"position\":1,\"name\":\"Startseite\",\"item\":\"https:\\\/\\\/aktuelles.uni-frankfurt.de\\\/\"},{\"@type\":\"ListItem\",\"position\":2,\"name\":\"Schreib-Peer-Tutor*innen-Konferenz am Schreibzentrum der Goethe-Universit\u00e4t\"}]},{\"@type\":\"WebSite\",\"@id\":\"https:\\\/\\\/aktuelles.uni-frankfurt.de\\\/#website\",\"url\":\"https:\\\/\\\/aktuelles.uni-frankfurt.de\\\/\",\"name\":\"Aktuelles aus der Goethe-Universit\u00e4t Frankfurt\",\"description\":\"Aktuelles aus der Goethe-Universit\u00e4t | Neues aus Forschung, Lehre, Studium\",\"publisher\":{\"@id\":\"https:\\\/\\\/aktuelles.uni-frankfurt.de\\\/#organization\"},\"potentialAction\":[{\"@type\":\"SearchAction\",\"target\":{\"@type\":\"EntryPoint\",\"urlTemplate\":\"https:\\\/\\\/aktuelles.uni-frankfurt.de\\\/?s={search_term_string}\"},\"query-input\":{\"@type\":\"PropertyValueSpecification\",\"valueRequired\":true,\"valueName\":\"search_term_string\"}}],\"inLanguage\":\"en-GB\"},{\"@type\":\"Organization\",\"@id\":\"https:\\\/\\\/aktuelles.uni-frankfurt.de\\\/#organization\",\"name\":\"Goethe-Universit\u00e4t\",\"url\":\"https:\\\/\\\/aktuelles.uni-frankfurt.de\\\/\",\"logo\":{\"@type\":\"ImageObject\",\"inLanguage\":\"en-GB\",\"@id\":\"https:\\\/\\\/aktuelles.uni-frankfurt.de\\\/#\\\/schema\\\/logo\\\/image\\\/\",\"url\":\"https:\\\/\\\/aktuelles.uni-frankfurt.de\\\/wp-content\\\/uploads\\\/2022\\\/03\\\/800px-Goethe-Logo.png\",\"contentUrl\":\"https:\\\/\\\/aktuelles.uni-frankfurt.de\\\/wp-content\\\/uploads\\\/2022\\\/03\\\/800px-Goethe-Logo.png\",\"width\":800,\"height\":436,\"caption\":\"Goethe-Universit\u00e4t\"},\"image\":{\"@id\":\"https:\\\/\\\/aktuelles.uni-frankfurt.de\\\/#\\\/schema\\\/logo\\\/image\\\/\"}},{\"@type\":\"Person\",\"@id\":\"https:\\\/\\\/aktuelles.uni-frankfurt.de\\\/#\\\/schema\\\/person\\\/8e55ea338fb65d1ce87a91565d1f1739\",\"name\":\"-\",\"description\":\"Dieser Beitrag wurde von der Online-Redaktion ver\u00f6ffentlicht. Wenn der Beitrag von einem Gastautoren verfasst wurde, findet sich dieser Hinweis am Ende des jeweiligen Artikels.\",\"sameAs\":[\"http:\\\/\\\/aktuelles.uni-frankfurt.de\\\/autoren\"],\"url\":\"https:\\\/\\\/aktuelles.uni-frankfurt.de\\\/en\\\/author\\\/redaktion\\\/\"}]}<\/script>\n<!-- \/ Yoast SEO plugin. -->","yoast_head_json":{"title":"Schreib-Peer-Tutor*innen-Konferenz am Schreibzentrum der Goethe-Universit\u00e4t | Aktuelles aus der Goethe-Universit\u00e4t Frankfurt","robots":{"index":"index","follow":"follow","max-snippet":"max-snippet:-1","max-image-preview":"max-image-preview:large","max-video-preview":"max-video-preview:-1"},"canonical":"https:\/\/aktuelles.uni-frankfurt.de\/en\/veranstaltungen\/schreib-peer-tutorinnen-konferenz-am-schreibzentrum-der-goethe-universitaet\/","og_locale":"en_GB","og_type":"article","og_title":"Schreib-Peer-Tutor*innen-Konferenz am Schreibzentrum der Goethe-Universit\u00e4t | Aktuelles aus der Goethe-Universit\u00e4t Frankfurt","og_description":"\u201eDiversit\u00e4t im Schreibzentrumskontext\u201c \u2013 unter diesem Titel l\u00e4dt das Schreibzentrum der Goethe-Universit\u00e4t zur diesj\u00e4hrigen Schreib-Peer-Tutor*innen-Konferenz (SPTK), die von Mittwoch, 25. September, bis Freitag, 27. September, im Nebengeb\u00e4ude des IG-Farbenhauses (Campus [&hellip;]","og_url":"https:\/\/aktuelles.uni-frankfurt.de\/en\/veranstaltungen\/schreib-peer-tutorinnen-konferenz-am-schreibzentrum-der-goethe-universitaet\/","og_site_name":"Aktuelles aus der Goethe-Universit\u00e4t Frankfurt","article_published_time":"2024-09-19T16:02:37+00:00","article_modified_time":"2025-01-24T12:56:52+00:00","og_image":[{"width":650,"height":450,"url":"https:\/\/aktuelles.uni-frankfurt.de\/wp-content\/uploads\/2024\/09\/beitragsbild_Schreibzentrum_Konferenz.jpg","type":"image\/jpeg"}],"author":"-","twitter_card":"summary_large_image","twitter_misc":{"Written by":"-","Estimated reading time":"2 minutes"},"schema":{"@context":"https:\/\/schema.org","@graph":[{"@type":"Article","@id":"https:\/\/aktuelles.uni-frankfurt.de\/veranstaltungen\/schreib-peer-tutorinnen-konferenz-am-schreibzentrum-der-goethe-universitaet\/#article","isPartOf":{"@id":"https:\/\/aktuelles.uni-frankfurt.de\/veranstaltungen\/schreib-peer-tutorinnen-konferenz-am-schreibzentrum-der-goethe-universitaet\/"},"author":{"name":"-","@id":"https:\/\/aktuelles.uni-frankfurt.de\/#\/schema\/person\/8e55ea338fb65d1ce87a91565d1f1739"},"headline":"Schreib-Peer-Tutor*innen-Konferenz am Schreibzentrum der Goethe-Universit\u00e4t","datePublished":"2024-09-19T16:02:37+00:00","dateModified":"2025-01-24T12:56:52+00:00","mainEntityOfPage":{"@id":"https:\/\/aktuelles.uni-frankfurt.de\/veranstaltungen\/schreib-peer-tutorinnen-konferenz-am-schreibzentrum-der-goethe-universitaet\/"},"wordCount":431,"publisher":{"@id":"https:\/\/aktuelles.uni-frankfurt.de\/#organization"},"image":{"@id":"https:\/\/aktuelles.uni-frankfurt.de\/veranstaltungen\/schreib-peer-tutorinnen-konferenz-am-schreibzentrum-der-goethe-universitaet\/#primaryimage"},"thumbnailUrl":"https:\/\/aktuelles.uni-frankfurt.de\/wp-content\/uploads\/2024\/09\/beitragsbild_Schreibzentrum_Konferenz.jpg","keywords":["Lehre"],"articleSection":["Veranstaltungen"],"inLanguage":"en-GB"},{"@type":"WebPage","@id":"https:\/\/aktuelles.uni-frankfurt.de\/veranstaltungen\/schreib-peer-tutorinnen-konferenz-am-schreibzentrum-der-goethe-universitaet\/","url":"https:\/\/aktuelles.uni-frankfurt.de\/veranstaltungen\/schreib-peer-tutorinnen-konferenz-am-schreibzentrum-der-goethe-universitaet\/","name":"Schreib-Peer-Tutor*innen-Konferenz am Schreibzentrum der Goethe-Universit\u00e4t | Aktuelles aus der Goethe-Universit\u00e4t Frankfurt","isPartOf":{"@id":"https:\/\/aktuelles.uni-frankfurt.de\/#website"},"primaryImageOfPage":{"@id":"https:\/\/aktuelles.uni-frankfurt.de\/veranstaltungen\/schreib-peer-tutorinnen-konferenz-am-schreibzentrum-der-goethe-universitaet\/#primaryimage"},"image":{"@id":"https:\/\/aktuelles.uni-frankfurt.de\/veranstaltungen\/schreib-peer-tutorinnen-konferenz-am-schreibzentrum-der-goethe-universitaet\/#primaryimage"},"thumbnailUrl":"https:\/\/aktuelles.uni-frankfurt.de\/wp-content\/uploads\/2024\/09\/beitragsbild_Schreibzentrum_Konferenz.jpg","datePublished":"2024-09-19T16:02:37+00:00","dateModified":"2025-01-24T12:56:52+00:00","breadcrumb":{"@id":"https:\/\/aktuelles.uni-frankfurt.de\/veranstaltungen\/schreib-peer-tutorinnen-konferenz-am-schreibzentrum-der-goethe-universitaet\/#breadcrumb"},"inLanguage":"en-GB","potentialAction":[{"@type":"ReadAction","target":["https:\/\/aktuelles.uni-frankfurt.de\/veranstaltungen\/schreib-peer-tutorinnen-konferenz-am-schreibzentrum-der-goethe-universitaet\/"]}]},{"@type":"ImageObject","inLanguage":"en-GB","@id":"https:\/\/aktuelles.uni-frankfurt.de\/veranstaltungen\/schreib-peer-tutorinnen-konferenz-am-schreibzentrum-der-goethe-universitaet\/#primaryimage","url":"https:\/\/aktuelles.uni-frankfurt.de\/wp-content\/uploads\/2024\/09\/beitragsbild_Schreibzentrum_Konferenz.jpg","contentUrl":"https:\/\/aktuelles.uni-frankfurt.de\/wp-content\/uploads\/2024\/09\/beitragsbild_Schreibzentrum_Konferenz.jpg","width":650,"height":450},{"@type":"BreadcrumbList","@id":"https:\/\/aktuelles.uni-frankfurt.de\/veranstaltungen\/schreib-peer-tutorinnen-konferenz-am-schreibzentrum-der-goethe-universitaet\/#breadcrumb","itemListElement":[{"@type":"ListItem","position":1,"name":"Startseite","item":"https:\/\/aktuelles.uni-frankfurt.de\/"},{"@type":"ListItem","position":2,"name":"Schreib-Peer-Tutor*innen-Konferenz am Schreibzentrum der Goethe-Universit\u00e4t"}]},{"@type":"WebSite","@id":"https:\/\/aktuelles.uni-frankfurt.de\/#website","url":"https:\/\/aktuelles.uni-frankfurt.de\/","name":"Aktuelles aus der Goethe-Universit\u00e4t Frankfurt","description":"Aktuelles aus der Goethe-Universit\u00e4t | Neues aus Forschung, Lehre, Studium","publisher":{"@id":"https:\/\/aktuelles.uni-frankfurt.de\/#organization"},"potentialAction":[{"@type":"SearchAction","target":{"@type":"EntryPoint","urlTemplate":"https:\/\/aktuelles.uni-frankfurt.de\/?s={search_term_string}"},"query-input":{"@type":"PropertyValueSpecification","valueRequired":true,"valueName":"search_term_string"}}],"inLanguage":"en-GB"},{"@type":"Organization","@id":"https:\/\/aktuelles.uni-frankfurt.de\/#organization","name":"Goethe University Frankfurt","url":"https:\/\/aktuelles.uni-frankfurt.de\/","logo":{"@type":"ImageObject","inLanguage":"en-GB","@id":"https:\/\/aktuelles.uni-frankfurt.de\/#\/schema\/logo\/image\/","url":"https:\/\/aktuelles.uni-frankfurt.de\/wp-content\/uploads\/2022\/03\/800px-Goethe-Logo.png","contentUrl":"https:\/\/aktuelles.uni-frankfurt.de\/wp-content\/uploads\/2022\/03\/800px-Goethe-Logo.png","width":800,"height":436,"caption":"Goethe-Universit\u00e4t"},"image":{"@id":"https:\/\/aktuelles.uni-frankfurt.de\/#\/schema\/logo\/image\/"}},{"@type":"Person","@id":"https:\/\/aktuelles.uni-frankfurt.de\/#\/schema\/person\/8e55ea338fb65d1ce87a91565d1f1739","name":"-","description":"Dieser Beitrag wurde von der Online-Redaktion ver\u00f6ffentlicht. Wenn der Beitrag von einem Gastautoren verfasst wurde, findet sich dieser Hinweis am Ende des jeweiligen Artikels.","sameAs":["http:\/\/aktuelles.uni-frankfurt.de\/autoren"],"url":"https:\/\/aktuelles.uni-frankfurt.de\/en\/author\/redaktion\/"}]}},"_links":{"self":[{"href":"https:\/\/aktuelles.uni-frankfurt.de\/en\/wp-json\/wp\/v2\/posts\/80910","targetHints":{"allow":["GET"]}}],"collection":[{"href":"https:\/\/aktuelles.uni-frankfurt.de\/en\/wp-json\/wp\/v2\/posts"}],"about":[{"href":"https:\/\/aktuelles.uni-frankfurt.de\/en\/wp-json\/wp\/v2\/types\/post"}],"author":[{"embeddable":true,"href":"https:\/\/aktuelles.uni-frankfurt.de\/en\/wp-json\/wp\/v2\/users\/8"}],"replies":[{"embeddable":true,"href":"https:\/\/aktuelles.uni-frankfurt.de\/en\/wp-json\/wp\/v2\/comments?post=80910"}],"version-history":[{"count":0,"href":"https:\/\/aktuelles.uni-frankfurt.de\/en\/wp-json\/wp\/v2\/posts\/80910\/revisions"}],"wp:featuredmedia":[{"embeddable":true,"href":"https:\/\/aktuelles.uni-frankfurt.de\/en\/wp-json\/wp\/v2\/media\/80911"}],"wp:attachment":[{"href":"https:\/\/aktuelles.uni-frankfurt.de\/en\/wp-json\/wp\/v2\/media?parent=80910"}],"wp:term":[{"taxonomy":"category","embeddable":true,"href":"https:\/\/aktuelles.uni-frankfurt.de\/en\/wp-json\/wp\/v2\/categories?post=80910"},{"taxonomy":"post_tag","embeddable":true,"href":"https:\/\/aktuelles.uni-frankfurt.de\/en\/wp-json\/wp\/v2\/tags?post=80910"},{"taxonomy":"post_folder","embeddable":true,"href":"https:\/\/aktuelles.uni-frankfurt.de\/en\/wp-json\/wp\/v2\/post_folder?post=80910"}],"curies":[{"name":"wp","href":"https:\/\/api.w.org\/{rel}","templated":true}]}}