{"id":81080,"date":"2024-10-10T10:30:08","date_gmt":"2024-10-10T08:30:08","guid":{"rendered":"https:\/\/aktuelles.uni-frankfurt.de\/?p=81080"},"modified":"2024-12-11T14:10:12","modified_gmt":"2024-12-11T13:10:12","slug":"es-geht-wieder-los-unistart-an-der-goethe-universitaet","status":"publish","type":"post","link":"https:\/\/aktuelles.uni-frankfurt.de\/en\/studium\/es-geht-wieder-los-unistart-an-der-goethe-universitaet\/","title":{"rendered":"Es geht wieder los: UNISTART an der Goethe-Universit\u00e4t"},"content":{"rendered":"<p>Aufbruchsstimmung: Wer sich in diesen Tagen auf den Campi der Goethe-Universit\u00e4t bewegt, sp\u00fcrt die besondere Atmosph\u00e4re. Kurz vor Semesterbeginn finden sich viele junge Menschen ein, die in eine neue Lebensphase eintreten. Erst einmal m\u00fcssen sich die frischgebackenen Studierenden mit den Gegebenheiten einer gro\u00dfen Hochschule vertraut machen. Zum Wintersemester haben sich knapp 8.000 \u201eErstis\u201c an der Goethe-Universit\u00e4t eingeschrieben.<br><br>Auf der gro\u00dfen UNISTART-Messe, die am Donnerstag im H\u00f6rsaalzentrum auf dem gr\u00f6\u00dften Campus stattfindet, k\u00f6nnen sie sich informieren, vernetzen und beraten lassen. Zentrale Einrichtungen der Goethe-Universit\u00e4t sowie studentische Initiativen und Hochschulgruppen stellen sich im Rahmen der Messe vor. Die Liste der \u00fcber 80 Aussteller reicht von der Agentur f\u00fcr Arbeit bis hin zum Zentrum f\u00fcr Hochschulsport. Ab 14.00 Uhr werden die Studierenden dann im H\u00f6rsaal HZ 2 des H\u00f6rsaalzentrums offiziell begr\u00fc\u00dft: vom Universit\u00e4tspr\u00e4sidenten, Prof. Enrico Schleiff, der Stadtr\u00e4tin und Dezernentin f\u00fcr Kultur und Wissenschaft der Stadt Frankfurt, Dr. Ina Hartwig, und dem AStA-Vorstand.<\/p>\n\n\n\n<p>Auch das Workshop-Programm der UNISTART-Messe ist vielf\u00e4ltig: So erfahren die neuen Studierenden beispielsweise von SLI (Studium, Lehre und Internationales) und dem Global Office, was beim Auslandsaufenthalt w\u00e4hrend des Studiums zu beachten ist. Das Hochschulrechenzentrum erl\u00e4utert die IT-Services f\u00fcr Studierende. Wer sich literarisch oder journalistisch im Studium bet\u00e4tigen m\u00f6chte, wird von den Macherinnen und Machern von \u201eJohnny\u201c erfahren, wie man bei der studentischen Literaturzeitschrift mitmachen kann. Wer lieber seine rhetorischen F\u00e4higkeiten trainieren m\u00f6chte, kann dies im Debattierclub Goethes Faust e.V. tun. Und ganz wichtig gerade f\u00fcr alle Zugezogenen: Im Workshop des Goethe Clubs erf\u00e4hrt man nahezu alles, was man \u00fcber das Studentenleben in der Region Frankfurt am Main wissen muss, \u00fcbrigens auch auf Englisch. Als kleines Willkommensgeschenk erhalten die neuen Studierenden den UNISTART-Begr\u00fc\u00dfungsbeutel, der an den St\u00e4nden mit Materialien gef\u00fcllt werden kann.<\/p>\n\n\n\n<p><strong>UNISTART Wintersemester 2024\/25<\/strong><br><strong>Donnerstag, 10. Oktober, von 11.30 bis 16.00 Uhr<\/strong><br><strong>Campus Westend, H\u00f6rsaalzentrum,<\/strong><br><strong>Theodor-W.-Adorno-Platz 5,<\/strong><br><strong>60323 Frankfurt<\/strong><\/p>\n\n\n\n<p>Der regul\u00e4re Vorlesungs- und Seminarbetrieb f\u00fcr alle Studierenden beginnt ab dem kommenden Montag. Insgesamt werden ca. 41.000 Studierende im Wintersemester an der Goethe-Universit\u00e4t erwartet.<\/p>\n\n\n\n<p><a href=\"https:\/\/www.unistart.uni-frankfurt.de\/\" target=\"_blank\" rel=\"noreferrer noopener\">Weitere Informationen<\/a><\/p>","protected":false},"excerpt":{"rendered":"<p>Aufbruchsstimmung: Wer sich in diesen Tagen auf den Campi der Goethe-Universit\u00e4t bewegt, sp\u00fcrt die besondere Atmosph\u00e4re. Kurz vor Semesterbeginn finden sich viele junge Menschen ein, die in eine neue Lebensphase [&hellip;]<\/p>\n","protected":false},"author":8,"featured_media":81081,"comment_status":"closed","ping_status":"closed","sticky":false,"template":"","format":"standard","meta":{"_eb_attr":"","_price":"","_stock":"","_tribe_ticket_header":"","_tribe_default_ticket_provider":"","_ticket_start_date":"","_ticket_end_date":"","_tribe_ticket_show_description":"","_tribe_ticket_show_not_going":false,"_tribe_ticket_use_global_stock":"","_tribe_ticket_global_stock_level":"","_global_stock_mode":"","_global_stock_cap":"","_tribe_rsvp_for_event":"","_tribe_ticket_going_count":"","_tribe_ticket_not_going_count":"","_tribe_tickets_list":"[]","_tribe_ticket_has_attendee_info_fields":false,"footnotes":""},"categories":[9],"tags":[17,394],"post_folder":[],"class_list":["post-81080","post","type-post","status-publish","format-standard","has-post-thumbnail","hentry","category-studium","tag-campus-westend","tag-digitalisierung"],"yoast_head":"<!-- This site is optimized with the Yoast SEO plugin v27.5 - https:\/\/yoast.com\/product\/yoast-seo-wordpress\/ -->\n<title>Es geht wieder los: UNISTART an der Goethe-Universit\u00e4t | Aktuelles aus der Goethe-Universit\u00e4t Frankfurt<\/title>\n<meta name=\"robots\" content=\"index, follow, max-snippet:-1, max-image-preview:large, max-video-preview:-1\" \/>\n<link rel=\"canonical\" href=\"https:\/\/aktuelles.uni-frankfurt.de\/en\/studium\/es-geht-wieder-los-unistart-an-der-goethe-universitaet\/\" \/>\n<meta property=\"og:locale\" content=\"en_GB\" \/>\n<meta property=\"og:type\" content=\"article\" \/>\n<meta property=\"og:title\" content=\"Es geht wieder los: UNISTART an der Goethe-Universit\u00e4t | Aktuelles aus der Goethe-Universit\u00e4t Frankfurt\" \/>\n<meta property=\"og:description\" content=\"Aufbruchsstimmung: Wer sich in diesen Tagen auf den Campi der Goethe-Universit\u00e4t bewegt, sp\u00fcrt die besondere Atmosph\u00e4re. Kurz vor Semesterbeginn finden sich viele junge Menschen ein, die in eine neue Lebensphase [&hellip;]\" \/>\n<meta property=\"og:url\" content=\"https:\/\/aktuelles.uni-frankfurt.de\/en\/studium\/es-geht-wieder-los-unistart-an-der-goethe-universitaet\/\" \/>\n<meta property=\"og:site_name\" content=\"Aktuelles aus der Goethe-Universit\u00e4t Frankfurt\" \/>\n<meta property=\"article:published_time\" content=\"2024-10-10T08:30:08+00:00\" \/>\n<meta property=\"article:modified_time\" content=\"2024-12-11T13:10:12+00:00\" \/>\n<meta property=\"og:image\" content=\"https:\/\/aktuelles.uni-frankfurt.de\/wp-content\/uploads\/2024\/10\/beitragsbild_unistart-24-25.jpg\" \/>\n\t<meta property=\"og:image:width\" content=\"650\" \/>\n\t<meta property=\"og:image:height\" content=\"450\" \/>\n\t<meta property=\"og:image:type\" content=\"image\/jpeg\" \/>\n<meta name=\"author\" content=\"-\" \/>\n<meta name=\"twitter:card\" content=\"summary_large_image\" \/>\n<meta name=\"twitter:label1\" content=\"Written by\" \/>\n\t<meta name=\"twitter:data1\" content=\"-\" \/>\n\t<meta name=\"twitter:label2\" content=\"Estimated reading time\" \/>\n\t<meta name=\"twitter:data2\" content=\"2 minutes\" \/>\n<script type=\"application\/ld+json\" class=\"yoast-schema-graph\">{\"@context\":\"https:\\\/\\\/schema.org\",\"@graph\":[{\"@type\":\"Article\",\"@id\":\"https:\\\/\\\/aktuelles.uni-frankfurt.de\\\/studium\\\/es-geht-wieder-los-unistart-an-der-goethe-universitaet\\\/#article\",\"isPartOf\":{\"@id\":\"https:\\\/\\\/aktuelles.uni-frankfurt.de\\\/studium\\\/es-geht-wieder-los-unistart-an-der-goethe-universitaet\\\/\"},\"author\":{\"name\":\"-\",\"@id\":\"https:\\\/\\\/aktuelles.uni-frankfurt.de\\\/#\\\/schema\\\/person\\\/8e55ea338fb65d1ce87a91565d1f1739\"},\"headline\":\"Es geht wieder los: UNISTART an der Goethe-Universit\u00e4t\",\"datePublished\":\"2024-10-10T08:30:08+00:00\",\"dateModified\":\"2024-12-11T13:10:12+00:00\",\"mainEntityOfPage\":{\"@id\":\"https:\\\/\\\/aktuelles.uni-frankfurt.de\\\/studium\\\/es-geht-wieder-los-unistart-an-der-goethe-universitaet\\\/\"},\"wordCount\":362,\"publisher\":{\"@id\":\"https:\\\/\\\/aktuelles.uni-frankfurt.de\\\/#organization\"},\"image\":{\"@id\":\"https:\\\/\\\/aktuelles.uni-frankfurt.de\\\/studium\\\/es-geht-wieder-los-unistart-an-der-goethe-universitaet\\\/#primaryimage\"},\"thumbnailUrl\":\"https:\\\/\\\/aktuelles.uni-frankfurt.de\\\/wp-content\\\/uploads\\\/2024\\\/10\\\/beitragsbild_unistart-24-25.jpg\",\"keywords\":[\"Campus Westend\",\"Digitalisierung\"],\"articleSection\":[\"Studium\"],\"inLanguage\":\"en-GB\"},{\"@type\":\"WebPage\",\"@id\":\"https:\\\/\\\/aktuelles.uni-frankfurt.de\\\/studium\\\/es-geht-wieder-los-unistart-an-der-goethe-universitaet\\\/\",\"url\":\"https:\\\/\\\/aktuelles.uni-frankfurt.de\\\/studium\\\/es-geht-wieder-los-unistart-an-der-goethe-universitaet\\\/\",\"name\":\"Es geht wieder los: UNISTART an der Goethe-Universit\u00e4t | Aktuelles aus der Goethe-Universit\u00e4t Frankfurt\",\"isPartOf\":{\"@id\":\"https:\\\/\\\/aktuelles.uni-frankfurt.de\\\/#website\"},\"primaryImageOfPage\":{\"@id\":\"https:\\\/\\\/aktuelles.uni-frankfurt.de\\\/studium\\\/es-geht-wieder-los-unistart-an-der-goethe-universitaet\\\/#primaryimage\"},\"image\":{\"@id\":\"https:\\\/\\\/aktuelles.uni-frankfurt.de\\\/studium\\\/es-geht-wieder-los-unistart-an-der-goethe-universitaet\\\/#primaryimage\"},\"thumbnailUrl\":\"https:\\\/\\\/aktuelles.uni-frankfurt.de\\\/wp-content\\\/uploads\\\/2024\\\/10\\\/beitragsbild_unistart-24-25.jpg\",\"datePublished\":\"2024-10-10T08:30:08+00:00\",\"dateModified\":\"2024-12-11T13:10:12+00:00\",\"breadcrumb\":{\"@id\":\"https:\\\/\\\/aktuelles.uni-frankfurt.de\\\/studium\\\/es-geht-wieder-los-unistart-an-der-goethe-universitaet\\\/#breadcrumb\"},\"inLanguage\":\"en-GB\",\"potentialAction\":[{\"@type\":\"ReadAction\",\"target\":[\"https:\\\/\\\/aktuelles.uni-frankfurt.de\\\/studium\\\/es-geht-wieder-los-unistart-an-der-goethe-universitaet\\\/\"]}]},{\"@type\":\"ImageObject\",\"inLanguage\":\"en-GB\",\"@id\":\"https:\\\/\\\/aktuelles.uni-frankfurt.de\\\/studium\\\/es-geht-wieder-los-unistart-an-der-goethe-universitaet\\\/#primaryimage\",\"url\":\"https:\\\/\\\/aktuelles.uni-frankfurt.de\\\/wp-content\\\/uploads\\\/2024\\\/10\\\/beitragsbild_unistart-24-25.jpg\",\"contentUrl\":\"https:\\\/\\\/aktuelles.uni-frankfurt.de\\\/wp-content\\\/uploads\\\/2024\\\/10\\\/beitragsbild_unistart-24-25.jpg\",\"width\":650,\"height\":450},{\"@type\":\"BreadcrumbList\",\"@id\":\"https:\\\/\\\/aktuelles.uni-frankfurt.de\\\/studium\\\/es-geht-wieder-los-unistart-an-der-goethe-universitaet\\\/#breadcrumb\",\"itemListElement\":[{\"@type\":\"ListItem\",\"position\":1,\"name\":\"Startseite\",\"item\":\"https:\\\/\\\/aktuelles.uni-frankfurt.de\\\/\"},{\"@type\":\"ListItem\",\"position\":2,\"name\":\"Es geht wieder los: UNISTART an der Goethe-Universit\u00e4t\"}]},{\"@type\":\"WebSite\",\"@id\":\"https:\\\/\\\/aktuelles.uni-frankfurt.de\\\/#website\",\"url\":\"https:\\\/\\\/aktuelles.uni-frankfurt.de\\\/\",\"name\":\"Aktuelles aus der Goethe-Universit\u00e4t Frankfurt\",\"description\":\"Aktuelles aus der Goethe-Universit\u00e4t | Neues aus Forschung, Lehre, Studium\",\"publisher\":{\"@id\":\"https:\\\/\\\/aktuelles.uni-frankfurt.de\\\/#organization\"},\"potentialAction\":[{\"@type\":\"SearchAction\",\"target\":{\"@type\":\"EntryPoint\",\"urlTemplate\":\"https:\\\/\\\/aktuelles.uni-frankfurt.de\\\/?s={search_term_string}\"},\"query-input\":{\"@type\":\"PropertyValueSpecification\",\"valueRequired\":true,\"valueName\":\"search_term_string\"}}],\"inLanguage\":\"en-GB\"},{\"@type\":\"Organization\",\"@id\":\"https:\\\/\\\/aktuelles.uni-frankfurt.de\\\/#organization\",\"name\":\"Goethe-Universit\u00e4t\",\"url\":\"https:\\\/\\\/aktuelles.uni-frankfurt.de\\\/\",\"logo\":{\"@type\":\"ImageObject\",\"inLanguage\":\"en-GB\",\"@id\":\"https:\\\/\\\/aktuelles.uni-frankfurt.de\\\/#\\\/schema\\\/logo\\\/image\\\/\",\"url\":\"https:\\\/\\\/aktuelles.uni-frankfurt.de\\\/wp-content\\\/uploads\\\/2022\\\/03\\\/800px-Goethe-Logo.png\",\"contentUrl\":\"https:\\\/\\\/aktuelles.uni-frankfurt.de\\\/wp-content\\\/uploads\\\/2022\\\/03\\\/800px-Goethe-Logo.png\",\"width\":800,\"height\":436,\"caption\":\"Goethe-Universit\u00e4t\"},\"image\":{\"@id\":\"https:\\\/\\\/aktuelles.uni-frankfurt.de\\\/#\\\/schema\\\/logo\\\/image\\\/\"}},{\"@type\":\"Person\",\"@id\":\"https:\\\/\\\/aktuelles.uni-frankfurt.de\\\/#\\\/schema\\\/person\\\/8e55ea338fb65d1ce87a91565d1f1739\",\"name\":\"-\",\"description\":\"Dieser Beitrag wurde von der Online-Redaktion ver\u00f6ffentlicht. Wenn der Beitrag von einem Gastautoren verfasst wurde, findet sich dieser Hinweis am Ende des jeweiligen Artikels.\",\"sameAs\":[\"http:\\\/\\\/aktuelles.uni-frankfurt.de\\\/autoren\"],\"url\":\"https:\\\/\\\/aktuelles.uni-frankfurt.de\\\/en\\\/author\\\/redaktion\\\/\"}]}<\/script>\n<!-- \/ Yoast SEO plugin. -->","yoast_head_json":{"title":"Es geht wieder los: UNISTART an der Goethe-Universit\u00e4t | Aktuelles aus der Goethe-Universit\u00e4t Frankfurt","robots":{"index":"index","follow":"follow","max-snippet":"max-snippet:-1","max-image-preview":"max-image-preview:large","max-video-preview":"max-video-preview:-1"},"canonical":"https:\/\/aktuelles.uni-frankfurt.de\/en\/studium\/es-geht-wieder-los-unistart-an-der-goethe-universitaet\/","og_locale":"en_GB","og_type":"article","og_title":"Es geht wieder los: UNISTART an der Goethe-Universit\u00e4t | Aktuelles aus der Goethe-Universit\u00e4t Frankfurt","og_description":"Aufbruchsstimmung: Wer sich in diesen Tagen auf den Campi der Goethe-Universit\u00e4t bewegt, sp\u00fcrt die besondere Atmosph\u00e4re. Kurz vor Semesterbeginn finden sich viele junge Menschen ein, die in eine neue Lebensphase [&hellip;]","og_url":"https:\/\/aktuelles.uni-frankfurt.de\/en\/studium\/es-geht-wieder-los-unistart-an-der-goethe-universitaet\/","og_site_name":"Aktuelles aus der Goethe-Universit\u00e4t Frankfurt","article_published_time":"2024-10-10T08:30:08+00:00","article_modified_time":"2024-12-11T13:10:12+00:00","og_image":[{"width":650,"height":450,"url":"https:\/\/aktuelles.uni-frankfurt.de\/wp-content\/uploads\/2024\/10\/beitragsbild_unistart-24-25.jpg","type":"image\/jpeg"}],"author":"-","twitter_card":"summary_large_image","twitter_misc":{"Written by":"-","Estimated reading time":"2 minutes"},"schema":{"@context":"https:\/\/schema.org","@graph":[{"@type":"Article","@id":"https:\/\/aktuelles.uni-frankfurt.de\/studium\/es-geht-wieder-los-unistart-an-der-goethe-universitaet\/#article","isPartOf":{"@id":"https:\/\/aktuelles.uni-frankfurt.de\/studium\/es-geht-wieder-los-unistart-an-der-goethe-universitaet\/"},"author":{"name":"-","@id":"https:\/\/aktuelles.uni-frankfurt.de\/#\/schema\/person\/8e55ea338fb65d1ce87a91565d1f1739"},"headline":"Es geht wieder los: UNISTART an der Goethe-Universit\u00e4t","datePublished":"2024-10-10T08:30:08+00:00","dateModified":"2024-12-11T13:10:12+00:00","mainEntityOfPage":{"@id":"https:\/\/aktuelles.uni-frankfurt.de\/studium\/es-geht-wieder-los-unistart-an-der-goethe-universitaet\/"},"wordCount":362,"publisher":{"@id":"https:\/\/aktuelles.uni-frankfurt.de\/#organization"},"image":{"@id":"https:\/\/aktuelles.uni-frankfurt.de\/studium\/es-geht-wieder-los-unistart-an-der-goethe-universitaet\/#primaryimage"},"thumbnailUrl":"https:\/\/aktuelles.uni-frankfurt.de\/wp-content\/uploads\/2024\/10\/beitragsbild_unistart-24-25.jpg","keywords":["Campus Westend","Digitalisierung"],"articleSection":["Studium"],"inLanguage":"en-GB"},{"@type":"WebPage","@id":"https:\/\/aktuelles.uni-frankfurt.de\/studium\/es-geht-wieder-los-unistart-an-der-goethe-universitaet\/","url":"https:\/\/aktuelles.uni-frankfurt.de\/studium\/es-geht-wieder-los-unistart-an-der-goethe-universitaet\/","name":"Es geht wieder los: UNISTART an der Goethe-Universit\u00e4t | Aktuelles aus der Goethe-Universit\u00e4t Frankfurt","isPartOf":{"@id":"https:\/\/aktuelles.uni-frankfurt.de\/#website"},"primaryImageOfPage":{"@id":"https:\/\/aktuelles.uni-frankfurt.de\/studium\/es-geht-wieder-los-unistart-an-der-goethe-universitaet\/#primaryimage"},"image":{"@id":"https:\/\/aktuelles.uni-frankfurt.de\/studium\/es-geht-wieder-los-unistart-an-der-goethe-universitaet\/#primaryimage"},"thumbnailUrl":"https:\/\/aktuelles.uni-frankfurt.de\/wp-content\/uploads\/2024\/10\/beitragsbild_unistart-24-25.jpg","datePublished":"2024-10-10T08:30:08+00:00","dateModified":"2024-12-11T13:10:12+00:00","breadcrumb":{"@id":"https:\/\/aktuelles.uni-frankfurt.de\/studium\/es-geht-wieder-los-unistart-an-der-goethe-universitaet\/#breadcrumb"},"inLanguage":"en-GB","potentialAction":[{"@type":"ReadAction","target":["https:\/\/aktuelles.uni-frankfurt.de\/studium\/es-geht-wieder-los-unistart-an-der-goethe-universitaet\/"]}]},{"@type":"ImageObject","inLanguage":"en-GB","@id":"https:\/\/aktuelles.uni-frankfurt.de\/studium\/es-geht-wieder-los-unistart-an-der-goethe-universitaet\/#primaryimage","url":"https:\/\/aktuelles.uni-frankfurt.de\/wp-content\/uploads\/2024\/10\/beitragsbild_unistart-24-25.jpg","contentUrl":"https:\/\/aktuelles.uni-frankfurt.de\/wp-content\/uploads\/2024\/10\/beitragsbild_unistart-24-25.jpg","width":650,"height":450},{"@type":"BreadcrumbList","@id":"https:\/\/aktuelles.uni-frankfurt.de\/studium\/es-geht-wieder-los-unistart-an-der-goethe-universitaet\/#breadcrumb","itemListElement":[{"@type":"ListItem","position":1,"name":"Startseite","item":"https:\/\/aktuelles.uni-frankfurt.de\/"},{"@type":"ListItem","position":2,"name":"Es geht wieder los: UNISTART an der Goethe-Universit\u00e4t"}]},{"@type":"WebSite","@id":"https:\/\/aktuelles.uni-frankfurt.de\/#website","url":"https:\/\/aktuelles.uni-frankfurt.de\/","name":"Aktuelles aus der Goethe-Universit\u00e4t Frankfurt","description":"Aktuelles aus der Goethe-Universit\u00e4t | Neues aus Forschung, Lehre, Studium","publisher":{"@id":"https:\/\/aktuelles.uni-frankfurt.de\/#organization"},"potentialAction":[{"@type":"SearchAction","target":{"@type":"EntryPoint","urlTemplate":"https:\/\/aktuelles.uni-frankfurt.de\/?s={search_term_string}"},"query-input":{"@type":"PropertyValueSpecification","valueRequired":true,"valueName":"search_term_string"}}],"inLanguage":"en-GB"},{"@type":"Organization","@id":"https:\/\/aktuelles.uni-frankfurt.de\/#organization","name":"Goethe University Frankfurt","url":"https:\/\/aktuelles.uni-frankfurt.de\/","logo":{"@type":"ImageObject","inLanguage":"en-GB","@id":"https:\/\/aktuelles.uni-frankfurt.de\/#\/schema\/logo\/image\/","url":"https:\/\/aktuelles.uni-frankfurt.de\/wp-content\/uploads\/2022\/03\/800px-Goethe-Logo.png","contentUrl":"https:\/\/aktuelles.uni-frankfurt.de\/wp-content\/uploads\/2022\/03\/800px-Goethe-Logo.png","width":800,"height":436,"caption":"Goethe-Universit\u00e4t"},"image":{"@id":"https:\/\/aktuelles.uni-frankfurt.de\/#\/schema\/logo\/image\/"}},{"@type":"Person","@id":"https:\/\/aktuelles.uni-frankfurt.de\/#\/schema\/person\/8e55ea338fb65d1ce87a91565d1f1739","name":"-","description":"Dieser Beitrag wurde von der Online-Redaktion ver\u00f6ffentlicht. Wenn der Beitrag von einem Gastautoren verfasst wurde, findet sich dieser Hinweis am Ende des jeweiligen Artikels.","sameAs":["http:\/\/aktuelles.uni-frankfurt.de\/autoren"],"url":"https:\/\/aktuelles.uni-frankfurt.de\/en\/author\/redaktion\/"}]}},"_links":{"self":[{"href":"https:\/\/aktuelles.uni-frankfurt.de\/en\/wp-json\/wp\/v2\/posts\/81080","targetHints":{"allow":["GET"]}}],"collection":[{"href":"https:\/\/aktuelles.uni-frankfurt.de\/en\/wp-json\/wp\/v2\/posts"}],"about":[{"href":"https:\/\/aktuelles.uni-frankfurt.de\/en\/wp-json\/wp\/v2\/types\/post"}],"author":[{"embeddable":true,"href":"https:\/\/aktuelles.uni-frankfurt.de\/en\/wp-json\/wp\/v2\/users\/8"}],"replies":[{"embeddable":true,"href":"https:\/\/aktuelles.uni-frankfurt.de\/en\/wp-json\/wp\/v2\/comments?post=81080"}],"version-history":[{"count":0,"href":"https:\/\/aktuelles.uni-frankfurt.de\/en\/wp-json\/wp\/v2\/posts\/81080\/revisions"}],"wp:featuredmedia":[{"embeddable":true,"href":"https:\/\/aktuelles.uni-frankfurt.de\/en\/wp-json\/wp\/v2\/media\/81081"}],"wp:attachment":[{"href":"https:\/\/aktuelles.uni-frankfurt.de\/en\/wp-json\/wp\/v2\/media?parent=81080"}],"wp:term":[{"taxonomy":"category","embeddable":true,"href":"https:\/\/aktuelles.uni-frankfurt.de\/en\/wp-json\/wp\/v2\/categories?post=81080"},{"taxonomy":"post_tag","embeddable":true,"href":"https:\/\/aktuelles.uni-frankfurt.de\/en\/wp-json\/wp\/v2\/tags?post=81080"},{"taxonomy":"post_folder","embeddable":true,"href":"https:\/\/aktuelles.uni-frankfurt.de\/en\/wp-json\/wp\/v2\/post_folder?post=81080"}],"curies":[{"name":"wp","href":"https:\/\/api.w.org\/{rel}","templated":true}]}}