{"id":81148,"date":"2024-10-14T16:45:59","date_gmt":"2024-10-14T14:45:59","guid":{"rendered":"https:\/\/aktuelles.uni-frankfurt.de\/?p=81148"},"modified":"2024-10-18T09:10:59","modified_gmt":"2024-10-18T07:10:59","slug":"die-goethe-universitaet-auf-der-frankfurter-buchmesse-2024","status":"publish","type":"post","link":"https:\/\/aktuelles.uni-frankfurt.de\/en\/unireport\/die-goethe-universitaet-auf-der-frankfurter-buchmesse-2024\/","title":{"rendered":"Die Goethe-Universit\u00e4t auf der Frankfurter Buchmesse 2024"},"content":{"rendered":"<figure class=\"wp-block-image aligncenter size-full\"><img fetchpriority=\"high\" decoding=\"async\" width=\"650\" height=\"450\" src=\"https:\/\/aktuelles.uni-frankfurt.de\/wp-content\/uploads\/2024\/10\/beitragsbild_Frankfurter-Buchmesse-2024_d.jpg\" alt=\"\" class=\"wp-image-81149\" srcset=\"https:\/\/aktuelles.uni-frankfurt.de\/wp-content\/uploads\/2024\/10\/beitragsbild_Frankfurter-Buchmesse-2024_d.jpg 650w, https:\/\/aktuelles.uni-frankfurt.de\/wp-content\/uploads\/2024\/10\/beitragsbild_Frankfurter-Buchmesse-2024_d-300x208.jpg 300w, https:\/\/aktuelles.uni-frankfurt.de\/wp-content\/uploads\/2024\/10\/beitragsbild_Frankfurter-Buchmesse-2024_d-500x346.jpg 500w, https:\/\/aktuelles.uni-frankfurt.de\/wp-content\/uploads\/2024\/10\/beitragsbild_Frankfurter-Buchmesse-2024_d-18x12.jpg 18w\" sizes=\"(max-width: 650px) 100vw, 650px\" \/><\/figure>\n\n\n\n<div style=\"height:20px\" aria-hidden=\"true\" class=\"wp-block-spacer\"><\/div>\n\n\n\n<h3 class=\"wp-block-heading\">NEXUS \u2013 mit Systemsturz in die Zukunft?<\/h3>\n\n\n\n<p><em>Eine Diskussion mit Yuval Noah Harari und Kohei Saito unter Teilnahme von Studierenden der Goethe-Universit\u00e4t<\/em><\/p>\n\n\n\n<p>Hilft auf dem Weg in eine lebenswerte Zukunft nur noch ein Systemsturz? \u00dcber diese Frage diskutieren der israelische Historiker und Bestseller-Autor Yuval Noah Harari und der japanische Philosoph und Kapitalismuskritiker Kohei Saito auf der Frankfurter Buchmesse. Mit dabei: Zwei Studentinnen der Goethe-Universit\u00e4t, die gegen Ende der Podiumsdiskussion in das Gespr\u00e4ch miteinbezogen werden. Yuval Noah Harari wurde mit dem Buch \u201eEine kurze Geschichte der Menschheit\u201c weltber\u00fchmt. In seinem neuen Werk \u201eNexus\u201c thematisiert er die Gefahr, dass die Informationsnetzwerke der Gegenwart die Zukunft der Menschheit zerst\u00f6ren k\u00f6nnen. Kohei Saito formuliert in seinem SPIEGEL-Bestseller \u201eSystemsturz\u201c eine radikale Wachstumskritik an der Weltwirtschaft. Dabei pl\u00e4diert er f\u00fcr eine demokratische Reform von Arbeit und Produktion aus marxistischer Perspektive. Die Veranstaltung findet im Rahmen des kulturpolitischen Programms Frankfurt Calling der Frankfurter Buchmesse in Kooperation mit S\u00fcddeutsche Zeitung und der Goethe-Universit\u00e4t statt<\/p>\n\n\n\n<p class=\"has-background\" style=\"background-color:#eeeeee\"><strong>Mittwoch, 16. Oktober, 19.30 Uhr (Einlass: 18.30 Uhr)<br><\/strong>Congress Center Messe Frankfurt &#8211; Ebene 2, Saal Harmonie,<br>Frankfurter Buchmesse, Ludwig-Erhard-Anlage 1,<br>60327 Frankfurt am Main<br><a href=\"https:\/\/connect.buchmesse.de\/newfront\/sessions\/6736\">Link zur Veranstaltung<\/a><\/p>\n\n\n\n<div style=\"height:20px\" aria-hidden=\"true\" class=\"wp-block-spacer\"><\/div>\n\n\n\n<h3 class=\"wp-block-heading\">Wer bist du, wenn du aus zwei Welten kommst? Ennatu Domingo im Gespr\u00e4ch mit ihrem deutschen \u00dcbersetzer Michael Ebmeyer<\/h3>\n\n\n\n<p>In Der Geruch von verbranntem Eukalyptus (Orlanda Verlag) erz\u00e4hlt Ennatu Domingo aus ihrem Leben als M\u00e4dchen im l\u00e4ndlichen \u00c4thiopien, ehe sie nach dem Tod der Mutter und des Bruders als Siebenj\u00e4hrige Anfang der 2000er-Jahre von einer katalanischen Familie adoptiert wird. Als Erwachsene l\u00e4sst ihr die Frage nach den Ursachen f\u00fcr das Elend der \u00e4thiopischen Landbev\u00f6lkerung, vor allem der Frauen, keine Ruhe. Ennatu Domingo arbeitet im katalanischen Regionalparlament und in diversen europ\u00e4ischen Institutionen. Ihr autobiographischer Erz\u00e4hlband erscheint kurz vor der Frankfurter Buchmesse. Im Gespr\u00e4ch mit ihrem deutschen \u00dcbersetzer Michael Ebmeyer spricht sie \u00fcber Herkunft, Zugeh\u00f6rigkeit und die Bedeutung von Sprache.<\/p>\n\n\n\n<p>Eine Veranstaltung im Rahmen der Frankfurter Buchmesse, organisiert vom Orlanda Verlag und dem Instituts f\u00fcr Romanistik der Goethe-Universit\u00e4t, mit freundlicher Unterst\u00fctzung&nbsp; des katalanischen Kulturinstituts Ramon Llull. <\/p>\n\n\n\n<p class=\"has-background\" style=\"background-color:#eeeeee\"><strong>Freitag, 18. Oktober 2024, 18 Uhr<\/strong><br>Romanfabrik, Hanauer Landstr. 186, <br>60314 Frankfurt am Main<br><a href=\"https:\/\/www.romanfabrik.de\/programm\/detailansicht\/termin\/wer-bist-du-wenn-du-aus-zwei-welten-kommst\">Link zur Veranstaltung<\/a><\/p>\n\n\n\n<div style=\"height:20px\" aria-hidden=\"true\" class=\"wp-block-spacer\"><\/div>\n\n\n\n<h3 class=\"wp-block-heading\">Science Talk \u201eWissen angezapft\u201c<\/h3>\n\n\n\n<p>Statt tief in weich gepolsterte Sessel zu sinken und zwischen Tresen und Kunstobjekten dem lockeren Gespr\u00e4ch mit Wissenschaftlern zu lauschen \u2013 so wie zuletzt im Kunstverein Familie Montez \u2013, erwartet die Besucher*innen des n\u00e4chsten Science Talk der Trubel und die Spotlights der weltweit gr\u00f6\u00dften Buchmesse: Auf deren Einladung n\u00e4mlich findet \u201eWissen angezapft\u201c in deren Hallen statt. Der Ort hat gewechselt, doch das Konzept bleibt: Und dazu geh\u00f6ren zwei Wissenschaftler, die erz\u00e4hlen, wie sie wurden, was sie sind und was sie an ihrer Forschung fasziniert. Diesmal sind es die Astrophysikerin Camilla Juul Hansen, die unter anderem davon berichtet, wie die Milchstra\u00dfe entstanden ist, und der Politikwissenschaftler Cord Schmelzle, der dazu forscht, wie viel Moral die Demokratie ertr\u00e4gt \u2013 und braucht. Mit dabei ist auch wieder die Moderatorin und Kabarettistin Britta Hoffmann sowie ein musikalischer Beitrag, diesmal von dem Vocalensemble \u201eEt Hepera\u201c gestaltet.<\/p>\n\n\n\n<p class=\"has-background\" style=\"background-color:#eeeeee\"><strong>Samstag, 19. Oktober 2024, 17 Uhr<br><\/strong>Young Professionals Day, Stage 4.0 (Standnummer H104),<br>Frankfurter Buchmesse, Ludwig-Erhard-Anlage 1,<br>60327 Frankfurt am Main<br><a href=\"https:\/\/connect.buchmesse.de\/newfront\/sessions\/7356\">Link zur Veranstaltung<\/a><\/p>\n\n\n\n<div style=\"height:20px\" aria-hidden=\"true\" class=\"wp-block-spacer\"><\/div>\n\n\n\n<h3 class=\"wp-block-heading\">Roundtable \u201eGrenzen \u00fcberschreiten\u201c<\/h3>\n\n\n\n<p>Am Abschlusstag der Buchmesse diskutieren die Literaturwissenschaftlerin Eva Meineke und der Kulturwissenschaftler Robert Lukenda (Goethe-Universit\u00e4t) mit der italienischen Germanistin und Autorin Maddalena Fingerle und der \u00dcbersetzerin Sonja Finck. Im Podiumsgespr\u00e4ch mit dem Thema \u201eGrenzen \u00fcberschreiten. Literatur und Mehrsprachigkeit im Zeichen erstarkender Nationalismen: Italien, Frankreich, Deutschland\u201c geht es um Sprachmischung in der Literatur, Sprachen des Populismus, die Herausforderungen des \u00dcbersetzens von Literatur und neue Tendenzen auf dem italienischen, franz\u00f6sischen und deutschen Buchmarkt. Die Veranstaltung findet statt in Zusammenarbeit mit dem Verband deutschsprachiger \u00dcbersetzer*innen, dem RMU-Italienforum, dem Institut franco-allemand, der Villa Vigoni, der Frankfurter Stiftung f\u00fcr deutsch-italienische Studien sowie dem Master Internationale Literaturen und Buchm\u00e4rkte (Universit\u00e4ten Frankfurt\/Marburg\/Buchmesse Frankfurt).<\/p>\n\n\n\n<p class=\"has-background\" style=\"background-color:#eeeeee\"><strong>Sonntag, 20. Oktober, 10 bis 11 Uhr<br><\/strong>Centre of Words (Halle 4.1, F21)<br>Frankfurter Buchmesse, Ludwig-Erhard-Anlage 1,<br>60327 Frankfurt am Main<br><a href=\"https:\/\/connect.buchmesse.de\/newfront\/sessions\/8658\">Link zur Veranstaltung<\/a><\/p>\n\n\n\n<div style=\"height:20px\" aria-hidden=\"true\" class=\"wp-block-spacer\"><\/div>\n\n\n\n<h3 class=\"wp-block-heading\">Johnny auf der Frankfurter Buchmesse<\/h3>\n\n\n\n<p>Die Literaturzeitschrift Johnny, seit 2014 von Studierenden der Goethe-Universit\u00e4t organisiert, wird auch in diesem Jahr wieder auf der Frankfurter Buchmesse vertreten sein: Johnny ist Teil des Gemeinschaftsstandes des Landes Hessen und freut sich \u00fcber Besuch. <\/p>\n\n\n\n<p class=\"has-background\" style=\"background-color:#eeeeee\"><strong>Halle 3.1, Stand D99.<\/strong><br><a href=\"https:\/\/connect.buchmesse.de\/newfront\/exhibitor\/studentische-literaturzeitschrift-johnny--co-schreibzentrum-der-goethe-universitt\">Link zum Aussteller<\/a><\/p>","protected":false},"excerpt":{"rendered":"<p>NEXUS \u2013 mit Systemsturz in die Zukunft? Eine Diskussion mit Yuval Noah Harari und Kohei Saito unter Teilnahme von Studierenden der Goethe-Universit\u00e4t Hilft auf dem Weg in eine lebenswerte Zukunft [&hellip;]<\/p>\n","protected":false},"author":8,"featured_media":81201,"comment_status":"closed","ping_status":"closed","sticky":false,"template":"","format":"standard","meta":{"_eb_attr":"","_price":"","_stock":"","_tribe_ticket_header":"","_tribe_default_ticket_provider":"","_ticket_start_date":"","_ticket_end_date":"","_tribe_ticket_show_description":"","_tribe_ticket_show_not_going":false,"_tribe_ticket_use_global_stock":"","_tribe_ticket_global_stock_level":"","_global_stock_mode":"","_global_stock_cap":"","_tribe_rsvp_for_event":"","_tribe_ticket_going_count":"","_tribe_ticket_not_going_count":"","_tribe_tickets_list":"[]","_tribe_ticket_has_attendee_info_fields":false,"footnotes":""},"categories":[173,12],"tags":[305,388],"post_folder":[],"class_list":["post-81148","post","type-post","status-publish","format-standard","has-post-thumbnail","hentry","category-unireport","category-veranstaltungen","tag-transfer","tag-unireport-5-24"],"yoast_head":"<!-- This site is optimized with the Yoast SEO plugin v27.5 - https:\/\/yoast.com\/product\/yoast-seo-wordpress\/ -->\n<title>Die Goethe-Universit\u00e4t auf der Frankfurter Buchmesse 2024 | Aktuelles aus der Goethe-Universit\u00e4t Frankfurt<\/title>\n<meta name=\"robots\" content=\"index, follow, max-snippet:-1, max-image-preview:large, max-video-preview:-1\" \/>\n<link rel=\"canonical\" href=\"https:\/\/aktuelles.uni-frankfurt.de\/en\/unireport\/die-goethe-universitaet-auf-der-frankfurter-buchmesse-2024\/\" \/>\n<meta property=\"og:locale\" content=\"en_GB\" \/>\n<meta property=\"og:type\" content=\"article\" \/>\n<meta property=\"og:title\" content=\"Die Goethe-Universit\u00e4t auf der Frankfurter Buchmesse 2024 | Aktuelles aus der Goethe-Universit\u00e4t Frankfurt\" \/>\n<meta property=\"og:description\" content=\"NEXUS \u2013 mit Systemsturz in die Zukunft? Eine Diskussion mit Yuval Noah Harari und Kohei Saito unter Teilnahme von Studierenden der Goethe-Universit\u00e4t Hilft auf dem Weg in eine lebenswerte Zukunft [&hellip;]\" \/>\n<meta property=\"og:url\" content=\"https:\/\/aktuelles.uni-frankfurt.de\/en\/unireport\/die-goethe-universitaet-auf-der-frankfurter-buchmesse-2024\/\" \/>\n<meta property=\"og:site_name\" content=\"Aktuelles aus der Goethe-Universit\u00e4t Frankfurt\" \/>\n<meta property=\"article:published_time\" content=\"2024-10-14T14:45:59+00:00\" \/>\n<meta property=\"article:modified_time\" content=\"2024-10-18T07:10:59+00:00\" \/>\n<meta property=\"og:image\" content=\"https:\/\/aktuelles.uni-frankfurt.de\/wp-content\/uploads\/2024\/10\/beitragsbild_buchmesse-foto-dirk-frank.jpg\" \/>\n\t<meta property=\"og:image:width\" content=\"650\" \/>\n\t<meta property=\"og:image:height\" content=\"450\" \/>\n\t<meta property=\"og:image:type\" content=\"image\/jpeg\" \/>\n<meta name=\"author\" content=\"-\" \/>\n<meta name=\"twitter:card\" content=\"summary_large_image\" \/>\n<meta name=\"twitter:label1\" content=\"Written by\" \/>\n\t<meta name=\"twitter:data1\" content=\"-\" \/>\n\t<meta name=\"twitter:label2\" content=\"Estimated reading time\" \/>\n\t<meta name=\"twitter:data2\" content=\"4 minutes\" \/>\n<script type=\"application\/ld+json\" class=\"yoast-schema-graph\">{\"@context\":\"https:\\\/\\\/schema.org\",\"@graph\":[{\"@type\":\"Article\",\"@id\":\"https:\\\/\\\/aktuelles.uni-frankfurt.de\\\/unireport\\\/die-goethe-universitaet-auf-der-frankfurter-buchmesse-2024\\\/#article\",\"isPartOf\":{\"@id\":\"https:\\\/\\\/aktuelles.uni-frankfurt.de\\\/unireport\\\/die-goethe-universitaet-auf-der-frankfurter-buchmesse-2024\\\/\"},\"author\":{\"name\":\"-\",\"@id\":\"https:\\\/\\\/aktuelles.uni-frankfurt.de\\\/#\\\/schema\\\/person\\\/8e55ea338fb65d1ce87a91565d1f1739\"},\"headline\":\"Die Goethe-Universit\u00e4t auf der Frankfurter Buchmesse 2024\",\"datePublished\":\"2024-10-14T14:45:59+00:00\",\"dateModified\":\"2024-10-18T07:10:59+00:00\",\"mainEntityOfPage\":{\"@id\":\"https:\\\/\\\/aktuelles.uni-frankfurt.de\\\/unireport\\\/die-goethe-universitaet-auf-der-frankfurter-buchmesse-2024\\\/\"},\"wordCount\":717,\"publisher\":{\"@id\":\"https:\\\/\\\/aktuelles.uni-frankfurt.de\\\/#organization\"},\"image\":{\"@id\":\"https:\\\/\\\/aktuelles.uni-frankfurt.de\\\/unireport\\\/die-goethe-universitaet-auf-der-frankfurter-buchmesse-2024\\\/#primaryimage\"},\"thumbnailUrl\":\"https:\\\/\\\/aktuelles.uni-frankfurt.de\\\/wp-content\\\/uploads\\\/2024\\\/10\\\/beitragsbild_buchmesse-foto-dirk-frank.jpg\",\"keywords\":[\"Transfer\",\"UniReport 5.24\"],\"articleSection\":[\"UniReport\",\"Veranstaltungen\"],\"inLanguage\":\"en-GB\"},{\"@type\":\"WebPage\",\"@id\":\"https:\\\/\\\/aktuelles.uni-frankfurt.de\\\/unireport\\\/die-goethe-universitaet-auf-der-frankfurter-buchmesse-2024\\\/\",\"url\":\"https:\\\/\\\/aktuelles.uni-frankfurt.de\\\/unireport\\\/die-goethe-universitaet-auf-der-frankfurter-buchmesse-2024\\\/\",\"name\":\"Die Goethe-Universit\u00e4t auf der Frankfurter Buchmesse 2024 | Aktuelles aus der Goethe-Universit\u00e4t Frankfurt\",\"isPartOf\":{\"@id\":\"https:\\\/\\\/aktuelles.uni-frankfurt.de\\\/#website\"},\"primaryImageOfPage\":{\"@id\":\"https:\\\/\\\/aktuelles.uni-frankfurt.de\\\/unireport\\\/die-goethe-universitaet-auf-der-frankfurter-buchmesse-2024\\\/#primaryimage\"},\"image\":{\"@id\":\"https:\\\/\\\/aktuelles.uni-frankfurt.de\\\/unireport\\\/die-goethe-universitaet-auf-der-frankfurter-buchmesse-2024\\\/#primaryimage\"},\"thumbnailUrl\":\"https:\\\/\\\/aktuelles.uni-frankfurt.de\\\/wp-content\\\/uploads\\\/2024\\\/10\\\/beitragsbild_buchmesse-foto-dirk-frank.jpg\",\"datePublished\":\"2024-10-14T14:45:59+00:00\",\"dateModified\":\"2024-10-18T07:10:59+00:00\",\"breadcrumb\":{\"@id\":\"https:\\\/\\\/aktuelles.uni-frankfurt.de\\\/unireport\\\/die-goethe-universitaet-auf-der-frankfurter-buchmesse-2024\\\/#breadcrumb\"},\"inLanguage\":\"en-GB\",\"potentialAction\":[{\"@type\":\"ReadAction\",\"target\":[\"https:\\\/\\\/aktuelles.uni-frankfurt.de\\\/unireport\\\/die-goethe-universitaet-auf-der-frankfurter-buchmesse-2024\\\/\"]}]},{\"@type\":\"ImageObject\",\"inLanguage\":\"en-GB\",\"@id\":\"https:\\\/\\\/aktuelles.uni-frankfurt.de\\\/unireport\\\/die-goethe-universitaet-auf-der-frankfurter-buchmesse-2024\\\/#primaryimage\",\"url\":\"https:\\\/\\\/aktuelles.uni-frankfurt.de\\\/wp-content\\\/uploads\\\/2024\\\/10\\\/beitragsbild_buchmesse-foto-dirk-frank.jpg\",\"contentUrl\":\"https:\\\/\\\/aktuelles.uni-frankfurt.de\\\/wp-content\\\/uploads\\\/2024\\\/10\\\/beitragsbild_buchmesse-foto-dirk-frank.jpg\",\"width\":650,\"height\":450},{\"@type\":\"BreadcrumbList\",\"@id\":\"https:\\\/\\\/aktuelles.uni-frankfurt.de\\\/unireport\\\/die-goethe-universitaet-auf-der-frankfurter-buchmesse-2024\\\/#breadcrumb\",\"itemListElement\":[{\"@type\":\"ListItem\",\"position\":1,\"name\":\"Startseite\",\"item\":\"https:\\\/\\\/aktuelles.uni-frankfurt.de\\\/\"},{\"@type\":\"ListItem\",\"position\":2,\"name\":\"Die Goethe-Universit\u00e4t auf der Frankfurter Buchmesse 2024\"}]},{\"@type\":\"WebSite\",\"@id\":\"https:\\\/\\\/aktuelles.uni-frankfurt.de\\\/#website\",\"url\":\"https:\\\/\\\/aktuelles.uni-frankfurt.de\\\/\",\"name\":\"Aktuelles aus der Goethe-Universit\u00e4t Frankfurt\",\"description\":\"Aktuelles aus der Goethe-Universit\u00e4t | Neues aus Forschung, Lehre, Studium\",\"publisher\":{\"@id\":\"https:\\\/\\\/aktuelles.uni-frankfurt.de\\\/#organization\"},\"potentialAction\":[{\"@type\":\"SearchAction\",\"target\":{\"@type\":\"EntryPoint\",\"urlTemplate\":\"https:\\\/\\\/aktuelles.uni-frankfurt.de\\\/?s={search_term_string}\"},\"query-input\":{\"@type\":\"PropertyValueSpecification\",\"valueRequired\":true,\"valueName\":\"search_term_string\"}}],\"inLanguage\":\"en-GB\"},{\"@type\":\"Organization\",\"@id\":\"https:\\\/\\\/aktuelles.uni-frankfurt.de\\\/#organization\",\"name\":\"Goethe-Universit\u00e4t\",\"url\":\"https:\\\/\\\/aktuelles.uni-frankfurt.de\\\/\",\"logo\":{\"@type\":\"ImageObject\",\"inLanguage\":\"en-GB\",\"@id\":\"https:\\\/\\\/aktuelles.uni-frankfurt.de\\\/#\\\/schema\\\/logo\\\/image\\\/\",\"url\":\"https:\\\/\\\/aktuelles.uni-frankfurt.de\\\/wp-content\\\/uploads\\\/2022\\\/03\\\/800px-Goethe-Logo.png\",\"contentUrl\":\"https:\\\/\\\/aktuelles.uni-frankfurt.de\\\/wp-content\\\/uploads\\\/2022\\\/03\\\/800px-Goethe-Logo.png\",\"width\":800,\"height\":436,\"caption\":\"Goethe-Universit\u00e4t\"},\"image\":{\"@id\":\"https:\\\/\\\/aktuelles.uni-frankfurt.de\\\/#\\\/schema\\\/logo\\\/image\\\/\"}},{\"@type\":\"Person\",\"@id\":\"https:\\\/\\\/aktuelles.uni-frankfurt.de\\\/#\\\/schema\\\/person\\\/8e55ea338fb65d1ce87a91565d1f1739\",\"name\":\"-\",\"description\":\"Dieser Beitrag wurde von der Online-Redaktion ver\u00f6ffentlicht. Wenn der Beitrag von einem Gastautoren verfasst wurde, findet sich dieser Hinweis am Ende des jeweiligen Artikels.\",\"sameAs\":[\"http:\\\/\\\/aktuelles.uni-frankfurt.de\\\/autoren\"],\"url\":\"https:\\\/\\\/aktuelles.uni-frankfurt.de\\\/en\\\/author\\\/redaktion\\\/\"}]}<\/script>\n<!-- \/ Yoast SEO plugin. -->","yoast_head_json":{"title":"Die Goethe-Universit\u00e4t auf der Frankfurter Buchmesse 2024 | Aktuelles aus der Goethe-Universit\u00e4t Frankfurt","robots":{"index":"index","follow":"follow","max-snippet":"max-snippet:-1","max-image-preview":"max-image-preview:large","max-video-preview":"max-video-preview:-1"},"canonical":"https:\/\/aktuelles.uni-frankfurt.de\/en\/unireport\/die-goethe-universitaet-auf-der-frankfurter-buchmesse-2024\/","og_locale":"en_GB","og_type":"article","og_title":"Die Goethe-Universit\u00e4t auf der Frankfurter Buchmesse 2024 | Aktuelles aus der Goethe-Universit\u00e4t Frankfurt","og_description":"NEXUS \u2013 mit Systemsturz in die Zukunft? Eine Diskussion mit Yuval Noah Harari und Kohei Saito unter Teilnahme von Studierenden der Goethe-Universit\u00e4t Hilft auf dem Weg in eine lebenswerte Zukunft [&hellip;]","og_url":"https:\/\/aktuelles.uni-frankfurt.de\/en\/unireport\/die-goethe-universitaet-auf-der-frankfurter-buchmesse-2024\/","og_site_name":"Aktuelles aus der Goethe-Universit\u00e4t Frankfurt","article_published_time":"2024-10-14T14:45:59+00:00","article_modified_time":"2024-10-18T07:10:59+00:00","og_image":[{"width":650,"height":450,"url":"https:\/\/aktuelles.uni-frankfurt.de\/wp-content\/uploads\/2024\/10\/beitragsbild_buchmesse-foto-dirk-frank.jpg","type":"image\/jpeg"}],"author":"-","twitter_card":"summary_large_image","twitter_misc":{"Written by":"-","Estimated reading time":"4 minutes"},"schema":{"@context":"https:\/\/schema.org","@graph":[{"@type":"Article","@id":"https:\/\/aktuelles.uni-frankfurt.de\/unireport\/die-goethe-universitaet-auf-der-frankfurter-buchmesse-2024\/#article","isPartOf":{"@id":"https:\/\/aktuelles.uni-frankfurt.de\/unireport\/die-goethe-universitaet-auf-der-frankfurter-buchmesse-2024\/"},"author":{"name":"-","@id":"https:\/\/aktuelles.uni-frankfurt.de\/#\/schema\/person\/8e55ea338fb65d1ce87a91565d1f1739"},"headline":"Die Goethe-Universit\u00e4t auf der Frankfurter Buchmesse 2024","datePublished":"2024-10-14T14:45:59+00:00","dateModified":"2024-10-18T07:10:59+00:00","mainEntityOfPage":{"@id":"https:\/\/aktuelles.uni-frankfurt.de\/unireport\/die-goethe-universitaet-auf-der-frankfurter-buchmesse-2024\/"},"wordCount":717,"publisher":{"@id":"https:\/\/aktuelles.uni-frankfurt.de\/#organization"},"image":{"@id":"https:\/\/aktuelles.uni-frankfurt.de\/unireport\/die-goethe-universitaet-auf-der-frankfurter-buchmesse-2024\/#primaryimage"},"thumbnailUrl":"https:\/\/aktuelles.uni-frankfurt.de\/wp-content\/uploads\/2024\/10\/beitragsbild_buchmesse-foto-dirk-frank.jpg","keywords":["Transfer","UniReport 5.24"],"articleSection":["UniReport","Veranstaltungen"],"inLanguage":"en-GB"},{"@type":"WebPage","@id":"https:\/\/aktuelles.uni-frankfurt.de\/unireport\/die-goethe-universitaet-auf-der-frankfurter-buchmesse-2024\/","url":"https:\/\/aktuelles.uni-frankfurt.de\/unireport\/die-goethe-universitaet-auf-der-frankfurter-buchmesse-2024\/","name":"Die Goethe-Universit\u00e4t auf der Frankfurter Buchmesse 2024 | Aktuelles aus der Goethe-Universit\u00e4t Frankfurt","isPartOf":{"@id":"https:\/\/aktuelles.uni-frankfurt.de\/#website"},"primaryImageOfPage":{"@id":"https:\/\/aktuelles.uni-frankfurt.de\/unireport\/die-goethe-universitaet-auf-der-frankfurter-buchmesse-2024\/#primaryimage"},"image":{"@id":"https:\/\/aktuelles.uni-frankfurt.de\/unireport\/die-goethe-universitaet-auf-der-frankfurter-buchmesse-2024\/#primaryimage"},"thumbnailUrl":"https:\/\/aktuelles.uni-frankfurt.de\/wp-content\/uploads\/2024\/10\/beitragsbild_buchmesse-foto-dirk-frank.jpg","datePublished":"2024-10-14T14:45:59+00:00","dateModified":"2024-10-18T07:10:59+00:00","breadcrumb":{"@id":"https:\/\/aktuelles.uni-frankfurt.de\/unireport\/die-goethe-universitaet-auf-der-frankfurter-buchmesse-2024\/#breadcrumb"},"inLanguage":"en-GB","potentialAction":[{"@type":"ReadAction","target":["https:\/\/aktuelles.uni-frankfurt.de\/unireport\/die-goethe-universitaet-auf-der-frankfurter-buchmesse-2024\/"]}]},{"@type":"ImageObject","inLanguage":"en-GB","@id":"https:\/\/aktuelles.uni-frankfurt.de\/unireport\/die-goethe-universitaet-auf-der-frankfurter-buchmesse-2024\/#primaryimage","url":"https:\/\/aktuelles.uni-frankfurt.de\/wp-content\/uploads\/2024\/10\/beitragsbild_buchmesse-foto-dirk-frank.jpg","contentUrl":"https:\/\/aktuelles.uni-frankfurt.de\/wp-content\/uploads\/2024\/10\/beitragsbild_buchmesse-foto-dirk-frank.jpg","width":650,"height":450},{"@type":"BreadcrumbList","@id":"https:\/\/aktuelles.uni-frankfurt.de\/unireport\/die-goethe-universitaet-auf-der-frankfurter-buchmesse-2024\/#breadcrumb","itemListElement":[{"@type":"ListItem","position":1,"name":"Startseite","item":"https:\/\/aktuelles.uni-frankfurt.de\/"},{"@type":"ListItem","position":2,"name":"Die Goethe-Universit\u00e4t auf der Frankfurter Buchmesse 2024"}]},{"@type":"WebSite","@id":"https:\/\/aktuelles.uni-frankfurt.de\/#website","url":"https:\/\/aktuelles.uni-frankfurt.de\/","name":"Aktuelles aus der Goethe-Universit\u00e4t Frankfurt","description":"Aktuelles aus der Goethe-Universit\u00e4t | Neues aus Forschung, Lehre, Studium","publisher":{"@id":"https:\/\/aktuelles.uni-frankfurt.de\/#organization"},"potentialAction":[{"@type":"SearchAction","target":{"@type":"EntryPoint","urlTemplate":"https:\/\/aktuelles.uni-frankfurt.de\/?s={search_term_string}"},"query-input":{"@type":"PropertyValueSpecification","valueRequired":true,"valueName":"search_term_string"}}],"inLanguage":"en-GB"},{"@type":"Organization","@id":"https:\/\/aktuelles.uni-frankfurt.de\/#organization","name":"Goethe University Frankfurt","url":"https:\/\/aktuelles.uni-frankfurt.de\/","logo":{"@type":"ImageObject","inLanguage":"en-GB","@id":"https:\/\/aktuelles.uni-frankfurt.de\/#\/schema\/logo\/image\/","url":"https:\/\/aktuelles.uni-frankfurt.de\/wp-content\/uploads\/2022\/03\/800px-Goethe-Logo.png","contentUrl":"https:\/\/aktuelles.uni-frankfurt.de\/wp-content\/uploads\/2022\/03\/800px-Goethe-Logo.png","width":800,"height":436,"caption":"Goethe-Universit\u00e4t"},"image":{"@id":"https:\/\/aktuelles.uni-frankfurt.de\/#\/schema\/logo\/image\/"}},{"@type":"Person","@id":"https:\/\/aktuelles.uni-frankfurt.de\/#\/schema\/person\/8e55ea338fb65d1ce87a91565d1f1739","name":"-","description":"Dieser Beitrag wurde von der Online-Redaktion ver\u00f6ffentlicht. Wenn der Beitrag von einem Gastautoren verfasst wurde, findet sich dieser Hinweis am Ende des jeweiligen Artikels.","sameAs":["http:\/\/aktuelles.uni-frankfurt.de\/autoren"],"url":"https:\/\/aktuelles.uni-frankfurt.de\/en\/author\/redaktion\/"}]}},"_links":{"self":[{"href":"https:\/\/aktuelles.uni-frankfurt.de\/en\/wp-json\/wp\/v2\/posts\/81148","targetHints":{"allow":["GET"]}}],"collection":[{"href":"https:\/\/aktuelles.uni-frankfurt.de\/en\/wp-json\/wp\/v2\/posts"}],"about":[{"href":"https:\/\/aktuelles.uni-frankfurt.de\/en\/wp-json\/wp\/v2\/types\/post"}],"author":[{"embeddable":true,"href":"https:\/\/aktuelles.uni-frankfurt.de\/en\/wp-json\/wp\/v2\/users\/8"}],"replies":[{"embeddable":true,"href":"https:\/\/aktuelles.uni-frankfurt.de\/en\/wp-json\/wp\/v2\/comments?post=81148"}],"version-history":[{"count":0,"href":"https:\/\/aktuelles.uni-frankfurt.de\/en\/wp-json\/wp\/v2\/posts\/81148\/revisions"}],"wp:featuredmedia":[{"embeddable":true,"href":"https:\/\/aktuelles.uni-frankfurt.de\/en\/wp-json\/wp\/v2\/media\/81201"}],"wp:attachment":[{"href":"https:\/\/aktuelles.uni-frankfurt.de\/en\/wp-json\/wp\/v2\/media?parent=81148"}],"wp:term":[{"taxonomy":"category","embeddable":true,"href":"https:\/\/aktuelles.uni-frankfurt.de\/en\/wp-json\/wp\/v2\/categories?post=81148"},{"taxonomy":"post_tag","embeddable":true,"href":"https:\/\/aktuelles.uni-frankfurt.de\/en\/wp-json\/wp\/v2\/tags?post=81148"},{"taxonomy":"post_folder","embeddable":true,"href":"https:\/\/aktuelles.uni-frankfurt.de\/en\/wp-json\/wp\/v2\/post_folder?post=81148"}],"curies":[{"name":"wp","href":"https:\/\/api.w.org\/{rel}","templated":true}]}}