{"id":81512,"date":"2024-11-07T10:29:37","date_gmt":"2024-11-07T09:29:37","guid":{"rendered":"https:\/\/aktuelles.uni-frankfurt.de\/?p=81512"},"modified":"2024-11-07T10:52:27","modified_gmt":"2024-11-07T09:52:27","slug":"sigmund-freud-preis-fuer-karl-heinz-kohl","status":"publish","type":"post","link":"https:\/\/aktuelles.uni-frankfurt.de\/en\/menschen\/sigmund-freud-preis-fuer-karl-heinz-kohl\/","title":{"rendered":"Sigmund-Freud-Preis f\u00fcr Karl-Heinz Kohl"},"content":{"rendered":"<figure class=\"wp-block-image aligncenter size-full\"><img fetchpriority=\"high\" decoding=\"async\" width=\"650\" height=\"450\" src=\"https:\/\/aktuelles.uni-frankfurt.de\/wp-content\/uploads\/2024\/11\/beitragsbild_DASD_Preisverleihung_2024-KHK.png\" alt=\"\" class=\"wp-image-81513\" srcset=\"https:\/\/aktuelles.uni-frankfurt.de\/wp-content\/uploads\/2024\/11\/beitragsbild_DASD_Preisverleihung_2024-KHK.png 650w, https:\/\/aktuelles.uni-frankfurt.de\/wp-content\/uploads\/2024\/11\/beitragsbild_DASD_Preisverleihung_2024-KHK-300x208.png 300w, https:\/\/aktuelles.uni-frankfurt.de\/wp-content\/uploads\/2024\/11\/beitragsbild_DASD_Preisverleihung_2024-KHK-500x346.png 500w, https:\/\/aktuelles.uni-frankfurt.de\/wp-content\/uploads\/2024\/11\/beitragsbild_DASD_Preisverleihung_2024-KHK-18x12.png 18w\" sizes=\"(max-width: 650px) 100vw, 650px\" \/><figcaption class=\"wp-element-caption\">Bildunterschrift: Karl-Heinz Kohl, bis 2016 Leiter des Frobenius-Instituts und Ethnologie-Professor an der Goethe-Universit\u00e4t, erhielt den Sigmund-Freud-Preis f\u00fcr wissenschaftliche Prosa aus den H\u00e4nden von Ingo Schulze, dem Pr\u00e4sidenten der Deutschen Akademie f\u00fcr Sprache und Dichtung. Foto: Deutsche Akademie\/Andreas Reeg<\/figcaption><\/figure>\n\n\n\n<div style=\"height:20px\" aria-hidden=\"true\" class=\"wp-block-spacer\"><\/div>\n\n\n\n<p>Prof. Karl-Heinz Kohl, von 1996 bis 2016 Professor f\u00fcr Kultur- und V\u00f6lkerkunde am Institut f\u00fcr Ethnologie der Goethe-Universit\u00e4t, ist von der Deutschen Akademie f\u00fcr Sprache und Dichtung mit dem Sigmund-Freud-Preis f\u00fcr wissenschaftliche Prosa ausgezeichnet worden. Der Preis ist mit 20.000 Euro dotiert und wurde zusammen mit dem Georg-B\u00fcchner-Preis im Staatstheater Darmstadt vergeben. Kohls Schriften best\u00e4chen durch die \u201eKlarheit der Darstellung, mit der sie die historische Urteilskraft sch\u00e4rfen\u201c, hei\u00dft es in der Begr\u00fcndung der Jury. Stets lebe seine Sprache von der Vermittlung zwischen Reflexion und Anschauung. In Kohls Werk, so die Jury, lernten die Europ\u00e4er durch die Anerkennung der indigenen Kulturen, wer sie selbst seien.<\/p>\n\n\n\n<p>Die Laudatio hielt die Anglistin und Literaturwissenschaftlerin Prof. Aleida Assmann. Sie stellte Kohl als Experten der Fremdheit vor. Die Begegnung mit \u201edem Fremden\u201c sowie die Reflexion dar\u00fcber, werde zum fremden Blick auf das nur scheinbar Altbekannte. Kohl selbst sprach \u00fcber die Entwicklungen seines Faches, der Ethnologie, \u00fcber das \u201eunselige B\u00fcndnis\u201c, das sie im 19. Jahrhundert mit dem europ\u00e4ischen Kolonialsystem eingegangen war. Er erinnerte aber auch an kritische Stimmen aus der Ethnologie, wie die von Adolf Bastian (1826\u20131905), der von einer \u201eFeuerbrunst der Zivilisation\u201c gesprochen habe, die \u00fcber die indigenen Kulturen hinweggegangen sei. Mit Blick auf aktuelle Debatten erinnerte Kohl daran, dass die \u201eUnterscheidung zwischen dem Eigenen und dem Fremden die Voraussetzung eines jeden verstehenden Zugangs\u201c sei. Karl-Heinz Kohl kam 1948 in F\u00fcrth zur Welt. Nach dem Studium der Religions- und Geistesgeschichte, der Religionswissenschaft, Ethnologie, Philosophie und Geschichte in Erlangen und Berlin wurde er 1986 habilitiert. 1989 wurde er auf den ethnologischen Lehrstuhl der Universit\u00e4t Mainz berufen. 1996 kam er an die Goethe-Universit\u00e4t, wo er bis 2016 auch die Leitung des Frobenius-Instituts f\u00fcr kulturanthropologische Forschung innehatte. Seine Forschungsreisen f\u00fchrten ihn nach Ostindonesien, Nigeria, an die amerikanische Nordwestk\u00fcste, in den S\u00fcdwesten der USA und nach Mikronesien.<\/p>","protected":false},"excerpt":{"rendered":"<p>Prof. Karl-Heinz Kohl, von 1996 bis 2016 Professor f\u00fcr Kultur- und V\u00f6lkerkunde am Institut f\u00fcr Ethnologie der Goethe-Universit\u00e4t, ist von der Deutschen Akademie f\u00fcr Sprache und Dichtung mit dem Sigmund-Freud-Preis [&hellip;]<\/p>\n","protected":false},"author":5,"featured_media":81513,"comment_status":"closed","ping_status":"closed","sticky":false,"template":"","format":"standard","meta":{"_eb_attr":"","_price":"","_stock":"","_tribe_ticket_header":"","_tribe_default_ticket_provider":"","_ticket_start_date":"","_ticket_end_date":"","_tribe_ticket_show_description":"","_tribe_ticket_show_not_going":false,"_tribe_ticket_use_global_stock":"","_tribe_ticket_global_stock_level":"","_global_stock_mode":"","_global_stock_cap":"","_tribe_rsvp_for_event":"","_tribe_ticket_going_count":"","_tribe_ticket_not_going_count":"","_tribe_tickets_list":"[]","_tribe_ticket_has_attendee_info_fields":false,"footnotes":""},"categories":[4,6],"tags":[64,40],"post_folder":[],"class_list":["post-81512","post","type-post","status-publish","format-standard","has-post-thumbnail","hentry","category-gesellschaft","category-menschen","tag-preis","tag-preistraeger"],"yoast_head":"<!-- This site is optimized with the Yoast SEO plugin v27.5 - https:\/\/yoast.com\/product\/yoast-seo-wordpress\/ -->\n<title>Sigmund-Freud-Preis f\u00fcr Karl-Heinz Kohl | Aktuelles aus der Goethe-Universit\u00e4t Frankfurt<\/title>\n<meta name=\"robots\" content=\"index, follow, max-snippet:-1, max-image-preview:large, max-video-preview:-1\" \/>\n<link rel=\"canonical\" href=\"https:\/\/aktuelles.uni-frankfurt.de\/en\/menschen\/sigmund-freud-preis-fuer-karl-heinz-kohl\/\" \/>\n<meta property=\"og:locale\" content=\"en_GB\" \/>\n<meta property=\"og:type\" content=\"article\" \/>\n<meta property=\"og:title\" content=\"Sigmund-Freud-Preis f\u00fcr Karl-Heinz Kohl | Aktuelles aus der Goethe-Universit\u00e4t Frankfurt\" \/>\n<meta property=\"og:description\" content=\"Prof. Karl-Heinz Kohl, von 1996 bis 2016 Professor f\u00fcr Kultur- und V\u00f6lkerkunde am Institut f\u00fcr Ethnologie der Goethe-Universit\u00e4t, ist von der Deutschen Akademie f\u00fcr Sprache und Dichtung mit dem Sigmund-Freud-Preis [&hellip;]\" \/>\n<meta property=\"og:url\" content=\"https:\/\/aktuelles.uni-frankfurt.de\/en\/menschen\/sigmund-freud-preis-fuer-karl-heinz-kohl\/\" \/>\n<meta property=\"og:site_name\" content=\"Aktuelles aus der Goethe-Universit\u00e4t Frankfurt\" \/>\n<meta property=\"article:published_time\" content=\"2024-11-07T09:29:37+00:00\" \/>\n<meta property=\"article:modified_time\" content=\"2024-11-07T09:52:27+00:00\" \/>\n<meta property=\"og:image\" content=\"https:\/\/aktuelles.uni-frankfurt.de\/wp-content\/uploads\/2024\/11\/beitragsbild_DASD_Preisverleihung_2024-KHK.png\" \/>\n\t<meta property=\"og:image:width\" content=\"650\" \/>\n\t<meta property=\"og:image:height\" content=\"450\" \/>\n\t<meta property=\"og:image:type\" content=\"image\/png\" \/>\n<meta name=\"author\" content=\"Dr. Anke Sauter\" \/>\n<meta name=\"twitter:card\" content=\"summary_large_image\" \/>\n<meta name=\"twitter:label1\" content=\"Written by\" \/>\n\t<meta name=\"twitter:data1\" content=\"Dr. Anke Sauter\" \/>\n\t<meta name=\"twitter:label2\" content=\"Estimated reading time\" \/>\n\t<meta name=\"twitter:data2\" content=\"2 minutes\" \/>\n<script type=\"application\/ld+json\" class=\"yoast-schema-graph\">{\"@context\":\"https:\\\/\\\/schema.org\",\"@graph\":[{\"@type\":\"Article\",\"@id\":\"https:\\\/\\\/aktuelles.uni-frankfurt.de\\\/menschen\\\/sigmund-freud-preis-fuer-karl-heinz-kohl\\\/#article\",\"isPartOf\":{\"@id\":\"https:\\\/\\\/aktuelles.uni-frankfurt.de\\\/menschen\\\/sigmund-freud-preis-fuer-karl-heinz-kohl\\\/\"},\"author\":{\"name\":\"Dr. Anke Sauter\",\"@id\":\"https:\\\/\\\/aktuelles.uni-frankfurt.de\\\/#\\\/schema\\\/person\\\/1b9eb6fa6c6aed90031661dd4e37970d\"},\"headline\":\"Sigmund-Freud-Preis f\u00fcr Karl-Heinz Kohl\",\"datePublished\":\"2024-11-07T09:29:37+00:00\",\"dateModified\":\"2024-11-07T09:52:27+00:00\",\"mainEntityOfPage\":{\"@id\":\"https:\\\/\\\/aktuelles.uni-frankfurt.de\\\/menschen\\\/sigmund-freud-preis-fuer-karl-heinz-kohl\\\/\"},\"wordCount\":358,\"publisher\":{\"@id\":\"https:\\\/\\\/aktuelles.uni-frankfurt.de\\\/#organization\"},\"image\":{\"@id\":\"https:\\\/\\\/aktuelles.uni-frankfurt.de\\\/menschen\\\/sigmund-freud-preis-fuer-karl-heinz-kohl\\\/#primaryimage\"},\"thumbnailUrl\":\"https:\\\/\\\/aktuelles.uni-frankfurt.de\\\/wp-content\\\/uploads\\\/2024\\\/11\\\/beitragsbild_DASD_Preisverleihung_2024-KHK.png\",\"keywords\":[\"Preis\",\"Preistr\u00e4ger\"],\"articleSection\":[\"Gesellschaft\",\"Menschen\"],\"inLanguage\":\"en-GB\"},{\"@type\":\"WebPage\",\"@id\":\"https:\\\/\\\/aktuelles.uni-frankfurt.de\\\/menschen\\\/sigmund-freud-preis-fuer-karl-heinz-kohl\\\/\",\"url\":\"https:\\\/\\\/aktuelles.uni-frankfurt.de\\\/menschen\\\/sigmund-freud-preis-fuer-karl-heinz-kohl\\\/\",\"name\":\"Sigmund-Freud-Preis f\u00fcr Karl-Heinz Kohl | Aktuelles aus der Goethe-Universit\u00e4t Frankfurt\",\"isPartOf\":{\"@id\":\"https:\\\/\\\/aktuelles.uni-frankfurt.de\\\/#website\"},\"primaryImageOfPage\":{\"@id\":\"https:\\\/\\\/aktuelles.uni-frankfurt.de\\\/menschen\\\/sigmund-freud-preis-fuer-karl-heinz-kohl\\\/#primaryimage\"},\"image\":{\"@id\":\"https:\\\/\\\/aktuelles.uni-frankfurt.de\\\/menschen\\\/sigmund-freud-preis-fuer-karl-heinz-kohl\\\/#primaryimage\"},\"thumbnailUrl\":\"https:\\\/\\\/aktuelles.uni-frankfurt.de\\\/wp-content\\\/uploads\\\/2024\\\/11\\\/beitragsbild_DASD_Preisverleihung_2024-KHK.png\",\"datePublished\":\"2024-11-07T09:29:37+00:00\",\"dateModified\":\"2024-11-07T09:52:27+00:00\",\"breadcrumb\":{\"@id\":\"https:\\\/\\\/aktuelles.uni-frankfurt.de\\\/menschen\\\/sigmund-freud-preis-fuer-karl-heinz-kohl\\\/#breadcrumb\"},\"inLanguage\":\"en-GB\",\"potentialAction\":[{\"@type\":\"ReadAction\",\"target\":[\"https:\\\/\\\/aktuelles.uni-frankfurt.de\\\/menschen\\\/sigmund-freud-preis-fuer-karl-heinz-kohl\\\/\"]}]},{\"@type\":\"ImageObject\",\"inLanguage\":\"en-GB\",\"@id\":\"https:\\\/\\\/aktuelles.uni-frankfurt.de\\\/menschen\\\/sigmund-freud-preis-fuer-karl-heinz-kohl\\\/#primaryimage\",\"url\":\"https:\\\/\\\/aktuelles.uni-frankfurt.de\\\/wp-content\\\/uploads\\\/2024\\\/11\\\/beitragsbild_DASD_Preisverleihung_2024-KHK.png\",\"contentUrl\":\"https:\\\/\\\/aktuelles.uni-frankfurt.de\\\/wp-content\\\/uploads\\\/2024\\\/11\\\/beitragsbild_DASD_Preisverleihung_2024-KHK.png\",\"width\":650,\"height\":450,\"caption\":\"Bildunterschrift: Karl-Heinz Kohl, bis 2016 Leiter des Frobenius-Instituts und Ethnologie-Professor an der Goethe-Universit\u00e4t, erhielt den Sigmund-Freud-Preis f\u00fcr wissenschaftliche Prosa aus den H\u00e4nden von Ingo Schulze, dem Pr\u00e4sidenten der Deutschen Akademie f\u00fcr Sprache und Dichtung. Foto: Deutsche Akademie\\\/Andreas Reeg\"},{\"@type\":\"BreadcrumbList\",\"@id\":\"https:\\\/\\\/aktuelles.uni-frankfurt.de\\\/menschen\\\/sigmund-freud-preis-fuer-karl-heinz-kohl\\\/#breadcrumb\",\"itemListElement\":[{\"@type\":\"ListItem\",\"position\":1,\"name\":\"Startseite\",\"item\":\"https:\\\/\\\/aktuelles.uni-frankfurt.de\\\/\"},{\"@type\":\"ListItem\",\"position\":2,\"name\":\"Sigmund-Freud-Preis f\u00fcr Karl-Heinz Kohl\"}]},{\"@type\":\"WebSite\",\"@id\":\"https:\\\/\\\/aktuelles.uni-frankfurt.de\\\/#website\",\"url\":\"https:\\\/\\\/aktuelles.uni-frankfurt.de\\\/\",\"name\":\"Aktuelles aus der Goethe-Universit\u00e4t Frankfurt\",\"description\":\"Aktuelles aus der Goethe-Universit\u00e4t | Neues aus Forschung, Lehre, Studium\",\"publisher\":{\"@id\":\"https:\\\/\\\/aktuelles.uni-frankfurt.de\\\/#organization\"},\"potentialAction\":[{\"@type\":\"SearchAction\",\"target\":{\"@type\":\"EntryPoint\",\"urlTemplate\":\"https:\\\/\\\/aktuelles.uni-frankfurt.de\\\/?s={search_term_string}\"},\"query-input\":{\"@type\":\"PropertyValueSpecification\",\"valueRequired\":true,\"valueName\":\"search_term_string\"}}],\"inLanguage\":\"en-GB\"},{\"@type\":\"Organization\",\"@id\":\"https:\\\/\\\/aktuelles.uni-frankfurt.de\\\/#organization\",\"name\":\"Goethe-Universit\u00e4t\",\"url\":\"https:\\\/\\\/aktuelles.uni-frankfurt.de\\\/\",\"logo\":{\"@type\":\"ImageObject\",\"inLanguage\":\"en-GB\",\"@id\":\"https:\\\/\\\/aktuelles.uni-frankfurt.de\\\/#\\\/schema\\\/logo\\\/image\\\/\",\"url\":\"https:\\\/\\\/aktuelles.uni-frankfurt.de\\\/wp-content\\\/uploads\\\/2022\\\/03\\\/800px-Goethe-Logo.png\",\"contentUrl\":\"https:\\\/\\\/aktuelles.uni-frankfurt.de\\\/wp-content\\\/uploads\\\/2022\\\/03\\\/800px-Goethe-Logo.png\",\"width\":800,\"height\":436,\"caption\":\"Goethe-Universit\u00e4t\"},\"image\":{\"@id\":\"https:\\\/\\\/aktuelles.uni-frankfurt.de\\\/#\\\/schema\\\/logo\\\/image\\\/\"}},{\"@type\":\"Person\",\"@id\":\"https:\\\/\\\/aktuelles.uni-frankfurt.de\\\/#\\\/schema\\\/person\\\/1b9eb6fa6c6aed90031661dd4e37970d\",\"name\":\"Dr. Anke Sauter\",\"description\":\"Dr. Anke Sauter hat in Bamberg Germanistik, Journalistik und Geografie studiert, mit einer Dissertation \u00fcber den Sprachlehrer und Fremdwortpuristen Eduard Engel wurde sie promoviert. Sie arbeitet als Wissenschaftsredakteurin in der Abteilung Marketing und Kommunikation der Goethe-Universit\u00e4t.\",\"sameAs\":[\"http:\\\/\\\/aktuelles.uni-frankfurt.de\\\/\"],\"url\":\"https:\\\/\\\/aktuelles.uni-frankfurt.de\\\/en\\\/author\\\/dr-ankesauter\\\/\"}]}<\/script>\n<!-- \/ Yoast SEO plugin. -->","yoast_head_json":{"title":"Sigmund-Freud-Preis f\u00fcr Karl-Heinz Kohl | Aktuelles aus der Goethe-Universit\u00e4t Frankfurt","robots":{"index":"index","follow":"follow","max-snippet":"max-snippet:-1","max-image-preview":"max-image-preview:large","max-video-preview":"max-video-preview:-1"},"canonical":"https:\/\/aktuelles.uni-frankfurt.de\/en\/menschen\/sigmund-freud-preis-fuer-karl-heinz-kohl\/","og_locale":"en_GB","og_type":"article","og_title":"Sigmund-Freud-Preis f\u00fcr Karl-Heinz Kohl | Aktuelles aus der Goethe-Universit\u00e4t Frankfurt","og_description":"Prof. Karl-Heinz Kohl, von 1996 bis 2016 Professor f\u00fcr Kultur- und V\u00f6lkerkunde am Institut f\u00fcr Ethnologie der Goethe-Universit\u00e4t, ist von der Deutschen Akademie f\u00fcr Sprache und Dichtung mit dem Sigmund-Freud-Preis [&hellip;]","og_url":"https:\/\/aktuelles.uni-frankfurt.de\/en\/menschen\/sigmund-freud-preis-fuer-karl-heinz-kohl\/","og_site_name":"Aktuelles aus der Goethe-Universit\u00e4t Frankfurt","article_published_time":"2024-11-07T09:29:37+00:00","article_modified_time":"2024-11-07T09:52:27+00:00","og_image":[{"width":650,"height":450,"url":"https:\/\/aktuelles.uni-frankfurt.de\/wp-content\/uploads\/2024\/11\/beitragsbild_DASD_Preisverleihung_2024-KHK.png","type":"image\/png"}],"author":"Dr. Anke Sauter","twitter_card":"summary_large_image","twitter_misc":{"Written by":"Dr. Anke Sauter","Estimated reading time":"2 minutes"},"schema":{"@context":"https:\/\/schema.org","@graph":[{"@type":"Article","@id":"https:\/\/aktuelles.uni-frankfurt.de\/menschen\/sigmund-freud-preis-fuer-karl-heinz-kohl\/#article","isPartOf":{"@id":"https:\/\/aktuelles.uni-frankfurt.de\/menschen\/sigmund-freud-preis-fuer-karl-heinz-kohl\/"},"author":{"name":"Dr. Anke Sauter","@id":"https:\/\/aktuelles.uni-frankfurt.de\/#\/schema\/person\/1b9eb6fa6c6aed90031661dd4e37970d"},"headline":"Sigmund-Freud-Preis f\u00fcr Karl-Heinz Kohl","datePublished":"2024-11-07T09:29:37+00:00","dateModified":"2024-11-07T09:52:27+00:00","mainEntityOfPage":{"@id":"https:\/\/aktuelles.uni-frankfurt.de\/menschen\/sigmund-freud-preis-fuer-karl-heinz-kohl\/"},"wordCount":358,"publisher":{"@id":"https:\/\/aktuelles.uni-frankfurt.de\/#organization"},"image":{"@id":"https:\/\/aktuelles.uni-frankfurt.de\/menschen\/sigmund-freud-preis-fuer-karl-heinz-kohl\/#primaryimage"},"thumbnailUrl":"https:\/\/aktuelles.uni-frankfurt.de\/wp-content\/uploads\/2024\/11\/beitragsbild_DASD_Preisverleihung_2024-KHK.png","keywords":["Preis","Preistr\u00e4ger"],"articleSection":["Gesellschaft","Menschen"],"inLanguage":"en-GB"},{"@type":"WebPage","@id":"https:\/\/aktuelles.uni-frankfurt.de\/menschen\/sigmund-freud-preis-fuer-karl-heinz-kohl\/","url":"https:\/\/aktuelles.uni-frankfurt.de\/menschen\/sigmund-freud-preis-fuer-karl-heinz-kohl\/","name":"Sigmund-Freud-Preis f\u00fcr Karl-Heinz Kohl | Aktuelles aus der Goethe-Universit\u00e4t Frankfurt","isPartOf":{"@id":"https:\/\/aktuelles.uni-frankfurt.de\/#website"},"primaryImageOfPage":{"@id":"https:\/\/aktuelles.uni-frankfurt.de\/menschen\/sigmund-freud-preis-fuer-karl-heinz-kohl\/#primaryimage"},"image":{"@id":"https:\/\/aktuelles.uni-frankfurt.de\/menschen\/sigmund-freud-preis-fuer-karl-heinz-kohl\/#primaryimage"},"thumbnailUrl":"https:\/\/aktuelles.uni-frankfurt.de\/wp-content\/uploads\/2024\/11\/beitragsbild_DASD_Preisverleihung_2024-KHK.png","datePublished":"2024-11-07T09:29:37+00:00","dateModified":"2024-11-07T09:52:27+00:00","breadcrumb":{"@id":"https:\/\/aktuelles.uni-frankfurt.de\/menschen\/sigmund-freud-preis-fuer-karl-heinz-kohl\/#breadcrumb"},"inLanguage":"en-GB","potentialAction":[{"@type":"ReadAction","target":["https:\/\/aktuelles.uni-frankfurt.de\/menschen\/sigmund-freud-preis-fuer-karl-heinz-kohl\/"]}]},{"@type":"ImageObject","inLanguage":"en-GB","@id":"https:\/\/aktuelles.uni-frankfurt.de\/menschen\/sigmund-freud-preis-fuer-karl-heinz-kohl\/#primaryimage","url":"https:\/\/aktuelles.uni-frankfurt.de\/wp-content\/uploads\/2024\/11\/beitragsbild_DASD_Preisverleihung_2024-KHK.png","contentUrl":"https:\/\/aktuelles.uni-frankfurt.de\/wp-content\/uploads\/2024\/11\/beitragsbild_DASD_Preisverleihung_2024-KHK.png","width":650,"height":450,"caption":"Bildunterschrift: Karl-Heinz Kohl, bis 2016 Leiter des Frobenius-Instituts und Ethnologie-Professor an der Goethe-Universit\u00e4t, erhielt den Sigmund-Freud-Preis f\u00fcr wissenschaftliche Prosa aus den H\u00e4nden von Ingo Schulze, dem Pr\u00e4sidenten der Deutschen Akademie f\u00fcr Sprache und Dichtung. Foto: Deutsche Akademie\/Andreas Reeg"},{"@type":"BreadcrumbList","@id":"https:\/\/aktuelles.uni-frankfurt.de\/menschen\/sigmund-freud-preis-fuer-karl-heinz-kohl\/#breadcrumb","itemListElement":[{"@type":"ListItem","position":1,"name":"Startseite","item":"https:\/\/aktuelles.uni-frankfurt.de\/"},{"@type":"ListItem","position":2,"name":"Sigmund-Freud-Preis f\u00fcr Karl-Heinz Kohl"}]},{"@type":"WebSite","@id":"https:\/\/aktuelles.uni-frankfurt.de\/#website","url":"https:\/\/aktuelles.uni-frankfurt.de\/","name":"Aktuelles aus der Goethe-Universit\u00e4t Frankfurt","description":"Aktuelles aus der Goethe-Universit\u00e4t | Neues aus Forschung, Lehre, Studium","publisher":{"@id":"https:\/\/aktuelles.uni-frankfurt.de\/#organization"},"potentialAction":[{"@type":"SearchAction","target":{"@type":"EntryPoint","urlTemplate":"https:\/\/aktuelles.uni-frankfurt.de\/?s={search_term_string}"},"query-input":{"@type":"PropertyValueSpecification","valueRequired":true,"valueName":"search_term_string"}}],"inLanguage":"en-GB"},{"@type":"Organization","@id":"https:\/\/aktuelles.uni-frankfurt.de\/#organization","name":"Goethe University Frankfurt","url":"https:\/\/aktuelles.uni-frankfurt.de\/","logo":{"@type":"ImageObject","inLanguage":"en-GB","@id":"https:\/\/aktuelles.uni-frankfurt.de\/#\/schema\/logo\/image\/","url":"https:\/\/aktuelles.uni-frankfurt.de\/wp-content\/uploads\/2022\/03\/800px-Goethe-Logo.png","contentUrl":"https:\/\/aktuelles.uni-frankfurt.de\/wp-content\/uploads\/2022\/03\/800px-Goethe-Logo.png","width":800,"height":436,"caption":"Goethe-Universit\u00e4t"},"image":{"@id":"https:\/\/aktuelles.uni-frankfurt.de\/#\/schema\/logo\/image\/"}},{"@type":"Person","@id":"https:\/\/aktuelles.uni-frankfurt.de\/#\/schema\/person\/1b9eb6fa6c6aed90031661dd4e37970d","name":"Dr. Anke Sauter","description":"Dr. Anke Sauter hat in Bamberg Germanistik, Journalistik und Geografie studiert, mit einer Dissertation \u00fcber den Sprachlehrer und Fremdwortpuristen Eduard Engel wurde sie promoviert. Sie arbeitet als Wissenschaftsredakteurin in der Abteilung Marketing und Kommunikation der Goethe-Universit\u00e4t.","sameAs":["http:\/\/aktuelles.uni-frankfurt.de\/"],"url":"https:\/\/aktuelles.uni-frankfurt.de\/en\/author\/dr-ankesauter\/"}]}},"_links":{"self":[{"href":"https:\/\/aktuelles.uni-frankfurt.de\/en\/wp-json\/wp\/v2\/posts\/81512","targetHints":{"allow":["GET"]}}],"collection":[{"href":"https:\/\/aktuelles.uni-frankfurt.de\/en\/wp-json\/wp\/v2\/posts"}],"about":[{"href":"https:\/\/aktuelles.uni-frankfurt.de\/en\/wp-json\/wp\/v2\/types\/post"}],"author":[{"embeddable":true,"href":"https:\/\/aktuelles.uni-frankfurt.de\/en\/wp-json\/wp\/v2\/users\/5"}],"replies":[{"embeddable":true,"href":"https:\/\/aktuelles.uni-frankfurt.de\/en\/wp-json\/wp\/v2\/comments?post=81512"}],"version-history":[{"count":0,"href":"https:\/\/aktuelles.uni-frankfurt.de\/en\/wp-json\/wp\/v2\/posts\/81512\/revisions"}],"wp:featuredmedia":[{"embeddable":true,"href":"https:\/\/aktuelles.uni-frankfurt.de\/en\/wp-json\/wp\/v2\/media\/81513"}],"wp:attachment":[{"href":"https:\/\/aktuelles.uni-frankfurt.de\/en\/wp-json\/wp\/v2\/media?parent=81512"}],"wp:term":[{"taxonomy":"category","embeddable":true,"href":"https:\/\/aktuelles.uni-frankfurt.de\/en\/wp-json\/wp\/v2\/categories?post=81512"},{"taxonomy":"post_tag","embeddable":true,"href":"https:\/\/aktuelles.uni-frankfurt.de\/en\/wp-json\/wp\/v2\/tags?post=81512"},{"taxonomy":"post_folder","embeddable":true,"href":"https:\/\/aktuelles.uni-frankfurt.de\/en\/wp-json\/wp\/v2\/post_folder?post=81512"}],"curies":[{"name":"wp","href":"https:\/\/api.w.org\/{rel}","templated":true}]}}