{"id":81538,"date":"2024-11-11T10:49:36","date_gmt":"2024-11-11T09:49:36","guid":{"rendered":"https:\/\/aktuelles.uni-frankfurt.de\/?p=81538"},"modified":"2024-11-11T14:34:23","modified_gmt":"2024-11-11T13:34:23","slug":"semesterstart-fuer-das-academic-welcome-program","status":"publish","type":"post","link":"https:\/\/aktuelles.uni-frankfurt.de\/en\/hochschule\/semesterstart-fuer-das-academic-welcome-program\/","title":{"rendered":"Semesterstart f\u00fcr das Academic Welcome Program"},"content":{"rendered":"<h3 class=\"wp-block-heading\">Von Kabul bis Kyjiw: 50 Personen, 50 Lebensgeschichten, 50 unterschiedliche Zukunftsperspektiven<\/h3>\n\n\n\n<p><strong>Am 1. Oktober nahm das Academic Welcome Program (AWP) for highly qualified refugees zum Semesterstart 50 Gefl\u00fcchtete auf, die nun ihre studienvorbereitenden Deutschkurse beginnen. Zudem erhalten die Teilnehmenden des durch das Land Hessen unterst\u00fctzten Programms, welches die Goethe-Universit\u00e4t 2015 zum Zeitpunkt der damaligen Fl\u00fcchtlingskrise in Europa&nbsp;ins Leben rief, eine Vielzahl an weiteren Unterst\u00fctzungsangeboten, inklusive M\u00f6glichkeiten der sozialen Vernetzung.<\/strong><\/p>\n\n\n\n<figure class=\"wp-block-image aligncenter size-full\"><img fetchpriority=\"high\" decoding=\"async\" width=\"650\" height=\"450\" src=\"https:\/\/aktuelles.uni-frankfurt.de\/wp-content\/uploads\/2024\/11\/beitragsbild_semesterstart-academic-welcome-programm-2024.jpg\" alt=\"\" class=\"wp-image-81541\" srcset=\"https:\/\/aktuelles.uni-frankfurt.de\/wp-content\/uploads\/2024\/11\/beitragsbild_semesterstart-academic-welcome-programm-2024.jpg 650w, https:\/\/aktuelles.uni-frankfurt.de\/wp-content\/uploads\/2024\/11\/beitragsbild_semesterstart-academic-welcome-programm-2024-300x208.jpg 300w, https:\/\/aktuelles.uni-frankfurt.de\/wp-content\/uploads\/2024\/11\/beitragsbild_semesterstart-academic-welcome-programm-2024-500x346.jpg 500w, https:\/\/aktuelles.uni-frankfurt.de\/wp-content\/uploads\/2024\/11\/beitragsbild_semesterstart-academic-welcome-programm-2024-18x12.jpg 18w\" sizes=\"(max-width: 650px) 100vw, 650px\" \/><figcaption class=\"wp-element-caption\">Paul   Scherer begr\u00fc\u00dft die neue AWP-Kohorte. Mit einer Gesamtanzahl von 26 kommt mehr als die H\u00e4lfte der 50 Teilnehmenden aus der Ukraine. Danach folgen Afghanistan (11), die T\u00fcrkei (8), sowie jeweils ein*e Teilnehmende*r aus Aserbaidschan, Irak, Iran, Russland und \u00c4thiopien. Die Mehrzahl \u2013 27 \u2013 ist weiblich. Die meisten Teilnehmenden sind zwischen 17 und 24 Jahren alt (30), gefolgt von der Alterspanne zwischen 25 und 34 Jahren (15). F\u00fcnf weitere wurden vor 1990 geboren. (Fotos: Leonie Schultens \/ Goethe-Universit\u00e4t Frankfurt) <\/figcaption><\/figure>\n\n\n\n<div style=\"height:20px\" aria-hidden=\"true\" class=\"wp-block-spacer\"><\/div>\n\n\n\n<p>Dienstagmorgen, 9 Uhr, Campus Bockenheim. In dem gro\u00dfen Raum mit Blick auf die Bockenheimer Warte sitzt eine Vielzahl an Menschen unterschiedlicher Herkunft und Alters. Was sie vereint: Alle sind Gefl\u00fcchtete, alle wollen sich auf ihr Studium vorbereiten und alle haben im Wintersemester 2024\/25 einen Platz im AWP-Programm der Goethe-Universit\u00e4t erhalten. Mit den bereits im Programm befindlichen Personen gibt es damit aktuell fast 100 Teilnehmende im AWP, die Nachfrage ist weiterhin hoch.<\/p>\n\n\n\n<p>Was genau das f\u00fcr die Teilnehmenden bedeutet, welche Rechte und Pflichten sich daraus ergeben, und welche optionalen Angebote zur Verf\u00fcgung stehen, erkl\u00e4rt Paul Scherer, Leiter des Academic Welcome Program&nbsp;im Bereich Studium Lehre Internationales (SLI). Gemeinsam mit seinem Team, den AWP-Mitarbeitenden Alberto Atha und Pedro Schlepper, sowie den studentischen Hilfskr\u00e4ften Elena Terekhina und Johannes Nebe, f\u00fchrt Scherer durch die vier Kernelemente des AWP: kostenfreie Deutsch-Intensivkurse, Beratung zu Studium und Beruf, soziale Beratung und Begleitung, sowie Zugang zu universit\u00e4rer Infrastruktur.<\/p>\n\n\n\n<h2 class=\"wp-block-heading\">Die Basis schaffen: Deutsch-Intensivkurse sowie Beratung zu Studium und Beruf<\/h2>\n\n\n\n<p>Alle Neuaufgenommenen mussten bei ihrer Bewerbung ein B1-Sprachzertifikat nachweisen. Viele Teilnehmende w\u00fcrden erfahrungsgem\u00e4\u00df nach dem Einstufungstest zur\u00fcckgestuft, erkl\u00e4rt Scherer den Anwesenden \u2013 dies liege an dem hohen Niveau der Kurse, die das Internationale Studienzentrum (ISZ) der Goethe-Universit\u00e4t anbietet und auf Deutsch als Wissenschaftssprache ausgerichtet ist. Davon sollten sie sich jedoch nicht entmutigen lassen, sondern so viel wie m\u00f6glich auch im Privaten Deutsch sprechen. \u201eMachen Sie Fehler und lernen Sie daraus.\u201c Aufgrund der hohen Nachfrage und des f\u00fcnfw\u00f6chentlichen Kursrhythmus beginnt f\u00fcr einige der Kurs bereits Anfang Oktober, w\u00e4hrend andere erst Mitte November beginnen.<\/p>\n\n\n\n<p>\u00dcber die Sprachkomponente hinaus, welche durch das ISZ als Hauptpartner des AWP angeboten wird, bietet das AWP auch Beratung in den Bereichen Studienfachwahl, Zugang zum Studienkolleg, Ausbildung und Beruf an. Als Antwort auf die Frage, wie lange es brauche, um das AWP mit der sogenannten Deutsche Sprachpr\u00fcfung f\u00fcr den Hochschulzugang (DSH) abschlie\u00dfen zu k\u00f6nnen, verweist Scherer auf die f\u00fcnfw\u00f6chige Kursdauer. \u201eDiejenigen unter Ihnen, die mit B1.2 anfangen, werden ungef\u00e4hr 40 Wochen \u2013 also knapp ein Jahr brauchen \u2013 bis Sie die DSH-Pr\u00fcfung ablegen zu k\u00f6nnen. Mit Sprachkenntnissen auf B1.3 Niveau kann das bereits in ungef\u00e4hr 30 Wochen der Fall sein.\u201c<\/p>\n\n\n\n<p>Je nach Hochschulzugangsberechtigung (HZB) stehen den Teilnehmenden verschiedene Wege des Zugangs zum Studium offen. Teilnehmende mit direkter HZB f\u00fcr ein Fachstudium bereiten sich ab dem Deutschniveau C1 auf die DSH-Pr\u00fcfung, die Deutsche Sprachpr\u00fcfung f\u00fcr den Hochschulzugang, vor und k\u00f6nnen sich nach deren Bestehen anschlie\u00dfend auf einen Studienplatz an einer deutschen Hochschule bewerben. Wenn Teilnehmende \u00fcber eine indirekte HZB verf\u00fcgen, bewerben sie sich in einem separaten Verfahren f\u00fcr ein einj\u00e4hriges Studienkolleg, das dem Fachstudium vorgeschaltet ist. Der Zugang zum Studienkolleg sei sehr kompetitiv, sagt Scherer, und weist darauf hin, dass die Deutschkenntnisse der entscheidende Faktor f\u00fcr eine Aufnahme in das Studienkolleg Frankfurt seien.<\/p>\n\n\n\n<p>Auch im Bereich der DSH-Pr\u00fcfung gibt es unterschiedliche Niveaus. So erfordere ein Studium in der Regel einen DSH-II-Abschluss, eine Ausnahme bilden die Studieng\u00e4nge der Medizin an der Goethe-Universit\u00e4t, f\u00fcr die eine DSH 3-Abschluss oder ein \u00e4quivalentes Sprachzertifikat ben\u00f6tigt wird, erkl\u00e4rt Scherer. Insgesamt bietet das AWP eine breite Palette an Unterst\u00fctzung bei der Studien- und \/ oder Berufswahl und Informationen zu den jeweiligen Zugangsvoraussetzungen an und arbeitet dabei mit vielen weiteren Beratungsstellen zusammen wie der Zentralen Studienberatung oder der Fachstudienberatung der Fachbereiche der Universit\u00e4t und einschl\u00e4gigen externen Stellen in Frankfurt und der Region. \u201eWir sind genau daf\u00fcr da, mit Ihnen gemeinsam die richtige Vorbereitung f\u00fcr Ihren akademischen Werdegang zu finden.\u201c Einige der neuen Teilnehmenden haben bereits einen ersten Universit\u00e4tsabschluss im Herkunftsland erworben, wie zum Beispiel drei Afghanen*innen, die in ihrem Land nicht weiterstudieren k\u00f6nnen oder d\u00fcrfen, oder ukrainische Gefl\u00fcchtete aus Kharkiv, Mariupol und Kyjiw. Sie m\u00f6chten ihre Studien in einem Master fortsetzen oder aufgrund der nun uneingeschr\u00e4nkten Studienwahl in Deutschland nochmals in der Fachrichtung ver\u00e4ndern.&nbsp;<\/p>\n\n\n\n<h2 class=\"wp-block-heading\">Flankierende Angebote: Soziale Beratung und Begleitung<\/h2>\n\n\n\n<p>Das AWP, das derzeit gemeinsam vom Hessischen Ministerium f\u00fcr Wissenschaft und Forschung, Kunst und Kultur (HMWK) und der Goethe-Universit\u00e4t finanziert und erm\u00f6glicht wird, umfasst zudem eine wichtige soziale S\u00e4ule, die sich aus verschiedenen freiwilligen Angeboten zusammensetzt. Ein solches Angebot ist das Studienfreund*innenprogramm, das AWP-Teilnehmende mit Studierenden aus Deutschland zusammenbringt. Begleitet wird es von Johannes Nebe, der derzeit f\u00fcr seinen Master in Theater, Film und Medienwissenschaft an der Goethe-Universit\u00e4t Frankfurt studiert, und seit einem Jahr als studentische Hilfskraft beim AWP t\u00e4tig ist. \u201eBei unserem Matching achten wir auf Gemeinsamkeiten \u2013 sei es auf Fachbereichsebene oder bei Hobbies,\u201c erkl\u00e4rt er den Anwesenden. Ziel sei es, gemeinsam Deutsch zu \u00fcben, neue Freundschaften zu schlie\u00dfen, andere Kulturen kennenzulernen, und gegebenenfalls mehr \u00fcber den Universit\u00e4tsalltag zu erfahren. Nebe unterst\u00fctzt das Matching des Peer-Programms und organisiert w\u00f6chentliche Treffen der Studienfreunde. \u201eDas kann ein gemeinsamer Koch- oder Spieleabend, ein Museumsbesuch oder ein Picknick sein,\u201c sagt er und hebt hervor, dass dank der F\u00f6rderung und einer Zusammenarbeit mit <em>Places2See<\/em> die regelm\u00e4\u00dfigen Treffen kostenfrei seien. Auch das regelm\u00e4\u00dfig stattfindende AWP-Sprachcaf\u00e9 sei eine gute Anlaufstelle f\u00fcr Vernetzung und Sprachgebrauch.<\/p>\n\n\n\n<figure class=\"wp-block-image aligncenter size-full\"><img decoding=\"async\" width=\"650\" height=\"450\" src=\"https:\/\/aktuelles.uni-frankfurt.de\/wp-content\/uploads\/2024\/11\/beitrag_semesterstart-academic-welcome-program.jpg\" alt=\"\" class=\"wp-image-81542\" srcset=\"https:\/\/aktuelles.uni-frankfurt.de\/wp-content\/uploads\/2024\/11\/beitrag_semesterstart-academic-welcome-program.jpg 650w, https:\/\/aktuelles.uni-frankfurt.de\/wp-content\/uploads\/2024\/11\/beitrag_semesterstart-academic-welcome-program-300x208.jpg 300w, https:\/\/aktuelles.uni-frankfurt.de\/wp-content\/uploads\/2024\/11\/beitrag_semesterstart-academic-welcome-program-500x346.jpg 500w, https:\/\/aktuelles.uni-frankfurt.de\/wp-content\/uploads\/2024\/11\/beitrag_semesterstart-academic-welcome-program-18x12.jpg 18w\" sizes=\"(max-width: 650px) 100vw, 650px\" \/><figcaption class=\"wp-element-caption\">Scherer und Atha f\u00fchren die Teilnehmenden der neuen AWP-Kohorte in einem kurzen Rundgang durch die wichtigsten Anlaufstellen am Campus Bockenheim. (Fotos: Leonie Schultens \/ Goethe-Universit\u00e4t Frankfurt)  <\/figcaption><\/figure>\n\n\n\n<div style=\"height:20px\" aria-hidden=\"true\" class=\"wp-block-spacer\"><\/div>\n\n\n\n<p>\u00dcber diese sozialintegrative Komponente hinaus beinhaltet das Beratungsportfolio des AWP auch die Verweise zu Angeboten der Psychologischen Beratungsstelle f\u00fcr Fl\u00fcchtlinge (PBF) am Zentrum f\u00fcr Psychotherapie der Goethe-Universit\u00e4t, und der Goethe Uni Law Clinic (GULC). W\u00e4hrend die PBF kostenfreie, vertrauliche psychologische Beratung in mehreren Sprachen anbietet und bei Bedarf weitervermitteln kann, stehen die Expert*innen der GULC allen Gefl\u00fcchteten f\u00fcr eine Rechtsberatung mit Schwerpunkt Migrations- und Sozialrecht zur Seite. Als Teil der Vorstellung weist Scherer die neue AWP-Kohorte zudem auf die Antidiskriminierungsstelle der Goethe-Universit\u00e4t hin, deren vertrauliche, bei Bedarf auch anonyme Beratung f\u00fcr derartige Vorf\u00e4lle im Rahmen der Universit\u00e4t zur Verf\u00fcgung steht.<\/p>\n\n\n\n<p>Dar\u00fcber hinaus besteht als Anlaufstelle f\u00fcr bereits im Studium befindliche Gefl\u00fcchtete an der Goethe-Universit\u00e4t die Servicestelle Studium und Flucht, die von Pedro Schlepper verantwortet wird. Hier erhalten Studierende etwa Beratung zu hessischen und deutschlandweiten Stipendien f\u00fcr Gefl\u00fcchtete sowie zu asylrechtlichen Fragestellungen, die sich aufgrund des Statuswechsels als Studierende ergeben.<\/p>\n\n\n\n<p>Teilnehmende des AWP d\u00fcrfen zudem ab einem Deutsch-Niveau von B2 kostenfrei als Gasth\u00f6rer*innen an Vorlesungen und Seminaren der Goethe-Universit\u00e4t teilnehmen und sich so noch w\u00e4hrend des Spracherwerbs bereits mit Studieninhalten auseinandersetzen und somit optimal auf ihr sp\u00e4teres Studium vorbereiten.&nbsp;<\/p>\n\n\n\n<p>\u201eNicht zuletzt erhalten Sie bald auch Ihre eigene Goethe Card\u201c, schlie\u00dft Scherer die Vorstellung des AWP-Programms ab. Neben der Nutzung der Bibliotheken und der PC-R\u00e4ume sowie des Uni-WiFi (eduroam) bietet diese auch kostenfreien Eintritt in den Palmengarten sowie verg\u00fcnstigten Einlass in Museen.<\/p>\n\n\n\n<p>Mit dem Academic Welcome Program (AWP) for highly qualified refugees schafft die Goethe-Universit\u00e4t einen Rahmen, der die Integration von hochqualifizierten Gefl\u00fcchteten aller Nationalit\u00e4ten an der Goethe-Universit\u00e4t unterst\u00fctzt und ebenso einen Beitrag zur Fachkr\u00e4ftegewinnung in der Region leistet. Durch den Zugang zu Sprachkursen und universit\u00e4rer Bildung sowie Netzwerken und universit\u00e4rer Infrastruktur werden Gefl\u00fcchteten Zukunftsperspektiven er\u00f6ffnet und Austausch und Teilhabe erm\u00f6glicht. Seit Beginn im Wintersemester 2015\/16 haben bereits mehr als 700 Personen am Programm teilgenommen.<\/p>\n\n\n\n<p><\/p>","protected":false},"excerpt":{"rendered":"<p>Von Kabul bis Kyjiw: 50 Personen, 50 Lebensgeschichten, 50 unterschiedliche Zukunftsperspektiven Am 1. Oktober nahm das Academic Welcome Program (AWP) for highly qualified refugees zum Semesterstart 50 Gefl\u00fcchtete auf, die [&hellip;]<\/p>\n","protected":false},"author":29,"featured_media":81542,"comment_status":"closed","ping_status":"closed","sticky":false,"template":"","format":"standard","meta":{"_eb_attr":"","_price":"","_stock":"","_tribe_ticket_header":"","_tribe_default_ticket_provider":"","_ticket_start_date":"","_ticket_end_date":"","_tribe_ticket_show_description":"","_tribe_ticket_show_not_going":false,"_tribe_ticket_use_global_stock":"","_tribe_ticket_global_stock_level":"","_global_stock_mode":"","_global_stock_cap":"","_tribe_rsvp_for_event":"","_tribe_ticket_going_count":"","_tribe_ticket_not_going_count":"","_tribe_tickets_list":"[]","_tribe_ticket_has_attendee_info_fields":false,"footnotes":""},"categories":[8,9],"tags":[27],"post_folder":[],"class_list":["post-81538","post","type-post","status-publish","format-standard","has-post-thumbnail","hentry","category-hochschule","category-studium","tag-internationales"],"yoast_head":"<!-- This site is optimized with the Yoast SEO plugin v27.5 - https:\/\/yoast.com\/product\/yoast-seo-wordpress\/ -->\n<title>Semesterstart f\u00fcr das Academic Welcome Program | Aktuelles aus der Goethe-Universit\u00e4t Frankfurt<\/title>\n<meta name=\"robots\" content=\"index, follow, max-snippet:-1, max-image-preview:large, max-video-preview:-1\" \/>\n<link rel=\"canonical\" href=\"https:\/\/aktuelles.uni-frankfurt.de\/en\/hochschule\/semesterstart-fuer-das-academic-welcome-program\/\" \/>\n<meta property=\"og:locale\" content=\"en_GB\" \/>\n<meta property=\"og:type\" content=\"article\" \/>\n<meta property=\"og:title\" content=\"Semesterstart f\u00fcr das Academic Welcome Program | Aktuelles aus der Goethe-Universit\u00e4t Frankfurt\" \/>\n<meta property=\"og:description\" content=\"Von Kabul bis Kyjiw: 50 Personen, 50 Lebensgeschichten, 50 unterschiedliche Zukunftsperspektiven Am 1. Oktober nahm das Academic Welcome Program (AWP) for highly qualified refugees zum Semesterstart 50 Gefl\u00fcchtete auf, die [&hellip;]\" \/>\n<meta property=\"og:url\" content=\"https:\/\/aktuelles.uni-frankfurt.de\/en\/hochschule\/semesterstart-fuer-das-academic-welcome-program\/\" \/>\n<meta property=\"og:site_name\" content=\"Aktuelles aus der Goethe-Universit\u00e4t Frankfurt\" \/>\n<meta property=\"article:published_time\" content=\"2024-11-11T09:49:36+00:00\" \/>\n<meta property=\"article:modified_time\" content=\"2024-11-11T13:34:23+00:00\" \/>\n<meta property=\"og:image\" content=\"https:\/\/aktuelles.uni-frankfurt.de\/wp-content\/uploads\/2024\/11\/beitrag_semesterstart-academic-welcome-program.jpg\" \/>\n\t<meta property=\"og:image:width\" content=\"650\" \/>\n\t<meta property=\"og:image:height\" content=\"450\" \/>\n\t<meta property=\"og:image:type\" content=\"image\/jpeg\" \/>\n<meta name=\"author\" content=\"Leonie Schultens\" \/>\n<meta name=\"twitter:card\" content=\"summary_large_image\" \/>\n<meta name=\"twitter:label1\" content=\"Written by\" \/>\n\t<meta name=\"twitter:data1\" content=\"Leonie Schultens\" \/>\n\t<meta name=\"twitter:label2\" content=\"Estimated reading time\" \/>\n\t<meta name=\"twitter:data2\" content=\"7 minutes\" \/>\n<script type=\"application\/ld+json\" class=\"yoast-schema-graph\">{\"@context\":\"https:\\\/\\\/schema.org\",\"@graph\":[{\"@type\":\"Article\",\"@id\":\"https:\\\/\\\/aktuelles.uni-frankfurt.de\\\/hochschule\\\/semesterstart-fuer-das-academic-welcome-program\\\/#article\",\"isPartOf\":{\"@id\":\"https:\\\/\\\/aktuelles.uni-frankfurt.de\\\/hochschule\\\/semesterstart-fuer-das-academic-welcome-program\\\/\"},\"author\":{\"name\":\"Leonie Schultens\",\"@id\":\"https:\\\/\\\/aktuelles.uni-frankfurt.de\\\/#\\\/schema\\\/person\\\/3bd0af4f7d40176625e67610dfb7df14\"},\"headline\":\"Semesterstart f\u00fcr das Academic Welcome Program\",\"datePublished\":\"2024-11-11T09:49:36+00:00\",\"dateModified\":\"2024-11-11T13:34:23+00:00\",\"mainEntityOfPage\":{\"@id\":\"https:\\\/\\\/aktuelles.uni-frankfurt.de\\\/hochschule\\\/semesterstart-fuer-das-academic-welcome-program\\\/\"},\"wordCount\":1389,\"publisher\":{\"@id\":\"https:\\\/\\\/aktuelles.uni-frankfurt.de\\\/#organization\"},\"image\":{\"@id\":\"https:\\\/\\\/aktuelles.uni-frankfurt.de\\\/hochschule\\\/semesterstart-fuer-das-academic-welcome-program\\\/#primaryimage\"},\"thumbnailUrl\":\"https:\\\/\\\/aktuelles.uni-frankfurt.de\\\/wp-content\\\/uploads\\\/2024\\\/11\\\/beitrag_semesterstart-academic-welcome-program.jpg\",\"keywords\":[\"Internationales\"],\"articleSection\":[\"Hochschule\",\"Studium\"],\"inLanguage\":\"en-GB\"},{\"@type\":\"WebPage\",\"@id\":\"https:\\\/\\\/aktuelles.uni-frankfurt.de\\\/hochschule\\\/semesterstart-fuer-das-academic-welcome-program\\\/\",\"url\":\"https:\\\/\\\/aktuelles.uni-frankfurt.de\\\/hochschule\\\/semesterstart-fuer-das-academic-welcome-program\\\/\",\"name\":\"Semesterstart f\u00fcr das Academic Welcome Program | Aktuelles aus der Goethe-Universit\u00e4t Frankfurt\",\"isPartOf\":{\"@id\":\"https:\\\/\\\/aktuelles.uni-frankfurt.de\\\/#website\"},\"primaryImageOfPage\":{\"@id\":\"https:\\\/\\\/aktuelles.uni-frankfurt.de\\\/hochschule\\\/semesterstart-fuer-das-academic-welcome-program\\\/#primaryimage\"},\"image\":{\"@id\":\"https:\\\/\\\/aktuelles.uni-frankfurt.de\\\/hochschule\\\/semesterstart-fuer-das-academic-welcome-program\\\/#primaryimage\"},\"thumbnailUrl\":\"https:\\\/\\\/aktuelles.uni-frankfurt.de\\\/wp-content\\\/uploads\\\/2024\\\/11\\\/beitrag_semesterstart-academic-welcome-program.jpg\",\"datePublished\":\"2024-11-11T09:49:36+00:00\",\"dateModified\":\"2024-11-11T13:34:23+00:00\",\"breadcrumb\":{\"@id\":\"https:\\\/\\\/aktuelles.uni-frankfurt.de\\\/hochschule\\\/semesterstart-fuer-das-academic-welcome-program\\\/#breadcrumb\"},\"inLanguage\":\"en-GB\",\"potentialAction\":[{\"@type\":\"ReadAction\",\"target\":[\"https:\\\/\\\/aktuelles.uni-frankfurt.de\\\/hochschule\\\/semesterstart-fuer-das-academic-welcome-program\\\/\"]}]},{\"@type\":\"ImageObject\",\"inLanguage\":\"en-GB\",\"@id\":\"https:\\\/\\\/aktuelles.uni-frankfurt.de\\\/hochschule\\\/semesterstart-fuer-das-academic-welcome-program\\\/#primaryimage\",\"url\":\"https:\\\/\\\/aktuelles.uni-frankfurt.de\\\/wp-content\\\/uploads\\\/2024\\\/11\\\/beitrag_semesterstart-academic-welcome-program.jpg\",\"contentUrl\":\"https:\\\/\\\/aktuelles.uni-frankfurt.de\\\/wp-content\\\/uploads\\\/2024\\\/11\\\/beitrag_semesterstart-academic-welcome-program.jpg\",\"width\":650,\"height\":450,\"caption\":\"Scherer und Atha f\u00fchren die Teilnehmenden der neuen AWP-Kohorte in einem kurzen Rundgang durch die wichtigsten Anlaufstellen am Campus Bockenheim. (Fotos: Leonie Schultens \\\/ Goethe-Universit\u00e4t Frankfurt)\"},{\"@type\":\"BreadcrumbList\",\"@id\":\"https:\\\/\\\/aktuelles.uni-frankfurt.de\\\/hochschule\\\/semesterstart-fuer-das-academic-welcome-program\\\/#breadcrumb\",\"itemListElement\":[{\"@type\":\"ListItem\",\"position\":1,\"name\":\"Startseite\",\"item\":\"https:\\\/\\\/aktuelles.uni-frankfurt.de\\\/\"},{\"@type\":\"ListItem\",\"position\":2,\"name\":\"Semesterstart f\u00fcr das Academic Welcome Program\"}]},{\"@type\":\"WebSite\",\"@id\":\"https:\\\/\\\/aktuelles.uni-frankfurt.de\\\/#website\",\"url\":\"https:\\\/\\\/aktuelles.uni-frankfurt.de\\\/\",\"name\":\"Aktuelles aus der Goethe-Universit\u00e4t Frankfurt\",\"description\":\"Aktuelles aus der Goethe-Universit\u00e4t | Neues aus Forschung, Lehre, Studium\",\"publisher\":{\"@id\":\"https:\\\/\\\/aktuelles.uni-frankfurt.de\\\/#organization\"},\"potentialAction\":[{\"@type\":\"SearchAction\",\"target\":{\"@type\":\"EntryPoint\",\"urlTemplate\":\"https:\\\/\\\/aktuelles.uni-frankfurt.de\\\/?s={search_term_string}\"},\"query-input\":{\"@type\":\"PropertyValueSpecification\",\"valueRequired\":true,\"valueName\":\"search_term_string\"}}],\"inLanguage\":\"en-GB\"},{\"@type\":\"Organization\",\"@id\":\"https:\\\/\\\/aktuelles.uni-frankfurt.de\\\/#organization\",\"name\":\"Goethe-Universit\u00e4t\",\"url\":\"https:\\\/\\\/aktuelles.uni-frankfurt.de\\\/\",\"logo\":{\"@type\":\"ImageObject\",\"inLanguage\":\"en-GB\",\"@id\":\"https:\\\/\\\/aktuelles.uni-frankfurt.de\\\/#\\\/schema\\\/logo\\\/image\\\/\",\"url\":\"https:\\\/\\\/aktuelles.uni-frankfurt.de\\\/wp-content\\\/uploads\\\/2022\\\/03\\\/800px-Goethe-Logo.png\",\"contentUrl\":\"https:\\\/\\\/aktuelles.uni-frankfurt.de\\\/wp-content\\\/uploads\\\/2022\\\/03\\\/800px-Goethe-Logo.png\",\"width\":800,\"height\":436,\"caption\":\"Goethe-Universit\u00e4t\"},\"image\":{\"@id\":\"https:\\\/\\\/aktuelles.uni-frankfurt.de\\\/#\\\/schema\\\/logo\\\/image\\\/\"}},{\"@type\":\"Person\",\"@id\":\"https:\\\/\\\/aktuelles.uni-frankfurt.de\\\/#\\\/schema\\\/person\\\/3bd0af4f7d40176625e67610dfb7df14\",\"name\":\"Leonie Schultens\",\"url\":\"https:\\\/\\\/aktuelles.uni-frankfurt.de\\\/en\\\/author\\\/schultens\\\/\"}]}<\/script>\n<!-- \/ Yoast SEO plugin. -->","yoast_head_json":{"title":"Semesterstart f\u00fcr das Academic Welcome Program | Aktuelles aus der Goethe-Universit\u00e4t Frankfurt","robots":{"index":"index","follow":"follow","max-snippet":"max-snippet:-1","max-image-preview":"max-image-preview:large","max-video-preview":"max-video-preview:-1"},"canonical":"https:\/\/aktuelles.uni-frankfurt.de\/en\/hochschule\/semesterstart-fuer-das-academic-welcome-program\/","og_locale":"en_GB","og_type":"article","og_title":"Semesterstart f\u00fcr das Academic Welcome Program | Aktuelles aus der Goethe-Universit\u00e4t Frankfurt","og_description":"Von Kabul bis Kyjiw: 50 Personen, 50 Lebensgeschichten, 50 unterschiedliche Zukunftsperspektiven Am 1. Oktober nahm das Academic Welcome Program (AWP) for highly qualified refugees zum Semesterstart 50 Gefl\u00fcchtete auf, die [&hellip;]","og_url":"https:\/\/aktuelles.uni-frankfurt.de\/en\/hochschule\/semesterstart-fuer-das-academic-welcome-program\/","og_site_name":"Aktuelles aus der Goethe-Universit\u00e4t Frankfurt","article_published_time":"2024-11-11T09:49:36+00:00","article_modified_time":"2024-11-11T13:34:23+00:00","og_image":[{"width":650,"height":450,"url":"https:\/\/aktuelles.uni-frankfurt.de\/wp-content\/uploads\/2024\/11\/beitrag_semesterstart-academic-welcome-program.jpg","type":"image\/jpeg"}],"author":"Leonie Schultens","twitter_card":"summary_large_image","twitter_misc":{"Written by":"Leonie Schultens","Estimated reading time":"7 minutes"},"schema":{"@context":"https:\/\/schema.org","@graph":[{"@type":"Article","@id":"https:\/\/aktuelles.uni-frankfurt.de\/hochschule\/semesterstart-fuer-das-academic-welcome-program\/#article","isPartOf":{"@id":"https:\/\/aktuelles.uni-frankfurt.de\/hochschule\/semesterstart-fuer-das-academic-welcome-program\/"},"author":{"name":"Leonie Schultens","@id":"https:\/\/aktuelles.uni-frankfurt.de\/#\/schema\/person\/3bd0af4f7d40176625e67610dfb7df14"},"headline":"Semesterstart f\u00fcr das Academic Welcome Program","datePublished":"2024-11-11T09:49:36+00:00","dateModified":"2024-11-11T13:34:23+00:00","mainEntityOfPage":{"@id":"https:\/\/aktuelles.uni-frankfurt.de\/hochschule\/semesterstart-fuer-das-academic-welcome-program\/"},"wordCount":1389,"publisher":{"@id":"https:\/\/aktuelles.uni-frankfurt.de\/#organization"},"image":{"@id":"https:\/\/aktuelles.uni-frankfurt.de\/hochschule\/semesterstart-fuer-das-academic-welcome-program\/#primaryimage"},"thumbnailUrl":"https:\/\/aktuelles.uni-frankfurt.de\/wp-content\/uploads\/2024\/11\/beitrag_semesterstart-academic-welcome-program.jpg","keywords":["Internationales"],"articleSection":["Hochschule","Studium"],"inLanguage":"en-GB"},{"@type":"WebPage","@id":"https:\/\/aktuelles.uni-frankfurt.de\/hochschule\/semesterstart-fuer-das-academic-welcome-program\/","url":"https:\/\/aktuelles.uni-frankfurt.de\/hochschule\/semesterstart-fuer-das-academic-welcome-program\/","name":"Semesterstart f\u00fcr das Academic Welcome Program | Aktuelles aus der Goethe-Universit\u00e4t Frankfurt","isPartOf":{"@id":"https:\/\/aktuelles.uni-frankfurt.de\/#website"},"primaryImageOfPage":{"@id":"https:\/\/aktuelles.uni-frankfurt.de\/hochschule\/semesterstart-fuer-das-academic-welcome-program\/#primaryimage"},"image":{"@id":"https:\/\/aktuelles.uni-frankfurt.de\/hochschule\/semesterstart-fuer-das-academic-welcome-program\/#primaryimage"},"thumbnailUrl":"https:\/\/aktuelles.uni-frankfurt.de\/wp-content\/uploads\/2024\/11\/beitrag_semesterstart-academic-welcome-program.jpg","datePublished":"2024-11-11T09:49:36+00:00","dateModified":"2024-11-11T13:34:23+00:00","breadcrumb":{"@id":"https:\/\/aktuelles.uni-frankfurt.de\/hochschule\/semesterstart-fuer-das-academic-welcome-program\/#breadcrumb"},"inLanguage":"en-GB","potentialAction":[{"@type":"ReadAction","target":["https:\/\/aktuelles.uni-frankfurt.de\/hochschule\/semesterstart-fuer-das-academic-welcome-program\/"]}]},{"@type":"ImageObject","inLanguage":"en-GB","@id":"https:\/\/aktuelles.uni-frankfurt.de\/hochschule\/semesterstart-fuer-das-academic-welcome-program\/#primaryimage","url":"https:\/\/aktuelles.uni-frankfurt.de\/wp-content\/uploads\/2024\/11\/beitrag_semesterstart-academic-welcome-program.jpg","contentUrl":"https:\/\/aktuelles.uni-frankfurt.de\/wp-content\/uploads\/2024\/11\/beitrag_semesterstart-academic-welcome-program.jpg","width":650,"height":450,"caption":"Scherer und Atha f\u00fchren die Teilnehmenden der neuen AWP-Kohorte in einem kurzen Rundgang durch die wichtigsten Anlaufstellen am Campus Bockenheim. (Fotos: Leonie Schultens \/ Goethe-Universit\u00e4t Frankfurt)"},{"@type":"BreadcrumbList","@id":"https:\/\/aktuelles.uni-frankfurt.de\/hochschule\/semesterstart-fuer-das-academic-welcome-program\/#breadcrumb","itemListElement":[{"@type":"ListItem","position":1,"name":"Startseite","item":"https:\/\/aktuelles.uni-frankfurt.de\/"},{"@type":"ListItem","position":2,"name":"Semesterstart f\u00fcr das Academic Welcome Program"}]},{"@type":"WebSite","@id":"https:\/\/aktuelles.uni-frankfurt.de\/#website","url":"https:\/\/aktuelles.uni-frankfurt.de\/","name":"Aktuelles aus der Goethe-Universit\u00e4t Frankfurt","description":"Aktuelles aus der Goethe-Universit\u00e4t | Neues aus Forschung, Lehre, Studium","publisher":{"@id":"https:\/\/aktuelles.uni-frankfurt.de\/#organization"},"potentialAction":[{"@type":"SearchAction","target":{"@type":"EntryPoint","urlTemplate":"https:\/\/aktuelles.uni-frankfurt.de\/?s={search_term_string}"},"query-input":{"@type":"PropertyValueSpecification","valueRequired":true,"valueName":"search_term_string"}}],"inLanguage":"en-GB"},{"@type":"Organization","@id":"https:\/\/aktuelles.uni-frankfurt.de\/#organization","name":"Goethe University Frankfurt","url":"https:\/\/aktuelles.uni-frankfurt.de\/","logo":{"@type":"ImageObject","inLanguage":"en-GB","@id":"https:\/\/aktuelles.uni-frankfurt.de\/#\/schema\/logo\/image\/","url":"https:\/\/aktuelles.uni-frankfurt.de\/wp-content\/uploads\/2022\/03\/800px-Goethe-Logo.png","contentUrl":"https:\/\/aktuelles.uni-frankfurt.de\/wp-content\/uploads\/2022\/03\/800px-Goethe-Logo.png","width":800,"height":436,"caption":"Goethe-Universit\u00e4t"},"image":{"@id":"https:\/\/aktuelles.uni-frankfurt.de\/#\/schema\/logo\/image\/"}},{"@type":"Person","@id":"https:\/\/aktuelles.uni-frankfurt.de\/#\/schema\/person\/3bd0af4f7d40176625e67610dfb7df14","name":"Leonie Schultens","url":"https:\/\/aktuelles.uni-frankfurt.de\/en\/author\/schultens\/"}]}},"_links":{"self":[{"href":"https:\/\/aktuelles.uni-frankfurt.de\/en\/wp-json\/wp\/v2\/posts\/81538","targetHints":{"allow":["GET"]}}],"collection":[{"href":"https:\/\/aktuelles.uni-frankfurt.de\/en\/wp-json\/wp\/v2\/posts"}],"about":[{"href":"https:\/\/aktuelles.uni-frankfurt.de\/en\/wp-json\/wp\/v2\/types\/post"}],"author":[{"embeddable":true,"href":"https:\/\/aktuelles.uni-frankfurt.de\/en\/wp-json\/wp\/v2\/users\/29"}],"replies":[{"embeddable":true,"href":"https:\/\/aktuelles.uni-frankfurt.de\/en\/wp-json\/wp\/v2\/comments?post=81538"}],"version-history":[{"count":0,"href":"https:\/\/aktuelles.uni-frankfurt.de\/en\/wp-json\/wp\/v2\/posts\/81538\/revisions"}],"wp:featuredmedia":[{"embeddable":true,"href":"https:\/\/aktuelles.uni-frankfurt.de\/en\/wp-json\/wp\/v2\/media\/81542"}],"wp:attachment":[{"href":"https:\/\/aktuelles.uni-frankfurt.de\/en\/wp-json\/wp\/v2\/media?parent=81538"}],"wp:term":[{"taxonomy":"category","embeddable":true,"href":"https:\/\/aktuelles.uni-frankfurt.de\/en\/wp-json\/wp\/v2\/categories?post=81538"},{"taxonomy":"post_tag","embeddable":true,"href":"https:\/\/aktuelles.uni-frankfurt.de\/en\/wp-json\/wp\/v2\/tags?post=81538"},{"taxonomy":"post_folder","embeddable":true,"href":"https:\/\/aktuelles.uni-frankfurt.de\/en\/wp-json\/wp\/v2\/post_folder?post=81538"}],"curies":[{"name":"wp","href":"https:\/\/api.w.org\/{rel}","templated":true}]}}