{"id":81619,"date":"2024-11-17T09:57:50","date_gmt":"2024-11-17T08:57:50","guid":{"rendered":"https:\/\/aktuelles.uni-frankfurt.de\/?p=81619"},"modified":"2024-11-17T20:30:54","modified_gmt":"2024-11-17T19:30:54","slug":"frist-fuer-ende-der-besetzung-von-kunstbibliothek-durch-die-universitaet-verlaengert","status":"publish","type":"post","link":"https:\/\/aktuelles.uni-frankfurt.de\/en\/hochschule\/frist-fuer-ende-der-besetzung-von-kunstbibliothek-durch-die-universitaet-verlaengert\/","title":{"rendered":"Frist f\u00fcr Ende der Besetzung von Kunstbibliothek durch die Universit\u00e4t verl\u00e4ngert"},"content":{"rendered":"<p><strong>Universit\u00e4t ist falscher Ansprechpartner f\u00fcr Anliegen der Besetzenden \/ Friedliches Verlassen des Geb\u00e4udes Voraussetzung f\u00fcr vertrauensvollen Dialog <\/strong><\/p>\n\n\n\n<p>Die ehemalige Kunstbibliothek auf dem Campus Bockenheim der Goethe-Universit\u00e4t wurde am Samstag besetzt. Eine sich als \u201eKollektiv UFo &#8211; Utopien Formen\u201c bezeichnende anonyme Gruppe hat ein Gespr\u00e4ch mit dem Pr\u00e4sidium der Goethe-Universit\u00e4t gefordert, um \u201e\u00fcber die Zukunft der Kunstbibliothek im Rahmen des Kulturcampus\u201c zu sprechen. Den Kulturcampus, dessen Teil die ehemaligen Liegenschaften der Goethe-Universit\u00e4t werden sollen, entwickelt die Stadt Frankfurt gemeinsam mit dem Land Hessen; die Universit\u00e4t ist hier der falsche Verhandlungspartner. <a href=\"https:\/\/aktuelles.uni-frankfurt.de\/hochschule\/ehemalige-kunstbibliothek-besetzt\/\">Die Universit\u00e4tsleitung hat gleichwohl schriftlich angeboten, zeitnah in einem Gespr\u00e4ch mit dem Kollektiv dar\u00fcber zu sprechen, wie sie es in seinem Anliegen gegen\u00fcber Stadt und Land unterst\u00fctzen kann.<\/a><\/p>\n\n\n\n<p>Die Besetzenden haben in ihrer Antwort angek\u00fcndigt, ihrerseits auch Vertreter*innen von Stadt und Land zu einem solchen Gespr\u00e4ch einzuladen. Sie m\u00f6chten nach eigenen Angaben erreichen, dass das Land als bisheriger Eigent\u00fcmer und die Stadt als k\u00fcnftige Eigent\u00fcmerin eine schnelle \u00dcbergabe der Liegenschaft zusichern, damit der Leerstand beendet werden kann. Eine zeitnahe \u00dcbergabe an die Stadt liegt auch im Interesse der Universit\u00e4t: Sie kann die Geb\u00e4ude mit Blick auf die geplante k\u00fcnftige Verwendung schon seit langem nicht mehr nutzen, muss aber f\u00fcr die Verwaltung und Sicherung Geld ausgeben, das ihr f\u00fcr ihre eigentlichen Aufgaben in Lehre und Forschung fehlt.<\/p>\n\n\n\n<p>Als Zeichen guten Willens hat die Universit\u00e4tsleitung die Frist f\u00fcr ein freiwilliges Verlassen des Geb\u00e4udes letztmalig von 8 Uhr am Sonntagmorgen auf 21 Uhr am Sonntagabend verl\u00e4ngert. Aus Sicht der Universit\u00e4tsleitung sind Gespr\u00e4che allerdings erst m\u00f6glich, wenn die Besetzenden das Geb\u00e4ude freiwillig verlassen haben. Eine Erpressungssituation ist keine geeignete Grundlage f\u00fcr vertrauensvolle Gespr\u00e4che.<\/p>\n\n\n\n<p>Die Goethe-Universit\u00e4t ist durch den Eigent\u00fcmer, das Land Hessen, mit der Verwaltung der Liegenschaft beauftragt, auch \u00fcber den Zeitraum der eigenen Nutzung hinaus. In dieser Rolle ist die Universit\u00e4t rechtlich verpflichtet, Strafantrag zu stellen und das Geb\u00e4ude r\u00e4umen zu lassen, wenn die Besetzenden es nicht friedlich verlassen, es sei denn, das Land als Eigent\u00fcmer weist die Universit\u00e4t explizit an, dies nicht zu tun. Das Land hat darauf bisher, auch auf Nachfrage, verzichtet.<\/p>\n\n\n\n<p>Einige der Besetzenden haben die Bibliothek bis Sonntagmorgen verlassen. Ihre Personalien wurden entgegen anderslautender Behauptungen <em>nicht<\/em> festgestellt, da die Universit\u00e4t bisher auf einen Strafantrag verzichtet hat. Sollte die neuerliche Frist verstreichen, wird die Universit\u00e4t, um ihre eigene Rechtsstellung gegen\u00fcber dem Eigent\u00fcmer nicht zu gef\u00e4hrden, am Sonntagabend nach 21 Uhr Strafantrag stellen.<\/p>\n\n\n\n<p class=\"has-background\" style=\"background-color:#eeeeee\"><em><strong>Hinweis:<\/strong> Diese Pressemitteilung gibt die Situation am Sonntagmorgen, 17. 11., um ca. 10 Uhr wieder.<\/em><br><br><a href=\"https:\/\/aktuelles.uni-frankfurt.de\/hochschule\/dokumentation-des-mailwechsels-zur-besetzung-der-kunstbibliothek\/\">Im Sinne der Transparenz dokumentiert die Universit\u00e4t den Mailwechsel mit dem Kollektiv UFo auf ihrer Website<\/a><\/p>\n\n\n\n<p><\/p>","protected":false},"excerpt":{"rendered":"<p>Universit\u00e4t ist falscher Ansprechpartner f\u00fcr Anliegen der Besetzenden \/ Friedliches Verlassen des Geb\u00e4udes Voraussetzung f\u00fcr vertrauensvollen Dialog Die ehemalige Kunstbibliothek auf dem Campus Bockenheim der Goethe-Universit\u00e4t wurde am Samstag besetzt. [&hellip;]<\/p>\n","protected":false},"author":8,"featured_media":53025,"comment_status":"closed","ping_status":"closed","sticky":false,"template":"","format":"standard","meta":{"_eb_attr":"","_price":"","_stock":"","_tribe_ticket_header":"","_tribe_default_ticket_provider":"","_ticket_start_date":"","_ticket_end_date":"","_tribe_ticket_show_description":"","_tribe_ticket_show_not_going":false,"_tribe_ticket_use_global_stock":"","_tribe_ticket_global_stock_level":"","_global_stock_mode":"","_global_stock_cap":"","_tribe_rsvp_for_event":"","_tribe_ticket_going_count":"","_tribe_ticket_not_going_count":"","_tribe_tickets_list":"[]","_tribe_ticket_has_attendee_info_fields":false,"footnotes":""},"categories":[4,8],"tags":[16],"post_folder":[],"class_list":["post-81619","post","type-post","status-publish","format-standard","has-post-thumbnail","hentry","category-gesellschaft","category-hochschule","tag-campus-bockenheim"],"yoast_head":"<!-- This site is optimized with the Yoast SEO plugin v27.5 - https:\/\/yoast.com\/product\/yoast-seo-wordpress\/ -->\n<title>Frist f\u00fcr Ende der Besetzung von Kunstbibliothek durch die Universit\u00e4t verl\u00e4ngert | Aktuelles aus der Goethe-Universit\u00e4t Frankfurt<\/title>\n<meta name=\"robots\" content=\"index, follow, max-snippet:-1, max-image-preview:large, max-video-preview:-1\" \/>\n<link rel=\"canonical\" href=\"https:\/\/aktuelles.uni-frankfurt.de\/en\/hochschule\/frist-fuer-ende-der-besetzung-von-kunstbibliothek-durch-die-universitaet-verlaengert\/\" \/>\n<meta property=\"og:locale\" content=\"en_GB\" \/>\n<meta property=\"og:type\" content=\"article\" \/>\n<meta property=\"og:title\" content=\"Frist f\u00fcr Ende der Besetzung von Kunstbibliothek durch die Universit\u00e4t verl\u00e4ngert | Aktuelles aus der Goethe-Universit\u00e4t Frankfurt\" \/>\n<meta property=\"og:description\" content=\"Universit\u00e4t ist falscher Ansprechpartner f\u00fcr Anliegen der Besetzenden \/ Friedliches Verlassen des Geb\u00e4udes Voraussetzung f\u00fcr vertrauensvollen Dialog Die ehemalige Kunstbibliothek auf dem Campus Bockenheim der Goethe-Universit\u00e4t wurde am Samstag besetzt. [&hellip;]\" \/>\n<meta property=\"og:url\" content=\"https:\/\/aktuelles.uni-frankfurt.de\/en\/hochschule\/frist-fuer-ende-der-besetzung-von-kunstbibliothek-durch-die-universitaet-verlaengert\/\" \/>\n<meta property=\"og:site_name\" content=\"Aktuelles aus der Goethe-Universit\u00e4t Frankfurt\" \/>\n<meta property=\"article:published_time\" content=\"2024-11-17T08:57:50+00:00\" \/>\n<meta property=\"article:modified_time\" content=\"2024-11-17T19:30:54+00:00\" \/>\n<meta property=\"og:image\" content=\"https:\/\/aktuelles.uni-frankfurt.de\/wp-content\/uploads\/2021\/10\/beitragsbild_allgemein-goethe-uni-webmagazin.jpg\" \/>\n\t<meta property=\"og:image:width\" content=\"650\" \/>\n\t<meta property=\"og:image:height\" content=\"450\" \/>\n\t<meta property=\"og:image:type\" content=\"image\/jpeg\" \/>\n<meta name=\"author\" content=\"-\" \/>\n<meta name=\"twitter:card\" content=\"summary_large_image\" \/>\n<meta name=\"twitter:label1\" content=\"Written by\" \/>\n\t<meta name=\"twitter:data1\" content=\"-\" \/>\n\t<meta name=\"twitter:label2\" content=\"Estimated reading time\" \/>\n\t<meta name=\"twitter:data2\" content=\"2 minutes\" \/>\n<script type=\"application\/ld+json\" class=\"yoast-schema-graph\">{\"@context\":\"https:\\\/\\\/schema.org\",\"@graph\":[{\"@type\":\"Article\",\"@id\":\"https:\\\/\\\/aktuelles.uni-frankfurt.de\\\/hochschule\\\/frist-fuer-ende-der-besetzung-von-kunstbibliothek-durch-die-universitaet-verlaengert\\\/#article\",\"isPartOf\":{\"@id\":\"https:\\\/\\\/aktuelles.uni-frankfurt.de\\\/hochschule\\\/frist-fuer-ende-der-besetzung-von-kunstbibliothek-durch-die-universitaet-verlaengert\\\/\"},\"author\":{\"name\":\"-\",\"@id\":\"https:\\\/\\\/aktuelles.uni-frankfurt.de\\\/#\\\/schema\\\/person\\\/8e55ea338fb65d1ce87a91565d1f1739\"},\"headline\":\"Frist f\u00fcr Ende der Besetzung von Kunstbibliothek durch die Universit\u00e4t verl\u00e4ngert\",\"datePublished\":\"2024-11-17T08:57:50+00:00\",\"dateModified\":\"2024-11-17T19:30:54+00:00\",\"mainEntityOfPage\":{\"@id\":\"https:\\\/\\\/aktuelles.uni-frankfurt.de\\\/hochschule\\\/frist-fuer-ende-der-besetzung-von-kunstbibliothek-durch-die-universitaet-verlaengert\\\/\"},\"wordCount\":479,\"publisher\":{\"@id\":\"https:\\\/\\\/aktuelles.uni-frankfurt.de\\\/#organization\"},\"image\":{\"@id\":\"https:\\\/\\\/aktuelles.uni-frankfurt.de\\\/hochschule\\\/frist-fuer-ende-der-besetzung-von-kunstbibliothek-durch-die-universitaet-verlaengert\\\/#primaryimage\"},\"thumbnailUrl\":\"https:\\\/\\\/aktuelles.uni-frankfurt.de\\\/wp-content\\\/uploads\\\/2021\\\/10\\\/beitragsbild_allgemein-goethe-uni-webmagazin.jpg\",\"keywords\":[\"Campus Bockenheim\"],\"articleSection\":[\"Gesellschaft\",\"Hochschule\"],\"inLanguage\":\"en-GB\"},{\"@type\":\"WebPage\",\"@id\":\"https:\\\/\\\/aktuelles.uni-frankfurt.de\\\/hochschule\\\/frist-fuer-ende-der-besetzung-von-kunstbibliothek-durch-die-universitaet-verlaengert\\\/\",\"url\":\"https:\\\/\\\/aktuelles.uni-frankfurt.de\\\/hochschule\\\/frist-fuer-ende-der-besetzung-von-kunstbibliothek-durch-die-universitaet-verlaengert\\\/\",\"name\":\"Frist f\u00fcr Ende der Besetzung von Kunstbibliothek durch die Universit\u00e4t verl\u00e4ngert | Aktuelles aus der Goethe-Universit\u00e4t Frankfurt\",\"isPartOf\":{\"@id\":\"https:\\\/\\\/aktuelles.uni-frankfurt.de\\\/#website\"},\"primaryImageOfPage\":{\"@id\":\"https:\\\/\\\/aktuelles.uni-frankfurt.de\\\/hochschule\\\/frist-fuer-ende-der-besetzung-von-kunstbibliothek-durch-die-universitaet-verlaengert\\\/#primaryimage\"},\"image\":{\"@id\":\"https:\\\/\\\/aktuelles.uni-frankfurt.de\\\/hochschule\\\/frist-fuer-ende-der-besetzung-von-kunstbibliothek-durch-die-universitaet-verlaengert\\\/#primaryimage\"},\"thumbnailUrl\":\"https:\\\/\\\/aktuelles.uni-frankfurt.de\\\/wp-content\\\/uploads\\\/2021\\\/10\\\/beitragsbild_allgemein-goethe-uni-webmagazin.jpg\",\"datePublished\":\"2024-11-17T08:57:50+00:00\",\"dateModified\":\"2024-11-17T19:30:54+00:00\",\"breadcrumb\":{\"@id\":\"https:\\\/\\\/aktuelles.uni-frankfurt.de\\\/hochschule\\\/frist-fuer-ende-der-besetzung-von-kunstbibliothek-durch-die-universitaet-verlaengert\\\/#breadcrumb\"},\"inLanguage\":\"en-GB\",\"potentialAction\":[{\"@type\":\"ReadAction\",\"target\":[\"https:\\\/\\\/aktuelles.uni-frankfurt.de\\\/hochschule\\\/frist-fuer-ende-der-besetzung-von-kunstbibliothek-durch-die-universitaet-verlaengert\\\/\"]}]},{\"@type\":\"ImageObject\",\"inLanguage\":\"en-GB\",\"@id\":\"https:\\\/\\\/aktuelles.uni-frankfurt.de\\\/hochschule\\\/frist-fuer-ende-der-besetzung-von-kunstbibliothek-durch-die-universitaet-verlaengert\\\/#primaryimage\",\"url\":\"https:\\\/\\\/aktuelles.uni-frankfurt.de\\\/wp-content\\\/uploads\\\/2021\\\/10\\\/beitragsbild_allgemein-goethe-uni-webmagazin.jpg\",\"contentUrl\":\"https:\\\/\\\/aktuelles.uni-frankfurt.de\\\/wp-content\\\/uploads\\\/2021\\\/10\\\/beitragsbild_allgemein-goethe-uni-webmagazin.jpg\",\"width\":650,\"height\":450},{\"@type\":\"BreadcrumbList\",\"@id\":\"https:\\\/\\\/aktuelles.uni-frankfurt.de\\\/hochschule\\\/frist-fuer-ende-der-besetzung-von-kunstbibliothek-durch-die-universitaet-verlaengert\\\/#breadcrumb\",\"itemListElement\":[{\"@type\":\"ListItem\",\"position\":1,\"name\":\"Startseite\",\"item\":\"https:\\\/\\\/aktuelles.uni-frankfurt.de\\\/\"},{\"@type\":\"ListItem\",\"position\":2,\"name\":\"Frist f\u00fcr Ende der Besetzung von Kunstbibliothek durch die Universit\u00e4t verl\u00e4ngert\"}]},{\"@type\":\"WebSite\",\"@id\":\"https:\\\/\\\/aktuelles.uni-frankfurt.de\\\/#website\",\"url\":\"https:\\\/\\\/aktuelles.uni-frankfurt.de\\\/\",\"name\":\"Aktuelles aus der Goethe-Universit\u00e4t Frankfurt\",\"description\":\"Aktuelles aus der Goethe-Universit\u00e4t | Neues aus Forschung, Lehre, Studium\",\"publisher\":{\"@id\":\"https:\\\/\\\/aktuelles.uni-frankfurt.de\\\/#organization\"},\"potentialAction\":[{\"@type\":\"SearchAction\",\"target\":{\"@type\":\"EntryPoint\",\"urlTemplate\":\"https:\\\/\\\/aktuelles.uni-frankfurt.de\\\/?s={search_term_string}\"},\"query-input\":{\"@type\":\"PropertyValueSpecification\",\"valueRequired\":true,\"valueName\":\"search_term_string\"}}],\"inLanguage\":\"en-GB\"},{\"@type\":\"Organization\",\"@id\":\"https:\\\/\\\/aktuelles.uni-frankfurt.de\\\/#organization\",\"name\":\"Goethe-Universit\u00e4t\",\"url\":\"https:\\\/\\\/aktuelles.uni-frankfurt.de\\\/\",\"logo\":{\"@type\":\"ImageObject\",\"inLanguage\":\"en-GB\",\"@id\":\"https:\\\/\\\/aktuelles.uni-frankfurt.de\\\/#\\\/schema\\\/logo\\\/image\\\/\",\"url\":\"https:\\\/\\\/aktuelles.uni-frankfurt.de\\\/wp-content\\\/uploads\\\/2022\\\/03\\\/800px-Goethe-Logo.png\",\"contentUrl\":\"https:\\\/\\\/aktuelles.uni-frankfurt.de\\\/wp-content\\\/uploads\\\/2022\\\/03\\\/800px-Goethe-Logo.png\",\"width\":800,\"height\":436,\"caption\":\"Goethe-Universit\u00e4t\"},\"image\":{\"@id\":\"https:\\\/\\\/aktuelles.uni-frankfurt.de\\\/#\\\/schema\\\/logo\\\/image\\\/\"}},{\"@type\":\"Person\",\"@id\":\"https:\\\/\\\/aktuelles.uni-frankfurt.de\\\/#\\\/schema\\\/person\\\/8e55ea338fb65d1ce87a91565d1f1739\",\"name\":\"-\",\"description\":\"Dieser Beitrag wurde von der Online-Redaktion ver\u00f6ffentlicht. Wenn der Beitrag von einem Gastautoren verfasst wurde, findet sich dieser Hinweis am Ende des jeweiligen Artikels.\",\"sameAs\":[\"http:\\\/\\\/aktuelles.uni-frankfurt.de\\\/autoren\"],\"url\":\"https:\\\/\\\/aktuelles.uni-frankfurt.de\\\/en\\\/author\\\/redaktion\\\/\"}]}<\/script>\n<!-- \/ Yoast SEO plugin. -->","yoast_head_json":{"title":"Frist f\u00fcr Ende der Besetzung von Kunstbibliothek durch die Universit\u00e4t verl\u00e4ngert | Aktuelles aus der Goethe-Universit\u00e4t Frankfurt","robots":{"index":"index","follow":"follow","max-snippet":"max-snippet:-1","max-image-preview":"max-image-preview:large","max-video-preview":"max-video-preview:-1"},"canonical":"https:\/\/aktuelles.uni-frankfurt.de\/en\/hochschule\/frist-fuer-ende-der-besetzung-von-kunstbibliothek-durch-die-universitaet-verlaengert\/","og_locale":"en_GB","og_type":"article","og_title":"Frist f\u00fcr Ende der Besetzung von Kunstbibliothek durch die Universit\u00e4t verl\u00e4ngert | Aktuelles aus der Goethe-Universit\u00e4t Frankfurt","og_description":"Universit\u00e4t ist falscher Ansprechpartner f\u00fcr Anliegen der Besetzenden \/ Friedliches Verlassen des Geb\u00e4udes Voraussetzung f\u00fcr vertrauensvollen Dialog Die ehemalige Kunstbibliothek auf dem Campus Bockenheim der Goethe-Universit\u00e4t wurde am Samstag besetzt. [&hellip;]","og_url":"https:\/\/aktuelles.uni-frankfurt.de\/en\/hochschule\/frist-fuer-ende-der-besetzung-von-kunstbibliothek-durch-die-universitaet-verlaengert\/","og_site_name":"Aktuelles aus der Goethe-Universit\u00e4t Frankfurt","article_published_time":"2024-11-17T08:57:50+00:00","article_modified_time":"2024-11-17T19:30:54+00:00","og_image":[{"width":650,"height":450,"url":"https:\/\/aktuelles.uni-frankfurt.de\/wp-content\/uploads\/2021\/10\/beitragsbild_allgemein-goethe-uni-webmagazin.jpg","type":"image\/jpeg"}],"author":"-","twitter_card":"summary_large_image","twitter_misc":{"Written by":"-","Estimated reading time":"2 minutes"},"schema":{"@context":"https:\/\/schema.org","@graph":[{"@type":"Article","@id":"https:\/\/aktuelles.uni-frankfurt.de\/hochschule\/frist-fuer-ende-der-besetzung-von-kunstbibliothek-durch-die-universitaet-verlaengert\/#article","isPartOf":{"@id":"https:\/\/aktuelles.uni-frankfurt.de\/hochschule\/frist-fuer-ende-der-besetzung-von-kunstbibliothek-durch-die-universitaet-verlaengert\/"},"author":{"name":"-","@id":"https:\/\/aktuelles.uni-frankfurt.de\/#\/schema\/person\/8e55ea338fb65d1ce87a91565d1f1739"},"headline":"Frist f\u00fcr Ende der Besetzung von Kunstbibliothek durch die Universit\u00e4t verl\u00e4ngert","datePublished":"2024-11-17T08:57:50+00:00","dateModified":"2024-11-17T19:30:54+00:00","mainEntityOfPage":{"@id":"https:\/\/aktuelles.uni-frankfurt.de\/hochschule\/frist-fuer-ende-der-besetzung-von-kunstbibliothek-durch-die-universitaet-verlaengert\/"},"wordCount":479,"publisher":{"@id":"https:\/\/aktuelles.uni-frankfurt.de\/#organization"},"image":{"@id":"https:\/\/aktuelles.uni-frankfurt.de\/hochschule\/frist-fuer-ende-der-besetzung-von-kunstbibliothek-durch-die-universitaet-verlaengert\/#primaryimage"},"thumbnailUrl":"https:\/\/aktuelles.uni-frankfurt.de\/wp-content\/uploads\/2021\/10\/beitragsbild_allgemein-goethe-uni-webmagazin.jpg","keywords":["Campus Bockenheim"],"articleSection":["Gesellschaft","Hochschule"],"inLanguage":"en-GB"},{"@type":"WebPage","@id":"https:\/\/aktuelles.uni-frankfurt.de\/hochschule\/frist-fuer-ende-der-besetzung-von-kunstbibliothek-durch-die-universitaet-verlaengert\/","url":"https:\/\/aktuelles.uni-frankfurt.de\/hochschule\/frist-fuer-ende-der-besetzung-von-kunstbibliothek-durch-die-universitaet-verlaengert\/","name":"Frist f\u00fcr Ende der Besetzung von Kunstbibliothek durch die Universit\u00e4t verl\u00e4ngert | Aktuelles aus der Goethe-Universit\u00e4t Frankfurt","isPartOf":{"@id":"https:\/\/aktuelles.uni-frankfurt.de\/#website"},"primaryImageOfPage":{"@id":"https:\/\/aktuelles.uni-frankfurt.de\/hochschule\/frist-fuer-ende-der-besetzung-von-kunstbibliothek-durch-die-universitaet-verlaengert\/#primaryimage"},"image":{"@id":"https:\/\/aktuelles.uni-frankfurt.de\/hochschule\/frist-fuer-ende-der-besetzung-von-kunstbibliothek-durch-die-universitaet-verlaengert\/#primaryimage"},"thumbnailUrl":"https:\/\/aktuelles.uni-frankfurt.de\/wp-content\/uploads\/2021\/10\/beitragsbild_allgemein-goethe-uni-webmagazin.jpg","datePublished":"2024-11-17T08:57:50+00:00","dateModified":"2024-11-17T19:30:54+00:00","breadcrumb":{"@id":"https:\/\/aktuelles.uni-frankfurt.de\/hochschule\/frist-fuer-ende-der-besetzung-von-kunstbibliothek-durch-die-universitaet-verlaengert\/#breadcrumb"},"inLanguage":"en-GB","potentialAction":[{"@type":"ReadAction","target":["https:\/\/aktuelles.uni-frankfurt.de\/hochschule\/frist-fuer-ende-der-besetzung-von-kunstbibliothek-durch-die-universitaet-verlaengert\/"]}]},{"@type":"ImageObject","inLanguage":"en-GB","@id":"https:\/\/aktuelles.uni-frankfurt.de\/hochschule\/frist-fuer-ende-der-besetzung-von-kunstbibliothek-durch-die-universitaet-verlaengert\/#primaryimage","url":"https:\/\/aktuelles.uni-frankfurt.de\/wp-content\/uploads\/2021\/10\/beitragsbild_allgemein-goethe-uni-webmagazin.jpg","contentUrl":"https:\/\/aktuelles.uni-frankfurt.de\/wp-content\/uploads\/2021\/10\/beitragsbild_allgemein-goethe-uni-webmagazin.jpg","width":650,"height":450},{"@type":"BreadcrumbList","@id":"https:\/\/aktuelles.uni-frankfurt.de\/hochschule\/frist-fuer-ende-der-besetzung-von-kunstbibliothek-durch-die-universitaet-verlaengert\/#breadcrumb","itemListElement":[{"@type":"ListItem","position":1,"name":"Startseite","item":"https:\/\/aktuelles.uni-frankfurt.de\/"},{"@type":"ListItem","position":2,"name":"Frist f\u00fcr Ende der Besetzung von Kunstbibliothek durch die Universit\u00e4t verl\u00e4ngert"}]},{"@type":"WebSite","@id":"https:\/\/aktuelles.uni-frankfurt.de\/#website","url":"https:\/\/aktuelles.uni-frankfurt.de\/","name":"Aktuelles aus der Goethe-Universit\u00e4t Frankfurt","description":"Aktuelles aus der Goethe-Universit\u00e4t | Neues aus Forschung, Lehre, Studium","publisher":{"@id":"https:\/\/aktuelles.uni-frankfurt.de\/#organization"},"potentialAction":[{"@type":"SearchAction","target":{"@type":"EntryPoint","urlTemplate":"https:\/\/aktuelles.uni-frankfurt.de\/?s={search_term_string}"},"query-input":{"@type":"PropertyValueSpecification","valueRequired":true,"valueName":"search_term_string"}}],"inLanguage":"en-GB"},{"@type":"Organization","@id":"https:\/\/aktuelles.uni-frankfurt.de\/#organization","name":"Goethe University Frankfurt","url":"https:\/\/aktuelles.uni-frankfurt.de\/","logo":{"@type":"ImageObject","inLanguage":"en-GB","@id":"https:\/\/aktuelles.uni-frankfurt.de\/#\/schema\/logo\/image\/","url":"https:\/\/aktuelles.uni-frankfurt.de\/wp-content\/uploads\/2022\/03\/800px-Goethe-Logo.png","contentUrl":"https:\/\/aktuelles.uni-frankfurt.de\/wp-content\/uploads\/2022\/03\/800px-Goethe-Logo.png","width":800,"height":436,"caption":"Goethe-Universit\u00e4t"},"image":{"@id":"https:\/\/aktuelles.uni-frankfurt.de\/#\/schema\/logo\/image\/"}},{"@type":"Person","@id":"https:\/\/aktuelles.uni-frankfurt.de\/#\/schema\/person\/8e55ea338fb65d1ce87a91565d1f1739","name":"-","description":"Dieser Beitrag wurde von der Online-Redaktion ver\u00f6ffentlicht. Wenn der Beitrag von einem Gastautoren verfasst wurde, findet sich dieser Hinweis am Ende des jeweiligen Artikels.","sameAs":["http:\/\/aktuelles.uni-frankfurt.de\/autoren"],"url":"https:\/\/aktuelles.uni-frankfurt.de\/en\/author\/redaktion\/"}]}},"_links":{"self":[{"href":"https:\/\/aktuelles.uni-frankfurt.de\/en\/wp-json\/wp\/v2\/posts\/81619","targetHints":{"allow":["GET"]}}],"collection":[{"href":"https:\/\/aktuelles.uni-frankfurt.de\/en\/wp-json\/wp\/v2\/posts"}],"about":[{"href":"https:\/\/aktuelles.uni-frankfurt.de\/en\/wp-json\/wp\/v2\/types\/post"}],"author":[{"embeddable":true,"href":"https:\/\/aktuelles.uni-frankfurt.de\/en\/wp-json\/wp\/v2\/users\/8"}],"replies":[{"embeddable":true,"href":"https:\/\/aktuelles.uni-frankfurt.de\/en\/wp-json\/wp\/v2\/comments?post=81619"}],"version-history":[{"count":0,"href":"https:\/\/aktuelles.uni-frankfurt.de\/en\/wp-json\/wp\/v2\/posts\/81619\/revisions"}],"wp:featuredmedia":[{"embeddable":true,"href":"https:\/\/aktuelles.uni-frankfurt.de\/en\/wp-json\/wp\/v2\/media\/53025"}],"wp:attachment":[{"href":"https:\/\/aktuelles.uni-frankfurt.de\/en\/wp-json\/wp\/v2\/media?parent=81619"}],"wp:term":[{"taxonomy":"category","embeddable":true,"href":"https:\/\/aktuelles.uni-frankfurt.de\/en\/wp-json\/wp\/v2\/categories?post=81619"},{"taxonomy":"post_tag","embeddable":true,"href":"https:\/\/aktuelles.uni-frankfurt.de\/en\/wp-json\/wp\/v2\/tags?post=81619"},{"taxonomy":"post_folder","embeddable":true,"href":"https:\/\/aktuelles.uni-frankfurt.de\/en\/wp-json\/wp\/v2\/post_folder?post=81619"}],"curies":[{"name":"wp","href":"https:\/\/api.w.org\/{rel}","templated":true}]}}