{"id":81621,"date":"2024-11-17T20:17:16","date_gmt":"2024-11-17T19:17:16","guid":{"rendered":"https:\/\/aktuelles.uni-frankfurt.de\/?p=81621"},"modified":"2024-11-17T20:17:17","modified_gmt":"2024-11-17T19:17:17","slug":"update-zur-besetzung-der-kunstbibliothek-universitaet-koordiniert-gespraechstermin-zwischen-besetzenden-land-und-stadt","status":"publish","type":"post","link":"https:\/\/aktuelles.uni-frankfurt.de\/en\/hochschule\/update-zur-besetzung-der-kunstbibliothek-universitaet-koordiniert-gespraechstermin-zwischen-besetzenden-land-und-stadt\/","title":{"rendered":"Update zur Besetzung der Kunstbibliothek: Universit\u00e4t koordiniert Gespr\u00e4chstermin zwischen Besetzenden, Land und Stadt"},"content":{"rendered":"<p>Die ehemalige Kunstbibliothek auf dem Campus Bockenheim der Goethe-Universit\u00e4t ist seit dem sp\u00e4ten Samstagnachmittag, 16.11.2024, besetzt. Eine sich als \u201eKollektiv UFo \u2013 Utopien Formen\u201c bezeichnende anonyme Gruppe hat in Form einer E-Mail um 17.02h ein Gespr\u00e4ch mit dem Pr\u00e4sidium der Goethe-Universit\u00e4t gefordert, um \u201e\u00fcber die Zukunft der Kunstbibliothek im Rahmen des Kulturcampus\u201c zu sprechen. Die Universit\u00e4t ist daf\u00fcr die falsche Ansprechpartnerin, da sie die Liegenschaft lediglich bis zur geplanten \u00dcbergabe an die Stadt Frankfurt im Auftrag des Landes Hessen als Eigent\u00fcmer verwaltet.<\/p>\n\n\n\n<p>Die Universit\u00e4tsleitung steht gleichwohl seit Samstagnachmittag (19.52 Uhr) im direkten Austausch mit den Besetzenden und hat angeboten, ein von den Besetzenden gew\u00fcnschtes Gespr\u00e4ch mit Stadt und Land zu koordinieren. Die Universit\u00e4t hat immer wieder Versuche unternommen, durch die Koordinierung von Gespr\u00e4chen die \u00dcbergabe der Liegenschaften am Kulturcampus zu beschleunigen, zuletzt konzertiert am 4. Juli 2024, adressiert an den Wissenschaftsminister, den Oberb\u00fcrgermeister, die Dezernent*innen f\u00fcr Planung und Wohnen, Kultur und Wissenschaft sowie Bildung, Immobilien und Neues Bauen. Die Universit\u00e4tsleitung steht zur Terminierung eines Gespr\u00e4chs mit den Besetzenden nun erneut im Kontakt mit dem Wissenschaftsministerium und den zust\u00e4ndigen Dezernent*innen der Stadt. Das Ministerium hat seine Bereitschaft zur Teilnahme erkl\u00e4rt. Nach Auskunft der Besetzenden stehen auch sie selbst im Dialog mit dem Planungsdezernat, das ebenfalls dazu bereit sei. Voraussetzung f\u00fcr ein solches Gespr\u00e4ch ist, auch aus Sicht des Landes als Eigent\u00fcmer der Liegenschaft, dass die Besetzenden ein ernsthaftes Gespr\u00e4chsinteresse durch das Verlassen des Geb\u00e4udes dokumentieren.<\/p>\n\n\n\n<p>Die Universit\u00e4t hat \u00f6ffentlich immer wieder ihre Bereitschaft und ihren Wunsch erkl\u00e4rt, alle Geb\u00e4ude am Campus Bockenheim, die leer stehen und die sie mit Blick auf ihre k\u00fcnftige Verwendung im Kulturcampus nicht mehr nutzen kann, zeitnah an die Stadt Frankfurt abzugeben. Den Besetzenden m\u00fcsste mittlerweile klar sein, dass es nicht die Universit\u00e4t ist, die eine \u00dcbergabe, eine darauffolgende etwaige Zwischennutzung und die k\u00fcnftige Verwendung der Liegenschaften im Rahmen des Kulturcampus&#8216; verz\u00f6gert oder gar verhindert. Gerade im Interesse der 41.000 Studierenden der Goethe-Universit\u00e4t w\u00fcrde sich die Universit\u00e4t w\u00fcnschen, dass die am Kulturcampus interessierten Initiativen sie bei diesem Ziel auf demokratischem Weg unterst\u00fctzen.<\/p>\n\n\n\n<p>Die wiederholten Besetzungen ehemaliger Liegenschaften der Universit\u00e4t haben bisher nicht zu einem schnelleren Fortschritt des Kulturcampus\u2018 gef\u00fchrt, gerade <em>weil<\/em> die Universit\u00e4t nicht die richtige Ansprechpartnerin ist. Sie binden lediglich Kraft und Ressourcen, die eine Hochschulleitung in ihre eigentlichen Aufgaben und Herausforderungen investieren m\u00fcsste. Es kann nicht Aufgabe einer Universit\u00e4t sein, leerstehende, l\u00e4ngst anderen Zwecken zugedachte Geb\u00e4ude mit hohem Personalaufwand und hohen Kosten zu sichern und zu erhalten.<\/p>\n\n\n\n<p>Die Universit\u00e4t ist dem Land Hessen als Eigent\u00fcmer gegen\u00fcber verpflichtet, Strafantrag zu stellen, wenn sie sich nicht selbst regresspflichtig machen will. Das Wissenschaftsministerium hat dies auf Nachfrage auch am Sonntag noch einmal best\u00e4tigt. Der Strafantrag wird &#8211; wie in fr\u00fcheren F\u00e4llen von Besetzungen &#8211; zwangsl\u00e4ufig zur R\u00e4umung f\u00fchren. Wann diese geschieht, liegt nach Stellen des Strafantrags im Ermessen der Sicherheitsbeh\u00f6rden.<\/p>\n\n\n\n<p>Die Universit\u00e4t hat die Besetzenden am Sonntag erneut aufgefordert, im Sinne der Anbahnung einer zielf\u00fchrenden Gespr\u00e4chssituation das Geb\u00e4ude bis 21 Uhr friedlich zu verlassen, um eine Gespr\u00e4chsgrundlage wiederherzustellen. Andernfalls muss und wird die Universit\u00e4t Strafantrag stellen.<\/p>\n\n\n\n<p class=\"has-background\" style=\"background-color:#eeeeee\"><em>Hinweis: Dieses Statement gibt den Stand der Dinge am Sonntagabend, 17.11.2024, 19.45 Uhr wieder.<br><\/em><br><a href=\"https:\/\/aktuelles.uni-frankfurt.de\/hochschule\/dokumentation-des-mailwechsels-zur-besetzung-der-kunstbibliothek\/\">Im Sinne der Transparenz dokumentiert die Universit\u00e4t den Mailwechsel mit dem Kollektiv UFo auf ihrer Website<\/a><\/p>\n\n\n\n<p><\/p>","protected":false},"excerpt":{"rendered":"<p>Die ehemalige Kunstbibliothek auf dem Campus Bockenheim der Goethe-Universit\u00e4t ist seit dem sp\u00e4ten Samstagnachmittag, 16.11.2024, besetzt. Eine sich als \u201eKollektiv UFo \u2013 Utopien Formen\u201c bezeichnende anonyme Gruppe hat in Form [&hellip;]<\/p>\n","protected":false},"author":8,"featured_media":53025,"comment_status":"closed","ping_status":"closed","sticky":false,"template":"","format":"standard","meta":{"_eb_attr":"","_price":"","_stock":"","_tribe_ticket_header":"","_tribe_default_ticket_provider":"","_ticket_start_date":"","_ticket_end_date":"","_tribe_ticket_show_description":"","_tribe_ticket_show_not_going":false,"_tribe_ticket_use_global_stock":"","_tribe_ticket_global_stock_level":"","_global_stock_mode":"","_global_stock_cap":"","_tribe_rsvp_for_event":"","_tribe_ticket_going_count":"","_tribe_ticket_not_going_count":"","_tribe_tickets_list":"[]","_tribe_ticket_has_attendee_info_fields":false,"footnotes":""},"categories":[4,8],"tags":[16],"post_folder":[],"class_list":["post-81621","post","type-post","status-publish","format-standard","has-post-thumbnail","hentry","category-gesellschaft","category-hochschule","tag-campus-bockenheim"],"yoast_head":"<!-- This site is optimized with the Yoast SEO plugin v27.5 - https:\/\/yoast.com\/product\/yoast-seo-wordpress\/ -->\n<title>Update zur Besetzung der Kunstbibliothek: Universit\u00e4t koordiniert Gespr\u00e4chstermin zwischen Besetzenden, Land und Stadt | Aktuelles aus der Goethe-Universit\u00e4t Frankfurt<\/title>\n<meta name=\"robots\" content=\"index, follow, max-snippet:-1, max-image-preview:large, max-video-preview:-1\" \/>\n<link rel=\"canonical\" href=\"https:\/\/aktuelles.uni-frankfurt.de\/en\/hochschule\/update-zur-besetzung-der-kunstbibliothek-universitaet-koordiniert-gespraechstermin-zwischen-besetzenden-land-und-stadt\/\" \/>\n<meta property=\"og:locale\" content=\"en_GB\" \/>\n<meta property=\"og:type\" content=\"article\" \/>\n<meta property=\"og:title\" content=\"Update zur Besetzung der Kunstbibliothek: Universit\u00e4t koordiniert Gespr\u00e4chstermin zwischen Besetzenden, Land und Stadt | Aktuelles aus der Goethe-Universit\u00e4t Frankfurt\" \/>\n<meta property=\"og:description\" content=\"Die ehemalige Kunstbibliothek auf dem Campus Bockenheim der Goethe-Universit\u00e4t ist seit dem sp\u00e4ten Samstagnachmittag, 16.11.2024, besetzt. Eine sich als \u201eKollektiv UFo \u2013 Utopien Formen\u201c bezeichnende anonyme Gruppe hat in Form [&hellip;]\" \/>\n<meta property=\"og:url\" content=\"https:\/\/aktuelles.uni-frankfurt.de\/en\/hochschule\/update-zur-besetzung-der-kunstbibliothek-universitaet-koordiniert-gespraechstermin-zwischen-besetzenden-land-und-stadt\/\" \/>\n<meta property=\"og:site_name\" content=\"Aktuelles aus der Goethe-Universit\u00e4t Frankfurt\" \/>\n<meta property=\"article:published_time\" content=\"2024-11-17T19:17:16+00:00\" \/>\n<meta property=\"article:modified_time\" content=\"2024-11-17T19:17:17+00:00\" \/>\n<meta property=\"og:image\" content=\"https:\/\/aktuelles.uni-frankfurt.de\/wp-content\/uploads\/2021\/10\/beitragsbild_allgemein-goethe-uni-webmagazin.jpg\" \/>\n\t<meta property=\"og:image:width\" content=\"650\" \/>\n\t<meta property=\"og:image:height\" content=\"450\" \/>\n\t<meta property=\"og:image:type\" content=\"image\/jpeg\" \/>\n<meta name=\"author\" content=\"-\" \/>\n<meta name=\"twitter:card\" content=\"summary_large_image\" \/>\n<meta name=\"twitter:label1\" content=\"Written by\" \/>\n\t<meta name=\"twitter:data1\" content=\"-\" \/>\n\t<meta name=\"twitter:label2\" content=\"Estimated reading time\" \/>\n\t<meta name=\"twitter:data2\" content=\"3 minutes\" \/>\n<script type=\"application\/ld+json\" class=\"yoast-schema-graph\">{\"@context\":\"https:\\\/\\\/schema.org\",\"@graph\":[{\"@type\":\"Article\",\"@id\":\"https:\\\/\\\/aktuelles.uni-frankfurt.de\\\/hochschule\\\/update-zur-besetzung-der-kunstbibliothek-universitaet-koordiniert-gespraechstermin-zwischen-besetzenden-land-und-stadt\\\/#article\",\"isPartOf\":{\"@id\":\"https:\\\/\\\/aktuelles.uni-frankfurt.de\\\/hochschule\\\/update-zur-besetzung-der-kunstbibliothek-universitaet-koordiniert-gespraechstermin-zwischen-besetzenden-land-und-stadt\\\/\"},\"author\":{\"name\":\"-\",\"@id\":\"https:\\\/\\\/aktuelles.uni-frankfurt.de\\\/#\\\/schema\\\/person\\\/8e55ea338fb65d1ce87a91565d1f1739\"},\"headline\":\"Update zur Besetzung der Kunstbibliothek: Universit\u00e4t koordiniert Gespr\u00e4chstermin zwischen Besetzenden, Land und Stadt\",\"datePublished\":\"2024-11-17T19:17:16+00:00\",\"dateModified\":\"2024-11-17T19:17:17+00:00\",\"mainEntityOfPage\":{\"@id\":\"https:\\\/\\\/aktuelles.uni-frankfurt.de\\\/hochschule\\\/update-zur-besetzung-der-kunstbibliothek-universitaet-koordiniert-gespraechstermin-zwischen-besetzenden-land-und-stadt\\\/\"},\"wordCount\":597,\"publisher\":{\"@id\":\"https:\\\/\\\/aktuelles.uni-frankfurt.de\\\/#organization\"},\"image\":{\"@id\":\"https:\\\/\\\/aktuelles.uni-frankfurt.de\\\/hochschule\\\/update-zur-besetzung-der-kunstbibliothek-universitaet-koordiniert-gespraechstermin-zwischen-besetzenden-land-und-stadt\\\/#primaryimage\"},\"thumbnailUrl\":\"https:\\\/\\\/aktuelles.uni-frankfurt.de\\\/wp-content\\\/uploads\\\/2021\\\/10\\\/beitragsbild_allgemein-goethe-uni-webmagazin.jpg\",\"keywords\":[\"Campus Bockenheim\"],\"articleSection\":[\"Gesellschaft\",\"Hochschule\"],\"inLanguage\":\"en-GB\"},{\"@type\":\"WebPage\",\"@id\":\"https:\\\/\\\/aktuelles.uni-frankfurt.de\\\/hochschule\\\/update-zur-besetzung-der-kunstbibliothek-universitaet-koordiniert-gespraechstermin-zwischen-besetzenden-land-und-stadt\\\/\",\"url\":\"https:\\\/\\\/aktuelles.uni-frankfurt.de\\\/hochschule\\\/update-zur-besetzung-der-kunstbibliothek-universitaet-koordiniert-gespraechstermin-zwischen-besetzenden-land-und-stadt\\\/\",\"name\":\"Update zur Besetzung der Kunstbibliothek: Universit\u00e4t koordiniert Gespr\u00e4chstermin zwischen Besetzenden, Land und Stadt | Aktuelles aus der Goethe-Universit\u00e4t Frankfurt\",\"isPartOf\":{\"@id\":\"https:\\\/\\\/aktuelles.uni-frankfurt.de\\\/#website\"},\"primaryImageOfPage\":{\"@id\":\"https:\\\/\\\/aktuelles.uni-frankfurt.de\\\/hochschule\\\/update-zur-besetzung-der-kunstbibliothek-universitaet-koordiniert-gespraechstermin-zwischen-besetzenden-land-und-stadt\\\/#primaryimage\"},\"image\":{\"@id\":\"https:\\\/\\\/aktuelles.uni-frankfurt.de\\\/hochschule\\\/update-zur-besetzung-der-kunstbibliothek-universitaet-koordiniert-gespraechstermin-zwischen-besetzenden-land-und-stadt\\\/#primaryimage\"},\"thumbnailUrl\":\"https:\\\/\\\/aktuelles.uni-frankfurt.de\\\/wp-content\\\/uploads\\\/2021\\\/10\\\/beitragsbild_allgemein-goethe-uni-webmagazin.jpg\",\"datePublished\":\"2024-11-17T19:17:16+00:00\",\"dateModified\":\"2024-11-17T19:17:17+00:00\",\"breadcrumb\":{\"@id\":\"https:\\\/\\\/aktuelles.uni-frankfurt.de\\\/hochschule\\\/update-zur-besetzung-der-kunstbibliothek-universitaet-koordiniert-gespraechstermin-zwischen-besetzenden-land-und-stadt\\\/#breadcrumb\"},\"inLanguage\":\"en-GB\",\"potentialAction\":[{\"@type\":\"ReadAction\",\"target\":[\"https:\\\/\\\/aktuelles.uni-frankfurt.de\\\/hochschule\\\/update-zur-besetzung-der-kunstbibliothek-universitaet-koordiniert-gespraechstermin-zwischen-besetzenden-land-und-stadt\\\/\"]}]},{\"@type\":\"ImageObject\",\"inLanguage\":\"en-GB\",\"@id\":\"https:\\\/\\\/aktuelles.uni-frankfurt.de\\\/hochschule\\\/update-zur-besetzung-der-kunstbibliothek-universitaet-koordiniert-gespraechstermin-zwischen-besetzenden-land-und-stadt\\\/#primaryimage\",\"url\":\"https:\\\/\\\/aktuelles.uni-frankfurt.de\\\/wp-content\\\/uploads\\\/2021\\\/10\\\/beitragsbild_allgemein-goethe-uni-webmagazin.jpg\",\"contentUrl\":\"https:\\\/\\\/aktuelles.uni-frankfurt.de\\\/wp-content\\\/uploads\\\/2021\\\/10\\\/beitragsbild_allgemein-goethe-uni-webmagazin.jpg\",\"width\":650,\"height\":450},{\"@type\":\"BreadcrumbList\",\"@id\":\"https:\\\/\\\/aktuelles.uni-frankfurt.de\\\/hochschule\\\/update-zur-besetzung-der-kunstbibliothek-universitaet-koordiniert-gespraechstermin-zwischen-besetzenden-land-und-stadt\\\/#breadcrumb\",\"itemListElement\":[{\"@type\":\"ListItem\",\"position\":1,\"name\":\"Startseite\",\"item\":\"https:\\\/\\\/aktuelles.uni-frankfurt.de\\\/\"},{\"@type\":\"ListItem\",\"position\":2,\"name\":\"Update zur Besetzung der Kunstbibliothek: Universit\u00e4t koordiniert Gespr\u00e4chstermin zwischen Besetzenden, Land und Stadt\"}]},{\"@type\":\"WebSite\",\"@id\":\"https:\\\/\\\/aktuelles.uni-frankfurt.de\\\/#website\",\"url\":\"https:\\\/\\\/aktuelles.uni-frankfurt.de\\\/\",\"name\":\"Aktuelles aus der Goethe-Universit\u00e4t Frankfurt\",\"description\":\"Aktuelles aus der Goethe-Universit\u00e4t | Neues aus Forschung, Lehre, Studium\",\"publisher\":{\"@id\":\"https:\\\/\\\/aktuelles.uni-frankfurt.de\\\/#organization\"},\"potentialAction\":[{\"@type\":\"SearchAction\",\"target\":{\"@type\":\"EntryPoint\",\"urlTemplate\":\"https:\\\/\\\/aktuelles.uni-frankfurt.de\\\/?s={search_term_string}\"},\"query-input\":{\"@type\":\"PropertyValueSpecification\",\"valueRequired\":true,\"valueName\":\"search_term_string\"}}],\"inLanguage\":\"en-GB\"},{\"@type\":\"Organization\",\"@id\":\"https:\\\/\\\/aktuelles.uni-frankfurt.de\\\/#organization\",\"name\":\"Goethe-Universit\u00e4t\",\"url\":\"https:\\\/\\\/aktuelles.uni-frankfurt.de\\\/\",\"logo\":{\"@type\":\"ImageObject\",\"inLanguage\":\"en-GB\",\"@id\":\"https:\\\/\\\/aktuelles.uni-frankfurt.de\\\/#\\\/schema\\\/logo\\\/image\\\/\",\"url\":\"https:\\\/\\\/aktuelles.uni-frankfurt.de\\\/wp-content\\\/uploads\\\/2022\\\/03\\\/800px-Goethe-Logo.png\",\"contentUrl\":\"https:\\\/\\\/aktuelles.uni-frankfurt.de\\\/wp-content\\\/uploads\\\/2022\\\/03\\\/800px-Goethe-Logo.png\",\"width\":800,\"height\":436,\"caption\":\"Goethe-Universit\u00e4t\"},\"image\":{\"@id\":\"https:\\\/\\\/aktuelles.uni-frankfurt.de\\\/#\\\/schema\\\/logo\\\/image\\\/\"}},{\"@type\":\"Person\",\"@id\":\"https:\\\/\\\/aktuelles.uni-frankfurt.de\\\/#\\\/schema\\\/person\\\/8e55ea338fb65d1ce87a91565d1f1739\",\"name\":\"-\",\"description\":\"Dieser Beitrag wurde von der Online-Redaktion ver\u00f6ffentlicht. Wenn der Beitrag von einem Gastautoren verfasst wurde, findet sich dieser Hinweis am Ende des jeweiligen Artikels.\",\"sameAs\":[\"http:\\\/\\\/aktuelles.uni-frankfurt.de\\\/autoren\"],\"url\":\"https:\\\/\\\/aktuelles.uni-frankfurt.de\\\/en\\\/author\\\/redaktion\\\/\"}]}<\/script>\n<!-- \/ Yoast SEO plugin. -->","yoast_head_json":{"title":"Update zur Besetzung der Kunstbibliothek: Universit\u00e4t koordiniert Gespr\u00e4chstermin zwischen Besetzenden, Land und Stadt | Aktuelles aus der Goethe-Universit\u00e4t Frankfurt","robots":{"index":"index","follow":"follow","max-snippet":"max-snippet:-1","max-image-preview":"max-image-preview:large","max-video-preview":"max-video-preview:-1"},"canonical":"https:\/\/aktuelles.uni-frankfurt.de\/en\/hochschule\/update-zur-besetzung-der-kunstbibliothek-universitaet-koordiniert-gespraechstermin-zwischen-besetzenden-land-und-stadt\/","og_locale":"en_GB","og_type":"article","og_title":"Update zur Besetzung der Kunstbibliothek: Universit\u00e4t koordiniert Gespr\u00e4chstermin zwischen Besetzenden, Land und Stadt | Aktuelles aus der Goethe-Universit\u00e4t Frankfurt","og_description":"Die ehemalige Kunstbibliothek auf dem Campus Bockenheim der Goethe-Universit\u00e4t ist seit dem sp\u00e4ten Samstagnachmittag, 16.11.2024, besetzt. Eine sich als \u201eKollektiv UFo \u2013 Utopien Formen\u201c bezeichnende anonyme Gruppe hat in Form [&hellip;]","og_url":"https:\/\/aktuelles.uni-frankfurt.de\/en\/hochschule\/update-zur-besetzung-der-kunstbibliothek-universitaet-koordiniert-gespraechstermin-zwischen-besetzenden-land-und-stadt\/","og_site_name":"Aktuelles aus der Goethe-Universit\u00e4t Frankfurt","article_published_time":"2024-11-17T19:17:16+00:00","article_modified_time":"2024-11-17T19:17:17+00:00","og_image":[{"width":650,"height":450,"url":"https:\/\/aktuelles.uni-frankfurt.de\/wp-content\/uploads\/2021\/10\/beitragsbild_allgemein-goethe-uni-webmagazin.jpg","type":"image\/jpeg"}],"author":"-","twitter_card":"summary_large_image","twitter_misc":{"Written by":"-","Estimated reading time":"3 minutes"},"schema":{"@context":"https:\/\/schema.org","@graph":[{"@type":"Article","@id":"https:\/\/aktuelles.uni-frankfurt.de\/hochschule\/update-zur-besetzung-der-kunstbibliothek-universitaet-koordiniert-gespraechstermin-zwischen-besetzenden-land-und-stadt\/#article","isPartOf":{"@id":"https:\/\/aktuelles.uni-frankfurt.de\/hochschule\/update-zur-besetzung-der-kunstbibliothek-universitaet-koordiniert-gespraechstermin-zwischen-besetzenden-land-und-stadt\/"},"author":{"name":"-","@id":"https:\/\/aktuelles.uni-frankfurt.de\/#\/schema\/person\/8e55ea338fb65d1ce87a91565d1f1739"},"headline":"Update zur Besetzung der Kunstbibliothek: Universit\u00e4t koordiniert Gespr\u00e4chstermin zwischen Besetzenden, Land und Stadt","datePublished":"2024-11-17T19:17:16+00:00","dateModified":"2024-11-17T19:17:17+00:00","mainEntityOfPage":{"@id":"https:\/\/aktuelles.uni-frankfurt.de\/hochschule\/update-zur-besetzung-der-kunstbibliothek-universitaet-koordiniert-gespraechstermin-zwischen-besetzenden-land-und-stadt\/"},"wordCount":597,"publisher":{"@id":"https:\/\/aktuelles.uni-frankfurt.de\/#organization"},"image":{"@id":"https:\/\/aktuelles.uni-frankfurt.de\/hochschule\/update-zur-besetzung-der-kunstbibliothek-universitaet-koordiniert-gespraechstermin-zwischen-besetzenden-land-und-stadt\/#primaryimage"},"thumbnailUrl":"https:\/\/aktuelles.uni-frankfurt.de\/wp-content\/uploads\/2021\/10\/beitragsbild_allgemein-goethe-uni-webmagazin.jpg","keywords":["Campus Bockenheim"],"articleSection":["Gesellschaft","Hochschule"],"inLanguage":"en-GB"},{"@type":"WebPage","@id":"https:\/\/aktuelles.uni-frankfurt.de\/hochschule\/update-zur-besetzung-der-kunstbibliothek-universitaet-koordiniert-gespraechstermin-zwischen-besetzenden-land-und-stadt\/","url":"https:\/\/aktuelles.uni-frankfurt.de\/hochschule\/update-zur-besetzung-der-kunstbibliothek-universitaet-koordiniert-gespraechstermin-zwischen-besetzenden-land-und-stadt\/","name":"Update zur Besetzung der Kunstbibliothek: Universit\u00e4t koordiniert Gespr\u00e4chstermin zwischen Besetzenden, Land und Stadt | Aktuelles aus der Goethe-Universit\u00e4t Frankfurt","isPartOf":{"@id":"https:\/\/aktuelles.uni-frankfurt.de\/#website"},"primaryImageOfPage":{"@id":"https:\/\/aktuelles.uni-frankfurt.de\/hochschule\/update-zur-besetzung-der-kunstbibliothek-universitaet-koordiniert-gespraechstermin-zwischen-besetzenden-land-und-stadt\/#primaryimage"},"image":{"@id":"https:\/\/aktuelles.uni-frankfurt.de\/hochschule\/update-zur-besetzung-der-kunstbibliothek-universitaet-koordiniert-gespraechstermin-zwischen-besetzenden-land-und-stadt\/#primaryimage"},"thumbnailUrl":"https:\/\/aktuelles.uni-frankfurt.de\/wp-content\/uploads\/2021\/10\/beitragsbild_allgemein-goethe-uni-webmagazin.jpg","datePublished":"2024-11-17T19:17:16+00:00","dateModified":"2024-11-17T19:17:17+00:00","breadcrumb":{"@id":"https:\/\/aktuelles.uni-frankfurt.de\/hochschule\/update-zur-besetzung-der-kunstbibliothek-universitaet-koordiniert-gespraechstermin-zwischen-besetzenden-land-und-stadt\/#breadcrumb"},"inLanguage":"en-GB","potentialAction":[{"@type":"ReadAction","target":["https:\/\/aktuelles.uni-frankfurt.de\/hochschule\/update-zur-besetzung-der-kunstbibliothek-universitaet-koordiniert-gespraechstermin-zwischen-besetzenden-land-und-stadt\/"]}]},{"@type":"ImageObject","inLanguage":"en-GB","@id":"https:\/\/aktuelles.uni-frankfurt.de\/hochschule\/update-zur-besetzung-der-kunstbibliothek-universitaet-koordiniert-gespraechstermin-zwischen-besetzenden-land-und-stadt\/#primaryimage","url":"https:\/\/aktuelles.uni-frankfurt.de\/wp-content\/uploads\/2021\/10\/beitragsbild_allgemein-goethe-uni-webmagazin.jpg","contentUrl":"https:\/\/aktuelles.uni-frankfurt.de\/wp-content\/uploads\/2021\/10\/beitragsbild_allgemein-goethe-uni-webmagazin.jpg","width":650,"height":450},{"@type":"BreadcrumbList","@id":"https:\/\/aktuelles.uni-frankfurt.de\/hochschule\/update-zur-besetzung-der-kunstbibliothek-universitaet-koordiniert-gespraechstermin-zwischen-besetzenden-land-und-stadt\/#breadcrumb","itemListElement":[{"@type":"ListItem","position":1,"name":"Startseite","item":"https:\/\/aktuelles.uni-frankfurt.de\/"},{"@type":"ListItem","position":2,"name":"Update zur Besetzung der Kunstbibliothek: Universit\u00e4t koordiniert Gespr\u00e4chstermin zwischen Besetzenden, Land und Stadt"}]},{"@type":"WebSite","@id":"https:\/\/aktuelles.uni-frankfurt.de\/#website","url":"https:\/\/aktuelles.uni-frankfurt.de\/","name":"Aktuelles aus der Goethe-Universit\u00e4t Frankfurt","description":"Aktuelles aus der Goethe-Universit\u00e4t | Neues aus Forschung, Lehre, Studium","publisher":{"@id":"https:\/\/aktuelles.uni-frankfurt.de\/#organization"},"potentialAction":[{"@type":"SearchAction","target":{"@type":"EntryPoint","urlTemplate":"https:\/\/aktuelles.uni-frankfurt.de\/?s={search_term_string}"},"query-input":{"@type":"PropertyValueSpecification","valueRequired":true,"valueName":"search_term_string"}}],"inLanguage":"en-GB"},{"@type":"Organization","@id":"https:\/\/aktuelles.uni-frankfurt.de\/#organization","name":"Goethe University Frankfurt","url":"https:\/\/aktuelles.uni-frankfurt.de\/","logo":{"@type":"ImageObject","inLanguage":"en-GB","@id":"https:\/\/aktuelles.uni-frankfurt.de\/#\/schema\/logo\/image\/","url":"https:\/\/aktuelles.uni-frankfurt.de\/wp-content\/uploads\/2022\/03\/800px-Goethe-Logo.png","contentUrl":"https:\/\/aktuelles.uni-frankfurt.de\/wp-content\/uploads\/2022\/03\/800px-Goethe-Logo.png","width":800,"height":436,"caption":"Goethe-Universit\u00e4t"},"image":{"@id":"https:\/\/aktuelles.uni-frankfurt.de\/#\/schema\/logo\/image\/"}},{"@type":"Person","@id":"https:\/\/aktuelles.uni-frankfurt.de\/#\/schema\/person\/8e55ea338fb65d1ce87a91565d1f1739","name":"-","description":"Dieser Beitrag wurde von der Online-Redaktion ver\u00f6ffentlicht. Wenn der Beitrag von einem Gastautoren verfasst wurde, findet sich dieser Hinweis am Ende des jeweiligen Artikels.","sameAs":["http:\/\/aktuelles.uni-frankfurt.de\/autoren"],"url":"https:\/\/aktuelles.uni-frankfurt.de\/en\/author\/redaktion\/"}]}},"_links":{"self":[{"href":"https:\/\/aktuelles.uni-frankfurt.de\/en\/wp-json\/wp\/v2\/posts\/81621","targetHints":{"allow":["GET"]}}],"collection":[{"href":"https:\/\/aktuelles.uni-frankfurt.de\/en\/wp-json\/wp\/v2\/posts"}],"about":[{"href":"https:\/\/aktuelles.uni-frankfurt.de\/en\/wp-json\/wp\/v2\/types\/post"}],"author":[{"embeddable":true,"href":"https:\/\/aktuelles.uni-frankfurt.de\/en\/wp-json\/wp\/v2\/users\/8"}],"replies":[{"embeddable":true,"href":"https:\/\/aktuelles.uni-frankfurt.de\/en\/wp-json\/wp\/v2\/comments?post=81621"}],"version-history":[{"count":0,"href":"https:\/\/aktuelles.uni-frankfurt.de\/en\/wp-json\/wp\/v2\/posts\/81621\/revisions"}],"wp:featuredmedia":[{"embeddable":true,"href":"https:\/\/aktuelles.uni-frankfurt.de\/en\/wp-json\/wp\/v2\/media\/53025"}],"wp:attachment":[{"href":"https:\/\/aktuelles.uni-frankfurt.de\/en\/wp-json\/wp\/v2\/media?parent=81621"}],"wp:term":[{"taxonomy":"category","embeddable":true,"href":"https:\/\/aktuelles.uni-frankfurt.de\/en\/wp-json\/wp\/v2\/categories?post=81621"},{"taxonomy":"post_tag","embeddable":true,"href":"https:\/\/aktuelles.uni-frankfurt.de\/en\/wp-json\/wp\/v2\/tags?post=81621"},{"taxonomy":"post_folder","embeddable":true,"href":"https:\/\/aktuelles.uni-frankfurt.de\/en\/wp-json\/wp\/v2\/post_folder?post=81621"}],"curies":[{"name":"wp","href":"https:\/\/api.w.org\/{rel}","templated":true}]}}