{"id":81982,"date":"2024-12-16T10:55:53","date_gmt":"2024-12-16T09:55:53","guid":{"rendered":"https:\/\/aktuelles.uni-frankfurt.de\/?p=81982"},"modified":"2025-01-27T12:24:09","modified_gmt":"2025-01-27T11:24:09","slug":"die-stadt-frankfurt-zeichnet-hervorragende-persoenlichkeiten-mit-migrationsgeschichte-aus","status":"publish","type":"post","link":"https:\/\/aktuelles.uni-frankfurt.de\/en\/gesellschaft\/die-stadt-frankfurt-zeichnet-hervorragende-persoenlichkeiten-mit-migrationsgeschichte-aus\/","title":{"rendered":"Die Stadt Frankfurt zeichnet hervorragende Pers\u00f6nlichkeiten mit Migrationsgeschichte aus"},"content":{"rendered":"<p><em>\u201eAnkommen hei\u00dft, sich aktiv als Teil der Gemeinschaft einzubringen\u201c<\/em>. <em>Die Stadt Frankfurt zeichnet jedes Jahr hervorragende Pers\u00f6nlichkeiten mit Migrationsgeschichte aus. Diesmal sind sechs von ihnen mit der Goethe-Universit\u00e4t verbunden.<\/em><\/p>\n\n\n\n<div style=\"height:20px\" aria-hidden=\"true\" class=\"wp-block-spacer\"><\/div>\n\n\n\n<figure class=\"wp-block-image aligncenter size-full\"><img fetchpriority=\"high\" decoding=\"async\" width=\"650\" height=\"450\" src=\"https:\/\/aktuelles.uni-frankfurt.de\/wp-content\/uploads\/2024\/12\/beitragsbild-hervorragende-persoenlichkeiten-mit-migrationsgeschichte-650x450px.jpg\" alt=\"Nikola Kowal, Foto: Nicolas Det, Prof. Dr. Rana Alsoufi, Foto: privat, Khayal Gasimli, Foto: Nicolas Det, Puria Parvini, Foto: privat, Galina Putjata, Bild: Nicolas Det, Mariana Shumliakivska, Foto: Katharine Schulenburg\" class=\"wp-image-82000\" srcset=\"https:\/\/aktuelles.uni-frankfurt.de\/wp-content\/uploads\/2024\/12\/beitragsbild-hervorragende-persoenlichkeiten-mit-migrationsgeschichte-650x450px.jpg 650w, https:\/\/aktuelles.uni-frankfurt.de\/wp-content\/uploads\/2024\/12\/beitragsbild-hervorragende-persoenlichkeiten-mit-migrationsgeschichte-650x450px-300x208.jpg 300w, https:\/\/aktuelles.uni-frankfurt.de\/wp-content\/uploads\/2024\/12\/beitragsbild-hervorragende-persoenlichkeiten-mit-migrationsgeschichte-650x450px-500x346.jpg 500w, https:\/\/aktuelles.uni-frankfurt.de\/wp-content\/uploads\/2024\/12\/beitragsbild-hervorragende-persoenlichkeiten-mit-migrationsgeschichte-650x450px-18x12.jpg 18w\" sizes=\"(max-width: 650px) 100vw, 650px\" \/><figcaption class=\"wp-element-caption\">Nikola Kowal, Foto: Nicolas Det, Prof. Dr. Rana Alsoufi, Foto: privat, Khayal Gasimli, Foto: Nicolas Det, Puria Parvini, Foto: privat, Galina Putjata, Foto: Nicolas Det, Mariana Shumliakivska, Foto: Katharine Schulenburg<\/figcaption><\/figure>\n\n\n\n<div style=\"height:20px\" aria-hidden=\"true\" class=\"wp-block-spacer\"><\/div>\n\n\n\n<p>Mehr als die H\u00e4lfte aller B\u00fcrgerinnen und B\u00fcrger in Frankfurt haben eine Migrationsgeschichte. Aus rund 180 Herkunftsl\u00e4ndern sind sie nach mehr oder weniger langen, mehr oder weniger beschwerlichen Wegen in einer f\u00fcr sie fremden Stadt angekommen, haben ihr Leben vor Ort neu ausgerichtet und gestaltet. Und damit auch die Stadt, in der sie leben, aktiv mitgepr\u00e4gt: durch ihre Sprachen (oft sind es zahlreiche), durch ihre Kultur, ihre F\u00e4higkeiten, ihre pers\u00f6nlichen Erfahrungen und ihr soziales Engagement.<\/p>\n\n\n\n<p>Zwanzig solcher Pers\u00f6nlichkeiten mit Migrationsgeschichte aus den Bereichen Bildung, Wissenschaft und Wirtschaft w\u00fcrdigt jedes Jahr die Kommunale Ausl\u00e4nderinnen- und Ausl\u00e4ndervertretung (KAV) der Stadt Frankfurt am Main \u2013 das aktive \u201eMigrationsparlament\u201c vertritt die Interessen der internationalen Einwohnerinnen und Einwohner in Frankfurt. Sechs der Personen, die am 1. November in der Paulskirche f\u00fcr ihre herausragenden Leistungen ausgezeichnet wurden, sind mit der Goethe-Universit\u00e4t verbunden \u2013 als Studentin und Doktorandin, als \u00c4rzte, als Professorin und Professor. Sie beeindrucken nicht nur durch eine au\u00dfergew\u00f6hnliche schulische bzw. wissenschaftliche Laufbahn, sondern auch durch ihr Bewusstsein f\u00fcr gesellschaftliche Missst\u00e4nde und ihr hohes soziales Engagement.<\/p>\n\n\n\n<div style=\"height:20px\" aria-hidden=\"true\" class=\"wp-block-spacer\"><\/div>\n\n\n\n<p><strong>\u201eEs muss aber noch viel passieren\u201c<\/strong><\/p>\n\n\n\n<figure class=\"wp-block-image alignleft size-full\"><img decoding=\"async\" width=\"200\" height=\"200\" src=\"https:\/\/aktuelles.uni-frankfurt.de\/wp-content\/uploads\/2024\/12\/galina-putjata-200x200px.png\" alt=\"Galina Putjata, Foto: Nicolas Det\" class=\"wp-image-81984\" srcset=\"https:\/\/aktuelles.uni-frankfurt.de\/wp-content\/uploads\/2024\/12\/galina-putjata-200x200px.png 200w, https:\/\/aktuelles.uni-frankfurt.de\/wp-content\/uploads\/2024\/12\/galina-putjata-200x200px-150x150.png 150w, https:\/\/aktuelles.uni-frankfurt.de\/wp-content\/uploads\/2024\/12\/galina-putjata-200x200px-12x12.png 12w\" sizes=\"(max-width: 200px) 100vw, 200px\" \/><figcaption class=\"wp-element-caption\">Galina Putjata, Foto: Nicolas Det<\/figcaption><\/figure>\n\n\n\n<p>\u201eAnkommen hei\u00dft, sich aktiv als Teil der Gemeinschaft einzubringen. Sich nicht hilfsbed\u00fcrftig als \u201aFl\u00fcchtling\u2018 positioniert, sondern als Mensch mit meinem K\u00f6nnen und Wissen anerkannt und wertgesch\u00e4tzt zu f\u00fchlen\u201c, beschreibt etwa die Linguistin Galina Putjata stellvertretend f\u00fcr viele die Situation von Migrant*innen. \u201eDaf\u00fcr muss aber noch vieles passieren. Deswegen setze ich mich heute daf\u00fcr ein, dass sich Strukturen ver\u00e4ndern, Abschl\u00fcsse anerkannt werden und mitgebrachten Sprachen Platz einger\u00e4umt wird.\u201c Putjata ist seit 2020 Professorin f\u00fcr Mehrsprachigkeitsforschung an der Goethe Universit\u00e4t. In Odessa (Ukraine) geboren, lebt sie seit 13 Jahren in Deutschland. Neben ihrer wissenschaftlichen Laufbahn verfolgt Galina Putjata seit Jahren zahlreiche Projekte zur F\u00f6rderung von Mehrsprachigkeit und Bildung und engagiert sie sich unter anderem f\u00fcr gesellschaftliche Normalisierung j\u00fcdischen Lebens und Studierende mit Migrationshintergrund.<\/p>\n\n\n\n<div style=\"height:20px\" aria-hidden=\"true\" class=\"wp-block-spacer\"><\/div>\n\n\n\n<figure class=\"wp-block-image alignright size-full\"><img decoding=\"async\" width=\"200\" height=\"200\" src=\"https:\/\/aktuelles.uni-frankfurt.de\/wp-content\/uploads\/2024\/12\/mariana-shumliakivska-200x200px.png\" alt=\"Mariana Shumliakivska, Foto: Katharine Schulenburg\" class=\"wp-image-81992\" srcset=\"https:\/\/aktuelles.uni-frankfurt.de\/wp-content\/uploads\/2024\/12\/mariana-shumliakivska-200x200px.png 200w, https:\/\/aktuelles.uni-frankfurt.de\/wp-content\/uploads\/2024\/12\/mariana-shumliakivska-200x200px-150x150.png 150w, https:\/\/aktuelles.uni-frankfurt.de\/wp-content\/uploads\/2024\/12\/mariana-shumliakivska-200x200px-12x12.png 12w\" sizes=\"(max-width: 200px) 100vw, 200px\" \/><figcaption class=\"wp-element-caption\">Mariana Shumliakivska, Foto: Katharine Schulenburg<\/figcaption><\/figure>\n\n\n\n<p>Ebenfalls in der Ukraine, genauer in Schytomyr, geboren ist Mariana Shumliakivska. Die Molekularmedizinerin begann ihre akademische Laufbahn 2016 mit einem Bachelorstudium in Biotechnologie in Polen. Nach Austauschprogrammen in M\u00fcnchen und K\u00f6ln promoviert Mariana Shumliakivska derzeit am Institut f\u00fcr Kardiovaskul\u00e4re Regeneration an der Universit\u00e4tsmedizin Frankfurt. Parallel dazu studiert sie an der Goethe-Universit\u00e4t Humanmedizin. Neben ihrer wissenschaftlichen T\u00e4tigkeit engagiert sich Shumliakivska in zahlreichen Projekten f\u00fcr die Ukraine.<\/p>\n\n\n\n<div style=\"height:20px\" aria-hidden=\"true\" class=\"wp-block-spacer\"><\/div>\n\n\n\n<p><strong>\u201eIch habe ein tiefes Verst\u00e4ndnis und Respekt f\u00fcr kulturelle Vielfalt entwickelt\u201c<\/strong><\/p>\n\n\n\n<figure class=\"wp-block-image alignleft size-full\"><img loading=\"lazy\" decoding=\"async\" width=\"200\" height=\"200\" src=\"https:\/\/aktuelles.uni-frankfurt.de\/wp-content\/uploads\/2024\/12\/khayal-gasimli-200x200px.png\" alt=\"Khayal Gasimli, Foto: Nicolas Det\" class=\"wp-image-81988\" srcset=\"https:\/\/aktuelles.uni-frankfurt.de\/wp-content\/uploads\/2024\/12\/khayal-gasimli-200x200px.png 200w, https:\/\/aktuelles.uni-frankfurt.de\/wp-content\/uploads\/2024\/12\/khayal-gasimli-200x200px-150x150.png 150w, https:\/\/aktuelles.uni-frankfurt.de\/wp-content\/uploads\/2024\/12\/khayal-gasimli-200x200px-12x12.png 12w\" sizes=\"(max-width: 200px) 100vw, 200px\" \/><figcaption class=\"wp-element-caption\">Khayal Gasimli, Foto: Nicolas Det<\/figcaption><\/figure>\n\n\n\n<p>Mediziner ist auch Khayal Gasimli, der \u2013 in Baku, Aserbaidschan, geboren \u2013 zum Medizinstudium nach Deutschland kommt. Dort f\u00e4llt er fr\u00fch durch au\u00dferordentliche Leistungen auf: Nicht nur wird seine Doktorarbeit von der Berliner Krebsgesellschaft e.V. gef\u00f6rdert, auch zahlreiche seiner Publikationen werden ausgezeichnet. Seine klinische und akademische Laufbahn beginnt Khayal Gasimli an der Charit\u00e9 &#8211; Universit\u00e4tsmedizin Berlin und f\u00fchrt \u00fcber Marburg an die Universit\u00e4tsfrauenklinik der Goethe-Universit\u00e4t. Inzwischen hat sich Khayal Gasimli dort habilitiert.<\/p>\n\n\n\n<div style=\"height:20px\" aria-hidden=\"true\" class=\"wp-block-spacer\"><\/div>\n\n\n\n<figure class=\"wp-block-image alignright size-full\"><img loading=\"lazy\" decoding=\"async\" width=\"200\" height=\"200\" src=\"https:\/\/aktuelles.uni-frankfurt.de\/wp-content\/uploads\/2024\/12\/puria-parvini-200x200px.png\" alt=\"Puria Parvini, Foto: privat\" class=\"wp-image-81993\" srcset=\"https:\/\/aktuelles.uni-frankfurt.de\/wp-content\/uploads\/2024\/12\/puria-parvini-200x200px.png 200w, https:\/\/aktuelles.uni-frankfurt.de\/wp-content\/uploads\/2024\/12\/puria-parvini-200x200px-150x150.png 150w, https:\/\/aktuelles.uni-frankfurt.de\/wp-content\/uploads\/2024\/12\/puria-parvini-200x200px-12x12.png 12w\" sizes=\"(max-width: 200px) 100vw, 200px\" \/><figcaption class=\"wp-element-caption\">Puria Parvini, Foto: privat<\/figcaption><\/figure>\n\n\n\n<p>Mehrere medizinische Titel erworben hat Puria Parvini, der derzeit als Leitender Oberarzt der Poliklinik f\u00fcr Zahn\u00e4rztliche Chirurgie und Implantologie am Carolinum Zahn\u00e4rztlichen Universit\u00e4ts-Institut gGmbH t\u00e4tig ist. In Teheran geboren kommt Puria Parvini 1986 als Zw\u00f6lfj\u00e4hriger nach Deutschland \u2013 dort finanziert er sich Schule, Internat und Studium selbst. Schon w\u00e4hrend der Schulzeit engagiert er sich sozial, sp\u00e4ter wird er mehrfach f\u00fcr sein Engagement in der Lehre ausgezeichnet. Seit 2023 ist Puria Parvini au\u00dferplanm\u00e4\u00dfiger Professor (sowie M.Sc. M.Sc) an der Universit\u00e4tsmedizin Frankfurt.<\/p>\n\n\n\n<div style=\"height:20px\" aria-hidden=\"true\" class=\"wp-block-spacer\"><\/div>\n\n\n\n<figure class=\"wp-block-image alignleft size-full\"><img loading=\"lazy\" decoding=\"async\" width=\"200\" height=\"200\" src=\"https:\/\/aktuelles.uni-frankfurt.de\/wp-content\/uploads\/2024\/12\/prof-dr-rana-alsoufi-200x200px.png\" alt=\"Prof. Dr. Rana Alsoufi, Foto: privat\" class=\"wp-image-81994\" srcset=\"https:\/\/aktuelles.uni-frankfurt.de\/wp-content\/uploads\/2024\/12\/prof-dr-rana-alsoufi-200x200px.png 200w, https:\/\/aktuelles.uni-frankfurt.de\/wp-content\/uploads\/2024\/12\/prof-dr-rana-alsoufi-200x200px-150x150.png 150w, https:\/\/aktuelles.uni-frankfurt.de\/wp-content\/uploads\/2024\/12\/prof-dr-rana-alsoufi-200x200px-12x12.png 12w\" sizes=\"(max-width: 200px) 100vw, 200px\" \/><figcaption class=\"wp-element-caption\">Prof. Dr. Rana Alsoufi, Foto: privat<\/figcaption><\/figure>\n\n\n\n<p>F\u00fcr ihre herausragenden Leistungen ausgezeichnet wird auch Prof. Dr. Rana Alsoufi, die in ihrer Geburtsstadt Amman aufw\u00e4chst. In Jordanien studiert sie Islamische Theologie mit dem Schwerpunkt islamisches Recht. Mit einem Stipendium setzt sie ihr Studium in Gro\u00dfbritannien fort, wo sie auch promoviert. An der Goethe-Universit\u00e4t forscht und lehrt sie seit 2018: zun\u00e4chst als Juniorprofessorin f\u00fcr Normenlehre des Islam am Institut f\u00fcr Studien der Kultur und Religion des Islam, seit 2024 auf einer Professur auf Lebenszeit.<\/p>\n\n\n\n<div style=\"height:20px\" aria-hidden=\"true\" class=\"wp-block-spacer\"><\/div>\n\n\n\n<figure class=\"wp-block-image alignright size-full\"><img loading=\"lazy\" decoding=\"async\" width=\"200\" height=\"200\" src=\"https:\/\/aktuelles.uni-frankfurt.de\/wp-content\/uploads\/2024\/12\/nikola-kowal-200x200px.png\" alt=\"Nikola Kowal, Foto: Nicolas Det\" class=\"wp-image-81991\" srcset=\"https:\/\/aktuelles.uni-frankfurt.de\/wp-content\/uploads\/2024\/12\/nikola-kowal-200x200px.png 200w, https:\/\/aktuelles.uni-frankfurt.de\/wp-content\/uploads\/2024\/12\/nikola-kowal-200x200px-150x150.png 150w, https:\/\/aktuelles.uni-frankfurt.de\/wp-content\/uploads\/2024\/12\/nikola-kowal-200x200px-12x12.png 12w\" sizes=\"(max-width: 200px) 100vw, 200px\" \/><figcaption class=\"wp-element-caption\">Nikola Kowal, Foto: Nicolas Det<\/figcaption><\/figure>\n\n\n\n<p>\u201eDas Jurastudium war schon immer mein Traum, und ich wollte diesen Traum verwirklichen \u2013 unabh\u00e4ngig davon, wo ich wohne\u201c, sagt die Studentin Nikola Kowal, die 2016 als Zw\u00f6lfj\u00e4hrige mit den Eltern von Polen nach Deutschland zieht. Um ihren Traum zu verwirklichen, investiert sie viel Zeit, um so schnell wie m\u00f6glich Deutsch zu lernen und die Schule mit einem guten Abschluss zu verlassen. 2023 legt sie als eine der Jahrgangsbesten das Abitur mit einem Notendurchschnitt von 1,0 ab. Danach beginnt sie das Studium der Rechtswissenschaften an der Goethe Universit\u00e4t und bewirbt sich erfolgreich um ein Deutschlandstipendium.<\/p>\n\n\n\n<div style=\"height:20px\" aria-hidden=\"true\" class=\"wp-block-spacer\"><\/div>\n\n\n\n<p>Was die Ausgezeichneten ihrer Meinung nach auf ihrem Weg nach Frankfurt unterst\u00fctzt hat? Viele verweisen auf ihr pers\u00f6nliches Durchhalteverm\u00f6gen und ihre Disziplin, auf die Leidenschaft f\u00fcr ihren Beruf und ein inspirierendes professionelles Umfeld, auf das Sprechen vieler Sprachen und oft auch auf famili\u00e4re Unterst\u00fctzung. Gemeinsam teilen sie, die Angekommenen, die Eigenschaft interkultureller Toleranz \u2013 \u201edurch meine langj\u00e4hrige Freundschaft und Bekanntschaft mit Menschen aus unterschiedlichen Kulturen\u201c, sagt etwa Khayal Gasimli, \u201ehabe ich ein tiefes Verst\u00e4ndnis und Respekt f\u00fcr kulturelle Vielfalt entwickelt\u201c. Und Puria Parvini erg\u00e4nzt: \u201eManchmal ist es nicht der Verstand, der uns leitet, sondern das Herz, das einen mit unaufhaltsamer Kraft vorantreibt.\u201c<\/p>\n\n\n\n<div style=\"height:20px\" aria-hidden=\"true\" class=\"wp-block-spacer\"><\/div>\n\n\n\n<p class=\"has-background\" style=\"background-color:#eeeeee\">In der Brosch\u00fcre <a href=\"https:\/\/sptg.de\/files\/Mediathek\/SPTG\/Dateien-Dokumente\/Flyer-Magazine-Broschueren\/Persoenlichkeiten_2024_doppelseitig.pdf\" target=\"_blank\" rel=\"noreferrer noopener\">\u201eHerausragende Pers\u00f6nlichkeiten mit Migrationsgeschichte 2024\u201c<\/a> finden sich ausf\u00fchrliche Biographien aller Ausgezeichneten.<\/p>\n\n\n\n<p><\/p>","protected":false},"excerpt":{"rendered":"<p>\u201eAnkommen hei\u00dft, sich aktiv als Teil der Gemeinschaft einzubringen\u201c. Die Stadt Frankfurt zeichnet jedes Jahr hervorragende Pers\u00f6nlichkeiten mit Migrationsgeschichte aus. Diesmal sind sechs von ihnen mit der Goethe-Universit\u00e4t verbunden. Mehr [&hellip;]<\/p>\n","protected":false},"author":22,"featured_media":82000,"comment_status":"closed","ping_status":"closed","sticky":false,"template":"","format":"standard","meta":{"_eb_attr":"","_price":"","_stock":"","_tribe_ticket_header":"","_tribe_default_ticket_provider":"","_ticket_start_date":"","_ticket_end_date":"","_tribe_ticket_show_description":"","_tribe_ticket_show_not_going":false,"_tribe_ticket_use_global_stock":"","_tribe_ticket_global_stock_level":"","_global_stock_mode":"","_global_stock_cap":"","_tribe_rsvp_for_event":"","_tribe_ticket_going_count":"","_tribe_ticket_not_going_count":"","_tribe_tickets_list":"[]","_tribe_ticket_has_attendee_info_fields":false,"footnotes":""},"categories":[4,8,139],"tags":[61,49,37,44],"post_folder":[],"class_list":["post-81982","post","type-post","status-publish","format-standard","has-post-thumbnail","hentry","category-gesellschaft","category-hochschule","category-instagram","tag-islam","tag-medizin","tag-rechtswissenschaft","tag-sprach-und-kulturwissenschaften"],"yoast_head":"<!-- This site is optimized with the Yoast SEO plugin v27.5 - https:\/\/yoast.com\/product\/yoast-seo-wordpress\/ -->\n<title>Die Stadt Frankfurt zeichnet hervorragende Pers\u00f6nlichkeiten mit Migrationsgeschichte aus | Aktuelles aus der Goethe-Universit\u00e4t Frankfurt<\/title>\n<meta name=\"robots\" content=\"index, follow, max-snippet:-1, max-image-preview:large, max-video-preview:-1\" \/>\n<link rel=\"canonical\" href=\"https:\/\/aktuelles.uni-frankfurt.de\/en\/gesellschaft\/die-stadt-frankfurt-zeichnet-hervorragende-persoenlichkeiten-mit-migrationsgeschichte-aus\/\" \/>\n<meta property=\"og:locale\" content=\"en_GB\" \/>\n<meta property=\"og:type\" content=\"article\" \/>\n<meta property=\"og:title\" content=\"Die Stadt Frankfurt zeichnet hervorragende Pers\u00f6nlichkeiten mit Migrationsgeschichte aus | Aktuelles aus der Goethe-Universit\u00e4t Frankfurt\" \/>\n<meta property=\"og:description\" content=\"\u201eAnkommen hei\u00dft, sich aktiv als Teil der Gemeinschaft einzubringen\u201c. Die Stadt Frankfurt zeichnet jedes Jahr hervorragende Pers\u00f6nlichkeiten mit Migrationsgeschichte aus. Diesmal sind sechs von ihnen mit der Goethe-Universit\u00e4t verbunden. Mehr [&hellip;]\" \/>\n<meta property=\"og:url\" content=\"https:\/\/aktuelles.uni-frankfurt.de\/en\/gesellschaft\/die-stadt-frankfurt-zeichnet-hervorragende-persoenlichkeiten-mit-migrationsgeschichte-aus\/\" \/>\n<meta property=\"og:site_name\" content=\"Aktuelles aus der Goethe-Universit\u00e4t Frankfurt\" \/>\n<meta property=\"article:published_time\" content=\"2024-12-16T09:55:53+00:00\" \/>\n<meta property=\"article:modified_time\" content=\"2025-01-27T11:24:09+00:00\" \/>\n<meta property=\"og:image\" content=\"https:\/\/aktuelles.uni-frankfurt.de\/wp-content\/uploads\/2024\/12\/beitragsbild-hervorragende-persoenlichkeiten-mit-migrationsgeschichte-650x450px.jpg\" \/>\n\t<meta property=\"og:image:width\" content=\"650\" \/>\n\t<meta property=\"og:image:height\" content=\"450\" \/>\n\t<meta property=\"og:image:type\" content=\"image\/jpeg\" \/>\n<meta name=\"author\" content=\"Pia Barth\" \/>\n<meta name=\"twitter:card\" content=\"summary_large_image\" \/>\n<meta name=\"twitter:label1\" content=\"Written by\" \/>\n\t<meta name=\"twitter:data1\" content=\"Pia Barth\" \/>\n\t<meta name=\"twitter:label2\" content=\"Estimated reading time\" \/>\n\t<meta name=\"twitter:data2\" content=\"5 minutes\" \/>\n<script type=\"application\/ld+json\" class=\"yoast-schema-graph\">{\"@context\":\"https:\\\/\\\/schema.org\",\"@graph\":[{\"@type\":\"Article\",\"@id\":\"https:\\\/\\\/aktuelles.uni-frankfurt.de\\\/gesellschaft\\\/die-stadt-frankfurt-zeichnet-hervorragende-persoenlichkeiten-mit-migrationsgeschichte-aus\\\/#article\",\"isPartOf\":{\"@id\":\"https:\\\/\\\/aktuelles.uni-frankfurt.de\\\/gesellschaft\\\/die-stadt-frankfurt-zeichnet-hervorragende-persoenlichkeiten-mit-migrationsgeschichte-aus\\\/\"},\"author\":{\"name\":\"Pia Barth\",\"@id\":\"https:\\\/\\\/aktuelles.uni-frankfurt.de\\\/#\\\/schema\\\/person\\\/08566bca1fdb85a2632658c0da26667f\"},\"headline\":\"Die Stadt Frankfurt zeichnet hervorragende Pers\u00f6nlichkeiten mit Migrationsgeschichte aus\",\"datePublished\":\"2024-12-16T09:55:53+00:00\",\"dateModified\":\"2025-01-27T11:24:09+00:00\",\"mainEntityOfPage\":{\"@id\":\"https:\\\/\\\/aktuelles.uni-frankfurt.de\\\/gesellschaft\\\/die-stadt-frankfurt-zeichnet-hervorragende-persoenlichkeiten-mit-migrationsgeschichte-aus\\\/\"},\"wordCount\":989,\"publisher\":{\"@id\":\"https:\\\/\\\/aktuelles.uni-frankfurt.de\\\/#organization\"},\"image\":{\"@id\":\"https:\\\/\\\/aktuelles.uni-frankfurt.de\\\/gesellschaft\\\/die-stadt-frankfurt-zeichnet-hervorragende-persoenlichkeiten-mit-migrationsgeschichte-aus\\\/#primaryimage\"},\"thumbnailUrl\":\"https:\\\/\\\/aktuelles.uni-frankfurt.de\\\/wp-content\\\/uploads\\\/2024\\\/12\\\/beitragsbild-hervorragende-persoenlichkeiten-mit-migrationsgeschichte-650x450px.jpg\",\"keywords\":[\"Islam\",\"Medizin\",\"Rechtswissenschaft\",\"Sprach- und Kulturwissenschaften\"],\"articleSection\":[\"Gesellschaft\",\"Hochschule\",\"Instagram\"],\"inLanguage\":\"en-GB\"},{\"@type\":\"WebPage\",\"@id\":\"https:\\\/\\\/aktuelles.uni-frankfurt.de\\\/gesellschaft\\\/die-stadt-frankfurt-zeichnet-hervorragende-persoenlichkeiten-mit-migrationsgeschichte-aus\\\/\",\"url\":\"https:\\\/\\\/aktuelles.uni-frankfurt.de\\\/gesellschaft\\\/die-stadt-frankfurt-zeichnet-hervorragende-persoenlichkeiten-mit-migrationsgeschichte-aus\\\/\",\"name\":\"Die Stadt Frankfurt zeichnet hervorragende Pers\u00f6nlichkeiten mit Migrationsgeschichte aus | Aktuelles aus der Goethe-Universit\u00e4t Frankfurt\",\"isPartOf\":{\"@id\":\"https:\\\/\\\/aktuelles.uni-frankfurt.de\\\/#website\"},\"primaryImageOfPage\":{\"@id\":\"https:\\\/\\\/aktuelles.uni-frankfurt.de\\\/gesellschaft\\\/die-stadt-frankfurt-zeichnet-hervorragende-persoenlichkeiten-mit-migrationsgeschichte-aus\\\/#primaryimage\"},\"image\":{\"@id\":\"https:\\\/\\\/aktuelles.uni-frankfurt.de\\\/gesellschaft\\\/die-stadt-frankfurt-zeichnet-hervorragende-persoenlichkeiten-mit-migrationsgeschichte-aus\\\/#primaryimage\"},\"thumbnailUrl\":\"https:\\\/\\\/aktuelles.uni-frankfurt.de\\\/wp-content\\\/uploads\\\/2024\\\/12\\\/beitragsbild-hervorragende-persoenlichkeiten-mit-migrationsgeschichte-650x450px.jpg\",\"datePublished\":\"2024-12-16T09:55:53+00:00\",\"dateModified\":\"2025-01-27T11:24:09+00:00\",\"breadcrumb\":{\"@id\":\"https:\\\/\\\/aktuelles.uni-frankfurt.de\\\/gesellschaft\\\/die-stadt-frankfurt-zeichnet-hervorragende-persoenlichkeiten-mit-migrationsgeschichte-aus\\\/#breadcrumb\"},\"inLanguage\":\"en-GB\",\"potentialAction\":[{\"@type\":\"ReadAction\",\"target\":[\"https:\\\/\\\/aktuelles.uni-frankfurt.de\\\/gesellschaft\\\/die-stadt-frankfurt-zeichnet-hervorragende-persoenlichkeiten-mit-migrationsgeschichte-aus\\\/\"]}]},{\"@type\":\"ImageObject\",\"inLanguage\":\"en-GB\",\"@id\":\"https:\\\/\\\/aktuelles.uni-frankfurt.de\\\/gesellschaft\\\/die-stadt-frankfurt-zeichnet-hervorragende-persoenlichkeiten-mit-migrationsgeschichte-aus\\\/#primaryimage\",\"url\":\"https:\\\/\\\/aktuelles.uni-frankfurt.de\\\/wp-content\\\/uploads\\\/2024\\\/12\\\/beitragsbild-hervorragende-persoenlichkeiten-mit-migrationsgeschichte-650x450px.jpg\",\"contentUrl\":\"https:\\\/\\\/aktuelles.uni-frankfurt.de\\\/wp-content\\\/uploads\\\/2024\\\/12\\\/beitragsbild-hervorragende-persoenlichkeiten-mit-migrationsgeschichte-650x450px.jpg\",\"width\":650,\"height\":450,\"caption\":\"Nikola Kowal, Foto: Nicolas Det, Prof. Dr. Rana Alsoufi, Foto: privat, Khayal Gasimli, Foto: Nicolas Det, Puria Parvini, Foto: privat, Galina Putjata, Bild: Nicolas Det, Mariana Shumliakivska, Foto: Katharine Schulenburg\"},{\"@type\":\"BreadcrumbList\",\"@id\":\"https:\\\/\\\/aktuelles.uni-frankfurt.de\\\/gesellschaft\\\/die-stadt-frankfurt-zeichnet-hervorragende-persoenlichkeiten-mit-migrationsgeschichte-aus\\\/#breadcrumb\",\"itemListElement\":[{\"@type\":\"ListItem\",\"position\":1,\"name\":\"Startseite\",\"item\":\"https:\\\/\\\/aktuelles.uni-frankfurt.de\\\/\"},{\"@type\":\"ListItem\",\"position\":2,\"name\":\"Die Stadt Frankfurt zeichnet hervorragende Pers\u00f6nlichkeiten mit Migrationsgeschichte aus\"}]},{\"@type\":\"WebSite\",\"@id\":\"https:\\\/\\\/aktuelles.uni-frankfurt.de\\\/#website\",\"url\":\"https:\\\/\\\/aktuelles.uni-frankfurt.de\\\/\",\"name\":\"Aktuelles aus der Goethe-Universit\u00e4t Frankfurt\",\"description\":\"Aktuelles aus der Goethe-Universit\u00e4t | Neues aus Forschung, Lehre, Studium\",\"publisher\":{\"@id\":\"https:\\\/\\\/aktuelles.uni-frankfurt.de\\\/#organization\"},\"potentialAction\":[{\"@type\":\"SearchAction\",\"target\":{\"@type\":\"EntryPoint\",\"urlTemplate\":\"https:\\\/\\\/aktuelles.uni-frankfurt.de\\\/?s={search_term_string}\"},\"query-input\":{\"@type\":\"PropertyValueSpecification\",\"valueRequired\":true,\"valueName\":\"search_term_string\"}}],\"inLanguage\":\"en-GB\"},{\"@type\":\"Organization\",\"@id\":\"https:\\\/\\\/aktuelles.uni-frankfurt.de\\\/#organization\",\"name\":\"Goethe-Universit\u00e4t\",\"url\":\"https:\\\/\\\/aktuelles.uni-frankfurt.de\\\/\",\"logo\":{\"@type\":\"ImageObject\",\"inLanguage\":\"en-GB\",\"@id\":\"https:\\\/\\\/aktuelles.uni-frankfurt.de\\\/#\\\/schema\\\/logo\\\/image\\\/\",\"url\":\"https:\\\/\\\/aktuelles.uni-frankfurt.de\\\/wp-content\\\/uploads\\\/2022\\\/03\\\/800px-Goethe-Logo.png\",\"contentUrl\":\"https:\\\/\\\/aktuelles.uni-frankfurt.de\\\/wp-content\\\/uploads\\\/2022\\\/03\\\/800px-Goethe-Logo.png\",\"width\":800,\"height\":436,\"caption\":\"Goethe-Universit\u00e4t\"},\"image\":{\"@id\":\"https:\\\/\\\/aktuelles.uni-frankfurt.de\\\/#\\\/schema\\\/logo\\\/image\\\/\"}},{\"@type\":\"Person\",\"@id\":\"https:\\\/\\\/aktuelles.uni-frankfurt.de\\\/#\\\/schema\\\/person\\\/08566bca1fdb85a2632658c0da26667f\",\"name\":\"Pia Barth\",\"url\":\"https:\\\/\\\/aktuelles.uni-frankfurt.de\\\/en\\\/author\\\/piabarth\\\/\"}]}<\/script>\n<!-- \/ Yoast SEO plugin. -->","yoast_head_json":{"title":"Die Stadt Frankfurt zeichnet hervorragende Pers\u00f6nlichkeiten mit Migrationsgeschichte aus | Aktuelles aus der Goethe-Universit\u00e4t Frankfurt","robots":{"index":"index","follow":"follow","max-snippet":"max-snippet:-1","max-image-preview":"max-image-preview:large","max-video-preview":"max-video-preview:-1"},"canonical":"https:\/\/aktuelles.uni-frankfurt.de\/en\/gesellschaft\/die-stadt-frankfurt-zeichnet-hervorragende-persoenlichkeiten-mit-migrationsgeschichte-aus\/","og_locale":"en_GB","og_type":"article","og_title":"Die Stadt Frankfurt zeichnet hervorragende Pers\u00f6nlichkeiten mit Migrationsgeschichte aus | Aktuelles aus der Goethe-Universit\u00e4t Frankfurt","og_description":"\u201eAnkommen hei\u00dft, sich aktiv als Teil der Gemeinschaft einzubringen\u201c. Die Stadt Frankfurt zeichnet jedes Jahr hervorragende Pers\u00f6nlichkeiten mit Migrationsgeschichte aus. Diesmal sind sechs von ihnen mit der Goethe-Universit\u00e4t verbunden. Mehr [&hellip;]","og_url":"https:\/\/aktuelles.uni-frankfurt.de\/en\/gesellschaft\/die-stadt-frankfurt-zeichnet-hervorragende-persoenlichkeiten-mit-migrationsgeschichte-aus\/","og_site_name":"Aktuelles aus der Goethe-Universit\u00e4t Frankfurt","article_published_time":"2024-12-16T09:55:53+00:00","article_modified_time":"2025-01-27T11:24:09+00:00","og_image":[{"width":650,"height":450,"url":"https:\/\/aktuelles.uni-frankfurt.de\/wp-content\/uploads\/2024\/12\/beitragsbild-hervorragende-persoenlichkeiten-mit-migrationsgeschichte-650x450px.jpg","type":"image\/jpeg"}],"author":"Pia Barth","twitter_card":"summary_large_image","twitter_misc":{"Written by":"Pia Barth","Estimated reading time":"5 minutes"},"schema":{"@context":"https:\/\/schema.org","@graph":[{"@type":"Article","@id":"https:\/\/aktuelles.uni-frankfurt.de\/gesellschaft\/die-stadt-frankfurt-zeichnet-hervorragende-persoenlichkeiten-mit-migrationsgeschichte-aus\/#article","isPartOf":{"@id":"https:\/\/aktuelles.uni-frankfurt.de\/gesellschaft\/die-stadt-frankfurt-zeichnet-hervorragende-persoenlichkeiten-mit-migrationsgeschichte-aus\/"},"author":{"name":"Pia Barth","@id":"https:\/\/aktuelles.uni-frankfurt.de\/#\/schema\/person\/08566bca1fdb85a2632658c0da26667f"},"headline":"Die Stadt Frankfurt zeichnet hervorragende Pers\u00f6nlichkeiten mit Migrationsgeschichte aus","datePublished":"2024-12-16T09:55:53+00:00","dateModified":"2025-01-27T11:24:09+00:00","mainEntityOfPage":{"@id":"https:\/\/aktuelles.uni-frankfurt.de\/gesellschaft\/die-stadt-frankfurt-zeichnet-hervorragende-persoenlichkeiten-mit-migrationsgeschichte-aus\/"},"wordCount":989,"publisher":{"@id":"https:\/\/aktuelles.uni-frankfurt.de\/#organization"},"image":{"@id":"https:\/\/aktuelles.uni-frankfurt.de\/gesellschaft\/die-stadt-frankfurt-zeichnet-hervorragende-persoenlichkeiten-mit-migrationsgeschichte-aus\/#primaryimage"},"thumbnailUrl":"https:\/\/aktuelles.uni-frankfurt.de\/wp-content\/uploads\/2024\/12\/beitragsbild-hervorragende-persoenlichkeiten-mit-migrationsgeschichte-650x450px.jpg","keywords":["Islam","Medizin","Rechtswissenschaft","Sprach- und Kulturwissenschaften"],"articleSection":["Gesellschaft","Hochschule","Instagram"],"inLanguage":"en-GB"},{"@type":"WebPage","@id":"https:\/\/aktuelles.uni-frankfurt.de\/gesellschaft\/die-stadt-frankfurt-zeichnet-hervorragende-persoenlichkeiten-mit-migrationsgeschichte-aus\/","url":"https:\/\/aktuelles.uni-frankfurt.de\/gesellschaft\/die-stadt-frankfurt-zeichnet-hervorragende-persoenlichkeiten-mit-migrationsgeschichte-aus\/","name":"Die Stadt Frankfurt zeichnet hervorragende Pers\u00f6nlichkeiten mit Migrationsgeschichte aus | Aktuelles aus der Goethe-Universit\u00e4t Frankfurt","isPartOf":{"@id":"https:\/\/aktuelles.uni-frankfurt.de\/#website"},"primaryImageOfPage":{"@id":"https:\/\/aktuelles.uni-frankfurt.de\/gesellschaft\/die-stadt-frankfurt-zeichnet-hervorragende-persoenlichkeiten-mit-migrationsgeschichte-aus\/#primaryimage"},"image":{"@id":"https:\/\/aktuelles.uni-frankfurt.de\/gesellschaft\/die-stadt-frankfurt-zeichnet-hervorragende-persoenlichkeiten-mit-migrationsgeschichte-aus\/#primaryimage"},"thumbnailUrl":"https:\/\/aktuelles.uni-frankfurt.de\/wp-content\/uploads\/2024\/12\/beitragsbild-hervorragende-persoenlichkeiten-mit-migrationsgeschichte-650x450px.jpg","datePublished":"2024-12-16T09:55:53+00:00","dateModified":"2025-01-27T11:24:09+00:00","breadcrumb":{"@id":"https:\/\/aktuelles.uni-frankfurt.de\/gesellschaft\/die-stadt-frankfurt-zeichnet-hervorragende-persoenlichkeiten-mit-migrationsgeschichte-aus\/#breadcrumb"},"inLanguage":"en-GB","potentialAction":[{"@type":"ReadAction","target":["https:\/\/aktuelles.uni-frankfurt.de\/gesellschaft\/die-stadt-frankfurt-zeichnet-hervorragende-persoenlichkeiten-mit-migrationsgeschichte-aus\/"]}]},{"@type":"ImageObject","inLanguage":"en-GB","@id":"https:\/\/aktuelles.uni-frankfurt.de\/gesellschaft\/die-stadt-frankfurt-zeichnet-hervorragende-persoenlichkeiten-mit-migrationsgeschichte-aus\/#primaryimage","url":"https:\/\/aktuelles.uni-frankfurt.de\/wp-content\/uploads\/2024\/12\/beitragsbild-hervorragende-persoenlichkeiten-mit-migrationsgeschichte-650x450px.jpg","contentUrl":"https:\/\/aktuelles.uni-frankfurt.de\/wp-content\/uploads\/2024\/12\/beitragsbild-hervorragende-persoenlichkeiten-mit-migrationsgeschichte-650x450px.jpg","width":650,"height":450,"caption":"Nikola Kowal, Foto: Nicolas Det, Prof. Dr. Rana Alsoufi, Foto: privat, Khayal Gasimli, Foto: Nicolas Det, Puria Parvini, Foto: privat, Galina Putjata, Bild: Nicolas Det, Mariana Shumliakivska, Foto: Katharine Schulenburg"},{"@type":"BreadcrumbList","@id":"https:\/\/aktuelles.uni-frankfurt.de\/gesellschaft\/die-stadt-frankfurt-zeichnet-hervorragende-persoenlichkeiten-mit-migrationsgeschichte-aus\/#breadcrumb","itemListElement":[{"@type":"ListItem","position":1,"name":"Startseite","item":"https:\/\/aktuelles.uni-frankfurt.de\/"},{"@type":"ListItem","position":2,"name":"Die Stadt Frankfurt zeichnet hervorragende Pers\u00f6nlichkeiten mit Migrationsgeschichte aus"}]},{"@type":"WebSite","@id":"https:\/\/aktuelles.uni-frankfurt.de\/#website","url":"https:\/\/aktuelles.uni-frankfurt.de\/","name":"Aktuelles aus der Goethe-Universit\u00e4t Frankfurt","description":"Aktuelles aus der Goethe-Universit\u00e4t | Neues aus Forschung, Lehre, Studium","publisher":{"@id":"https:\/\/aktuelles.uni-frankfurt.de\/#organization"},"potentialAction":[{"@type":"SearchAction","target":{"@type":"EntryPoint","urlTemplate":"https:\/\/aktuelles.uni-frankfurt.de\/?s={search_term_string}"},"query-input":{"@type":"PropertyValueSpecification","valueRequired":true,"valueName":"search_term_string"}}],"inLanguage":"en-GB"},{"@type":"Organization","@id":"https:\/\/aktuelles.uni-frankfurt.de\/#organization","name":"Goethe University Frankfurt","url":"https:\/\/aktuelles.uni-frankfurt.de\/","logo":{"@type":"ImageObject","inLanguage":"en-GB","@id":"https:\/\/aktuelles.uni-frankfurt.de\/#\/schema\/logo\/image\/","url":"https:\/\/aktuelles.uni-frankfurt.de\/wp-content\/uploads\/2022\/03\/800px-Goethe-Logo.png","contentUrl":"https:\/\/aktuelles.uni-frankfurt.de\/wp-content\/uploads\/2022\/03\/800px-Goethe-Logo.png","width":800,"height":436,"caption":"Goethe-Universit\u00e4t"},"image":{"@id":"https:\/\/aktuelles.uni-frankfurt.de\/#\/schema\/logo\/image\/"}},{"@type":"Person","@id":"https:\/\/aktuelles.uni-frankfurt.de\/#\/schema\/person\/08566bca1fdb85a2632658c0da26667f","name":"Pia Barth","url":"https:\/\/aktuelles.uni-frankfurt.de\/en\/author\/piabarth\/"}]}},"_links":{"self":[{"href":"https:\/\/aktuelles.uni-frankfurt.de\/en\/wp-json\/wp\/v2\/posts\/81982","targetHints":{"allow":["GET"]}}],"collection":[{"href":"https:\/\/aktuelles.uni-frankfurt.de\/en\/wp-json\/wp\/v2\/posts"}],"about":[{"href":"https:\/\/aktuelles.uni-frankfurt.de\/en\/wp-json\/wp\/v2\/types\/post"}],"author":[{"embeddable":true,"href":"https:\/\/aktuelles.uni-frankfurt.de\/en\/wp-json\/wp\/v2\/users\/22"}],"replies":[{"embeddable":true,"href":"https:\/\/aktuelles.uni-frankfurt.de\/en\/wp-json\/wp\/v2\/comments?post=81982"}],"version-history":[{"count":0,"href":"https:\/\/aktuelles.uni-frankfurt.de\/en\/wp-json\/wp\/v2\/posts\/81982\/revisions"}],"wp:featuredmedia":[{"embeddable":true,"href":"https:\/\/aktuelles.uni-frankfurt.de\/en\/wp-json\/wp\/v2\/media\/82000"}],"wp:attachment":[{"href":"https:\/\/aktuelles.uni-frankfurt.de\/en\/wp-json\/wp\/v2\/media?parent=81982"}],"wp:term":[{"taxonomy":"category","embeddable":true,"href":"https:\/\/aktuelles.uni-frankfurt.de\/en\/wp-json\/wp\/v2\/categories?post=81982"},{"taxonomy":"post_tag","embeddable":true,"href":"https:\/\/aktuelles.uni-frankfurt.de\/en\/wp-json\/wp\/v2\/tags?post=81982"},{"taxonomy":"post_folder","embeddable":true,"href":"https:\/\/aktuelles.uni-frankfurt.de\/en\/wp-json\/wp\/v2\/post_folder?post=81982"}],"curies":[{"name":"wp","href":"https:\/\/api.w.org\/{rel}","templated":true}]}}