{"id":82139,"date":"2025-01-13T08:10:00","date_gmt":"2025-01-13T07:10:00","guid":{"rendered":"https:\/\/aktuelles.uni-frankfurt.de\/?p=82139"},"modified":"2025-01-10T11:55:59","modified_gmt":"2025-01-10T10:55:59","slug":"ambassador-of-interreligious-dialog","status":"publish","type":"post","link":"https:\/\/aktuelles.uni-frankfurt.de\/en\/english\/ambassador-of-interreligious-dialog\/","title":{"rendered":"Ambassador of interreligious dialog"},"content":{"rendered":"\n<p><strong>Ilona Klemens became the new chaplain of the Protestant Student Congregation (<em>Evangelische Studierendengemeinde, ESG<\/em>) in spring 2024.<\/strong><\/p>\n\n\n\n<figure class=\"wp-block-image alignleft size-full is-resized\"><img fetchpriority=\"high\" decoding=\"async\" width=\"650\" height=\"450\" src=\"https:\/\/aktuelles.uni-frankfurt.de\/wp-content\/uploads\/2024\/12\/11_beitragsbild-pfarrerin-der-esg-650x450px.jpg\" alt=\"Ilona Klemens in front of the Haus der Stille. \" class=\"wp-image-82069\" style=\"width:480px;height:auto\" srcset=\"https:\/\/aktuelles.uni-frankfurt.de\/wp-content\/uploads\/2024\/12\/11_beitragsbild-pfarrerin-der-esg-650x450px.jpg 650w, https:\/\/aktuelles.uni-frankfurt.de\/wp-content\/uploads\/2024\/12\/11_beitragsbild-pfarrerin-der-esg-650x450px-300x208.jpg 300w, https:\/\/aktuelles.uni-frankfurt.de\/wp-content\/uploads\/2024\/12\/11_beitragsbild-pfarrerin-der-esg-650x450px-500x346.jpg 500w, https:\/\/aktuelles.uni-frankfurt.de\/wp-content\/uploads\/2024\/12\/11_beitragsbild-pfarrerin-der-esg-650x450px-18x12.jpg 18w\" sizes=\"(max-width: 650px) 100vw, 650px\" \/><figcaption class=\"wp-element-caption\">Ilona Klemens in front of the Haus der Stille.<\/figcaption><\/figure>\n\n\n\n<p>Shortly before being interviewed by UniReport, Ilona Klemens met with an old Muslim friend at Goethe University\u2019s ecumenical meeting place \u201cHaus der Stille\u201d. It is clear that Klemens enjoys the religious and cultural diversity of an institution like Goethe University Frankfurt. Indeed, the new chaplain of the ESG Protestant Student Congregation can justifiably be called an ambassador of interreligious dialog: She is a co-founder of Frankfurt\u2019s Council of Religions (<em>Rat der Religionen<\/em>), and has served as secretary general of the German Coordination Council of Christian-Jewish Cooperation (<em>Deutscher Koordinierungsrat der Gesellschaften f\u00fcr Christlich-J\u00fcdische Zusammenarbeit<\/em>), which awards the Buber-Rosenzweig Medal. That does not mean, however, that Ilona Klemens is a naive seeker of harmony; she is fully aware that the ideal of a peaceful and constructive interreligious exchange is being severely put to the test right now by the Middle East conflict. She emphasizes: \u201cWe have to ensure that the conflict being played out in the Middle East, with all its violence, destruction and many casualties, does not make it impossible to have any dialog at all. We cannot solve that conflict here. But this is where we live together and we need spaces where we can talk about it openly and candidly. Personally, I believe that religion should not be misused to further violence against or the humiliation or dehumanization of others. Religions should be peacemakers, and never fire-raisers.\u201d A series of interreligious events was launched this past November, including common readings of the Bible and the Koran, visits to a mosque and the Westend Synagogue, and will also include Holocaust Remembrance Day in January. In addition, a photo exhibition on Jewish life in Germany will be on display in the premises of both the ESG and the Catholic University Community (<em>Katholische Hochschulgemeinde, KHG<\/em>). Beyond the Middle East, Klemens is also worried by Christian nationalism as preached by evangelicals in the U.S. \u201cThese are no small-sized groups, they unite millions of Christians who apparently see no contradiction between faith and nationalism. To me, the two are mutually exclusive. We can\u2019t use that kind of religion if we want to protect democracy and human rights.\u201d The recently published ESG Mission Statement states clearly: \u201c<em>Unser Kreuz hat keine Haken. Wir wollen Herz statt Hetze\u2026 Antisemitismus und Rassismus sind keine Meinungen.<\/em>\u201d [Editor\u2019s note: The first sentence is a German word play involving the words cross (\u201cKreuz\u201d), hook (\u201cHaken\u201d) and swastika (\u201cHakenkreuz\u201d). Literally translated, it says: \u201cOur cross has no hooks, i.e. it is no swastika. We want heart instead of hate\u2026 Antisemitism and racism are not opinions.\u201d]<\/p>\n\n\n\n<div style=\"height:20px\" aria-hidden=\"true\" class=\"wp-block-spacer\"><\/div>\n\n\n\n<h2 class=\"wp-block-heading\">New experience, new formats<\/h2>\n\n\n\n<p>Today Klemens is firmly established in Frankfurt, and this although upon leaving school, her credo was \u201cJust get up and go,\u201d she recalls with a smile. Born in Mommenheim in 1965, she studied in Mainz, Bonn and Munich, earned a Master of Theology in Chicago, and after the practical church internship she lived in South Africa for three years. She spent several months on study visits in both Israel and Lebanon. Moving around a lot brought her into contact with very varied forms of religious and cultural coexistence \u2013 experiences she would also like to feed into her work. That being the case, Klemens emphasizes that her main focus are the \u201ctraditional\u201d tasks of a university chaplain, i.e. pastoral care and worship services. \u201cPeople experiencing a crisis can contact me, and I consider it my job to offer spiritual help.\u201d The ESG\u2019s advisory and support services, which are also available to international students, are also very important to Klemens. The church services held in Siolistra\u00dfe include a sermon and congregational singing, whereby the music chosen is (more) modern. \u201cI think it\u2019s really great that there is so much space for experimentation at the university.\u201d The film club meets on Tuesday evenings and also tackles series like \u201cThe Chosen\u201d, a modern and not uncontroversial adaption of the life of Jesus. But Klemens would also like to introduce new formats such as \u201cDinner Church\u201d, with which she gained good experiences while working as a university chaplain in Mainz. This follows the tradition of the earliest Christian communities, who did not have church buildings. At \u201cDinner Church\u201d, people gather around a table, cook and eat together, celebrate a service of prayer, and sometimes also Holy Communion. \u201cFormats with food are very popular with students,\u201d Klemens says, adding that the practice of blessing is also gaining popularity and valued as something tangible, which one can take away into everyday life. \u201cRight now, I\u2019m trying out a new format called #BlessMyMess. On several Wednesday evenings throughout the semester, I offer a short service of prayer in Haus der Stille. It&#8217;s an opportunity to come together and review the week, combined with a personal blessing.\u201d<\/p>\n\n\n\n<div style=\"height:20px\" aria-hidden=\"true\" class=\"wp-block-spacer\"><\/div>\n\n\n\n<h2 class=\"wp-block-heading\">Critical discourse<\/h2>\n\n\n\n<p>Klemens finds it important to open the church up to new sociopolitical topics. Is she not concerned that this might rock the religious foundations? \u201cBible texts always have to be read and interpreted anew. That\u2019s the principle of exegesis. We discover aspects that surprise us. Our exhibition \u201cG*d m\/f\/d \u2013 gender diversity since Biblical times\u201d, on display at the ESG since November, doesn\u2019t simply read something into the old texts. One learns that for a long time, the Protestant Church also hid and ignored a lot in the field of gender relations \u2013 aspects that are now clearer to see.\u201d Being close to academia, to critical discourse, also shapes her job as a university chaplain, Klemens says, adding that she would like to intensify the existing contacts with other theological faculties. \u201cAt the last introductory event for theology and religious studies, I told the new students, \u2018You will be taking an academic approach to religions, and here at the ESG you can also live your faith \u2013 there is no contradiction in that.\u2019 She believes theology belongs at a university, because during their studies, students learn methods that also play a role in other disciplines. \u201cThe object of our study may not be scientifically provable but, strictly speaking, that is also true of other humanities subjects,\u201d Klemens emphasizes.<\/p>\n\n\n\n<p>She is grateful that Goethe University considers religion a part of culture and part of diversity. \u201cThe Haus der Stille demonstrates that there is a place for dialog between religions \u2013 and also a place for people who are not religious. I\u2019m convinced that if we keep up our dialog, those who would like to simplify and polarize this world stand no chance at winning.\u201d<\/p>\n","protected":false},"excerpt":{"rendered":"<p>Ilona Klemens became the new chaplain of the Protestant Student Congregation (Evangelische Studierendengemeinde, ESG) in spring 2024. Shortly before being interviewed by UniReport, Ilona Klemens met with an old Muslim [&hellip;]<\/p>\n","protected":false},"author":4,"featured_media":82069,"comment_status":"closed","ping_status":"closed","sticky":false,"template":"","format":"standard","meta":{"_eb_attr":"","_price":"","_stock":"","_tribe_ticket_header":"","_tribe_default_ticket_provider":"","_ticket_start_date":"","_ticket_end_date":"","_tribe_ticket_show_description":"","_tribe_ticket_show_not_going":false,"_tribe_ticket_use_global_stock":"","_tribe_ticket_global_stock_level":"","_global_stock_mode":"","_global_stock_cap":"","_tribe_rsvp_for_event":"","_tribe_ticket_going_count":"","_tribe_ticket_not_going_count":"","_tribe_tickets_list":"[]","_tribe_ticket_has_attendee_info_fields":false,"footnotes":""},"categories":[126,258,259],"tags":[234,393],"post_folder":[],"class_list":["post-82139","post","type-post","status-publish","format-standard","has-post-thumbnail","hentry","category-english","category-people","category-university","tag-protestant-theology","tag-unireport-6-24"],"yoast_head":"<!-- This site is optimized with the Yoast SEO plugin v27.5 - https:\/\/yoast.com\/product\/yoast-seo-wordpress\/ -->\n<title>Ambassador of interreligious dialog | Aktuelles aus der Goethe-Universit\u00e4t Frankfurt<\/title>\n<meta name=\"robots\" content=\"index, follow, max-snippet:-1, max-image-preview:large, max-video-preview:-1\" \/>\n<link rel=\"canonical\" href=\"https:\/\/aktuelles.uni-frankfurt.de\/en\/english\/ambassador-of-interreligious-dialog\/\" \/>\n<meta property=\"og:locale\" content=\"en_GB\" \/>\n<meta property=\"og:type\" content=\"article\" \/>\n<meta property=\"og:title\" content=\"Ambassador of interreligious dialog | Aktuelles aus der Goethe-Universit\u00e4t Frankfurt\" \/>\n<meta property=\"og:description\" content=\"Ilona Klemens became the new chaplain of the Protestant Student Congregation (Evangelische Studierendengemeinde, ESG) in spring 2024. Shortly before being interviewed by UniReport, Ilona Klemens met with an old Muslim [&hellip;]\" \/>\n<meta property=\"og:url\" content=\"https:\/\/aktuelles.uni-frankfurt.de\/en\/english\/ambassador-of-interreligious-dialog\/\" \/>\n<meta property=\"og:site_name\" content=\"Aktuelles aus der Goethe-Universit\u00e4t Frankfurt\" \/>\n<meta property=\"article:published_time\" content=\"2025-01-13T07:10:00+00:00\" \/>\n<meta property=\"og:image\" content=\"https:\/\/aktuelles.uni-frankfurt.de\/wp-content\/uploads\/2024\/12\/11_beitragsbild-pfarrerin-der-esg-650x450px.jpg\" \/>\n\t<meta property=\"og:image:width\" content=\"650\" \/>\n\t<meta property=\"og:image:height\" content=\"450\" \/>\n\t<meta property=\"og:image:type\" content=\"image\/jpeg\" \/>\n<meta name=\"author\" content=\"Dr. Dirk Frank\" \/>\n<meta name=\"twitter:card\" content=\"summary_large_image\" \/>\n<meta name=\"twitter:label1\" content=\"Written by\" \/>\n\t<meta name=\"twitter:data1\" content=\"Dr. Dirk Frank\" \/>\n\t<meta name=\"twitter:label2\" content=\"Estimated reading time\" \/>\n\t<meta name=\"twitter:data2\" content=\"6 minutes\" \/>\n<script type=\"application\/ld+json\" class=\"yoast-schema-graph\">{\"@context\":\"https:\\\/\\\/schema.org\",\"@graph\":[{\"@type\":\"Article\",\"@id\":\"https:\\\/\\\/aktuelles.uni-frankfurt.de\\\/english\\\/ambassador-of-interreligious-dialog\\\/#article\",\"isPartOf\":{\"@id\":\"https:\\\/\\\/aktuelles.uni-frankfurt.de\\\/english\\\/ambassador-of-interreligious-dialog\\\/\"},\"author\":{\"name\":\"Dr. Dirk Frank\",\"@id\":\"https:\\\/\\\/aktuelles.uni-frankfurt.de\\\/#\\\/schema\\\/person\\\/370c4588b49f66f89d917e8bd01f72b0\"},\"headline\":\"Ambassador of interreligious dialog\",\"datePublished\":\"2025-01-13T07:10:00+00:00\",\"mainEntityOfPage\":{\"@id\":\"https:\\\/\\\/aktuelles.uni-frankfurt.de\\\/english\\\/ambassador-of-interreligious-dialog\\\/\"},\"wordCount\":1114,\"publisher\":{\"@id\":\"https:\\\/\\\/aktuelles.uni-frankfurt.de\\\/#organization\"},\"image\":{\"@id\":\"https:\\\/\\\/aktuelles.uni-frankfurt.de\\\/english\\\/ambassador-of-interreligious-dialog\\\/#primaryimage\"},\"thumbnailUrl\":\"https:\\\/\\\/aktuelles.uni-frankfurt.de\\\/wp-content\\\/uploads\\\/2024\\\/12\\\/11_beitragsbild-pfarrerin-der-esg-650x450px.jpg\",\"keywords\":[\"Protestant Theology\",\"UniReport 6.24\"],\"articleSection\":[\"English\",\"People\",\"University\"],\"inLanguage\":\"en-GB\"},{\"@type\":\"WebPage\",\"@id\":\"https:\\\/\\\/aktuelles.uni-frankfurt.de\\\/english\\\/ambassador-of-interreligious-dialog\\\/\",\"url\":\"https:\\\/\\\/aktuelles.uni-frankfurt.de\\\/english\\\/ambassador-of-interreligious-dialog\\\/\",\"name\":\"Ambassador of interreligious dialog | Aktuelles aus der Goethe-Universit\u00e4t Frankfurt\",\"isPartOf\":{\"@id\":\"https:\\\/\\\/aktuelles.uni-frankfurt.de\\\/#website\"},\"primaryImageOfPage\":{\"@id\":\"https:\\\/\\\/aktuelles.uni-frankfurt.de\\\/english\\\/ambassador-of-interreligious-dialog\\\/#primaryimage\"},\"image\":{\"@id\":\"https:\\\/\\\/aktuelles.uni-frankfurt.de\\\/english\\\/ambassador-of-interreligious-dialog\\\/#primaryimage\"},\"thumbnailUrl\":\"https:\\\/\\\/aktuelles.uni-frankfurt.de\\\/wp-content\\\/uploads\\\/2024\\\/12\\\/11_beitragsbild-pfarrerin-der-esg-650x450px.jpg\",\"datePublished\":\"2025-01-13T07:10:00+00:00\",\"breadcrumb\":{\"@id\":\"https:\\\/\\\/aktuelles.uni-frankfurt.de\\\/english\\\/ambassador-of-interreligious-dialog\\\/#breadcrumb\"},\"inLanguage\":\"en-GB\",\"potentialAction\":[{\"@type\":\"ReadAction\",\"target\":[\"https:\\\/\\\/aktuelles.uni-frankfurt.de\\\/english\\\/ambassador-of-interreligious-dialog\\\/\"]}]},{\"@type\":\"ImageObject\",\"inLanguage\":\"en-GB\",\"@id\":\"https:\\\/\\\/aktuelles.uni-frankfurt.de\\\/english\\\/ambassador-of-interreligious-dialog\\\/#primaryimage\",\"url\":\"https:\\\/\\\/aktuelles.uni-frankfurt.de\\\/wp-content\\\/uploads\\\/2024\\\/12\\\/11_beitragsbild-pfarrerin-der-esg-650x450px.jpg\",\"contentUrl\":\"https:\\\/\\\/aktuelles.uni-frankfurt.de\\\/wp-content\\\/uploads\\\/2024\\\/12\\\/11_beitragsbild-pfarrerin-der-esg-650x450px.jpg\",\"width\":650,\"height\":450,\"caption\":\"Ilona Klemens vor dem Haus der Stille.\"},{\"@type\":\"BreadcrumbList\",\"@id\":\"https:\\\/\\\/aktuelles.uni-frankfurt.de\\\/english\\\/ambassador-of-interreligious-dialog\\\/#breadcrumb\",\"itemListElement\":[{\"@type\":\"ListItem\",\"position\":1,\"name\":\"Startseite\",\"item\":\"https:\\\/\\\/aktuelles.uni-frankfurt.de\\\/\"},{\"@type\":\"ListItem\",\"position\":2,\"name\":\"Ambassador of interreligious dialog\"}]},{\"@type\":\"WebSite\",\"@id\":\"https:\\\/\\\/aktuelles.uni-frankfurt.de\\\/#website\",\"url\":\"https:\\\/\\\/aktuelles.uni-frankfurt.de\\\/\",\"name\":\"Aktuelles aus der Goethe-Universit\u00e4t Frankfurt\",\"description\":\"Aktuelles aus der Goethe-Universit\u00e4t | Neues aus Forschung, Lehre, Studium\",\"publisher\":{\"@id\":\"https:\\\/\\\/aktuelles.uni-frankfurt.de\\\/#organization\"},\"potentialAction\":[{\"@type\":\"SearchAction\",\"target\":{\"@type\":\"EntryPoint\",\"urlTemplate\":\"https:\\\/\\\/aktuelles.uni-frankfurt.de\\\/?s={search_term_string}\"},\"query-input\":{\"@type\":\"PropertyValueSpecification\",\"valueRequired\":true,\"valueName\":\"search_term_string\"}}],\"inLanguage\":\"en-GB\"},{\"@type\":\"Organization\",\"@id\":\"https:\\\/\\\/aktuelles.uni-frankfurt.de\\\/#organization\",\"name\":\"Goethe-Universit\u00e4t\",\"url\":\"https:\\\/\\\/aktuelles.uni-frankfurt.de\\\/\",\"logo\":{\"@type\":\"ImageObject\",\"inLanguage\":\"en-GB\",\"@id\":\"https:\\\/\\\/aktuelles.uni-frankfurt.de\\\/#\\\/schema\\\/logo\\\/image\\\/\",\"url\":\"https:\\\/\\\/aktuelles.uni-frankfurt.de\\\/wp-content\\\/uploads\\\/2022\\\/03\\\/800px-Goethe-Logo.png\",\"contentUrl\":\"https:\\\/\\\/aktuelles.uni-frankfurt.de\\\/wp-content\\\/uploads\\\/2022\\\/03\\\/800px-Goethe-Logo.png\",\"width\":800,\"height\":436,\"caption\":\"Goethe-Universit\u00e4t\"},\"image\":{\"@id\":\"https:\\\/\\\/aktuelles.uni-frankfurt.de\\\/#\\\/schema\\\/logo\\\/image\\\/\"}},{\"@type\":\"Person\",\"@id\":\"https:\\\/\\\/aktuelles.uni-frankfurt.de\\\/#\\\/schema\\\/person\\\/370c4588b49f66f89d917e8bd01f72b0\",\"name\":\"Dr. Dirk Frank\",\"description\":\"Dr. Dirk Frank, 49, ist seit 2012 Pressereferent an der Goethe-Universit\u00e4t. Der promovierte Literaturwissenschaftler ist stellvertretender Leiter der Abteilung Marketing und Kommunikation und f\u00fcr die Redaktion des UniReport zust\u00e4ndig.\",\"sameAs\":[\"http:\\\/\\\/aktuelles.uni-frankfurt.de\\\/\"],\"url\":\"https:\\\/\\\/aktuelles.uni-frankfurt.de\\\/en\\\/author\\\/dr-dirkfrank\\\/\"}]}<\/script>\n<!-- \/ Yoast SEO plugin. -->","yoast_head_json":{"title":"Ambassador of interreligious dialog | Aktuelles aus der Goethe-Universit\u00e4t Frankfurt","robots":{"index":"index","follow":"follow","max-snippet":"max-snippet:-1","max-image-preview":"max-image-preview:large","max-video-preview":"max-video-preview:-1"},"canonical":"https:\/\/aktuelles.uni-frankfurt.de\/en\/english\/ambassador-of-interreligious-dialog\/","og_locale":"en_GB","og_type":"article","og_title":"Ambassador of interreligious dialog | Aktuelles aus der Goethe-Universit\u00e4t Frankfurt","og_description":"Ilona Klemens became the new chaplain of the Protestant Student Congregation (Evangelische Studierendengemeinde, ESG) in spring 2024. Shortly before being interviewed by UniReport, Ilona Klemens met with an old Muslim [&hellip;]","og_url":"https:\/\/aktuelles.uni-frankfurt.de\/en\/english\/ambassador-of-interreligious-dialog\/","og_site_name":"Aktuelles aus der Goethe-Universit\u00e4t Frankfurt","article_published_time":"2025-01-13T07:10:00+00:00","og_image":[{"width":650,"height":450,"url":"https:\/\/aktuelles.uni-frankfurt.de\/wp-content\/uploads\/2024\/12\/11_beitragsbild-pfarrerin-der-esg-650x450px.jpg","type":"image\/jpeg"}],"author":"Dr. Dirk Frank","twitter_card":"summary_large_image","twitter_misc":{"Written by":"Dr. Dirk Frank","Estimated reading time":"6 minutes"},"schema":{"@context":"https:\/\/schema.org","@graph":[{"@type":"Article","@id":"https:\/\/aktuelles.uni-frankfurt.de\/english\/ambassador-of-interreligious-dialog\/#article","isPartOf":{"@id":"https:\/\/aktuelles.uni-frankfurt.de\/english\/ambassador-of-interreligious-dialog\/"},"author":{"name":"Dr. Dirk Frank","@id":"https:\/\/aktuelles.uni-frankfurt.de\/#\/schema\/person\/370c4588b49f66f89d917e8bd01f72b0"},"headline":"Ambassador of interreligious dialog","datePublished":"2025-01-13T07:10:00+00:00","mainEntityOfPage":{"@id":"https:\/\/aktuelles.uni-frankfurt.de\/english\/ambassador-of-interreligious-dialog\/"},"wordCount":1114,"publisher":{"@id":"https:\/\/aktuelles.uni-frankfurt.de\/#organization"},"image":{"@id":"https:\/\/aktuelles.uni-frankfurt.de\/english\/ambassador-of-interreligious-dialog\/#primaryimage"},"thumbnailUrl":"https:\/\/aktuelles.uni-frankfurt.de\/wp-content\/uploads\/2024\/12\/11_beitragsbild-pfarrerin-der-esg-650x450px.jpg","keywords":["Protestant Theology","UniReport 6.24"],"articleSection":["English","People","University"],"inLanguage":"en-GB"},{"@type":"WebPage","@id":"https:\/\/aktuelles.uni-frankfurt.de\/english\/ambassador-of-interreligious-dialog\/","url":"https:\/\/aktuelles.uni-frankfurt.de\/english\/ambassador-of-interreligious-dialog\/","name":"Ambassador of interreligious dialog | Aktuelles aus der Goethe-Universit\u00e4t Frankfurt","isPartOf":{"@id":"https:\/\/aktuelles.uni-frankfurt.de\/#website"},"primaryImageOfPage":{"@id":"https:\/\/aktuelles.uni-frankfurt.de\/english\/ambassador-of-interreligious-dialog\/#primaryimage"},"image":{"@id":"https:\/\/aktuelles.uni-frankfurt.de\/english\/ambassador-of-interreligious-dialog\/#primaryimage"},"thumbnailUrl":"https:\/\/aktuelles.uni-frankfurt.de\/wp-content\/uploads\/2024\/12\/11_beitragsbild-pfarrerin-der-esg-650x450px.jpg","datePublished":"2025-01-13T07:10:00+00:00","breadcrumb":{"@id":"https:\/\/aktuelles.uni-frankfurt.de\/english\/ambassador-of-interreligious-dialog\/#breadcrumb"},"inLanguage":"en-GB","potentialAction":[{"@type":"ReadAction","target":["https:\/\/aktuelles.uni-frankfurt.de\/english\/ambassador-of-interreligious-dialog\/"]}]},{"@type":"ImageObject","inLanguage":"en-GB","@id":"https:\/\/aktuelles.uni-frankfurt.de\/english\/ambassador-of-interreligious-dialog\/#primaryimage","url":"https:\/\/aktuelles.uni-frankfurt.de\/wp-content\/uploads\/2024\/12\/11_beitragsbild-pfarrerin-der-esg-650x450px.jpg","contentUrl":"https:\/\/aktuelles.uni-frankfurt.de\/wp-content\/uploads\/2024\/12\/11_beitragsbild-pfarrerin-der-esg-650x450px.jpg","width":650,"height":450,"caption":"Ilona Klemens vor dem Haus der Stille."},{"@type":"BreadcrumbList","@id":"https:\/\/aktuelles.uni-frankfurt.de\/english\/ambassador-of-interreligious-dialog\/#breadcrumb","itemListElement":[{"@type":"ListItem","position":1,"name":"Startseite","item":"https:\/\/aktuelles.uni-frankfurt.de\/"},{"@type":"ListItem","position":2,"name":"Ambassador of interreligious dialog"}]},{"@type":"WebSite","@id":"https:\/\/aktuelles.uni-frankfurt.de\/#website","url":"https:\/\/aktuelles.uni-frankfurt.de\/","name":"Aktuelles aus der Goethe-Universit\u00e4t Frankfurt","description":"Aktuelles aus der Goethe-Universit\u00e4t | Neues aus Forschung, Lehre, Studium","publisher":{"@id":"https:\/\/aktuelles.uni-frankfurt.de\/#organization"},"potentialAction":[{"@type":"SearchAction","target":{"@type":"EntryPoint","urlTemplate":"https:\/\/aktuelles.uni-frankfurt.de\/?s={search_term_string}"},"query-input":{"@type":"PropertyValueSpecification","valueRequired":true,"valueName":"search_term_string"}}],"inLanguage":"en-GB"},{"@type":"Organization","@id":"https:\/\/aktuelles.uni-frankfurt.de\/#organization","name":"Goethe University Frankfurt","url":"https:\/\/aktuelles.uni-frankfurt.de\/","logo":{"@type":"ImageObject","inLanguage":"en-GB","@id":"https:\/\/aktuelles.uni-frankfurt.de\/#\/schema\/logo\/image\/","url":"https:\/\/aktuelles.uni-frankfurt.de\/wp-content\/uploads\/2022\/03\/800px-Goethe-Logo.png","contentUrl":"https:\/\/aktuelles.uni-frankfurt.de\/wp-content\/uploads\/2022\/03\/800px-Goethe-Logo.png","width":800,"height":436,"caption":"Goethe-Universit\u00e4t"},"image":{"@id":"https:\/\/aktuelles.uni-frankfurt.de\/#\/schema\/logo\/image\/"}},{"@type":"Person","@id":"https:\/\/aktuelles.uni-frankfurt.de\/#\/schema\/person\/370c4588b49f66f89d917e8bd01f72b0","name":"Dr. Dirk Frank","description":"Dr. Dirk Frank, 49, ist seit 2012 Pressereferent an der Goethe-Universit\u00e4t. Der promovierte Literaturwissenschaftler ist stellvertretender Leiter der Abteilung Marketing und Kommunikation und f\u00fcr die Redaktion des UniReport zust\u00e4ndig.","sameAs":["http:\/\/aktuelles.uni-frankfurt.de\/"],"url":"https:\/\/aktuelles.uni-frankfurt.de\/en\/author\/dr-dirkfrank\/"}]}},"_links":{"self":[{"href":"https:\/\/aktuelles.uni-frankfurt.de\/en\/wp-json\/wp\/v2\/posts\/82139","targetHints":{"allow":["GET"]}}],"collection":[{"href":"https:\/\/aktuelles.uni-frankfurt.de\/en\/wp-json\/wp\/v2\/posts"}],"about":[{"href":"https:\/\/aktuelles.uni-frankfurt.de\/en\/wp-json\/wp\/v2\/types\/post"}],"author":[{"embeddable":true,"href":"https:\/\/aktuelles.uni-frankfurt.de\/en\/wp-json\/wp\/v2\/users\/4"}],"replies":[{"embeddable":true,"href":"https:\/\/aktuelles.uni-frankfurt.de\/en\/wp-json\/wp\/v2\/comments?post=82139"}],"version-history":[{"count":0,"href":"https:\/\/aktuelles.uni-frankfurt.de\/en\/wp-json\/wp\/v2\/posts\/82139\/revisions"}],"wp:featuredmedia":[{"embeddable":true,"href":"https:\/\/aktuelles.uni-frankfurt.de\/en\/wp-json\/wp\/v2\/media\/82069"}],"wp:attachment":[{"href":"https:\/\/aktuelles.uni-frankfurt.de\/en\/wp-json\/wp\/v2\/media?parent=82139"}],"wp:term":[{"taxonomy":"category","embeddable":true,"href":"https:\/\/aktuelles.uni-frankfurt.de\/en\/wp-json\/wp\/v2\/categories?post=82139"},{"taxonomy":"post_tag","embeddable":true,"href":"https:\/\/aktuelles.uni-frankfurt.de\/en\/wp-json\/wp\/v2\/tags?post=82139"},{"taxonomy":"post_folder","embeddable":true,"href":"https:\/\/aktuelles.uni-frankfurt.de\/en\/wp-json\/wp\/v2\/post_folder?post=82139"}],"curies":[{"name":"wp","href":"https:\/\/api.w.org\/{rel}","templated":true}]}}