{"id":82146,"date":"2025-01-10T10:29:11","date_gmt":"2025-01-10T09:29:11","guid":{"rendered":"https:\/\/aktuelles.uni-frankfurt.de\/?p=82146"},"modified":"2025-01-15T15:23:59","modified_gmt":"2025-01-15T14:23:59","slug":"exhibition-divercity-jewish-life-in-germany","status":"publish","type":"post","link":"https:\/\/aktuelles.uni-frankfurt.de\/en\/english\/exhibition-divercity-jewish-life-in-germany\/","title":{"rendered":"Exhibition \u201cDiverCity. Jewish Life in Germany\u201d"},"content":{"rendered":"<p><strong>Photographs by Rafael Herlich on display at the Protestant and Catholic university communities on Goethe University\u2019s Westend Campus<\/strong><\/p>\n\n\n\n<p>From January 15 to 31, 2025, the Protestant Student Congregation (Evangelische Studierendengemeinde, ESG) and the Catholic University Community (Katholische Hochschulgemeinde, KHG) will be showing an extraordinary photography exhibition by Frankfurt photographer Rafael Herlich on Goethe University\u2019s Westend Campus. The exhibition spotlights Frankfurt as a city of religious diversity, with a particular focus on contemporary Jewish life as a natural part of this diversity.<\/p>\n\n\n\n<p>Herlich&#8217;s photographs offer an impressive look at the various facets of Jewish life and its historical and cultural significance in Germany. The exhibition seeks to make an important contribution to interfaith dialog and the fight against anti-Semitism, to which the Christian university communities in Frankfurt are committed. The photographs represent the stories of people who show their faces and stand up for social cohesion.<\/p>\n\n\n\n<p>\u201cOur university\u2019s communities and congregations stand for a democratic, respectful and equal coexistence of all faiths. The exhibition gives students and university members, as well as any other interested parties the opportunity to discover and reflect on contemporary Jewish life in all its diversity,\u201d the university communities emphasize in their statement. The exhibition\u2019s official opening ceremony will take place on January 22, 2025 at 6.30 pm in the rooms of the Catholic University Community (KHG) and the Protestant Student Congregation (ESG). On this evening, visitors will also have the opportunity to talk to photographer Rafael Herlich about his work and the significance of the exhibition.<\/p>\n\n\n\n<figure class=\"wp-block-image alignright size-full is-resized\"><img fetchpriority=\"high\" decoding=\"async\" width=\"650\" height=\"450\" src=\"https:\/\/aktuelles.uni-frankfurt.de\/wp-content\/uploads\/2025\/01\/beitragsbild-haus-der-stille.jpg\" alt=\"Three stools in front of a wall in the Haus der Stille.\" class=\"wp-image-82127\" style=\"width:438px\" srcset=\"https:\/\/aktuelles.uni-frankfurt.de\/wp-content\/uploads\/2025\/01\/beitragsbild-haus-der-stille.jpg 650w, https:\/\/aktuelles.uni-frankfurt.de\/wp-content\/uploads\/2025\/01\/beitragsbild-haus-der-stille-300x208.jpg 300w, https:\/\/aktuelles.uni-frankfurt.de\/wp-content\/uploads\/2025\/01\/beitragsbild-haus-der-stille-500x346.jpg 500w, https:\/\/aktuelles.uni-frankfurt.de\/wp-content\/uploads\/2025\/01\/beitragsbild-haus-der-stille-18x12.jpg 18w\" sizes=\"(max-width: 650px) 100vw, 650px\" \/><figcaption class=\"wp-element-caption\">The Haus der Stille.<\/figcaption><\/figure>\n\n\n\n<p>In addition, on January 27, 2025 at 5 p.m., a memorial service will take place in the Haus der Stille on Westend Campus to commemorate the liberation of Auschwitz 80 years ago. The event is co-organized by Rafael Herlich and will further emphasize the need for a living culture of remembrance. Frankfurt musician Roman Kuperschmidt will provide the musical backdrop.<\/p>\n\n\n\n<p>The project is kindly supported by Frankfurt\u2019s Council of Religions (<em>Rat der Religionen Frankfurt<\/em>) and Catholic Adult Education Frankfurt (<em>Katholische Erwachsenenbildung Frankfurt<\/em>).<\/p>\n\n\n\n<div style=\"height:20px\" aria-hidden=\"true\" class=\"wp-block-spacer\"><\/div>\n\n\n\n<p class=\"has-background\" style=\"background-color:#eeeeee\"><strong>The exhibition\u2019s opening hours:<\/strong><br>Monday &#8211; Friday, 12 &#8211; 3 p.m.<br>Saturday and Sunday, 3 &#8211; 6 p.m.<br><br><strong>Contact:<\/strong><br>Ilona Klemens, University Chaplain, Protestant Student Congregation (<a href=\"https:\/\/esg.ekhn.de\/esg-frankfurt\/index.html\" target=\"_blank\" rel=\"noreferrer noopener\">Evangelische Studierendengemeinde, ESG<\/a>) Frankfurt.<br><a href=\"mailto:klemens@esg-frankfurt.de\">klemens@esg-frankfurt.de<\/a><br><br>Christina Schl\u00f6sser, Catholic University Community (<a href=\"https:\/\/khg-frankfurt.de\/\" target=\"_blank\" rel=\"noreferrer noopener\">Katholische Hochschulgemeinde, KHG<\/a>) Frankfurt.<br><a href=\"mailto:schloesser@khg-frankfurt.de\">schloesser@khg-frankfurt.de<\/a><\/p>","protected":false},"excerpt":{"rendered":"<p>Photographs by Rafael Herlich on display at the Protestant and Catholic university communities on Goethe University\u2019s Westend Campus From January 15 to 31, 2025, the Protestant Student Congregation (Evangelische Studierendengemeinde, [&hellip;]<\/p>\n","protected":false},"author":4,"featured_media":82127,"comment_status":"closed","ping_status":"closed","sticky":false,"template":"","format":"standard","meta":{"_eb_attr":"","_price":"","_stock":"","_tribe_ticket_header":"","_tribe_default_ticket_provider":"","_ticket_start_date":"","_ticket_end_date":"","_tribe_ticket_show_description":"","_tribe_ticket_show_not_going":false,"_tribe_ticket_use_global_stock":"","_tribe_ticket_global_stock_level":"","_global_stock_mode":"","_global_stock_cap":"","_tribe_rsvp_for_event":"","_tribe_ticket_going_count":"","_tribe_ticket_not_going_count":"","_tribe_tickets_list":"[]","_tribe_ticket_has_attendee_info_fields":false,"footnotes":""},"categories":[126,260,259],"tags":[234,235,248],"post_folder":[],"class_list":["post-82146","post","type-post","status-publish","format-standard","has-post-thumbnail","hentry","category-english","category-events","category-university","tag-protestant-theology","tag-roman-catholic-theology","tag-westend-campus"],"yoast_head":"<!-- This site is optimized with the Yoast SEO plugin v27.5 - https:\/\/yoast.com\/product\/yoast-seo-wordpress\/ -->\n<title>Exhibition \u201cDiverCity. Jewish Life in Germany\u201d | Aktuelles aus der Goethe-Universit\u00e4t Frankfurt<\/title>\n<meta name=\"robots\" content=\"index, follow, max-snippet:-1, max-image-preview:large, max-video-preview:-1\" \/>\n<link rel=\"canonical\" href=\"https:\/\/aktuelles.uni-frankfurt.de\/en\/english\/exhibition-divercity-jewish-life-in-germany\/\" \/>\n<meta property=\"og:locale\" content=\"en_GB\" \/>\n<meta property=\"og:type\" content=\"article\" \/>\n<meta property=\"og:title\" content=\"Exhibition \u201cDiverCity. Jewish Life in Germany\u201d | Aktuelles aus der Goethe-Universit\u00e4t Frankfurt\" \/>\n<meta property=\"og:description\" content=\"Photographs by Rafael Herlich on display at the Protestant and Catholic university communities on Goethe University\u2019s Westend Campus From January 15 to 31, 2025, the Protestant Student Congregation (Evangelische Studierendengemeinde, [&hellip;]\" \/>\n<meta property=\"og:url\" content=\"https:\/\/aktuelles.uni-frankfurt.de\/en\/english\/exhibition-divercity-jewish-life-in-germany\/\" \/>\n<meta property=\"og:site_name\" content=\"Aktuelles aus der Goethe-Universit\u00e4t Frankfurt\" \/>\n<meta property=\"article:published_time\" content=\"2025-01-10T09:29:11+00:00\" \/>\n<meta property=\"article:modified_time\" content=\"2025-01-15T14:23:59+00:00\" \/>\n<meta property=\"og:image\" content=\"https:\/\/aktuelles.uni-frankfurt.de\/wp-content\/uploads\/2025\/01\/beitragsbild-haus-der-stille.jpg\" \/>\n\t<meta property=\"og:image:width\" content=\"650\" \/>\n\t<meta property=\"og:image:height\" content=\"450\" \/>\n\t<meta property=\"og:image:type\" content=\"image\/jpeg\" \/>\n<meta name=\"author\" content=\"Dr. Dirk Frank\" \/>\n<meta name=\"twitter:card\" content=\"summary_large_image\" \/>\n<meta name=\"twitter:label1\" content=\"Written by\" \/>\n\t<meta name=\"twitter:data1\" content=\"Dr. Dirk Frank\" \/>\n\t<meta name=\"twitter:label2\" content=\"Estimated reading time\" \/>\n\t<meta name=\"twitter:data2\" content=\"2 minutes\" \/>\n<script type=\"application\/ld+json\" class=\"yoast-schema-graph\">{\"@context\":\"https:\\\/\\\/schema.org\",\"@graph\":[{\"@type\":\"Article\",\"@id\":\"https:\\\/\\\/aktuelles.uni-frankfurt.de\\\/english\\\/exhibition-divercity-jewish-life-in-germany\\\/#article\",\"isPartOf\":{\"@id\":\"https:\\\/\\\/aktuelles.uni-frankfurt.de\\\/english\\\/exhibition-divercity-jewish-life-in-germany\\\/\"},\"author\":{\"name\":\"Dr. Dirk Frank\",\"@id\":\"https:\\\/\\\/aktuelles.uni-frankfurt.de\\\/#\\\/schema\\\/person\\\/370c4588b49f66f89d917e8bd01f72b0\"},\"headline\":\"Exhibition \u201cDiverCity. Jewish Life in Germany\u201d\",\"datePublished\":\"2025-01-10T09:29:11+00:00\",\"dateModified\":\"2025-01-15T14:23:59+00:00\",\"mainEntityOfPage\":{\"@id\":\"https:\\\/\\\/aktuelles.uni-frankfurt.de\\\/english\\\/exhibition-divercity-jewish-life-in-germany\\\/\"},\"wordCount\":384,\"publisher\":{\"@id\":\"https:\\\/\\\/aktuelles.uni-frankfurt.de\\\/#organization\"},\"image\":{\"@id\":\"https:\\\/\\\/aktuelles.uni-frankfurt.de\\\/english\\\/exhibition-divercity-jewish-life-in-germany\\\/#primaryimage\"},\"thumbnailUrl\":\"https:\\\/\\\/aktuelles.uni-frankfurt.de\\\/wp-content\\\/uploads\\\/2025\\\/01\\\/beitragsbild-haus-der-stille.jpg\",\"keywords\":[\"Protestant Theology\",\"Roman Catholic Theology\",\"Westend Campus\"],\"articleSection\":[\"English\",\"Events\",\"University\"],\"inLanguage\":\"en-GB\"},{\"@type\":\"WebPage\",\"@id\":\"https:\\\/\\\/aktuelles.uni-frankfurt.de\\\/english\\\/exhibition-divercity-jewish-life-in-germany\\\/\",\"url\":\"https:\\\/\\\/aktuelles.uni-frankfurt.de\\\/english\\\/exhibition-divercity-jewish-life-in-germany\\\/\",\"name\":\"Exhibition \u201cDiverCity. Jewish Life in Germany\u201d | Aktuelles aus der Goethe-Universit\u00e4t Frankfurt\",\"isPartOf\":{\"@id\":\"https:\\\/\\\/aktuelles.uni-frankfurt.de\\\/#website\"},\"primaryImageOfPage\":{\"@id\":\"https:\\\/\\\/aktuelles.uni-frankfurt.de\\\/english\\\/exhibition-divercity-jewish-life-in-germany\\\/#primaryimage\"},\"image\":{\"@id\":\"https:\\\/\\\/aktuelles.uni-frankfurt.de\\\/english\\\/exhibition-divercity-jewish-life-in-germany\\\/#primaryimage\"},\"thumbnailUrl\":\"https:\\\/\\\/aktuelles.uni-frankfurt.de\\\/wp-content\\\/uploads\\\/2025\\\/01\\\/beitragsbild-haus-der-stille.jpg\",\"datePublished\":\"2025-01-10T09:29:11+00:00\",\"dateModified\":\"2025-01-15T14:23:59+00:00\",\"breadcrumb\":{\"@id\":\"https:\\\/\\\/aktuelles.uni-frankfurt.de\\\/english\\\/exhibition-divercity-jewish-life-in-germany\\\/#breadcrumb\"},\"inLanguage\":\"en-GB\",\"potentialAction\":[{\"@type\":\"ReadAction\",\"target\":[\"https:\\\/\\\/aktuelles.uni-frankfurt.de\\\/english\\\/exhibition-divercity-jewish-life-in-germany\\\/\"]}]},{\"@type\":\"ImageObject\",\"inLanguage\":\"en-GB\",\"@id\":\"https:\\\/\\\/aktuelles.uni-frankfurt.de\\\/english\\\/exhibition-divercity-jewish-life-in-germany\\\/#primaryimage\",\"url\":\"https:\\\/\\\/aktuelles.uni-frankfurt.de\\\/wp-content\\\/uploads\\\/2025\\\/01\\\/beitragsbild-haus-der-stille.jpg\",\"contentUrl\":\"https:\\\/\\\/aktuelles.uni-frankfurt.de\\\/wp-content\\\/uploads\\\/2025\\\/01\\\/beitragsbild-haus-der-stille.jpg\",\"width\":650,\"height\":450,\"caption\":\"Das Haus der Stille.\"},{\"@type\":\"BreadcrumbList\",\"@id\":\"https:\\\/\\\/aktuelles.uni-frankfurt.de\\\/english\\\/exhibition-divercity-jewish-life-in-germany\\\/#breadcrumb\",\"itemListElement\":[{\"@type\":\"ListItem\",\"position\":1,\"name\":\"Startseite\",\"item\":\"https:\\\/\\\/aktuelles.uni-frankfurt.de\\\/\"},{\"@type\":\"ListItem\",\"position\":2,\"name\":\"Exhibition \u201cDiverCity. Jewish Life in Germany\u201d\"}]},{\"@type\":\"WebSite\",\"@id\":\"https:\\\/\\\/aktuelles.uni-frankfurt.de\\\/#website\",\"url\":\"https:\\\/\\\/aktuelles.uni-frankfurt.de\\\/\",\"name\":\"Aktuelles aus der Goethe-Universit\u00e4t Frankfurt\",\"description\":\"Aktuelles aus der Goethe-Universit\u00e4t | Neues aus Forschung, Lehre, Studium\",\"publisher\":{\"@id\":\"https:\\\/\\\/aktuelles.uni-frankfurt.de\\\/#organization\"},\"potentialAction\":[{\"@type\":\"SearchAction\",\"target\":{\"@type\":\"EntryPoint\",\"urlTemplate\":\"https:\\\/\\\/aktuelles.uni-frankfurt.de\\\/?s={search_term_string}\"},\"query-input\":{\"@type\":\"PropertyValueSpecification\",\"valueRequired\":true,\"valueName\":\"search_term_string\"}}],\"inLanguage\":\"en-GB\"},{\"@type\":\"Organization\",\"@id\":\"https:\\\/\\\/aktuelles.uni-frankfurt.de\\\/#organization\",\"name\":\"Goethe-Universit\u00e4t\",\"url\":\"https:\\\/\\\/aktuelles.uni-frankfurt.de\\\/\",\"logo\":{\"@type\":\"ImageObject\",\"inLanguage\":\"en-GB\",\"@id\":\"https:\\\/\\\/aktuelles.uni-frankfurt.de\\\/#\\\/schema\\\/logo\\\/image\\\/\",\"url\":\"https:\\\/\\\/aktuelles.uni-frankfurt.de\\\/wp-content\\\/uploads\\\/2022\\\/03\\\/800px-Goethe-Logo.png\",\"contentUrl\":\"https:\\\/\\\/aktuelles.uni-frankfurt.de\\\/wp-content\\\/uploads\\\/2022\\\/03\\\/800px-Goethe-Logo.png\",\"width\":800,\"height\":436,\"caption\":\"Goethe-Universit\u00e4t\"},\"image\":{\"@id\":\"https:\\\/\\\/aktuelles.uni-frankfurt.de\\\/#\\\/schema\\\/logo\\\/image\\\/\"}},{\"@type\":\"Person\",\"@id\":\"https:\\\/\\\/aktuelles.uni-frankfurt.de\\\/#\\\/schema\\\/person\\\/370c4588b49f66f89d917e8bd01f72b0\",\"name\":\"Dr. Dirk Frank\",\"description\":\"Dr. Dirk Frank, 49, ist seit 2012 Pressereferent an der Goethe-Universit\u00e4t. Der promovierte Literaturwissenschaftler ist stellvertretender Leiter der Abteilung Marketing und Kommunikation und f\u00fcr die Redaktion des UniReport zust\u00e4ndig.\",\"sameAs\":[\"http:\\\/\\\/aktuelles.uni-frankfurt.de\\\/\"],\"url\":\"https:\\\/\\\/aktuelles.uni-frankfurt.de\\\/en\\\/author\\\/dr-dirkfrank\\\/\"}]}<\/script>\n<!-- \/ Yoast SEO plugin. -->","yoast_head_json":{"title":"Exhibition \u201cDiverCity. Jewish Life in Germany\u201d | Aktuelles aus der Goethe-Universit\u00e4t Frankfurt","robots":{"index":"index","follow":"follow","max-snippet":"max-snippet:-1","max-image-preview":"max-image-preview:large","max-video-preview":"max-video-preview:-1"},"canonical":"https:\/\/aktuelles.uni-frankfurt.de\/en\/english\/exhibition-divercity-jewish-life-in-germany\/","og_locale":"en_GB","og_type":"article","og_title":"Exhibition \u201cDiverCity. Jewish Life in Germany\u201d | Aktuelles aus der Goethe-Universit\u00e4t Frankfurt","og_description":"Photographs by Rafael Herlich on display at the Protestant and Catholic university communities on Goethe University\u2019s Westend Campus From January 15 to 31, 2025, the Protestant Student Congregation (Evangelische Studierendengemeinde, [&hellip;]","og_url":"https:\/\/aktuelles.uni-frankfurt.de\/en\/english\/exhibition-divercity-jewish-life-in-germany\/","og_site_name":"Aktuelles aus der Goethe-Universit\u00e4t Frankfurt","article_published_time":"2025-01-10T09:29:11+00:00","article_modified_time":"2025-01-15T14:23:59+00:00","og_image":[{"width":650,"height":450,"url":"https:\/\/aktuelles.uni-frankfurt.de\/wp-content\/uploads\/2025\/01\/beitragsbild-haus-der-stille.jpg","type":"image\/jpeg"}],"author":"Dr. Dirk Frank","twitter_card":"summary_large_image","twitter_misc":{"Written by":"Dr. Dirk Frank","Estimated reading time":"2 minutes"},"schema":{"@context":"https:\/\/schema.org","@graph":[{"@type":"Article","@id":"https:\/\/aktuelles.uni-frankfurt.de\/english\/exhibition-divercity-jewish-life-in-germany\/#article","isPartOf":{"@id":"https:\/\/aktuelles.uni-frankfurt.de\/english\/exhibition-divercity-jewish-life-in-germany\/"},"author":{"name":"Dr. Dirk Frank","@id":"https:\/\/aktuelles.uni-frankfurt.de\/#\/schema\/person\/370c4588b49f66f89d917e8bd01f72b0"},"headline":"Exhibition \u201cDiverCity. Jewish Life in Germany\u201d","datePublished":"2025-01-10T09:29:11+00:00","dateModified":"2025-01-15T14:23:59+00:00","mainEntityOfPage":{"@id":"https:\/\/aktuelles.uni-frankfurt.de\/english\/exhibition-divercity-jewish-life-in-germany\/"},"wordCount":384,"publisher":{"@id":"https:\/\/aktuelles.uni-frankfurt.de\/#organization"},"image":{"@id":"https:\/\/aktuelles.uni-frankfurt.de\/english\/exhibition-divercity-jewish-life-in-germany\/#primaryimage"},"thumbnailUrl":"https:\/\/aktuelles.uni-frankfurt.de\/wp-content\/uploads\/2025\/01\/beitragsbild-haus-der-stille.jpg","keywords":["Protestant Theology","Roman Catholic Theology","Westend Campus"],"articleSection":["English","Events","University"],"inLanguage":"en-GB"},{"@type":"WebPage","@id":"https:\/\/aktuelles.uni-frankfurt.de\/english\/exhibition-divercity-jewish-life-in-germany\/","url":"https:\/\/aktuelles.uni-frankfurt.de\/english\/exhibition-divercity-jewish-life-in-germany\/","name":"Exhibition \u201cDiverCity. Jewish Life in Germany\u201d | Aktuelles aus der Goethe-Universit\u00e4t Frankfurt","isPartOf":{"@id":"https:\/\/aktuelles.uni-frankfurt.de\/#website"},"primaryImageOfPage":{"@id":"https:\/\/aktuelles.uni-frankfurt.de\/english\/exhibition-divercity-jewish-life-in-germany\/#primaryimage"},"image":{"@id":"https:\/\/aktuelles.uni-frankfurt.de\/english\/exhibition-divercity-jewish-life-in-germany\/#primaryimage"},"thumbnailUrl":"https:\/\/aktuelles.uni-frankfurt.de\/wp-content\/uploads\/2025\/01\/beitragsbild-haus-der-stille.jpg","datePublished":"2025-01-10T09:29:11+00:00","dateModified":"2025-01-15T14:23:59+00:00","breadcrumb":{"@id":"https:\/\/aktuelles.uni-frankfurt.de\/english\/exhibition-divercity-jewish-life-in-germany\/#breadcrumb"},"inLanguage":"en-GB","potentialAction":[{"@type":"ReadAction","target":["https:\/\/aktuelles.uni-frankfurt.de\/english\/exhibition-divercity-jewish-life-in-germany\/"]}]},{"@type":"ImageObject","inLanguage":"en-GB","@id":"https:\/\/aktuelles.uni-frankfurt.de\/english\/exhibition-divercity-jewish-life-in-germany\/#primaryimage","url":"https:\/\/aktuelles.uni-frankfurt.de\/wp-content\/uploads\/2025\/01\/beitragsbild-haus-der-stille.jpg","contentUrl":"https:\/\/aktuelles.uni-frankfurt.de\/wp-content\/uploads\/2025\/01\/beitragsbild-haus-der-stille.jpg","width":650,"height":450,"caption":"Das Haus der Stille."},{"@type":"BreadcrumbList","@id":"https:\/\/aktuelles.uni-frankfurt.de\/english\/exhibition-divercity-jewish-life-in-germany\/#breadcrumb","itemListElement":[{"@type":"ListItem","position":1,"name":"Startseite","item":"https:\/\/aktuelles.uni-frankfurt.de\/"},{"@type":"ListItem","position":2,"name":"Exhibition \u201cDiverCity. Jewish Life in Germany\u201d"}]},{"@type":"WebSite","@id":"https:\/\/aktuelles.uni-frankfurt.de\/#website","url":"https:\/\/aktuelles.uni-frankfurt.de\/","name":"Aktuelles aus der Goethe-Universit\u00e4t Frankfurt","description":"Aktuelles aus der Goethe-Universit\u00e4t | Neues aus Forschung, Lehre, Studium","publisher":{"@id":"https:\/\/aktuelles.uni-frankfurt.de\/#organization"},"potentialAction":[{"@type":"SearchAction","target":{"@type":"EntryPoint","urlTemplate":"https:\/\/aktuelles.uni-frankfurt.de\/?s={search_term_string}"},"query-input":{"@type":"PropertyValueSpecification","valueRequired":true,"valueName":"search_term_string"}}],"inLanguage":"en-GB"},{"@type":"Organization","@id":"https:\/\/aktuelles.uni-frankfurt.de\/#organization","name":"Goethe University Frankfurt","url":"https:\/\/aktuelles.uni-frankfurt.de\/","logo":{"@type":"ImageObject","inLanguage":"en-GB","@id":"https:\/\/aktuelles.uni-frankfurt.de\/#\/schema\/logo\/image\/","url":"https:\/\/aktuelles.uni-frankfurt.de\/wp-content\/uploads\/2022\/03\/800px-Goethe-Logo.png","contentUrl":"https:\/\/aktuelles.uni-frankfurt.de\/wp-content\/uploads\/2022\/03\/800px-Goethe-Logo.png","width":800,"height":436,"caption":"Goethe-Universit\u00e4t"},"image":{"@id":"https:\/\/aktuelles.uni-frankfurt.de\/#\/schema\/logo\/image\/"}},{"@type":"Person","@id":"https:\/\/aktuelles.uni-frankfurt.de\/#\/schema\/person\/370c4588b49f66f89d917e8bd01f72b0","name":"Dr. Dirk Frank","description":"Dr. Dirk Frank, 49, ist seit 2012 Pressereferent an der Goethe-Universit\u00e4t. Der promovierte Literaturwissenschaftler ist stellvertretender Leiter der Abteilung Marketing und Kommunikation und f\u00fcr die Redaktion des UniReport zust\u00e4ndig.","sameAs":["http:\/\/aktuelles.uni-frankfurt.de\/"],"url":"https:\/\/aktuelles.uni-frankfurt.de\/en\/author\/dr-dirkfrank\/"}]}},"_links":{"self":[{"href":"https:\/\/aktuelles.uni-frankfurt.de\/en\/wp-json\/wp\/v2\/posts\/82146","targetHints":{"allow":["GET"]}}],"collection":[{"href":"https:\/\/aktuelles.uni-frankfurt.de\/en\/wp-json\/wp\/v2\/posts"}],"about":[{"href":"https:\/\/aktuelles.uni-frankfurt.de\/en\/wp-json\/wp\/v2\/types\/post"}],"author":[{"embeddable":true,"href":"https:\/\/aktuelles.uni-frankfurt.de\/en\/wp-json\/wp\/v2\/users\/4"}],"replies":[{"embeddable":true,"href":"https:\/\/aktuelles.uni-frankfurt.de\/en\/wp-json\/wp\/v2\/comments?post=82146"}],"version-history":[{"count":0,"href":"https:\/\/aktuelles.uni-frankfurt.de\/en\/wp-json\/wp\/v2\/posts\/82146\/revisions"}],"wp:featuredmedia":[{"embeddable":true,"href":"https:\/\/aktuelles.uni-frankfurt.de\/en\/wp-json\/wp\/v2\/media\/82127"}],"wp:attachment":[{"href":"https:\/\/aktuelles.uni-frankfurt.de\/en\/wp-json\/wp\/v2\/media?parent=82146"}],"wp:term":[{"taxonomy":"category","embeddable":true,"href":"https:\/\/aktuelles.uni-frankfurt.de\/en\/wp-json\/wp\/v2\/categories?post=82146"},{"taxonomy":"post_tag","embeddable":true,"href":"https:\/\/aktuelles.uni-frankfurt.de\/en\/wp-json\/wp\/v2\/tags?post=82146"},{"taxonomy":"post_folder","embeddable":true,"href":"https:\/\/aktuelles.uni-frankfurt.de\/en\/wp-json\/wp\/v2\/post_folder?post=82146"}],"curies":[{"name":"wp","href":"https:\/\/api.w.org\/{rel}","templated":true}]}}