{"id":82221,"date":"2025-01-16T12:44:36","date_gmt":"2025-01-16T11:44:36","guid":{"rendered":"https:\/\/aktuelles.uni-frankfurt.de\/?p=82221"},"modified":"2025-01-16T12:50:11","modified_gmt":"2025-01-16T11:50:11","slug":"museum-giersch-der-goethe-universitaet-wohnen-leben-zukunft-ein-facettenreicher-start-ins-jahr-2025","status":"publish","type":"post","link":"https:\/\/aktuelles.uni-frankfurt.de\/en\/veranstaltungen\/museum-giersch-der-goethe-universitaet-wohnen-leben-zukunft-ein-facettenreicher-start-ins-jahr-2025\/","title":{"rendered":"Museum Giersch der Goethe-Universit\u00e4t: Wohnen, Leben, Zukunft \u2013 Ein facettenreicher Start ins Jahr 2025"},"content":{"rendered":"<p><em>Die aktuelle Ausstellung \u201eOUR HOUSE. K\u00fcnstlerische Positionen zum Wohnen\u201c zeigt das Thema Wohnen in all seinen Facetten.<\/em><\/p>\n\n\n\n<figure class=\"wp-block-image alignleft size-full is-resized\"><img fetchpriority=\"high\" decoding=\"async\" width=\"650\" height=\"450\" src=\"https:\/\/aktuelles.uni-frankfurt.de\/wp-content\/uploads\/2025\/01\/beitragsbild-museum-giersch-aussenansicht-650x450px.jpg\" alt=\"Au\u00dfenansicht vom Museum Giersch\" class=\"wp-image-82224\" style=\"width:438px;height:auto\" srcset=\"https:\/\/aktuelles.uni-frankfurt.de\/wp-content\/uploads\/2025\/01\/beitragsbild-museum-giersch-aussenansicht-650x450px.jpg 650w, https:\/\/aktuelles.uni-frankfurt.de\/wp-content\/uploads\/2025\/01\/beitragsbild-museum-giersch-aussenansicht-650x450px-300x208.jpg 300w, https:\/\/aktuelles.uni-frankfurt.de\/wp-content\/uploads\/2025\/01\/beitragsbild-museum-giersch-aussenansicht-650x450px-500x346.jpg 500w, https:\/\/aktuelles.uni-frankfurt.de\/wp-content\/uploads\/2025\/01\/beitragsbild-museum-giersch-aussenansicht-650x450px-18x12.jpg 18w\" sizes=\"(max-width: 650px) 100vw, 650px\" \/><\/figure>\n\n\n\n<p>Das MGGU \u2013 Museum Giersch der Goethe-Universit\u00e4t startet mit einem vielf\u00e4ltigen Programm ins neue Jahr. Noch bis zum 16. Februar 2025 l\u00e4dt die aktuelle Ausstellung \u201eOUR HOUSE. K\u00fcnstlerische Positionen zum Wohnen\u201c dazu ein, das Thema Wohnen in all seinen Facetten zu entdecken. Die Ausstellung beleuchtet \u00e4sthetische, gesellschaftliche und historische Perspektiven. Sie zeigt kunstvolle Inszenierungen von Wohnr\u00e4umen und thematisiert gleichzeitig gesellschaftlich relevante Fragen wie die prek\u00e4re Wohnsituation von Gefl\u00fcchteten und Obdachlosen. Erg\u00e4nzend werden ortsspezifische Kunstwerke vorgestellt, die sich mit der Frankfurter Wohnsituation und der Geschichte der ehemaligen Villa, die das Museum heute beherbergt, auseinandersetzen. Der Ausstellungsfilm, der die Inhalte der Schau anschaulich zusammenfasst, ist online auf der Website des Museums abrufbar.<\/p>\n\n\n\n<div style=\"height:20px\" aria-hidden=\"true\" class=\"wp-block-spacer\"><\/div>\n\n\n\n<h2 class=\"wp-block-heading\">Vielseitiges Begleitprogramm zur Ausstellung<\/h2>\n\n\n\n<p>Die Ausstellung \u201eOUR HOUSE\u201c wird durch ein abwechslungsreiches Begleitprogramm erg\u00e4nzt, das den Besuch f\u00fcr ein breites Publikum noch spannender und erlebnisreicher macht. \u00d6ffentliche F\u00fchrungen bieten die M\u00f6glichkeit, ohne Voranmeldung spannende Einblicke in die Ausstellung zu erhalten. Ein besonderes Highlight stellt die Direktorinnenf\u00fchrung mit Ina Neddermeyer am Donnerstag, 13. Februar, um 18 Uhr dar, bei der exklusive Hintergrundinformationen zur Schau vermittelt werden. Weitere Informationen zu F\u00fchrungen in Englisch, Workshops f\u00fcr Menschen mit Demenz, Kreativ-Workshops f\u00fcr Kitas, Schulen und Erwachsene sowie den Online-Angeboten sind im Veranstaltungskalender auf der Website des Museums zu finden.<\/p>\n\n\n\n<div style=\"height:20px\" aria-hidden=\"true\" class=\"wp-block-spacer\"><\/div>\n\n\n\n<h2 class=\"wp-block-heading\">Ausblick: Vision\u00e4re Perspektiven mit \u201eFixing Futures\u201c<\/h2>\n\n\n\n<p>Ab dem 5. April 2025 nimmt das MGGU die Herausforderungen unserer Zeit in den Fokus. Die vision\u00e4re Ausstellung \u201eFIXING FUTURES \u2013 Planetare Zuk\u00fcnfte zwischen Spekulation und Kontrolle\u201c beleuchtet Perspektiven und M\u00f6glichkeiten f\u00fcr eine nachhaltige Gestaltung des Planeten aus k\u00fcnstlerischer und wissenschaftlicher Sicht. Bis zum 31. August 2025 l\u00e4dt die Schau dazu ein, diese dr\u00e4ngenden Themen zu entdecken. Dank der F\u00f6rderung durch die Kulturstiftung des Bundes, den Beauftragten der Bundesregierung f\u00fcr Kultur und Medien sowie die Hessische Kulturstiftung wird die Ausstellung durch einen zweisprachigen Katalog, interaktive Workshops, F\u00fchrungen und ein Symposium erg\u00e4nzt.<\/p>\n\n\n\n<div style=\"height:20px\" aria-hidden=\"true\" class=\"wp-block-spacer\"><\/div>\n\n\n\n<p class=\"has-background\" style=\"background-color:#eeeeee\"><strong>MGGU <\/strong>\u2013 Museum Giersch der Goethe-Universit\u00e4t, Schaumainkai 83, 60596 Frankfurt am Main<br>Eintritt: Erwachsene 7 \u20ac \/ Erm\u00e4\u00dfigt 5 \u20ac. Freier Eintritt f\u00fcr Personen unter 18 Jahren und Schulklassen.<br><br><strong>\u00d6ffnungszeiten:<\/strong> Di, Mi, Fr, Sa, So 10\u201318 Uhr, Do 10\u201320 Uhr<br>Sonder\u00f6ffnungszeiten nach Vereinbarung<br><br><strong>Ansprechpartnerin f\u00fcr die Presse:<\/strong> Christine Karmann<br>Tel. (069) 138210121; <a href=\"mailto:presse@mggu.de\">presse@mggu.de<\/a><br><a href=\"https:\/\/www.mggu.de\/presse\/\" target=\"_blank\" rel=\"noreferrer noopener\">Texte und Bilder zum Download f\u00fcr die Presse \u2192<\/a><\/p>","protected":false},"excerpt":{"rendered":"<p>Die aktuelle Ausstellung \u201eOUR HOUSE. K\u00fcnstlerische Positionen zum Wohnen\u201c zeigt das Thema Wohnen in all seinen Facetten. Das MGGU \u2013 Museum Giersch der Goethe-Universit\u00e4t startet mit einem vielf\u00e4ltigen Programm ins [&hellip;]<\/p>\n","protected":false},"author":4,"featured_media":82224,"comment_status":"closed","ping_status":"closed","sticky":false,"template":"","format":"standard","meta":{"_eb_attr":"","_price":"","_stock":"","_tribe_ticket_header":"","_tribe_default_ticket_provider":"","_ticket_start_date":"","_ticket_end_date":"","_tribe_ticket_show_description":"","_tribe_ticket_show_not_going":false,"_tribe_ticket_use_global_stock":"","_tribe_ticket_global_stock_level":"","_global_stock_mode":"","_global_stock_cap":"","_tribe_rsvp_for_event":"","_tribe_ticket_going_count":"","_tribe_ticket_not_going_count":"","_tribe_tickets_list":"[]","_tribe_ticket_has_attendee_info_fields":false,"footnotes":""},"categories":[4,12],"tags":[60],"post_folder":[],"class_list":["post-82221","post","type-post","status-publish","format-standard","has-post-thumbnail","hentry","category-gesellschaft","category-veranstaltungen","tag-museum-giersch"],"yoast_head":"<!-- This site is optimized with the Yoast SEO plugin v27.5 - https:\/\/yoast.com\/product\/yoast-seo-wordpress\/ -->\n<title>Museum Giersch der Goethe-Universit\u00e4t: Wohnen, Leben, Zukunft \u2013 Ein facettenreicher Start ins Jahr 2025 | Aktuelles aus der Goethe-Universit\u00e4t Frankfurt<\/title>\n<meta name=\"robots\" content=\"index, follow, max-snippet:-1, max-image-preview:large, max-video-preview:-1\" \/>\n<link rel=\"canonical\" href=\"https:\/\/aktuelles.uni-frankfurt.de\/en\/veranstaltungen\/museum-giersch-der-goethe-universitaet-wohnen-leben-zukunft-ein-facettenreicher-start-ins-jahr-2025\/\" \/>\n<meta property=\"og:locale\" content=\"en_GB\" \/>\n<meta property=\"og:type\" content=\"article\" \/>\n<meta property=\"og:title\" content=\"Museum Giersch der Goethe-Universit\u00e4t: Wohnen, Leben, Zukunft \u2013 Ein facettenreicher Start ins Jahr 2025 | Aktuelles aus der Goethe-Universit\u00e4t Frankfurt\" \/>\n<meta property=\"og:description\" content=\"Die aktuelle Ausstellung \u201eOUR HOUSE. K\u00fcnstlerische Positionen zum Wohnen\u201c zeigt das Thema Wohnen in all seinen Facetten. Das MGGU \u2013 Museum Giersch der Goethe-Universit\u00e4t startet mit einem vielf\u00e4ltigen Programm ins [&hellip;]\" \/>\n<meta property=\"og:url\" content=\"https:\/\/aktuelles.uni-frankfurt.de\/en\/veranstaltungen\/museum-giersch-der-goethe-universitaet-wohnen-leben-zukunft-ein-facettenreicher-start-ins-jahr-2025\/\" \/>\n<meta property=\"og:site_name\" content=\"Aktuelles aus der Goethe-Universit\u00e4t Frankfurt\" \/>\n<meta property=\"article:published_time\" content=\"2025-01-16T11:44:36+00:00\" \/>\n<meta property=\"article:modified_time\" content=\"2025-01-16T11:50:11+00:00\" \/>\n<meta property=\"og:image\" content=\"https:\/\/aktuelles.uni-frankfurt.de\/wp-content\/uploads\/2025\/01\/beitragsbild-museum-giersch-aussenansicht-650x450px.jpg\" \/>\n\t<meta property=\"og:image:width\" content=\"650\" \/>\n\t<meta property=\"og:image:height\" content=\"450\" \/>\n\t<meta property=\"og:image:type\" content=\"image\/jpeg\" \/>\n<meta name=\"author\" content=\"Dr. Dirk Frank\" \/>\n<meta name=\"twitter:card\" content=\"summary_large_image\" \/>\n<meta name=\"twitter:label1\" content=\"Written by\" \/>\n\t<meta name=\"twitter:data1\" content=\"Dr. Dirk Frank\" \/>\n\t<meta name=\"twitter:label2\" content=\"Estimated reading time\" \/>\n\t<meta name=\"twitter:data2\" content=\"2 minutes\" \/>\n<script type=\"application\/ld+json\" class=\"yoast-schema-graph\">{\"@context\":\"https:\\\/\\\/schema.org\",\"@graph\":[{\"@type\":\"Article\",\"@id\":\"https:\\\/\\\/aktuelles.uni-frankfurt.de\\\/veranstaltungen\\\/museum-giersch-der-goethe-universitaet-wohnen-leben-zukunft-ein-facettenreicher-start-ins-jahr-2025\\\/#article\",\"isPartOf\":{\"@id\":\"https:\\\/\\\/aktuelles.uni-frankfurt.de\\\/veranstaltungen\\\/museum-giersch-der-goethe-universitaet-wohnen-leben-zukunft-ein-facettenreicher-start-ins-jahr-2025\\\/\"},\"author\":{\"name\":\"Dr. Dirk Frank\",\"@id\":\"https:\\\/\\\/aktuelles.uni-frankfurt.de\\\/#\\\/schema\\\/person\\\/370c4588b49f66f89d917e8bd01f72b0\"},\"headline\":\"Museum Giersch der Goethe-Universit\u00e4t: Wohnen, Leben, Zukunft \u2013 Ein facettenreicher Start ins Jahr 2025\",\"datePublished\":\"2025-01-16T11:44:36+00:00\",\"dateModified\":\"2025-01-16T11:50:11+00:00\",\"mainEntityOfPage\":{\"@id\":\"https:\\\/\\\/aktuelles.uni-frankfurt.de\\\/veranstaltungen\\\/museum-giersch-der-goethe-universitaet-wohnen-leben-zukunft-ein-facettenreicher-start-ins-jahr-2025\\\/\"},\"wordCount\":404,\"publisher\":{\"@id\":\"https:\\\/\\\/aktuelles.uni-frankfurt.de\\\/#organization\"},\"image\":{\"@id\":\"https:\\\/\\\/aktuelles.uni-frankfurt.de\\\/veranstaltungen\\\/museum-giersch-der-goethe-universitaet-wohnen-leben-zukunft-ein-facettenreicher-start-ins-jahr-2025\\\/#primaryimage\"},\"thumbnailUrl\":\"https:\\\/\\\/aktuelles.uni-frankfurt.de\\\/wp-content\\\/uploads\\\/2025\\\/01\\\/beitragsbild-museum-giersch-aussenansicht-650x450px.jpg\",\"keywords\":[\"Museum Giersch\"],\"articleSection\":[\"Gesellschaft\",\"Veranstaltungen\"],\"inLanguage\":\"en-GB\"},{\"@type\":\"WebPage\",\"@id\":\"https:\\\/\\\/aktuelles.uni-frankfurt.de\\\/veranstaltungen\\\/museum-giersch-der-goethe-universitaet-wohnen-leben-zukunft-ein-facettenreicher-start-ins-jahr-2025\\\/\",\"url\":\"https:\\\/\\\/aktuelles.uni-frankfurt.de\\\/veranstaltungen\\\/museum-giersch-der-goethe-universitaet-wohnen-leben-zukunft-ein-facettenreicher-start-ins-jahr-2025\\\/\",\"name\":\"Museum Giersch der Goethe-Universit\u00e4t: Wohnen, Leben, Zukunft \u2013 Ein facettenreicher Start ins Jahr 2025 | Aktuelles aus der Goethe-Universit\u00e4t Frankfurt\",\"isPartOf\":{\"@id\":\"https:\\\/\\\/aktuelles.uni-frankfurt.de\\\/#website\"},\"primaryImageOfPage\":{\"@id\":\"https:\\\/\\\/aktuelles.uni-frankfurt.de\\\/veranstaltungen\\\/museum-giersch-der-goethe-universitaet-wohnen-leben-zukunft-ein-facettenreicher-start-ins-jahr-2025\\\/#primaryimage\"},\"image\":{\"@id\":\"https:\\\/\\\/aktuelles.uni-frankfurt.de\\\/veranstaltungen\\\/museum-giersch-der-goethe-universitaet-wohnen-leben-zukunft-ein-facettenreicher-start-ins-jahr-2025\\\/#primaryimage\"},\"thumbnailUrl\":\"https:\\\/\\\/aktuelles.uni-frankfurt.de\\\/wp-content\\\/uploads\\\/2025\\\/01\\\/beitragsbild-museum-giersch-aussenansicht-650x450px.jpg\",\"datePublished\":\"2025-01-16T11:44:36+00:00\",\"dateModified\":\"2025-01-16T11:50:11+00:00\",\"breadcrumb\":{\"@id\":\"https:\\\/\\\/aktuelles.uni-frankfurt.de\\\/veranstaltungen\\\/museum-giersch-der-goethe-universitaet-wohnen-leben-zukunft-ein-facettenreicher-start-ins-jahr-2025\\\/#breadcrumb\"},\"inLanguage\":\"en-GB\",\"potentialAction\":[{\"@type\":\"ReadAction\",\"target\":[\"https:\\\/\\\/aktuelles.uni-frankfurt.de\\\/veranstaltungen\\\/museum-giersch-der-goethe-universitaet-wohnen-leben-zukunft-ein-facettenreicher-start-ins-jahr-2025\\\/\"]}]},{\"@type\":\"ImageObject\",\"inLanguage\":\"en-GB\",\"@id\":\"https:\\\/\\\/aktuelles.uni-frankfurt.de\\\/veranstaltungen\\\/museum-giersch-der-goethe-universitaet-wohnen-leben-zukunft-ein-facettenreicher-start-ins-jahr-2025\\\/#primaryimage\",\"url\":\"https:\\\/\\\/aktuelles.uni-frankfurt.de\\\/wp-content\\\/uploads\\\/2025\\\/01\\\/beitragsbild-museum-giersch-aussenansicht-650x450px.jpg\",\"contentUrl\":\"https:\\\/\\\/aktuelles.uni-frankfurt.de\\\/wp-content\\\/uploads\\\/2025\\\/01\\\/beitragsbild-museum-giersch-aussenansicht-650x450px.jpg\",\"width\":650,\"height\":450,\"caption\":\"Au\u00dfenansicht vom Museum Giersch\"},{\"@type\":\"BreadcrumbList\",\"@id\":\"https:\\\/\\\/aktuelles.uni-frankfurt.de\\\/veranstaltungen\\\/museum-giersch-der-goethe-universitaet-wohnen-leben-zukunft-ein-facettenreicher-start-ins-jahr-2025\\\/#breadcrumb\",\"itemListElement\":[{\"@type\":\"ListItem\",\"position\":1,\"name\":\"Startseite\",\"item\":\"https:\\\/\\\/aktuelles.uni-frankfurt.de\\\/\"},{\"@type\":\"ListItem\",\"position\":2,\"name\":\"Museum Giersch der Goethe-Universit\u00e4t: Wohnen, Leben, Zukunft \u2013 Ein facettenreicher Start ins Jahr 2025\"}]},{\"@type\":\"WebSite\",\"@id\":\"https:\\\/\\\/aktuelles.uni-frankfurt.de\\\/#website\",\"url\":\"https:\\\/\\\/aktuelles.uni-frankfurt.de\\\/\",\"name\":\"Aktuelles aus der Goethe-Universit\u00e4t Frankfurt\",\"description\":\"Aktuelles aus der Goethe-Universit\u00e4t | Neues aus Forschung, Lehre, Studium\",\"publisher\":{\"@id\":\"https:\\\/\\\/aktuelles.uni-frankfurt.de\\\/#organization\"},\"potentialAction\":[{\"@type\":\"SearchAction\",\"target\":{\"@type\":\"EntryPoint\",\"urlTemplate\":\"https:\\\/\\\/aktuelles.uni-frankfurt.de\\\/?s={search_term_string}\"},\"query-input\":{\"@type\":\"PropertyValueSpecification\",\"valueRequired\":true,\"valueName\":\"search_term_string\"}}],\"inLanguage\":\"en-GB\"},{\"@type\":\"Organization\",\"@id\":\"https:\\\/\\\/aktuelles.uni-frankfurt.de\\\/#organization\",\"name\":\"Goethe-Universit\u00e4t\",\"url\":\"https:\\\/\\\/aktuelles.uni-frankfurt.de\\\/\",\"logo\":{\"@type\":\"ImageObject\",\"inLanguage\":\"en-GB\",\"@id\":\"https:\\\/\\\/aktuelles.uni-frankfurt.de\\\/#\\\/schema\\\/logo\\\/image\\\/\",\"url\":\"https:\\\/\\\/aktuelles.uni-frankfurt.de\\\/wp-content\\\/uploads\\\/2022\\\/03\\\/800px-Goethe-Logo.png\",\"contentUrl\":\"https:\\\/\\\/aktuelles.uni-frankfurt.de\\\/wp-content\\\/uploads\\\/2022\\\/03\\\/800px-Goethe-Logo.png\",\"width\":800,\"height\":436,\"caption\":\"Goethe-Universit\u00e4t\"},\"image\":{\"@id\":\"https:\\\/\\\/aktuelles.uni-frankfurt.de\\\/#\\\/schema\\\/logo\\\/image\\\/\"}},{\"@type\":\"Person\",\"@id\":\"https:\\\/\\\/aktuelles.uni-frankfurt.de\\\/#\\\/schema\\\/person\\\/370c4588b49f66f89d917e8bd01f72b0\",\"name\":\"Dr. Dirk Frank\",\"description\":\"Dr. Dirk Frank, 49, ist seit 2012 Pressereferent an der Goethe-Universit\u00e4t. Der promovierte Literaturwissenschaftler ist stellvertretender Leiter der Abteilung Marketing und Kommunikation und f\u00fcr die Redaktion des UniReport zust\u00e4ndig.\",\"sameAs\":[\"http:\\\/\\\/aktuelles.uni-frankfurt.de\\\/\"],\"url\":\"https:\\\/\\\/aktuelles.uni-frankfurt.de\\\/en\\\/author\\\/dr-dirkfrank\\\/\"}]}<\/script>\n<!-- \/ Yoast SEO plugin. -->","yoast_head_json":{"title":"Museum Giersch der Goethe-Universit\u00e4t: Wohnen, Leben, Zukunft \u2013 Ein facettenreicher Start ins Jahr 2025 | Aktuelles aus der Goethe-Universit\u00e4t Frankfurt","robots":{"index":"index","follow":"follow","max-snippet":"max-snippet:-1","max-image-preview":"max-image-preview:large","max-video-preview":"max-video-preview:-1"},"canonical":"https:\/\/aktuelles.uni-frankfurt.de\/en\/veranstaltungen\/museum-giersch-der-goethe-universitaet-wohnen-leben-zukunft-ein-facettenreicher-start-ins-jahr-2025\/","og_locale":"en_GB","og_type":"article","og_title":"Museum Giersch der Goethe-Universit\u00e4t: Wohnen, Leben, Zukunft \u2013 Ein facettenreicher Start ins Jahr 2025 | Aktuelles aus der Goethe-Universit\u00e4t Frankfurt","og_description":"Die aktuelle Ausstellung \u201eOUR HOUSE. K\u00fcnstlerische Positionen zum Wohnen\u201c zeigt das Thema Wohnen in all seinen Facetten. Das MGGU \u2013 Museum Giersch der Goethe-Universit\u00e4t startet mit einem vielf\u00e4ltigen Programm ins [&hellip;]","og_url":"https:\/\/aktuelles.uni-frankfurt.de\/en\/veranstaltungen\/museum-giersch-der-goethe-universitaet-wohnen-leben-zukunft-ein-facettenreicher-start-ins-jahr-2025\/","og_site_name":"Aktuelles aus der Goethe-Universit\u00e4t Frankfurt","article_published_time":"2025-01-16T11:44:36+00:00","article_modified_time":"2025-01-16T11:50:11+00:00","og_image":[{"width":650,"height":450,"url":"https:\/\/aktuelles.uni-frankfurt.de\/wp-content\/uploads\/2025\/01\/beitragsbild-museum-giersch-aussenansicht-650x450px.jpg","type":"image\/jpeg"}],"author":"Dr. Dirk Frank","twitter_card":"summary_large_image","twitter_misc":{"Written by":"Dr. Dirk Frank","Estimated reading time":"2 minutes"},"schema":{"@context":"https:\/\/schema.org","@graph":[{"@type":"Article","@id":"https:\/\/aktuelles.uni-frankfurt.de\/veranstaltungen\/museum-giersch-der-goethe-universitaet-wohnen-leben-zukunft-ein-facettenreicher-start-ins-jahr-2025\/#article","isPartOf":{"@id":"https:\/\/aktuelles.uni-frankfurt.de\/veranstaltungen\/museum-giersch-der-goethe-universitaet-wohnen-leben-zukunft-ein-facettenreicher-start-ins-jahr-2025\/"},"author":{"name":"Dr. Dirk Frank","@id":"https:\/\/aktuelles.uni-frankfurt.de\/#\/schema\/person\/370c4588b49f66f89d917e8bd01f72b0"},"headline":"Museum Giersch der Goethe-Universit\u00e4t: Wohnen, Leben, Zukunft \u2013 Ein facettenreicher Start ins Jahr 2025","datePublished":"2025-01-16T11:44:36+00:00","dateModified":"2025-01-16T11:50:11+00:00","mainEntityOfPage":{"@id":"https:\/\/aktuelles.uni-frankfurt.de\/veranstaltungen\/museum-giersch-der-goethe-universitaet-wohnen-leben-zukunft-ein-facettenreicher-start-ins-jahr-2025\/"},"wordCount":404,"publisher":{"@id":"https:\/\/aktuelles.uni-frankfurt.de\/#organization"},"image":{"@id":"https:\/\/aktuelles.uni-frankfurt.de\/veranstaltungen\/museum-giersch-der-goethe-universitaet-wohnen-leben-zukunft-ein-facettenreicher-start-ins-jahr-2025\/#primaryimage"},"thumbnailUrl":"https:\/\/aktuelles.uni-frankfurt.de\/wp-content\/uploads\/2025\/01\/beitragsbild-museum-giersch-aussenansicht-650x450px.jpg","keywords":["Museum Giersch"],"articleSection":["Gesellschaft","Veranstaltungen"],"inLanguage":"en-GB"},{"@type":"WebPage","@id":"https:\/\/aktuelles.uni-frankfurt.de\/veranstaltungen\/museum-giersch-der-goethe-universitaet-wohnen-leben-zukunft-ein-facettenreicher-start-ins-jahr-2025\/","url":"https:\/\/aktuelles.uni-frankfurt.de\/veranstaltungen\/museum-giersch-der-goethe-universitaet-wohnen-leben-zukunft-ein-facettenreicher-start-ins-jahr-2025\/","name":"Museum Giersch der Goethe-Universit\u00e4t: Wohnen, Leben, Zukunft \u2013 Ein facettenreicher Start ins Jahr 2025 | Aktuelles aus der Goethe-Universit\u00e4t Frankfurt","isPartOf":{"@id":"https:\/\/aktuelles.uni-frankfurt.de\/#website"},"primaryImageOfPage":{"@id":"https:\/\/aktuelles.uni-frankfurt.de\/veranstaltungen\/museum-giersch-der-goethe-universitaet-wohnen-leben-zukunft-ein-facettenreicher-start-ins-jahr-2025\/#primaryimage"},"image":{"@id":"https:\/\/aktuelles.uni-frankfurt.de\/veranstaltungen\/museum-giersch-der-goethe-universitaet-wohnen-leben-zukunft-ein-facettenreicher-start-ins-jahr-2025\/#primaryimage"},"thumbnailUrl":"https:\/\/aktuelles.uni-frankfurt.de\/wp-content\/uploads\/2025\/01\/beitragsbild-museum-giersch-aussenansicht-650x450px.jpg","datePublished":"2025-01-16T11:44:36+00:00","dateModified":"2025-01-16T11:50:11+00:00","breadcrumb":{"@id":"https:\/\/aktuelles.uni-frankfurt.de\/veranstaltungen\/museum-giersch-der-goethe-universitaet-wohnen-leben-zukunft-ein-facettenreicher-start-ins-jahr-2025\/#breadcrumb"},"inLanguage":"en-GB","potentialAction":[{"@type":"ReadAction","target":["https:\/\/aktuelles.uni-frankfurt.de\/veranstaltungen\/museum-giersch-der-goethe-universitaet-wohnen-leben-zukunft-ein-facettenreicher-start-ins-jahr-2025\/"]}]},{"@type":"ImageObject","inLanguage":"en-GB","@id":"https:\/\/aktuelles.uni-frankfurt.de\/veranstaltungen\/museum-giersch-der-goethe-universitaet-wohnen-leben-zukunft-ein-facettenreicher-start-ins-jahr-2025\/#primaryimage","url":"https:\/\/aktuelles.uni-frankfurt.de\/wp-content\/uploads\/2025\/01\/beitragsbild-museum-giersch-aussenansicht-650x450px.jpg","contentUrl":"https:\/\/aktuelles.uni-frankfurt.de\/wp-content\/uploads\/2025\/01\/beitragsbild-museum-giersch-aussenansicht-650x450px.jpg","width":650,"height":450,"caption":"Au\u00dfenansicht vom Museum Giersch"},{"@type":"BreadcrumbList","@id":"https:\/\/aktuelles.uni-frankfurt.de\/veranstaltungen\/museum-giersch-der-goethe-universitaet-wohnen-leben-zukunft-ein-facettenreicher-start-ins-jahr-2025\/#breadcrumb","itemListElement":[{"@type":"ListItem","position":1,"name":"Startseite","item":"https:\/\/aktuelles.uni-frankfurt.de\/"},{"@type":"ListItem","position":2,"name":"Museum Giersch der Goethe-Universit\u00e4t: Wohnen, Leben, Zukunft \u2013 Ein facettenreicher Start ins Jahr 2025"}]},{"@type":"WebSite","@id":"https:\/\/aktuelles.uni-frankfurt.de\/#website","url":"https:\/\/aktuelles.uni-frankfurt.de\/","name":"Aktuelles aus der Goethe-Universit\u00e4t Frankfurt","description":"Aktuelles aus der Goethe-Universit\u00e4t | Neues aus Forschung, Lehre, Studium","publisher":{"@id":"https:\/\/aktuelles.uni-frankfurt.de\/#organization"},"potentialAction":[{"@type":"SearchAction","target":{"@type":"EntryPoint","urlTemplate":"https:\/\/aktuelles.uni-frankfurt.de\/?s={search_term_string}"},"query-input":{"@type":"PropertyValueSpecification","valueRequired":true,"valueName":"search_term_string"}}],"inLanguage":"en-GB"},{"@type":"Organization","@id":"https:\/\/aktuelles.uni-frankfurt.de\/#organization","name":"Goethe University Frankfurt","url":"https:\/\/aktuelles.uni-frankfurt.de\/","logo":{"@type":"ImageObject","inLanguage":"en-GB","@id":"https:\/\/aktuelles.uni-frankfurt.de\/#\/schema\/logo\/image\/","url":"https:\/\/aktuelles.uni-frankfurt.de\/wp-content\/uploads\/2022\/03\/800px-Goethe-Logo.png","contentUrl":"https:\/\/aktuelles.uni-frankfurt.de\/wp-content\/uploads\/2022\/03\/800px-Goethe-Logo.png","width":800,"height":436,"caption":"Goethe-Universit\u00e4t"},"image":{"@id":"https:\/\/aktuelles.uni-frankfurt.de\/#\/schema\/logo\/image\/"}},{"@type":"Person","@id":"https:\/\/aktuelles.uni-frankfurt.de\/#\/schema\/person\/370c4588b49f66f89d917e8bd01f72b0","name":"Dr. Dirk Frank","description":"Dr. Dirk Frank, 49, ist seit 2012 Pressereferent an der Goethe-Universit\u00e4t. Der promovierte Literaturwissenschaftler ist stellvertretender Leiter der Abteilung Marketing und Kommunikation und f\u00fcr die Redaktion des UniReport zust\u00e4ndig.","sameAs":["http:\/\/aktuelles.uni-frankfurt.de\/"],"url":"https:\/\/aktuelles.uni-frankfurt.de\/en\/author\/dr-dirkfrank\/"}]}},"_links":{"self":[{"href":"https:\/\/aktuelles.uni-frankfurt.de\/en\/wp-json\/wp\/v2\/posts\/82221","targetHints":{"allow":["GET"]}}],"collection":[{"href":"https:\/\/aktuelles.uni-frankfurt.de\/en\/wp-json\/wp\/v2\/posts"}],"about":[{"href":"https:\/\/aktuelles.uni-frankfurt.de\/en\/wp-json\/wp\/v2\/types\/post"}],"author":[{"embeddable":true,"href":"https:\/\/aktuelles.uni-frankfurt.de\/en\/wp-json\/wp\/v2\/users\/4"}],"replies":[{"embeddable":true,"href":"https:\/\/aktuelles.uni-frankfurt.de\/en\/wp-json\/wp\/v2\/comments?post=82221"}],"version-history":[{"count":0,"href":"https:\/\/aktuelles.uni-frankfurt.de\/en\/wp-json\/wp\/v2\/posts\/82221\/revisions"}],"wp:featuredmedia":[{"embeddable":true,"href":"https:\/\/aktuelles.uni-frankfurt.de\/en\/wp-json\/wp\/v2\/media\/82224"}],"wp:attachment":[{"href":"https:\/\/aktuelles.uni-frankfurt.de\/en\/wp-json\/wp\/v2\/media?parent=82221"}],"wp:term":[{"taxonomy":"category","embeddable":true,"href":"https:\/\/aktuelles.uni-frankfurt.de\/en\/wp-json\/wp\/v2\/categories?post=82221"},{"taxonomy":"post_tag","embeddable":true,"href":"https:\/\/aktuelles.uni-frankfurt.de\/en\/wp-json\/wp\/v2\/tags?post=82221"},{"taxonomy":"post_folder","embeddable":true,"href":"https:\/\/aktuelles.uni-frankfurt.de\/en\/wp-json\/wp\/v2\/post_folder?post=82221"}],"curies":[{"name":"wp","href":"https:\/\/api.w.org\/{rel}","templated":true}]}}