{"id":82260,"date":"2025-01-28T08:07:00","date_gmt":"2025-01-28T07:07:00","guid":{"rendered":"https:\/\/aktuelles.uni-frankfurt.de\/?p=82260"},"modified":"2025-01-17T14:51:24","modified_gmt":"2025-01-17T13:51:24","slug":"culinu-erstes-start-up-im-neuen-accelerator-programm-des-goethe-unibators","status":"publish","type":"post","link":"https:\/\/aktuelles.uni-frankfurt.de\/en\/unireport\/culinu-erstes-start-up-im-neuen-accelerator-programm-des-goethe-unibators\/","title":{"rendered":"Culinu: Erstes Start-up im neuen Accelerator-Programm des Goethe-Unibators"},"content":{"rendered":"<p><strong>Die Goethe-Universit\u00e4t setzt mit ihrem neu eingef\u00fchrten Accelerator-Programm einen Meilenstein bei der F\u00f6rderung studentischer Ausgr\u00fcndungen.<\/strong><\/p>\n\n\n\n<figure class=\"wp-block-image alignright size-full is-resized\"><img fetchpriority=\"high\" decoding=\"async\" width=\"650\" height=\"450\" src=\"https:\/\/aktuelles.uni-frankfurt.de\/wp-content\/uploads\/2025\/01\/beitragsbild-culinu-650x450px.jpg\" alt=\"Culinu Start-up\" class=\"wp-image-82262\" style=\"width:409px;height:auto\" srcset=\"https:\/\/aktuelles.uni-frankfurt.de\/wp-content\/uploads\/2025\/01\/beitragsbild-culinu-650x450px.jpg 650w, https:\/\/aktuelles.uni-frankfurt.de\/wp-content\/uploads\/2025\/01\/beitragsbild-culinu-650x450px-300x208.jpg 300w, https:\/\/aktuelles.uni-frankfurt.de\/wp-content\/uploads\/2025\/01\/beitragsbild-culinu-650x450px-500x346.jpg 500w, https:\/\/aktuelles.uni-frankfurt.de\/wp-content\/uploads\/2025\/01\/beitragsbild-culinu-650x450px-18x12.jpg 18w\" sizes=\"(max-width: 650px) 100vw, 650px\" \/><\/figure>\n\n\n\n<p>Als erstes Start-up wurde das vielversprechende Unternehmen Culinu in das Programm aufgenommen, das vom Gr\u00fcndungszentrum Goethe-Unibator betrieben wird. Das Accelerator-Programm, eine Initiative des von der Innovectis GmbH gemanagten Goethe-Unibators, markiert einen wichtigen, n\u00e4chsten Schritt bei der Unterst\u00fctzung des Transfers von aus Lehre und Forschung generiertem Wissen. Es bietet ausgew\u00e4hlten Start-ups \u00fcber einen Zeitraum von 18 Monaten intensive Unterst\u00fctzung, einschlie\u00dflich der Nutzung der Unibator-Infrastruktur, individuelles Coaching und Hilfe bei der Kapitalbeschaffung. Eine Besonderheit des Programms ist die M\u00f6glichkeit einer Anschubfinanzierung von bis zu 25 000 Euro, gekoppelt an eine Unternehmensbeteiligung der Universit\u00e4t.<\/p>\n\n\n\n<p>Culinu, das erste gef\u00f6rderte Start-up, m\u00f6chte das Verpflegungsmanagement in Pflegeheimen, Kitas und Schulen durch den Einsatz K\u00fcnstlicher Intelligenz revolutionieren. Das Herzst\u00fcck ist ein KI-gesteuerter Chatbot, der als digitale K\u00fcchenleitung und Di\u00e4tassistenz fungiert und personalisierte, gesundheitsf\u00f6rdernde Mahlzeiten planen kann. Basierend auf einem umfassenden Datenmodell optimiert Culinu jeden Schritt des Verpflegungsprozesses und verspricht erhebliche Zeit- und Kosteneinsparungen. \u201eDie Aufnahme in das Accelerator-Programm ist f\u00fcr uns eine einmalige Chance\u201c, erkl\u00e4rt Max Werner, einer der beiden Culinu-Gr\u00fcnder. \u201eDie Unterst\u00fctzung der Goethe-Universit\u00e4t wird uns helfen, unsere innovative L\u00f6sung schneller zur Marktreife zu bringen und unser Wachstum mit dieser Finanzierungsrunde zu beschleunigen.\u201c Die Auswahl der teilnehmenden Start-ups erfolgt durch einen hochkar\u00e4tigen Accelerator-Beirat, bestehend aus f\u00fcnf erfahrenen Pers\u00f6nlichkeiten aus Wirtschaft und Wissenschaft. Dr. S\u00f6nke B\u00e4stlein, Vorsitzender des Beirats, erkl\u00e4rt: \u201eWir wollen die innovativsten Ideen aus dem Unibator-Umfeld identifizieren und ihnen einen sichtbaren Wachstumsimpuls verleihen.\u201c<\/p>\n\n\n\n<p>Mit dem Accelerator-Programm und der Aufnahme von Culinu unterstreicht die Goethe-Universit\u00e4t ihr Engagement f\u00fcr Innovation und Unternehmertum. Es verbindet akademische Exzellenz mit unternehmerischem Erfolg und st\u00e4rkt die Position Frankfurts als f\u00fchrenden Wissenschafts- und Wirtschaftsstandort im Rhein-Main-Gebiet. \u201eDieses Programm ist ein Sprungbrett f\u00fcr unsere innovativsten K\u00f6pfe\u201c, res\u00fcmiert Prof. Dr. Enrico Schleiff, Pr\u00e4sident der Goethe-Universit\u00e4t. \u201eEs erm\u00f6glicht uns, Ideen schneller in marktreife Produkte zu \u00fcberf\u00fchren und gleichzeitig unseren Studierenden und Forschenden neue Perspektiven zu er\u00f6ffnen.\u201c<\/p>\n\n\n\n<div style=\"height:20px\" aria-hidden=\"true\" class=\"wp-block-spacer\"><\/div>\n\n\n\n<p class=\"has-background\" style=\"background-color:#eeeeee\">Der <a href=\"https:\/\/goetheunibator.de\/\" target=\"_blank\" rel=\"noreferrer noopener\">Goethe-Unibator<\/a> ist das Gr\u00fcndungszentrum der Goethe-Universit\u00e4t Frankfurt am Main, betrieben von der Innovectis GmbH, einer hundertprozentigen Tochtergesellschaft der Universit\u00e4t. Der Unibator unterst\u00fctzt Studierende, Wissenschaftliche Mitarbeitende und Alumni bei der Umsetzung ihrer Gr\u00fcndungsvorhaben und fungiert als Br\u00fccke zwischen Wissenschaft und Wirtschaft.<\/p>","protected":false},"excerpt":{"rendered":"<p>Die Goethe-Universit\u00e4t setzt mit ihrem neu eingef\u00fchrten Accelerator-Programm einen Meilenstein bei der F\u00f6rderung studentischer Ausgr\u00fcndungen. Als erstes Start-up wurde das vielversprechende Unternehmen Culinu in das Programm aufgenommen, das vom Gr\u00fcndungszentrum [&hellip;]<\/p>\n","protected":false},"author":8,"featured_media":82262,"comment_status":"closed","ping_status":"closed","sticky":false,"template":"","format":"standard","meta":{"_eb_attr":"","_price":"","_stock":"","_tribe_ticket_header":"","_tribe_default_ticket_provider":"","_ticket_start_date":"","_ticket_end_date":"","_tribe_ticket_show_description":"","_tribe_ticket_show_not_going":false,"_tribe_ticket_use_global_stock":"","_tribe_ticket_global_stock_level":"","_global_stock_mode":"","_global_stock_cap":"","_tribe_rsvp_for_event":"","_tribe_ticket_going_count":"","_tribe_ticket_not_going_count":"","_tribe_tickets_list":"[]","_tribe_ticket_has_attendee_info_fields":false,"footnotes":""},"categories":[8,173],"tags":[166,393],"post_folder":[],"class_list":["post-82260","post","type-post","status-publish","format-standard","has-post-thumbnail","hentry","category-hochschule","category-unireport","tag-unibator","tag-unireport-6-24"],"yoast_head":"<!-- This site is optimized with the Yoast SEO plugin v27.5 - https:\/\/yoast.com\/product\/yoast-seo-wordpress\/ -->\n<title>Culinu: Erstes Start-up im neuen Accelerator-Programm des Goethe-Unibators | Aktuelles aus der Goethe-Universit\u00e4t Frankfurt<\/title>\n<meta name=\"robots\" content=\"index, follow, max-snippet:-1, max-image-preview:large, max-video-preview:-1\" \/>\n<link rel=\"canonical\" href=\"https:\/\/aktuelles.uni-frankfurt.de\/en\/unireport\/culinu-erstes-start-up-im-neuen-accelerator-programm-des-goethe-unibators\/\" \/>\n<meta property=\"og:locale\" content=\"en_GB\" \/>\n<meta property=\"og:type\" content=\"article\" \/>\n<meta property=\"og:title\" content=\"Culinu: Erstes Start-up im neuen Accelerator-Programm des Goethe-Unibators | Aktuelles aus der Goethe-Universit\u00e4t Frankfurt\" \/>\n<meta property=\"og:description\" content=\"Die Goethe-Universit\u00e4t setzt mit ihrem neu eingef\u00fchrten Accelerator-Programm einen Meilenstein bei der F\u00f6rderung studentischer Ausgr\u00fcndungen. Als erstes Start-up wurde das vielversprechende Unternehmen Culinu in das Programm aufgenommen, das vom Gr\u00fcndungszentrum [&hellip;]\" \/>\n<meta property=\"og:url\" content=\"https:\/\/aktuelles.uni-frankfurt.de\/en\/unireport\/culinu-erstes-start-up-im-neuen-accelerator-programm-des-goethe-unibators\/\" \/>\n<meta property=\"og:site_name\" content=\"Aktuelles aus der Goethe-Universit\u00e4t Frankfurt\" \/>\n<meta property=\"article:published_time\" content=\"2025-01-28T07:07:00+00:00\" \/>\n<meta property=\"og:image\" content=\"https:\/\/aktuelles.uni-frankfurt.de\/wp-content\/uploads\/2025\/01\/beitragsbild-culinu-650x450px.jpg\" \/>\n\t<meta property=\"og:image:width\" content=\"650\" \/>\n\t<meta property=\"og:image:height\" content=\"450\" \/>\n\t<meta property=\"og:image:type\" content=\"image\/jpeg\" \/>\n<meta name=\"author\" content=\"-\" \/>\n<meta name=\"twitter:card\" content=\"summary_large_image\" \/>\n<meta name=\"twitter:label1\" content=\"Written by\" \/>\n\t<meta name=\"twitter:data1\" content=\"-\" \/>\n\t<meta name=\"twitter:label2\" content=\"Estimated reading time\" \/>\n\t<meta name=\"twitter:data2\" content=\"2 minutes\" \/>\n<script type=\"application\/ld+json\" class=\"yoast-schema-graph\">{\"@context\":\"https:\\\/\\\/schema.org\",\"@graph\":[{\"@type\":\"Article\",\"@id\":\"https:\\\/\\\/aktuelles.uni-frankfurt.de\\\/unireport\\\/culinu-erstes-start-up-im-neuen-accelerator-programm-des-goethe-unibators\\\/#article\",\"isPartOf\":{\"@id\":\"https:\\\/\\\/aktuelles.uni-frankfurt.de\\\/unireport\\\/culinu-erstes-start-up-im-neuen-accelerator-programm-des-goethe-unibators\\\/\"},\"author\":{\"name\":\"-\",\"@id\":\"https:\\\/\\\/aktuelles.uni-frankfurt.de\\\/#\\\/schema\\\/person\\\/8e55ea338fb65d1ce87a91565d1f1739\"},\"headline\":\"Culinu: Erstes Start-up im neuen Accelerator-Programm des Goethe-Unibators\",\"datePublished\":\"2025-01-28T07:07:00+00:00\",\"mainEntityOfPage\":{\"@id\":\"https:\\\/\\\/aktuelles.uni-frankfurt.de\\\/unireport\\\/culinu-erstes-start-up-im-neuen-accelerator-programm-des-goethe-unibators\\\/\"},\"wordCount\":411,\"publisher\":{\"@id\":\"https:\\\/\\\/aktuelles.uni-frankfurt.de\\\/#organization\"},\"image\":{\"@id\":\"https:\\\/\\\/aktuelles.uni-frankfurt.de\\\/unireport\\\/culinu-erstes-start-up-im-neuen-accelerator-programm-des-goethe-unibators\\\/#primaryimage\"},\"thumbnailUrl\":\"https:\\\/\\\/aktuelles.uni-frankfurt.de\\\/wp-content\\\/uploads\\\/2025\\\/01\\\/beitragsbild-culinu-650x450px.jpg\",\"keywords\":[\"Unibator\",\"UniReport 6.24\"],\"articleSection\":[\"Hochschule\",\"UniReport\"],\"inLanguage\":\"en-GB\"},{\"@type\":\"WebPage\",\"@id\":\"https:\\\/\\\/aktuelles.uni-frankfurt.de\\\/unireport\\\/culinu-erstes-start-up-im-neuen-accelerator-programm-des-goethe-unibators\\\/\",\"url\":\"https:\\\/\\\/aktuelles.uni-frankfurt.de\\\/unireport\\\/culinu-erstes-start-up-im-neuen-accelerator-programm-des-goethe-unibators\\\/\",\"name\":\"Culinu: Erstes Start-up im neuen Accelerator-Programm des Goethe-Unibators | Aktuelles aus der Goethe-Universit\u00e4t Frankfurt\",\"isPartOf\":{\"@id\":\"https:\\\/\\\/aktuelles.uni-frankfurt.de\\\/#website\"},\"primaryImageOfPage\":{\"@id\":\"https:\\\/\\\/aktuelles.uni-frankfurt.de\\\/unireport\\\/culinu-erstes-start-up-im-neuen-accelerator-programm-des-goethe-unibators\\\/#primaryimage\"},\"image\":{\"@id\":\"https:\\\/\\\/aktuelles.uni-frankfurt.de\\\/unireport\\\/culinu-erstes-start-up-im-neuen-accelerator-programm-des-goethe-unibators\\\/#primaryimage\"},\"thumbnailUrl\":\"https:\\\/\\\/aktuelles.uni-frankfurt.de\\\/wp-content\\\/uploads\\\/2025\\\/01\\\/beitragsbild-culinu-650x450px.jpg\",\"datePublished\":\"2025-01-28T07:07:00+00:00\",\"breadcrumb\":{\"@id\":\"https:\\\/\\\/aktuelles.uni-frankfurt.de\\\/unireport\\\/culinu-erstes-start-up-im-neuen-accelerator-programm-des-goethe-unibators\\\/#breadcrumb\"},\"inLanguage\":\"en-GB\",\"potentialAction\":[{\"@type\":\"ReadAction\",\"target\":[\"https:\\\/\\\/aktuelles.uni-frankfurt.de\\\/unireport\\\/culinu-erstes-start-up-im-neuen-accelerator-programm-des-goethe-unibators\\\/\"]}]},{\"@type\":\"ImageObject\",\"inLanguage\":\"en-GB\",\"@id\":\"https:\\\/\\\/aktuelles.uni-frankfurt.de\\\/unireport\\\/culinu-erstes-start-up-im-neuen-accelerator-programm-des-goethe-unibators\\\/#primaryimage\",\"url\":\"https:\\\/\\\/aktuelles.uni-frankfurt.de\\\/wp-content\\\/uploads\\\/2025\\\/01\\\/beitragsbild-culinu-650x450px.jpg\",\"contentUrl\":\"https:\\\/\\\/aktuelles.uni-frankfurt.de\\\/wp-content\\\/uploads\\\/2025\\\/01\\\/beitragsbild-culinu-650x450px.jpg\",\"width\":650,\"height\":450,\"caption\":\"Culinu Start-up\"},{\"@type\":\"BreadcrumbList\",\"@id\":\"https:\\\/\\\/aktuelles.uni-frankfurt.de\\\/unireport\\\/culinu-erstes-start-up-im-neuen-accelerator-programm-des-goethe-unibators\\\/#breadcrumb\",\"itemListElement\":[{\"@type\":\"ListItem\",\"position\":1,\"name\":\"Startseite\",\"item\":\"https:\\\/\\\/aktuelles.uni-frankfurt.de\\\/\"},{\"@type\":\"ListItem\",\"position\":2,\"name\":\"Culinu: Erstes Start-up im neuen Accelerator-Programm des Goethe-Unibators\"}]},{\"@type\":\"WebSite\",\"@id\":\"https:\\\/\\\/aktuelles.uni-frankfurt.de\\\/#website\",\"url\":\"https:\\\/\\\/aktuelles.uni-frankfurt.de\\\/\",\"name\":\"Aktuelles aus der Goethe-Universit\u00e4t Frankfurt\",\"description\":\"Aktuelles aus der Goethe-Universit\u00e4t | Neues aus Forschung, Lehre, Studium\",\"publisher\":{\"@id\":\"https:\\\/\\\/aktuelles.uni-frankfurt.de\\\/#organization\"},\"potentialAction\":[{\"@type\":\"SearchAction\",\"target\":{\"@type\":\"EntryPoint\",\"urlTemplate\":\"https:\\\/\\\/aktuelles.uni-frankfurt.de\\\/?s={search_term_string}\"},\"query-input\":{\"@type\":\"PropertyValueSpecification\",\"valueRequired\":true,\"valueName\":\"search_term_string\"}}],\"inLanguage\":\"en-GB\"},{\"@type\":\"Organization\",\"@id\":\"https:\\\/\\\/aktuelles.uni-frankfurt.de\\\/#organization\",\"name\":\"Goethe-Universit\u00e4t\",\"url\":\"https:\\\/\\\/aktuelles.uni-frankfurt.de\\\/\",\"logo\":{\"@type\":\"ImageObject\",\"inLanguage\":\"en-GB\",\"@id\":\"https:\\\/\\\/aktuelles.uni-frankfurt.de\\\/#\\\/schema\\\/logo\\\/image\\\/\",\"url\":\"https:\\\/\\\/aktuelles.uni-frankfurt.de\\\/wp-content\\\/uploads\\\/2022\\\/03\\\/800px-Goethe-Logo.png\",\"contentUrl\":\"https:\\\/\\\/aktuelles.uni-frankfurt.de\\\/wp-content\\\/uploads\\\/2022\\\/03\\\/800px-Goethe-Logo.png\",\"width\":800,\"height\":436,\"caption\":\"Goethe-Universit\u00e4t\"},\"image\":{\"@id\":\"https:\\\/\\\/aktuelles.uni-frankfurt.de\\\/#\\\/schema\\\/logo\\\/image\\\/\"}},{\"@type\":\"Person\",\"@id\":\"https:\\\/\\\/aktuelles.uni-frankfurt.de\\\/#\\\/schema\\\/person\\\/8e55ea338fb65d1ce87a91565d1f1739\",\"name\":\"-\",\"description\":\"Dieser Beitrag wurde von der Online-Redaktion ver\u00f6ffentlicht. Wenn der Beitrag von einem Gastautoren verfasst wurde, findet sich dieser Hinweis am Ende des jeweiligen Artikels.\",\"sameAs\":[\"http:\\\/\\\/aktuelles.uni-frankfurt.de\\\/autoren\"],\"url\":\"https:\\\/\\\/aktuelles.uni-frankfurt.de\\\/en\\\/author\\\/redaktion\\\/\"}]}<\/script>\n<!-- \/ Yoast SEO plugin. -->","yoast_head_json":{"title":"Culinu: Erstes Start-up im neuen Accelerator-Programm des Goethe-Unibators | Aktuelles aus der Goethe-Universit\u00e4t Frankfurt","robots":{"index":"index","follow":"follow","max-snippet":"max-snippet:-1","max-image-preview":"max-image-preview:large","max-video-preview":"max-video-preview:-1"},"canonical":"https:\/\/aktuelles.uni-frankfurt.de\/en\/unireport\/culinu-erstes-start-up-im-neuen-accelerator-programm-des-goethe-unibators\/","og_locale":"en_GB","og_type":"article","og_title":"Culinu: Erstes Start-up im neuen Accelerator-Programm des Goethe-Unibators | Aktuelles aus der Goethe-Universit\u00e4t Frankfurt","og_description":"Die Goethe-Universit\u00e4t setzt mit ihrem neu eingef\u00fchrten Accelerator-Programm einen Meilenstein bei der F\u00f6rderung studentischer Ausgr\u00fcndungen. Als erstes Start-up wurde das vielversprechende Unternehmen Culinu in das Programm aufgenommen, das vom Gr\u00fcndungszentrum [&hellip;]","og_url":"https:\/\/aktuelles.uni-frankfurt.de\/en\/unireport\/culinu-erstes-start-up-im-neuen-accelerator-programm-des-goethe-unibators\/","og_site_name":"Aktuelles aus der Goethe-Universit\u00e4t Frankfurt","article_published_time":"2025-01-28T07:07:00+00:00","og_image":[{"width":650,"height":450,"url":"https:\/\/aktuelles.uni-frankfurt.de\/wp-content\/uploads\/2025\/01\/beitragsbild-culinu-650x450px.jpg","type":"image\/jpeg"}],"author":"-","twitter_card":"summary_large_image","twitter_misc":{"Written by":"-","Estimated reading time":"2 minutes"},"schema":{"@context":"https:\/\/schema.org","@graph":[{"@type":"Article","@id":"https:\/\/aktuelles.uni-frankfurt.de\/unireport\/culinu-erstes-start-up-im-neuen-accelerator-programm-des-goethe-unibators\/#article","isPartOf":{"@id":"https:\/\/aktuelles.uni-frankfurt.de\/unireport\/culinu-erstes-start-up-im-neuen-accelerator-programm-des-goethe-unibators\/"},"author":{"name":"-","@id":"https:\/\/aktuelles.uni-frankfurt.de\/#\/schema\/person\/8e55ea338fb65d1ce87a91565d1f1739"},"headline":"Culinu: Erstes Start-up im neuen Accelerator-Programm des Goethe-Unibators","datePublished":"2025-01-28T07:07:00+00:00","mainEntityOfPage":{"@id":"https:\/\/aktuelles.uni-frankfurt.de\/unireport\/culinu-erstes-start-up-im-neuen-accelerator-programm-des-goethe-unibators\/"},"wordCount":411,"publisher":{"@id":"https:\/\/aktuelles.uni-frankfurt.de\/#organization"},"image":{"@id":"https:\/\/aktuelles.uni-frankfurt.de\/unireport\/culinu-erstes-start-up-im-neuen-accelerator-programm-des-goethe-unibators\/#primaryimage"},"thumbnailUrl":"https:\/\/aktuelles.uni-frankfurt.de\/wp-content\/uploads\/2025\/01\/beitragsbild-culinu-650x450px.jpg","keywords":["Unibator","UniReport 6.24"],"articleSection":["Hochschule","UniReport"],"inLanguage":"en-GB"},{"@type":"WebPage","@id":"https:\/\/aktuelles.uni-frankfurt.de\/unireport\/culinu-erstes-start-up-im-neuen-accelerator-programm-des-goethe-unibators\/","url":"https:\/\/aktuelles.uni-frankfurt.de\/unireport\/culinu-erstes-start-up-im-neuen-accelerator-programm-des-goethe-unibators\/","name":"Culinu: Erstes Start-up im neuen Accelerator-Programm des Goethe-Unibators | Aktuelles aus der Goethe-Universit\u00e4t Frankfurt","isPartOf":{"@id":"https:\/\/aktuelles.uni-frankfurt.de\/#website"},"primaryImageOfPage":{"@id":"https:\/\/aktuelles.uni-frankfurt.de\/unireport\/culinu-erstes-start-up-im-neuen-accelerator-programm-des-goethe-unibators\/#primaryimage"},"image":{"@id":"https:\/\/aktuelles.uni-frankfurt.de\/unireport\/culinu-erstes-start-up-im-neuen-accelerator-programm-des-goethe-unibators\/#primaryimage"},"thumbnailUrl":"https:\/\/aktuelles.uni-frankfurt.de\/wp-content\/uploads\/2025\/01\/beitragsbild-culinu-650x450px.jpg","datePublished":"2025-01-28T07:07:00+00:00","breadcrumb":{"@id":"https:\/\/aktuelles.uni-frankfurt.de\/unireport\/culinu-erstes-start-up-im-neuen-accelerator-programm-des-goethe-unibators\/#breadcrumb"},"inLanguage":"en-GB","potentialAction":[{"@type":"ReadAction","target":["https:\/\/aktuelles.uni-frankfurt.de\/unireport\/culinu-erstes-start-up-im-neuen-accelerator-programm-des-goethe-unibators\/"]}]},{"@type":"ImageObject","inLanguage":"en-GB","@id":"https:\/\/aktuelles.uni-frankfurt.de\/unireport\/culinu-erstes-start-up-im-neuen-accelerator-programm-des-goethe-unibators\/#primaryimage","url":"https:\/\/aktuelles.uni-frankfurt.de\/wp-content\/uploads\/2025\/01\/beitragsbild-culinu-650x450px.jpg","contentUrl":"https:\/\/aktuelles.uni-frankfurt.de\/wp-content\/uploads\/2025\/01\/beitragsbild-culinu-650x450px.jpg","width":650,"height":450,"caption":"Culinu Start-up"},{"@type":"BreadcrumbList","@id":"https:\/\/aktuelles.uni-frankfurt.de\/unireport\/culinu-erstes-start-up-im-neuen-accelerator-programm-des-goethe-unibators\/#breadcrumb","itemListElement":[{"@type":"ListItem","position":1,"name":"Startseite","item":"https:\/\/aktuelles.uni-frankfurt.de\/"},{"@type":"ListItem","position":2,"name":"Culinu: Erstes Start-up im neuen Accelerator-Programm des Goethe-Unibators"}]},{"@type":"WebSite","@id":"https:\/\/aktuelles.uni-frankfurt.de\/#website","url":"https:\/\/aktuelles.uni-frankfurt.de\/","name":"Aktuelles aus der Goethe-Universit\u00e4t Frankfurt","description":"Aktuelles aus der Goethe-Universit\u00e4t | Neues aus Forschung, Lehre, Studium","publisher":{"@id":"https:\/\/aktuelles.uni-frankfurt.de\/#organization"},"potentialAction":[{"@type":"SearchAction","target":{"@type":"EntryPoint","urlTemplate":"https:\/\/aktuelles.uni-frankfurt.de\/?s={search_term_string}"},"query-input":{"@type":"PropertyValueSpecification","valueRequired":true,"valueName":"search_term_string"}}],"inLanguage":"en-GB"},{"@type":"Organization","@id":"https:\/\/aktuelles.uni-frankfurt.de\/#organization","name":"Goethe University Frankfurt","url":"https:\/\/aktuelles.uni-frankfurt.de\/","logo":{"@type":"ImageObject","inLanguage":"en-GB","@id":"https:\/\/aktuelles.uni-frankfurt.de\/#\/schema\/logo\/image\/","url":"https:\/\/aktuelles.uni-frankfurt.de\/wp-content\/uploads\/2022\/03\/800px-Goethe-Logo.png","contentUrl":"https:\/\/aktuelles.uni-frankfurt.de\/wp-content\/uploads\/2022\/03\/800px-Goethe-Logo.png","width":800,"height":436,"caption":"Goethe-Universit\u00e4t"},"image":{"@id":"https:\/\/aktuelles.uni-frankfurt.de\/#\/schema\/logo\/image\/"}},{"@type":"Person","@id":"https:\/\/aktuelles.uni-frankfurt.de\/#\/schema\/person\/8e55ea338fb65d1ce87a91565d1f1739","name":"-","description":"Dieser Beitrag wurde von der Online-Redaktion ver\u00f6ffentlicht. Wenn der Beitrag von einem Gastautoren verfasst wurde, findet sich dieser Hinweis am Ende des jeweiligen Artikels.","sameAs":["http:\/\/aktuelles.uni-frankfurt.de\/autoren"],"url":"https:\/\/aktuelles.uni-frankfurt.de\/en\/author\/redaktion\/"}]}},"_links":{"self":[{"href":"https:\/\/aktuelles.uni-frankfurt.de\/en\/wp-json\/wp\/v2\/posts\/82260","targetHints":{"allow":["GET"]}}],"collection":[{"href":"https:\/\/aktuelles.uni-frankfurt.de\/en\/wp-json\/wp\/v2\/posts"}],"about":[{"href":"https:\/\/aktuelles.uni-frankfurt.de\/en\/wp-json\/wp\/v2\/types\/post"}],"author":[{"embeddable":true,"href":"https:\/\/aktuelles.uni-frankfurt.de\/en\/wp-json\/wp\/v2\/users\/8"}],"replies":[{"embeddable":true,"href":"https:\/\/aktuelles.uni-frankfurt.de\/en\/wp-json\/wp\/v2\/comments?post=82260"}],"version-history":[{"count":0,"href":"https:\/\/aktuelles.uni-frankfurt.de\/en\/wp-json\/wp\/v2\/posts\/82260\/revisions"}],"wp:featuredmedia":[{"embeddable":true,"href":"https:\/\/aktuelles.uni-frankfurt.de\/en\/wp-json\/wp\/v2\/media\/82262"}],"wp:attachment":[{"href":"https:\/\/aktuelles.uni-frankfurt.de\/en\/wp-json\/wp\/v2\/media?parent=82260"}],"wp:term":[{"taxonomy":"category","embeddable":true,"href":"https:\/\/aktuelles.uni-frankfurt.de\/en\/wp-json\/wp\/v2\/categories?post=82260"},{"taxonomy":"post_tag","embeddable":true,"href":"https:\/\/aktuelles.uni-frankfurt.de\/en\/wp-json\/wp\/v2\/tags?post=82260"},{"taxonomy":"post_folder","embeddable":true,"href":"https:\/\/aktuelles.uni-frankfurt.de\/en\/wp-json\/wp\/v2\/post_folder?post=82260"}],"curies":[{"name":"wp","href":"https:\/\/api.w.org\/{rel}","templated":true}]}}