{"id":82319,"date":"2025-01-23T16:16:00","date_gmt":"2025-01-23T15:16:00","guid":{"rendered":"https:\/\/aktuelles.uni-frankfurt.de\/?p=82319"},"modified":"2025-01-23T16:16:01","modified_gmt":"2025-01-23T15:16:01","slug":"studierende-organisieren-podiumsdiskussion-frankfurt-waehlt-stimmen-und-standpunkte-lokaler-bundestagskandidaten","status":"publish","type":"post","link":"https:\/\/aktuelles.uni-frankfurt.de\/en\/studium\/studierende-organisieren-podiumsdiskussion-frankfurt-waehlt-stimmen-und-standpunkte-lokaler-bundestagskandidaten\/","title":{"rendered":"Studierende organisieren Podiumsdiskussion: Frankfurt w\u00e4hlt \u2013 Stimmen und Standpunkte lokaler Bundestagskandidaten"},"content":{"rendered":"<p>Am 25. Januar 2025 l\u00e4dt der gemeinn\u00fctzige Verein &#8222;peca e.V.&#8220;&nbsp; ins Massif Central im Bethmannhof in Frankfurt am Main ein: Von 15:00 bis 17:00 Uhr findet dort eine Podiumsdiskussion zur Bundestagswahl statt. Unter der Leitung der Redakteurin und Moderatorin Hannah Friedrich werden die Frankfurter Direktkandidierenden Armand Zorn MdB (SPD), Deborah D\u00fcring MdB (Gr\u00fcne), Dr. Thorsten Lieb MdB (FDP) und Leopold Born (CDU) \u00fcber dr\u00e4ngende politische Fragen diskutieren. Im Anschluss an jedes Themengebiet wird das Publikum die Gelegenheit haben, Fragen direkt an das Podium zu stellen. Der Eintritt ist frei.<\/p>\n\n\n\n<p>Der gemeinn\u00fctzige Verein &#8222;Political and Economic Education Association e.V.&#8220; (peca e.V.), der sich der F\u00f6rderung politischer und wirtschaftlicher Bildung verschrieben hat, ist von Studierenden der Goethe-Universit\u00e4t ins Leben gerufen worden. Der Verein freut sich \u00fcber Fragen auf Instagram @peca_ev oder per Mail (<a href=\"mailto:kontakt@peca-ev.com\">kontakt@peca-ev.com<\/a>).<\/p>\n\n\n\n<p><\/p>","protected":false},"excerpt":{"rendered":"<p>Am 25. Januar 2025 l\u00e4dt der gemeinn\u00fctzige Verein &#8222;peca e.V.&#8220;&nbsp; ins Massif Central im Bethmannhof in Frankfurt am Main ein: Von 15:00 bis 17:00 Uhr findet dort eine Podiumsdiskussion zur [&hellip;]<\/p>\n","protected":false},"author":8,"featured_media":53025,"comment_status":"closed","ping_status":"closed","sticky":false,"template":"","format":"standard","meta":{"_eb_attr":"","_price":"","_stock":"","_tribe_ticket_header":"","_tribe_default_ticket_provider":"","_ticket_start_date":"","_ticket_end_date":"","_tribe_ticket_show_description":"","_tribe_ticket_show_not_going":false,"_tribe_ticket_use_global_stock":"","_tribe_ticket_global_stock_level":"","_global_stock_mode":"","_global_stock_cap":"","_tribe_rsvp_for_event":"","_tribe_ticket_going_count":"","_tribe_ticket_not_going_count":"","_tribe_tickets_list":"[]","_tribe_ticket_has_attendee_info_fields":false,"footnotes":""},"categories":[9],"tags":[],"post_folder":[],"class_list":["post-82319","post","type-post","status-publish","format-standard","has-post-thumbnail","hentry","category-studium"],"yoast_head":"<!-- This site is optimized with the Yoast SEO plugin v27.5 - https:\/\/yoast.com\/product\/yoast-seo-wordpress\/ -->\n<title>Studierende organisieren Podiumsdiskussion: Frankfurt w\u00e4hlt \u2013 Stimmen und Standpunkte lokaler Bundestagskandidaten | Aktuelles aus der Goethe-Universit\u00e4t Frankfurt<\/title>\n<meta name=\"robots\" content=\"index, follow, max-snippet:-1, max-image-preview:large, max-video-preview:-1\" \/>\n<link rel=\"canonical\" href=\"https:\/\/aktuelles.uni-frankfurt.de\/en\/studium\/studierende-organisieren-podiumsdiskussion-frankfurt-waehlt-stimmen-und-standpunkte-lokaler-bundestagskandidaten\/\" \/>\n<meta property=\"og:locale\" content=\"en_GB\" \/>\n<meta property=\"og:type\" content=\"article\" \/>\n<meta property=\"og:title\" content=\"Studierende organisieren Podiumsdiskussion: Frankfurt w\u00e4hlt \u2013 Stimmen und Standpunkte lokaler Bundestagskandidaten | Aktuelles aus der Goethe-Universit\u00e4t Frankfurt\" \/>\n<meta property=\"og:description\" content=\"Am 25. Januar 2025 l\u00e4dt der gemeinn\u00fctzige Verein &#8222;peca e.V.&#8220;&nbsp; ins Massif Central im Bethmannhof in Frankfurt am Main ein: Von 15:00 bis 17:00 Uhr findet dort eine Podiumsdiskussion zur [&hellip;]\" \/>\n<meta property=\"og:url\" content=\"https:\/\/aktuelles.uni-frankfurt.de\/en\/studium\/studierende-organisieren-podiumsdiskussion-frankfurt-waehlt-stimmen-und-standpunkte-lokaler-bundestagskandidaten\/\" \/>\n<meta property=\"og:site_name\" content=\"Aktuelles aus der Goethe-Universit\u00e4t Frankfurt\" \/>\n<meta property=\"article:published_time\" content=\"2025-01-23T15:16:00+00:00\" \/>\n<meta property=\"article:modified_time\" content=\"2025-01-23T15:16:01+00:00\" \/>\n<meta property=\"og:image\" content=\"https:\/\/aktuelles.uni-frankfurt.de\/wp-content\/uploads\/2021\/10\/beitragsbild_allgemein-goethe-uni-webmagazin.jpg\" \/>\n\t<meta property=\"og:image:width\" content=\"650\" \/>\n\t<meta property=\"og:image:height\" content=\"450\" \/>\n\t<meta property=\"og:image:type\" content=\"image\/jpeg\" \/>\n<meta name=\"author\" content=\"-\" \/>\n<meta name=\"twitter:card\" content=\"summary_large_image\" \/>\n<meta name=\"twitter:label1\" content=\"Written by\" \/>\n\t<meta name=\"twitter:data1\" content=\"-\" \/>\n\t<meta name=\"twitter:label2\" content=\"Estimated reading time\" \/>\n\t<meta name=\"twitter:data2\" content=\"1 minute\" \/>\n<script type=\"application\/ld+json\" class=\"yoast-schema-graph\">{\"@context\":\"https:\\\/\\\/schema.org\",\"@graph\":[{\"@type\":\"Article\",\"@id\":\"https:\\\/\\\/aktuelles.uni-frankfurt.de\\\/studium\\\/studierende-organisieren-podiumsdiskussion-frankfurt-waehlt-stimmen-und-standpunkte-lokaler-bundestagskandidaten\\\/#article\",\"isPartOf\":{\"@id\":\"https:\\\/\\\/aktuelles.uni-frankfurt.de\\\/studium\\\/studierende-organisieren-podiumsdiskussion-frankfurt-waehlt-stimmen-und-standpunkte-lokaler-bundestagskandidaten\\\/\"},\"author\":{\"name\":\"-\",\"@id\":\"https:\\\/\\\/aktuelles.uni-frankfurt.de\\\/#\\\/schema\\\/person\\\/8e55ea338fb65d1ce87a91565d1f1739\"},\"headline\":\"Studierende organisieren Podiumsdiskussion: Frankfurt w\u00e4hlt \u2013 Stimmen und Standpunkte lokaler Bundestagskandidaten\",\"datePublished\":\"2025-01-23T15:16:00+00:00\",\"dateModified\":\"2025-01-23T15:16:01+00:00\",\"mainEntityOfPage\":{\"@id\":\"https:\\\/\\\/aktuelles.uni-frankfurt.de\\\/studium\\\/studierende-organisieren-podiumsdiskussion-frankfurt-waehlt-stimmen-und-standpunkte-lokaler-bundestagskandidaten\\\/\"},\"wordCount\":154,\"publisher\":{\"@id\":\"https:\\\/\\\/aktuelles.uni-frankfurt.de\\\/#organization\"},\"image\":{\"@id\":\"https:\\\/\\\/aktuelles.uni-frankfurt.de\\\/studium\\\/studierende-organisieren-podiumsdiskussion-frankfurt-waehlt-stimmen-und-standpunkte-lokaler-bundestagskandidaten\\\/#primaryimage\"},\"thumbnailUrl\":\"https:\\\/\\\/aktuelles.uni-frankfurt.de\\\/wp-content\\\/uploads\\\/2021\\\/10\\\/beitragsbild_allgemein-goethe-uni-webmagazin.jpg\",\"articleSection\":[\"Studium\"],\"inLanguage\":\"en-GB\"},{\"@type\":\"WebPage\",\"@id\":\"https:\\\/\\\/aktuelles.uni-frankfurt.de\\\/studium\\\/studierende-organisieren-podiumsdiskussion-frankfurt-waehlt-stimmen-und-standpunkte-lokaler-bundestagskandidaten\\\/\",\"url\":\"https:\\\/\\\/aktuelles.uni-frankfurt.de\\\/studium\\\/studierende-organisieren-podiumsdiskussion-frankfurt-waehlt-stimmen-und-standpunkte-lokaler-bundestagskandidaten\\\/\",\"name\":\"Studierende organisieren Podiumsdiskussion: Frankfurt w\u00e4hlt \u2013 Stimmen und Standpunkte lokaler Bundestagskandidaten | Aktuelles aus der Goethe-Universit\u00e4t Frankfurt\",\"isPartOf\":{\"@id\":\"https:\\\/\\\/aktuelles.uni-frankfurt.de\\\/#website\"},\"primaryImageOfPage\":{\"@id\":\"https:\\\/\\\/aktuelles.uni-frankfurt.de\\\/studium\\\/studierende-organisieren-podiumsdiskussion-frankfurt-waehlt-stimmen-und-standpunkte-lokaler-bundestagskandidaten\\\/#primaryimage\"},\"image\":{\"@id\":\"https:\\\/\\\/aktuelles.uni-frankfurt.de\\\/studium\\\/studierende-organisieren-podiumsdiskussion-frankfurt-waehlt-stimmen-und-standpunkte-lokaler-bundestagskandidaten\\\/#primaryimage\"},\"thumbnailUrl\":\"https:\\\/\\\/aktuelles.uni-frankfurt.de\\\/wp-content\\\/uploads\\\/2021\\\/10\\\/beitragsbild_allgemein-goethe-uni-webmagazin.jpg\",\"datePublished\":\"2025-01-23T15:16:00+00:00\",\"dateModified\":\"2025-01-23T15:16:01+00:00\",\"breadcrumb\":{\"@id\":\"https:\\\/\\\/aktuelles.uni-frankfurt.de\\\/studium\\\/studierende-organisieren-podiumsdiskussion-frankfurt-waehlt-stimmen-und-standpunkte-lokaler-bundestagskandidaten\\\/#breadcrumb\"},\"inLanguage\":\"en-GB\",\"potentialAction\":[{\"@type\":\"ReadAction\",\"target\":[\"https:\\\/\\\/aktuelles.uni-frankfurt.de\\\/studium\\\/studierende-organisieren-podiumsdiskussion-frankfurt-waehlt-stimmen-und-standpunkte-lokaler-bundestagskandidaten\\\/\"]}]},{\"@type\":\"ImageObject\",\"inLanguage\":\"en-GB\",\"@id\":\"https:\\\/\\\/aktuelles.uni-frankfurt.de\\\/studium\\\/studierende-organisieren-podiumsdiskussion-frankfurt-waehlt-stimmen-und-standpunkte-lokaler-bundestagskandidaten\\\/#primaryimage\",\"url\":\"https:\\\/\\\/aktuelles.uni-frankfurt.de\\\/wp-content\\\/uploads\\\/2021\\\/10\\\/beitragsbild_allgemein-goethe-uni-webmagazin.jpg\",\"contentUrl\":\"https:\\\/\\\/aktuelles.uni-frankfurt.de\\\/wp-content\\\/uploads\\\/2021\\\/10\\\/beitragsbild_allgemein-goethe-uni-webmagazin.jpg\",\"width\":650,\"height\":450},{\"@type\":\"BreadcrumbList\",\"@id\":\"https:\\\/\\\/aktuelles.uni-frankfurt.de\\\/studium\\\/studierende-organisieren-podiumsdiskussion-frankfurt-waehlt-stimmen-und-standpunkte-lokaler-bundestagskandidaten\\\/#breadcrumb\",\"itemListElement\":[{\"@type\":\"ListItem\",\"position\":1,\"name\":\"Startseite\",\"item\":\"https:\\\/\\\/aktuelles.uni-frankfurt.de\\\/\"},{\"@type\":\"ListItem\",\"position\":2,\"name\":\"Studierende organisieren Podiumsdiskussion: Frankfurt w\u00e4hlt \u2013 Stimmen und Standpunkte lokaler Bundestagskandidaten\"}]},{\"@type\":\"WebSite\",\"@id\":\"https:\\\/\\\/aktuelles.uni-frankfurt.de\\\/#website\",\"url\":\"https:\\\/\\\/aktuelles.uni-frankfurt.de\\\/\",\"name\":\"Aktuelles aus der Goethe-Universit\u00e4t Frankfurt\",\"description\":\"Aktuelles aus der Goethe-Universit\u00e4t | Neues aus Forschung, Lehre, Studium\",\"publisher\":{\"@id\":\"https:\\\/\\\/aktuelles.uni-frankfurt.de\\\/#organization\"},\"potentialAction\":[{\"@type\":\"SearchAction\",\"target\":{\"@type\":\"EntryPoint\",\"urlTemplate\":\"https:\\\/\\\/aktuelles.uni-frankfurt.de\\\/?s={search_term_string}\"},\"query-input\":{\"@type\":\"PropertyValueSpecification\",\"valueRequired\":true,\"valueName\":\"search_term_string\"}}],\"inLanguage\":\"en-GB\"},{\"@type\":\"Organization\",\"@id\":\"https:\\\/\\\/aktuelles.uni-frankfurt.de\\\/#organization\",\"name\":\"Goethe-Universit\u00e4t\",\"url\":\"https:\\\/\\\/aktuelles.uni-frankfurt.de\\\/\",\"logo\":{\"@type\":\"ImageObject\",\"inLanguage\":\"en-GB\",\"@id\":\"https:\\\/\\\/aktuelles.uni-frankfurt.de\\\/#\\\/schema\\\/logo\\\/image\\\/\",\"url\":\"https:\\\/\\\/aktuelles.uni-frankfurt.de\\\/wp-content\\\/uploads\\\/2022\\\/03\\\/800px-Goethe-Logo.png\",\"contentUrl\":\"https:\\\/\\\/aktuelles.uni-frankfurt.de\\\/wp-content\\\/uploads\\\/2022\\\/03\\\/800px-Goethe-Logo.png\",\"width\":800,\"height\":436,\"caption\":\"Goethe-Universit\u00e4t\"},\"image\":{\"@id\":\"https:\\\/\\\/aktuelles.uni-frankfurt.de\\\/#\\\/schema\\\/logo\\\/image\\\/\"}},{\"@type\":\"Person\",\"@id\":\"https:\\\/\\\/aktuelles.uni-frankfurt.de\\\/#\\\/schema\\\/person\\\/8e55ea338fb65d1ce87a91565d1f1739\",\"name\":\"-\",\"description\":\"Dieser Beitrag wurde von der Online-Redaktion ver\u00f6ffentlicht. Wenn der Beitrag von einem Gastautoren verfasst wurde, findet sich dieser Hinweis am Ende des jeweiligen Artikels.\",\"sameAs\":[\"http:\\\/\\\/aktuelles.uni-frankfurt.de\\\/autoren\"],\"url\":\"https:\\\/\\\/aktuelles.uni-frankfurt.de\\\/en\\\/author\\\/redaktion\\\/\"}]}<\/script>\n<!-- \/ Yoast SEO plugin. -->","yoast_head_json":{"title":"Studierende organisieren Podiumsdiskussion: Frankfurt w\u00e4hlt \u2013 Stimmen und Standpunkte lokaler Bundestagskandidaten | Aktuelles aus der Goethe-Universit\u00e4t Frankfurt","robots":{"index":"index","follow":"follow","max-snippet":"max-snippet:-1","max-image-preview":"max-image-preview:large","max-video-preview":"max-video-preview:-1"},"canonical":"https:\/\/aktuelles.uni-frankfurt.de\/en\/studium\/studierende-organisieren-podiumsdiskussion-frankfurt-waehlt-stimmen-und-standpunkte-lokaler-bundestagskandidaten\/","og_locale":"en_GB","og_type":"article","og_title":"Studierende organisieren Podiumsdiskussion: Frankfurt w\u00e4hlt \u2013 Stimmen und Standpunkte lokaler Bundestagskandidaten | Aktuelles aus der Goethe-Universit\u00e4t Frankfurt","og_description":"Am 25. Januar 2025 l\u00e4dt der gemeinn\u00fctzige Verein &#8222;peca e.V.&#8220;&nbsp; ins Massif Central im Bethmannhof in Frankfurt am Main ein: Von 15:00 bis 17:00 Uhr findet dort eine Podiumsdiskussion zur [&hellip;]","og_url":"https:\/\/aktuelles.uni-frankfurt.de\/en\/studium\/studierende-organisieren-podiumsdiskussion-frankfurt-waehlt-stimmen-und-standpunkte-lokaler-bundestagskandidaten\/","og_site_name":"Aktuelles aus der Goethe-Universit\u00e4t Frankfurt","article_published_time":"2025-01-23T15:16:00+00:00","article_modified_time":"2025-01-23T15:16:01+00:00","og_image":[{"width":650,"height":450,"url":"https:\/\/aktuelles.uni-frankfurt.de\/wp-content\/uploads\/2021\/10\/beitragsbild_allgemein-goethe-uni-webmagazin.jpg","type":"image\/jpeg"}],"author":"-","twitter_card":"summary_large_image","twitter_misc":{"Written by":"-","Estimated reading time":"1 minute"},"schema":{"@context":"https:\/\/schema.org","@graph":[{"@type":"Article","@id":"https:\/\/aktuelles.uni-frankfurt.de\/studium\/studierende-organisieren-podiumsdiskussion-frankfurt-waehlt-stimmen-und-standpunkte-lokaler-bundestagskandidaten\/#article","isPartOf":{"@id":"https:\/\/aktuelles.uni-frankfurt.de\/studium\/studierende-organisieren-podiumsdiskussion-frankfurt-waehlt-stimmen-und-standpunkte-lokaler-bundestagskandidaten\/"},"author":{"name":"-","@id":"https:\/\/aktuelles.uni-frankfurt.de\/#\/schema\/person\/8e55ea338fb65d1ce87a91565d1f1739"},"headline":"Studierende organisieren Podiumsdiskussion: Frankfurt w\u00e4hlt \u2013 Stimmen und Standpunkte lokaler Bundestagskandidaten","datePublished":"2025-01-23T15:16:00+00:00","dateModified":"2025-01-23T15:16:01+00:00","mainEntityOfPage":{"@id":"https:\/\/aktuelles.uni-frankfurt.de\/studium\/studierende-organisieren-podiumsdiskussion-frankfurt-waehlt-stimmen-und-standpunkte-lokaler-bundestagskandidaten\/"},"wordCount":154,"publisher":{"@id":"https:\/\/aktuelles.uni-frankfurt.de\/#organization"},"image":{"@id":"https:\/\/aktuelles.uni-frankfurt.de\/studium\/studierende-organisieren-podiumsdiskussion-frankfurt-waehlt-stimmen-und-standpunkte-lokaler-bundestagskandidaten\/#primaryimage"},"thumbnailUrl":"https:\/\/aktuelles.uni-frankfurt.de\/wp-content\/uploads\/2021\/10\/beitragsbild_allgemein-goethe-uni-webmagazin.jpg","articleSection":["Studium"],"inLanguage":"en-GB"},{"@type":"WebPage","@id":"https:\/\/aktuelles.uni-frankfurt.de\/studium\/studierende-organisieren-podiumsdiskussion-frankfurt-waehlt-stimmen-und-standpunkte-lokaler-bundestagskandidaten\/","url":"https:\/\/aktuelles.uni-frankfurt.de\/studium\/studierende-organisieren-podiumsdiskussion-frankfurt-waehlt-stimmen-und-standpunkte-lokaler-bundestagskandidaten\/","name":"Studierende organisieren Podiumsdiskussion: Frankfurt w\u00e4hlt \u2013 Stimmen und Standpunkte lokaler Bundestagskandidaten | Aktuelles aus der Goethe-Universit\u00e4t Frankfurt","isPartOf":{"@id":"https:\/\/aktuelles.uni-frankfurt.de\/#website"},"primaryImageOfPage":{"@id":"https:\/\/aktuelles.uni-frankfurt.de\/studium\/studierende-organisieren-podiumsdiskussion-frankfurt-waehlt-stimmen-und-standpunkte-lokaler-bundestagskandidaten\/#primaryimage"},"image":{"@id":"https:\/\/aktuelles.uni-frankfurt.de\/studium\/studierende-organisieren-podiumsdiskussion-frankfurt-waehlt-stimmen-und-standpunkte-lokaler-bundestagskandidaten\/#primaryimage"},"thumbnailUrl":"https:\/\/aktuelles.uni-frankfurt.de\/wp-content\/uploads\/2021\/10\/beitragsbild_allgemein-goethe-uni-webmagazin.jpg","datePublished":"2025-01-23T15:16:00+00:00","dateModified":"2025-01-23T15:16:01+00:00","breadcrumb":{"@id":"https:\/\/aktuelles.uni-frankfurt.de\/studium\/studierende-organisieren-podiumsdiskussion-frankfurt-waehlt-stimmen-und-standpunkte-lokaler-bundestagskandidaten\/#breadcrumb"},"inLanguage":"en-GB","potentialAction":[{"@type":"ReadAction","target":["https:\/\/aktuelles.uni-frankfurt.de\/studium\/studierende-organisieren-podiumsdiskussion-frankfurt-waehlt-stimmen-und-standpunkte-lokaler-bundestagskandidaten\/"]}]},{"@type":"ImageObject","inLanguage":"en-GB","@id":"https:\/\/aktuelles.uni-frankfurt.de\/studium\/studierende-organisieren-podiumsdiskussion-frankfurt-waehlt-stimmen-und-standpunkte-lokaler-bundestagskandidaten\/#primaryimage","url":"https:\/\/aktuelles.uni-frankfurt.de\/wp-content\/uploads\/2021\/10\/beitragsbild_allgemein-goethe-uni-webmagazin.jpg","contentUrl":"https:\/\/aktuelles.uni-frankfurt.de\/wp-content\/uploads\/2021\/10\/beitragsbild_allgemein-goethe-uni-webmagazin.jpg","width":650,"height":450},{"@type":"BreadcrumbList","@id":"https:\/\/aktuelles.uni-frankfurt.de\/studium\/studierende-organisieren-podiumsdiskussion-frankfurt-waehlt-stimmen-und-standpunkte-lokaler-bundestagskandidaten\/#breadcrumb","itemListElement":[{"@type":"ListItem","position":1,"name":"Startseite","item":"https:\/\/aktuelles.uni-frankfurt.de\/"},{"@type":"ListItem","position":2,"name":"Studierende organisieren Podiumsdiskussion: Frankfurt w\u00e4hlt \u2013 Stimmen und Standpunkte lokaler Bundestagskandidaten"}]},{"@type":"WebSite","@id":"https:\/\/aktuelles.uni-frankfurt.de\/#website","url":"https:\/\/aktuelles.uni-frankfurt.de\/","name":"Aktuelles aus der Goethe-Universit\u00e4t Frankfurt","description":"Aktuelles aus der Goethe-Universit\u00e4t | Neues aus Forschung, Lehre, Studium","publisher":{"@id":"https:\/\/aktuelles.uni-frankfurt.de\/#organization"},"potentialAction":[{"@type":"SearchAction","target":{"@type":"EntryPoint","urlTemplate":"https:\/\/aktuelles.uni-frankfurt.de\/?s={search_term_string}"},"query-input":{"@type":"PropertyValueSpecification","valueRequired":true,"valueName":"search_term_string"}}],"inLanguage":"en-GB"},{"@type":"Organization","@id":"https:\/\/aktuelles.uni-frankfurt.de\/#organization","name":"Goethe University Frankfurt","url":"https:\/\/aktuelles.uni-frankfurt.de\/","logo":{"@type":"ImageObject","inLanguage":"en-GB","@id":"https:\/\/aktuelles.uni-frankfurt.de\/#\/schema\/logo\/image\/","url":"https:\/\/aktuelles.uni-frankfurt.de\/wp-content\/uploads\/2022\/03\/800px-Goethe-Logo.png","contentUrl":"https:\/\/aktuelles.uni-frankfurt.de\/wp-content\/uploads\/2022\/03\/800px-Goethe-Logo.png","width":800,"height":436,"caption":"Goethe-Universit\u00e4t"},"image":{"@id":"https:\/\/aktuelles.uni-frankfurt.de\/#\/schema\/logo\/image\/"}},{"@type":"Person","@id":"https:\/\/aktuelles.uni-frankfurt.de\/#\/schema\/person\/8e55ea338fb65d1ce87a91565d1f1739","name":"-","description":"Dieser Beitrag wurde von der Online-Redaktion ver\u00f6ffentlicht. Wenn der Beitrag von einem Gastautoren verfasst wurde, findet sich dieser Hinweis am Ende des jeweiligen Artikels.","sameAs":["http:\/\/aktuelles.uni-frankfurt.de\/autoren"],"url":"https:\/\/aktuelles.uni-frankfurt.de\/en\/author\/redaktion\/"}]}},"_links":{"self":[{"href":"https:\/\/aktuelles.uni-frankfurt.de\/en\/wp-json\/wp\/v2\/posts\/82319","targetHints":{"allow":["GET"]}}],"collection":[{"href":"https:\/\/aktuelles.uni-frankfurt.de\/en\/wp-json\/wp\/v2\/posts"}],"about":[{"href":"https:\/\/aktuelles.uni-frankfurt.de\/en\/wp-json\/wp\/v2\/types\/post"}],"author":[{"embeddable":true,"href":"https:\/\/aktuelles.uni-frankfurt.de\/en\/wp-json\/wp\/v2\/users\/8"}],"replies":[{"embeddable":true,"href":"https:\/\/aktuelles.uni-frankfurt.de\/en\/wp-json\/wp\/v2\/comments?post=82319"}],"version-history":[{"count":0,"href":"https:\/\/aktuelles.uni-frankfurt.de\/en\/wp-json\/wp\/v2\/posts\/82319\/revisions"}],"wp:featuredmedia":[{"embeddable":true,"href":"https:\/\/aktuelles.uni-frankfurt.de\/en\/wp-json\/wp\/v2\/media\/53025"}],"wp:attachment":[{"href":"https:\/\/aktuelles.uni-frankfurt.de\/en\/wp-json\/wp\/v2\/media?parent=82319"}],"wp:term":[{"taxonomy":"category","embeddable":true,"href":"https:\/\/aktuelles.uni-frankfurt.de\/en\/wp-json\/wp\/v2\/categories?post=82319"},{"taxonomy":"post_tag","embeddable":true,"href":"https:\/\/aktuelles.uni-frankfurt.de\/en\/wp-json\/wp\/v2\/tags?post=82319"},{"taxonomy":"post_folder","embeddable":true,"href":"https:\/\/aktuelles.uni-frankfurt.de\/en\/wp-json\/wp\/v2\/post_folder?post=82319"}],"curies":[{"name":"wp","href":"https:\/\/api.w.org\/{rel}","templated":true}]}}