{"id":82440,"date":"2025-02-12T13:03:00","date_gmt":"2025-02-12T12:03:00","guid":{"rendered":"https:\/\/aktuelles.uni-frankfurt.de\/?p=82440"},"modified":"2025-02-07T15:49:06","modified_gmt":"2025-02-07T14:49:06","slug":"ein-aus-gepackt","status":"publish","type":"post","link":"https:\/\/aktuelles.uni-frankfurt.de\/en\/unireport\/ein-aus-gepackt\/","title":{"rendered":"ein\/aus gepackt"},"content":{"rendered":"<p><strong>Ein offener Ausstellungsraum f\u00fcr die Universit\u00e4t: Das Schopenhauer-Studio in der UB<\/strong><\/p>\n\n\n\n<figure class=\"wp-block-image alignleft size-full is-resized\"><img fetchpriority=\"high\" decoding=\"async\" width=\"650\" height=\"450\" src=\"https:\/\/aktuelles.uni-frankfurt.de\/wp-content\/uploads\/2025\/02\/beitragsbild-schopenhauer-studio-rauminstallation-650x450px.jpg\" alt=\"Buchpr\u00e4sentation bei \u00bbein\/aus gepackt. Die Kinderbuchsammlung Benjamin\u00ab, 2022.\" class=\"wp-image-82447\" style=\"width:520px\" srcset=\"https:\/\/aktuelles.uni-frankfurt.de\/wp-content\/uploads\/2025\/02\/beitragsbild-schopenhauer-studio-rauminstallation-650x450px.jpg 650w, https:\/\/aktuelles.uni-frankfurt.de\/wp-content\/uploads\/2025\/02\/beitragsbild-schopenhauer-studio-rauminstallation-650x450px-300x208.jpg 300w, https:\/\/aktuelles.uni-frankfurt.de\/wp-content\/uploads\/2025\/02\/beitragsbild-schopenhauer-studio-rauminstallation-650x450px-500x346.jpg 500w, https:\/\/aktuelles.uni-frankfurt.de\/wp-content\/uploads\/2025\/02\/beitragsbild-schopenhauer-studio-rauminstallation-650x450px-18x12.jpg 18w\" sizes=\"(max-width: 650px) 100vw, 650px\" \/><figcaption class=\"wp-element-caption\">Buchpr\u00e4sentation bei \u00bbein\/aus gepackt. Die Kinderbuchsammlung Benjamin\u00ab, 2022.<\/figcaption><\/figure>\n\n\n\n<p>Etwas verborgen im gro\u00dfen Geb\u00e4ude der Zentralbibliothek auf dem Campus Bockenheim: Nach dem Betreten lenkt das Haus mit dem gro\u00dfen Foyer die Blicke der Besucher*innen erstmal in eine andere Richtung. Man findet das Schopenhauer-Studio, wenn man sich im Erdgeschoss gleich am Eingang links h\u00e4lt. Am 22. Oktober 2019 er\u00f6ffnete die Universit\u00e4tsbibliothek mit dem Studio ihren neuen Kommunikations- und Ausstellungsraum f\u00fcr die Uni\u00adversit\u00e4t. Von Beginn an lag der Fokus des Raumes auf der Arbeit mit Sammlungen, Objekten und Archiven der Goethe-Universit\u00e4t. Ziel war und ist es, die Fragen und Herausforderungen zu pr\u00e4sentieren, die mit den Artefakten des kulturellen und wissenschaftlichen Erbes verbunden sind. Was die wenigsten wissen d\u00fcrften: Bereits bei der Planung und der Bibliothekser\u00f6ffnung an der Bockenheimer Warte im April 1965 hatte der ausf\u00fchrende Architekt Ferdinand Kramer diesen Raum als Ausstellungsfl\u00e4che geplant. Aber \u00fcber rund vier Jahrzehnte hinweg musste er aus Platzgr\u00fcnden anders genutzt werden.<\/p>\n\n\n\n<div style=\"height:20px\" aria-hidden=\"true\" class=\"wp-block-spacer\"><\/div>\n\n\n\n<h2 class=\"wp-block-heading\">Mehr als Schopenhauer<\/h2>\n\n\n\n<p>2019 konnte der Raum nun endlich zu seinen Wurzeln zur\u00fcckkehren. Bernhard Wirth, in der Universit\u00e4tsbibliothek unter anderem zust\u00e4ndig f\u00fcr den Ausbildungsbereich sowie die Leitung des Provenienzforschungsprojekts, dr\u00fcckt es so aus: \u201eKramers Idee einer Bibliothek als \u201aWerkstatt des Geistes\u2018 wird im Schopenhauer-Studio lebendig und erlebbar gemacht.\u201c<\/p>\n\n\n\n<p>Der Name des Studios k\u00f6nnte zur Annahme verleiten, dass dort m\u00f6glicherweise das Archiv Schopenhauers untergebracht w\u00e4re. Das ist aber nicht (mehr) der Fall, dieses befindet sich mittlerweile in einem anderen Teil der Zentralbibliothek. Aber die erste Ausstellung im Studio war dem Namensgeber gewidmet: \u201eSELBST DENKEN \u2013 200 Jahre Arthur Schopenhauers \u201aDie Welt als Wille und Vorstellung\u2018\u201c (Oktober 2019 bis Januar 2020).<\/p>\n\n\n\n<p>Die erste Ausstellung im Studio war also einer prominenten Sammlung gewidmet, der Impuls daf\u00fcr kam aus der Universit\u00e4ts\u00adbibliothek. In den f\u00fcnf Jahren seines Bestehens hat sich die Ausrichtung des Studios konzeptionell durchaus ver\u00e4ndert, res\u00fcmiert Judith Blume, Koordinatorin der Sammlungen an der Goethe-Universit\u00e4t: \u201eAm Anfang stand sicherlich noch die Besch\u00e4ftigung mit den Best\u00e4nden der Bibliothek und der Universit\u00e4t im Fokus, verbunden mit der Frage, wie ein kulturelles oder wissenschaftliches Ged\u00e4chtnis entsteht. Heute w\u00fcrden wir aber eher sagen: Der Raum ist ein Ausstellungsraum f\u00fcr Lehr- und Forschungsprojekte aus der Universit\u00e4t. Die k\u00f6nnen nat\u00fcrlich mit den Sammlungen verbunden sein und sind es auch oft, m\u00fcssen es aber nicht.\u201c Die Verbindung zu einem Lehr- oder Forschungsprojekt ist hingegen inzwischen eine Voraussetzung daf\u00fcr, dass eine Ausstellungsidee umgesetzt wird. Diese \u00d6ffnung des Ausstellungsraumes hin zur ganzen Goethe-Universit\u00e4t h\u00e4ngt zugleich mit dem ver\u00e4nderten Zielbild der Universit\u00e4tsbibliothek zusammen. Dort kann man unter dem Eintrag \u201eRaum\u201c Folgendes lesen: \u201eWir verstehen Bibliothek als physischen, digitalen und hybriden Raum, als Ort des individuellen wie des gemeinsamen Lernens und Lesens, des Arbeitens und Forschens. Es ist ein Ort der Vielfalt, der Kommunikation und der Begegnung sowie des trans- und interdisziplin\u00e4ren wissenschaftlichen Austauschs. Er dient der Wissensvermittlung und der Entwicklung sowie der Erprobung zukunftsrelevanter Schl\u00fcsselkompetenzen.\u201c *<\/p>\n\n\n\n<div style=\"height:20px\" aria-hidden=\"true\" class=\"wp-block-spacer\"><\/div>\n\n\n\n<h2 class=\"wp-block-heading\">Experimentierraum auch f\u00fcr Ausstellungs-Novizen<\/h2>\n\n\n\n<figure class=\"wp-block-image alignright size-full is-resized\"><img decoding=\"async\" width=\"650\" height=\"450\" src=\"https:\/\/aktuelles.uni-frankfurt.de\/wp-content\/uploads\/2025\/02\/beitragsbild-schopenhauer-studio-buchpraesentation-650x450px.jpg\" alt=\"Blick in die Rauminstallation zu Clemens Setz, 2023.\" class=\"wp-image-82448\" style=\"width:520px\" srcset=\"https:\/\/aktuelles.uni-frankfurt.de\/wp-content\/uploads\/2025\/02\/beitragsbild-schopenhauer-studio-buchpraesentation-650x450px.jpg 650w, https:\/\/aktuelles.uni-frankfurt.de\/wp-content\/uploads\/2025\/02\/beitragsbild-schopenhauer-studio-buchpraesentation-650x450px-300x208.jpg 300w, https:\/\/aktuelles.uni-frankfurt.de\/wp-content\/uploads\/2025\/02\/beitragsbild-schopenhauer-studio-buchpraesentation-650x450px-500x346.jpg 500w, https:\/\/aktuelles.uni-frankfurt.de\/wp-content\/uploads\/2025\/02\/beitragsbild-schopenhauer-studio-buchpraesentation-650x450px-18x12.jpg 18w\" sizes=\"(max-width: 650px) 100vw, 650px\" \/><figcaption class=\"wp-element-caption\">Blick in die Rauminstallation zu Clemens Setz, 2023.<\/figcaption><\/figure>\n\n\n\n<p>M\u00f6chte man exemplarisch eine der zahlreichen Ausstellungen, die nach \u201eSELBST DENKEN\u201c entstanden sind, herausgreifen, um das neue Konzept des Raumes zu erl\u00e4utern, bietet sich daf\u00fcr sicherlich \u201eReality Checkpoint. Clemens J. Setz gelesen\u201c an. Im Jahre 2023 \u00fcbernahm der \u00f6sterreichische Schriftsteller Clemens J. Setz die traditionsreiche Frankfurter Poetikdozentur. Begleitend zu den Vorlesungen und Seminaren mit Setz an der Goethe-Universit\u00e4t kuratierte eine Gruppe Studierender der Goethe-Universit\u00e4t die Ausstellung und erkundete dabei Lesarten des Absurden und auch unheimlich Vertrauten in Setz\u2019 Texten. Neben ausgew\u00e4hlten Texten und Zitaten wurden eine H\u00f6rstation, ein digitales Wiki, eine eigens f\u00fcr die Ausstellung kuratierte YouTube-Playlist des Autors selbst sowie ein Gem\u00e4lde und Manuskriptseiten von Clemens J. Setz ausgestellt. \u201eIm Schopenhauer-Studio k\u00f6nnen sich Studierende und nat\u00fcrlich auch Lehrende ausprobieren, die \u00fcber unterschiedliche Vorerfahrungen im Bereich Ausstellungen verf\u00fcgen. Das bedeutet nicht, dass wir keine professionellen Qualit\u00e4tsanspr\u00fcche anlegen. Aber es ist eben ein Experimentierraum, in dem Dinge ausprobiert werden d\u00fcrfen und sollen. Jessica Z\u00fclch, Koordinatorin der Veranstaltungen der Universit\u00e4tsbibliothek, erg\u00e4nzt: \u201eWir verf\u00fcgen zudem mit der Einrichtung des Raumes \u00fcber ein sehr flexibles Mobiliar, das modular einsetzbar ist. Auch mit den \u00adGer\u00e4ten der Medientechnik kann man eine Ausstellung sehr individuell gestalten. Der Ausstellungsraum kann dadurch sehr unterschiedlich aussehen.\u201c<\/p>\n\n\n\n<div style=\"height:20px\" aria-hidden=\"true\" class=\"wp-block-spacer\"><\/div>\n\n\n\n<h2 class=\"wp-block-heading\">Mitten in einem lebendigen Stadtteil<\/h2>\n\n\n\n<p>Zust\u00e4ndig f\u00fcr das Schopenhauer-Studio ist eine eigene AG als Planungs- und Durchf\u00fchrungseinheit \u2013 quer zur Organisationsstruktur der UB. \u201eWir sind im Kernteam nur sechs Leute, was nat\u00fcrlich bedeutet, dass unsere Ressourcen begrenzt sind. Die AG bietet den Ausstellenden zuerst einmal eine organisatorische, aber auch kuratorische Expertise und Beratung. Das Studio ist nicht nur als Ausstellungsraum gedacht, sondern ist als Kommunikationsraum auch offen f\u00fcr Vortr\u00e4ge und Workshops. \u201eBei den Themen sind wir da auch offener als bei den Ausstellungen, was den Bezug zur Universit\u00e4t angeht. So hatten wir beispielsweise im letzten Jahr drei Vortr\u00e4ge in Kooperation mit dem Physikalischen Verein, der sein 200-j\u00e4hriges Jubil\u00e4um feierte. Das hat gut geklappt und es gab gro\u00dfe Resonanz, sodass man schon f\u00fcr weitere Veranstaltungen bei uns angefragt hat\u201c, erkl\u00e4rt Bernhard Wirth. Jessica Z\u00fclch hebt die g\u00fcnstige Lage des Studios hervor: \u201eDie Vortr\u00e4ge im Schopenhauer-Studio wenden sich ja ausdr\u00fccklich auch an die B\u00fcrgerinnen und B\u00fcrger Frankfurts. Die UB liegt in Bockenheim mitten in einem lebendigen Stadtteil, zudem perfekt an den \u00f6ffentlichen Nahverkehr angebunden. Das ist sogar ein Vorteil gegen\u00fcber Veranstaltungen auf dem Campus Westend.\u201c<\/p>\n\n\n\n<p>Zum Schluss des Gespr\u00e4chs mit dem UniReport betont Judith Blume ausdr\u00fccklich: \u201eWir freuen uns \u00fcber alle Anfragen! Auch wenn wir nicht jedes Ausstellungs- oder Vortragsprojekt realisieren k\u00f6nnen, zudem f\u00fcr 2025 und 2026 bereits einiges geplant ist, versuchen wir, vieles m\u00f6glich zu machen. Wir wollen das Studio als einen niedrigschwelligen Ort auch jenen zur Verf\u00fcgung stellen, die noch nicht \u00fcber viel oder auch \u00fcber gar keine Ausstellungserfahrung verf\u00fcgen.\u201c<\/p>\n\n\n\n<div style=\"height:20px\" aria-hidden=\"true\" class=\"wp-block-spacer\"><\/div>\n\n\n\n<p class=\"has-background\" style=\"background-color:#eeeeee\">* Strategisches Zielbild 2032 der Universit\u00e4tsbibliothek Johann Christian Senckenberg, S. 3. <br><a href=\"https:\/\/www.ub.uni-frankfurt.de\/ueber\/dateien\/zielbild_2032.pdf\" target=\"_blank\" rel=\"noreferrer noopener\">https:\/\/www.ub.uni-frankfurt.de\/ueber\/dateien\/zielbild_2032.pdf<\/a><\/p>\n\n\n\n<div style=\"height:20px\" aria-hidden=\"true\" class=\"wp-block-spacer\"><\/div>\n\n\n\n<p class=\"has-background\" style=\"background-color:#eeeeee\"><strong>Das Schopenhauer-Studio<\/strong><br>Der multifunktionale Kommunikations- und Ausstellungsraum der Universit\u00e4tsbibliothek Frankfurt am Main bietet eine Infrastruktur zur \u00adPr\u00e4sentation von Forschungs- und Lehrprojekten an der Goethe-Universit\u00e4t. Seine modulare und moderne Ausstattung erm\u00f6glicht unterschiedliche Nutzungsszenarien f\u00fcr Ausstellungen unterschiedlicher Gr\u00f6\u00dfe, f\u00fcr Vortr\u00e4ge, Workshops und andere Veranstaltungsformate.<br><br><strong>Ausstattungsm\u00f6glichkeiten<\/strong><br>180 qm Fl\u00e4che<br>Ausstellungsmobiliar f\u00fcr bis zu 100 Objekte<br>Bestuhlung f\u00fcr bis zu 70 G\u00e4ste<br>Seminar- und Workshopausstattung<br>Medientechnik (55-Zoll-Monitor inkl. Soundanlage, Touchscreens, Beamer, H\u00f6rstation usw.)<br><br><strong>Unsere Services<\/strong><br>Bereitstellung einer flexiblen und modern ausgestatteten Infrastruktur<br>Begleitung und Unterst\u00fctzung in der Planung und Umsetzung<br>Unterst\u00fctzung bei der \u00d6ffentlichkeitsarbeit und dem Veranstaltungsmanagement<br>F\u00fchrungen auf Anfrage durch unsere Sammlungsexpert*innen (z. B. Arthur Schopenhauer, Ferdinand Kramer)<br><br><a href=\"https:\/\/www.ub.uni-frankfurt.de\/ausstellung\/raum.html\" target=\"_blank\" rel=\"noreferrer noopener\">Mehr zum Schopenhauer Studio \u2192<\/a><\/p>","protected":false},"excerpt":{"rendered":"<p>Ein offener Ausstellungsraum f\u00fcr die Universit\u00e4t: Das Schopenhauer-Studio in der UB Etwas verborgen im gro\u00dfen Geb\u00e4ude der Zentralbibliothek auf dem Campus Bockenheim: Nach dem Betreten lenkt das Haus mit dem [&hellip;]<\/p>\n","protected":false},"author":4,"featured_media":82448,"comment_status":"closed","ping_status":"closed","sticky":false,"template":"","format":"standard","meta":{"_eb_attr":"","_price":"","_stock":"","_tribe_ticket_header":"","_tribe_default_ticket_provider":"","_ticket_start_date":"","_ticket_end_date":"","_tribe_ticket_show_description":"","_tribe_ticket_show_not_going":false,"_tribe_ticket_use_global_stock":"","_tribe_ticket_global_stock_level":"","_global_stock_mode":"","_global_stock_cap":"","_tribe_rsvp_for_event":"","_tribe_ticket_going_count":"","_tribe_ticket_not_going_count":"","_tribe_tickets_list":"[]","_tribe_ticket_has_attendee_info_fields":false,"footnotes":""},"categories":[8,173],"tags":[396,145],"post_folder":[],"class_list":["post-82440","post","type-post","status-publish","format-standard","has-post-thumbnail","hentry","category-hochschule","category-unireport","tag-unireport-1-25","tag-universitaetsbibliothek"],"yoast_head":"<!-- This site is optimized with the Yoast SEO plugin v27.5 - https:\/\/yoast.com\/product\/yoast-seo-wordpress\/ -->\n<title>ein\/aus gepackt | Aktuelles aus der Goethe-Universit\u00e4t Frankfurt<\/title>\n<meta name=\"robots\" content=\"index, follow, max-snippet:-1, max-image-preview:large, max-video-preview:-1\" \/>\n<link rel=\"canonical\" href=\"https:\/\/aktuelles.uni-frankfurt.de\/en\/unireport\/ein-aus-gepackt\/\" \/>\n<meta property=\"og:locale\" content=\"en_GB\" \/>\n<meta property=\"og:type\" content=\"article\" \/>\n<meta property=\"og:title\" content=\"ein\/aus gepackt | Aktuelles aus der Goethe-Universit\u00e4t Frankfurt\" \/>\n<meta property=\"og:description\" content=\"Ein offener Ausstellungsraum f\u00fcr die Universit\u00e4t: Das Schopenhauer-Studio in der UB Etwas verborgen im gro\u00dfen Geb\u00e4ude der Zentralbibliothek auf dem Campus Bockenheim: Nach dem Betreten lenkt das Haus mit dem [&hellip;]\" \/>\n<meta property=\"og:url\" content=\"https:\/\/aktuelles.uni-frankfurt.de\/en\/unireport\/ein-aus-gepackt\/\" \/>\n<meta property=\"og:site_name\" content=\"Aktuelles aus der Goethe-Universit\u00e4t Frankfurt\" \/>\n<meta property=\"article:published_time\" content=\"2025-02-12T12:03:00+00:00\" \/>\n<meta property=\"og:image\" content=\"https:\/\/aktuelles.uni-frankfurt.de\/wp-content\/uploads\/2025\/02\/beitragsbild-schopenhauer-studio-buchpraesentation-650x450px.jpg\" \/>\n\t<meta property=\"og:image:width\" content=\"650\" \/>\n\t<meta property=\"og:image:height\" content=\"450\" \/>\n\t<meta property=\"og:image:type\" content=\"image\/jpeg\" \/>\n<meta name=\"author\" content=\"Dr. Dirk Frank\" \/>\n<meta name=\"twitter:card\" content=\"summary_large_image\" \/>\n<meta name=\"twitter:label1\" content=\"Written by\" \/>\n\t<meta name=\"twitter:data1\" content=\"Dr. Dirk Frank\" \/>\n\t<meta name=\"twitter:label2\" content=\"Estimated reading time\" \/>\n\t<meta name=\"twitter:data2\" content=\"6 minutes\" \/>\n<script type=\"application\/ld+json\" class=\"yoast-schema-graph\">{\"@context\":\"https:\\\/\\\/schema.org\",\"@graph\":[{\"@type\":\"Article\",\"@id\":\"https:\\\/\\\/aktuelles.uni-frankfurt.de\\\/unireport\\\/ein-aus-gepackt\\\/#article\",\"isPartOf\":{\"@id\":\"https:\\\/\\\/aktuelles.uni-frankfurt.de\\\/unireport\\\/ein-aus-gepackt\\\/\"},\"author\":{\"name\":\"Dr. Dirk Frank\",\"@id\":\"https:\\\/\\\/aktuelles.uni-frankfurt.de\\\/#\\\/schema\\\/person\\\/370c4588b49f66f89d917e8bd01f72b0\"},\"headline\":\"ein\\\/aus gepackt\",\"datePublished\":\"2025-02-12T12:03:00+00:00\",\"mainEntityOfPage\":{\"@id\":\"https:\\\/\\\/aktuelles.uni-frankfurt.de\\\/unireport\\\/ein-aus-gepackt\\\/\"},\"wordCount\":1158,\"publisher\":{\"@id\":\"https:\\\/\\\/aktuelles.uni-frankfurt.de\\\/#organization\"},\"image\":{\"@id\":\"https:\\\/\\\/aktuelles.uni-frankfurt.de\\\/unireport\\\/ein-aus-gepackt\\\/#primaryimage\"},\"thumbnailUrl\":\"https:\\\/\\\/aktuelles.uni-frankfurt.de\\\/wp-content\\\/uploads\\\/2025\\\/02\\\/beitragsbild-schopenhauer-studio-buchpraesentation-650x450px.jpg\",\"keywords\":[\"UniReport 1.25\",\"Universit\u00e4tsbibliothek\"],\"articleSection\":[\"Hochschule\",\"UniReport\"],\"inLanguage\":\"en-GB\"},{\"@type\":\"WebPage\",\"@id\":\"https:\\\/\\\/aktuelles.uni-frankfurt.de\\\/unireport\\\/ein-aus-gepackt\\\/\",\"url\":\"https:\\\/\\\/aktuelles.uni-frankfurt.de\\\/unireport\\\/ein-aus-gepackt\\\/\",\"name\":\"ein\\\/aus gepackt | Aktuelles aus der Goethe-Universit\u00e4t Frankfurt\",\"isPartOf\":{\"@id\":\"https:\\\/\\\/aktuelles.uni-frankfurt.de\\\/#website\"},\"primaryImageOfPage\":{\"@id\":\"https:\\\/\\\/aktuelles.uni-frankfurt.de\\\/unireport\\\/ein-aus-gepackt\\\/#primaryimage\"},\"image\":{\"@id\":\"https:\\\/\\\/aktuelles.uni-frankfurt.de\\\/unireport\\\/ein-aus-gepackt\\\/#primaryimage\"},\"thumbnailUrl\":\"https:\\\/\\\/aktuelles.uni-frankfurt.de\\\/wp-content\\\/uploads\\\/2025\\\/02\\\/beitragsbild-schopenhauer-studio-buchpraesentation-650x450px.jpg\",\"datePublished\":\"2025-02-12T12:03:00+00:00\",\"breadcrumb\":{\"@id\":\"https:\\\/\\\/aktuelles.uni-frankfurt.de\\\/unireport\\\/ein-aus-gepackt\\\/#breadcrumb\"},\"inLanguage\":\"en-GB\",\"potentialAction\":[{\"@type\":\"ReadAction\",\"target\":[\"https:\\\/\\\/aktuelles.uni-frankfurt.de\\\/unireport\\\/ein-aus-gepackt\\\/\"]}]},{\"@type\":\"ImageObject\",\"inLanguage\":\"en-GB\",\"@id\":\"https:\\\/\\\/aktuelles.uni-frankfurt.de\\\/unireport\\\/ein-aus-gepackt\\\/#primaryimage\",\"url\":\"https:\\\/\\\/aktuelles.uni-frankfurt.de\\\/wp-content\\\/uploads\\\/2025\\\/02\\\/beitragsbild-schopenhauer-studio-buchpraesentation-650x450px.jpg\",\"contentUrl\":\"https:\\\/\\\/aktuelles.uni-frankfurt.de\\\/wp-content\\\/uploads\\\/2025\\\/02\\\/beitragsbild-schopenhauer-studio-buchpraesentation-650x450px.jpg\",\"width\":650,\"height\":450,\"caption\":\"Blick in die Rauminstallation zu Clemens Setz, 2023.\"},{\"@type\":\"BreadcrumbList\",\"@id\":\"https:\\\/\\\/aktuelles.uni-frankfurt.de\\\/unireport\\\/ein-aus-gepackt\\\/#breadcrumb\",\"itemListElement\":[{\"@type\":\"ListItem\",\"position\":1,\"name\":\"Startseite\",\"item\":\"https:\\\/\\\/aktuelles.uni-frankfurt.de\\\/\"},{\"@type\":\"ListItem\",\"position\":2,\"name\":\"ein\\\/aus gepackt\"}]},{\"@type\":\"WebSite\",\"@id\":\"https:\\\/\\\/aktuelles.uni-frankfurt.de\\\/#website\",\"url\":\"https:\\\/\\\/aktuelles.uni-frankfurt.de\\\/\",\"name\":\"Aktuelles aus der Goethe-Universit\u00e4t Frankfurt\",\"description\":\"Aktuelles aus der Goethe-Universit\u00e4t | Neues aus Forschung, Lehre, Studium\",\"publisher\":{\"@id\":\"https:\\\/\\\/aktuelles.uni-frankfurt.de\\\/#organization\"},\"potentialAction\":[{\"@type\":\"SearchAction\",\"target\":{\"@type\":\"EntryPoint\",\"urlTemplate\":\"https:\\\/\\\/aktuelles.uni-frankfurt.de\\\/?s={search_term_string}\"},\"query-input\":{\"@type\":\"PropertyValueSpecification\",\"valueRequired\":true,\"valueName\":\"search_term_string\"}}],\"inLanguage\":\"en-GB\"},{\"@type\":\"Organization\",\"@id\":\"https:\\\/\\\/aktuelles.uni-frankfurt.de\\\/#organization\",\"name\":\"Goethe-Universit\u00e4t\",\"url\":\"https:\\\/\\\/aktuelles.uni-frankfurt.de\\\/\",\"logo\":{\"@type\":\"ImageObject\",\"inLanguage\":\"en-GB\",\"@id\":\"https:\\\/\\\/aktuelles.uni-frankfurt.de\\\/#\\\/schema\\\/logo\\\/image\\\/\",\"url\":\"https:\\\/\\\/aktuelles.uni-frankfurt.de\\\/wp-content\\\/uploads\\\/2022\\\/03\\\/800px-Goethe-Logo.png\",\"contentUrl\":\"https:\\\/\\\/aktuelles.uni-frankfurt.de\\\/wp-content\\\/uploads\\\/2022\\\/03\\\/800px-Goethe-Logo.png\",\"width\":800,\"height\":436,\"caption\":\"Goethe-Universit\u00e4t\"},\"image\":{\"@id\":\"https:\\\/\\\/aktuelles.uni-frankfurt.de\\\/#\\\/schema\\\/logo\\\/image\\\/\"}},{\"@type\":\"Person\",\"@id\":\"https:\\\/\\\/aktuelles.uni-frankfurt.de\\\/#\\\/schema\\\/person\\\/370c4588b49f66f89d917e8bd01f72b0\",\"name\":\"Dr. Dirk Frank\",\"description\":\"Dr. Dirk Frank, 49, ist seit 2012 Pressereferent an der Goethe-Universit\u00e4t. Der promovierte Literaturwissenschaftler ist stellvertretender Leiter der Abteilung Marketing und Kommunikation und f\u00fcr die Redaktion des UniReport zust\u00e4ndig.\",\"sameAs\":[\"http:\\\/\\\/aktuelles.uni-frankfurt.de\\\/\"],\"url\":\"https:\\\/\\\/aktuelles.uni-frankfurt.de\\\/en\\\/author\\\/dr-dirkfrank\\\/\"}]}<\/script>\n<!-- \/ Yoast SEO plugin. -->","yoast_head_json":{"title":"ein\/aus gepackt | Aktuelles aus der Goethe-Universit\u00e4t Frankfurt","robots":{"index":"index","follow":"follow","max-snippet":"max-snippet:-1","max-image-preview":"max-image-preview:large","max-video-preview":"max-video-preview:-1"},"canonical":"https:\/\/aktuelles.uni-frankfurt.de\/en\/unireport\/ein-aus-gepackt\/","og_locale":"en_GB","og_type":"article","og_title":"ein\/aus gepackt | Aktuelles aus der Goethe-Universit\u00e4t Frankfurt","og_description":"Ein offener Ausstellungsraum f\u00fcr die Universit\u00e4t: Das Schopenhauer-Studio in der UB Etwas verborgen im gro\u00dfen Geb\u00e4ude der Zentralbibliothek auf dem Campus Bockenheim: Nach dem Betreten lenkt das Haus mit dem [&hellip;]","og_url":"https:\/\/aktuelles.uni-frankfurt.de\/en\/unireport\/ein-aus-gepackt\/","og_site_name":"Aktuelles aus der Goethe-Universit\u00e4t Frankfurt","article_published_time":"2025-02-12T12:03:00+00:00","og_image":[{"width":650,"height":450,"url":"https:\/\/aktuelles.uni-frankfurt.de\/wp-content\/uploads\/2025\/02\/beitragsbild-schopenhauer-studio-buchpraesentation-650x450px.jpg","type":"image\/jpeg"}],"author":"Dr. Dirk Frank","twitter_card":"summary_large_image","twitter_misc":{"Written by":"Dr. Dirk Frank","Estimated reading time":"6 minutes"},"schema":{"@context":"https:\/\/schema.org","@graph":[{"@type":"Article","@id":"https:\/\/aktuelles.uni-frankfurt.de\/unireport\/ein-aus-gepackt\/#article","isPartOf":{"@id":"https:\/\/aktuelles.uni-frankfurt.de\/unireport\/ein-aus-gepackt\/"},"author":{"name":"Dr. Dirk Frank","@id":"https:\/\/aktuelles.uni-frankfurt.de\/#\/schema\/person\/370c4588b49f66f89d917e8bd01f72b0"},"headline":"ein\/aus gepackt","datePublished":"2025-02-12T12:03:00+00:00","mainEntityOfPage":{"@id":"https:\/\/aktuelles.uni-frankfurt.de\/unireport\/ein-aus-gepackt\/"},"wordCount":1158,"publisher":{"@id":"https:\/\/aktuelles.uni-frankfurt.de\/#organization"},"image":{"@id":"https:\/\/aktuelles.uni-frankfurt.de\/unireport\/ein-aus-gepackt\/#primaryimage"},"thumbnailUrl":"https:\/\/aktuelles.uni-frankfurt.de\/wp-content\/uploads\/2025\/02\/beitragsbild-schopenhauer-studio-buchpraesentation-650x450px.jpg","keywords":["UniReport 1.25","Universit\u00e4tsbibliothek"],"articleSection":["Hochschule","UniReport"],"inLanguage":"en-GB"},{"@type":"WebPage","@id":"https:\/\/aktuelles.uni-frankfurt.de\/unireport\/ein-aus-gepackt\/","url":"https:\/\/aktuelles.uni-frankfurt.de\/unireport\/ein-aus-gepackt\/","name":"ein\/aus gepackt | Aktuelles aus der Goethe-Universit\u00e4t Frankfurt","isPartOf":{"@id":"https:\/\/aktuelles.uni-frankfurt.de\/#website"},"primaryImageOfPage":{"@id":"https:\/\/aktuelles.uni-frankfurt.de\/unireport\/ein-aus-gepackt\/#primaryimage"},"image":{"@id":"https:\/\/aktuelles.uni-frankfurt.de\/unireport\/ein-aus-gepackt\/#primaryimage"},"thumbnailUrl":"https:\/\/aktuelles.uni-frankfurt.de\/wp-content\/uploads\/2025\/02\/beitragsbild-schopenhauer-studio-buchpraesentation-650x450px.jpg","datePublished":"2025-02-12T12:03:00+00:00","breadcrumb":{"@id":"https:\/\/aktuelles.uni-frankfurt.de\/unireport\/ein-aus-gepackt\/#breadcrumb"},"inLanguage":"en-GB","potentialAction":[{"@type":"ReadAction","target":["https:\/\/aktuelles.uni-frankfurt.de\/unireport\/ein-aus-gepackt\/"]}]},{"@type":"ImageObject","inLanguage":"en-GB","@id":"https:\/\/aktuelles.uni-frankfurt.de\/unireport\/ein-aus-gepackt\/#primaryimage","url":"https:\/\/aktuelles.uni-frankfurt.de\/wp-content\/uploads\/2025\/02\/beitragsbild-schopenhauer-studio-buchpraesentation-650x450px.jpg","contentUrl":"https:\/\/aktuelles.uni-frankfurt.de\/wp-content\/uploads\/2025\/02\/beitragsbild-schopenhauer-studio-buchpraesentation-650x450px.jpg","width":650,"height":450,"caption":"Blick in die Rauminstallation zu Clemens Setz, 2023."},{"@type":"BreadcrumbList","@id":"https:\/\/aktuelles.uni-frankfurt.de\/unireport\/ein-aus-gepackt\/#breadcrumb","itemListElement":[{"@type":"ListItem","position":1,"name":"Startseite","item":"https:\/\/aktuelles.uni-frankfurt.de\/"},{"@type":"ListItem","position":2,"name":"ein\/aus gepackt"}]},{"@type":"WebSite","@id":"https:\/\/aktuelles.uni-frankfurt.de\/#website","url":"https:\/\/aktuelles.uni-frankfurt.de\/","name":"Aktuelles aus der Goethe-Universit\u00e4t Frankfurt","description":"Aktuelles aus der Goethe-Universit\u00e4t | Neues aus Forschung, Lehre, Studium","publisher":{"@id":"https:\/\/aktuelles.uni-frankfurt.de\/#organization"},"potentialAction":[{"@type":"SearchAction","target":{"@type":"EntryPoint","urlTemplate":"https:\/\/aktuelles.uni-frankfurt.de\/?s={search_term_string}"},"query-input":{"@type":"PropertyValueSpecification","valueRequired":true,"valueName":"search_term_string"}}],"inLanguage":"en-GB"},{"@type":"Organization","@id":"https:\/\/aktuelles.uni-frankfurt.de\/#organization","name":"Goethe University Frankfurt","url":"https:\/\/aktuelles.uni-frankfurt.de\/","logo":{"@type":"ImageObject","inLanguage":"en-GB","@id":"https:\/\/aktuelles.uni-frankfurt.de\/#\/schema\/logo\/image\/","url":"https:\/\/aktuelles.uni-frankfurt.de\/wp-content\/uploads\/2022\/03\/800px-Goethe-Logo.png","contentUrl":"https:\/\/aktuelles.uni-frankfurt.de\/wp-content\/uploads\/2022\/03\/800px-Goethe-Logo.png","width":800,"height":436,"caption":"Goethe-Universit\u00e4t"},"image":{"@id":"https:\/\/aktuelles.uni-frankfurt.de\/#\/schema\/logo\/image\/"}},{"@type":"Person","@id":"https:\/\/aktuelles.uni-frankfurt.de\/#\/schema\/person\/370c4588b49f66f89d917e8bd01f72b0","name":"Dr. Dirk Frank","description":"Dr. Dirk Frank, 49, ist seit 2012 Pressereferent an der Goethe-Universit\u00e4t. Der promovierte Literaturwissenschaftler ist stellvertretender Leiter der Abteilung Marketing und Kommunikation und f\u00fcr die Redaktion des UniReport zust\u00e4ndig.","sameAs":["http:\/\/aktuelles.uni-frankfurt.de\/"],"url":"https:\/\/aktuelles.uni-frankfurt.de\/en\/author\/dr-dirkfrank\/"}]}},"_links":{"self":[{"href":"https:\/\/aktuelles.uni-frankfurt.de\/en\/wp-json\/wp\/v2\/posts\/82440","targetHints":{"allow":["GET"]}}],"collection":[{"href":"https:\/\/aktuelles.uni-frankfurt.de\/en\/wp-json\/wp\/v2\/posts"}],"about":[{"href":"https:\/\/aktuelles.uni-frankfurt.de\/en\/wp-json\/wp\/v2\/types\/post"}],"author":[{"embeddable":true,"href":"https:\/\/aktuelles.uni-frankfurt.de\/en\/wp-json\/wp\/v2\/users\/4"}],"replies":[{"embeddable":true,"href":"https:\/\/aktuelles.uni-frankfurt.de\/en\/wp-json\/wp\/v2\/comments?post=82440"}],"version-history":[{"count":0,"href":"https:\/\/aktuelles.uni-frankfurt.de\/en\/wp-json\/wp\/v2\/posts\/82440\/revisions"}],"wp:featuredmedia":[{"embeddable":true,"href":"https:\/\/aktuelles.uni-frankfurt.de\/en\/wp-json\/wp\/v2\/media\/82448"}],"wp:attachment":[{"href":"https:\/\/aktuelles.uni-frankfurt.de\/en\/wp-json\/wp\/v2\/media?parent=82440"}],"wp:term":[{"taxonomy":"category","embeddable":true,"href":"https:\/\/aktuelles.uni-frankfurt.de\/en\/wp-json\/wp\/v2\/categories?post=82440"},{"taxonomy":"post_tag","embeddable":true,"href":"https:\/\/aktuelles.uni-frankfurt.de\/en\/wp-json\/wp\/v2\/tags?post=82440"},{"taxonomy":"post_folder","embeddable":true,"href":"https:\/\/aktuelles.uni-frankfurt.de\/en\/wp-json\/wp\/v2\/post_folder?post=82440"}],"curies":[{"name":"wp","href":"https:\/\/api.w.org\/{rel}","templated":true}]}}