{"id":82746,"date":"2025-03-07T08:00:00","date_gmt":"2025-03-07T07:00:00","guid":{"rendered":"https:\/\/aktuelles.uni-frankfurt.de\/?p=82746"},"modified":"2025-04-22T09:38:26","modified_gmt":"2025-04-22T07:38:26","slug":"im-gespraech-mit-enno-ilka-uhde","status":"publish","type":"post","link":"https:\/\/aktuelles.uni-frankfurt.de\/en\/einblick\/im-gespraech-mit-enno-ilka-uhde\/","title":{"rendered":"Im Gespr\u00e4ch mit \u2026 Enno-Ilka Uhde"},"content":{"rendered":"<h4 class=\"wp-block-heading\">Performance-K\u00fcnstler<\/h4>\n\n\n\n<div style=\"height:20px\" aria-hidden=\"true\" class=\"wp-block-spacer\"><\/div>\n\n\n\n<figure class=\"wp-block-image alignleft size-large\"><img fetchpriority=\"high\" decoding=\"async\" width=\"500\" height=\"346\" src=\"https:\/\/aktuelles.uni-frankfurt.de\/wp-content\/uploads\/2025\/03\/Enno_Ilka_Uhde_Foto_Industrial_Theater-500x346.jpg\" alt=\"\" class=\"wp-image-82762\" srcset=\"https:\/\/aktuelles.uni-frankfurt.de\/wp-content\/uploads\/2025\/03\/Enno_Ilka_Uhde_Foto_Industrial_Theater-500x346.jpg 500w, https:\/\/aktuelles.uni-frankfurt.de\/wp-content\/uploads\/2025\/03\/Enno_Ilka_Uhde_Foto_Industrial_Theater-300x208.jpg 300w, https:\/\/aktuelles.uni-frankfurt.de\/wp-content\/uploads\/2025\/03\/Enno_Ilka_Uhde_Foto_Industrial_Theater-18x12.jpg 18w, https:\/\/aktuelles.uni-frankfurt.de\/wp-content\/uploads\/2025\/03\/Enno_Ilka_Uhde_Foto_Industrial_Theater.jpg 650w\" sizes=\"(max-width: 500px) 100vw, 500px\" \/><\/figure>\n\n\n\n<p><strong>Herr Uhde, der DFB feierte k\u00fcrzlich sein 125-j\u00e4hriges Jubil\u00e4um in Leipzig, und Sie inszenierten die Feierlichkeiten. Wie kam es zur Zusammenarbeit mit dem Deutschen Fu\u00dfball- Bund?<\/strong><\/p>\n\n\n\n<p>Alles begann mit Berti Vogts. Als Bundestrainer besuchte er eine meiner Inszenierungen im Europa-Park Rust und fragte, ob ich etwas f\u00fcr L\u00e4nderspiele entwickeln k\u00f6nnte. Seit 1997 bin ich dabei. Die Zusammenarbeit mit dem DFB bietet mir eine gro\u00dfartige B\u00fchne, um Kunst und Sport zu verbinden. Meine Arbeit bildet den Opener f\u00fcr die Nationalmannschaftsspiele, wie die Ouvert\u00fcre einer Oper, in der das Nachfolgende klar zu erkennen ist. Gleichzeitig ist es der Auftakt zu einem gro\u00dfen Spektakel, das ich visuell und emotional vorbereite.<\/p>\n\n\n\n<div style=\"height:20px\" aria-hidden=\"true\" class=\"wp-block-spacer\"><\/div>\n\n\n\n<p><strong>Ihre Inszenierungen wirken durchdacht und voller Symbolik. Welche philosophische Idee steckt dahinter?<\/strong><\/p>\n\n\n\n<p>Jede meiner Inszenierungen hat eine Grundidee, die \u00fcber den Anlass hinausweist. Es geht mir darum, Raum, Zeit und Klang zu einer Einheit zu verbinden \u2013 etwas, das Bedeutung schafft. In meinen Arbeiten versuche ich, den Raum so zu gestalten, dass er die Zeit f\u00fchlbar macht. Das ist die \u00bbRaumzeit\u00ab, die mich fasziniert \u2013 eine Verwandlung des Augenblicks in etwas Bleibendes. Und eines verbindet alle meine Werke: Sie stehen f\u00fcr Frieden und Freiheit.<\/p>\n\n\n\n<div style=\"height:20px\" aria-hidden=\"true\" class=\"wp-block-spacer\"><\/div>\n\n\n\n<p><strong>Wie beschreiben Sie Ihre Arbeit bei den Fu\u00dfballspielen der deutschen Nationalmannschaft?<\/strong><\/p>\n\n\n\n<p>F\u00fcr mich ist das eine Form der Performance-Kunst, die den Sport feiert. Es beginnt mit Jugendlichen, die riesige Flaggen \u00fcber das Spielfeld tragen, und setzt sich fort mit visuell beeindruckenden Installationen, die den Moment aufladen. Der magische Augenblick, bevor der Ball rollt, muss die Zuschauer ber\u00fchren. Die Spieler sollen eintauchen in dieses Bild \u2013 wie in eine Art Cover f\u00fcr das Spiel \u2013 nicht mehr, aber auch nicht weniger.<\/p>\n\n\n\n<div style=\"height:20px\" aria-hidden=\"true\" class=\"wp-block-spacer\"><\/div>\n\n\n\n<p><strong>Sie haben auch Shows f\u00fcr den Europa-Park Rust, Gro\u00dfinszenierungen f\u00fcr die UEFA Champions League und politische Veranstaltungen gestaltet. Was treibt Sie an?<\/strong><\/p>\n\n\n\n<p>Die Suche nach dem \u00bbmagic moment\u00ab, in dem alles zusammenkommt: Menschen, Raum, Klang und Botschaft. Jede Inszenierung verdichtet Erkenntnis \u2013 ein Druck, der sich im Werk entl\u00e4dt. Das treibt mich an, ob bei einer Champions-League-Er\u00f6ffnung oder dem 300. Geburtstag einer Stadt wie Karlsruhe.<\/p>\n\n\n\n<div style=\"height:20px\" aria-hidden=\"true\" class=\"wp-block-spacer\"><\/div>\n\n\n\n<p><strong>Ihre Inszenierungen sind oft pomp\u00f6s und voller gro\u00dfer Gesten. Manche kritisieren dies als zu kommerziell. Wie stehen Sie dazu?<\/strong><\/p>\n\n\n\n<p>Diese Kritik perlt an mir ab. Ich habe nie staatliche F\u00f6rderung erhalten. Alles ist selbst finanziert und mit pers\u00f6nlichem Risiko verbunden. F\u00fcr mich ist Kunst kein Selbstzweck, sondern ein Mittel, um Menschen zu ber\u00fchren \u2013 ob sie lachen, staunen oder nachdenken. Die gro\u00dfe Geste ist nur das Mittel, um diese Momente zu erzeugen.<\/p>\n\n\n\n<div style=\"height:20px\" aria-hidden=\"true\" class=\"wp-block-spacer\"><\/div>\n\n\n\n<p><strong>Wie begann Ihre Leidenschaft f\u00fcr Inszenierungen?<\/strong><\/p>\n\n\n\n<p>Es begann im Staatstheater Wiesbaden, als ich ein f\u00fcnfj\u00e4hriger Junge war. Der Moment, in dem sich der Vorhang hob und eine Welt aus Klang und Bild sichtbar wurde, hat mich f\u00fcr immer gepr\u00e4gt. Bereits als F\u00fcnfj\u00e4hriger schlich ich oft in die Oper \u2013 irgendwann kannte mich das Einlasspersonal. Die Oper war mein Zufluchtsort, mein M\u00e4rchenreich. Ich erinnere mich an die riesigen Kronleuchter, die samtbezogenen Sitze in der Staatsloge und vor allem an den Moment, wenn sich der Vorhang \u00f6ffnete. Dort, in der Oper, lernte ich, wie m\u00e4chtig Klang und Bild sein k\u00f6nnen. Es war die Geburtsstunde meines Traums, selbst Geschichten auf diese Weise zu erz\u00e4hlen. Mit 12 kannte ich alle Wagner-Opern auswendig. Sp\u00e4ter studierte ich Musik und Operngesang am Konservatorium in Wiesbaden, aber auch Philosophie und Politikwissenschaft an der Goethe- Universit\u00e4t Frankfurt. Diese Mischung aus Kunst und Theorie ist bis heute das Fundament meiner Arbeit.<\/p>\n\n\n\n<div style=\"height:20px\" aria-hidden=\"true\" class=\"wp-block-spacer\"><\/div>\n\n\n\n<p><strong>Was f\u00fchrte Sie als junger Mensch in die akademische Welt? Wie hat das Studium in Frankfurt Ihre Sicht auf die Kunst ver\u00e4ndert?<\/strong><\/p>\n\n\n\n<p>Mein Studium in Frankfurt war ein Abenteuer des Denkens. Ich wollte nicht nur die Kunst verstehen, sondern auch die Welt dahinter. An der Goethe-Universit\u00e4t habe ich Germanistik, Politikwissenschaft, Philosophie und Musikwissenschaft studiert. Frankfurt war in den 1970er Jahren ein intellektueller Schmelztiegel. Die kritische Theorie der Frankfurter Schule, Begegnungen mit Denkern wie Marcuse, Adorno oder Gadamer, das alles hat mich gepr\u00e4gt. Es war die perfekte Erg\u00e4nzung zu meiner k\u00fcnstlerischen Neigung. Kunst und Theorie wurden f\u00fcr mich untrennbar \u2013 die B\u00fchne wurde zum Ort, an dem ich Ideen sichtbar machen konnte.<\/p>\n\n\n\n<div style=\"height:20px\" aria-hidden=\"true\" class=\"wp-block-spacer\"><\/div>\n\n\n\n<p><strong>Zun\u00e4chst sind Sie aber Lehrer geworden. Wann begannen Sie, selbst zu inszenieren oder k\u00fcnstlerisch zu arbeiten?<\/strong><\/p>\n\n\n\n<p>W\u00e4hrend meines Studiums habe ich meine ersten Theaterprojekte umgesetzt. Ich leitete ein kritisches Schultheater, bei dem wir mit Sch\u00fclern politisch und gesellschaftlich brisante Themen auf die B\u00fchne brachten. Das Publikum war entweder begeistert oder entsetzt \u2013 genau das wollte ich. Au\u00dferdem war ich im Wiesbadener Knabenchor aktiv und habe meine Operngesangsausbildung am Konservatorium fortgef\u00fchrt. Diese Mischung aus Praxis und Theorie war entscheidend. Es hat mir gezeigt, dass Kunst immer auch eine Form des Diskurses ist \u2013 sie muss irritieren, bewegen, herausfordern.<\/p>\n\n\n\n<div style=\"height:20px\" aria-hidden=\"true\" class=\"wp-block-spacer\"><\/div>\n\n\n\n<p><strong>Wie beeinflussten Begegnungen mit Denkern wie Baudrillard und Derrida oder K\u00fcnstlern wie Claude Lanzmann Ihr Schaffen?<\/strong><\/p>\n\n\n\n<p>Diese Begegnungen waren wie Funken, die ein Feuer in mir entz\u00fcndet haben. Jean Baudrillard hat mir gezeigt, wie Bilder eine eigene Realit\u00e4t erschaffen. Jacques Derrida hat mich gelehrt, die Strukturen von Sprache und Text zu hinterfragen. Und Claude Lanzmann, der Regisseur von \u00bbShoah\u00ab, hat mich tief ber\u00fchrt mit seiner F\u00e4higkeit, Geschichte in Bildern zu erz\u00e4hlen. Diese Menschen haben mich in meinem Verst\u00e4ndnis von Kunst best\u00e4rkt: Kunst muss Fragen stellen und Bedeutungen verdichten. Ihre Ideen flie\u00dfen bis heute in meine Arbeiten ein, sei es durch die Verwendung von Symbolen oder die Art, wie ich Raum und Zeit inszeniere.<\/p>\n\n\n\n<div style=\"height:20px\" aria-hidden=\"true\" class=\"wp-block-spacer\"><\/div>\n\n\n\n<p><strong>War die Entscheidung, sich der Inszenierung zu widmen, ein bewusster Schritt oder ein flie\u00dfender Prozess?<\/strong><\/p>\n\n\n\n<p>Es war ein flie\u00dfender Prozess. Meine Begeisterung f\u00fcr die Oper, mein Studium und meine fr\u00fchen Regiearbeiten haben mich wie von selbst in diese Richtung gef\u00fchrt. Ich erinnere mich an meinen ersten gro\u00dfen Auftrag, die Inszenierung von Sir Peter Ustinovs 70. Geburtstag bei der UNESCO in Paris. Das war der Moment, in dem ich begriff, dass ich eine Gabe habe, Momente zu gestalten, die Menschen ber\u00fchren. Ab da ging es Schlag auf Schlag \u2013 die Arbeit im Europa-Park, die Gro\u00dfinszenierungen f\u00fcr Sport und Industrie. Es f\u00fchlte sich an, als ob ich nur dem folge, was immer schon in mir war.<\/p>\n\n\n\n<div style=\"height:20px\" aria-hidden=\"true\" class=\"wp-block-spacer\"><\/div>\n\n\n\n<p><strong>Wenn Sie auf Ihre Anf\u00e4nge zur\u00fcckblicken, was haben Sie aus Ihrer Zeit in Frankfurt und Wiesbaden mitgenommen?<\/strong><\/p>\n\n\n\n<p>Die unb\u00e4ndige Neugier, die mich seit meiner Kindheit begleitet. In Wiesbaden lernte ich, mich von der Magie der Kunst verf\u00fchren zu lassen. In Frankfurt verstand ich, dass Kunst Teil eines gr\u00f6\u00dferen gesellschaftlichen Kontextes ist. Diese Elemente \u2013 Emotion und Reflexion \u2013 sind das Fundament meiner Arbeit. Bis heute vereine ich sie in jedem Projekt.<\/p>\n\n\n\n<p class=\"has-text-align-right\"><em>Das Interview f\u00fchrte Heike J\u00fcngst.<\/em><\/p>\n\n\n\n<p><\/p>","protected":false},"excerpt":{"rendered":"<p>Performance-K\u00fcnstler Herr Uhde, der DFB feierte k\u00fcrzlich sein 125-j\u00e4hriges Jubil\u00e4um in Leipzig, und Sie inszenierten die Feierlichkeiten. Wie kam es zur Zusammenarbeit mit dem Deutschen Fu\u00dfball- Bund? Alles begann mit [&hellip;]<\/p>\n","protected":false},"author":8,"featured_media":82762,"comment_status":"closed","ping_status":"closed","sticky":false,"template":"","format":"standard","meta":{"_eb_attr":"","_price":"","_stock":"","_tribe_ticket_header":"","_tribe_default_ticket_provider":"","_ticket_start_date":"","_ticket_end_date":"","_tribe_ticket_show_description":"","_tribe_ticket_show_not_going":false,"_tribe_ticket_use_global_stock":"","_tribe_ticket_global_stock_level":"","_global_stock_mode":"","_global_stock_cap":"","_tribe_rsvp_for_event":"","_tribe_ticket_going_count":"","_tribe_ticket_not_going_count":"","_tribe_tickets_list":"[]","_tribe_ticket_has_attendee_info_fields":false,"footnotes":""},"categories":[266],"tags":[80,400],"post_folder":[],"class_list":["post-82746","post","type-post","status-publish","format-standard","has-post-thumbnail","hentry","category-einblick","tag-alumni","tag-einblick-59"],"yoast_head":"<!-- This site is optimized with the Yoast SEO plugin v27.5 - https:\/\/yoast.com\/product\/yoast-seo-wordpress\/ -->\n<title>Im Gespr\u00e4ch mit \u2026 Enno-Ilka Uhde | Aktuelles aus der Goethe-Universit\u00e4t Frankfurt<\/title>\n<meta name=\"robots\" content=\"index, follow, max-snippet:-1, max-image-preview:large, max-video-preview:-1\" \/>\n<link rel=\"canonical\" href=\"https:\/\/aktuelles.uni-frankfurt.de\/en\/einblick\/im-gespraech-mit-enno-ilka-uhde\/\" \/>\n<meta property=\"og:locale\" content=\"en_GB\" \/>\n<meta property=\"og:type\" content=\"article\" \/>\n<meta property=\"og:title\" content=\"Im Gespr\u00e4ch mit \u2026 Enno-Ilka Uhde | Aktuelles aus der Goethe-Universit\u00e4t Frankfurt\" \/>\n<meta property=\"og:description\" content=\"Performance-K\u00fcnstler Herr Uhde, der DFB feierte k\u00fcrzlich sein 125-j\u00e4hriges Jubil\u00e4um in Leipzig, und Sie inszenierten die Feierlichkeiten. Wie kam es zur Zusammenarbeit mit dem Deutschen Fu\u00dfball- Bund? Alles begann mit [&hellip;]\" \/>\n<meta property=\"og:url\" content=\"https:\/\/aktuelles.uni-frankfurt.de\/en\/einblick\/im-gespraech-mit-enno-ilka-uhde\/\" \/>\n<meta property=\"og:site_name\" content=\"Aktuelles aus der Goethe-Universit\u00e4t Frankfurt\" \/>\n<meta property=\"article:published_time\" content=\"2025-03-07T07:00:00+00:00\" \/>\n<meta property=\"article:modified_time\" content=\"2025-04-22T07:38:26+00:00\" \/>\n<meta property=\"og:image\" content=\"https:\/\/aktuelles.uni-frankfurt.de\/wp-content\/uploads\/2025\/03\/Enno_Ilka_Uhde_Foto_Industrial_Theater.jpg\" \/>\n\t<meta property=\"og:image:width\" content=\"650\" \/>\n\t<meta property=\"og:image:height\" content=\"450\" \/>\n\t<meta property=\"og:image:type\" content=\"image\/jpeg\" \/>\n<meta name=\"author\" content=\"-\" \/>\n<meta name=\"twitter:card\" content=\"summary_large_image\" \/>\n<meta name=\"twitter:label1\" content=\"Written by\" \/>\n\t<meta name=\"twitter:data1\" content=\"-\" \/>\n\t<meta name=\"twitter:label2\" content=\"Estimated reading time\" \/>\n\t<meta name=\"twitter:data2\" content=\"6 minutes\" \/>\n<script type=\"application\/ld+json\" class=\"yoast-schema-graph\">{\"@context\":\"https:\\\/\\\/schema.org\",\"@graph\":[{\"@type\":\"Article\",\"@id\":\"https:\\\/\\\/aktuelles.uni-frankfurt.de\\\/einblick\\\/im-gespraech-mit-enno-ilka-uhde\\\/#article\",\"isPartOf\":{\"@id\":\"https:\\\/\\\/aktuelles.uni-frankfurt.de\\\/einblick\\\/im-gespraech-mit-enno-ilka-uhde\\\/\"},\"author\":{\"name\":\"-\",\"@id\":\"https:\\\/\\\/aktuelles.uni-frankfurt.de\\\/#\\\/schema\\\/person\\\/8e55ea338fb65d1ce87a91565d1f1739\"},\"headline\":\"Im Gespr\u00e4ch mit \u2026 Enno-Ilka Uhde\",\"datePublished\":\"2025-03-07T07:00:00+00:00\",\"dateModified\":\"2025-04-22T07:38:26+00:00\",\"mainEntityOfPage\":{\"@id\":\"https:\\\/\\\/aktuelles.uni-frankfurt.de\\\/einblick\\\/im-gespraech-mit-enno-ilka-uhde\\\/\"},\"wordCount\":1145,\"publisher\":{\"@id\":\"https:\\\/\\\/aktuelles.uni-frankfurt.de\\\/#organization\"},\"image\":{\"@id\":\"https:\\\/\\\/aktuelles.uni-frankfurt.de\\\/einblick\\\/im-gespraech-mit-enno-ilka-uhde\\\/#primaryimage\"},\"thumbnailUrl\":\"https:\\\/\\\/aktuelles.uni-frankfurt.de\\\/wp-content\\\/uploads\\\/2025\\\/03\\\/Enno_Ilka_Uhde_Foto_Industrial_Theater.jpg\",\"keywords\":[\"Alumni\",\"Einblick 59\"],\"articleSection\":[\"EinBlick\"],\"inLanguage\":\"en-GB\"},{\"@type\":\"WebPage\",\"@id\":\"https:\\\/\\\/aktuelles.uni-frankfurt.de\\\/einblick\\\/im-gespraech-mit-enno-ilka-uhde\\\/\",\"url\":\"https:\\\/\\\/aktuelles.uni-frankfurt.de\\\/einblick\\\/im-gespraech-mit-enno-ilka-uhde\\\/\",\"name\":\"Im Gespr\u00e4ch mit \u2026 Enno-Ilka Uhde | Aktuelles aus der Goethe-Universit\u00e4t Frankfurt\",\"isPartOf\":{\"@id\":\"https:\\\/\\\/aktuelles.uni-frankfurt.de\\\/#website\"},\"primaryImageOfPage\":{\"@id\":\"https:\\\/\\\/aktuelles.uni-frankfurt.de\\\/einblick\\\/im-gespraech-mit-enno-ilka-uhde\\\/#primaryimage\"},\"image\":{\"@id\":\"https:\\\/\\\/aktuelles.uni-frankfurt.de\\\/einblick\\\/im-gespraech-mit-enno-ilka-uhde\\\/#primaryimage\"},\"thumbnailUrl\":\"https:\\\/\\\/aktuelles.uni-frankfurt.de\\\/wp-content\\\/uploads\\\/2025\\\/03\\\/Enno_Ilka_Uhde_Foto_Industrial_Theater.jpg\",\"datePublished\":\"2025-03-07T07:00:00+00:00\",\"dateModified\":\"2025-04-22T07:38:26+00:00\",\"breadcrumb\":{\"@id\":\"https:\\\/\\\/aktuelles.uni-frankfurt.de\\\/einblick\\\/im-gespraech-mit-enno-ilka-uhde\\\/#breadcrumb\"},\"inLanguage\":\"en-GB\",\"potentialAction\":[{\"@type\":\"ReadAction\",\"target\":[\"https:\\\/\\\/aktuelles.uni-frankfurt.de\\\/einblick\\\/im-gespraech-mit-enno-ilka-uhde\\\/\"]}]},{\"@type\":\"ImageObject\",\"inLanguage\":\"en-GB\",\"@id\":\"https:\\\/\\\/aktuelles.uni-frankfurt.de\\\/einblick\\\/im-gespraech-mit-enno-ilka-uhde\\\/#primaryimage\",\"url\":\"https:\\\/\\\/aktuelles.uni-frankfurt.de\\\/wp-content\\\/uploads\\\/2025\\\/03\\\/Enno_Ilka_Uhde_Foto_Industrial_Theater.jpg\",\"contentUrl\":\"https:\\\/\\\/aktuelles.uni-frankfurt.de\\\/wp-content\\\/uploads\\\/2025\\\/03\\\/Enno_Ilka_Uhde_Foto_Industrial_Theater.jpg\",\"width\":650,\"height\":450},{\"@type\":\"BreadcrumbList\",\"@id\":\"https:\\\/\\\/aktuelles.uni-frankfurt.de\\\/einblick\\\/im-gespraech-mit-enno-ilka-uhde\\\/#breadcrumb\",\"itemListElement\":[{\"@type\":\"ListItem\",\"position\":1,\"name\":\"Startseite\",\"item\":\"https:\\\/\\\/aktuelles.uni-frankfurt.de\\\/\"},{\"@type\":\"ListItem\",\"position\":2,\"name\":\"Im Gespr\u00e4ch mit \u2026 Enno-Ilka Uhde\"}]},{\"@type\":\"WebSite\",\"@id\":\"https:\\\/\\\/aktuelles.uni-frankfurt.de\\\/#website\",\"url\":\"https:\\\/\\\/aktuelles.uni-frankfurt.de\\\/\",\"name\":\"Aktuelles aus der Goethe-Universit\u00e4t Frankfurt\",\"description\":\"Aktuelles aus der Goethe-Universit\u00e4t | Neues aus Forschung, Lehre, Studium\",\"publisher\":{\"@id\":\"https:\\\/\\\/aktuelles.uni-frankfurt.de\\\/#organization\"},\"potentialAction\":[{\"@type\":\"SearchAction\",\"target\":{\"@type\":\"EntryPoint\",\"urlTemplate\":\"https:\\\/\\\/aktuelles.uni-frankfurt.de\\\/?s={search_term_string}\"},\"query-input\":{\"@type\":\"PropertyValueSpecification\",\"valueRequired\":true,\"valueName\":\"search_term_string\"}}],\"inLanguage\":\"en-GB\"},{\"@type\":\"Organization\",\"@id\":\"https:\\\/\\\/aktuelles.uni-frankfurt.de\\\/#organization\",\"name\":\"Goethe-Universit\u00e4t\",\"url\":\"https:\\\/\\\/aktuelles.uni-frankfurt.de\\\/\",\"logo\":{\"@type\":\"ImageObject\",\"inLanguage\":\"en-GB\",\"@id\":\"https:\\\/\\\/aktuelles.uni-frankfurt.de\\\/#\\\/schema\\\/logo\\\/image\\\/\",\"url\":\"https:\\\/\\\/aktuelles.uni-frankfurt.de\\\/wp-content\\\/uploads\\\/2022\\\/03\\\/800px-Goethe-Logo.png\",\"contentUrl\":\"https:\\\/\\\/aktuelles.uni-frankfurt.de\\\/wp-content\\\/uploads\\\/2022\\\/03\\\/800px-Goethe-Logo.png\",\"width\":800,\"height\":436,\"caption\":\"Goethe-Universit\u00e4t\"},\"image\":{\"@id\":\"https:\\\/\\\/aktuelles.uni-frankfurt.de\\\/#\\\/schema\\\/logo\\\/image\\\/\"}},{\"@type\":\"Person\",\"@id\":\"https:\\\/\\\/aktuelles.uni-frankfurt.de\\\/#\\\/schema\\\/person\\\/8e55ea338fb65d1ce87a91565d1f1739\",\"name\":\"-\",\"description\":\"Dieser Beitrag wurde von der Online-Redaktion ver\u00f6ffentlicht. Wenn der Beitrag von einem Gastautoren verfasst wurde, findet sich dieser Hinweis am Ende des jeweiligen Artikels.\",\"sameAs\":[\"http:\\\/\\\/aktuelles.uni-frankfurt.de\\\/autoren\"],\"url\":\"https:\\\/\\\/aktuelles.uni-frankfurt.de\\\/en\\\/author\\\/redaktion\\\/\"}]}<\/script>\n<!-- \/ Yoast SEO plugin. -->","yoast_head_json":{"title":"Im Gespr\u00e4ch mit \u2026 Enno-Ilka Uhde | Aktuelles aus der Goethe-Universit\u00e4t Frankfurt","robots":{"index":"index","follow":"follow","max-snippet":"max-snippet:-1","max-image-preview":"max-image-preview:large","max-video-preview":"max-video-preview:-1"},"canonical":"https:\/\/aktuelles.uni-frankfurt.de\/en\/einblick\/im-gespraech-mit-enno-ilka-uhde\/","og_locale":"en_GB","og_type":"article","og_title":"Im Gespr\u00e4ch mit \u2026 Enno-Ilka Uhde | Aktuelles aus der Goethe-Universit\u00e4t Frankfurt","og_description":"Performance-K\u00fcnstler Herr Uhde, der DFB feierte k\u00fcrzlich sein 125-j\u00e4hriges Jubil\u00e4um in Leipzig, und Sie inszenierten die Feierlichkeiten. Wie kam es zur Zusammenarbeit mit dem Deutschen Fu\u00dfball- Bund? Alles begann mit [&hellip;]","og_url":"https:\/\/aktuelles.uni-frankfurt.de\/en\/einblick\/im-gespraech-mit-enno-ilka-uhde\/","og_site_name":"Aktuelles aus der Goethe-Universit\u00e4t Frankfurt","article_published_time":"2025-03-07T07:00:00+00:00","article_modified_time":"2025-04-22T07:38:26+00:00","og_image":[{"width":650,"height":450,"url":"https:\/\/aktuelles.uni-frankfurt.de\/wp-content\/uploads\/2025\/03\/Enno_Ilka_Uhde_Foto_Industrial_Theater.jpg","type":"image\/jpeg"}],"author":"-","twitter_card":"summary_large_image","twitter_misc":{"Written by":"-","Estimated reading time":"6 minutes"},"schema":{"@context":"https:\/\/schema.org","@graph":[{"@type":"Article","@id":"https:\/\/aktuelles.uni-frankfurt.de\/einblick\/im-gespraech-mit-enno-ilka-uhde\/#article","isPartOf":{"@id":"https:\/\/aktuelles.uni-frankfurt.de\/einblick\/im-gespraech-mit-enno-ilka-uhde\/"},"author":{"name":"-","@id":"https:\/\/aktuelles.uni-frankfurt.de\/#\/schema\/person\/8e55ea338fb65d1ce87a91565d1f1739"},"headline":"Im Gespr\u00e4ch mit \u2026 Enno-Ilka Uhde","datePublished":"2025-03-07T07:00:00+00:00","dateModified":"2025-04-22T07:38:26+00:00","mainEntityOfPage":{"@id":"https:\/\/aktuelles.uni-frankfurt.de\/einblick\/im-gespraech-mit-enno-ilka-uhde\/"},"wordCount":1145,"publisher":{"@id":"https:\/\/aktuelles.uni-frankfurt.de\/#organization"},"image":{"@id":"https:\/\/aktuelles.uni-frankfurt.de\/einblick\/im-gespraech-mit-enno-ilka-uhde\/#primaryimage"},"thumbnailUrl":"https:\/\/aktuelles.uni-frankfurt.de\/wp-content\/uploads\/2025\/03\/Enno_Ilka_Uhde_Foto_Industrial_Theater.jpg","keywords":["Alumni","Einblick 59"],"articleSection":["EinBlick"],"inLanguage":"en-GB"},{"@type":"WebPage","@id":"https:\/\/aktuelles.uni-frankfurt.de\/einblick\/im-gespraech-mit-enno-ilka-uhde\/","url":"https:\/\/aktuelles.uni-frankfurt.de\/einblick\/im-gespraech-mit-enno-ilka-uhde\/","name":"Im Gespr\u00e4ch mit \u2026 Enno-Ilka Uhde | Aktuelles aus der Goethe-Universit\u00e4t Frankfurt","isPartOf":{"@id":"https:\/\/aktuelles.uni-frankfurt.de\/#website"},"primaryImageOfPage":{"@id":"https:\/\/aktuelles.uni-frankfurt.de\/einblick\/im-gespraech-mit-enno-ilka-uhde\/#primaryimage"},"image":{"@id":"https:\/\/aktuelles.uni-frankfurt.de\/einblick\/im-gespraech-mit-enno-ilka-uhde\/#primaryimage"},"thumbnailUrl":"https:\/\/aktuelles.uni-frankfurt.de\/wp-content\/uploads\/2025\/03\/Enno_Ilka_Uhde_Foto_Industrial_Theater.jpg","datePublished":"2025-03-07T07:00:00+00:00","dateModified":"2025-04-22T07:38:26+00:00","breadcrumb":{"@id":"https:\/\/aktuelles.uni-frankfurt.de\/einblick\/im-gespraech-mit-enno-ilka-uhde\/#breadcrumb"},"inLanguage":"en-GB","potentialAction":[{"@type":"ReadAction","target":["https:\/\/aktuelles.uni-frankfurt.de\/einblick\/im-gespraech-mit-enno-ilka-uhde\/"]}]},{"@type":"ImageObject","inLanguage":"en-GB","@id":"https:\/\/aktuelles.uni-frankfurt.de\/einblick\/im-gespraech-mit-enno-ilka-uhde\/#primaryimage","url":"https:\/\/aktuelles.uni-frankfurt.de\/wp-content\/uploads\/2025\/03\/Enno_Ilka_Uhde_Foto_Industrial_Theater.jpg","contentUrl":"https:\/\/aktuelles.uni-frankfurt.de\/wp-content\/uploads\/2025\/03\/Enno_Ilka_Uhde_Foto_Industrial_Theater.jpg","width":650,"height":450},{"@type":"BreadcrumbList","@id":"https:\/\/aktuelles.uni-frankfurt.de\/einblick\/im-gespraech-mit-enno-ilka-uhde\/#breadcrumb","itemListElement":[{"@type":"ListItem","position":1,"name":"Startseite","item":"https:\/\/aktuelles.uni-frankfurt.de\/"},{"@type":"ListItem","position":2,"name":"Im Gespr\u00e4ch mit \u2026 Enno-Ilka Uhde"}]},{"@type":"WebSite","@id":"https:\/\/aktuelles.uni-frankfurt.de\/#website","url":"https:\/\/aktuelles.uni-frankfurt.de\/","name":"Aktuelles aus der Goethe-Universit\u00e4t Frankfurt","description":"Aktuelles aus der Goethe-Universit\u00e4t | Neues aus Forschung, Lehre, Studium","publisher":{"@id":"https:\/\/aktuelles.uni-frankfurt.de\/#organization"},"potentialAction":[{"@type":"SearchAction","target":{"@type":"EntryPoint","urlTemplate":"https:\/\/aktuelles.uni-frankfurt.de\/?s={search_term_string}"},"query-input":{"@type":"PropertyValueSpecification","valueRequired":true,"valueName":"search_term_string"}}],"inLanguage":"en-GB"},{"@type":"Organization","@id":"https:\/\/aktuelles.uni-frankfurt.de\/#organization","name":"Goethe University Frankfurt","url":"https:\/\/aktuelles.uni-frankfurt.de\/","logo":{"@type":"ImageObject","inLanguage":"en-GB","@id":"https:\/\/aktuelles.uni-frankfurt.de\/#\/schema\/logo\/image\/","url":"https:\/\/aktuelles.uni-frankfurt.de\/wp-content\/uploads\/2022\/03\/800px-Goethe-Logo.png","contentUrl":"https:\/\/aktuelles.uni-frankfurt.de\/wp-content\/uploads\/2022\/03\/800px-Goethe-Logo.png","width":800,"height":436,"caption":"Goethe-Universit\u00e4t"},"image":{"@id":"https:\/\/aktuelles.uni-frankfurt.de\/#\/schema\/logo\/image\/"}},{"@type":"Person","@id":"https:\/\/aktuelles.uni-frankfurt.de\/#\/schema\/person\/8e55ea338fb65d1ce87a91565d1f1739","name":"-","description":"Dieser Beitrag wurde von der Online-Redaktion ver\u00f6ffentlicht. Wenn der Beitrag von einem Gastautoren verfasst wurde, findet sich dieser Hinweis am Ende des jeweiligen Artikels.","sameAs":["http:\/\/aktuelles.uni-frankfurt.de\/autoren"],"url":"https:\/\/aktuelles.uni-frankfurt.de\/en\/author\/redaktion\/"}]}},"_links":{"self":[{"href":"https:\/\/aktuelles.uni-frankfurt.de\/en\/wp-json\/wp\/v2\/posts\/82746","targetHints":{"allow":["GET"]}}],"collection":[{"href":"https:\/\/aktuelles.uni-frankfurt.de\/en\/wp-json\/wp\/v2\/posts"}],"about":[{"href":"https:\/\/aktuelles.uni-frankfurt.de\/en\/wp-json\/wp\/v2\/types\/post"}],"author":[{"embeddable":true,"href":"https:\/\/aktuelles.uni-frankfurt.de\/en\/wp-json\/wp\/v2\/users\/8"}],"replies":[{"embeddable":true,"href":"https:\/\/aktuelles.uni-frankfurt.de\/en\/wp-json\/wp\/v2\/comments?post=82746"}],"version-history":[{"count":0,"href":"https:\/\/aktuelles.uni-frankfurt.de\/en\/wp-json\/wp\/v2\/posts\/82746\/revisions"}],"wp:featuredmedia":[{"embeddable":true,"href":"https:\/\/aktuelles.uni-frankfurt.de\/en\/wp-json\/wp\/v2\/media\/82762"}],"wp:attachment":[{"href":"https:\/\/aktuelles.uni-frankfurt.de\/en\/wp-json\/wp\/v2\/media?parent=82746"}],"wp:term":[{"taxonomy":"category","embeddable":true,"href":"https:\/\/aktuelles.uni-frankfurt.de\/en\/wp-json\/wp\/v2\/categories?post=82746"},{"taxonomy":"post_tag","embeddable":true,"href":"https:\/\/aktuelles.uni-frankfurt.de\/en\/wp-json\/wp\/v2\/tags?post=82746"},{"taxonomy":"post_folder","embeddable":true,"href":"https:\/\/aktuelles.uni-frankfurt.de\/en\/wp-json\/wp\/v2\/post_folder?post=82746"}],"curies":[{"name":"wp","href":"https:\/\/api.w.org\/{rel}","templated":true}]}}