{"id":82749,"date":"2025-03-07T08:00:00","date_gmt":"2025-03-07T07:00:00","guid":{"rendered":"https:\/\/aktuelles.uni-frankfurt.de\/?p=82749"},"modified":"2025-04-22T09:36:02","modified_gmt":"2025-04-22T07:36:02","slug":"die-welt-verstehen-mitten-in-frankfurt","status":"publish","type":"post","link":"https:\/\/aktuelles.uni-frankfurt.de\/en\/einblick\/die-welt-verstehen-mitten-in-frankfurt\/","title":{"rendered":"Die Welt verstehen &#8211; Mitten in Frankfurt"},"content":{"rendered":"<h4 class=\"wp-block-heading\">Mehr als ein Traditionsverein: Die Frankfurter Geographische Gesellschaft<\/h4>\n\n\n\n<figure class=\"wp-block-image alignleft size-large is-resized\"><img fetchpriority=\"high\" decoding=\"async\" width=\"500\" height=\"346\" src=\"https:\/\/aktuelles.uni-frankfurt.de\/wp-content\/uploads\/2025\/03\/FGG-Exkursion-Elsass-Foto-C.-Kersting-002-500x346.jpg\" alt=\"\" class=\"wp-image-82765\" style=\"width:433px;height:auto\" srcset=\"https:\/\/aktuelles.uni-frankfurt.de\/wp-content\/uploads\/2025\/03\/FGG-Exkursion-Elsass-Foto-C.-Kersting-002-500x346.jpg 500w, https:\/\/aktuelles.uni-frankfurt.de\/wp-content\/uploads\/2025\/03\/FGG-Exkursion-Elsass-Foto-C.-Kersting-002-300x208.jpg 300w, https:\/\/aktuelles.uni-frankfurt.de\/wp-content\/uploads\/2025\/03\/FGG-Exkursion-Elsass-Foto-C.-Kersting-002-18x12.jpg 18w, https:\/\/aktuelles.uni-frankfurt.de\/wp-content\/uploads\/2025\/03\/FGG-Exkursion-Elsass-Foto-C.-Kersting-002.jpg 650w\" sizes=\"(max-width: 500px) 100vw, 500px\" \/><\/figure>\n\n\n\n<p><strong>In Frankfurt am Main schl\u00e4gt das Herz einer der \u00e4ltesten geographischen Vereine der Welt: der Frankfurter Geographischen Gesellschaft (FGG). Ihre Wurzeln reichen zur\u00fcck bis zum 9. Dezember 1836, als eine Gruppe engagierter B\u00fcrger, Kaufleute und Gelehrter den \u00bbGeographischen Verein zu Frankfurt am Main\u00ab ins Leben rief. Inspiriert von den Visionen gro\u00dfer Denker wie Alexander von Humboldt (1769\u20131859) und Carl Ritter (1779\u20131869) war das Ziel damals wie heute klar: geographisches Wissen in die Gesellschaft zu tragen und einer breiten \u00d6ffentlichkeit zug\u00e4nglich zu machen.<\/strong><\/p>\n\n\n\n<p>Wissenschaftliche Erkenntnisse zu verbreiten, war von Anfang an eine zentrale Aufgabe der FGG. In den ersten 100 Jahren zog sie mit vielbeachteten Vortr\u00e4gen von Forschungsreisenden und Wissenschaftlern ein immer gr\u00f6\u00dfer werdendes Publikum an. In dieser Tradition pr\u00e4sentiert sich die FGG bis heute: Von Oktober bis M\u00e4rz bietet die FGG im Wintersemester eine spannende Vortragsreihe von Expertinnen und Experten zu wechselnden Themen an \u2013 aktuell stehen die \u00bbGeographien der Ungleichheit\u00ab im Mittelpunkt. \u00bbUnsere Gesellschaft ist ein lebendiges Bindeglied zwischen Wissenschaft und Gesellschaft \u2013 ein Fenster der Goethe-Universit\u00e4t f\u00fcr die interessierte \u00d6ffentlichkeit\u00ab, sagt Prof. J\u00fcrgen Runge, einer der drei Pr\u00e4sidenten der FGG.<\/p>\n\n\n\n<h4 class=\"wp-block-heading\">Impulse durch Vortr\u00e4ge und Exkursionen<\/h4>\n\n\n\n<p>In den Sommermonaten (April bis September) l\u00e4dt die Gesellschaft zu Exkursionen ein, die sowohl die n\u00e4here Umgebung als auch weiter entfernte Regionen erkunden. \u00bbWir wollen die Welt f\u00fcr unsere Mitglieder greifbarer machen \u2013 egal ob vor der eigenen Haust\u00fcr oder in weiter entfernten Regionen\u00ab, betont Lena Grieger, Generalsekret\u00e4rin der FGG. \u00bbMit unseren Exkursionen schaffen wir besondere Erlebnisse abseits der ausgetretenen Pfade.\u00ab<\/p>\n\n\n\n<h4 class=\"wp-block-heading\">Lebendiges Netzwerk<\/h4>\n\n\n\n<p>Die FGG ist mehr als ein Verein. Sie ist ein Netzwerk, das Wissenschaft und Menschen verbindet. Seit 1927 erscheinen die \u00bbFrankfurter Geographischen Hefte\u00ab, die den fachlichen Austausch f\u00f6rdern. Gleichzeitig baut die Gesellschaft Br\u00fccken zu anderen Geographischen Gesellschaften weltweit und pflegt den Kontakt zu Ehemaligen. Auch die Nachwuchsf\u00f6rderung steht im Blickpunkt: Berufsvorbereitende Workshops an der Goethe-Universit\u00e4t und Exkursionen tragen dazu bei, die n\u00e4chste Generation von Geographinnen und Geographen zu begeistern. Mit ihrem Engagement schl\u00e4gt die Frankfurter Geographische Gesellschaft eine Br\u00fccke zwischen den Instituten Humangeographie und Physische Geographie der Goethe-Universit\u00e4t und der geographieinteressierten Stadtgesellschaft. Damit bleibt sie ein wichtiger Akteur f\u00fcr regionale und internationale geographische Perspektiven \u2013 mitten in Frankfurt.<\/p>\n\n\n\n<p class=\"has-text-align-right\"><em>Autoren: Alicia B\u00f6hme und J\u00fcrgen Runge<\/em><\/p>","protected":false},"excerpt":{"rendered":"<p>Mehr als ein Traditionsverein: Die Frankfurter Geographische Gesellschaft In Frankfurt am Main schl\u00e4gt das Herz einer der \u00e4ltesten geographischen Vereine der Welt: der Frankfurter Geographischen Gesellschaft (FGG). Ihre Wurzeln reichen [&hellip;]<\/p>\n","protected":false},"author":8,"featured_media":82765,"comment_status":"closed","ping_status":"closed","sticky":false,"template":"","format":"standard","meta":{"_eb_attr":"","_price":"","_stock":"","_tribe_ticket_header":"","_tribe_default_ticket_provider":"","_ticket_start_date":"","_ticket_end_date":"","_tribe_ticket_show_description":"","_tribe_ticket_show_not_going":false,"_tribe_ticket_use_global_stock":"","_tribe_ticket_global_stock_level":"","_global_stock_mode":"","_global_stock_cap":"","_tribe_rsvp_for_event":"","_tribe_ticket_going_count":"","_tribe_ticket_not_going_count":"","_tribe_tickets_list":"[]","_tribe_ticket_has_attendee_info_fields":false,"footnotes":""},"categories":[266],"tags":[80,400],"post_folder":[],"class_list":["post-82749","post","type-post","status-publish","format-standard","has-post-thumbnail","hentry","category-einblick","tag-alumni","tag-einblick-59"],"yoast_head":"<!-- This site is optimized with the Yoast SEO plugin v27.5 - https:\/\/yoast.com\/product\/yoast-seo-wordpress\/ -->\n<title>Die Welt verstehen - Mitten in Frankfurt | Aktuelles aus der Goethe-Universit\u00e4t Frankfurt<\/title>\n<meta name=\"robots\" content=\"index, follow, max-snippet:-1, max-image-preview:large, max-video-preview:-1\" \/>\n<link rel=\"canonical\" href=\"https:\/\/aktuelles.uni-frankfurt.de\/en\/einblick\/die-welt-verstehen-mitten-in-frankfurt\/\" \/>\n<meta property=\"og:locale\" content=\"en_GB\" \/>\n<meta property=\"og:type\" content=\"article\" \/>\n<meta property=\"og:title\" content=\"Die Welt verstehen - Mitten in Frankfurt | Aktuelles aus der Goethe-Universit\u00e4t Frankfurt\" \/>\n<meta property=\"og:description\" content=\"Mehr als ein Traditionsverein: Die Frankfurter Geographische Gesellschaft In Frankfurt am Main schl\u00e4gt das Herz einer der \u00e4ltesten geographischen Vereine der Welt: der Frankfurter Geographischen Gesellschaft (FGG). Ihre Wurzeln reichen [&hellip;]\" \/>\n<meta property=\"og:url\" content=\"https:\/\/aktuelles.uni-frankfurt.de\/en\/einblick\/die-welt-verstehen-mitten-in-frankfurt\/\" \/>\n<meta property=\"og:site_name\" content=\"Aktuelles aus der Goethe-Universit\u00e4t Frankfurt\" \/>\n<meta property=\"article:published_time\" content=\"2025-03-07T07:00:00+00:00\" \/>\n<meta property=\"article:modified_time\" content=\"2025-04-22T07:36:02+00:00\" \/>\n<meta property=\"og:image\" content=\"https:\/\/aktuelles.uni-frankfurt.de\/wp-content\/uploads\/2025\/03\/FGG-Exkursion-Elsass-Foto-C.-Kersting-002.jpg\" \/>\n\t<meta property=\"og:image:width\" content=\"650\" \/>\n\t<meta property=\"og:image:height\" content=\"450\" \/>\n\t<meta property=\"og:image:type\" content=\"image\/jpeg\" \/>\n<meta name=\"author\" content=\"-\" \/>\n<meta name=\"twitter:card\" content=\"summary_large_image\" \/>\n<meta name=\"twitter:label1\" content=\"Written by\" \/>\n\t<meta name=\"twitter:data1\" content=\"-\" \/>\n\t<meta name=\"twitter:label2\" content=\"Estimated reading time\" \/>\n\t<meta name=\"twitter:data2\" content=\"2 minutes\" \/>\n<script type=\"application\/ld+json\" class=\"yoast-schema-graph\">{\"@context\":\"https:\\\/\\\/schema.org\",\"@graph\":[{\"@type\":\"Article\",\"@id\":\"https:\\\/\\\/aktuelles.uni-frankfurt.de\\\/einblick\\\/die-welt-verstehen-mitten-in-frankfurt\\\/#article\",\"isPartOf\":{\"@id\":\"https:\\\/\\\/aktuelles.uni-frankfurt.de\\\/einblick\\\/die-welt-verstehen-mitten-in-frankfurt\\\/\"},\"author\":{\"name\":\"-\",\"@id\":\"https:\\\/\\\/aktuelles.uni-frankfurt.de\\\/#\\\/schema\\\/person\\\/8e55ea338fb65d1ce87a91565d1f1739\"},\"headline\":\"Die Welt verstehen &#8211; Mitten in Frankfurt\",\"datePublished\":\"2025-03-07T07:00:00+00:00\",\"dateModified\":\"2025-04-22T07:36:02+00:00\",\"mainEntityOfPage\":{\"@id\":\"https:\\\/\\\/aktuelles.uni-frankfurt.de\\\/einblick\\\/die-welt-verstehen-mitten-in-frankfurt\\\/\"},\"wordCount\":399,\"publisher\":{\"@id\":\"https:\\\/\\\/aktuelles.uni-frankfurt.de\\\/#organization\"},\"image\":{\"@id\":\"https:\\\/\\\/aktuelles.uni-frankfurt.de\\\/einblick\\\/die-welt-verstehen-mitten-in-frankfurt\\\/#primaryimage\"},\"thumbnailUrl\":\"https:\\\/\\\/aktuelles.uni-frankfurt.de\\\/wp-content\\\/uploads\\\/2025\\\/03\\\/FGG-Exkursion-Elsass-Foto-C.-Kersting-002.jpg\",\"keywords\":[\"Alumni\",\"Einblick 59\"],\"articleSection\":[\"EinBlick\"],\"inLanguage\":\"en-GB\"},{\"@type\":\"WebPage\",\"@id\":\"https:\\\/\\\/aktuelles.uni-frankfurt.de\\\/einblick\\\/die-welt-verstehen-mitten-in-frankfurt\\\/\",\"url\":\"https:\\\/\\\/aktuelles.uni-frankfurt.de\\\/einblick\\\/die-welt-verstehen-mitten-in-frankfurt\\\/\",\"name\":\"Die Welt verstehen - Mitten in Frankfurt | Aktuelles aus der Goethe-Universit\u00e4t Frankfurt\",\"isPartOf\":{\"@id\":\"https:\\\/\\\/aktuelles.uni-frankfurt.de\\\/#website\"},\"primaryImageOfPage\":{\"@id\":\"https:\\\/\\\/aktuelles.uni-frankfurt.de\\\/einblick\\\/die-welt-verstehen-mitten-in-frankfurt\\\/#primaryimage\"},\"image\":{\"@id\":\"https:\\\/\\\/aktuelles.uni-frankfurt.de\\\/einblick\\\/die-welt-verstehen-mitten-in-frankfurt\\\/#primaryimage\"},\"thumbnailUrl\":\"https:\\\/\\\/aktuelles.uni-frankfurt.de\\\/wp-content\\\/uploads\\\/2025\\\/03\\\/FGG-Exkursion-Elsass-Foto-C.-Kersting-002.jpg\",\"datePublished\":\"2025-03-07T07:00:00+00:00\",\"dateModified\":\"2025-04-22T07:36:02+00:00\",\"breadcrumb\":{\"@id\":\"https:\\\/\\\/aktuelles.uni-frankfurt.de\\\/einblick\\\/die-welt-verstehen-mitten-in-frankfurt\\\/#breadcrumb\"},\"inLanguage\":\"en-GB\",\"potentialAction\":[{\"@type\":\"ReadAction\",\"target\":[\"https:\\\/\\\/aktuelles.uni-frankfurt.de\\\/einblick\\\/die-welt-verstehen-mitten-in-frankfurt\\\/\"]}]},{\"@type\":\"ImageObject\",\"inLanguage\":\"en-GB\",\"@id\":\"https:\\\/\\\/aktuelles.uni-frankfurt.de\\\/einblick\\\/die-welt-verstehen-mitten-in-frankfurt\\\/#primaryimage\",\"url\":\"https:\\\/\\\/aktuelles.uni-frankfurt.de\\\/wp-content\\\/uploads\\\/2025\\\/03\\\/FGG-Exkursion-Elsass-Foto-C.-Kersting-002.jpg\",\"contentUrl\":\"https:\\\/\\\/aktuelles.uni-frankfurt.de\\\/wp-content\\\/uploads\\\/2025\\\/03\\\/FGG-Exkursion-Elsass-Foto-C.-Kersting-002.jpg\",\"width\":650,\"height\":450},{\"@type\":\"BreadcrumbList\",\"@id\":\"https:\\\/\\\/aktuelles.uni-frankfurt.de\\\/einblick\\\/die-welt-verstehen-mitten-in-frankfurt\\\/#breadcrumb\",\"itemListElement\":[{\"@type\":\"ListItem\",\"position\":1,\"name\":\"Startseite\",\"item\":\"https:\\\/\\\/aktuelles.uni-frankfurt.de\\\/\"},{\"@type\":\"ListItem\",\"position\":2,\"name\":\"Die Welt verstehen &#8211; Mitten in Frankfurt\"}]},{\"@type\":\"WebSite\",\"@id\":\"https:\\\/\\\/aktuelles.uni-frankfurt.de\\\/#website\",\"url\":\"https:\\\/\\\/aktuelles.uni-frankfurt.de\\\/\",\"name\":\"Aktuelles aus der Goethe-Universit\u00e4t Frankfurt\",\"description\":\"Aktuelles aus der Goethe-Universit\u00e4t | Neues aus Forschung, Lehre, Studium\",\"publisher\":{\"@id\":\"https:\\\/\\\/aktuelles.uni-frankfurt.de\\\/#organization\"},\"potentialAction\":[{\"@type\":\"SearchAction\",\"target\":{\"@type\":\"EntryPoint\",\"urlTemplate\":\"https:\\\/\\\/aktuelles.uni-frankfurt.de\\\/?s={search_term_string}\"},\"query-input\":{\"@type\":\"PropertyValueSpecification\",\"valueRequired\":true,\"valueName\":\"search_term_string\"}}],\"inLanguage\":\"en-GB\"},{\"@type\":\"Organization\",\"@id\":\"https:\\\/\\\/aktuelles.uni-frankfurt.de\\\/#organization\",\"name\":\"Goethe-Universit\u00e4t\",\"url\":\"https:\\\/\\\/aktuelles.uni-frankfurt.de\\\/\",\"logo\":{\"@type\":\"ImageObject\",\"inLanguage\":\"en-GB\",\"@id\":\"https:\\\/\\\/aktuelles.uni-frankfurt.de\\\/#\\\/schema\\\/logo\\\/image\\\/\",\"url\":\"https:\\\/\\\/aktuelles.uni-frankfurt.de\\\/wp-content\\\/uploads\\\/2022\\\/03\\\/800px-Goethe-Logo.png\",\"contentUrl\":\"https:\\\/\\\/aktuelles.uni-frankfurt.de\\\/wp-content\\\/uploads\\\/2022\\\/03\\\/800px-Goethe-Logo.png\",\"width\":800,\"height\":436,\"caption\":\"Goethe-Universit\u00e4t\"},\"image\":{\"@id\":\"https:\\\/\\\/aktuelles.uni-frankfurt.de\\\/#\\\/schema\\\/logo\\\/image\\\/\"}},{\"@type\":\"Person\",\"@id\":\"https:\\\/\\\/aktuelles.uni-frankfurt.de\\\/#\\\/schema\\\/person\\\/8e55ea338fb65d1ce87a91565d1f1739\",\"name\":\"-\",\"description\":\"Dieser Beitrag wurde von der Online-Redaktion ver\u00f6ffentlicht. Wenn der Beitrag von einem Gastautoren verfasst wurde, findet sich dieser Hinweis am Ende des jeweiligen Artikels.\",\"sameAs\":[\"http:\\\/\\\/aktuelles.uni-frankfurt.de\\\/autoren\"],\"url\":\"https:\\\/\\\/aktuelles.uni-frankfurt.de\\\/en\\\/author\\\/redaktion\\\/\"}]}<\/script>\n<!-- \/ Yoast SEO plugin. -->","yoast_head_json":{"title":"Die Welt verstehen - Mitten in Frankfurt | Aktuelles aus der Goethe-Universit\u00e4t Frankfurt","robots":{"index":"index","follow":"follow","max-snippet":"max-snippet:-1","max-image-preview":"max-image-preview:large","max-video-preview":"max-video-preview:-1"},"canonical":"https:\/\/aktuelles.uni-frankfurt.de\/en\/einblick\/die-welt-verstehen-mitten-in-frankfurt\/","og_locale":"en_GB","og_type":"article","og_title":"Die Welt verstehen - Mitten in Frankfurt | Aktuelles aus der Goethe-Universit\u00e4t Frankfurt","og_description":"Mehr als ein Traditionsverein: Die Frankfurter Geographische Gesellschaft In Frankfurt am Main schl\u00e4gt das Herz einer der \u00e4ltesten geographischen Vereine der Welt: der Frankfurter Geographischen Gesellschaft (FGG). Ihre Wurzeln reichen [&hellip;]","og_url":"https:\/\/aktuelles.uni-frankfurt.de\/en\/einblick\/die-welt-verstehen-mitten-in-frankfurt\/","og_site_name":"Aktuelles aus der Goethe-Universit\u00e4t Frankfurt","article_published_time":"2025-03-07T07:00:00+00:00","article_modified_time":"2025-04-22T07:36:02+00:00","og_image":[{"width":650,"height":450,"url":"https:\/\/aktuelles.uni-frankfurt.de\/wp-content\/uploads\/2025\/03\/FGG-Exkursion-Elsass-Foto-C.-Kersting-002.jpg","type":"image\/jpeg"}],"author":"-","twitter_card":"summary_large_image","twitter_misc":{"Written by":"-","Estimated reading time":"2 minutes"},"schema":{"@context":"https:\/\/schema.org","@graph":[{"@type":"Article","@id":"https:\/\/aktuelles.uni-frankfurt.de\/einblick\/die-welt-verstehen-mitten-in-frankfurt\/#article","isPartOf":{"@id":"https:\/\/aktuelles.uni-frankfurt.de\/einblick\/die-welt-verstehen-mitten-in-frankfurt\/"},"author":{"name":"-","@id":"https:\/\/aktuelles.uni-frankfurt.de\/#\/schema\/person\/8e55ea338fb65d1ce87a91565d1f1739"},"headline":"Die Welt verstehen &#8211; Mitten in Frankfurt","datePublished":"2025-03-07T07:00:00+00:00","dateModified":"2025-04-22T07:36:02+00:00","mainEntityOfPage":{"@id":"https:\/\/aktuelles.uni-frankfurt.de\/einblick\/die-welt-verstehen-mitten-in-frankfurt\/"},"wordCount":399,"publisher":{"@id":"https:\/\/aktuelles.uni-frankfurt.de\/#organization"},"image":{"@id":"https:\/\/aktuelles.uni-frankfurt.de\/einblick\/die-welt-verstehen-mitten-in-frankfurt\/#primaryimage"},"thumbnailUrl":"https:\/\/aktuelles.uni-frankfurt.de\/wp-content\/uploads\/2025\/03\/FGG-Exkursion-Elsass-Foto-C.-Kersting-002.jpg","keywords":["Alumni","Einblick 59"],"articleSection":["EinBlick"],"inLanguage":"en-GB"},{"@type":"WebPage","@id":"https:\/\/aktuelles.uni-frankfurt.de\/einblick\/die-welt-verstehen-mitten-in-frankfurt\/","url":"https:\/\/aktuelles.uni-frankfurt.de\/einblick\/die-welt-verstehen-mitten-in-frankfurt\/","name":"Die Welt verstehen - Mitten in Frankfurt | Aktuelles aus der Goethe-Universit\u00e4t Frankfurt","isPartOf":{"@id":"https:\/\/aktuelles.uni-frankfurt.de\/#website"},"primaryImageOfPage":{"@id":"https:\/\/aktuelles.uni-frankfurt.de\/einblick\/die-welt-verstehen-mitten-in-frankfurt\/#primaryimage"},"image":{"@id":"https:\/\/aktuelles.uni-frankfurt.de\/einblick\/die-welt-verstehen-mitten-in-frankfurt\/#primaryimage"},"thumbnailUrl":"https:\/\/aktuelles.uni-frankfurt.de\/wp-content\/uploads\/2025\/03\/FGG-Exkursion-Elsass-Foto-C.-Kersting-002.jpg","datePublished":"2025-03-07T07:00:00+00:00","dateModified":"2025-04-22T07:36:02+00:00","breadcrumb":{"@id":"https:\/\/aktuelles.uni-frankfurt.de\/einblick\/die-welt-verstehen-mitten-in-frankfurt\/#breadcrumb"},"inLanguage":"en-GB","potentialAction":[{"@type":"ReadAction","target":["https:\/\/aktuelles.uni-frankfurt.de\/einblick\/die-welt-verstehen-mitten-in-frankfurt\/"]}]},{"@type":"ImageObject","inLanguage":"en-GB","@id":"https:\/\/aktuelles.uni-frankfurt.de\/einblick\/die-welt-verstehen-mitten-in-frankfurt\/#primaryimage","url":"https:\/\/aktuelles.uni-frankfurt.de\/wp-content\/uploads\/2025\/03\/FGG-Exkursion-Elsass-Foto-C.-Kersting-002.jpg","contentUrl":"https:\/\/aktuelles.uni-frankfurt.de\/wp-content\/uploads\/2025\/03\/FGG-Exkursion-Elsass-Foto-C.-Kersting-002.jpg","width":650,"height":450},{"@type":"BreadcrumbList","@id":"https:\/\/aktuelles.uni-frankfurt.de\/einblick\/die-welt-verstehen-mitten-in-frankfurt\/#breadcrumb","itemListElement":[{"@type":"ListItem","position":1,"name":"Startseite","item":"https:\/\/aktuelles.uni-frankfurt.de\/"},{"@type":"ListItem","position":2,"name":"Die Welt verstehen &#8211; Mitten in Frankfurt"}]},{"@type":"WebSite","@id":"https:\/\/aktuelles.uni-frankfurt.de\/#website","url":"https:\/\/aktuelles.uni-frankfurt.de\/","name":"Aktuelles aus der Goethe-Universit\u00e4t Frankfurt","description":"Aktuelles aus der Goethe-Universit\u00e4t | Neues aus Forschung, Lehre, Studium","publisher":{"@id":"https:\/\/aktuelles.uni-frankfurt.de\/#organization"},"potentialAction":[{"@type":"SearchAction","target":{"@type":"EntryPoint","urlTemplate":"https:\/\/aktuelles.uni-frankfurt.de\/?s={search_term_string}"},"query-input":{"@type":"PropertyValueSpecification","valueRequired":true,"valueName":"search_term_string"}}],"inLanguage":"en-GB"},{"@type":"Organization","@id":"https:\/\/aktuelles.uni-frankfurt.de\/#organization","name":"Goethe University Frankfurt","url":"https:\/\/aktuelles.uni-frankfurt.de\/","logo":{"@type":"ImageObject","inLanguage":"en-GB","@id":"https:\/\/aktuelles.uni-frankfurt.de\/#\/schema\/logo\/image\/","url":"https:\/\/aktuelles.uni-frankfurt.de\/wp-content\/uploads\/2022\/03\/800px-Goethe-Logo.png","contentUrl":"https:\/\/aktuelles.uni-frankfurt.de\/wp-content\/uploads\/2022\/03\/800px-Goethe-Logo.png","width":800,"height":436,"caption":"Goethe-Universit\u00e4t"},"image":{"@id":"https:\/\/aktuelles.uni-frankfurt.de\/#\/schema\/logo\/image\/"}},{"@type":"Person","@id":"https:\/\/aktuelles.uni-frankfurt.de\/#\/schema\/person\/8e55ea338fb65d1ce87a91565d1f1739","name":"-","description":"Dieser Beitrag wurde von der Online-Redaktion ver\u00f6ffentlicht. Wenn der Beitrag von einem Gastautoren verfasst wurde, findet sich dieser Hinweis am Ende des jeweiligen Artikels.","sameAs":["http:\/\/aktuelles.uni-frankfurt.de\/autoren"],"url":"https:\/\/aktuelles.uni-frankfurt.de\/en\/author\/redaktion\/"}]}},"_links":{"self":[{"href":"https:\/\/aktuelles.uni-frankfurt.de\/en\/wp-json\/wp\/v2\/posts\/82749","targetHints":{"allow":["GET"]}}],"collection":[{"href":"https:\/\/aktuelles.uni-frankfurt.de\/en\/wp-json\/wp\/v2\/posts"}],"about":[{"href":"https:\/\/aktuelles.uni-frankfurt.de\/en\/wp-json\/wp\/v2\/types\/post"}],"author":[{"embeddable":true,"href":"https:\/\/aktuelles.uni-frankfurt.de\/en\/wp-json\/wp\/v2\/users\/8"}],"replies":[{"embeddable":true,"href":"https:\/\/aktuelles.uni-frankfurt.de\/en\/wp-json\/wp\/v2\/comments?post=82749"}],"version-history":[{"count":0,"href":"https:\/\/aktuelles.uni-frankfurt.de\/en\/wp-json\/wp\/v2\/posts\/82749\/revisions"}],"wp:featuredmedia":[{"embeddable":true,"href":"https:\/\/aktuelles.uni-frankfurt.de\/en\/wp-json\/wp\/v2\/media\/82765"}],"wp:attachment":[{"href":"https:\/\/aktuelles.uni-frankfurt.de\/en\/wp-json\/wp\/v2\/media?parent=82749"}],"wp:term":[{"taxonomy":"category","embeddable":true,"href":"https:\/\/aktuelles.uni-frankfurt.de\/en\/wp-json\/wp\/v2\/categories?post=82749"},{"taxonomy":"post_tag","embeddable":true,"href":"https:\/\/aktuelles.uni-frankfurt.de\/en\/wp-json\/wp\/v2\/tags?post=82749"},{"taxonomy":"post_folder","embeddable":true,"href":"https:\/\/aktuelles.uni-frankfurt.de\/en\/wp-json\/wp\/v2\/post_folder?post=82749"}],"curies":[{"name":"wp","href":"https:\/\/api.w.org\/{rel}","templated":true}]}}