{"id":83453,"date":"2025-04-14T14:30:29","date_gmt":"2025-04-14T12:30:29","guid":{"rendered":"https:\/\/aktuelles.uni-frankfurt.de\/?p=83453"},"modified":"2025-04-14T14:30:30","modified_gmt":"2025-04-14T12:30:30","slug":"udo-corts-beendet-seine-amtszeit-im-hochschulrat-der-goethe-universitaet","status":"publish","type":"post","link":"https:\/\/aktuelles.uni-frankfurt.de\/en\/hochschule\/udo-corts-beendet-seine-amtszeit-im-hochschulrat-der-goethe-universitaet\/","title":{"rendered":"Udo Corts beendet seine Amtszeit im Hochschulrat der Goethe-Universit\u00e4t"},"content":{"rendered":"<p><em>Vier Jahre f\u00fchrte der fr\u00fchere hessische Staatsminister f\u00fcr Wissenschaft und Kunst den Vorsitz im Aufsichtsorgan der Goethe-Universit\u00e4t<\/em><\/p>\n\n\n\n<p><strong>Am 13. April 2025 endete das Mandat von Dr. h.c. Udo Corts als Hochschulratsmitglied und Vorsitzender des Hochschulrats der Goethe-Universit\u00e4t. Am 17. Mai 2021 einstimmig aus der Mitte des Hochschulrats gew\u00e4hlt, pr\u00e4gte Udo Corts vier Jahre lang die Entwicklung der Goethe-Universit\u00e4t mit viel Energie, Erfahrung und hochschulpolitischem Sachverstand.<\/strong><\/p>\n\n\n\n<p>Das Votum war eindeutig. Am 17. Mai 2021 w\u00e4hlten die Hochschulratsmitglieder der Goethe-Universit\u00e4t aus ihrer Mitte Udo Corts einstimmig mit einer Enthaltung zu ihrem Vorsitzenden. Die Aufgaben und Themen, bei denen Udo Corts der Goethe-Universit\u00e4t zusammen mit dem Hochschulrat als critical friend zuverl\u00e4ssig zur Seite stand, betrafen grundlegende Zukunftsfragen: Ausbau der Kooperationen in der Stadt und in der Region, erneuter Antrag im Rahmen der Exzellenzinitiative des Bundes, notwendige Schritte in Richtung Digitalisierung und Nachhaltigkeit, Lehren aus dem Hochschulbetrieb w\u00e4hrend der Pandemie, strukturelle Weiterentwicklung der Universit\u00e4t und zukunftssichere Ausgestaltung der Medizin.<\/p>\n\n\n\n<p>Udo Corts hat die Goethe-Universit\u00e4t als eine der gr\u00f6\u00dften und forschungsst\u00e4rksten Hochschulen in Deutschland vier Jahre lang auf ihrem Weg in die Zukunft mit seiner integrativen Art klug beraten und auch kritisch herausgefordert. Als Vorsitzender des Aufsichts- und Beratungsgremiums Hochschulrat begleitete er die Universit\u00e4t mit scharfem Verstand und war in zentralen Finanz-, Strategie- und Strukturfragen ein wichtiger Impulsgeber. Wichtig war ihm insbesondere auch die Zusammenarbeit innerhalb des Gremiums Hochschulrat \u2013 die Vermittlung von Selbstverst\u00e4ndnis, Verantwortung und Zielen war ihm zu jeder Zeit ein zentrales Anliegen. Auch eine kritisch-konstruktive Zusammenarbeit mit dem Pr\u00e4sidium und ein stets offenes Ohr f\u00fcr die Belange von Senatorinnen und Senatoren waren ihm wichtig.<\/p>\n\n\n\n<p>Der Pr\u00e4sident der Goethe-Universit\u00e4t, Enrico Schleiff, betont: \u201eDas Engagement von Herrn Dr. Corts als Hochschulratsvorsitzender und die Weitsicht und fundierte Kenntnis bei der Bewertung von Sachverhalten waren keinesfalls die gew\u00f6hnliche T\u00e4tigkeit eines Hochschulratsvorsitzenden. Ich danke Herrn Dr. Corts, der die Goethe-Universit\u00e4t \u00fcber vier Jahre als Hochschulratsvorsitzender engagiert und fachkundig begleitet hat, sehr herzlich f\u00fcr sein Wirken. Er hat die Entwicklung der Universit\u00e4t in der politisch wechselvollen Zeit, gepr\u00e4gt von multiplen Herausforderungen, entscheidend mitgepr\u00e4gt \u2013 als fr\u00fcherer hessischer Wissenschaftsminister war er wie kaum jemand mit den Herausforderungen und Potenzialen der Hochschullandschaft vertraut. Von seiner Expertise auf diesem Gebiet hat die Goethe-Universit\u00e4t ganz erheblich profitiert. Pers\u00f6nlich bedanke ich mich bei der stets kritischen und unterst\u00fctzenden Begleitung meiner Pr\u00e4sidentschaft und dem R\u00fcckhalt in herausfordernden Situationen.\u201c<\/p>\n\n\n\n<p>Wissenschaftsminister Timon Gremmels: \u201eUdo Corts\u2018 Amtszeit war von wertsch\u00e4tzendem Austausch gepr\u00e4gt \u2013 das gilt besonders f\u00fcr die Zusammenarbeit mit meinem Ministerium, aber auch f\u00fcr seine Kommunikation in die Hochschule und die Frankfurter Stadtgesellschaft hinein. Mit gro\u00dfem hochschulpolitischem Sachverstand und seiner sachorientierten Art hat er sich erfolgreich f\u00fcr noch bessere Rahmenbedingungen f\u00fcr Forschung und Lehre eingesetzt. Ich danke ihm herzlich f\u00fcr seine hervorragende Arbeit.\u201c<\/p>\n\n\n\n<p>Besonders am Herzen lag Udo Corts stets die Aufgabe, die Goethe-Universit\u00e4t wie auch die anderen Hochschulen im Dialog mit der Stadtpolitik als wichtigen Standortfaktor f\u00fcr die Stadt Frankfurt am Main ins Bewusstsein zu bringen. Udo Corts, der dieses Jahr 70 Jahre alt geworden ist, m\u00f6chte die Aufgabe im Hochschulrat in j\u00fcngere Verantwortung \u00fcbergeben. Er ist und bleibt der Goethe-Universit\u00e4t eng verbunden; schlie\u00dflich pr\u00e4gte er die Geschicke der Goethe-Universit\u00e4t schon vor seiner Amtszeit als Hochschulratsvorsitzender in anderen Funktionen: Als Wissenschaftsminister in Hessen von 2003 bis 2008 begleitete er die Umwandlung der Goethe-Universit\u00e4t in eine Stiftung des \u00f6ffentlichen Rechts und initiierte das Hochschulentwicklungs- und Umbauprogramm HEUREKA sowie die Landesoffensive zur Entwicklung wissenschaftlich-\u00f6konomischer Exzellenz (LOEWE) \u2013 von beiden F\u00f6rderlinien konnte die Goethe-Universit\u00e4t f\u00fcr ihre Weiterentwicklung profitieren. Au\u00dferdem sa\u00df Udo Corts im Aufsichtsrat des Uniklinikums sowie im Vorstand der Vereinigung von Freunden und F\u00f6rderern der Goethe-Universit\u00e4t. Aktiv bleibt er weiterhin im Kuratorium des House of Finance.<\/p>\n\n\n\n<p>Ab 14.04.2025 \u00fcbernimmt der aktuelle stellvertretende Vorsitzende des Hochschulrats der Goethe-Universit\u00e4t, Philipp Jacks, hauptamtlicher DGB-Gesch\u00e4ftsf\u00fchrer f\u00fcr Frankfurt-Rhein-Main, kommissarisch den Vorsitz im Organ. Der Hochschulrat wird zeitnah einen neuen Vorsitzenden w\u00e4hlen.<\/p>\n\n\n\n<div style=\"height:20px\" aria-hidden=\"true\" class=\"wp-block-spacer\"><\/div>\n\n\n\n<p class=\"has-background\" style=\"background-color:#eeeeee\"><a href=\"https:\/\/www.uni-frankfurt.de\/hochschulrat\" target=\"_blank\" rel=\"noreferrer noopener\">Hochschulrat \u2192<\/a><\/p>","protected":false},"excerpt":{"rendered":"<p>Vier Jahre f\u00fchrte der fr\u00fchere hessische Staatsminister f\u00fcr Wissenschaft und Kunst den Vorsitz im Aufsichtsorgan der Goethe-Universit\u00e4t Am 13. April 2025 endete das Mandat von Dr. h.c. Udo Corts als [&hellip;]<\/p>\n","protected":false},"author":8,"featured_media":53025,"comment_status":"closed","ping_status":"closed","sticky":false,"template":"","format":"standard","meta":{"_eb_attr":"","_price":"","_stock":"","_tribe_ticket_header":"","_tribe_default_ticket_provider":"","_ticket_start_date":"","_ticket_end_date":"","_tribe_ticket_show_description":"","_tribe_ticket_show_not_going":false,"_tribe_ticket_use_global_stock":"","_tribe_ticket_global_stock_level":"","_global_stock_mode":"","_global_stock_cap":"","_tribe_rsvp_for_event":"","_tribe_ticket_going_count":"","_tribe_ticket_not_going_count":"","_tribe_tickets_list":"[]","_tribe_ticket_has_attendee_info_fields":false,"footnotes":""},"categories":[8,6],"tags":[356],"post_folder":[],"class_list":["post-83453","post","type-post","status-publish","format-standard","has-post-thumbnail","hentry","category-hochschule","category-menschen","tag-universitaet"],"yoast_head":"<!-- This site is optimized with the Yoast SEO plugin v27.5 - https:\/\/yoast.com\/product\/yoast-seo-wordpress\/ -->\n<title>Udo Corts beendet seine Amtszeit im Hochschulrat der Goethe-Universit\u00e4t | Aktuelles aus der Goethe-Universit\u00e4t Frankfurt<\/title>\n<meta name=\"robots\" content=\"index, follow, max-snippet:-1, max-image-preview:large, max-video-preview:-1\" \/>\n<link rel=\"canonical\" href=\"https:\/\/aktuelles.uni-frankfurt.de\/en\/hochschule\/udo-corts-beendet-seine-amtszeit-im-hochschulrat-der-goethe-universitaet\/\" \/>\n<meta property=\"og:locale\" content=\"en_GB\" \/>\n<meta property=\"og:type\" content=\"article\" \/>\n<meta property=\"og:title\" content=\"Udo Corts beendet seine Amtszeit im Hochschulrat der Goethe-Universit\u00e4t | Aktuelles aus der Goethe-Universit\u00e4t Frankfurt\" \/>\n<meta property=\"og:description\" content=\"Vier Jahre f\u00fchrte der fr\u00fchere hessische Staatsminister f\u00fcr Wissenschaft und Kunst den Vorsitz im Aufsichtsorgan der Goethe-Universit\u00e4t Am 13. April 2025 endete das Mandat von Dr. h.c. Udo Corts als [&hellip;]\" \/>\n<meta property=\"og:url\" content=\"https:\/\/aktuelles.uni-frankfurt.de\/en\/hochschule\/udo-corts-beendet-seine-amtszeit-im-hochschulrat-der-goethe-universitaet\/\" \/>\n<meta property=\"og:site_name\" content=\"Aktuelles aus der Goethe-Universit\u00e4t Frankfurt\" \/>\n<meta property=\"article:published_time\" content=\"2025-04-14T12:30:29+00:00\" \/>\n<meta property=\"article:modified_time\" content=\"2025-04-14T12:30:30+00:00\" \/>\n<meta property=\"og:image\" content=\"https:\/\/aktuelles.uni-frankfurt.de\/wp-content\/uploads\/2021\/10\/beitragsbild_allgemein-goethe-uni-webmagazin.jpg\" \/>\n\t<meta property=\"og:image:width\" content=\"650\" \/>\n\t<meta property=\"og:image:height\" content=\"450\" \/>\n\t<meta property=\"og:image:type\" content=\"image\/jpeg\" \/>\n<meta name=\"author\" content=\"-\" \/>\n<meta name=\"twitter:card\" content=\"summary_large_image\" \/>\n<meta name=\"twitter:label1\" content=\"Written by\" \/>\n\t<meta name=\"twitter:data1\" content=\"-\" \/>\n\t<meta name=\"twitter:label2\" content=\"Estimated reading time\" \/>\n\t<meta name=\"twitter:data2\" content=\"3 minutes\" \/>\n<script type=\"application\/ld+json\" class=\"yoast-schema-graph\">{\"@context\":\"https:\\\/\\\/schema.org\",\"@graph\":[{\"@type\":\"Article\",\"@id\":\"https:\\\/\\\/aktuelles.uni-frankfurt.de\\\/hochschule\\\/udo-corts-beendet-seine-amtszeit-im-hochschulrat-der-goethe-universitaet\\\/#article\",\"isPartOf\":{\"@id\":\"https:\\\/\\\/aktuelles.uni-frankfurt.de\\\/hochschule\\\/udo-corts-beendet-seine-amtszeit-im-hochschulrat-der-goethe-universitaet\\\/\"},\"author\":{\"name\":\"-\",\"@id\":\"https:\\\/\\\/aktuelles.uni-frankfurt.de\\\/#\\\/schema\\\/person\\\/8e55ea338fb65d1ce87a91565d1f1739\"},\"headline\":\"Udo Corts beendet seine Amtszeit im Hochschulrat der Goethe-Universit\u00e4t\",\"datePublished\":\"2025-04-14T12:30:29+00:00\",\"dateModified\":\"2025-04-14T12:30:30+00:00\",\"mainEntityOfPage\":{\"@id\":\"https:\\\/\\\/aktuelles.uni-frankfurt.de\\\/hochschule\\\/udo-corts-beendet-seine-amtszeit-im-hochschulrat-der-goethe-universitaet\\\/\"},\"wordCount\":692,\"publisher\":{\"@id\":\"https:\\\/\\\/aktuelles.uni-frankfurt.de\\\/#organization\"},\"image\":{\"@id\":\"https:\\\/\\\/aktuelles.uni-frankfurt.de\\\/hochschule\\\/udo-corts-beendet-seine-amtszeit-im-hochschulrat-der-goethe-universitaet\\\/#primaryimage\"},\"thumbnailUrl\":\"https:\\\/\\\/aktuelles.uni-frankfurt.de\\\/wp-content\\\/uploads\\\/2021\\\/10\\\/beitragsbild_allgemein-goethe-uni-webmagazin.jpg\",\"keywords\":[\"Universit\u00e4t\"],\"articleSection\":[\"Hochschule\",\"Menschen\"],\"inLanguage\":\"en-GB\"},{\"@type\":\"WebPage\",\"@id\":\"https:\\\/\\\/aktuelles.uni-frankfurt.de\\\/hochschule\\\/udo-corts-beendet-seine-amtszeit-im-hochschulrat-der-goethe-universitaet\\\/\",\"url\":\"https:\\\/\\\/aktuelles.uni-frankfurt.de\\\/hochschule\\\/udo-corts-beendet-seine-amtszeit-im-hochschulrat-der-goethe-universitaet\\\/\",\"name\":\"Udo Corts beendet seine Amtszeit im Hochschulrat der Goethe-Universit\u00e4t | Aktuelles aus der Goethe-Universit\u00e4t Frankfurt\",\"isPartOf\":{\"@id\":\"https:\\\/\\\/aktuelles.uni-frankfurt.de\\\/#website\"},\"primaryImageOfPage\":{\"@id\":\"https:\\\/\\\/aktuelles.uni-frankfurt.de\\\/hochschule\\\/udo-corts-beendet-seine-amtszeit-im-hochschulrat-der-goethe-universitaet\\\/#primaryimage\"},\"image\":{\"@id\":\"https:\\\/\\\/aktuelles.uni-frankfurt.de\\\/hochschule\\\/udo-corts-beendet-seine-amtszeit-im-hochschulrat-der-goethe-universitaet\\\/#primaryimage\"},\"thumbnailUrl\":\"https:\\\/\\\/aktuelles.uni-frankfurt.de\\\/wp-content\\\/uploads\\\/2021\\\/10\\\/beitragsbild_allgemein-goethe-uni-webmagazin.jpg\",\"datePublished\":\"2025-04-14T12:30:29+00:00\",\"dateModified\":\"2025-04-14T12:30:30+00:00\",\"breadcrumb\":{\"@id\":\"https:\\\/\\\/aktuelles.uni-frankfurt.de\\\/hochschule\\\/udo-corts-beendet-seine-amtszeit-im-hochschulrat-der-goethe-universitaet\\\/#breadcrumb\"},\"inLanguage\":\"en-GB\",\"potentialAction\":[{\"@type\":\"ReadAction\",\"target\":[\"https:\\\/\\\/aktuelles.uni-frankfurt.de\\\/hochschule\\\/udo-corts-beendet-seine-amtszeit-im-hochschulrat-der-goethe-universitaet\\\/\"]}]},{\"@type\":\"ImageObject\",\"inLanguage\":\"en-GB\",\"@id\":\"https:\\\/\\\/aktuelles.uni-frankfurt.de\\\/hochschule\\\/udo-corts-beendet-seine-amtszeit-im-hochschulrat-der-goethe-universitaet\\\/#primaryimage\",\"url\":\"https:\\\/\\\/aktuelles.uni-frankfurt.de\\\/wp-content\\\/uploads\\\/2021\\\/10\\\/beitragsbild_allgemein-goethe-uni-webmagazin.jpg\",\"contentUrl\":\"https:\\\/\\\/aktuelles.uni-frankfurt.de\\\/wp-content\\\/uploads\\\/2021\\\/10\\\/beitragsbild_allgemein-goethe-uni-webmagazin.jpg\",\"width\":650,\"height\":450},{\"@type\":\"BreadcrumbList\",\"@id\":\"https:\\\/\\\/aktuelles.uni-frankfurt.de\\\/hochschule\\\/udo-corts-beendet-seine-amtszeit-im-hochschulrat-der-goethe-universitaet\\\/#breadcrumb\",\"itemListElement\":[{\"@type\":\"ListItem\",\"position\":1,\"name\":\"Startseite\",\"item\":\"https:\\\/\\\/aktuelles.uni-frankfurt.de\\\/\"},{\"@type\":\"ListItem\",\"position\":2,\"name\":\"Udo Corts beendet seine Amtszeit im Hochschulrat der Goethe-Universit\u00e4t\"}]},{\"@type\":\"WebSite\",\"@id\":\"https:\\\/\\\/aktuelles.uni-frankfurt.de\\\/#website\",\"url\":\"https:\\\/\\\/aktuelles.uni-frankfurt.de\\\/\",\"name\":\"Aktuelles aus der Goethe-Universit\u00e4t Frankfurt\",\"description\":\"Aktuelles aus der Goethe-Universit\u00e4t | Neues aus Forschung, Lehre, Studium\",\"publisher\":{\"@id\":\"https:\\\/\\\/aktuelles.uni-frankfurt.de\\\/#organization\"},\"potentialAction\":[{\"@type\":\"SearchAction\",\"target\":{\"@type\":\"EntryPoint\",\"urlTemplate\":\"https:\\\/\\\/aktuelles.uni-frankfurt.de\\\/?s={search_term_string}\"},\"query-input\":{\"@type\":\"PropertyValueSpecification\",\"valueRequired\":true,\"valueName\":\"search_term_string\"}}],\"inLanguage\":\"en-GB\"},{\"@type\":\"Organization\",\"@id\":\"https:\\\/\\\/aktuelles.uni-frankfurt.de\\\/#organization\",\"name\":\"Goethe-Universit\u00e4t\",\"url\":\"https:\\\/\\\/aktuelles.uni-frankfurt.de\\\/\",\"logo\":{\"@type\":\"ImageObject\",\"inLanguage\":\"en-GB\",\"@id\":\"https:\\\/\\\/aktuelles.uni-frankfurt.de\\\/#\\\/schema\\\/logo\\\/image\\\/\",\"url\":\"https:\\\/\\\/aktuelles.uni-frankfurt.de\\\/wp-content\\\/uploads\\\/2022\\\/03\\\/800px-Goethe-Logo.png\",\"contentUrl\":\"https:\\\/\\\/aktuelles.uni-frankfurt.de\\\/wp-content\\\/uploads\\\/2022\\\/03\\\/800px-Goethe-Logo.png\",\"width\":800,\"height\":436,\"caption\":\"Goethe-Universit\u00e4t\"},\"image\":{\"@id\":\"https:\\\/\\\/aktuelles.uni-frankfurt.de\\\/#\\\/schema\\\/logo\\\/image\\\/\"}},{\"@type\":\"Person\",\"@id\":\"https:\\\/\\\/aktuelles.uni-frankfurt.de\\\/#\\\/schema\\\/person\\\/8e55ea338fb65d1ce87a91565d1f1739\",\"name\":\"-\",\"description\":\"Dieser Beitrag wurde von der Online-Redaktion ver\u00f6ffentlicht. Wenn der Beitrag von einem Gastautoren verfasst wurde, findet sich dieser Hinweis am Ende des jeweiligen Artikels.\",\"sameAs\":[\"http:\\\/\\\/aktuelles.uni-frankfurt.de\\\/autoren\"],\"url\":\"https:\\\/\\\/aktuelles.uni-frankfurt.de\\\/en\\\/author\\\/redaktion\\\/\"}]}<\/script>\n<!-- \/ Yoast SEO plugin. -->","yoast_head_json":{"title":"Udo Corts beendet seine Amtszeit im Hochschulrat der Goethe-Universit\u00e4t | Aktuelles aus der Goethe-Universit\u00e4t Frankfurt","robots":{"index":"index","follow":"follow","max-snippet":"max-snippet:-1","max-image-preview":"max-image-preview:large","max-video-preview":"max-video-preview:-1"},"canonical":"https:\/\/aktuelles.uni-frankfurt.de\/en\/hochschule\/udo-corts-beendet-seine-amtszeit-im-hochschulrat-der-goethe-universitaet\/","og_locale":"en_GB","og_type":"article","og_title":"Udo Corts beendet seine Amtszeit im Hochschulrat der Goethe-Universit\u00e4t | Aktuelles aus der Goethe-Universit\u00e4t Frankfurt","og_description":"Vier Jahre f\u00fchrte der fr\u00fchere hessische Staatsminister f\u00fcr Wissenschaft und Kunst den Vorsitz im Aufsichtsorgan der Goethe-Universit\u00e4t Am 13. April 2025 endete das Mandat von Dr. h.c. Udo Corts als [&hellip;]","og_url":"https:\/\/aktuelles.uni-frankfurt.de\/en\/hochschule\/udo-corts-beendet-seine-amtszeit-im-hochschulrat-der-goethe-universitaet\/","og_site_name":"Aktuelles aus der Goethe-Universit\u00e4t Frankfurt","article_published_time":"2025-04-14T12:30:29+00:00","article_modified_time":"2025-04-14T12:30:30+00:00","og_image":[{"width":650,"height":450,"url":"https:\/\/aktuelles.uni-frankfurt.de\/wp-content\/uploads\/2021\/10\/beitragsbild_allgemein-goethe-uni-webmagazin.jpg","type":"image\/jpeg"}],"author":"-","twitter_card":"summary_large_image","twitter_misc":{"Written by":"-","Estimated reading time":"3 minutes"},"schema":{"@context":"https:\/\/schema.org","@graph":[{"@type":"Article","@id":"https:\/\/aktuelles.uni-frankfurt.de\/hochschule\/udo-corts-beendet-seine-amtszeit-im-hochschulrat-der-goethe-universitaet\/#article","isPartOf":{"@id":"https:\/\/aktuelles.uni-frankfurt.de\/hochschule\/udo-corts-beendet-seine-amtszeit-im-hochschulrat-der-goethe-universitaet\/"},"author":{"name":"-","@id":"https:\/\/aktuelles.uni-frankfurt.de\/#\/schema\/person\/8e55ea338fb65d1ce87a91565d1f1739"},"headline":"Udo Corts beendet seine Amtszeit im Hochschulrat der Goethe-Universit\u00e4t","datePublished":"2025-04-14T12:30:29+00:00","dateModified":"2025-04-14T12:30:30+00:00","mainEntityOfPage":{"@id":"https:\/\/aktuelles.uni-frankfurt.de\/hochschule\/udo-corts-beendet-seine-amtszeit-im-hochschulrat-der-goethe-universitaet\/"},"wordCount":692,"publisher":{"@id":"https:\/\/aktuelles.uni-frankfurt.de\/#organization"},"image":{"@id":"https:\/\/aktuelles.uni-frankfurt.de\/hochschule\/udo-corts-beendet-seine-amtszeit-im-hochschulrat-der-goethe-universitaet\/#primaryimage"},"thumbnailUrl":"https:\/\/aktuelles.uni-frankfurt.de\/wp-content\/uploads\/2021\/10\/beitragsbild_allgemein-goethe-uni-webmagazin.jpg","keywords":["Universit\u00e4t"],"articleSection":["Hochschule","Menschen"],"inLanguage":"en-GB"},{"@type":"WebPage","@id":"https:\/\/aktuelles.uni-frankfurt.de\/hochschule\/udo-corts-beendet-seine-amtszeit-im-hochschulrat-der-goethe-universitaet\/","url":"https:\/\/aktuelles.uni-frankfurt.de\/hochschule\/udo-corts-beendet-seine-amtszeit-im-hochschulrat-der-goethe-universitaet\/","name":"Udo Corts beendet seine Amtszeit im Hochschulrat der Goethe-Universit\u00e4t | Aktuelles aus der Goethe-Universit\u00e4t Frankfurt","isPartOf":{"@id":"https:\/\/aktuelles.uni-frankfurt.de\/#website"},"primaryImageOfPage":{"@id":"https:\/\/aktuelles.uni-frankfurt.de\/hochschule\/udo-corts-beendet-seine-amtszeit-im-hochschulrat-der-goethe-universitaet\/#primaryimage"},"image":{"@id":"https:\/\/aktuelles.uni-frankfurt.de\/hochschule\/udo-corts-beendet-seine-amtszeit-im-hochschulrat-der-goethe-universitaet\/#primaryimage"},"thumbnailUrl":"https:\/\/aktuelles.uni-frankfurt.de\/wp-content\/uploads\/2021\/10\/beitragsbild_allgemein-goethe-uni-webmagazin.jpg","datePublished":"2025-04-14T12:30:29+00:00","dateModified":"2025-04-14T12:30:30+00:00","breadcrumb":{"@id":"https:\/\/aktuelles.uni-frankfurt.de\/hochschule\/udo-corts-beendet-seine-amtszeit-im-hochschulrat-der-goethe-universitaet\/#breadcrumb"},"inLanguage":"en-GB","potentialAction":[{"@type":"ReadAction","target":["https:\/\/aktuelles.uni-frankfurt.de\/hochschule\/udo-corts-beendet-seine-amtszeit-im-hochschulrat-der-goethe-universitaet\/"]}]},{"@type":"ImageObject","inLanguage":"en-GB","@id":"https:\/\/aktuelles.uni-frankfurt.de\/hochschule\/udo-corts-beendet-seine-amtszeit-im-hochschulrat-der-goethe-universitaet\/#primaryimage","url":"https:\/\/aktuelles.uni-frankfurt.de\/wp-content\/uploads\/2021\/10\/beitragsbild_allgemein-goethe-uni-webmagazin.jpg","contentUrl":"https:\/\/aktuelles.uni-frankfurt.de\/wp-content\/uploads\/2021\/10\/beitragsbild_allgemein-goethe-uni-webmagazin.jpg","width":650,"height":450},{"@type":"BreadcrumbList","@id":"https:\/\/aktuelles.uni-frankfurt.de\/hochschule\/udo-corts-beendet-seine-amtszeit-im-hochschulrat-der-goethe-universitaet\/#breadcrumb","itemListElement":[{"@type":"ListItem","position":1,"name":"Startseite","item":"https:\/\/aktuelles.uni-frankfurt.de\/"},{"@type":"ListItem","position":2,"name":"Udo Corts beendet seine Amtszeit im Hochschulrat der Goethe-Universit\u00e4t"}]},{"@type":"WebSite","@id":"https:\/\/aktuelles.uni-frankfurt.de\/#website","url":"https:\/\/aktuelles.uni-frankfurt.de\/","name":"Aktuelles aus der Goethe-Universit\u00e4t Frankfurt","description":"Aktuelles aus der Goethe-Universit\u00e4t | Neues aus Forschung, Lehre, Studium","publisher":{"@id":"https:\/\/aktuelles.uni-frankfurt.de\/#organization"},"potentialAction":[{"@type":"SearchAction","target":{"@type":"EntryPoint","urlTemplate":"https:\/\/aktuelles.uni-frankfurt.de\/?s={search_term_string}"},"query-input":{"@type":"PropertyValueSpecification","valueRequired":true,"valueName":"search_term_string"}}],"inLanguage":"en-GB"},{"@type":"Organization","@id":"https:\/\/aktuelles.uni-frankfurt.de\/#organization","name":"Goethe University Frankfurt","url":"https:\/\/aktuelles.uni-frankfurt.de\/","logo":{"@type":"ImageObject","inLanguage":"en-GB","@id":"https:\/\/aktuelles.uni-frankfurt.de\/#\/schema\/logo\/image\/","url":"https:\/\/aktuelles.uni-frankfurt.de\/wp-content\/uploads\/2022\/03\/800px-Goethe-Logo.png","contentUrl":"https:\/\/aktuelles.uni-frankfurt.de\/wp-content\/uploads\/2022\/03\/800px-Goethe-Logo.png","width":800,"height":436,"caption":"Goethe-Universit\u00e4t"},"image":{"@id":"https:\/\/aktuelles.uni-frankfurt.de\/#\/schema\/logo\/image\/"}},{"@type":"Person","@id":"https:\/\/aktuelles.uni-frankfurt.de\/#\/schema\/person\/8e55ea338fb65d1ce87a91565d1f1739","name":"-","description":"Dieser Beitrag wurde von der Online-Redaktion ver\u00f6ffentlicht. Wenn der Beitrag von einem Gastautoren verfasst wurde, findet sich dieser Hinweis am Ende des jeweiligen Artikels.","sameAs":["http:\/\/aktuelles.uni-frankfurt.de\/autoren"],"url":"https:\/\/aktuelles.uni-frankfurt.de\/en\/author\/redaktion\/"}]}},"_links":{"self":[{"href":"https:\/\/aktuelles.uni-frankfurt.de\/en\/wp-json\/wp\/v2\/posts\/83453","targetHints":{"allow":["GET"]}}],"collection":[{"href":"https:\/\/aktuelles.uni-frankfurt.de\/en\/wp-json\/wp\/v2\/posts"}],"about":[{"href":"https:\/\/aktuelles.uni-frankfurt.de\/en\/wp-json\/wp\/v2\/types\/post"}],"author":[{"embeddable":true,"href":"https:\/\/aktuelles.uni-frankfurt.de\/en\/wp-json\/wp\/v2\/users\/8"}],"replies":[{"embeddable":true,"href":"https:\/\/aktuelles.uni-frankfurt.de\/en\/wp-json\/wp\/v2\/comments?post=83453"}],"version-history":[{"count":0,"href":"https:\/\/aktuelles.uni-frankfurt.de\/en\/wp-json\/wp\/v2\/posts\/83453\/revisions"}],"wp:featuredmedia":[{"embeddable":true,"href":"https:\/\/aktuelles.uni-frankfurt.de\/en\/wp-json\/wp\/v2\/media\/53025"}],"wp:attachment":[{"href":"https:\/\/aktuelles.uni-frankfurt.de\/en\/wp-json\/wp\/v2\/media?parent=83453"}],"wp:term":[{"taxonomy":"category","embeddable":true,"href":"https:\/\/aktuelles.uni-frankfurt.de\/en\/wp-json\/wp\/v2\/categories?post=83453"},{"taxonomy":"post_tag","embeddable":true,"href":"https:\/\/aktuelles.uni-frankfurt.de\/en\/wp-json\/wp\/v2\/tags?post=83453"},{"taxonomy":"post_folder","embeddable":true,"href":"https:\/\/aktuelles.uni-frankfurt.de\/en\/wp-json\/wp\/v2\/post_folder?post=83453"}],"curies":[{"name":"wp","href":"https:\/\/api.w.org\/{rel}","templated":true}]}}