{"id":83821,"date":"2025-05-07T08:36:00","date_gmt":"2025-05-07T06:36:00","guid":{"rendered":"https:\/\/aktuelles.uni-frankfurt.de\/?p=83821"},"modified":"2025-05-06T16:37:38","modified_gmt":"2025-05-06T14:37:38","slug":"a-glass-both-half-full-and-half-empty","status":"publish","type":"post","link":"https:\/\/aktuelles.uni-frankfurt.de\/en\/english\/a-glass-both-half-full-and-half-empty\/","title":{"rendered":"A Glass Both Half-Full and Half-Empty"},"content":{"rendered":"\n<p><strong>A collected volume edited by <em>Astrid Franzke<\/em> and <em>Katrin Springsgut<\/em> sheds light on equal opportunity efforts in academia. While much has already been achieved, a lot remains to be done, the two editors conclude in a conversation with <em>UniReport<\/em>.<\/strong><\/p>\n\n\n\n<div style=\"height:20px\" aria-hidden=\"true\" class=\"wp-block-spacer\"><\/div>\n\n\n\n<figure class=\"wp-block-image aligncenter size-full\"><img fetchpriority=\"high\" decoding=\"async\" width=\"650\" height=\"450\" src=\"https:\/\/aktuelles.uni-frankfurt.de\/wp-content\/uploads\/2025\/05\/beitragsbild-halb-volles-halb-leeres-glas-650x450px.jpg\" alt=\"Astrid Franzke, Katrin Springsgut, Photos: private\" class=\"wp-image-83840\" srcset=\"https:\/\/aktuelles.uni-frankfurt.de\/wp-content\/uploads\/2025\/05\/beitragsbild-halb-volles-halb-leeres-glas-650x450px.jpg 650w, https:\/\/aktuelles.uni-frankfurt.de\/wp-content\/uploads\/2025\/05\/beitragsbild-halb-volles-halb-leeres-glas-650x450px-300x208.jpg 300w, https:\/\/aktuelles.uni-frankfurt.de\/wp-content\/uploads\/2025\/05\/beitragsbild-halb-volles-halb-leeres-glas-650x450px-500x346.jpg 500w, https:\/\/aktuelles.uni-frankfurt.de\/wp-content\/uploads\/2025\/05\/beitragsbild-halb-volles-halb-leeres-glas-650x450px-18x12.jpg 18w\" sizes=\"(max-width: 650px) 100vw, 650px\" \/><\/figure>\n\n\n\n<div style=\"height:20px\" aria-hidden=\"true\" class=\"wp-block-spacer\"><\/div>\n\n\n\n<p><strong>UniReport: Ms. Franzke, you experienced the academic system in the German Democratic Republic (GDR), where you studied and earned your doctorate. What promising approaches to women&#8217;s advancement and gender equality existed, what were the limitations, and what got lost during reunification?<\/strong><\/p>\n\n\n\n<p><strong>Astrid Franzke: <\/strong>First of all, it needs to be said that the issue of promoting women in academia was framed differently in the GDR. Women\u2019s (full-time) employment was considered a key prerequisite for true equality between women and men. At the same time, it was also an economic necessity, which many women internalized as part of their identity, and which also required structural frameworks enabling different life models. So, there did exist an institutional responsibility to make work-life balance possible \u2013 including in academia. This included childcare facilities and special study plans for women, which enabled mothers to complete their degrees within the standard study period. These structures also allowed for alternative individual options. In my contribution to the volume, I point out that Leipzig University alone had ten of its own childcare facilities, from nurseries to kindergartens. There were also instruments for advancing women\u2019s careers, including research scholarships for doctoral and postdoctoral qualifications, which sought to increase the number of female professors and make their experiences available to the academic system. Let\u2019s just say that, all told, within the GDR\u2019s academic hierarchy women were better represented at all career stages than at the same time in West Germany. Nonetheless, patriarchal structures were not eradicated. Women remained underrepresented at higher hierarchical levels and across all academic disciplines. Following Germany\u2019s reunification, there was little attempt to adopt anything from the GDR\u2019s academic system. Instead, there was a push for rapid alignment, and the opportunity to change the overall system was missed. Many women researchers from the GDR who were already well established \u2013 holding professorships or fixed-term positions \u2013 were largely cast aside.<\/p>\n\n\n\n<div style=\"height:20px\" aria-hidden=\"true\" class=\"wp-block-spacer\"><\/div>\n\n\n\n<p><strong>Let\u2019s jump to the present. One contributor to the volume \u2013 Ute Klammer \u2013 takes a critical look at the terms \u201cexcellent\u201d and \u201cexcellence.\u201d What is the basis of her critique?<\/strong><\/p>\n\n\n\n<p><strong>Katrin Springsgut:<\/strong> In the last Excellence Initiative of the German federal and state governments, those universities that succeeded were of course able to do a lot in terms of equal opportunities with the funds they received, while those universities that were not so successful had fewer opportunities to do so. Ute Klammer demonstrates this through the surveys she conducted of early career researchers. Her conclusion is that we need a broader understanding of excellence. Otherwise, efforts at promoting equal opportunities are undermined. What the early career researchers she surveyed want to do is engage in innovative research with societal relevance. They are much more critical of the strong focus placed on acquiring third-party funding and having a high publication count \u2013 parameters that exclude many people, including those with caregiving responsibilities or non-linear academic careers who don\u2019t meet the supposedly objective performance criteria. It would be helpful to apply different standards and to examine where discrimination risks lie. If we expect researchers to be publicly visible, we must acknowledge what potential kinds of discrimination this may involve for certain groups. Klammer gives the example of a Muslim woman wearing a headscarf who is seen not for her work, but merely as a representative of a group she appears to belong to. We are talking here of deeply complex issues.<\/p>\n\n\n\n<p><strong>Franzke:<\/strong> Ute Klammer calls for a broader concept of excellence that doesn\u2019t focus solely on quantitative criteria, which many women, based on their life paths, cannot meet, since they usually reflect a linear academic trajectory modeled on male socialization. Yet diversity offers great potential for our academic system \u2013especially in the context of internationalization. The traditional notion of excellence often fails to reflect the full range of conditions that enable high-quality academic performance. In the end, it is impossible to entirely quantify performance. Qualitative elements such as personal experience and background also play a role. Making these visible and recognizing them as valuable is key to a more encompassing definition of excellence.<\/p>\n\n\n\n<div style=\"height:20px\" aria-hidden=\"true\" class=\"wp-block-spacer\"><\/div>\n\n\n\n<p><strong>Another contributor \u2013 Karin Schittenhelm \u2013 addresses the ambivalence of international mobility in terms of gender equality.<\/strong><\/p>\n\n\n\n<p><strong>Franzke:<\/strong> After the postdoc phase especially, there is often an unspoken expectation that scholars must demonstrate international mobility. Through my work with <em>Mentoring Hessen<\/em>, I know that women researchers who spent extended periods abroad often struggle to reintegrate into the German academic community. I believe we should broaden our understanding: international expertise doesn\u2019t require geographic mobility alone; it can also be demonstrated through engagement in relevant international networks, collaborations, and publishing. Spending a year in the U.S. shouldn\u2019t be the only benchmark for \u201cinternational mobility.\u201d<\/p>\n\n\n\n<p><strong>Springsgut:<\/strong> As part of her study, Schittenhelm interviewed and accompanied women scientists and academic couples. She found that while women were more likely than men to go abroad during their studies, at later stages in their careers, they could only manage short-term stays. One main reason for this is the still-unequal division of caregiving responsibilities in families \u2013 an imbalance that should be more actively addressed. Many couples reach a tipping point: if both partners work in academia, which country do they go to, and for how long? Who takes parental leave? In their essay on \u201cUniversity Care Culture\u201d, Lena Eckert and Anne Frese emphasize the need for more childcare at conferences, for instance \u2013 something Goethe University Frankfurt is already working on, including by exploring ideas like a mobility fund to cover conference and research travel expenses for early career researchers with children. The COVID-19 pandemic also showed that women bore the brunt of school and childcare closures; apart from care responsibilities for ill family members, which also disproportionately fell to women, leaving many with less time for research.<\/p>\n\n\n\n<div style=\"height:20px\" aria-hidden=\"true\" class=\"wp-block-spacer\"><\/div>\n\n\n\n<p><strong>The compatibility \u2013 or lack thereof \u2013 of academic work and caregiving is certainly a core equal opportunity issue.<\/strong><\/p>\n\n\n\n<p><strong>Franzke:<\/strong> The article by early career researchers Lena Eckert and Anne Frese outlines their personal experiences of the (in)compatibility of motherhood and academia. Both innovative and brave, the contribution shows how difficult it is to stay connected to the academic community in this situation. They emphasize that while many support structures exist for women, they often don\u2019t fully account for the realities of motherhood. Some guidelines make it difficult if not impossible to effectively combine different types of support.<\/p>\n\n\n\n<p><strong>Springsgut:<\/strong> Even as a university, we sometimes reach our limits when support measures we would like to implement encounter legal or practical obstacles. This was the case, for example, with the establishment of the FlexiKids Fund to finance childcare during off-peak hours. We spent a long time working with the relevant departments to develop a good solution. Our Executive Board was also very supportive. The issue is a complex one, raising a variety of follow-up questions: Do family-friendly working hours and meeting times exist? Are managers aware of the living and working conditions of employees with caregiving responsibilities? Naturally, as the Equal Opportunities Office, this is also something we are working on.<\/p>\n\n\n\n<div style=\"height:20px\" aria-hidden=\"true\" class=\"wp-block-spacer\"><\/div>\n\n\n\n<p><strong>Ms. Franzke, your colleague Anja Wolde, Goethe University\u2019s central Equal Opportunities Officer, wrote the volume\u2019s foreword. With respect to women\u2019s advancement and gender equality work, she says: \u201c<em>The glass is half full, the glass is half empty.<\/em>\u201d Would you agree?<\/strong><\/p>\n\n\n\n<p><strong>Franzke:<\/strong> I think so. I would also like to say something about the concept of our volume: Focusing on higher education and science, we brought together sociological women&#8217;s and gender studies with the practice of gender equality work and women\u2019s advancement. Thinking both together is crucial for the further development of concrete equal opportunity measures, which, in my opinion, will require further elaboration, especially with a view towards diversity. Everything we develop going forward must be structurally and financially sound and sustainable. While we\u2019ve had good experiences obtaining funding for many projects, it\u2019s not always possible to integrate these ideas into regular structures once a project ends. Speaking from personal experience, I for one have found it incredibly important to adopt a positive attitude toward change. Not only does this make transitions more successful, one also discovers new opportunities, and can grow into new networks. I cannot emphasize enough how important it is to cultivate a productive and cooperative atmosphere. In retrospect, I had the great opportunity to promote exactly this in various projects. Since female researchers are naturally also in competition with each other, it\u2019s essential to consider how we can act in solidarity and support one another. You\u2019ll find countless examples of just that in the contributions to our book.<\/p>\n\n\n\n<p><strong>Springsgut:<\/strong> I would agree with the assessment that \u201c<em>the glass is both half full and half empty.<\/em>\u201d On the one hand, equal opportunity work has become indispensable at universities, where the proportion of women is steadily increasing. The instruments for promoting women are well-established, and we highlight some of them in our volume. I also welcome the fact that the intersectional perspective is increasingly being taken into account and implemented. On the other hand, we still see that the proportion of women in leadership positions varies greatly. At our university, for instance, we have very few female deans. So we mustn\u2019t rest on our laurels.<\/p>\n\n\n\n<p>I would also like to call on universities once again to recognize their responsibility in this regard: They are not just places that produce knowledge and innovations, but also promote democracy, equal opportunities, and diversity. And if we look at the current global political climate, I definitely see risks that we might face setbacks \u2013 also in Germany \u2013 as the competition for resources intensifies.<\/p>\n\n\n\n<div style=\"height:20px\" aria-hidden=\"true\" class=\"wp-block-spacer\"><\/div>\n\n\n\n<p class=\"has-background\" style=\"background-color:#eeeeee\"><strong>Astrid Franzke und Katrin Springsgut<\/strong> (eds.):<br>Gleichstellung im Wandel. Neue Herausforderungen und Karrierewege von Frauen in der Wissenschaft [Gender Equality in Transition. New Challenges and Career Paths for Women in Academia]<br>Sulzbach: Verlag Ulrike Helmer 2025<\/p>\n\n\n\n<p><\/p>\n","protected":false},"excerpt":{"rendered":"<p>A collected volume edited by Astrid Franzke and Katrin Springsgut sheds light on equal opportunity efforts in academia. While much has already been achieved, a lot remains to be done, [&hellip;]<\/p>\n","protected":false},"author":4,"featured_media":83840,"comment_status":"closed","ping_status":"closed","sticky":false,"template":"","format":"standard","meta":{"_eb_attr":"","_price":"","_stock":"","_tribe_ticket_header":"","_tribe_default_ticket_provider":"","_ticket_start_date":"","_ticket_end_date":"","_tribe_ticket_show_description":"","_tribe_ticket_show_not_going":false,"_tribe_ticket_use_global_stock":"","_tribe_ticket_global_stock_level":"","_global_stock_mode":"","_global_stock_cap":"","_tribe_rsvp_for_event":"","_tribe_ticket_going_count":"","_tribe_ticket_not_going_count":"","_tribe_tickets_list":"[]","_tribe_ticket_has_attendee_info_fields":false,"footnotes":""},"categories":[126,255],"tags":[402],"post_folder":[],"class_list":["post-83821","post","type-post","status-publish","format-standard","has-post-thumbnail","hentry","category-english","category-society","tag-unireport-2-25"],"yoast_head":"<!-- This site is optimized with the Yoast SEO plugin v27.5 - https:\/\/yoast.com\/product\/yoast-seo-wordpress\/ -->\n<title>A Glass Both Half-Full and Half-Empty | Aktuelles aus der Goethe-Universit\u00e4t Frankfurt<\/title>\n<meta name=\"robots\" content=\"index, follow, max-snippet:-1, max-image-preview:large, max-video-preview:-1\" \/>\n<link rel=\"canonical\" href=\"https:\/\/aktuelles.uni-frankfurt.de\/en\/english\/a-glass-both-half-full-and-half-empty\/\" \/>\n<meta property=\"og:locale\" content=\"en_GB\" \/>\n<meta property=\"og:type\" content=\"article\" \/>\n<meta property=\"og:title\" content=\"A Glass Both Half-Full and Half-Empty | Aktuelles aus der Goethe-Universit\u00e4t Frankfurt\" \/>\n<meta property=\"og:description\" content=\"A collected volume edited by Astrid Franzke and Katrin Springsgut sheds light on equal opportunity efforts in academia. While much has already been achieved, a lot remains to be done, [&hellip;]\" \/>\n<meta property=\"og:url\" content=\"https:\/\/aktuelles.uni-frankfurt.de\/en\/english\/a-glass-both-half-full-and-half-empty\/\" \/>\n<meta property=\"og:site_name\" content=\"Aktuelles aus der Goethe-Universit\u00e4t Frankfurt\" \/>\n<meta property=\"article:published_time\" content=\"2025-05-07T06:36:00+00:00\" \/>\n<meta property=\"og:image\" content=\"https:\/\/aktuelles.uni-frankfurt.de\/wp-content\/uploads\/2025\/05\/beitragsbild-halb-volles-halb-leeres-glas-650x450px.jpg\" \/>\n\t<meta property=\"og:image:width\" content=\"650\" \/>\n\t<meta property=\"og:image:height\" content=\"450\" \/>\n\t<meta property=\"og:image:type\" content=\"image\/jpeg\" \/>\n<meta name=\"author\" content=\"Dr. Dirk Frank\" \/>\n<meta name=\"twitter:card\" content=\"summary_large_image\" \/>\n<meta name=\"twitter:label1\" content=\"Written by\" \/>\n\t<meta name=\"twitter:data1\" content=\"Dr. Dirk Frank\" \/>\n\t<meta name=\"twitter:label2\" content=\"Estimated reading time\" \/>\n\t<meta name=\"twitter:data2\" content=\"8 minutes\" \/>\n<script type=\"application\/ld+json\" class=\"yoast-schema-graph\">{\"@context\":\"https:\\\/\\\/schema.org\",\"@graph\":[{\"@type\":\"Article\",\"@id\":\"https:\\\/\\\/aktuelles.uni-frankfurt.de\\\/english\\\/a-glass-both-half-full-and-half-empty\\\/#article\",\"isPartOf\":{\"@id\":\"https:\\\/\\\/aktuelles.uni-frankfurt.de\\\/english\\\/a-glass-both-half-full-and-half-empty\\\/\"},\"author\":{\"name\":\"Dr. Dirk Frank\",\"@id\":\"https:\\\/\\\/aktuelles.uni-frankfurt.de\\\/#\\\/schema\\\/person\\\/370c4588b49f66f89d917e8bd01f72b0\"},\"headline\":\"A Glass Both Half-Full and Half-Empty\",\"datePublished\":\"2025-05-07T06:36:00+00:00\",\"mainEntityOfPage\":{\"@id\":\"https:\\\/\\\/aktuelles.uni-frankfurt.de\\\/english\\\/a-glass-both-half-full-and-half-empty\\\/\"},\"wordCount\":1680,\"publisher\":{\"@id\":\"https:\\\/\\\/aktuelles.uni-frankfurt.de\\\/#organization\"},\"image\":{\"@id\":\"https:\\\/\\\/aktuelles.uni-frankfurt.de\\\/english\\\/a-glass-both-half-full-and-half-empty\\\/#primaryimage\"},\"thumbnailUrl\":\"https:\\\/\\\/aktuelles.uni-frankfurt.de\\\/wp-content\\\/uploads\\\/2025\\\/05\\\/beitragsbild-halb-volles-halb-leeres-glas-650x450px.jpg\",\"keywords\":[\"UniReport 2.25\"],\"articleSection\":[\"English\",\"Society\"],\"inLanguage\":\"en-GB\"},{\"@type\":\"WebPage\",\"@id\":\"https:\\\/\\\/aktuelles.uni-frankfurt.de\\\/english\\\/a-glass-both-half-full-and-half-empty\\\/\",\"url\":\"https:\\\/\\\/aktuelles.uni-frankfurt.de\\\/english\\\/a-glass-both-half-full-and-half-empty\\\/\",\"name\":\"A Glass Both Half-Full and Half-Empty | Aktuelles aus der Goethe-Universit\u00e4t Frankfurt\",\"isPartOf\":{\"@id\":\"https:\\\/\\\/aktuelles.uni-frankfurt.de\\\/#website\"},\"primaryImageOfPage\":{\"@id\":\"https:\\\/\\\/aktuelles.uni-frankfurt.de\\\/english\\\/a-glass-both-half-full-and-half-empty\\\/#primaryimage\"},\"image\":{\"@id\":\"https:\\\/\\\/aktuelles.uni-frankfurt.de\\\/english\\\/a-glass-both-half-full-and-half-empty\\\/#primaryimage\"},\"thumbnailUrl\":\"https:\\\/\\\/aktuelles.uni-frankfurt.de\\\/wp-content\\\/uploads\\\/2025\\\/05\\\/beitragsbild-halb-volles-halb-leeres-glas-650x450px.jpg\",\"datePublished\":\"2025-05-07T06:36:00+00:00\",\"breadcrumb\":{\"@id\":\"https:\\\/\\\/aktuelles.uni-frankfurt.de\\\/english\\\/a-glass-both-half-full-and-half-empty\\\/#breadcrumb\"},\"inLanguage\":\"en-GB\",\"potentialAction\":[{\"@type\":\"ReadAction\",\"target\":[\"https:\\\/\\\/aktuelles.uni-frankfurt.de\\\/english\\\/a-glass-both-half-full-and-half-empty\\\/\"]}]},{\"@type\":\"ImageObject\",\"inLanguage\":\"en-GB\",\"@id\":\"https:\\\/\\\/aktuelles.uni-frankfurt.de\\\/english\\\/a-glass-both-half-full-and-half-empty\\\/#primaryimage\",\"url\":\"https:\\\/\\\/aktuelles.uni-frankfurt.de\\\/wp-content\\\/uploads\\\/2025\\\/05\\\/beitragsbild-halb-volles-halb-leeres-glas-650x450px.jpg\",\"contentUrl\":\"https:\\\/\\\/aktuelles.uni-frankfurt.de\\\/wp-content\\\/uploads\\\/2025\\\/05\\\/beitragsbild-halb-volles-halb-leeres-glas-650x450px.jpg\",\"width\":650,\"height\":450,\"caption\":\"Astrid Franzke, Katrin Springsgut, Fotos: privat\"},{\"@type\":\"BreadcrumbList\",\"@id\":\"https:\\\/\\\/aktuelles.uni-frankfurt.de\\\/english\\\/a-glass-both-half-full-and-half-empty\\\/#breadcrumb\",\"itemListElement\":[{\"@type\":\"ListItem\",\"position\":1,\"name\":\"Startseite\",\"item\":\"https:\\\/\\\/aktuelles.uni-frankfurt.de\\\/\"},{\"@type\":\"ListItem\",\"position\":2,\"name\":\"A Glass Both Half-Full and Half-Empty\"}]},{\"@type\":\"WebSite\",\"@id\":\"https:\\\/\\\/aktuelles.uni-frankfurt.de\\\/#website\",\"url\":\"https:\\\/\\\/aktuelles.uni-frankfurt.de\\\/\",\"name\":\"Aktuelles aus der Goethe-Universit\u00e4t Frankfurt\",\"description\":\"Aktuelles aus der Goethe-Universit\u00e4t | Neues aus Forschung, Lehre, Studium\",\"publisher\":{\"@id\":\"https:\\\/\\\/aktuelles.uni-frankfurt.de\\\/#organization\"},\"potentialAction\":[{\"@type\":\"SearchAction\",\"target\":{\"@type\":\"EntryPoint\",\"urlTemplate\":\"https:\\\/\\\/aktuelles.uni-frankfurt.de\\\/?s={search_term_string}\"},\"query-input\":{\"@type\":\"PropertyValueSpecification\",\"valueRequired\":true,\"valueName\":\"search_term_string\"}}],\"inLanguage\":\"en-GB\"},{\"@type\":\"Organization\",\"@id\":\"https:\\\/\\\/aktuelles.uni-frankfurt.de\\\/#organization\",\"name\":\"Goethe-Universit\u00e4t\",\"url\":\"https:\\\/\\\/aktuelles.uni-frankfurt.de\\\/\",\"logo\":{\"@type\":\"ImageObject\",\"inLanguage\":\"en-GB\",\"@id\":\"https:\\\/\\\/aktuelles.uni-frankfurt.de\\\/#\\\/schema\\\/logo\\\/image\\\/\",\"url\":\"https:\\\/\\\/aktuelles.uni-frankfurt.de\\\/wp-content\\\/uploads\\\/2022\\\/03\\\/800px-Goethe-Logo.png\",\"contentUrl\":\"https:\\\/\\\/aktuelles.uni-frankfurt.de\\\/wp-content\\\/uploads\\\/2022\\\/03\\\/800px-Goethe-Logo.png\",\"width\":800,\"height\":436,\"caption\":\"Goethe-Universit\u00e4t\"},\"image\":{\"@id\":\"https:\\\/\\\/aktuelles.uni-frankfurt.de\\\/#\\\/schema\\\/logo\\\/image\\\/\"}},{\"@type\":\"Person\",\"@id\":\"https:\\\/\\\/aktuelles.uni-frankfurt.de\\\/#\\\/schema\\\/person\\\/370c4588b49f66f89d917e8bd01f72b0\",\"name\":\"Dr. Dirk Frank\",\"description\":\"Dr. Dirk Frank, 49, ist seit 2012 Pressereferent an der Goethe-Universit\u00e4t. Der promovierte Literaturwissenschaftler ist stellvertretender Leiter der Abteilung Marketing und Kommunikation und f\u00fcr die Redaktion des UniReport zust\u00e4ndig.\",\"sameAs\":[\"http:\\\/\\\/aktuelles.uni-frankfurt.de\\\/\"],\"url\":\"https:\\\/\\\/aktuelles.uni-frankfurt.de\\\/en\\\/author\\\/dr-dirkfrank\\\/\"}]}<\/script>\n<!-- \/ Yoast SEO plugin. -->","yoast_head_json":{"title":"A Glass Both Half-Full and Half-Empty | Aktuelles aus der Goethe-Universit\u00e4t Frankfurt","robots":{"index":"index","follow":"follow","max-snippet":"max-snippet:-1","max-image-preview":"max-image-preview:large","max-video-preview":"max-video-preview:-1"},"canonical":"https:\/\/aktuelles.uni-frankfurt.de\/en\/english\/a-glass-both-half-full-and-half-empty\/","og_locale":"en_GB","og_type":"article","og_title":"A Glass Both Half-Full and Half-Empty | Aktuelles aus der Goethe-Universit\u00e4t Frankfurt","og_description":"A collected volume edited by Astrid Franzke and Katrin Springsgut sheds light on equal opportunity efforts in academia. While much has already been achieved, a lot remains to be done, [&hellip;]","og_url":"https:\/\/aktuelles.uni-frankfurt.de\/en\/english\/a-glass-both-half-full-and-half-empty\/","og_site_name":"Aktuelles aus der Goethe-Universit\u00e4t Frankfurt","article_published_time":"2025-05-07T06:36:00+00:00","og_image":[{"width":650,"height":450,"url":"https:\/\/aktuelles.uni-frankfurt.de\/wp-content\/uploads\/2025\/05\/beitragsbild-halb-volles-halb-leeres-glas-650x450px.jpg","type":"image\/jpeg"}],"author":"Dr. Dirk Frank","twitter_card":"summary_large_image","twitter_misc":{"Written by":"Dr. Dirk Frank","Estimated reading time":"8 minutes"},"schema":{"@context":"https:\/\/schema.org","@graph":[{"@type":"Article","@id":"https:\/\/aktuelles.uni-frankfurt.de\/english\/a-glass-both-half-full-and-half-empty\/#article","isPartOf":{"@id":"https:\/\/aktuelles.uni-frankfurt.de\/english\/a-glass-both-half-full-and-half-empty\/"},"author":{"name":"Dr. Dirk Frank","@id":"https:\/\/aktuelles.uni-frankfurt.de\/#\/schema\/person\/370c4588b49f66f89d917e8bd01f72b0"},"headline":"A Glass Both Half-Full and Half-Empty","datePublished":"2025-05-07T06:36:00+00:00","mainEntityOfPage":{"@id":"https:\/\/aktuelles.uni-frankfurt.de\/english\/a-glass-both-half-full-and-half-empty\/"},"wordCount":1680,"publisher":{"@id":"https:\/\/aktuelles.uni-frankfurt.de\/#organization"},"image":{"@id":"https:\/\/aktuelles.uni-frankfurt.de\/english\/a-glass-both-half-full-and-half-empty\/#primaryimage"},"thumbnailUrl":"https:\/\/aktuelles.uni-frankfurt.de\/wp-content\/uploads\/2025\/05\/beitragsbild-halb-volles-halb-leeres-glas-650x450px.jpg","keywords":["UniReport 2.25"],"articleSection":["English","Society"],"inLanguage":"en-GB"},{"@type":"WebPage","@id":"https:\/\/aktuelles.uni-frankfurt.de\/english\/a-glass-both-half-full-and-half-empty\/","url":"https:\/\/aktuelles.uni-frankfurt.de\/english\/a-glass-both-half-full-and-half-empty\/","name":"A Glass Both Half-Full and Half-Empty | Aktuelles aus der Goethe-Universit\u00e4t Frankfurt","isPartOf":{"@id":"https:\/\/aktuelles.uni-frankfurt.de\/#website"},"primaryImageOfPage":{"@id":"https:\/\/aktuelles.uni-frankfurt.de\/english\/a-glass-both-half-full-and-half-empty\/#primaryimage"},"image":{"@id":"https:\/\/aktuelles.uni-frankfurt.de\/english\/a-glass-both-half-full-and-half-empty\/#primaryimage"},"thumbnailUrl":"https:\/\/aktuelles.uni-frankfurt.de\/wp-content\/uploads\/2025\/05\/beitragsbild-halb-volles-halb-leeres-glas-650x450px.jpg","datePublished":"2025-05-07T06:36:00+00:00","breadcrumb":{"@id":"https:\/\/aktuelles.uni-frankfurt.de\/english\/a-glass-both-half-full-and-half-empty\/#breadcrumb"},"inLanguage":"en-GB","potentialAction":[{"@type":"ReadAction","target":["https:\/\/aktuelles.uni-frankfurt.de\/english\/a-glass-both-half-full-and-half-empty\/"]}]},{"@type":"ImageObject","inLanguage":"en-GB","@id":"https:\/\/aktuelles.uni-frankfurt.de\/english\/a-glass-both-half-full-and-half-empty\/#primaryimage","url":"https:\/\/aktuelles.uni-frankfurt.de\/wp-content\/uploads\/2025\/05\/beitragsbild-halb-volles-halb-leeres-glas-650x450px.jpg","contentUrl":"https:\/\/aktuelles.uni-frankfurt.de\/wp-content\/uploads\/2025\/05\/beitragsbild-halb-volles-halb-leeres-glas-650x450px.jpg","width":650,"height":450,"caption":"Astrid Franzke, Katrin Springsgut, Fotos: privat"},{"@type":"BreadcrumbList","@id":"https:\/\/aktuelles.uni-frankfurt.de\/english\/a-glass-both-half-full-and-half-empty\/#breadcrumb","itemListElement":[{"@type":"ListItem","position":1,"name":"Startseite","item":"https:\/\/aktuelles.uni-frankfurt.de\/"},{"@type":"ListItem","position":2,"name":"A Glass Both Half-Full and Half-Empty"}]},{"@type":"WebSite","@id":"https:\/\/aktuelles.uni-frankfurt.de\/#website","url":"https:\/\/aktuelles.uni-frankfurt.de\/","name":"Aktuelles aus der Goethe-Universit\u00e4t Frankfurt","description":"Aktuelles aus der Goethe-Universit\u00e4t | Neues aus Forschung, Lehre, Studium","publisher":{"@id":"https:\/\/aktuelles.uni-frankfurt.de\/#organization"},"potentialAction":[{"@type":"SearchAction","target":{"@type":"EntryPoint","urlTemplate":"https:\/\/aktuelles.uni-frankfurt.de\/?s={search_term_string}"},"query-input":{"@type":"PropertyValueSpecification","valueRequired":true,"valueName":"search_term_string"}}],"inLanguage":"en-GB"},{"@type":"Organization","@id":"https:\/\/aktuelles.uni-frankfurt.de\/#organization","name":"Goethe University Frankfurt","url":"https:\/\/aktuelles.uni-frankfurt.de\/","logo":{"@type":"ImageObject","inLanguage":"en-GB","@id":"https:\/\/aktuelles.uni-frankfurt.de\/#\/schema\/logo\/image\/","url":"https:\/\/aktuelles.uni-frankfurt.de\/wp-content\/uploads\/2022\/03\/800px-Goethe-Logo.png","contentUrl":"https:\/\/aktuelles.uni-frankfurt.de\/wp-content\/uploads\/2022\/03\/800px-Goethe-Logo.png","width":800,"height":436,"caption":"Goethe-Universit\u00e4t"},"image":{"@id":"https:\/\/aktuelles.uni-frankfurt.de\/#\/schema\/logo\/image\/"}},{"@type":"Person","@id":"https:\/\/aktuelles.uni-frankfurt.de\/#\/schema\/person\/370c4588b49f66f89d917e8bd01f72b0","name":"Dr. Dirk Frank","description":"Dr. Dirk Frank, 49, ist seit 2012 Pressereferent an der Goethe-Universit\u00e4t. Der promovierte Literaturwissenschaftler ist stellvertretender Leiter der Abteilung Marketing und Kommunikation und f\u00fcr die Redaktion des UniReport zust\u00e4ndig.","sameAs":["http:\/\/aktuelles.uni-frankfurt.de\/"],"url":"https:\/\/aktuelles.uni-frankfurt.de\/en\/author\/dr-dirkfrank\/"}]}},"_links":{"self":[{"href":"https:\/\/aktuelles.uni-frankfurt.de\/en\/wp-json\/wp\/v2\/posts\/83821","targetHints":{"allow":["GET"]}}],"collection":[{"href":"https:\/\/aktuelles.uni-frankfurt.de\/en\/wp-json\/wp\/v2\/posts"}],"about":[{"href":"https:\/\/aktuelles.uni-frankfurt.de\/en\/wp-json\/wp\/v2\/types\/post"}],"author":[{"embeddable":true,"href":"https:\/\/aktuelles.uni-frankfurt.de\/en\/wp-json\/wp\/v2\/users\/4"}],"replies":[{"embeddable":true,"href":"https:\/\/aktuelles.uni-frankfurt.de\/en\/wp-json\/wp\/v2\/comments?post=83821"}],"version-history":[{"count":0,"href":"https:\/\/aktuelles.uni-frankfurt.de\/en\/wp-json\/wp\/v2\/posts\/83821\/revisions"}],"wp:featuredmedia":[{"embeddable":true,"href":"https:\/\/aktuelles.uni-frankfurt.de\/en\/wp-json\/wp\/v2\/media\/83840"}],"wp:attachment":[{"href":"https:\/\/aktuelles.uni-frankfurt.de\/en\/wp-json\/wp\/v2\/media?parent=83821"}],"wp:term":[{"taxonomy":"category","embeddable":true,"href":"https:\/\/aktuelles.uni-frankfurt.de\/en\/wp-json\/wp\/v2\/categories?post=83821"},{"taxonomy":"post_tag","embeddable":true,"href":"https:\/\/aktuelles.uni-frankfurt.de\/en\/wp-json\/wp\/v2\/tags?post=83821"},{"taxonomy":"post_folder","embeddable":true,"href":"https:\/\/aktuelles.uni-frankfurt.de\/en\/wp-json\/wp\/v2\/post_folder?post=83821"}],"curies":[{"name":"wp","href":"https:\/\/api.w.org\/{rel}","templated":true}]}}