{"id":83920,"date":"2025-05-12T12:51:24","date_gmt":"2025-05-12T10:51:24","guid":{"rendered":"https:\/\/aktuelles.uni-frankfurt.de\/?p=83920"},"modified":"2025-05-12T12:51:25","modified_gmt":"2025-05-12T10:51:25","slug":"einladung-zur-ersten-rmu-stipendienmesse-am-14-mai-2025","status":"publish","type":"post","link":"https:\/\/aktuelles.uni-frankfurt.de\/en\/studium\/einladung-zur-ersten-rmu-stipendienmesse-am-14-mai-2025\/","title":{"rendered":"Einladung zur ersten RMU-Stipendienmesse am 14. Mai 2025"},"content":{"rendered":"<p>Stipendien er\u00f6ffnen Perspektiven \u2013 f\u00fcr Studierende ebenso wie f\u00fcr Hochschulen, die Vielfalt f\u00f6rdern m\u00f6chten. Die Geschichten von Elif (Jura-Studentin, JGU Mainz), Camilo (Student der Friedens- und Konfliktforschung, Goethe-Universit\u00e4t) und Nathalie (Studierende von AI and Machine Learning, TU Darmstadt) zeigen, wie wirkungsvoll Stipendien sein k\u00f6nnen. Doch viele F\u00f6rderm\u00f6glichkeiten sind noch zu wenig bekannt. Die erste RMU-Stipendienmesse m\u00f6chte das \u00e4ndern: Sie richtet sich an alle Mitglieder der RMU-Community und bietet Gelegenheit, sich umfassend \u00fcber F\u00f6rderprogramme zu informieren, mit Stipendiengebern und aktuellen Stipendiat*innen ins Gespr\u00e4ch zu kommen und neue Netzwerke zu kn\u00fcpfen. <\/p>\n\n\n\n<p>Die Messe bildet den Auftakt f\u00fcr eine lebendige Stipendienkultur in der Rhein-Main-Region und l\u00e4dt zum Austausch \u00fcber Bildungs- und Karrierechancen ein.<\/p>\n\n\n\n<p>Eine Anmeldung ist nicht erforderlich.<\/p>\n\n\n\n<p>Wann? Mittwoch, 14. Mai 2025, 12:00\u201317:00 Uhr<\/p>\n\n\n\n<p>Wo? H\u00f6rsaalzentrum (EG), Campus Westend, Goethe-Universit\u00e4t Frankfurt<\/p>\n\n\n\n<p>Alle weitere Informationen zur Veranstaltung gibt es <a href=\"https:\/\/www.rhein-main-universitaeten.de\/rmu-stipendienmesse\" target=\"_blank\" rel=\"noreferrer noopener\">hier<\/a><\/p>\n\n\n\n<p><\/p>","protected":false},"excerpt":{"rendered":"<p>Stipendien er\u00f6ffnen Perspektiven \u2013 f\u00fcr Studierende ebenso wie f\u00fcr Hochschulen, die Vielfalt f\u00f6rdern m\u00f6chten. Die Geschichten von Elif (Jura-Studentin, JGU Mainz), Camilo (Student der Friedens- und Konfliktforschung, Goethe-Universit\u00e4t) und Nathalie [&hellip;]<\/p>\n","protected":false},"author":8,"featured_media":83921,"comment_status":"closed","ping_status":"closed","sticky":false,"template":"","format":"standard","meta":{"_eb_attr":"","_price":"","_stock":"","_tribe_ticket_header":"","_tribe_default_ticket_provider":"","_ticket_start_date":"","_ticket_end_date":"","_tribe_ticket_show_description":"","_tribe_ticket_show_not_going":false,"_tribe_ticket_use_global_stock":"","_tribe_ticket_global_stock_level":"","_global_stock_mode":"","_global_stock_cap":"","_tribe_rsvp_for_event":"","_tribe_ticket_going_count":"","_tribe_ticket_not_going_count":"","_tribe_tickets_list":"[]","_tribe_ticket_has_attendee_info_fields":false,"footnotes":""},"categories":[9,91],"tags":[52],"post_folder":[],"class_list":["post-83920","post","type-post","status-publish","format-standard","has-post-thumbnail","hentry","category-studium","category-zticky","tag-rmu"],"yoast_head":"<!-- This site is optimized with the Yoast SEO plugin v27.5 - https:\/\/yoast.com\/product\/yoast-seo-wordpress\/ -->\n<title>Einladung zur ersten RMU-Stipendienmesse am 14. Mai 2025 | Aktuelles aus der Goethe-Universit\u00e4t Frankfurt<\/title>\n<meta name=\"robots\" content=\"index, follow, max-snippet:-1, max-image-preview:large, max-video-preview:-1\" \/>\n<link rel=\"canonical\" href=\"https:\/\/aktuelles.uni-frankfurt.de\/en\/studium\/einladung-zur-ersten-rmu-stipendienmesse-am-14-mai-2025\/\" \/>\n<meta property=\"og:locale\" content=\"en_GB\" \/>\n<meta property=\"og:type\" content=\"article\" \/>\n<meta property=\"og:title\" content=\"Einladung zur ersten RMU-Stipendienmesse am 14. Mai 2025 | Aktuelles aus der Goethe-Universit\u00e4t Frankfurt\" \/>\n<meta property=\"og:description\" content=\"Stipendien er\u00f6ffnen Perspektiven \u2013 f\u00fcr Studierende ebenso wie f\u00fcr Hochschulen, die Vielfalt f\u00f6rdern m\u00f6chten. Die Geschichten von Elif (Jura-Studentin, JGU Mainz), Camilo (Student der Friedens- und Konfliktforschung, Goethe-Universit\u00e4t) und Nathalie [&hellip;]\" \/>\n<meta property=\"og:url\" content=\"https:\/\/aktuelles.uni-frankfurt.de\/en\/studium\/einladung-zur-ersten-rmu-stipendienmesse-am-14-mai-2025\/\" \/>\n<meta property=\"og:site_name\" content=\"Aktuelles aus der Goethe-Universit\u00e4t Frankfurt\" \/>\n<meta property=\"article:published_time\" content=\"2025-05-12T10:51:24+00:00\" \/>\n<meta property=\"article:modified_time\" content=\"2025-05-12T10:51:25+00:00\" \/>\n<meta property=\"og:image\" content=\"https:\/\/aktuelles.uni-frankfurt.de\/wp-content\/uploads\/2025\/05\/beitragsbild_rmu-stipendienmesse-2025.jpeg\" \/>\n\t<meta property=\"og:image:width\" content=\"640\" \/>\n\t<meta property=\"og:image:height\" content=\"450\" \/>\n\t<meta property=\"og:image:type\" content=\"image\/jpeg\" \/>\n<meta name=\"author\" content=\"-\" \/>\n<meta name=\"twitter:card\" content=\"summary_large_image\" \/>\n<meta name=\"twitter:label1\" content=\"Written by\" \/>\n\t<meta name=\"twitter:data1\" content=\"-\" \/>\n\t<meta name=\"twitter:label2\" content=\"Estimated reading time\" \/>\n\t<meta name=\"twitter:data2\" content=\"1 minute\" \/>\n<script type=\"application\/ld+json\" class=\"yoast-schema-graph\">{\"@context\":\"https:\\\/\\\/schema.org\",\"@graph\":[{\"@type\":\"Article\",\"@id\":\"https:\\\/\\\/aktuelles.uni-frankfurt.de\\\/studium\\\/einladung-zur-ersten-rmu-stipendienmesse-am-14-mai-2025\\\/#article\",\"isPartOf\":{\"@id\":\"https:\\\/\\\/aktuelles.uni-frankfurt.de\\\/studium\\\/einladung-zur-ersten-rmu-stipendienmesse-am-14-mai-2025\\\/\"},\"author\":{\"name\":\"-\",\"@id\":\"https:\\\/\\\/aktuelles.uni-frankfurt.de\\\/#\\\/schema\\\/person\\\/8e55ea338fb65d1ce87a91565d1f1739\"},\"headline\":\"Einladung zur ersten RMU-Stipendienmesse am 14. Mai 2025\",\"datePublished\":\"2025-05-12T10:51:24+00:00\",\"dateModified\":\"2025-05-12T10:51:25+00:00\",\"mainEntityOfPage\":{\"@id\":\"https:\\\/\\\/aktuelles.uni-frankfurt.de\\\/studium\\\/einladung-zur-ersten-rmu-stipendienmesse-am-14-mai-2025\\\/\"},\"wordCount\":157,\"publisher\":{\"@id\":\"https:\\\/\\\/aktuelles.uni-frankfurt.de\\\/#organization\"},\"image\":{\"@id\":\"https:\\\/\\\/aktuelles.uni-frankfurt.de\\\/studium\\\/einladung-zur-ersten-rmu-stipendienmesse-am-14-mai-2025\\\/#primaryimage\"},\"thumbnailUrl\":\"https:\\\/\\\/aktuelles.uni-frankfurt.de\\\/wp-content\\\/uploads\\\/2025\\\/05\\\/beitragsbild_rmu-stipendienmesse-2025.jpeg\",\"keywords\":[\"RMU\"],\"articleSection\":[\"Studium\",\"Zticky\"],\"inLanguage\":\"en-GB\"},{\"@type\":\"WebPage\",\"@id\":\"https:\\\/\\\/aktuelles.uni-frankfurt.de\\\/studium\\\/einladung-zur-ersten-rmu-stipendienmesse-am-14-mai-2025\\\/\",\"url\":\"https:\\\/\\\/aktuelles.uni-frankfurt.de\\\/studium\\\/einladung-zur-ersten-rmu-stipendienmesse-am-14-mai-2025\\\/\",\"name\":\"Einladung zur ersten RMU-Stipendienmesse am 14. Mai 2025 | Aktuelles aus der Goethe-Universit\u00e4t Frankfurt\",\"isPartOf\":{\"@id\":\"https:\\\/\\\/aktuelles.uni-frankfurt.de\\\/#website\"},\"primaryImageOfPage\":{\"@id\":\"https:\\\/\\\/aktuelles.uni-frankfurt.de\\\/studium\\\/einladung-zur-ersten-rmu-stipendienmesse-am-14-mai-2025\\\/#primaryimage\"},\"image\":{\"@id\":\"https:\\\/\\\/aktuelles.uni-frankfurt.de\\\/studium\\\/einladung-zur-ersten-rmu-stipendienmesse-am-14-mai-2025\\\/#primaryimage\"},\"thumbnailUrl\":\"https:\\\/\\\/aktuelles.uni-frankfurt.de\\\/wp-content\\\/uploads\\\/2025\\\/05\\\/beitragsbild_rmu-stipendienmesse-2025.jpeg\",\"datePublished\":\"2025-05-12T10:51:24+00:00\",\"dateModified\":\"2025-05-12T10:51:25+00:00\",\"breadcrumb\":{\"@id\":\"https:\\\/\\\/aktuelles.uni-frankfurt.de\\\/studium\\\/einladung-zur-ersten-rmu-stipendienmesse-am-14-mai-2025\\\/#breadcrumb\"},\"inLanguage\":\"en-GB\",\"potentialAction\":[{\"@type\":\"ReadAction\",\"target\":[\"https:\\\/\\\/aktuelles.uni-frankfurt.de\\\/studium\\\/einladung-zur-ersten-rmu-stipendienmesse-am-14-mai-2025\\\/\"]}]},{\"@type\":\"ImageObject\",\"inLanguage\":\"en-GB\",\"@id\":\"https:\\\/\\\/aktuelles.uni-frankfurt.de\\\/studium\\\/einladung-zur-ersten-rmu-stipendienmesse-am-14-mai-2025\\\/#primaryimage\",\"url\":\"https:\\\/\\\/aktuelles.uni-frankfurt.de\\\/wp-content\\\/uploads\\\/2025\\\/05\\\/beitragsbild_rmu-stipendienmesse-2025.jpeg\",\"contentUrl\":\"https:\\\/\\\/aktuelles.uni-frankfurt.de\\\/wp-content\\\/uploads\\\/2025\\\/05\\\/beitragsbild_rmu-stipendienmesse-2025.jpeg\",\"width\":640,\"height\":450},{\"@type\":\"BreadcrumbList\",\"@id\":\"https:\\\/\\\/aktuelles.uni-frankfurt.de\\\/studium\\\/einladung-zur-ersten-rmu-stipendienmesse-am-14-mai-2025\\\/#breadcrumb\",\"itemListElement\":[{\"@type\":\"ListItem\",\"position\":1,\"name\":\"Startseite\",\"item\":\"https:\\\/\\\/aktuelles.uni-frankfurt.de\\\/\"},{\"@type\":\"ListItem\",\"position\":2,\"name\":\"Einladung zur ersten RMU-Stipendienmesse am 14. Mai 2025\"}]},{\"@type\":\"WebSite\",\"@id\":\"https:\\\/\\\/aktuelles.uni-frankfurt.de\\\/#website\",\"url\":\"https:\\\/\\\/aktuelles.uni-frankfurt.de\\\/\",\"name\":\"Aktuelles aus der Goethe-Universit\u00e4t Frankfurt\",\"description\":\"Aktuelles aus der Goethe-Universit\u00e4t | Neues aus Forschung, Lehre, Studium\",\"publisher\":{\"@id\":\"https:\\\/\\\/aktuelles.uni-frankfurt.de\\\/#organization\"},\"potentialAction\":[{\"@type\":\"SearchAction\",\"target\":{\"@type\":\"EntryPoint\",\"urlTemplate\":\"https:\\\/\\\/aktuelles.uni-frankfurt.de\\\/?s={search_term_string}\"},\"query-input\":{\"@type\":\"PropertyValueSpecification\",\"valueRequired\":true,\"valueName\":\"search_term_string\"}}],\"inLanguage\":\"en-GB\"},{\"@type\":\"Organization\",\"@id\":\"https:\\\/\\\/aktuelles.uni-frankfurt.de\\\/#organization\",\"name\":\"Goethe-Universit\u00e4t\",\"url\":\"https:\\\/\\\/aktuelles.uni-frankfurt.de\\\/\",\"logo\":{\"@type\":\"ImageObject\",\"inLanguage\":\"en-GB\",\"@id\":\"https:\\\/\\\/aktuelles.uni-frankfurt.de\\\/#\\\/schema\\\/logo\\\/image\\\/\",\"url\":\"https:\\\/\\\/aktuelles.uni-frankfurt.de\\\/wp-content\\\/uploads\\\/2022\\\/03\\\/800px-Goethe-Logo.png\",\"contentUrl\":\"https:\\\/\\\/aktuelles.uni-frankfurt.de\\\/wp-content\\\/uploads\\\/2022\\\/03\\\/800px-Goethe-Logo.png\",\"width\":800,\"height\":436,\"caption\":\"Goethe-Universit\u00e4t\"},\"image\":{\"@id\":\"https:\\\/\\\/aktuelles.uni-frankfurt.de\\\/#\\\/schema\\\/logo\\\/image\\\/\"}},{\"@type\":\"Person\",\"@id\":\"https:\\\/\\\/aktuelles.uni-frankfurt.de\\\/#\\\/schema\\\/person\\\/8e55ea338fb65d1ce87a91565d1f1739\",\"name\":\"-\",\"description\":\"Dieser Beitrag wurde von der Online-Redaktion ver\u00f6ffentlicht. Wenn der Beitrag von einem Gastautoren verfasst wurde, findet sich dieser Hinweis am Ende des jeweiligen Artikels.\",\"sameAs\":[\"http:\\\/\\\/aktuelles.uni-frankfurt.de\\\/autoren\"],\"url\":\"https:\\\/\\\/aktuelles.uni-frankfurt.de\\\/en\\\/author\\\/redaktion\\\/\"}]}<\/script>\n<!-- \/ Yoast SEO plugin. -->","yoast_head_json":{"title":"Einladung zur ersten RMU-Stipendienmesse am 14. Mai 2025 | Aktuelles aus der Goethe-Universit\u00e4t Frankfurt","robots":{"index":"index","follow":"follow","max-snippet":"max-snippet:-1","max-image-preview":"max-image-preview:large","max-video-preview":"max-video-preview:-1"},"canonical":"https:\/\/aktuelles.uni-frankfurt.de\/en\/studium\/einladung-zur-ersten-rmu-stipendienmesse-am-14-mai-2025\/","og_locale":"en_GB","og_type":"article","og_title":"Einladung zur ersten RMU-Stipendienmesse am 14. Mai 2025 | Aktuelles aus der Goethe-Universit\u00e4t Frankfurt","og_description":"Stipendien er\u00f6ffnen Perspektiven \u2013 f\u00fcr Studierende ebenso wie f\u00fcr Hochschulen, die Vielfalt f\u00f6rdern m\u00f6chten. Die Geschichten von Elif (Jura-Studentin, JGU Mainz), Camilo (Student der Friedens- und Konfliktforschung, Goethe-Universit\u00e4t) und Nathalie [&hellip;]","og_url":"https:\/\/aktuelles.uni-frankfurt.de\/en\/studium\/einladung-zur-ersten-rmu-stipendienmesse-am-14-mai-2025\/","og_site_name":"Aktuelles aus der Goethe-Universit\u00e4t Frankfurt","article_published_time":"2025-05-12T10:51:24+00:00","article_modified_time":"2025-05-12T10:51:25+00:00","og_image":[{"width":640,"height":450,"url":"https:\/\/aktuelles.uni-frankfurt.de\/wp-content\/uploads\/2025\/05\/beitragsbild_rmu-stipendienmesse-2025.jpeg","type":"image\/jpeg"}],"author":"-","twitter_card":"summary_large_image","twitter_misc":{"Written by":"-","Estimated reading time":"1 minute"},"schema":{"@context":"https:\/\/schema.org","@graph":[{"@type":"Article","@id":"https:\/\/aktuelles.uni-frankfurt.de\/studium\/einladung-zur-ersten-rmu-stipendienmesse-am-14-mai-2025\/#article","isPartOf":{"@id":"https:\/\/aktuelles.uni-frankfurt.de\/studium\/einladung-zur-ersten-rmu-stipendienmesse-am-14-mai-2025\/"},"author":{"name":"-","@id":"https:\/\/aktuelles.uni-frankfurt.de\/#\/schema\/person\/8e55ea338fb65d1ce87a91565d1f1739"},"headline":"Einladung zur ersten RMU-Stipendienmesse am 14. Mai 2025","datePublished":"2025-05-12T10:51:24+00:00","dateModified":"2025-05-12T10:51:25+00:00","mainEntityOfPage":{"@id":"https:\/\/aktuelles.uni-frankfurt.de\/studium\/einladung-zur-ersten-rmu-stipendienmesse-am-14-mai-2025\/"},"wordCount":157,"publisher":{"@id":"https:\/\/aktuelles.uni-frankfurt.de\/#organization"},"image":{"@id":"https:\/\/aktuelles.uni-frankfurt.de\/studium\/einladung-zur-ersten-rmu-stipendienmesse-am-14-mai-2025\/#primaryimage"},"thumbnailUrl":"https:\/\/aktuelles.uni-frankfurt.de\/wp-content\/uploads\/2025\/05\/beitragsbild_rmu-stipendienmesse-2025.jpeg","keywords":["RMU"],"articleSection":["Studium","Zticky"],"inLanguage":"en-GB"},{"@type":"WebPage","@id":"https:\/\/aktuelles.uni-frankfurt.de\/studium\/einladung-zur-ersten-rmu-stipendienmesse-am-14-mai-2025\/","url":"https:\/\/aktuelles.uni-frankfurt.de\/studium\/einladung-zur-ersten-rmu-stipendienmesse-am-14-mai-2025\/","name":"Einladung zur ersten RMU-Stipendienmesse am 14. Mai 2025 | Aktuelles aus der Goethe-Universit\u00e4t Frankfurt","isPartOf":{"@id":"https:\/\/aktuelles.uni-frankfurt.de\/#website"},"primaryImageOfPage":{"@id":"https:\/\/aktuelles.uni-frankfurt.de\/studium\/einladung-zur-ersten-rmu-stipendienmesse-am-14-mai-2025\/#primaryimage"},"image":{"@id":"https:\/\/aktuelles.uni-frankfurt.de\/studium\/einladung-zur-ersten-rmu-stipendienmesse-am-14-mai-2025\/#primaryimage"},"thumbnailUrl":"https:\/\/aktuelles.uni-frankfurt.de\/wp-content\/uploads\/2025\/05\/beitragsbild_rmu-stipendienmesse-2025.jpeg","datePublished":"2025-05-12T10:51:24+00:00","dateModified":"2025-05-12T10:51:25+00:00","breadcrumb":{"@id":"https:\/\/aktuelles.uni-frankfurt.de\/studium\/einladung-zur-ersten-rmu-stipendienmesse-am-14-mai-2025\/#breadcrumb"},"inLanguage":"en-GB","potentialAction":[{"@type":"ReadAction","target":["https:\/\/aktuelles.uni-frankfurt.de\/studium\/einladung-zur-ersten-rmu-stipendienmesse-am-14-mai-2025\/"]}]},{"@type":"ImageObject","inLanguage":"en-GB","@id":"https:\/\/aktuelles.uni-frankfurt.de\/studium\/einladung-zur-ersten-rmu-stipendienmesse-am-14-mai-2025\/#primaryimage","url":"https:\/\/aktuelles.uni-frankfurt.de\/wp-content\/uploads\/2025\/05\/beitragsbild_rmu-stipendienmesse-2025.jpeg","contentUrl":"https:\/\/aktuelles.uni-frankfurt.de\/wp-content\/uploads\/2025\/05\/beitragsbild_rmu-stipendienmesse-2025.jpeg","width":640,"height":450},{"@type":"BreadcrumbList","@id":"https:\/\/aktuelles.uni-frankfurt.de\/studium\/einladung-zur-ersten-rmu-stipendienmesse-am-14-mai-2025\/#breadcrumb","itemListElement":[{"@type":"ListItem","position":1,"name":"Startseite","item":"https:\/\/aktuelles.uni-frankfurt.de\/"},{"@type":"ListItem","position":2,"name":"Einladung zur ersten RMU-Stipendienmesse am 14. Mai 2025"}]},{"@type":"WebSite","@id":"https:\/\/aktuelles.uni-frankfurt.de\/#website","url":"https:\/\/aktuelles.uni-frankfurt.de\/","name":"Aktuelles aus der Goethe-Universit\u00e4t Frankfurt","description":"Aktuelles aus der Goethe-Universit\u00e4t | Neues aus Forschung, Lehre, Studium","publisher":{"@id":"https:\/\/aktuelles.uni-frankfurt.de\/#organization"},"potentialAction":[{"@type":"SearchAction","target":{"@type":"EntryPoint","urlTemplate":"https:\/\/aktuelles.uni-frankfurt.de\/?s={search_term_string}"},"query-input":{"@type":"PropertyValueSpecification","valueRequired":true,"valueName":"search_term_string"}}],"inLanguage":"en-GB"},{"@type":"Organization","@id":"https:\/\/aktuelles.uni-frankfurt.de\/#organization","name":"Goethe University Frankfurt","url":"https:\/\/aktuelles.uni-frankfurt.de\/","logo":{"@type":"ImageObject","inLanguage":"en-GB","@id":"https:\/\/aktuelles.uni-frankfurt.de\/#\/schema\/logo\/image\/","url":"https:\/\/aktuelles.uni-frankfurt.de\/wp-content\/uploads\/2022\/03\/800px-Goethe-Logo.png","contentUrl":"https:\/\/aktuelles.uni-frankfurt.de\/wp-content\/uploads\/2022\/03\/800px-Goethe-Logo.png","width":800,"height":436,"caption":"Goethe-Universit\u00e4t"},"image":{"@id":"https:\/\/aktuelles.uni-frankfurt.de\/#\/schema\/logo\/image\/"}},{"@type":"Person","@id":"https:\/\/aktuelles.uni-frankfurt.de\/#\/schema\/person\/8e55ea338fb65d1ce87a91565d1f1739","name":"-","description":"Dieser Beitrag wurde von der Online-Redaktion ver\u00f6ffentlicht. Wenn der Beitrag von einem Gastautoren verfasst wurde, findet sich dieser Hinweis am Ende des jeweiligen Artikels.","sameAs":["http:\/\/aktuelles.uni-frankfurt.de\/autoren"],"url":"https:\/\/aktuelles.uni-frankfurt.de\/en\/author\/redaktion\/"}]}},"_links":{"self":[{"href":"https:\/\/aktuelles.uni-frankfurt.de\/en\/wp-json\/wp\/v2\/posts\/83920","targetHints":{"allow":["GET"]}}],"collection":[{"href":"https:\/\/aktuelles.uni-frankfurt.de\/en\/wp-json\/wp\/v2\/posts"}],"about":[{"href":"https:\/\/aktuelles.uni-frankfurt.de\/en\/wp-json\/wp\/v2\/types\/post"}],"author":[{"embeddable":true,"href":"https:\/\/aktuelles.uni-frankfurt.de\/en\/wp-json\/wp\/v2\/users\/8"}],"replies":[{"embeddable":true,"href":"https:\/\/aktuelles.uni-frankfurt.de\/en\/wp-json\/wp\/v2\/comments?post=83920"}],"version-history":[{"count":0,"href":"https:\/\/aktuelles.uni-frankfurt.de\/en\/wp-json\/wp\/v2\/posts\/83920\/revisions"}],"wp:featuredmedia":[{"embeddable":true,"href":"https:\/\/aktuelles.uni-frankfurt.de\/en\/wp-json\/wp\/v2\/media\/83921"}],"wp:attachment":[{"href":"https:\/\/aktuelles.uni-frankfurt.de\/en\/wp-json\/wp\/v2\/media?parent=83920"}],"wp:term":[{"taxonomy":"category","embeddable":true,"href":"https:\/\/aktuelles.uni-frankfurt.de\/en\/wp-json\/wp\/v2\/categories?post=83920"},{"taxonomy":"post_tag","embeddable":true,"href":"https:\/\/aktuelles.uni-frankfurt.de\/en\/wp-json\/wp\/v2\/tags?post=83920"},{"taxonomy":"post_folder","embeddable":true,"href":"https:\/\/aktuelles.uni-frankfurt.de\/en\/wp-json\/wp\/v2\/post_folder?post=83920"}],"curies":[{"name":"wp","href":"https:\/\/api.w.org\/{rel}","templated":true}]}}