{"id":83952,"date":"2025-05-16T08:34:00","date_gmt":"2025-05-16T06:34:00","guid":{"rendered":"https:\/\/aktuelles.uni-frankfurt.de\/?p=83952"},"modified":"2025-07-10T16:23:49","modified_gmt":"2025-07-10T14:23:49","slug":"ruediger-weber-finanzwissenschaftler","status":"publish","type":"post","link":"https:\/\/aktuelles.uni-frankfurt.de\/en\/unireport\/ruediger-weber-finanzwissenschaftler\/","title":{"rendered":"R\u00fcdiger Weber, Finanzwirtschaftler"},"content":{"rendered":"<p>Auf einmal wird es ganz einfach: Seit einem halben Jahr hat R\u00fcdiger Weber am Fachbereich Wirtschaftswissenschaften die Stiftungsprofessur \u201eAlternative Investments\u201c inne, vertritt an der Goethe-Universit\u00e4t demnach das Fach \u201eFinance\u201c (Finanzwesen), und im Interview hat er seine Gespr\u00e4chspartnerin vor lauter ,Public Equity\u2018, ,Private Equity\u2018, ,Optionen\u2018, ,Futures\u2018, ,Forwards\u2018, ,Asset Pricing\u2018, ,Venture Capital\u2018, Aggregat \u2026 nahezu schwindlig geredet.<\/p>\n\n\n\n<figure class=\"wp-block-image alignleft size-full is-resized\"><img fetchpriority=\"high\" decoding=\"async\" width=\"650\" height=\"450\" src=\"https:\/\/aktuelles.uni-frankfurt.de\/wp-content\/uploads\/2025\/05\/ruediger-weber-650x450px.jpg\" alt=\"R\u00fcdiger Weber, Foto: J\u00fcrgen Lecher, Goethe-Universit\u00e4t Frankfurt\" class=\"wp-image-83954\" style=\"width:428px;height:auto\" srcset=\"https:\/\/aktuelles.uni-frankfurt.de\/wp-content\/uploads\/2025\/05\/ruediger-weber-650x450px.jpg 650w, https:\/\/aktuelles.uni-frankfurt.de\/wp-content\/uploads\/2025\/05\/ruediger-weber-650x450px-300x208.jpg 300w, https:\/\/aktuelles.uni-frankfurt.de\/wp-content\/uploads\/2025\/05\/ruediger-weber-650x450px-500x346.jpg 500w, https:\/\/aktuelles.uni-frankfurt.de\/wp-content\/uploads\/2025\/05\/ruediger-weber-650x450px-18x12.jpg 18w\" sizes=\"(max-width: 650px) 100vw, 650px\" \/><figcaption class=\"wp-element-caption\">R\u00fcdiger Weber, Foto: J\u00fcrgen Lecher, Goethe-Universit\u00e4t Frankfurt<\/figcaption><\/figure>\n\n\n\n<p>Jetzt erl\u00e4utert er, was er unter der ,Aggregation von Verm\u00f6genswerten\u2018 versteht: \u201eStellen wir uns vor, Adam und Eva sind im Paradies und bekommen jeden Tag entweder einen oder zwei \u00c4pfel; sie wissen im Voraus aber nicht, wie viele \u00c4pfel es sind. In dieser Ungewissheit besteht also ihr Risiko. Irgendwann f\u00e4llt ihnen aber auf, dass immer dann, wenn Adam zwei \u00c4pfel bekommt, Eva nur einen Apfel erh\u00e4lt \u2013 und umgekehrt.\u201c Wenn die beiden sich also zu einem Aggregat zusammenschl\u00f6ssen und die ,Apfelernte\u2018 untereinander aufteilten, bek\u00e4men sie pro Tag drei \u00c4pfel, sagt Weber \u2013 und weil Adam und Eva sich gegenseitig durch ihr Teilen versicherten (gegen ,Apfelknappheit\u2018), bestehe dann f\u00fcr die beiden kein Risiko mehr.<\/p>\n\n\n\n<p>Zwar betrachtet der Volkswirt Weber eine Marktwirtschaft, die doch um einiges komplexer ist als die Zwei-Personen-\u00d6konomie im Garten Eden. Dennoch setzt er voraus, dass die Wirtschaft, die er untersucht, sich in einem allgemeinen Gleichgewicht befindet: Das soll nicht etwa bedeuten, dass sich hier die Preise nicht ver\u00e4ndern, sondern dass sich die Preisentwicklung immer auf Vorg\u00e4nge in der Gesellschaft zur\u00fcckf\u00fchren l\u00e4sst \u2013 die Preise sind endogen bestimmt und spiegeln Umwelteinfl\u00fcsse wie Naturkatastrophen und Kriege ebenso wie menschliches Verhalten wider.<\/p>\n\n\n\n<div style=\"height:20px\" aria-hidden=\"true\" class=\"wp-block-spacer\"><\/div>\n\n\n\n<h2 class=\"wp-block-heading\">Klassische und alternative Investments<\/h2>\n\n\n\n<p>Webers wirtschaftswissenschaftliche Heimat ist die Bewertung von Verm\u00f6genswerten: Er hat sich beispielsweise gefragt, warum Aktien in einer Rezession im Allgemeinen fallen, oder warum die Renditen von Aktien im Mittel h\u00f6her sind als die von Anleihen. Und inzwischen besch\u00e4ftigt er sich auch mit alternativen Investments und erl\u00e4utert: \u201eDas Eigenkapital von ,klassischen Investments\u2018 wird in Form von Aktien an der B\u00f6rse gehandelt und als ,Public Equity\u2018 bezeichnet. Das Kapital eines ,alternativen Investments\u2018 ist hingegen nicht auf viele Investoren verteilt; in diesem Fall sprechen wir von ,Private Equity\u2018.\u201c<\/p>\n\n\n\n<p>Weber beschreibt das Vorgehen eines Private-Equity-Unternehmens: \u201eEs kauft ein nicht-b\u00f6rsengehandeltes Unternehmen mit dem Anspruch, dessen<br>Gesch\u00e4ftsergebnis zu verbessern, sagen wir beispielsweise einen Schuh-Hersteller.\u201c Den behalte das Private-Equity-Unternehmen dann typischerweise einige Jahre und versuche w\u00e4hrend dieser Zeit, den Schuh-Hersteller umzustrukturieren, seine Produktpalette zu optimieren oder das Management ,auf Zack zu bringen\u2018, indem es verlange, dass die Manager sich mit ihrem eigenen Verm\u00f6gen an dem Schuh-Hersteller beteiligten.<\/p>\n\n\n\n<p>Um das Handeln von Unternehmen und dessen finanzielle Auswirkungen zu untersuchen, geht Weber \u00fcberwiegend empirisch vor: \u201eIch analysiere Daten zu Preisen und Renditen von Wertpapieren, zu Zahlungsstr\u00f6men und so weiter. Gesammelt und digitalisiert wurden die Daten von anderen \u2013 sei es von kommerziellen Anbietern, sei es von Regulierungsbeh\u00f6rden oder sonstigen staatlichen Institutionen.\u201c Anhand von schon bestehenden, manchmal von ihm an konkrete Situationen angepassten Modellen \u00fcberpr\u00fcft er dann mit Mitteln der Statistik, ob die Zusammenh\u00e4nge so sind, wie es die Wirtschaftstheorie voraussagt.<\/p>\n\n\n\n<div style=\"height:20px\" aria-hidden=\"true\" class=\"wp-block-spacer\"><\/div>\n\n\n\n<h2 class=\"wp-block-heading\">\u201eUnglaublich vielf\u00e4ltige Forschung\u201c<\/h2>\n\n\n\n<p>Dabei werde ihm immer wieder bewusst, wie sehr ihn seine Forschung fasziniere: \u201eMir geht es ja um die Preise von Verm\u00f6genswerten \u2013 die spiegeln die Pr\u00e4ferenzen der Menschen wider, die mit diesen Verm\u00f6genswerten handeln, sie spiegeln wider, wie die Gesellschaften funktionieren, in denen der Handel getrieben wird und so weiter.\u201c Darin setze sich fort, was er schon zu Beginn seines eigenen Studiums gesp\u00fcrt habe, schw\u00e4rmt Weber, \u201edass in VWL so unglaublich viel drinsteckt, letztlich alles, was mit menschlichem Verhalten zu tun hat \u2026 fast k\u00f6nnte man sagen, VWL erkl\u00e4rt, wie die Welt funktioniert\u201c.<\/p>\n\n\n\n<p>Mit seiner Forschung will Weber beschreiben und erkl\u00e4ren, wie die Welt funktioniert, und einem wichtigen beschreibenden Aspekt will er sich in den kommenden Monaten und Jahren zuwenden \u2013 der ,Risikoteilung zwischen heterogenen Agenten\u2018: \u201eStellen wir uns dazu nochmal Adam und Eva im Paradies vor\u201c, erl\u00e4utert er, \u201eangenommen, sie haben zus\u00e4tzlich zu der stabilen Apfelernte zwei Birnb\u00e4ume, die eine zuf\u00e4llige Gesamtanzahl von Birnen tr\u00e4gt. Wenn Adam risikoscheuer ist als Eva, wird er ihr gerne das Recht auf eine gr\u00f6\u00dfere Anzahl von Birnen einr\u00e4umen, wenn ihm daf\u00fcr eine feste Menge an Birnen zusteht. Wenn Eva nun eine Birnenallergie entwickelt, hat sie kein Interesse mehr an den Birnen, und der Wert von Birnen und Birnb\u00e4umen verf\u00e4llt drastisch.\u201c<\/p>\n\n\n\n<p>Bevor R\u00fcdiger Weber sich ganz auf sein VWL-Studium konzentrierte, um etwas dr\u00fcber zu erfahren, wie die Welt funktioniert, war er in seinem ersten Hochschulsemester noch f\u00fcr das Zweitfach Skandinavistik eingeschrieben. Inzwischen hat er begonnen, seine Sympathie f\u00fcr die nordischen L\u00e4nder an die n\u00e4chste Generation weiterzugeben: Seine zweij\u00e4hrige Tochter ist begeistert, wenn er ihr aus dem schwedischen Bilderbuchklassiker \u201eH\u00e4nschen im Blaubeerenwald\u201c vorliest.<\/p>\n\n\n\n<div style=\"height:20px\" aria-hidden=\"true\" class=\"wp-block-spacer\"><\/div>\n\n\n\n<p class=\"has-text-align-right\"><em>Stefanie Hense<\/em><\/p>","protected":false},"excerpt":{"rendered":"<p>Auf einmal wird es ganz einfach: Seit einem halben Jahr hat R\u00fcdiger Weber am Fachbereich Wirtschaftswissenschaften die Stiftungsprofessur \u201eAlternative Investments\u201c inne, vertritt an der Goethe-Universit\u00e4t demnach das Fach \u201eFinance\u201c (Finanzwesen), [&hellip;]<\/p>\n","protected":false},"author":8,"featured_media":83954,"comment_status":"closed","ping_status":"closed","sticky":false,"template":"","format":"standard","meta":{"_eb_attr":"","_price":"","_stock":"","_tribe_ticket_header":"","_tribe_default_ticket_provider":"","_ticket_start_date":"","_ticket_end_date":"","_tribe_ticket_show_description":"","_tribe_ticket_show_not_going":false,"_tribe_ticket_use_global_stock":"","_tribe_ticket_global_stock_level":"","_global_stock_mode":"","_global_stock_cap":"","_tribe_rsvp_for_event":"","_tribe_ticket_going_count":"","_tribe_ticket_not_going_count":"","_tribe_tickets_list":"[]","_tribe_ticket_has_attendee_info_fields":false,"footnotes":""},"categories":[6,173],"tags":[402,22],"post_folder":[],"class_list":["post-83952","post","type-post","status-publish","format-standard","has-post-thumbnail","hentry","category-menschen","category-unireport","tag-unireport-2-25","tag-wirtschaftswissenschaften"],"yoast_head":"<!-- This site is optimized with the Yoast SEO plugin v27.5 - https:\/\/yoast.com\/product\/yoast-seo-wordpress\/ -->\n<title>R\u00fcdiger Weber, Finanzwirtschaftler | Aktuelles aus der Goethe-Universit\u00e4t Frankfurt<\/title>\n<meta name=\"robots\" content=\"index, follow, max-snippet:-1, max-image-preview:large, max-video-preview:-1\" \/>\n<link rel=\"canonical\" href=\"https:\/\/aktuelles.uni-frankfurt.de\/en\/unireport\/ruediger-weber-finanzwissenschaftler\/\" \/>\n<meta property=\"og:locale\" content=\"en_GB\" \/>\n<meta property=\"og:type\" content=\"article\" \/>\n<meta property=\"og:title\" content=\"R\u00fcdiger Weber, Finanzwirtschaftler | Aktuelles aus der Goethe-Universit\u00e4t Frankfurt\" \/>\n<meta property=\"og:description\" content=\"Auf einmal wird es ganz einfach: Seit einem halben Jahr hat R\u00fcdiger Weber am Fachbereich Wirtschaftswissenschaften die Stiftungsprofessur \u201eAlternative Investments\u201c inne, vertritt an der Goethe-Universit\u00e4t demnach das Fach \u201eFinance\u201c (Finanzwesen), [&hellip;]\" \/>\n<meta property=\"og:url\" content=\"https:\/\/aktuelles.uni-frankfurt.de\/en\/unireport\/ruediger-weber-finanzwissenschaftler\/\" \/>\n<meta property=\"og:site_name\" content=\"Aktuelles aus der Goethe-Universit\u00e4t Frankfurt\" \/>\n<meta property=\"article:published_time\" content=\"2025-05-16T06:34:00+00:00\" \/>\n<meta property=\"article:modified_time\" content=\"2025-07-10T14:23:49+00:00\" \/>\n<meta property=\"og:image\" content=\"https:\/\/aktuelles.uni-frankfurt.de\/wp-content\/uploads\/2025\/05\/ruediger-weber-650x450px.jpg\" \/>\n\t<meta property=\"og:image:width\" content=\"650\" \/>\n\t<meta property=\"og:image:height\" content=\"450\" \/>\n\t<meta property=\"og:image:type\" content=\"image\/jpeg\" \/>\n<meta name=\"author\" content=\"-\" \/>\n<meta name=\"twitter:card\" content=\"summary_large_image\" \/>\n<meta name=\"twitter:label1\" content=\"Written by\" \/>\n\t<meta name=\"twitter:data1\" content=\"-\" \/>\n\t<meta name=\"twitter:label2\" content=\"Estimated reading time\" \/>\n\t<meta name=\"twitter:data2\" content=\"4 minutes\" \/>\n<script type=\"application\/ld+json\" class=\"yoast-schema-graph\">{\"@context\":\"https:\\\/\\\/schema.org\",\"@graph\":[{\"@type\":\"Article\",\"@id\":\"https:\\\/\\\/aktuelles.uni-frankfurt.de\\\/unireport\\\/ruediger-weber-finanzwissenschaftler\\\/#article\",\"isPartOf\":{\"@id\":\"https:\\\/\\\/aktuelles.uni-frankfurt.de\\\/unireport\\\/ruediger-weber-finanzwissenschaftler\\\/\"},\"author\":{\"name\":\"-\",\"@id\":\"https:\\\/\\\/aktuelles.uni-frankfurt.de\\\/#\\\/schema\\\/person\\\/8e55ea338fb65d1ce87a91565d1f1739\"},\"headline\":\"R\u00fcdiger Weber, Finanzwirtschaftler\",\"datePublished\":\"2025-05-16T06:34:00+00:00\",\"dateModified\":\"2025-07-10T14:23:49+00:00\",\"mainEntityOfPage\":{\"@id\":\"https:\\\/\\\/aktuelles.uni-frankfurt.de\\\/unireport\\\/ruediger-weber-finanzwissenschaftler\\\/\"},\"wordCount\":816,\"publisher\":{\"@id\":\"https:\\\/\\\/aktuelles.uni-frankfurt.de\\\/#organization\"},\"image\":{\"@id\":\"https:\\\/\\\/aktuelles.uni-frankfurt.de\\\/unireport\\\/ruediger-weber-finanzwissenschaftler\\\/#primaryimage\"},\"thumbnailUrl\":\"https:\\\/\\\/aktuelles.uni-frankfurt.de\\\/wp-content\\\/uploads\\\/2025\\\/05\\\/ruediger-weber-650x450px.jpg\",\"keywords\":[\"UniReport 2.25\",\"Wirtschaftswissenschaften\"],\"articleSection\":[\"Menschen\",\"UniReport\"],\"inLanguage\":\"en-GB\"},{\"@type\":\"WebPage\",\"@id\":\"https:\\\/\\\/aktuelles.uni-frankfurt.de\\\/unireport\\\/ruediger-weber-finanzwissenschaftler\\\/\",\"url\":\"https:\\\/\\\/aktuelles.uni-frankfurt.de\\\/unireport\\\/ruediger-weber-finanzwissenschaftler\\\/\",\"name\":\"R\u00fcdiger Weber, Finanzwirtschaftler | Aktuelles aus der Goethe-Universit\u00e4t Frankfurt\",\"isPartOf\":{\"@id\":\"https:\\\/\\\/aktuelles.uni-frankfurt.de\\\/#website\"},\"primaryImageOfPage\":{\"@id\":\"https:\\\/\\\/aktuelles.uni-frankfurt.de\\\/unireport\\\/ruediger-weber-finanzwissenschaftler\\\/#primaryimage\"},\"image\":{\"@id\":\"https:\\\/\\\/aktuelles.uni-frankfurt.de\\\/unireport\\\/ruediger-weber-finanzwissenschaftler\\\/#primaryimage\"},\"thumbnailUrl\":\"https:\\\/\\\/aktuelles.uni-frankfurt.de\\\/wp-content\\\/uploads\\\/2025\\\/05\\\/ruediger-weber-650x450px.jpg\",\"datePublished\":\"2025-05-16T06:34:00+00:00\",\"dateModified\":\"2025-07-10T14:23:49+00:00\",\"breadcrumb\":{\"@id\":\"https:\\\/\\\/aktuelles.uni-frankfurt.de\\\/unireport\\\/ruediger-weber-finanzwissenschaftler\\\/#breadcrumb\"},\"inLanguage\":\"en-GB\",\"potentialAction\":[{\"@type\":\"ReadAction\",\"target\":[\"https:\\\/\\\/aktuelles.uni-frankfurt.de\\\/unireport\\\/ruediger-weber-finanzwissenschaftler\\\/\"]}]},{\"@type\":\"ImageObject\",\"inLanguage\":\"en-GB\",\"@id\":\"https:\\\/\\\/aktuelles.uni-frankfurt.de\\\/unireport\\\/ruediger-weber-finanzwissenschaftler\\\/#primaryimage\",\"url\":\"https:\\\/\\\/aktuelles.uni-frankfurt.de\\\/wp-content\\\/uploads\\\/2025\\\/05\\\/ruediger-weber-650x450px.jpg\",\"contentUrl\":\"https:\\\/\\\/aktuelles.uni-frankfurt.de\\\/wp-content\\\/uploads\\\/2025\\\/05\\\/ruediger-weber-650x450px.jpg\",\"width\":650,\"height\":450,\"caption\":\"R\u00fcdiger Weber, Foto: J\u00fcrgen Lecher, Goethe-Universit\u00e4t Frankfurt\"},{\"@type\":\"BreadcrumbList\",\"@id\":\"https:\\\/\\\/aktuelles.uni-frankfurt.de\\\/unireport\\\/ruediger-weber-finanzwissenschaftler\\\/#breadcrumb\",\"itemListElement\":[{\"@type\":\"ListItem\",\"position\":1,\"name\":\"Startseite\",\"item\":\"https:\\\/\\\/aktuelles.uni-frankfurt.de\\\/\"},{\"@type\":\"ListItem\",\"position\":2,\"name\":\"R\u00fcdiger Weber, Finanzwirtschaftler\"}]},{\"@type\":\"WebSite\",\"@id\":\"https:\\\/\\\/aktuelles.uni-frankfurt.de\\\/#website\",\"url\":\"https:\\\/\\\/aktuelles.uni-frankfurt.de\\\/\",\"name\":\"Aktuelles aus der Goethe-Universit\u00e4t Frankfurt\",\"description\":\"Aktuelles aus der Goethe-Universit\u00e4t | Neues aus Forschung, Lehre, Studium\",\"publisher\":{\"@id\":\"https:\\\/\\\/aktuelles.uni-frankfurt.de\\\/#organization\"},\"potentialAction\":[{\"@type\":\"SearchAction\",\"target\":{\"@type\":\"EntryPoint\",\"urlTemplate\":\"https:\\\/\\\/aktuelles.uni-frankfurt.de\\\/?s={search_term_string}\"},\"query-input\":{\"@type\":\"PropertyValueSpecification\",\"valueRequired\":true,\"valueName\":\"search_term_string\"}}],\"inLanguage\":\"en-GB\"},{\"@type\":\"Organization\",\"@id\":\"https:\\\/\\\/aktuelles.uni-frankfurt.de\\\/#organization\",\"name\":\"Goethe-Universit\u00e4t\",\"url\":\"https:\\\/\\\/aktuelles.uni-frankfurt.de\\\/\",\"logo\":{\"@type\":\"ImageObject\",\"inLanguage\":\"en-GB\",\"@id\":\"https:\\\/\\\/aktuelles.uni-frankfurt.de\\\/#\\\/schema\\\/logo\\\/image\\\/\",\"url\":\"https:\\\/\\\/aktuelles.uni-frankfurt.de\\\/wp-content\\\/uploads\\\/2022\\\/03\\\/800px-Goethe-Logo.png\",\"contentUrl\":\"https:\\\/\\\/aktuelles.uni-frankfurt.de\\\/wp-content\\\/uploads\\\/2022\\\/03\\\/800px-Goethe-Logo.png\",\"width\":800,\"height\":436,\"caption\":\"Goethe-Universit\u00e4t\"},\"image\":{\"@id\":\"https:\\\/\\\/aktuelles.uni-frankfurt.de\\\/#\\\/schema\\\/logo\\\/image\\\/\"}},{\"@type\":\"Person\",\"@id\":\"https:\\\/\\\/aktuelles.uni-frankfurt.de\\\/#\\\/schema\\\/person\\\/8e55ea338fb65d1ce87a91565d1f1739\",\"name\":\"-\",\"description\":\"Dieser Beitrag wurde von der Online-Redaktion ver\u00f6ffentlicht. Wenn der Beitrag von einem Gastautoren verfasst wurde, findet sich dieser Hinweis am Ende des jeweiligen Artikels.\",\"sameAs\":[\"http:\\\/\\\/aktuelles.uni-frankfurt.de\\\/autoren\"],\"url\":\"https:\\\/\\\/aktuelles.uni-frankfurt.de\\\/en\\\/author\\\/redaktion\\\/\"}]}<\/script>\n<!-- \/ Yoast SEO plugin. -->","yoast_head_json":{"title":"R\u00fcdiger Weber, Finanzwirtschaftler | Aktuelles aus der Goethe-Universit\u00e4t Frankfurt","robots":{"index":"index","follow":"follow","max-snippet":"max-snippet:-1","max-image-preview":"max-image-preview:large","max-video-preview":"max-video-preview:-1"},"canonical":"https:\/\/aktuelles.uni-frankfurt.de\/en\/unireport\/ruediger-weber-finanzwissenschaftler\/","og_locale":"en_GB","og_type":"article","og_title":"R\u00fcdiger Weber, Finanzwirtschaftler | Aktuelles aus der Goethe-Universit\u00e4t Frankfurt","og_description":"Auf einmal wird es ganz einfach: Seit einem halben Jahr hat R\u00fcdiger Weber am Fachbereich Wirtschaftswissenschaften die Stiftungsprofessur \u201eAlternative Investments\u201c inne, vertritt an der Goethe-Universit\u00e4t demnach das Fach \u201eFinance\u201c (Finanzwesen), [&hellip;]","og_url":"https:\/\/aktuelles.uni-frankfurt.de\/en\/unireport\/ruediger-weber-finanzwissenschaftler\/","og_site_name":"Aktuelles aus der Goethe-Universit\u00e4t Frankfurt","article_published_time":"2025-05-16T06:34:00+00:00","article_modified_time":"2025-07-10T14:23:49+00:00","og_image":[{"width":650,"height":450,"url":"https:\/\/aktuelles.uni-frankfurt.de\/wp-content\/uploads\/2025\/05\/ruediger-weber-650x450px.jpg","type":"image\/jpeg"}],"author":"-","twitter_card":"summary_large_image","twitter_misc":{"Written by":"-","Estimated reading time":"4 minutes"},"schema":{"@context":"https:\/\/schema.org","@graph":[{"@type":"Article","@id":"https:\/\/aktuelles.uni-frankfurt.de\/unireport\/ruediger-weber-finanzwissenschaftler\/#article","isPartOf":{"@id":"https:\/\/aktuelles.uni-frankfurt.de\/unireport\/ruediger-weber-finanzwissenschaftler\/"},"author":{"name":"-","@id":"https:\/\/aktuelles.uni-frankfurt.de\/#\/schema\/person\/8e55ea338fb65d1ce87a91565d1f1739"},"headline":"R\u00fcdiger Weber, Finanzwirtschaftler","datePublished":"2025-05-16T06:34:00+00:00","dateModified":"2025-07-10T14:23:49+00:00","mainEntityOfPage":{"@id":"https:\/\/aktuelles.uni-frankfurt.de\/unireport\/ruediger-weber-finanzwissenschaftler\/"},"wordCount":816,"publisher":{"@id":"https:\/\/aktuelles.uni-frankfurt.de\/#organization"},"image":{"@id":"https:\/\/aktuelles.uni-frankfurt.de\/unireport\/ruediger-weber-finanzwissenschaftler\/#primaryimage"},"thumbnailUrl":"https:\/\/aktuelles.uni-frankfurt.de\/wp-content\/uploads\/2025\/05\/ruediger-weber-650x450px.jpg","keywords":["UniReport 2.25","Wirtschaftswissenschaften"],"articleSection":["Menschen","UniReport"],"inLanguage":"en-GB"},{"@type":"WebPage","@id":"https:\/\/aktuelles.uni-frankfurt.de\/unireport\/ruediger-weber-finanzwissenschaftler\/","url":"https:\/\/aktuelles.uni-frankfurt.de\/unireport\/ruediger-weber-finanzwissenschaftler\/","name":"R\u00fcdiger Weber, Finanzwirtschaftler | Aktuelles aus der Goethe-Universit\u00e4t Frankfurt","isPartOf":{"@id":"https:\/\/aktuelles.uni-frankfurt.de\/#website"},"primaryImageOfPage":{"@id":"https:\/\/aktuelles.uni-frankfurt.de\/unireport\/ruediger-weber-finanzwissenschaftler\/#primaryimage"},"image":{"@id":"https:\/\/aktuelles.uni-frankfurt.de\/unireport\/ruediger-weber-finanzwissenschaftler\/#primaryimage"},"thumbnailUrl":"https:\/\/aktuelles.uni-frankfurt.de\/wp-content\/uploads\/2025\/05\/ruediger-weber-650x450px.jpg","datePublished":"2025-05-16T06:34:00+00:00","dateModified":"2025-07-10T14:23:49+00:00","breadcrumb":{"@id":"https:\/\/aktuelles.uni-frankfurt.de\/unireport\/ruediger-weber-finanzwissenschaftler\/#breadcrumb"},"inLanguage":"en-GB","potentialAction":[{"@type":"ReadAction","target":["https:\/\/aktuelles.uni-frankfurt.de\/unireport\/ruediger-weber-finanzwissenschaftler\/"]}]},{"@type":"ImageObject","inLanguage":"en-GB","@id":"https:\/\/aktuelles.uni-frankfurt.de\/unireport\/ruediger-weber-finanzwissenschaftler\/#primaryimage","url":"https:\/\/aktuelles.uni-frankfurt.de\/wp-content\/uploads\/2025\/05\/ruediger-weber-650x450px.jpg","contentUrl":"https:\/\/aktuelles.uni-frankfurt.de\/wp-content\/uploads\/2025\/05\/ruediger-weber-650x450px.jpg","width":650,"height":450,"caption":"R\u00fcdiger Weber, Foto: J\u00fcrgen Lecher, Goethe-Universit\u00e4t Frankfurt"},{"@type":"BreadcrumbList","@id":"https:\/\/aktuelles.uni-frankfurt.de\/unireport\/ruediger-weber-finanzwissenschaftler\/#breadcrumb","itemListElement":[{"@type":"ListItem","position":1,"name":"Startseite","item":"https:\/\/aktuelles.uni-frankfurt.de\/"},{"@type":"ListItem","position":2,"name":"R\u00fcdiger Weber, Finanzwirtschaftler"}]},{"@type":"WebSite","@id":"https:\/\/aktuelles.uni-frankfurt.de\/#website","url":"https:\/\/aktuelles.uni-frankfurt.de\/","name":"Aktuelles aus der Goethe-Universit\u00e4t Frankfurt","description":"Aktuelles aus der Goethe-Universit\u00e4t | Neues aus Forschung, Lehre, Studium","publisher":{"@id":"https:\/\/aktuelles.uni-frankfurt.de\/#organization"},"potentialAction":[{"@type":"SearchAction","target":{"@type":"EntryPoint","urlTemplate":"https:\/\/aktuelles.uni-frankfurt.de\/?s={search_term_string}"},"query-input":{"@type":"PropertyValueSpecification","valueRequired":true,"valueName":"search_term_string"}}],"inLanguage":"en-GB"},{"@type":"Organization","@id":"https:\/\/aktuelles.uni-frankfurt.de\/#organization","name":"Goethe University Frankfurt","url":"https:\/\/aktuelles.uni-frankfurt.de\/","logo":{"@type":"ImageObject","inLanguage":"en-GB","@id":"https:\/\/aktuelles.uni-frankfurt.de\/#\/schema\/logo\/image\/","url":"https:\/\/aktuelles.uni-frankfurt.de\/wp-content\/uploads\/2022\/03\/800px-Goethe-Logo.png","contentUrl":"https:\/\/aktuelles.uni-frankfurt.de\/wp-content\/uploads\/2022\/03\/800px-Goethe-Logo.png","width":800,"height":436,"caption":"Goethe-Universit\u00e4t"},"image":{"@id":"https:\/\/aktuelles.uni-frankfurt.de\/#\/schema\/logo\/image\/"}},{"@type":"Person","@id":"https:\/\/aktuelles.uni-frankfurt.de\/#\/schema\/person\/8e55ea338fb65d1ce87a91565d1f1739","name":"-","description":"Dieser Beitrag wurde von der Online-Redaktion ver\u00f6ffentlicht. Wenn der Beitrag von einem Gastautoren verfasst wurde, findet sich dieser Hinweis am Ende des jeweiligen Artikels.","sameAs":["http:\/\/aktuelles.uni-frankfurt.de\/autoren"],"url":"https:\/\/aktuelles.uni-frankfurt.de\/en\/author\/redaktion\/"}]}},"_links":{"self":[{"href":"https:\/\/aktuelles.uni-frankfurt.de\/en\/wp-json\/wp\/v2\/posts\/83952","targetHints":{"allow":["GET"]}}],"collection":[{"href":"https:\/\/aktuelles.uni-frankfurt.de\/en\/wp-json\/wp\/v2\/posts"}],"about":[{"href":"https:\/\/aktuelles.uni-frankfurt.de\/en\/wp-json\/wp\/v2\/types\/post"}],"author":[{"embeddable":true,"href":"https:\/\/aktuelles.uni-frankfurt.de\/en\/wp-json\/wp\/v2\/users\/8"}],"replies":[{"embeddable":true,"href":"https:\/\/aktuelles.uni-frankfurt.de\/en\/wp-json\/wp\/v2\/comments?post=83952"}],"version-history":[{"count":0,"href":"https:\/\/aktuelles.uni-frankfurt.de\/en\/wp-json\/wp\/v2\/posts\/83952\/revisions"}],"wp:featuredmedia":[{"embeddable":true,"href":"https:\/\/aktuelles.uni-frankfurt.de\/en\/wp-json\/wp\/v2\/media\/83954"}],"wp:attachment":[{"href":"https:\/\/aktuelles.uni-frankfurt.de\/en\/wp-json\/wp\/v2\/media?parent=83952"}],"wp:term":[{"taxonomy":"category","embeddable":true,"href":"https:\/\/aktuelles.uni-frankfurt.de\/en\/wp-json\/wp\/v2\/categories?post=83952"},{"taxonomy":"post_tag","embeddable":true,"href":"https:\/\/aktuelles.uni-frankfurt.de\/en\/wp-json\/wp\/v2\/tags?post=83952"},{"taxonomy":"post_folder","embeddable":true,"href":"https:\/\/aktuelles.uni-frankfurt.de\/en\/wp-json\/wp\/v2\/post_folder?post=83952"}],"curies":[{"name":"wp","href":"https:\/\/api.w.org\/{rel}","templated":true}]}}