{"id":84118,"date":"2025-05-26T10:35:00","date_gmt":"2025-05-26T08:35:00","guid":{"rendered":"https:\/\/aktuelles.uni-frankfurt.de\/?p=84118"},"modified":"2025-05-26T13:45:32","modified_gmt":"2025-05-26T11:45:32","slug":"center-for-humanities-goethe-universitaet-feiert-richtfest","status":"publish","type":"post","link":"https:\/\/aktuelles.uni-frankfurt.de\/en\/campus\/center-for-humanities-goethe-universitaet-feiert-richtfest\/","title":{"rendered":"Center for Humanities: Goethe-Universit\u00e4t feiert Richtfest"},"content":{"rendered":"<p><em>Der Bau am n\u00f6rdlichen Eingang zum Campus Westend ist bislang im Zeitplan<\/em><\/p>\n\n\n\n<p><strong>Fast genau ein Jahr nach dem offiziellen ersten Spatenstich feiert die Goethe-Universit\u00e4t Richtfest am k\u00fcnftigen Center for Humanities auf dem Campus Westend. Eine Besonderheit ist, dass die Universit\u00e4t das neue Geb\u00e4ude in Eigenregie erstellen l\u00e4sst.<\/strong><\/p>\n\n\n\n<figure class=\"wp-block-image aligncenter size-full\"><img fetchpriority=\"high\" decoding=\"async\" width=\"1200\" height=\"550\" src=\"https:\/\/aktuelles.uni-frankfurt.de\/wp-content\/uploads\/2025\/05\/beitrag_center-for-humanities_03.jpg\" alt=\"\" class=\"wp-image-84139\" srcset=\"https:\/\/aktuelles.uni-frankfurt.de\/wp-content\/uploads\/2025\/05\/beitrag_center-for-humanities_03.jpg 1200w, https:\/\/aktuelles.uni-frankfurt.de\/wp-content\/uploads\/2025\/05\/beitrag_center-for-humanities_03-300x138.jpg 300w, https:\/\/aktuelles.uni-frankfurt.de\/wp-content\/uploads\/2025\/05\/beitrag_center-for-humanities_03-500x229.jpg 500w, https:\/\/aktuelles.uni-frankfurt.de\/wp-content\/uploads\/2025\/05\/beitrag_center-for-humanities_03-768x352.jpg 768w, https:\/\/aktuelles.uni-frankfurt.de\/wp-content\/uploads\/2025\/05\/beitrag_center-for-humanities_03-18x8.jpg 18w\" sizes=\"(max-width: 1200px) 100vw, 1200px\" \/><figcaption class=\"wp-element-caption\">Der Rohbau ist geschafft! Architekt Esref Yavuz (von links), der Hessische Minister f\u00fcr Wissenschaft und Forschung, Kunst und Kultur Timon Gremmels, Projektleiterin Stephanie K\u00f6hler-Frank, Frank Wissel, Oberpolier bei der Z\u00fcblin AG und Universit\u00e4tspr\u00e4sident Prof. Enrico Schleiff beim Richtfest f\u00fcr das k\u00fcnftige Center for Humanities. (Foto: Uwe Dettmar)<\/figcaption><\/figure>\n\n\n\n<p>2800 Quadratmeter, alles in allem sieben Stockwerke, 180 B\u00fcroarbeitspl\u00e4tze, vier Seminarr\u00e4ume, eine Probeb\u00fchne und ein gro\u00dfer Multifunktionsraum \u2013 dies alles wird das k\u00fcnftige Center for Humanities zu bieten haben, wenn es im Jahr 2026 in Betrieb gehen wird \u2013 viel Raum unter anderem f\u00fcr innovative, zukunftsweisende Forschungsprojekte, die aus Drittmitteln gef\u00f6rdert werden. Sein Standort auf dem Campus Westend in direkter Nachbarschaft zum 2022 fertiggestellten Geb\u00e4ude der Sprach- und Kulturwissenschaften und zum Leibniz-Institut f\u00fcr Bildungsforschung und Bildungsinformation DIPF ist prominent: An der Ecke von Miquel- und Hansallee wird das Center for Humanities schon von weitem das Erscheinungsbild der Universit\u00e4t pr\u00e4gen. Der Rohbau steht, sogar das Dach ist bereits geschlossen \u2013 heute wurde Richtfest gefeiert.<\/p>\n\n\n\n<figure class=\"wp-block-image alignright size-full is-resized\"><img decoding=\"async\" width=\"650\" height=\"450\" src=\"https:\/\/aktuelles.uni-frankfurt.de\/wp-content\/uploads\/2025\/05\/beitragsbild_center-for-humanities_01.jpg\" alt=\"\" class=\"wp-image-84136\" style=\"width:497px;height:auto\" srcset=\"https:\/\/aktuelles.uni-frankfurt.de\/wp-content\/uploads\/2025\/05\/beitragsbild_center-for-humanities_01.jpg 650w, https:\/\/aktuelles.uni-frankfurt.de\/wp-content\/uploads\/2025\/05\/beitragsbild_center-for-humanities_01-300x208.jpg 300w, https:\/\/aktuelles.uni-frankfurt.de\/wp-content\/uploads\/2025\/05\/beitragsbild_center-for-humanities_01-500x346.jpg 500w, https:\/\/aktuelles.uni-frankfurt.de\/wp-content\/uploads\/2025\/05\/beitragsbild_center-for-humanities_01-18x12.jpg 18w\" sizes=\"(max-width: 650px) 100vw, 650px\" \/><figcaption class=\"wp-element-caption\">Dankte allen Gewerken von Planung bis Ausf\u00fchrung: Universit\u00e4tspr\u00e4sident Enrico Schleiff beim Richtfest f\u00fcr das k\u00fcnftige Center for Humanities auf dem Campus Westend. (Foto: Uwe Dettmar)<\/figcaption><\/figure>\n\n\n\n<p>\u201eIch bin begeistert, wie gro\u00dfartig sich der Bau entwickelt hat. Das ist ein gutes Zeichen f\u00fcr die zuk\u00fcnftige Nutzung durch drittmittelgef\u00f6rderte Forschungsprojekte\u201c, sagte Universit\u00e4tspr\u00e4sident Professor Enrico Schleiff beim Richtfest. \u201eDas Projekt \u201aCenter for Humanities\u2018 ist bislang sowohl zeitlich als auch finanziell im Planungsrahmen geblieben. Daran haben alle Beteiligten mit ihrer exzellenten Arbeit mitgewirkt. Allen Gewerken von Planung bis Ausf\u00fchrung gilt mein gro\u00dfer Dank \u2013 man sieht dem Geb\u00e4ude die Begeisterung der dort Arbeitenden an.\u201c<\/p>\n\n\n\n<figure class=\"wp-block-image alignleft size-large\"><img decoding=\"async\" width=\"500\" height=\"346\" src=\"https:\/\/aktuelles.uni-frankfurt.de\/wp-content\/uploads\/2025\/05\/beitragsbild_Rohbau_CenterForHumanities_Foto_MustafaOmerovic-500x346.jpg\" alt=\"\" class=\"wp-image-84116\" srcset=\"https:\/\/aktuelles.uni-frankfurt.de\/wp-content\/uploads\/2025\/05\/beitragsbild_Rohbau_CenterForHumanities_Foto_MustafaOmerovic-500x346.jpg 500w, https:\/\/aktuelles.uni-frankfurt.de\/wp-content\/uploads\/2025\/05\/beitragsbild_Rohbau_CenterForHumanities_Foto_MustafaOmerovic-300x208.jpg 300w, https:\/\/aktuelles.uni-frankfurt.de\/wp-content\/uploads\/2025\/05\/beitragsbild_Rohbau_CenterForHumanities_Foto_MustafaOmerovic-18x12.jpg 18w, https:\/\/aktuelles.uni-frankfurt.de\/wp-content\/uploads\/2025\/05\/beitragsbild_Rohbau_CenterForHumanities_Foto_MustafaOmerovic.jpg 650w\" sizes=\"(max-width: 500px) 100vw, 500px\" \/><figcaption class=\"wp-element-caption\">Der Rohbau ist abgeschlossen, das k\u00fcnftige Center for Humanities ist im Zeitplan. Hier ein Blick vom Baukran. (Foto: Mustafa Omrovic)<\/figcaption><\/figure>\n\n\n\n<p>Tats\u00e4chlich handelt es sich um das erste Geb\u00e4ude, f\u00fcr das die Goethe-Universit\u00e4t die gesamte Objektplanung und Finanzierung \u00fcbernommen hat. Der Entwurf stammt von Esref Yavuz, Leiter der Abteilung Planung und Bauen, der dabei ganz unterschiedliche Bed\u00fcrfnisse ber\u00fccksichtigt hat. Von Osten und Westen wird das Geb\u00e4ude ebenerdig zug\u00e4nglich sein, man gelangt in das gro\u00dfz\u00fcgige Foyer und kann in einen zweigeschossigen verglasten Raum schauen, der f\u00fcr Ausstellungen und Veranstaltungen genutzt werden kann. Auf der anderen Seite des Foyers befindet sich die Probeb\u00fchne, die sich vom Untergeschoss ins Erdgeschoss erstreckt und die auch von au\u00dfen einsichtig ist. Die B\u00fchne steht f\u00fcr Proben und Auff\u00fchrungen der Studierenden des Instituts f\u00fcr Theater-, Film- und Medienwissenschaften zur Verf\u00fcgung und kann auch vom Universit\u00e4tsorchester und von der Medientechnik der Universit\u00e4t genutzt werden. \u201eDie Proben von drau\u00dfen beobachten zu k\u00f6nnen, das stelle ich mir sehr spannend vor\u201c, sagt Stephanie K\u00f6hler-Frank, die als unizugeh\u00f6rige Architektin die Projektleitung innehat. Ein bis zweimal w\u00f6chentlich besucht K\u00f6hler-Frank die Baustelle, macht sich ein Bild von den Fortschritten, spricht mit der Bauleitung. In ihre Planungsbesprechungen flie\u00dfen die Erfahrungswerte aus unispezifischer Nutzung ein \u2013 ein nicht zu untersch\u00e4tzender Vorteil bei den vielen Entscheidungen, die zu treffen sind.<\/p>\n\n\n\n<p>Im Erdgeschoss des Center for Humanities befinden sich au\u00dferdem ein Seminarraum und ein B\u00fcro. Drei weitere Seminarr\u00e4ume sind im ersten Obergeschoss angelegt, au\u00dferdem Lernbereiche f\u00fcr Studierende. In den Stockwerken zwei bis f\u00fcnf werden rund 180 B\u00fcroarbeitspl\u00e4tze vor allem f\u00fcr Drittmittelprojekte eingerichet \u2013 zum Teil in Zellen- zum Teil in Gruppenb\u00fcros. Mit der Ausf\u00fchrungsplanung ist das Architekturb\u00fcro ArGe Architekten beauftragt, die Gesamtkosten sind auf rund 20 Millionen Euro veranschlagt.<\/p>\n\n\n\n<p>\u201eDas Center for Humanities wird ein \u201aSchaufenster\u2018 f\u00fcr Forschung, Lehre und Kunst, offen f\u00fcr alle Fachbereiche der Goethe-Universit\u00e4t Frankfurt. Mit dem Bau erg\u00e4nzt die Hochschule ihren geistes- und sozialwissenschaftlichen Campus Westend \u2013 und geht einen weiteren wichtigen Schritt auf dem Weg, die Einrichtungen des Campus Bockenheim auf den Campus Westend und den Campus Riedberg zu verlagern. Wir als Landesregierung unterst\u00fctzen diese Standortneuordnung und haben daf\u00fcr bereits \u00fcber eine Milliarde Euro aus dem Hochschulbauinvestitionsprogramm HEUREKA investiert. Wir vertrauen auf die Kompetenz der universit\u00e4tseigenen Bauverwaltung und haben ihr f\u00fcr diesen Bau die projektbezogene Bauherrschaft \u00fcbertragen, was der Universit\u00e4t die eigenst\u00e4ndige Umsetzung dieser Bauma\u00dfnahme erm\u00f6glicht\u201c, erkl\u00e4rt der Hessische Minister f\u00fcr Wissenschaft und Forschung, Kunst und Kultur, Timon Gremmels.<\/p>\n\n\n\n<figure class=\"wp-block-image aligncenter size-full\"><img loading=\"lazy\" decoding=\"async\" width=\"650\" height=\"450\" src=\"https:\/\/aktuelles.uni-frankfurt.de\/wp-content\/uploads\/2025\/05\/beitrag_center-for-humanities_02.jpg\" alt=\"\" class=\"wp-image-84138\" srcset=\"https:\/\/aktuelles.uni-frankfurt.de\/wp-content\/uploads\/2025\/05\/beitrag_center-for-humanities_02.jpg 650w, https:\/\/aktuelles.uni-frankfurt.de\/wp-content\/uploads\/2025\/05\/beitrag_center-for-humanities_02-300x208.jpg 300w, https:\/\/aktuelles.uni-frankfurt.de\/wp-content\/uploads\/2025\/05\/beitrag_center-for-humanities_02-500x346.jpg 500w, https:\/\/aktuelles.uni-frankfurt.de\/wp-content\/uploads\/2025\/05\/beitrag_center-for-humanities_02-18x12.jpg 18w\" sizes=\"(max-width: 650px) 100vw, 650px\" \/><figcaption class=\"wp-element-caption\">Ein wichtiges Etappenziel ist erreicht: Mit zahlreichen G\u00e4sten wurde am Montag, 26. Mai 2025, das Richtfest f\u00fcr das k\u00fcnftige Center for Humanities gefeiert. (Foto: Uwe Dettmar)<\/figcaption><\/figure>\n\n\n\n<figure class=\"wp-block-image aligncenter size-full\"><img loading=\"lazy\" decoding=\"async\" width=\"650\" height=\"450\" src=\"https:\/\/aktuelles.uni-frankfurt.de\/wp-content\/uploads\/2025\/05\/beitrag_center-for-humanities_04.jpg\" alt=\"\" class=\"wp-image-84141\" srcset=\"https:\/\/aktuelles.uni-frankfurt.de\/wp-content\/uploads\/2025\/05\/beitrag_center-for-humanities_04.jpg 650w, https:\/\/aktuelles.uni-frankfurt.de\/wp-content\/uploads\/2025\/05\/beitrag_center-for-humanities_04-300x208.jpg 300w, https:\/\/aktuelles.uni-frankfurt.de\/wp-content\/uploads\/2025\/05\/beitrag_center-for-humanities_04-500x346.jpg 500w, https:\/\/aktuelles.uni-frankfurt.de\/wp-content\/uploads\/2025\/05\/beitrag_center-for-humanities_04-18x12.jpg 18w\" sizes=\"(max-width: 650px) 100vw, 650px\" \/><figcaption class=\"wp-element-caption\">Projektleiterin Stephanie K\u00f6hler-Frank f\u00fchrt die G\u00e4ste durch den Rohbau. Hier ein Blick in einen der Seminarr\u00e4ume im ersten Obergeschoss. (Foto: Uwe Dettmar)<\/figcaption><\/figure>","protected":false},"excerpt":{"rendered":"<p>Der Bau am n\u00f6rdlichen Eingang zum Campus Westend ist bislang im Zeitplan Fast genau ein Jahr nach dem offiziellen ersten Spatenstich feiert die Goethe-Universit\u00e4t Richtfest am k\u00fcnftigen Center for Humanities [&hellip;]<\/p>\n","protected":false},"author":5,"featured_media":84138,"comment_status":"closed","ping_status":"closed","sticky":false,"template":"","format":"standard","meta":{"_eb_attr":"","_price":"","_stock":"","_tribe_ticket_header":"","_tribe_default_ticket_provider":"","_ticket_start_date":"","_ticket_end_date":"","_tribe_ticket_show_description":"","_tribe_ticket_show_not_going":false,"_tribe_ticket_use_global_stock":"","_tribe_ticket_global_stock_level":"","_global_stock_mode":"","_global_stock_cap":"","_tribe_rsvp_for_event":"","_tribe_ticket_going_count":"","_tribe_ticket_not_going_count":"","_tribe_tickets_list":"[]","_tribe_ticket_has_attendee_info_fields":false,"footnotes":""},"categories":[5,8,139],"tags":[17],"post_folder":[],"class_list":["post-84118","post","type-post","status-publish","format-standard","has-post-thumbnail","hentry","category-campus","category-hochschule","category-instagram","tag-campus-westend"],"yoast_head":"<!-- This site is optimized with the Yoast SEO plugin v27.5 - https:\/\/yoast.com\/product\/yoast-seo-wordpress\/ -->\n<title>Center for Humanities: Goethe-Universit\u00e4t feiert Richtfest | Aktuelles aus der Goethe-Universit\u00e4t Frankfurt<\/title>\n<meta name=\"robots\" content=\"index, follow, max-snippet:-1, max-image-preview:large, max-video-preview:-1\" \/>\n<link rel=\"canonical\" href=\"https:\/\/aktuelles.uni-frankfurt.de\/en\/campus\/center-for-humanities-goethe-universitaet-feiert-richtfest\/\" \/>\n<meta property=\"og:locale\" content=\"en_GB\" \/>\n<meta property=\"og:type\" content=\"article\" \/>\n<meta property=\"og:title\" content=\"Center for Humanities: Goethe-Universit\u00e4t feiert Richtfest | Aktuelles aus der Goethe-Universit\u00e4t Frankfurt\" \/>\n<meta property=\"og:description\" content=\"Der Bau am n\u00f6rdlichen Eingang zum Campus Westend ist bislang im Zeitplan Fast genau ein Jahr nach dem offiziellen ersten Spatenstich feiert die Goethe-Universit\u00e4t Richtfest am k\u00fcnftigen Center for Humanities [&hellip;]\" \/>\n<meta property=\"og:url\" content=\"https:\/\/aktuelles.uni-frankfurt.de\/en\/campus\/center-for-humanities-goethe-universitaet-feiert-richtfest\/\" \/>\n<meta property=\"og:site_name\" content=\"Aktuelles aus der Goethe-Universit\u00e4t Frankfurt\" \/>\n<meta property=\"article:published_time\" content=\"2025-05-26T08:35:00+00:00\" \/>\n<meta property=\"article:modified_time\" content=\"2025-05-26T11:45:32+00:00\" \/>\n<meta property=\"og:image\" content=\"https:\/\/aktuelles.uni-frankfurt.de\/wp-content\/uploads\/2025\/05\/beitrag_center-for-humanities_02.jpg\" \/>\n\t<meta property=\"og:image:width\" content=\"650\" \/>\n\t<meta property=\"og:image:height\" content=\"450\" \/>\n\t<meta property=\"og:image:type\" content=\"image\/jpeg\" \/>\n<meta name=\"author\" content=\"Dr. Anke Sauter\" \/>\n<meta name=\"twitter:card\" content=\"summary_large_image\" \/>\n<meta name=\"twitter:label1\" content=\"Written by\" \/>\n\t<meta name=\"twitter:data1\" content=\"Dr. Anke Sauter\" \/>\n\t<meta name=\"twitter:label2\" content=\"Estimated reading time\" \/>\n\t<meta name=\"twitter:data2\" content=\"4 minutes\" \/>\n<script type=\"application\/ld+json\" class=\"yoast-schema-graph\">{\"@context\":\"https:\\\/\\\/schema.org\",\"@graph\":[{\"@type\":\"Article\",\"@id\":\"https:\\\/\\\/aktuelles.uni-frankfurt.de\\\/campus\\\/center-for-humanities-goethe-universitaet-feiert-richtfest\\\/#article\",\"isPartOf\":{\"@id\":\"https:\\\/\\\/aktuelles.uni-frankfurt.de\\\/campus\\\/center-for-humanities-goethe-universitaet-feiert-richtfest\\\/\"},\"author\":{\"name\":\"Dr. Anke Sauter\",\"@id\":\"https:\\\/\\\/aktuelles.uni-frankfurt.de\\\/#\\\/schema\\\/person\\\/1b9eb6fa6c6aed90031661dd4e37970d\"},\"headline\":\"Center for Humanities: Goethe-Universit\u00e4t feiert Richtfest\",\"datePublished\":\"2025-05-26T08:35:00+00:00\",\"dateModified\":\"2025-05-26T11:45:32+00:00\",\"mainEntityOfPage\":{\"@id\":\"https:\\\/\\\/aktuelles.uni-frankfurt.de\\\/campus\\\/center-for-humanities-goethe-universitaet-feiert-richtfest\\\/\"},\"wordCount\":842,\"publisher\":{\"@id\":\"https:\\\/\\\/aktuelles.uni-frankfurt.de\\\/#organization\"},\"image\":{\"@id\":\"https:\\\/\\\/aktuelles.uni-frankfurt.de\\\/campus\\\/center-for-humanities-goethe-universitaet-feiert-richtfest\\\/#primaryimage\"},\"thumbnailUrl\":\"https:\\\/\\\/aktuelles.uni-frankfurt.de\\\/wp-content\\\/uploads\\\/2025\\\/05\\\/beitrag_center-for-humanities_02.jpg\",\"keywords\":[\"Campus Westend\"],\"articleSection\":[\"Campus\",\"Hochschule\",\"Instagram\"],\"inLanguage\":\"en-GB\"},{\"@type\":\"WebPage\",\"@id\":\"https:\\\/\\\/aktuelles.uni-frankfurt.de\\\/campus\\\/center-for-humanities-goethe-universitaet-feiert-richtfest\\\/\",\"url\":\"https:\\\/\\\/aktuelles.uni-frankfurt.de\\\/campus\\\/center-for-humanities-goethe-universitaet-feiert-richtfest\\\/\",\"name\":\"Center for Humanities: Goethe-Universit\u00e4t feiert Richtfest | Aktuelles aus der Goethe-Universit\u00e4t Frankfurt\",\"isPartOf\":{\"@id\":\"https:\\\/\\\/aktuelles.uni-frankfurt.de\\\/#website\"},\"primaryImageOfPage\":{\"@id\":\"https:\\\/\\\/aktuelles.uni-frankfurt.de\\\/campus\\\/center-for-humanities-goethe-universitaet-feiert-richtfest\\\/#primaryimage\"},\"image\":{\"@id\":\"https:\\\/\\\/aktuelles.uni-frankfurt.de\\\/campus\\\/center-for-humanities-goethe-universitaet-feiert-richtfest\\\/#primaryimage\"},\"thumbnailUrl\":\"https:\\\/\\\/aktuelles.uni-frankfurt.de\\\/wp-content\\\/uploads\\\/2025\\\/05\\\/beitrag_center-for-humanities_02.jpg\",\"datePublished\":\"2025-05-26T08:35:00+00:00\",\"dateModified\":\"2025-05-26T11:45:32+00:00\",\"breadcrumb\":{\"@id\":\"https:\\\/\\\/aktuelles.uni-frankfurt.de\\\/campus\\\/center-for-humanities-goethe-universitaet-feiert-richtfest\\\/#breadcrumb\"},\"inLanguage\":\"en-GB\",\"potentialAction\":[{\"@type\":\"ReadAction\",\"target\":[\"https:\\\/\\\/aktuelles.uni-frankfurt.de\\\/campus\\\/center-for-humanities-goethe-universitaet-feiert-richtfest\\\/\"]}]},{\"@type\":\"ImageObject\",\"inLanguage\":\"en-GB\",\"@id\":\"https:\\\/\\\/aktuelles.uni-frankfurt.de\\\/campus\\\/center-for-humanities-goethe-universitaet-feiert-richtfest\\\/#primaryimage\",\"url\":\"https:\\\/\\\/aktuelles.uni-frankfurt.de\\\/wp-content\\\/uploads\\\/2025\\\/05\\\/beitrag_center-for-humanities_02.jpg\",\"contentUrl\":\"https:\\\/\\\/aktuelles.uni-frankfurt.de\\\/wp-content\\\/uploads\\\/2025\\\/05\\\/beitrag_center-for-humanities_02.jpg\",\"width\":650,\"height\":450,\"caption\":\"Ein wichtiges Etappenziel ist erreicht: Mit zahlreichen G\u00e4sten wurde am Montag, 26. Mai 2025, das Richtfest f\u00fcr das k\u00fcnftige Center for Humanities gefeiert. (Foto: Uwe Dettmar)\"},{\"@type\":\"BreadcrumbList\",\"@id\":\"https:\\\/\\\/aktuelles.uni-frankfurt.de\\\/campus\\\/center-for-humanities-goethe-universitaet-feiert-richtfest\\\/#breadcrumb\",\"itemListElement\":[{\"@type\":\"ListItem\",\"position\":1,\"name\":\"Startseite\",\"item\":\"https:\\\/\\\/aktuelles.uni-frankfurt.de\\\/\"},{\"@type\":\"ListItem\",\"position\":2,\"name\":\"Center for Humanities: Goethe-Universit\u00e4t feiert Richtfest\"}]},{\"@type\":\"WebSite\",\"@id\":\"https:\\\/\\\/aktuelles.uni-frankfurt.de\\\/#website\",\"url\":\"https:\\\/\\\/aktuelles.uni-frankfurt.de\\\/\",\"name\":\"Aktuelles aus der Goethe-Universit\u00e4t Frankfurt\",\"description\":\"Aktuelles aus der Goethe-Universit\u00e4t | Neues aus Forschung, Lehre, Studium\",\"publisher\":{\"@id\":\"https:\\\/\\\/aktuelles.uni-frankfurt.de\\\/#organization\"},\"potentialAction\":[{\"@type\":\"SearchAction\",\"target\":{\"@type\":\"EntryPoint\",\"urlTemplate\":\"https:\\\/\\\/aktuelles.uni-frankfurt.de\\\/?s={search_term_string}\"},\"query-input\":{\"@type\":\"PropertyValueSpecification\",\"valueRequired\":true,\"valueName\":\"search_term_string\"}}],\"inLanguage\":\"en-GB\"},{\"@type\":\"Organization\",\"@id\":\"https:\\\/\\\/aktuelles.uni-frankfurt.de\\\/#organization\",\"name\":\"Goethe-Universit\u00e4t\",\"url\":\"https:\\\/\\\/aktuelles.uni-frankfurt.de\\\/\",\"logo\":{\"@type\":\"ImageObject\",\"inLanguage\":\"en-GB\",\"@id\":\"https:\\\/\\\/aktuelles.uni-frankfurt.de\\\/#\\\/schema\\\/logo\\\/image\\\/\",\"url\":\"https:\\\/\\\/aktuelles.uni-frankfurt.de\\\/wp-content\\\/uploads\\\/2022\\\/03\\\/800px-Goethe-Logo.png\",\"contentUrl\":\"https:\\\/\\\/aktuelles.uni-frankfurt.de\\\/wp-content\\\/uploads\\\/2022\\\/03\\\/800px-Goethe-Logo.png\",\"width\":800,\"height\":436,\"caption\":\"Goethe-Universit\u00e4t\"},\"image\":{\"@id\":\"https:\\\/\\\/aktuelles.uni-frankfurt.de\\\/#\\\/schema\\\/logo\\\/image\\\/\"}},{\"@type\":\"Person\",\"@id\":\"https:\\\/\\\/aktuelles.uni-frankfurt.de\\\/#\\\/schema\\\/person\\\/1b9eb6fa6c6aed90031661dd4e37970d\",\"name\":\"Dr. Anke Sauter\",\"description\":\"Dr. Anke Sauter hat in Bamberg Germanistik, Journalistik und Geografie studiert, mit einer Dissertation \u00fcber den Sprachlehrer und Fremdwortpuristen Eduard Engel wurde sie promoviert. Sie arbeitet als Wissenschaftsredakteurin in der Abteilung Marketing und Kommunikation der Goethe-Universit\u00e4t.\",\"sameAs\":[\"http:\\\/\\\/aktuelles.uni-frankfurt.de\\\/\"],\"url\":\"https:\\\/\\\/aktuelles.uni-frankfurt.de\\\/en\\\/author\\\/dr-ankesauter\\\/\"}]}<\/script>\n<!-- \/ Yoast SEO plugin. -->","yoast_head_json":{"title":"Center for Humanities: Goethe-Universit\u00e4t feiert Richtfest | Aktuelles aus der Goethe-Universit\u00e4t Frankfurt","robots":{"index":"index","follow":"follow","max-snippet":"max-snippet:-1","max-image-preview":"max-image-preview:large","max-video-preview":"max-video-preview:-1"},"canonical":"https:\/\/aktuelles.uni-frankfurt.de\/en\/campus\/center-for-humanities-goethe-universitaet-feiert-richtfest\/","og_locale":"en_GB","og_type":"article","og_title":"Center for Humanities: Goethe-Universit\u00e4t feiert Richtfest | Aktuelles aus der Goethe-Universit\u00e4t Frankfurt","og_description":"Der Bau am n\u00f6rdlichen Eingang zum Campus Westend ist bislang im Zeitplan Fast genau ein Jahr nach dem offiziellen ersten Spatenstich feiert die Goethe-Universit\u00e4t Richtfest am k\u00fcnftigen Center for Humanities [&hellip;]","og_url":"https:\/\/aktuelles.uni-frankfurt.de\/en\/campus\/center-for-humanities-goethe-universitaet-feiert-richtfest\/","og_site_name":"Aktuelles aus der Goethe-Universit\u00e4t Frankfurt","article_published_time":"2025-05-26T08:35:00+00:00","article_modified_time":"2025-05-26T11:45:32+00:00","og_image":[{"width":650,"height":450,"url":"https:\/\/aktuelles.uni-frankfurt.de\/wp-content\/uploads\/2025\/05\/beitrag_center-for-humanities_02.jpg","type":"image\/jpeg"}],"author":"Dr. Anke Sauter","twitter_card":"summary_large_image","twitter_misc":{"Written by":"Dr. Anke Sauter","Estimated reading time":"4 minutes"},"schema":{"@context":"https:\/\/schema.org","@graph":[{"@type":"Article","@id":"https:\/\/aktuelles.uni-frankfurt.de\/campus\/center-for-humanities-goethe-universitaet-feiert-richtfest\/#article","isPartOf":{"@id":"https:\/\/aktuelles.uni-frankfurt.de\/campus\/center-for-humanities-goethe-universitaet-feiert-richtfest\/"},"author":{"name":"Dr. Anke Sauter","@id":"https:\/\/aktuelles.uni-frankfurt.de\/#\/schema\/person\/1b9eb6fa6c6aed90031661dd4e37970d"},"headline":"Center for Humanities: Goethe-Universit\u00e4t feiert Richtfest","datePublished":"2025-05-26T08:35:00+00:00","dateModified":"2025-05-26T11:45:32+00:00","mainEntityOfPage":{"@id":"https:\/\/aktuelles.uni-frankfurt.de\/campus\/center-for-humanities-goethe-universitaet-feiert-richtfest\/"},"wordCount":842,"publisher":{"@id":"https:\/\/aktuelles.uni-frankfurt.de\/#organization"},"image":{"@id":"https:\/\/aktuelles.uni-frankfurt.de\/campus\/center-for-humanities-goethe-universitaet-feiert-richtfest\/#primaryimage"},"thumbnailUrl":"https:\/\/aktuelles.uni-frankfurt.de\/wp-content\/uploads\/2025\/05\/beitrag_center-for-humanities_02.jpg","keywords":["Campus Westend"],"articleSection":["Campus","Hochschule","Instagram"],"inLanguage":"en-GB"},{"@type":"WebPage","@id":"https:\/\/aktuelles.uni-frankfurt.de\/campus\/center-for-humanities-goethe-universitaet-feiert-richtfest\/","url":"https:\/\/aktuelles.uni-frankfurt.de\/campus\/center-for-humanities-goethe-universitaet-feiert-richtfest\/","name":"Center for Humanities: Goethe-Universit\u00e4t feiert Richtfest | Aktuelles aus der Goethe-Universit\u00e4t Frankfurt","isPartOf":{"@id":"https:\/\/aktuelles.uni-frankfurt.de\/#website"},"primaryImageOfPage":{"@id":"https:\/\/aktuelles.uni-frankfurt.de\/campus\/center-for-humanities-goethe-universitaet-feiert-richtfest\/#primaryimage"},"image":{"@id":"https:\/\/aktuelles.uni-frankfurt.de\/campus\/center-for-humanities-goethe-universitaet-feiert-richtfest\/#primaryimage"},"thumbnailUrl":"https:\/\/aktuelles.uni-frankfurt.de\/wp-content\/uploads\/2025\/05\/beitrag_center-for-humanities_02.jpg","datePublished":"2025-05-26T08:35:00+00:00","dateModified":"2025-05-26T11:45:32+00:00","breadcrumb":{"@id":"https:\/\/aktuelles.uni-frankfurt.de\/campus\/center-for-humanities-goethe-universitaet-feiert-richtfest\/#breadcrumb"},"inLanguage":"en-GB","potentialAction":[{"@type":"ReadAction","target":["https:\/\/aktuelles.uni-frankfurt.de\/campus\/center-for-humanities-goethe-universitaet-feiert-richtfest\/"]}]},{"@type":"ImageObject","inLanguage":"en-GB","@id":"https:\/\/aktuelles.uni-frankfurt.de\/campus\/center-for-humanities-goethe-universitaet-feiert-richtfest\/#primaryimage","url":"https:\/\/aktuelles.uni-frankfurt.de\/wp-content\/uploads\/2025\/05\/beitrag_center-for-humanities_02.jpg","contentUrl":"https:\/\/aktuelles.uni-frankfurt.de\/wp-content\/uploads\/2025\/05\/beitrag_center-for-humanities_02.jpg","width":650,"height":450,"caption":"Ein wichtiges Etappenziel ist erreicht: Mit zahlreichen G\u00e4sten wurde am Montag, 26. Mai 2025, das Richtfest f\u00fcr das k\u00fcnftige Center for Humanities gefeiert. (Foto: Uwe Dettmar)"},{"@type":"BreadcrumbList","@id":"https:\/\/aktuelles.uni-frankfurt.de\/campus\/center-for-humanities-goethe-universitaet-feiert-richtfest\/#breadcrumb","itemListElement":[{"@type":"ListItem","position":1,"name":"Startseite","item":"https:\/\/aktuelles.uni-frankfurt.de\/"},{"@type":"ListItem","position":2,"name":"Center for Humanities: Goethe-Universit\u00e4t feiert Richtfest"}]},{"@type":"WebSite","@id":"https:\/\/aktuelles.uni-frankfurt.de\/#website","url":"https:\/\/aktuelles.uni-frankfurt.de\/","name":"Aktuelles aus der Goethe-Universit\u00e4t Frankfurt","description":"Aktuelles aus der Goethe-Universit\u00e4t | Neues aus Forschung, Lehre, Studium","publisher":{"@id":"https:\/\/aktuelles.uni-frankfurt.de\/#organization"},"potentialAction":[{"@type":"SearchAction","target":{"@type":"EntryPoint","urlTemplate":"https:\/\/aktuelles.uni-frankfurt.de\/?s={search_term_string}"},"query-input":{"@type":"PropertyValueSpecification","valueRequired":true,"valueName":"search_term_string"}}],"inLanguage":"en-GB"},{"@type":"Organization","@id":"https:\/\/aktuelles.uni-frankfurt.de\/#organization","name":"Goethe University Frankfurt","url":"https:\/\/aktuelles.uni-frankfurt.de\/","logo":{"@type":"ImageObject","inLanguage":"en-GB","@id":"https:\/\/aktuelles.uni-frankfurt.de\/#\/schema\/logo\/image\/","url":"https:\/\/aktuelles.uni-frankfurt.de\/wp-content\/uploads\/2022\/03\/800px-Goethe-Logo.png","contentUrl":"https:\/\/aktuelles.uni-frankfurt.de\/wp-content\/uploads\/2022\/03\/800px-Goethe-Logo.png","width":800,"height":436,"caption":"Goethe-Universit\u00e4t"},"image":{"@id":"https:\/\/aktuelles.uni-frankfurt.de\/#\/schema\/logo\/image\/"}},{"@type":"Person","@id":"https:\/\/aktuelles.uni-frankfurt.de\/#\/schema\/person\/1b9eb6fa6c6aed90031661dd4e37970d","name":"Dr. Anke Sauter","description":"Dr. Anke Sauter hat in Bamberg Germanistik, Journalistik und Geografie studiert, mit einer Dissertation \u00fcber den Sprachlehrer und Fremdwortpuristen Eduard Engel wurde sie promoviert. Sie arbeitet als Wissenschaftsredakteurin in der Abteilung Marketing und Kommunikation der Goethe-Universit\u00e4t.","sameAs":["http:\/\/aktuelles.uni-frankfurt.de\/"],"url":"https:\/\/aktuelles.uni-frankfurt.de\/en\/author\/dr-ankesauter\/"}]}},"_links":{"self":[{"href":"https:\/\/aktuelles.uni-frankfurt.de\/en\/wp-json\/wp\/v2\/posts\/84118","targetHints":{"allow":["GET"]}}],"collection":[{"href":"https:\/\/aktuelles.uni-frankfurt.de\/en\/wp-json\/wp\/v2\/posts"}],"about":[{"href":"https:\/\/aktuelles.uni-frankfurt.de\/en\/wp-json\/wp\/v2\/types\/post"}],"author":[{"embeddable":true,"href":"https:\/\/aktuelles.uni-frankfurt.de\/en\/wp-json\/wp\/v2\/users\/5"}],"replies":[{"embeddable":true,"href":"https:\/\/aktuelles.uni-frankfurt.de\/en\/wp-json\/wp\/v2\/comments?post=84118"}],"version-history":[{"count":0,"href":"https:\/\/aktuelles.uni-frankfurt.de\/en\/wp-json\/wp\/v2\/posts\/84118\/revisions"}],"wp:featuredmedia":[{"embeddable":true,"href":"https:\/\/aktuelles.uni-frankfurt.de\/en\/wp-json\/wp\/v2\/media\/84138"}],"wp:attachment":[{"href":"https:\/\/aktuelles.uni-frankfurt.de\/en\/wp-json\/wp\/v2\/media?parent=84118"}],"wp:term":[{"taxonomy":"category","embeddable":true,"href":"https:\/\/aktuelles.uni-frankfurt.de\/en\/wp-json\/wp\/v2\/categories?post=84118"},{"taxonomy":"post_tag","embeddable":true,"href":"https:\/\/aktuelles.uni-frankfurt.de\/en\/wp-json\/wp\/v2\/tags?post=84118"},{"taxonomy":"post_folder","embeddable":true,"href":"https:\/\/aktuelles.uni-frankfurt.de\/en\/wp-json\/wp\/v2\/post_folder?post=84118"}],"curies":[{"name":"wp","href":"https:\/\/api.w.org\/{rel}","templated":true}]}}