{"id":84163,"date":"2025-05-28T08:04:00","date_gmt":"2025-05-28T06:04:00","guid":{"rendered":"https:\/\/aktuelles.uni-frankfurt.de\/?p=84163"},"modified":"2025-05-27T10:07:19","modified_gmt":"2025-05-27T08:07:19","slug":"daad-preis-2025-fuer-beste-internationale-studierende","status":"publish","type":"post","link":"https:\/\/aktuelles.uni-frankfurt.de\/en\/unireport\/daad-preis-2025-fuer-beste-internationale-studierende\/","title":{"rendered":"DAAD-Preis 2025 f\u00fcr beste internationale Studierende"},"content":{"rendered":"<p><strong>Neue Ausschreibung<\/strong><\/p>\n\n\n\n<div style=\"height:20px\" aria-hidden=\"true\" class=\"wp-block-spacer\"><\/div>\n\n\n\n<figure class=\"wp-block-image aligncenter size-full\"><img fetchpriority=\"high\" decoding=\"async\" width=\"650\" height=\"450\" src=\"https:\/\/aktuelles.uni-frankfurt.de\/wp-content\/uploads\/2025\/01\/daad-preis-2024-650x450px.jpg\" alt=\"Aria Baghestani mit Vizepr\u00e4sidentin Prof. Viera Pirker (r.) und Dr. Rebekka G\u00f6hring. Foto: SLI\" class=\"wp-image-82287\" srcset=\"https:\/\/aktuelles.uni-frankfurt.de\/wp-content\/uploads\/2025\/01\/daad-preis-2024-650x450px.jpg 650w, https:\/\/aktuelles.uni-frankfurt.de\/wp-content\/uploads\/2025\/01\/daad-preis-2024-650x450px-300x208.jpg 300w, https:\/\/aktuelles.uni-frankfurt.de\/wp-content\/uploads\/2025\/01\/daad-preis-2024-650x450px-500x346.jpg 500w, https:\/\/aktuelles.uni-frankfurt.de\/wp-content\/uploads\/2025\/01\/daad-preis-2024-650x450px-18x12.jpg 18w\" sizes=\"(max-width: 650px) 100vw, 650px\" \/><figcaption class=\"wp-element-caption\">Prof. Dr. Viera Pirker (r.), Vizepr\u00e4sidentin f\u00fcr Studium und Lehre, \u00fcberreichte am 1. Oktober 2024 im feierlichen Rahmen die Urkunde an den Preistr\u00e4ger.<\/figcaption><\/figure>\n\n\n\n<div style=\"height:20px\" aria-hidden=\"true\" class=\"wp-block-spacer\"><\/div>\n\n\n\n<p>Internationale Studierende bereichern die Hochschulgemeinschaft sowohl in akademischer als auch in kultureller Hinsicht. Um dies zu w\u00fcrdigen, vergibt die Goethe-Universit\u00e4t j\u00e4hrlich den mit 1000 Euro dotierten DAAD-Preis. Im Jahr 2024 wurde Aria Baghestani aus Teheran (Iran), Absolvent des deutschsprachigen Masterstudiengangs Dramaturgie, ausgezeichnet (<a href=\"https:\/\/aktuelles.uni-frankfurt.de\/unireport\/aria-baghestani-mit-dem-daad-preis-fuer-internationale-studierende-ausgezeichnet\/\" target=\"_blank\" rel=\"noreferrer noopener\">vgl. UniReport | Nr. 6 | 5. Dezember 2024<\/a>). Die Ausschreibung des DAAD-Preises 2025 l\u00e4uft bereits und endet am 1. Juni 2025. Ausschlie\u00dflich Hochschullehrende der Goethe-Universit\u00e4t k\u00f6nnen internationale Studierende (<em>degree-seeker<\/em>) mit besonderen akademischen Leistungen und bemerkenswertem sozialem, gesellschaftlichem oder interkulturellem Engagement nominieren. Die Verleihung des Preises wird vom Bereich f\u00fcr Studium Lehre Internationales koordiniert. Wer kann nominiert werden?<\/p>\n\n\n\n<div style=\"height:20px\" aria-hidden=\"true\" class=\"wp-block-spacer\"><\/div>\n\n\n\n<p class=\"has-text-align-right\"><em>Susanne Jauernig<\/em><\/p>\n\n\n\n<div style=\"height:20px\" aria-hidden=\"true\" class=\"wp-block-spacer\"><\/div>\n\n\n\n<p class=\"has-background\" style=\"background-color:#eeeeee\"><strong>Auswahlkriterien<\/strong><br><br>1. Der\/die Studierende sollte sich mindestens im 2. Studienjahr des Bachelor- bzw. Masterstudiums mindestens 2. Semester befinden <strong>oder<\/strong><br><br>2. Der\/die Studierende ist Jung-Examinierte*r, deren\/dessen abschlie\u00dfende Pr\u00fcfung in der Regel nicht l\u00e4nger als 3 Monate zur\u00fcckliegt <strong>oder <\/strong>der\/die promoviert.<br><br>3. Der\/die Studierende erbringt gute Studienleistungen und engagiert sich gesellschaftlich-sozial.<br><br>4. Die parallele F\u00f6rderung durch eine andere deutsche Organisation, Stiftung oder Firma ist m\u00f6glich.<br><br>5. Der\/die Studierende kann Absolvent*in einer deutschen Auslandsschule sein.<br><br>6. Der DAAD-Preis ist kein Forschungspreis und auch nicht f\u00fcr die W\u00fcrdigung einer Promotions-<br>arbeit vorgesehen und darf nicht f\u00fcr sonstige Betreuungsma\u00dfnahmen verwendet werden.<br><br><a href=\"https:\/\/www.uni-frankfurt.de\/115989608\/DAAD_Preis\" target=\"_blank\" rel=\"noreferrer noopener\">Voraussetzungen f\u00fcr die Nominierung, weitere Informationen zum DAAD-Preis und bisherige Preistr\u00e4ger*innen \u2192<\/a><\/p>","protected":false},"excerpt":{"rendered":"<p>Neue Ausschreibung Internationale Studierende bereichern die Hochschulgemeinschaft sowohl in akademischer als auch in kultureller Hinsicht. Um dies zu w\u00fcrdigen, vergibt die Goethe-Universit\u00e4t j\u00e4hrlich den mit 1000 Euro dotierten DAAD-Preis. Im [&hellip;]<\/p>\n","protected":false},"author":8,"featured_media":82287,"comment_status":"closed","ping_status":"closed","sticky":false,"template":"","format":"standard","meta":{"_eb_attr":"","_price":"","_stock":"","_tribe_ticket_header":"","_tribe_default_ticket_provider":"","_ticket_start_date":"","_ticket_end_date":"","_tribe_ticket_show_description":"","_tribe_ticket_show_not_going":false,"_tribe_ticket_use_global_stock":"","_tribe_ticket_global_stock_level":"","_global_stock_mode":"","_global_stock_cap":"","_tribe_rsvp_for_event":"","_tribe_ticket_going_count":"","_tribe_ticket_not_going_count":"","_tribe_tickets_list":"[]","_tribe_ticket_has_attendee_info_fields":false,"footnotes":""},"categories":[9,173],"tags":[27,55,64,402],"post_folder":[],"class_list":["post-84163","post","type-post","status-publish","format-standard","has-post-thumbnail","hentry","category-studium","category-unireport","tag-internationales","tag-lehre","tag-preis","tag-unireport-2-25"],"yoast_head":"<!-- This site is optimized with the Yoast SEO plugin v27.5 - https:\/\/yoast.com\/product\/yoast-seo-wordpress\/ -->\n<title>DAAD-Preis 2025 f\u00fcr beste internationale Studierende | Aktuelles aus der Goethe-Universit\u00e4t Frankfurt<\/title>\n<meta name=\"robots\" content=\"index, follow, max-snippet:-1, max-image-preview:large, max-video-preview:-1\" \/>\n<link rel=\"canonical\" href=\"https:\/\/aktuelles.uni-frankfurt.de\/en\/unireport\/daad-preis-2025-fuer-beste-internationale-studierende\/\" \/>\n<meta property=\"og:locale\" content=\"en_GB\" \/>\n<meta property=\"og:type\" content=\"article\" \/>\n<meta property=\"og:title\" content=\"DAAD-Preis 2025 f\u00fcr beste internationale Studierende | Aktuelles aus der Goethe-Universit\u00e4t Frankfurt\" \/>\n<meta property=\"og:description\" content=\"Neue Ausschreibung Internationale Studierende bereichern die Hochschulgemeinschaft sowohl in akademischer als auch in kultureller Hinsicht. Um dies zu w\u00fcrdigen, vergibt die Goethe-Universit\u00e4t j\u00e4hrlich den mit 1000 Euro dotierten DAAD-Preis. Im [&hellip;]\" \/>\n<meta property=\"og:url\" content=\"https:\/\/aktuelles.uni-frankfurt.de\/en\/unireport\/daad-preis-2025-fuer-beste-internationale-studierende\/\" \/>\n<meta property=\"og:site_name\" content=\"Aktuelles aus der Goethe-Universit\u00e4t Frankfurt\" \/>\n<meta property=\"article:published_time\" content=\"2025-05-28T06:04:00+00:00\" \/>\n<meta property=\"og:image\" content=\"https:\/\/aktuelles.uni-frankfurt.de\/wp-content\/uploads\/2025\/01\/daad-preis-2024-650x450px.jpg\" \/>\n\t<meta property=\"og:image:width\" content=\"650\" \/>\n\t<meta property=\"og:image:height\" content=\"450\" \/>\n\t<meta property=\"og:image:type\" content=\"image\/jpeg\" \/>\n<meta name=\"author\" content=\"-\" \/>\n<meta name=\"twitter:card\" content=\"summary_large_image\" \/>\n<meta name=\"twitter:label1\" content=\"Written by\" \/>\n\t<meta name=\"twitter:data1\" content=\"-\" \/>\n\t<meta name=\"twitter:label2\" content=\"Estimated reading time\" \/>\n\t<meta name=\"twitter:data2\" content=\"1 minute\" \/>\n<script type=\"application\/ld+json\" class=\"yoast-schema-graph\">{\"@context\":\"https:\\\/\\\/schema.org\",\"@graph\":[{\"@type\":\"Article\",\"@id\":\"https:\\\/\\\/aktuelles.uni-frankfurt.de\\\/unireport\\\/daad-preis-2025-fuer-beste-internationale-studierende\\\/#article\",\"isPartOf\":{\"@id\":\"https:\\\/\\\/aktuelles.uni-frankfurt.de\\\/unireport\\\/daad-preis-2025-fuer-beste-internationale-studierende\\\/\"},\"author\":{\"name\":\"-\",\"@id\":\"https:\\\/\\\/aktuelles.uni-frankfurt.de\\\/#\\\/schema\\\/person\\\/8e55ea338fb65d1ce87a91565d1f1739\"},\"headline\":\"DAAD-Preis 2025 f\u00fcr beste internationale Studierende\",\"datePublished\":\"2025-05-28T06:04:00+00:00\",\"mainEntityOfPage\":{\"@id\":\"https:\\\/\\\/aktuelles.uni-frankfurt.de\\\/unireport\\\/daad-preis-2025-fuer-beste-internationale-studierende\\\/\"},\"wordCount\":250,\"publisher\":{\"@id\":\"https:\\\/\\\/aktuelles.uni-frankfurt.de\\\/#organization\"},\"image\":{\"@id\":\"https:\\\/\\\/aktuelles.uni-frankfurt.de\\\/unireport\\\/daad-preis-2025-fuer-beste-internationale-studierende\\\/#primaryimage\"},\"thumbnailUrl\":\"https:\\\/\\\/aktuelles.uni-frankfurt.de\\\/wp-content\\\/uploads\\\/2025\\\/01\\\/daad-preis-2024-650x450px.jpg\",\"keywords\":[\"Internationales\",\"Lehre\",\"Preis\",\"UniReport 2.25\"],\"articleSection\":[\"Studium\",\"UniReport\"],\"inLanguage\":\"en-GB\"},{\"@type\":\"WebPage\",\"@id\":\"https:\\\/\\\/aktuelles.uni-frankfurt.de\\\/unireport\\\/daad-preis-2025-fuer-beste-internationale-studierende\\\/\",\"url\":\"https:\\\/\\\/aktuelles.uni-frankfurt.de\\\/unireport\\\/daad-preis-2025-fuer-beste-internationale-studierende\\\/\",\"name\":\"DAAD-Preis 2025 f\u00fcr beste internationale Studierende | Aktuelles aus der Goethe-Universit\u00e4t Frankfurt\",\"isPartOf\":{\"@id\":\"https:\\\/\\\/aktuelles.uni-frankfurt.de\\\/#website\"},\"primaryImageOfPage\":{\"@id\":\"https:\\\/\\\/aktuelles.uni-frankfurt.de\\\/unireport\\\/daad-preis-2025-fuer-beste-internationale-studierende\\\/#primaryimage\"},\"image\":{\"@id\":\"https:\\\/\\\/aktuelles.uni-frankfurt.de\\\/unireport\\\/daad-preis-2025-fuer-beste-internationale-studierende\\\/#primaryimage\"},\"thumbnailUrl\":\"https:\\\/\\\/aktuelles.uni-frankfurt.de\\\/wp-content\\\/uploads\\\/2025\\\/01\\\/daad-preis-2024-650x450px.jpg\",\"datePublished\":\"2025-05-28T06:04:00+00:00\",\"breadcrumb\":{\"@id\":\"https:\\\/\\\/aktuelles.uni-frankfurt.de\\\/unireport\\\/daad-preis-2025-fuer-beste-internationale-studierende\\\/#breadcrumb\"},\"inLanguage\":\"en-GB\",\"potentialAction\":[{\"@type\":\"ReadAction\",\"target\":[\"https:\\\/\\\/aktuelles.uni-frankfurt.de\\\/unireport\\\/daad-preis-2025-fuer-beste-internationale-studierende\\\/\"]}]},{\"@type\":\"ImageObject\",\"inLanguage\":\"en-GB\",\"@id\":\"https:\\\/\\\/aktuelles.uni-frankfurt.de\\\/unireport\\\/daad-preis-2025-fuer-beste-internationale-studierende\\\/#primaryimage\",\"url\":\"https:\\\/\\\/aktuelles.uni-frankfurt.de\\\/wp-content\\\/uploads\\\/2025\\\/01\\\/daad-preis-2024-650x450px.jpg\",\"contentUrl\":\"https:\\\/\\\/aktuelles.uni-frankfurt.de\\\/wp-content\\\/uploads\\\/2025\\\/01\\\/daad-preis-2024-650x450px.jpg\",\"width\":650,\"height\":450,\"caption\":\"Aria Baghestani mit Vizepr\u00e4sidentin Prof. Viera Pirker (r.) und Dr. Rebekka G\u00f6hring\"},{\"@type\":\"BreadcrumbList\",\"@id\":\"https:\\\/\\\/aktuelles.uni-frankfurt.de\\\/unireport\\\/daad-preis-2025-fuer-beste-internationale-studierende\\\/#breadcrumb\",\"itemListElement\":[{\"@type\":\"ListItem\",\"position\":1,\"name\":\"Startseite\",\"item\":\"https:\\\/\\\/aktuelles.uni-frankfurt.de\\\/\"},{\"@type\":\"ListItem\",\"position\":2,\"name\":\"DAAD-Preis 2025 f\u00fcr beste internationale Studierende\"}]},{\"@type\":\"WebSite\",\"@id\":\"https:\\\/\\\/aktuelles.uni-frankfurt.de\\\/#website\",\"url\":\"https:\\\/\\\/aktuelles.uni-frankfurt.de\\\/\",\"name\":\"Aktuelles aus der Goethe-Universit\u00e4t Frankfurt\",\"description\":\"Aktuelles aus der Goethe-Universit\u00e4t | Neues aus Forschung, Lehre, Studium\",\"publisher\":{\"@id\":\"https:\\\/\\\/aktuelles.uni-frankfurt.de\\\/#organization\"},\"potentialAction\":[{\"@type\":\"SearchAction\",\"target\":{\"@type\":\"EntryPoint\",\"urlTemplate\":\"https:\\\/\\\/aktuelles.uni-frankfurt.de\\\/?s={search_term_string}\"},\"query-input\":{\"@type\":\"PropertyValueSpecification\",\"valueRequired\":true,\"valueName\":\"search_term_string\"}}],\"inLanguage\":\"en-GB\"},{\"@type\":\"Organization\",\"@id\":\"https:\\\/\\\/aktuelles.uni-frankfurt.de\\\/#organization\",\"name\":\"Goethe-Universit\u00e4t\",\"url\":\"https:\\\/\\\/aktuelles.uni-frankfurt.de\\\/\",\"logo\":{\"@type\":\"ImageObject\",\"inLanguage\":\"en-GB\",\"@id\":\"https:\\\/\\\/aktuelles.uni-frankfurt.de\\\/#\\\/schema\\\/logo\\\/image\\\/\",\"url\":\"https:\\\/\\\/aktuelles.uni-frankfurt.de\\\/wp-content\\\/uploads\\\/2022\\\/03\\\/800px-Goethe-Logo.png\",\"contentUrl\":\"https:\\\/\\\/aktuelles.uni-frankfurt.de\\\/wp-content\\\/uploads\\\/2022\\\/03\\\/800px-Goethe-Logo.png\",\"width\":800,\"height\":436,\"caption\":\"Goethe-Universit\u00e4t\"},\"image\":{\"@id\":\"https:\\\/\\\/aktuelles.uni-frankfurt.de\\\/#\\\/schema\\\/logo\\\/image\\\/\"}},{\"@type\":\"Person\",\"@id\":\"https:\\\/\\\/aktuelles.uni-frankfurt.de\\\/#\\\/schema\\\/person\\\/8e55ea338fb65d1ce87a91565d1f1739\",\"name\":\"-\",\"description\":\"Dieser Beitrag wurde von der Online-Redaktion ver\u00f6ffentlicht. Wenn der Beitrag von einem Gastautoren verfasst wurde, findet sich dieser Hinweis am Ende des jeweiligen Artikels.\",\"sameAs\":[\"http:\\\/\\\/aktuelles.uni-frankfurt.de\\\/autoren\"],\"url\":\"https:\\\/\\\/aktuelles.uni-frankfurt.de\\\/en\\\/author\\\/redaktion\\\/\"}]}<\/script>\n<!-- \/ Yoast SEO plugin. -->","yoast_head_json":{"title":"DAAD-Preis 2025 f\u00fcr beste internationale Studierende | Aktuelles aus der Goethe-Universit\u00e4t Frankfurt","robots":{"index":"index","follow":"follow","max-snippet":"max-snippet:-1","max-image-preview":"max-image-preview:large","max-video-preview":"max-video-preview:-1"},"canonical":"https:\/\/aktuelles.uni-frankfurt.de\/en\/unireport\/daad-preis-2025-fuer-beste-internationale-studierende\/","og_locale":"en_GB","og_type":"article","og_title":"DAAD-Preis 2025 f\u00fcr beste internationale Studierende | Aktuelles aus der Goethe-Universit\u00e4t Frankfurt","og_description":"Neue Ausschreibung Internationale Studierende bereichern die Hochschulgemeinschaft sowohl in akademischer als auch in kultureller Hinsicht. Um dies zu w\u00fcrdigen, vergibt die Goethe-Universit\u00e4t j\u00e4hrlich den mit 1000 Euro dotierten DAAD-Preis. Im [&hellip;]","og_url":"https:\/\/aktuelles.uni-frankfurt.de\/en\/unireport\/daad-preis-2025-fuer-beste-internationale-studierende\/","og_site_name":"Aktuelles aus der Goethe-Universit\u00e4t Frankfurt","article_published_time":"2025-05-28T06:04:00+00:00","og_image":[{"width":650,"height":450,"url":"https:\/\/aktuelles.uni-frankfurt.de\/wp-content\/uploads\/2025\/01\/daad-preis-2024-650x450px.jpg","type":"image\/jpeg"}],"author":"-","twitter_card":"summary_large_image","twitter_misc":{"Written by":"-","Estimated reading time":"1 minute"},"schema":{"@context":"https:\/\/schema.org","@graph":[{"@type":"Article","@id":"https:\/\/aktuelles.uni-frankfurt.de\/unireport\/daad-preis-2025-fuer-beste-internationale-studierende\/#article","isPartOf":{"@id":"https:\/\/aktuelles.uni-frankfurt.de\/unireport\/daad-preis-2025-fuer-beste-internationale-studierende\/"},"author":{"name":"-","@id":"https:\/\/aktuelles.uni-frankfurt.de\/#\/schema\/person\/8e55ea338fb65d1ce87a91565d1f1739"},"headline":"DAAD-Preis 2025 f\u00fcr beste internationale Studierende","datePublished":"2025-05-28T06:04:00+00:00","mainEntityOfPage":{"@id":"https:\/\/aktuelles.uni-frankfurt.de\/unireport\/daad-preis-2025-fuer-beste-internationale-studierende\/"},"wordCount":250,"publisher":{"@id":"https:\/\/aktuelles.uni-frankfurt.de\/#organization"},"image":{"@id":"https:\/\/aktuelles.uni-frankfurt.de\/unireport\/daad-preis-2025-fuer-beste-internationale-studierende\/#primaryimage"},"thumbnailUrl":"https:\/\/aktuelles.uni-frankfurt.de\/wp-content\/uploads\/2025\/01\/daad-preis-2024-650x450px.jpg","keywords":["Internationales","Lehre","Preis","UniReport 2.25"],"articleSection":["Studium","UniReport"],"inLanguage":"en-GB"},{"@type":"WebPage","@id":"https:\/\/aktuelles.uni-frankfurt.de\/unireport\/daad-preis-2025-fuer-beste-internationale-studierende\/","url":"https:\/\/aktuelles.uni-frankfurt.de\/unireport\/daad-preis-2025-fuer-beste-internationale-studierende\/","name":"DAAD-Preis 2025 f\u00fcr beste internationale Studierende | Aktuelles aus der Goethe-Universit\u00e4t Frankfurt","isPartOf":{"@id":"https:\/\/aktuelles.uni-frankfurt.de\/#website"},"primaryImageOfPage":{"@id":"https:\/\/aktuelles.uni-frankfurt.de\/unireport\/daad-preis-2025-fuer-beste-internationale-studierende\/#primaryimage"},"image":{"@id":"https:\/\/aktuelles.uni-frankfurt.de\/unireport\/daad-preis-2025-fuer-beste-internationale-studierende\/#primaryimage"},"thumbnailUrl":"https:\/\/aktuelles.uni-frankfurt.de\/wp-content\/uploads\/2025\/01\/daad-preis-2024-650x450px.jpg","datePublished":"2025-05-28T06:04:00+00:00","breadcrumb":{"@id":"https:\/\/aktuelles.uni-frankfurt.de\/unireport\/daad-preis-2025-fuer-beste-internationale-studierende\/#breadcrumb"},"inLanguage":"en-GB","potentialAction":[{"@type":"ReadAction","target":["https:\/\/aktuelles.uni-frankfurt.de\/unireport\/daad-preis-2025-fuer-beste-internationale-studierende\/"]}]},{"@type":"ImageObject","inLanguage":"en-GB","@id":"https:\/\/aktuelles.uni-frankfurt.de\/unireport\/daad-preis-2025-fuer-beste-internationale-studierende\/#primaryimage","url":"https:\/\/aktuelles.uni-frankfurt.de\/wp-content\/uploads\/2025\/01\/daad-preis-2024-650x450px.jpg","contentUrl":"https:\/\/aktuelles.uni-frankfurt.de\/wp-content\/uploads\/2025\/01\/daad-preis-2024-650x450px.jpg","width":650,"height":450,"caption":"Aria Baghestani mit Vizepr\u00e4sidentin Prof. Viera Pirker (r.) und Dr. Rebekka G\u00f6hring"},{"@type":"BreadcrumbList","@id":"https:\/\/aktuelles.uni-frankfurt.de\/unireport\/daad-preis-2025-fuer-beste-internationale-studierende\/#breadcrumb","itemListElement":[{"@type":"ListItem","position":1,"name":"Startseite","item":"https:\/\/aktuelles.uni-frankfurt.de\/"},{"@type":"ListItem","position":2,"name":"DAAD-Preis 2025 f\u00fcr beste internationale Studierende"}]},{"@type":"WebSite","@id":"https:\/\/aktuelles.uni-frankfurt.de\/#website","url":"https:\/\/aktuelles.uni-frankfurt.de\/","name":"Aktuelles aus der Goethe-Universit\u00e4t Frankfurt","description":"Aktuelles aus der Goethe-Universit\u00e4t | Neues aus Forschung, Lehre, Studium","publisher":{"@id":"https:\/\/aktuelles.uni-frankfurt.de\/#organization"},"potentialAction":[{"@type":"SearchAction","target":{"@type":"EntryPoint","urlTemplate":"https:\/\/aktuelles.uni-frankfurt.de\/?s={search_term_string}"},"query-input":{"@type":"PropertyValueSpecification","valueRequired":true,"valueName":"search_term_string"}}],"inLanguage":"en-GB"},{"@type":"Organization","@id":"https:\/\/aktuelles.uni-frankfurt.de\/#organization","name":"Goethe University Frankfurt","url":"https:\/\/aktuelles.uni-frankfurt.de\/","logo":{"@type":"ImageObject","inLanguage":"en-GB","@id":"https:\/\/aktuelles.uni-frankfurt.de\/#\/schema\/logo\/image\/","url":"https:\/\/aktuelles.uni-frankfurt.de\/wp-content\/uploads\/2022\/03\/800px-Goethe-Logo.png","contentUrl":"https:\/\/aktuelles.uni-frankfurt.de\/wp-content\/uploads\/2022\/03\/800px-Goethe-Logo.png","width":800,"height":436,"caption":"Goethe-Universit\u00e4t"},"image":{"@id":"https:\/\/aktuelles.uni-frankfurt.de\/#\/schema\/logo\/image\/"}},{"@type":"Person","@id":"https:\/\/aktuelles.uni-frankfurt.de\/#\/schema\/person\/8e55ea338fb65d1ce87a91565d1f1739","name":"-","description":"Dieser Beitrag wurde von der Online-Redaktion ver\u00f6ffentlicht. Wenn der Beitrag von einem Gastautoren verfasst wurde, findet sich dieser Hinweis am Ende des jeweiligen Artikels.","sameAs":["http:\/\/aktuelles.uni-frankfurt.de\/autoren"],"url":"https:\/\/aktuelles.uni-frankfurt.de\/en\/author\/redaktion\/"}]}},"_links":{"self":[{"href":"https:\/\/aktuelles.uni-frankfurt.de\/en\/wp-json\/wp\/v2\/posts\/84163","targetHints":{"allow":["GET"]}}],"collection":[{"href":"https:\/\/aktuelles.uni-frankfurt.de\/en\/wp-json\/wp\/v2\/posts"}],"about":[{"href":"https:\/\/aktuelles.uni-frankfurt.de\/en\/wp-json\/wp\/v2\/types\/post"}],"author":[{"embeddable":true,"href":"https:\/\/aktuelles.uni-frankfurt.de\/en\/wp-json\/wp\/v2\/users\/8"}],"replies":[{"embeddable":true,"href":"https:\/\/aktuelles.uni-frankfurt.de\/en\/wp-json\/wp\/v2\/comments?post=84163"}],"version-history":[{"count":0,"href":"https:\/\/aktuelles.uni-frankfurt.de\/en\/wp-json\/wp\/v2\/posts\/84163\/revisions"}],"wp:featuredmedia":[{"embeddable":true,"href":"https:\/\/aktuelles.uni-frankfurt.de\/en\/wp-json\/wp\/v2\/media\/82287"}],"wp:attachment":[{"href":"https:\/\/aktuelles.uni-frankfurt.de\/en\/wp-json\/wp\/v2\/media?parent=84163"}],"wp:term":[{"taxonomy":"category","embeddable":true,"href":"https:\/\/aktuelles.uni-frankfurt.de\/en\/wp-json\/wp\/v2\/categories?post=84163"},{"taxonomy":"post_tag","embeddable":true,"href":"https:\/\/aktuelles.uni-frankfurt.de\/en\/wp-json\/wp\/v2\/tags?post=84163"},{"taxonomy":"post_folder","embeddable":true,"href":"https:\/\/aktuelles.uni-frankfurt.de\/en\/wp-json\/wp\/v2\/post_folder?post=84163"}],"curies":[{"name":"wp","href":"https:\/\/api.w.org\/{rel}","templated":true}]}}