{"id":84211,"date":"2025-06-03T08:40:00","date_gmt":"2025-06-03T06:40:00","guid":{"rendered":"https:\/\/aktuelles.uni-frankfurt.de\/?p=84211"},"modified":"2025-06-03T08:39:55","modified_gmt":"2025-06-03T06:39:55","slug":"neue-leitung-des-bzg","status":"publish","type":"post","link":"https:\/\/aktuelles.uni-frankfurt.de\/en\/unireport\/neue-leitung-des-bzg\/","title":{"rendered":"Neue Leitung des BzG"},"content":{"rendered":"<p><em>Agnes Brauer wird auch das Team Digital Humanities f\u00fchren.<\/em><\/p>\n\n\n\n<div style=\"height:20px\" aria-hidden=\"true\" class=\"wp-block-spacer\"><\/div>\n\n\n\n<p><strong>UniReport: Frau Brauer, Sie sind neue Leiterin des Bibliothekszentrums Geisteswissenschaften (BzG) und leiten gleichzeitig das Team Digital Humanities an der Universit\u00e4tsbibliothek. Wie f\u00fchlt sich die Doppelrolle an?<\/strong><\/p>\n\n\n\n<p><strong>Agnes Brauer:<\/strong> Die Doppelfunktion empfinde ich als herausfordernd \u2013 im besten Sinne. Beide Bereiche sind sehr stark in Bewegung und bieten viel Spielraum f\u00fcr Gestaltung, was ich pers\u00f6nlich sehr sch\u00e4tze. Gl\u00fccklicherweise treffe ich im BzG auf ein wunderbar motiviertes, interessiertes und offenes Team, was mich bez\u00fcglich der (Weiter-)Entwicklung des BzG und des Bereichs Digital Humanities sehr optimistisch stimmt.<\/p>\n\n\n\n<div style=\"height:20px\" aria-hidden=\"true\" class=\"wp-block-spacer\"><\/div>\n\n\n\n<p><strong>Was hat Sie dahin gef\u00fchrt, k\u00f6nnen Sie ein paar Stationen Ihrer Ausbildung und Ihres Werdegangs nennen?<\/strong><\/p>\n\n\n\n<figure class=\"wp-block-image alignleft size-full is-resized\"><img fetchpriority=\"high\" decoding=\"async\" width=\"640\" height=\"890\" src=\"https:\/\/aktuelles.uni-frankfurt.de\/wp-content\/uploads\/2025\/05\/agnes-brauer-640x890px.jpg\" alt=\"Agnes Brauer, Foto: UB Frankfurt\" class=\"wp-image-84220\" style=\"width:265px\" srcset=\"https:\/\/aktuelles.uni-frankfurt.de\/wp-content\/uploads\/2025\/05\/agnes-brauer-640x890px.jpg 640w, https:\/\/aktuelles.uni-frankfurt.de\/wp-content\/uploads\/2025\/05\/agnes-brauer-640x890px-216x300.jpg 216w, https:\/\/aktuelles.uni-frankfurt.de\/wp-content\/uploads\/2025\/05\/agnes-brauer-640x890px-360x500.jpg 360w, https:\/\/aktuelles.uni-frankfurt.de\/wp-content\/uploads\/2025\/05\/agnes-brauer-640x890px-9x12.jpg 9w\" sizes=\"(max-width: 640px) 100vw, 640px\" \/><figcaption class=\"wp-element-caption\">Agnes Brauer, Foto: UB Frankfurt<\/figcaption><\/figure>\n\n\n\n<p>Ich habe an der Universit\u00e4t Trier Germanistik und Philosophie studiert und durfte bereits w\u00e4hrend meines Studiums Themen, Methoden und Technologien der Digital Humanities kennenlernen. Geisteswissenschaftliche Inhalte und Fragestellungen mit digitalen Werkzeugen und Konzepten anzugehen, lie\u00df mich dann nicht mehr los. W\u00e4hrend meiner T\u00e4tigkeit als Wissenschaftliche Mitarbeiterin im Bereich Computerphilologie an der TU Darmstadt war ich nah dran am Aufbau und der Konsolidierung wichtiger Infrastrukturprojekte wie TextGrid oder DARIAHDE und erkannte dabei die wichtige Rolle von Bibliotheken als starke Infrastrukturpartnerinnen, die f\u00fcr eine langfristige Begleitung forschungsgetriebener Projekte und die nachhaltige Verf\u00fcgbarmachung ihrer Ergebnisse unabdingbar sind. Gleichzeitig stellen sie mit ihrem reichen (digitalisierten) Bestand einschlie\u00dflich gro\u00dfer Textkorpora und qualitativ hochwertigen Meta(daten) das Fundament, aus dem geisteswissenschaftliche Forschung generiert wird. Als sich mir die M\u00f6glichkeit er\u00f6ffnete, an der Universit\u00e4tsbibliothek in Frankfurt an genau dieser Schnittstelle von geisteswissenschaftlicher Bibliothek und Digital Humanities t\u00e4tig zu sein, habe ich daher nicht gez\u00f6gert.<\/p>\n\n\n\n<div style=\"height:20px\" aria-hidden=\"true\" class=\"wp-block-spacer\"><\/div>\n\n\n\n<p><strong>Die Bibliothek ist in vielfacher Hinsicht ungew\u00f6hnlich: auf die beiden \u00e4u\u00dferen Geb\u00e4udeteile des IG-Farben-Hauses verteilt und eher vertikal ausgerichtet, mit einem sehr beliebten und vorzeigbaren Lesesaal: Was gef\u00e4llt Ihnen pers\u00f6nlich an der Bibliothek?<\/strong><\/p>\n\n\n\n<p>Es ist gerade das Besondere und Ungew\u00f6hnliche des BzG, das mir gef\u00e4llt. Die zahlreichen unterschiedlichen R\u00e4ume mit vielf\u00e4ltigen Nutzungsoptionen bieten unseren Nutzenden ein Arbeiten und Lernen, das sie jeweils an ihre Bed\u00fcrfnisse anpassen k\u00f6nnen. Vom offenen Gruppenarbeitsraum mit verschiedenen Zonierungen und gem\u00fctlichen M\u00f6beln, wo auch entspannter Austausch m\u00f6glich ist, \u00fcber gro\u00dfe, kleine und kleinste Leses\u00e4le findet jede\/r das f\u00fcr sich Passende. Besonders gut gefallen mir auch R\u00e4ume oder Bereiche, die vor allem als M\u00f6glichkeitsr\u00e4ume existieren und daher viel Gestaltungspotential er\u00f6ffnen. In diesem Jahr werden wir beispielsweise ein DHLab einrichten \u2013 als Experimentierraum f\u00fcr Vernetzung, Vermittlung und Austausch im Bereich Digital Humanities.<\/p>\n\n\n\n<div style=\"height:20px\" aria-hidden=\"true\" class=\"wp-block-spacer\"><\/div>\n\n\n\n<p><strong>Was haben Sie sich f\u00fcr die n\u00e4here Zukunft vorgenommen?<\/strong><\/p>\n\n\n\n<p>Ich m\u00f6chte die Bibliothek vor allem gut f\u00fcr die Zukunft aufstellen. Selbstverst\u00e4ndlich wird der klassische analoge Bestand in einer geisteswissenschaftlichen Bibliothek auch k\u00fcnftig eine zentrale Rolle spielen und die Mitarbeiterinnen des BzG leisten gro\u00dfartige Arbeit, die hohe Servicequalit\u00e4t weiterhin zu bieten und weiterzuentwickeln. Gleichwohl m\u00fcssen auch wir uns eingestehen, dass sich die Relevanz einer Bibliothek l\u00e4ngst nicht mehr allein am physischen Bestand misst. Mein Ziel ist es daher, die Bibliothek und ihre Angebote st\u00e4rker in die Fachbereiche zu bringen, Forschung, Wissenschaft und Lehre bestm\u00f6glich zu unterst\u00fctzen, indem wir Raum f\u00fcr interdisziplin\u00e4ren Austausch schaffen, den Forschungsprozess infrastrukturell begleiten, insbesondere zu Fragen der Nachhaltigkeit, Standards, technologischen Umsetzung sowie Ressourcenplanung und Schulungen anbieten zu Themen wie digitale Editionen, KI-gest\u00fctzte Recherche, Data Literacy u.a. Das klassische Bild der stillen Buchhalle hat sich gewandelt \u2013 und das ist gut so. Heute sind gut aufgestellte Bibliotheken verl\u00e4ssliche Partnerinnen der Forschung und Teil des wissenschaftlichen Diskurses. Deshalb hat der Ausbau unserer Services im Bereich Digital Humanities \u2013 deutlich \u00fcber das bestehende Angebot \u201ePraxislabor Digital Humanities\u201c hinaus \u2013 besonderes Gewicht f\u00fcr die k\u00fcnftige Ausrichtung.<\/p>","protected":false},"excerpt":{"rendered":"<p>Agnes Brauer wird auch das Team Digital Humanities f\u00fchren. UniReport: Frau Brauer, Sie sind neue Leiterin des Bibliothekszentrums Geisteswissenschaften (BzG) und leiten gleichzeitig das Team Digital Humanities an der Universit\u00e4tsbibliothek. [&hellip;]<\/p>\n","protected":false},"author":4,"featured_media":84219,"comment_status":"closed","ping_status":"closed","sticky":false,"template":"","format":"standard","meta":{"_eb_attr":"","_price":"","_stock":"","_tribe_ticket_header":"","_tribe_default_ticket_provider":"","_ticket_start_date":"","_ticket_end_date":"","_tribe_ticket_show_description":"","_tribe_ticket_show_not_going":false,"_tribe_ticket_use_global_stock":"","_tribe_ticket_global_stock_level":"","_global_stock_mode":"","_global_stock_cap":"","_tribe_rsvp_for_event":"","_tribe_ticket_going_count":"","_tribe_ticket_not_going_count":"","_tribe_tickets_list":"[]","_tribe_ticket_has_attendee_info_fields":false,"footnotes":""},"categories":[173],"tags":[360,25,402,145],"post_folder":[],"class_list":["post-84211","post","type-post","status-publish","format-standard","has-post-thumbnail","hentry","category-unireport","tag-geisteswissenschaften","tag-interview","tag-unireport-2-25","tag-universitaetsbibliothek"],"yoast_head":"<!-- This site is optimized with the Yoast SEO plugin v27.5 - https:\/\/yoast.com\/product\/yoast-seo-wordpress\/ -->\n<title>Neue Leitung des BzG | Aktuelles aus der Goethe-Universit\u00e4t Frankfurt<\/title>\n<meta name=\"robots\" content=\"index, follow, max-snippet:-1, max-image-preview:large, max-video-preview:-1\" \/>\n<link rel=\"canonical\" href=\"https:\/\/aktuelles.uni-frankfurt.de\/en\/unireport\/neue-leitung-des-bzg\/\" \/>\n<meta property=\"og:locale\" content=\"en_GB\" \/>\n<meta property=\"og:type\" content=\"article\" \/>\n<meta property=\"og:title\" content=\"Neue Leitung des BzG | Aktuelles aus der Goethe-Universit\u00e4t Frankfurt\" \/>\n<meta property=\"og:description\" content=\"Agnes Brauer wird auch das Team Digital Humanities f\u00fchren. UniReport: Frau Brauer, Sie sind neue Leiterin des Bibliothekszentrums Geisteswissenschaften (BzG) und leiten gleichzeitig das Team Digital Humanities an der Universit\u00e4tsbibliothek. [&hellip;]\" \/>\n<meta property=\"og:url\" content=\"https:\/\/aktuelles.uni-frankfurt.de\/en\/unireport\/neue-leitung-des-bzg\/\" \/>\n<meta property=\"og:site_name\" content=\"Aktuelles aus der Goethe-Universit\u00e4t Frankfurt\" \/>\n<meta property=\"article:published_time\" content=\"2025-06-03T06:40:00+00:00\" \/>\n<meta property=\"og:image\" content=\"https:\/\/aktuelles.uni-frankfurt.de\/wp-content\/uploads\/2025\/05\/agnes-brauer-650x450px.jpg\" \/>\n\t<meta property=\"og:image:width\" content=\"650\" \/>\n\t<meta property=\"og:image:height\" content=\"450\" \/>\n\t<meta property=\"og:image:type\" content=\"image\/jpeg\" \/>\n<meta name=\"author\" content=\"Dr. Dirk Frank\" \/>\n<meta name=\"twitter:card\" content=\"summary_large_image\" \/>\n<meta name=\"twitter:label1\" content=\"Written by\" \/>\n\t<meta name=\"twitter:data1\" content=\"Dr. Dirk Frank\" \/>\n\t<meta name=\"twitter:label2\" content=\"Estimated reading time\" \/>\n\t<meta name=\"twitter:data2\" content=\"3 minutes\" \/>\n<script type=\"application\/ld+json\" class=\"yoast-schema-graph\">{\"@context\":\"https:\\\/\\\/schema.org\",\"@graph\":[{\"@type\":\"Article\",\"@id\":\"https:\\\/\\\/aktuelles.uni-frankfurt.de\\\/unireport\\\/neue-leitung-des-bzg\\\/#article\",\"isPartOf\":{\"@id\":\"https:\\\/\\\/aktuelles.uni-frankfurt.de\\\/unireport\\\/neue-leitung-des-bzg\\\/\"},\"author\":{\"name\":\"Dr. Dirk Frank\",\"@id\":\"https:\\\/\\\/aktuelles.uni-frankfurt.de\\\/#\\\/schema\\\/person\\\/370c4588b49f66f89d917e8bd01f72b0\"},\"headline\":\"Neue Leitung des BzG\",\"datePublished\":\"2025-06-03T06:40:00+00:00\",\"mainEntityOfPage\":{\"@id\":\"https:\\\/\\\/aktuelles.uni-frankfurt.de\\\/unireport\\\/neue-leitung-des-bzg\\\/\"},\"wordCount\":647,\"publisher\":{\"@id\":\"https:\\\/\\\/aktuelles.uni-frankfurt.de\\\/#organization\"},\"image\":{\"@id\":\"https:\\\/\\\/aktuelles.uni-frankfurt.de\\\/unireport\\\/neue-leitung-des-bzg\\\/#primaryimage\"},\"thumbnailUrl\":\"https:\\\/\\\/aktuelles.uni-frankfurt.de\\\/wp-content\\\/uploads\\\/2025\\\/05\\\/agnes-brauer-650x450px.jpg\",\"keywords\":[\"Geisteswissenschaften\",\"Interview\",\"UniReport 2.25\",\"Universit\u00e4tsbibliothek\"],\"articleSection\":[\"UniReport\"],\"inLanguage\":\"en-GB\"},{\"@type\":\"WebPage\",\"@id\":\"https:\\\/\\\/aktuelles.uni-frankfurt.de\\\/unireport\\\/neue-leitung-des-bzg\\\/\",\"url\":\"https:\\\/\\\/aktuelles.uni-frankfurt.de\\\/unireport\\\/neue-leitung-des-bzg\\\/\",\"name\":\"Neue Leitung des BzG | Aktuelles aus der Goethe-Universit\u00e4t Frankfurt\",\"isPartOf\":{\"@id\":\"https:\\\/\\\/aktuelles.uni-frankfurt.de\\\/#website\"},\"primaryImageOfPage\":{\"@id\":\"https:\\\/\\\/aktuelles.uni-frankfurt.de\\\/unireport\\\/neue-leitung-des-bzg\\\/#primaryimage\"},\"image\":{\"@id\":\"https:\\\/\\\/aktuelles.uni-frankfurt.de\\\/unireport\\\/neue-leitung-des-bzg\\\/#primaryimage\"},\"thumbnailUrl\":\"https:\\\/\\\/aktuelles.uni-frankfurt.de\\\/wp-content\\\/uploads\\\/2025\\\/05\\\/agnes-brauer-650x450px.jpg\",\"datePublished\":\"2025-06-03T06:40:00+00:00\",\"breadcrumb\":{\"@id\":\"https:\\\/\\\/aktuelles.uni-frankfurt.de\\\/unireport\\\/neue-leitung-des-bzg\\\/#breadcrumb\"},\"inLanguage\":\"en-GB\",\"potentialAction\":[{\"@type\":\"ReadAction\",\"target\":[\"https:\\\/\\\/aktuelles.uni-frankfurt.de\\\/unireport\\\/neue-leitung-des-bzg\\\/\"]}]},{\"@type\":\"ImageObject\",\"inLanguage\":\"en-GB\",\"@id\":\"https:\\\/\\\/aktuelles.uni-frankfurt.de\\\/unireport\\\/neue-leitung-des-bzg\\\/#primaryimage\",\"url\":\"https:\\\/\\\/aktuelles.uni-frankfurt.de\\\/wp-content\\\/uploads\\\/2025\\\/05\\\/agnes-brauer-650x450px.jpg\",\"contentUrl\":\"https:\\\/\\\/aktuelles.uni-frankfurt.de\\\/wp-content\\\/uploads\\\/2025\\\/05\\\/agnes-brauer-650x450px.jpg\",\"width\":650,\"height\":450,\"caption\":\"Agnes Brauer, Foto: UB Frankfurt\"},{\"@type\":\"BreadcrumbList\",\"@id\":\"https:\\\/\\\/aktuelles.uni-frankfurt.de\\\/unireport\\\/neue-leitung-des-bzg\\\/#breadcrumb\",\"itemListElement\":[{\"@type\":\"ListItem\",\"position\":1,\"name\":\"Startseite\",\"item\":\"https:\\\/\\\/aktuelles.uni-frankfurt.de\\\/\"},{\"@type\":\"ListItem\",\"position\":2,\"name\":\"Neue Leitung des BzG\"}]},{\"@type\":\"WebSite\",\"@id\":\"https:\\\/\\\/aktuelles.uni-frankfurt.de\\\/#website\",\"url\":\"https:\\\/\\\/aktuelles.uni-frankfurt.de\\\/\",\"name\":\"Aktuelles aus der Goethe-Universit\u00e4t Frankfurt\",\"description\":\"Aktuelles aus der Goethe-Universit\u00e4t | Neues aus Forschung, Lehre, Studium\",\"publisher\":{\"@id\":\"https:\\\/\\\/aktuelles.uni-frankfurt.de\\\/#organization\"},\"potentialAction\":[{\"@type\":\"SearchAction\",\"target\":{\"@type\":\"EntryPoint\",\"urlTemplate\":\"https:\\\/\\\/aktuelles.uni-frankfurt.de\\\/?s={search_term_string}\"},\"query-input\":{\"@type\":\"PropertyValueSpecification\",\"valueRequired\":true,\"valueName\":\"search_term_string\"}}],\"inLanguage\":\"en-GB\"},{\"@type\":\"Organization\",\"@id\":\"https:\\\/\\\/aktuelles.uni-frankfurt.de\\\/#organization\",\"name\":\"Goethe-Universit\u00e4t\",\"url\":\"https:\\\/\\\/aktuelles.uni-frankfurt.de\\\/\",\"logo\":{\"@type\":\"ImageObject\",\"inLanguage\":\"en-GB\",\"@id\":\"https:\\\/\\\/aktuelles.uni-frankfurt.de\\\/#\\\/schema\\\/logo\\\/image\\\/\",\"url\":\"https:\\\/\\\/aktuelles.uni-frankfurt.de\\\/wp-content\\\/uploads\\\/2022\\\/03\\\/800px-Goethe-Logo.png\",\"contentUrl\":\"https:\\\/\\\/aktuelles.uni-frankfurt.de\\\/wp-content\\\/uploads\\\/2022\\\/03\\\/800px-Goethe-Logo.png\",\"width\":800,\"height\":436,\"caption\":\"Goethe-Universit\u00e4t\"},\"image\":{\"@id\":\"https:\\\/\\\/aktuelles.uni-frankfurt.de\\\/#\\\/schema\\\/logo\\\/image\\\/\"}},{\"@type\":\"Person\",\"@id\":\"https:\\\/\\\/aktuelles.uni-frankfurt.de\\\/#\\\/schema\\\/person\\\/370c4588b49f66f89d917e8bd01f72b0\",\"name\":\"Dr. Dirk Frank\",\"description\":\"Dr. Dirk Frank, 49, ist seit 2012 Pressereferent an der Goethe-Universit\u00e4t. Der promovierte Literaturwissenschaftler ist stellvertretender Leiter der Abteilung Marketing und Kommunikation und f\u00fcr die Redaktion des UniReport zust\u00e4ndig.\",\"sameAs\":[\"http:\\\/\\\/aktuelles.uni-frankfurt.de\\\/\"],\"url\":\"https:\\\/\\\/aktuelles.uni-frankfurt.de\\\/en\\\/author\\\/dr-dirkfrank\\\/\"}]}<\/script>\n<!-- \/ Yoast SEO plugin. -->","yoast_head_json":{"title":"Neue Leitung des BzG | Aktuelles aus der Goethe-Universit\u00e4t Frankfurt","robots":{"index":"index","follow":"follow","max-snippet":"max-snippet:-1","max-image-preview":"max-image-preview:large","max-video-preview":"max-video-preview:-1"},"canonical":"https:\/\/aktuelles.uni-frankfurt.de\/en\/unireport\/neue-leitung-des-bzg\/","og_locale":"en_GB","og_type":"article","og_title":"Neue Leitung des BzG | Aktuelles aus der Goethe-Universit\u00e4t Frankfurt","og_description":"Agnes Brauer wird auch das Team Digital Humanities f\u00fchren. UniReport: Frau Brauer, Sie sind neue Leiterin des Bibliothekszentrums Geisteswissenschaften (BzG) und leiten gleichzeitig das Team Digital Humanities an der Universit\u00e4tsbibliothek. [&hellip;]","og_url":"https:\/\/aktuelles.uni-frankfurt.de\/en\/unireport\/neue-leitung-des-bzg\/","og_site_name":"Aktuelles aus der Goethe-Universit\u00e4t Frankfurt","article_published_time":"2025-06-03T06:40:00+00:00","og_image":[{"width":650,"height":450,"url":"https:\/\/aktuelles.uni-frankfurt.de\/wp-content\/uploads\/2025\/05\/agnes-brauer-650x450px.jpg","type":"image\/jpeg"}],"author":"Dr. Dirk Frank","twitter_card":"summary_large_image","twitter_misc":{"Written by":"Dr. Dirk Frank","Estimated reading time":"3 minutes"},"schema":{"@context":"https:\/\/schema.org","@graph":[{"@type":"Article","@id":"https:\/\/aktuelles.uni-frankfurt.de\/unireport\/neue-leitung-des-bzg\/#article","isPartOf":{"@id":"https:\/\/aktuelles.uni-frankfurt.de\/unireport\/neue-leitung-des-bzg\/"},"author":{"name":"Dr. Dirk Frank","@id":"https:\/\/aktuelles.uni-frankfurt.de\/#\/schema\/person\/370c4588b49f66f89d917e8bd01f72b0"},"headline":"Neue Leitung des BzG","datePublished":"2025-06-03T06:40:00+00:00","mainEntityOfPage":{"@id":"https:\/\/aktuelles.uni-frankfurt.de\/unireport\/neue-leitung-des-bzg\/"},"wordCount":647,"publisher":{"@id":"https:\/\/aktuelles.uni-frankfurt.de\/#organization"},"image":{"@id":"https:\/\/aktuelles.uni-frankfurt.de\/unireport\/neue-leitung-des-bzg\/#primaryimage"},"thumbnailUrl":"https:\/\/aktuelles.uni-frankfurt.de\/wp-content\/uploads\/2025\/05\/agnes-brauer-650x450px.jpg","keywords":["Geisteswissenschaften","Interview","UniReport 2.25","Universit\u00e4tsbibliothek"],"articleSection":["UniReport"],"inLanguage":"en-GB"},{"@type":"WebPage","@id":"https:\/\/aktuelles.uni-frankfurt.de\/unireport\/neue-leitung-des-bzg\/","url":"https:\/\/aktuelles.uni-frankfurt.de\/unireport\/neue-leitung-des-bzg\/","name":"Neue Leitung des BzG | Aktuelles aus der Goethe-Universit\u00e4t Frankfurt","isPartOf":{"@id":"https:\/\/aktuelles.uni-frankfurt.de\/#website"},"primaryImageOfPage":{"@id":"https:\/\/aktuelles.uni-frankfurt.de\/unireport\/neue-leitung-des-bzg\/#primaryimage"},"image":{"@id":"https:\/\/aktuelles.uni-frankfurt.de\/unireport\/neue-leitung-des-bzg\/#primaryimage"},"thumbnailUrl":"https:\/\/aktuelles.uni-frankfurt.de\/wp-content\/uploads\/2025\/05\/agnes-brauer-650x450px.jpg","datePublished":"2025-06-03T06:40:00+00:00","breadcrumb":{"@id":"https:\/\/aktuelles.uni-frankfurt.de\/unireport\/neue-leitung-des-bzg\/#breadcrumb"},"inLanguage":"en-GB","potentialAction":[{"@type":"ReadAction","target":["https:\/\/aktuelles.uni-frankfurt.de\/unireport\/neue-leitung-des-bzg\/"]}]},{"@type":"ImageObject","inLanguage":"en-GB","@id":"https:\/\/aktuelles.uni-frankfurt.de\/unireport\/neue-leitung-des-bzg\/#primaryimage","url":"https:\/\/aktuelles.uni-frankfurt.de\/wp-content\/uploads\/2025\/05\/agnes-brauer-650x450px.jpg","contentUrl":"https:\/\/aktuelles.uni-frankfurt.de\/wp-content\/uploads\/2025\/05\/agnes-brauer-650x450px.jpg","width":650,"height":450,"caption":"Agnes Brauer, Foto: UB Frankfurt"},{"@type":"BreadcrumbList","@id":"https:\/\/aktuelles.uni-frankfurt.de\/unireport\/neue-leitung-des-bzg\/#breadcrumb","itemListElement":[{"@type":"ListItem","position":1,"name":"Startseite","item":"https:\/\/aktuelles.uni-frankfurt.de\/"},{"@type":"ListItem","position":2,"name":"Neue Leitung des BzG"}]},{"@type":"WebSite","@id":"https:\/\/aktuelles.uni-frankfurt.de\/#website","url":"https:\/\/aktuelles.uni-frankfurt.de\/","name":"Aktuelles aus der Goethe-Universit\u00e4t Frankfurt","description":"Aktuelles aus der Goethe-Universit\u00e4t | Neues aus Forschung, Lehre, Studium","publisher":{"@id":"https:\/\/aktuelles.uni-frankfurt.de\/#organization"},"potentialAction":[{"@type":"SearchAction","target":{"@type":"EntryPoint","urlTemplate":"https:\/\/aktuelles.uni-frankfurt.de\/?s={search_term_string}"},"query-input":{"@type":"PropertyValueSpecification","valueRequired":true,"valueName":"search_term_string"}}],"inLanguage":"en-GB"},{"@type":"Organization","@id":"https:\/\/aktuelles.uni-frankfurt.de\/#organization","name":"Goethe University Frankfurt","url":"https:\/\/aktuelles.uni-frankfurt.de\/","logo":{"@type":"ImageObject","inLanguage":"en-GB","@id":"https:\/\/aktuelles.uni-frankfurt.de\/#\/schema\/logo\/image\/","url":"https:\/\/aktuelles.uni-frankfurt.de\/wp-content\/uploads\/2022\/03\/800px-Goethe-Logo.png","contentUrl":"https:\/\/aktuelles.uni-frankfurt.de\/wp-content\/uploads\/2022\/03\/800px-Goethe-Logo.png","width":800,"height":436,"caption":"Goethe-Universit\u00e4t"},"image":{"@id":"https:\/\/aktuelles.uni-frankfurt.de\/#\/schema\/logo\/image\/"}},{"@type":"Person","@id":"https:\/\/aktuelles.uni-frankfurt.de\/#\/schema\/person\/370c4588b49f66f89d917e8bd01f72b0","name":"Dr. Dirk Frank","description":"Dr. Dirk Frank, 49, ist seit 2012 Pressereferent an der Goethe-Universit\u00e4t. Der promovierte Literaturwissenschaftler ist stellvertretender Leiter der Abteilung Marketing und Kommunikation und f\u00fcr die Redaktion des UniReport zust\u00e4ndig.","sameAs":["http:\/\/aktuelles.uni-frankfurt.de\/"],"url":"https:\/\/aktuelles.uni-frankfurt.de\/en\/author\/dr-dirkfrank\/"}]}},"_links":{"self":[{"href":"https:\/\/aktuelles.uni-frankfurt.de\/en\/wp-json\/wp\/v2\/posts\/84211","targetHints":{"allow":["GET"]}}],"collection":[{"href":"https:\/\/aktuelles.uni-frankfurt.de\/en\/wp-json\/wp\/v2\/posts"}],"about":[{"href":"https:\/\/aktuelles.uni-frankfurt.de\/en\/wp-json\/wp\/v2\/types\/post"}],"author":[{"embeddable":true,"href":"https:\/\/aktuelles.uni-frankfurt.de\/en\/wp-json\/wp\/v2\/users\/4"}],"replies":[{"embeddable":true,"href":"https:\/\/aktuelles.uni-frankfurt.de\/en\/wp-json\/wp\/v2\/comments?post=84211"}],"version-history":[{"count":0,"href":"https:\/\/aktuelles.uni-frankfurt.de\/en\/wp-json\/wp\/v2\/posts\/84211\/revisions"}],"wp:featuredmedia":[{"embeddable":true,"href":"https:\/\/aktuelles.uni-frankfurt.de\/en\/wp-json\/wp\/v2\/media\/84219"}],"wp:attachment":[{"href":"https:\/\/aktuelles.uni-frankfurt.de\/en\/wp-json\/wp\/v2\/media?parent=84211"}],"wp:term":[{"taxonomy":"category","embeddable":true,"href":"https:\/\/aktuelles.uni-frankfurt.de\/en\/wp-json\/wp\/v2\/categories?post=84211"},{"taxonomy":"post_tag","embeddable":true,"href":"https:\/\/aktuelles.uni-frankfurt.de\/en\/wp-json\/wp\/v2\/tags?post=84211"},{"taxonomy":"post_folder","embeddable":true,"href":"https:\/\/aktuelles.uni-frankfurt.de\/en\/wp-json\/wp\/v2\/post_folder?post=84211"}],"curies":[{"name":"wp","href":"https:\/\/api.w.org\/{rel}","templated":true}]}}