{"id":84362,"date":"2025-06-11T11:45:59","date_gmt":"2025-06-11T09:45:59","guid":{"rendered":"https:\/\/aktuelles.uni-frankfurt.de\/?p=84362"},"modified":"2025-06-11T11:51:27","modified_gmt":"2025-06-11T09:51:27","slug":"civic-education-gets-a-data-driven-upgrade","status":"publish","type":"post","link":"https:\/\/aktuelles.uni-frankfurt.de\/en\/english\/civic-education-gets-a-data-driven-upgrade\/","title":{"rendered":"Civic Education Gets a Data-Driven Upgrade"},"content":{"rendered":"<p><em>First-ever Pilot Monitor of Civic Education launched in Germany<\/em><\/p>\n\n\n\n<figure class=\"wp-block-image alignleft size-large is-resized\"><img fetchpriority=\"high\" decoding=\"async\" width=\"352\" height=\"500\" src=\"https:\/\/aktuelles.uni-frankfurt.de\/wp-content\/uploads\/2025\/06\/cover_pilotmonitor_politische-bildung-352x500.jpg\" alt=\"\" class=\"wp-image-84363\" style=\"width:281px;height:auto\" srcset=\"https:\/\/aktuelles.uni-frankfurt.de\/wp-content\/uploads\/2025\/06\/cover_pilotmonitor_politische-bildung-352x500.jpg 352w, https:\/\/aktuelles.uni-frankfurt.de\/wp-content\/uploads\/2025\/06\/cover_pilotmonitor_politische-bildung-211x300.jpg 211w, https:\/\/aktuelles.uni-frankfurt.de\/wp-content\/uploads\/2025\/06\/cover_pilotmonitor_politische-bildung-8x12.jpg 8w, https:\/\/aktuelles.uni-frankfurt.de\/wp-content\/uploads\/2025\/06\/cover_pilotmonitor_politische-bildung.jpg 466w\" sizes=\"(max-width: 352px) 100vw, 352px\" \/><\/figure>\n\n\n\n<p>How do students experience civic education? Where is it taught, and how are educators prepared to teach it? These questions are at the center of the new \u201cPilot Monitor of Civic Education\u201d, now available for download. Developed by an inter-university research team led jointly by Prof. Dr. Hermann Josef Abs (University of Duisburg-Essen), Prof. Dr. Tim Engartner (University of Cologne), Prof. Dr. Reinhold Hedtke (Bielefeld University) and Prof. Dr. Monika Oberle (Goethe University Frankfurt), and funded by Germany\u2019s Federal Agency for Civic Education, the report presents the first-ever set of indicators designed to monitor civic education across different sectors in the country. Work on the Monitor first began in 2021.<\/p>\n\n\n\n<div style=\"height:20px\" aria-hidden=\"true\" class=\"wp-block-spacer\"><\/div>\n\n\n\n<h2 class=\"wp-block-heading\">Why civic education matters more than ever<\/h2>\n\n\n\n<p>Civic education plays a vital role in democratic societies, especially in times of rapid social and political change. Yet Germany lacks consistent, reliable data on how civic education is implemented and who has access to it. The \u201cPilot Monitor\u201d aims to close this gap by offering a snapshot of current conditions \u2013 and a framework for future monitoring.<\/p>\n\n\n\n<p>The \u201cPilot Monitor\u201d collects and analyzes data across four key areas: Schools (general and vocational), higher education, teacher training (second and third phases), as well as non-formal education (out-of-school learning). It examines how civic education is delivered, who provides it, and how well institutions prepare educators to teach it. Importantly, it also identifies where crucial data is still missing.<\/p>\n\n\n\n<p>Key insights<\/p>\n\n\n\n<p><strong>Unequal access in schools<\/strong>: Opportunities for civic education vary widely depending on federal state, school type, and students\u2019 backgrounds. Socioeconomically disadvantaged students, in particular, often face limited access \u2013 both in term of quality and quantity.<\/p>\n\n\n\n<p><strong>Gaps in higher education<\/strong>: Universities rarely offer targeted programs to prepare students for teaching civic education in non-formal settings. Most training focuses only on classroom-based instruction. By contrast, teachers of all subjects acquire only insufficient knowledge in their educational science studies of how \u2013 and to what extent \u2013 they can and must contribute to civic education.<\/p>\n\n\n\n<p><strong>Teacher qualification challenges<\/strong>: Many civic education classes in schools are taught by teachers without subject-specific training. While continuing education for these teaching staff is critical, it remains patchy and underdeveloped.<\/p>\n\n\n\n<p><strong>Non-formal education varies by region<\/strong>: The density of providers and learning spaces for civic education differs from one region to another. Despite being broadly accessible, these programs still struggle to reach all population groups equally. Instructor pay also tends to fall below what\u2019s expected for their qualifications and responsibilities.<\/p>\n\n\n\n<p>What\u2019s next?<\/p>\n\n\n\n<p>The \u201cPilot Monitor\u201d is more than a one-off report \u2013 it lays the foundation for a recurring, data-based monitoring system that can:<\/p>\n\n\n\n<ul class=\"wp-block-list\">\n<li>Spot emerging challenges in civic education<\/li>\n\n\n\n<li>Improve policy responsiveness<\/li>\n\n\n\n<li>Highlight data gaps and improve data collection<\/li>\n\n\n\n<li>Inspire further research and national reporting<\/li>\n<\/ul>\n\n\n\n<p>The pilot monitor on political education was presented to the public on June 10, 2025 at the Leibniz Association in Berlin. <br><br>It is available for free download: <a href=\"https:\/\/www.bpb.de\/shop\/buecher\/schriftenreihe\/561272\/pilotmonitor-politische-bildung\">https:\/\/www.bpb.de\/shop\/buecher\/schriftenreihe\/561272\/pilotmonitor-politische-bildung<\/a><\/p>\n\n\n\n<p><\/p>","protected":false},"excerpt":{"rendered":"<p>First-ever Pilot Monitor of Civic Education launched in Germany How do students experience civic education? Where is it taught, and how are educators prepared to teach it? These questions are [&hellip;]<\/p>\n","protected":false},"author":4,"featured_media":84361,"comment_status":"closed","ping_status":"closed","sticky":false,"template":"","format":"standard","meta":{"_eb_attr":"","_price":"","_stock":"","_tribe_ticket_header":"","_tribe_default_ticket_provider":"","_ticket_start_date":"","_ticket_end_date":"","_tribe_ticket_show_description":"","_tribe_ticket_show_not_going":false,"_tribe_ticket_use_global_stock":"","_tribe_ticket_global_stock_level":"","_global_stock_mode":"","_global_stock_cap":"","_tribe_rsvp_for_event":"","_tribe_ticket_going_count":"","_tribe_ticket_not_going_count":"","_tribe_tickets_list":"[]","_tribe_ticket_has_attendee_info_fields":false,"footnotes":""},"categories":[126,259],"tags":[],"post_folder":[],"class_list":["post-84362","post","type-post","status-publish","format-standard","has-post-thumbnail","hentry","category-english","category-university"],"yoast_head":"<!-- This site is optimized with the Yoast SEO plugin v27.5 - https:\/\/yoast.com\/product\/yoast-seo-wordpress\/ -->\n<title>Civic Education Gets a Data-Driven Upgrade | Aktuelles aus der Goethe-Universit\u00e4t Frankfurt<\/title>\n<meta name=\"robots\" content=\"index, follow, max-snippet:-1, max-image-preview:large, max-video-preview:-1\" \/>\n<link rel=\"canonical\" href=\"https:\/\/aktuelles.uni-frankfurt.de\/en\/english\/civic-education-gets-a-data-driven-upgrade\/\" \/>\n<meta property=\"og:locale\" content=\"en_GB\" \/>\n<meta property=\"og:type\" content=\"article\" \/>\n<meta property=\"og:title\" content=\"Civic Education Gets a Data-Driven Upgrade | Aktuelles aus der Goethe-Universit\u00e4t Frankfurt\" \/>\n<meta property=\"og:description\" content=\"First-ever Pilot Monitor of Civic Education launched in Germany How do students experience civic education? Where is it taught, and how are educators prepared to teach it? These questions are [&hellip;]\" \/>\n<meta property=\"og:url\" content=\"https:\/\/aktuelles.uni-frankfurt.de\/en\/english\/civic-education-gets-a-data-driven-upgrade\/\" \/>\n<meta property=\"og:site_name\" content=\"Aktuelles aus der Goethe-Universit\u00e4t Frankfurt\" \/>\n<meta property=\"article:published_time\" content=\"2025-06-11T09:45:59+00:00\" \/>\n<meta property=\"article:modified_time\" content=\"2025-06-11T09:51:27+00:00\" \/>\n<meta property=\"og:image\" content=\"https:\/\/aktuelles.uni-frankfurt.de\/wp-content\/uploads\/2025\/06\/beitragsbild_pilotmonitor.jpg\" \/>\n\t<meta property=\"og:image:width\" content=\"650\" \/>\n\t<meta property=\"og:image:height\" content=\"450\" \/>\n\t<meta property=\"og:image:type\" content=\"image\/jpeg\" \/>\n<meta name=\"author\" content=\"Dr. Dirk Frank\" \/>\n<meta name=\"twitter:card\" content=\"summary_large_image\" \/>\n<meta name=\"twitter:label1\" content=\"Written by\" \/>\n\t<meta name=\"twitter:data1\" content=\"Dr. Dirk Frank\" \/>\n\t<meta name=\"twitter:label2\" content=\"Estimated reading time\" \/>\n\t<meta name=\"twitter:data2\" content=\"2 minutes\" \/>\n<script type=\"application\/ld+json\" class=\"yoast-schema-graph\">{\"@context\":\"https:\\\/\\\/schema.org\",\"@graph\":[{\"@type\":\"Article\",\"@id\":\"https:\\\/\\\/aktuelles.uni-frankfurt.de\\\/english\\\/civic-education-gets-a-data-driven-upgrade\\\/#article\",\"isPartOf\":{\"@id\":\"https:\\\/\\\/aktuelles.uni-frankfurt.de\\\/english\\\/civic-education-gets-a-data-driven-upgrade\\\/\"},\"author\":{\"name\":\"Dr. Dirk Frank\",\"@id\":\"https:\\\/\\\/aktuelles.uni-frankfurt.de\\\/#\\\/schema\\\/person\\\/370c4588b49f66f89d917e8bd01f72b0\"},\"headline\":\"Civic Education Gets a Data-Driven Upgrade\",\"datePublished\":\"2025-06-11T09:45:59+00:00\",\"dateModified\":\"2025-06-11T09:51:27+00:00\",\"mainEntityOfPage\":{\"@id\":\"https:\\\/\\\/aktuelles.uni-frankfurt.de\\\/english\\\/civic-education-gets-a-data-driven-upgrade\\\/\"},\"wordCount\":499,\"publisher\":{\"@id\":\"https:\\\/\\\/aktuelles.uni-frankfurt.de\\\/#organization\"},\"image\":{\"@id\":\"https:\\\/\\\/aktuelles.uni-frankfurt.de\\\/english\\\/civic-education-gets-a-data-driven-upgrade\\\/#primaryimage\"},\"thumbnailUrl\":\"https:\\\/\\\/aktuelles.uni-frankfurt.de\\\/wp-content\\\/uploads\\\/2025\\\/06\\\/beitragsbild_pilotmonitor.jpg\",\"articleSection\":[\"English\",\"University\"],\"inLanguage\":\"en-GB\"},{\"@type\":\"WebPage\",\"@id\":\"https:\\\/\\\/aktuelles.uni-frankfurt.de\\\/english\\\/civic-education-gets-a-data-driven-upgrade\\\/\",\"url\":\"https:\\\/\\\/aktuelles.uni-frankfurt.de\\\/english\\\/civic-education-gets-a-data-driven-upgrade\\\/\",\"name\":\"Civic Education Gets a Data-Driven Upgrade | Aktuelles aus der Goethe-Universit\u00e4t Frankfurt\",\"isPartOf\":{\"@id\":\"https:\\\/\\\/aktuelles.uni-frankfurt.de\\\/#website\"},\"primaryImageOfPage\":{\"@id\":\"https:\\\/\\\/aktuelles.uni-frankfurt.de\\\/english\\\/civic-education-gets-a-data-driven-upgrade\\\/#primaryimage\"},\"image\":{\"@id\":\"https:\\\/\\\/aktuelles.uni-frankfurt.de\\\/english\\\/civic-education-gets-a-data-driven-upgrade\\\/#primaryimage\"},\"thumbnailUrl\":\"https:\\\/\\\/aktuelles.uni-frankfurt.de\\\/wp-content\\\/uploads\\\/2025\\\/06\\\/beitragsbild_pilotmonitor.jpg\",\"datePublished\":\"2025-06-11T09:45:59+00:00\",\"dateModified\":\"2025-06-11T09:51:27+00:00\",\"breadcrumb\":{\"@id\":\"https:\\\/\\\/aktuelles.uni-frankfurt.de\\\/english\\\/civic-education-gets-a-data-driven-upgrade\\\/#breadcrumb\"},\"inLanguage\":\"en-GB\",\"potentialAction\":[{\"@type\":\"ReadAction\",\"target\":[\"https:\\\/\\\/aktuelles.uni-frankfurt.de\\\/english\\\/civic-education-gets-a-data-driven-upgrade\\\/\"]}]},{\"@type\":\"ImageObject\",\"inLanguage\":\"en-GB\",\"@id\":\"https:\\\/\\\/aktuelles.uni-frankfurt.de\\\/english\\\/civic-education-gets-a-data-driven-upgrade\\\/#primaryimage\",\"url\":\"https:\\\/\\\/aktuelles.uni-frankfurt.de\\\/wp-content\\\/uploads\\\/2025\\\/06\\\/beitragsbild_pilotmonitor.jpg\",\"contentUrl\":\"https:\\\/\\\/aktuelles.uni-frankfurt.de\\\/wp-content\\\/uploads\\\/2025\\\/06\\\/beitragsbild_pilotmonitor.jpg\",\"width\":650,\"height\":450},{\"@type\":\"BreadcrumbList\",\"@id\":\"https:\\\/\\\/aktuelles.uni-frankfurt.de\\\/english\\\/civic-education-gets-a-data-driven-upgrade\\\/#breadcrumb\",\"itemListElement\":[{\"@type\":\"ListItem\",\"position\":1,\"name\":\"Startseite\",\"item\":\"https:\\\/\\\/aktuelles.uni-frankfurt.de\\\/\"},{\"@type\":\"ListItem\",\"position\":2,\"name\":\"Civic Education Gets a Data-Driven Upgrade\"}]},{\"@type\":\"WebSite\",\"@id\":\"https:\\\/\\\/aktuelles.uni-frankfurt.de\\\/#website\",\"url\":\"https:\\\/\\\/aktuelles.uni-frankfurt.de\\\/\",\"name\":\"Aktuelles aus der Goethe-Universit\u00e4t Frankfurt\",\"description\":\"Aktuelles aus der Goethe-Universit\u00e4t | Neues aus Forschung, Lehre, Studium\",\"publisher\":{\"@id\":\"https:\\\/\\\/aktuelles.uni-frankfurt.de\\\/#organization\"},\"potentialAction\":[{\"@type\":\"SearchAction\",\"target\":{\"@type\":\"EntryPoint\",\"urlTemplate\":\"https:\\\/\\\/aktuelles.uni-frankfurt.de\\\/?s={search_term_string}\"},\"query-input\":{\"@type\":\"PropertyValueSpecification\",\"valueRequired\":true,\"valueName\":\"search_term_string\"}}],\"inLanguage\":\"en-GB\"},{\"@type\":\"Organization\",\"@id\":\"https:\\\/\\\/aktuelles.uni-frankfurt.de\\\/#organization\",\"name\":\"Goethe-Universit\u00e4t\",\"url\":\"https:\\\/\\\/aktuelles.uni-frankfurt.de\\\/\",\"logo\":{\"@type\":\"ImageObject\",\"inLanguage\":\"en-GB\",\"@id\":\"https:\\\/\\\/aktuelles.uni-frankfurt.de\\\/#\\\/schema\\\/logo\\\/image\\\/\",\"url\":\"https:\\\/\\\/aktuelles.uni-frankfurt.de\\\/wp-content\\\/uploads\\\/2022\\\/03\\\/800px-Goethe-Logo.png\",\"contentUrl\":\"https:\\\/\\\/aktuelles.uni-frankfurt.de\\\/wp-content\\\/uploads\\\/2022\\\/03\\\/800px-Goethe-Logo.png\",\"width\":800,\"height\":436,\"caption\":\"Goethe-Universit\u00e4t\"},\"image\":{\"@id\":\"https:\\\/\\\/aktuelles.uni-frankfurt.de\\\/#\\\/schema\\\/logo\\\/image\\\/\"}},{\"@type\":\"Person\",\"@id\":\"https:\\\/\\\/aktuelles.uni-frankfurt.de\\\/#\\\/schema\\\/person\\\/370c4588b49f66f89d917e8bd01f72b0\",\"name\":\"Dr. Dirk Frank\",\"description\":\"Dr. Dirk Frank, 49, ist seit 2012 Pressereferent an der Goethe-Universit\u00e4t. Der promovierte Literaturwissenschaftler ist stellvertretender Leiter der Abteilung Marketing und Kommunikation und f\u00fcr die Redaktion des UniReport zust\u00e4ndig.\",\"sameAs\":[\"http:\\\/\\\/aktuelles.uni-frankfurt.de\\\/\"],\"url\":\"https:\\\/\\\/aktuelles.uni-frankfurt.de\\\/en\\\/author\\\/dr-dirkfrank\\\/\"}]}<\/script>\n<!-- \/ Yoast SEO plugin. -->","yoast_head_json":{"title":"Civic Education Gets a Data-Driven Upgrade | Aktuelles aus der Goethe-Universit\u00e4t Frankfurt","robots":{"index":"index","follow":"follow","max-snippet":"max-snippet:-1","max-image-preview":"max-image-preview:large","max-video-preview":"max-video-preview:-1"},"canonical":"https:\/\/aktuelles.uni-frankfurt.de\/en\/english\/civic-education-gets-a-data-driven-upgrade\/","og_locale":"en_GB","og_type":"article","og_title":"Civic Education Gets a Data-Driven Upgrade | Aktuelles aus der Goethe-Universit\u00e4t Frankfurt","og_description":"First-ever Pilot Monitor of Civic Education launched in Germany How do students experience civic education? Where is it taught, and how are educators prepared to teach it? These questions are [&hellip;]","og_url":"https:\/\/aktuelles.uni-frankfurt.de\/en\/english\/civic-education-gets-a-data-driven-upgrade\/","og_site_name":"Aktuelles aus der Goethe-Universit\u00e4t Frankfurt","article_published_time":"2025-06-11T09:45:59+00:00","article_modified_time":"2025-06-11T09:51:27+00:00","og_image":[{"width":650,"height":450,"url":"https:\/\/aktuelles.uni-frankfurt.de\/wp-content\/uploads\/2025\/06\/beitragsbild_pilotmonitor.jpg","type":"image\/jpeg"}],"author":"Dr. Dirk Frank","twitter_card":"summary_large_image","twitter_misc":{"Written by":"Dr. Dirk Frank","Estimated reading time":"2 minutes"},"schema":{"@context":"https:\/\/schema.org","@graph":[{"@type":"Article","@id":"https:\/\/aktuelles.uni-frankfurt.de\/english\/civic-education-gets-a-data-driven-upgrade\/#article","isPartOf":{"@id":"https:\/\/aktuelles.uni-frankfurt.de\/english\/civic-education-gets-a-data-driven-upgrade\/"},"author":{"name":"Dr. Dirk Frank","@id":"https:\/\/aktuelles.uni-frankfurt.de\/#\/schema\/person\/370c4588b49f66f89d917e8bd01f72b0"},"headline":"Civic Education Gets a Data-Driven Upgrade","datePublished":"2025-06-11T09:45:59+00:00","dateModified":"2025-06-11T09:51:27+00:00","mainEntityOfPage":{"@id":"https:\/\/aktuelles.uni-frankfurt.de\/english\/civic-education-gets-a-data-driven-upgrade\/"},"wordCount":499,"publisher":{"@id":"https:\/\/aktuelles.uni-frankfurt.de\/#organization"},"image":{"@id":"https:\/\/aktuelles.uni-frankfurt.de\/english\/civic-education-gets-a-data-driven-upgrade\/#primaryimage"},"thumbnailUrl":"https:\/\/aktuelles.uni-frankfurt.de\/wp-content\/uploads\/2025\/06\/beitragsbild_pilotmonitor.jpg","articleSection":["English","University"],"inLanguage":"en-GB"},{"@type":"WebPage","@id":"https:\/\/aktuelles.uni-frankfurt.de\/english\/civic-education-gets-a-data-driven-upgrade\/","url":"https:\/\/aktuelles.uni-frankfurt.de\/english\/civic-education-gets-a-data-driven-upgrade\/","name":"Civic Education Gets a Data-Driven Upgrade | Aktuelles aus der Goethe-Universit\u00e4t Frankfurt","isPartOf":{"@id":"https:\/\/aktuelles.uni-frankfurt.de\/#website"},"primaryImageOfPage":{"@id":"https:\/\/aktuelles.uni-frankfurt.de\/english\/civic-education-gets-a-data-driven-upgrade\/#primaryimage"},"image":{"@id":"https:\/\/aktuelles.uni-frankfurt.de\/english\/civic-education-gets-a-data-driven-upgrade\/#primaryimage"},"thumbnailUrl":"https:\/\/aktuelles.uni-frankfurt.de\/wp-content\/uploads\/2025\/06\/beitragsbild_pilotmonitor.jpg","datePublished":"2025-06-11T09:45:59+00:00","dateModified":"2025-06-11T09:51:27+00:00","breadcrumb":{"@id":"https:\/\/aktuelles.uni-frankfurt.de\/english\/civic-education-gets-a-data-driven-upgrade\/#breadcrumb"},"inLanguage":"en-GB","potentialAction":[{"@type":"ReadAction","target":["https:\/\/aktuelles.uni-frankfurt.de\/english\/civic-education-gets-a-data-driven-upgrade\/"]}]},{"@type":"ImageObject","inLanguage":"en-GB","@id":"https:\/\/aktuelles.uni-frankfurt.de\/english\/civic-education-gets-a-data-driven-upgrade\/#primaryimage","url":"https:\/\/aktuelles.uni-frankfurt.de\/wp-content\/uploads\/2025\/06\/beitragsbild_pilotmonitor.jpg","contentUrl":"https:\/\/aktuelles.uni-frankfurt.de\/wp-content\/uploads\/2025\/06\/beitragsbild_pilotmonitor.jpg","width":650,"height":450},{"@type":"BreadcrumbList","@id":"https:\/\/aktuelles.uni-frankfurt.de\/english\/civic-education-gets-a-data-driven-upgrade\/#breadcrumb","itemListElement":[{"@type":"ListItem","position":1,"name":"Startseite","item":"https:\/\/aktuelles.uni-frankfurt.de\/"},{"@type":"ListItem","position":2,"name":"Civic Education Gets a Data-Driven Upgrade"}]},{"@type":"WebSite","@id":"https:\/\/aktuelles.uni-frankfurt.de\/#website","url":"https:\/\/aktuelles.uni-frankfurt.de\/","name":"Aktuelles aus der Goethe-Universit\u00e4t Frankfurt","description":"Aktuelles aus der Goethe-Universit\u00e4t | Neues aus Forschung, Lehre, Studium","publisher":{"@id":"https:\/\/aktuelles.uni-frankfurt.de\/#organization"},"potentialAction":[{"@type":"SearchAction","target":{"@type":"EntryPoint","urlTemplate":"https:\/\/aktuelles.uni-frankfurt.de\/?s={search_term_string}"},"query-input":{"@type":"PropertyValueSpecification","valueRequired":true,"valueName":"search_term_string"}}],"inLanguage":"en-GB"},{"@type":"Organization","@id":"https:\/\/aktuelles.uni-frankfurt.de\/#organization","name":"Goethe University Frankfurt","url":"https:\/\/aktuelles.uni-frankfurt.de\/","logo":{"@type":"ImageObject","inLanguage":"en-GB","@id":"https:\/\/aktuelles.uni-frankfurt.de\/#\/schema\/logo\/image\/","url":"https:\/\/aktuelles.uni-frankfurt.de\/wp-content\/uploads\/2022\/03\/800px-Goethe-Logo.png","contentUrl":"https:\/\/aktuelles.uni-frankfurt.de\/wp-content\/uploads\/2022\/03\/800px-Goethe-Logo.png","width":800,"height":436,"caption":"Goethe-Universit\u00e4t"},"image":{"@id":"https:\/\/aktuelles.uni-frankfurt.de\/#\/schema\/logo\/image\/"}},{"@type":"Person","@id":"https:\/\/aktuelles.uni-frankfurt.de\/#\/schema\/person\/370c4588b49f66f89d917e8bd01f72b0","name":"Dr. Dirk Frank","description":"Dr. Dirk Frank, 49, ist seit 2012 Pressereferent an der Goethe-Universit\u00e4t. Der promovierte Literaturwissenschaftler ist stellvertretender Leiter der Abteilung Marketing und Kommunikation und f\u00fcr die Redaktion des UniReport zust\u00e4ndig.","sameAs":["http:\/\/aktuelles.uni-frankfurt.de\/"],"url":"https:\/\/aktuelles.uni-frankfurt.de\/en\/author\/dr-dirkfrank\/"}]}},"_links":{"self":[{"href":"https:\/\/aktuelles.uni-frankfurt.de\/en\/wp-json\/wp\/v2\/posts\/84362","targetHints":{"allow":["GET"]}}],"collection":[{"href":"https:\/\/aktuelles.uni-frankfurt.de\/en\/wp-json\/wp\/v2\/posts"}],"about":[{"href":"https:\/\/aktuelles.uni-frankfurt.de\/en\/wp-json\/wp\/v2\/types\/post"}],"author":[{"embeddable":true,"href":"https:\/\/aktuelles.uni-frankfurt.de\/en\/wp-json\/wp\/v2\/users\/4"}],"replies":[{"embeddable":true,"href":"https:\/\/aktuelles.uni-frankfurt.de\/en\/wp-json\/wp\/v2\/comments?post=84362"}],"version-history":[{"count":0,"href":"https:\/\/aktuelles.uni-frankfurt.de\/en\/wp-json\/wp\/v2\/posts\/84362\/revisions"}],"wp:featuredmedia":[{"embeddable":true,"href":"https:\/\/aktuelles.uni-frankfurt.de\/en\/wp-json\/wp\/v2\/media\/84361"}],"wp:attachment":[{"href":"https:\/\/aktuelles.uni-frankfurt.de\/en\/wp-json\/wp\/v2\/media?parent=84362"}],"wp:term":[{"taxonomy":"category","embeddable":true,"href":"https:\/\/aktuelles.uni-frankfurt.de\/en\/wp-json\/wp\/v2\/categories?post=84362"},{"taxonomy":"post_tag","embeddable":true,"href":"https:\/\/aktuelles.uni-frankfurt.de\/en\/wp-json\/wp\/v2\/tags?post=84362"},{"taxonomy":"post_folder","embeddable":true,"href":"https:\/\/aktuelles.uni-frankfurt.de\/en\/wp-json\/wp\/v2\/post_folder?post=84362"}],"curies":[{"name":"wp","href":"https:\/\/api.w.org\/{rel}","templated":true}]}}