{"id":84485,"date":"2025-07-01T08:14:00","date_gmt":"2025-07-01T06:14:00","guid":{"rendered":"https:\/\/aktuelles.uni-frankfurt.de\/?p=84485"},"modified":"2025-06-23T08:59:10","modified_gmt":"2025-06-23T06:59:10","slug":"wer-traegt-verantwortung-fuer-unsere-gesundheit","status":"publish","type":"post","link":"https:\/\/aktuelles.uni-frankfurt.de\/en\/unireport\/wer-traegt-verantwortung-fuer-unsere-gesundheit\/","title":{"rendered":"Wer tr\u00e4gt Verantwortung f\u00fcr unsere Gesundheit?"},"content":{"rendered":"<p><strong>Interdisziplin\u00e4rer Sozialethik-Workshop \u201ePublic Responsibility for Health\u201c an der Goethe-Universit\u00e4t bringt internationale Perspektiven zusammen.<\/strong><\/p>\n\n\n\n<div style=\"height:20px\" aria-hidden=\"true\" class=\"wp-block-spacer\"><\/div>\n\n\n\n<figure class=\"wp-block-image aligncenter size-full\"><img fetchpriority=\"high\" decoding=\"async\" width=\"650\" height=\"450\" src=\"https:\/\/aktuelles.uni-frankfurt.de\/wp-content\/uploads\/2025\/06\/beitragsbild_Gesundheit_650x450px.jpg\" alt=\"Teilnehmende des Workshop &quot;Public Responsibility for Health&quot;. Foto: Victoria Dichter\" class=\"wp-image-84486\" srcset=\"https:\/\/aktuelles.uni-frankfurt.de\/wp-content\/uploads\/2025\/06\/beitragsbild_Gesundheit_650x450px.jpg 650w, https:\/\/aktuelles.uni-frankfurt.de\/wp-content\/uploads\/2025\/06\/beitragsbild_Gesundheit_650x450px-300x208.jpg 300w, https:\/\/aktuelles.uni-frankfurt.de\/wp-content\/uploads\/2025\/06\/beitragsbild_Gesundheit_650x450px-500x346.jpg 500w, https:\/\/aktuelles.uni-frankfurt.de\/wp-content\/uploads\/2025\/06\/beitragsbild_Gesundheit_650x450px-18x12.jpg 18w\" sizes=\"(max-width: 650px) 100vw, 650px\" \/><\/figure>\n\n\n\n<div style=\"height:20px\" aria-hidden=\"true\" class=\"wp-block-spacer\"><\/div>\n\n\n\n<p>Was bedeutet es, wenn Gesundheit als Menschenrecht verstanden wird \u2013 und welche Verantwortung erw\u00e4chst daraus f\u00fcr den Staat, die Gesellschaft und das Individuum? Diese Fragen standen im Mittelpunkt des Workshops \u201ePublic Responsibility for Health\u201c, der am 8. und 9. Mai 2025 an der Goethe-Universit\u00e4t Frankfurt stattfand. Veranstaltet wurde der Workshop von Prof. Dr. Christof Mandry (Professur f\u00fcr Moraltheologie und Sozialethik) und Victoria Dichter (Arbeitsstelle Sozialethik im Gesundheitswesen), der gemeinsam mit Wissenschaftler:innen u.\u2005a. aus Ethik, Politik-, Sozial- und Gesundheitswissenschaften ein facettenreiches Programm f\u00fcr den interdisziplin\u00e4ren Austausch gestaltete.<\/p>\n\n\n\n<p>Ausgangspunkt war die \u00dcberlegung, dass soziale und \u00f6kologische Bedingungen \u2013 etwa die Auswirkungen des Klimawandels, globale Pandemien oder strukturelle Benachteiligung \u2013 eine zentrale Rolle f\u00fcr die Gesundheit von Bev\u00f6lkerungen spielen. Vor diesem Hintergrund wurde die Idee \u00f6ffentlicher Gesundheitsverantwortung nicht nur rechtlich, sondern auch ethisch und praktisch diskutiert: Wer genau tr\u00e4gt Verantwortung \u2013 und in welchem Ausma\u00df?<\/p>\n\n\n\n<div style=\"height:20px\" aria-hidden=\"true\" class=\"wp-block-spacer\"><\/div>\n\n\n\n<h2 class=\"wp-block-heading\">Vielf\u00e4ltige Dimensionen \u00f6ffentlicher Verantwortung f\u00fcr Gesundheit<\/h2>\n\n\n\n<p>Nach einer Einf\u00fchrung von Christof Mandry er\u00f6ffnete Johannes Ulrich (Universit\u00e4t Genf) den Workshop mit einem Beitrag, der die Verkehrssicherheitsstrategie \u201eSafe Systems\u201c mit Paul Ric\u0153urs Verantwortungsbegriff verkn\u00fcpfte.<\/p>\n\n\n\n<p>Die Beitr\u00e4ge am ersten Tag griffen aktuelle Fragen der Gesundheitspolitik und -ethik auf: Tabea Ott (Friedrich-Alexander-Universit\u00e4t Erlangen-N\u00fcrnberg) analysierte die Rolle digitaler Technologien und neuer Akteure im Gesundheitssystem. Arne Dre\u00dfler (Ludwig-Maximilians-Universit\u00e4t M\u00fcnchen) diskutierte Verantwortungsfragen bei Massenscreenings, und Mara K\u00f6hler (Karl Landsteiner Privatuniversit\u00e4t f\u00fcr Gesundheitswissenschaften) beleuchtete, wie sich staatliche und privatwirtschaftliche Verantwortung in der COVID-19-Testinfrastruktur \u00d6sterreichs verschoben haben. Benjamin Roth (Goethe-Universit\u00e4t) schlug in seinem Vortrag zur sp\u00e4ten Nutzenbewertung von Arzneimitteln eine nachhaltigere gesundheitspolitische Steuerung vor.<\/p>\n\n\n\n<p>Ein H\u00f6hepunkt des ersten Tages war der Abendvortrag von Markus Frischhut (MCI Innsbruck), der die europ\u00e4ische Gesundheitspolitik in den Blick nahm: Welche Verantwortung tragen EU-Institutionen \u2013 und wo liegen die Grenzen der europ\u00e4ischen Zust\u00e4ndigkeit?<\/p>\n\n\n\n<div style=\"height:20px\" aria-hidden=\"true\" class=\"wp-block-spacer\"><\/div>\n\n\n\n<h2 class=\"wp-block-heading\">Gesundheit als eine soziale und politische Aufgabe<\/h2>\n\n\n\n<p>Der zweite Workshoptag r\u00fcckte internationale und zivilgesellschaftliche Perspektiven st\u00e4rker in den Fokus. Rochelle Burgess (University College London) betonte in ihrer Keynote, dass mentale Gesundheit nicht allein klinisch, sondern als soziale und politische Verantwortung verstanden werden m\u00fcsse \u2013 insbesondere mit Blick auf benachteiligte Bev\u00f6lkerungsgruppen.<\/p>\n\n\n\n<p>Wie zivilgesellschaftliches Engagement konkret aussehen kann, zeigte Alma Ionescu (University College London) am Beispiel von Community-basierten Mental-Health-Projekten in Uganda. Victoria Dichter pl\u00e4dierte f\u00fcr ein kooperatives Verst\u00e4ndnis \u00f6ffentlicher Verantwortung in der Suizidpr\u00e4vention bei M\u00e4nnern, w\u00e4hrend Niklas Petersen (Universit\u00e4tsmedizin G\u00f6ttingen) die Spannung zwischen individueller und staatlicher Verantwortung bei der Demenzpr\u00e4vention herausarbeitete.<\/p>\n\n\n\n<p>Spannende neue Perspektiven boten auch die Beitr\u00e4ge zu unkonventionellen Themenfeldern: Max Tretter (Friedrich-Alexander-Universit\u00e4t Erlangen-N\u00fcrnberg) thematisierte die Verantwortung des Staates im Umgang mit Gl\u00fccksspielmechanismen in digitalen Spielen (\u201eLootboxes\u201c), w\u00e4hrend Nils Montabon (Polizei Nordrhein-Westfalen) die Rolle der Polizei als potenzieller Public-Health-Akteur diskutierte.<\/p>\n\n\n\n<p>In der dritten Keynote forderte Michael Knipper (Justus-Liebig-Universit\u00e4t Gie\u00dfen), \u00f6ffentliche Verantwortung vor dem Hintergrund von Migration, Ungleichheit und dem Menschenrecht auf Gesundheit zu \u00fcberdenken. Maik Paap (Justus-Liebig-Universit\u00e4t Gie\u00dfen) betonte diese Herausforderungen im Kontext der Gesundheitsversorgung f\u00fcr Asylsuchende.<\/p>\n\n\n\n<div style=\"height:20px\" aria-hidden=\"true\" class=\"wp-block-spacer\"><\/div>\n\n\n\n<h2 class=\"wp-block-heading\">Interdisziplin\u00e4rer Dialog als Schl\u00fcssel<\/h2>\n\n\n\n<p>Der Workshop zeigte eindrucksvoll, wie vielschichtig das Thema \u00f6ffentliche Verantwortung f\u00fcr Gesundheit ist \u2013 und wie wichtig der Austausch zwischen verschiedenen Disziplinen und internationalen Perspektiven dabei ist. In einer Zeit, in der gesundheitliche Herausforderungen zunehmend global und gesellschaftlich gepr\u00e4gt sind, gewinnen Fragen nach Zust\u00e4ndigkeit, Steuerung und Gerechtigkeit an politischer wie ethischer Relevanz.<\/p>\n\n\n\n<p>Mit 15 Vortr\u00e4gen, lebhaften Diskussionen und einer breiten Beteiligung von internationalen Nachwuchswissenschaftler:innen und erfahrenen Expert:innen war der Workshop nicht nur ein wissenschaftlicher Erfolg, sondern auch ein Impulsgeber f\u00fcr weitere Debatten an der Schnittstelle von Gesundheit, Ethik und Politik. Der Workshop st\u00e4rkte die internationale Vernetzung und Sichtbarkeit der Arbeitsstelle Sozialethik im Gesundheitswesen \u2013 erm\u00f6glicht durch die F\u00f6rderung der VFF, der IWBZ und RuTh.<\/p>\n\n\n\n<div style=\"height:20px\" aria-hidden=\"true\" class=\"wp-block-spacer\"><\/div>\n\n\n\n<p class=\"has-text-align-right\"><em>Victoria Dichter, Arbeitsstelle f\u00fcr Sozialethik im Gesundheitswesen<\/em><\/p>","protected":false},"excerpt":{"rendered":"<p>Interdisziplin\u00e4rer Sozialethik-Workshop \u201ePublic Responsibility for Health\u201c an der Goethe-Universit\u00e4t bringt internationale Perspektiven zusammen. Was bedeutet es, wenn Gesundheit als Menschenrecht verstanden wird \u2013 und welche Verantwortung erw\u00e4chst daraus f\u00fcr den [&hellip;]<\/p>\n","protected":false},"author":8,"featured_media":84486,"comment_status":"closed","ping_status":"closed","sticky":false,"template":"","format":"standard","meta":{"_eb_attr":"","_price":"","_stock":"","_tribe_ticket_header":"","_tribe_default_ticket_provider":"","_ticket_start_date":"","_ticket_end_date":"","_tribe_ticket_show_description":"","_tribe_ticket_show_not_going":false,"_tribe_ticket_use_global_stock":"","_tribe_ticket_global_stock_level":"","_global_stock_mode":"","_global_stock_cap":"","_tribe_rsvp_for_event":"","_tribe_ticket_going_count":"","_tribe_ticket_not_going_count":"","_tribe_tickets_list":"[]","_tribe_ticket_has_attendee_info_fields":false,"footnotes":""},"categories":[173,12],"tags":[49,404],"post_folder":[],"class_list":["post-84485","post","type-post","status-publish","format-standard","has-post-thumbnail","hentry","category-unireport","category-veranstaltungen","tag-medizin","tag-unireport-3-25"],"yoast_head":"<!-- This site is optimized with the Yoast SEO plugin v27.5 - https:\/\/yoast.com\/product\/yoast-seo-wordpress\/ -->\n<title>Wer tr\u00e4gt Verantwortung f\u00fcr unsere Gesundheit? | Aktuelles aus der Goethe-Universit\u00e4t Frankfurt<\/title>\n<meta name=\"robots\" content=\"index, follow, max-snippet:-1, max-image-preview:large, max-video-preview:-1\" \/>\n<link rel=\"canonical\" href=\"https:\/\/aktuelles.uni-frankfurt.de\/en\/unireport\/wer-traegt-verantwortung-fuer-unsere-gesundheit\/\" \/>\n<meta property=\"og:locale\" content=\"en_GB\" \/>\n<meta property=\"og:type\" content=\"article\" \/>\n<meta property=\"og:title\" content=\"Wer tr\u00e4gt Verantwortung f\u00fcr unsere Gesundheit? | Aktuelles aus der Goethe-Universit\u00e4t Frankfurt\" \/>\n<meta property=\"og:description\" content=\"Interdisziplin\u00e4rer Sozialethik-Workshop \u201ePublic Responsibility for Health\u201c an der Goethe-Universit\u00e4t bringt internationale Perspektiven zusammen. Was bedeutet es, wenn Gesundheit als Menschenrecht verstanden wird \u2013 und welche Verantwortung erw\u00e4chst daraus f\u00fcr den [&hellip;]\" \/>\n<meta property=\"og:url\" content=\"https:\/\/aktuelles.uni-frankfurt.de\/en\/unireport\/wer-traegt-verantwortung-fuer-unsere-gesundheit\/\" \/>\n<meta property=\"og:site_name\" content=\"Aktuelles aus der Goethe-Universit\u00e4t Frankfurt\" \/>\n<meta property=\"article:published_time\" content=\"2025-07-01T06:14:00+00:00\" \/>\n<meta property=\"og:image\" content=\"https:\/\/aktuelles.uni-frankfurt.de\/wp-content\/uploads\/2025\/06\/beitragsbild_Gesundheit_650x450px.jpg\" \/>\n\t<meta property=\"og:image:width\" content=\"650\" \/>\n\t<meta property=\"og:image:height\" content=\"450\" \/>\n\t<meta property=\"og:image:type\" content=\"image\/jpeg\" \/>\n<meta name=\"author\" content=\"-\" \/>\n<meta name=\"twitter:card\" content=\"summary_large_image\" \/>\n<meta name=\"twitter:label1\" content=\"Written by\" \/>\n\t<meta name=\"twitter:data1\" content=\"-\" \/>\n\t<meta name=\"twitter:label2\" content=\"Estimated reading time\" \/>\n\t<meta name=\"twitter:data2\" content=\"3 minutes\" \/>\n<script type=\"application\/ld+json\" class=\"yoast-schema-graph\">{\"@context\":\"https:\\\/\\\/schema.org\",\"@graph\":[{\"@type\":\"Article\",\"@id\":\"https:\\\/\\\/aktuelles.uni-frankfurt.de\\\/unireport\\\/wer-traegt-verantwortung-fuer-unsere-gesundheit\\\/#article\",\"isPartOf\":{\"@id\":\"https:\\\/\\\/aktuelles.uni-frankfurt.de\\\/unireport\\\/wer-traegt-verantwortung-fuer-unsere-gesundheit\\\/\"},\"author\":{\"name\":\"-\",\"@id\":\"https:\\\/\\\/aktuelles.uni-frankfurt.de\\\/#\\\/schema\\\/person\\\/8e55ea338fb65d1ce87a91565d1f1739\"},\"headline\":\"Wer tr\u00e4gt Verantwortung f\u00fcr unsere Gesundheit?\",\"datePublished\":\"2025-07-01T06:14:00+00:00\",\"mainEntityOfPage\":{\"@id\":\"https:\\\/\\\/aktuelles.uni-frankfurt.de\\\/unireport\\\/wer-traegt-verantwortung-fuer-unsere-gesundheit\\\/\"},\"wordCount\":663,\"publisher\":{\"@id\":\"https:\\\/\\\/aktuelles.uni-frankfurt.de\\\/#organization\"},\"image\":{\"@id\":\"https:\\\/\\\/aktuelles.uni-frankfurt.de\\\/unireport\\\/wer-traegt-verantwortung-fuer-unsere-gesundheit\\\/#primaryimage\"},\"thumbnailUrl\":\"https:\\\/\\\/aktuelles.uni-frankfurt.de\\\/wp-content\\\/uploads\\\/2025\\\/06\\\/beitragsbild_Gesundheit_650x450px.jpg\",\"keywords\":[\"Medizin\",\"UniReport 3.25\"],\"articleSection\":[\"UniReport\",\"Veranstaltungen\"],\"inLanguage\":\"en-GB\"},{\"@type\":\"WebPage\",\"@id\":\"https:\\\/\\\/aktuelles.uni-frankfurt.de\\\/unireport\\\/wer-traegt-verantwortung-fuer-unsere-gesundheit\\\/\",\"url\":\"https:\\\/\\\/aktuelles.uni-frankfurt.de\\\/unireport\\\/wer-traegt-verantwortung-fuer-unsere-gesundheit\\\/\",\"name\":\"Wer tr\u00e4gt Verantwortung f\u00fcr unsere Gesundheit? | Aktuelles aus der Goethe-Universit\u00e4t Frankfurt\",\"isPartOf\":{\"@id\":\"https:\\\/\\\/aktuelles.uni-frankfurt.de\\\/#website\"},\"primaryImageOfPage\":{\"@id\":\"https:\\\/\\\/aktuelles.uni-frankfurt.de\\\/unireport\\\/wer-traegt-verantwortung-fuer-unsere-gesundheit\\\/#primaryimage\"},\"image\":{\"@id\":\"https:\\\/\\\/aktuelles.uni-frankfurt.de\\\/unireport\\\/wer-traegt-verantwortung-fuer-unsere-gesundheit\\\/#primaryimage\"},\"thumbnailUrl\":\"https:\\\/\\\/aktuelles.uni-frankfurt.de\\\/wp-content\\\/uploads\\\/2025\\\/06\\\/beitragsbild_Gesundheit_650x450px.jpg\",\"datePublished\":\"2025-07-01T06:14:00+00:00\",\"breadcrumb\":{\"@id\":\"https:\\\/\\\/aktuelles.uni-frankfurt.de\\\/unireport\\\/wer-traegt-verantwortung-fuer-unsere-gesundheit\\\/#breadcrumb\"},\"inLanguage\":\"en-GB\",\"potentialAction\":[{\"@type\":\"ReadAction\",\"target\":[\"https:\\\/\\\/aktuelles.uni-frankfurt.de\\\/unireport\\\/wer-traegt-verantwortung-fuer-unsere-gesundheit\\\/\"]}]},{\"@type\":\"ImageObject\",\"inLanguage\":\"en-GB\",\"@id\":\"https:\\\/\\\/aktuelles.uni-frankfurt.de\\\/unireport\\\/wer-traegt-verantwortung-fuer-unsere-gesundheit\\\/#primaryimage\",\"url\":\"https:\\\/\\\/aktuelles.uni-frankfurt.de\\\/wp-content\\\/uploads\\\/2025\\\/06\\\/beitragsbild_Gesundheit_650x450px.jpg\",\"contentUrl\":\"https:\\\/\\\/aktuelles.uni-frankfurt.de\\\/wp-content\\\/uploads\\\/2025\\\/06\\\/beitragsbild_Gesundheit_650x450px.jpg\",\"width\":650,\"height\":450,\"caption\":\"Teilnehmende des Workshop \\\"Public Responsibility for Health\\\". Foto: Victoria Dichter\"},{\"@type\":\"BreadcrumbList\",\"@id\":\"https:\\\/\\\/aktuelles.uni-frankfurt.de\\\/unireport\\\/wer-traegt-verantwortung-fuer-unsere-gesundheit\\\/#breadcrumb\",\"itemListElement\":[{\"@type\":\"ListItem\",\"position\":1,\"name\":\"Startseite\",\"item\":\"https:\\\/\\\/aktuelles.uni-frankfurt.de\\\/\"},{\"@type\":\"ListItem\",\"position\":2,\"name\":\"Wer tr\u00e4gt Verantwortung f\u00fcr unsere Gesundheit?\"}]},{\"@type\":\"WebSite\",\"@id\":\"https:\\\/\\\/aktuelles.uni-frankfurt.de\\\/#website\",\"url\":\"https:\\\/\\\/aktuelles.uni-frankfurt.de\\\/\",\"name\":\"Aktuelles aus der Goethe-Universit\u00e4t Frankfurt\",\"description\":\"Aktuelles aus der Goethe-Universit\u00e4t | Neues aus Forschung, Lehre, Studium\",\"publisher\":{\"@id\":\"https:\\\/\\\/aktuelles.uni-frankfurt.de\\\/#organization\"},\"potentialAction\":[{\"@type\":\"SearchAction\",\"target\":{\"@type\":\"EntryPoint\",\"urlTemplate\":\"https:\\\/\\\/aktuelles.uni-frankfurt.de\\\/?s={search_term_string}\"},\"query-input\":{\"@type\":\"PropertyValueSpecification\",\"valueRequired\":true,\"valueName\":\"search_term_string\"}}],\"inLanguage\":\"en-GB\"},{\"@type\":\"Organization\",\"@id\":\"https:\\\/\\\/aktuelles.uni-frankfurt.de\\\/#organization\",\"name\":\"Goethe-Universit\u00e4t\",\"url\":\"https:\\\/\\\/aktuelles.uni-frankfurt.de\\\/\",\"logo\":{\"@type\":\"ImageObject\",\"inLanguage\":\"en-GB\",\"@id\":\"https:\\\/\\\/aktuelles.uni-frankfurt.de\\\/#\\\/schema\\\/logo\\\/image\\\/\",\"url\":\"https:\\\/\\\/aktuelles.uni-frankfurt.de\\\/wp-content\\\/uploads\\\/2022\\\/03\\\/800px-Goethe-Logo.png\",\"contentUrl\":\"https:\\\/\\\/aktuelles.uni-frankfurt.de\\\/wp-content\\\/uploads\\\/2022\\\/03\\\/800px-Goethe-Logo.png\",\"width\":800,\"height\":436,\"caption\":\"Goethe-Universit\u00e4t\"},\"image\":{\"@id\":\"https:\\\/\\\/aktuelles.uni-frankfurt.de\\\/#\\\/schema\\\/logo\\\/image\\\/\"}},{\"@type\":\"Person\",\"@id\":\"https:\\\/\\\/aktuelles.uni-frankfurt.de\\\/#\\\/schema\\\/person\\\/8e55ea338fb65d1ce87a91565d1f1739\",\"name\":\"-\",\"description\":\"Dieser Beitrag wurde von der Online-Redaktion ver\u00f6ffentlicht. Wenn der Beitrag von einem Gastautoren verfasst wurde, findet sich dieser Hinweis am Ende des jeweiligen Artikels.\",\"sameAs\":[\"http:\\\/\\\/aktuelles.uni-frankfurt.de\\\/autoren\"],\"url\":\"https:\\\/\\\/aktuelles.uni-frankfurt.de\\\/en\\\/author\\\/redaktion\\\/\"}]}<\/script>\n<!-- \/ Yoast SEO plugin. -->","yoast_head_json":{"title":"Wer tr\u00e4gt Verantwortung f\u00fcr unsere Gesundheit? | Aktuelles aus der Goethe-Universit\u00e4t Frankfurt","robots":{"index":"index","follow":"follow","max-snippet":"max-snippet:-1","max-image-preview":"max-image-preview:large","max-video-preview":"max-video-preview:-1"},"canonical":"https:\/\/aktuelles.uni-frankfurt.de\/en\/unireport\/wer-traegt-verantwortung-fuer-unsere-gesundheit\/","og_locale":"en_GB","og_type":"article","og_title":"Wer tr\u00e4gt Verantwortung f\u00fcr unsere Gesundheit? | Aktuelles aus der Goethe-Universit\u00e4t Frankfurt","og_description":"Interdisziplin\u00e4rer Sozialethik-Workshop \u201ePublic Responsibility for Health\u201c an der Goethe-Universit\u00e4t bringt internationale Perspektiven zusammen. Was bedeutet es, wenn Gesundheit als Menschenrecht verstanden wird \u2013 und welche Verantwortung erw\u00e4chst daraus f\u00fcr den [&hellip;]","og_url":"https:\/\/aktuelles.uni-frankfurt.de\/en\/unireport\/wer-traegt-verantwortung-fuer-unsere-gesundheit\/","og_site_name":"Aktuelles aus der Goethe-Universit\u00e4t Frankfurt","article_published_time":"2025-07-01T06:14:00+00:00","og_image":[{"width":650,"height":450,"url":"https:\/\/aktuelles.uni-frankfurt.de\/wp-content\/uploads\/2025\/06\/beitragsbild_Gesundheit_650x450px.jpg","type":"image\/jpeg"}],"author":"-","twitter_card":"summary_large_image","twitter_misc":{"Written by":"-","Estimated reading time":"3 minutes"},"schema":{"@context":"https:\/\/schema.org","@graph":[{"@type":"Article","@id":"https:\/\/aktuelles.uni-frankfurt.de\/unireport\/wer-traegt-verantwortung-fuer-unsere-gesundheit\/#article","isPartOf":{"@id":"https:\/\/aktuelles.uni-frankfurt.de\/unireport\/wer-traegt-verantwortung-fuer-unsere-gesundheit\/"},"author":{"name":"-","@id":"https:\/\/aktuelles.uni-frankfurt.de\/#\/schema\/person\/8e55ea338fb65d1ce87a91565d1f1739"},"headline":"Wer tr\u00e4gt Verantwortung f\u00fcr unsere Gesundheit?","datePublished":"2025-07-01T06:14:00+00:00","mainEntityOfPage":{"@id":"https:\/\/aktuelles.uni-frankfurt.de\/unireport\/wer-traegt-verantwortung-fuer-unsere-gesundheit\/"},"wordCount":663,"publisher":{"@id":"https:\/\/aktuelles.uni-frankfurt.de\/#organization"},"image":{"@id":"https:\/\/aktuelles.uni-frankfurt.de\/unireport\/wer-traegt-verantwortung-fuer-unsere-gesundheit\/#primaryimage"},"thumbnailUrl":"https:\/\/aktuelles.uni-frankfurt.de\/wp-content\/uploads\/2025\/06\/beitragsbild_Gesundheit_650x450px.jpg","keywords":["Medizin","UniReport 3.25"],"articleSection":["UniReport","Veranstaltungen"],"inLanguage":"en-GB"},{"@type":"WebPage","@id":"https:\/\/aktuelles.uni-frankfurt.de\/unireport\/wer-traegt-verantwortung-fuer-unsere-gesundheit\/","url":"https:\/\/aktuelles.uni-frankfurt.de\/unireport\/wer-traegt-verantwortung-fuer-unsere-gesundheit\/","name":"Wer tr\u00e4gt Verantwortung f\u00fcr unsere Gesundheit? | Aktuelles aus der Goethe-Universit\u00e4t Frankfurt","isPartOf":{"@id":"https:\/\/aktuelles.uni-frankfurt.de\/#website"},"primaryImageOfPage":{"@id":"https:\/\/aktuelles.uni-frankfurt.de\/unireport\/wer-traegt-verantwortung-fuer-unsere-gesundheit\/#primaryimage"},"image":{"@id":"https:\/\/aktuelles.uni-frankfurt.de\/unireport\/wer-traegt-verantwortung-fuer-unsere-gesundheit\/#primaryimage"},"thumbnailUrl":"https:\/\/aktuelles.uni-frankfurt.de\/wp-content\/uploads\/2025\/06\/beitragsbild_Gesundheit_650x450px.jpg","datePublished":"2025-07-01T06:14:00+00:00","breadcrumb":{"@id":"https:\/\/aktuelles.uni-frankfurt.de\/unireport\/wer-traegt-verantwortung-fuer-unsere-gesundheit\/#breadcrumb"},"inLanguage":"en-GB","potentialAction":[{"@type":"ReadAction","target":["https:\/\/aktuelles.uni-frankfurt.de\/unireport\/wer-traegt-verantwortung-fuer-unsere-gesundheit\/"]}]},{"@type":"ImageObject","inLanguage":"en-GB","@id":"https:\/\/aktuelles.uni-frankfurt.de\/unireport\/wer-traegt-verantwortung-fuer-unsere-gesundheit\/#primaryimage","url":"https:\/\/aktuelles.uni-frankfurt.de\/wp-content\/uploads\/2025\/06\/beitragsbild_Gesundheit_650x450px.jpg","contentUrl":"https:\/\/aktuelles.uni-frankfurt.de\/wp-content\/uploads\/2025\/06\/beitragsbild_Gesundheit_650x450px.jpg","width":650,"height":450,"caption":"Teilnehmende des Workshop \"Public Responsibility for Health\". Foto: Victoria Dichter"},{"@type":"BreadcrumbList","@id":"https:\/\/aktuelles.uni-frankfurt.de\/unireport\/wer-traegt-verantwortung-fuer-unsere-gesundheit\/#breadcrumb","itemListElement":[{"@type":"ListItem","position":1,"name":"Startseite","item":"https:\/\/aktuelles.uni-frankfurt.de\/"},{"@type":"ListItem","position":2,"name":"Wer tr\u00e4gt Verantwortung f\u00fcr unsere Gesundheit?"}]},{"@type":"WebSite","@id":"https:\/\/aktuelles.uni-frankfurt.de\/#website","url":"https:\/\/aktuelles.uni-frankfurt.de\/","name":"Aktuelles aus der Goethe-Universit\u00e4t Frankfurt","description":"Aktuelles aus der Goethe-Universit\u00e4t | Neues aus Forschung, Lehre, Studium","publisher":{"@id":"https:\/\/aktuelles.uni-frankfurt.de\/#organization"},"potentialAction":[{"@type":"SearchAction","target":{"@type":"EntryPoint","urlTemplate":"https:\/\/aktuelles.uni-frankfurt.de\/?s={search_term_string}"},"query-input":{"@type":"PropertyValueSpecification","valueRequired":true,"valueName":"search_term_string"}}],"inLanguage":"en-GB"},{"@type":"Organization","@id":"https:\/\/aktuelles.uni-frankfurt.de\/#organization","name":"Goethe University Frankfurt","url":"https:\/\/aktuelles.uni-frankfurt.de\/","logo":{"@type":"ImageObject","inLanguage":"en-GB","@id":"https:\/\/aktuelles.uni-frankfurt.de\/#\/schema\/logo\/image\/","url":"https:\/\/aktuelles.uni-frankfurt.de\/wp-content\/uploads\/2022\/03\/800px-Goethe-Logo.png","contentUrl":"https:\/\/aktuelles.uni-frankfurt.de\/wp-content\/uploads\/2022\/03\/800px-Goethe-Logo.png","width":800,"height":436,"caption":"Goethe-Universit\u00e4t"},"image":{"@id":"https:\/\/aktuelles.uni-frankfurt.de\/#\/schema\/logo\/image\/"}},{"@type":"Person","@id":"https:\/\/aktuelles.uni-frankfurt.de\/#\/schema\/person\/8e55ea338fb65d1ce87a91565d1f1739","name":"-","description":"Dieser Beitrag wurde von der Online-Redaktion ver\u00f6ffentlicht. Wenn der Beitrag von einem Gastautoren verfasst wurde, findet sich dieser Hinweis am Ende des jeweiligen Artikels.","sameAs":["http:\/\/aktuelles.uni-frankfurt.de\/autoren"],"url":"https:\/\/aktuelles.uni-frankfurt.de\/en\/author\/redaktion\/"}]}},"_links":{"self":[{"href":"https:\/\/aktuelles.uni-frankfurt.de\/en\/wp-json\/wp\/v2\/posts\/84485","targetHints":{"allow":["GET"]}}],"collection":[{"href":"https:\/\/aktuelles.uni-frankfurt.de\/en\/wp-json\/wp\/v2\/posts"}],"about":[{"href":"https:\/\/aktuelles.uni-frankfurt.de\/en\/wp-json\/wp\/v2\/types\/post"}],"author":[{"embeddable":true,"href":"https:\/\/aktuelles.uni-frankfurt.de\/en\/wp-json\/wp\/v2\/users\/8"}],"replies":[{"embeddable":true,"href":"https:\/\/aktuelles.uni-frankfurt.de\/en\/wp-json\/wp\/v2\/comments?post=84485"}],"version-history":[{"count":0,"href":"https:\/\/aktuelles.uni-frankfurt.de\/en\/wp-json\/wp\/v2\/posts\/84485\/revisions"}],"wp:featuredmedia":[{"embeddable":true,"href":"https:\/\/aktuelles.uni-frankfurt.de\/en\/wp-json\/wp\/v2\/media\/84486"}],"wp:attachment":[{"href":"https:\/\/aktuelles.uni-frankfurt.de\/en\/wp-json\/wp\/v2\/media?parent=84485"}],"wp:term":[{"taxonomy":"category","embeddable":true,"href":"https:\/\/aktuelles.uni-frankfurt.de\/en\/wp-json\/wp\/v2\/categories?post=84485"},{"taxonomy":"post_tag","embeddable":true,"href":"https:\/\/aktuelles.uni-frankfurt.de\/en\/wp-json\/wp\/v2\/tags?post=84485"},{"taxonomy":"post_folder","embeddable":true,"href":"https:\/\/aktuelles.uni-frankfurt.de\/en\/wp-json\/wp\/v2\/post_folder?post=84485"}],"curies":[{"name":"wp","href":"https:\/\/api.w.org\/{rel}","templated":true}]}}