{"id":84536,"date":"2025-07-08T08:37:00","date_gmt":"2025-07-08T06:37:00","guid":{"rendered":"https:\/\/aktuelles.uni-frankfurt.de\/?p=84536"},"modified":"2025-06-23T11:38:06","modified_gmt":"2025-06-23T09:38:06","slug":"ovids-metamorphosen-unter-covid-bedingungen-weitergedacht","status":"publish","type":"post","link":"https:\/\/aktuelles.uni-frankfurt.de\/en\/unireport\/ovids-metamorphosen-unter-covid-bedingungen-weitergedacht\/","title":{"rendered":"Ovids Metamorphosen unter Covid-Bedingungen weitergedacht"},"content":{"rendered":"<p><em>Bernd Herzogenrath, Professor am Institut f\u00fcr England- und Amerikastudien, hat f\u00fcr sein Projekt \u201e\u00a9ovid\u2019s Metamorphoses\u201c 133 K\u00fcnstler aus den Bereichen Film, Sound, Text und Fotografie virtuell zusammengebracht.<\/em><\/p>\n\n\n\n<div style=\"height:20px\" aria-hidden=\"true\" class=\"wp-block-spacer\"><\/div>\n\n\n\n<figure class=\"wp-block-image aligncenter size-full\"><img fetchpriority=\"high\" decoding=\"async\" width=\"650\" height=\"450\" src=\"https:\/\/aktuelles.uni-frankfurt.de\/wp-content\/uploads\/2025\/06\/ovids-metamorphosen-650x450px.jpg\" alt=\"\u00a9ovid\u2019s Metamorphoses, Foto: Bernd Herzogenrath\" class=\"wp-image-84537\" srcset=\"https:\/\/aktuelles.uni-frankfurt.de\/wp-content\/uploads\/2025\/06\/ovids-metamorphosen-650x450px.jpg 650w, https:\/\/aktuelles.uni-frankfurt.de\/wp-content\/uploads\/2025\/06\/ovids-metamorphosen-650x450px-300x208.jpg 300w, https:\/\/aktuelles.uni-frankfurt.de\/wp-content\/uploads\/2025\/06\/ovids-metamorphosen-650x450px-500x346.jpg 500w, https:\/\/aktuelles.uni-frankfurt.de\/wp-content\/uploads\/2025\/06\/ovids-metamorphosen-650x450px-18x12.jpg 18w\" sizes=\"(max-width: 650px) 100vw, 650px\" \/><\/figure>\n\n\n\n<div style=\"height:20px\" aria-hidden=\"true\" class=\"wp-block-spacer\"><\/div>\n\n\n\n<p><strong>UniReport: Herr Herzogenrath, nun liegt die Box mit Buch und CDs zu \u201e\u00a9ovid\u2019s Metamorphoses\u201c vor \u2013 was war die gr\u00f6\u00dfte Herausforderung dieses ungew\u00f6hnlichen Projekts, das in der Corona-Pandemie ersonnen und durchgef\u00fchrt wurde?<\/strong><\/p>\n\n\n\n<p><strong>Bernd Herzogenrath:<\/strong> Ehrlich gesagt \u2013 es hat sich nie wie eine Herausforderung angef\u00fchlt. Ich habe K\u00fcnstler*innen kontaktiert, deren Werke ich mag, und bis auf zwei nette Absagen haben alle zugesagt \u2013 es sah so aus, als ob in der Zeit der Pandemie alle Lust hatten, bei einem solchen Projekt, welches auf \u201aFern-Zusammenarbeit\u2018 ausgelegt war, mitzumachen \u2026 ich bin mir sicher, au\u00dferhalb der Pandemie h\u00e4tte das nicht funktioniert! Immer, als dann die einzelnen Beitr\u00e4ge \u201aeintrudelten,\u2018 war das f\u00fcr mich wie Weihnachten und Geburtstag in einem \u2013 ich habe mir jedes Mal ein Loch in den Bauch gefreut und bekam das Grinsen nicht mehr aus dem Gesicht \u2026 einfach herrlich! Wenn \u00fcberhaupt, dann war die Herausforderung, das gute St\u00fcck in all seiner Pracht zu produzieren \u2013 das hat wirklich ewig lange gedauert \u2013 aber jetzt ist es da!<\/p>\n\n\n\n<div style=\"height:20px\" aria-hidden=\"true\" class=\"wp-block-spacer\"><\/div>\n\n\n\n<p><strong>Geboten wird den Rezipient*innen ein F\u00fcllhorn an ganz unterschiedlichen Texten, Filmen, Sounds und Fotografien \u2013 gibts f\u00fcr Sie ein pers\u00f6nliches Highlight? Oder einen Tipp f\u00fcr alle, die neu einsteigen wollen, wie man sich den neuen Metamorphosen n\u00e4hern soll?<\/strong><\/p>\n\n\n\n<p>Das Ganze ist letzten Endes ein Paralleluniversum, in dem man verloren gehen kann \u2013 und das vielleicht auch gerne m\u00f6chte! Das ist fast wie ein \u201aRabbit Hole\u2018 im Internet, man klickt sich immer weiter und weiter \u2026 aber das hat ja auch manchmal was! Meine pers\u00f6nlichen Highlights sind die metamorphosis 9 (nicht, weil ich daran auch pers\u00f6nlich beteiligt war), welches sich eigentlich in der R\u00fccksicht um den Begriff einer \u201aBlack Magick\u2018 (oder \u201aSecret Black Technology\u2018) dreht, und bei der man nicht nur Arcade Fire\u2019s Richard Reed Parry, sondern auch die Legende Lee \u201aScratch\u2018 Perry h\u00f6rt (in eventuell einer seiner letzten Aufnahmen) \u2026 bei der ganzen Perry\/Parry-Familie h\u00e4tte Katy Perry noch gefehlt \u2013 aber deren Adresse hatte ich nicht (lacht). Ein weiteres Highlight ist die metamorphosis 13, die thematisch um den Begriff des \u201anon-human\u2018 kreist \u2013 mit Aufnahmen von Spinnen, die ihr Netz wie ein Saiteninstrument spielen \u2026<\/p>\n\n\n\n<div style=\"height:20px\" aria-hidden=\"true\" class=\"wp-block-spacer\"><\/div>\n\n\n\n<p><strong>Der Beginn der Pandemie liegt jetzt schon f\u00fcnf Jahre zur\u00fcck, vieles ist bereits in Vergessenheit geraten: Was l\u00e4sst sich aber aus Sicht der Kunst und der K\u00fcnstler sagen, ist die Krise vorbei oder laboriert die Kunst noch an den Kollateralsch\u00e4den oder konnte sie den Digitalisierungsschub auch f\u00fcr sich nutzen?<\/strong><\/p>\n\n\n\n<p>Nach der Krise ist vor der Krise \u2013 mehr oder weniger latent ist alles noch mit uns \u2026 und die Kunst \u2013 zumindest die \u201akleine Kunst,\u2018 die, die nicht vom Staat subventioniert wurde und wird, krebst eigentlich immer noch rum. Das viel beschworene \u201aClubsterben\u2018 ist nur die Spitze des Eisberges, denke ich.<\/p>\n\n\n\n<div style=\"height:20px\" aria-hidden=\"true\" class=\"wp-block-spacer\"><\/div>\n\n\n\n<p class=\"has-background\" style=\"background-color:#eeeeee\"><a href=\"https:\/\/meakusma.bandcamp.com\/album\/c-ovids-metamorphoses\" target=\"_blank\" rel=\"noreferrer noopener\">\u00a9ovid\u2018s Metamorphoses \u2192<\/a><\/p>","protected":false},"excerpt":{"rendered":"<p>Bernd Herzogenrath, Professor am Institut f\u00fcr England- und Amerikastudien, hat f\u00fcr sein Projekt \u201e\u00a9ovid\u2019s Metamorphoses\u201c 133 K\u00fcnstler aus den Bereichen Film, Sound, Text und Fotografie virtuell zusammengebracht. UniReport: Herr Herzogenrath, [&hellip;]<\/p>\n","protected":false},"author":4,"featured_media":84537,"comment_status":"closed","ping_status":"closed","sticky":false,"template":"","format":"standard","meta":{"_eb_attr":"","_price":"","_stock":"","_tribe_ticket_header":"","_tribe_default_ticket_provider":"","_ticket_start_date":"","_ticket_end_date":"","_tribe_ticket_show_description":"","_tribe_ticket_show_not_going":false,"_tribe_ticket_use_global_stock":"","_tribe_ticket_global_stock_level":"","_global_stock_mode":"","_global_stock_cap":"","_tribe_rsvp_for_event":"","_tribe_ticket_going_count":"","_tribe_ticket_not_going_count":"","_tribe_tickets_list":"[]","_tribe_ticket_has_attendee_info_fields":false,"footnotes":""},"categories":[173],"tags":[25,404],"post_folder":[],"class_list":["post-84536","post","type-post","status-publish","format-standard","has-post-thumbnail","hentry","category-unireport","tag-interview","tag-unireport-3-25"],"yoast_head":"<!-- This site is optimized with the Yoast SEO plugin v27.5 - https:\/\/yoast.com\/product\/yoast-seo-wordpress\/ -->\n<title>Ovids Metamorphosen unter Covid-Bedingungen weitergedacht | Aktuelles aus der Goethe-Universit\u00e4t Frankfurt<\/title>\n<meta name=\"robots\" content=\"index, follow, max-snippet:-1, max-image-preview:large, max-video-preview:-1\" \/>\n<link rel=\"canonical\" href=\"https:\/\/aktuelles.uni-frankfurt.de\/en\/unireport\/ovids-metamorphosen-unter-covid-bedingungen-weitergedacht\/\" \/>\n<meta property=\"og:locale\" content=\"en_GB\" \/>\n<meta property=\"og:type\" content=\"article\" \/>\n<meta property=\"og:title\" content=\"Ovids Metamorphosen unter Covid-Bedingungen weitergedacht | Aktuelles aus der Goethe-Universit\u00e4t Frankfurt\" \/>\n<meta property=\"og:description\" content=\"Bernd Herzogenrath, Professor am Institut f\u00fcr England- und Amerikastudien, hat f\u00fcr sein Projekt \u201e\u00a9ovid\u2019s Metamorphoses\u201c 133 K\u00fcnstler aus den Bereichen Film, Sound, Text und Fotografie virtuell zusammengebracht. UniReport: Herr Herzogenrath, [&hellip;]\" \/>\n<meta property=\"og:url\" content=\"https:\/\/aktuelles.uni-frankfurt.de\/en\/unireport\/ovids-metamorphosen-unter-covid-bedingungen-weitergedacht\/\" \/>\n<meta property=\"og:site_name\" content=\"Aktuelles aus der Goethe-Universit\u00e4t Frankfurt\" \/>\n<meta property=\"article:published_time\" content=\"2025-07-08T06:37:00+00:00\" \/>\n<meta property=\"og:image\" content=\"https:\/\/aktuelles.uni-frankfurt.de\/wp-content\/uploads\/2025\/06\/ovids-metamorphosen-650x450px.jpg\" \/>\n\t<meta property=\"og:image:width\" content=\"650\" \/>\n\t<meta property=\"og:image:height\" content=\"450\" \/>\n\t<meta property=\"og:image:type\" content=\"image\/jpeg\" \/>\n<meta name=\"author\" content=\"Dr. Dirk Frank\" \/>\n<meta name=\"twitter:card\" content=\"summary_large_image\" \/>\n<meta name=\"twitter:label1\" content=\"Written by\" \/>\n\t<meta name=\"twitter:data1\" content=\"Dr. Dirk Frank\" \/>\n\t<meta name=\"twitter:label2\" content=\"Estimated reading time\" \/>\n\t<meta name=\"twitter:data2\" content=\"2 minutes\" \/>\n<script type=\"application\/ld+json\" class=\"yoast-schema-graph\">{\"@context\":\"https:\\\/\\\/schema.org\",\"@graph\":[{\"@type\":\"Article\",\"@id\":\"https:\\\/\\\/aktuelles.uni-frankfurt.de\\\/unireport\\\/ovids-metamorphosen-unter-covid-bedingungen-weitergedacht\\\/#article\",\"isPartOf\":{\"@id\":\"https:\\\/\\\/aktuelles.uni-frankfurt.de\\\/unireport\\\/ovids-metamorphosen-unter-covid-bedingungen-weitergedacht\\\/\"},\"author\":{\"name\":\"Dr. Dirk Frank\",\"@id\":\"https:\\\/\\\/aktuelles.uni-frankfurt.de\\\/#\\\/schema\\\/person\\\/370c4588b49f66f89d917e8bd01f72b0\"},\"headline\":\"Ovids Metamorphosen unter Covid-Bedingungen weitergedacht\",\"datePublished\":\"2025-07-08T06:37:00+00:00\",\"mainEntityOfPage\":{\"@id\":\"https:\\\/\\\/aktuelles.uni-frankfurt.de\\\/unireport\\\/ovids-metamorphosen-unter-covid-bedingungen-weitergedacht\\\/\"},\"wordCount\":504,\"publisher\":{\"@id\":\"https:\\\/\\\/aktuelles.uni-frankfurt.de\\\/#organization\"},\"image\":{\"@id\":\"https:\\\/\\\/aktuelles.uni-frankfurt.de\\\/unireport\\\/ovids-metamorphosen-unter-covid-bedingungen-weitergedacht\\\/#primaryimage\"},\"thumbnailUrl\":\"https:\\\/\\\/aktuelles.uni-frankfurt.de\\\/wp-content\\\/uploads\\\/2025\\\/06\\\/ovids-metamorphosen-650x450px.jpg\",\"keywords\":[\"Interview\",\"UniReport 3.25\"],\"articleSection\":[\"UniReport\"],\"inLanguage\":\"en-GB\"},{\"@type\":\"WebPage\",\"@id\":\"https:\\\/\\\/aktuelles.uni-frankfurt.de\\\/unireport\\\/ovids-metamorphosen-unter-covid-bedingungen-weitergedacht\\\/\",\"url\":\"https:\\\/\\\/aktuelles.uni-frankfurt.de\\\/unireport\\\/ovids-metamorphosen-unter-covid-bedingungen-weitergedacht\\\/\",\"name\":\"Ovids Metamorphosen unter Covid-Bedingungen weitergedacht | Aktuelles aus der Goethe-Universit\u00e4t Frankfurt\",\"isPartOf\":{\"@id\":\"https:\\\/\\\/aktuelles.uni-frankfurt.de\\\/#website\"},\"primaryImageOfPage\":{\"@id\":\"https:\\\/\\\/aktuelles.uni-frankfurt.de\\\/unireport\\\/ovids-metamorphosen-unter-covid-bedingungen-weitergedacht\\\/#primaryimage\"},\"image\":{\"@id\":\"https:\\\/\\\/aktuelles.uni-frankfurt.de\\\/unireport\\\/ovids-metamorphosen-unter-covid-bedingungen-weitergedacht\\\/#primaryimage\"},\"thumbnailUrl\":\"https:\\\/\\\/aktuelles.uni-frankfurt.de\\\/wp-content\\\/uploads\\\/2025\\\/06\\\/ovids-metamorphosen-650x450px.jpg\",\"datePublished\":\"2025-07-08T06:37:00+00:00\",\"breadcrumb\":{\"@id\":\"https:\\\/\\\/aktuelles.uni-frankfurt.de\\\/unireport\\\/ovids-metamorphosen-unter-covid-bedingungen-weitergedacht\\\/#breadcrumb\"},\"inLanguage\":\"en-GB\",\"potentialAction\":[{\"@type\":\"ReadAction\",\"target\":[\"https:\\\/\\\/aktuelles.uni-frankfurt.de\\\/unireport\\\/ovids-metamorphosen-unter-covid-bedingungen-weitergedacht\\\/\"]}]},{\"@type\":\"ImageObject\",\"inLanguage\":\"en-GB\",\"@id\":\"https:\\\/\\\/aktuelles.uni-frankfurt.de\\\/unireport\\\/ovids-metamorphosen-unter-covid-bedingungen-weitergedacht\\\/#primaryimage\",\"url\":\"https:\\\/\\\/aktuelles.uni-frankfurt.de\\\/wp-content\\\/uploads\\\/2025\\\/06\\\/ovids-metamorphosen-650x450px.jpg\",\"contentUrl\":\"https:\\\/\\\/aktuelles.uni-frankfurt.de\\\/wp-content\\\/uploads\\\/2025\\\/06\\\/ovids-metamorphosen-650x450px.jpg\",\"width\":650,\"height\":450,\"caption\":\"\u00a9ovid\u2019s Metamorphoses, Foto: Bernd Herzogenrath\"},{\"@type\":\"BreadcrumbList\",\"@id\":\"https:\\\/\\\/aktuelles.uni-frankfurt.de\\\/unireport\\\/ovids-metamorphosen-unter-covid-bedingungen-weitergedacht\\\/#breadcrumb\",\"itemListElement\":[{\"@type\":\"ListItem\",\"position\":1,\"name\":\"Startseite\",\"item\":\"https:\\\/\\\/aktuelles.uni-frankfurt.de\\\/\"},{\"@type\":\"ListItem\",\"position\":2,\"name\":\"Ovids Metamorphosen unter Covid-Bedingungen weitergedacht\"}]},{\"@type\":\"WebSite\",\"@id\":\"https:\\\/\\\/aktuelles.uni-frankfurt.de\\\/#website\",\"url\":\"https:\\\/\\\/aktuelles.uni-frankfurt.de\\\/\",\"name\":\"Aktuelles aus der Goethe-Universit\u00e4t Frankfurt\",\"description\":\"Aktuelles aus der Goethe-Universit\u00e4t | Neues aus Forschung, Lehre, Studium\",\"publisher\":{\"@id\":\"https:\\\/\\\/aktuelles.uni-frankfurt.de\\\/#organization\"},\"potentialAction\":[{\"@type\":\"SearchAction\",\"target\":{\"@type\":\"EntryPoint\",\"urlTemplate\":\"https:\\\/\\\/aktuelles.uni-frankfurt.de\\\/?s={search_term_string}\"},\"query-input\":{\"@type\":\"PropertyValueSpecification\",\"valueRequired\":true,\"valueName\":\"search_term_string\"}}],\"inLanguage\":\"en-GB\"},{\"@type\":\"Organization\",\"@id\":\"https:\\\/\\\/aktuelles.uni-frankfurt.de\\\/#organization\",\"name\":\"Goethe-Universit\u00e4t\",\"url\":\"https:\\\/\\\/aktuelles.uni-frankfurt.de\\\/\",\"logo\":{\"@type\":\"ImageObject\",\"inLanguage\":\"en-GB\",\"@id\":\"https:\\\/\\\/aktuelles.uni-frankfurt.de\\\/#\\\/schema\\\/logo\\\/image\\\/\",\"url\":\"https:\\\/\\\/aktuelles.uni-frankfurt.de\\\/wp-content\\\/uploads\\\/2022\\\/03\\\/800px-Goethe-Logo.png\",\"contentUrl\":\"https:\\\/\\\/aktuelles.uni-frankfurt.de\\\/wp-content\\\/uploads\\\/2022\\\/03\\\/800px-Goethe-Logo.png\",\"width\":800,\"height\":436,\"caption\":\"Goethe-Universit\u00e4t\"},\"image\":{\"@id\":\"https:\\\/\\\/aktuelles.uni-frankfurt.de\\\/#\\\/schema\\\/logo\\\/image\\\/\"}},{\"@type\":\"Person\",\"@id\":\"https:\\\/\\\/aktuelles.uni-frankfurt.de\\\/#\\\/schema\\\/person\\\/370c4588b49f66f89d917e8bd01f72b0\",\"name\":\"Dr. Dirk Frank\",\"description\":\"Dr. Dirk Frank, 49, ist seit 2012 Pressereferent an der Goethe-Universit\u00e4t. Der promovierte Literaturwissenschaftler ist stellvertretender Leiter der Abteilung Marketing und Kommunikation und f\u00fcr die Redaktion des UniReport zust\u00e4ndig.\",\"sameAs\":[\"http:\\\/\\\/aktuelles.uni-frankfurt.de\\\/\"],\"url\":\"https:\\\/\\\/aktuelles.uni-frankfurt.de\\\/en\\\/author\\\/dr-dirkfrank\\\/\"}]}<\/script>\n<!-- \/ Yoast SEO plugin. -->","yoast_head_json":{"title":"Ovids Metamorphosen unter Covid-Bedingungen weitergedacht | Aktuelles aus der Goethe-Universit\u00e4t Frankfurt","robots":{"index":"index","follow":"follow","max-snippet":"max-snippet:-1","max-image-preview":"max-image-preview:large","max-video-preview":"max-video-preview:-1"},"canonical":"https:\/\/aktuelles.uni-frankfurt.de\/en\/unireport\/ovids-metamorphosen-unter-covid-bedingungen-weitergedacht\/","og_locale":"en_GB","og_type":"article","og_title":"Ovids Metamorphosen unter Covid-Bedingungen weitergedacht | Aktuelles aus der Goethe-Universit\u00e4t Frankfurt","og_description":"Bernd Herzogenrath, Professor am Institut f\u00fcr England- und Amerikastudien, hat f\u00fcr sein Projekt \u201e\u00a9ovid\u2019s Metamorphoses\u201c 133 K\u00fcnstler aus den Bereichen Film, Sound, Text und Fotografie virtuell zusammengebracht. UniReport: Herr Herzogenrath, [&hellip;]","og_url":"https:\/\/aktuelles.uni-frankfurt.de\/en\/unireport\/ovids-metamorphosen-unter-covid-bedingungen-weitergedacht\/","og_site_name":"Aktuelles aus der Goethe-Universit\u00e4t Frankfurt","article_published_time":"2025-07-08T06:37:00+00:00","og_image":[{"width":650,"height":450,"url":"https:\/\/aktuelles.uni-frankfurt.de\/wp-content\/uploads\/2025\/06\/ovids-metamorphosen-650x450px.jpg","type":"image\/jpeg"}],"author":"Dr. Dirk Frank","twitter_card":"summary_large_image","twitter_misc":{"Written by":"Dr. Dirk Frank","Estimated reading time":"2 minutes"},"schema":{"@context":"https:\/\/schema.org","@graph":[{"@type":"Article","@id":"https:\/\/aktuelles.uni-frankfurt.de\/unireport\/ovids-metamorphosen-unter-covid-bedingungen-weitergedacht\/#article","isPartOf":{"@id":"https:\/\/aktuelles.uni-frankfurt.de\/unireport\/ovids-metamorphosen-unter-covid-bedingungen-weitergedacht\/"},"author":{"name":"Dr. Dirk Frank","@id":"https:\/\/aktuelles.uni-frankfurt.de\/#\/schema\/person\/370c4588b49f66f89d917e8bd01f72b0"},"headline":"Ovids Metamorphosen unter Covid-Bedingungen weitergedacht","datePublished":"2025-07-08T06:37:00+00:00","mainEntityOfPage":{"@id":"https:\/\/aktuelles.uni-frankfurt.de\/unireport\/ovids-metamorphosen-unter-covid-bedingungen-weitergedacht\/"},"wordCount":504,"publisher":{"@id":"https:\/\/aktuelles.uni-frankfurt.de\/#organization"},"image":{"@id":"https:\/\/aktuelles.uni-frankfurt.de\/unireport\/ovids-metamorphosen-unter-covid-bedingungen-weitergedacht\/#primaryimage"},"thumbnailUrl":"https:\/\/aktuelles.uni-frankfurt.de\/wp-content\/uploads\/2025\/06\/ovids-metamorphosen-650x450px.jpg","keywords":["Interview","UniReport 3.25"],"articleSection":["UniReport"],"inLanguage":"en-GB"},{"@type":"WebPage","@id":"https:\/\/aktuelles.uni-frankfurt.de\/unireport\/ovids-metamorphosen-unter-covid-bedingungen-weitergedacht\/","url":"https:\/\/aktuelles.uni-frankfurt.de\/unireport\/ovids-metamorphosen-unter-covid-bedingungen-weitergedacht\/","name":"Ovids Metamorphosen unter Covid-Bedingungen weitergedacht | Aktuelles aus der Goethe-Universit\u00e4t Frankfurt","isPartOf":{"@id":"https:\/\/aktuelles.uni-frankfurt.de\/#website"},"primaryImageOfPage":{"@id":"https:\/\/aktuelles.uni-frankfurt.de\/unireport\/ovids-metamorphosen-unter-covid-bedingungen-weitergedacht\/#primaryimage"},"image":{"@id":"https:\/\/aktuelles.uni-frankfurt.de\/unireport\/ovids-metamorphosen-unter-covid-bedingungen-weitergedacht\/#primaryimage"},"thumbnailUrl":"https:\/\/aktuelles.uni-frankfurt.de\/wp-content\/uploads\/2025\/06\/ovids-metamorphosen-650x450px.jpg","datePublished":"2025-07-08T06:37:00+00:00","breadcrumb":{"@id":"https:\/\/aktuelles.uni-frankfurt.de\/unireport\/ovids-metamorphosen-unter-covid-bedingungen-weitergedacht\/#breadcrumb"},"inLanguage":"en-GB","potentialAction":[{"@type":"ReadAction","target":["https:\/\/aktuelles.uni-frankfurt.de\/unireport\/ovids-metamorphosen-unter-covid-bedingungen-weitergedacht\/"]}]},{"@type":"ImageObject","inLanguage":"en-GB","@id":"https:\/\/aktuelles.uni-frankfurt.de\/unireport\/ovids-metamorphosen-unter-covid-bedingungen-weitergedacht\/#primaryimage","url":"https:\/\/aktuelles.uni-frankfurt.de\/wp-content\/uploads\/2025\/06\/ovids-metamorphosen-650x450px.jpg","contentUrl":"https:\/\/aktuelles.uni-frankfurt.de\/wp-content\/uploads\/2025\/06\/ovids-metamorphosen-650x450px.jpg","width":650,"height":450,"caption":"\u00a9ovid\u2019s Metamorphoses, Foto: Bernd Herzogenrath"},{"@type":"BreadcrumbList","@id":"https:\/\/aktuelles.uni-frankfurt.de\/unireport\/ovids-metamorphosen-unter-covid-bedingungen-weitergedacht\/#breadcrumb","itemListElement":[{"@type":"ListItem","position":1,"name":"Startseite","item":"https:\/\/aktuelles.uni-frankfurt.de\/"},{"@type":"ListItem","position":2,"name":"Ovids Metamorphosen unter Covid-Bedingungen weitergedacht"}]},{"@type":"WebSite","@id":"https:\/\/aktuelles.uni-frankfurt.de\/#website","url":"https:\/\/aktuelles.uni-frankfurt.de\/","name":"Aktuelles aus der Goethe-Universit\u00e4t Frankfurt","description":"Aktuelles aus der Goethe-Universit\u00e4t | Neues aus Forschung, Lehre, Studium","publisher":{"@id":"https:\/\/aktuelles.uni-frankfurt.de\/#organization"},"potentialAction":[{"@type":"SearchAction","target":{"@type":"EntryPoint","urlTemplate":"https:\/\/aktuelles.uni-frankfurt.de\/?s={search_term_string}"},"query-input":{"@type":"PropertyValueSpecification","valueRequired":true,"valueName":"search_term_string"}}],"inLanguage":"en-GB"},{"@type":"Organization","@id":"https:\/\/aktuelles.uni-frankfurt.de\/#organization","name":"Goethe University Frankfurt","url":"https:\/\/aktuelles.uni-frankfurt.de\/","logo":{"@type":"ImageObject","inLanguage":"en-GB","@id":"https:\/\/aktuelles.uni-frankfurt.de\/#\/schema\/logo\/image\/","url":"https:\/\/aktuelles.uni-frankfurt.de\/wp-content\/uploads\/2022\/03\/800px-Goethe-Logo.png","contentUrl":"https:\/\/aktuelles.uni-frankfurt.de\/wp-content\/uploads\/2022\/03\/800px-Goethe-Logo.png","width":800,"height":436,"caption":"Goethe-Universit\u00e4t"},"image":{"@id":"https:\/\/aktuelles.uni-frankfurt.de\/#\/schema\/logo\/image\/"}},{"@type":"Person","@id":"https:\/\/aktuelles.uni-frankfurt.de\/#\/schema\/person\/370c4588b49f66f89d917e8bd01f72b0","name":"Dr. Dirk Frank","description":"Dr. Dirk Frank, 49, ist seit 2012 Pressereferent an der Goethe-Universit\u00e4t. Der promovierte Literaturwissenschaftler ist stellvertretender Leiter der Abteilung Marketing und Kommunikation und f\u00fcr die Redaktion des UniReport zust\u00e4ndig.","sameAs":["http:\/\/aktuelles.uni-frankfurt.de\/"],"url":"https:\/\/aktuelles.uni-frankfurt.de\/en\/author\/dr-dirkfrank\/"}]}},"_links":{"self":[{"href":"https:\/\/aktuelles.uni-frankfurt.de\/en\/wp-json\/wp\/v2\/posts\/84536","targetHints":{"allow":["GET"]}}],"collection":[{"href":"https:\/\/aktuelles.uni-frankfurt.de\/en\/wp-json\/wp\/v2\/posts"}],"about":[{"href":"https:\/\/aktuelles.uni-frankfurt.de\/en\/wp-json\/wp\/v2\/types\/post"}],"author":[{"embeddable":true,"href":"https:\/\/aktuelles.uni-frankfurt.de\/en\/wp-json\/wp\/v2\/users\/4"}],"replies":[{"embeddable":true,"href":"https:\/\/aktuelles.uni-frankfurt.de\/en\/wp-json\/wp\/v2\/comments?post=84536"}],"version-history":[{"count":0,"href":"https:\/\/aktuelles.uni-frankfurt.de\/en\/wp-json\/wp\/v2\/posts\/84536\/revisions"}],"wp:featuredmedia":[{"embeddable":true,"href":"https:\/\/aktuelles.uni-frankfurt.de\/en\/wp-json\/wp\/v2\/media\/84537"}],"wp:attachment":[{"href":"https:\/\/aktuelles.uni-frankfurt.de\/en\/wp-json\/wp\/v2\/media?parent=84536"}],"wp:term":[{"taxonomy":"category","embeddable":true,"href":"https:\/\/aktuelles.uni-frankfurt.de\/en\/wp-json\/wp\/v2\/categories?post=84536"},{"taxonomy":"post_tag","embeddable":true,"href":"https:\/\/aktuelles.uni-frankfurt.de\/en\/wp-json\/wp\/v2\/tags?post=84536"},{"taxonomy":"post_folder","embeddable":true,"href":"https:\/\/aktuelles.uni-frankfurt.de\/en\/wp-json\/wp\/v2\/post_folder?post=84536"}],"curies":[{"name":"wp","href":"https:\/\/api.w.org\/{rel}","templated":true}]}}