{"id":84790,"date":"2025-07-16T11:30:01","date_gmt":"2025-07-16T09:30:01","guid":{"rendered":"https:\/\/aktuelles.uni-frankfurt.de\/?p=84790"},"modified":"2025-07-16T11:30:01","modified_gmt":"2025-07-16T09:30:01","slug":"hoersaal-statt-ruhestand","status":"publish","type":"post","link":"https:\/\/aktuelles.uni-frankfurt.de\/en\/einblick\/hoersaal-statt-ruhestand\/","title":{"rendered":"H\u00f6rsaal statt Ruhestand"},"content":{"rendered":"<p><em>Immer mehr Senioren studieren in Hessen<\/em><\/p>\n\n\n\n<p><strong>Kein Ruhestand f\u00fcr den Wissensstand: In Hessen ist die Zahl der Studierenden \u00fcber 60 in den letzten zehn Jahren um mehr als 50 Prozent gestiegen. Besonders beliebt sind die Geisteswissenschaften \u2013 und die Goethe-Universit\u00e4t Frankfurt erweist sich als Hotspot dieses Trends. Dr. Eilika Emmerlich ist eine dieser Seniorenstudierenden: Mit 63 Jahren schrieb sie sich erneut ein, promovierte mit 69 in Philosophie \u2013 und sitzt mit 84 noch immer regelm\u00e4\u00dfig in Seminaren. Ein Portr\u00e4t \u00fcber eine Frau, die zeigt, was lebenslanges Lernen wirklich bedeutet.<\/strong><\/p>\n\n\n\n<div style=\"height:20px\" aria-hidden=\"true\" class=\"wp-block-spacer\"><\/div>\n\n\n\n<figure class=\"wp-block-image aligncenter size-full\"><img fetchpriority=\"high\" decoding=\"async\" width=\"650\" height=\"450\" src=\"https:\/\/aktuelles.uni-frankfurt.de\/wp-content\/uploads\/2025\/07\/dr-eilika-emmerlich-c-heike-juengst.jpg\" alt=\"Dr. Eilika Emmerlich\" class=\"wp-image-84791\" srcset=\"https:\/\/aktuelles.uni-frankfurt.de\/wp-content\/uploads\/2025\/07\/dr-eilika-emmerlich-c-heike-juengst.jpg 650w, https:\/\/aktuelles.uni-frankfurt.de\/wp-content\/uploads\/2025\/07\/dr-eilika-emmerlich-c-heike-juengst-300x208.jpg 300w, https:\/\/aktuelles.uni-frankfurt.de\/wp-content\/uploads\/2025\/07\/dr-eilika-emmerlich-c-heike-juengst-500x346.jpg 500w, https:\/\/aktuelles.uni-frankfurt.de\/wp-content\/uploads\/2025\/07\/dr-eilika-emmerlich-c-heike-juengst-18x12.jpg 18w\" sizes=\"(max-width: 650px) 100vw, 650px\" \/><figcaption class=\"wp-element-caption\">Hat ihre Erkenntnisse auf dem neusten Stand: Eilika Emmerlich \u00a9 Heike J\u00fcngst<\/figcaption><\/figure>\n\n\n\n<div style=\"height:20px\" aria-hidden=\"true\" class=\"wp-block-spacer\"><\/div>\n\n\n\n<p>Woche f\u00fcr Woche sitzt Eilika Emmerlich in den H\u00f6rs\u00e4len der Goethe- Universit\u00e4t Frankfurt \u2013 mitten unter Studierenden, die ihre Enkel sein k\u00f6nnten. Die so sportliche wie lesefreudige Seniorin besucht Philosophie-, Theologie- und Geschichtsseminare, diskutiert mit, liest Boethius im Original und l\u00e4sst sich vom intellektuellen Austausch befl\u00fcgeln. Nicht aus beruflichem Ehrgeiz, sondern aus Freude am Denken. \u00bbIch bin Amateurin \u2013 im Sinne von \u201aLiebhaberin\u2018. Ich lerne, weil ich\u2019s liebe, nicht weil ich muss.\u00ab<\/p>\n\n\n\n<p>Emmerlich ist Trendsetterin. Zu Beginn ihres Zweitstudiums 2004 noch eine Ausnahme, entdecken heute immer mehr \u00e4ltere Menschen das Studium im Ruhestand. Im Wintersemester 2024\/2025 waren landesweit 786 Menschen \u00fcber 60 an hessischen Hochschulen immatrikuliert \u2013 ein Anstieg um \u00fcber 56 Prozent seit 2014. Besonders beliebt sind geisteswissenschaftliche F\u00e4cher. Und Frankfurt, mit seiner \u00bbUniversit\u00e4t des 3. Lebensalters\u00ab (U3L), gilt als Vorreiterin. Eilika Emmerlich zieht f\u00fcr sich allerdings die regul\u00e4ren Seminare vor. \u00bbIch will wissen, wie die jungen Leute ticken. Alte kenne ich genug.\u00ab<\/p>\n\n\n\n<div style=\"height:20px\" aria-hidden=\"true\" class=\"wp-block-spacer\"><\/div>\n\n\n\n<h2 class=\"wp-block-heading\">\u00bbIch konnte schreiben\u00ab: Erste Karriere in der Werbung<\/h2>\n\n\n\n<p>In ihren Seminaren wird Emmerlich geduzt, sie duzt zur\u00fcck, diskutiert mit Verve. Dabei bringt sie eine Lebensgeschichte mit, die selbst in den bunt gemischten H\u00f6rs\u00e4len selten ist. Nach einem Philologie-Studium in M\u00fcnchen Anfang der 1960er Jahre \u2013 \u00bbGermanistik und Anglistik, ich konnte schnell mit Worten umgehen\u00ab \u2013 machte sie Karriere in der Werbung. Vom ersten Copytest ohne jede Ahnung von \u00bbCopywriting\u00ab bis in die erweiterte Gesch\u00e4ftsf\u00fchrung einer internationalen Agentur. London, Br\u00fcssel, Paris, Wien \u2013 Stationen ihres Berufslebens. \u00bbIch hatte keine Ahnung von Werbung, aber ich konnte schreiben. Und denken.\u00ab Sie heiratet, gr\u00fcndet eine Familie. Bleibt beruflich am Ball.<\/p>\n\n\n\n<div style=\"height:20px\" aria-hidden=\"true\" class=\"wp-block-spacer\"><\/div>\n\n\n\n<h2 class=\"wp-block-heading\">Zur\u00fcck zur Freiheit des Denkens im Zweitstudium<\/h2>\n\n\n\n<p>Die Philosophie, sagt sie, war stets ein leiser Begleiter. Richtig angesteckt wurde sie in Management-Seminaren bei Rupert Lay, einem Jesuiten und Ethiker. \u00bbDa ging\u2019s um praktische Philosophie \u2013 Ethik, F\u00fchrung, Logik. Ich wollte mehr.\u00ab Nach ihrer Verrentung schrieb sie sich deshalb f\u00fcr ein Philosophiestudium ein \u2013 mit 63. F\u00fcnf Jahre sp\u00e4ter promovierte sie. Heute besucht sie nach wie vor drei Seminare pro Semester: \u00bbMehr schaffe ich nicht \u2013 f\u00fcr Sport und meine Ehren\u00e4mter brauche ich auch noch Zeit.\u00ab<\/p>\n\n\n\n<p>Sich neu einfinden, dazulernen, aufgeschlossen bleiben \u2013 das ist f\u00fcr sie kein Altersthema, sondern eine Haltung. Auch in ihrer ehrenamtlichen Arbeit zeigt sich das. Sie gr\u00fcndete eine Fl\u00fcchtlingsinitiative in R\u00f6delheim, unterrichtete Deutsch und Staatsb\u00fcrgerkunde, leitet heute den Heimat- und Geschichtsverein und bringt \u00e4lteren Menschen im \u00bbSurf-Treff\u00ab digitale Medien n\u00e4her. Technik ist kein Fremdwort f\u00fcr Sie. \u00bbIch hatte selbst keine Ahnung vom Computer \u2013 hab\u2019s mir beigebracht. Heute kommen die Leute mit ihren Tablets und fragen mich.\u00ab F\u00fcr viele ist Eilika Emmerlich ein Vorbild \u2013 auch wenn sie selbst davon wenig Aufheben macht. \u00bbViele der jungen Mitstudierenden sagen: Ich will auch mal so sein wie du. Das freut mich. Aber ich hab\u2019s nicht geplant. Ich hab\u2019s einfach gemacht.\u00ab<\/p>\n\n\n\n<div style=\"height:20px\" aria-hidden=\"true\" class=\"wp-block-spacer\"><\/div>\n\n\n\n<p class=\"has-text-align-right\"><em>Heike J\u00fcngst<\/em><\/p>","protected":false},"excerpt":{"rendered":"<p>Immer mehr Senioren studieren in Hessen Kein Ruhestand f\u00fcr den Wissensstand: In Hessen ist die Zahl der Studierenden \u00fcber 60 in den letzten zehn Jahren um mehr als 50 Prozent [&hellip;]<\/p>\n","protected":false},"author":8,"featured_media":84791,"comment_status":"closed","ping_status":"closed","sticky":false,"template":"","format":"standard","meta":{"_eb_attr":"","_price":"","_stock":"","_tribe_ticket_header":"","_tribe_default_ticket_provider":"","_ticket_start_date":"","_ticket_end_date":"","_tribe_ticket_show_description":"","_tribe_ticket_show_not_going":false,"_tribe_ticket_use_global_stock":"","_tribe_ticket_global_stock_level":"","_global_stock_mode":"","_global_stock_cap":"","_tribe_rsvp_for_event":"","_tribe_ticket_going_count":"","_tribe_ticket_not_going_count":"","_tribe_tickets_list":"[]","_tribe_ticket_has_attendee_info_fields":false,"footnotes":""},"categories":[266],"tags":[80,413],"post_folder":[],"class_list":["post-84790","post","type-post","status-publish","format-standard","has-post-thumbnail","hentry","category-einblick","tag-alumni","tag-einblick-60"],"yoast_head":"<!-- This site is optimized with the Yoast SEO plugin v27.5 - https:\/\/yoast.com\/product\/yoast-seo-wordpress\/ -->\n<title>H\u00f6rsaal statt Ruhestand | Aktuelles aus der Goethe-Universit\u00e4t Frankfurt<\/title>\n<meta name=\"robots\" content=\"index, follow, max-snippet:-1, max-image-preview:large, max-video-preview:-1\" \/>\n<link rel=\"canonical\" href=\"https:\/\/aktuelles.uni-frankfurt.de\/en\/einblick\/hoersaal-statt-ruhestand\/\" \/>\n<meta property=\"og:locale\" content=\"en_GB\" \/>\n<meta property=\"og:type\" content=\"article\" \/>\n<meta property=\"og:title\" content=\"H\u00f6rsaal statt Ruhestand | Aktuelles aus der Goethe-Universit\u00e4t Frankfurt\" \/>\n<meta property=\"og:description\" content=\"Immer mehr Senioren studieren in Hessen Kein Ruhestand f\u00fcr den Wissensstand: In Hessen ist die Zahl der Studierenden \u00fcber 60 in den letzten zehn Jahren um mehr als 50 Prozent [&hellip;]\" \/>\n<meta property=\"og:url\" content=\"https:\/\/aktuelles.uni-frankfurt.de\/en\/einblick\/hoersaal-statt-ruhestand\/\" \/>\n<meta property=\"og:site_name\" content=\"Aktuelles aus der Goethe-Universit\u00e4t Frankfurt\" \/>\n<meta property=\"article:published_time\" content=\"2025-07-16T09:30:01+00:00\" \/>\n<meta property=\"og:image\" content=\"https:\/\/aktuelles.uni-frankfurt.de\/wp-content\/uploads\/2025\/07\/dr-eilika-emmerlich-c-heike-juengst.jpg\" \/>\n\t<meta property=\"og:image:width\" content=\"650\" \/>\n\t<meta property=\"og:image:height\" content=\"450\" \/>\n\t<meta property=\"og:image:type\" content=\"image\/jpeg\" \/>\n<meta name=\"author\" content=\"-\" \/>\n<meta name=\"twitter:card\" content=\"summary_large_image\" \/>\n<meta name=\"twitter:label1\" content=\"Written by\" \/>\n\t<meta name=\"twitter:data1\" content=\"-\" \/>\n\t<meta name=\"twitter:label2\" content=\"Estimated reading time\" \/>\n\t<meta name=\"twitter:data2\" content=\"3 minutes\" \/>\n<script type=\"application\/ld+json\" class=\"yoast-schema-graph\">{\"@context\":\"https:\\\/\\\/schema.org\",\"@graph\":[{\"@type\":\"Article\",\"@id\":\"https:\\\/\\\/aktuelles.uni-frankfurt.de\\\/einblick\\\/hoersaal-statt-ruhestand\\\/#article\",\"isPartOf\":{\"@id\":\"https:\\\/\\\/aktuelles.uni-frankfurt.de\\\/einblick\\\/hoersaal-statt-ruhestand\\\/\"},\"author\":{\"name\":\"-\",\"@id\":\"https:\\\/\\\/aktuelles.uni-frankfurt.de\\\/#\\\/schema\\\/person\\\/8e55ea338fb65d1ce87a91565d1f1739\"},\"headline\":\"H\u00f6rsaal statt Ruhestand\",\"datePublished\":\"2025-07-16T09:30:01+00:00\",\"mainEntityOfPage\":{\"@id\":\"https:\\\/\\\/aktuelles.uni-frankfurt.de\\\/einblick\\\/hoersaal-statt-ruhestand\\\/\"},\"wordCount\":587,\"publisher\":{\"@id\":\"https:\\\/\\\/aktuelles.uni-frankfurt.de\\\/#organization\"},\"image\":{\"@id\":\"https:\\\/\\\/aktuelles.uni-frankfurt.de\\\/einblick\\\/hoersaal-statt-ruhestand\\\/#primaryimage\"},\"thumbnailUrl\":\"https:\\\/\\\/aktuelles.uni-frankfurt.de\\\/wp-content\\\/uploads\\\/2025\\\/07\\\/dr-eilika-emmerlich-c-heike-juengst.jpg\",\"keywords\":[\"Alumni\",\"EinBlick 60\"],\"articleSection\":[\"EinBlick\"],\"inLanguage\":\"en-GB\"},{\"@type\":\"WebPage\",\"@id\":\"https:\\\/\\\/aktuelles.uni-frankfurt.de\\\/einblick\\\/hoersaal-statt-ruhestand\\\/\",\"url\":\"https:\\\/\\\/aktuelles.uni-frankfurt.de\\\/einblick\\\/hoersaal-statt-ruhestand\\\/\",\"name\":\"H\u00f6rsaal statt Ruhestand | Aktuelles aus der Goethe-Universit\u00e4t Frankfurt\",\"isPartOf\":{\"@id\":\"https:\\\/\\\/aktuelles.uni-frankfurt.de\\\/#website\"},\"primaryImageOfPage\":{\"@id\":\"https:\\\/\\\/aktuelles.uni-frankfurt.de\\\/einblick\\\/hoersaal-statt-ruhestand\\\/#primaryimage\"},\"image\":{\"@id\":\"https:\\\/\\\/aktuelles.uni-frankfurt.de\\\/einblick\\\/hoersaal-statt-ruhestand\\\/#primaryimage\"},\"thumbnailUrl\":\"https:\\\/\\\/aktuelles.uni-frankfurt.de\\\/wp-content\\\/uploads\\\/2025\\\/07\\\/dr-eilika-emmerlich-c-heike-juengst.jpg\",\"datePublished\":\"2025-07-16T09:30:01+00:00\",\"breadcrumb\":{\"@id\":\"https:\\\/\\\/aktuelles.uni-frankfurt.de\\\/einblick\\\/hoersaal-statt-ruhestand\\\/#breadcrumb\"},\"inLanguage\":\"en-GB\",\"potentialAction\":[{\"@type\":\"ReadAction\",\"target\":[\"https:\\\/\\\/aktuelles.uni-frankfurt.de\\\/einblick\\\/hoersaal-statt-ruhestand\\\/\"]}]},{\"@type\":\"ImageObject\",\"inLanguage\":\"en-GB\",\"@id\":\"https:\\\/\\\/aktuelles.uni-frankfurt.de\\\/einblick\\\/hoersaal-statt-ruhestand\\\/#primaryimage\",\"url\":\"https:\\\/\\\/aktuelles.uni-frankfurt.de\\\/wp-content\\\/uploads\\\/2025\\\/07\\\/dr-eilika-emmerlich-c-heike-juengst.jpg\",\"contentUrl\":\"https:\\\/\\\/aktuelles.uni-frankfurt.de\\\/wp-content\\\/uploads\\\/2025\\\/07\\\/dr-eilika-emmerlich-c-heike-juengst.jpg\",\"width\":650,\"height\":450,\"caption\":\"Hat ihre Erkenntnisse auf dem neusten Stand: Eilika Emmerlich \u00a9 Heike J\u00fcngst\"},{\"@type\":\"BreadcrumbList\",\"@id\":\"https:\\\/\\\/aktuelles.uni-frankfurt.de\\\/einblick\\\/hoersaal-statt-ruhestand\\\/#breadcrumb\",\"itemListElement\":[{\"@type\":\"ListItem\",\"position\":1,\"name\":\"Startseite\",\"item\":\"https:\\\/\\\/aktuelles.uni-frankfurt.de\\\/\"},{\"@type\":\"ListItem\",\"position\":2,\"name\":\"H\u00f6rsaal statt Ruhestand\"}]},{\"@type\":\"WebSite\",\"@id\":\"https:\\\/\\\/aktuelles.uni-frankfurt.de\\\/#website\",\"url\":\"https:\\\/\\\/aktuelles.uni-frankfurt.de\\\/\",\"name\":\"Aktuelles aus der Goethe-Universit\u00e4t Frankfurt\",\"description\":\"Aktuelles aus der Goethe-Universit\u00e4t | Neues aus Forschung, Lehre, Studium\",\"publisher\":{\"@id\":\"https:\\\/\\\/aktuelles.uni-frankfurt.de\\\/#organization\"},\"potentialAction\":[{\"@type\":\"SearchAction\",\"target\":{\"@type\":\"EntryPoint\",\"urlTemplate\":\"https:\\\/\\\/aktuelles.uni-frankfurt.de\\\/?s={search_term_string}\"},\"query-input\":{\"@type\":\"PropertyValueSpecification\",\"valueRequired\":true,\"valueName\":\"search_term_string\"}}],\"inLanguage\":\"en-GB\"},{\"@type\":\"Organization\",\"@id\":\"https:\\\/\\\/aktuelles.uni-frankfurt.de\\\/#organization\",\"name\":\"Goethe-Universit\u00e4t\",\"url\":\"https:\\\/\\\/aktuelles.uni-frankfurt.de\\\/\",\"logo\":{\"@type\":\"ImageObject\",\"inLanguage\":\"en-GB\",\"@id\":\"https:\\\/\\\/aktuelles.uni-frankfurt.de\\\/#\\\/schema\\\/logo\\\/image\\\/\",\"url\":\"https:\\\/\\\/aktuelles.uni-frankfurt.de\\\/wp-content\\\/uploads\\\/2022\\\/03\\\/800px-Goethe-Logo.png\",\"contentUrl\":\"https:\\\/\\\/aktuelles.uni-frankfurt.de\\\/wp-content\\\/uploads\\\/2022\\\/03\\\/800px-Goethe-Logo.png\",\"width\":800,\"height\":436,\"caption\":\"Goethe-Universit\u00e4t\"},\"image\":{\"@id\":\"https:\\\/\\\/aktuelles.uni-frankfurt.de\\\/#\\\/schema\\\/logo\\\/image\\\/\"}},{\"@type\":\"Person\",\"@id\":\"https:\\\/\\\/aktuelles.uni-frankfurt.de\\\/#\\\/schema\\\/person\\\/8e55ea338fb65d1ce87a91565d1f1739\",\"name\":\"-\",\"description\":\"Dieser Beitrag wurde von der Online-Redaktion ver\u00f6ffentlicht. Wenn der Beitrag von einem Gastautoren verfasst wurde, findet sich dieser Hinweis am Ende des jeweiligen Artikels.\",\"sameAs\":[\"http:\\\/\\\/aktuelles.uni-frankfurt.de\\\/autoren\"],\"url\":\"https:\\\/\\\/aktuelles.uni-frankfurt.de\\\/en\\\/author\\\/redaktion\\\/\"}]}<\/script>\n<!-- \/ Yoast SEO plugin. -->","yoast_head_json":{"title":"H\u00f6rsaal statt Ruhestand | Aktuelles aus der Goethe-Universit\u00e4t Frankfurt","robots":{"index":"index","follow":"follow","max-snippet":"max-snippet:-1","max-image-preview":"max-image-preview:large","max-video-preview":"max-video-preview:-1"},"canonical":"https:\/\/aktuelles.uni-frankfurt.de\/en\/einblick\/hoersaal-statt-ruhestand\/","og_locale":"en_GB","og_type":"article","og_title":"H\u00f6rsaal statt Ruhestand | Aktuelles aus der Goethe-Universit\u00e4t Frankfurt","og_description":"Immer mehr Senioren studieren in Hessen Kein Ruhestand f\u00fcr den Wissensstand: In Hessen ist die Zahl der Studierenden \u00fcber 60 in den letzten zehn Jahren um mehr als 50 Prozent [&hellip;]","og_url":"https:\/\/aktuelles.uni-frankfurt.de\/en\/einblick\/hoersaal-statt-ruhestand\/","og_site_name":"Aktuelles aus der Goethe-Universit\u00e4t Frankfurt","article_published_time":"2025-07-16T09:30:01+00:00","og_image":[{"width":650,"height":450,"url":"https:\/\/aktuelles.uni-frankfurt.de\/wp-content\/uploads\/2025\/07\/dr-eilika-emmerlich-c-heike-juengst.jpg","type":"image\/jpeg"}],"author":"-","twitter_card":"summary_large_image","twitter_misc":{"Written by":"-","Estimated reading time":"3 minutes"},"schema":{"@context":"https:\/\/schema.org","@graph":[{"@type":"Article","@id":"https:\/\/aktuelles.uni-frankfurt.de\/einblick\/hoersaal-statt-ruhestand\/#article","isPartOf":{"@id":"https:\/\/aktuelles.uni-frankfurt.de\/einblick\/hoersaal-statt-ruhestand\/"},"author":{"name":"-","@id":"https:\/\/aktuelles.uni-frankfurt.de\/#\/schema\/person\/8e55ea338fb65d1ce87a91565d1f1739"},"headline":"H\u00f6rsaal statt Ruhestand","datePublished":"2025-07-16T09:30:01+00:00","mainEntityOfPage":{"@id":"https:\/\/aktuelles.uni-frankfurt.de\/einblick\/hoersaal-statt-ruhestand\/"},"wordCount":587,"publisher":{"@id":"https:\/\/aktuelles.uni-frankfurt.de\/#organization"},"image":{"@id":"https:\/\/aktuelles.uni-frankfurt.de\/einblick\/hoersaal-statt-ruhestand\/#primaryimage"},"thumbnailUrl":"https:\/\/aktuelles.uni-frankfurt.de\/wp-content\/uploads\/2025\/07\/dr-eilika-emmerlich-c-heike-juengst.jpg","keywords":["Alumni","EinBlick 60"],"articleSection":["EinBlick"],"inLanguage":"en-GB"},{"@type":"WebPage","@id":"https:\/\/aktuelles.uni-frankfurt.de\/einblick\/hoersaal-statt-ruhestand\/","url":"https:\/\/aktuelles.uni-frankfurt.de\/einblick\/hoersaal-statt-ruhestand\/","name":"H\u00f6rsaal statt Ruhestand | Aktuelles aus der Goethe-Universit\u00e4t Frankfurt","isPartOf":{"@id":"https:\/\/aktuelles.uni-frankfurt.de\/#website"},"primaryImageOfPage":{"@id":"https:\/\/aktuelles.uni-frankfurt.de\/einblick\/hoersaal-statt-ruhestand\/#primaryimage"},"image":{"@id":"https:\/\/aktuelles.uni-frankfurt.de\/einblick\/hoersaal-statt-ruhestand\/#primaryimage"},"thumbnailUrl":"https:\/\/aktuelles.uni-frankfurt.de\/wp-content\/uploads\/2025\/07\/dr-eilika-emmerlich-c-heike-juengst.jpg","datePublished":"2025-07-16T09:30:01+00:00","breadcrumb":{"@id":"https:\/\/aktuelles.uni-frankfurt.de\/einblick\/hoersaal-statt-ruhestand\/#breadcrumb"},"inLanguage":"en-GB","potentialAction":[{"@type":"ReadAction","target":["https:\/\/aktuelles.uni-frankfurt.de\/einblick\/hoersaal-statt-ruhestand\/"]}]},{"@type":"ImageObject","inLanguage":"en-GB","@id":"https:\/\/aktuelles.uni-frankfurt.de\/einblick\/hoersaal-statt-ruhestand\/#primaryimage","url":"https:\/\/aktuelles.uni-frankfurt.de\/wp-content\/uploads\/2025\/07\/dr-eilika-emmerlich-c-heike-juengst.jpg","contentUrl":"https:\/\/aktuelles.uni-frankfurt.de\/wp-content\/uploads\/2025\/07\/dr-eilika-emmerlich-c-heike-juengst.jpg","width":650,"height":450,"caption":"Hat ihre Erkenntnisse auf dem neusten Stand: Eilika Emmerlich \u00a9 Heike J\u00fcngst"},{"@type":"BreadcrumbList","@id":"https:\/\/aktuelles.uni-frankfurt.de\/einblick\/hoersaal-statt-ruhestand\/#breadcrumb","itemListElement":[{"@type":"ListItem","position":1,"name":"Startseite","item":"https:\/\/aktuelles.uni-frankfurt.de\/"},{"@type":"ListItem","position":2,"name":"H\u00f6rsaal statt Ruhestand"}]},{"@type":"WebSite","@id":"https:\/\/aktuelles.uni-frankfurt.de\/#website","url":"https:\/\/aktuelles.uni-frankfurt.de\/","name":"Aktuelles aus der Goethe-Universit\u00e4t Frankfurt","description":"Aktuelles aus der Goethe-Universit\u00e4t | Neues aus Forschung, Lehre, Studium","publisher":{"@id":"https:\/\/aktuelles.uni-frankfurt.de\/#organization"},"potentialAction":[{"@type":"SearchAction","target":{"@type":"EntryPoint","urlTemplate":"https:\/\/aktuelles.uni-frankfurt.de\/?s={search_term_string}"},"query-input":{"@type":"PropertyValueSpecification","valueRequired":true,"valueName":"search_term_string"}}],"inLanguage":"en-GB"},{"@type":"Organization","@id":"https:\/\/aktuelles.uni-frankfurt.de\/#organization","name":"Goethe University Frankfurt","url":"https:\/\/aktuelles.uni-frankfurt.de\/","logo":{"@type":"ImageObject","inLanguage":"en-GB","@id":"https:\/\/aktuelles.uni-frankfurt.de\/#\/schema\/logo\/image\/","url":"https:\/\/aktuelles.uni-frankfurt.de\/wp-content\/uploads\/2022\/03\/800px-Goethe-Logo.png","contentUrl":"https:\/\/aktuelles.uni-frankfurt.de\/wp-content\/uploads\/2022\/03\/800px-Goethe-Logo.png","width":800,"height":436,"caption":"Goethe-Universit\u00e4t"},"image":{"@id":"https:\/\/aktuelles.uni-frankfurt.de\/#\/schema\/logo\/image\/"}},{"@type":"Person","@id":"https:\/\/aktuelles.uni-frankfurt.de\/#\/schema\/person\/8e55ea338fb65d1ce87a91565d1f1739","name":"-","description":"Dieser Beitrag wurde von der Online-Redaktion ver\u00f6ffentlicht. Wenn der Beitrag von einem Gastautoren verfasst wurde, findet sich dieser Hinweis am Ende des jeweiligen Artikels.","sameAs":["http:\/\/aktuelles.uni-frankfurt.de\/autoren"],"url":"https:\/\/aktuelles.uni-frankfurt.de\/en\/author\/redaktion\/"}]}},"_links":{"self":[{"href":"https:\/\/aktuelles.uni-frankfurt.de\/en\/wp-json\/wp\/v2\/posts\/84790","targetHints":{"allow":["GET"]}}],"collection":[{"href":"https:\/\/aktuelles.uni-frankfurt.de\/en\/wp-json\/wp\/v2\/posts"}],"about":[{"href":"https:\/\/aktuelles.uni-frankfurt.de\/en\/wp-json\/wp\/v2\/types\/post"}],"author":[{"embeddable":true,"href":"https:\/\/aktuelles.uni-frankfurt.de\/en\/wp-json\/wp\/v2\/users\/8"}],"replies":[{"embeddable":true,"href":"https:\/\/aktuelles.uni-frankfurt.de\/en\/wp-json\/wp\/v2\/comments?post=84790"}],"version-history":[{"count":0,"href":"https:\/\/aktuelles.uni-frankfurt.de\/en\/wp-json\/wp\/v2\/posts\/84790\/revisions"}],"wp:featuredmedia":[{"embeddable":true,"href":"https:\/\/aktuelles.uni-frankfurt.de\/en\/wp-json\/wp\/v2\/media\/84791"}],"wp:attachment":[{"href":"https:\/\/aktuelles.uni-frankfurt.de\/en\/wp-json\/wp\/v2\/media?parent=84790"}],"wp:term":[{"taxonomy":"category","embeddable":true,"href":"https:\/\/aktuelles.uni-frankfurt.de\/en\/wp-json\/wp\/v2\/categories?post=84790"},{"taxonomy":"post_tag","embeddable":true,"href":"https:\/\/aktuelles.uni-frankfurt.de\/en\/wp-json\/wp\/v2\/tags?post=84790"},{"taxonomy":"post_folder","embeddable":true,"href":"https:\/\/aktuelles.uni-frankfurt.de\/en\/wp-json\/wp\/v2\/post_folder?post=84790"}],"curies":[{"name":"wp","href":"https:\/\/api.w.org\/{rel}","templated":true}]}}