{"id":85268,"date":"2025-08-20T08:00:00","date_gmt":"2025-08-20T06:00:00","guid":{"rendered":"https:\/\/aktuelles.uni-frankfurt.de\/?p=85268"},"modified":"2025-08-26T13:44:24","modified_gmt":"2025-08-26T11:44:24","slug":"dream-team-zur-foerderung-von-pflanzenwissen","status":"publish","type":"post","link":"https:\/\/aktuelles.uni-frankfurt.de\/en\/unireport\/dream-team-zur-foerderung-von-pflanzenwissen\/","title":{"rendered":"Dream-Team zur F\u00f6rderung von Pflanzenwissen"},"content":{"rendered":"<p><strong>Der Schulgarten: ein etablierter Lernort f\u00fcr zuk\u00fcnftige Lehrkr\u00e4fte<\/strong><\/p>\n\n\n\n<div style=\"height:20px\" aria-hidden=\"true\" class=\"wp-block-spacer\"><\/div>\n\n\n\n<figure class=\"wp-block-image aligncenter size-full\"><img fetchpriority=\"high\" decoding=\"async\" width=\"650\" height=\"450\" src=\"https:\/\/aktuelles.uni-frankfurt.de\/wp-content\/uploads\/2025\/08\/didaktik-der-biowissenschaften-650x450px.jpg\" alt=\"Von links nach rechts zu sehen sind: Prof. Dr. Volker Wenzel, Dr. Maril\u00fa Huertas de Schneider, Daniel Grobbel-Rank, Wolfgang Girnus und Prof. Dr. Paul Dierkes.\" class=\"wp-image-85424\" srcset=\"https:\/\/aktuelles.uni-frankfurt.de\/wp-content\/uploads\/2025\/08\/didaktik-der-biowissenschaften-650x450px.jpg 650w, https:\/\/aktuelles.uni-frankfurt.de\/wp-content\/uploads\/2025\/08\/didaktik-der-biowissenschaften-650x450px-300x208.jpg 300w, https:\/\/aktuelles.uni-frankfurt.de\/wp-content\/uploads\/2025\/08\/didaktik-der-biowissenschaften-650x450px-500x346.jpg 500w, https:\/\/aktuelles.uni-frankfurt.de\/wp-content\/uploads\/2025\/08\/didaktik-der-biowissenschaften-650x450px-18x12.jpg 18w\" sizes=\"(max-width: 650px) 100vw, 650px\" \/><figcaption class=\"wp-element-caption\">Von links nach rechts zu sehen sind: Prof. Dr. Volker Wenzel, Dr. Maril\u00fa Huertas de Schneider, Daniel Grobbel-Rank, Wolfgang Girnus und Prof. Dr. Paul Dierkes. \u00a9 Didaktik der Biowissenschaften<\/figcaption><\/figure>\n\n\n\n<div style=\"height:20px\" aria-hidden=\"true\" class=\"wp-block-spacer\"><\/div>\n\n\n\n<p>Der Schulgarten der Didaktik der Biowissenschaften wurde 2016 im Rahmen des Projekts \u201eClose to Science \u2013 Schule im Wissenschaftsgarten\u201c, finanziert von Fraport, gegr\u00fcndet. Was einst eine Brachfl\u00e4che war, ist heute ein fester Bestandteil des Uni-Campus Riedberg und dient als praxisnaher Lernort f\u00fcr botanische, zoologische und \u00f6kologische Themen. Auf 2200 m\u00b2 bietet der Schulgarten zahlreiche Lehrm\u00f6glichkeiten: Ein Wildbienenpfad mit Nisthilfen, ein Sandarium, Stein- und Totholzhaufen, ein Teich sowie eine artenreiche Wiese bieten vielf\u00e4ltige \u00f6kologische Lernanreize. Obstb\u00e4ume, ein Kr\u00e4uterrad und ein Nutzpflanzenbereich vertiefen das Pflanzenwissen. Nachhaltigkeit ist ein zentrales Anliegen der Abteilung Didaktik: Regentonnen, Komposthaufen und das Konzept des \u201eKlimag\u00e4rtnerns\u201c sind fester Bestandteil der Lehre. Studierende sammeln hier wertvolle Prim\u00e4rerfahrungen, entwickeln Umweltbildungskonzepte und nutzen den Garten f\u00fcr Forschungsarbeiten. Zahlreiche Abschlussarbeiten zu biologiedidaktischen Fragestellungen wurden bereits im Schulgarten verfasst.<\/p>\n\n\n\n<div style=\"height:20px\" aria-hidden=\"true\" class=\"wp-block-spacer\"><\/div>\n\n\n\n<h2 class=\"wp-block-heading\">Die Bedeutung des Drau\u00dfen-Lernens<\/h2>\n\n\n\n<p>Die Corona-Pandemie hat die Bedeutung von Schulg\u00e4rten als \u201egr\u00fcne Klassenzimmer\u201c besonders hervorgehoben. Schon vor der Pandemie entwickelte die Abteilung Didaktik ein Schulgartenseminar f\u00fcr das Sommersemester, das sp\u00e4ter um eine Wintervariante erg\u00e4nzt wurde.<\/p>\n\n\n\n<p>In Kooperation mit dem Palmengarten und dem Botanischen Garten Westend bietet das Seminar den Studierenden die M\u00f6glichkeit, \u00fcber das Fach Biologie hinaus Inhalte f\u00fcr ihr Zweitfach oder den F\u00f6rderunterricht zu erarbeiten. So wird der Schulgarten zunehmend inklusiv und vielf\u00e4ltig genutzt.<\/p>\n\n\n\n<div style=\"height:20px\" aria-hidden=\"true\" class=\"wp-block-spacer\"><\/div>\n\n\n\n<h2 class=\"wp-block-heading\">Theorie und Praxis in enger Verzahnung<\/h2>\n\n\n\n<p>Die Arbeit im Schulgarten verkn\u00fcpft theoretische Inhalte mit praxisnahen Erfahrungen. Studierende lernen, \u00f6kologische Zusammenh\u00e4nge nicht nur abstrakt zu verstehen, sondern auch anhand konkreter Beispiele zu vermitteln. G\u00e4rtnerische T\u00e4tigkeiten dienen dabei als didaktisches Mittel, um theoretische Konzepte zu veranschaulichen. Die Schulgartenseminargestaltung erfolgt flexibel und wird an die jahreszeitlichen Bedingungen angepasst. Drei Monate vor Semesterbeginn startet die Planung mit Susanne Pietsch, der g\u00e4rtnerischen Leiterin. Hier werden die Planung der Parzellen sowie die Auswahl der Nutzpflanzen besprochen. Im Anschluss \u00fcbernimmt Wolfgang Girnus die Pflege der Anzucht und steht f\u00fcr Fragen zur Auswahl geeigneter Substrate f\u00fcr Experimente zur Verf\u00fcgung. Im Rahmen seiner T\u00e4tigkeit als Ausbilder neuer G\u00e4rtnerinnen bindet Herr Girnus gelegentlich seine Auszubildenden ein, um den Studierenden die Vermittlung praktischer Kenntnisse zu erm\u00f6glichen. Die ist eine Win-win-Situation: Die Studierenden profitieren von der Vermittlung praxisnahen Wissens, w\u00e4hrend die angehenden G\u00e4rtnerinnen lernen, ihr Wissen zu kommunizieren. Des Weiteren bietet Herr Girnus eine Einf\u00fchrung in die sichere Nutzung von Gartenger\u00e4ten und gibt Hinweise zum Aufbau eines Komposthaufens. Es handelt sich um ein komplexes Thema, f\u00fcr dessen Bearbeitung Erfahrung erforderlich ist. Der Aufbau des Komposthaufens ist eine der beliebtesten Einheiten des Seminars.<\/p>\n\n\n\n<p>Eine zentrale Rolle spielt auch die Vermittlung von Wissen \u00fcber nachhaltiges G\u00e4rtnern. Daniel Grobbel-Rank, ein erfahrener G\u00e4rtner, zeigt den Studierenden, wie Boden-Biodiversit\u00e4t gesch\u00fctzt, Lebensr\u00e4ume f\u00fcr Insekten geschaffen und nachhaltige Pflanzenschutzma\u00dfnahmen angewendet werden. Auch im Winter gibt es viel zu tun: Kompost wird umgesetzt, Winterzwiebeln gepflanzt und Feldfr\u00fcchte geerntet. Der fachgerechte Obstbaumschnitt und die vegetative Vermehrung durch Steckh\u00f6lzer sind weitere praxisbezogene Inhalte, die stets mit theoretischem Wissen verkn\u00fcpft werden.<\/p>\n\n\n\n<div style=\"height:20px\" aria-hidden=\"true\" class=\"wp-block-spacer\"><\/div>\n\n\n\n<h2 class=\"wp-block-heading\">Ein wertvoller Austausch zwischen Studierenden und G\u00e4rtner*innen<\/h2>\n\n\n\n<p>Die enge Zusammenarbeit mit den G\u00e4rtner*innen wird von den Studierenden besonders gesch\u00e4tzt. Reflexionsrunden helfen, die gewonnenen Erkenntnisse f\u00fcr den Schulunterricht nutzbar zu machen. Gleichzeitig profitieren die G\u00e4rtner*innen und ihre Auszubildenden, indem sie ihr Fachwissen in didaktische Kontexte einbringen und ihre Vermittlungskompetenz st\u00e4rken. Neben den bereits genannten G\u00e4rtner*innen tr\u00e4gt das restliche Team des Wissenschaftsgartens zur Ausbildung der Lehramtsstudierenden bei. Ihre Expertise flie\u00dft nicht nur in die Schulgartenseminare ein, sondern auch in die Entwicklung wissenschaftlicher Abschlussarbeiten. Besonders in didaktischen Konzepten, wie F\u00fchrungskonzepten f\u00fcr Schulklassen im Wissenschaftsgarten, zeigt sich die fruchtbare Verbindung von theoretischer Bildung und praktischer Erfahrung.<\/p>\n\n\n\n<div style=\"height:20px\" aria-hidden=\"true\" class=\"wp-block-spacer\"><\/div>\n\n\n\n<h2 class=\"wp-block-heading\">Fazit<\/h2>\n\n\n\n<p>Der Schulgarten bietet eine ideale Verbindung von Theorie und Praxis und schafft eine dynamische Lernumgebung, in der \u00f6kologische Prozesse hautnah erfahrbar werden. Die enge Verzahnung biologiedidaktischer Konzepte mit praxisnahen Einblicken in nachhaltiges G\u00e4rtnern f\u00f6rdert nicht nur das Fachwissen der Studierenden, sondern auch ihre F\u00e4higkeit, komplexe \u00f6kologische Zusammenh\u00e4nge verst\u00e4ndlich zu vermitteln. Damit bildet der Schulgarten eine wertvolle Br\u00fccke zwischen universit\u00e4rer Lehre und schulischer Umweltbildung.<\/p>\n\n\n\n<div style=\"height:20px\" aria-hidden=\"true\" class=\"wp-block-spacer\"><\/div>\n\n\n\n<p class=\"has-text-align-right\"><em>Maril\u00fa Huertas de Schneider<\/em><\/p>","protected":false},"excerpt":{"rendered":"<p>Der Schulgarten: ein etablierter Lernort f\u00fcr zuk\u00fcnftige Lehrkr\u00e4fte Der Schulgarten der Didaktik der Biowissenschaften wurde 2016 im Rahmen des Projekts \u201eClose to Science \u2013 Schule im Wissenschaftsgarten\u201c, finanziert von Fraport, [&hellip;]<\/p>\n","protected":false},"author":8,"featured_media":85424,"comment_status":"closed","ping_status":"closed","sticky":false,"template":"","format":"standard","meta":{"_eb_attr":"","_price":"","_stock":"","_tribe_ticket_header":"","_tribe_default_ticket_provider":"","_ticket_start_date":"","_ticket_end_date":"","_tribe_ticket_show_description":"","_tribe_ticket_show_not_going":false,"_tribe_ticket_use_global_stock":"","_tribe_ticket_global_stock_level":"","_global_stock_mode":"","_global_stock_cap":"","_tribe_rsvp_for_event":"","_tribe_ticket_going_count":"","_tribe_ticket_not_going_count":"","_tribe_tickets_list":"[]","_tribe_ticket_has_attendee_info_fields":false,"footnotes":""},"categories":[173],"tags":[411],"post_folder":[],"class_list":["post-85268","post","type-post","status-publish","format-standard","has-post-thumbnail","hentry","category-unireport","tag-unireport-4-25"],"yoast_head":"<!-- This site is optimized with the Yoast SEO plugin v27.5 - https:\/\/yoast.com\/product\/yoast-seo-wordpress\/ -->\n<title>Dream-Team zur F\u00f6rderung von Pflanzenwissen | Aktuelles aus der Goethe-Universit\u00e4t Frankfurt<\/title>\n<meta name=\"robots\" content=\"index, follow, max-snippet:-1, max-image-preview:large, max-video-preview:-1\" \/>\n<link rel=\"canonical\" href=\"https:\/\/aktuelles.uni-frankfurt.de\/en\/unireport\/dream-team-zur-foerderung-von-pflanzenwissen\/\" \/>\n<meta property=\"og:locale\" content=\"en_GB\" \/>\n<meta property=\"og:type\" content=\"article\" \/>\n<meta property=\"og:title\" content=\"Dream-Team zur F\u00f6rderung von Pflanzenwissen | Aktuelles aus der Goethe-Universit\u00e4t Frankfurt\" \/>\n<meta property=\"og:description\" content=\"Der Schulgarten: ein etablierter Lernort f\u00fcr zuk\u00fcnftige Lehrkr\u00e4fte Der Schulgarten der Didaktik der Biowissenschaften wurde 2016 im Rahmen des Projekts \u201eClose to Science \u2013 Schule im Wissenschaftsgarten\u201c, finanziert von Fraport, [&hellip;]\" \/>\n<meta property=\"og:url\" content=\"https:\/\/aktuelles.uni-frankfurt.de\/en\/unireport\/dream-team-zur-foerderung-von-pflanzenwissen\/\" \/>\n<meta property=\"og:site_name\" content=\"Aktuelles aus der Goethe-Universit\u00e4t Frankfurt\" \/>\n<meta property=\"article:published_time\" content=\"2025-08-20T06:00:00+00:00\" \/>\n<meta property=\"article:modified_time\" content=\"2025-08-26T11:44:24+00:00\" \/>\n<meta property=\"og:image\" content=\"https:\/\/aktuelles.uni-frankfurt.de\/wp-content\/uploads\/2025\/08\/didaktik-der-biowissenschaften-650x450px.jpg\" \/>\n\t<meta property=\"og:image:width\" content=\"650\" \/>\n\t<meta property=\"og:image:height\" content=\"450\" \/>\n\t<meta property=\"og:image:type\" content=\"image\/jpeg\" \/>\n<meta name=\"author\" content=\"-\" \/>\n<meta name=\"twitter:card\" content=\"summary_large_image\" \/>\n<meta name=\"twitter:label1\" content=\"Written by\" \/>\n\t<meta name=\"twitter:data1\" content=\"-\" \/>\n\t<meta name=\"twitter:label2\" content=\"Estimated reading time\" \/>\n\t<meta name=\"twitter:data2\" content=\"4 minutes\" \/>\n<script type=\"application\/ld+json\" class=\"yoast-schema-graph\">{\"@context\":\"https:\\\/\\\/schema.org\",\"@graph\":[{\"@type\":\"Article\",\"@id\":\"https:\\\/\\\/aktuelles.uni-frankfurt.de\\\/unireport\\\/dream-team-zur-foerderung-von-pflanzenwissen\\\/#article\",\"isPartOf\":{\"@id\":\"https:\\\/\\\/aktuelles.uni-frankfurt.de\\\/unireport\\\/dream-team-zur-foerderung-von-pflanzenwissen\\\/\"},\"author\":{\"name\":\"-\",\"@id\":\"https:\\\/\\\/aktuelles.uni-frankfurt.de\\\/#\\\/schema\\\/person\\\/8e55ea338fb65d1ce87a91565d1f1739\"},\"headline\":\"Dream-Team zur F\u00f6rderung von Pflanzenwissen\",\"datePublished\":\"2025-08-20T06:00:00+00:00\",\"dateModified\":\"2025-08-26T11:44:24+00:00\",\"mainEntityOfPage\":{\"@id\":\"https:\\\/\\\/aktuelles.uni-frankfurt.de\\\/unireport\\\/dream-team-zur-foerderung-von-pflanzenwissen\\\/\"},\"wordCount\":740,\"publisher\":{\"@id\":\"https:\\\/\\\/aktuelles.uni-frankfurt.de\\\/#organization\"},\"image\":{\"@id\":\"https:\\\/\\\/aktuelles.uni-frankfurt.de\\\/unireport\\\/dream-team-zur-foerderung-von-pflanzenwissen\\\/#primaryimage\"},\"thumbnailUrl\":\"https:\\\/\\\/aktuelles.uni-frankfurt.de\\\/wp-content\\\/uploads\\\/2025\\\/08\\\/didaktik-der-biowissenschaften-650x450px.jpg\",\"keywords\":[\"UniReport 4.25\"],\"articleSection\":[\"UniReport\"],\"inLanguage\":\"en-GB\"},{\"@type\":\"WebPage\",\"@id\":\"https:\\\/\\\/aktuelles.uni-frankfurt.de\\\/unireport\\\/dream-team-zur-foerderung-von-pflanzenwissen\\\/\",\"url\":\"https:\\\/\\\/aktuelles.uni-frankfurt.de\\\/unireport\\\/dream-team-zur-foerderung-von-pflanzenwissen\\\/\",\"name\":\"Dream-Team zur F\u00f6rderung von Pflanzenwissen | Aktuelles aus der Goethe-Universit\u00e4t Frankfurt\",\"isPartOf\":{\"@id\":\"https:\\\/\\\/aktuelles.uni-frankfurt.de\\\/#website\"},\"primaryImageOfPage\":{\"@id\":\"https:\\\/\\\/aktuelles.uni-frankfurt.de\\\/unireport\\\/dream-team-zur-foerderung-von-pflanzenwissen\\\/#primaryimage\"},\"image\":{\"@id\":\"https:\\\/\\\/aktuelles.uni-frankfurt.de\\\/unireport\\\/dream-team-zur-foerderung-von-pflanzenwissen\\\/#primaryimage\"},\"thumbnailUrl\":\"https:\\\/\\\/aktuelles.uni-frankfurt.de\\\/wp-content\\\/uploads\\\/2025\\\/08\\\/didaktik-der-biowissenschaften-650x450px.jpg\",\"datePublished\":\"2025-08-20T06:00:00+00:00\",\"dateModified\":\"2025-08-26T11:44:24+00:00\",\"breadcrumb\":{\"@id\":\"https:\\\/\\\/aktuelles.uni-frankfurt.de\\\/unireport\\\/dream-team-zur-foerderung-von-pflanzenwissen\\\/#breadcrumb\"},\"inLanguage\":\"en-GB\",\"potentialAction\":[{\"@type\":\"ReadAction\",\"target\":[\"https:\\\/\\\/aktuelles.uni-frankfurt.de\\\/unireport\\\/dream-team-zur-foerderung-von-pflanzenwissen\\\/\"]}]},{\"@type\":\"ImageObject\",\"inLanguage\":\"en-GB\",\"@id\":\"https:\\\/\\\/aktuelles.uni-frankfurt.de\\\/unireport\\\/dream-team-zur-foerderung-von-pflanzenwissen\\\/#primaryimage\",\"url\":\"https:\\\/\\\/aktuelles.uni-frankfurt.de\\\/wp-content\\\/uploads\\\/2025\\\/08\\\/didaktik-der-biowissenschaften-650x450px.jpg\",\"contentUrl\":\"https:\\\/\\\/aktuelles.uni-frankfurt.de\\\/wp-content\\\/uploads\\\/2025\\\/08\\\/didaktik-der-biowissenschaften-650x450px.jpg\",\"width\":650,\"height\":450,\"caption\":\"Von links nach rechts zu sehen sind: Prof. Dr. Volker Wenzel, Dr. Maril\u00fa Huertas de Schneider, Daniel Grobbel-Rank, Wolfgang Girnus und Prof. Dr. Paul Dierkes. \u00a9 Didaktik der Biowissenschaften\"},{\"@type\":\"BreadcrumbList\",\"@id\":\"https:\\\/\\\/aktuelles.uni-frankfurt.de\\\/unireport\\\/dream-team-zur-foerderung-von-pflanzenwissen\\\/#breadcrumb\",\"itemListElement\":[{\"@type\":\"ListItem\",\"position\":1,\"name\":\"Startseite\",\"item\":\"https:\\\/\\\/aktuelles.uni-frankfurt.de\\\/\"},{\"@type\":\"ListItem\",\"position\":2,\"name\":\"Dream-Team zur F\u00f6rderung von Pflanzenwissen\"}]},{\"@type\":\"WebSite\",\"@id\":\"https:\\\/\\\/aktuelles.uni-frankfurt.de\\\/#website\",\"url\":\"https:\\\/\\\/aktuelles.uni-frankfurt.de\\\/\",\"name\":\"Aktuelles aus der Goethe-Universit\u00e4t Frankfurt\",\"description\":\"Aktuelles aus der Goethe-Universit\u00e4t | Neues aus Forschung, Lehre, Studium\",\"publisher\":{\"@id\":\"https:\\\/\\\/aktuelles.uni-frankfurt.de\\\/#organization\"},\"potentialAction\":[{\"@type\":\"SearchAction\",\"target\":{\"@type\":\"EntryPoint\",\"urlTemplate\":\"https:\\\/\\\/aktuelles.uni-frankfurt.de\\\/?s={search_term_string}\"},\"query-input\":{\"@type\":\"PropertyValueSpecification\",\"valueRequired\":true,\"valueName\":\"search_term_string\"}}],\"inLanguage\":\"en-GB\"},{\"@type\":\"Organization\",\"@id\":\"https:\\\/\\\/aktuelles.uni-frankfurt.de\\\/#organization\",\"name\":\"Goethe-Universit\u00e4t\",\"url\":\"https:\\\/\\\/aktuelles.uni-frankfurt.de\\\/\",\"logo\":{\"@type\":\"ImageObject\",\"inLanguage\":\"en-GB\",\"@id\":\"https:\\\/\\\/aktuelles.uni-frankfurt.de\\\/#\\\/schema\\\/logo\\\/image\\\/\",\"url\":\"https:\\\/\\\/aktuelles.uni-frankfurt.de\\\/wp-content\\\/uploads\\\/2022\\\/03\\\/800px-Goethe-Logo.png\",\"contentUrl\":\"https:\\\/\\\/aktuelles.uni-frankfurt.de\\\/wp-content\\\/uploads\\\/2022\\\/03\\\/800px-Goethe-Logo.png\",\"width\":800,\"height\":436,\"caption\":\"Goethe-Universit\u00e4t\"},\"image\":{\"@id\":\"https:\\\/\\\/aktuelles.uni-frankfurt.de\\\/#\\\/schema\\\/logo\\\/image\\\/\"}},{\"@type\":\"Person\",\"@id\":\"https:\\\/\\\/aktuelles.uni-frankfurt.de\\\/#\\\/schema\\\/person\\\/8e55ea338fb65d1ce87a91565d1f1739\",\"name\":\"-\",\"description\":\"Dieser Beitrag wurde von der Online-Redaktion ver\u00f6ffentlicht. Wenn der Beitrag von einem Gastautoren verfasst wurde, findet sich dieser Hinweis am Ende des jeweiligen Artikels.\",\"sameAs\":[\"http:\\\/\\\/aktuelles.uni-frankfurt.de\\\/autoren\"],\"url\":\"https:\\\/\\\/aktuelles.uni-frankfurt.de\\\/en\\\/author\\\/redaktion\\\/\"}]}<\/script>\n<!-- \/ Yoast SEO plugin. -->","yoast_head_json":{"title":"Dream-Team zur F\u00f6rderung von Pflanzenwissen | Aktuelles aus der Goethe-Universit\u00e4t Frankfurt","robots":{"index":"index","follow":"follow","max-snippet":"max-snippet:-1","max-image-preview":"max-image-preview:large","max-video-preview":"max-video-preview:-1"},"canonical":"https:\/\/aktuelles.uni-frankfurt.de\/en\/unireport\/dream-team-zur-foerderung-von-pflanzenwissen\/","og_locale":"en_GB","og_type":"article","og_title":"Dream-Team zur F\u00f6rderung von Pflanzenwissen | Aktuelles aus der Goethe-Universit\u00e4t Frankfurt","og_description":"Der Schulgarten: ein etablierter Lernort f\u00fcr zuk\u00fcnftige Lehrkr\u00e4fte Der Schulgarten der Didaktik der Biowissenschaften wurde 2016 im Rahmen des Projekts \u201eClose to Science \u2013 Schule im Wissenschaftsgarten\u201c, finanziert von Fraport, [&hellip;]","og_url":"https:\/\/aktuelles.uni-frankfurt.de\/en\/unireport\/dream-team-zur-foerderung-von-pflanzenwissen\/","og_site_name":"Aktuelles aus der Goethe-Universit\u00e4t Frankfurt","article_published_time":"2025-08-20T06:00:00+00:00","article_modified_time":"2025-08-26T11:44:24+00:00","og_image":[{"width":650,"height":450,"url":"https:\/\/aktuelles.uni-frankfurt.de\/wp-content\/uploads\/2025\/08\/didaktik-der-biowissenschaften-650x450px.jpg","type":"image\/jpeg"}],"author":"-","twitter_card":"summary_large_image","twitter_misc":{"Written by":"-","Estimated reading time":"4 minutes"},"schema":{"@context":"https:\/\/schema.org","@graph":[{"@type":"Article","@id":"https:\/\/aktuelles.uni-frankfurt.de\/unireport\/dream-team-zur-foerderung-von-pflanzenwissen\/#article","isPartOf":{"@id":"https:\/\/aktuelles.uni-frankfurt.de\/unireport\/dream-team-zur-foerderung-von-pflanzenwissen\/"},"author":{"name":"-","@id":"https:\/\/aktuelles.uni-frankfurt.de\/#\/schema\/person\/8e55ea338fb65d1ce87a91565d1f1739"},"headline":"Dream-Team zur F\u00f6rderung von Pflanzenwissen","datePublished":"2025-08-20T06:00:00+00:00","dateModified":"2025-08-26T11:44:24+00:00","mainEntityOfPage":{"@id":"https:\/\/aktuelles.uni-frankfurt.de\/unireport\/dream-team-zur-foerderung-von-pflanzenwissen\/"},"wordCount":740,"publisher":{"@id":"https:\/\/aktuelles.uni-frankfurt.de\/#organization"},"image":{"@id":"https:\/\/aktuelles.uni-frankfurt.de\/unireport\/dream-team-zur-foerderung-von-pflanzenwissen\/#primaryimage"},"thumbnailUrl":"https:\/\/aktuelles.uni-frankfurt.de\/wp-content\/uploads\/2025\/08\/didaktik-der-biowissenschaften-650x450px.jpg","keywords":["UniReport 4.25"],"articleSection":["UniReport"],"inLanguage":"en-GB"},{"@type":"WebPage","@id":"https:\/\/aktuelles.uni-frankfurt.de\/unireport\/dream-team-zur-foerderung-von-pflanzenwissen\/","url":"https:\/\/aktuelles.uni-frankfurt.de\/unireport\/dream-team-zur-foerderung-von-pflanzenwissen\/","name":"Dream-Team zur F\u00f6rderung von Pflanzenwissen | Aktuelles aus der Goethe-Universit\u00e4t Frankfurt","isPartOf":{"@id":"https:\/\/aktuelles.uni-frankfurt.de\/#website"},"primaryImageOfPage":{"@id":"https:\/\/aktuelles.uni-frankfurt.de\/unireport\/dream-team-zur-foerderung-von-pflanzenwissen\/#primaryimage"},"image":{"@id":"https:\/\/aktuelles.uni-frankfurt.de\/unireport\/dream-team-zur-foerderung-von-pflanzenwissen\/#primaryimage"},"thumbnailUrl":"https:\/\/aktuelles.uni-frankfurt.de\/wp-content\/uploads\/2025\/08\/didaktik-der-biowissenschaften-650x450px.jpg","datePublished":"2025-08-20T06:00:00+00:00","dateModified":"2025-08-26T11:44:24+00:00","breadcrumb":{"@id":"https:\/\/aktuelles.uni-frankfurt.de\/unireport\/dream-team-zur-foerderung-von-pflanzenwissen\/#breadcrumb"},"inLanguage":"en-GB","potentialAction":[{"@type":"ReadAction","target":["https:\/\/aktuelles.uni-frankfurt.de\/unireport\/dream-team-zur-foerderung-von-pflanzenwissen\/"]}]},{"@type":"ImageObject","inLanguage":"en-GB","@id":"https:\/\/aktuelles.uni-frankfurt.de\/unireport\/dream-team-zur-foerderung-von-pflanzenwissen\/#primaryimage","url":"https:\/\/aktuelles.uni-frankfurt.de\/wp-content\/uploads\/2025\/08\/didaktik-der-biowissenschaften-650x450px.jpg","contentUrl":"https:\/\/aktuelles.uni-frankfurt.de\/wp-content\/uploads\/2025\/08\/didaktik-der-biowissenschaften-650x450px.jpg","width":650,"height":450,"caption":"Von links nach rechts zu sehen sind: Prof. Dr. Volker Wenzel, Dr. Maril\u00fa Huertas de Schneider, Daniel Grobbel-Rank, Wolfgang Girnus und Prof. Dr. Paul Dierkes. \u00a9 Didaktik der Biowissenschaften"},{"@type":"BreadcrumbList","@id":"https:\/\/aktuelles.uni-frankfurt.de\/unireport\/dream-team-zur-foerderung-von-pflanzenwissen\/#breadcrumb","itemListElement":[{"@type":"ListItem","position":1,"name":"Startseite","item":"https:\/\/aktuelles.uni-frankfurt.de\/"},{"@type":"ListItem","position":2,"name":"Dream-Team zur F\u00f6rderung von Pflanzenwissen"}]},{"@type":"WebSite","@id":"https:\/\/aktuelles.uni-frankfurt.de\/#website","url":"https:\/\/aktuelles.uni-frankfurt.de\/","name":"Aktuelles aus der Goethe-Universit\u00e4t Frankfurt","description":"Aktuelles aus der Goethe-Universit\u00e4t | Neues aus Forschung, Lehre, Studium","publisher":{"@id":"https:\/\/aktuelles.uni-frankfurt.de\/#organization"},"potentialAction":[{"@type":"SearchAction","target":{"@type":"EntryPoint","urlTemplate":"https:\/\/aktuelles.uni-frankfurt.de\/?s={search_term_string}"},"query-input":{"@type":"PropertyValueSpecification","valueRequired":true,"valueName":"search_term_string"}}],"inLanguage":"en-GB"},{"@type":"Organization","@id":"https:\/\/aktuelles.uni-frankfurt.de\/#organization","name":"Goethe University Frankfurt","url":"https:\/\/aktuelles.uni-frankfurt.de\/","logo":{"@type":"ImageObject","inLanguage":"en-GB","@id":"https:\/\/aktuelles.uni-frankfurt.de\/#\/schema\/logo\/image\/","url":"https:\/\/aktuelles.uni-frankfurt.de\/wp-content\/uploads\/2022\/03\/800px-Goethe-Logo.png","contentUrl":"https:\/\/aktuelles.uni-frankfurt.de\/wp-content\/uploads\/2022\/03\/800px-Goethe-Logo.png","width":800,"height":436,"caption":"Goethe-Universit\u00e4t"},"image":{"@id":"https:\/\/aktuelles.uni-frankfurt.de\/#\/schema\/logo\/image\/"}},{"@type":"Person","@id":"https:\/\/aktuelles.uni-frankfurt.de\/#\/schema\/person\/8e55ea338fb65d1ce87a91565d1f1739","name":"-","description":"Dieser Beitrag wurde von der Online-Redaktion ver\u00f6ffentlicht. Wenn der Beitrag von einem Gastautoren verfasst wurde, findet sich dieser Hinweis am Ende des jeweiligen Artikels.","sameAs":["http:\/\/aktuelles.uni-frankfurt.de\/autoren"],"url":"https:\/\/aktuelles.uni-frankfurt.de\/en\/author\/redaktion\/"}]}},"_links":{"self":[{"href":"https:\/\/aktuelles.uni-frankfurt.de\/en\/wp-json\/wp\/v2\/posts\/85268","targetHints":{"allow":["GET"]}}],"collection":[{"href":"https:\/\/aktuelles.uni-frankfurt.de\/en\/wp-json\/wp\/v2\/posts"}],"about":[{"href":"https:\/\/aktuelles.uni-frankfurt.de\/en\/wp-json\/wp\/v2\/types\/post"}],"author":[{"embeddable":true,"href":"https:\/\/aktuelles.uni-frankfurt.de\/en\/wp-json\/wp\/v2\/users\/8"}],"replies":[{"embeddable":true,"href":"https:\/\/aktuelles.uni-frankfurt.de\/en\/wp-json\/wp\/v2\/comments?post=85268"}],"version-history":[{"count":0,"href":"https:\/\/aktuelles.uni-frankfurt.de\/en\/wp-json\/wp\/v2\/posts\/85268\/revisions"}],"wp:featuredmedia":[{"embeddable":true,"href":"https:\/\/aktuelles.uni-frankfurt.de\/en\/wp-json\/wp\/v2\/media\/85424"}],"wp:attachment":[{"href":"https:\/\/aktuelles.uni-frankfurt.de\/en\/wp-json\/wp\/v2\/media?parent=85268"}],"wp:term":[{"taxonomy":"category","embeddable":true,"href":"https:\/\/aktuelles.uni-frankfurt.de\/en\/wp-json\/wp\/v2\/categories?post=85268"},{"taxonomy":"post_tag","embeddable":true,"href":"https:\/\/aktuelles.uni-frankfurt.de\/en\/wp-json\/wp\/v2\/tags?post=85268"},{"taxonomy":"post_folder","embeddable":true,"href":"https:\/\/aktuelles.uni-frankfurt.de\/en\/wp-json\/wp\/v2\/post_folder?post=85268"}],"curies":[{"name":"wp","href":"https:\/\/api.w.org\/{rel}","templated":true}]}}