{"id":85269,"date":"2025-08-20T08:01:00","date_gmt":"2025-08-20T06:01:00","guid":{"rendered":"https:\/\/aktuelles.uni-frankfurt.de\/?p=85269"},"modified":"2025-08-08T11:01:36","modified_gmt":"2025-08-08T09:01:36","slug":"von-law-in-the-books-zu-law-in-action","status":"publish","type":"post","link":"https:\/\/aktuelles.uni-frankfurt.de\/en\/unireport\/von-law-in-the-books-zu-law-in-action\/","title":{"rendered":"Von \u201elaw in the books\u201c zu \u201elaw in action\u201c"},"content":{"rendered":"<p><strong>Die Karlsruhe-Fahrt zu BGH und BVerfG: ein Erfahrungsbericht von Florian Kavermann<\/strong><\/p>\n\n\n\n<p>Rund 40 Jurastudierende der Goethe-Universit\u00e4t hatten im Juni 2025 die M\u00f6glichkeit, die h\u00f6chsten deutschen Gerichte in Karlsruhe zu besuchen und Einblicke in die Abl\u00e4ufe der Rechtsfindung sowie den Arbeitsalltag der hiesigen Richter zu erlangen. Was sonst abstrakter Gegenstand von Vorlesungen, Lehrb\u00fcchern und Fallbearbeitungen ist, wurde so f\u00fcr die Teilnehmenden greifbare Realit\u00e4t. Die Exkursion wurde organisiert von Prof. Dr. Matthias Jahn, Inhaber des Lehrstuhls f\u00fcr Strafrecht, Strafprozessrecht, Wirtschaftsstrafrecht und Rechtstheorie, in Kooperation mit der Lokalgruppe der Europ\u00e4ischen Jurastudierendenvereinigung, ELSA-Frankfurt am Main.<\/p>\n\n\n\n<div style=\"height:20px\" aria-hidden=\"true\" class=\"wp-block-spacer\"><\/div>\n\n\n\n<figure class=\"wp-block-image aligncenter size-full\"><img fetchpriority=\"high\" decoding=\"async\" width=\"650\" height=\"450\" src=\"https:\/\/aktuelles.uni-frankfurt.de\/wp-content\/uploads\/2025\/08\/karlsruhe-fahrt-c-elsa.jpg\" alt=\"Jurastudierende der Goethe-Universit\u00e4t bei den h\u00f6chsten deutschen Gerichten in Karlsruhe\" class=\"wp-image-85270\" srcset=\"https:\/\/aktuelles.uni-frankfurt.de\/wp-content\/uploads\/2025\/08\/karlsruhe-fahrt-c-elsa.jpg 650w, https:\/\/aktuelles.uni-frankfurt.de\/wp-content\/uploads\/2025\/08\/karlsruhe-fahrt-c-elsa-300x208.jpg 300w, https:\/\/aktuelles.uni-frankfurt.de\/wp-content\/uploads\/2025\/08\/karlsruhe-fahrt-c-elsa-500x346.jpg 500w, https:\/\/aktuelles.uni-frankfurt.de\/wp-content\/uploads\/2025\/08\/karlsruhe-fahrt-c-elsa-18x12.jpg 18w\" sizes=\"(max-width: 650px) 100vw, 650px\" \/><figcaption class=\"wp-element-caption\">\u00a9 ELSA<\/figcaption><\/figure>\n\n\n\n<div style=\"height:20px\" aria-hidden=\"true\" class=\"wp-block-spacer\"><\/div>\n\n\n\n<h2 class=\"wp-block-heading\">Spannender Auftakt beim Bundesgerichtshof<\/h2>\n\n\n\n<p>Unsere erste Station war die Au\u00dfenstelle des Bundesgerichtshofs in der Karlsruher Waldstadt, wo unter anderem der zweite Strafsenat aufgrund von Renovierungsarbeiten im Erbgro\u00dfherzoglichen Palais, dem Hauptsitz des Bundesgerichtshofs, seinen vor\u00fcbergehenden Sitz hat. Nachdem wir die Sicherheitskontrolle passiert hatten, empfingen uns zwei Wissenschaftliche Mitarbeiter in einem schlichten Gerichtssaal und f\u00fchrten uns in die Zust\u00e4ndigkeiten und Struktur des Gerichts sowie die zwei F\u00e4lle, die im Folgenden verhandelt werden sollten, ein. Beide F\u00e4lle betrafen Straftaten im Zusammenhang mit Drogenhandel. Gegenstand der Revisionen waren die vom Landgericht angeordneten Einziehungsentscheidungen (\u00a7\u00a7 73 ff. StGB). P\u00fcnktlich um 9 Uhr kamen die Strafverteidiger der Angeklagten sowie ein Vertreter der Bundesanwaltschaft in den Sitzungssaal, bevor schlie\u00dflich die f\u00fcnf Richterinnen und Richter des zweiten Strafsenats eintraten und ihre Pl\u00e4tze einnahmen. Nach der Er\u00f6ffnung der Hauptverhandlung durch die Vorsitzende Richterin, Dr. Eva Menges, fasste der Berichterstatter den bisherigen Verfahrensgang zusammen. Anschlie\u00dfend stellte der Vertreter der Bundesanwaltschaft die Gr\u00fcnde f\u00fcr die Revision der Staatsanwaltschaft dar und beantragte, die Sache an das Landgericht zur\u00fcckzuverweisen. Vonseiten der Strafverteidiger erfolgten keine Ausf\u00fchrungen; auch Antr\u00e4ge wurden nicht gestellt, sodass die Hauptverhandlung bereits nach wenigen Minuten beendet war. Die zweite Hauptverhandlung folgte dem gleichen Muster, wenngleich sich die Anw\u00e4lte diesmal als argumentationsfreudiger (wenn auch nicht unbedingt in Bezug auf den eigentlichen Gegenstand der Verhandlung) erwiesen. Nachdem auch diese Verhandlung ihr Ende genommen hatte, erhielten wir noch die M\u00f6glichkeit, den Richterinnen und Richtern Fragen zu stellen, wovon wir auch reichlich Gebrauch machten. Von besonderem Interesse waren dabei Fragen zur Entscheidungsfindung innerhalb des Senats und zu Arbeitsweise und -umfang.<\/p>\n\n\n\n<div style=\"height:20px\" aria-hidden=\"true\" class=\"wp-block-spacer\"><\/div>\n\n\n\n<h2 class=\"wp-block-heading\">Verfassungsrecht ganz nah<\/h2>\n\n\n\n<p>Weiter ging es zum schon von Weitem zu erkennenden Baumgarten-Bau, in welchem das Bundesverfassungsgericht residiert. Nach einer auch hier obligatorischen Sicherheitskontrolle begaben wir uns in den aus den Medien bekannten lichtdurchfluteten Sitzungssaal. Dort empfing uns Prof. Dr. Astrid Wallrabenstein, Inhaberin eines Lehrstuhls f\u00fcr \u00d6ffentliches Recht an der Goethe-Universit\u00e4t und seit dem Jahr 2020 Richterin des zweiten Senats des Bundesverfassungsgerichts. In entspannter Atmosph\u00e4re erl\u00e4uterte sie, was die Arbeit als Verfassungsrichterin ausmacht, welche Zust\u00e4ndigkeiten sie hat und wie das Gericht aus ihrer Sicht in der Bev\u00f6lkerung wahrgenommen wird. Dabei kam auch die Frage auf, wie man mit der gro\u00dfen Verantwortung als Richterin des Bundesverfassungsgerichts umgeht. Zuletzt hob Astrid Wallrabenstein hervor, dass nicht nur Verfassungsrichter, sondern Richter aller Instanzen Verantwortung f\u00fcr den Schutz der Grundrechte tr\u00fcgen und dieser in aller Regel auch gerecht w\u00fcrden. Nach diesen spannenden Einblicken f\u00fchrte uns schlie\u00dflich noch ein Wissenschaftlicher Mitarbeiter durch andere Teile des Geb\u00e4udes und ging auf die \u2013 begrenzten, aber grunds\u00e4tzlich m\u00f6glichen \u2013 Karrierem\u00f6glichkeiten als Referendar oder Wissenschaftlicher Mitarbeiter am Bundesverfassungsgericht ein.<\/p>\n\n\n\n<div style=\"height:20px\" aria-hidden=\"true\" class=\"wp-block-spacer\"><\/div>\n\n\n\n<h2 class=\"wp-block-heading\">Einblicke in die h\u00f6chstrichterliche Praxis<\/h2>\n\n\n\n<p>Nach einer anekdotenreichen F\u00fchrung von Prof. Dr. Jahn, der einst selbst Wissenschaftlicher Mitarbeiter am Bundesverfassungsgericht war, durch den botanischen Garten, der das Bundesverfassungsgericht umgibt, fuhren wir voller neuer Eindr\u00fccke und Erkenntnisse wieder zur\u00fcck nach Frankfurt. Der Tagesausflug nach Karlsruhe, durch den wir Teilnehmenden seltene und eindrucksvolle Blicke hinter die Kulissen der h\u00f6chsten deutschen Gerichte erlangen konnten, wird uns noch lange in Erinnerung bleiben. Damit hat die Exkursion einmal mehr gezeigt, wie sehr es das juristische Studium bereichert, die Theorie aus der Lehre um Einblicke in die Praxis zu erg\u00e4nzen.<\/p>\n\n\n\n<div style=\"height:20px\" aria-hidden=\"true\" class=\"wp-block-spacer\"><\/div>\n\n\n\n<p class=\"has-text-align-right\"><em>Florian J. Kavermann ist Pr\u00e4sident von ELSA-Frankfurt am Main e.V.<\/em><\/p>","protected":false},"excerpt":{"rendered":"<p>Die Karlsruhe-Fahrt zu BGH und BVerfG: ein Erfahrungsbericht von Florian Kavermann Rund 40 Jurastudierende der Goethe-Universit\u00e4t hatten im Juni 2025 die M\u00f6glichkeit, die h\u00f6chsten deutschen Gerichte in Karlsruhe zu besuchen [&hellip;]<\/p>\n","protected":false},"author":8,"featured_media":85270,"comment_status":"closed","ping_status":"closed","sticky":false,"template":"","format":"standard","meta":{"_eb_attr":"","_price":"","_stock":"","_tribe_ticket_header":"","_tribe_default_ticket_provider":"","_ticket_start_date":"","_ticket_end_date":"","_tribe_ticket_show_description":"","_tribe_ticket_show_not_going":false,"_tribe_ticket_use_global_stock":"","_tribe_ticket_global_stock_level":"","_global_stock_mode":"","_global_stock_cap":"","_tribe_rsvp_for_event":"","_tribe_ticket_going_count":"","_tribe_ticket_not_going_count":"","_tribe_tickets_list":"[]","_tribe_ticket_has_attendee_info_fields":false,"footnotes":""},"categories":[9,173],"tags":[37,411],"post_folder":[],"class_list":["post-85269","post","type-post","status-publish","format-standard","has-post-thumbnail","hentry","category-studium","category-unireport","tag-rechtswissenschaft","tag-unireport-4-25"],"yoast_head":"<!-- This site is optimized with the Yoast SEO plugin v27.5 - https:\/\/yoast.com\/product\/yoast-seo-wordpress\/ -->\n<title>Von \u201elaw in the books\u201c zu \u201elaw in action\u201c | Aktuelles aus der Goethe-Universit\u00e4t Frankfurt<\/title>\n<meta name=\"robots\" content=\"index, follow, max-snippet:-1, max-image-preview:large, max-video-preview:-1\" \/>\n<link rel=\"canonical\" href=\"https:\/\/aktuelles.uni-frankfurt.de\/en\/unireport\/von-law-in-the-books-zu-law-in-action\/\" \/>\n<meta property=\"og:locale\" content=\"en_GB\" \/>\n<meta property=\"og:type\" content=\"article\" \/>\n<meta property=\"og:title\" content=\"Von \u201elaw in the books\u201c zu \u201elaw in action\u201c | Aktuelles aus der Goethe-Universit\u00e4t Frankfurt\" \/>\n<meta property=\"og:description\" content=\"Die Karlsruhe-Fahrt zu BGH und BVerfG: ein Erfahrungsbericht von Florian Kavermann Rund 40 Jurastudierende der Goethe-Universit\u00e4t hatten im Juni 2025 die M\u00f6glichkeit, die h\u00f6chsten deutschen Gerichte in Karlsruhe zu besuchen [&hellip;]\" \/>\n<meta property=\"og:url\" content=\"https:\/\/aktuelles.uni-frankfurt.de\/en\/unireport\/von-law-in-the-books-zu-law-in-action\/\" \/>\n<meta property=\"og:site_name\" content=\"Aktuelles aus der Goethe-Universit\u00e4t Frankfurt\" \/>\n<meta property=\"article:published_time\" content=\"2025-08-20T06:01:00+00:00\" \/>\n<meta property=\"og:image\" content=\"https:\/\/aktuelles.uni-frankfurt.de\/wp-content\/uploads\/2025\/08\/karlsruhe-fahrt-c-elsa.jpg\" \/>\n\t<meta property=\"og:image:width\" content=\"650\" \/>\n\t<meta property=\"og:image:height\" content=\"450\" \/>\n\t<meta property=\"og:image:type\" content=\"image\/jpeg\" \/>\n<meta name=\"author\" content=\"-\" \/>\n<meta name=\"twitter:card\" content=\"summary_large_image\" \/>\n<meta name=\"twitter:label1\" content=\"Written by\" \/>\n\t<meta name=\"twitter:data1\" content=\"-\" \/>\n\t<meta name=\"twitter:label2\" content=\"Estimated reading time\" \/>\n\t<meta name=\"twitter:data2\" content=\"3 minutes\" \/>\n<script type=\"application\/ld+json\" class=\"yoast-schema-graph\">{\"@context\":\"https:\\\/\\\/schema.org\",\"@graph\":[{\"@type\":\"Article\",\"@id\":\"https:\\\/\\\/aktuelles.uni-frankfurt.de\\\/unireport\\\/von-law-in-the-books-zu-law-in-action\\\/#article\",\"isPartOf\":{\"@id\":\"https:\\\/\\\/aktuelles.uni-frankfurt.de\\\/unireport\\\/von-law-in-the-books-zu-law-in-action\\\/\"},\"author\":{\"name\":\"-\",\"@id\":\"https:\\\/\\\/aktuelles.uni-frankfurt.de\\\/#\\\/schema\\\/person\\\/8e55ea338fb65d1ce87a91565d1f1739\"},\"headline\":\"Von \u201elaw in the books\u201c zu \u201elaw in action\u201c\",\"datePublished\":\"2025-08-20T06:01:00+00:00\",\"mainEntityOfPage\":{\"@id\":\"https:\\\/\\\/aktuelles.uni-frankfurt.de\\\/unireport\\\/von-law-in-the-books-zu-law-in-action\\\/\"},\"wordCount\":674,\"publisher\":{\"@id\":\"https:\\\/\\\/aktuelles.uni-frankfurt.de\\\/#organization\"},\"image\":{\"@id\":\"https:\\\/\\\/aktuelles.uni-frankfurt.de\\\/unireport\\\/von-law-in-the-books-zu-law-in-action\\\/#primaryimage\"},\"thumbnailUrl\":\"https:\\\/\\\/aktuelles.uni-frankfurt.de\\\/wp-content\\\/uploads\\\/2025\\\/08\\\/karlsruhe-fahrt-c-elsa.jpg\",\"keywords\":[\"Rechtswissenschaft\",\"UniReport 4.25\"],\"articleSection\":[\"Studium\",\"UniReport\"],\"inLanguage\":\"en-GB\"},{\"@type\":\"WebPage\",\"@id\":\"https:\\\/\\\/aktuelles.uni-frankfurt.de\\\/unireport\\\/von-law-in-the-books-zu-law-in-action\\\/\",\"url\":\"https:\\\/\\\/aktuelles.uni-frankfurt.de\\\/unireport\\\/von-law-in-the-books-zu-law-in-action\\\/\",\"name\":\"Von \u201elaw in the books\u201c zu \u201elaw in action\u201c | Aktuelles aus der Goethe-Universit\u00e4t Frankfurt\",\"isPartOf\":{\"@id\":\"https:\\\/\\\/aktuelles.uni-frankfurt.de\\\/#website\"},\"primaryImageOfPage\":{\"@id\":\"https:\\\/\\\/aktuelles.uni-frankfurt.de\\\/unireport\\\/von-law-in-the-books-zu-law-in-action\\\/#primaryimage\"},\"image\":{\"@id\":\"https:\\\/\\\/aktuelles.uni-frankfurt.de\\\/unireport\\\/von-law-in-the-books-zu-law-in-action\\\/#primaryimage\"},\"thumbnailUrl\":\"https:\\\/\\\/aktuelles.uni-frankfurt.de\\\/wp-content\\\/uploads\\\/2025\\\/08\\\/karlsruhe-fahrt-c-elsa.jpg\",\"datePublished\":\"2025-08-20T06:01:00+00:00\",\"breadcrumb\":{\"@id\":\"https:\\\/\\\/aktuelles.uni-frankfurt.de\\\/unireport\\\/von-law-in-the-books-zu-law-in-action\\\/#breadcrumb\"},\"inLanguage\":\"en-GB\",\"potentialAction\":[{\"@type\":\"ReadAction\",\"target\":[\"https:\\\/\\\/aktuelles.uni-frankfurt.de\\\/unireport\\\/von-law-in-the-books-zu-law-in-action\\\/\"]}]},{\"@type\":\"ImageObject\",\"inLanguage\":\"en-GB\",\"@id\":\"https:\\\/\\\/aktuelles.uni-frankfurt.de\\\/unireport\\\/von-law-in-the-books-zu-law-in-action\\\/#primaryimage\",\"url\":\"https:\\\/\\\/aktuelles.uni-frankfurt.de\\\/wp-content\\\/uploads\\\/2025\\\/08\\\/karlsruhe-fahrt-c-elsa.jpg\",\"contentUrl\":\"https:\\\/\\\/aktuelles.uni-frankfurt.de\\\/wp-content\\\/uploads\\\/2025\\\/08\\\/karlsruhe-fahrt-c-elsa.jpg\",\"width\":650,\"height\":450,\"caption\":\"\u00a9 ELSA\"},{\"@type\":\"BreadcrumbList\",\"@id\":\"https:\\\/\\\/aktuelles.uni-frankfurt.de\\\/unireport\\\/von-law-in-the-books-zu-law-in-action\\\/#breadcrumb\",\"itemListElement\":[{\"@type\":\"ListItem\",\"position\":1,\"name\":\"Startseite\",\"item\":\"https:\\\/\\\/aktuelles.uni-frankfurt.de\\\/\"},{\"@type\":\"ListItem\",\"position\":2,\"name\":\"Von \u201elaw in the books\u201c zu \u201elaw in action\u201c\"}]},{\"@type\":\"WebSite\",\"@id\":\"https:\\\/\\\/aktuelles.uni-frankfurt.de\\\/#website\",\"url\":\"https:\\\/\\\/aktuelles.uni-frankfurt.de\\\/\",\"name\":\"Aktuelles aus der Goethe-Universit\u00e4t Frankfurt\",\"description\":\"Aktuelles aus der Goethe-Universit\u00e4t | Neues aus Forschung, Lehre, Studium\",\"publisher\":{\"@id\":\"https:\\\/\\\/aktuelles.uni-frankfurt.de\\\/#organization\"},\"potentialAction\":[{\"@type\":\"SearchAction\",\"target\":{\"@type\":\"EntryPoint\",\"urlTemplate\":\"https:\\\/\\\/aktuelles.uni-frankfurt.de\\\/?s={search_term_string}\"},\"query-input\":{\"@type\":\"PropertyValueSpecification\",\"valueRequired\":true,\"valueName\":\"search_term_string\"}}],\"inLanguage\":\"en-GB\"},{\"@type\":\"Organization\",\"@id\":\"https:\\\/\\\/aktuelles.uni-frankfurt.de\\\/#organization\",\"name\":\"Goethe-Universit\u00e4t\",\"url\":\"https:\\\/\\\/aktuelles.uni-frankfurt.de\\\/\",\"logo\":{\"@type\":\"ImageObject\",\"inLanguage\":\"en-GB\",\"@id\":\"https:\\\/\\\/aktuelles.uni-frankfurt.de\\\/#\\\/schema\\\/logo\\\/image\\\/\",\"url\":\"https:\\\/\\\/aktuelles.uni-frankfurt.de\\\/wp-content\\\/uploads\\\/2022\\\/03\\\/800px-Goethe-Logo.png\",\"contentUrl\":\"https:\\\/\\\/aktuelles.uni-frankfurt.de\\\/wp-content\\\/uploads\\\/2022\\\/03\\\/800px-Goethe-Logo.png\",\"width\":800,\"height\":436,\"caption\":\"Goethe-Universit\u00e4t\"},\"image\":{\"@id\":\"https:\\\/\\\/aktuelles.uni-frankfurt.de\\\/#\\\/schema\\\/logo\\\/image\\\/\"}},{\"@type\":\"Person\",\"@id\":\"https:\\\/\\\/aktuelles.uni-frankfurt.de\\\/#\\\/schema\\\/person\\\/8e55ea338fb65d1ce87a91565d1f1739\",\"name\":\"-\",\"description\":\"Dieser Beitrag wurde von der Online-Redaktion ver\u00f6ffentlicht. Wenn der Beitrag von einem Gastautoren verfasst wurde, findet sich dieser Hinweis am Ende des jeweiligen Artikels.\",\"sameAs\":[\"http:\\\/\\\/aktuelles.uni-frankfurt.de\\\/autoren\"],\"url\":\"https:\\\/\\\/aktuelles.uni-frankfurt.de\\\/en\\\/author\\\/redaktion\\\/\"}]}<\/script>\n<!-- \/ Yoast SEO plugin. -->","yoast_head_json":{"title":"Von \u201elaw in the books\u201c zu \u201elaw in action\u201c | Aktuelles aus der Goethe-Universit\u00e4t Frankfurt","robots":{"index":"index","follow":"follow","max-snippet":"max-snippet:-1","max-image-preview":"max-image-preview:large","max-video-preview":"max-video-preview:-1"},"canonical":"https:\/\/aktuelles.uni-frankfurt.de\/en\/unireport\/von-law-in-the-books-zu-law-in-action\/","og_locale":"en_GB","og_type":"article","og_title":"Von \u201elaw in the books\u201c zu \u201elaw in action\u201c | Aktuelles aus der Goethe-Universit\u00e4t Frankfurt","og_description":"Die Karlsruhe-Fahrt zu BGH und BVerfG: ein Erfahrungsbericht von Florian Kavermann Rund 40 Jurastudierende der Goethe-Universit\u00e4t hatten im Juni 2025 die M\u00f6glichkeit, die h\u00f6chsten deutschen Gerichte in Karlsruhe zu besuchen [&hellip;]","og_url":"https:\/\/aktuelles.uni-frankfurt.de\/en\/unireport\/von-law-in-the-books-zu-law-in-action\/","og_site_name":"Aktuelles aus der Goethe-Universit\u00e4t Frankfurt","article_published_time":"2025-08-20T06:01:00+00:00","og_image":[{"width":650,"height":450,"url":"https:\/\/aktuelles.uni-frankfurt.de\/wp-content\/uploads\/2025\/08\/karlsruhe-fahrt-c-elsa.jpg","type":"image\/jpeg"}],"author":"-","twitter_card":"summary_large_image","twitter_misc":{"Written by":"-","Estimated reading time":"3 minutes"},"schema":{"@context":"https:\/\/schema.org","@graph":[{"@type":"Article","@id":"https:\/\/aktuelles.uni-frankfurt.de\/unireport\/von-law-in-the-books-zu-law-in-action\/#article","isPartOf":{"@id":"https:\/\/aktuelles.uni-frankfurt.de\/unireport\/von-law-in-the-books-zu-law-in-action\/"},"author":{"name":"-","@id":"https:\/\/aktuelles.uni-frankfurt.de\/#\/schema\/person\/8e55ea338fb65d1ce87a91565d1f1739"},"headline":"Von \u201elaw in the books\u201c zu \u201elaw in action\u201c","datePublished":"2025-08-20T06:01:00+00:00","mainEntityOfPage":{"@id":"https:\/\/aktuelles.uni-frankfurt.de\/unireport\/von-law-in-the-books-zu-law-in-action\/"},"wordCount":674,"publisher":{"@id":"https:\/\/aktuelles.uni-frankfurt.de\/#organization"},"image":{"@id":"https:\/\/aktuelles.uni-frankfurt.de\/unireport\/von-law-in-the-books-zu-law-in-action\/#primaryimage"},"thumbnailUrl":"https:\/\/aktuelles.uni-frankfurt.de\/wp-content\/uploads\/2025\/08\/karlsruhe-fahrt-c-elsa.jpg","keywords":["Rechtswissenschaft","UniReport 4.25"],"articleSection":["Studium","UniReport"],"inLanguage":"en-GB"},{"@type":"WebPage","@id":"https:\/\/aktuelles.uni-frankfurt.de\/unireport\/von-law-in-the-books-zu-law-in-action\/","url":"https:\/\/aktuelles.uni-frankfurt.de\/unireport\/von-law-in-the-books-zu-law-in-action\/","name":"Von \u201elaw in the books\u201c zu \u201elaw in action\u201c | Aktuelles aus der Goethe-Universit\u00e4t Frankfurt","isPartOf":{"@id":"https:\/\/aktuelles.uni-frankfurt.de\/#website"},"primaryImageOfPage":{"@id":"https:\/\/aktuelles.uni-frankfurt.de\/unireport\/von-law-in-the-books-zu-law-in-action\/#primaryimage"},"image":{"@id":"https:\/\/aktuelles.uni-frankfurt.de\/unireport\/von-law-in-the-books-zu-law-in-action\/#primaryimage"},"thumbnailUrl":"https:\/\/aktuelles.uni-frankfurt.de\/wp-content\/uploads\/2025\/08\/karlsruhe-fahrt-c-elsa.jpg","datePublished":"2025-08-20T06:01:00+00:00","breadcrumb":{"@id":"https:\/\/aktuelles.uni-frankfurt.de\/unireport\/von-law-in-the-books-zu-law-in-action\/#breadcrumb"},"inLanguage":"en-GB","potentialAction":[{"@type":"ReadAction","target":["https:\/\/aktuelles.uni-frankfurt.de\/unireport\/von-law-in-the-books-zu-law-in-action\/"]}]},{"@type":"ImageObject","inLanguage":"en-GB","@id":"https:\/\/aktuelles.uni-frankfurt.de\/unireport\/von-law-in-the-books-zu-law-in-action\/#primaryimage","url":"https:\/\/aktuelles.uni-frankfurt.de\/wp-content\/uploads\/2025\/08\/karlsruhe-fahrt-c-elsa.jpg","contentUrl":"https:\/\/aktuelles.uni-frankfurt.de\/wp-content\/uploads\/2025\/08\/karlsruhe-fahrt-c-elsa.jpg","width":650,"height":450,"caption":"\u00a9 ELSA"},{"@type":"BreadcrumbList","@id":"https:\/\/aktuelles.uni-frankfurt.de\/unireport\/von-law-in-the-books-zu-law-in-action\/#breadcrumb","itemListElement":[{"@type":"ListItem","position":1,"name":"Startseite","item":"https:\/\/aktuelles.uni-frankfurt.de\/"},{"@type":"ListItem","position":2,"name":"Von \u201elaw in the books\u201c zu \u201elaw in action\u201c"}]},{"@type":"WebSite","@id":"https:\/\/aktuelles.uni-frankfurt.de\/#website","url":"https:\/\/aktuelles.uni-frankfurt.de\/","name":"Aktuelles aus der Goethe-Universit\u00e4t Frankfurt","description":"Aktuelles aus der Goethe-Universit\u00e4t | Neues aus Forschung, Lehre, Studium","publisher":{"@id":"https:\/\/aktuelles.uni-frankfurt.de\/#organization"},"potentialAction":[{"@type":"SearchAction","target":{"@type":"EntryPoint","urlTemplate":"https:\/\/aktuelles.uni-frankfurt.de\/?s={search_term_string}"},"query-input":{"@type":"PropertyValueSpecification","valueRequired":true,"valueName":"search_term_string"}}],"inLanguage":"en-GB"},{"@type":"Organization","@id":"https:\/\/aktuelles.uni-frankfurt.de\/#organization","name":"Goethe University Frankfurt","url":"https:\/\/aktuelles.uni-frankfurt.de\/","logo":{"@type":"ImageObject","inLanguage":"en-GB","@id":"https:\/\/aktuelles.uni-frankfurt.de\/#\/schema\/logo\/image\/","url":"https:\/\/aktuelles.uni-frankfurt.de\/wp-content\/uploads\/2022\/03\/800px-Goethe-Logo.png","contentUrl":"https:\/\/aktuelles.uni-frankfurt.de\/wp-content\/uploads\/2022\/03\/800px-Goethe-Logo.png","width":800,"height":436,"caption":"Goethe-Universit\u00e4t"},"image":{"@id":"https:\/\/aktuelles.uni-frankfurt.de\/#\/schema\/logo\/image\/"}},{"@type":"Person","@id":"https:\/\/aktuelles.uni-frankfurt.de\/#\/schema\/person\/8e55ea338fb65d1ce87a91565d1f1739","name":"-","description":"Dieser Beitrag wurde von der Online-Redaktion ver\u00f6ffentlicht. Wenn der Beitrag von einem Gastautoren verfasst wurde, findet sich dieser Hinweis am Ende des jeweiligen Artikels.","sameAs":["http:\/\/aktuelles.uni-frankfurt.de\/autoren"],"url":"https:\/\/aktuelles.uni-frankfurt.de\/en\/author\/redaktion\/"}]}},"_links":{"self":[{"href":"https:\/\/aktuelles.uni-frankfurt.de\/en\/wp-json\/wp\/v2\/posts\/85269","targetHints":{"allow":["GET"]}}],"collection":[{"href":"https:\/\/aktuelles.uni-frankfurt.de\/en\/wp-json\/wp\/v2\/posts"}],"about":[{"href":"https:\/\/aktuelles.uni-frankfurt.de\/en\/wp-json\/wp\/v2\/types\/post"}],"author":[{"embeddable":true,"href":"https:\/\/aktuelles.uni-frankfurt.de\/en\/wp-json\/wp\/v2\/users\/8"}],"replies":[{"embeddable":true,"href":"https:\/\/aktuelles.uni-frankfurt.de\/en\/wp-json\/wp\/v2\/comments?post=85269"}],"version-history":[{"count":0,"href":"https:\/\/aktuelles.uni-frankfurt.de\/en\/wp-json\/wp\/v2\/posts\/85269\/revisions"}],"wp:featuredmedia":[{"embeddable":true,"href":"https:\/\/aktuelles.uni-frankfurt.de\/en\/wp-json\/wp\/v2\/media\/85270"}],"wp:attachment":[{"href":"https:\/\/aktuelles.uni-frankfurt.de\/en\/wp-json\/wp\/v2\/media?parent=85269"}],"wp:term":[{"taxonomy":"category","embeddable":true,"href":"https:\/\/aktuelles.uni-frankfurt.de\/en\/wp-json\/wp\/v2\/categories?post=85269"},{"taxonomy":"post_tag","embeddable":true,"href":"https:\/\/aktuelles.uni-frankfurt.de\/en\/wp-json\/wp\/v2\/tags?post=85269"},{"taxonomy":"post_folder","embeddable":true,"href":"https:\/\/aktuelles.uni-frankfurt.de\/en\/wp-json\/wp\/v2\/post_folder?post=85269"}],"curies":[{"name":"wp","href":"https:\/\/api.w.org\/{rel}","templated":true}]}}