{"id":85559,"date":"2025-09-05T11:13:40","date_gmt":"2025-09-05T09:13:40","guid":{"rendered":"https:\/\/aktuelles.uni-frankfurt.de\/?p=85559"},"modified":"2025-09-05T11:13:41","modified_gmt":"2025-09-05T09:13:41","slug":"forschungsprojekt-intercare-an-der-goethe-universitaet-sucht-probandinnen-und-probanden","status":"publish","type":"post","link":"https:\/\/aktuelles.uni-frankfurt.de\/en\/forschung\/forschungsprojekt-intercare-an-der-goethe-universitaet-sucht-probandinnen-und-probanden\/","title":{"rendered":"Forschungsprojekt \u201eInterCare\u201c an der Goethe-Universit\u00e4t sucht Probandinnen und Probanden"},"content":{"rendered":"<p><strong>Sie m\u00fcssen gut organisiert sein: junge Menschen, die neben Ausbildung oder Studium einen Angeh\u00f6rigen oder eine befreundete Person unterst\u00fctzen oder pflegen. F\u00fcr eine Studie an der Goethe-Universit\u00e4t, die Aufschluss \u00fcber deren Situation geben soll, werden nun Teilnehmerinnen und Teilnehmer gesucht \u2013 sowohl junge Menschen in (Aus-)Bildung oder Studium als auch jene Personen, die von ihnen unterst\u00fctzt oder gepflegt werden.<\/strong><\/p>\n\n\n\n<div style=\"height:20px\" aria-hidden=\"true\" class=\"wp-block-spacer\"><\/div>\n\n\n\n<figure class=\"wp-block-image aligncenter size-full\"><img fetchpriority=\"high\" decoding=\"async\" width=\"650\" height=\"450\" src=\"https:\/\/aktuelles.uni-frankfurt.de\/wp-content\/uploads\/2025\/09\/beitragsbild_InterCare-Probandensuche.jpg\" alt=\"\" class=\"wp-image-85548\" srcset=\"https:\/\/aktuelles.uni-frankfurt.de\/wp-content\/uploads\/2025\/09\/beitragsbild_InterCare-Probandensuche.jpg 650w, https:\/\/aktuelles.uni-frankfurt.de\/wp-content\/uploads\/2025\/09\/beitragsbild_InterCare-Probandensuche-300x208.jpg 300w, https:\/\/aktuelles.uni-frankfurt.de\/wp-content\/uploads\/2025\/09\/beitragsbild_InterCare-Probandensuche-500x346.jpg 500w, https:\/\/aktuelles.uni-frankfurt.de\/wp-content\/uploads\/2025\/09\/beitragsbild_InterCare-Probandensuche-18x12.jpg 18w\" sizes=\"(max-width: 650px) 100vw, 650px\" \/><figcaption class=\"wp-element-caption\">Viele junge Menschen unterst\u00fctzen neben Ausbildung oder Studium einen Angeh\u00f6rigen. Eine Studie an der Goethe-Universit\u00e4t soll Aufschluss \u00fcber ihre Situation geben. <\/figcaption><\/figure>\n\n\n\n<div style=\"height:20px\" aria-hidden=\"true\" class=\"wp-block-spacer\"><\/div>\n\n\n\n<p>Wie gelingt es, (Aus-)Bildung oder Studium mit der Verantwortung f\u00fcr einen anderen Menschen zu vereinbaren? Welche besonderen Herausforderungen sind damit verbunden? Und wie k\u00f6nnte die Situation unterst\u00fctzender oder pflegender junger Menschen verbessert werden? Diese Fragen stehen im Fokus der Befragung f\u00fcr das Forschungsprojekt \u201eInterCare\u201c unter der Leitung der Soziologin Dr. Anna Wanka. Gesucht werden junge Menschen zwischen 18 und 30 Jahren, die sich in Studium, Aus- oder Weiterbildung befinden und gleichzeitig eine \u00e4ltere Person unterst\u00fctzen oder pflegen. Ebenfalls gesucht werden Menschen, die von einer solchen Person unterst\u00fctzt oder gepflegt werden und mindestens 20 Jahre \u00e4lter als diese sind.<\/p>\n\n\n\n<p>Wer Teil des Forschungsprojekts sein m\u00f6chte und bereit ist, seine Erfahrungen und Gedanken zu teilen, kann sich bei Dr. Anna Wanka melden unter <a href=\"mailto:wanka@em.uni-frankfurt.de\">wanka@em.uni-frankfurt.de<\/a><\/p>\n\n\n\n<p><strong>Weitere Informationen<br><\/strong>Dr. Anna Wanka<br>Institut f\u00fcr Sozialp\u00e4dagogik und Erwachsenenbildung<br>Goethe University Frankfurt<br>Telefon 069 798-36393<br>E-Mail <a href=\"mailto:wanka@em.uni-frankfurt.de\">wanka@em.uni-frankfurt.de<\/a><br><a href=\"https:\/\/tinygu.de\/ProjektInterCare\">https:\/\/tinygu.de\/ProjektInterCare<\/a><\/p>","protected":false},"excerpt":{"rendered":"<p>Sie m\u00fcssen gut organisiert sein: junge Menschen, die neben Ausbildung oder Studium einen Angeh\u00f6rigen oder eine befreundete Person unterst\u00fctzen oder pflegen. F\u00fcr eine Studie an der Goethe-Universit\u00e4t, die Aufschluss \u00fcber [&hellip;]<\/p>\n","protected":false},"author":5,"featured_media":85548,"comment_status":"closed","ping_status":"closed","sticky":false,"template":"","format":"standard","meta":{"_eb_attr":"","_price":"","_stock":"","_tribe_ticket_header":"","_tribe_default_ticket_provider":"","_ticket_start_date":"","_ticket_end_date":"","_tribe_ticket_show_description":"","_tribe_ticket_show_not_going":false,"_tribe_ticket_use_global_stock":"","_tribe_ticket_global_stock_level":"","_global_stock_mode":"","_global_stock_cap":"","_tribe_rsvp_for_event":"","_tribe_ticket_going_count":"","_tribe_ticket_not_going_count":"","_tribe_tickets_list":"[]","_tribe_ticket_has_attendee_info_fields":false,"footnotes":""},"categories":[3,4],"tags":[51],"post_folder":[],"class_list":["post-85559","post","type-post","status-publish","format-standard","has-post-thumbnail","hentry","category-forschung","category-gesellschaft","tag-erziehungswissenschaften"],"yoast_head":"<!-- This site is optimized with the Yoast SEO plugin v27.5 - https:\/\/yoast.com\/product\/yoast-seo-wordpress\/ -->\n<title>Forschungsprojekt \u201eInterCare\u201c an der Goethe-Universit\u00e4t sucht Probandinnen und Probanden | Aktuelles aus der Goethe-Universit\u00e4t Frankfurt<\/title>\n<meta name=\"robots\" content=\"index, follow, max-snippet:-1, max-image-preview:large, max-video-preview:-1\" \/>\n<link rel=\"canonical\" href=\"https:\/\/aktuelles.uni-frankfurt.de\/en\/forschung\/forschungsprojekt-intercare-an-der-goethe-universitaet-sucht-probandinnen-und-probanden\/\" \/>\n<meta property=\"og:locale\" content=\"en_GB\" \/>\n<meta property=\"og:type\" content=\"article\" \/>\n<meta property=\"og:title\" content=\"Forschungsprojekt \u201eInterCare\u201c an der Goethe-Universit\u00e4t sucht Probandinnen und Probanden | Aktuelles aus der Goethe-Universit\u00e4t Frankfurt\" \/>\n<meta property=\"og:description\" content=\"Sie m\u00fcssen gut organisiert sein: junge Menschen, die neben Ausbildung oder Studium einen Angeh\u00f6rigen oder eine befreundete Person unterst\u00fctzen oder pflegen. F\u00fcr eine Studie an der Goethe-Universit\u00e4t, die Aufschluss \u00fcber [&hellip;]\" \/>\n<meta property=\"og:url\" content=\"https:\/\/aktuelles.uni-frankfurt.de\/en\/forschung\/forschungsprojekt-intercare-an-der-goethe-universitaet-sucht-probandinnen-und-probanden\/\" \/>\n<meta property=\"og:site_name\" content=\"Aktuelles aus der Goethe-Universit\u00e4t Frankfurt\" \/>\n<meta property=\"article:published_time\" content=\"2025-09-05T09:13:40+00:00\" \/>\n<meta property=\"article:modified_time\" content=\"2025-09-05T09:13:41+00:00\" \/>\n<meta property=\"og:image\" content=\"https:\/\/aktuelles.uni-frankfurt.de\/wp-content\/uploads\/2025\/09\/beitragsbild_InterCare-Probandensuche.jpg\" \/>\n\t<meta property=\"og:image:width\" content=\"650\" \/>\n\t<meta property=\"og:image:height\" content=\"450\" \/>\n\t<meta property=\"og:image:type\" content=\"image\/jpeg\" \/>\n<meta name=\"author\" content=\"Dr. Anke Sauter\" \/>\n<meta name=\"twitter:card\" content=\"summary_large_image\" \/>\n<meta name=\"twitter:label1\" content=\"Written by\" \/>\n\t<meta name=\"twitter:data1\" content=\"Dr. Anke Sauter\" \/>\n\t<meta name=\"twitter:label2\" content=\"Estimated reading time\" \/>\n\t<meta name=\"twitter:data2\" content=\"1 minute\" \/>\n<script type=\"application\/ld+json\" class=\"yoast-schema-graph\">{\"@context\":\"https:\\\/\\\/schema.org\",\"@graph\":[{\"@type\":\"Article\",\"@id\":\"https:\\\/\\\/aktuelles.uni-frankfurt.de\\\/forschung\\\/forschungsprojekt-intercare-an-der-goethe-universitaet-sucht-probandinnen-und-probanden\\\/#article\",\"isPartOf\":{\"@id\":\"https:\\\/\\\/aktuelles.uni-frankfurt.de\\\/forschung\\\/forschungsprojekt-intercare-an-der-goethe-universitaet-sucht-probandinnen-und-probanden\\\/\"},\"author\":{\"name\":\"Dr. Anke Sauter\",\"@id\":\"https:\\\/\\\/aktuelles.uni-frankfurt.de\\\/#\\\/schema\\\/person\\\/1b9eb6fa6c6aed90031661dd4e37970d\"},\"headline\":\"Forschungsprojekt \u201eInterCare\u201c an der Goethe-Universit\u00e4t sucht Probandinnen und Probanden\",\"datePublished\":\"2025-09-05T09:13:40+00:00\",\"dateModified\":\"2025-09-05T09:13:41+00:00\",\"mainEntityOfPage\":{\"@id\":\"https:\\\/\\\/aktuelles.uni-frankfurt.de\\\/forschung\\\/forschungsprojekt-intercare-an-der-goethe-universitaet-sucht-probandinnen-und-probanden\\\/\"},\"wordCount\":254,\"publisher\":{\"@id\":\"https:\\\/\\\/aktuelles.uni-frankfurt.de\\\/#organization\"},\"image\":{\"@id\":\"https:\\\/\\\/aktuelles.uni-frankfurt.de\\\/forschung\\\/forschungsprojekt-intercare-an-der-goethe-universitaet-sucht-probandinnen-und-probanden\\\/#primaryimage\"},\"thumbnailUrl\":\"https:\\\/\\\/aktuelles.uni-frankfurt.de\\\/wp-content\\\/uploads\\\/2025\\\/09\\\/beitragsbild_InterCare-Probandensuche.jpg\",\"keywords\":[\"Erziehungswissenschaften\"],\"articleSection\":[\"Forschung\",\"Gesellschaft\"],\"inLanguage\":\"en-GB\"},{\"@type\":\"WebPage\",\"@id\":\"https:\\\/\\\/aktuelles.uni-frankfurt.de\\\/forschung\\\/forschungsprojekt-intercare-an-der-goethe-universitaet-sucht-probandinnen-und-probanden\\\/\",\"url\":\"https:\\\/\\\/aktuelles.uni-frankfurt.de\\\/forschung\\\/forschungsprojekt-intercare-an-der-goethe-universitaet-sucht-probandinnen-und-probanden\\\/\",\"name\":\"Forschungsprojekt \u201eInterCare\u201c an der Goethe-Universit\u00e4t sucht Probandinnen und Probanden | Aktuelles aus der Goethe-Universit\u00e4t Frankfurt\",\"isPartOf\":{\"@id\":\"https:\\\/\\\/aktuelles.uni-frankfurt.de\\\/#website\"},\"primaryImageOfPage\":{\"@id\":\"https:\\\/\\\/aktuelles.uni-frankfurt.de\\\/forschung\\\/forschungsprojekt-intercare-an-der-goethe-universitaet-sucht-probandinnen-und-probanden\\\/#primaryimage\"},\"image\":{\"@id\":\"https:\\\/\\\/aktuelles.uni-frankfurt.de\\\/forschung\\\/forschungsprojekt-intercare-an-der-goethe-universitaet-sucht-probandinnen-und-probanden\\\/#primaryimage\"},\"thumbnailUrl\":\"https:\\\/\\\/aktuelles.uni-frankfurt.de\\\/wp-content\\\/uploads\\\/2025\\\/09\\\/beitragsbild_InterCare-Probandensuche.jpg\",\"datePublished\":\"2025-09-05T09:13:40+00:00\",\"dateModified\":\"2025-09-05T09:13:41+00:00\",\"breadcrumb\":{\"@id\":\"https:\\\/\\\/aktuelles.uni-frankfurt.de\\\/forschung\\\/forschungsprojekt-intercare-an-der-goethe-universitaet-sucht-probandinnen-und-probanden\\\/#breadcrumb\"},\"inLanguage\":\"en-GB\",\"potentialAction\":[{\"@type\":\"ReadAction\",\"target\":[\"https:\\\/\\\/aktuelles.uni-frankfurt.de\\\/forschung\\\/forschungsprojekt-intercare-an-der-goethe-universitaet-sucht-probandinnen-und-probanden\\\/\"]}]},{\"@type\":\"ImageObject\",\"inLanguage\":\"en-GB\",\"@id\":\"https:\\\/\\\/aktuelles.uni-frankfurt.de\\\/forschung\\\/forschungsprojekt-intercare-an-der-goethe-universitaet-sucht-probandinnen-und-probanden\\\/#primaryimage\",\"url\":\"https:\\\/\\\/aktuelles.uni-frankfurt.de\\\/wp-content\\\/uploads\\\/2025\\\/09\\\/beitragsbild_InterCare-Probandensuche.jpg\",\"contentUrl\":\"https:\\\/\\\/aktuelles.uni-frankfurt.de\\\/wp-content\\\/uploads\\\/2025\\\/09\\\/beitragsbild_InterCare-Probandensuche.jpg\",\"width\":650,\"height\":450,\"caption\":\"Viele junge Menschen unterst\u00fctzen neben Ausbildung oder Studium einen Angeh\u00f6rigen. Eine Studie an der Goethe-Universit\u00e4t soll Aufschluss \u00fcber ihre Situation geben.\"},{\"@type\":\"BreadcrumbList\",\"@id\":\"https:\\\/\\\/aktuelles.uni-frankfurt.de\\\/forschung\\\/forschungsprojekt-intercare-an-der-goethe-universitaet-sucht-probandinnen-und-probanden\\\/#breadcrumb\",\"itemListElement\":[{\"@type\":\"ListItem\",\"position\":1,\"name\":\"Startseite\",\"item\":\"https:\\\/\\\/aktuelles.uni-frankfurt.de\\\/\"},{\"@type\":\"ListItem\",\"position\":2,\"name\":\"Forschungsprojekt \u201eInterCare\u201c an der Goethe-Universit\u00e4t sucht Probandinnen und Probanden\"}]},{\"@type\":\"WebSite\",\"@id\":\"https:\\\/\\\/aktuelles.uni-frankfurt.de\\\/#website\",\"url\":\"https:\\\/\\\/aktuelles.uni-frankfurt.de\\\/\",\"name\":\"Aktuelles aus der Goethe-Universit\u00e4t Frankfurt\",\"description\":\"Aktuelles aus der Goethe-Universit\u00e4t | Neues aus Forschung, Lehre, Studium\",\"publisher\":{\"@id\":\"https:\\\/\\\/aktuelles.uni-frankfurt.de\\\/#organization\"},\"potentialAction\":[{\"@type\":\"SearchAction\",\"target\":{\"@type\":\"EntryPoint\",\"urlTemplate\":\"https:\\\/\\\/aktuelles.uni-frankfurt.de\\\/?s={search_term_string}\"},\"query-input\":{\"@type\":\"PropertyValueSpecification\",\"valueRequired\":true,\"valueName\":\"search_term_string\"}}],\"inLanguage\":\"en-GB\"},{\"@type\":\"Organization\",\"@id\":\"https:\\\/\\\/aktuelles.uni-frankfurt.de\\\/#organization\",\"name\":\"Goethe-Universit\u00e4t\",\"url\":\"https:\\\/\\\/aktuelles.uni-frankfurt.de\\\/\",\"logo\":{\"@type\":\"ImageObject\",\"inLanguage\":\"en-GB\",\"@id\":\"https:\\\/\\\/aktuelles.uni-frankfurt.de\\\/#\\\/schema\\\/logo\\\/image\\\/\",\"url\":\"https:\\\/\\\/aktuelles.uni-frankfurt.de\\\/wp-content\\\/uploads\\\/2022\\\/03\\\/800px-Goethe-Logo.png\",\"contentUrl\":\"https:\\\/\\\/aktuelles.uni-frankfurt.de\\\/wp-content\\\/uploads\\\/2022\\\/03\\\/800px-Goethe-Logo.png\",\"width\":800,\"height\":436,\"caption\":\"Goethe-Universit\u00e4t\"},\"image\":{\"@id\":\"https:\\\/\\\/aktuelles.uni-frankfurt.de\\\/#\\\/schema\\\/logo\\\/image\\\/\"}},{\"@type\":\"Person\",\"@id\":\"https:\\\/\\\/aktuelles.uni-frankfurt.de\\\/#\\\/schema\\\/person\\\/1b9eb6fa6c6aed90031661dd4e37970d\",\"name\":\"Dr. Anke Sauter\",\"description\":\"Dr. Anke Sauter hat in Bamberg Germanistik, Journalistik und Geografie studiert, mit einer Dissertation \u00fcber den Sprachlehrer und Fremdwortpuristen Eduard Engel wurde sie promoviert. Sie arbeitet als Wissenschaftsredakteurin in der Abteilung Marketing und Kommunikation der Goethe-Universit\u00e4t.\",\"sameAs\":[\"http:\\\/\\\/aktuelles.uni-frankfurt.de\\\/\"],\"url\":\"https:\\\/\\\/aktuelles.uni-frankfurt.de\\\/en\\\/author\\\/dr-ankesauter\\\/\"}]}<\/script>\n<!-- \/ Yoast SEO plugin. -->","yoast_head_json":{"title":"Forschungsprojekt \u201eInterCare\u201c an der Goethe-Universit\u00e4t sucht Probandinnen und Probanden | Aktuelles aus der Goethe-Universit\u00e4t Frankfurt","robots":{"index":"index","follow":"follow","max-snippet":"max-snippet:-1","max-image-preview":"max-image-preview:large","max-video-preview":"max-video-preview:-1"},"canonical":"https:\/\/aktuelles.uni-frankfurt.de\/en\/forschung\/forschungsprojekt-intercare-an-der-goethe-universitaet-sucht-probandinnen-und-probanden\/","og_locale":"en_GB","og_type":"article","og_title":"Forschungsprojekt \u201eInterCare\u201c an der Goethe-Universit\u00e4t sucht Probandinnen und Probanden | Aktuelles aus der Goethe-Universit\u00e4t Frankfurt","og_description":"Sie m\u00fcssen gut organisiert sein: junge Menschen, die neben Ausbildung oder Studium einen Angeh\u00f6rigen oder eine befreundete Person unterst\u00fctzen oder pflegen. F\u00fcr eine Studie an der Goethe-Universit\u00e4t, die Aufschluss \u00fcber [&hellip;]","og_url":"https:\/\/aktuelles.uni-frankfurt.de\/en\/forschung\/forschungsprojekt-intercare-an-der-goethe-universitaet-sucht-probandinnen-und-probanden\/","og_site_name":"Aktuelles aus der Goethe-Universit\u00e4t Frankfurt","article_published_time":"2025-09-05T09:13:40+00:00","article_modified_time":"2025-09-05T09:13:41+00:00","og_image":[{"width":650,"height":450,"url":"https:\/\/aktuelles.uni-frankfurt.de\/wp-content\/uploads\/2025\/09\/beitragsbild_InterCare-Probandensuche.jpg","type":"image\/jpeg"}],"author":"Dr. Anke Sauter","twitter_card":"summary_large_image","twitter_misc":{"Written by":"Dr. Anke Sauter","Estimated reading time":"1 minute"},"schema":{"@context":"https:\/\/schema.org","@graph":[{"@type":"Article","@id":"https:\/\/aktuelles.uni-frankfurt.de\/forschung\/forschungsprojekt-intercare-an-der-goethe-universitaet-sucht-probandinnen-und-probanden\/#article","isPartOf":{"@id":"https:\/\/aktuelles.uni-frankfurt.de\/forschung\/forschungsprojekt-intercare-an-der-goethe-universitaet-sucht-probandinnen-und-probanden\/"},"author":{"name":"Dr. Anke Sauter","@id":"https:\/\/aktuelles.uni-frankfurt.de\/#\/schema\/person\/1b9eb6fa6c6aed90031661dd4e37970d"},"headline":"Forschungsprojekt \u201eInterCare\u201c an der Goethe-Universit\u00e4t sucht Probandinnen und Probanden","datePublished":"2025-09-05T09:13:40+00:00","dateModified":"2025-09-05T09:13:41+00:00","mainEntityOfPage":{"@id":"https:\/\/aktuelles.uni-frankfurt.de\/forschung\/forschungsprojekt-intercare-an-der-goethe-universitaet-sucht-probandinnen-und-probanden\/"},"wordCount":254,"publisher":{"@id":"https:\/\/aktuelles.uni-frankfurt.de\/#organization"},"image":{"@id":"https:\/\/aktuelles.uni-frankfurt.de\/forschung\/forschungsprojekt-intercare-an-der-goethe-universitaet-sucht-probandinnen-und-probanden\/#primaryimage"},"thumbnailUrl":"https:\/\/aktuelles.uni-frankfurt.de\/wp-content\/uploads\/2025\/09\/beitragsbild_InterCare-Probandensuche.jpg","keywords":["Erziehungswissenschaften"],"articleSection":["Forschung","Gesellschaft"],"inLanguage":"en-GB"},{"@type":"WebPage","@id":"https:\/\/aktuelles.uni-frankfurt.de\/forschung\/forschungsprojekt-intercare-an-der-goethe-universitaet-sucht-probandinnen-und-probanden\/","url":"https:\/\/aktuelles.uni-frankfurt.de\/forschung\/forschungsprojekt-intercare-an-der-goethe-universitaet-sucht-probandinnen-und-probanden\/","name":"Forschungsprojekt \u201eInterCare\u201c an der Goethe-Universit\u00e4t sucht Probandinnen und Probanden | Aktuelles aus der Goethe-Universit\u00e4t Frankfurt","isPartOf":{"@id":"https:\/\/aktuelles.uni-frankfurt.de\/#website"},"primaryImageOfPage":{"@id":"https:\/\/aktuelles.uni-frankfurt.de\/forschung\/forschungsprojekt-intercare-an-der-goethe-universitaet-sucht-probandinnen-und-probanden\/#primaryimage"},"image":{"@id":"https:\/\/aktuelles.uni-frankfurt.de\/forschung\/forschungsprojekt-intercare-an-der-goethe-universitaet-sucht-probandinnen-und-probanden\/#primaryimage"},"thumbnailUrl":"https:\/\/aktuelles.uni-frankfurt.de\/wp-content\/uploads\/2025\/09\/beitragsbild_InterCare-Probandensuche.jpg","datePublished":"2025-09-05T09:13:40+00:00","dateModified":"2025-09-05T09:13:41+00:00","breadcrumb":{"@id":"https:\/\/aktuelles.uni-frankfurt.de\/forschung\/forschungsprojekt-intercare-an-der-goethe-universitaet-sucht-probandinnen-und-probanden\/#breadcrumb"},"inLanguage":"en-GB","potentialAction":[{"@type":"ReadAction","target":["https:\/\/aktuelles.uni-frankfurt.de\/forschung\/forschungsprojekt-intercare-an-der-goethe-universitaet-sucht-probandinnen-und-probanden\/"]}]},{"@type":"ImageObject","inLanguage":"en-GB","@id":"https:\/\/aktuelles.uni-frankfurt.de\/forschung\/forschungsprojekt-intercare-an-der-goethe-universitaet-sucht-probandinnen-und-probanden\/#primaryimage","url":"https:\/\/aktuelles.uni-frankfurt.de\/wp-content\/uploads\/2025\/09\/beitragsbild_InterCare-Probandensuche.jpg","contentUrl":"https:\/\/aktuelles.uni-frankfurt.de\/wp-content\/uploads\/2025\/09\/beitragsbild_InterCare-Probandensuche.jpg","width":650,"height":450,"caption":"Viele junge Menschen unterst\u00fctzen neben Ausbildung oder Studium einen Angeh\u00f6rigen. Eine Studie an der Goethe-Universit\u00e4t soll Aufschluss \u00fcber ihre Situation geben."},{"@type":"BreadcrumbList","@id":"https:\/\/aktuelles.uni-frankfurt.de\/forschung\/forschungsprojekt-intercare-an-der-goethe-universitaet-sucht-probandinnen-und-probanden\/#breadcrumb","itemListElement":[{"@type":"ListItem","position":1,"name":"Startseite","item":"https:\/\/aktuelles.uni-frankfurt.de\/"},{"@type":"ListItem","position":2,"name":"Forschungsprojekt \u201eInterCare\u201c an der Goethe-Universit\u00e4t sucht Probandinnen und Probanden"}]},{"@type":"WebSite","@id":"https:\/\/aktuelles.uni-frankfurt.de\/#website","url":"https:\/\/aktuelles.uni-frankfurt.de\/","name":"Aktuelles aus der Goethe-Universit\u00e4t Frankfurt","description":"Aktuelles aus der Goethe-Universit\u00e4t | Neues aus Forschung, Lehre, Studium","publisher":{"@id":"https:\/\/aktuelles.uni-frankfurt.de\/#organization"},"potentialAction":[{"@type":"SearchAction","target":{"@type":"EntryPoint","urlTemplate":"https:\/\/aktuelles.uni-frankfurt.de\/?s={search_term_string}"},"query-input":{"@type":"PropertyValueSpecification","valueRequired":true,"valueName":"search_term_string"}}],"inLanguage":"en-GB"},{"@type":"Organization","@id":"https:\/\/aktuelles.uni-frankfurt.de\/#organization","name":"Goethe University Frankfurt","url":"https:\/\/aktuelles.uni-frankfurt.de\/","logo":{"@type":"ImageObject","inLanguage":"en-GB","@id":"https:\/\/aktuelles.uni-frankfurt.de\/#\/schema\/logo\/image\/","url":"https:\/\/aktuelles.uni-frankfurt.de\/wp-content\/uploads\/2022\/03\/800px-Goethe-Logo.png","contentUrl":"https:\/\/aktuelles.uni-frankfurt.de\/wp-content\/uploads\/2022\/03\/800px-Goethe-Logo.png","width":800,"height":436,"caption":"Goethe-Universit\u00e4t"},"image":{"@id":"https:\/\/aktuelles.uni-frankfurt.de\/#\/schema\/logo\/image\/"}},{"@type":"Person","@id":"https:\/\/aktuelles.uni-frankfurt.de\/#\/schema\/person\/1b9eb6fa6c6aed90031661dd4e37970d","name":"Dr. Anke Sauter","description":"Dr. Anke Sauter hat in Bamberg Germanistik, Journalistik und Geografie studiert, mit einer Dissertation \u00fcber den Sprachlehrer und Fremdwortpuristen Eduard Engel wurde sie promoviert. Sie arbeitet als Wissenschaftsredakteurin in der Abteilung Marketing und Kommunikation der Goethe-Universit\u00e4t.","sameAs":["http:\/\/aktuelles.uni-frankfurt.de\/"],"url":"https:\/\/aktuelles.uni-frankfurt.de\/en\/author\/dr-ankesauter\/"}]}},"_links":{"self":[{"href":"https:\/\/aktuelles.uni-frankfurt.de\/en\/wp-json\/wp\/v2\/posts\/85559","targetHints":{"allow":["GET"]}}],"collection":[{"href":"https:\/\/aktuelles.uni-frankfurt.de\/en\/wp-json\/wp\/v2\/posts"}],"about":[{"href":"https:\/\/aktuelles.uni-frankfurt.de\/en\/wp-json\/wp\/v2\/types\/post"}],"author":[{"embeddable":true,"href":"https:\/\/aktuelles.uni-frankfurt.de\/en\/wp-json\/wp\/v2\/users\/5"}],"replies":[{"embeddable":true,"href":"https:\/\/aktuelles.uni-frankfurt.de\/en\/wp-json\/wp\/v2\/comments?post=85559"}],"version-history":[{"count":0,"href":"https:\/\/aktuelles.uni-frankfurt.de\/en\/wp-json\/wp\/v2\/posts\/85559\/revisions"}],"wp:featuredmedia":[{"embeddable":true,"href":"https:\/\/aktuelles.uni-frankfurt.de\/en\/wp-json\/wp\/v2\/media\/85548"}],"wp:attachment":[{"href":"https:\/\/aktuelles.uni-frankfurt.de\/en\/wp-json\/wp\/v2\/media?parent=85559"}],"wp:term":[{"taxonomy":"category","embeddable":true,"href":"https:\/\/aktuelles.uni-frankfurt.de\/en\/wp-json\/wp\/v2\/categories?post=85559"},{"taxonomy":"post_tag","embeddable":true,"href":"https:\/\/aktuelles.uni-frankfurt.de\/en\/wp-json\/wp\/v2\/tags?post=85559"},{"taxonomy":"post_folder","embeddable":true,"href":"https:\/\/aktuelles.uni-frankfurt.de\/en\/wp-json\/wp\/v2\/post_folder?post=85559"}],"curies":[{"name":"wp","href":"https:\/\/api.w.org\/{rel}","templated":true}]}}