{"id":85604,"date":"2025-09-09T10:52:06","date_gmt":"2025-09-09T08:52:06","guid":{"rendered":"https:\/\/aktuelles.uni-frankfurt.de\/?p=85604"},"modified":"2025-09-10T14:47:00","modified_gmt":"2025-09-10T12:47:00","slug":"neue-professuren-am-center-for-critical-computational-studies","status":"publish","type":"post","link":"https:\/\/aktuelles.uni-frankfurt.de\/en\/forschung\/neue-professuren-am-center-for-critical-computational-studies\/","title":{"rendered":"Neue Professuren am Center for Critical Computational Studies"},"content":{"rendered":"<p><em>C\u00b3S an der Goethe-Universit\u00e4t freut sich \u00fcber Verst\u00e4rkung auf wichtigen interdisziplin\u00e4ren Zukunftsfeldern.<\/em><\/p>\n\n\n\n<p>Gest\u00e4rkt durch \u00f6kologische, sozio\u00f6konomische, digitale, erziehungswissenschaftliche und rechtsphilosophische Expertise: Am Center for Critical Computational Studies an der Goethe-Universit\u00e4t treten bis Ende des Jahres gleich f\u00fcnf neue Forschende ihre Professuren an. Die Leitung des C\u00b3S betont: \u201eWir freuen uns sehr, herausragende Wissenschaftlerinnen und Wissenschaftler willkommen zu hei\u00dfen. Als noch junges Zentrum der Goethe-Universit\u00e4t ist das C\u00b3S eine inter- und transdisziplin\u00e4re Plattform, auf der wir viele verschiedene Forschungsgebiete zusammenbringen. Mit den neuen Kolleginnen und Kollegen gewinnen wir frische Impulse, die unser Profil im Bereich der Critical Computational Studies weiter vertiefen.\u201c<\/p>\n\n\n\n<div style=\"height:20px\" aria-hidden=\"true\" class=\"wp-block-spacer\"><\/div>\n\n\n\n<h2 class=\"wp-block-heading\">Mechanistische und prozessorientierte Modellierung von Biodiversit\u00e4t und \u00d6kosystemen \u2013 Prof. Dr. Oskar Hagen<\/h2>\n\n\n\n<p>Die Goethe-Universit\u00e4t Frankfurt und das Senckenberg Biodiversity and Climate Research Centre (SBiK-F) freuen sich, Oskar Hagen als Professor f\u00fcr mechanistische und prozessorientierte Modellierung von Biodiversit\u00e4t und \u00d6kosystemen am Center for Critical Computational Studies (C\u00b3S) begr\u00fc\u00dfen zu d\u00fcrfen. Als international vernetzter Biodiversit\u00e4tswissenschaftler und \u00f6ko-evolution\u00e4rer Modellierer bringt Hagen eine dynamische Vision mit, die rigorose Berechnungen mit einer tiefen Faszination f\u00fcr die Komplexit\u00e4t des Lebens verbindet. Im Mittelpunkt der Arbeit von Prof. Hagen steht eine scheinbar einfache Frage: Wie entsteht, bleibt bestehen und schwindet Biodiversit\u00e4t im Laufe der Zeit und im Raum? Um diese Frage zu beantworten, gr\u00fcndete er die Computational Integrative Biodiversity (CIB)-Gruppe, die neuartige prozessbasierte Rahmenwerke entwickeln wird, um die Dynamik der Biodiversit\u00e4t unter historischen und zuk\u00fcnftigen Umweltbelastungen zu verstehen und vorherzusagen. Seine Forschung integriert \u00f6ko-evolution\u00e4re Simulationen mit klimatologischen, geologischen und historischen Daten und kombiniert Theorie mit Hochleistungsrechnen, um Ph\u00e4nomene zu untersuchen, die von der Diversifizierung und dem Aussterben von Arten bis hin zur Widerstandsf\u00e4higkeit von \u00d6kosystemen und biogeografischen Mustern reichen.<\/p>\n\n\n\n<div style=\"height:20px\" aria-hidden=\"true\" class=\"wp-block-spacer\"><\/div>\n\n\n\n<h2 class=\"wp-block-heading\">Modellierung der sozio\u00f6konomischen Treiber und Auswirkungen des fortschreitenden Klimawandels mit Fokus auf Umwelt\u00f6konomie \u2013 Prof. Dr. Manuel Linsenmeier<\/h2>\n\n\n\n<p>Manuel Linsenmeiers Forschung besch\u00e4ftigt sich mit den sozio\u00f6konomischen Auswirkungen des Klimawandels und der Anpassung an den Klimawandel im Rahmen einer nachhaltigen Entwicklung. Mithilfe von statistischen Methoden, \u00f6konomischen Modellen, und interdisziplin\u00e4ren Datens\u00e4tzen untersucht er, wie unsere Gesellschaft in Zeiten des Klimawandels resilient und nachhaltig gestaltet werden kann. Ein besonderes Augenmerk seiner Forschung liegt auf globalen Wechselbeziehungen und sozio\u00f6konomischen Ungleichheiten. Manuel Linsenmeier engagiert sich insbesondere auch im Transfer von wissenschaftlichen Erkenntnissen in die Politik und Praxis der Klimaanpassung. So hat er unter anderem an nationalen Klimarisikoanalysen in Deutschland und dem Vereinigten K\u00f6nigreich mitgewirkt und die Weltbank beraten. Forschungskooperationen bestehen unter anderem mit der Columbia University, der Princeton University, sowie dem Potsdam Institut f\u00fcr Klimafolgenforschung.<\/p>\n\n\n\n<div style=\"height:20px\" aria-hidden=\"true\" class=\"wp-block-spacer\"><\/div>\n\n\n\n<h2 class=\"wp-block-heading\">Kritische Daten- und \u00dcberwachungsstudien \u2013 Prof. Dr. Azadeh Akbari<\/h2>\n\n\n\n<p>Azadeh Akbari ist Professorin f\u00fcr Kritische Daten- und \u00dcberwachungsstudien am Center for Critical Computational Studies (C\u00b3S). Zu ihren Forschungsschwerpunkten z\u00e4hlen unter anderem die Geopolitik der digitalen Transformation, der digitale Autoritarismus, Datengerechtigkeit sowie IKT f\u00fcr Entwicklung.&nbsp;Azadeh Akbari ist Direktorin des Surveillance Studies Network und Gr\u00fcnderin und Direktorin des Surveillance in the Majority World Research Network. Sie ist Mitherausgeberin der Zeitschriften <em>Surveillance &amp; Society<\/em>&nbsp;und <em>Information Technology for Development<\/em>. Azadeh Akbari war zuvor Fellow im EU-Marie-Sk\u0142odowska-Curie-Global-Actions-Programm&nbsp;mit einem Projekt zu autorit\u00e4ren Smart Cities. Sie tritt h\u00e4ufig in internationalen Medien auf und ber\u00e4t politische Entscheidungstr\u00e4ger und die Zivilgesellschaft zu Fragen der \u00dcberwachung und digitalen Unterdr\u00fcckung.<\/p>\n\n\n\n<div style=\"height:20px\" aria-hidden=\"true\" class=\"wp-block-spacer\"><\/div>\n\n\n\n<h2 class=\"wp-block-heading\">Erziehungswissenschaftliche Theorien und Praktiken von CCL &#8211; Prof. Dr. Dan Verst\u00e4ndig<\/h2>\n\n\n\n<p>Ab Oktober 2025 verst\u00e4rkt Dan Verst\u00e4ndig das C\u00b3S als Professor f\u00fcr Erziehungswissenschaftliche Theorien und Praktiken von Critical Computational Literacy. Er forscht zu Lern- und Bildungsprozessen im Horizont der Digitalit\u00e4t mit besonderem Fokus auf soziale Ungleichheit, gesellschaftliche Teilhabe sowie auf kreative und kritische Zug\u00e4nge zu digitalen Technologien, um Coding Literacy und Data Literacy zu f\u00f6rdern. Dabei setzt er auch auf experimentelle Formate wie interaktive Installationen, datenbasierte Kunstprojekte oder spielerische Ans\u00e4tze, um digitale Infrastrukturen sichtbar zu machen und ihre gesellschaftliche Bedeutung zu reflektieren. In der Lehre verbindet er erziehungs-, kultur- und medienwissenschaftliche Perspektiven mit Informatik und legt den Schwerpunkt auf eine interdisziplin\u00e4re und kritisch-kreative Auseinandersetzung mit digitalen Technologien. Neben seiner wissenschaftlichen T\u00e4tigkeit verf\u00fcgt er \u00fcber langj\u00e4hrige Berufserfahrung als Web- und Backend-Entwickler.<\/p>\n\n\n\n<div style=\"height:20px\" aria-hidden=\"true\" class=\"wp-block-spacer\"><\/div>\n\n\n\n<h2 class=\"wp-block-heading\">Normative Verfassung des Komputationalen &#8211; Prof. Dr. Sabine M\u00fcller-Mall<\/h2>\n\n\n\n<p>Die Rechtsphilosophin Sabine M\u00fcller-Mall besch\u00e4ftigt sich in ihrer Forschung mit Grundlagenproblemen von Recht und Verfassung: Was hei\u00dft es, ein rechtliches Urteil zu f\u00e4llen? Wie kommen Rechtsnormen in die Welt? Wie k\u00f6nnen Verfassungen Ordnungen gleichzeitig stabilisieren und transformieren, wie k\u00f6nnen sie mit fundamentalen Ver\u00e4nderungen umgehen? An der Schnittstelle von \u00d6ffentlichem Recht, Philosophie und Politischer Theorie bildet dabei der fl\u00e4chendeckende Einsatz komputationaler Techniken in Gesellschaften ein Querschnittsthema ihrer Arbeit. Denn der Einsatz komputationaler Techniken ver\u00e4ndert die Bedingungen von Recht und Verfassung so weitgehend, dass dies Auswirkungen auf ihre Grundlagen hat \u2013 auf Annahmen, Konzepte und Praktiken.&nbsp; Sabine M\u00fcller-Mall untersucht solche Auswirkungen des Komputationalen auf Recht und Verfassung entsprechend als grundlegende Fragen des Rechts. Beispielsweise forscht sie zur Entstehung und Dynamik von Normativit\u00e4t entlang ihrer medientechnischen Bedingungen, zur Form der Rechtsprechung in ihrem sich ver\u00e4ndernden Verh\u00e4ltnis zu komputationaler Entscheidungsfindung oder zu politischen Dimensionen komputationaler Techniken.<\/p>\n\n\n\n<p class=\"has-background\" style=\"background-color:#eeeeee\">\u00dcber das <strong>Center for Critical Computational Studies (C\u00b3S)<\/strong> an der Goethe-Universit\u00e4t Frankfurt \/ Das C<sup>3<\/sup>S verbindet in seinem Forschungsprofil zwei zentrale Schwerpunkte: Zum einen werden computergest\u00fctzte Methoden kritisch reflektiert, methodisch weiterentwickelt und ethisch hinterfragt. Forschungsteams besch\u00e4ftigen sich dabei beispielsweise mit kritischer Datenwissenschaft, Ethik der Datenverarbeitung, Wissenschafts- und Technologiestudien sowie mit philosophischen und historischen Perspektiven auf Computertechnologien. Ein besonderer Fokus liegt au\u00dferdem auf fortgeschrittenen Simulationsmethoden und der Erforschung komplexer Vorhersagen in den Lebens- und Sozialwissenschaften, einschlie\u00dflich innovativer Ans\u00e4tze zwischen klassischer Netzwerkanalyse und Deep Learning. Zum anderen nutzt das C\u00b3S computergest\u00fctzte Modelle, um planetare Transformationen besser zu verstehen, insbesondere im Kontext der Klimaerw\u00e4rmung und Biodiversit\u00e4tskrise. Dabei werden komplexe Zusammenh\u00e4nge zwischen Geophysik, \u00d6kosystemen und Gesellschaft analysiert, kritische L\u00f6sungsans\u00e4tze entwickelt und sogenannte Kippelemente im Erdsystem untersucht, um das Zusammenspiel gesellschaftlicher und \u00f6kologischer Ver\u00e4nderungen modellhaft zu erfassen. Durch diesen integrativen Ansatz m\u00f6chte das C\u00b3S sowohl methodische Innovationen als auch gesellschaftlich relevante Erkenntnisse zu den Wechselwirkungen von Digitalit\u00e4t, Demokratie und planetarer Transformation liefern.&nbsp; Bereits im April dieses Jahres wurde der Klimaforscher <strong>Prof. Dr. Nico Wunderling<\/strong> an das C<sup>3<\/sup>S berufen. Seine Forschung konzentriert sich auf die Dynamik von interagierenden Kippelemente im Erdsystem, insbesondere im Kontext globaler Erw\u00e4rmung.<\/p>\n\n\n\n<p>Weitere <strong>Informationen<\/strong> unter <a href=\"https:\/\/www.c3s-frankfurt.de\/\">www.c3s-frankfurt.de\/<\/a><\/p>\n\n\n\n<p><\/p>","protected":false},"excerpt":{"rendered":"<p>C\u00b3S an der Goethe-Universit\u00e4t freut sich \u00fcber Verst\u00e4rkung auf wichtigen interdisziplin\u00e4ren Zukunftsfeldern. Gest\u00e4rkt durch \u00f6kologische, sozio\u00f6konomische, digitale, erziehungswissenschaftliche und rechtsphilosophische Expertise: Am Center for Critical Computational Studies an der Goethe-Universit\u00e4t [&hellip;]<\/p>\n","protected":false},"author":4,"featured_media":72084,"comment_status":"closed","ping_status":"closed","sticky":false,"template":"","format":"standard","meta":{"_eb_attr":"","_price":"","_stock":"","_tribe_ticket_header":"","_tribe_default_ticket_provider":"","_ticket_start_date":"","_ticket_end_date":"","_tribe_ticket_show_description":"","_tribe_ticket_show_not_going":false,"_tribe_ticket_use_global_stock":"","_tribe_ticket_global_stock_level":"","_global_stock_mode":"","_global_stock_cap":"","_tribe_rsvp_for_event":"","_tribe_ticket_going_count":"","_tribe_ticket_not_going_count":"","_tribe_tickets_list":"[]","_tribe_ticket_has_attendee_info_fields":false,"footnotes":""},"categories":[3,91],"tags":[],"post_folder":[],"class_list":["post-85604","post","type-post","status-publish","format-standard","has-post-thumbnail","hentry","category-forschung","category-zticky"],"yoast_head":"<!-- This site is optimized with the Yoast SEO plugin v27.5 - https:\/\/yoast.com\/product\/yoast-seo-wordpress\/ -->\n<title>Neue Professuren am Center for Critical Computational Studies | Aktuelles aus der Goethe-Universit\u00e4t Frankfurt<\/title>\n<meta name=\"robots\" content=\"index, follow, max-snippet:-1, max-image-preview:large, max-video-preview:-1\" \/>\n<link rel=\"canonical\" href=\"https:\/\/aktuelles.uni-frankfurt.de\/en\/forschung\/neue-professuren-am-center-for-critical-computational-studies\/\" \/>\n<meta property=\"og:locale\" content=\"en_GB\" \/>\n<meta property=\"og:type\" content=\"article\" \/>\n<meta property=\"og:title\" content=\"Neue Professuren am Center for Critical Computational Studies | Aktuelles aus der Goethe-Universit\u00e4t Frankfurt\" \/>\n<meta property=\"og:description\" content=\"C\u00b3S an der Goethe-Universit\u00e4t freut sich \u00fcber Verst\u00e4rkung auf wichtigen interdisziplin\u00e4ren Zukunftsfeldern. Gest\u00e4rkt durch \u00f6kologische, sozio\u00f6konomische, digitale, erziehungswissenschaftliche und rechtsphilosophische Expertise: Am Center for Critical Computational Studies an der Goethe-Universit\u00e4t [&hellip;]\" \/>\n<meta property=\"og:url\" content=\"https:\/\/aktuelles.uni-frankfurt.de\/en\/forschung\/neue-professuren-am-center-for-critical-computational-studies\/\" \/>\n<meta property=\"og:site_name\" content=\"Aktuelles aus der Goethe-Universit\u00e4t Frankfurt\" \/>\n<meta property=\"article:published_time\" content=\"2025-09-09T08:52:06+00:00\" \/>\n<meta property=\"article:modified_time\" content=\"2025-09-10T12:47:00+00:00\" \/>\n<meta property=\"og:image\" content=\"https:\/\/aktuelles.uni-frankfurt.de\/wp-content\/uploads\/2023\/06\/Beitragsbild_C3S_Just-Computation.jpg\" \/>\n\t<meta property=\"og:image:width\" content=\"650\" \/>\n\t<meta property=\"og:image:height\" content=\"450\" \/>\n\t<meta property=\"og:image:type\" content=\"image\/jpeg\" \/>\n<meta name=\"author\" content=\"Dr. Dirk Frank\" \/>\n<meta name=\"twitter:card\" content=\"summary_large_image\" \/>\n<meta name=\"twitter:label1\" content=\"Written by\" \/>\n\t<meta name=\"twitter:data1\" content=\"Dr. Dirk Frank\" \/>\n\t<meta name=\"twitter:label2\" content=\"Estimated reading time\" \/>\n\t<meta name=\"twitter:data2\" content=\"5 minutes\" \/>\n<script type=\"application\/ld+json\" class=\"yoast-schema-graph\">{\"@context\":\"https:\\\/\\\/schema.org\",\"@graph\":[{\"@type\":\"Article\",\"@id\":\"https:\\\/\\\/aktuelles.uni-frankfurt.de\\\/forschung\\\/neue-professuren-am-center-for-critical-computational-studies\\\/#article\",\"isPartOf\":{\"@id\":\"https:\\\/\\\/aktuelles.uni-frankfurt.de\\\/forschung\\\/neue-professuren-am-center-for-critical-computational-studies\\\/\"},\"author\":{\"name\":\"Dr. Dirk Frank\",\"@id\":\"https:\\\/\\\/aktuelles.uni-frankfurt.de\\\/#\\\/schema\\\/person\\\/370c4588b49f66f89d917e8bd01f72b0\"},\"headline\":\"Neue Professuren am Center for Critical Computational Studies\",\"datePublished\":\"2025-09-09T08:52:06+00:00\",\"dateModified\":\"2025-09-10T12:47:00+00:00\",\"mainEntityOfPage\":{\"@id\":\"https:\\\/\\\/aktuelles.uni-frankfurt.de\\\/forschung\\\/neue-professuren-am-center-for-critical-computational-studies\\\/\"},\"wordCount\":1100,\"publisher\":{\"@id\":\"https:\\\/\\\/aktuelles.uni-frankfurt.de\\\/#organization\"},\"image\":{\"@id\":\"https:\\\/\\\/aktuelles.uni-frankfurt.de\\\/forschung\\\/neue-professuren-am-center-for-critical-computational-studies\\\/#primaryimage\"},\"thumbnailUrl\":\"https:\\\/\\\/aktuelles.uni-frankfurt.de\\\/wp-content\\\/uploads\\\/2023\\\/06\\\/Beitragsbild_C3S_Just-Computation.jpg\",\"articleSection\":[\"Forschung\",\"Zticky\"],\"inLanguage\":\"en-GB\"},{\"@type\":\"WebPage\",\"@id\":\"https:\\\/\\\/aktuelles.uni-frankfurt.de\\\/forschung\\\/neue-professuren-am-center-for-critical-computational-studies\\\/\",\"url\":\"https:\\\/\\\/aktuelles.uni-frankfurt.de\\\/forschung\\\/neue-professuren-am-center-for-critical-computational-studies\\\/\",\"name\":\"Neue Professuren am Center for Critical Computational Studies | Aktuelles aus der Goethe-Universit\u00e4t Frankfurt\",\"isPartOf\":{\"@id\":\"https:\\\/\\\/aktuelles.uni-frankfurt.de\\\/#website\"},\"primaryImageOfPage\":{\"@id\":\"https:\\\/\\\/aktuelles.uni-frankfurt.de\\\/forschung\\\/neue-professuren-am-center-for-critical-computational-studies\\\/#primaryimage\"},\"image\":{\"@id\":\"https:\\\/\\\/aktuelles.uni-frankfurt.de\\\/forschung\\\/neue-professuren-am-center-for-critical-computational-studies\\\/#primaryimage\"},\"thumbnailUrl\":\"https:\\\/\\\/aktuelles.uni-frankfurt.de\\\/wp-content\\\/uploads\\\/2023\\\/06\\\/Beitragsbild_C3S_Just-Computation.jpg\",\"datePublished\":\"2025-09-09T08:52:06+00:00\",\"dateModified\":\"2025-09-10T12:47:00+00:00\",\"breadcrumb\":{\"@id\":\"https:\\\/\\\/aktuelles.uni-frankfurt.de\\\/forschung\\\/neue-professuren-am-center-for-critical-computational-studies\\\/#breadcrumb\"},\"inLanguage\":\"en-GB\",\"potentialAction\":[{\"@type\":\"ReadAction\",\"target\":[\"https:\\\/\\\/aktuelles.uni-frankfurt.de\\\/forschung\\\/neue-professuren-am-center-for-critical-computational-studies\\\/\"]}]},{\"@type\":\"ImageObject\",\"inLanguage\":\"en-GB\",\"@id\":\"https:\\\/\\\/aktuelles.uni-frankfurt.de\\\/forschung\\\/neue-professuren-am-center-for-critical-computational-studies\\\/#primaryimage\",\"url\":\"https:\\\/\\\/aktuelles.uni-frankfurt.de\\\/wp-content\\\/uploads\\\/2023\\\/06\\\/Beitragsbild_C3S_Just-Computation.jpg\",\"contentUrl\":\"https:\\\/\\\/aktuelles.uni-frankfurt.de\\\/wp-content\\\/uploads\\\/2023\\\/06\\\/Beitragsbild_C3S_Just-Computation.jpg\",\"width\":650,\"height\":450},{\"@type\":\"BreadcrumbList\",\"@id\":\"https:\\\/\\\/aktuelles.uni-frankfurt.de\\\/forschung\\\/neue-professuren-am-center-for-critical-computational-studies\\\/#breadcrumb\",\"itemListElement\":[{\"@type\":\"ListItem\",\"position\":1,\"name\":\"Startseite\",\"item\":\"https:\\\/\\\/aktuelles.uni-frankfurt.de\\\/\"},{\"@type\":\"ListItem\",\"position\":2,\"name\":\"Neue Professuren am Center for Critical Computational Studies\"}]},{\"@type\":\"WebSite\",\"@id\":\"https:\\\/\\\/aktuelles.uni-frankfurt.de\\\/#website\",\"url\":\"https:\\\/\\\/aktuelles.uni-frankfurt.de\\\/\",\"name\":\"Aktuelles aus der Goethe-Universit\u00e4t Frankfurt\",\"description\":\"Aktuelles aus der Goethe-Universit\u00e4t | Neues aus Forschung, Lehre, Studium\",\"publisher\":{\"@id\":\"https:\\\/\\\/aktuelles.uni-frankfurt.de\\\/#organization\"},\"potentialAction\":[{\"@type\":\"SearchAction\",\"target\":{\"@type\":\"EntryPoint\",\"urlTemplate\":\"https:\\\/\\\/aktuelles.uni-frankfurt.de\\\/?s={search_term_string}\"},\"query-input\":{\"@type\":\"PropertyValueSpecification\",\"valueRequired\":true,\"valueName\":\"search_term_string\"}}],\"inLanguage\":\"en-GB\"},{\"@type\":\"Organization\",\"@id\":\"https:\\\/\\\/aktuelles.uni-frankfurt.de\\\/#organization\",\"name\":\"Goethe-Universit\u00e4t\",\"url\":\"https:\\\/\\\/aktuelles.uni-frankfurt.de\\\/\",\"logo\":{\"@type\":\"ImageObject\",\"inLanguage\":\"en-GB\",\"@id\":\"https:\\\/\\\/aktuelles.uni-frankfurt.de\\\/#\\\/schema\\\/logo\\\/image\\\/\",\"url\":\"https:\\\/\\\/aktuelles.uni-frankfurt.de\\\/wp-content\\\/uploads\\\/2022\\\/03\\\/800px-Goethe-Logo.png\",\"contentUrl\":\"https:\\\/\\\/aktuelles.uni-frankfurt.de\\\/wp-content\\\/uploads\\\/2022\\\/03\\\/800px-Goethe-Logo.png\",\"width\":800,\"height\":436,\"caption\":\"Goethe-Universit\u00e4t\"},\"image\":{\"@id\":\"https:\\\/\\\/aktuelles.uni-frankfurt.de\\\/#\\\/schema\\\/logo\\\/image\\\/\"}},{\"@type\":\"Person\",\"@id\":\"https:\\\/\\\/aktuelles.uni-frankfurt.de\\\/#\\\/schema\\\/person\\\/370c4588b49f66f89d917e8bd01f72b0\",\"name\":\"Dr. Dirk Frank\",\"description\":\"Dr. Dirk Frank, 49, ist seit 2012 Pressereferent an der Goethe-Universit\u00e4t. Der promovierte Literaturwissenschaftler ist stellvertretender Leiter der Abteilung Marketing und Kommunikation und f\u00fcr die Redaktion des UniReport zust\u00e4ndig.\",\"sameAs\":[\"http:\\\/\\\/aktuelles.uni-frankfurt.de\\\/\"],\"url\":\"https:\\\/\\\/aktuelles.uni-frankfurt.de\\\/en\\\/author\\\/dr-dirkfrank\\\/\"}]}<\/script>\n<!-- \/ Yoast SEO plugin. -->","yoast_head_json":{"title":"Neue Professuren am Center for Critical Computational Studies | Aktuelles aus der Goethe-Universit\u00e4t Frankfurt","robots":{"index":"index","follow":"follow","max-snippet":"max-snippet:-1","max-image-preview":"max-image-preview:large","max-video-preview":"max-video-preview:-1"},"canonical":"https:\/\/aktuelles.uni-frankfurt.de\/en\/forschung\/neue-professuren-am-center-for-critical-computational-studies\/","og_locale":"en_GB","og_type":"article","og_title":"Neue Professuren am Center for Critical Computational Studies | Aktuelles aus der Goethe-Universit\u00e4t Frankfurt","og_description":"C\u00b3S an der Goethe-Universit\u00e4t freut sich \u00fcber Verst\u00e4rkung auf wichtigen interdisziplin\u00e4ren Zukunftsfeldern. Gest\u00e4rkt durch \u00f6kologische, sozio\u00f6konomische, digitale, erziehungswissenschaftliche und rechtsphilosophische Expertise: Am Center for Critical Computational Studies an der Goethe-Universit\u00e4t [&hellip;]","og_url":"https:\/\/aktuelles.uni-frankfurt.de\/en\/forschung\/neue-professuren-am-center-for-critical-computational-studies\/","og_site_name":"Aktuelles aus der Goethe-Universit\u00e4t Frankfurt","article_published_time":"2025-09-09T08:52:06+00:00","article_modified_time":"2025-09-10T12:47:00+00:00","og_image":[{"width":650,"height":450,"url":"https:\/\/aktuelles.uni-frankfurt.de\/wp-content\/uploads\/2023\/06\/Beitragsbild_C3S_Just-Computation.jpg","type":"image\/jpeg"}],"author":"Dr. Dirk Frank","twitter_card":"summary_large_image","twitter_misc":{"Written by":"Dr. Dirk Frank","Estimated reading time":"5 minutes"},"schema":{"@context":"https:\/\/schema.org","@graph":[{"@type":"Article","@id":"https:\/\/aktuelles.uni-frankfurt.de\/forschung\/neue-professuren-am-center-for-critical-computational-studies\/#article","isPartOf":{"@id":"https:\/\/aktuelles.uni-frankfurt.de\/forschung\/neue-professuren-am-center-for-critical-computational-studies\/"},"author":{"name":"Dr. Dirk Frank","@id":"https:\/\/aktuelles.uni-frankfurt.de\/#\/schema\/person\/370c4588b49f66f89d917e8bd01f72b0"},"headline":"Neue Professuren am Center for Critical Computational Studies","datePublished":"2025-09-09T08:52:06+00:00","dateModified":"2025-09-10T12:47:00+00:00","mainEntityOfPage":{"@id":"https:\/\/aktuelles.uni-frankfurt.de\/forschung\/neue-professuren-am-center-for-critical-computational-studies\/"},"wordCount":1100,"publisher":{"@id":"https:\/\/aktuelles.uni-frankfurt.de\/#organization"},"image":{"@id":"https:\/\/aktuelles.uni-frankfurt.de\/forschung\/neue-professuren-am-center-for-critical-computational-studies\/#primaryimage"},"thumbnailUrl":"https:\/\/aktuelles.uni-frankfurt.de\/wp-content\/uploads\/2023\/06\/Beitragsbild_C3S_Just-Computation.jpg","articleSection":["Forschung","Zticky"],"inLanguage":"en-GB"},{"@type":"WebPage","@id":"https:\/\/aktuelles.uni-frankfurt.de\/forschung\/neue-professuren-am-center-for-critical-computational-studies\/","url":"https:\/\/aktuelles.uni-frankfurt.de\/forschung\/neue-professuren-am-center-for-critical-computational-studies\/","name":"Neue Professuren am Center for Critical Computational Studies | Aktuelles aus der Goethe-Universit\u00e4t Frankfurt","isPartOf":{"@id":"https:\/\/aktuelles.uni-frankfurt.de\/#website"},"primaryImageOfPage":{"@id":"https:\/\/aktuelles.uni-frankfurt.de\/forschung\/neue-professuren-am-center-for-critical-computational-studies\/#primaryimage"},"image":{"@id":"https:\/\/aktuelles.uni-frankfurt.de\/forschung\/neue-professuren-am-center-for-critical-computational-studies\/#primaryimage"},"thumbnailUrl":"https:\/\/aktuelles.uni-frankfurt.de\/wp-content\/uploads\/2023\/06\/Beitragsbild_C3S_Just-Computation.jpg","datePublished":"2025-09-09T08:52:06+00:00","dateModified":"2025-09-10T12:47:00+00:00","breadcrumb":{"@id":"https:\/\/aktuelles.uni-frankfurt.de\/forschung\/neue-professuren-am-center-for-critical-computational-studies\/#breadcrumb"},"inLanguage":"en-GB","potentialAction":[{"@type":"ReadAction","target":["https:\/\/aktuelles.uni-frankfurt.de\/forschung\/neue-professuren-am-center-for-critical-computational-studies\/"]}]},{"@type":"ImageObject","inLanguage":"en-GB","@id":"https:\/\/aktuelles.uni-frankfurt.de\/forschung\/neue-professuren-am-center-for-critical-computational-studies\/#primaryimage","url":"https:\/\/aktuelles.uni-frankfurt.de\/wp-content\/uploads\/2023\/06\/Beitragsbild_C3S_Just-Computation.jpg","contentUrl":"https:\/\/aktuelles.uni-frankfurt.de\/wp-content\/uploads\/2023\/06\/Beitragsbild_C3S_Just-Computation.jpg","width":650,"height":450},{"@type":"BreadcrumbList","@id":"https:\/\/aktuelles.uni-frankfurt.de\/forschung\/neue-professuren-am-center-for-critical-computational-studies\/#breadcrumb","itemListElement":[{"@type":"ListItem","position":1,"name":"Startseite","item":"https:\/\/aktuelles.uni-frankfurt.de\/"},{"@type":"ListItem","position":2,"name":"Neue Professuren am Center for Critical Computational Studies"}]},{"@type":"WebSite","@id":"https:\/\/aktuelles.uni-frankfurt.de\/#website","url":"https:\/\/aktuelles.uni-frankfurt.de\/","name":"Aktuelles aus der Goethe-Universit\u00e4t Frankfurt","description":"Aktuelles aus der Goethe-Universit\u00e4t | Neues aus Forschung, Lehre, Studium","publisher":{"@id":"https:\/\/aktuelles.uni-frankfurt.de\/#organization"},"potentialAction":[{"@type":"SearchAction","target":{"@type":"EntryPoint","urlTemplate":"https:\/\/aktuelles.uni-frankfurt.de\/?s={search_term_string}"},"query-input":{"@type":"PropertyValueSpecification","valueRequired":true,"valueName":"search_term_string"}}],"inLanguage":"en-GB"},{"@type":"Organization","@id":"https:\/\/aktuelles.uni-frankfurt.de\/#organization","name":"Goethe University Frankfurt","url":"https:\/\/aktuelles.uni-frankfurt.de\/","logo":{"@type":"ImageObject","inLanguage":"en-GB","@id":"https:\/\/aktuelles.uni-frankfurt.de\/#\/schema\/logo\/image\/","url":"https:\/\/aktuelles.uni-frankfurt.de\/wp-content\/uploads\/2022\/03\/800px-Goethe-Logo.png","contentUrl":"https:\/\/aktuelles.uni-frankfurt.de\/wp-content\/uploads\/2022\/03\/800px-Goethe-Logo.png","width":800,"height":436,"caption":"Goethe-Universit\u00e4t"},"image":{"@id":"https:\/\/aktuelles.uni-frankfurt.de\/#\/schema\/logo\/image\/"}},{"@type":"Person","@id":"https:\/\/aktuelles.uni-frankfurt.de\/#\/schema\/person\/370c4588b49f66f89d917e8bd01f72b0","name":"Dr. Dirk Frank","description":"Dr. Dirk Frank, 49, ist seit 2012 Pressereferent an der Goethe-Universit\u00e4t. Der promovierte Literaturwissenschaftler ist stellvertretender Leiter der Abteilung Marketing und Kommunikation und f\u00fcr die Redaktion des UniReport zust\u00e4ndig.","sameAs":["http:\/\/aktuelles.uni-frankfurt.de\/"],"url":"https:\/\/aktuelles.uni-frankfurt.de\/en\/author\/dr-dirkfrank\/"}]}},"_links":{"self":[{"href":"https:\/\/aktuelles.uni-frankfurt.de\/en\/wp-json\/wp\/v2\/posts\/85604","targetHints":{"allow":["GET"]}}],"collection":[{"href":"https:\/\/aktuelles.uni-frankfurt.de\/en\/wp-json\/wp\/v2\/posts"}],"about":[{"href":"https:\/\/aktuelles.uni-frankfurt.de\/en\/wp-json\/wp\/v2\/types\/post"}],"author":[{"embeddable":true,"href":"https:\/\/aktuelles.uni-frankfurt.de\/en\/wp-json\/wp\/v2\/users\/4"}],"replies":[{"embeddable":true,"href":"https:\/\/aktuelles.uni-frankfurt.de\/en\/wp-json\/wp\/v2\/comments?post=85604"}],"version-history":[{"count":0,"href":"https:\/\/aktuelles.uni-frankfurt.de\/en\/wp-json\/wp\/v2\/posts\/85604\/revisions"}],"wp:featuredmedia":[{"embeddable":true,"href":"https:\/\/aktuelles.uni-frankfurt.de\/en\/wp-json\/wp\/v2\/media\/72084"}],"wp:attachment":[{"href":"https:\/\/aktuelles.uni-frankfurt.de\/en\/wp-json\/wp\/v2\/media?parent=85604"}],"wp:term":[{"taxonomy":"category","embeddable":true,"href":"https:\/\/aktuelles.uni-frankfurt.de\/en\/wp-json\/wp\/v2\/categories?post=85604"},{"taxonomy":"post_tag","embeddable":true,"href":"https:\/\/aktuelles.uni-frankfurt.de\/en\/wp-json\/wp\/v2\/tags?post=85604"},{"taxonomy":"post_folder","embeddable":true,"href":"https:\/\/aktuelles.uni-frankfurt.de\/en\/wp-json\/wp\/v2\/post_folder?post=85604"}],"curies":[{"name":"wp","href":"https:\/\/api.w.org\/{rel}","templated":true}]}}