{"id":85637,"date":"2025-09-16T10:47:30","date_gmt":"2025-09-16T08:47:30","guid":{"rendered":"https:\/\/aktuelles.uni-frankfurt.de\/?p=85637"},"modified":"2025-09-16T10:54:50","modified_gmt":"2025-09-16T08:54:50","slug":"davor-solter-und-azim-surani-werden-mit-dem-paul-ehrlich-und-ludwig-darmstaedter-preis-2026-ausgezeichnet","status":"publish","type":"post","link":"https:\/\/aktuelles.uni-frankfurt.de\/en\/forschung\/davor-solter-und-azim-surani-werden-mit-dem-paul-ehrlich-und-ludwig-darmstaedter-preis-2026-ausgezeichnet\/","title":{"rendered":"Davor Solter und Azim Surani werden mit dem Paul Ehrlich- und Ludwig Darmstaedter-Preis 2026 ausgezeichnet"},"content":{"rendered":"<p><em>Die Preistr\u00e4ger \u00f6ffneten mit der Entdeckung der genomischen Pr\u00e4gung das Tor zur Epigenetik<\/em><\/p>\n\n\n\n<p><strong>Die Entwicklungsbiologen Davor Solter und Azim Surani erhalten den Paul Ehrlich- und Ludwig Darmstaedter-Preis 2026. Das gab der Stiftungsrat der Paul Ehrlich-Stiftung heute bekannt. Die Preistr\u00e4ger haben das Ph\u00e4nomen der genomischen Pr\u00e4gung entdeckt. Das Erbgut von Eizellen und Spermien ist demnach bei S\u00e4ugetieren funktional verschieden. Manche Gene sind zus\u00e4tzlich zu ihrer genetischen Information molekular so markiert, dass sie nur aus den Erbanlagen eines Elternteils ablesbar sind. Deshalb brauchen wir den vollen genetischen Beitrag von Vater und Mutter. Diese Entdeckung ersch\u00fctterte das Geb\u00e4ude der klassischen Genetik und \u00f6ffnete das Tor zum weiten Feld der modernen Epigenetik.<\/strong><\/p>\n\n\n\n<figure class=\"wp-block-image alignleft size-large\"><img fetchpriority=\"high\" decoding=\"async\" width=\"500\" height=\"346\" src=\"https:\/\/aktuelles.uni-frankfurt.de\/wp-content\/uploads\/2025\/09\/beitragsbild_PELD2025_450x650px-500x346.jpg\" alt=\"\" class=\"wp-image-85638\" srcset=\"https:\/\/aktuelles.uni-frankfurt.de\/wp-content\/uploads\/2025\/09\/beitragsbild_PELD2025_450x650px-500x346.jpg 500w, https:\/\/aktuelles.uni-frankfurt.de\/wp-content\/uploads\/2025\/09\/beitragsbild_PELD2025_450x650px-300x208.jpg 300w, https:\/\/aktuelles.uni-frankfurt.de\/wp-content\/uploads\/2025\/09\/beitragsbild_PELD2025_450x650px-18x12.jpg 18w, https:\/\/aktuelles.uni-frankfurt.de\/wp-content\/uploads\/2025\/09\/beitragsbild_PELD2025_450x650px.jpg 650w\" sizes=\"(max-width: 500px) 100vw, 500px\" \/><figcaption class=\"wp-element-caption\"><em>Copyright: David Solter (links, privat); Azim Surani (Jacqueline Garget, University of Cambridge)<\/em><\/figcaption><\/figure>\n\n\n\n<p>Die Gene, die unsere Erbinformation tragen, sind in den Chromosomen des Zellkerns zusammengepackt. Es gibt 22 Autosomen sowie die Geschlechtschromosomen X und Y. Jede Keimzelle enth\u00e4lt einen einfachen Satz von 23 Chromosomen. Jede K\u00f6rperzelle enth\u00e4lt einen doppelten Chromosomensatz. Einer davon stammt aus der Eizelle der Mutter, der andere aus der Spermazelle des Vaters. Alle K\u00f6rperzellen enthalten also zwei Kopien desselben Gens. Sie nutzen beide Kopien, die in unterschiedlichen Auspr\u00e4gungen (Allele) auftreten k\u00f6nnen, als Anleitung zur Produktion von Proteinen oder RNA-Molek\u00fclen. Beide Kopien k\u00f6nnen sich auf das Erscheinungsbild (den Ph\u00e4notyp) eines Kindes auswirken. Wenn eine Kopie mutiert oder besch\u00e4digt ist, springt die andere ein und sorgt f\u00fcr Ersatz. Diese Grundregeln der klassischen Genetik setzten Solter und Surani teilweise au\u00dfer Kraft, als sie entdeckten, dass S\u00e4ugetier-Eltern ihrem Nachwuchs manche Gene offenbar nur in einer aktiven Kopie vererben. \u201eDiese Entdeckung war ein Wendepunkt der modernen Genetik\u201c, erkl\u00e4rt der Vorsitzende des Stiftungsrates, Prof. Thomas Boehm. \u201eSie zeigte, dass unser Ph\u00e4notyp nicht allein von unserem Genotyp bestimmt wird, sondern auch von epigenetischen Zeichen gepr\u00e4gt ist. Das hat unser Verst\u00e4ndnis von Gesundheit und Krankheit fundamental ver\u00e4ndert.\u201c<\/p>\n\n\n\n<p>Zu Beginn der 1980er Jahre hatten sich Davor Solter in Philadelphia (USA) und Azim Surani in Cambridge (Gro\u00dfbritannien) zeitgleich daran gemacht, ein Grundproblem der Genetik zu l\u00f6sen: Warum ist bei S\u00e4ugetieren keine Jungfernzeugung (Parthenogenese) m\u00f6glich? Weibliche Ameisen, Bienen, Eidechsen oder Schnecken zum Beispiel k\u00f6nnen sich ohne m\u00e4nnlichen Beitrag fortpflanzen und ihren Nachwuchs aus unbefruchteten Eizellen heranreifen lassen. Solter und Surani beantworteten diese Frage, indem sie unabh\u00e4ngig voneinander eine Technik anwandten, die Solter zuvor entwickelt und verbessert hatte, n\u00e4mlich die Transplantation der Kerne von Keimzellen. Nachdem Eizelle und ein Spermium zu einer Zelle verschmolzen sind, bleiben deren Kerne vorr\u00fcbergehend noch separiert, und werden deshalb Pronuclei genannt. Solter und Surani ersetzten nun einen der beiden Pronuclei durch einen aus einem anderen M\u00e4usestamm, und generierten damit Embryonen, die entweder zwei weibliche oder zwei m\u00e4nnliche Pronuclei enthielten. Unerwarteterweise starben alle diese Embryonen ab. Bei Kombinationen von zwei v\u00e4terlichen Pronuclei blieb der Embryo unterentwickelt, die Plazenta dagegen nicht. Umgekehrt entwickelte sich bei Kombinationen von zwei m\u00fctterlichen Pronuclei die Plazenta unzureichend, was zu einer Unterern\u00e4hrung des Embryos f\u00fchrte. Einzig Embryonen aus einer Kontrollgruppe mit zwei geschlechtsverschiedenen Pronuclei entwickelten sich zu gesunden M\u00e4usen. Bei S\u00e4ugetieren, so folgerten die beiden Forscher, bringen die m\u00fctterlichen Chromosomen Informationen mit, die auf den v\u00e4terlichen fehlen \u2013 und umgekehrt. Die vollst\u00e4ndige \u00dcbermittlung beider elterlichen Chromosomens\u00e4tze ist daher unabdingbar f\u00fcr die Entwicklung der Nachkommen. Offensichtlich werden manche Gene in aktiver Form nur von der Mutter, manche nur vom Vater weitergegeben. Surani pr\u00e4gte daf\u00fcr den Begriff <em>genomic imprinting<\/em>. Kurz darauf stellte sich heraus, dass die molekulare Aufschrift, die dieses <em>Imprinting <\/em>anzeigt, vorwiegend aus winzigen Methylgruppen besteht, die an eine der vier Basen der DNA eingef\u00fchrt werden.<\/p>\n\n\n\n<p>Sieben Jahre nach der Entdeckung der beiden Preistr\u00e4ger wurden 1991 die ersten <em>imprinted genes<\/em> identifiziert. Es handelte sich um das wachstumshemmende Gen <em>IGF2R<\/em>, das in aktiver Form nur von der Mutter, und um das wachstumsf\u00f6rdernde Gen <em>IGF2<\/em>, das in aktiver Form nur vom Vater vererbt wird. Das sprach daf\u00fcr, dass die genomische Pr\u00e4gung ein Mittel ist, um zwischen dem Interesse des Embryos zu wachsen und dem Interesse der Mutter, ihre Kr\u00e4fte dabei nicht \u00fcberzustrapazieren, ein gesundes Gleichgewicht zu wahren \u2013 die Evolution hat sie wahrscheinlich erfunden, um S\u00e4ugetiere mit einer Geb\u00e4rmutter \u00fcberhaupt erst m\u00f6glich zu machen. Tats\u00e4chlich haben die meisten bekannten gepr\u00e4gten Gene \u2013 sie machen rund ein Prozent unseres Genoms aus \u2013 mit dem Ausbalancieren von Wachstumsimpulsen und der Entwicklung des Gehirns zu tun. Beim Beckwith-Wiedemann-Syndrom geraten Wachstumsprozesse einzelner Organe oder deren seitengleiche Entwicklung w\u00e4hrend der Embryonalentwicklung aus dem Gleichgewicht; beim Angelmann-Syndrom kommt es zu schweren neurologischen Defiziten, weitere Fehlfunktionen beg\u00fcnstigen das Entstehen von Autismus oder Epilepsie. Auch beim Erwachsenen sind gepr\u00e4gte Gene in Signalkaskaden eingebunden, die \u00fcber Gesundheit oder Krankheit entscheiden. Im Laufe des Lebens erworbene St\u00f6rungen der genomischen Pr\u00e4gung werden zum Beispiel bei Darmkrebs, Glioblastomen und kindlichen Nierentumoren beobachtet.<\/p>\n\n\n\n<p>Erst die Entdeckung der genomischen Pr\u00e4gung und die Erforschung der DNA-Methylierung haben das Tor zu einer experimentell fundierten Epigenetik ge\u00f6ffnet. Tausende von Forschenden haben dieses Tor seither durchschritten und mit ihrer Arbeit ein Feld erschlossen und bestellt, das sich f\u00fcr die Biomedizin als \u00e4u\u00dferst fruchtbar erweist. Dank der Pioniertat von Solter und Surani bl\u00fcht die Epigenetik heute als die Wissenschaft der molekularbiologischen Vorg\u00e4nge, die die Expression von Genen unabh\u00e4ngig von Ver\u00e4nderungen in deren Sequenz steuern.<\/p>\n\n\n\n<p><strong>Davor Solter, <\/strong>US-amerikanischer Staatsb\u00fcrger desJahrgang 1941, ist Direktor Emeritus der Abteilung f\u00fcr Entwicklungsbiologie des Max-Planck-Instituts f\u00fcr Immunbiologie in Freiburg im Breisgau, die er von 1991 bis 2006 leitete. Heute lebt er in Bar Harbor im US-Bundesstaat Maine und ist Visiting Professor an der Mahidol University in Bangkok\/Thailand und der Universit\u00e4t von Zagreb in Kroatien.<\/p>\n\n\n\n<p><strong>Azim Surani, <\/strong>britischer Staatsb\u00fcrger des Jahrgangs 1945, forscht als Director of Germline and Epigenetics Research am Gurdon Institute der University of Cambridge in England und Fellow des dortigen King\u2019s College. <a href=\"https:\/\/www.gurdon.cam.ac.uk\/people\/azim-surani\/\">https:\/\/www.gurdon.cam.ac.uk\/people\/azim-surani<\/a>\/<\/p>\n\n\n\n<p class=\"has-background\" style=\"background-color:#eeeeee\">Der<strong> Paul Ehrlich and Ludwig Darmstaedter Prize <\/strong>ist der renommierteste Medizinpreis Deutschlands. Er ist mit 120.000 Euro dotiert und wird traditionell an Paul Ehrlichs Geburtstag, dem 14. M\u00e4rz, in der Frankfurter Paulskirche verliehen. Mit ihm werden Wissenschaftlerinnen und Wissenschaftler geehrt, die sich auf dem von Paul Ehrlich vertretenen Forschungsgebiet besondere Verdienste erworben haben, insbesondere in der Immunologie, der Krebsforschung, der H\u00e4matologie, der Mikrobiologie und der Chemotherapie. Finanziert wird der seit 1952 verliehene Preis vom Bundesgesundheitsministerium, dem Verband Forschender Arzneimittelhersteller e.V. und durch zweckgebundene Spenden folgender Unternehmen, Stiftungen und Einrichtungen: Else Kr\u00f6ner-Fresenius-Stiftung, Sanofi-Aventis Deutschland GmbH, C.H. Boehringer Sohn AG &amp; Co. KG, Biotest AG, Hans und Wolfgang Schleussner-Stiftung, Fresenius SE &amp; Co. KGaA, F. Hoffmann-LaRoche Ltd., GSK GlaxoSmithKline GmbH &amp; Co. KG, Gr\u00fcnenthal Group, Janssen-Cilag GmbH, Merck KGaA, Bayer AG, Georg von Holtzbrinck GmbH &amp; Co.KG,, B. Metzler seel. Sohn &amp; Co AG. Die Preistr\u00e4ger werden vom Stiftungsrat der Paul Ehrlich-Stiftung ausgew\u00e4hlt. Eine Liste der Stiftungsratsmitglieder ist auf der Internetseite der Paul Ehrlich-Stiftung hinterlegt.<br><br>Die<strong> Paul Ehrlich-Stiftung<\/strong> ist eine rechtlich unselbstst\u00e4ndige Stiftung, die treuh\u00e4nderisch von der Vereinigung von Freunden und F\u00f6rderern der Goethe-Universit\u00e4t verwaltet wird. Ehrenpr\u00e4sidentin der 1929 von Hedwig Ehrlich eingerichteten Stiftung ist Professorin Dr. Katja Becker, Pr\u00e4sidentin der Deutschen Forschungsgemeinschaft, die auch die gew\u00e4hlten Mitglieder des Stiftungsrates und des Kuratoriums beruft. Vorsitzender des Stiftungsrates der Paul Ehrlich-Stiftung ist Professor Dr. Thomas Boehm, emeritierter Direktor am Max-Planck-Institut f\u00fcr Immunbiologie und Epigenetik in Freiburg, Vorsitzender des Kuratoriums ist Professor Dr. Jochen Maas. Prof. Dr. Wilhelm Bender ist in seiner Funktion als Vorsitzender der Vereinigung von Freunden und F\u00f6rderern der Goethe-Universit\u00e4t zugleich Mitglied des Stiftungsrates der Paul Ehrlich-Stiftung. Der Pr\u00e4sident der Goethe-Universit\u00e4t ist in dieser Funktion zugleich Mitglied des Kuratoriums.<\/p>","protected":false},"excerpt":{"rendered":"<p>Die Preistr\u00e4ger \u00f6ffneten mit der Entdeckung der genomischen Pr\u00e4gung das Tor zur Epigenetik Die Entwicklungsbiologen Davor Solter und Azim Surani erhalten den Paul Ehrlich- und Ludwig Darmstaedter-Preis 2026. Das gab [&hellip;]<\/p>\n","protected":false},"author":23,"featured_media":85638,"comment_status":"closed","ping_status":"closed","sticky":false,"template":"","format":"standard","meta":{"_eb_attr":"","_price":"","_stock":"","_tribe_ticket_header":"","_tribe_default_ticket_provider":"","_ticket_start_date":"","_ticket_end_date":"","_tribe_ticket_show_description":"","_tribe_ticket_show_not_going":false,"_tribe_ticket_use_global_stock":"","_tribe_ticket_global_stock_level":"","_global_stock_mode":"","_global_stock_cap":"","_tribe_rsvp_for_event":"","_tribe_ticket_going_count":"","_tribe_ticket_not_going_count":"","_tribe_tickets_list":"[]","_tribe_ticket_has_attendee_info_fields":false,"footnotes":""},"categories":[3,91],"tags":[76,40],"post_folder":[],"class_list":["post-85637","post","type-post","status-publish","format-standard","has-post-thumbnail","hentry","category-forschung","category-zticky","tag-preise","tag-preistraeger"],"yoast_head":"<!-- This site is optimized with the Yoast SEO plugin v27.5 - https:\/\/yoast.com\/product\/yoast-seo-wordpress\/ -->\n<title>Davor Solter und Azim Surani werden mit dem Paul Ehrlich- und Ludwig Darmstaedter-Preis 2026 ausgezeichnet | Aktuelles aus der Goethe-Universit\u00e4t Frankfurt<\/title>\n<meta name=\"robots\" content=\"index, follow, max-snippet:-1, max-image-preview:large, max-video-preview:-1\" \/>\n<link rel=\"canonical\" href=\"https:\/\/aktuelles.uni-frankfurt.de\/en\/forschung\/davor-solter-und-azim-surani-werden-mit-dem-paul-ehrlich-und-ludwig-darmstaedter-preis-2026-ausgezeichnet\/\" \/>\n<meta property=\"og:locale\" content=\"en_GB\" \/>\n<meta property=\"og:type\" content=\"article\" \/>\n<meta property=\"og:title\" content=\"Davor Solter und Azim Surani werden mit dem Paul Ehrlich- und Ludwig Darmstaedter-Preis 2026 ausgezeichnet | Aktuelles aus der Goethe-Universit\u00e4t Frankfurt\" \/>\n<meta property=\"og:description\" content=\"Die Preistr\u00e4ger \u00f6ffneten mit der Entdeckung der genomischen Pr\u00e4gung das Tor zur Epigenetik Die Entwicklungsbiologen Davor Solter und Azim Surani erhalten den Paul Ehrlich- und Ludwig Darmstaedter-Preis 2026. Das gab [&hellip;]\" \/>\n<meta property=\"og:url\" content=\"https:\/\/aktuelles.uni-frankfurt.de\/en\/forschung\/davor-solter-und-azim-surani-werden-mit-dem-paul-ehrlich-und-ludwig-darmstaedter-preis-2026-ausgezeichnet\/\" \/>\n<meta property=\"og:site_name\" content=\"Aktuelles aus der Goethe-Universit\u00e4t Frankfurt\" \/>\n<meta property=\"article:published_time\" content=\"2025-09-16T08:47:30+00:00\" \/>\n<meta property=\"article:modified_time\" content=\"2025-09-16T08:54:50+00:00\" \/>\n<meta property=\"og:image\" content=\"https:\/\/aktuelles.uni-frankfurt.de\/wp-content\/uploads\/2025\/09\/beitragsbild_PELD2025_450x650px.jpg\" \/>\n\t<meta property=\"og:image:width\" content=\"650\" \/>\n\t<meta property=\"og:image:height\" content=\"450\" \/>\n\t<meta property=\"og:image:type\" content=\"image\/jpeg\" \/>\n<meta name=\"author\" content=\"Dr. Markus Bernards\" \/>\n<meta name=\"twitter:card\" content=\"summary_large_image\" \/>\n<meta name=\"twitter:label1\" content=\"Written by\" \/>\n\t<meta name=\"twitter:data1\" content=\"Dr. Markus Bernards\" \/>\n\t<meta name=\"twitter:label2\" content=\"Estimated reading time\" \/>\n\t<meta name=\"twitter:data2\" content=\"6 minutes\" \/>\n<script type=\"application\/ld+json\" class=\"yoast-schema-graph\">{\"@context\":\"https:\\\/\\\/schema.org\",\"@graph\":[{\"@type\":\"Article\",\"@id\":\"https:\\\/\\\/aktuelles.uni-frankfurt.de\\\/forschung\\\/davor-solter-und-azim-surani-werden-mit-dem-paul-ehrlich-und-ludwig-darmstaedter-preis-2026-ausgezeichnet\\\/#article\",\"isPartOf\":{\"@id\":\"https:\\\/\\\/aktuelles.uni-frankfurt.de\\\/forschung\\\/davor-solter-und-azim-surani-werden-mit-dem-paul-ehrlich-und-ludwig-darmstaedter-preis-2026-ausgezeichnet\\\/\"},\"author\":{\"name\":\"Dr. Markus Bernards\",\"@id\":\"https:\\\/\\\/aktuelles.uni-frankfurt.de\\\/#\\\/schema\\\/person\\\/47afd8b2c02023a0f1eee09d035f73e8\"},\"headline\":\"Davor Solter und Azim Surani werden mit dem Paul Ehrlich- und Ludwig Darmstaedter-Preis 2026 ausgezeichnet\",\"datePublished\":\"2025-09-16T08:47:30+00:00\",\"dateModified\":\"2025-09-16T08:54:50+00:00\",\"mainEntityOfPage\":{\"@id\":\"https:\\\/\\\/aktuelles.uni-frankfurt.de\\\/forschung\\\/davor-solter-und-azim-surani-werden-mit-dem-paul-ehrlich-und-ludwig-darmstaedter-preis-2026-ausgezeichnet\\\/\"},\"wordCount\":1310,\"publisher\":{\"@id\":\"https:\\\/\\\/aktuelles.uni-frankfurt.de\\\/#organization\"},\"image\":{\"@id\":\"https:\\\/\\\/aktuelles.uni-frankfurt.de\\\/forschung\\\/davor-solter-und-azim-surani-werden-mit-dem-paul-ehrlich-und-ludwig-darmstaedter-preis-2026-ausgezeichnet\\\/#primaryimage\"},\"thumbnailUrl\":\"https:\\\/\\\/aktuelles.uni-frankfurt.de\\\/wp-content\\\/uploads\\\/2025\\\/09\\\/beitragsbild_PELD2025_450x650px.jpg\",\"keywords\":[\"Preise\",\"Preistr\u00e4ger\"],\"articleSection\":[\"Forschung\",\"Zticky\"],\"inLanguage\":\"en-GB\"},{\"@type\":\"WebPage\",\"@id\":\"https:\\\/\\\/aktuelles.uni-frankfurt.de\\\/forschung\\\/davor-solter-und-azim-surani-werden-mit-dem-paul-ehrlich-und-ludwig-darmstaedter-preis-2026-ausgezeichnet\\\/\",\"url\":\"https:\\\/\\\/aktuelles.uni-frankfurt.de\\\/forschung\\\/davor-solter-und-azim-surani-werden-mit-dem-paul-ehrlich-und-ludwig-darmstaedter-preis-2026-ausgezeichnet\\\/\",\"name\":\"Davor Solter und Azim Surani werden mit dem Paul Ehrlich- und Ludwig Darmstaedter-Preis 2026 ausgezeichnet | Aktuelles aus der Goethe-Universit\u00e4t Frankfurt\",\"isPartOf\":{\"@id\":\"https:\\\/\\\/aktuelles.uni-frankfurt.de\\\/#website\"},\"primaryImageOfPage\":{\"@id\":\"https:\\\/\\\/aktuelles.uni-frankfurt.de\\\/forschung\\\/davor-solter-und-azim-surani-werden-mit-dem-paul-ehrlich-und-ludwig-darmstaedter-preis-2026-ausgezeichnet\\\/#primaryimage\"},\"image\":{\"@id\":\"https:\\\/\\\/aktuelles.uni-frankfurt.de\\\/forschung\\\/davor-solter-und-azim-surani-werden-mit-dem-paul-ehrlich-und-ludwig-darmstaedter-preis-2026-ausgezeichnet\\\/#primaryimage\"},\"thumbnailUrl\":\"https:\\\/\\\/aktuelles.uni-frankfurt.de\\\/wp-content\\\/uploads\\\/2025\\\/09\\\/beitragsbild_PELD2025_450x650px.jpg\",\"datePublished\":\"2025-09-16T08:47:30+00:00\",\"dateModified\":\"2025-09-16T08:54:50+00:00\",\"breadcrumb\":{\"@id\":\"https:\\\/\\\/aktuelles.uni-frankfurt.de\\\/forschung\\\/davor-solter-und-azim-surani-werden-mit-dem-paul-ehrlich-und-ludwig-darmstaedter-preis-2026-ausgezeichnet\\\/#breadcrumb\"},\"inLanguage\":\"en-GB\",\"potentialAction\":[{\"@type\":\"ReadAction\",\"target\":[\"https:\\\/\\\/aktuelles.uni-frankfurt.de\\\/forschung\\\/davor-solter-und-azim-surani-werden-mit-dem-paul-ehrlich-und-ludwig-darmstaedter-preis-2026-ausgezeichnet\\\/\"]}]},{\"@type\":\"ImageObject\",\"inLanguage\":\"en-GB\",\"@id\":\"https:\\\/\\\/aktuelles.uni-frankfurt.de\\\/forschung\\\/davor-solter-und-azim-surani-werden-mit-dem-paul-ehrlich-und-ludwig-darmstaedter-preis-2026-ausgezeichnet\\\/#primaryimage\",\"url\":\"https:\\\/\\\/aktuelles.uni-frankfurt.de\\\/wp-content\\\/uploads\\\/2025\\\/09\\\/beitragsbild_PELD2025_450x650px.jpg\",\"contentUrl\":\"https:\\\/\\\/aktuelles.uni-frankfurt.de\\\/wp-content\\\/uploads\\\/2025\\\/09\\\/beitragsbild_PELD2025_450x650px.jpg\",\"width\":650,\"height\":450,\"caption\":\"Bildquelle Solter: privat, Bildquelle Surani: Jacqueline Garget, University of Cambridge.\"},{\"@type\":\"BreadcrumbList\",\"@id\":\"https:\\\/\\\/aktuelles.uni-frankfurt.de\\\/forschung\\\/davor-solter-und-azim-surani-werden-mit-dem-paul-ehrlich-und-ludwig-darmstaedter-preis-2026-ausgezeichnet\\\/#breadcrumb\",\"itemListElement\":[{\"@type\":\"ListItem\",\"position\":1,\"name\":\"Startseite\",\"item\":\"https:\\\/\\\/aktuelles.uni-frankfurt.de\\\/\"},{\"@type\":\"ListItem\",\"position\":2,\"name\":\"Davor Solter und Azim Surani werden mit dem Paul Ehrlich- und Ludwig Darmstaedter-Preis 2026 ausgezeichnet\"}]},{\"@type\":\"WebSite\",\"@id\":\"https:\\\/\\\/aktuelles.uni-frankfurt.de\\\/#website\",\"url\":\"https:\\\/\\\/aktuelles.uni-frankfurt.de\\\/\",\"name\":\"Aktuelles aus der Goethe-Universit\u00e4t Frankfurt\",\"description\":\"Aktuelles aus der Goethe-Universit\u00e4t | Neues aus Forschung, Lehre, Studium\",\"publisher\":{\"@id\":\"https:\\\/\\\/aktuelles.uni-frankfurt.de\\\/#organization\"},\"potentialAction\":[{\"@type\":\"SearchAction\",\"target\":{\"@type\":\"EntryPoint\",\"urlTemplate\":\"https:\\\/\\\/aktuelles.uni-frankfurt.de\\\/?s={search_term_string}\"},\"query-input\":{\"@type\":\"PropertyValueSpecification\",\"valueRequired\":true,\"valueName\":\"search_term_string\"}}],\"inLanguage\":\"en-GB\"},{\"@type\":\"Organization\",\"@id\":\"https:\\\/\\\/aktuelles.uni-frankfurt.de\\\/#organization\",\"name\":\"Goethe-Universit\u00e4t\",\"url\":\"https:\\\/\\\/aktuelles.uni-frankfurt.de\\\/\",\"logo\":{\"@type\":\"ImageObject\",\"inLanguage\":\"en-GB\",\"@id\":\"https:\\\/\\\/aktuelles.uni-frankfurt.de\\\/#\\\/schema\\\/logo\\\/image\\\/\",\"url\":\"https:\\\/\\\/aktuelles.uni-frankfurt.de\\\/wp-content\\\/uploads\\\/2022\\\/03\\\/800px-Goethe-Logo.png\",\"contentUrl\":\"https:\\\/\\\/aktuelles.uni-frankfurt.de\\\/wp-content\\\/uploads\\\/2022\\\/03\\\/800px-Goethe-Logo.png\",\"width\":800,\"height\":436,\"caption\":\"Goethe-Universit\u00e4t\"},\"image\":{\"@id\":\"https:\\\/\\\/aktuelles.uni-frankfurt.de\\\/#\\\/schema\\\/logo\\\/image\\\/\"}},{\"@type\":\"Person\",\"@id\":\"https:\\\/\\\/aktuelles.uni-frankfurt.de\\\/#\\\/schema\\\/person\\\/47afd8b2c02023a0f1eee09d035f73e8\",\"name\":\"Dr. Markus Bernards\",\"url\":\"https:\\\/\\\/aktuelles.uni-frankfurt.de\\\/en\\\/author\\\/markus-bernards\\\/\"}]}<\/script>\n<!-- \/ Yoast SEO plugin. -->","yoast_head_json":{"title":"Davor Solter und Azim Surani werden mit dem Paul Ehrlich- und Ludwig Darmstaedter-Preis 2026 ausgezeichnet | Aktuelles aus der Goethe-Universit\u00e4t Frankfurt","robots":{"index":"index","follow":"follow","max-snippet":"max-snippet:-1","max-image-preview":"max-image-preview:large","max-video-preview":"max-video-preview:-1"},"canonical":"https:\/\/aktuelles.uni-frankfurt.de\/en\/forschung\/davor-solter-und-azim-surani-werden-mit-dem-paul-ehrlich-und-ludwig-darmstaedter-preis-2026-ausgezeichnet\/","og_locale":"en_GB","og_type":"article","og_title":"Davor Solter und Azim Surani werden mit dem Paul Ehrlich- und Ludwig Darmstaedter-Preis 2026 ausgezeichnet | Aktuelles aus der Goethe-Universit\u00e4t Frankfurt","og_description":"Die Preistr\u00e4ger \u00f6ffneten mit der Entdeckung der genomischen Pr\u00e4gung das Tor zur Epigenetik Die Entwicklungsbiologen Davor Solter und Azim Surani erhalten den Paul Ehrlich- und Ludwig Darmstaedter-Preis 2026. Das gab [&hellip;]","og_url":"https:\/\/aktuelles.uni-frankfurt.de\/en\/forschung\/davor-solter-und-azim-surani-werden-mit-dem-paul-ehrlich-und-ludwig-darmstaedter-preis-2026-ausgezeichnet\/","og_site_name":"Aktuelles aus der Goethe-Universit\u00e4t Frankfurt","article_published_time":"2025-09-16T08:47:30+00:00","article_modified_time":"2025-09-16T08:54:50+00:00","og_image":[{"width":650,"height":450,"url":"https:\/\/aktuelles.uni-frankfurt.de\/wp-content\/uploads\/2025\/09\/beitragsbild_PELD2025_450x650px.jpg","type":"image\/jpeg"}],"author":"Dr. Markus Bernards","twitter_card":"summary_large_image","twitter_misc":{"Written by":"Dr. Markus Bernards","Estimated reading time":"6 minutes"},"schema":{"@context":"https:\/\/schema.org","@graph":[{"@type":"Article","@id":"https:\/\/aktuelles.uni-frankfurt.de\/forschung\/davor-solter-und-azim-surani-werden-mit-dem-paul-ehrlich-und-ludwig-darmstaedter-preis-2026-ausgezeichnet\/#article","isPartOf":{"@id":"https:\/\/aktuelles.uni-frankfurt.de\/forschung\/davor-solter-und-azim-surani-werden-mit-dem-paul-ehrlich-und-ludwig-darmstaedter-preis-2026-ausgezeichnet\/"},"author":{"name":"Dr. Markus Bernards","@id":"https:\/\/aktuelles.uni-frankfurt.de\/#\/schema\/person\/47afd8b2c02023a0f1eee09d035f73e8"},"headline":"Davor Solter und Azim Surani werden mit dem Paul Ehrlich- und Ludwig Darmstaedter-Preis 2026 ausgezeichnet","datePublished":"2025-09-16T08:47:30+00:00","dateModified":"2025-09-16T08:54:50+00:00","mainEntityOfPage":{"@id":"https:\/\/aktuelles.uni-frankfurt.de\/forschung\/davor-solter-und-azim-surani-werden-mit-dem-paul-ehrlich-und-ludwig-darmstaedter-preis-2026-ausgezeichnet\/"},"wordCount":1310,"publisher":{"@id":"https:\/\/aktuelles.uni-frankfurt.de\/#organization"},"image":{"@id":"https:\/\/aktuelles.uni-frankfurt.de\/forschung\/davor-solter-und-azim-surani-werden-mit-dem-paul-ehrlich-und-ludwig-darmstaedter-preis-2026-ausgezeichnet\/#primaryimage"},"thumbnailUrl":"https:\/\/aktuelles.uni-frankfurt.de\/wp-content\/uploads\/2025\/09\/beitragsbild_PELD2025_450x650px.jpg","keywords":["Preise","Preistr\u00e4ger"],"articleSection":["Forschung","Zticky"],"inLanguage":"en-GB"},{"@type":"WebPage","@id":"https:\/\/aktuelles.uni-frankfurt.de\/forschung\/davor-solter-und-azim-surani-werden-mit-dem-paul-ehrlich-und-ludwig-darmstaedter-preis-2026-ausgezeichnet\/","url":"https:\/\/aktuelles.uni-frankfurt.de\/forschung\/davor-solter-und-azim-surani-werden-mit-dem-paul-ehrlich-und-ludwig-darmstaedter-preis-2026-ausgezeichnet\/","name":"Davor Solter und Azim Surani werden mit dem Paul Ehrlich- und Ludwig Darmstaedter-Preis 2026 ausgezeichnet | Aktuelles aus der Goethe-Universit\u00e4t Frankfurt","isPartOf":{"@id":"https:\/\/aktuelles.uni-frankfurt.de\/#website"},"primaryImageOfPage":{"@id":"https:\/\/aktuelles.uni-frankfurt.de\/forschung\/davor-solter-und-azim-surani-werden-mit-dem-paul-ehrlich-und-ludwig-darmstaedter-preis-2026-ausgezeichnet\/#primaryimage"},"image":{"@id":"https:\/\/aktuelles.uni-frankfurt.de\/forschung\/davor-solter-und-azim-surani-werden-mit-dem-paul-ehrlich-und-ludwig-darmstaedter-preis-2026-ausgezeichnet\/#primaryimage"},"thumbnailUrl":"https:\/\/aktuelles.uni-frankfurt.de\/wp-content\/uploads\/2025\/09\/beitragsbild_PELD2025_450x650px.jpg","datePublished":"2025-09-16T08:47:30+00:00","dateModified":"2025-09-16T08:54:50+00:00","breadcrumb":{"@id":"https:\/\/aktuelles.uni-frankfurt.de\/forschung\/davor-solter-und-azim-surani-werden-mit-dem-paul-ehrlich-und-ludwig-darmstaedter-preis-2026-ausgezeichnet\/#breadcrumb"},"inLanguage":"en-GB","potentialAction":[{"@type":"ReadAction","target":["https:\/\/aktuelles.uni-frankfurt.de\/forschung\/davor-solter-und-azim-surani-werden-mit-dem-paul-ehrlich-und-ludwig-darmstaedter-preis-2026-ausgezeichnet\/"]}]},{"@type":"ImageObject","inLanguage":"en-GB","@id":"https:\/\/aktuelles.uni-frankfurt.de\/forschung\/davor-solter-und-azim-surani-werden-mit-dem-paul-ehrlich-und-ludwig-darmstaedter-preis-2026-ausgezeichnet\/#primaryimage","url":"https:\/\/aktuelles.uni-frankfurt.de\/wp-content\/uploads\/2025\/09\/beitragsbild_PELD2025_450x650px.jpg","contentUrl":"https:\/\/aktuelles.uni-frankfurt.de\/wp-content\/uploads\/2025\/09\/beitragsbild_PELD2025_450x650px.jpg","width":650,"height":450,"caption":"Bildquelle Solter: privat, Bildquelle Surani: Jacqueline Garget, University of Cambridge."},{"@type":"BreadcrumbList","@id":"https:\/\/aktuelles.uni-frankfurt.de\/forschung\/davor-solter-und-azim-surani-werden-mit-dem-paul-ehrlich-und-ludwig-darmstaedter-preis-2026-ausgezeichnet\/#breadcrumb","itemListElement":[{"@type":"ListItem","position":1,"name":"Startseite","item":"https:\/\/aktuelles.uni-frankfurt.de\/"},{"@type":"ListItem","position":2,"name":"Davor Solter und Azim Surani werden mit dem Paul Ehrlich- und Ludwig Darmstaedter-Preis 2026 ausgezeichnet"}]},{"@type":"WebSite","@id":"https:\/\/aktuelles.uni-frankfurt.de\/#website","url":"https:\/\/aktuelles.uni-frankfurt.de\/","name":"Aktuelles aus der Goethe-Universit\u00e4t Frankfurt","description":"Aktuelles aus der Goethe-Universit\u00e4t | Neues aus Forschung, Lehre, Studium","publisher":{"@id":"https:\/\/aktuelles.uni-frankfurt.de\/#organization"},"potentialAction":[{"@type":"SearchAction","target":{"@type":"EntryPoint","urlTemplate":"https:\/\/aktuelles.uni-frankfurt.de\/?s={search_term_string}"},"query-input":{"@type":"PropertyValueSpecification","valueRequired":true,"valueName":"search_term_string"}}],"inLanguage":"en-GB"},{"@type":"Organization","@id":"https:\/\/aktuelles.uni-frankfurt.de\/#organization","name":"Goethe University Frankfurt","url":"https:\/\/aktuelles.uni-frankfurt.de\/","logo":{"@type":"ImageObject","inLanguage":"en-GB","@id":"https:\/\/aktuelles.uni-frankfurt.de\/#\/schema\/logo\/image\/","url":"https:\/\/aktuelles.uni-frankfurt.de\/wp-content\/uploads\/2022\/03\/800px-Goethe-Logo.png","contentUrl":"https:\/\/aktuelles.uni-frankfurt.de\/wp-content\/uploads\/2022\/03\/800px-Goethe-Logo.png","width":800,"height":436,"caption":"Goethe-Universit\u00e4t"},"image":{"@id":"https:\/\/aktuelles.uni-frankfurt.de\/#\/schema\/logo\/image\/"}},{"@type":"Person","@id":"https:\/\/aktuelles.uni-frankfurt.de\/#\/schema\/person\/47afd8b2c02023a0f1eee09d035f73e8","name":"Dr. Markus Bernards","url":"https:\/\/aktuelles.uni-frankfurt.de\/en\/author\/markus-bernards\/"}]}},"_links":{"self":[{"href":"https:\/\/aktuelles.uni-frankfurt.de\/en\/wp-json\/wp\/v2\/posts\/85637","targetHints":{"allow":["GET"]}}],"collection":[{"href":"https:\/\/aktuelles.uni-frankfurt.de\/en\/wp-json\/wp\/v2\/posts"}],"about":[{"href":"https:\/\/aktuelles.uni-frankfurt.de\/en\/wp-json\/wp\/v2\/types\/post"}],"author":[{"embeddable":true,"href":"https:\/\/aktuelles.uni-frankfurt.de\/en\/wp-json\/wp\/v2\/users\/23"}],"replies":[{"embeddable":true,"href":"https:\/\/aktuelles.uni-frankfurt.de\/en\/wp-json\/wp\/v2\/comments?post=85637"}],"version-history":[{"count":0,"href":"https:\/\/aktuelles.uni-frankfurt.de\/en\/wp-json\/wp\/v2\/posts\/85637\/revisions"}],"wp:featuredmedia":[{"embeddable":true,"href":"https:\/\/aktuelles.uni-frankfurt.de\/en\/wp-json\/wp\/v2\/media\/85638"}],"wp:attachment":[{"href":"https:\/\/aktuelles.uni-frankfurt.de\/en\/wp-json\/wp\/v2\/media?parent=85637"}],"wp:term":[{"taxonomy":"category","embeddable":true,"href":"https:\/\/aktuelles.uni-frankfurt.de\/en\/wp-json\/wp\/v2\/categories?post=85637"},{"taxonomy":"post_tag","embeddable":true,"href":"https:\/\/aktuelles.uni-frankfurt.de\/en\/wp-json\/wp\/v2\/tags?post=85637"},{"taxonomy":"post_folder","embeddable":true,"href":"https:\/\/aktuelles.uni-frankfurt.de\/en\/wp-json\/wp\/v2\/post_folder?post=85637"}],"curies":[{"name":"wp","href":"https:\/\/api.w.org\/{rel}","templated":true}]}}