{"id":86397,"date":"2025-11-17T08:01:00","date_gmt":"2025-11-17T07:01:00","guid":{"rendered":"https:\/\/aktuelles.uni-frankfurt.de\/?p=86397"},"modified":"2025-11-14T16:31:37","modified_gmt":"2025-11-14T15:31:37","slug":"foerderpreise-der-wissenschaftlichen-gesellschaft","status":"publish","type":"post","link":"https:\/\/aktuelles.uni-frankfurt.de\/en\/forschung\/foerderpreise-der-wissenschaftlichen-gesellschaft\/","title":{"rendered":"F\u00f6rderpreise der Wissenschaftlichen Gesellschaft"},"content":{"rendered":"<p><strong>Die Neuroradiologin Dr. Katharina Wenger-Alakmeh und vier Promovierende wurden ausgezeichnet.<\/strong><\/p>\n\n\n\n<figure class=\"wp-block-image aligncenter size-full\"><img fetchpriority=\"high\" decoding=\"async\" width=\"650\" height=\"450\" src=\"https:\/\/aktuelles.uni-frankfurt.de\/wp-content\/uploads\/2025\/11\/Wissenschaftliche-Gesellschaft_650x450px.jpg\" alt=\"Verleihung des F\u00f6rderpreises der Wissenschaftlichen Gesellschaft an die Neuroradiologin Priv.-Doz. Dr. med. Wenger-Alakmeh durch den Pr\u00e4sidenten der Wissenschaftlichen Gesellschaft Prof. Herbert Zimmermann (links) und den Pr\u00e4sidenten der Goethe-Universit\u00e4t Prof. Dr. Enrico Schleiff (rechts).\" class=\"wp-image-86456\" srcset=\"https:\/\/aktuelles.uni-frankfurt.de\/wp-content\/uploads\/2025\/11\/Wissenschaftliche-Gesellschaft_650x450px.jpg 650w, https:\/\/aktuelles.uni-frankfurt.de\/wp-content\/uploads\/2025\/11\/Wissenschaftliche-Gesellschaft_650x450px-300x208.jpg 300w, https:\/\/aktuelles.uni-frankfurt.de\/wp-content\/uploads\/2025\/11\/Wissenschaftliche-Gesellschaft_650x450px-500x346.jpg 500w, https:\/\/aktuelles.uni-frankfurt.de\/wp-content\/uploads\/2025\/11\/Wissenschaftliche-Gesellschaft_650x450px-18x12.jpg 18w\" sizes=\"(max-width: 650px) 100vw, 650px\" \/><figcaption class=\"wp-element-caption\">Verleihung des F\u00f6rderpreises der Wissenschaftlichen Gesellschaft an die Neuroradiologin Priv.-Doz. Dr. med. Wenger-Alakmeh durch den Pr\u00e4sidenten der Wissenschaftlichen Gesellschaft Prof. Herbert Zimmermann (links) und den Pr\u00e4sidenten der Goethe-Universit\u00e4t Prof. Dr. Enrico Schleiff (rechts). (\u00a9 Wissenschaftlichen Gesellschaft)<\/figcaption><\/figure>\n\n\n\n<p>Anl\u00e4sslich der Festsitzung der Wissenschaftlichen Gesellschaft im Juli 2025 wurde der Neuroradiologin Priv.-Doz. Dr. med. Katharina Wenger-Alakmeh der mit 5000 Euro dotierte F\u00f6rderpreis der Wissenschaftlichen Gesellschaft an der Johann Wolfgang Goethe-Universit\u00e4t verliehen. Mit dem Preis zeichnet die Gesellschaft promovierte Frankfurter Wissenschaftlerinnen und Wissenschaftler aller Fachrichtungen aus, die eigenst\u00e4ndig fach\u00fcbergreifend arbeiten und sich bereits in besonderer Weise f\u00fcr eine weitere wissenschaftliche T\u00e4tigkeit qualifiziert haben. Katharina Wenger-Alakmeh befasst sich speziell mit der Entwicklung innovativer Methoden der Magnetresonanztomographie (MRT), mit deren Hilfe Stoffwechselprofile von Tumoren bestimmt werden k\u00f6nnen. Damit wird es m\u00f6glich, Hirntumore pr\u00e4ziser zu klassifizieren und insbesondere den Erfolg einer Therapie fr\u00fchzeitig zu erkennen. Dies erleichtert erheblich die zeitnahe Auswahl eventueller weiterer Therapieans\u00e4tze. Dr. Wenger-Alakmeh, Fach\u00e4rztin f\u00fcr Radiologie mit dem Schwerpunkt Neuroradiologie, leitet gegenw\u00e4rtig die Sektion \u201eTranslational Neuroimaging\u201c des Instituts f\u00fcr Neuroradiologie am \u201eCooperative Brain Imaging Center Frankfurt (CoBIC)\u201c. Der gro\u00dfe Erfolg ihrer bereits mehrfach ausgezeichneten Arbeiten beruht zum einen auf der engen interdisziplin\u00e4ren Zusammenarbeit mit den klinischen Kolleginnen und Kollegen aus Neuroonkologie, Neurochirurgie, Strahlentherapie und Neuropathologie und vor allem auch mit Physikern und Chemikern in Frankfurt und in Darmstadt sowie internationalen Kooperationen mit mehreren amerikanischen Universit\u00e4ten. Seit 2021 wird sie gef\u00f6rdert im Rahmen des Mildred-Scheel-Nachwuchszentrums in Fra nkfurt, einem Exzellenzprogramm zur wissenschaftlichen Nachwuchsf\u00f6rderung der Deutschen Krebshilfe. Dieses Exzellenzprogramm erm\u00f6glicht sog. Clinician Scientists die flexibel angepasste Einteilung wissenschaftlicher und klinischer T\u00e4tigkeit mit dem Aufbau einer eigenen Arbeitsgruppe in der translationalen Krebsforschung.<\/p>\n\n\n\n<p>Dar\u00fcber hinaus wurden vier Promovierende aus der Graduiertenakademie der Goethe-Universit\u00e4t (GRADE) f\u00fcr zwei Jahre zu Young Fellows ernannt und mit einer Urkunde und einem B\u00fcchergutschein ausgezeichnet. Die Biologin Leonie Birne promoviert am Institut f\u00fcr Rechtsmedizin im Bereich der forensischen DNA-Ph\u00e4notypisierung und -identifizierung zur genetischen Identifizierung von humanen \u00dcberresten. Lena Grieger, Institut f\u00fcr physische Geographie, besch\u00e4ftigt sich mit kleinb\u00e4uerlicher Agroforstwirtschaft, deren biokultureller Diversit\u00e4t sowie deren Potenzial als Klimawandelanpassungsstrategie in Togo und Benin. Madelaine Heck, Institut f\u00fcr Kunstp\u00e4dagogik, verfolgt in ihrer Dissertation die Frage, wie Methoden der zeitgen\u00f6ssischen Kunst die kunstp\u00e4dagogische Umweltbildung so beeinflussen k\u00f6nnen, dass die Beziehung zwischen Mensch und Natur gest\u00e4rkt wird. Schlie\u00dflich untersucht Florian Hubert vom Institut f\u00fcr Politikwissenschaften nach einem Doppelstudium der Politikwissenschaften und Rechtswissenschaften, wie gegenw\u00e4rtige Ordnungsvorstellungen in internationalen Organisationen die Handlungen von Staatenverb\u00fcnden in autonomen \u201eGrammatiken des Ordnens\u201c organisieren. Die Young Fellows werden zu den Sitzungen der Gesellschaft eingeladen, k\u00f6nnen sich von Mitgliedern der Gesellschaft zu wissenschaftlichen Fragen beraten lassen und diskutieren im Rahmen eines Panels mit Mitgliedern der Wissenschaftlichen Gesellschaft ein selbstbestimmtes \u00fcbergeordnetes Thema.<\/p>\n\n\n\n<p>Schirmherr des F\u00f6rderpreises der Wissenschaftlichen Gesellschaft ist der Pr\u00e4sident der Goethe-Universit\u00e4t Prof. Enrico Schleiff. In seinem Gru\u00dfwort hob er die Bedeutung der F\u00f6rderung hochqualifizierter Frankfurter Nachwuchswissenschaftlerinnen und -wissenschaftler durch die Wissenschaftliche Gesellschaft hervor und gratulierte allen Ausgezeichneten zu ihren herausragenden Erfolgen.<\/p>","protected":false},"excerpt":{"rendered":"<p>Die Neuroradiologin Dr. Katharina Wenger-Alakmeh und vier Promovierende wurden ausgezeichnet. Anl\u00e4sslich der Festsitzung der Wissenschaftlichen Gesellschaft im Juli 2025 wurde der Neuroradiologin Priv.-Doz. Dr. med. Katharina Wenger-Alakmeh der mit 5000 [&hellip;]<\/p>\n","protected":false},"author":8,"featured_media":86456,"comment_status":"closed","ping_status":"closed","sticky":false,"template":"","format":"standard","meta":{"_eb_attr":"","_price":"","_stock":"","_tribe_ticket_header":"","_tribe_default_ticket_provider":"","_ticket_start_date":"","_ticket_end_date":"","_tribe_ticket_show_description":"","_tribe_ticket_show_not_going":false,"_tribe_ticket_use_global_stock":"","_tribe_ticket_global_stock_level":"","_global_stock_mode":"","_global_stock_cap":"","_tribe_rsvp_for_event":"","_tribe_ticket_going_count":"","_tribe_ticket_not_going_count":"","_tribe_tickets_list":"[]","_tribe_ticket_has_attendee_info_fields":false,"footnotes":""},"categories":[3],"tags":[76,418],"post_folder":[],"class_list":["post-86397","post","type-post","status-publish","format-standard","has-post-thumbnail","hentry","category-forschung","tag-preise","tag-unireport-5-25"],"yoast_head":"<!-- This site is optimized with the Yoast SEO plugin v27.5 - https:\/\/yoast.com\/product\/yoast-seo-wordpress\/ -->\n<title>F\u00f6rderpreise der Wissenschaftlichen Gesellschaft | Aktuelles aus der Goethe-Universit\u00e4t Frankfurt<\/title>\n<meta name=\"robots\" content=\"index, follow, max-snippet:-1, max-image-preview:large, max-video-preview:-1\" \/>\n<link rel=\"canonical\" href=\"https:\/\/aktuelles.uni-frankfurt.de\/en\/forschung\/foerderpreise-der-wissenschaftlichen-gesellschaft\/\" \/>\n<meta property=\"og:locale\" content=\"en_GB\" \/>\n<meta property=\"og:type\" content=\"article\" \/>\n<meta property=\"og:title\" content=\"F\u00f6rderpreise der Wissenschaftlichen Gesellschaft | Aktuelles aus der Goethe-Universit\u00e4t Frankfurt\" \/>\n<meta property=\"og:description\" content=\"Die Neuroradiologin Dr. Katharina Wenger-Alakmeh und vier Promovierende wurden ausgezeichnet. Anl\u00e4sslich der Festsitzung der Wissenschaftlichen Gesellschaft im Juli 2025 wurde der Neuroradiologin Priv.-Doz. Dr. med. Katharina Wenger-Alakmeh der mit 5000 [&hellip;]\" \/>\n<meta property=\"og:url\" content=\"https:\/\/aktuelles.uni-frankfurt.de\/en\/forschung\/foerderpreise-der-wissenschaftlichen-gesellschaft\/\" \/>\n<meta property=\"og:site_name\" content=\"Aktuelles aus der Goethe-Universit\u00e4t Frankfurt\" \/>\n<meta property=\"article:published_time\" content=\"2025-11-17T07:01:00+00:00\" \/>\n<meta property=\"og:image\" content=\"https:\/\/aktuelles.uni-frankfurt.de\/wp-content\/uploads\/2025\/11\/Wissenschaftliche-Gesellschaft_650x450px.jpg\" \/>\n\t<meta property=\"og:image:width\" content=\"650\" \/>\n\t<meta property=\"og:image:height\" content=\"450\" \/>\n\t<meta property=\"og:image:type\" content=\"image\/jpeg\" \/>\n<meta name=\"author\" content=\"-\" \/>\n<meta name=\"twitter:card\" content=\"summary_large_image\" \/>\n<meta name=\"twitter:label1\" content=\"Written by\" \/>\n\t<meta name=\"twitter:data1\" content=\"-\" \/>\n\t<meta name=\"twitter:label2\" content=\"Estimated reading time\" \/>\n\t<meta name=\"twitter:data2\" content=\"3 minutes\" \/>\n<script type=\"application\/ld+json\" class=\"yoast-schema-graph\">{\"@context\":\"https:\\\/\\\/schema.org\",\"@graph\":[{\"@type\":\"Article\",\"@id\":\"https:\\\/\\\/aktuelles.uni-frankfurt.de\\\/forschung\\\/foerderpreise-der-wissenschaftlichen-gesellschaft\\\/#article\",\"isPartOf\":{\"@id\":\"https:\\\/\\\/aktuelles.uni-frankfurt.de\\\/forschung\\\/foerderpreise-der-wissenschaftlichen-gesellschaft\\\/\"},\"author\":{\"name\":\"-\",\"@id\":\"https:\\\/\\\/aktuelles.uni-frankfurt.de\\\/#\\\/schema\\\/person\\\/8e55ea338fb65d1ce87a91565d1f1739\"},\"headline\":\"F\u00f6rderpreise der Wissenschaftlichen Gesellschaft\",\"datePublished\":\"2025-11-17T07:01:00+00:00\",\"mainEntityOfPage\":{\"@id\":\"https:\\\/\\\/aktuelles.uni-frankfurt.de\\\/forschung\\\/foerderpreise-der-wissenschaftlichen-gesellschaft\\\/\"},\"wordCount\":541,\"publisher\":{\"@id\":\"https:\\\/\\\/aktuelles.uni-frankfurt.de\\\/#organization\"},\"image\":{\"@id\":\"https:\\\/\\\/aktuelles.uni-frankfurt.de\\\/forschung\\\/foerderpreise-der-wissenschaftlichen-gesellschaft\\\/#primaryimage\"},\"thumbnailUrl\":\"https:\\\/\\\/aktuelles.uni-frankfurt.de\\\/wp-content\\\/uploads\\\/2025\\\/11\\\/Wissenschaftliche-Gesellschaft_650x450px.jpg\",\"keywords\":[\"Preise\",\"UniReport 5.25\"],\"articleSection\":[\"Forschung\"],\"inLanguage\":\"en-GB\"},{\"@type\":\"WebPage\",\"@id\":\"https:\\\/\\\/aktuelles.uni-frankfurt.de\\\/forschung\\\/foerderpreise-der-wissenschaftlichen-gesellschaft\\\/\",\"url\":\"https:\\\/\\\/aktuelles.uni-frankfurt.de\\\/forschung\\\/foerderpreise-der-wissenschaftlichen-gesellschaft\\\/\",\"name\":\"F\u00f6rderpreise der Wissenschaftlichen Gesellschaft | Aktuelles aus der Goethe-Universit\u00e4t Frankfurt\",\"isPartOf\":{\"@id\":\"https:\\\/\\\/aktuelles.uni-frankfurt.de\\\/#website\"},\"primaryImageOfPage\":{\"@id\":\"https:\\\/\\\/aktuelles.uni-frankfurt.de\\\/forschung\\\/foerderpreise-der-wissenschaftlichen-gesellschaft\\\/#primaryimage\"},\"image\":{\"@id\":\"https:\\\/\\\/aktuelles.uni-frankfurt.de\\\/forschung\\\/foerderpreise-der-wissenschaftlichen-gesellschaft\\\/#primaryimage\"},\"thumbnailUrl\":\"https:\\\/\\\/aktuelles.uni-frankfurt.de\\\/wp-content\\\/uploads\\\/2025\\\/11\\\/Wissenschaftliche-Gesellschaft_650x450px.jpg\",\"datePublished\":\"2025-11-17T07:01:00+00:00\",\"breadcrumb\":{\"@id\":\"https:\\\/\\\/aktuelles.uni-frankfurt.de\\\/forschung\\\/foerderpreise-der-wissenschaftlichen-gesellschaft\\\/#breadcrumb\"},\"inLanguage\":\"en-GB\",\"potentialAction\":[{\"@type\":\"ReadAction\",\"target\":[\"https:\\\/\\\/aktuelles.uni-frankfurt.de\\\/forschung\\\/foerderpreise-der-wissenschaftlichen-gesellschaft\\\/\"]}]},{\"@type\":\"ImageObject\",\"inLanguage\":\"en-GB\",\"@id\":\"https:\\\/\\\/aktuelles.uni-frankfurt.de\\\/forschung\\\/foerderpreise-der-wissenschaftlichen-gesellschaft\\\/#primaryimage\",\"url\":\"https:\\\/\\\/aktuelles.uni-frankfurt.de\\\/wp-content\\\/uploads\\\/2025\\\/11\\\/Wissenschaftliche-Gesellschaft_650x450px.jpg\",\"contentUrl\":\"https:\\\/\\\/aktuelles.uni-frankfurt.de\\\/wp-content\\\/uploads\\\/2025\\\/11\\\/Wissenschaftliche-Gesellschaft_650x450px.jpg\",\"width\":650,\"height\":450,\"caption\":\"Verleihung des F\u00f6rderpreises der Wissenschaftlichen Gesellschaft an die Neuroradiologin Priv.-Doz. Dr. med. Wenger-Alakmeh durch den Pr\u00e4sidenten der Wissenschaftlichen Gesellschaft Prof. Herbert Zimmermann (links) und den Pr\u00e4sidenten der Goethe-Universit\u00e4t Prof. Dr. Enrico Schleiff (rechts).\"},{\"@type\":\"BreadcrumbList\",\"@id\":\"https:\\\/\\\/aktuelles.uni-frankfurt.de\\\/forschung\\\/foerderpreise-der-wissenschaftlichen-gesellschaft\\\/#breadcrumb\",\"itemListElement\":[{\"@type\":\"ListItem\",\"position\":1,\"name\":\"Startseite\",\"item\":\"https:\\\/\\\/aktuelles.uni-frankfurt.de\\\/\"},{\"@type\":\"ListItem\",\"position\":2,\"name\":\"F\u00f6rderpreise der Wissenschaftlichen Gesellschaft\"}]},{\"@type\":\"WebSite\",\"@id\":\"https:\\\/\\\/aktuelles.uni-frankfurt.de\\\/#website\",\"url\":\"https:\\\/\\\/aktuelles.uni-frankfurt.de\\\/\",\"name\":\"Aktuelles aus der Goethe-Universit\u00e4t Frankfurt\",\"description\":\"Aktuelles aus der Goethe-Universit\u00e4t | Neues aus Forschung, Lehre, Studium\",\"publisher\":{\"@id\":\"https:\\\/\\\/aktuelles.uni-frankfurt.de\\\/#organization\"},\"potentialAction\":[{\"@type\":\"SearchAction\",\"target\":{\"@type\":\"EntryPoint\",\"urlTemplate\":\"https:\\\/\\\/aktuelles.uni-frankfurt.de\\\/?s={search_term_string}\"},\"query-input\":{\"@type\":\"PropertyValueSpecification\",\"valueRequired\":true,\"valueName\":\"search_term_string\"}}],\"inLanguage\":\"en-GB\"},{\"@type\":\"Organization\",\"@id\":\"https:\\\/\\\/aktuelles.uni-frankfurt.de\\\/#organization\",\"name\":\"Goethe-Universit\u00e4t\",\"url\":\"https:\\\/\\\/aktuelles.uni-frankfurt.de\\\/\",\"logo\":{\"@type\":\"ImageObject\",\"inLanguage\":\"en-GB\",\"@id\":\"https:\\\/\\\/aktuelles.uni-frankfurt.de\\\/#\\\/schema\\\/logo\\\/image\\\/\",\"url\":\"https:\\\/\\\/aktuelles.uni-frankfurt.de\\\/wp-content\\\/uploads\\\/2022\\\/03\\\/800px-Goethe-Logo.png\",\"contentUrl\":\"https:\\\/\\\/aktuelles.uni-frankfurt.de\\\/wp-content\\\/uploads\\\/2022\\\/03\\\/800px-Goethe-Logo.png\",\"width\":800,\"height\":436,\"caption\":\"Goethe-Universit\u00e4t\"},\"image\":{\"@id\":\"https:\\\/\\\/aktuelles.uni-frankfurt.de\\\/#\\\/schema\\\/logo\\\/image\\\/\"}},{\"@type\":\"Person\",\"@id\":\"https:\\\/\\\/aktuelles.uni-frankfurt.de\\\/#\\\/schema\\\/person\\\/8e55ea338fb65d1ce87a91565d1f1739\",\"name\":\"-\",\"description\":\"Dieser Beitrag wurde von der Online-Redaktion ver\u00f6ffentlicht. Wenn der Beitrag von einem Gastautoren verfasst wurde, findet sich dieser Hinweis am Ende des jeweiligen Artikels.\",\"sameAs\":[\"http:\\\/\\\/aktuelles.uni-frankfurt.de\\\/autoren\"],\"url\":\"https:\\\/\\\/aktuelles.uni-frankfurt.de\\\/en\\\/author\\\/redaktion\\\/\"}]}<\/script>\n<!-- \/ Yoast SEO plugin. -->","yoast_head_json":{"title":"F\u00f6rderpreise der Wissenschaftlichen Gesellschaft | Aktuelles aus der Goethe-Universit\u00e4t Frankfurt","robots":{"index":"index","follow":"follow","max-snippet":"max-snippet:-1","max-image-preview":"max-image-preview:large","max-video-preview":"max-video-preview:-1"},"canonical":"https:\/\/aktuelles.uni-frankfurt.de\/en\/forschung\/foerderpreise-der-wissenschaftlichen-gesellschaft\/","og_locale":"en_GB","og_type":"article","og_title":"F\u00f6rderpreise der Wissenschaftlichen Gesellschaft | Aktuelles aus der Goethe-Universit\u00e4t Frankfurt","og_description":"Die Neuroradiologin Dr. Katharina Wenger-Alakmeh und vier Promovierende wurden ausgezeichnet. Anl\u00e4sslich der Festsitzung der Wissenschaftlichen Gesellschaft im Juli 2025 wurde der Neuroradiologin Priv.-Doz. Dr. med. Katharina Wenger-Alakmeh der mit 5000 [&hellip;]","og_url":"https:\/\/aktuelles.uni-frankfurt.de\/en\/forschung\/foerderpreise-der-wissenschaftlichen-gesellschaft\/","og_site_name":"Aktuelles aus der Goethe-Universit\u00e4t Frankfurt","article_published_time":"2025-11-17T07:01:00+00:00","og_image":[{"width":650,"height":450,"url":"https:\/\/aktuelles.uni-frankfurt.de\/wp-content\/uploads\/2025\/11\/Wissenschaftliche-Gesellschaft_650x450px.jpg","type":"image\/jpeg"}],"author":"-","twitter_card":"summary_large_image","twitter_misc":{"Written by":"-","Estimated reading time":"3 minutes"},"schema":{"@context":"https:\/\/schema.org","@graph":[{"@type":"Article","@id":"https:\/\/aktuelles.uni-frankfurt.de\/forschung\/foerderpreise-der-wissenschaftlichen-gesellschaft\/#article","isPartOf":{"@id":"https:\/\/aktuelles.uni-frankfurt.de\/forschung\/foerderpreise-der-wissenschaftlichen-gesellschaft\/"},"author":{"name":"-","@id":"https:\/\/aktuelles.uni-frankfurt.de\/#\/schema\/person\/8e55ea338fb65d1ce87a91565d1f1739"},"headline":"F\u00f6rderpreise der Wissenschaftlichen Gesellschaft","datePublished":"2025-11-17T07:01:00+00:00","mainEntityOfPage":{"@id":"https:\/\/aktuelles.uni-frankfurt.de\/forschung\/foerderpreise-der-wissenschaftlichen-gesellschaft\/"},"wordCount":541,"publisher":{"@id":"https:\/\/aktuelles.uni-frankfurt.de\/#organization"},"image":{"@id":"https:\/\/aktuelles.uni-frankfurt.de\/forschung\/foerderpreise-der-wissenschaftlichen-gesellschaft\/#primaryimage"},"thumbnailUrl":"https:\/\/aktuelles.uni-frankfurt.de\/wp-content\/uploads\/2025\/11\/Wissenschaftliche-Gesellschaft_650x450px.jpg","keywords":["Preise","UniReport 5.25"],"articleSection":["Forschung"],"inLanguage":"en-GB"},{"@type":"WebPage","@id":"https:\/\/aktuelles.uni-frankfurt.de\/forschung\/foerderpreise-der-wissenschaftlichen-gesellschaft\/","url":"https:\/\/aktuelles.uni-frankfurt.de\/forschung\/foerderpreise-der-wissenschaftlichen-gesellschaft\/","name":"F\u00f6rderpreise der Wissenschaftlichen Gesellschaft | Aktuelles aus der Goethe-Universit\u00e4t Frankfurt","isPartOf":{"@id":"https:\/\/aktuelles.uni-frankfurt.de\/#website"},"primaryImageOfPage":{"@id":"https:\/\/aktuelles.uni-frankfurt.de\/forschung\/foerderpreise-der-wissenschaftlichen-gesellschaft\/#primaryimage"},"image":{"@id":"https:\/\/aktuelles.uni-frankfurt.de\/forschung\/foerderpreise-der-wissenschaftlichen-gesellschaft\/#primaryimage"},"thumbnailUrl":"https:\/\/aktuelles.uni-frankfurt.de\/wp-content\/uploads\/2025\/11\/Wissenschaftliche-Gesellschaft_650x450px.jpg","datePublished":"2025-11-17T07:01:00+00:00","breadcrumb":{"@id":"https:\/\/aktuelles.uni-frankfurt.de\/forschung\/foerderpreise-der-wissenschaftlichen-gesellschaft\/#breadcrumb"},"inLanguage":"en-GB","potentialAction":[{"@type":"ReadAction","target":["https:\/\/aktuelles.uni-frankfurt.de\/forschung\/foerderpreise-der-wissenschaftlichen-gesellschaft\/"]}]},{"@type":"ImageObject","inLanguage":"en-GB","@id":"https:\/\/aktuelles.uni-frankfurt.de\/forschung\/foerderpreise-der-wissenschaftlichen-gesellschaft\/#primaryimage","url":"https:\/\/aktuelles.uni-frankfurt.de\/wp-content\/uploads\/2025\/11\/Wissenschaftliche-Gesellschaft_650x450px.jpg","contentUrl":"https:\/\/aktuelles.uni-frankfurt.de\/wp-content\/uploads\/2025\/11\/Wissenschaftliche-Gesellschaft_650x450px.jpg","width":650,"height":450,"caption":"Verleihung des F\u00f6rderpreises der Wissenschaftlichen Gesellschaft an die Neuroradiologin Priv.-Doz. Dr. med. Wenger-Alakmeh durch den Pr\u00e4sidenten der Wissenschaftlichen Gesellschaft Prof. Herbert Zimmermann (links) und den Pr\u00e4sidenten der Goethe-Universit\u00e4t Prof. Dr. Enrico Schleiff (rechts)."},{"@type":"BreadcrumbList","@id":"https:\/\/aktuelles.uni-frankfurt.de\/forschung\/foerderpreise-der-wissenschaftlichen-gesellschaft\/#breadcrumb","itemListElement":[{"@type":"ListItem","position":1,"name":"Startseite","item":"https:\/\/aktuelles.uni-frankfurt.de\/"},{"@type":"ListItem","position":2,"name":"F\u00f6rderpreise der Wissenschaftlichen Gesellschaft"}]},{"@type":"WebSite","@id":"https:\/\/aktuelles.uni-frankfurt.de\/#website","url":"https:\/\/aktuelles.uni-frankfurt.de\/","name":"Aktuelles aus der Goethe-Universit\u00e4t Frankfurt","description":"Aktuelles aus der Goethe-Universit\u00e4t | Neues aus Forschung, Lehre, Studium","publisher":{"@id":"https:\/\/aktuelles.uni-frankfurt.de\/#organization"},"potentialAction":[{"@type":"SearchAction","target":{"@type":"EntryPoint","urlTemplate":"https:\/\/aktuelles.uni-frankfurt.de\/?s={search_term_string}"},"query-input":{"@type":"PropertyValueSpecification","valueRequired":true,"valueName":"search_term_string"}}],"inLanguage":"en-GB"},{"@type":"Organization","@id":"https:\/\/aktuelles.uni-frankfurt.de\/#organization","name":"Goethe University Frankfurt","url":"https:\/\/aktuelles.uni-frankfurt.de\/","logo":{"@type":"ImageObject","inLanguage":"en-GB","@id":"https:\/\/aktuelles.uni-frankfurt.de\/#\/schema\/logo\/image\/","url":"https:\/\/aktuelles.uni-frankfurt.de\/wp-content\/uploads\/2022\/03\/800px-Goethe-Logo.png","contentUrl":"https:\/\/aktuelles.uni-frankfurt.de\/wp-content\/uploads\/2022\/03\/800px-Goethe-Logo.png","width":800,"height":436,"caption":"Goethe-Universit\u00e4t"},"image":{"@id":"https:\/\/aktuelles.uni-frankfurt.de\/#\/schema\/logo\/image\/"}},{"@type":"Person","@id":"https:\/\/aktuelles.uni-frankfurt.de\/#\/schema\/person\/8e55ea338fb65d1ce87a91565d1f1739","name":"-","description":"Dieser Beitrag wurde von der Online-Redaktion ver\u00f6ffentlicht. Wenn der Beitrag von einem Gastautoren verfasst wurde, findet sich dieser Hinweis am Ende des jeweiligen Artikels.","sameAs":["http:\/\/aktuelles.uni-frankfurt.de\/autoren"],"url":"https:\/\/aktuelles.uni-frankfurt.de\/en\/author\/redaktion\/"}]}},"_links":{"self":[{"href":"https:\/\/aktuelles.uni-frankfurt.de\/en\/wp-json\/wp\/v2\/posts\/86397","targetHints":{"allow":["GET"]}}],"collection":[{"href":"https:\/\/aktuelles.uni-frankfurt.de\/en\/wp-json\/wp\/v2\/posts"}],"about":[{"href":"https:\/\/aktuelles.uni-frankfurt.de\/en\/wp-json\/wp\/v2\/types\/post"}],"author":[{"embeddable":true,"href":"https:\/\/aktuelles.uni-frankfurt.de\/en\/wp-json\/wp\/v2\/users\/8"}],"replies":[{"embeddable":true,"href":"https:\/\/aktuelles.uni-frankfurt.de\/en\/wp-json\/wp\/v2\/comments?post=86397"}],"version-history":[{"count":0,"href":"https:\/\/aktuelles.uni-frankfurt.de\/en\/wp-json\/wp\/v2\/posts\/86397\/revisions"}],"wp:featuredmedia":[{"embeddable":true,"href":"https:\/\/aktuelles.uni-frankfurt.de\/en\/wp-json\/wp\/v2\/media\/86456"}],"wp:attachment":[{"href":"https:\/\/aktuelles.uni-frankfurt.de\/en\/wp-json\/wp\/v2\/media?parent=86397"}],"wp:term":[{"taxonomy":"category","embeddable":true,"href":"https:\/\/aktuelles.uni-frankfurt.de\/en\/wp-json\/wp\/v2\/categories?post=86397"},{"taxonomy":"post_tag","embeddable":true,"href":"https:\/\/aktuelles.uni-frankfurt.de\/en\/wp-json\/wp\/v2\/tags?post=86397"},{"taxonomy":"post_folder","embeddable":true,"href":"https:\/\/aktuelles.uni-frankfurt.de\/en\/wp-json\/wp\/v2\/post_folder?post=86397"}],"curies":[{"name":"wp","href":"https:\/\/api.w.org\/{rel}","templated":true}]}}