{"id":86410,"date":"2025-11-14T10:26:51","date_gmt":"2025-11-14T09:26:51","guid":{"rendered":"https:\/\/aktuelles.uni-frankfurt.de\/?p=86410"},"modified":"2025-11-14T18:58:37","modified_gmt":"2025-11-14T17:58:37","slug":"am-meisten-zitiert-sieben-forscherinnen-und-forscher-der-goethe-universitaet-an-der-weltspitze","status":"publish","type":"post","link":"https:\/\/aktuelles.uni-frankfurt.de\/en\/forschung\/am-meisten-zitiert-sieben-forscherinnen-und-forscher-der-goethe-universitaet-an-der-weltspitze\/","title":{"rendered":"Am meisten zitiert: Sieben Forscherinnen und Forscher der Goethe-Universit\u00e4t an der Weltspitze"},"content":{"rendered":"<p><em>Weltweite Auswertung \u2013 Ranking umfasst das eine Prozent der Wissenschaftler*innen, die am h\u00e4ufigsten in Zeitschriften zitiert werden<\/em>.<\/p>\n\n\n\n<figure class=\"wp-block-image aligncenter size-full\"><img fetchpriority=\"high\" decoding=\"async\" width=\"650\" height=\"450\" src=\"https:\/\/aktuelles.uni-frankfurt.de\/wp-content\/uploads\/2025\/11\/Kollage_HighlyCitedResearchers2025.jpg\" alt=\"\" class=\"wp-image-86411\" srcset=\"https:\/\/aktuelles.uni-frankfurt.de\/wp-content\/uploads\/2025\/11\/Kollage_HighlyCitedResearchers2025.jpg 650w, https:\/\/aktuelles.uni-frankfurt.de\/wp-content\/uploads\/2025\/11\/Kollage_HighlyCitedResearchers2025-300x208.jpg 300w, https:\/\/aktuelles.uni-frankfurt.de\/wp-content\/uploads\/2025\/11\/Kollage_HighlyCitedResearchers2025-500x346.jpg 500w, https:\/\/aktuelles.uni-frankfurt.de\/wp-content\/uploads\/2025\/11\/Kollage_HighlyCitedResearchers2025-18x12.jpg 18w\" sizes=\"(max-width: 650px) 100vw, 650px\" \/><figcaption class=\"wp-element-caption\">Prof. Dr. Florian B\u00fcttner, \u00a9 privat; Prof. Dr. Ivan \u0110iki\u0107, \u00a9 Uwe Dettmar f\u00fcr Goethe-Universit\u00e4t; Prof. Dr. Florian Greten, \u00a9 Uwe Dettmar f\u00fcr Goethe-Universit\u00e4t; Prof. Dr. Gerhard Hummer, \u00a9 Shau Chun Shin f\u00fcr Max-Planck-Institut f\u00fcr Biophysik; Prof. Dr. Sibylle Loibl, \u00a9 Joppen f\u00fcr GBG Forschungs GmbH; Prof. Dr. Stefan Offermanns, \u00a9 privat; Prof. Dr. Klement Tockner, \u00a9 Sven Tr\u00e4nkner f\u00fcr Senckenberg<\/figcaption><\/figure>\n\n\n\n<p><strong>Von den 6900 am meisten zitierten Wissenschaftlerinnen und Wissenschaftlern der Welt forschen sieben an der Goethe-Universit\u00e4t Frankfurt. Dies geht aus dem aktuellen Zitationsranking des \u201eWeb of Science\u201c des Unternehmens Clarivate Analytics hervor. Es wertet daf\u00fcr j\u00e4hrlich Zeitschriftenbeitr\u00e4ge haupts\u00e4chlich aus den Natur- und Ingenieurwissenschaften sowie der Medizin aus.<\/strong><\/p>\n\n\n\n<p>Meist sind es besonders grundlegende wissenschaftliche Erkenntnisse, die dazu f\u00fchren, dass ein Beitrag von anderen Wissenschaftler*innen h\u00e4ufig zitiert wird. Diese Zitationsh\u00e4ufigkeit ist daher ein Indikator f\u00fcr die wissenschaftliche Bedeutsamkeit der publizierten Artikel wie auch die Sichtbarkeit der wissenschaftlichen Autorinnen in der \u201eScientific Community\u201c.<\/p>\n\n\n\n<p>Einmal j\u00e4hrlich wertet das Informations- und Technologieunternehmen Clarivate Analytics seine \u201eWeb of Science\u201c-Zitationsdatenbank aus und ver\u00f6ffentlicht das Ranking \u201eHighly Cited Researchers\u201c. Das aktuelle Ranking umfasst 6868 Wissenschaftler*innen ohne Reihenfolge, die zu dem einen Prozent geh\u00f6rten, deren wissenschaftliche Aufs\u00e4tze in den Natur- und Ingenieurwissenschaften, der Medizin sowie in den Kategorien \u201eEconomics and Business\u201c und \u201eSocial Sciences\u201c von 2014 bis 2024 am h\u00e4ufigsten zitiert wurden, und zwar in innerhalb ihrer eigenen Kategorie oder in verschiedenen F\u00e4chern (\u201eCross-Field\u201c). Das Ranking ber\u00fccksichtigt nur Zeitschriften- und keine Buchbeitr\u00e4ge. Auch zum Beispiel Aufs\u00e4tze mit mehr als 30 Autor*innen oder sogenannte Gruppenautorenschaften bei gro\u00dfen internationalen Forschungskonsortien flie\u00dfen nicht in die Untersuchung ein.<\/p>\n\n\n\n<div style=\"height:20px\" aria-hidden=\"true\" class=\"wp-block-spacer\"><\/div>\n\n\n\n<h3 class=\"wp-block-heading\">Die \u201eHighly Cited\u201c Goethe-Forscherinnen und -Forscher von 2025:<\/h3>\n\n\n\n<figure class=\"wp-block-image alignleft size-full is-resized\"><img decoding=\"async\" width=\"650\" height=\"650\" src=\"https:\/\/aktuelles.uni-frankfurt.de\/wp-content\/uploads\/2025\/11\/buettner-florian-highly-cited.jpg\" alt=\"\" class=\"wp-image-86412\" style=\"width:160px\" srcset=\"https:\/\/aktuelles.uni-frankfurt.de\/wp-content\/uploads\/2025\/11\/buettner-florian-highly-cited.jpg 650w, https:\/\/aktuelles.uni-frankfurt.de\/wp-content\/uploads\/2025\/11\/buettner-florian-highly-cited-300x300.jpg 300w, https:\/\/aktuelles.uni-frankfurt.de\/wp-content\/uploads\/2025\/11\/buettner-florian-highly-cited-500x500.jpg 500w, https:\/\/aktuelles.uni-frankfurt.de\/wp-content\/uploads\/2025\/11\/buettner-florian-highly-cited-150x150.jpg 150w, https:\/\/aktuelles.uni-frankfurt.de\/wp-content\/uploads\/2025\/11\/buettner-florian-highly-cited-12x12.jpg 12w\" sizes=\"(max-width: 650px) 100vw, 650px\" \/><figcaption class=\"wp-element-caption\">\u00a9 privat<\/figcaption><\/figure>\n\n\n\n<p><strong>Prof. Dr. Florian B\u00fcttner<\/strong> \/ DKTK-Professor f\u00fcr \u201eBioinformatics in Oncology\u201c an der Goethe-Universit\u00e4t \/ Deutsches Konsortium f\u00fcr Translationale Krebsforschung (DKTK) \/ Deutsches Krebsforschungzentrum (DKFZ) \/ <a href=\"https:\/\/mlo-lab.github.io\/\" target=\"_blank\" rel=\"noreferrer noopener\">Machine Learning in Oncology<\/a> in der Kategorie \u201eCross-Field\u201c<\/p>\n\n\n\n<div style=\"height:10px\" aria-hidden=\"true\" class=\"wp-block-spacer\"><\/div>\n\n\n\n<figure class=\"wp-block-image alignright size-full is-resized is-style-default\"><img decoding=\"async\" width=\"650\" height=\"650\" src=\"https:\/\/aktuelles.uni-frankfurt.de\/wp-content\/uploads\/2022\/11\/Bild_Dikic_650x650.jpg\" alt=\"\" class=\"wp-image-65965\" style=\"width:160px\" srcset=\"https:\/\/aktuelles.uni-frankfurt.de\/wp-content\/uploads\/2022\/11\/Bild_Dikic_650x650.jpg 650w, https:\/\/aktuelles.uni-frankfurt.de\/wp-content\/uploads\/2022\/11\/Bild_Dikic_650x650-300x300.jpg 300w, https:\/\/aktuelles.uni-frankfurt.de\/wp-content\/uploads\/2022\/11\/Bild_Dikic_650x650-150x150.jpg 150w, https:\/\/aktuelles.uni-frankfurt.de\/wp-content\/uploads\/2022\/11\/Bild_Dikic_650x650-12x12.jpg 12w\" sizes=\"(max-width: 650px) 100vw, 650px\" \/><figcaption class=\"wp-element-caption\">\u00a9 Uwe Dettmar<\/figcaption><\/figure>\n\n\n\n<p><strong>Prof. Dr. Ivan \u0110iki\u0107<\/strong> \/ Direktor des <a href=\"https:\/\/biochem2.com\/management\" target=\"_blank\" rel=\"noreferrer noopener\">Instituts f\u00fcr Biochemie II (Molekulare Zellbiochemie)<\/a> der Goethe-Universit\u00e4t in den Kategorien \u201eBiology and Biochemistry\u201c und \u201eMolecular Biology and Genetics\u201c.<\/p>\n\n\n\n<div style=\"height:10px\" aria-hidden=\"true\" class=\"wp-block-spacer\"><\/div>\n\n\n\n<figure class=\"wp-block-image alignleft size-full is-resized\"><img loading=\"lazy\" decoding=\"async\" width=\"650\" height=\"650\" src=\"https:\/\/aktuelles.uni-frankfurt.de\/wp-content\/uploads\/2023\/11\/beitrag_Greten_Florian_2023_c_UweDettmar.jpg\" alt=\"\" class=\"wp-image-77627\" style=\"width:160px\" srcset=\"https:\/\/aktuelles.uni-frankfurt.de\/wp-content\/uploads\/2023\/11\/beitrag_Greten_Florian_2023_c_UweDettmar.jpg 650w, https:\/\/aktuelles.uni-frankfurt.de\/wp-content\/uploads\/2023\/11\/beitrag_Greten_Florian_2023_c_UweDettmar-300x300.webp 300w, https:\/\/aktuelles.uni-frankfurt.de\/wp-content\/uploads\/2023\/11\/beitrag_Greten_Florian_2023_c_UweDettmar-150x150.webp 150w, https:\/\/aktuelles.uni-frankfurt.de\/wp-content\/uploads\/2023\/11\/beitrag_Greten_Florian_2023_c_UweDettmar-12x12.webp 12w\" sizes=\"(max-width: 650px) 100vw, 650px\" \/><figcaption class=\"wp-element-caption\">\u00a9 Uwe Dettmar<\/figcaption><\/figure>\n\n\n\n<p><strong>Prof. Dr. Florian Greten<\/strong> \/ Direktor des <a href=\"https:\/\/georg-speyer-haus.de\/\" target=\"_blank\" rel=\"noreferrer noopener\">Georg-Speyer Hauses<\/a> \u2013 Institut f\u00fcr Tumorbiologie und experimentelle Therapie \/ Professor f\u00fcr Tumorbiologie an der Goethe-Universit\u00e4t \/ Sprecher des LOEWE-Zentrums <a href=\"https:\/\/fci.health\/\" target=\"_blank\" rel=\"noreferrer noopener\">Frankfurt Cancer Institute<\/a> in der Kategorie \u201eCross Field\u201c<\/p>\n\n\n\n<div style=\"height:10px\" aria-hidden=\"true\" class=\"wp-block-spacer\"><\/div>\n\n\n\n<figure class=\"wp-block-image alignright size-full is-resized\"><img loading=\"lazy\" decoding=\"async\" width=\"650\" height=\"650\" src=\"https:\/\/aktuelles.uni-frankfurt.de\/wp-content\/uploads\/2023\/11\/beitrag_Hummer_Gerhard_c_MPI_f_Herz_u_Lungenforschung-jpg.webp\" alt=\"\" class=\"wp-image-77625\" style=\"width:160px\" srcset=\"https:\/\/aktuelles.uni-frankfurt.de\/wp-content\/uploads\/2023\/11\/beitrag_Hummer_Gerhard_c_MPI_f_Herz_u_Lungenforschung-jpg.webp 650w, https:\/\/aktuelles.uni-frankfurt.de\/wp-content\/uploads\/2023\/11\/beitrag_Hummer_Gerhard_c_MPI_f_Herz_u_Lungenforschung-300x300.webp 300w, https:\/\/aktuelles.uni-frankfurt.de\/wp-content\/uploads\/2023\/11\/beitrag_Hummer_Gerhard_c_MPI_f_Herz_u_Lungenforschung-150x150.webp 150w, https:\/\/aktuelles.uni-frankfurt.de\/wp-content\/uploads\/2023\/11\/beitrag_Hummer_Gerhard_c_MPI_f_Herz_u_Lungenforschung-12x12.webp 12w\" sizes=\"(max-width: 650px) 100vw, 650px\" \/><figcaption class=\"wp-element-caption\">\u00a9 Shau Chun Shin f\u00fcr Max-Planck-Institut f\u00fcr Biophysik<\/figcaption><\/figure>\n\n\n\n<p><strong>Prof. Dr. Gerhard Hummer <\/strong>\/ Direktor am <a href=\"https:\/\/www.biophys.mpg.de\/theoretical-biophysics\" target=\"_blank\" rel=\"noreferrer noopener\">Max-Planck-Institut f\u00fcr Biophysik<\/a> \/ Professor am Institut f\u00fcr Biophysik der Goethe-Universit\u00e4t Frankfurt in der Kategorie \u201eCross Field\u201c<\/p>\n\n\n\n<div style=\"height:10px\" aria-hidden=\"true\" class=\"wp-block-spacer\"><\/div>\n\n\n\n<figure class=\"wp-block-image alignleft size-full is-resized\"><img loading=\"lazy\" decoding=\"async\" width=\"650\" height=\"650\" src=\"https:\/\/aktuelles.uni-frankfurt.de\/wp-content\/uploads\/2022\/11\/Bild_Loibl_650x650.jpg\" alt=\"\" class=\"wp-image-65969\" style=\"width:160px;height:auto\" srcset=\"https:\/\/aktuelles.uni-frankfurt.de\/wp-content\/uploads\/2022\/11\/Bild_Loibl_650x650.jpg 650w, https:\/\/aktuelles.uni-frankfurt.de\/wp-content\/uploads\/2022\/11\/Bild_Loibl_650x650-300x300.jpg 300w, https:\/\/aktuelles.uni-frankfurt.de\/wp-content\/uploads\/2022\/11\/Bild_Loibl_650x650-150x150.jpg 150w, https:\/\/aktuelles.uni-frankfurt.de\/wp-content\/uploads\/2022\/11\/Bild_Loibl_650x650-12x12.jpg 12w\" sizes=\"(max-width: 650px) 100vw, 650px\" \/><figcaption class=\"wp-element-caption\">\u00a9 Joppen f\u00fcr GBG Forschungs GmbH<\/figcaption><\/figure>\n\n\n\n<p><strong>Prof. Dr. Sibylle Loibl<\/strong> \/ Fachbereich Medizin der Goethe-Universit\u00e4t \/ <a href=\"https:\/\/www.gbg.de\/ueber-uns\/team\" target=\"_blank\" rel=\"noreferrer noopener\">German Breast Group Forschungs GmbH<\/a>, Neu-Isenburg in der Kategorie \u201eClinical Medicine\u201c<\/p>\n\n\n\n<div style=\"height:10px\" aria-hidden=\"true\" class=\"wp-block-spacer\"><\/div>\n\n\n\n<figure class=\"wp-block-image alignright size-full is-resized\"><img loading=\"lazy\" decoding=\"async\" width=\"650\" height=\"650\" src=\"https:\/\/aktuelles.uni-frankfurt.de\/wp-content\/uploads\/2023\/11\/beitrag_Photo-S.-Offermanns_2017.jpg\" alt=\"\" class=\"wp-image-77766\" style=\"width:160px;height:auto\" srcset=\"https:\/\/aktuelles.uni-frankfurt.de\/wp-content\/uploads\/2023\/11\/beitrag_Photo-S.-Offermanns_2017.jpg 650w, https:\/\/aktuelles.uni-frankfurt.de\/wp-content\/uploads\/2023\/11\/beitrag_Photo-S.-Offermanns_2017-300x300.webp 300w, https:\/\/aktuelles.uni-frankfurt.de\/wp-content\/uploads\/2023\/11\/beitrag_Photo-S.-Offermanns_2017-150x150.webp 150w, https:\/\/aktuelles.uni-frankfurt.de\/wp-content\/uploads\/2023\/11\/beitrag_Photo-S.-Offermanns_2017-12x12.webp 12w\" sizes=\"(max-width: 650px) 100vw, 650px\" \/><figcaption class=\"wp-element-caption\">\u00a9 privat<\/figcaption><\/figure>\n\n\n\n<p><strong>Prof. Dr. Stefan Offermanns<\/strong> \/ <a href=\"https:\/\/www.mpg.de\/457037\/herz-lungenforschung-offermanns\" target=\"_blank\" rel=\"noreferrer noopener\">Direktor am Max-Planck-Institut f\u00fcr Herz- und Lungenforschung, Bad Nauheim<\/a> \/ Professur f\u00fcr Pharmakologie am Zentrum f\u00fcr Molekulare Medizin der Goethe-Universit\u00e4t Frankfurt in der Kategorie \u201eCross Field\u201c<\/p>\n\n\n\n<div style=\"height:10px\" aria-hidden=\"true\" class=\"wp-block-spacer\"><\/div>\n\n\n\n<figure class=\"wp-block-image alignleft size-full is-resized\"><img loading=\"lazy\" decoding=\"async\" width=\"650\" height=\"650\" src=\"https:\/\/aktuelles.uni-frankfurt.de\/wp-content\/uploads\/2025\/11\/tockner-klement-highly-cited.jpg\" alt=\"\" class=\"wp-image-86414\" style=\"width:160px\" srcset=\"https:\/\/aktuelles.uni-frankfurt.de\/wp-content\/uploads\/2025\/11\/tockner-klement-highly-cited.jpg 650w, https:\/\/aktuelles.uni-frankfurt.de\/wp-content\/uploads\/2025\/11\/tockner-klement-highly-cited-300x300.jpg 300w, https:\/\/aktuelles.uni-frankfurt.de\/wp-content\/uploads\/2025\/11\/tockner-klement-highly-cited-500x500.jpg 500w, https:\/\/aktuelles.uni-frankfurt.de\/wp-content\/uploads\/2025\/11\/tockner-klement-highly-cited-150x150.jpg 150w, https:\/\/aktuelles.uni-frankfurt.de\/wp-content\/uploads\/2025\/11\/tockner-klement-highly-cited-12x12.jpg 12w\" sizes=\"(max-width: 650px) 100vw, 650px\" \/><figcaption class=\"wp-element-caption\">\u00a9 Sven Tr\u00e4nkner f\u00fcr Senckenberg<\/figcaption><\/figure>\n\n\n\n<p><strong>Prof. Dr. Klement Tockner<\/strong> \/ Generaldirektor der <a href=\"https:\/\/www.senckenberg.de\/de\/ueber-uns\/organisation\/generaldirektor\/\" target=\"_blank\" rel=\"noreferrer noopener\">Senckenberg Gesellschaft f\u00fcr Naturforschung<\/a> \/ Professor f\u00fcr \u00d6kosystemwissenschaften an der Goethe-Universit\u00e4t Frankfurt \/ in der Kategorie \u201eCross Field\u201c<\/p>\n\n\n\n<div style=\"height:10px\" aria-hidden=\"true\" class=\"wp-block-spacer\"><\/div>\n\n\n\n<p class=\"has-background\" style=\"background-color:#eeeeee\">Weitere Informationen: <a href=\"https:\/\/clarivate.com\/highly-cited-researchers\/\" target=\"_blank\" rel=\"noreferrer noopener\">https:\/\/clarivate.com\/highly-cited-researchers\/<\/a><\/p>","protected":false},"excerpt":{"rendered":"<p>Weltweite Auswertung \u2013 Ranking umfasst das eine Prozent der Wissenschaftler*innen, die am h\u00e4ufigsten in Zeitschriften zitiert werden. Von den 6900 am meisten zitierten Wissenschaftlerinnen und Wissenschaftlern der Welt forschen sieben [&hellip;]<\/p>\n","protected":false},"author":23,"featured_media":86411,"comment_status":"closed","ping_status":"closed","sticky":false,"template":"","format":"standard","meta":{"_eb_attr":"","_price":"","_stock":"","_tribe_ticket_header":"","_tribe_default_ticket_provider":"","_ticket_start_date":"","_ticket_end_date":"","_tribe_ticket_show_description":"","_tribe_ticket_show_not_going":false,"_tribe_ticket_use_global_stock":"","_tribe_ticket_global_stock_level":"","_global_stock_mode":"","_global_stock_cap":"","_tribe_rsvp_for_event":"","_tribe_ticket_going_count":"","_tribe_ticket_not_going_count":"","_tribe_tickets_list":"[]","_tribe_ticket_has_attendee_info_fields":false,"footnotes":""},"categories":[3,139],"tags":[47,35,49,23],"post_folder":[],"class_list":["post-86410","post","type-post","status-publish","format-standard","has-post-thumbnail","hentry","category-forschung","category-instagram","tag-biochemie","tag-biowissenschaften","tag-medizin","tag-physik"],"yoast_head":"<!-- This site is optimized with the Yoast SEO plugin v27.5 - https:\/\/yoast.com\/product\/yoast-seo-wordpress\/ -->\n<title>Am meisten zitiert: Sieben Forscherinnen und Forscher der Goethe-Universit\u00e4t an der Weltspitze | Aktuelles aus der Goethe-Universit\u00e4t Frankfurt<\/title>\n<meta name=\"robots\" content=\"index, follow, max-snippet:-1, max-image-preview:large, max-video-preview:-1\" \/>\n<link rel=\"canonical\" href=\"https:\/\/aktuelles.uni-frankfurt.de\/en\/forschung\/am-meisten-zitiert-sieben-forscherinnen-und-forscher-der-goethe-universitaet-an-der-weltspitze\/\" \/>\n<meta property=\"og:locale\" content=\"en_GB\" \/>\n<meta property=\"og:type\" content=\"article\" \/>\n<meta property=\"og:title\" content=\"Am meisten zitiert: Sieben Forscherinnen und Forscher der Goethe-Universit\u00e4t an der Weltspitze | Aktuelles aus der Goethe-Universit\u00e4t Frankfurt\" \/>\n<meta property=\"og:description\" content=\"Weltweite Auswertung \u2013 Ranking umfasst das eine Prozent der Wissenschaftler*innen, die am h\u00e4ufigsten in Zeitschriften zitiert werden. Von den 6900 am meisten zitierten Wissenschaftlerinnen und Wissenschaftlern der Welt forschen sieben [&hellip;]\" \/>\n<meta property=\"og:url\" content=\"https:\/\/aktuelles.uni-frankfurt.de\/en\/forschung\/am-meisten-zitiert-sieben-forscherinnen-und-forscher-der-goethe-universitaet-an-der-weltspitze\/\" \/>\n<meta property=\"og:site_name\" content=\"Aktuelles aus der Goethe-Universit\u00e4t Frankfurt\" \/>\n<meta property=\"article:published_time\" content=\"2025-11-14T09:26:51+00:00\" \/>\n<meta property=\"article:modified_time\" content=\"2025-11-14T17:58:37+00:00\" \/>\n<meta property=\"og:image\" content=\"https:\/\/aktuelles.uni-frankfurt.de\/wp-content\/uploads\/2025\/11\/Kollage_HighlyCitedResearchers2025.jpg\" \/>\n\t<meta property=\"og:image:width\" content=\"650\" \/>\n\t<meta property=\"og:image:height\" content=\"450\" \/>\n\t<meta property=\"og:image:type\" content=\"image\/jpeg\" \/>\n<meta name=\"author\" content=\"Dr. Markus Bernards\" \/>\n<meta name=\"twitter:card\" content=\"summary_large_image\" \/>\n<meta name=\"twitter:label1\" content=\"Written by\" \/>\n\t<meta name=\"twitter:data1\" content=\"Dr. Markus Bernards\" \/>\n\t<meta name=\"twitter:label2\" content=\"Estimated reading time\" \/>\n\t<meta name=\"twitter:data2\" content=\"3 minutes\" \/>\n<script type=\"application\/ld+json\" class=\"yoast-schema-graph\">{\"@context\":\"https:\\\/\\\/schema.org\",\"@graph\":[{\"@type\":\"Article\",\"@id\":\"https:\\\/\\\/aktuelles.uni-frankfurt.de\\\/forschung\\\/am-meisten-zitiert-sieben-forscherinnen-und-forscher-der-goethe-universitaet-an-der-weltspitze\\\/#article\",\"isPartOf\":{\"@id\":\"https:\\\/\\\/aktuelles.uni-frankfurt.de\\\/forschung\\\/am-meisten-zitiert-sieben-forscherinnen-und-forscher-der-goethe-universitaet-an-der-weltspitze\\\/\"},\"author\":{\"name\":\"Dr. Markus Bernards\",\"@id\":\"https:\\\/\\\/aktuelles.uni-frankfurt.de\\\/#\\\/schema\\\/person\\\/47afd8b2c02023a0f1eee09d035f73e8\"},\"headline\":\"Am meisten zitiert: Sieben Forscherinnen und Forscher der Goethe-Universit\u00e4t an der Weltspitze\",\"datePublished\":\"2025-11-14T09:26:51+00:00\",\"dateModified\":\"2025-11-14T17:58:37+00:00\",\"mainEntityOfPage\":{\"@id\":\"https:\\\/\\\/aktuelles.uni-frankfurt.de\\\/forschung\\\/am-meisten-zitiert-sieben-forscherinnen-und-forscher-der-goethe-universitaet-an-der-weltspitze\\\/\"},\"wordCount\":546,\"publisher\":{\"@id\":\"https:\\\/\\\/aktuelles.uni-frankfurt.de\\\/#organization\"},\"image\":{\"@id\":\"https:\\\/\\\/aktuelles.uni-frankfurt.de\\\/forschung\\\/am-meisten-zitiert-sieben-forscherinnen-und-forscher-der-goethe-universitaet-an-der-weltspitze\\\/#primaryimage\"},\"thumbnailUrl\":\"https:\\\/\\\/aktuelles.uni-frankfurt.de\\\/wp-content\\\/uploads\\\/2025\\\/11\\\/Kollage_HighlyCitedResearchers2025.jpg\",\"keywords\":[\"Biochemie\",\"Biowissenschaften\",\"Medizin\",\"Physik\"],\"articleSection\":[\"Forschung\",\"Instagram\"],\"inLanguage\":\"en-GB\"},{\"@type\":\"WebPage\",\"@id\":\"https:\\\/\\\/aktuelles.uni-frankfurt.de\\\/forschung\\\/am-meisten-zitiert-sieben-forscherinnen-und-forscher-der-goethe-universitaet-an-der-weltspitze\\\/\",\"url\":\"https:\\\/\\\/aktuelles.uni-frankfurt.de\\\/forschung\\\/am-meisten-zitiert-sieben-forscherinnen-und-forscher-der-goethe-universitaet-an-der-weltspitze\\\/\",\"name\":\"Am meisten zitiert: Sieben Forscherinnen und Forscher der Goethe-Universit\u00e4t an der Weltspitze | Aktuelles aus der Goethe-Universit\u00e4t Frankfurt\",\"isPartOf\":{\"@id\":\"https:\\\/\\\/aktuelles.uni-frankfurt.de\\\/#website\"},\"primaryImageOfPage\":{\"@id\":\"https:\\\/\\\/aktuelles.uni-frankfurt.de\\\/forschung\\\/am-meisten-zitiert-sieben-forscherinnen-und-forscher-der-goethe-universitaet-an-der-weltspitze\\\/#primaryimage\"},\"image\":{\"@id\":\"https:\\\/\\\/aktuelles.uni-frankfurt.de\\\/forschung\\\/am-meisten-zitiert-sieben-forscherinnen-und-forscher-der-goethe-universitaet-an-der-weltspitze\\\/#primaryimage\"},\"thumbnailUrl\":\"https:\\\/\\\/aktuelles.uni-frankfurt.de\\\/wp-content\\\/uploads\\\/2025\\\/11\\\/Kollage_HighlyCitedResearchers2025.jpg\",\"datePublished\":\"2025-11-14T09:26:51+00:00\",\"dateModified\":\"2025-11-14T17:58:37+00:00\",\"breadcrumb\":{\"@id\":\"https:\\\/\\\/aktuelles.uni-frankfurt.de\\\/forschung\\\/am-meisten-zitiert-sieben-forscherinnen-und-forscher-der-goethe-universitaet-an-der-weltspitze\\\/#breadcrumb\"},\"inLanguage\":\"en-GB\",\"potentialAction\":[{\"@type\":\"ReadAction\",\"target\":[\"https:\\\/\\\/aktuelles.uni-frankfurt.de\\\/forschung\\\/am-meisten-zitiert-sieben-forscherinnen-und-forscher-der-goethe-universitaet-an-der-weltspitze\\\/\"]}]},{\"@type\":\"ImageObject\",\"inLanguage\":\"en-GB\",\"@id\":\"https:\\\/\\\/aktuelles.uni-frankfurt.de\\\/forschung\\\/am-meisten-zitiert-sieben-forscherinnen-und-forscher-der-goethe-universitaet-an-der-weltspitze\\\/#primaryimage\",\"url\":\"https:\\\/\\\/aktuelles.uni-frankfurt.de\\\/wp-content\\\/uploads\\\/2025\\\/11\\\/Kollage_HighlyCitedResearchers2025.jpg\",\"contentUrl\":\"https:\\\/\\\/aktuelles.uni-frankfurt.de\\\/wp-content\\\/uploads\\\/2025\\\/11\\\/Kollage_HighlyCitedResearchers2025.jpg\",\"width\":650,\"height\":450},{\"@type\":\"BreadcrumbList\",\"@id\":\"https:\\\/\\\/aktuelles.uni-frankfurt.de\\\/forschung\\\/am-meisten-zitiert-sieben-forscherinnen-und-forscher-der-goethe-universitaet-an-der-weltspitze\\\/#breadcrumb\",\"itemListElement\":[{\"@type\":\"ListItem\",\"position\":1,\"name\":\"Startseite\",\"item\":\"https:\\\/\\\/aktuelles.uni-frankfurt.de\\\/\"},{\"@type\":\"ListItem\",\"position\":2,\"name\":\"Am meisten zitiert: Sieben Forscherinnen und Forscher der Goethe-Universit\u00e4t an der Weltspitze\"}]},{\"@type\":\"WebSite\",\"@id\":\"https:\\\/\\\/aktuelles.uni-frankfurt.de\\\/#website\",\"url\":\"https:\\\/\\\/aktuelles.uni-frankfurt.de\\\/\",\"name\":\"Aktuelles aus der Goethe-Universit\u00e4t Frankfurt\",\"description\":\"Aktuelles aus der Goethe-Universit\u00e4t | Neues aus Forschung, Lehre, Studium\",\"publisher\":{\"@id\":\"https:\\\/\\\/aktuelles.uni-frankfurt.de\\\/#organization\"},\"potentialAction\":[{\"@type\":\"SearchAction\",\"target\":{\"@type\":\"EntryPoint\",\"urlTemplate\":\"https:\\\/\\\/aktuelles.uni-frankfurt.de\\\/?s={search_term_string}\"},\"query-input\":{\"@type\":\"PropertyValueSpecification\",\"valueRequired\":true,\"valueName\":\"search_term_string\"}}],\"inLanguage\":\"en-GB\"},{\"@type\":\"Organization\",\"@id\":\"https:\\\/\\\/aktuelles.uni-frankfurt.de\\\/#organization\",\"name\":\"Goethe-Universit\u00e4t\",\"url\":\"https:\\\/\\\/aktuelles.uni-frankfurt.de\\\/\",\"logo\":{\"@type\":\"ImageObject\",\"inLanguage\":\"en-GB\",\"@id\":\"https:\\\/\\\/aktuelles.uni-frankfurt.de\\\/#\\\/schema\\\/logo\\\/image\\\/\",\"url\":\"https:\\\/\\\/aktuelles.uni-frankfurt.de\\\/wp-content\\\/uploads\\\/2022\\\/03\\\/800px-Goethe-Logo.png\",\"contentUrl\":\"https:\\\/\\\/aktuelles.uni-frankfurt.de\\\/wp-content\\\/uploads\\\/2022\\\/03\\\/800px-Goethe-Logo.png\",\"width\":800,\"height\":436,\"caption\":\"Goethe-Universit\u00e4t\"},\"image\":{\"@id\":\"https:\\\/\\\/aktuelles.uni-frankfurt.de\\\/#\\\/schema\\\/logo\\\/image\\\/\"}},{\"@type\":\"Person\",\"@id\":\"https:\\\/\\\/aktuelles.uni-frankfurt.de\\\/#\\\/schema\\\/person\\\/47afd8b2c02023a0f1eee09d035f73e8\",\"name\":\"Dr. Markus Bernards\",\"url\":\"https:\\\/\\\/aktuelles.uni-frankfurt.de\\\/en\\\/author\\\/markus-bernards\\\/\"}]}<\/script>\n<!-- \/ Yoast SEO plugin. -->","yoast_head_json":{"title":"Am meisten zitiert: Sieben Forscherinnen und Forscher der Goethe-Universit\u00e4t an der Weltspitze | Aktuelles aus der Goethe-Universit\u00e4t Frankfurt","robots":{"index":"index","follow":"follow","max-snippet":"max-snippet:-1","max-image-preview":"max-image-preview:large","max-video-preview":"max-video-preview:-1"},"canonical":"https:\/\/aktuelles.uni-frankfurt.de\/en\/forschung\/am-meisten-zitiert-sieben-forscherinnen-und-forscher-der-goethe-universitaet-an-der-weltspitze\/","og_locale":"en_GB","og_type":"article","og_title":"Am meisten zitiert: Sieben Forscherinnen und Forscher der Goethe-Universit\u00e4t an der Weltspitze | Aktuelles aus der Goethe-Universit\u00e4t Frankfurt","og_description":"Weltweite Auswertung \u2013 Ranking umfasst das eine Prozent der Wissenschaftler*innen, die am h\u00e4ufigsten in Zeitschriften zitiert werden. Von den 6900 am meisten zitierten Wissenschaftlerinnen und Wissenschaftlern der Welt forschen sieben [&hellip;]","og_url":"https:\/\/aktuelles.uni-frankfurt.de\/en\/forschung\/am-meisten-zitiert-sieben-forscherinnen-und-forscher-der-goethe-universitaet-an-der-weltspitze\/","og_site_name":"Aktuelles aus der Goethe-Universit\u00e4t Frankfurt","article_published_time":"2025-11-14T09:26:51+00:00","article_modified_time":"2025-11-14T17:58:37+00:00","og_image":[{"width":650,"height":450,"url":"https:\/\/aktuelles.uni-frankfurt.de\/wp-content\/uploads\/2025\/11\/Kollage_HighlyCitedResearchers2025.jpg","type":"image\/jpeg"}],"author":"Dr. Markus Bernards","twitter_card":"summary_large_image","twitter_misc":{"Written by":"Dr. Markus Bernards","Estimated reading time":"3 minutes"},"schema":{"@context":"https:\/\/schema.org","@graph":[{"@type":"Article","@id":"https:\/\/aktuelles.uni-frankfurt.de\/forschung\/am-meisten-zitiert-sieben-forscherinnen-und-forscher-der-goethe-universitaet-an-der-weltspitze\/#article","isPartOf":{"@id":"https:\/\/aktuelles.uni-frankfurt.de\/forschung\/am-meisten-zitiert-sieben-forscherinnen-und-forscher-der-goethe-universitaet-an-der-weltspitze\/"},"author":{"name":"Dr. Markus Bernards","@id":"https:\/\/aktuelles.uni-frankfurt.de\/#\/schema\/person\/47afd8b2c02023a0f1eee09d035f73e8"},"headline":"Am meisten zitiert: Sieben Forscherinnen und Forscher der Goethe-Universit\u00e4t an der Weltspitze","datePublished":"2025-11-14T09:26:51+00:00","dateModified":"2025-11-14T17:58:37+00:00","mainEntityOfPage":{"@id":"https:\/\/aktuelles.uni-frankfurt.de\/forschung\/am-meisten-zitiert-sieben-forscherinnen-und-forscher-der-goethe-universitaet-an-der-weltspitze\/"},"wordCount":546,"publisher":{"@id":"https:\/\/aktuelles.uni-frankfurt.de\/#organization"},"image":{"@id":"https:\/\/aktuelles.uni-frankfurt.de\/forschung\/am-meisten-zitiert-sieben-forscherinnen-und-forscher-der-goethe-universitaet-an-der-weltspitze\/#primaryimage"},"thumbnailUrl":"https:\/\/aktuelles.uni-frankfurt.de\/wp-content\/uploads\/2025\/11\/Kollage_HighlyCitedResearchers2025.jpg","keywords":["Biochemie","Biowissenschaften","Medizin","Physik"],"articleSection":["Forschung","Instagram"],"inLanguage":"en-GB"},{"@type":"WebPage","@id":"https:\/\/aktuelles.uni-frankfurt.de\/forschung\/am-meisten-zitiert-sieben-forscherinnen-und-forscher-der-goethe-universitaet-an-der-weltspitze\/","url":"https:\/\/aktuelles.uni-frankfurt.de\/forschung\/am-meisten-zitiert-sieben-forscherinnen-und-forscher-der-goethe-universitaet-an-der-weltspitze\/","name":"Am meisten zitiert: Sieben Forscherinnen und Forscher der Goethe-Universit\u00e4t an der Weltspitze | Aktuelles aus der Goethe-Universit\u00e4t Frankfurt","isPartOf":{"@id":"https:\/\/aktuelles.uni-frankfurt.de\/#website"},"primaryImageOfPage":{"@id":"https:\/\/aktuelles.uni-frankfurt.de\/forschung\/am-meisten-zitiert-sieben-forscherinnen-und-forscher-der-goethe-universitaet-an-der-weltspitze\/#primaryimage"},"image":{"@id":"https:\/\/aktuelles.uni-frankfurt.de\/forschung\/am-meisten-zitiert-sieben-forscherinnen-und-forscher-der-goethe-universitaet-an-der-weltspitze\/#primaryimage"},"thumbnailUrl":"https:\/\/aktuelles.uni-frankfurt.de\/wp-content\/uploads\/2025\/11\/Kollage_HighlyCitedResearchers2025.jpg","datePublished":"2025-11-14T09:26:51+00:00","dateModified":"2025-11-14T17:58:37+00:00","breadcrumb":{"@id":"https:\/\/aktuelles.uni-frankfurt.de\/forschung\/am-meisten-zitiert-sieben-forscherinnen-und-forscher-der-goethe-universitaet-an-der-weltspitze\/#breadcrumb"},"inLanguage":"en-GB","potentialAction":[{"@type":"ReadAction","target":["https:\/\/aktuelles.uni-frankfurt.de\/forschung\/am-meisten-zitiert-sieben-forscherinnen-und-forscher-der-goethe-universitaet-an-der-weltspitze\/"]}]},{"@type":"ImageObject","inLanguage":"en-GB","@id":"https:\/\/aktuelles.uni-frankfurt.de\/forschung\/am-meisten-zitiert-sieben-forscherinnen-und-forscher-der-goethe-universitaet-an-der-weltspitze\/#primaryimage","url":"https:\/\/aktuelles.uni-frankfurt.de\/wp-content\/uploads\/2025\/11\/Kollage_HighlyCitedResearchers2025.jpg","contentUrl":"https:\/\/aktuelles.uni-frankfurt.de\/wp-content\/uploads\/2025\/11\/Kollage_HighlyCitedResearchers2025.jpg","width":650,"height":450},{"@type":"BreadcrumbList","@id":"https:\/\/aktuelles.uni-frankfurt.de\/forschung\/am-meisten-zitiert-sieben-forscherinnen-und-forscher-der-goethe-universitaet-an-der-weltspitze\/#breadcrumb","itemListElement":[{"@type":"ListItem","position":1,"name":"Startseite","item":"https:\/\/aktuelles.uni-frankfurt.de\/"},{"@type":"ListItem","position":2,"name":"Am meisten zitiert: Sieben Forscherinnen und Forscher der Goethe-Universit\u00e4t an der Weltspitze"}]},{"@type":"WebSite","@id":"https:\/\/aktuelles.uni-frankfurt.de\/#website","url":"https:\/\/aktuelles.uni-frankfurt.de\/","name":"Aktuelles aus der Goethe-Universit\u00e4t Frankfurt","description":"Aktuelles aus der Goethe-Universit\u00e4t | Neues aus Forschung, Lehre, Studium","publisher":{"@id":"https:\/\/aktuelles.uni-frankfurt.de\/#organization"},"potentialAction":[{"@type":"SearchAction","target":{"@type":"EntryPoint","urlTemplate":"https:\/\/aktuelles.uni-frankfurt.de\/?s={search_term_string}"},"query-input":{"@type":"PropertyValueSpecification","valueRequired":true,"valueName":"search_term_string"}}],"inLanguage":"en-GB"},{"@type":"Organization","@id":"https:\/\/aktuelles.uni-frankfurt.de\/#organization","name":"Goethe University Frankfurt","url":"https:\/\/aktuelles.uni-frankfurt.de\/","logo":{"@type":"ImageObject","inLanguage":"en-GB","@id":"https:\/\/aktuelles.uni-frankfurt.de\/#\/schema\/logo\/image\/","url":"https:\/\/aktuelles.uni-frankfurt.de\/wp-content\/uploads\/2022\/03\/800px-Goethe-Logo.png","contentUrl":"https:\/\/aktuelles.uni-frankfurt.de\/wp-content\/uploads\/2022\/03\/800px-Goethe-Logo.png","width":800,"height":436,"caption":"Goethe-Universit\u00e4t"},"image":{"@id":"https:\/\/aktuelles.uni-frankfurt.de\/#\/schema\/logo\/image\/"}},{"@type":"Person","@id":"https:\/\/aktuelles.uni-frankfurt.de\/#\/schema\/person\/47afd8b2c02023a0f1eee09d035f73e8","name":"Dr. Markus Bernards","url":"https:\/\/aktuelles.uni-frankfurt.de\/en\/author\/markus-bernards\/"}]}},"_links":{"self":[{"href":"https:\/\/aktuelles.uni-frankfurt.de\/en\/wp-json\/wp\/v2\/posts\/86410","targetHints":{"allow":["GET"]}}],"collection":[{"href":"https:\/\/aktuelles.uni-frankfurt.de\/en\/wp-json\/wp\/v2\/posts"}],"about":[{"href":"https:\/\/aktuelles.uni-frankfurt.de\/en\/wp-json\/wp\/v2\/types\/post"}],"author":[{"embeddable":true,"href":"https:\/\/aktuelles.uni-frankfurt.de\/en\/wp-json\/wp\/v2\/users\/23"}],"replies":[{"embeddable":true,"href":"https:\/\/aktuelles.uni-frankfurt.de\/en\/wp-json\/wp\/v2\/comments?post=86410"}],"version-history":[{"count":0,"href":"https:\/\/aktuelles.uni-frankfurt.de\/en\/wp-json\/wp\/v2\/posts\/86410\/revisions"}],"wp:featuredmedia":[{"embeddable":true,"href":"https:\/\/aktuelles.uni-frankfurt.de\/en\/wp-json\/wp\/v2\/media\/86411"}],"wp:attachment":[{"href":"https:\/\/aktuelles.uni-frankfurt.de\/en\/wp-json\/wp\/v2\/media?parent=86410"}],"wp:term":[{"taxonomy":"category","embeddable":true,"href":"https:\/\/aktuelles.uni-frankfurt.de\/en\/wp-json\/wp\/v2\/categories?post=86410"},{"taxonomy":"post_tag","embeddable":true,"href":"https:\/\/aktuelles.uni-frankfurt.de\/en\/wp-json\/wp\/v2\/tags?post=86410"},{"taxonomy":"post_folder","embeddable":true,"href":"https:\/\/aktuelles.uni-frankfurt.de\/en\/wp-json\/wp\/v2\/post_folder?post=86410"}],"curies":[{"name":"wp","href":"https:\/\/api.w.org\/{rel}","templated":true}]}}