{"id":86423,"date":"2025-11-19T08:12:00","date_gmt":"2025-11-19T07:12:00","guid":{"rendered":"https:\/\/aktuelles.uni-frankfurt.de\/?p=86423"},"modified":"2025-11-14T10:58:12","modified_gmt":"2025-11-14T09:58:12","slug":"healing-classrooms-resilienzfoerderung-fuer-fluchterfahrene-schuelerinnen-und-schueler-in-hessen","status":"publish","type":"post","link":"https:\/\/aktuelles.uni-frankfurt.de\/en\/unireport\/healing-classrooms-resilienzfoerderung-fuer-fluchterfahrene-schuelerinnen-und-schueler-in-hessen\/","title":{"rendered":"\u201eHealing Classrooms\u201c: Resilienzf\u00f6rderung f\u00fcr fluchterfahrene \u00adSch\u00fclerinnen und Sch\u00fcler in Hessen"},"content":{"rendered":"<figure class=\"wp-block-image alignright size-full is-resized\"><img fetchpriority=\"high\" decoding=\"async\" width=\"650\" height=\"450\" src=\"https:\/\/aktuelles.uni-frankfurt.de\/wp-content\/uploads\/2025\/11\/healing-classrooms-c-kompetenzzentrum-schulpsychologie.jpg\" alt=\"\u00a9 Kompetenzzentrum Schulpsychologie\" class=\"wp-image-86425\" style=\"width:470px\" srcset=\"https:\/\/aktuelles.uni-frankfurt.de\/wp-content\/uploads\/2025\/11\/healing-classrooms-c-kompetenzzentrum-schulpsychologie.jpg 650w, https:\/\/aktuelles.uni-frankfurt.de\/wp-content\/uploads\/2025\/11\/healing-classrooms-c-kompetenzzentrum-schulpsychologie-300x208.jpg 300w, https:\/\/aktuelles.uni-frankfurt.de\/wp-content\/uploads\/2025\/11\/healing-classrooms-c-kompetenzzentrum-schulpsychologie-500x346.jpg 500w, https:\/\/aktuelles.uni-frankfurt.de\/wp-content\/uploads\/2025\/11\/healing-classrooms-c-kompetenzzentrum-schulpsychologie-18x12.jpg 18w\" sizes=\"(max-width: 650px) 100vw, 650px\" \/><figcaption class=\"wp-element-caption\">\u00a9 Kompetenzzentrum Schulpsychologie<\/figcaption><\/figure>\n\n\n\n<p>Kurz vor und w\u00e4hrend der hessischen \u00adSommerferien fand eine zweieinhalbt\u00e4gige landesweite Multiplikationsfortbildung f\u00fcr Schulpsychologinnen und Schulpsychologen zum \u201eHealing Classrooms\u201c-Ansatz statt. Gerade in herausfordernden gesellschaftlichen Zeiten ist es zentral, dass Schulen als sichere und wertsch\u00e4tzende Orte wahrgenommen werden, die alle Sch\u00fclerinnen und Sch\u00fcler st\u00e4rken und unterst\u00fctzen. Die Fortbildung wurde vom Kompetenzzentrum Schulpsychologie Hessen (KSH) in Kooperation mit dem International Rescue Committee Deutschland (IRC) durchgef\u00fchrt. Ziel war es, praxisorientierte Methoden zu vermitteln, die einen \u00adresilienzorientierenden Unterricht f\u00f6rdern \u2013 insbesondere unter Ber\u00fccksichtigung von schulischen Herausforderungen im Kontext von Flucht. Dies erm\u00f6glicht den fluchterfahrenen Sch\u00fclerinnen und Sch\u00fclern, ihre Bildungschancen besser nutzen zu k\u00f6nnen. Gleichzeitig entlastet der \u201eHealing Classrooms\u201c-Ansatz Lehrkr\u00e4fte und unterst\u00fctzt sie im Umgang mit psychischen Belastungen.<\/p>\n\n\n\n<p>Um potenziellen Auswirkungen von anhaltenden Belastungen und Extremstress \u2013 etwa auf die neuronale und soziale Entwicklung \u2013 pr\u00e4ventiv zu begegnen, verfolgt der \u201eHealing Classrooms\u201c-Ansatz ein ganzheit\u00adliches Vorgehen. Die zentralen Elemente umfassen:<\/p>\n\n\n\n<ul class=\"wp-block-list\">\n<li><strong>Sicheres Umfeld herstellen:<\/strong> Aufbau einer unterst\u00fctzenden Lernumgebung zur St\u00e4rkung der Stressbew\u00e4ltigungskompetenzen aller Beteiligten.<\/li>\n\n\n\n<li><strong>Sozial-emotionales Lernen:<\/strong> F\u00f6rderung von Kompetenzen, die soziale Integration und psychische Widerstandskraft unterst\u00fctzen.<\/li>\n\n\n\n<li><strong>Achtsamkeit: <\/strong>Vermittlung von Techniken zur Entspannung, Konzentration und Selbstregulation.<\/li>\n<\/ul>\n\n\n\n<p>In der Fortbildung wurden 29 Schulpsychologinnen und Schulpsychologen qualifiziert, diesen Ansatz in ihren Regionen zu implementieren und als Multiplikatorinnen und Multiplikatoren weiterzugeben \u2013 mit dem Ziel, \u201eHealing Classrooms\u201c hessenweit an Schulen zu verankern.<\/p>\n\n\n\n<p>Mit diesem Ansatz leistet Hessen einen bedeutenden Beitrag zur inklusiven Schulentwicklung und zur St\u00e4rkung der psychischen Gesundheit sowie der Lern- und Entwicklungsm\u00f6glichkeiten aller Sch\u00fclerinnen und Sch\u00fcler.<\/p>\n\n\n\n<p>Das Kompetenzzentrum Schulpsychologie Hessen, ein Gemeinschaftsprojekt des Hessischen Ministeriums f\u00fcr Kultur, Bildung und Chancen und der Goethe-Universit\u00e4t, b\u00fcndelt seit 2017 schulpsychologische Praxis und Forschung. Unter anderem werden am KSH landesweite Schwerpunkte wie Migration und Fl\u00fcchtlingsberatung, Krisenintervention oder Psychische Gesundheit koordiniert. Das IRC, gegr\u00fcndet 1933 auf Initiative von Albert Einstein, unterst\u00fctzt weltweit Menschen, die von politischen Krisen, Krieg, Verfolgung oder Naturkatastrophen betroffen sind. In Deutschland engagiert sich das IRC seit 2016 unter anderem f\u00fcr Bildung, Teilhabe und Schutz Gefl\u00fcchteter. Die Online-\u00adPlattform <a href=\"https:\/\/mehr-teilhabe.de\/\" target=\"_blank\" rel=\"noreferrer noopener\">mehr-teilhabe<\/a> bietet einen umfassenden \u00dcberblick \u00fcber den \u201eHealing-\u00adClassrooms\u201c-Ansatz und weitere Programme, Materialien und Veranstaltungen.<\/p>\n\n\n\n<div style=\"height:20px\" aria-hidden=\"true\" class=\"wp-block-spacer\"><\/div>\n\n\n\n<p class=\"has-background\" style=\"background-color:#eeeeee\"><strong>Kompetenzzentrum Schulpsychologie Hessen (KSH)<\/strong><br><a href=\"mailto:info@kompetenzzentrum-schulpsychologie-hessen.de\">info@kompetenzzentrum-schulpsychologie-hessen.de<\/a>;<br><a href=\"mailto:Gerhard.Bachmann@paed.psych.uni-frankfurt.de\">Gerhard.Bachmann@paed.psych.uni-frankfurt.de<\/a>;<br><a href=\"mailto:Joanna.Wegerer@paed.psych.uni-frankfurt.de\">Joanna.Wegerer@paed.psych.uni-frankfurt.de<\/a><br><br><strong>International Rescue Committee Deutschland (IRC)<\/strong><br><a href=\"mailto:healing.classrooms@rescue.org\">healing.classrooms@rescue.org<\/a>;<br><a href=\"mailto:Johannes.Wiessner@rescue.org\">Johannes.Wiessner@rescue.org<\/a>;<br><a href=\"mailto:Tassilo.Schuster@rescue.org\">Tassilo.Schuster@rescue.org<\/a><\/p>","protected":false},"excerpt":{"rendered":"<p>Kurz vor und w\u00e4hrend der hessischen \u00adSommerferien fand eine zweieinhalbt\u00e4gige landesweite Multiplikationsfortbildung f\u00fcr Schulpsychologinnen und Schulpsychologen zum \u201eHealing Classrooms\u201c-Ansatz statt. Gerade in herausfordernden gesellschaftlichen Zeiten ist es zentral, dass Schulen [&hellip;]<\/p>\n","protected":false},"author":8,"featured_media":86425,"comment_status":"closed","ping_status":"closed","sticky":false,"template":"","format":"standard","meta":{"_eb_attr":"","_price":"","_stock":"","_tribe_ticket_header":"","_tribe_default_ticket_provider":"","_ticket_start_date":"","_ticket_end_date":"","_tribe_ticket_show_description":"","_tribe_ticket_show_not_going":false,"_tribe_ticket_use_global_stock":"","_tribe_ticket_global_stock_level":"","_global_stock_mode":"","_global_stock_cap":"","_tribe_rsvp_for_event":"","_tribe_ticket_going_count":"","_tribe_ticket_not_going_count":"","_tribe_tickets_list":"[]","_tribe_ticket_has_attendee_info_fields":false,"footnotes":""},"categories":[4,173],"tags":[50,418],"post_folder":[],"class_list":["post-86423","post","type-post","status-publish","format-standard","has-post-thumbnail","hentry","category-gesellschaft","category-unireport","tag-psychologie","tag-unireport-5-25"],"yoast_head":"<!-- This site is optimized with the Yoast SEO plugin v27.5 - https:\/\/yoast.com\/product\/yoast-seo-wordpress\/ -->\n<title>\u201eHealing Classrooms\u201c: Resilienzf\u00f6rderung f\u00fcr fluchterfahrene \u00adSch\u00fclerinnen und Sch\u00fcler in Hessen | Aktuelles aus der Goethe-Universit\u00e4t Frankfurt<\/title>\n<meta name=\"robots\" content=\"index, follow, max-snippet:-1, max-image-preview:large, max-video-preview:-1\" \/>\n<link rel=\"canonical\" href=\"https:\/\/aktuelles.uni-frankfurt.de\/en\/unireport\/healing-classrooms-resilienzfoerderung-fuer-fluchterfahrene-schuelerinnen-und-schueler-in-hessen\/\" \/>\n<meta property=\"og:locale\" content=\"en_GB\" \/>\n<meta property=\"og:type\" content=\"article\" \/>\n<meta property=\"og:title\" content=\"\u201eHealing Classrooms\u201c: Resilienzf\u00f6rderung f\u00fcr fluchterfahrene \u00adSch\u00fclerinnen und Sch\u00fcler in Hessen | Aktuelles aus der Goethe-Universit\u00e4t Frankfurt\" \/>\n<meta property=\"og:description\" content=\"Kurz vor und w\u00e4hrend der hessischen \u00adSommerferien fand eine zweieinhalbt\u00e4gige landesweite Multiplikationsfortbildung f\u00fcr Schulpsychologinnen und Schulpsychologen zum \u201eHealing Classrooms\u201c-Ansatz statt. Gerade in herausfordernden gesellschaftlichen Zeiten ist es zentral, dass Schulen [&hellip;]\" \/>\n<meta property=\"og:url\" content=\"https:\/\/aktuelles.uni-frankfurt.de\/en\/unireport\/healing-classrooms-resilienzfoerderung-fuer-fluchterfahrene-schuelerinnen-und-schueler-in-hessen\/\" \/>\n<meta property=\"og:site_name\" content=\"Aktuelles aus der Goethe-Universit\u00e4t Frankfurt\" \/>\n<meta property=\"article:published_time\" content=\"2025-11-19T07:12:00+00:00\" \/>\n<meta property=\"og:image\" content=\"https:\/\/aktuelles.uni-frankfurt.de\/wp-content\/uploads\/2025\/11\/healing-classrooms-c-kompetenzzentrum-schulpsychologie.jpg\" \/>\n\t<meta property=\"og:image:width\" content=\"650\" \/>\n\t<meta property=\"og:image:height\" content=\"450\" \/>\n\t<meta property=\"og:image:type\" content=\"image\/jpeg\" \/>\n<meta name=\"author\" content=\"-\" \/>\n<meta name=\"twitter:card\" content=\"summary_large_image\" \/>\n<meta name=\"twitter:label1\" content=\"Written by\" \/>\n\t<meta name=\"twitter:data1\" content=\"-\" \/>\n\t<meta name=\"twitter:label2\" content=\"Estimated reading time\" \/>\n\t<meta name=\"twitter:data2\" content=\"2 minutes\" \/>\n<script type=\"application\/ld+json\" class=\"yoast-schema-graph\">{\"@context\":\"https:\\\/\\\/schema.org\",\"@graph\":[{\"@type\":\"Article\",\"@id\":\"https:\\\/\\\/aktuelles.uni-frankfurt.de\\\/unireport\\\/healing-classrooms-resilienzfoerderung-fuer-fluchterfahrene-schuelerinnen-und-schueler-in-hessen\\\/#article\",\"isPartOf\":{\"@id\":\"https:\\\/\\\/aktuelles.uni-frankfurt.de\\\/unireport\\\/healing-classrooms-resilienzfoerderung-fuer-fluchterfahrene-schuelerinnen-und-schueler-in-hessen\\\/\"},\"author\":{\"name\":\"-\",\"@id\":\"https:\\\/\\\/aktuelles.uni-frankfurt.de\\\/#\\\/schema\\\/person\\\/8e55ea338fb65d1ce87a91565d1f1739\"},\"headline\":\"\u201eHealing Classrooms\u201c: Resilienzf\u00f6rderung f\u00fcr fluchterfahrene \u00adSch\u00fclerinnen und Sch\u00fcler in Hessen\",\"datePublished\":\"2025-11-19T07:12:00+00:00\",\"mainEntityOfPage\":{\"@id\":\"https:\\\/\\\/aktuelles.uni-frankfurt.de\\\/unireport\\\/healing-classrooms-resilienzfoerderung-fuer-fluchterfahrene-schuelerinnen-und-schueler-in-hessen\\\/\"},\"wordCount\":417,\"publisher\":{\"@id\":\"https:\\\/\\\/aktuelles.uni-frankfurt.de\\\/#organization\"},\"image\":{\"@id\":\"https:\\\/\\\/aktuelles.uni-frankfurt.de\\\/unireport\\\/healing-classrooms-resilienzfoerderung-fuer-fluchterfahrene-schuelerinnen-und-schueler-in-hessen\\\/#primaryimage\"},\"thumbnailUrl\":\"https:\\\/\\\/aktuelles.uni-frankfurt.de\\\/wp-content\\\/uploads\\\/2025\\\/11\\\/healing-classrooms-c-kompetenzzentrum-schulpsychologie.jpg\",\"keywords\":[\"Psychologie\",\"UniReport 5.25\"],\"articleSection\":[\"Gesellschaft\",\"UniReport\"],\"inLanguage\":\"en-GB\"},{\"@type\":\"WebPage\",\"@id\":\"https:\\\/\\\/aktuelles.uni-frankfurt.de\\\/unireport\\\/healing-classrooms-resilienzfoerderung-fuer-fluchterfahrene-schuelerinnen-und-schueler-in-hessen\\\/\",\"url\":\"https:\\\/\\\/aktuelles.uni-frankfurt.de\\\/unireport\\\/healing-classrooms-resilienzfoerderung-fuer-fluchterfahrene-schuelerinnen-und-schueler-in-hessen\\\/\",\"name\":\"\u201eHealing Classrooms\u201c: Resilienzf\u00f6rderung f\u00fcr fluchterfahrene \u00adSch\u00fclerinnen und Sch\u00fcler in Hessen | Aktuelles aus der Goethe-Universit\u00e4t Frankfurt\",\"isPartOf\":{\"@id\":\"https:\\\/\\\/aktuelles.uni-frankfurt.de\\\/#website\"},\"primaryImageOfPage\":{\"@id\":\"https:\\\/\\\/aktuelles.uni-frankfurt.de\\\/unireport\\\/healing-classrooms-resilienzfoerderung-fuer-fluchterfahrene-schuelerinnen-und-schueler-in-hessen\\\/#primaryimage\"},\"image\":{\"@id\":\"https:\\\/\\\/aktuelles.uni-frankfurt.de\\\/unireport\\\/healing-classrooms-resilienzfoerderung-fuer-fluchterfahrene-schuelerinnen-und-schueler-in-hessen\\\/#primaryimage\"},\"thumbnailUrl\":\"https:\\\/\\\/aktuelles.uni-frankfurt.de\\\/wp-content\\\/uploads\\\/2025\\\/11\\\/healing-classrooms-c-kompetenzzentrum-schulpsychologie.jpg\",\"datePublished\":\"2025-11-19T07:12:00+00:00\",\"breadcrumb\":{\"@id\":\"https:\\\/\\\/aktuelles.uni-frankfurt.de\\\/unireport\\\/healing-classrooms-resilienzfoerderung-fuer-fluchterfahrene-schuelerinnen-und-schueler-in-hessen\\\/#breadcrumb\"},\"inLanguage\":\"en-GB\",\"potentialAction\":[{\"@type\":\"ReadAction\",\"target\":[\"https:\\\/\\\/aktuelles.uni-frankfurt.de\\\/unireport\\\/healing-classrooms-resilienzfoerderung-fuer-fluchterfahrene-schuelerinnen-und-schueler-in-hessen\\\/\"]}]},{\"@type\":\"ImageObject\",\"inLanguage\":\"en-GB\",\"@id\":\"https:\\\/\\\/aktuelles.uni-frankfurt.de\\\/unireport\\\/healing-classrooms-resilienzfoerderung-fuer-fluchterfahrene-schuelerinnen-und-schueler-in-hessen\\\/#primaryimage\",\"url\":\"https:\\\/\\\/aktuelles.uni-frankfurt.de\\\/wp-content\\\/uploads\\\/2025\\\/11\\\/healing-classrooms-c-kompetenzzentrum-schulpsychologie.jpg\",\"contentUrl\":\"https:\\\/\\\/aktuelles.uni-frankfurt.de\\\/wp-content\\\/uploads\\\/2025\\\/11\\\/healing-classrooms-c-kompetenzzentrum-schulpsychologie.jpg\",\"width\":650,\"height\":450,\"caption\":\"\u00a9 Kompetenzzentrum Schulpsychologie\"},{\"@type\":\"BreadcrumbList\",\"@id\":\"https:\\\/\\\/aktuelles.uni-frankfurt.de\\\/unireport\\\/healing-classrooms-resilienzfoerderung-fuer-fluchterfahrene-schuelerinnen-und-schueler-in-hessen\\\/#breadcrumb\",\"itemListElement\":[{\"@type\":\"ListItem\",\"position\":1,\"name\":\"Startseite\",\"item\":\"https:\\\/\\\/aktuelles.uni-frankfurt.de\\\/\"},{\"@type\":\"ListItem\",\"position\":2,\"name\":\"\u201eHealing Classrooms\u201c: Resilienzf\u00f6rderung f\u00fcr fluchterfahrene \u00adSch\u00fclerinnen und Sch\u00fcler in Hessen\"}]},{\"@type\":\"WebSite\",\"@id\":\"https:\\\/\\\/aktuelles.uni-frankfurt.de\\\/#website\",\"url\":\"https:\\\/\\\/aktuelles.uni-frankfurt.de\\\/\",\"name\":\"Aktuelles aus der Goethe-Universit\u00e4t Frankfurt\",\"description\":\"Aktuelles aus der Goethe-Universit\u00e4t | Neues aus Forschung, Lehre, Studium\",\"publisher\":{\"@id\":\"https:\\\/\\\/aktuelles.uni-frankfurt.de\\\/#organization\"},\"potentialAction\":[{\"@type\":\"SearchAction\",\"target\":{\"@type\":\"EntryPoint\",\"urlTemplate\":\"https:\\\/\\\/aktuelles.uni-frankfurt.de\\\/?s={search_term_string}\"},\"query-input\":{\"@type\":\"PropertyValueSpecification\",\"valueRequired\":true,\"valueName\":\"search_term_string\"}}],\"inLanguage\":\"en-GB\"},{\"@type\":\"Organization\",\"@id\":\"https:\\\/\\\/aktuelles.uni-frankfurt.de\\\/#organization\",\"name\":\"Goethe-Universit\u00e4t\",\"url\":\"https:\\\/\\\/aktuelles.uni-frankfurt.de\\\/\",\"logo\":{\"@type\":\"ImageObject\",\"inLanguage\":\"en-GB\",\"@id\":\"https:\\\/\\\/aktuelles.uni-frankfurt.de\\\/#\\\/schema\\\/logo\\\/image\\\/\",\"url\":\"https:\\\/\\\/aktuelles.uni-frankfurt.de\\\/wp-content\\\/uploads\\\/2022\\\/03\\\/800px-Goethe-Logo.png\",\"contentUrl\":\"https:\\\/\\\/aktuelles.uni-frankfurt.de\\\/wp-content\\\/uploads\\\/2022\\\/03\\\/800px-Goethe-Logo.png\",\"width\":800,\"height\":436,\"caption\":\"Goethe-Universit\u00e4t\"},\"image\":{\"@id\":\"https:\\\/\\\/aktuelles.uni-frankfurt.de\\\/#\\\/schema\\\/logo\\\/image\\\/\"}},{\"@type\":\"Person\",\"@id\":\"https:\\\/\\\/aktuelles.uni-frankfurt.de\\\/#\\\/schema\\\/person\\\/8e55ea338fb65d1ce87a91565d1f1739\",\"name\":\"-\",\"description\":\"Dieser Beitrag wurde von der Online-Redaktion ver\u00f6ffentlicht. Wenn der Beitrag von einem Gastautoren verfasst wurde, findet sich dieser Hinweis am Ende des jeweiligen Artikels.\",\"sameAs\":[\"http:\\\/\\\/aktuelles.uni-frankfurt.de\\\/autoren\"],\"url\":\"https:\\\/\\\/aktuelles.uni-frankfurt.de\\\/en\\\/author\\\/redaktion\\\/\"}]}<\/script>\n<!-- \/ Yoast SEO plugin. -->","yoast_head_json":{"title":"\u201eHealing Classrooms\u201c: Resilienzf\u00f6rderung f\u00fcr fluchterfahrene \u00adSch\u00fclerinnen und Sch\u00fcler in Hessen | Aktuelles aus der Goethe-Universit\u00e4t Frankfurt","robots":{"index":"index","follow":"follow","max-snippet":"max-snippet:-1","max-image-preview":"max-image-preview:large","max-video-preview":"max-video-preview:-1"},"canonical":"https:\/\/aktuelles.uni-frankfurt.de\/en\/unireport\/healing-classrooms-resilienzfoerderung-fuer-fluchterfahrene-schuelerinnen-und-schueler-in-hessen\/","og_locale":"en_GB","og_type":"article","og_title":"\u201eHealing Classrooms\u201c: Resilienzf\u00f6rderung f\u00fcr fluchterfahrene \u00adSch\u00fclerinnen und Sch\u00fcler in Hessen | Aktuelles aus der Goethe-Universit\u00e4t Frankfurt","og_description":"Kurz vor und w\u00e4hrend der hessischen \u00adSommerferien fand eine zweieinhalbt\u00e4gige landesweite Multiplikationsfortbildung f\u00fcr Schulpsychologinnen und Schulpsychologen zum \u201eHealing Classrooms\u201c-Ansatz statt. Gerade in herausfordernden gesellschaftlichen Zeiten ist es zentral, dass Schulen [&hellip;]","og_url":"https:\/\/aktuelles.uni-frankfurt.de\/en\/unireport\/healing-classrooms-resilienzfoerderung-fuer-fluchterfahrene-schuelerinnen-und-schueler-in-hessen\/","og_site_name":"Aktuelles aus der Goethe-Universit\u00e4t Frankfurt","article_published_time":"2025-11-19T07:12:00+00:00","og_image":[{"width":650,"height":450,"url":"https:\/\/aktuelles.uni-frankfurt.de\/wp-content\/uploads\/2025\/11\/healing-classrooms-c-kompetenzzentrum-schulpsychologie.jpg","type":"image\/jpeg"}],"author":"-","twitter_card":"summary_large_image","twitter_misc":{"Written by":"-","Estimated reading time":"2 minutes"},"schema":{"@context":"https:\/\/schema.org","@graph":[{"@type":"Article","@id":"https:\/\/aktuelles.uni-frankfurt.de\/unireport\/healing-classrooms-resilienzfoerderung-fuer-fluchterfahrene-schuelerinnen-und-schueler-in-hessen\/#article","isPartOf":{"@id":"https:\/\/aktuelles.uni-frankfurt.de\/unireport\/healing-classrooms-resilienzfoerderung-fuer-fluchterfahrene-schuelerinnen-und-schueler-in-hessen\/"},"author":{"name":"-","@id":"https:\/\/aktuelles.uni-frankfurt.de\/#\/schema\/person\/8e55ea338fb65d1ce87a91565d1f1739"},"headline":"\u201eHealing Classrooms\u201c: Resilienzf\u00f6rderung f\u00fcr fluchterfahrene \u00adSch\u00fclerinnen und Sch\u00fcler in Hessen","datePublished":"2025-11-19T07:12:00+00:00","mainEntityOfPage":{"@id":"https:\/\/aktuelles.uni-frankfurt.de\/unireport\/healing-classrooms-resilienzfoerderung-fuer-fluchterfahrene-schuelerinnen-und-schueler-in-hessen\/"},"wordCount":417,"publisher":{"@id":"https:\/\/aktuelles.uni-frankfurt.de\/#organization"},"image":{"@id":"https:\/\/aktuelles.uni-frankfurt.de\/unireport\/healing-classrooms-resilienzfoerderung-fuer-fluchterfahrene-schuelerinnen-und-schueler-in-hessen\/#primaryimage"},"thumbnailUrl":"https:\/\/aktuelles.uni-frankfurt.de\/wp-content\/uploads\/2025\/11\/healing-classrooms-c-kompetenzzentrum-schulpsychologie.jpg","keywords":["Psychologie","UniReport 5.25"],"articleSection":["Gesellschaft","UniReport"],"inLanguage":"en-GB"},{"@type":"WebPage","@id":"https:\/\/aktuelles.uni-frankfurt.de\/unireport\/healing-classrooms-resilienzfoerderung-fuer-fluchterfahrene-schuelerinnen-und-schueler-in-hessen\/","url":"https:\/\/aktuelles.uni-frankfurt.de\/unireport\/healing-classrooms-resilienzfoerderung-fuer-fluchterfahrene-schuelerinnen-und-schueler-in-hessen\/","name":"\u201eHealing Classrooms\u201c: Resilienzf\u00f6rderung f\u00fcr fluchterfahrene \u00adSch\u00fclerinnen und Sch\u00fcler in Hessen | Aktuelles aus der Goethe-Universit\u00e4t Frankfurt","isPartOf":{"@id":"https:\/\/aktuelles.uni-frankfurt.de\/#website"},"primaryImageOfPage":{"@id":"https:\/\/aktuelles.uni-frankfurt.de\/unireport\/healing-classrooms-resilienzfoerderung-fuer-fluchterfahrene-schuelerinnen-und-schueler-in-hessen\/#primaryimage"},"image":{"@id":"https:\/\/aktuelles.uni-frankfurt.de\/unireport\/healing-classrooms-resilienzfoerderung-fuer-fluchterfahrene-schuelerinnen-und-schueler-in-hessen\/#primaryimage"},"thumbnailUrl":"https:\/\/aktuelles.uni-frankfurt.de\/wp-content\/uploads\/2025\/11\/healing-classrooms-c-kompetenzzentrum-schulpsychologie.jpg","datePublished":"2025-11-19T07:12:00+00:00","breadcrumb":{"@id":"https:\/\/aktuelles.uni-frankfurt.de\/unireport\/healing-classrooms-resilienzfoerderung-fuer-fluchterfahrene-schuelerinnen-und-schueler-in-hessen\/#breadcrumb"},"inLanguage":"en-GB","potentialAction":[{"@type":"ReadAction","target":["https:\/\/aktuelles.uni-frankfurt.de\/unireport\/healing-classrooms-resilienzfoerderung-fuer-fluchterfahrene-schuelerinnen-und-schueler-in-hessen\/"]}]},{"@type":"ImageObject","inLanguage":"en-GB","@id":"https:\/\/aktuelles.uni-frankfurt.de\/unireport\/healing-classrooms-resilienzfoerderung-fuer-fluchterfahrene-schuelerinnen-und-schueler-in-hessen\/#primaryimage","url":"https:\/\/aktuelles.uni-frankfurt.de\/wp-content\/uploads\/2025\/11\/healing-classrooms-c-kompetenzzentrum-schulpsychologie.jpg","contentUrl":"https:\/\/aktuelles.uni-frankfurt.de\/wp-content\/uploads\/2025\/11\/healing-classrooms-c-kompetenzzentrum-schulpsychologie.jpg","width":650,"height":450,"caption":"\u00a9 Kompetenzzentrum Schulpsychologie"},{"@type":"BreadcrumbList","@id":"https:\/\/aktuelles.uni-frankfurt.de\/unireport\/healing-classrooms-resilienzfoerderung-fuer-fluchterfahrene-schuelerinnen-und-schueler-in-hessen\/#breadcrumb","itemListElement":[{"@type":"ListItem","position":1,"name":"Startseite","item":"https:\/\/aktuelles.uni-frankfurt.de\/"},{"@type":"ListItem","position":2,"name":"\u201eHealing Classrooms\u201c: Resilienzf\u00f6rderung f\u00fcr fluchterfahrene \u00adSch\u00fclerinnen und Sch\u00fcler in Hessen"}]},{"@type":"WebSite","@id":"https:\/\/aktuelles.uni-frankfurt.de\/#website","url":"https:\/\/aktuelles.uni-frankfurt.de\/","name":"Aktuelles aus der Goethe-Universit\u00e4t Frankfurt","description":"Aktuelles aus der Goethe-Universit\u00e4t | Neues aus Forschung, Lehre, Studium","publisher":{"@id":"https:\/\/aktuelles.uni-frankfurt.de\/#organization"},"potentialAction":[{"@type":"SearchAction","target":{"@type":"EntryPoint","urlTemplate":"https:\/\/aktuelles.uni-frankfurt.de\/?s={search_term_string}"},"query-input":{"@type":"PropertyValueSpecification","valueRequired":true,"valueName":"search_term_string"}}],"inLanguage":"en-GB"},{"@type":"Organization","@id":"https:\/\/aktuelles.uni-frankfurt.de\/#organization","name":"Goethe University Frankfurt","url":"https:\/\/aktuelles.uni-frankfurt.de\/","logo":{"@type":"ImageObject","inLanguage":"en-GB","@id":"https:\/\/aktuelles.uni-frankfurt.de\/#\/schema\/logo\/image\/","url":"https:\/\/aktuelles.uni-frankfurt.de\/wp-content\/uploads\/2022\/03\/800px-Goethe-Logo.png","contentUrl":"https:\/\/aktuelles.uni-frankfurt.de\/wp-content\/uploads\/2022\/03\/800px-Goethe-Logo.png","width":800,"height":436,"caption":"Goethe-Universit\u00e4t"},"image":{"@id":"https:\/\/aktuelles.uni-frankfurt.de\/#\/schema\/logo\/image\/"}},{"@type":"Person","@id":"https:\/\/aktuelles.uni-frankfurt.de\/#\/schema\/person\/8e55ea338fb65d1ce87a91565d1f1739","name":"-","description":"Dieser Beitrag wurde von der Online-Redaktion ver\u00f6ffentlicht. Wenn der Beitrag von einem Gastautoren verfasst wurde, findet sich dieser Hinweis am Ende des jeweiligen Artikels.","sameAs":["http:\/\/aktuelles.uni-frankfurt.de\/autoren"],"url":"https:\/\/aktuelles.uni-frankfurt.de\/en\/author\/redaktion\/"}]}},"_links":{"self":[{"href":"https:\/\/aktuelles.uni-frankfurt.de\/en\/wp-json\/wp\/v2\/posts\/86423","targetHints":{"allow":["GET"]}}],"collection":[{"href":"https:\/\/aktuelles.uni-frankfurt.de\/en\/wp-json\/wp\/v2\/posts"}],"about":[{"href":"https:\/\/aktuelles.uni-frankfurt.de\/en\/wp-json\/wp\/v2\/types\/post"}],"author":[{"embeddable":true,"href":"https:\/\/aktuelles.uni-frankfurt.de\/en\/wp-json\/wp\/v2\/users\/8"}],"replies":[{"embeddable":true,"href":"https:\/\/aktuelles.uni-frankfurt.de\/en\/wp-json\/wp\/v2\/comments?post=86423"}],"version-history":[{"count":0,"href":"https:\/\/aktuelles.uni-frankfurt.de\/en\/wp-json\/wp\/v2\/posts\/86423\/revisions"}],"wp:featuredmedia":[{"embeddable":true,"href":"https:\/\/aktuelles.uni-frankfurt.de\/en\/wp-json\/wp\/v2\/media\/86425"}],"wp:attachment":[{"href":"https:\/\/aktuelles.uni-frankfurt.de\/en\/wp-json\/wp\/v2\/media?parent=86423"}],"wp:term":[{"taxonomy":"category","embeddable":true,"href":"https:\/\/aktuelles.uni-frankfurt.de\/en\/wp-json\/wp\/v2\/categories?post=86423"},{"taxonomy":"post_tag","embeddable":true,"href":"https:\/\/aktuelles.uni-frankfurt.de\/en\/wp-json\/wp\/v2\/tags?post=86423"},{"taxonomy":"post_folder","embeddable":true,"href":"https:\/\/aktuelles.uni-frankfurt.de\/en\/wp-json\/wp\/v2\/post_folder?post=86423"}],"curies":[{"name":"wp","href":"https:\/\/api.w.org\/{rel}","templated":true}]}}