{"id":86512,"date":"2025-11-21T13:08:17","date_gmt":"2025-11-21T12:08:17","guid":{"rendered":"https:\/\/aktuelles.uni-frankfurt.de\/?p=86512"},"modified":"2025-11-21T14:13:13","modified_gmt":"2025-11-21T13:13:13","slug":"erster-sonderforschungsbereich-in-den-erziehungswissenschaften","status":"publish","type":"post","link":"https:\/\/aktuelles.uni-frankfurt.de\/en\/forschung\/erster-sonderforschungsbereich-in-den-erziehungswissenschaften\/","title":{"rendered":"Erster Sonderforschungsbereich in den Erziehungswissenschaften"},"content":{"rendered":"\n<p><em>DFG bewilligt neuen SFB zur Bildungsgerechtigkeit \/ F\u00f6rderung dreier naturwissenschaftlicher SFB-Transregios an der Goethe-Universit\u00e4t wird fortgesetzt<\/em><\/p>\n\n\n\n<p><strong>Die Goethe-Universit\u00e4t hat einen neuen Sonderforschungsbereich \u2013 und zwar einen ganz besonderen: Unter dem Namen [in:just] geht erstmals ein erziehungswissenschaftlicher SFB (SFB 1750) an den Start. Erforscht werden soll, wie es um Gerechtigkeit und Teilhabe im deutschen Bildungs- und Erziehungssystem steht. Au\u00dferdem bewilligt wurde die Fortsetzung dreier Transregio-SFB (TRR), an denen Forschende der Goethe-Universit\u00e4t ma\u00dfgeblich beteiligt sind. Dabei geht es um die mathematische Beschreibung komplizierter geometrischer R\u00e4ume (TRR 326), um Materie unter Extrembedingungen (TRR 211) und um die Erforschung der Tropopausenregion der Atmosph\u00e4re in sieben bis 17 Kilometern H\u00f6he (TRR 301).<\/strong><\/p>\n\n\n\n<p>Universit\u00e4tspr\u00e4sident Prof. Enrico Schleiff gratuliert den beteiligten Forscherinnen und Forschern zum erfolgreichen Antrag: \u201eEin neuer Sonderforschungsbereich ist eine sehr erfreuliche Nachricht f\u00fcr die Goethe-Universit\u00e4t &#8211; und in diesem Fall f\u00fcr die Bildungsgerechtigkeit in unserem Land! Mir ist bewusst, wieviel Energie, Kreativit\u00e4t und Ausdauer f\u00fcr ein solches Gro\u00dfprojekt schon im Voraus erforderlich sind. Aber es hat sich gelohnt! Und es muss dringend erforscht werden, warum die Bildungschancen in Deutschland offenbar immer noch nicht gerecht verteilt sind. F\u00fcr Ihre spannende und wichtige Forschung w\u00fcnsche ich Ihnen weiterhin viel Erfolg. Und dass gleich drei Verl\u00e4ngerungen f\u00fcr unsere Transregios bewilligt wurden, best\u00e4tigt die Qualit\u00e4t unserer Forschung in den Naturwissenschaften und der Mathematik und st\u00e4rkt unsere Forschungsm\u00f6glichkeiten auch innerhalb der Rhein-Main-Universit\u00e4ten.\u201c<\/p>\n\n\n\n<figure class=\"wp-block-image alignleft size-large is-resized\"><img fetchpriority=\"high\" decoding=\"async\" width=\"500\" height=\"346\" src=\"https:\/\/aktuelles.uni-frankfurt.de\/wp-content\/uploads\/2025\/11\/beitragsbild_MerleHummrich_Foto_Martine-Seitz_Foto-Koeser-500x346.jpg\" alt=\"\" class=\"wp-image-86518\" style=\"width:326px;height:auto\" srcset=\"https:\/\/aktuelles.uni-frankfurt.de\/wp-content\/uploads\/2025\/11\/beitragsbild_MerleHummrich_Foto_Martine-Seitz_Foto-Koeser-500x346.jpg 500w, https:\/\/aktuelles.uni-frankfurt.de\/wp-content\/uploads\/2025\/11\/beitragsbild_MerleHummrich_Foto_Martine-Seitz_Foto-Koeser-300x208.jpg 300w, https:\/\/aktuelles.uni-frankfurt.de\/wp-content\/uploads\/2025\/11\/beitragsbild_MerleHummrich_Foto_Martine-Seitz_Foto-Koeser-18x12.jpg 18w, https:\/\/aktuelles.uni-frankfurt.de\/wp-content\/uploads\/2025\/11\/beitragsbild_MerleHummrich_Foto_Martine-Seitz_Foto-Koeser.jpg 650w\" sizes=\"(max-width: 500px) 100vw, 500px\" \/><figcaption class=\"wp-element-caption\">Merle Hummrich ist Sprecherin des neuen SFB [in:just]<\/figcaption><\/figure>\n\n\n\n<p>Die Beteiligungsm\u00f6glichkeiten an Bildung nehmen seit 50 Jahren zu. Einerseits. Andererseits bestehen nach wie vor gro\u00dfe Ungleichheiten, wer davon auf welche Weise profitiert. Insbesondere Kinder und Jugendliche aus bildungsfernen Elternh\u00e4usern, aus migrantischen Familien und solche mit Behinderungen und\/oder sonderp\u00e4dagogischen F\u00f6rderbedarfen werden oft nicht ausreichend beteiligt. Diese Widerspr\u00fcchlichkeit im demokratischen Gerechtigkeitsversprechen schw\u00e4cht das Vertrauen in Bildungseinrichtungen.<\/p>\n\n\n\n<p>Der neue Sonderforschungsbereichs [in:just] 1750 an der Goethe-Universit\u00e4t wird die Ursachen und Hintergr\u00fcnde dieser nach wie vor bestehenden Ungleichheit untersuchen. Daf\u00fcr erh\u00e4lt der Verbund f\u00fcr die n\u00e4chsten drei Jahre und neun Monate insgesamt 14 Millionen Euro. 31 Wissenschaftlerinnen und Wissenschaftler aus so unterschiedlichen Disziplinen wie Erziehungswissenschaften, Soziologie, Philosophie, Politik- und Rechtswissenschaft, Humangeographie und Informatik bilden einen interdisziplin\u00e4ren Verbund unter Federf\u00fchrung der Erziehungswissenschaften. Als Sprecherinnen fungieren Prof. Merle Hummrich und Prof. Vera Moser, beide sind am Fachbereich Erziehungswissenschaften der Goethe-Universit\u00e4t t\u00e4tig. Merle Hummrich hat den Schwerpunkt Jugend und Schule, Vera Moser widmet sich auf der Kathrin- und Stefan-Quandt-Stiftungsprofessur vor allem der Inklusionsforschung.<\/p>\n\n\n\n<figure class=\"wp-block-image alignright size-large is-resized\"><img decoding=\"async\" width=\"500\" height=\"346\" src=\"https:\/\/aktuelles.uni-frankfurt.de\/wp-content\/uploads\/2025\/02\/prof-vera-moser-500x346.jpg\" alt=\"Professorin Vera Moser\" class=\"wp-image-82689\" style=\"width:367px;height:auto\" srcset=\"https:\/\/aktuelles.uni-frankfurt.de\/wp-content\/uploads\/2025\/02\/prof-vera-moser-500x346.jpg 500w, https:\/\/aktuelles.uni-frankfurt.de\/wp-content\/uploads\/2025\/02\/prof-vera-moser-300x208.jpg 300w, https:\/\/aktuelles.uni-frankfurt.de\/wp-content\/uploads\/2025\/02\/prof-vera-moser-18x12.jpg 18w, https:\/\/aktuelles.uni-frankfurt.de\/wp-content\/uploads\/2025\/02\/prof-vera-moser.jpg 650w\" sizes=\"(max-width: 500px) 100vw, 500px\" \/><figcaption class=\"wp-element-caption\">Vera Moser ist stellvertretende Sprecherin des Sonderforschungsbereichs [in:just] 1750<\/figcaption><\/figure>\n\n\n\n<p>Aus unterschiedlichen Perspektiven sollen institutionalisierte Teilhabe- und Teilnahmeprozesse von Kindern, Jugendlichen und jungen Erwachsenen im Erziehungs- und Bildungssystem unter die wissenschaftliche Lupe genommen werden. Dabei geht es etwa um Unterricht vor dem Hintergrund von Mehrsprachigkeit oder angenommener sch\u00fclerseitiger \u201aVerhaltensst\u00f6rungen\u2018, aber auch um das Prozedere von Inobhutnahmen von Kindern und Jugendlichen sowie unbegleiteten Minderj\u00e4hrigen Gefl\u00fcchteten, um die Auswirkungen von Gentrifizierungen auf die Qualit\u00e4t regionaler Bildungsangebote, um die Einspruchsmacht von Sorgeberechtigten und auch um computergest\u00fctzte Entscheidungsprozesse, die vergleichend im Erziehungs- und Rechtssystem untersucht werden sollen. Auch international vergleichende Forschungen in Bezug auf die Implementation der UN-Behindertenrechtskonvention, Kinderrechte und intersektionale Differenzierungsprozesse geh\u00f6ren zum Forschungsprogramm.<\/p>\n\n\n\n<p>Der SFB 1750 [in:just] ist der erste im Kern erziehungswissenschaftliche Sonderforschungsbereich, den die DFG f\u00f6rdert. \u201eAngesichts der erheblichen gesellschaftlichen Krisen und Herausforderungen sind wir sehr dankbar f\u00fcr diese gro\u00dfe Chance, das Aufwachsen von Kindern und jungen Menschen interdisziplin\u00e4r und kooperativ beforschen zu k\u00f6nnen\u201c, sagt Prof. Merle Hummrich. \u201eMir ist besonders wichtig zu untersuchen, wie menschenrechtliche Normen sich auf den Alltag junger Menschen auswirken\u201c, betont Inklusionsexpertin Prof. Vera Moser.<\/p>\n\n\n\n<div style=\"height:20px\" aria-hidden=\"true\" class=\"wp-block-spacer\"><\/div>\n\n\n\n<h2 class=\"wp-block-heading\">SFB-Transregios werden fortgesetzt<\/h2>\n\n\n\n<p>Au\u00dferdem gab die DFG bekannt, dass folgende SFB-Transregios fortgesetzt werden, an denen Wissenschaftlerinnen und Wissenschaftler der Goethe-Universit\u00e4t ma\u00dfgeblich beteiligt sind:<\/p>\n\n\n\n<p>Wie lassen sich hochkomplexe geometrische und arithmetische Strukturen durch einfachere R\u00e4ume beschreiben? Dieser Frage widmet sich der <strong>TRR 326 <\/strong><a><strong>\u201e<\/strong><\/a><strong>Geometrie und Arithmetik uniformisierter Strukturen\u201c<\/strong>, der nun mit einem F\u00f6rdervolumen von 13,7 Millionen Euro in seine zweite F\u00f6rderphase geht. Die Mathematikerinnen und Mathematiker nutzen das Prinzip der mathematischen \u201eUniformisierung\u201c, das Ordnung im Komplexen schafft: Schwer greifbare R\u00e4ume aus der modernen Geometrie und Arithmetik werden durch einfachere Modelle ersetzt, ohne ihre wesentliche Gestalt zu ver\u00e4ndern. Ein anschauliches Beispiel bietet die Oberfl\u00e4che eines Rettungsrings (eine elliptische Kurve): Eine Ameise, die auf dieser Oberfl\u00e4che lebt, kann entweder l\u00e4ngs oder quer auf Rundreise gehen und kommt jeweils zum Ausgangspunkt zur\u00fcck. Dieses Verhalten findet sich in der Uniformisierung wieder, die durch eine mit einem Gitternetz \u00fcberzogene Ebene dargestellt wird \u2013 die Gitterlinien beschreiben die ins Unendliche verl\u00e4ngerten Reiserouten der Ameise. So transformiert offenbaren sich verborgene Symmetrien, und Fragestellungen an der Schnittstelle von Geometrie und Zahlentheorie werden beherrschbar und beantwortbar.<\/p>\n\n\n\n<p>Beteiligt sind die Goethe-Universit\u00e4t Frankfurt als Sprecheruniversit\u00e4t, die Technische Universit\u00e4t Darmstadt und die Universit\u00e4t Heidelberg. Partner sind die Johannes Gutenberg-Universit\u00e4t Mainz \u2013 die zusammen mit Frankfurt und Darmstadt den Verbund der Rhein-Main-Universit\u00e4ten (RMU) bildet \u2013 sowie die Universit\u00e4t Hannover und die Universit\u00e4t M\u00fcnster.<\/p>\n\n\n\n<p class=\"has-background\" style=\"background-color:#eeeeee\"><strong>Sprecher:<\/strong> Prof. Dr. Jakob Stix (Goethe-Universit\u00e4t Frankfurt)<br><strong>Stv. Sprecher: <\/strong>Prof. Jan Hendrik Bruinier (TU Darmstadt), Prof. Alexander Schmidt (Universit\u00e4t Heidelberg)<br><br><strong>Website:<\/strong> <a href=\"https:\/\/crc326gaus.de\/\">https:\/\/crc326gaus.de\/<\/a><\/p>\n\n\n\n<p>Materie unter so extremen Bedingungen, dass sogar Protonen und Neutronen auseinanderbrechen \u2013 damit besch\u00e4ftigt sich der <strong>TRR 211<\/strong> <strong>\u201eStark wechselwirkende Materie unter extremen Bedingungen\u201c<\/strong>, dessen dritte F\u00f6rderphase bewilligt wurde. Die beteiligten Wissenschaftlerinnen und Wissenschaftler untersuchen, was geschieht, wenn Materie so stark erhitzt und komprimiert wird, dass ihre fundamentalen Bausteine \u2013 Quarks und Gluonen \u2013 freigesetzt werden. Solche Zust\u00e4nde lassen sich f\u00fcr Sekundenbruchteile in Teilchenbeschleunigern erzeugen und treten im All auf, etwa bei der Verschmelzung von Neutronensternen. Die Erkenntnisse helfen, die starke Kernkraft besser zu verstehen, die alles im Innersten zusammenh\u00e4lt. Neben der Goethe-Universit\u00e4t Frankfurt sind die TU Darmstadt und die Universit\u00e4t Bielefeld beteiligt.<\/p>\n\n\n\n<p class=\"has-background\" style=\"background-color:#eeeeee\"><strong>Sprecher: <\/strong>Prof. Dr. S\u00f6ren Schlichting (Universit\u00e4t Bielefeld)<br><strong>Stv. Sprecher*innen:<\/strong> Prof. Dr. Hannah Elfner (Goethe-Universit\u00e4t Frankfurt), Prof. Dr. Guy Moore (TU Darmstadt)<br><br><strong>Website:<\/strong> <a href=\"https:\/\/crc-tr211.org\/\">https:\/\/crc-tr211.org\/<\/a> &nbsp;<\/p>\n\n\n\n<p>Die Untersuchung einer Zone in der Atmosph\u00e4re, die die untere \u201eWetterschicht\u201c (Troposph\u00e4re) von der dar\u00fcber liegenden Stratosph\u00e4re trennt, die Tropopausenregion, ist Forschungsthema des <strong>TRR 301 \u201eDie Tropopausenregion in einer Atmosph\u00e4re im Wandel\u201c<\/strong>. Der Forschungsfokus liegt hier auf den physikalischen und chemischen Prozessen dieser Region und deren Einfluss auf die planetare Zirkulation und das Klima. Im Rahmen des TRR 301 nahmen Forschende der Goethe-Universit\u00e4t zum Beispiel an der Flugzeug-Messkampagne zu den Oxidationsprozessen in der Atmosph\u00e4re (CAFE) teil und konnten so aufkl\u00e4ren, wie der Amazonas-Regenwald als Wolkenmaschine funktioniert. Hauptstandorte des TRR 301 sind die Johannes Gutenberg-Universit\u00e4t Mainz und die Goethe-Universit\u00e4t Frankfurt. Partner sind ferner die Technische Universit\u00e4t Darmstadt, die Ludwig-Maximilians-Universit\u00e4t M\u00fcnchen, das Max-Planck-Institut f\u00fcr Chemie in Mainz, das Forschungszentrum J\u00fclich sowie das Deutsche Zentrum f\u00fcr Luft- und Raumfahrt (DLR) in We\u00dfling.<\/p>\n\n\n\n<p class=\"has-background\" style=\"background-color:#eeeeee\"><strong>Sprecher: <\/strong>Prof. Dr. Peter Hoor, Johannes Gutenberg-Universit\u00e4t Mainz, hoor@uni-mainz.de<br><strong>Stv. Sprecher:<\/strong> Prof. Dr. Joachim Curtius, Goethe-Universit\u00e4t Frankfurt, curtius@iau.uni-frankfurt.de<br><br><strong>Website:<\/strong> <a href=\"https:\/\/tpchange.de\/\">https:\/\/tpchange.de\/<\/a><br><br><strong>Artikel: <\/strong><a href=\"https:\/\/aktuelles.uni-frankfurt.de\/forschung\/der-amazonas-regenwald-als-wolkenmaschine-wie-gewitter-und-pflanzen-ausduenstungen-kondensationskeime-erzeugen\/\" target=\"_blank\" rel=\"noreferrer noopener\">&#8222;Amazonas als Wolkenmaschine&#8220;<\/a><\/p>\n\n\n\n<p><strong>Pressemitteilung der DFG: <\/strong><a href=\"https:\/\/www.dfg.de\/de\/service\/presse\/pressemitteilungen\/2025\/pressemitteilung-nr-37\">https:\/\/www.dfg.de\/de\/service\/presse\/pressemitteilungen\/2025\/pressemitteilung-nr-37<\/a><\/p>\n\n\n\n<p><strong>Weitere Informationen<br><\/strong>Prof. Dr. Merle Hummrich (SFB 1750)<br>Institut f\u00fcr P\u00e4dagogik der Sekundarstufe<br>Goethe-Universit\u00e4t Frankfurt<br>Telefon: 069 798 -36323<br>E-Mail: m.hummrich@em.uni-frankfurt.de<\/p>\n\n\n\n<p>Prof. Dr. Vera Moser (SFB 1750)<br>Institut f\u00fcr Sonderp\u00e4dagogik<br>Goethe-Universit\u00e4t Frankfurt<br>Telefon: 069 798 &#8211; 36394<br>E-Mail: v.moser@em.uni-frankfurt.de<\/p>\n\n\n\n<p>Prof. Dr. Jakob Stix (TRR326)<br>Institut f\u00fcr Mathematik<br>Goethe-Universit\u00e4t Frankfurt<br>Telefon: 069 798 &#8211; 22309<br>E-Mail: stix@math.uni-frankfurt.de<\/p>\n\n\n\n<p>Prof. Dr. Hannah Elfner (TRR211)<br>Institut f\u00fcr Theoretische Physik<br>Goethe-Universit\u00e4t Frankfurt<br>Telefon: 069 798 &#8211; 47652<br>E-Mail: elfner@itp.uni-frankfurt.de<\/p>\n\n\n\n<p>Prof. Dr. Joachim Curtius (TRR301)<br>Institut f\u00fcr Atmosph\u00e4re und Umwelt<br>Goethe-Universit\u00e4t Frankfurt<br>Telefon: 069 798 &#8211; 40258<br>E-Mail: curtius@iau.uni-frankfurt.de<\/p>\n","protected":false},"excerpt":{"rendered":"<p>DFG bewilligt neuen SFB zur Bildungsgerechtigkeit \/ F\u00f6rderung dreier naturwissenschaftlicher SFB-Transregios an der Goethe-Universit\u00e4t wird fortgesetzt Die Goethe-Universit\u00e4t hat einen neuen Sonderforschungsbereich \u2013 und zwar einen ganz besonderen: Unter dem [&hellip;]<\/p>\n","protected":false},"author":5,"featured_media":86513,"comment_status":"closed","ping_status":"closed","sticky":false,"template":"","format":"standard","meta":{"_eb_attr":"","_price":"","_stock":"","_tribe_ticket_header":"","_tribe_default_ticket_provider":"","_ticket_start_date":"","_ticket_end_date":"","_tribe_ticket_show_description":"","_tribe_ticket_show_not_going":false,"_tribe_ticket_use_global_stock":"","_tribe_ticket_global_stock_level":"","_global_stock_mode":"","_global_stock_cap":"","_tribe_rsvp_for_event":"","_tribe_ticket_going_count":"","_tribe_ticket_not_going_count":"","_tribe_tickets_list":"[]","_tribe_ticket_has_attendee_info_fields":false,"footnotes":""},"categories":[3],"tags":[51,57,32,23],"post_folder":[],"class_list":["post-86512","post","type-post","status-publish","format-standard","has-post-thumbnail","hentry","category-forschung","tag-erziehungswissenschaften","tag-geowissenschaften","tag-mathematik","tag-physik"],"yoast_head":"<!-- This site is optimized with the Yoast SEO plugin v27.5 - https:\/\/yoast.com\/product\/yoast-seo-wordpress\/ -->\n<title>Erster Sonderforschungsbereich in den Erziehungswissenschaften | Aktuelles aus der Goethe-Universit\u00e4t Frankfurt<\/title>\n<meta name=\"robots\" content=\"index, follow, max-snippet:-1, max-image-preview:large, max-video-preview:-1\" \/>\n<link rel=\"canonical\" href=\"https:\/\/aktuelles.uni-frankfurt.de\/en\/forschung\/erster-sonderforschungsbereich-in-den-erziehungswissenschaften\/\" \/>\n<meta property=\"og:locale\" content=\"en_GB\" \/>\n<meta property=\"og:type\" content=\"article\" \/>\n<meta property=\"og:title\" content=\"Erster Sonderforschungsbereich in den Erziehungswissenschaften | Aktuelles aus der Goethe-Universit\u00e4t Frankfurt\" \/>\n<meta property=\"og:description\" content=\"DFG bewilligt neuen SFB zur Bildungsgerechtigkeit \/ F\u00f6rderung dreier naturwissenschaftlicher SFB-Transregios an der Goethe-Universit\u00e4t wird fortgesetzt Die Goethe-Universit\u00e4t hat einen neuen Sonderforschungsbereich \u2013 und zwar einen ganz besonderen: Unter dem [&hellip;]\" \/>\n<meta property=\"og:url\" content=\"https:\/\/aktuelles.uni-frankfurt.de\/en\/forschung\/erster-sonderforschungsbereich-in-den-erziehungswissenschaften\/\" \/>\n<meta property=\"og:site_name\" content=\"Aktuelles aus der Goethe-Universit\u00e4t Frankfurt\" \/>\n<meta property=\"article:published_time\" content=\"2025-11-21T12:08:17+00:00\" \/>\n<meta property=\"article:modified_time\" content=\"2025-11-21T13:13:13+00:00\" \/>\n<meta property=\"og:image\" content=\"https:\/\/aktuelles.uni-frankfurt.de\/wp-content\/uploads\/2025\/11\/beitragsbild_SFBs.jpg\" \/>\n\t<meta property=\"og:image:width\" content=\"650\" \/>\n\t<meta property=\"og:image:height\" content=\"450\" \/>\n\t<meta property=\"og:image:type\" content=\"image\/jpeg\" \/>\n<meta name=\"author\" content=\"Dr. Anke Sauter\" \/>\n<meta name=\"twitter:card\" content=\"summary_large_image\" \/>\n<meta name=\"twitter:label1\" content=\"Written by\" \/>\n\t<meta name=\"twitter:data1\" content=\"Dr. Anke Sauter\" \/>\n\t<meta name=\"twitter:label2\" content=\"Estimated reading time\" \/>\n\t<meta name=\"twitter:data2\" content=\"6 minutes\" \/>\n<script type=\"application\/ld+json\" class=\"yoast-schema-graph\">{\"@context\":\"https:\\\/\\\/schema.org\",\"@graph\":[{\"@type\":\"Article\",\"@id\":\"https:\\\/\\\/aktuelles.uni-frankfurt.de\\\/forschung\\\/erster-sonderforschungsbereich-in-den-erziehungswissenschaften\\\/#article\",\"isPartOf\":{\"@id\":\"https:\\\/\\\/aktuelles.uni-frankfurt.de\\\/forschung\\\/erster-sonderforschungsbereich-in-den-erziehungswissenschaften\\\/\"},\"author\":{\"name\":\"Dr. Anke Sauter\",\"@id\":\"https:\\\/\\\/aktuelles.uni-frankfurt.de\\\/#\\\/schema\\\/person\\\/1b9eb6fa6c6aed90031661dd4e37970d\"},\"headline\":\"Erster Sonderforschungsbereich in den Erziehungswissenschaften\",\"datePublished\":\"2025-11-21T12:08:17+00:00\",\"dateModified\":\"2025-11-21T13:13:13+00:00\",\"mainEntityOfPage\":{\"@id\":\"https:\\\/\\\/aktuelles.uni-frankfurt.de\\\/forschung\\\/erster-sonderforschungsbereich-in-den-erziehungswissenschaften\\\/\"},\"wordCount\":1302,\"publisher\":{\"@id\":\"https:\\\/\\\/aktuelles.uni-frankfurt.de\\\/#organization\"},\"image\":{\"@id\":\"https:\\\/\\\/aktuelles.uni-frankfurt.de\\\/forschung\\\/erster-sonderforschungsbereich-in-den-erziehungswissenschaften\\\/#primaryimage\"},\"thumbnailUrl\":\"https:\\\/\\\/aktuelles.uni-frankfurt.de\\\/wp-content\\\/uploads\\\/2025\\\/11\\\/beitragsbild_SFBs.jpg\",\"keywords\":[\"Erziehungswissenschaften\",\"Geowissenschaften\",\"Mathematik\",\"Physik\"],\"articleSection\":[\"Forschung\"],\"inLanguage\":\"en-GB\"},{\"@type\":\"WebPage\",\"@id\":\"https:\\\/\\\/aktuelles.uni-frankfurt.de\\\/forschung\\\/erster-sonderforschungsbereich-in-den-erziehungswissenschaften\\\/\",\"url\":\"https:\\\/\\\/aktuelles.uni-frankfurt.de\\\/forschung\\\/erster-sonderforschungsbereich-in-den-erziehungswissenschaften\\\/\",\"name\":\"Erster Sonderforschungsbereich in den Erziehungswissenschaften | Aktuelles aus der Goethe-Universit\u00e4t Frankfurt\",\"isPartOf\":{\"@id\":\"https:\\\/\\\/aktuelles.uni-frankfurt.de\\\/#website\"},\"primaryImageOfPage\":{\"@id\":\"https:\\\/\\\/aktuelles.uni-frankfurt.de\\\/forschung\\\/erster-sonderforschungsbereich-in-den-erziehungswissenschaften\\\/#primaryimage\"},\"image\":{\"@id\":\"https:\\\/\\\/aktuelles.uni-frankfurt.de\\\/forschung\\\/erster-sonderforschungsbereich-in-den-erziehungswissenschaften\\\/#primaryimage\"},\"thumbnailUrl\":\"https:\\\/\\\/aktuelles.uni-frankfurt.de\\\/wp-content\\\/uploads\\\/2025\\\/11\\\/beitragsbild_SFBs.jpg\",\"datePublished\":\"2025-11-21T12:08:17+00:00\",\"dateModified\":\"2025-11-21T13:13:13+00:00\",\"breadcrumb\":{\"@id\":\"https:\\\/\\\/aktuelles.uni-frankfurt.de\\\/forschung\\\/erster-sonderforschungsbereich-in-den-erziehungswissenschaften\\\/#breadcrumb\"},\"inLanguage\":\"en-GB\",\"potentialAction\":[{\"@type\":\"ReadAction\",\"target\":[\"https:\\\/\\\/aktuelles.uni-frankfurt.de\\\/forschung\\\/erster-sonderforschungsbereich-in-den-erziehungswissenschaften\\\/\"]}]},{\"@type\":\"ImageObject\",\"inLanguage\":\"en-GB\",\"@id\":\"https:\\\/\\\/aktuelles.uni-frankfurt.de\\\/forschung\\\/erster-sonderforschungsbereich-in-den-erziehungswissenschaften\\\/#primaryimage\",\"url\":\"https:\\\/\\\/aktuelles.uni-frankfurt.de\\\/wp-content\\\/uploads\\\/2025\\\/11\\\/beitragsbild_SFBs.jpg\",\"contentUrl\":\"https:\\\/\\\/aktuelles.uni-frankfurt.de\\\/wp-content\\\/uploads\\\/2025\\\/11\\\/beitragsbild_SFBs.jpg\",\"width\":650,\"height\":450,\"caption\":\"Wie kann das Bildungssystem f\u00fcr alle Kinder und Jugendlichen gerecht gestaltet werden? Diese Frage steht im Mittelpunkt des neuen Sonderforschungsbereichs, der in den Erziehungswissenschaften angesiedelt ist.\"},{\"@type\":\"BreadcrumbList\",\"@id\":\"https:\\\/\\\/aktuelles.uni-frankfurt.de\\\/forschung\\\/erster-sonderforschungsbereich-in-den-erziehungswissenschaften\\\/#breadcrumb\",\"itemListElement\":[{\"@type\":\"ListItem\",\"position\":1,\"name\":\"Startseite\",\"item\":\"https:\\\/\\\/aktuelles.uni-frankfurt.de\\\/\"},{\"@type\":\"ListItem\",\"position\":2,\"name\":\"Erster Sonderforschungsbereich in den Erziehungswissenschaften\"}]},{\"@type\":\"WebSite\",\"@id\":\"https:\\\/\\\/aktuelles.uni-frankfurt.de\\\/#website\",\"url\":\"https:\\\/\\\/aktuelles.uni-frankfurt.de\\\/\",\"name\":\"Aktuelles aus der Goethe-Universit\u00e4t Frankfurt\",\"description\":\"Aktuelles aus der Goethe-Universit\u00e4t | Neues aus Forschung, Lehre, Studium\",\"publisher\":{\"@id\":\"https:\\\/\\\/aktuelles.uni-frankfurt.de\\\/#organization\"},\"potentialAction\":[{\"@type\":\"SearchAction\",\"target\":{\"@type\":\"EntryPoint\",\"urlTemplate\":\"https:\\\/\\\/aktuelles.uni-frankfurt.de\\\/?s={search_term_string}\"},\"query-input\":{\"@type\":\"PropertyValueSpecification\",\"valueRequired\":true,\"valueName\":\"search_term_string\"}}],\"inLanguage\":\"en-GB\"},{\"@type\":\"Organization\",\"@id\":\"https:\\\/\\\/aktuelles.uni-frankfurt.de\\\/#organization\",\"name\":\"Goethe-Universit\u00e4t\",\"url\":\"https:\\\/\\\/aktuelles.uni-frankfurt.de\\\/\",\"logo\":{\"@type\":\"ImageObject\",\"inLanguage\":\"en-GB\",\"@id\":\"https:\\\/\\\/aktuelles.uni-frankfurt.de\\\/#\\\/schema\\\/logo\\\/image\\\/\",\"url\":\"https:\\\/\\\/aktuelles.uni-frankfurt.de\\\/wp-content\\\/uploads\\\/2022\\\/03\\\/800px-Goethe-Logo.png\",\"contentUrl\":\"https:\\\/\\\/aktuelles.uni-frankfurt.de\\\/wp-content\\\/uploads\\\/2022\\\/03\\\/800px-Goethe-Logo.png\",\"width\":800,\"height\":436,\"caption\":\"Goethe-Universit\u00e4t\"},\"image\":{\"@id\":\"https:\\\/\\\/aktuelles.uni-frankfurt.de\\\/#\\\/schema\\\/logo\\\/image\\\/\"}},{\"@type\":\"Person\",\"@id\":\"https:\\\/\\\/aktuelles.uni-frankfurt.de\\\/#\\\/schema\\\/person\\\/1b9eb6fa6c6aed90031661dd4e37970d\",\"name\":\"Dr. Anke Sauter\",\"description\":\"Dr. Anke Sauter hat in Bamberg Germanistik, Journalistik und Geografie studiert, mit einer Dissertation \u00fcber den Sprachlehrer und Fremdwortpuristen Eduard Engel wurde sie promoviert. Sie arbeitet als Wissenschaftsredakteurin in der Abteilung Marketing und Kommunikation der Goethe-Universit\u00e4t.\",\"sameAs\":[\"http:\\\/\\\/aktuelles.uni-frankfurt.de\\\/\"],\"url\":\"https:\\\/\\\/aktuelles.uni-frankfurt.de\\\/en\\\/author\\\/dr-ankesauter\\\/\"}]}<\/script>\n<!-- \/ Yoast SEO plugin. -->","yoast_head_json":{"title":"Erster Sonderforschungsbereich in den Erziehungswissenschaften | Aktuelles aus der Goethe-Universit\u00e4t Frankfurt","robots":{"index":"index","follow":"follow","max-snippet":"max-snippet:-1","max-image-preview":"max-image-preview:large","max-video-preview":"max-video-preview:-1"},"canonical":"https:\/\/aktuelles.uni-frankfurt.de\/en\/forschung\/erster-sonderforschungsbereich-in-den-erziehungswissenschaften\/","og_locale":"en_GB","og_type":"article","og_title":"Erster Sonderforschungsbereich in den Erziehungswissenschaften | Aktuelles aus der Goethe-Universit\u00e4t Frankfurt","og_description":"DFG bewilligt neuen SFB zur Bildungsgerechtigkeit \/ F\u00f6rderung dreier naturwissenschaftlicher SFB-Transregios an der Goethe-Universit\u00e4t wird fortgesetzt Die Goethe-Universit\u00e4t hat einen neuen Sonderforschungsbereich \u2013 und zwar einen ganz besonderen: Unter dem [&hellip;]","og_url":"https:\/\/aktuelles.uni-frankfurt.de\/en\/forschung\/erster-sonderforschungsbereich-in-den-erziehungswissenschaften\/","og_site_name":"Aktuelles aus der Goethe-Universit\u00e4t Frankfurt","article_published_time":"2025-11-21T12:08:17+00:00","article_modified_time":"2025-11-21T13:13:13+00:00","og_image":[{"width":650,"height":450,"url":"https:\/\/aktuelles.uni-frankfurt.de\/wp-content\/uploads\/2025\/11\/beitragsbild_SFBs.jpg","type":"image\/jpeg"}],"author":"Dr. Anke Sauter","twitter_card":"summary_large_image","twitter_misc":{"Written by":"Dr. Anke Sauter","Estimated reading time":"6 minutes"},"schema":{"@context":"https:\/\/schema.org","@graph":[{"@type":"Article","@id":"https:\/\/aktuelles.uni-frankfurt.de\/forschung\/erster-sonderforschungsbereich-in-den-erziehungswissenschaften\/#article","isPartOf":{"@id":"https:\/\/aktuelles.uni-frankfurt.de\/forschung\/erster-sonderforschungsbereich-in-den-erziehungswissenschaften\/"},"author":{"name":"Dr. Anke Sauter","@id":"https:\/\/aktuelles.uni-frankfurt.de\/#\/schema\/person\/1b9eb6fa6c6aed90031661dd4e37970d"},"headline":"Erster Sonderforschungsbereich in den Erziehungswissenschaften","datePublished":"2025-11-21T12:08:17+00:00","dateModified":"2025-11-21T13:13:13+00:00","mainEntityOfPage":{"@id":"https:\/\/aktuelles.uni-frankfurt.de\/forschung\/erster-sonderforschungsbereich-in-den-erziehungswissenschaften\/"},"wordCount":1302,"publisher":{"@id":"https:\/\/aktuelles.uni-frankfurt.de\/#organization"},"image":{"@id":"https:\/\/aktuelles.uni-frankfurt.de\/forschung\/erster-sonderforschungsbereich-in-den-erziehungswissenschaften\/#primaryimage"},"thumbnailUrl":"https:\/\/aktuelles.uni-frankfurt.de\/wp-content\/uploads\/2025\/11\/beitragsbild_SFBs.jpg","keywords":["Erziehungswissenschaften","Geowissenschaften","Mathematik","Physik"],"articleSection":["Forschung"],"inLanguage":"en-GB"},{"@type":"WebPage","@id":"https:\/\/aktuelles.uni-frankfurt.de\/forschung\/erster-sonderforschungsbereich-in-den-erziehungswissenschaften\/","url":"https:\/\/aktuelles.uni-frankfurt.de\/forschung\/erster-sonderforschungsbereich-in-den-erziehungswissenschaften\/","name":"Erster Sonderforschungsbereich in den Erziehungswissenschaften | Aktuelles aus der Goethe-Universit\u00e4t Frankfurt","isPartOf":{"@id":"https:\/\/aktuelles.uni-frankfurt.de\/#website"},"primaryImageOfPage":{"@id":"https:\/\/aktuelles.uni-frankfurt.de\/forschung\/erster-sonderforschungsbereich-in-den-erziehungswissenschaften\/#primaryimage"},"image":{"@id":"https:\/\/aktuelles.uni-frankfurt.de\/forschung\/erster-sonderforschungsbereich-in-den-erziehungswissenschaften\/#primaryimage"},"thumbnailUrl":"https:\/\/aktuelles.uni-frankfurt.de\/wp-content\/uploads\/2025\/11\/beitragsbild_SFBs.jpg","datePublished":"2025-11-21T12:08:17+00:00","dateModified":"2025-11-21T13:13:13+00:00","breadcrumb":{"@id":"https:\/\/aktuelles.uni-frankfurt.de\/forschung\/erster-sonderforschungsbereich-in-den-erziehungswissenschaften\/#breadcrumb"},"inLanguage":"en-GB","potentialAction":[{"@type":"ReadAction","target":["https:\/\/aktuelles.uni-frankfurt.de\/forschung\/erster-sonderforschungsbereich-in-den-erziehungswissenschaften\/"]}]},{"@type":"ImageObject","inLanguage":"en-GB","@id":"https:\/\/aktuelles.uni-frankfurt.de\/forschung\/erster-sonderforschungsbereich-in-den-erziehungswissenschaften\/#primaryimage","url":"https:\/\/aktuelles.uni-frankfurt.de\/wp-content\/uploads\/2025\/11\/beitragsbild_SFBs.jpg","contentUrl":"https:\/\/aktuelles.uni-frankfurt.de\/wp-content\/uploads\/2025\/11\/beitragsbild_SFBs.jpg","width":650,"height":450,"caption":"Wie kann das Bildungssystem f\u00fcr alle Kinder und Jugendlichen gerecht gestaltet werden? Diese Frage steht im Mittelpunkt des neuen Sonderforschungsbereichs, der in den Erziehungswissenschaften angesiedelt ist."},{"@type":"BreadcrumbList","@id":"https:\/\/aktuelles.uni-frankfurt.de\/forschung\/erster-sonderforschungsbereich-in-den-erziehungswissenschaften\/#breadcrumb","itemListElement":[{"@type":"ListItem","position":1,"name":"Startseite","item":"https:\/\/aktuelles.uni-frankfurt.de\/"},{"@type":"ListItem","position":2,"name":"Erster Sonderforschungsbereich in den Erziehungswissenschaften"}]},{"@type":"WebSite","@id":"https:\/\/aktuelles.uni-frankfurt.de\/#website","url":"https:\/\/aktuelles.uni-frankfurt.de\/","name":"Aktuelles aus der Goethe-Universit\u00e4t Frankfurt","description":"Aktuelles aus der Goethe-Universit\u00e4t | Neues aus Forschung, Lehre, Studium","publisher":{"@id":"https:\/\/aktuelles.uni-frankfurt.de\/#organization"},"potentialAction":[{"@type":"SearchAction","target":{"@type":"EntryPoint","urlTemplate":"https:\/\/aktuelles.uni-frankfurt.de\/?s={search_term_string}"},"query-input":{"@type":"PropertyValueSpecification","valueRequired":true,"valueName":"search_term_string"}}],"inLanguage":"en-GB"},{"@type":"Organization","@id":"https:\/\/aktuelles.uni-frankfurt.de\/#organization","name":"Goethe University Frankfurt","url":"https:\/\/aktuelles.uni-frankfurt.de\/","logo":{"@type":"ImageObject","inLanguage":"en-GB","@id":"https:\/\/aktuelles.uni-frankfurt.de\/#\/schema\/logo\/image\/","url":"https:\/\/aktuelles.uni-frankfurt.de\/wp-content\/uploads\/2022\/03\/800px-Goethe-Logo.png","contentUrl":"https:\/\/aktuelles.uni-frankfurt.de\/wp-content\/uploads\/2022\/03\/800px-Goethe-Logo.png","width":800,"height":436,"caption":"Goethe-Universit\u00e4t"},"image":{"@id":"https:\/\/aktuelles.uni-frankfurt.de\/#\/schema\/logo\/image\/"}},{"@type":"Person","@id":"https:\/\/aktuelles.uni-frankfurt.de\/#\/schema\/person\/1b9eb6fa6c6aed90031661dd4e37970d","name":"Dr. Anke Sauter","description":"Dr. Anke Sauter hat in Bamberg Germanistik, Journalistik und Geografie studiert, mit einer Dissertation \u00fcber den Sprachlehrer und Fremdwortpuristen Eduard Engel wurde sie promoviert. Sie arbeitet als Wissenschaftsredakteurin in der Abteilung Marketing und Kommunikation der Goethe-Universit\u00e4t.","sameAs":["http:\/\/aktuelles.uni-frankfurt.de\/"],"url":"https:\/\/aktuelles.uni-frankfurt.de\/en\/author\/dr-ankesauter\/"}]}},"_links":{"self":[{"href":"https:\/\/aktuelles.uni-frankfurt.de\/en\/wp-json\/wp\/v2\/posts\/86512","targetHints":{"allow":["GET"]}}],"collection":[{"href":"https:\/\/aktuelles.uni-frankfurt.de\/en\/wp-json\/wp\/v2\/posts"}],"about":[{"href":"https:\/\/aktuelles.uni-frankfurt.de\/en\/wp-json\/wp\/v2\/types\/post"}],"author":[{"embeddable":true,"href":"https:\/\/aktuelles.uni-frankfurt.de\/en\/wp-json\/wp\/v2\/users\/5"}],"replies":[{"embeddable":true,"href":"https:\/\/aktuelles.uni-frankfurt.de\/en\/wp-json\/wp\/v2\/comments?post=86512"}],"version-history":[{"count":0,"href":"https:\/\/aktuelles.uni-frankfurt.de\/en\/wp-json\/wp\/v2\/posts\/86512\/revisions"}],"wp:featuredmedia":[{"embeddable":true,"href":"https:\/\/aktuelles.uni-frankfurt.de\/en\/wp-json\/wp\/v2\/media\/86513"}],"wp:attachment":[{"href":"https:\/\/aktuelles.uni-frankfurt.de\/en\/wp-json\/wp\/v2\/media?parent=86512"}],"wp:term":[{"taxonomy":"category","embeddable":true,"href":"https:\/\/aktuelles.uni-frankfurt.de\/en\/wp-json\/wp\/v2\/categories?post=86512"},{"taxonomy":"post_tag","embeddable":true,"href":"https:\/\/aktuelles.uni-frankfurt.de\/en\/wp-json\/wp\/v2\/tags?post=86512"},{"taxonomy":"post_folder","embeddable":true,"href":"https:\/\/aktuelles.uni-frankfurt.de\/en\/wp-json\/wp\/v2\/post_folder?post=86512"}],"curies":[{"name":"wp","href":"https:\/\/api.w.org\/{rel}","templated":true}]}}