{"id":86561,"date":"2025-11-27T15:34:37","date_gmt":"2025-11-27T14:34:37","guid":{"rendered":"https:\/\/aktuelles.uni-frankfurt.de\/?p=86561"},"modified":"2025-11-27T15:34:38","modified_gmt":"2025-11-27T14:34:38","slug":"schneller-zum-riedberg","status":"publish","type":"post","link":"https:\/\/aktuelles.uni-frankfurt.de\/en\/campus\/schneller-zum-riedberg\/","title":{"rendered":"Schneller zum Riedberg"},"content":{"rendered":"<figure class=\"wp-block-image alignright size-full is-resized\"><img fetchpriority=\"high\" decoding=\"async\" width=\"650\" height=\"450\" src=\"https:\/\/aktuelles.uni-frankfurt.de\/wp-content\/uploads\/2025\/11\/campus-riedberg-2025-c-marc-jacquemin.jpg\" alt=\"Student*innen laufen vor dem Otto-Stern-Zentrum auf dem Campus Riedberg \u00a9 Marc Jacquemin\" class=\"wp-image-86562\" style=\"width:362px\" srcset=\"https:\/\/aktuelles.uni-frankfurt.de\/wp-content\/uploads\/2025\/11\/campus-riedberg-2025-c-marc-jacquemin.jpg 650w, https:\/\/aktuelles.uni-frankfurt.de\/wp-content\/uploads\/2025\/11\/campus-riedberg-2025-c-marc-jacquemin-300x208.jpg 300w, https:\/\/aktuelles.uni-frankfurt.de\/wp-content\/uploads\/2025\/11\/campus-riedberg-2025-c-marc-jacquemin-500x346.jpg 500w, https:\/\/aktuelles.uni-frankfurt.de\/wp-content\/uploads\/2025\/11\/campus-riedberg-2025-c-marc-jacquemin-18x12.jpg 18w\" sizes=\"(max-width: 650px) 100vw, 650px\" \/><figcaption class=\"wp-element-caption\">\u00a9 Marc Jacquemin<\/figcaption><\/figure>\n\n\n\n<p>Der Campus Westend und der Campus Riedberg der Goethe-Universit\u00e4t r\u00fccken ein wenig n\u00e4her zusammen. Laut <a href=\"https:\/\/www.vgf-ffm.de\/de\/aktuelles\/news\/einzelansicht\/fahrplan-2026\" target=\"_blank\" rel=\"noreferrer noopener\">traffiq, der Verkehrsgesellschaft der Stadt Frankfurt<\/a>, wird das Angebot auf der U-Bahn-Linie U8 in der Hauptverkehrszeit ab dem Fahrplanwechsel im Dezember 2025 ausgeweitet auf bis zu acht Direktverbindungen pro Stunde. Weil zudem durch neue Taktungen das Umsteigen von der U3 zur U9 in Niederursel Richtung von acht auf drei Minuten schneller werde, kommen vier weitere Verbindungen mit kurzer Umsteigezeit auch au\u00dferhalb der Hauptverkehrszeit zustande. Und vom Hauptbahnhof zum Riedberg geht es schneller dank k\u00fcrzerer Umsteigezeiten von S6 zur U9 in Ginnheim\/Niddapark.<\/p>\n\n\n\n<p>Uni-Pr\u00e4sident Enrico Schleiff hatte sich bei der Stadt f\u00fcr eine bessere Verbindung eingesetzt und dankt Mobilit\u00e4tsdezernent Wolfgang Siefert f\u00fcr die guten Nachrichten.<\/p>","protected":false},"excerpt":{"rendered":"<p>Der Campus Westend und der Campus Riedberg der Goethe-Universit\u00e4t r\u00fccken ein wenig n\u00e4her zusammen. Laut traffiq, der Verkehrsgesellschaft der Stadt Frankfurt, wird das Angebot auf der U-Bahn-Linie U8 in der [&hellip;]<\/p>\n","protected":false},"author":28,"featured_media":86562,"comment_status":"closed","ping_status":"closed","sticky":false,"template":"","format":"standard","meta":{"_eb_attr":"","_price":"","_stock":"","_tribe_ticket_header":"","_tribe_default_ticket_provider":"","_ticket_start_date":"","_ticket_end_date":"","_tribe_ticket_show_description":"","_tribe_ticket_show_not_going":false,"_tribe_ticket_use_global_stock":"","_tribe_ticket_global_stock_level":"","_global_stock_mode":"","_global_stock_cap":"","_tribe_rsvp_for_event":"","_tribe_ticket_going_count":"","_tribe_ticket_not_going_count":"","_tribe_tickets_list":"[]","_tribe_ticket_has_attendee_info_fields":false,"footnotes":""},"categories":[5],"tags":[18,17],"post_folder":[],"class_list":["post-86561","post","type-post","status-publish","format-standard","has-post-thumbnail","hentry","category-campus","tag-campus-riedberg","tag-campus-westend"],"yoast_head":"<!-- This site is optimized with the Yoast SEO plugin v27.5 - https:\/\/yoast.com\/product\/yoast-seo-wordpress\/ -->\n<title>Schneller zum Riedberg | Aktuelles aus der Goethe-Universit\u00e4t Frankfurt<\/title>\n<meta name=\"robots\" content=\"index, follow, max-snippet:-1, max-image-preview:large, max-video-preview:-1\" \/>\n<link rel=\"canonical\" href=\"https:\/\/aktuelles.uni-frankfurt.de\/en\/campus\/schneller-zum-riedberg\/\" \/>\n<meta property=\"og:locale\" content=\"en_GB\" \/>\n<meta property=\"og:type\" content=\"article\" \/>\n<meta property=\"og:title\" content=\"Schneller zum Riedberg | Aktuelles aus der Goethe-Universit\u00e4t Frankfurt\" \/>\n<meta property=\"og:description\" content=\"Der Campus Westend und der Campus Riedberg der Goethe-Universit\u00e4t r\u00fccken ein wenig n\u00e4her zusammen. Laut traffiq, der Verkehrsgesellschaft der Stadt Frankfurt, wird das Angebot auf der U-Bahn-Linie U8 in der [&hellip;]\" \/>\n<meta property=\"og:url\" content=\"https:\/\/aktuelles.uni-frankfurt.de\/en\/campus\/schneller-zum-riedberg\/\" \/>\n<meta property=\"og:site_name\" content=\"Aktuelles aus der Goethe-Universit\u00e4t Frankfurt\" \/>\n<meta property=\"article:published_time\" content=\"2025-11-27T14:34:37+00:00\" \/>\n<meta property=\"article:modified_time\" content=\"2025-11-27T14:34:38+00:00\" \/>\n<meta property=\"og:image\" content=\"https:\/\/aktuelles.uni-frankfurt.de\/wp-content\/uploads\/2025\/11\/campus-riedberg-2025-c-marc-jacquemin.jpg\" \/>\n\t<meta property=\"og:image:width\" content=\"650\" \/>\n\t<meta property=\"og:image:height\" content=\"450\" \/>\n\t<meta property=\"og:image:type\" content=\"image\/jpeg\" \/>\n<meta name=\"author\" content=\"Volker Schmidt\" \/>\n<meta name=\"twitter:card\" content=\"summary_large_image\" \/>\n<meta name=\"twitter:label1\" content=\"Written by\" \/>\n\t<meta name=\"twitter:data1\" content=\"Volker Schmidt\" \/>\n\t<meta name=\"twitter:label2\" content=\"Estimated reading time\" \/>\n\t<meta name=\"twitter:data2\" content=\"1 minute\" \/>\n<script type=\"application\/ld+json\" class=\"yoast-schema-graph\">{\"@context\":\"https:\\\/\\\/schema.org\",\"@graph\":[{\"@type\":\"Article\",\"@id\":\"https:\\\/\\\/aktuelles.uni-frankfurt.de\\\/campus\\\/schneller-zum-riedberg\\\/#article\",\"isPartOf\":{\"@id\":\"https:\\\/\\\/aktuelles.uni-frankfurt.de\\\/campus\\\/schneller-zum-riedberg\\\/\"},\"author\":{\"name\":\"Volker Schmidt\",\"@id\":\"https:\\\/\\\/aktuelles.uni-frankfurt.de\\\/#\\\/schema\\\/person\\\/cc0e8a1da7f7b57d251ce739c99970b4\"},\"headline\":\"Schneller zum Riedberg\",\"datePublished\":\"2025-11-27T14:34:37+00:00\",\"dateModified\":\"2025-11-27T14:34:38+00:00\",\"mainEntityOfPage\":{\"@id\":\"https:\\\/\\\/aktuelles.uni-frankfurt.de\\\/campus\\\/schneller-zum-riedberg\\\/\"},\"wordCount\":132,\"publisher\":{\"@id\":\"https:\\\/\\\/aktuelles.uni-frankfurt.de\\\/#organization\"},\"image\":{\"@id\":\"https:\\\/\\\/aktuelles.uni-frankfurt.de\\\/campus\\\/schneller-zum-riedberg\\\/#primaryimage\"},\"thumbnailUrl\":\"https:\\\/\\\/aktuelles.uni-frankfurt.de\\\/wp-content\\\/uploads\\\/2025\\\/11\\\/campus-riedberg-2025-c-marc-jacquemin.jpg\",\"keywords\":[\"Campus Riedberg\",\"Campus Westend\"],\"articleSection\":[\"Campus\"],\"inLanguage\":\"en-GB\"},{\"@type\":\"WebPage\",\"@id\":\"https:\\\/\\\/aktuelles.uni-frankfurt.de\\\/campus\\\/schneller-zum-riedberg\\\/\",\"url\":\"https:\\\/\\\/aktuelles.uni-frankfurt.de\\\/campus\\\/schneller-zum-riedberg\\\/\",\"name\":\"Schneller zum Riedberg | Aktuelles aus der Goethe-Universit\u00e4t Frankfurt\",\"isPartOf\":{\"@id\":\"https:\\\/\\\/aktuelles.uni-frankfurt.de\\\/#website\"},\"primaryImageOfPage\":{\"@id\":\"https:\\\/\\\/aktuelles.uni-frankfurt.de\\\/campus\\\/schneller-zum-riedberg\\\/#primaryimage\"},\"image\":{\"@id\":\"https:\\\/\\\/aktuelles.uni-frankfurt.de\\\/campus\\\/schneller-zum-riedberg\\\/#primaryimage\"},\"thumbnailUrl\":\"https:\\\/\\\/aktuelles.uni-frankfurt.de\\\/wp-content\\\/uploads\\\/2025\\\/11\\\/campus-riedberg-2025-c-marc-jacquemin.jpg\",\"datePublished\":\"2025-11-27T14:34:37+00:00\",\"dateModified\":\"2025-11-27T14:34:38+00:00\",\"breadcrumb\":{\"@id\":\"https:\\\/\\\/aktuelles.uni-frankfurt.de\\\/campus\\\/schneller-zum-riedberg\\\/#breadcrumb\"},\"inLanguage\":\"en-GB\",\"potentialAction\":[{\"@type\":\"ReadAction\",\"target\":[\"https:\\\/\\\/aktuelles.uni-frankfurt.de\\\/campus\\\/schneller-zum-riedberg\\\/\"]}]},{\"@type\":\"ImageObject\",\"inLanguage\":\"en-GB\",\"@id\":\"https:\\\/\\\/aktuelles.uni-frankfurt.de\\\/campus\\\/schneller-zum-riedberg\\\/#primaryimage\",\"url\":\"https:\\\/\\\/aktuelles.uni-frankfurt.de\\\/wp-content\\\/uploads\\\/2025\\\/11\\\/campus-riedberg-2025-c-marc-jacquemin.jpg\",\"contentUrl\":\"https:\\\/\\\/aktuelles.uni-frankfurt.de\\\/wp-content\\\/uploads\\\/2025\\\/11\\\/campus-riedberg-2025-c-marc-jacquemin.jpg\",\"width\":650,\"height\":450,\"caption\":\"\u00a9 Marc Jacquemin\"},{\"@type\":\"BreadcrumbList\",\"@id\":\"https:\\\/\\\/aktuelles.uni-frankfurt.de\\\/campus\\\/schneller-zum-riedberg\\\/#breadcrumb\",\"itemListElement\":[{\"@type\":\"ListItem\",\"position\":1,\"name\":\"Startseite\",\"item\":\"https:\\\/\\\/aktuelles.uni-frankfurt.de\\\/\"},{\"@type\":\"ListItem\",\"position\":2,\"name\":\"Schneller zum Riedberg\"}]},{\"@type\":\"WebSite\",\"@id\":\"https:\\\/\\\/aktuelles.uni-frankfurt.de\\\/#website\",\"url\":\"https:\\\/\\\/aktuelles.uni-frankfurt.de\\\/\",\"name\":\"Aktuelles aus der Goethe-Universit\u00e4t Frankfurt\",\"description\":\"Aktuelles aus der Goethe-Universit\u00e4t | Neues aus Forschung, Lehre, Studium\",\"publisher\":{\"@id\":\"https:\\\/\\\/aktuelles.uni-frankfurt.de\\\/#organization\"},\"potentialAction\":[{\"@type\":\"SearchAction\",\"target\":{\"@type\":\"EntryPoint\",\"urlTemplate\":\"https:\\\/\\\/aktuelles.uni-frankfurt.de\\\/?s={search_term_string}\"},\"query-input\":{\"@type\":\"PropertyValueSpecification\",\"valueRequired\":true,\"valueName\":\"search_term_string\"}}],\"inLanguage\":\"en-GB\"},{\"@type\":\"Organization\",\"@id\":\"https:\\\/\\\/aktuelles.uni-frankfurt.de\\\/#organization\",\"name\":\"Goethe-Universit\u00e4t\",\"url\":\"https:\\\/\\\/aktuelles.uni-frankfurt.de\\\/\",\"logo\":{\"@type\":\"ImageObject\",\"inLanguage\":\"en-GB\",\"@id\":\"https:\\\/\\\/aktuelles.uni-frankfurt.de\\\/#\\\/schema\\\/logo\\\/image\\\/\",\"url\":\"https:\\\/\\\/aktuelles.uni-frankfurt.de\\\/wp-content\\\/uploads\\\/2022\\\/03\\\/800px-Goethe-Logo.png\",\"contentUrl\":\"https:\\\/\\\/aktuelles.uni-frankfurt.de\\\/wp-content\\\/uploads\\\/2022\\\/03\\\/800px-Goethe-Logo.png\",\"width\":800,\"height\":436,\"caption\":\"Goethe-Universit\u00e4t\"},\"image\":{\"@id\":\"https:\\\/\\\/aktuelles.uni-frankfurt.de\\\/#\\\/schema\\\/logo\\\/image\\\/\"}},{\"@type\":\"Person\",\"@id\":\"https:\\\/\\\/aktuelles.uni-frankfurt.de\\\/#\\\/schema\\\/person\\\/cc0e8a1da7f7b57d251ce739c99970b4\",\"name\":\"Volker Schmidt\",\"url\":\"https:\\\/\\\/aktuelles.uni-frankfurt.de\\\/en\\\/author\\\/volkerschmidt\\\/\"}]}<\/script>\n<!-- \/ Yoast SEO plugin. -->","yoast_head_json":{"title":"Schneller zum Riedberg | Aktuelles aus der Goethe-Universit\u00e4t Frankfurt","robots":{"index":"index","follow":"follow","max-snippet":"max-snippet:-1","max-image-preview":"max-image-preview:large","max-video-preview":"max-video-preview:-1"},"canonical":"https:\/\/aktuelles.uni-frankfurt.de\/en\/campus\/schneller-zum-riedberg\/","og_locale":"en_GB","og_type":"article","og_title":"Schneller zum Riedberg | Aktuelles aus der Goethe-Universit\u00e4t Frankfurt","og_description":"Der Campus Westend und der Campus Riedberg der Goethe-Universit\u00e4t r\u00fccken ein wenig n\u00e4her zusammen. Laut traffiq, der Verkehrsgesellschaft der Stadt Frankfurt, wird das Angebot auf der U-Bahn-Linie U8 in der [&hellip;]","og_url":"https:\/\/aktuelles.uni-frankfurt.de\/en\/campus\/schneller-zum-riedberg\/","og_site_name":"Aktuelles aus der Goethe-Universit\u00e4t Frankfurt","article_published_time":"2025-11-27T14:34:37+00:00","article_modified_time":"2025-11-27T14:34:38+00:00","og_image":[{"width":650,"height":450,"url":"https:\/\/aktuelles.uni-frankfurt.de\/wp-content\/uploads\/2025\/11\/campus-riedberg-2025-c-marc-jacquemin.jpg","type":"image\/jpeg"}],"author":"Volker Schmidt","twitter_card":"summary_large_image","twitter_misc":{"Written by":"Volker Schmidt","Estimated reading time":"1 minute"},"schema":{"@context":"https:\/\/schema.org","@graph":[{"@type":"Article","@id":"https:\/\/aktuelles.uni-frankfurt.de\/campus\/schneller-zum-riedberg\/#article","isPartOf":{"@id":"https:\/\/aktuelles.uni-frankfurt.de\/campus\/schneller-zum-riedberg\/"},"author":{"name":"Volker Schmidt","@id":"https:\/\/aktuelles.uni-frankfurt.de\/#\/schema\/person\/cc0e8a1da7f7b57d251ce739c99970b4"},"headline":"Schneller zum Riedberg","datePublished":"2025-11-27T14:34:37+00:00","dateModified":"2025-11-27T14:34:38+00:00","mainEntityOfPage":{"@id":"https:\/\/aktuelles.uni-frankfurt.de\/campus\/schneller-zum-riedberg\/"},"wordCount":132,"publisher":{"@id":"https:\/\/aktuelles.uni-frankfurt.de\/#organization"},"image":{"@id":"https:\/\/aktuelles.uni-frankfurt.de\/campus\/schneller-zum-riedberg\/#primaryimage"},"thumbnailUrl":"https:\/\/aktuelles.uni-frankfurt.de\/wp-content\/uploads\/2025\/11\/campus-riedberg-2025-c-marc-jacquemin.jpg","keywords":["Campus Riedberg","Campus Westend"],"articleSection":["Campus"],"inLanguage":"en-GB"},{"@type":"WebPage","@id":"https:\/\/aktuelles.uni-frankfurt.de\/campus\/schneller-zum-riedberg\/","url":"https:\/\/aktuelles.uni-frankfurt.de\/campus\/schneller-zum-riedberg\/","name":"Schneller zum Riedberg | Aktuelles aus der Goethe-Universit\u00e4t Frankfurt","isPartOf":{"@id":"https:\/\/aktuelles.uni-frankfurt.de\/#website"},"primaryImageOfPage":{"@id":"https:\/\/aktuelles.uni-frankfurt.de\/campus\/schneller-zum-riedberg\/#primaryimage"},"image":{"@id":"https:\/\/aktuelles.uni-frankfurt.de\/campus\/schneller-zum-riedberg\/#primaryimage"},"thumbnailUrl":"https:\/\/aktuelles.uni-frankfurt.de\/wp-content\/uploads\/2025\/11\/campus-riedberg-2025-c-marc-jacquemin.jpg","datePublished":"2025-11-27T14:34:37+00:00","dateModified":"2025-11-27T14:34:38+00:00","breadcrumb":{"@id":"https:\/\/aktuelles.uni-frankfurt.de\/campus\/schneller-zum-riedberg\/#breadcrumb"},"inLanguage":"en-GB","potentialAction":[{"@type":"ReadAction","target":["https:\/\/aktuelles.uni-frankfurt.de\/campus\/schneller-zum-riedberg\/"]}]},{"@type":"ImageObject","inLanguage":"en-GB","@id":"https:\/\/aktuelles.uni-frankfurt.de\/campus\/schneller-zum-riedberg\/#primaryimage","url":"https:\/\/aktuelles.uni-frankfurt.de\/wp-content\/uploads\/2025\/11\/campus-riedberg-2025-c-marc-jacquemin.jpg","contentUrl":"https:\/\/aktuelles.uni-frankfurt.de\/wp-content\/uploads\/2025\/11\/campus-riedberg-2025-c-marc-jacquemin.jpg","width":650,"height":450,"caption":"\u00a9 Marc Jacquemin"},{"@type":"BreadcrumbList","@id":"https:\/\/aktuelles.uni-frankfurt.de\/campus\/schneller-zum-riedberg\/#breadcrumb","itemListElement":[{"@type":"ListItem","position":1,"name":"Startseite","item":"https:\/\/aktuelles.uni-frankfurt.de\/"},{"@type":"ListItem","position":2,"name":"Schneller zum Riedberg"}]},{"@type":"WebSite","@id":"https:\/\/aktuelles.uni-frankfurt.de\/#website","url":"https:\/\/aktuelles.uni-frankfurt.de\/","name":"Aktuelles aus der Goethe-Universit\u00e4t Frankfurt","description":"Aktuelles aus der Goethe-Universit\u00e4t | Neues aus Forschung, Lehre, Studium","publisher":{"@id":"https:\/\/aktuelles.uni-frankfurt.de\/#organization"},"potentialAction":[{"@type":"SearchAction","target":{"@type":"EntryPoint","urlTemplate":"https:\/\/aktuelles.uni-frankfurt.de\/?s={search_term_string}"},"query-input":{"@type":"PropertyValueSpecification","valueRequired":true,"valueName":"search_term_string"}}],"inLanguage":"en-GB"},{"@type":"Organization","@id":"https:\/\/aktuelles.uni-frankfurt.de\/#organization","name":"Goethe University Frankfurt","url":"https:\/\/aktuelles.uni-frankfurt.de\/","logo":{"@type":"ImageObject","inLanguage":"en-GB","@id":"https:\/\/aktuelles.uni-frankfurt.de\/#\/schema\/logo\/image\/","url":"https:\/\/aktuelles.uni-frankfurt.de\/wp-content\/uploads\/2022\/03\/800px-Goethe-Logo.png","contentUrl":"https:\/\/aktuelles.uni-frankfurt.de\/wp-content\/uploads\/2022\/03\/800px-Goethe-Logo.png","width":800,"height":436,"caption":"Goethe-Universit\u00e4t"},"image":{"@id":"https:\/\/aktuelles.uni-frankfurt.de\/#\/schema\/logo\/image\/"}},{"@type":"Person","@id":"https:\/\/aktuelles.uni-frankfurt.de\/#\/schema\/person\/cc0e8a1da7f7b57d251ce739c99970b4","name":"Volker Schmidt","url":"https:\/\/aktuelles.uni-frankfurt.de\/en\/author\/volkerschmidt\/"}]}},"_links":{"self":[{"href":"https:\/\/aktuelles.uni-frankfurt.de\/en\/wp-json\/wp\/v2\/posts\/86561","targetHints":{"allow":["GET"]}}],"collection":[{"href":"https:\/\/aktuelles.uni-frankfurt.de\/en\/wp-json\/wp\/v2\/posts"}],"about":[{"href":"https:\/\/aktuelles.uni-frankfurt.de\/en\/wp-json\/wp\/v2\/types\/post"}],"author":[{"embeddable":true,"href":"https:\/\/aktuelles.uni-frankfurt.de\/en\/wp-json\/wp\/v2\/users\/28"}],"replies":[{"embeddable":true,"href":"https:\/\/aktuelles.uni-frankfurt.de\/en\/wp-json\/wp\/v2\/comments?post=86561"}],"version-history":[{"count":0,"href":"https:\/\/aktuelles.uni-frankfurt.de\/en\/wp-json\/wp\/v2\/posts\/86561\/revisions"}],"wp:featuredmedia":[{"embeddable":true,"href":"https:\/\/aktuelles.uni-frankfurt.de\/en\/wp-json\/wp\/v2\/media\/86562"}],"wp:attachment":[{"href":"https:\/\/aktuelles.uni-frankfurt.de\/en\/wp-json\/wp\/v2\/media?parent=86561"}],"wp:term":[{"taxonomy":"category","embeddable":true,"href":"https:\/\/aktuelles.uni-frankfurt.de\/en\/wp-json\/wp\/v2\/categories?post=86561"},{"taxonomy":"post_tag","embeddable":true,"href":"https:\/\/aktuelles.uni-frankfurt.de\/en\/wp-json\/wp\/v2\/tags?post=86561"},{"taxonomy":"post_folder","embeddable":true,"href":"https:\/\/aktuelles.uni-frankfurt.de\/en\/wp-json\/wp\/v2\/post_folder?post=86561"}],"curies":[{"name":"wp","href":"https:\/\/api.w.org\/{rel}","templated":true}]}}